{"id":6134,"date":"2020-07-03T12:16:19","date_gmt":"2020-07-03T15:16:19","guid":{"rendered":"https:\/\/jornalfatosenoticias.com.br\/?p=6134"},"modified":"2020-07-03T12:16:24","modified_gmt":"2020-07-03T15:16:24","slug":"tv-brasil-animada-apresenta-22-atracoes-e-novas-estreias-em-julho","status":"publish","type":"post","link":"https:\/\/jornalfatosenoticias.com.br\/index.php\/2020\/07\/03\/tv-brasil-animada-apresenta-22-atracoes-e-novas-estreias-em-julho\/","title":{"rendered":"TV Brasil Animada apresenta 22 atra\u00e7\u00f5es e novas estreias em julho"},"content":{"rendered":"\n<h6 class=\"wp-block-heading\"><em>Anima\u00e7\u00f5es ocupam 60% da TV Brasil Animada<\/em><\/h6>\n\n\n\n<p>A partir deste m\u00eas de julho, a TV Brasil Animada \u2014 faixa de programa\u00e7\u00e3o infantojuvenil da TV Brasil \u2014 exibe estreias e passa a contar com ainda mais diversidade de anima\u00e7\u00f5es na telinha. No total, s\u00e3o 22 atra\u00e7\u00f5es com os personagens favoritos da crian\u00e7ada. Os t\u00edtulos possuem em comum a valoriza\u00e7\u00e3o da diversidade, da inclus\u00e3o e da cidadania, eixos diretamente ligados \u00e0 estrat\u00e9gia da emissora p\u00fablica.<br>Atualmente, as anima\u00e7\u00f5es ocupam 60% da TV Brasil Animada, que preenche mais de dez horas di\u00e1rias de conte\u00fado na grade de programa\u00e7\u00e3o da TV Brasil. Al\u00e9m do pr\u00f3prio canal da emissora, o conte\u00fado tamb\u00e9m \u00e9 disponibilizado na TV aberta por meio da Rede Nacional de Comunica\u00e7\u00e3o P\u00fablica (RNCP) e do aplicativo EBC Play. A programa\u00e7\u00e3o pode ser assistida de segunda a sexta-feira, a partir de 7h45, e aos s\u00e1bados, das 10h \u00e0s 14h.<br>A grande estreia do m\u00eas fica por conta da anima\u00e7\u00e3o Zou. Inspirada em uma s\u00e9rie francesa de livros infantis, a obra tem como personagem principal a zebrinha Zou, que vive aventuras com as quais toda crian\u00e7a se identifica. O personagem carrega fortes valores morais e, ao se preocupar com o bem-estar da fam\u00edlia e dos amigos, proporciona aprendizados \u00e0s crian\u00e7as por meio do exerc\u00edcio da empatia e da comunica\u00e7\u00e3o.<\/p>\n\n\n\n<h4 class=\"wp-block-heading\">Qualidade, diversidade e cidadania<\/h4>\n\n\n\n<p>A TV Brasil Animada difunde conte\u00fados educativos e que fortalecem valores morais. Os t\u00edtulos proporcionam conhecimento e agregam valor \u00e0 programa\u00e7\u00e3o educativa produzida para os jovens cidad\u00e3os. Na escolha de suas atra\u00e7\u00f5es, a emissora, al\u00e9m da inclus\u00e3o e da cidadania, tamb\u00e9m privilegia a diversidade de t\u00e9cnicas e procedimentos utilizados.<br>Para defini\u00e7\u00e3o dos produtos exibidos, a TV Brasil reflete sobre as nuances relacionadas \u00e0s produ\u00e7\u00f5es audiovisuais, o que engloba a cont\u00ednua busca por disponibilizar conte\u00fados com distintas t\u00e9cnicas de anima\u00e7\u00e3o provenientes de diferentes regi\u00f5es do Brasil e de produtores estrangeiros. Atualmente, mais de 70% das anima\u00e7\u00f5es exibidas na TV Brasil Animada s\u00e3o produ\u00e7\u00f5es brasileiras. As demais obras s\u00e3o estrangeiras, provenientes de variados continentes.<br>A for\u00e7a e criatividade do mercado brasileiro se destacam. As produ\u00e7\u00f5es utilizam desde t\u00e9cnicas que exploram computa\u00e7\u00e3o gr\u00e1fica e uso de algoritmos para constru\u00e7\u00e3o de espa\u00e7os virtuais e personagens com entregas em 2D ou 3D, \u00e0s narrativas com est\u00e9tica artesanal que privilegiam aspectos e detalhes para se aproximar do p\u00fablico, compondo uma obra mais art\u00edstica e de representatividade cultural.<br>De acordo com o gerente de Parcerias da TV Brasil, Jos\u00e9 Cardozo, &#8220;adequa\u00e7\u00e3o tem\u00e1tica e narrativa, pot\u00eancia est\u00e9tica, capacidade de atratividade e modelo de neg\u00f3cio&#8221; s\u00e3o alguns dos crit\u00e9rios observados nos estudos conduzidos pela \u00e1rea para avaliar se as anima\u00e7\u00f5es est\u00e3o alinhadas aos objetivos editoriais do canal p\u00fablico.<br>Igualmente fundamental para avalia\u00e7\u00e3o dos projetos \u00e9 o que a \u00e1rea chama de &#8220;proposta cidad\u00e3&#8221;, ou seja, quais benef\u00edcios a exibi\u00e7\u00e3o das s\u00e9ries de anima\u00e7\u00e3o possibilitar\u00e1 para as quatro \u00e1reas-chaves do desenvolvimento infantil-cognitivo, social, emocional e f\u00edsico.<br>A TV Brasil possui a maior faixa infantil da TV aberta brasileira. Totalmente livre de publicidade, a TV Brasil Animada oferece s\u00e9ries infantis educativas, divertidas e com foco na diversidade brasileira para uma das sociedades mais miscigenadas do mundo. &#8220;N\u00f3s acreditamos que ser uma TV p\u00fablica significa ser inclusiva e respons\u00e1vel na representa\u00e7\u00e3o de todas as crian\u00e7as brasileiras&#8221;, afirma Cardozo.<\/p>\n\n\n\n<h4 class=\"wp-block-heading\">Modelo de neg\u00f3cio diversificado<\/h4>\n\n\n\n<p>O estabelecimento de parcerias por parte da TV Brasil com diferentes institui\u00e7\u00f5es propicia a movimenta\u00e7\u00e3o da ind\u00fastria brasileira de anima\u00e7\u00e3o, bem como tamb\u00e9m estimula a produ\u00e7\u00e3o independente e a representatividade das diferentes regi\u00f5es do Pa\u00eds.<br>Enquanto modelo de neg\u00f3cio, \u00e9 poss\u00edvel avaliar diferentes formatos a depender da perspectiva do parceiro em rela\u00e7\u00e3o ao projeto e potencial de difus\u00e3o; desde coprodu\u00e7\u00f5es, pr\u00e9-licenciamentos, aquisi\u00e7\u00f5es e interc\u00e2mbios \u00e0 atua\u00e7\u00e3o para obten\u00e7\u00e3o de recursos por meio de editais do Programa de Apoio ao Desenvolvimento do Audiovisual Brasileiro (Prodav).<\/p>\n\n\n\n<h4 class=\"wp-block-heading\">Servi\u00e7o<\/h4>\n\n\n\n<p><strong>Atra\u00e7\u00f5es a partir de julho na TV Brasil Animada:<\/strong> segunda a Sexta, a partir de 07h45, e aos s\u00e1bados, de 10h \u00e0s 14h.<\/p>\n\n\n\n<p>Sintonize a TV Brasil <a href=\"https:\/\/tvbrasil.ebc.com.br\/comosintonizar\" target=\"_blank\" rel=\"noreferrer noopener\">aqui<\/a>.<\/p>\n\n\n\n<h4 class=\"wp-block-heading\">Atra\u00e7\u00f5es de julho<\/h4>\n\n\n\n<p>Lupita no Planeta de Gente Grande, Brinquedonautas, Mytikah \u2014 O Livro dos Her\u00f3is, Al\u00e9m da Lenda, A Turma do Seu Lobato, Bela Criativa, Di\u00e1rio de Luli, Canin\u00f3polis, SOS Fada Manu, Jelly Jamm, O Show da Luna, Giramille, Peixonauta, Mouk, Conta Comigo, Cantando com Ping e Pong, Poderoso Mike, Bottersnikes &amp; Gumbles, Meu Cavaleiro e Eu, Sr. Texugo e Dona Raposa, Foi Assim e Assado, Nina Perguntadeira, Julio &amp; Verne \u2014 Os Irm\u00e3os Gemiais, S\u00e9samo, Os Chocolix, Ready Jet Go!, Casa da \u00c1rvore, Os Vizinhos Piratas, Ernest &amp; Celestine, Carrapatos e Catapultas e Zou.<br>Ao mesmo tempo, a TV Brasil \u00e9 a janela em TV aberta e gratuita que possibilita ao p\u00fablico ter acesso a t\u00edtulos estrangeiros e premiados, muitas vezes somente exibidos em canais de TV por assinatura.<\/p>\n\n\n\n<p><strong><em>Fonte: <a href=\"https:\/\/agenciabrasil.ebc.com.br\/geral\/noticia\/2020-07\/tv-brasil-animada-apresenta-22-atracoes-e-novas-estreias-em-julho\">Ag\u00eancia Brasil<\/a><\/em><\/strong><\/p>\n","protected":false},"excerpt":{"rendered":"<p>Anima\u00e7\u00f5es ocupam 60% da TV Brasil Animada A partir deste m\u00eas de julho, a TV Brasil Animada \u2014 faixa de programa\u00e7\u00e3o infantojuvenil da TV Brasil \u2014 exibe estreias e passa a contar com ainda mais diversidade de anima\u00e7\u00f5es na telinha. No total, s\u00e3o 22 atra\u00e7\u00f5es com os personagens favoritos da crian\u00e7ada. Os t\u00edtulos possuem em [&hellip;]<\/p>\n","protected":false},"author":2,"featured_media":6135,"comment_status":"open","ping_status":"open","sticky":false,"template":"","format":"standard","meta":{"footnotes":""},"categories":[4],"tags":[3642,1469,3643,3644,3645],"class_list":["post-6134","post","type-post","status-publish","format-standard","has-post-thumbnail","hentry","category-cultura","tag-animacao","tag-diversidade","tag-representatividade-cultural","tag-series-infantis-educativas","tag-tv-brasil-animada"],"yoast_head":"<!-- This site is optimized with the Yoast SEO plugin v26.5 - https:\/\/yoast.com\/wordpress\/plugins\/seo\/ -->\n<title>TV Brasil Animada apresenta 22 atra\u00e7\u00f5es e novas estreias em julho - Jornal Fatos e Not\u00edcias<\/title>\n<meta name=\"robots\" content=\"index, follow, max-snippet:-1, max-image-preview:large, max-video-preview:-1\" \/>\n<link rel=\"canonical\" href=\"https:\/\/jornalfatosenoticias.com.br\/index.php\/2020\/07\/03\/tv-brasil-animada-apresenta-22-atracoes-e-novas-estreias-em-julho\/\" \/>\n<meta property=\"og:locale\" content=\"pt_BR\" \/>\n<meta property=\"og:type\" content=\"article\" \/>\n<meta property=\"og:title\" content=\"TV Brasil Animada apresenta 22 atra\u00e7\u00f5es e novas estreias em julho - Jornal Fatos e Not\u00edcias\" \/>\n<meta property=\"og:description\" content=\"Anima\u00e7\u00f5es ocupam 60% da TV Brasil Animada A partir deste m\u00eas de julho, a TV Brasil Animada \u2014 faixa de programa\u00e7\u00e3o infantojuvenil da TV Brasil \u2014 exibe estreias e passa a contar com ainda mais diversidade de anima\u00e7\u00f5es na telinha. No total, s\u00e3o 22 atra\u00e7\u00f5es com os personagens favoritos da crian\u00e7ada. Os t\u00edtulos possuem em [&hellip;]\" \/>\n<meta property=\"og:url\" content=\"https:\/\/jornalfatosenoticias.com.br\/index.php\/2020\/07\/03\/tv-brasil-animada-apresenta-22-atracoes-e-novas-estreias-em-julho\/\" \/>\n<meta property=\"og:site_name\" content=\"Jornal Fatos e Not\u00edcias\" \/>\n<meta property=\"article:published_time\" content=\"2020-07-03T15:16:19+00:00\" \/>\n<meta property=\"article:modified_time\" content=\"2020-07-03T15:16:24+00:00\" \/>\n<meta property=\"og:image\" content=\"https:\/\/jornalfatosenoticias.com.br\/wp-content\/uploads\/2020\/07\/tv_brasil_animada_2_anos_em_2019_identidade_02.jpg\" \/>\n\t<meta property=\"og:image:width\" content=\"1000\" \/>\n\t<meta property=\"og:image:height\" content=\"598\" \/>\n\t<meta property=\"og:image:type\" content=\"image\/jpeg\" \/>\n<meta name=\"author\" content=\"Luzimara Fernandes\" \/>\n<meta name=\"twitter:card\" content=\"summary_large_image\" \/>\n<meta name=\"twitter:label1\" content=\"Escrito por\" \/>\n\t<meta name=\"twitter:data1\" content=\"Luzimara Fernandes\" \/>\n\t<meta name=\"twitter:label2\" content=\"Est. tempo de leitura\" \/>\n\t<meta name=\"twitter:data2\" content=\"4 minutos\" \/>\n<script type=\"application\/ld+json\" class=\"yoast-schema-graph\">{\"@context\":\"https:\/\/schema.org\",\"@graph\":[{\"@type\":\"Article\",\"@id\":\"https:\/\/jornalfatosenoticias.com.br\/index.php\/2020\/07\/03\/tv-brasil-animada-apresenta-22-atracoes-e-novas-estreias-em-julho\/#article\",\"isPartOf\":{\"@id\":\"https:\/\/jornalfatosenoticias.com.br\/index.php\/2020\/07\/03\/tv-brasil-animada-apresenta-22-atracoes-e-novas-estreias-em-julho\/\"},\"author\":{\"name\":\"Luzimara Fernandes\",\"@id\":\"https:\/\/jornalfatosenoticias.com.br\/#\/schema\/person\/d63837fa13ac8666eb9e74e0985d6f81\"},\"headline\":\"TV Brasil Animada apresenta 22 atra\u00e7\u00f5es e novas estreias em julho\",\"datePublished\":\"2020-07-03T15:16:19+00:00\",\"dateModified\":\"2020-07-03T15:16:24+00:00\",\"mainEntityOfPage\":{\"@id\":\"https:\/\/jornalfatosenoticias.com.br\/index.php\/2020\/07\/03\/tv-brasil-animada-apresenta-22-atracoes-e-novas-estreias-em-julho\/\"},\"wordCount\":898,\"commentCount\":0,\"publisher\":{\"@id\":\"https:\/\/jornalfatosenoticias.com.br\/#organization\"},\"image\":{\"@id\":\"https:\/\/jornalfatosenoticias.com.br\/index.php\/2020\/07\/03\/tv-brasil-animada-apresenta-22-atracoes-e-novas-estreias-em-julho\/#primaryimage\"},\"thumbnailUrl\":\"https:\/\/jornalfatosenoticias.com.br\/wp-content\/uploads\/2020\/07\/tv_brasil_animada_2_anos_em_2019_identidade_02.jpg\",\"keywords\":[\"anima\u00e7\u00e3o\",\"diversidade\",\"representatividade cultural\",\"s\u00e9ries infantis educativas\",\"TV Brasil Animada\"],\"articleSection\":[\"Cultura\"],\"inLanguage\":\"pt-BR\",\"potentialAction\":[{\"@type\":\"CommentAction\",\"name\":\"Comment\",\"target\":[\"https:\/\/jornalfatosenoticias.com.br\/index.php\/2020\/07\/03\/tv-brasil-animada-apresenta-22-atracoes-e-novas-estreias-em-julho\/#respond\"]}]},{\"@type\":\"WebPage\",\"@id\":\"https:\/\/jornalfatosenoticias.com.br\/index.php\/2020\/07\/03\/tv-brasil-animada-apresenta-22-atracoes-e-novas-estreias-em-julho\/\",\"url\":\"https:\/\/jornalfatosenoticias.com.br\/index.php\/2020\/07\/03\/tv-brasil-animada-apresenta-22-atracoes-e-novas-estreias-em-julho\/\",\"name\":\"TV Brasil Animada apresenta 22 atra\u00e7\u00f5es e novas estreias em julho - Jornal Fatos e Not\u00edcias\",\"isPartOf\":{\"@id\":\"https:\/\/jornalfatosenoticias.com.br\/#website\"},\"primaryImageOfPage\":{\"@id\":\"https:\/\/jornalfatosenoticias.com.br\/index.php\/2020\/07\/03\/tv-brasil-animada-apresenta-22-atracoes-e-novas-estreias-em-julho\/#primaryimage\"},\"image\":{\"@id\":\"https:\/\/jornalfatosenoticias.com.br\/index.php\/2020\/07\/03\/tv-brasil-animada-apresenta-22-atracoes-e-novas-estreias-em-julho\/#primaryimage\"},\"thumbnailUrl\":\"https:\/\/jornalfatosenoticias.com.br\/wp-content\/uploads\/2020\/07\/tv_brasil_animada_2_anos_em_2019_identidade_02.jpg\",\"datePublished\":\"2020-07-03T15:16:19+00:00\",\"dateModified\":\"2020-07-03T15:16:24+00:00\",\"breadcrumb\":{\"@id\":\"https:\/\/jornalfatosenoticias.com.br\/index.php\/2020\/07\/03\/tv-brasil-animada-apresenta-22-atracoes-e-novas-estreias-em-julho\/#breadcrumb\"},\"inLanguage\":\"pt-BR\",\"potentialAction\":[{\"@type\":\"ReadAction\",\"target\":[\"https:\/\/jornalfatosenoticias.com.br\/index.php\/2020\/07\/03\/tv-brasil-animada-apresenta-22-atracoes-e-novas-estreias-em-julho\/\"]}]},{\"@type\":\"ImageObject\",\"inLanguage\":\"pt-BR\",\"@id\":\"https:\/\/jornalfatosenoticias.com.br\/index.php\/2020\/07\/03\/tv-brasil-animada-apresenta-22-atracoes-e-novas-estreias-em-julho\/#primaryimage\",\"url\":\"https:\/\/jornalfatosenoticias.com.br\/wp-content\/uploads\/2020\/07\/tv_brasil_animada_2_anos_em_2019_identidade_02.jpg\",\"contentUrl\":\"https:\/\/jornalfatosenoticias.com.br\/wp-content\/uploads\/2020\/07\/tv_brasil_animada_2_anos_em_2019_identidade_02.jpg\",\"width\":1000,\"height\":598},{\"@type\":\"BreadcrumbList\",\"@id\":\"https:\/\/jornalfatosenoticias.com.br\/index.php\/2020\/07\/03\/tv-brasil-animada-apresenta-22-atracoes-e-novas-estreias-em-julho\/#breadcrumb\",\"itemListElement\":[{\"@type\":\"ListItem\",\"position\":1,\"name\":\"In\u00edcio\",\"item\":\"https:\/\/jornalfatosenoticias.com.br\/\"},{\"@type\":\"ListItem\",\"position\":2,\"name\":\"TV Brasil Animada apresenta 22 atra\u00e7\u00f5es e novas estreias em julho\"}]},{\"@type\":\"WebSite\",\"@id\":\"https:\/\/jornalfatosenoticias.com.br\/#website\",\"url\":\"https:\/\/jornalfatosenoticias.com.br\/\",\"name\":\"Jornal Fatos e Not\u00edcias\",\"description\":\"Not\u00edcias em geral\",\"publisher\":{\"@id\":\"https:\/\/jornalfatosenoticias.com.br\/#organization\"},\"potentialAction\":[{\"@type\":\"SearchAction\",\"target\":{\"@type\":\"EntryPoint\",\"urlTemplate\":\"https:\/\/jornalfatosenoticias.com.br\/?s={search_term_string}\"},\"query-input\":{\"@type\":\"PropertyValueSpecification\",\"valueRequired\":true,\"valueName\":\"search_term_string\"}}],\"inLanguage\":\"pt-BR\"},{\"@type\":\"Organization\",\"@id\":\"https:\/\/jornalfatosenoticias.com.br\/#organization\",\"name\":\"Jornal Fatos e Not\u00edcias\",\"url\":\"https:\/\/jornalfatosenoticias.com.br\/\",\"logo\":{\"@type\":\"ImageObject\",\"inLanguage\":\"pt-BR\",\"@id\":\"https:\/\/jornalfatosenoticias.com.br\/#\/schema\/logo\/image\/\",\"url\":\"https:\/\/jornalfatosenoticias.com.br\/wp-content\/uploads\/2020\/02\/logo120.png\",\"contentUrl\":\"https:\/\/jornalfatosenoticias.com.br\/wp-content\/uploads\/2020\/02\/logo120.png\",\"width\":1227,\"height\":120,\"caption\":\"Jornal Fatos e Not\u00edcias\"},\"image\":{\"@id\":\"https:\/\/jornalfatosenoticias.com.br\/#\/schema\/logo\/image\/\"}},{\"@type\":\"Person\",\"@id\":\"https:\/\/jornalfatosenoticias.com.br\/#\/schema\/person\/d63837fa13ac8666eb9e74e0985d6f81\",\"name\":\"Luzimara Fernandes\",\"image\":{\"@type\":\"ImageObject\",\"inLanguage\":\"pt-BR\",\"@id\":\"https:\/\/jornalfatosenoticias.com.br\/#\/schema\/person\/image\/\",\"url\":\"https:\/\/jornalfatosenoticias.com.br\/wp-content\/uploads\/2025\/05\/EU_portal.jpg\",\"contentUrl\":\"https:\/\/jornalfatosenoticias.com.br\/wp-content\/uploads\/2025\/05\/EU_portal.jpg\",\"caption\":\"Luzimara Fernandes\"},\"description\":\"Jornalista MTB 2358-ES\",\"sameAs\":[\"https:\/\/jornalfatosenoticias.com.br\"],\"url\":\"https:\/\/jornalfatosenoticias.com.br\/index.php\/author\/luzimara\/\"}]}<\/script>\n<!-- \/ Yoast SEO plugin. -->","yoast_head_json":{"title":"TV Brasil Animada apresenta 22 atra\u00e7\u00f5es e novas estreias em julho - Jornal Fatos e Not\u00edcias","robots":{"index":"index","follow":"follow","max-snippet":"max-snippet:-1","max-image-preview":"max-image-preview:large","max-video-preview":"max-video-preview:-1"},"canonical":"https:\/\/jornalfatosenoticias.com.br\/index.php\/2020\/07\/03\/tv-brasil-animada-apresenta-22-atracoes-e-novas-estreias-em-julho\/","og_locale":"pt_BR","og_type":"article","og_title":"TV Brasil Animada apresenta 22 atra\u00e7\u00f5es e novas estreias em julho - Jornal Fatos e Not\u00edcias","og_description":"Anima\u00e7\u00f5es ocupam 60% da TV Brasil Animada A partir deste m\u00eas de julho, a TV Brasil Animada \u2014 faixa de programa\u00e7\u00e3o infantojuvenil da TV Brasil \u2014 exibe estreias e passa a contar com ainda mais diversidade de anima\u00e7\u00f5es na telinha. No total, s\u00e3o 22 atra\u00e7\u00f5es com os personagens favoritos da crian\u00e7ada. Os t\u00edtulos possuem em [&hellip;]","og_url":"https:\/\/jornalfatosenoticias.com.br\/index.php\/2020\/07\/03\/tv-brasil-animada-apresenta-22-atracoes-e-novas-estreias-em-julho\/","og_site_name":"Jornal Fatos e Not\u00edcias","article_published_time":"2020-07-03T15:16:19+00:00","article_modified_time":"2020-07-03T15:16:24+00:00","og_image":[{"width":1000,"height":598,"url":"https:\/\/jornalfatosenoticias.com.br\/wp-content\/uploads\/2020\/07\/tv_brasil_animada_2_anos_em_2019_identidade_02.jpg","type":"image\/jpeg"}],"author":"Luzimara Fernandes","twitter_card":"summary_large_image","twitter_misc":{"Escrito por":"Luzimara Fernandes","Est. tempo de leitura":"4 minutos"},"schema":{"@context":"https:\/\/schema.org","@graph":[{"@type":"Article","@id":"https:\/\/jornalfatosenoticias.com.br\/index.php\/2020\/07\/03\/tv-brasil-animada-apresenta-22-atracoes-e-novas-estreias-em-julho\/#article","isPartOf":{"@id":"https:\/\/jornalfatosenoticias.com.br\/index.php\/2020\/07\/03\/tv-brasil-animada-apresenta-22-atracoes-e-novas-estreias-em-julho\/"},"author":{"name":"Luzimara Fernandes","@id":"https:\/\/jornalfatosenoticias.com.br\/#\/schema\/person\/d63837fa13ac8666eb9e74e0985d6f81"},"headline":"TV Brasil Animada apresenta 22 atra\u00e7\u00f5es e novas estreias em julho","datePublished":"2020-07-03T15:16:19+00:00","dateModified":"2020-07-03T15:16:24+00:00","mainEntityOfPage":{"@id":"https:\/\/jornalfatosenoticias.com.br\/index.php\/2020\/07\/03\/tv-brasil-animada-apresenta-22-atracoes-e-novas-estreias-em-julho\/"},"wordCount":898,"commentCount":0,"publisher":{"@id":"https:\/\/jornalfatosenoticias.com.br\/#organization"},"image":{"@id":"https:\/\/jornalfatosenoticias.com.br\/index.php\/2020\/07\/03\/tv-brasil-animada-apresenta-22-atracoes-e-novas-estreias-em-julho\/#primaryimage"},"thumbnailUrl":"https:\/\/jornalfatosenoticias.com.br\/wp-content\/uploads\/2020\/07\/tv_brasil_animada_2_anos_em_2019_identidade_02.jpg","keywords":["anima\u00e7\u00e3o","diversidade","representatividade cultural","s\u00e9ries infantis educativas","TV Brasil Animada"],"articleSection":["Cultura"],"inLanguage":"pt-BR","potentialAction":[{"@type":"CommentAction","name":"Comment","target":["https:\/\/jornalfatosenoticias.com.br\/index.php\/2020\/07\/03\/tv-brasil-animada-apresenta-22-atracoes-e-novas-estreias-em-julho\/#respond"]}]},{"@type":"WebPage","@id":"https:\/\/jornalfatosenoticias.com.br\/index.php\/2020\/07\/03\/tv-brasil-animada-apresenta-22-atracoes-e-novas-estreias-em-julho\/","url":"https:\/\/jornalfatosenoticias.com.br\/index.php\/2020\/07\/03\/tv-brasil-animada-apresenta-22-atracoes-e-novas-estreias-em-julho\/","name":"TV Brasil Animada apresenta 22 atra\u00e7\u00f5es e novas estreias em julho - Jornal Fatos e Not\u00edcias","isPartOf":{"@id":"https:\/\/jornalfatosenoticias.com.br\/#website"},"primaryImageOfPage":{"@id":"https:\/\/jornalfatosenoticias.com.br\/index.php\/2020\/07\/03\/tv-brasil-animada-apresenta-22-atracoes-e-novas-estreias-em-julho\/#primaryimage"},"image":{"@id":"https:\/\/jornalfatosenoticias.com.br\/index.php\/2020\/07\/03\/tv-brasil-animada-apresenta-22-atracoes-e-novas-estreias-em-julho\/#primaryimage"},"thumbnailUrl":"https:\/\/jornalfatosenoticias.com.br\/wp-content\/uploads\/2020\/07\/tv_brasil_animada_2_anos_em_2019_identidade_02.jpg","datePublished":"2020-07-03T15:16:19+00:00","dateModified":"2020-07-03T15:16:24+00:00","breadcrumb":{"@id":"https:\/\/jornalfatosenoticias.com.br\/index.php\/2020\/07\/03\/tv-brasil-animada-apresenta-22-atracoes-e-novas-estreias-em-julho\/#breadcrumb"},"inLanguage":"pt-BR","potentialAction":[{"@type":"ReadAction","target":["https:\/\/jornalfatosenoticias.com.br\/index.php\/2020\/07\/03\/tv-brasil-animada-apresenta-22-atracoes-e-novas-estreias-em-julho\/"]}]},{"@type":"ImageObject","inLanguage":"pt-BR","@id":"https:\/\/jornalfatosenoticias.com.br\/index.php\/2020\/07\/03\/tv-brasil-animada-apresenta-22-atracoes-e-novas-estreias-em-julho\/#primaryimage","url":"https:\/\/jornalfatosenoticias.com.br\/wp-content\/uploads\/2020\/07\/tv_brasil_animada_2_anos_em_2019_identidade_02.jpg","contentUrl":"https:\/\/jornalfatosenoticias.com.br\/wp-content\/uploads\/2020\/07\/tv_brasil_animada_2_anos_em_2019_identidade_02.jpg","width":1000,"height":598},{"@type":"BreadcrumbList","@id":"https:\/\/jornalfatosenoticias.com.br\/index.php\/2020\/07\/03\/tv-brasil-animada-apresenta-22-atracoes-e-novas-estreias-em-julho\/#breadcrumb","itemListElement":[{"@type":"ListItem","position":1,"name":"In\u00edcio","item":"https:\/\/jornalfatosenoticias.com.br\/"},{"@type":"ListItem","position":2,"name":"TV Brasil Animada apresenta 22 atra\u00e7\u00f5es e novas estreias em julho"}]},{"@type":"WebSite","@id":"https:\/\/jornalfatosenoticias.com.br\/#website","url":"https:\/\/jornalfatosenoticias.com.br\/","name":"Jornal Fatos e Not\u00edcias","description":"Not\u00edcias em geral","publisher":{"@id":"https:\/\/jornalfatosenoticias.com.br\/#organization"},"potentialAction":[{"@type":"SearchAction","target":{"@type":"EntryPoint","urlTemplate":"https:\/\/jornalfatosenoticias.com.br\/?s={search_term_string}"},"query-input":{"@type":"PropertyValueSpecification","valueRequired":true,"valueName":"search_term_string"}}],"inLanguage":"pt-BR"},{"@type":"Organization","@id":"https:\/\/jornalfatosenoticias.com.br\/#organization","name":"Jornal Fatos e Not\u00edcias","url":"https:\/\/jornalfatosenoticias.com.br\/","logo":{"@type":"ImageObject","inLanguage":"pt-BR","@id":"https:\/\/jornalfatosenoticias.com.br\/#\/schema\/logo\/image\/","url":"https:\/\/jornalfatosenoticias.com.br\/wp-content\/uploads\/2020\/02\/logo120.png","contentUrl":"https:\/\/jornalfatosenoticias.com.br\/wp-content\/uploads\/2020\/02\/logo120.png","width":1227,"height":120,"caption":"Jornal Fatos e Not\u00edcias"},"image":{"@id":"https:\/\/jornalfatosenoticias.com.br\/#\/schema\/logo\/image\/"}},{"@type":"Person","@id":"https:\/\/jornalfatosenoticias.com.br\/#\/schema\/person\/d63837fa13ac8666eb9e74e0985d6f81","name":"Luzimara Fernandes","image":{"@type":"ImageObject","inLanguage":"pt-BR","@id":"https:\/\/jornalfatosenoticias.com.br\/#\/schema\/person\/image\/","url":"https:\/\/jornalfatosenoticias.com.br\/wp-content\/uploads\/2025\/05\/EU_portal.jpg","contentUrl":"https:\/\/jornalfatosenoticias.com.br\/wp-content\/uploads\/2025\/05\/EU_portal.jpg","caption":"Luzimara Fernandes"},"description":"Jornalista MTB 2358-ES","sameAs":["https:\/\/jornalfatosenoticias.com.br"],"url":"https:\/\/jornalfatosenoticias.com.br\/index.php\/author\/luzimara\/"}]}},"cc_featured_image_caption":{"caption_text":" (Foto: Reprodu\u00e7\u00e3o\/TV Brasil)","source_text":"","source_url":""},"jetpack_featured_media_url":"https:\/\/jornalfatosenoticias.com.br\/wp-content\/uploads\/2020\/07\/tv_brasil_animada_2_anos_em_2019_identidade_02.jpg","_links":{"self":[{"href":"https:\/\/jornalfatosenoticias.com.br\/index.php\/wp-json\/wp\/v2\/posts\/6134","targetHints":{"allow":["GET"]}}],"collection":[{"href":"https:\/\/jornalfatosenoticias.com.br\/index.php\/wp-json\/wp\/v2\/posts"}],"about":[{"href":"https:\/\/jornalfatosenoticias.com.br\/index.php\/wp-json\/wp\/v2\/types\/post"}],"author":[{"embeddable":true,"href":"https:\/\/jornalfatosenoticias.com.br\/index.php\/wp-json\/wp\/v2\/users\/2"}],"replies":[{"embeddable":true,"href":"https:\/\/jornalfatosenoticias.com.br\/index.php\/wp-json\/wp\/v2\/comments?post=6134"}],"version-history":[{"count":0,"href":"https:\/\/jornalfatosenoticias.com.br\/index.php\/wp-json\/wp\/v2\/posts\/6134\/revisions"}],"wp:featuredmedia":[{"embeddable":true,"href":"https:\/\/jornalfatosenoticias.com.br\/index.php\/wp-json\/wp\/v2\/media\/6135"}],"wp:attachment":[{"href":"https:\/\/jornalfatosenoticias.com.br\/index.php\/wp-json\/wp\/v2\/media?parent=6134"}],"wp:term":[{"taxonomy":"category","embeddable":true,"href":"https:\/\/jornalfatosenoticias.com.br\/index.php\/wp-json\/wp\/v2\/categories?post=6134"},{"taxonomy":"post_tag","embeddable":true,"href":"https:\/\/jornalfatosenoticias.com.br\/index.php\/wp-json\/wp\/v2\/tags?post=6134"}],"curies":[{"name":"wp","href":"https:\/\/api.w.org\/{rel}","templated":true}]}}