{"id":61340,"date":"2025-08-20T14:25:06","date_gmt":"2025-08-20T17:25:06","guid":{"rendered":"https:\/\/jornalfatosenoticias.com.br\/?p=61340"},"modified":"2025-08-20T14:25:07","modified_gmt":"2025-08-20T17:25:07","slug":"biblioteca-celebra-31-anos-do-viagem-pela-literatura-com-contos-folcloricos-e-lancamento-de-livro","status":"publish","type":"post","link":"https:\/\/jornalfatosenoticias.com.br\/index.php\/2025\/08\/20\/biblioteca-celebra-31-anos-do-viagem-pela-literatura-com-contos-folcloricos-e-lancamento-de-livro\/","title":{"rendered":"Biblioteca celebra 31 anos do Viagem pela Literatura com contos folcl\u00f3ricos e lan\u00e7amento de livro"},"content":{"rendered":"\n<p><span class=\"has-inline-color has-black-color\">Por <strong>Pedro Vargas<\/strong><\/span><\/p>\n\n\n\n<div class=\"wp-block-image\"><figure class=\"aligncenter size-large\"><a href=\"https:\/\/www.cesconetto.com.br\/\"><img loading=\"lazy\" decoding=\"async\" width=\"1024\" height=\"100\" src=\"https:\/\/jornalfatosenoticias.com.br\/wp-content\/uploads\/2022\/05\/NOVA-LOGO-CESCONETTO-1024x100.jpg\" alt=\"\" class=\"wp-image-30792\" srcset=\"https:\/\/jornalfatosenoticias.com.br\/wp-content\/uploads\/2022\/05\/NOVA-LOGO-CESCONETTO-1024x100.jpg 1024w, https:\/\/jornalfatosenoticias.com.br\/wp-content\/uploads\/2022\/05\/NOVA-LOGO-CESCONETTO-300x29.jpg 300w, https:\/\/jornalfatosenoticias.com.br\/wp-content\/uploads\/2022\/05\/NOVA-LOGO-CESCONETTO-768x75.jpg 768w, https:\/\/jornalfatosenoticias.com.br\/wp-content\/uploads\/2022\/05\/NOVA-LOGO-CESCONETTO.jpg 1280w\" sizes=\"auto, (max-width: 1024px) 100vw, 1024px\" \/><\/a><\/figure><\/div>\n\n\n\n<p>Na pr\u00f3xima sexta-feira (22), a <strong>Biblioteca Municipal Adelpho Poli Monjardim,<\/strong> no Centro Hist\u00f3rico de Vit\u00f3ria, se transformar\u00e1 em palco de encantamento para comemorar os 31 anos do projeto <em>Viagem pela Literatura<\/em> e celebrar o <strong>Dia Nacional do Folclore. <\/strong>Ser\u00e1 um dia dedicado \u00e0s hist\u00f3rias que atravessam gera\u00e7\u00f5es e mant\u00eam vivas as tradi\u00e7\u00f5es da cultura popular.<br>\u00c0s 9h30 e \u00e0s 14 horas, a contadora de hist\u00f3rias Eliane Correia, do grupo Mais um Ponto, Mais um Conto, conduzir\u00e1 a atividade &#8220;Contos do Folclore&#8221;, envolvendo o p\u00fablico infantil em narrativas que misturam imagina\u00e7\u00e3o e sabedoria popular. Entre os enredos escolhidos est\u00e3o &#8220;Galinha d&#8217;Angola&#8221;, &#8220;Vit\u00f3ria-R\u00e9gia&#8221;, &#8220;A verdadeira hist\u00f3ria de Pai Francisco&#8221; e a &#8220;Lenda do Touro \u00d3&#8221;, al\u00e9m de outras surpresas que prometem despertar sorrisos e curiosidade.<\/p>\n\n\n\n<div class=\"wp-block-image\"><figure class=\"aligncenter size-large is-resized\"><a href=\"https:\/\/www.facebook.com\/profile.php?id=100069289606145\"><img loading=\"lazy\" decoding=\"async\" src=\"https:\/\/jornalfatosenoticias.com.br\/wp-content\/uploads\/2024\/11\/Guaitolini-Contabilidade-1024x714.jpeg\" alt=\"\" class=\"wp-image-55808\" width=\"347\" height=\"242\" srcset=\"https:\/\/jornalfatosenoticias.com.br\/wp-content\/uploads\/2024\/11\/Guaitolini-Contabilidade-1024x714.jpeg 1024w, https:\/\/jornalfatosenoticias.com.br\/wp-content\/uploads\/2024\/11\/Guaitolini-Contabilidade-300x209.jpeg 300w, https:\/\/jornalfatosenoticias.com.br\/wp-content\/uploads\/2024\/11\/Guaitolini-Contabilidade-768x535.jpeg 768w, https:\/\/jornalfatosenoticias.com.br\/wp-content\/uploads\/2024\/11\/Guaitolini-Contabilidade.jpeg 1280w\" sizes=\"auto, (max-width: 347px) 100vw, 347px\" \/><\/a><\/figure><\/div>\n\n\n\n<p>E a magia n\u00e3o para por a\u00ed: ap\u00f3s a conta\u00e7\u00e3o, ser\u00e1 realizado o lan\u00e7amento do livro &#8220;Lendas do Capara\u00f3&#8221;, escrito por Eliane Correia. A publica\u00e7\u00e3o foi viabilizada com recursos do Edital n.\u00ba 11\/2023 \u2014 Produ\u00e7\u00e3o e Difus\u00e3o de Obras Liter\u00e1rias, da Funcultura e da Secretaria da Cultura do Governo do Estado do Esp\u00edrito Santo.<br>O evento \u00e9 aberto ao p\u00fablico e especialmente voltado para crian\u00e7as de seis a 10 anos, convidando-as a embarcar nessa viagem de palavras que incentivam a pr\u00e1tica da leitura, ampliam horizontes e alimentam a criatividade.<\/p>\n\n\n\n<div class=\"wp-block-image\"><figure class=\"aligncenter size-large\"><img loading=\"lazy\" decoding=\"async\" width=\"700\" height=\"933\" src=\"https:\/\/jornalfatosenoticias.com.br\/wp-content\/uploads\/2025\/08\/Viagem-pela-Literatura.jpg\" alt=\"\" class=\"wp-image-61341\" srcset=\"https:\/\/jornalfatosenoticias.com.br\/wp-content\/uploads\/2025\/08\/Viagem-pela-Literatura.jpg 700w, https:\/\/jornalfatosenoticias.com.br\/wp-content\/uploads\/2025\/08\/Viagem-pela-Literatura-225x300.jpg 225w\" sizes=\"auto, (max-width: 700px) 100vw, 700px\" \/><figcaption><em><span class=\"has-inline-color has-black-color\">A\u00e7\u00f5es da Biblioteca no m\u00eas de agosto celebram 31 anos do projeto Viagem pela Literatura (Foto: Divulga\u00e7\u00e3o\/PMV)<\/span><\/em><\/figcaption><\/figure><\/div>\n\n\n\n<p><strong><span class=\"has-inline-color has-vivid-purple-color\"><span style=\"text-decoration: underline;\">Servi\u00e7o<br><\/span><\/span><\/strong><em><span style=\"text-decoration: underline;\">Viagem pela Literatura \u2014 31 anos: Conta\u00e7\u00e3o de Hist\u00f3rias e lan\u00e7amento do livro &#8220;Lendas do Capara\u00f3&#8221;, com Eliane Correia<br><\/span><\/em><strong>Quando: <\/strong>sexta-feira (22), \u00e0s 9h30 e \u00e0s 14h<br><strong>Onde:<\/strong> Biblioteca Municipal Adelpho Poli Monjardim &#8211; Rua Muniz Freire, 23, Centro Hist\u00f3rico de Vit\u00f3ria<br><strong>Informa\u00e7\u00f5es:<\/strong> (27) 3381-6926 \/ 99979-3853<br><strong>P\u00fablico-alvo:<\/strong> crian\u00e7as de seis a 10 anos de idade<br><em>Entrada gratuita<\/em><\/p>\n\n\n\n<div class=\"wp-block-image\"><figure class=\"aligncenter size-large is-resized\"><a href=\"https:\/\/www.instagram.com\/restaurantepegoretti\/\"><img loading=\"lazy\" decoding=\"async\" src=\"https:\/\/jornalfatosenoticias.com.br\/wp-content\/uploads\/2023\/12\/pegoretti-logo-pdf-1024x389.jpg\" alt=\"\" class=\"wp-image-47536\" width=\"482\" height=\"183\" srcset=\"https:\/\/jornalfatosenoticias.com.br\/wp-content\/uploads\/2023\/12\/pegoretti-logo-pdf-1024x389.jpg 1024w, https:\/\/jornalfatosenoticias.com.br\/wp-content\/uploads\/2023\/12\/pegoretti-logo-pdf-300x114.jpg 300w, https:\/\/jornalfatosenoticias.com.br\/wp-content\/uploads\/2023\/12\/pegoretti-logo-pdf-768x291.jpg 768w, https:\/\/jornalfatosenoticias.com.br\/wp-content\/uploads\/2023\/12\/pegoretti-logo-pdf.jpg 1120w\" sizes=\"auto, (max-width: 482px) 100vw, 482px\" \/><\/a><\/figure><\/div>\n\n\n\n<p><strong>Fonte: <a href=\"https:\/\/www.vitoria.es.gov.br\/noticia\/biblioteca-celebra-31-anos-do-viagem-pela-literatura-com-contos-folcloricos-e-lancamento-de-livro-54156\">PMV<\/a><\/strong><\/p>\n","protected":false},"excerpt":{"rendered":"<p>Por Pedro Vargas Na pr\u00f3xima sexta-feira (22), a Biblioteca Municipal Adelpho Poli Monjardim, no Centro Hist\u00f3rico de Vit\u00f3ria, se transformar\u00e1 em palco de encantamento para comemorar os 31 anos do projeto Viagem pela Literatura e celebrar o Dia Nacional do Folclore. Ser\u00e1 um dia dedicado \u00e0s hist\u00f3rias que atravessam gera\u00e7\u00f5es e mant\u00eam vivas as tradi\u00e7\u00f5es [&hellip;]<\/p>\n","protected":false},"author":2,"featured_media":61342,"comment_status":"open","ping_status":"open","sticky":false,"template":"","format":"standard","meta":{"footnotes":""},"categories":[4,7],"tags":[4012,4013,3314,27947,3577,914,1217,4132],"class_list":["post-61340","post","type-post","status-publish","format-standard","has-post-thumbnail","hentry","category-cultura","category-educacao","tag-biblioteca","tag-biblioteca-municipal-adelpho-poli-monjardim","tag-cultura-popular","tag-dia-nacional-do-folclore","tag-lancamento","tag-literatura","tag-livro","tag-viagem-pela-literatura"],"yoast_head":"<!-- This site is optimized with the Yoast SEO plugin v26.5 - https:\/\/yoast.com\/wordpress\/plugins\/seo\/ -->\n<title>Biblioteca celebra 31 anos do Viagem pela Literatura com contos folcl\u00f3ricos e lan\u00e7amento de livro - Jornal Fatos e Not\u00edcias<\/title>\n<meta name=\"robots\" content=\"index, follow, max-snippet:-1, max-image-preview:large, max-video-preview:-1\" \/>\n<link rel=\"canonical\" href=\"https:\/\/jornalfatosenoticias.com.br\/index.php\/2025\/08\/20\/biblioteca-celebra-31-anos-do-viagem-pela-literatura-com-contos-folcloricos-e-lancamento-de-livro\/\" \/>\n<meta property=\"og:locale\" content=\"pt_BR\" \/>\n<meta property=\"og:type\" content=\"article\" \/>\n<meta property=\"og:title\" content=\"Biblioteca celebra 31 anos do Viagem pela Literatura com contos folcl\u00f3ricos e lan\u00e7amento de livro - Jornal Fatos e Not\u00edcias\" \/>\n<meta property=\"og:description\" content=\"Por Pedro Vargas Na pr\u00f3xima sexta-feira (22), a Biblioteca Municipal Adelpho Poli Monjardim, no Centro Hist\u00f3rico de Vit\u00f3ria, se transformar\u00e1 em palco de encantamento para comemorar os 31 anos do projeto Viagem pela Literatura e celebrar o Dia Nacional do Folclore. Ser\u00e1 um dia dedicado \u00e0s hist\u00f3rias que atravessam gera\u00e7\u00f5es e mant\u00eam vivas as tradi\u00e7\u00f5es [&hellip;]\" \/>\n<meta property=\"og:url\" content=\"https:\/\/jornalfatosenoticias.com.br\/index.php\/2025\/08\/20\/biblioteca-celebra-31-anos-do-viagem-pela-literatura-com-contos-folcloricos-e-lancamento-de-livro\/\" \/>\n<meta property=\"og:site_name\" content=\"Jornal Fatos e Not\u00edcias\" \/>\n<meta property=\"article:published_time\" content=\"2025-08-20T17:25:06+00:00\" \/>\n<meta property=\"article:modified_time\" content=\"2025-08-20T17:25:07+00:00\" \/>\n<meta property=\"og:image\" content=\"https:\/\/jornalfatosenoticias.com.br\/wp-content\/uploads\/2025\/08\/Viagem-pela-Literatura_capa.jpg\" \/>\n\t<meta property=\"og:image:width\" content=\"700\" \/>\n\t<meta property=\"og:image:height\" content=\"427\" \/>\n\t<meta property=\"og:image:type\" content=\"image\/jpeg\" \/>\n<meta name=\"author\" content=\"Luzimara Fernandes\" \/>\n<meta name=\"twitter:card\" content=\"summary_large_image\" \/>\n<meta name=\"twitter:label1\" content=\"Escrito por\" \/>\n\t<meta name=\"twitter:data1\" content=\"Luzimara Fernandes\" \/>\n\t<meta name=\"twitter:label2\" content=\"Est. tempo de leitura\" \/>\n\t<meta name=\"twitter:data2\" content=\"2 minutos\" \/>\n<script type=\"application\/ld+json\" class=\"yoast-schema-graph\">{\"@context\":\"https:\/\/schema.org\",\"@graph\":[{\"@type\":\"Article\",\"@id\":\"https:\/\/jornalfatosenoticias.com.br\/index.php\/2025\/08\/20\/biblioteca-celebra-31-anos-do-viagem-pela-literatura-com-contos-folcloricos-e-lancamento-de-livro\/#article\",\"isPartOf\":{\"@id\":\"https:\/\/jornalfatosenoticias.com.br\/index.php\/2025\/08\/20\/biblioteca-celebra-31-anos-do-viagem-pela-literatura-com-contos-folcloricos-e-lancamento-de-livro\/\"},\"author\":{\"name\":\"Luzimara Fernandes\",\"@id\":\"https:\/\/jornalfatosenoticias.com.br\/#\/schema\/person\/d63837fa13ac8666eb9e74e0985d6f81\"},\"headline\":\"Biblioteca celebra 31 anos do Viagem pela Literatura com contos folcl\u00f3ricos e lan\u00e7amento de livro\",\"datePublished\":\"2025-08-20T17:25:06+00:00\",\"dateModified\":\"2025-08-20T17:25:07+00:00\",\"mainEntityOfPage\":{\"@id\":\"https:\/\/jornalfatosenoticias.com.br\/index.php\/2025\/08\/20\/biblioteca-celebra-31-anos-do-viagem-pela-literatura-com-contos-folcloricos-e-lancamento-de-livro\/\"},\"wordCount\":333,\"commentCount\":0,\"publisher\":{\"@id\":\"https:\/\/jornalfatosenoticias.com.br\/#organization\"},\"image\":{\"@id\":\"https:\/\/jornalfatosenoticias.com.br\/index.php\/2025\/08\/20\/biblioteca-celebra-31-anos-do-viagem-pela-literatura-com-contos-folcloricos-e-lancamento-de-livro\/#primaryimage\"},\"thumbnailUrl\":\"https:\/\/jornalfatosenoticias.com.br\/wp-content\/uploads\/2025\/08\/Viagem-pela-Literatura_capa.jpg\",\"keywords\":[\"biblioteca\",\"Biblioteca Municipal Adelpho Poli Monjardim\",\"cultura popular\",\"Dia Nacional do Folclore\",\"lan\u00e7amento\",\"literatura\",\"livro\",\"Viagem pela Literatura\"],\"articleSection\":[\"Cultura\",\"Educa\u00e7\u00e3o\"],\"inLanguage\":\"pt-BR\",\"potentialAction\":[{\"@type\":\"CommentAction\",\"name\":\"Comment\",\"target\":[\"https:\/\/jornalfatosenoticias.com.br\/index.php\/2025\/08\/20\/biblioteca-celebra-31-anos-do-viagem-pela-literatura-com-contos-folcloricos-e-lancamento-de-livro\/#respond\"]}]},{\"@type\":\"WebPage\",\"@id\":\"https:\/\/jornalfatosenoticias.com.br\/index.php\/2025\/08\/20\/biblioteca-celebra-31-anos-do-viagem-pela-literatura-com-contos-folcloricos-e-lancamento-de-livro\/\",\"url\":\"https:\/\/jornalfatosenoticias.com.br\/index.php\/2025\/08\/20\/biblioteca-celebra-31-anos-do-viagem-pela-literatura-com-contos-folcloricos-e-lancamento-de-livro\/\",\"name\":\"Biblioteca celebra 31 anos do Viagem pela Literatura com contos folcl\u00f3ricos e lan\u00e7amento de livro - Jornal Fatos e Not\u00edcias\",\"isPartOf\":{\"@id\":\"https:\/\/jornalfatosenoticias.com.br\/#website\"},\"primaryImageOfPage\":{\"@id\":\"https:\/\/jornalfatosenoticias.com.br\/index.php\/2025\/08\/20\/biblioteca-celebra-31-anos-do-viagem-pela-literatura-com-contos-folcloricos-e-lancamento-de-livro\/#primaryimage\"},\"image\":{\"@id\":\"https:\/\/jornalfatosenoticias.com.br\/index.php\/2025\/08\/20\/biblioteca-celebra-31-anos-do-viagem-pela-literatura-com-contos-folcloricos-e-lancamento-de-livro\/#primaryimage\"},\"thumbnailUrl\":\"https:\/\/jornalfatosenoticias.com.br\/wp-content\/uploads\/2025\/08\/Viagem-pela-Literatura_capa.jpg\",\"datePublished\":\"2025-08-20T17:25:06+00:00\",\"dateModified\":\"2025-08-20T17:25:07+00:00\",\"breadcrumb\":{\"@id\":\"https:\/\/jornalfatosenoticias.com.br\/index.php\/2025\/08\/20\/biblioteca-celebra-31-anos-do-viagem-pela-literatura-com-contos-folcloricos-e-lancamento-de-livro\/#breadcrumb\"},\"inLanguage\":\"pt-BR\",\"potentialAction\":[{\"@type\":\"ReadAction\",\"target\":[\"https:\/\/jornalfatosenoticias.com.br\/index.php\/2025\/08\/20\/biblioteca-celebra-31-anos-do-viagem-pela-literatura-com-contos-folcloricos-e-lancamento-de-livro\/\"]}]},{\"@type\":\"ImageObject\",\"inLanguage\":\"pt-BR\",\"@id\":\"https:\/\/jornalfatosenoticias.com.br\/index.php\/2025\/08\/20\/biblioteca-celebra-31-anos-do-viagem-pela-literatura-com-contos-folcloricos-e-lancamento-de-livro\/#primaryimage\",\"url\":\"https:\/\/jornalfatosenoticias.com.br\/wp-content\/uploads\/2025\/08\/Viagem-pela-Literatura_capa.jpg\",\"contentUrl\":\"https:\/\/jornalfatosenoticias.com.br\/wp-content\/uploads\/2025\/08\/Viagem-pela-Literatura_capa.jpg\",\"width\":700,\"height\":427,\"caption\":\"A\u00e7\u00f5es da Biblioteca no m\u00eas de agosto celebram 31 anos do projeto Viagem pela Literatura.\"},{\"@type\":\"BreadcrumbList\",\"@id\":\"https:\/\/jornalfatosenoticias.com.br\/index.php\/2025\/08\/20\/biblioteca-celebra-31-anos-do-viagem-pela-literatura-com-contos-folcloricos-e-lancamento-de-livro\/#breadcrumb\",\"itemListElement\":[{\"@type\":\"ListItem\",\"position\":1,\"name\":\"In\u00edcio\",\"item\":\"https:\/\/jornalfatosenoticias.com.br\/\"},{\"@type\":\"ListItem\",\"position\":2,\"name\":\"Biblioteca celebra 31 anos do Viagem pela Literatura com contos folcl\u00f3ricos e lan\u00e7amento de livro\"}]},{\"@type\":\"WebSite\",\"@id\":\"https:\/\/jornalfatosenoticias.com.br\/#website\",\"url\":\"https:\/\/jornalfatosenoticias.com.br\/\",\"name\":\"Jornal Fatos e Not\u00edcias\",\"description\":\"Not\u00edcias em geral\",\"publisher\":{\"@id\":\"https:\/\/jornalfatosenoticias.com.br\/#organization\"},\"potentialAction\":[{\"@type\":\"SearchAction\",\"target\":{\"@type\":\"EntryPoint\",\"urlTemplate\":\"https:\/\/jornalfatosenoticias.com.br\/?s={search_term_string}\"},\"query-input\":{\"@type\":\"PropertyValueSpecification\",\"valueRequired\":true,\"valueName\":\"search_term_string\"}}],\"inLanguage\":\"pt-BR\"},{\"@type\":\"Organization\",\"@id\":\"https:\/\/jornalfatosenoticias.com.br\/#organization\",\"name\":\"Jornal Fatos e Not\u00edcias\",\"url\":\"https:\/\/jornalfatosenoticias.com.br\/\",\"logo\":{\"@type\":\"ImageObject\",\"inLanguage\":\"pt-BR\",\"@id\":\"https:\/\/jornalfatosenoticias.com.br\/#\/schema\/logo\/image\/\",\"url\":\"https:\/\/jornalfatosenoticias.com.br\/wp-content\/uploads\/2020\/02\/logo120.png\",\"contentUrl\":\"https:\/\/jornalfatosenoticias.com.br\/wp-content\/uploads\/2020\/02\/logo120.png\",\"width\":1227,\"height\":120,\"caption\":\"Jornal Fatos e Not\u00edcias\"},\"image\":{\"@id\":\"https:\/\/jornalfatosenoticias.com.br\/#\/schema\/logo\/image\/\"}},{\"@type\":\"Person\",\"@id\":\"https:\/\/jornalfatosenoticias.com.br\/#\/schema\/person\/d63837fa13ac8666eb9e74e0985d6f81\",\"name\":\"Luzimara Fernandes\",\"image\":{\"@type\":\"ImageObject\",\"inLanguage\":\"pt-BR\",\"@id\":\"https:\/\/jornalfatosenoticias.com.br\/#\/schema\/person\/image\/\",\"url\":\"https:\/\/jornalfatosenoticias.com.br\/wp-content\/uploads\/2025\/05\/EU_portal.jpg\",\"contentUrl\":\"https:\/\/jornalfatosenoticias.com.br\/wp-content\/uploads\/2025\/05\/EU_portal.jpg\",\"caption\":\"Luzimara Fernandes\"},\"description\":\"Jornalista MTB 2358-ES\",\"sameAs\":[\"https:\/\/jornalfatosenoticias.com.br\"],\"url\":\"https:\/\/jornalfatosenoticias.com.br\/index.php\/author\/luzimara\/\"}]}<\/script>\n<!-- \/ Yoast SEO plugin. -->","yoast_head_json":{"title":"Biblioteca celebra 31 anos do Viagem pela Literatura com contos folcl\u00f3ricos e lan\u00e7amento de livro - Jornal Fatos e Not\u00edcias","robots":{"index":"index","follow":"follow","max-snippet":"max-snippet:-1","max-image-preview":"max-image-preview:large","max-video-preview":"max-video-preview:-1"},"canonical":"https:\/\/jornalfatosenoticias.com.br\/index.php\/2025\/08\/20\/biblioteca-celebra-31-anos-do-viagem-pela-literatura-com-contos-folcloricos-e-lancamento-de-livro\/","og_locale":"pt_BR","og_type":"article","og_title":"Biblioteca celebra 31 anos do Viagem pela Literatura com contos folcl\u00f3ricos e lan\u00e7amento de livro - Jornal Fatos e Not\u00edcias","og_description":"Por Pedro Vargas Na pr\u00f3xima sexta-feira (22), a Biblioteca Municipal Adelpho Poli Monjardim, no Centro Hist\u00f3rico de Vit\u00f3ria, se transformar\u00e1 em palco de encantamento para comemorar os 31 anos do projeto Viagem pela Literatura e celebrar o Dia Nacional do Folclore. Ser\u00e1 um dia dedicado \u00e0s hist\u00f3rias que atravessam gera\u00e7\u00f5es e mant\u00eam vivas as tradi\u00e7\u00f5es [&hellip;]","og_url":"https:\/\/jornalfatosenoticias.com.br\/index.php\/2025\/08\/20\/biblioteca-celebra-31-anos-do-viagem-pela-literatura-com-contos-folcloricos-e-lancamento-de-livro\/","og_site_name":"Jornal Fatos e Not\u00edcias","article_published_time":"2025-08-20T17:25:06+00:00","article_modified_time":"2025-08-20T17:25:07+00:00","og_image":[{"width":700,"height":427,"url":"https:\/\/jornalfatosenoticias.com.br\/wp-content\/uploads\/2025\/08\/Viagem-pela-Literatura_capa.jpg","type":"image\/jpeg"}],"author":"Luzimara Fernandes","twitter_card":"summary_large_image","twitter_misc":{"Escrito por":"Luzimara Fernandes","Est. tempo de leitura":"2 minutos"},"schema":{"@context":"https:\/\/schema.org","@graph":[{"@type":"Article","@id":"https:\/\/jornalfatosenoticias.com.br\/index.php\/2025\/08\/20\/biblioteca-celebra-31-anos-do-viagem-pela-literatura-com-contos-folcloricos-e-lancamento-de-livro\/#article","isPartOf":{"@id":"https:\/\/jornalfatosenoticias.com.br\/index.php\/2025\/08\/20\/biblioteca-celebra-31-anos-do-viagem-pela-literatura-com-contos-folcloricos-e-lancamento-de-livro\/"},"author":{"name":"Luzimara Fernandes","@id":"https:\/\/jornalfatosenoticias.com.br\/#\/schema\/person\/d63837fa13ac8666eb9e74e0985d6f81"},"headline":"Biblioteca celebra 31 anos do Viagem pela Literatura com contos folcl\u00f3ricos e lan\u00e7amento de livro","datePublished":"2025-08-20T17:25:06+00:00","dateModified":"2025-08-20T17:25:07+00:00","mainEntityOfPage":{"@id":"https:\/\/jornalfatosenoticias.com.br\/index.php\/2025\/08\/20\/biblioteca-celebra-31-anos-do-viagem-pela-literatura-com-contos-folcloricos-e-lancamento-de-livro\/"},"wordCount":333,"commentCount":0,"publisher":{"@id":"https:\/\/jornalfatosenoticias.com.br\/#organization"},"image":{"@id":"https:\/\/jornalfatosenoticias.com.br\/index.php\/2025\/08\/20\/biblioteca-celebra-31-anos-do-viagem-pela-literatura-com-contos-folcloricos-e-lancamento-de-livro\/#primaryimage"},"thumbnailUrl":"https:\/\/jornalfatosenoticias.com.br\/wp-content\/uploads\/2025\/08\/Viagem-pela-Literatura_capa.jpg","keywords":["biblioteca","Biblioteca Municipal Adelpho Poli Monjardim","cultura popular","Dia Nacional do Folclore","lan\u00e7amento","literatura","livro","Viagem pela Literatura"],"articleSection":["Cultura","Educa\u00e7\u00e3o"],"inLanguage":"pt-BR","potentialAction":[{"@type":"CommentAction","name":"Comment","target":["https:\/\/jornalfatosenoticias.com.br\/index.php\/2025\/08\/20\/biblioteca-celebra-31-anos-do-viagem-pela-literatura-com-contos-folcloricos-e-lancamento-de-livro\/#respond"]}]},{"@type":"WebPage","@id":"https:\/\/jornalfatosenoticias.com.br\/index.php\/2025\/08\/20\/biblioteca-celebra-31-anos-do-viagem-pela-literatura-com-contos-folcloricos-e-lancamento-de-livro\/","url":"https:\/\/jornalfatosenoticias.com.br\/index.php\/2025\/08\/20\/biblioteca-celebra-31-anos-do-viagem-pela-literatura-com-contos-folcloricos-e-lancamento-de-livro\/","name":"Biblioteca celebra 31 anos do Viagem pela Literatura com contos folcl\u00f3ricos e lan\u00e7amento de livro - Jornal Fatos e Not\u00edcias","isPartOf":{"@id":"https:\/\/jornalfatosenoticias.com.br\/#website"},"primaryImageOfPage":{"@id":"https:\/\/jornalfatosenoticias.com.br\/index.php\/2025\/08\/20\/biblioteca-celebra-31-anos-do-viagem-pela-literatura-com-contos-folcloricos-e-lancamento-de-livro\/#primaryimage"},"image":{"@id":"https:\/\/jornalfatosenoticias.com.br\/index.php\/2025\/08\/20\/biblioteca-celebra-31-anos-do-viagem-pela-literatura-com-contos-folcloricos-e-lancamento-de-livro\/#primaryimage"},"thumbnailUrl":"https:\/\/jornalfatosenoticias.com.br\/wp-content\/uploads\/2025\/08\/Viagem-pela-Literatura_capa.jpg","datePublished":"2025-08-20T17:25:06+00:00","dateModified":"2025-08-20T17:25:07+00:00","breadcrumb":{"@id":"https:\/\/jornalfatosenoticias.com.br\/index.php\/2025\/08\/20\/biblioteca-celebra-31-anos-do-viagem-pela-literatura-com-contos-folcloricos-e-lancamento-de-livro\/#breadcrumb"},"inLanguage":"pt-BR","potentialAction":[{"@type":"ReadAction","target":["https:\/\/jornalfatosenoticias.com.br\/index.php\/2025\/08\/20\/biblioteca-celebra-31-anos-do-viagem-pela-literatura-com-contos-folcloricos-e-lancamento-de-livro\/"]}]},{"@type":"ImageObject","inLanguage":"pt-BR","@id":"https:\/\/jornalfatosenoticias.com.br\/index.php\/2025\/08\/20\/biblioteca-celebra-31-anos-do-viagem-pela-literatura-com-contos-folcloricos-e-lancamento-de-livro\/#primaryimage","url":"https:\/\/jornalfatosenoticias.com.br\/wp-content\/uploads\/2025\/08\/Viagem-pela-Literatura_capa.jpg","contentUrl":"https:\/\/jornalfatosenoticias.com.br\/wp-content\/uploads\/2025\/08\/Viagem-pela-Literatura_capa.jpg","width":700,"height":427,"caption":"A\u00e7\u00f5es da Biblioteca no m\u00eas de agosto celebram 31 anos do projeto Viagem pela Literatura."},{"@type":"BreadcrumbList","@id":"https:\/\/jornalfatosenoticias.com.br\/index.php\/2025\/08\/20\/biblioteca-celebra-31-anos-do-viagem-pela-literatura-com-contos-folcloricos-e-lancamento-de-livro\/#breadcrumb","itemListElement":[{"@type":"ListItem","position":1,"name":"In\u00edcio","item":"https:\/\/jornalfatosenoticias.com.br\/"},{"@type":"ListItem","position":2,"name":"Biblioteca celebra 31 anos do Viagem pela Literatura com contos folcl\u00f3ricos e lan\u00e7amento de livro"}]},{"@type":"WebSite","@id":"https:\/\/jornalfatosenoticias.com.br\/#website","url":"https:\/\/jornalfatosenoticias.com.br\/","name":"Jornal Fatos e Not\u00edcias","description":"Not\u00edcias em geral","publisher":{"@id":"https:\/\/jornalfatosenoticias.com.br\/#organization"},"potentialAction":[{"@type":"SearchAction","target":{"@type":"EntryPoint","urlTemplate":"https:\/\/jornalfatosenoticias.com.br\/?s={search_term_string}"},"query-input":{"@type":"PropertyValueSpecification","valueRequired":true,"valueName":"search_term_string"}}],"inLanguage":"pt-BR"},{"@type":"Organization","@id":"https:\/\/jornalfatosenoticias.com.br\/#organization","name":"Jornal Fatos e Not\u00edcias","url":"https:\/\/jornalfatosenoticias.com.br\/","logo":{"@type":"ImageObject","inLanguage":"pt-BR","@id":"https:\/\/jornalfatosenoticias.com.br\/#\/schema\/logo\/image\/","url":"https:\/\/jornalfatosenoticias.com.br\/wp-content\/uploads\/2020\/02\/logo120.png","contentUrl":"https:\/\/jornalfatosenoticias.com.br\/wp-content\/uploads\/2020\/02\/logo120.png","width":1227,"height":120,"caption":"Jornal Fatos e Not\u00edcias"},"image":{"@id":"https:\/\/jornalfatosenoticias.com.br\/#\/schema\/logo\/image\/"}},{"@type":"Person","@id":"https:\/\/jornalfatosenoticias.com.br\/#\/schema\/person\/d63837fa13ac8666eb9e74e0985d6f81","name":"Luzimara Fernandes","image":{"@type":"ImageObject","inLanguage":"pt-BR","@id":"https:\/\/jornalfatosenoticias.com.br\/#\/schema\/person\/image\/","url":"https:\/\/jornalfatosenoticias.com.br\/wp-content\/uploads\/2025\/05\/EU_portal.jpg","contentUrl":"https:\/\/jornalfatosenoticias.com.br\/wp-content\/uploads\/2025\/05\/EU_portal.jpg","caption":"Luzimara Fernandes"},"description":"Jornalista MTB 2358-ES","sameAs":["https:\/\/jornalfatosenoticias.com.br"],"url":"https:\/\/jornalfatosenoticias.com.br\/index.php\/author\/luzimara\/"}]}},"cc_featured_image_caption":{"caption_text":"(Foto: Divulga\u00e7\u00e3o\/PMV) ","source_text":"","source_url":""},"jetpack_featured_media_url":"https:\/\/jornalfatosenoticias.com.br\/wp-content\/uploads\/2025\/08\/Viagem-pela-Literatura_capa.jpg","_links":{"self":[{"href":"https:\/\/jornalfatosenoticias.com.br\/index.php\/wp-json\/wp\/v2\/posts\/61340","targetHints":{"allow":["GET"]}}],"collection":[{"href":"https:\/\/jornalfatosenoticias.com.br\/index.php\/wp-json\/wp\/v2\/posts"}],"about":[{"href":"https:\/\/jornalfatosenoticias.com.br\/index.php\/wp-json\/wp\/v2\/types\/post"}],"author":[{"embeddable":true,"href":"https:\/\/jornalfatosenoticias.com.br\/index.php\/wp-json\/wp\/v2\/users\/2"}],"replies":[{"embeddable":true,"href":"https:\/\/jornalfatosenoticias.com.br\/index.php\/wp-json\/wp\/v2\/comments?post=61340"}],"version-history":[{"count":0,"href":"https:\/\/jornalfatosenoticias.com.br\/index.php\/wp-json\/wp\/v2\/posts\/61340\/revisions"}],"wp:featuredmedia":[{"embeddable":true,"href":"https:\/\/jornalfatosenoticias.com.br\/index.php\/wp-json\/wp\/v2\/media\/61342"}],"wp:attachment":[{"href":"https:\/\/jornalfatosenoticias.com.br\/index.php\/wp-json\/wp\/v2\/media?parent=61340"}],"wp:term":[{"taxonomy":"category","embeddable":true,"href":"https:\/\/jornalfatosenoticias.com.br\/index.php\/wp-json\/wp\/v2\/categories?post=61340"},{"taxonomy":"post_tag","embeddable":true,"href":"https:\/\/jornalfatosenoticias.com.br\/index.php\/wp-json\/wp\/v2\/tags?post=61340"}],"curies":[{"name":"wp","href":"https:\/\/api.w.org\/{rel}","templated":true}]}}