{"id":61351,"date":"2025-08-20T15:17:37","date_gmt":"2025-08-20T18:17:37","guid":{"rendered":"https:\/\/jornalfatosenoticias.com.br\/?p=61351"},"modified":"2025-08-20T15:17:38","modified_gmt":"2025-08-20T18:17:38","slug":"o-que-esta-acontecendo-com-os-jovens-depois-que-se-formam-no-ensino-medio","status":"publish","type":"post","link":"https:\/\/jornalfatosenoticias.com.br\/index.php\/2025\/08\/20\/o-que-esta-acontecendo-com-os-jovens-depois-que-se-formam-no-ensino-medio\/","title":{"rendered":"O que est\u00e1 acontecendo com os jovens depois que se formam no ensino m\u00e9dio?"},"content":{"rendered":"\n<p><em><span class=\"has-inline-color has-black-color\">Nova pesquisa concluiu que tanto os pais quanto os alunos t\u00eam d\u00favidas sobre o qu\u00e3o prontos est\u00e3o os jovens para a vida ap\u00f3s a formatura e 30% t\u00eam problemas de sa\u00fade mental<\/span><\/em><\/p>\n\n\n\n<div class=\"wp-block-image\"><figure class=\"aligncenter size-large\"><a href=\"https:\/\/www.controlsystems.com.br\/\"><img loading=\"lazy\" decoding=\"async\" width=\"1024\" height=\"109\" src=\"https:\/\/jornalfatosenoticias.com.br\/wp-content\/uploads\/2020\/02\/CONTROL-CS2-1024x109.jpg\" alt=\"\" class=\"wp-image-44989\" srcset=\"https:\/\/jornalfatosenoticias.com.br\/wp-content\/uploads\/2020\/02\/CONTROL-CS2-1024x109.jpg 1024w, https:\/\/jornalfatosenoticias.com.br\/wp-content\/uploads\/2020\/02\/CONTROL-CS2-300x32.jpg 300w, https:\/\/jornalfatosenoticias.com.br\/wp-content\/uploads\/2020\/02\/CONTROL-CS2-768x82.jpg 768w, https:\/\/jornalfatosenoticias.com.br\/wp-content\/uploads\/2020\/02\/CONTROL-CS2.jpg 1120w\" sizes=\"auto, (max-width: 1024px) 100vw, 1024px\" \/><\/a><\/figure><\/div>\n\n\n\n<p>A conclus\u00e3o do ensino m\u00e9dio marca uma verdadeira transi\u00e7\u00e3o na vida de qualquer adolescente \u2014 e n\u00e3o \u00e0 toa: trata-se de uma fase cheia de descobertas e do in\u00edcio de uma caminhada mais independente e madura. Um <strong><a class=\"\" href=\"https:\/\/www.k12.com\/how-online-learning-works\/tips-support-for-parents-preparing-for-life-after-high-school\/\" target=\"_blank\" rel=\"noreferrer noopener\">estudo<\/a><\/strong> feito nos Estados Unidos, contudo, apontou que uma em cada tr\u00eas pessoas que se forma na escola n\u00e3o se sente preparada para encarar a \u201cvida real\u201d.<br>Feita pela empresa de educa\u00e7\u00e3o on-line K12, a pesquisa revelou que tanto os pais quanto os alunos t\u00eam d\u00favidas sobre o qu\u00e3o preparados os jovens est\u00e3o para a vida ap\u00f3s a formatura do ensino m\u00e9dio. Para chegar a essa conclus\u00e3o, foram entrevistados 300 rec\u00e9m-formados do ensino m\u00e9dio e 200 pais americanos. <\/p>\n\n\n\n<div class=\"wp-block-image\"><figure class=\"aligncenter size-large\"><a href=\"http:\/\/www.ferrarimaquinas.com.br\/\"><img loading=\"lazy\" decoding=\"async\" width=\"300\" height=\"250\" src=\"https:\/\/jornalfatosenoticias.com.br\/wp-content\/uploads\/2022\/02\/FERRARI_MAQUINAS-E-FERRAMENTAS2.jpg\" alt=\"\" class=\"wp-image-27860\"\/><\/a><\/figure><\/div>\n\n\n\n<p><strong><span class=\"has-inline-color has-vivid-cyan-blue-color\">As respostas dos participantes apontaram que:<br><\/span>\u2022 32%<\/strong> dos formandos do ensino m\u00e9dio afirmam que a escola n\u00e3o os preparou para o mundo real;<br><strong>\u2022 59%<\/strong> deles n\u00e3o est\u00e3o prontos para lidar com cr\u00e9dito, impostos ou seguros;<br><strong>\u2022 38%<\/strong> dos alunos sentem despreparados para administrar dinheiro;<br><strong>\u2022 30% <\/strong>n\u00e3o se sentem preparados para lidar com o estresse e t\u00eam problemas de sa\u00fade mental.<\/p>\n\n\n\n<div class=\"wp-block-image\"><figure class=\"aligncenter size-large is-resized\"><a href=\"https:\/\/www.facebook.com\/profile.php?id=100069289606145\"><img loading=\"lazy\" decoding=\"async\" src=\"https:\/\/jornalfatosenoticias.com.br\/wp-content\/uploads\/2024\/11\/Guaitolini-Contabilidade-1024x714.jpeg\" alt=\"\" class=\"wp-image-55808\" width=\"359\" height=\"250\" srcset=\"https:\/\/jornalfatosenoticias.com.br\/wp-content\/uploads\/2024\/11\/Guaitolini-Contabilidade-1024x714.jpeg 1024w, https:\/\/jornalfatosenoticias.com.br\/wp-content\/uploads\/2024\/11\/Guaitolini-Contabilidade-300x209.jpeg 300w, https:\/\/jornalfatosenoticias.com.br\/wp-content\/uploads\/2024\/11\/Guaitolini-Contabilidade-768x535.jpeg 768w, https:\/\/jornalfatosenoticias.com.br\/wp-content\/uploads\/2024\/11\/Guaitolini-Contabilidade.jpeg 1280w\" sizes=\"auto, (max-width: 359px) 100vw, 359px\" \/><\/a><\/figure><\/div>\n\n\n\n<p>Tamb\u00e9m ressaltar que mais da metade dos rec\u00e9m-formados afirmam que as m\u00eddias sociais est\u00e3o moldando o que planejam fazer em suas carreiras, com alguns admitindo sentir press\u00e3o para se tornarem criadores de conte\u00fado. De acordo com os resultados do estudo, existe uma grande diferen\u00e7a entre qu\u00e3o preparados os jovens se consideram para encarar a \u201cvida real\u201d e como seus pais enxergam essa prepara\u00e7\u00e3o: 84% dos pais acreditam que seus filhos ter\u00e3o mais sucesso do que eles mesmos tinham na mesma idade.<\/p>\n\n\n\n<div class=\"wp-block-image\"><figure class=\"aligncenter size-large is-resized\"><a href=\"https:\/\/www.instagram.com\/serra4x4cambioautomatico\/\"><img loading=\"lazy\" decoding=\"async\" src=\"https:\/\/jornalfatosenoticias.com.br\/wp-content\/uploads\/2024\/08\/Serra-4x4-1-886x1024.jpg\" alt=\"\" class=\"wp-image-53632\" width=\"280\" height=\"324\" srcset=\"https:\/\/jornalfatosenoticias.com.br\/wp-content\/uploads\/2024\/08\/Serra-4x4-1-886x1024.jpg 886w, https:\/\/jornalfatosenoticias.com.br\/wp-content\/uploads\/2024\/08\/Serra-4x4-1-260x300.jpg 260w, https:\/\/jornalfatosenoticias.com.br\/wp-content\/uploads\/2024\/08\/Serra-4x4-1-768x888.jpg 768w, https:\/\/jornalfatosenoticias.com.br\/wp-content\/uploads\/2024\/08\/Serra-4x4-1.jpg 1181w\" sizes=\"auto, (max-width: 280px) 100vw, 280px\" \/><\/a><\/figure><\/div>\n\n\n\n<p>Em contrapartida, os respons\u00e1veis tamb\u00e9m expressaram preocupa\u00e7\u00f5es sobre a capacidade dos herdeiros em lidar com a vida ap\u00f3s o ensino m\u00e9dio, especialmente no que diz respeito ao estado emocional. Cerca de 81% afirmaram preocupa\u00e7\u00f5es com seus filhos sobre suas trajet\u00f3rias ap\u00f3s receberem o diploma do ensino m\u00e9dio. E a\u00ed na sua casa? Seu filho est\u00e1 pronto para encarar o mundo com o fim da vida escolar?<\/p>\n\n\n\n<div class=\"wp-block-image\"><figure class=\"aligncenter size-large is-resized\"><a href=\"https:\/\/legisjuris.com.br\/\"><img loading=\"lazy\" decoding=\"async\" src=\"https:\/\/jornalfatosenoticias.com.br\/wp-content\/uploads\/2024\/09\/Legis-Juris-Consultoria_logo.jpg\" alt=\"\" class=\"wp-image-53915\" width=\"525\" height=\"220\" srcset=\"https:\/\/jornalfatosenoticias.com.br\/wp-content\/uploads\/2024\/09\/Legis-Juris-Consultoria_logo.jpg 969w, https:\/\/jornalfatosenoticias.com.br\/wp-content\/uploads\/2024\/09\/Legis-Juris-Consultoria_logo-300x126.jpg 300w, https:\/\/jornalfatosenoticias.com.br\/wp-content\/uploads\/2024\/09\/Legis-Juris-Consultoria_logo-768x322.jpg 768w\" sizes=\"auto, (max-width: 525px) 100vw, 525px\" \/><\/a><\/figure><\/div>\n\n\n\n<p><strong>Fonte: <a href=\"https:\/\/revistacrescer.globo.com\/pre-adolescentes\/educacao\/noticia\/2025\/06\/o-que-esta-acontecendo-com-os-jovens-quando-se-formam-no-ensino-medio.ghtml\">Crescer<\/a><\/strong><\/p>\n","protected":false},"excerpt":{"rendered":"<p>Nova pesquisa concluiu que tanto os pais quanto os alunos t\u00eam d\u00favidas sobre o qu\u00e3o prontos est\u00e3o os jovens para a vida ap\u00f3s a formatura e 30% t\u00eam problemas de sa\u00fade mental A conclus\u00e3o do ensino m\u00e9dio marca uma verdadeira transi\u00e7\u00e3o na vida de qualquer adolescente \u2014 e n\u00e3o \u00e0 toa: trata-se de uma fase [&hellip;]<\/p>\n","protected":false},"author":2,"featured_media":61352,"comment_status":"open","ping_status":"open","sticky":false,"template":"","format":"standard","meta":{"footnotes":""},"categories":[7],"tags":[5835,9651,8756,688,26752],"class_list":["post-61351","post","type-post","status-publish","format-standard","has-post-thumbnail","hentry","category-educacao","tag-diploma","tag-ensino-medio","tag-formatura","tag-saude-mental","tag-vida-escolar"],"yoast_head":"<!-- This site is optimized with the Yoast SEO plugin v26.5 - https:\/\/yoast.com\/wordpress\/plugins\/seo\/ -->\n<title>O que est\u00e1 acontecendo com os jovens depois que se formam no ensino m\u00e9dio? - Jornal Fatos e Not\u00edcias<\/title>\n<meta name=\"robots\" content=\"index, follow, max-snippet:-1, max-image-preview:large, max-video-preview:-1\" \/>\n<link rel=\"canonical\" href=\"https:\/\/jornalfatosenoticias.com.br\/index.php\/2025\/08\/20\/o-que-esta-acontecendo-com-os-jovens-depois-que-se-formam-no-ensino-medio\/\" \/>\n<meta property=\"og:locale\" content=\"pt_BR\" \/>\n<meta property=\"og:type\" content=\"article\" \/>\n<meta property=\"og:title\" content=\"O que est\u00e1 acontecendo com os jovens depois que se formam no ensino m\u00e9dio? - Jornal Fatos e Not\u00edcias\" \/>\n<meta property=\"og:description\" content=\"Nova pesquisa concluiu que tanto os pais quanto os alunos t\u00eam d\u00favidas sobre o qu\u00e3o prontos est\u00e3o os jovens para a vida ap\u00f3s a formatura e 30% t\u00eam problemas de sa\u00fade mental A conclus\u00e3o do ensino m\u00e9dio marca uma verdadeira transi\u00e7\u00e3o na vida de qualquer adolescente \u2014 e n\u00e3o \u00e0 toa: trata-se de uma fase [&hellip;]\" \/>\n<meta property=\"og:url\" content=\"https:\/\/jornalfatosenoticias.com.br\/index.php\/2025\/08\/20\/o-que-esta-acontecendo-com-os-jovens-depois-que-se-formam-no-ensino-medio\/\" \/>\n<meta property=\"og:site_name\" content=\"Jornal Fatos e Not\u00edcias\" \/>\n<meta property=\"article:published_time\" content=\"2025-08-20T18:17:37+00:00\" \/>\n<meta property=\"article:modified_time\" content=\"2025-08-20T18:17:38+00:00\" \/>\n<meta property=\"og:image\" content=\"https:\/\/jornalfatosenoticias.com.br\/wp-content\/uploads\/2025\/08\/formatura_freepik.jpg\" \/>\n\t<meta property=\"og:image:width\" content=\"1000\" \/>\n\t<meta property=\"og:image:height\" content=\"666\" \/>\n\t<meta property=\"og:image:type\" content=\"image\/jpeg\" \/>\n<meta name=\"author\" content=\"Luzimara Fernandes\" \/>\n<meta name=\"twitter:card\" content=\"summary_large_image\" \/>\n<meta name=\"twitter:label1\" content=\"Escrito por\" \/>\n\t<meta name=\"twitter:data1\" content=\"Luzimara Fernandes\" \/>\n\t<meta name=\"twitter:label2\" content=\"Est. tempo de leitura\" \/>\n\t<meta name=\"twitter:data2\" content=\"2 minutos\" \/>\n<script type=\"application\/ld+json\" class=\"yoast-schema-graph\">{\"@context\":\"https:\/\/schema.org\",\"@graph\":[{\"@type\":\"Article\",\"@id\":\"https:\/\/jornalfatosenoticias.com.br\/index.php\/2025\/08\/20\/o-que-esta-acontecendo-com-os-jovens-depois-que-se-formam-no-ensino-medio\/#article\",\"isPartOf\":{\"@id\":\"https:\/\/jornalfatosenoticias.com.br\/index.php\/2025\/08\/20\/o-que-esta-acontecendo-com-os-jovens-depois-que-se-formam-no-ensino-medio\/\"},\"author\":{\"name\":\"Luzimara Fernandes\",\"@id\":\"https:\/\/jornalfatosenoticias.com.br\/#\/schema\/person\/d63837fa13ac8666eb9e74e0985d6f81\"},\"headline\":\"O que est\u00e1 acontecendo com os jovens depois que se formam no ensino m\u00e9dio?\",\"datePublished\":\"2025-08-20T18:17:37+00:00\",\"dateModified\":\"2025-08-20T18:17:38+00:00\",\"mainEntityOfPage\":{\"@id\":\"https:\/\/jornalfatosenoticias.com.br\/index.php\/2025\/08\/20\/o-que-esta-acontecendo-com-os-jovens-depois-que-se-formam-no-ensino-medio\/\"},\"wordCount\":410,\"commentCount\":0,\"publisher\":{\"@id\":\"https:\/\/jornalfatosenoticias.com.br\/#organization\"},\"image\":{\"@id\":\"https:\/\/jornalfatosenoticias.com.br\/index.php\/2025\/08\/20\/o-que-esta-acontecendo-com-os-jovens-depois-que-se-formam-no-ensino-medio\/#primaryimage\"},\"thumbnailUrl\":\"https:\/\/jornalfatosenoticias.com.br\/wp-content\/uploads\/2025\/08\/formatura_freepik.jpg\",\"keywords\":[\"diploma\",\"ensino m\u00e9dio\",\"formatura\",\"sa\u00fade mental\",\"vida escolar\"],\"articleSection\":[\"Educa\u00e7\u00e3o\"],\"inLanguage\":\"pt-BR\",\"potentialAction\":[{\"@type\":\"CommentAction\",\"name\":\"Comment\",\"target\":[\"https:\/\/jornalfatosenoticias.com.br\/index.php\/2025\/08\/20\/o-que-esta-acontecendo-com-os-jovens-depois-que-se-formam-no-ensino-medio\/#respond\"]}]},{\"@type\":\"WebPage\",\"@id\":\"https:\/\/jornalfatosenoticias.com.br\/index.php\/2025\/08\/20\/o-que-esta-acontecendo-com-os-jovens-depois-que-se-formam-no-ensino-medio\/\",\"url\":\"https:\/\/jornalfatosenoticias.com.br\/index.php\/2025\/08\/20\/o-que-esta-acontecendo-com-os-jovens-depois-que-se-formam-no-ensino-medio\/\",\"name\":\"O que est\u00e1 acontecendo com os jovens depois que se formam no ensino m\u00e9dio? - Jornal Fatos e Not\u00edcias\",\"isPartOf\":{\"@id\":\"https:\/\/jornalfatosenoticias.com.br\/#website\"},\"primaryImageOfPage\":{\"@id\":\"https:\/\/jornalfatosenoticias.com.br\/index.php\/2025\/08\/20\/o-que-esta-acontecendo-com-os-jovens-depois-que-se-formam-no-ensino-medio\/#primaryimage\"},\"image\":{\"@id\":\"https:\/\/jornalfatosenoticias.com.br\/index.php\/2025\/08\/20\/o-que-esta-acontecendo-com-os-jovens-depois-que-se-formam-no-ensino-medio\/#primaryimage\"},\"thumbnailUrl\":\"https:\/\/jornalfatosenoticias.com.br\/wp-content\/uploads\/2025\/08\/formatura_freepik.jpg\",\"datePublished\":\"2025-08-20T18:17:37+00:00\",\"dateModified\":\"2025-08-20T18:17:38+00:00\",\"breadcrumb\":{\"@id\":\"https:\/\/jornalfatosenoticias.com.br\/index.php\/2025\/08\/20\/o-que-esta-acontecendo-com-os-jovens-depois-que-se-formam-no-ensino-medio\/#breadcrumb\"},\"inLanguage\":\"pt-BR\",\"potentialAction\":[{\"@type\":\"ReadAction\",\"target\":[\"https:\/\/jornalfatosenoticias.com.br\/index.php\/2025\/08\/20\/o-que-esta-acontecendo-com-os-jovens-depois-que-se-formam-no-ensino-medio\/\"]}]},{\"@type\":\"ImageObject\",\"inLanguage\":\"pt-BR\",\"@id\":\"https:\/\/jornalfatosenoticias.com.br\/index.php\/2025\/08\/20\/o-que-esta-acontecendo-com-os-jovens-depois-que-se-formam-no-ensino-medio\/#primaryimage\",\"url\":\"https:\/\/jornalfatosenoticias.com.br\/wp-content\/uploads\/2025\/08\/formatura_freepik.jpg\",\"contentUrl\":\"https:\/\/jornalfatosenoticias.com.br\/wp-content\/uploads\/2025\/08\/formatura_freepik.jpg\",\"width\":1000,\"height\":666,\"caption\":\"Group of diverse grads throwing caps up in the sky\"},{\"@type\":\"BreadcrumbList\",\"@id\":\"https:\/\/jornalfatosenoticias.com.br\/index.php\/2025\/08\/20\/o-que-esta-acontecendo-com-os-jovens-depois-que-se-formam-no-ensino-medio\/#breadcrumb\",\"itemListElement\":[{\"@type\":\"ListItem\",\"position\":1,\"name\":\"In\u00edcio\",\"item\":\"https:\/\/jornalfatosenoticias.com.br\/\"},{\"@type\":\"ListItem\",\"position\":2,\"name\":\"O que est\u00e1 acontecendo com os jovens depois que se formam no ensino m\u00e9dio?\"}]},{\"@type\":\"WebSite\",\"@id\":\"https:\/\/jornalfatosenoticias.com.br\/#website\",\"url\":\"https:\/\/jornalfatosenoticias.com.br\/\",\"name\":\"Jornal Fatos e Not\u00edcias\",\"description\":\"Not\u00edcias em geral\",\"publisher\":{\"@id\":\"https:\/\/jornalfatosenoticias.com.br\/#organization\"},\"potentialAction\":[{\"@type\":\"SearchAction\",\"target\":{\"@type\":\"EntryPoint\",\"urlTemplate\":\"https:\/\/jornalfatosenoticias.com.br\/?s={search_term_string}\"},\"query-input\":{\"@type\":\"PropertyValueSpecification\",\"valueRequired\":true,\"valueName\":\"search_term_string\"}}],\"inLanguage\":\"pt-BR\"},{\"@type\":\"Organization\",\"@id\":\"https:\/\/jornalfatosenoticias.com.br\/#organization\",\"name\":\"Jornal Fatos e Not\u00edcias\",\"url\":\"https:\/\/jornalfatosenoticias.com.br\/\",\"logo\":{\"@type\":\"ImageObject\",\"inLanguage\":\"pt-BR\",\"@id\":\"https:\/\/jornalfatosenoticias.com.br\/#\/schema\/logo\/image\/\",\"url\":\"https:\/\/jornalfatosenoticias.com.br\/wp-content\/uploads\/2020\/02\/logo120.png\",\"contentUrl\":\"https:\/\/jornalfatosenoticias.com.br\/wp-content\/uploads\/2020\/02\/logo120.png\",\"width\":1227,\"height\":120,\"caption\":\"Jornal Fatos e Not\u00edcias\"},\"image\":{\"@id\":\"https:\/\/jornalfatosenoticias.com.br\/#\/schema\/logo\/image\/\"}},{\"@type\":\"Person\",\"@id\":\"https:\/\/jornalfatosenoticias.com.br\/#\/schema\/person\/d63837fa13ac8666eb9e74e0985d6f81\",\"name\":\"Luzimara Fernandes\",\"image\":{\"@type\":\"ImageObject\",\"inLanguage\":\"pt-BR\",\"@id\":\"https:\/\/jornalfatosenoticias.com.br\/#\/schema\/person\/image\/\",\"url\":\"https:\/\/jornalfatosenoticias.com.br\/wp-content\/uploads\/2025\/05\/EU_portal.jpg\",\"contentUrl\":\"https:\/\/jornalfatosenoticias.com.br\/wp-content\/uploads\/2025\/05\/EU_portal.jpg\",\"caption\":\"Luzimara Fernandes\"},\"description\":\"Jornalista MTB 2358-ES\",\"sameAs\":[\"https:\/\/jornalfatosenoticias.com.br\"],\"url\":\"https:\/\/jornalfatosenoticias.com.br\/index.php\/author\/luzimara\/\"}]}<\/script>\n<!-- \/ Yoast SEO plugin. -->","yoast_head_json":{"title":"O que est\u00e1 acontecendo com os jovens depois que se formam no ensino m\u00e9dio? - Jornal Fatos e Not\u00edcias","robots":{"index":"index","follow":"follow","max-snippet":"max-snippet:-1","max-image-preview":"max-image-preview:large","max-video-preview":"max-video-preview:-1"},"canonical":"https:\/\/jornalfatosenoticias.com.br\/index.php\/2025\/08\/20\/o-que-esta-acontecendo-com-os-jovens-depois-que-se-formam-no-ensino-medio\/","og_locale":"pt_BR","og_type":"article","og_title":"O que est\u00e1 acontecendo com os jovens depois que se formam no ensino m\u00e9dio? - Jornal Fatos e Not\u00edcias","og_description":"Nova pesquisa concluiu que tanto os pais quanto os alunos t\u00eam d\u00favidas sobre o qu\u00e3o prontos est\u00e3o os jovens para a vida ap\u00f3s a formatura e 30% t\u00eam problemas de sa\u00fade mental A conclus\u00e3o do ensino m\u00e9dio marca uma verdadeira transi\u00e7\u00e3o na vida de qualquer adolescente \u2014 e n\u00e3o \u00e0 toa: trata-se de uma fase [&hellip;]","og_url":"https:\/\/jornalfatosenoticias.com.br\/index.php\/2025\/08\/20\/o-que-esta-acontecendo-com-os-jovens-depois-que-se-formam-no-ensino-medio\/","og_site_name":"Jornal Fatos e Not\u00edcias","article_published_time":"2025-08-20T18:17:37+00:00","article_modified_time":"2025-08-20T18:17:38+00:00","og_image":[{"width":1000,"height":666,"url":"https:\/\/jornalfatosenoticias.com.br\/wp-content\/uploads\/2025\/08\/formatura_freepik.jpg","type":"image\/jpeg"}],"author":"Luzimara Fernandes","twitter_card":"summary_large_image","twitter_misc":{"Escrito por":"Luzimara Fernandes","Est. tempo de leitura":"2 minutos"},"schema":{"@context":"https:\/\/schema.org","@graph":[{"@type":"Article","@id":"https:\/\/jornalfatosenoticias.com.br\/index.php\/2025\/08\/20\/o-que-esta-acontecendo-com-os-jovens-depois-que-se-formam-no-ensino-medio\/#article","isPartOf":{"@id":"https:\/\/jornalfatosenoticias.com.br\/index.php\/2025\/08\/20\/o-que-esta-acontecendo-com-os-jovens-depois-que-se-formam-no-ensino-medio\/"},"author":{"name":"Luzimara Fernandes","@id":"https:\/\/jornalfatosenoticias.com.br\/#\/schema\/person\/d63837fa13ac8666eb9e74e0985d6f81"},"headline":"O que est\u00e1 acontecendo com os jovens depois que se formam no ensino m\u00e9dio?","datePublished":"2025-08-20T18:17:37+00:00","dateModified":"2025-08-20T18:17:38+00:00","mainEntityOfPage":{"@id":"https:\/\/jornalfatosenoticias.com.br\/index.php\/2025\/08\/20\/o-que-esta-acontecendo-com-os-jovens-depois-que-se-formam-no-ensino-medio\/"},"wordCount":410,"commentCount":0,"publisher":{"@id":"https:\/\/jornalfatosenoticias.com.br\/#organization"},"image":{"@id":"https:\/\/jornalfatosenoticias.com.br\/index.php\/2025\/08\/20\/o-que-esta-acontecendo-com-os-jovens-depois-que-se-formam-no-ensino-medio\/#primaryimage"},"thumbnailUrl":"https:\/\/jornalfatosenoticias.com.br\/wp-content\/uploads\/2025\/08\/formatura_freepik.jpg","keywords":["diploma","ensino m\u00e9dio","formatura","sa\u00fade mental","vida escolar"],"articleSection":["Educa\u00e7\u00e3o"],"inLanguage":"pt-BR","potentialAction":[{"@type":"CommentAction","name":"Comment","target":["https:\/\/jornalfatosenoticias.com.br\/index.php\/2025\/08\/20\/o-que-esta-acontecendo-com-os-jovens-depois-que-se-formam-no-ensino-medio\/#respond"]}]},{"@type":"WebPage","@id":"https:\/\/jornalfatosenoticias.com.br\/index.php\/2025\/08\/20\/o-que-esta-acontecendo-com-os-jovens-depois-que-se-formam-no-ensino-medio\/","url":"https:\/\/jornalfatosenoticias.com.br\/index.php\/2025\/08\/20\/o-que-esta-acontecendo-com-os-jovens-depois-que-se-formam-no-ensino-medio\/","name":"O que est\u00e1 acontecendo com os jovens depois que se formam no ensino m\u00e9dio? - Jornal Fatos e Not\u00edcias","isPartOf":{"@id":"https:\/\/jornalfatosenoticias.com.br\/#website"},"primaryImageOfPage":{"@id":"https:\/\/jornalfatosenoticias.com.br\/index.php\/2025\/08\/20\/o-que-esta-acontecendo-com-os-jovens-depois-que-se-formam-no-ensino-medio\/#primaryimage"},"image":{"@id":"https:\/\/jornalfatosenoticias.com.br\/index.php\/2025\/08\/20\/o-que-esta-acontecendo-com-os-jovens-depois-que-se-formam-no-ensino-medio\/#primaryimage"},"thumbnailUrl":"https:\/\/jornalfatosenoticias.com.br\/wp-content\/uploads\/2025\/08\/formatura_freepik.jpg","datePublished":"2025-08-20T18:17:37+00:00","dateModified":"2025-08-20T18:17:38+00:00","breadcrumb":{"@id":"https:\/\/jornalfatosenoticias.com.br\/index.php\/2025\/08\/20\/o-que-esta-acontecendo-com-os-jovens-depois-que-se-formam-no-ensino-medio\/#breadcrumb"},"inLanguage":"pt-BR","potentialAction":[{"@type":"ReadAction","target":["https:\/\/jornalfatosenoticias.com.br\/index.php\/2025\/08\/20\/o-que-esta-acontecendo-com-os-jovens-depois-que-se-formam-no-ensino-medio\/"]}]},{"@type":"ImageObject","inLanguage":"pt-BR","@id":"https:\/\/jornalfatosenoticias.com.br\/index.php\/2025\/08\/20\/o-que-esta-acontecendo-com-os-jovens-depois-que-se-formam-no-ensino-medio\/#primaryimage","url":"https:\/\/jornalfatosenoticias.com.br\/wp-content\/uploads\/2025\/08\/formatura_freepik.jpg","contentUrl":"https:\/\/jornalfatosenoticias.com.br\/wp-content\/uploads\/2025\/08\/formatura_freepik.jpg","width":1000,"height":666,"caption":"Group of diverse grads throwing caps up in the sky"},{"@type":"BreadcrumbList","@id":"https:\/\/jornalfatosenoticias.com.br\/index.php\/2025\/08\/20\/o-que-esta-acontecendo-com-os-jovens-depois-que-se-formam-no-ensino-medio\/#breadcrumb","itemListElement":[{"@type":"ListItem","position":1,"name":"In\u00edcio","item":"https:\/\/jornalfatosenoticias.com.br\/"},{"@type":"ListItem","position":2,"name":"O que est\u00e1 acontecendo com os jovens depois que se formam no ensino m\u00e9dio?"}]},{"@type":"WebSite","@id":"https:\/\/jornalfatosenoticias.com.br\/#website","url":"https:\/\/jornalfatosenoticias.com.br\/","name":"Jornal Fatos e Not\u00edcias","description":"Not\u00edcias em geral","publisher":{"@id":"https:\/\/jornalfatosenoticias.com.br\/#organization"},"potentialAction":[{"@type":"SearchAction","target":{"@type":"EntryPoint","urlTemplate":"https:\/\/jornalfatosenoticias.com.br\/?s={search_term_string}"},"query-input":{"@type":"PropertyValueSpecification","valueRequired":true,"valueName":"search_term_string"}}],"inLanguage":"pt-BR"},{"@type":"Organization","@id":"https:\/\/jornalfatosenoticias.com.br\/#organization","name":"Jornal Fatos e Not\u00edcias","url":"https:\/\/jornalfatosenoticias.com.br\/","logo":{"@type":"ImageObject","inLanguage":"pt-BR","@id":"https:\/\/jornalfatosenoticias.com.br\/#\/schema\/logo\/image\/","url":"https:\/\/jornalfatosenoticias.com.br\/wp-content\/uploads\/2020\/02\/logo120.png","contentUrl":"https:\/\/jornalfatosenoticias.com.br\/wp-content\/uploads\/2020\/02\/logo120.png","width":1227,"height":120,"caption":"Jornal Fatos e Not\u00edcias"},"image":{"@id":"https:\/\/jornalfatosenoticias.com.br\/#\/schema\/logo\/image\/"}},{"@type":"Person","@id":"https:\/\/jornalfatosenoticias.com.br\/#\/schema\/person\/d63837fa13ac8666eb9e74e0985d6f81","name":"Luzimara Fernandes","image":{"@type":"ImageObject","inLanguage":"pt-BR","@id":"https:\/\/jornalfatosenoticias.com.br\/#\/schema\/person\/image\/","url":"https:\/\/jornalfatosenoticias.com.br\/wp-content\/uploads\/2025\/05\/EU_portal.jpg","contentUrl":"https:\/\/jornalfatosenoticias.com.br\/wp-content\/uploads\/2025\/05\/EU_portal.jpg","caption":"Luzimara Fernandes"},"description":"Jornalista MTB 2358-ES","sameAs":["https:\/\/jornalfatosenoticias.com.br"],"url":"https:\/\/jornalfatosenoticias.com.br\/index.php\/author\/luzimara\/"}]}},"cc_featured_image_caption":{"caption_text":"(Foto: Freepik) ","source_text":"","source_url":""},"jetpack_featured_media_url":"https:\/\/jornalfatosenoticias.com.br\/wp-content\/uploads\/2025\/08\/formatura_freepik.jpg","_links":{"self":[{"href":"https:\/\/jornalfatosenoticias.com.br\/index.php\/wp-json\/wp\/v2\/posts\/61351","targetHints":{"allow":["GET"]}}],"collection":[{"href":"https:\/\/jornalfatosenoticias.com.br\/index.php\/wp-json\/wp\/v2\/posts"}],"about":[{"href":"https:\/\/jornalfatosenoticias.com.br\/index.php\/wp-json\/wp\/v2\/types\/post"}],"author":[{"embeddable":true,"href":"https:\/\/jornalfatosenoticias.com.br\/index.php\/wp-json\/wp\/v2\/users\/2"}],"replies":[{"embeddable":true,"href":"https:\/\/jornalfatosenoticias.com.br\/index.php\/wp-json\/wp\/v2\/comments?post=61351"}],"version-history":[{"count":0,"href":"https:\/\/jornalfatosenoticias.com.br\/index.php\/wp-json\/wp\/v2\/posts\/61351\/revisions"}],"wp:featuredmedia":[{"embeddable":true,"href":"https:\/\/jornalfatosenoticias.com.br\/index.php\/wp-json\/wp\/v2\/media\/61352"}],"wp:attachment":[{"href":"https:\/\/jornalfatosenoticias.com.br\/index.php\/wp-json\/wp\/v2\/media?parent=61351"}],"wp:term":[{"taxonomy":"category","embeddable":true,"href":"https:\/\/jornalfatosenoticias.com.br\/index.php\/wp-json\/wp\/v2\/categories?post=61351"},{"taxonomy":"post_tag","embeddable":true,"href":"https:\/\/jornalfatosenoticias.com.br\/index.php\/wp-json\/wp\/v2\/tags?post=61351"}],"curies":[{"name":"wp","href":"https:\/\/api.w.org\/{rel}","templated":true}]}}