{"id":61354,"date":"2025-08-20T15:35:37","date_gmt":"2025-08-20T18:35:37","guid":{"rendered":"https:\/\/jornalfatosenoticias.com.br\/?p=61354"},"modified":"2025-08-20T15:35:38","modified_gmt":"2025-08-20T18:35:38","slug":"onca-preta-e-registrada-em-reserva-no-cerrado","status":"publish","type":"post","link":"https:\/\/jornalfatosenoticias.com.br\/index.php\/2025\/08\/20\/onca-preta-e-registrada-em-reserva-no-cerrado\/","title":{"rendered":"On\u00e7a-preta \u00e9 registrada em reserva no Cerrado"},"content":{"rendered":"\n<p><em><span class=\"has-inline-color has-black-color\">Descoberta refor\u00e7a a import\u00e2ncia de \u00e1reas protegidas e corredores ecol\u00f3gicos para preservar a on\u00e7a-pintada, esp\u00e9cie amea\u00e7ada de extin\u00e7\u00e3o<\/span><\/em><\/p>\n\n\n\n<div class=\"wp-block-image\"><figure class=\"aligncenter size-large is-resized\"><a href=\"https:\/\/www.facebook.com\/vetor.vix\/\"><img loading=\"lazy\" decoding=\"async\" src=\"https:\/\/jornalfatosenoticias.com.br\/wp-content\/uploads\/2023\/09\/vetorvix1024_1.jpg\" alt=\"\" class=\"wp-image-44868\" width=\"569\" height=\"151\" srcset=\"https:\/\/jornalfatosenoticias.com.br\/wp-content\/uploads\/2023\/09\/vetorvix1024_1.jpg 1024w, https:\/\/jornalfatosenoticias.com.br\/wp-content\/uploads\/2023\/09\/vetorvix1024_1-300x80.jpg 300w, https:\/\/jornalfatosenoticias.com.br\/wp-content\/uploads\/2023\/09\/vetorvix1024_1-768x205.jpg 768w\" sizes=\"auto, (max-width: 569px) 100vw, 569px\" \/><\/a><\/figure><\/div>\n\n\n\n<p>A presen\u00e7a de uma on\u00e7a-pintada mel\u00e2nica (<em>Panthera onca<\/em>) foi registrada pela primeira vez na Reserva Natural Serra do Tombador, localizada em Cavalcante, Goi\u00e1s. Tamb\u00e9m chamada de on\u00e7a-preta, a esp\u00e9cie foi flagrada por uma armadilha fotogr\u00e1fica nos meses de mar\u00e7o, abril e maio deste ano. A descoberta \u00e9 considerada um indicador positivo para a preserva\u00e7\u00e3o da esp\u00e9cie s\u00edmbolo da fauna brasileira, classificada como \u201cVulner\u00e1vel\u201d pela Portaria 148\/2022 do Minist\u00e9rio do Meio Ambiente.<br>A bi\u00f3loga Mariana Vasquez, gerente da Reserva Natural Serra do Tombador, explica que as armadilhas fotogr\u00e1ficas j\u00e1 haviam registrado outras on\u00e7as-pintadas na reserva, al\u00e9m de outros grandes mam\u00edferos como on\u00e7a-parda e lobo-guar\u00e1. <\/p>\n\n\n\n<div class=\"wp-block-image\"><figure class=\"aligncenter size-large is-resized\"><a href=\"https:\/\/www.instagram.com\/rcradiadores\/\"><img loading=\"lazy\" decoding=\"async\" src=\"https:\/\/jornalfatosenoticias.com.br\/wp-content\/uploads\/2022\/10\/RC_800x750_page-0001.jpg\" alt=\"\" class=\"wp-image-35338\" width=\"294\" height=\"276\" srcset=\"https:\/\/jornalfatosenoticias.com.br\/wp-content\/uploads\/2022\/10\/RC_800x750_page-0001.jpg 400w, https:\/\/jornalfatosenoticias.com.br\/wp-content\/uploads\/2022\/10\/RC_800x750_page-0001-300x281.jpg 300w\" sizes=\"auto, (max-width: 294px) 100vw, 294px\" \/><\/a><\/figure><\/div>\n\n\n\n<blockquote class=\"wp-block-quote is-layout-flow wp-block-quote-is-layout-flow\"><p><span class=\"has-inline-color has-luminous-vivid-orange-color\">Nunca hav\u00edamos registrado a presen\u00e7a de uma on\u00e7a-preta (on\u00e7a-pintada mel\u00e2nica) por aqui \u2014 nem pelo monitoramento sistem\u00e1tico realizado por c\u00e2meras, nem pelo patrulhamento realizado no local desde a aquisi\u00e7\u00e3o da propriedade, h\u00e1 cerca de 20 anos\u201d, conta. \u201cNem mesmo os moradores da regi\u00e3o tinham avistado esse animal\u201d, completa.<\/span><\/p><\/blockquote>\n\n\n\n<div class=\"wp-block-image\"><figure class=\"aligncenter size-large is-resized\"><a href=\"https:\/\/panper.com.br\/\"><img loading=\"lazy\" decoding=\"async\" src=\"https:\/\/jornalfatosenoticias.com.br\/wp-content\/uploads\/2023\/03\/logo-Panper_portal.jpg\" alt=\"\" class=\"wp-image-40208\" width=\"316\" height=\"219\" srcset=\"https:\/\/jornalfatosenoticias.com.br\/wp-content\/uploads\/2023\/03\/logo-Panper_portal.jpg 400w, https:\/\/jornalfatosenoticias.com.br\/wp-content\/uploads\/2023\/03\/logo-Panper_portal-300x208.jpg 300w\" sizes=\"auto, (max-width: 316px) 100vw, 316px\" \/><\/a><\/figure><\/div>\n\n\n\n<p><strong><span class=\"has-inline-color has-vivid-green-cyan-color\">On\u00e7a-preta<br><\/span><\/strong>A on\u00e7a-pintada mel\u00e2nica \u00e9 uma varia\u00e7\u00e3o rara do maior felino das Am\u00e9ricas. \u201cO melanismo \u00e9 relativamente raro entre as <strong><strong><a href=\"https:\/\/ciclovivo.com.br\/planeta\/meio-ambiente\/oncafari-confirma-1a-reintroducao-bem-sucedida-de-oncas-pintadas-do-mundo\/\" target=\"_blank\" rel=\"noreferrer noopener\">on\u00e7as-pintadas<\/a><\/strong><\/strong>, ocorrendo em cerca de 10% dos indiv\u00edduos da esp\u00e9cie\u201d, explica o bi\u00f3logo Roberto Fusco, membro da Rede de Especialistas em Conserva\u00e7\u00e3o da Natureza (RECN) e coordenador do programa Grandes Mam\u00edferos da Serra do Mar. <\/p>\n\n\n\n<div class=\"wp-block-image\"><figure class=\"aligncenter size-large is-resized\"><a href=\"https:\/\/www.instagram.com\/esteio.churrascaria\/\"><img loading=\"lazy\" decoding=\"async\" src=\"https:\/\/jornalfatosenoticias.com.br\/wp-content\/uploads\/2022\/02\/LOGO-ESTEIO-1024x730.png\" alt=\"\" class=\"wp-image-27942\" width=\"295\" height=\"210\" srcset=\"https:\/\/jornalfatosenoticias.com.br\/wp-content\/uploads\/2022\/02\/LOGO-ESTEIO-1024x730.png 1024w, https:\/\/jornalfatosenoticias.com.br\/wp-content\/uploads\/2022\/02\/LOGO-ESTEIO-300x214.png 300w, https:\/\/jornalfatosenoticias.com.br\/wp-content\/uploads\/2022\/02\/LOGO-ESTEIO-768x548.png 768w, https:\/\/jornalfatosenoticias.com.br\/wp-content\/uploads\/2022\/02\/LOGO-ESTEIO.png 1123w\" sizes=\"auto, (max-width: 295px) 100vw, 295px\" \/><\/a><\/figure><\/div>\n\n\n\n<blockquote class=\"wp-block-quote is-layout-flow wp-block-quote-is-layout-flow\"><p><span class=\"has-inline-color has-luminous-vivid-orange-color\">O melanismo \u00e9 uma muta\u00e7\u00e3o gen\u00e9tica que aumenta a produ\u00e7\u00e3o de melanina \u2014 que faz com que o pelo do animal tenha colora\u00e7\u00e3o escura \u2014 mas sabemos que, para que nas\u00e7a uma on\u00e7a mel\u00e2nica, \u00e9 necess\u00e1rio que pelo menos um dos pais tamb\u00e9m apresente essa caracter\u00edstica\u201d, complementa.<\/span><\/p><\/blockquote>\n\n\n\n<div class=\"wp-block-image\"><figure class=\"aligncenter size-large is-resized\"><a href=\"https:\/\/www.instagram.com\/gruposei\/\"><img loading=\"lazy\" decoding=\"async\" src=\"https:\/\/jornalfatosenoticias.com.br\/wp-content\/uploads\/2022\/07\/Logo-Grupo-SEI.jpg\" alt=\"\" class=\"wp-image-31973\" width=\"364\" height=\"191\" srcset=\"https:\/\/jornalfatosenoticias.com.br\/wp-content\/uploads\/2022\/07\/Logo-Grupo-SEI.jpg 713w, https:\/\/jornalfatosenoticias.com.br\/wp-content\/uploads\/2022\/07\/Logo-Grupo-SEI-300x158.jpg 300w\" sizes=\"auto, (max-width: 364px) 100vw, 364px\" \/><\/a><\/figure><\/div>\n\n\n\n<p><strong><span class=\"has-inline-color has-vivid-green-cyan-color\">Import\u00e2ncia do registro<br><\/span><\/strong>A descoberta refor\u00e7a a import\u00e2ncia de \u00e1reas protegidas, uma vez que a on\u00e7a foi encontrada dentro de uma \u00e1rea de conserva\u00e7\u00e3o com cerca de nove mil hectares criada e mantida pela Funda\u00e7\u00e3o Grupo Botic\u00e1rio de Prote\u00e7\u00e3o \u00e0 Natureza. Os especialistas explicam que as on\u00e7as costumam percorrer longas dist\u00e2ncias em busca de abrigo, alimento, prote\u00e7\u00e3o e locais para reprodu\u00e7\u00e3o. \u201cS\u00e3o animais solit\u00e1rios, que permanecem com a m\u00e3e apenas at\u00e9 os dois anos de idade, e podem se deslocar por uma \u00e1rea que pode ultrapassar 50 mil hectares\u201d, afirma Fusco. \u201cPor isso, \u00e9 t\u00e3o importante que as unidades de conserva\u00e7\u00e3o sejam fortalecidas e que existam corredores ecol\u00f3gicos, garantindo a conserva\u00e7\u00e3o n\u00e3o s\u00f3 das on\u00e7as, mas de diversas outras esp\u00e9cies da fauna\u201d, ressalta.<\/p>\n\n\n\n<div class=\"wp-block-image\"><figure class=\"aligncenter size-large is-resized\"><a href=\"https:\/\/www.controlsystems.com.br\/\"><img loading=\"lazy\" decoding=\"async\" src=\"https:\/\/jornalfatosenoticias.com.br\/wp-content\/uploads\/2020\/02\/CONTROL-CS.jpg\" alt=\"\" class=\"wp-image-44991\" width=\"288\" height=\"345\" srcset=\"https:\/\/jornalfatosenoticias.com.br\/wp-content\/uploads\/2020\/02\/CONTROL-CS.jpg 834w, https:\/\/jornalfatosenoticias.com.br\/wp-content\/uploads\/2020\/02\/CONTROL-CS-250x300.jpg 250w, https:\/\/jornalfatosenoticias.com.br\/wp-content\/uploads\/2020\/02\/CONTROL-CS-768x921.jpg 768w\" sizes=\"auto, (max-width: 288px) 100vw, 288px\" \/><\/a><\/figure><\/div>\n\n\n\n<p>Fusco destaca ainda que a presen\u00e7a de on\u00e7as na Reserva do Tombador \u00e9 um forte ind\u00edcio do bom estado de conserva\u00e7\u00e3o da \u00e1rea e do entorno.<\/p>\n\n\n\n<blockquote class=\"wp-block-quote is-layout-flow wp-block-quote-is-layout-flow\"><p><span class=\"has-inline-color has-luminous-vivid-orange-color\">Por ser uma esp\u00e9cie guarda-chuva, que necessita de grandes territ\u00f3rios para sobreviver na natureza, proteger a on\u00e7a-pintada gera efeitos positivos para muitas outras esp\u00e9cies e, consequentemente, para todo o ecossistema\u201d, explica.<\/span><\/p><\/blockquote>\n\n\n\n<div class=\"wp-block-image\"><figure class=\"aligncenter size-large is-resized\"><a href=\"https:\/\/hotelmarquetti.com.br\/\"><img loading=\"lazy\" decoding=\"async\" src=\"https:\/\/jornalfatosenoticias.com.br\/wp-content\/uploads\/2020\/02\/LOGO-MQ-1024x680.jpg\" alt=\"\" class=\"wp-image-58299\" width=\"359\" height=\"238\" srcset=\"https:\/\/jornalfatosenoticias.com.br\/wp-content\/uploads\/2020\/02\/LOGO-MQ-1024x680.jpg 1024w, https:\/\/jornalfatosenoticias.com.br\/wp-content\/uploads\/2020\/02\/LOGO-MQ-300x199.jpg 300w, https:\/\/jornalfatosenoticias.com.br\/wp-content\/uploads\/2020\/02\/LOGO-MQ-768x510.jpg 768w, https:\/\/jornalfatosenoticias.com.br\/wp-content\/uploads\/2020\/02\/LOGO-MQ-1536x1020.jpg 1536w, https:\/\/jornalfatosenoticias.com.br\/wp-content\/uploads\/2020\/02\/LOGO-MQ-2048x1360.jpg 2048w\" sizes=\"auto, (max-width: 359px) 100vw, 359px\" \/><\/a><\/figure><\/div>\n\n\n\n<p>Mariana tamb\u00e9m acredita que registros como esse contribuem para aumentar o engajamento da comunidade local na conserva\u00e7\u00e3o da natureza. \u201cSem d\u00favida, esses registros de animais raros chamam muito a aten\u00e7\u00e3o de quem vive e trabalha no entorno da reserva, refor\u00e7ando a mensagem de que todos devemos nos empenhar para manter as \u00e1reas naturais bem conservadas\u201d, afirma.<\/p>\n\n\n\n<div class=\"wp-block-image\"><figure class=\"aligncenter size-large\"><img loading=\"lazy\" decoding=\"async\" width=\"1000\" height=\"717\" src=\"https:\/\/jornalfatosenoticias.com.br\/wp-content\/uploads\/2025\/08\/onca-pintada_pixabay.jpg\" alt=\"\" class=\"wp-image-61355\" srcset=\"https:\/\/jornalfatosenoticias.com.br\/wp-content\/uploads\/2025\/08\/onca-pintada_pixabay.jpg 1000w, https:\/\/jornalfatosenoticias.com.br\/wp-content\/uploads\/2025\/08\/onca-pintada_pixabay-300x215.jpg 300w, https:\/\/jornalfatosenoticias.com.br\/wp-content\/uploads\/2025\/08\/onca-pintada_pixabay-768x551.jpg 768w\" sizes=\"auto, (max-width: 1000px) 100vw, 1000px\" \/><figcaption><em><span class=\"has-inline-color has-black-color\">Maior felino das Am\u00e9ricas, a on\u00e7a-pintada corre s\u00e9rios riscos de extin\u00e7\u00e3o (Foto: Pixabay)<\/span><\/em><\/figcaption><\/figure><\/div>\n\n\n\n<p><strong><span class=\"has-inline-color has-vivid-green-cyan-color\">S\u00edmbolo amea\u00e7ado<br><\/span><\/strong>Maior felino das Am\u00e9ricas, a on\u00e7a-pintada tem maior concentra\u00e7\u00e3o na Amaz\u00f4nia e no <a href=\"https:\/\/ciclovivo.com.br\/planeta\/meio-ambiente\/preservacao-do-pantanal-pode-gerar-creditos-de-carbono\/\" target=\"_blank\" rel=\"noreferrer noopener\"><strong>Pantanal<\/strong><\/a> e \u00e9 considerada extinta no Pampa. Nos demais biomas, as popula\u00e7\u00f5es s\u00e3o menores e est\u00e3o mais fragmentadas. A fragmenta\u00e7\u00e3o dos habitats \u00e9, por si s\u00f3, uma amea\u00e7a significativa \u00e0 esp\u00e9cie.<\/p>\n\n\n\n<div class=\"wp-block-image\"><figure class=\"aligncenter size-large\"><a href=\"http:\/\/www.ferrarimaquinas.com.br\/\"><img loading=\"lazy\" decoding=\"async\" width=\"300\" height=\"250\" src=\"https:\/\/jornalfatosenoticias.com.br\/wp-content\/uploads\/2022\/02\/FERRARI_MAQUINAS-E-FERRAMENTAS2.jpg\" alt=\"\" class=\"wp-image-27860\"\/><\/a><\/figure><\/div>\n\n\n\n<blockquote class=\"wp-block-quote is-layout-flow wp-block-quote-is-layout-flow\"><p><span class=\"has-inline-color has-luminous-vivid-orange-color\">A on\u00e7a-pintada sofre com a perda de habitat causada sobretudo pelo desmatamento, mas tamb\u00e9m com a ca\u00e7a retaliat\u00f3ria, motivada por eventuais ataques a animais dom\u00e9sticos e de cria\u00e7\u00e3o, e tamb\u00e9m com os impactos das mudan\u00e7as clim\u00e1ticas\u201d, explica Fusco. \u201cOs atropelamentos tamb\u00e9m se tornaram uma amea\u00e7a crescente, especialmente no Cerrado. \u00c9 um desafio que afeta n\u00e3o apenas as on\u00e7as, mas diversos outros animais silvestres que vivem no bioma\u201d, acrescenta Mariana.<\/span><\/p><\/blockquote>\n\n\n\n<div class=\"wp-block-image\"><figure class=\"aligncenter size-large is-resized\"><a href=\"https:\/\/legisjuris.com.br\/\"><img loading=\"lazy\" decoding=\"async\" src=\"https:\/\/jornalfatosenoticias.com.br\/wp-content\/uploads\/2024\/09\/Legis-Juris-Consultoria_logo.jpg\" alt=\"\" class=\"wp-image-53915\" width=\"473\" height=\"198\" srcset=\"https:\/\/jornalfatosenoticias.com.br\/wp-content\/uploads\/2024\/09\/Legis-Juris-Consultoria_logo.jpg 969w, https:\/\/jornalfatosenoticias.com.br\/wp-content\/uploads\/2024\/09\/Legis-Juris-Consultoria_logo-300x126.jpg 300w, https:\/\/jornalfatosenoticias.com.br\/wp-content\/uploads\/2024\/09\/Legis-Juris-Consultoria_logo-768x322.jpg 768w\" sizes=\"auto, (max-width: 473px) 100vw, 473px\" \/><\/a><\/figure><\/div>\n\n\n\n<p><strong><span class=\"has-inline-color has-vivid-green-cyan-color\">Reserva Natural Serra do Tombador<br><\/span><\/strong>A Reserva Natural Serra do Tombador \u00e9 uma Reserva Particular do Patrim\u00f4nio Natural (RPPN) que protege 8.730 hectares de Cerrado, localizada em Cavalcante (GO). Classificada pelo Minist\u00e9rio do Meio Ambiente como \u00e1rea de extrema prioridade para a conserva\u00e7\u00e3o da biodiversidade do Cerrado, \u00e9 a maior RPPN do estado de Goi\u00e1s. A unidade, que n\u00e3o \u00e9 aberta \u00e0 visita\u00e7\u00e3o p\u00fablica, recebe pesquisadores dedicados ao estudo da conserva\u00e7\u00e3o da biodiversidade, da ecologia do fogo e do Manejo Integrado do Fogo (MIF).<\/p>\n\n\n\n<div class=\"wp-block-image\"><figure class=\"aligncenter size-large\"><a href=\"https:\/\/www.cesconetto.com.br\/\"><img loading=\"lazy\" decoding=\"async\" width=\"300\" height=\"250\" src=\"https:\/\/jornalfatosenoticias.com.br\/wp-content\/uploads\/2020\/02\/Banner-2.png\" alt=\"\" class=\"wp-image-43787\"\/><\/a><\/figure><\/div>\n\n\n\n<p>J\u00e1 foram registradas 437 esp\u00e9cies de plantas e 531 esp\u00e9cies de animais na reserva, algumas delas amea\u00e7adas de extin\u00e7\u00e3o. A reserva tamb\u00e9m \u00e9 considerada uma Solu\u00e7\u00e3o Baseada na Natureza (SBN), contribuindo para a prote\u00e7\u00e3o de recursos h\u00eddricos, a regula\u00e7\u00e3o do clima e a fixa\u00e7\u00e3o de carbono no solo. A unidade de conserva\u00e7\u00e3o possui ainda papel complementar na prote\u00e7\u00e3o da fauna da regi\u00e3o da Chapada dos Veadeiros.<\/p>\n\n\n\n<div class=\"wp-block-image\"><figure class=\"aligncenter size-large is-resized\"><a href=\"https:\/\/www.facebook.com\/profile.php?id=100069289606145\"><img loading=\"lazy\" decoding=\"async\" src=\"https:\/\/jornalfatosenoticias.com.br\/wp-content\/uploads\/2024\/11\/Guaitolini-Contabilidade-1024x714.jpeg\" alt=\"\" class=\"wp-image-55808\" width=\"317\" height=\"221\" srcset=\"https:\/\/jornalfatosenoticias.com.br\/wp-content\/uploads\/2024\/11\/Guaitolini-Contabilidade-1024x714.jpeg 1024w, https:\/\/jornalfatosenoticias.com.br\/wp-content\/uploads\/2024\/11\/Guaitolini-Contabilidade-300x209.jpeg 300w, https:\/\/jornalfatosenoticias.com.br\/wp-content\/uploads\/2024\/11\/Guaitolini-Contabilidade-768x535.jpeg 768w, https:\/\/jornalfatosenoticias.com.br\/wp-content\/uploads\/2024\/11\/Guaitolini-Contabilidade.jpeg 1280w\" sizes=\"auto, (max-width: 317px) 100vw, 317px\" \/><\/a><\/figure><\/div>\n\n\n\n<p><strong>Fonte: <a href=\"https:\/\/ciclovivo.com.br\/planeta\/meio-ambiente\/onca-preta-e-registrada-pela-1a-vez-em-reserva-no-cerrado\/\">CicloVivo<\/a><\/strong><\/p>\n","protected":false},"excerpt":{"rendered":"<p>Descoberta refor\u00e7a a import\u00e2ncia de \u00e1reas protegidas e corredores ecol\u00f3gicos para preservar a on\u00e7a-pintada, esp\u00e9cie amea\u00e7ada de extin\u00e7\u00e3o A presen\u00e7a de uma on\u00e7a-pintada mel\u00e2nica (Panthera onca) foi registrada pela primeira vez na Reserva Natural Serra do Tombador, localizada em Cavalcante, Goi\u00e1s. Tamb\u00e9m chamada de on\u00e7a-preta, a esp\u00e9cie foi flagrada por uma armadilha fotogr\u00e1fica nos meses [&hellip;]<\/p>\n","protected":false},"author":2,"featured_media":61356,"comment_status":"open","ping_status":"open","sticky":false,"template":"","format":"standard","meta":{"footnotes":""},"categories":[8],"tags":[257,1070,970,27951,971,778,6777],"class_list":["post-61354","post","type-post","status-publish","format-standard","has-post-thumbnail","hentry","category-meio-ambiente","tag-cerrado","tag-felino","tag-onca-pintada","tag-onca-pintada-melanica","tag-onca-preta","tag-pantanal","tag-reserva-natural-serra-do-tombador"],"yoast_head":"<!-- This site is optimized with the Yoast SEO plugin v26.5 - https:\/\/yoast.com\/wordpress\/plugins\/seo\/ -->\n<title>On\u00e7a-preta \u00e9 registrada em reserva no Cerrado - Jornal Fatos e Not\u00edcias<\/title>\n<meta name=\"robots\" content=\"index, follow, max-snippet:-1, max-image-preview:large, max-video-preview:-1\" \/>\n<link rel=\"canonical\" href=\"https:\/\/jornalfatosenoticias.com.br\/index.php\/2025\/08\/20\/onca-preta-e-registrada-em-reserva-no-cerrado\/\" \/>\n<meta property=\"og:locale\" content=\"pt_BR\" \/>\n<meta property=\"og:type\" content=\"article\" \/>\n<meta property=\"og:title\" content=\"On\u00e7a-preta \u00e9 registrada em reserva no Cerrado - Jornal Fatos e Not\u00edcias\" \/>\n<meta property=\"og:description\" content=\"Descoberta refor\u00e7a a import\u00e2ncia de \u00e1reas protegidas e corredores ecol\u00f3gicos para preservar a on\u00e7a-pintada, esp\u00e9cie amea\u00e7ada de extin\u00e7\u00e3o A presen\u00e7a de uma on\u00e7a-pintada mel\u00e2nica (Panthera onca) foi registrada pela primeira vez na Reserva Natural Serra do Tombador, localizada em Cavalcante, Goi\u00e1s. Tamb\u00e9m chamada de on\u00e7a-preta, a esp\u00e9cie foi flagrada por uma armadilha fotogr\u00e1fica nos meses [&hellip;]\" \/>\n<meta property=\"og:url\" content=\"https:\/\/jornalfatosenoticias.com.br\/index.php\/2025\/08\/20\/onca-preta-e-registrada-em-reserva-no-cerrado\/\" \/>\n<meta property=\"og:site_name\" content=\"Jornal Fatos e Not\u00edcias\" \/>\n<meta property=\"article:published_time\" content=\"2025-08-20T18:35:37+00:00\" \/>\n<meta property=\"article:modified_time\" content=\"2025-08-20T18:35:38+00:00\" \/>\n<meta property=\"og:image\" content=\"https:\/\/jornalfatosenoticias.com.br\/wp-content\/uploads\/2025\/08\/onca-preta.jpg\" \/>\n\t<meta property=\"og:image:width\" content=\"1000\" \/>\n\t<meta property=\"og:image:height\" content=\"666\" \/>\n\t<meta property=\"og:image:type\" content=\"image\/jpeg\" \/>\n<meta name=\"author\" content=\"Luzimara Fernandes\" \/>\n<meta name=\"twitter:card\" content=\"summary_large_image\" \/>\n<meta name=\"twitter:label1\" content=\"Escrito por\" \/>\n\t<meta name=\"twitter:data1\" content=\"Luzimara Fernandes\" \/>\n\t<meta name=\"twitter:label2\" content=\"Est. tempo de leitura\" \/>\n\t<meta name=\"twitter:data2\" content=\"4 minutos\" \/>\n<script type=\"application\/ld+json\" class=\"yoast-schema-graph\">{\"@context\":\"https:\/\/schema.org\",\"@graph\":[{\"@type\":\"Article\",\"@id\":\"https:\/\/jornalfatosenoticias.com.br\/index.php\/2025\/08\/20\/onca-preta-e-registrada-em-reserva-no-cerrado\/#article\",\"isPartOf\":{\"@id\":\"https:\/\/jornalfatosenoticias.com.br\/index.php\/2025\/08\/20\/onca-preta-e-registrada-em-reserva-no-cerrado\/\"},\"author\":{\"name\":\"Luzimara Fernandes\",\"@id\":\"https:\/\/jornalfatosenoticias.com.br\/#\/schema\/person\/d63837fa13ac8666eb9e74e0985d6f81\"},\"headline\":\"On\u00e7a-preta \u00e9 registrada em reserva no Cerrado\",\"datePublished\":\"2025-08-20T18:35:37+00:00\",\"dateModified\":\"2025-08-20T18:35:38+00:00\",\"mainEntityOfPage\":{\"@id\":\"https:\/\/jornalfatosenoticias.com.br\/index.php\/2025\/08\/20\/onca-preta-e-registrada-em-reserva-no-cerrado\/\"},\"wordCount\":909,\"commentCount\":0,\"publisher\":{\"@id\":\"https:\/\/jornalfatosenoticias.com.br\/#organization\"},\"image\":{\"@id\":\"https:\/\/jornalfatosenoticias.com.br\/index.php\/2025\/08\/20\/onca-preta-e-registrada-em-reserva-no-cerrado\/#primaryimage\"},\"thumbnailUrl\":\"https:\/\/jornalfatosenoticias.com.br\/wp-content\/uploads\/2025\/08\/onca-preta.jpg\",\"keywords\":[\"cerrado\",\"felino\",\"on\u00e7a-pintada\",\"on\u00e7a-pintada mel\u00e2nica\",\"on\u00e7a-preta\",\"Pantanal\",\"Reserva Natural Serra do Tombador\"],\"articleSection\":[\"Meio ambiente\"],\"inLanguage\":\"pt-BR\",\"potentialAction\":[{\"@type\":\"CommentAction\",\"name\":\"Comment\",\"target\":[\"https:\/\/jornalfatosenoticias.com.br\/index.php\/2025\/08\/20\/onca-preta-e-registrada-em-reserva-no-cerrado\/#respond\"]}]},{\"@type\":\"WebPage\",\"@id\":\"https:\/\/jornalfatosenoticias.com.br\/index.php\/2025\/08\/20\/onca-preta-e-registrada-em-reserva-no-cerrado\/\",\"url\":\"https:\/\/jornalfatosenoticias.com.br\/index.php\/2025\/08\/20\/onca-preta-e-registrada-em-reserva-no-cerrado\/\",\"name\":\"On\u00e7a-preta \u00e9 registrada em reserva no Cerrado - Jornal Fatos e Not\u00edcias\",\"isPartOf\":{\"@id\":\"https:\/\/jornalfatosenoticias.com.br\/#website\"},\"primaryImageOfPage\":{\"@id\":\"https:\/\/jornalfatosenoticias.com.br\/index.php\/2025\/08\/20\/onca-preta-e-registrada-em-reserva-no-cerrado\/#primaryimage\"},\"image\":{\"@id\":\"https:\/\/jornalfatosenoticias.com.br\/index.php\/2025\/08\/20\/onca-preta-e-registrada-em-reserva-no-cerrado\/#primaryimage\"},\"thumbnailUrl\":\"https:\/\/jornalfatosenoticias.com.br\/wp-content\/uploads\/2025\/08\/onca-preta.jpg\",\"datePublished\":\"2025-08-20T18:35:37+00:00\",\"dateModified\":\"2025-08-20T18:35:38+00:00\",\"breadcrumb\":{\"@id\":\"https:\/\/jornalfatosenoticias.com.br\/index.php\/2025\/08\/20\/onca-preta-e-registrada-em-reserva-no-cerrado\/#breadcrumb\"},\"inLanguage\":\"pt-BR\",\"potentialAction\":[{\"@type\":\"ReadAction\",\"target\":[\"https:\/\/jornalfatosenoticias.com.br\/index.php\/2025\/08\/20\/onca-preta-e-registrada-em-reserva-no-cerrado\/\"]}]},{\"@type\":\"ImageObject\",\"inLanguage\":\"pt-BR\",\"@id\":\"https:\/\/jornalfatosenoticias.com.br\/index.php\/2025\/08\/20\/onca-preta-e-registrada-em-reserva-no-cerrado\/#primaryimage\",\"url\":\"https:\/\/jornalfatosenoticias.com.br\/wp-content\/uploads\/2025\/08\/onca-preta.jpg\",\"contentUrl\":\"https:\/\/jornalfatosenoticias.com.br\/wp-content\/uploads\/2025\/08\/onca-preta.jpg\",\"width\":1000,\"height\":666},{\"@type\":\"BreadcrumbList\",\"@id\":\"https:\/\/jornalfatosenoticias.com.br\/index.php\/2025\/08\/20\/onca-preta-e-registrada-em-reserva-no-cerrado\/#breadcrumb\",\"itemListElement\":[{\"@type\":\"ListItem\",\"position\":1,\"name\":\"In\u00edcio\",\"item\":\"https:\/\/jornalfatosenoticias.com.br\/\"},{\"@type\":\"ListItem\",\"position\":2,\"name\":\"On\u00e7a-preta \u00e9 registrada em reserva no Cerrado\"}]},{\"@type\":\"WebSite\",\"@id\":\"https:\/\/jornalfatosenoticias.com.br\/#website\",\"url\":\"https:\/\/jornalfatosenoticias.com.br\/\",\"name\":\"Jornal Fatos e Not\u00edcias\",\"description\":\"Not\u00edcias em geral\",\"publisher\":{\"@id\":\"https:\/\/jornalfatosenoticias.com.br\/#organization\"},\"potentialAction\":[{\"@type\":\"SearchAction\",\"target\":{\"@type\":\"EntryPoint\",\"urlTemplate\":\"https:\/\/jornalfatosenoticias.com.br\/?s={search_term_string}\"},\"query-input\":{\"@type\":\"PropertyValueSpecification\",\"valueRequired\":true,\"valueName\":\"search_term_string\"}}],\"inLanguage\":\"pt-BR\"},{\"@type\":\"Organization\",\"@id\":\"https:\/\/jornalfatosenoticias.com.br\/#organization\",\"name\":\"Jornal Fatos e Not\u00edcias\",\"url\":\"https:\/\/jornalfatosenoticias.com.br\/\",\"logo\":{\"@type\":\"ImageObject\",\"inLanguage\":\"pt-BR\",\"@id\":\"https:\/\/jornalfatosenoticias.com.br\/#\/schema\/logo\/image\/\",\"url\":\"https:\/\/jornalfatosenoticias.com.br\/wp-content\/uploads\/2020\/02\/logo120.png\",\"contentUrl\":\"https:\/\/jornalfatosenoticias.com.br\/wp-content\/uploads\/2020\/02\/logo120.png\",\"width\":1227,\"height\":120,\"caption\":\"Jornal Fatos e Not\u00edcias\"},\"image\":{\"@id\":\"https:\/\/jornalfatosenoticias.com.br\/#\/schema\/logo\/image\/\"}},{\"@type\":\"Person\",\"@id\":\"https:\/\/jornalfatosenoticias.com.br\/#\/schema\/person\/d63837fa13ac8666eb9e74e0985d6f81\",\"name\":\"Luzimara Fernandes\",\"image\":{\"@type\":\"ImageObject\",\"inLanguage\":\"pt-BR\",\"@id\":\"https:\/\/jornalfatosenoticias.com.br\/#\/schema\/person\/image\/\",\"url\":\"https:\/\/jornalfatosenoticias.com.br\/wp-content\/uploads\/2025\/05\/EU_portal.jpg\",\"contentUrl\":\"https:\/\/jornalfatosenoticias.com.br\/wp-content\/uploads\/2025\/05\/EU_portal.jpg\",\"caption\":\"Luzimara Fernandes\"},\"description\":\"Jornalista MTB 2358-ES\",\"sameAs\":[\"https:\/\/jornalfatosenoticias.com.br\"],\"url\":\"https:\/\/jornalfatosenoticias.com.br\/index.php\/author\/luzimara\/\"}]}<\/script>\n<!-- \/ Yoast SEO plugin. -->","yoast_head_json":{"title":"On\u00e7a-preta \u00e9 registrada em reserva no Cerrado - Jornal Fatos e Not\u00edcias","robots":{"index":"index","follow":"follow","max-snippet":"max-snippet:-1","max-image-preview":"max-image-preview:large","max-video-preview":"max-video-preview:-1"},"canonical":"https:\/\/jornalfatosenoticias.com.br\/index.php\/2025\/08\/20\/onca-preta-e-registrada-em-reserva-no-cerrado\/","og_locale":"pt_BR","og_type":"article","og_title":"On\u00e7a-preta \u00e9 registrada em reserva no Cerrado - Jornal Fatos e Not\u00edcias","og_description":"Descoberta refor\u00e7a a import\u00e2ncia de \u00e1reas protegidas e corredores ecol\u00f3gicos para preservar a on\u00e7a-pintada, esp\u00e9cie amea\u00e7ada de extin\u00e7\u00e3o A presen\u00e7a de uma on\u00e7a-pintada mel\u00e2nica (Panthera onca) foi registrada pela primeira vez na Reserva Natural Serra do Tombador, localizada em Cavalcante, Goi\u00e1s. Tamb\u00e9m chamada de on\u00e7a-preta, a esp\u00e9cie foi flagrada por uma armadilha fotogr\u00e1fica nos meses [&hellip;]","og_url":"https:\/\/jornalfatosenoticias.com.br\/index.php\/2025\/08\/20\/onca-preta-e-registrada-em-reserva-no-cerrado\/","og_site_name":"Jornal Fatos e Not\u00edcias","article_published_time":"2025-08-20T18:35:37+00:00","article_modified_time":"2025-08-20T18:35:38+00:00","og_image":[{"width":1000,"height":666,"url":"https:\/\/jornalfatosenoticias.com.br\/wp-content\/uploads\/2025\/08\/onca-preta.jpg","type":"image\/jpeg"}],"author":"Luzimara Fernandes","twitter_card":"summary_large_image","twitter_misc":{"Escrito por":"Luzimara Fernandes","Est. tempo de leitura":"4 minutos"},"schema":{"@context":"https:\/\/schema.org","@graph":[{"@type":"Article","@id":"https:\/\/jornalfatosenoticias.com.br\/index.php\/2025\/08\/20\/onca-preta-e-registrada-em-reserva-no-cerrado\/#article","isPartOf":{"@id":"https:\/\/jornalfatosenoticias.com.br\/index.php\/2025\/08\/20\/onca-preta-e-registrada-em-reserva-no-cerrado\/"},"author":{"name":"Luzimara Fernandes","@id":"https:\/\/jornalfatosenoticias.com.br\/#\/schema\/person\/d63837fa13ac8666eb9e74e0985d6f81"},"headline":"On\u00e7a-preta \u00e9 registrada em reserva no Cerrado","datePublished":"2025-08-20T18:35:37+00:00","dateModified":"2025-08-20T18:35:38+00:00","mainEntityOfPage":{"@id":"https:\/\/jornalfatosenoticias.com.br\/index.php\/2025\/08\/20\/onca-preta-e-registrada-em-reserva-no-cerrado\/"},"wordCount":909,"commentCount":0,"publisher":{"@id":"https:\/\/jornalfatosenoticias.com.br\/#organization"},"image":{"@id":"https:\/\/jornalfatosenoticias.com.br\/index.php\/2025\/08\/20\/onca-preta-e-registrada-em-reserva-no-cerrado\/#primaryimage"},"thumbnailUrl":"https:\/\/jornalfatosenoticias.com.br\/wp-content\/uploads\/2025\/08\/onca-preta.jpg","keywords":["cerrado","felino","on\u00e7a-pintada","on\u00e7a-pintada mel\u00e2nica","on\u00e7a-preta","Pantanal","Reserva Natural Serra do Tombador"],"articleSection":["Meio ambiente"],"inLanguage":"pt-BR","potentialAction":[{"@type":"CommentAction","name":"Comment","target":["https:\/\/jornalfatosenoticias.com.br\/index.php\/2025\/08\/20\/onca-preta-e-registrada-em-reserva-no-cerrado\/#respond"]}]},{"@type":"WebPage","@id":"https:\/\/jornalfatosenoticias.com.br\/index.php\/2025\/08\/20\/onca-preta-e-registrada-em-reserva-no-cerrado\/","url":"https:\/\/jornalfatosenoticias.com.br\/index.php\/2025\/08\/20\/onca-preta-e-registrada-em-reserva-no-cerrado\/","name":"On\u00e7a-preta \u00e9 registrada em reserva no Cerrado - Jornal Fatos e Not\u00edcias","isPartOf":{"@id":"https:\/\/jornalfatosenoticias.com.br\/#website"},"primaryImageOfPage":{"@id":"https:\/\/jornalfatosenoticias.com.br\/index.php\/2025\/08\/20\/onca-preta-e-registrada-em-reserva-no-cerrado\/#primaryimage"},"image":{"@id":"https:\/\/jornalfatosenoticias.com.br\/index.php\/2025\/08\/20\/onca-preta-e-registrada-em-reserva-no-cerrado\/#primaryimage"},"thumbnailUrl":"https:\/\/jornalfatosenoticias.com.br\/wp-content\/uploads\/2025\/08\/onca-preta.jpg","datePublished":"2025-08-20T18:35:37+00:00","dateModified":"2025-08-20T18:35:38+00:00","breadcrumb":{"@id":"https:\/\/jornalfatosenoticias.com.br\/index.php\/2025\/08\/20\/onca-preta-e-registrada-em-reserva-no-cerrado\/#breadcrumb"},"inLanguage":"pt-BR","potentialAction":[{"@type":"ReadAction","target":["https:\/\/jornalfatosenoticias.com.br\/index.php\/2025\/08\/20\/onca-preta-e-registrada-em-reserva-no-cerrado\/"]}]},{"@type":"ImageObject","inLanguage":"pt-BR","@id":"https:\/\/jornalfatosenoticias.com.br\/index.php\/2025\/08\/20\/onca-preta-e-registrada-em-reserva-no-cerrado\/#primaryimage","url":"https:\/\/jornalfatosenoticias.com.br\/wp-content\/uploads\/2025\/08\/onca-preta.jpg","contentUrl":"https:\/\/jornalfatosenoticias.com.br\/wp-content\/uploads\/2025\/08\/onca-preta.jpg","width":1000,"height":666},{"@type":"BreadcrumbList","@id":"https:\/\/jornalfatosenoticias.com.br\/index.php\/2025\/08\/20\/onca-preta-e-registrada-em-reserva-no-cerrado\/#breadcrumb","itemListElement":[{"@type":"ListItem","position":1,"name":"In\u00edcio","item":"https:\/\/jornalfatosenoticias.com.br\/"},{"@type":"ListItem","position":2,"name":"On\u00e7a-preta \u00e9 registrada em reserva no Cerrado"}]},{"@type":"WebSite","@id":"https:\/\/jornalfatosenoticias.com.br\/#website","url":"https:\/\/jornalfatosenoticias.com.br\/","name":"Jornal Fatos e Not\u00edcias","description":"Not\u00edcias em geral","publisher":{"@id":"https:\/\/jornalfatosenoticias.com.br\/#organization"},"potentialAction":[{"@type":"SearchAction","target":{"@type":"EntryPoint","urlTemplate":"https:\/\/jornalfatosenoticias.com.br\/?s={search_term_string}"},"query-input":{"@type":"PropertyValueSpecification","valueRequired":true,"valueName":"search_term_string"}}],"inLanguage":"pt-BR"},{"@type":"Organization","@id":"https:\/\/jornalfatosenoticias.com.br\/#organization","name":"Jornal Fatos e Not\u00edcias","url":"https:\/\/jornalfatosenoticias.com.br\/","logo":{"@type":"ImageObject","inLanguage":"pt-BR","@id":"https:\/\/jornalfatosenoticias.com.br\/#\/schema\/logo\/image\/","url":"https:\/\/jornalfatosenoticias.com.br\/wp-content\/uploads\/2020\/02\/logo120.png","contentUrl":"https:\/\/jornalfatosenoticias.com.br\/wp-content\/uploads\/2020\/02\/logo120.png","width":1227,"height":120,"caption":"Jornal Fatos e Not\u00edcias"},"image":{"@id":"https:\/\/jornalfatosenoticias.com.br\/#\/schema\/logo\/image\/"}},{"@type":"Person","@id":"https:\/\/jornalfatosenoticias.com.br\/#\/schema\/person\/d63837fa13ac8666eb9e74e0985d6f81","name":"Luzimara Fernandes","image":{"@type":"ImageObject","inLanguage":"pt-BR","@id":"https:\/\/jornalfatosenoticias.com.br\/#\/schema\/person\/image\/","url":"https:\/\/jornalfatosenoticias.com.br\/wp-content\/uploads\/2025\/05\/EU_portal.jpg","contentUrl":"https:\/\/jornalfatosenoticias.com.br\/wp-content\/uploads\/2025\/05\/EU_portal.jpg","caption":"Luzimara Fernandes"},"description":"Jornalista MTB 2358-ES","sameAs":["https:\/\/jornalfatosenoticias.com.br"],"url":"https:\/\/jornalfatosenoticias.com.br\/index.php\/author\/luzimara\/"}]}},"cc_featured_image_caption":{"caption_text":"(Foto: Reprodu\u00e7\u00e3o\/Funda\u00e7\u00e3o Grupo Botic\u00e1rio) ","source_text":"","source_url":""},"jetpack_featured_media_url":"https:\/\/jornalfatosenoticias.com.br\/wp-content\/uploads\/2025\/08\/onca-preta.jpg","_links":{"self":[{"href":"https:\/\/jornalfatosenoticias.com.br\/index.php\/wp-json\/wp\/v2\/posts\/61354","targetHints":{"allow":["GET"]}}],"collection":[{"href":"https:\/\/jornalfatosenoticias.com.br\/index.php\/wp-json\/wp\/v2\/posts"}],"about":[{"href":"https:\/\/jornalfatosenoticias.com.br\/index.php\/wp-json\/wp\/v2\/types\/post"}],"author":[{"embeddable":true,"href":"https:\/\/jornalfatosenoticias.com.br\/index.php\/wp-json\/wp\/v2\/users\/2"}],"replies":[{"embeddable":true,"href":"https:\/\/jornalfatosenoticias.com.br\/index.php\/wp-json\/wp\/v2\/comments?post=61354"}],"version-history":[{"count":0,"href":"https:\/\/jornalfatosenoticias.com.br\/index.php\/wp-json\/wp\/v2\/posts\/61354\/revisions"}],"wp:featuredmedia":[{"embeddable":true,"href":"https:\/\/jornalfatosenoticias.com.br\/index.php\/wp-json\/wp\/v2\/media\/61356"}],"wp:attachment":[{"href":"https:\/\/jornalfatosenoticias.com.br\/index.php\/wp-json\/wp\/v2\/media?parent=61354"}],"wp:term":[{"taxonomy":"category","embeddable":true,"href":"https:\/\/jornalfatosenoticias.com.br\/index.php\/wp-json\/wp\/v2\/categories?post=61354"},{"taxonomy":"post_tag","embeddable":true,"href":"https:\/\/jornalfatosenoticias.com.br\/index.php\/wp-json\/wp\/v2\/tags?post=61354"}],"curies":[{"name":"wp","href":"https:\/\/api.w.org\/{rel}","templated":true}]}}