{"id":61358,"date":"2025-08-20T15:53:28","date_gmt":"2025-08-20T18:53:28","guid":{"rendered":"https:\/\/jornalfatosenoticias.com.br\/?p=61358"},"modified":"2025-08-20T15:53:30","modified_gmt":"2025-08-20T18:53:30","slug":"plano-novo-carajas-deve-ampliar-producao-de-minerio-de-ferro-e-cobre-na-regiao","status":"publish","type":"post","link":"https:\/\/jornalfatosenoticias.com.br\/index.php\/2025\/08\/20\/plano-novo-carajas-deve-ampliar-producao-de-minerio-de-ferro-e-cobre-na-regiao\/","title":{"rendered":"Plano Novo Caraj\u00e1s deve ampliar produ\u00e7\u00e3o de min\u00e9rio de ferro e cobre na regi\u00e3o"},"content":{"rendered":"\n<p><span class=\"has-inline-color has-black-color\"><em>Com R$ 70 bilh\u00f5es em investimentos, o plano Novo Caraj\u00e1s da Vale mira ampliar a produ\u00e7\u00e3o de min\u00e9rio de ferro e cobre no Par\u00e1, gerando impacto econ\u00f4mico, mas enfrenta desafios em sustentabilidade e rela\u00e7\u00f5es com comunidades locais<\/em><\/span><\/p>\n\n\n\n<div class=\"wp-block-image\"><figure class=\"aligncenter size-large\"><a href=\"https:\/\/mizu.com.br\/\"><img loading=\"lazy\" decoding=\"async\" width=\"729\" height=\"90\" src=\"https:\/\/jornalfatosenoticias.com.br\/wp-content\/uploads\/2020\/02\/Logo_Mizu.png\" alt=\"\" class=\"wp-image-1441\" srcset=\"https:\/\/jornalfatosenoticias.com.br\/wp-content\/uploads\/2020\/02\/Logo_Mizu.png 729w, https:\/\/jornalfatosenoticias.com.br\/wp-content\/uploads\/2020\/02\/Logo_Mizu-300x37.png 300w\" sizes=\"auto, (max-width: 729px) 100vw, 729px\" \/><\/a><\/figure><\/div>\n\n\n\n<p>No ano em que completa 40 anos do primeiro embarque de min\u00e9rio de ferro proveniente da mina de Caraj\u00e1s, a Vale desenhou um ambicioso plano de expans\u00e3o na regi\u00e3o, denominado Novo Caraj\u00e1s, para o qual est\u00e3o previstos investimentos da ordem de R$ 70 bilh\u00f5es, no per\u00edodo de 2025 a 2030. O plano est\u00e1 voltado principalmente ao aumento da produ\u00e7\u00e3o de min\u00e9rio de ferro e expans\u00e3o da produ\u00e7\u00e3o de cobre. A expectativa \u00e9 que o plano de expans\u00e3o possa gerar um impacto significativo na economia do Par\u00e1, com estimativas de R$ 80 a R$ 100 bilh\u00f5es por ano e um aumento de R$ 15 bilh\u00f5es nas exporta\u00e7\u00f5es do estado.<br>A Vale admite que a expans\u00e3o na Amaz\u00f4nia, especialmente a duplica\u00e7\u00e3o da Estrada de Ferro Caraj\u00e1s, tem gerado controv\u00e9rsias e desafios, incluindo impactos em terras ind\u00edgenas e comunidades locais, e que tem enfrentado cr\u00edticas e discuss\u00f5es sobre seus pedidos de explora\u00e7\u00e3o em terras ind\u00edgenas e o relacionamento com esses povos.<\/p>\n\n\n\n<div class=\"wp-block-image\"><figure class=\"aligncenter size-large is-resized\"><a href=\"https:\/\/www.instagram.com\/serra4x4cambioautomatico\/\"><img loading=\"lazy\" decoding=\"async\" src=\"https:\/\/jornalfatosenoticias.com.br\/wp-content\/uploads\/2024\/08\/Serra-4x4-1-886x1024.jpg\" alt=\"\" class=\"wp-image-53632\" width=\"287\" height=\"331\" srcset=\"https:\/\/jornalfatosenoticias.com.br\/wp-content\/uploads\/2024\/08\/Serra-4x4-1-886x1024.jpg 886w, https:\/\/jornalfatosenoticias.com.br\/wp-content\/uploads\/2024\/08\/Serra-4x4-1-260x300.jpg 260w, https:\/\/jornalfatosenoticias.com.br\/wp-content\/uploads\/2024\/08\/Serra-4x4-1-768x888.jpg 768w, https:\/\/jornalfatosenoticias.com.br\/wp-content\/uploads\/2024\/08\/Serra-4x4-1.jpg 1181w\" sizes=\"auto, (max-width: 287px) 100vw, 287px\" \/><\/a><\/figure><\/div>\n\n\n\n<p>No entanto, segundo a empresa, o seu plano na Amaz\u00f4nia \u201c\u00e9 um grande investimento para aumentar a produ\u00e7\u00e3o de minerais estrat\u00e9gicos para a transi\u00e7\u00e3o energ\u00e9tica global, ao mesmo tempo em que busca alinhar essa expans\u00e3o com uma agenda de sustentabilidade e desenvolvimento econ\u00f4mico regional\u201d. Uma das iniciativas na regi\u00e3o contempla minera\u00e7\u00e3o circular, como \u00e9 o caso do projeto Gelado, j\u00e1 em opera\u00e7\u00e3o. At\u00e9 2030, a Vale prev\u00ea que 10% de sua produ\u00e7\u00e3o total de min\u00e9rio de ferro seja composta por produtos de minera\u00e7\u00e3o circular.<\/p>\n\n\n\n<div class=\"wp-block-image\"><figure class=\"aligncenter size-large is-resized\"><a href=\"https:\/\/www.facebook.com\/postobkr\/?locale=pt_BR\"><img loading=\"lazy\" decoding=\"async\" src=\"https:\/\/jornalfatosenoticias.com.br\/wp-content\/uploads\/2023\/08\/BKR-1024x1021.jpg\" alt=\"\" class=\"wp-image-44494\" width=\"337\" height=\"336\" srcset=\"https:\/\/jornalfatosenoticias.com.br\/wp-content\/uploads\/2023\/08\/BKR-1024x1021.jpg 1024w, https:\/\/jornalfatosenoticias.com.br\/wp-content\/uploads\/2023\/08\/BKR-300x300.jpg 300w, https:\/\/jornalfatosenoticias.com.br\/wp-content\/uploads\/2023\/08\/BKR-150x150.jpg 150w, https:\/\/jornalfatosenoticias.com.br\/wp-content\/uploads\/2023\/08\/BKR-768x766.jpg 768w, https:\/\/jornalfatosenoticias.com.br\/wp-content\/uploads\/2023\/08\/BKR.jpg 1080w\" sizes=\"auto, (max-width: 337px) 100vw, 337px\" \/><\/a><\/figure><\/div>\n\n\n\n<blockquote class=\"wp-block-quote is-layout-flow wp-block-quote-is-layout-flow\"><p><span class=\"has-inline-color has-luminous-vivid-orange-color\">O Projeto Gelado, que dever\u00e1 atingir at\u00e9 2030, uma produ\u00e7\u00e3o de seis milh\u00f5es t\/ano, resultante do reaproveitamento de rejeito, ter\u00e1 um papel fundamental nessa meta, em dire\u00e7\u00e3o a uma minera\u00e7\u00e3o sem rejeitos e produtos com baixa pegada de carbono\u201d, destaca Gildiney Sales, diretor do Corredor Norte da Vale.<\/span><\/p><\/blockquote>\n\n\n\n<div class=\"wp-block-image\"><figure class=\"aligncenter size-large is-resized\"><a href=\"https:\/\/www.instagram.com\/gruposei\/\"><img loading=\"lazy\" decoding=\"async\" src=\"https:\/\/jornalfatosenoticias.com.br\/wp-content\/uploads\/2022\/07\/Logo-Grupo-SEI.jpg\" alt=\"\" class=\"wp-image-31973\" width=\"364\" height=\"191\" srcset=\"https:\/\/jornalfatosenoticias.com.br\/wp-content\/uploads\/2022\/07\/Logo-Grupo-SEI.jpg 713w, https:\/\/jornalfatosenoticias.com.br\/wp-content\/uploads\/2022\/07\/Logo-Grupo-SEI-300x158.jpg 300w\" sizes=\"auto, (max-width: 364px) 100vw, 364px\" \/><\/a><\/figure><\/div>\n\n\n\n<p>Com investimento de US$ 428 milh\u00f5es, o Projeto Gelado produz min\u00e9rio a partir do reaproveitamento de rejeitos acumulados na barragem do Gelado ao longo dos 40 anos de opera\u00e7\u00e3o da Vale em Caraj\u00e1s. Al\u00e9m disso, a previs\u00e3o \u00e9 que, at\u00e9 2027, 100% da produ\u00e7\u00e3o de min\u00e9rio de ferro no Par\u00e1 seja feita sem uso de \u00e1gua. Atualmente, 90% da produ\u00e7\u00e3o de min\u00e9rio de ferro no Estado, que envolve as opera\u00e7\u00f5es Serra Norte, Serra Sul (S11D) e Serra Leste, j\u00e1 operam a seco, sem o uso de \u00e1gua.<\/p>\n\n\n\n<div class=\"wp-block-image\"><figure class=\"aligncenter size-large is-resized\"><a href=\"https:\/\/www.instagram.com\/restaurantepegoretti\/\"><img loading=\"lazy\" decoding=\"async\" src=\"https:\/\/jornalfatosenoticias.com.br\/wp-content\/uploads\/2023\/12\/pegoretti-logo-pdf-1024x389.jpg\" alt=\"\" class=\"wp-image-47536\" width=\"496\" height=\"188\" srcset=\"https:\/\/jornalfatosenoticias.com.br\/wp-content\/uploads\/2023\/12\/pegoretti-logo-pdf-1024x389.jpg 1024w, https:\/\/jornalfatosenoticias.com.br\/wp-content\/uploads\/2023\/12\/pegoretti-logo-pdf-300x114.jpg 300w, https:\/\/jornalfatosenoticias.com.br\/wp-content\/uploads\/2023\/12\/pegoretti-logo-pdf-768x291.jpg 768w, https:\/\/jornalfatosenoticias.com.br\/wp-content\/uploads\/2023\/12\/pegoretti-logo-pdf.jpg 1120w\" sizes=\"auto, (max-width: 496px) 100vw, 496px\" \/><\/a><\/figure><\/div>\n\n\n\n<p><strong><span class=\"has-inline-color has-black-color\">200 milh\u00f5es de toneladas de min\u00e9rio de ferro<br><\/span><\/strong>Em min\u00e9rio de ferro, a expectativa \u00e9 que a capacidade de produ\u00e7\u00e3o evolua para 200 milh\u00f5es de toneladas\/ano at\u00e9 2030, adicionando 20 milh\u00f5es t de capacidade na mina Serra Sul (S11D), compensando o esgotamento de outras minas que atualmente est\u00e3o em opera\u00e7\u00e3o. O objetivo da Vale \u00e9 manter elevados n\u00edveis de produ\u00e7\u00e3o em Caraj\u00e1s, porque o min\u00e9rio de ferro de alta qualidade \u00e9 considerado crucial para a produ\u00e7\u00e3o do chamado \u201ca\u00e7o verde\u201d, com menor pegada de carbono. Hoje, gra\u00e7as ao Sistema Norte, a Vale tem pelo menos dois produtos considerados nobres no mercado, que s\u00e3o os Finos de Caraj\u00e1s (um produto com 65% Fe e baixos n\u00edveis de contaminantes como s\u00edlica, alumina e outros) e o Brazilian Blend Fines (com 62% Fe e baixa alumina, produzido a partir da mistura dos finos de Caraj\u00e1s e min\u00e9rio com alta s\u00edlica).<\/p>\n\n\n\n<div class=\"wp-block-image\"><figure class=\"aligncenter size-large is-resized\"><a href=\"https:\/\/www.instagram.com\/rcradiadores\/\"><img loading=\"lazy\" decoding=\"async\" src=\"https:\/\/jornalfatosenoticias.com.br\/wp-content\/uploads\/2022\/10\/RC_800x750_page-0001.jpg\" alt=\"\" class=\"wp-image-35338\" width=\"347\" height=\"325\" srcset=\"https:\/\/jornalfatosenoticias.com.br\/wp-content\/uploads\/2022\/10\/RC_800x750_page-0001.jpg 400w, https:\/\/jornalfatosenoticias.com.br\/wp-content\/uploads\/2022\/10\/RC_800x750_page-0001-300x281.jpg 300w\" sizes=\"auto, (max-width: 347px) 100vw, 347px\" \/><\/a><\/figure><\/div>\n\n\n\n<p>Atualmente, o Sistema Norte \u00e9 respons\u00e1vel por mais da metade da produ\u00e7\u00e3o de min\u00e9rio de ferro da Vale. Em 2024, de um total de 328 milh\u00f5es de toneladas produzidas pela empresa, 177,5 milh\u00f5es t foram aportadas pelos tr\u00eas complexos localizados no estado do Par\u00e1, sendo cerca de 94,5 milh\u00f5es de toneladas em Serra Norte (incluindo Serra Leste) e 83 milh\u00f5es t no complexo S11D.<\/p>\n\n\n\n<div class=\"wp-block-image\"><figure class=\"aligncenter size-large is-resized\"><a href=\"https:\/\/panper.com.br\/\"><img loading=\"lazy\" decoding=\"async\" src=\"https:\/\/jornalfatosenoticias.com.br\/wp-content\/uploads\/2023\/03\/logo-Panper_portal.jpg\" alt=\"\" class=\"wp-image-40208\" width=\"329\" height=\"228\" srcset=\"https:\/\/jornalfatosenoticias.com.br\/wp-content\/uploads\/2023\/03\/logo-Panper_portal.jpg 400w, https:\/\/jornalfatosenoticias.com.br\/wp-content\/uploads\/2023\/03\/logo-Panper_portal-300x208.jpg 300w\" sizes=\"auto, (max-width: 329px) 100vw, 329px\" \/><\/a><\/figure><\/div>\n\n\n\n<p>De acordo com a empresa, o plano Novo Caraj\u00e1s \u201cenfatiza a minera\u00e7\u00e3o a seco, uma abordagem tecnol\u00f3gica que busca um modelo de minera\u00e7\u00e3o mais respons\u00e1vel, especialmente por estar na Amaz\u00f4nia, em resposta a preocupa\u00e7\u00f5es crescentes com seguran\u00e7a e meio ambiente\u201d. Al\u00e9m disso, a Vale afirma que \u201cse compromete a proteger a Amaz\u00f4nia em colabora\u00e7\u00e3o com comunidades locais, especialistas e organiza\u00e7\u00f5es, e apoia iniciativas de bioeconomia na regi\u00e3o\u201d.<\/p>\n\n\n\n<div class=\"wp-block-image\"><figure class=\"aligncenter size-large\"><a href=\"http:\/\/www.ferrarimaquinas.com.br\/\"><img loading=\"lazy\" decoding=\"async\" width=\"300\" height=\"250\" src=\"https:\/\/jornalfatosenoticias.com.br\/wp-content\/uploads\/2022\/02\/FERRARI_MAQUINAS-E-FERRAMENTAS2.jpg\" alt=\"\" class=\"wp-image-27860\"\/><\/a><\/figure><\/div>\n\n\n\n<p>Atualmente a Vale possui tr\u00eas complexos de minera\u00e7\u00e3o de ferro em Caraj\u00e1s: o complexo da Serra Norte (que completou 40 anos de opera\u00e7\u00e3o), o Serra Sul, conhecido como S11D, que opera desde 2016, e o Serra Leste, de opera\u00e7\u00e3o mais recente, que produz desde 2014. Al\u00e9m disso, a empresa tem um projeto greenfield, ainda em fase de estudos de pr\u00e9-viabilidade, que \u00e9 o Serra do Rabo.<br>Em Serra Norte, as concess\u00f5es miner\u00e1rias abrangem uma \u00e1rea de 30 mil hectares, todas inseridas na \u00e1rea da Floresta Nacional de Caraj\u00e1s (Flonaca), enquanto Serra Sul tem 98.910 hectares (incluindo a \u00e1rea do projeto Serra do Rabo) e Serra Leste 9.915 hectares.<\/p>\n\n\n\n<div class=\"wp-block-image\"><figure class=\"aligncenter size-large\"><a href=\"https:\/\/www.facebook.com\/vetor.vix\/\"><img loading=\"lazy\" decoding=\"async\" width=\"1024\" height=\"273\" src=\"https:\/\/jornalfatosenoticias.com.br\/wp-content\/uploads\/2023\/09\/vetorvix1024_1.jpg\" alt=\"\" class=\"wp-image-44868\" srcset=\"https:\/\/jornalfatosenoticias.com.br\/wp-content\/uploads\/2023\/09\/vetorvix1024_1.jpg 1024w, https:\/\/jornalfatosenoticias.com.br\/wp-content\/uploads\/2023\/09\/vetorvix1024_1-300x80.jpg 300w, https:\/\/jornalfatosenoticias.com.br\/wp-content\/uploads\/2023\/09\/vetorvix1024_1-768x205.jpg 768w\" sizes=\"auto, (max-width: 1024px) 100vw, 1024px\" \/><\/a><\/figure><\/div>\n\n\n\n<p><strong><em>Veja a mat\u00e9ria completa na\u00a0<a href=\"https:\/\/www.brasilmineral.com.br\/revista\/450?p=6\">edi\u00e7\u00e3o 450 de Brasil Mineral<\/a><\/em><\/strong><\/p>\n\n\n\n<p><strong>Fonte: <a href=\"https:\/\/www.brasilmineral.com.br\/noticias\/com-investimentos-de-r-70-bilhoes-plano-novo-carajas-deve-ampliar-producao-de-minerio-de\">Brasil Mineral<\/a><\/strong><\/p>\n","protected":false},"excerpt":{"rendered":"<p>Com R$ 70 bilh\u00f5es em investimentos, o plano Novo Caraj\u00e1s da Vale mira ampliar a produ\u00e7\u00e3o de min\u00e9rio de ferro e cobre no Par\u00e1, gerando impacto econ\u00f4mico, mas enfrenta desafios em sustentabilidade e rela\u00e7\u00f5es com comunidades locais No ano em que completa 40 anos do primeiro embarque de min\u00e9rio de ferro proveniente da mina de [&hellip;]<\/p>\n","protected":false},"author":2,"featured_media":61359,"comment_status":"open","ping_status":"open","sticky":false,"template":"","format":"standard","meta":{"footnotes":""},"categories":[9],"tags":[123,27952,27954,27953,27004,290],"class_list":["post-61358","post","type-post","status-publish","format-standard","has-post-thumbnail","hentry","category-economia","tag-amazonia","tag-carajas","tag-flonaca","tag-mina-de-carajas","tag-minerio-de-ferro","tag-vale"],"yoast_head":"<!-- This site is optimized with the Yoast SEO plugin v26.5 - https:\/\/yoast.com\/wordpress\/plugins\/seo\/ -->\n<title>Plano Novo Caraj\u00e1s deve ampliar produ\u00e7\u00e3o de min\u00e9rio de ferro e cobre na regi\u00e3o - Jornal Fatos e Not\u00edcias<\/title>\n<meta name=\"robots\" content=\"index, follow, max-snippet:-1, max-image-preview:large, max-video-preview:-1\" \/>\n<link rel=\"canonical\" href=\"https:\/\/jornalfatosenoticias.com.br\/index.php\/2025\/08\/20\/plano-novo-carajas-deve-ampliar-producao-de-minerio-de-ferro-e-cobre-na-regiao\/\" \/>\n<meta property=\"og:locale\" content=\"pt_BR\" \/>\n<meta property=\"og:type\" content=\"article\" \/>\n<meta property=\"og:title\" content=\"Plano Novo Caraj\u00e1s deve ampliar produ\u00e7\u00e3o de min\u00e9rio de ferro e cobre na regi\u00e3o - Jornal Fatos e Not\u00edcias\" \/>\n<meta property=\"og:description\" content=\"Com R$ 70 bilh\u00f5es em investimentos, o plano Novo Caraj\u00e1s da Vale mira ampliar a produ\u00e7\u00e3o de min\u00e9rio de ferro e cobre no Par\u00e1, gerando impacto econ\u00f4mico, mas enfrenta desafios em sustentabilidade e rela\u00e7\u00f5es com comunidades locais No ano em que completa 40 anos do primeiro embarque de min\u00e9rio de ferro proveniente da mina de [&hellip;]\" \/>\n<meta property=\"og:url\" content=\"https:\/\/jornalfatosenoticias.com.br\/index.php\/2025\/08\/20\/plano-novo-carajas-deve-ampliar-producao-de-minerio-de-ferro-e-cobre-na-regiao\/\" \/>\n<meta property=\"og:site_name\" content=\"Jornal Fatos e Not\u00edcias\" \/>\n<meta property=\"article:published_time\" content=\"2025-08-20T18:53:28+00:00\" \/>\n<meta property=\"article:modified_time\" content=\"2025-08-20T18:53:30+00:00\" \/>\n<meta property=\"og:image\" content=\"https:\/\/jornalfatosenoticias.com.br\/wp-content\/uploads\/2025\/08\/novo-carajas.jpg\" \/>\n\t<meta property=\"og:image:width\" content=\"800\" \/>\n\t<meta property=\"og:image:height\" content=\"532\" \/>\n\t<meta property=\"og:image:type\" content=\"image\/jpeg\" \/>\n<meta name=\"author\" content=\"Luzimara Fernandes\" \/>\n<meta name=\"twitter:card\" content=\"summary_large_image\" \/>\n<meta name=\"twitter:label1\" content=\"Escrito por\" \/>\n\t<meta name=\"twitter:data1\" content=\"Luzimara Fernandes\" \/>\n\t<meta name=\"twitter:label2\" content=\"Est. tempo de leitura\" \/>\n\t<meta name=\"twitter:data2\" content=\"4 minutos\" \/>\n<script type=\"application\/ld+json\" class=\"yoast-schema-graph\">{\"@context\":\"https:\/\/schema.org\",\"@graph\":[{\"@type\":\"Article\",\"@id\":\"https:\/\/jornalfatosenoticias.com.br\/index.php\/2025\/08\/20\/plano-novo-carajas-deve-ampliar-producao-de-minerio-de-ferro-e-cobre-na-regiao\/#article\",\"isPartOf\":{\"@id\":\"https:\/\/jornalfatosenoticias.com.br\/index.php\/2025\/08\/20\/plano-novo-carajas-deve-ampliar-producao-de-minerio-de-ferro-e-cobre-na-regiao\/\"},\"author\":{\"name\":\"Luzimara Fernandes\",\"@id\":\"https:\/\/jornalfatosenoticias.com.br\/#\/schema\/person\/d63837fa13ac8666eb9e74e0985d6f81\"},\"headline\":\"Plano Novo Caraj\u00e1s deve ampliar produ\u00e7\u00e3o de min\u00e9rio de ferro e cobre na regi\u00e3o\",\"datePublished\":\"2025-08-20T18:53:28+00:00\",\"dateModified\":\"2025-08-20T18:53:30+00:00\",\"mainEntityOfPage\":{\"@id\":\"https:\/\/jornalfatosenoticias.com.br\/index.php\/2025\/08\/20\/plano-novo-carajas-deve-ampliar-producao-de-minerio-de-ferro-e-cobre-na-regiao\/\"},\"wordCount\":909,\"commentCount\":0,\"publisher\":{\"@id\":\"https:\/\/jornalfatosenoticias.com.br\/#organization\"},\"image\":{\"@id\":\"https:\/\/jornalfatosenoticias.com.br\/index.php\/2025\/08\/20\/plano-novo-carajas-deve-ampliar-producao-de-minerio-de-ferro-e-cobre-na-regiao\/#primaryimage\"},\"thumbnailUrl\":\"https:\/\/jornalfatosenoticias.com.br\/wp-content\/uploads\/2025\/08\/novo-carajas.jpg\",\"keywords\":[\"amaz\u00f4nia\",\"Caraj\u00e1s\",\"Flonaca\",\"mina de Caraj\u00e1s\",\"min\u00e9rio de ferro\",\"Vale\"],\"articleSection\":[\"Economia\"],\"inLanguage\":\"pt-BR\",\"potentialAction\":[{\"@type\":\"CommentAction\",\"name\":\"Comment\",\"target\":[\"https:\/\/jornalfatosenoticias.com.br\/index.php\/2025\/08\/20\/plano-novo-carajas-deve-ampliar-producao-de-minerio-de-ferro-e-cobre-na-regiao\/#respond\"]}]},{\"@type\":\"WebPage\",\"@id\":\"https:\/\/jornalfatosenoticias.com.br\/index.php\/2025\/08\/20\/plano-novo-carajas-deve-ampliar-producao-de-minerio-de-ferro-e-cobre-na-regiao\/\",\"url\":\"https:\/\/jornalfatosenoticias.com.br\/index.php\/2025\/08\/20\/plano-novo-carajas-deve-ampliar-producao-de-minerio-de-ferro-e-cobre-na-regiao\/\",\"name\":\"Plano Novo Caraj\u00e1s deve ampliar produ\u00e7\u00e3o de min\u00e9rio de ferro e cobre na regi\u00e3o - Jornal Fatos e Not\u00edcias\",\"isPartOf\":{\"@id\":\"https:\/\/jornalfatosenoticias.com.br\/#website\"},\"primaryImageOfPage\":{\"@id\":\"https:\/\/jornalfatosenoticias.com.br\/index.php\/2025\/08\/20\/plano-novo-carajas-deve-ampliar-producao-de-minerio-de-ferro-e-cobre-na-regiao\/#primaryimage\"},\"image\":{\"@id\":\"https:\/\/jornalfatosenoticias.com.br\/index.php\/2025\/08\/20\/plano-novo-carajas-deve-ampliar-producao-de-minerio-de-ferro-e-cobre-na-regiao\/#primaryimage\"},\"thumbnailUrl\":\"https:\/\/jornalfatosenoticias.com.br\/wp-content\/uploads\/2025\/08\/novo-carajas.jpg\",\"datePublished\":\"2025-08-20T18:53:28+00:00\",\"dateModified\":\"2025-08-20T18:53:30+00:00\",\"breadcrumb\":{\"@id\":\"https:\/\/jornalfatosenoticias.com.br\/index.php\/2025\/08\/20\/plano-novo-carajas-deve-ampliar-producao-de-minerio-de-ferro-e-cobre-na-regiao\/#breadcrumb\"},\"inLanguage\":\"pt-BR\",\"potentialAction\":[{\"@type\":\"ReadAction\",\"target\":[\"https:\/\/jornalfatosenoticias.com.br\/index.php\/2025\/08\/20\/plano-novo-carajas-deve-ampliar-producao-de-minerio-de-ferro-e-cobre-na-regiao\/\"]}]},{\"@type\":\"ImageObject\",\"inLanguage\":\"pt-BR\",\"@id\":\"https:\/\/jornalfatosenoticias.com.br\/index.php\/2025\/08\/20\/plano-novo-carajas-deve-ampliar-producao-de-minerio-de-ferro-e-cobre-na-regiao\/#primaryimage\",\"url\":\"https:\/\/jornalfatosenoticias.com.br\/wp-content\/uploads\/2025\/08\/novo-carajas.jpg\",\"contentUrl\":\"https:\/\/jornalfatosenoticias.com.br\/wp-content\/uploads\/2025\/08\/novo-carajas.jpg\",\"width\":800,\"height\":532},{\"@type\":\"BreadcrumbList\",\"@id\":\"https:\/\/jornalfatosenoticias.com.br\/index.php\/2025\/08\/20\/plano-novo-carajas-deve-ampliar-producao-de-minerio-de-ferro-e-cobre-na-regiao\/#breadcrumb\",\"itemListElement\":[{\"@type\":\"ListItem\",\"position\":1,\"name\":\"In\u00edcio\",\"item\":\"https:\/\/jornalfatosenoticias.com.br\/\"},{\"@type\":\"ListItem\",\"position\":2,\"name\":\"Plano Novo Caraj\u00e1s deve ampliar produ\u00e7\u00e3o de min\u00e9rio de ferro e cobre na regi\u00e3o\"}]},{\"@type\":\"WebSite\",\"@id\":\"https:\/\/jornalfatosenoticias.com.br\/#website\",\"url\":\"https:\/\/jornalfatosenoticias.com.br\/\",\"name\":\"Jornal Fatos e Not\u00edcias\",\"description\":\"Not\u00edcias em geral\",\"publisher\":{\"@id\":\"https:\/\/jornalfatosenoticias.com.br\/#organization\"},\"potentialAction\":[{\"@type\":\"SearchAction\",\"target\":{\"@type\":\"EntryPoint\",\"urlTemplate\":\"https:\/\/jornalfatosenoticias.com.br\/?s={search_term_string}\"},\"query-input\":{\"@type\":\"PropertyValueSpecification\",\"valueRequired\":true,\"valueName\":\"search_term_string\"}}],\"inLanguage\":\"pt-BR\"},{\"@type\":\"Organization\",\"@id\":\"https:\/\/jornalfatosenoticias.com.br\/#organization\",\"name\":\"Jornal Fatos e Not\u00edcias\",\"url\":\"https:\/\/jornalfatosenoticias.com.br\/\",\"logo\":{\"@type\":\"ImageObject\",\"inLanguage\":\"pt-BR\",\"@id\":\"https:\/\/jornalfatosenoticias.com.br\/#\/schema\/logo\/image\/\",\"url\":\"https:\/\/jornalfatosenoticias.com.br\/wp-content\/uploads\/2020\/02\/logo120.png\",\"contentUrl\":\"https:\/\/jornalfatosenoticias.com.br\/wp-content\/uploads\/2020\/02\/logo120.png\",\"width\":1227,\"height\":120,\"caption\":\"Jornal Fatos e Not\u00edcias\"},\"image\":{\"@id\":\"https:\/\/jornalfatosenoticias.com.br\/#\/schema\/logo\/image\/\"}},{\"@type\":\"Person\",\"@id\":\"https:\/\/jornalfatosenoticias.com.br\/#\/schema\/person\/d63837fa13ac8666eb9e74e0985d6f81\",\"name\":\"Luzimara Fernandes\",\"image\":{\"@type\":\"ImageObject\",\"inLanguage\":\"pt-BR\",\"@id\":\"https:\/\/jornalfatosenoticias.com.br\/#\/schema\/person\/image\/\",\"url\":\"https:\/\/jornalfatosenoticias.com.br\/wp-content\/uploads\/2025\/05\/EU_portal.jpg\",\"contentUrl\":\"https:\/\/jornalfatosenoticias.com.br\/wp-content\/uploads\/2025\/05\/EU_portal.jpg\",\"caption\":\"Luzimara Fernandes\"},\"description\":\"Jornalista MTB 2358-ES\",\"sameAs\":[\"https:\/\/jornalfatosenoticias.com.br\"],\"url\":\"https:\/\/jornalfatosenoticias.com.br\/index.php\/author\/luzimara\/\"}]}<\/script>\n<!-- \/ Yoast SEO plugin. -->","yoast_head_json":{"title":"Plano Novo Caraj\u00e1s deve ampliar produ\u00e7\u00e3o de min\u00e9rio de ferro e cobre na regi\u00e3o - Jornal Fatos e Not\u00edcias","robots":{"index":"index","follow":"follow","max-snippet":"max-snippet:-1","max-image-preview":"max-image-preview:large","max-video-preview":"max-video-preview:-1"},"canonical":"https:\/\/jornalfatosenoticias.com.br\/index.php\/2025\/08\/20\/plano-novo-carajas-deve-ampliar-producao-de-minerio-de-ferro-e-cobre-na-regiao\/","og_locale":"pt_BR","og_type":"article","og_title":"Plano Novo Caraj\u00e1s deve ampliar produ\u00e7\u00e3o de min\u00e9rio de ferro e cobre na regi\u00e3o - Jornal Fatos e Not\u00edcias","og_description":"Com R$ 70 bilh\u00f5es em investimentos, o plano Novo Caraj\u00e1s da Vale mira ampliar a produ\u00e7\u00e3o de min\u00e9rio de ferro e cobre no Par\u00e1, gerando impacto econ\u00f4mico, mas enfrenta desafios em sustentabilidade e rela\u00e7\u00f5es com comunidades locais No ano em que completa 40 anos do primeiro embarque de min\u00e9rio de ferro proveniente da mina de [&hellip;]","og_url":"https:\/\/jornalfatosenoticias.com.br\/index.php\/2025\/08\/20\/plano-novo-carajas-deve-ampliar-producao-de-minerio-de-ferro-e-cobre-na-regiao\/","og_site_name":"Jornal Fatos e Not\u00edcias","article_published_time":"2025-08-20T18:53:28+00:00","article_modified_time":"2025-08-20T18:53:30+00:00","og_image":[{"width":800,"height":532,"url":"https:\/\/jornalfatosenoticias.com.br\/wp-content\/uploads\/2025\/08\/novo-carajas.jpg","type":"image\/jpeg"}],"author":"Luzimara Fernandes","twitter_card":"summary_large_image","twitter_misc":{"Escrito por":"Luzimara Fernandes","Est. tempo de leitura":"4 minutos"},"schema":{"@context":"https:\/\/schema.org","@graph":[{"@type":"Article","@id":"https:\/\/jornalfatosenoticias.com.br\/index.php\/2025\/08\/20\/plano-novo-carajas-deve-ampliar-producao-de-minerio-de-ferro-e-cobre-na-regiao\/#article","isPartOf":{"@id":"https:\/\/jornalfatosenoticias.com.br\/index.php\/2025\/08\/20\/plano-novo-carajas-deve-ampliar-producao-de-minerio-de-ferro-e-cobre-na-regiao\/"},"author":{"name":"Luzimara Fernandes","@id":"https:\/\/jornalfatosenoticias.com.br\/#\/schema\/person\/d63837fa13ac8666eb9e74e0985d6f81"},"headline":"Plano Novo Caraj\u00e1s deve ampliar produ\u00e7\u00e3o de min\u00e9rio de ferro e cobre na regi\u00e3o","datePublished":"2025-08-20T18:53:28+00:00","dateModified":"2025-08-20T18:53:30+00:00","mainEntityOfPage":{"@id":"https:\/\/jornalfatosenoticias.com.br\/index.php\/2025\/08\/20\/plano-novo-carajas-deve-ampliar-producao-de-minerio-de-ferro-e-cobre-na-regiao\/"},"wordCount":909,"commentCount":0,"publisher":{"@id":"https:\/\/jornalfatosenoticias.com.br\/#organization"},"image":{"@id":"https:\/\/jornalfatosenoticias.com.br\/index.php\/2025\/08\/20\/plano-novo-carajas-deve-ampliar-producao-de-minerio-de-ferro-e-cobre-na-regiao\/#primaryimage"},"thumbnailUrl":"https:\/\/jornalfatosenoticias.com.br\/wp-content\/uploads\/2025\/08\/novo-carajas.jpg","keywords":["amaz\u00f4nia","Caraj\u00e1s","Flonaca","mina de Caraj\u00e1s","min\u00e9rio de ferro","Vale"],"articleSection":["Economia"],"inLanguage":"pt-BR","potentialAction":[{"@type":"CommentAction","name":"Comment","target":["https:\/\/jornalfatosenoticias.com.br\/index.php\/2025\/08\/20\/plano-novo-carajas-deve-ampliar-producao-de-minerio-de-ferro-e-cobre-na-regiao\/#respond"]}]},{"@type":"WebPage","@id":"https:\/\/jornalfatosenoticias.com.br\/index.php\/2025\/08\/20\/plano-novo-carajas-deve-ampliar-producao-de-minerio-de-ferro-e-cobre-na-regiao\/","url":"https:\/\/jornalfatosenoticias.com.br\/index.php\/2025\/08\/20\/plano-novo-carajas-deve-ampliar-producao-de-minerio-de-ferro-e-cobre-na-regiao\/","name":"Plano Novo Caraj\u00e1s deve ampliar produ\u00e7\u00e3o de min\u00e9rio de ferro e cobre na regi\u00e3o - Jornal Fatos e Not\u00edcias","isPartOf":{"@id":"https:\/\/jornalfatosenoticias.com.br\/#website"},"primaryImageOfPage":{"@id":"https:\/\/jornalfatosenoticias.com.br\/index.php\/2025\/08\/20\/plano-novo-carajas-deve-ampliar-producao-de-minerio-de-ferro-e-cobre-na-regiao\/#primaryimage"},"image":{"@id":"https:\/\/jornalfatosenoticias.com.br\/index.php\/2025\/08\/20\/plano-novo-carajas-deve-ampliar-producao-de-minerio-de-ferro-e-cobre-na-regiao\/#primaryimage"},"thumbnailUrl":"https:\/\/jornalfatosenoticias.com.br\/wp-content\/uploads\/2025\/08\/novo-carajas.jpg","datePublished":"2025-08-20T18:53:28+00:00","dateModified":"2025-08-20T18:53:30+00:00","breadcrumb":{"@id":"https:\/\/jornalfatosenoticias.com.br\/index.php\/2025\/08\/20\/plano-novo-carajas-deve-ampliar-producao-de-minerio-de-ferro-e-cobre-na-regiao\/#breadcrumb"},"inLanguage":"pt-BR","potentialAction":[{"@type":"ReadAction","target":["https:\/\/jornalfatosenoticias.com.br\/index.php\/2025\/08\/20\/plano-novo-carajas-deve-ampliar-producao-de-minerio-de-ferro-e-cobre-na-regiao\/"]}]},{"@type":"ImageObject","inLanguage":"pt-BR","@id":"https:\/\/jornalfatosenoticias.com.br\/index.php\/2025\/08\/20\/plano-novo-carajas-deve-ampliar-producao-de-minerio-de-ferro-e-cobre-na-regiao\/#primaryimage","url":"https:\/\/jornalfatosenoticias.com.br\/wp-content\/uploads\/2025\/08\/novo-carajas.jpg","contentUrl":"https:\/\/jornalfatosenoticias.com.br\/wp-content\/uploads\/2025\/08\/novo-carajas.jpg","width":800,"height":532},{"@type":"BreadcrumbList","@id":"https:\/\/jornalfatosenoticias.com.br\/index.php\/2025\/08\/20\/plano-novo-carajas-deve-ampliar-producao-de-minerio-de-ferro-e-cobre-na-regiao\/#breadcrumb","itemListElement":[{"@type":"ListItem","position":1,"name":"In\u00edcio","item":"https:\/\/jornalfatosenoticias.com.br\/"},{"@type":"ListItem","position":2,"name":"Plano Novo Caraj\u00e1s deve ampliar produ\u00e7\u00e3o de min\u00e9rio de ferro e cobre na regi\u00e3o"}]},{"@type":"WebSite","@id":"https:\/\/jornalfatosenoticias.com.br\/#website","url":"https:\/\/jornalfatosenoticias.com.br\/","name":"Jornal Fatos e Not\u00edcias","description":"Not\u00edcias em geral","publisher":{"@id":"https:\/\/jornalfatosenoticias.com.br\/#organization"},"potentialAction":[{"@type":"SearchAction","target":{"@type":"EntryPoint","urlTemplate":"https:\/\/jornalfatosenoticias.com.br\/?s={search_term_string}"},"query-input":{"@type":"PropertyValueSpecification","valueRequired":true,"valueName":"search_term_string"}}],"inLanguage":"pt-BR"},{"@type":"Organization","@id":"https:\/\/jornalfatosenoticias.com.br\/#organization","name":"Jornal Fatos e Not\u00edcias","url":"https:\/\/jornalfatosenoticias.com.br\/","logo":{"@type":"ImageObject","inLanguage":"pt-BR","@id":"https:\/\/jornalfatosenoticias.com.br\/#\/schema\/logo\/image\/","url":"https:\/\/jornalfatosenoticias.com.br\/wp-content\/uploads\/2020\/02\/logo120.png","contentUrl":"https:\/\/jornalfatosenoticias.com.br\/wp-content\/uploads\/2020\/02\/logo120.png","width":1227,"height":120,"caption":"Jornal Fatos e Not\u00edcias"},"image":{"@id":"https:\/\/jornalfatosenoticias.com.br\/#\/schema\/logo\/image\/"}},{"@type":"Person","@id":"https:\/\/jornalfatosenoticias.com.br\/#\/schema\/person\/d63837fa13ac8666eb9e74e0985d6f81","name":"Luzimara Fernandes","image":{"@type":"ImageObject","inLanguage":"pt-BR","@id":"https:\/\/jornalfatosenoticias.com.br\/#\/schema\/person\/image\/","url":"https:\/\/jornalfatosenoticias.com.br\/wp-content\/uploads\/2025\/05\/EU_portal.jpg","contentUrl":"https:\/\/jornalfatosenoticias.com.br\/wp-content\/uploads\/2025\/05\/EU_portal.jpg","caption":"Luzimara Fernandes"},"description":"Jornalista MTB 2358-ES","sameAs":["https:\/\/jornalfatosenoticias.com.br"],"url":"https:\/\/jornalfatosenoticias.com.br\/index.php\/author\/luzimara\/"}]}},"cc_featured_image_caption":{"caption_text":"(Foto: Vale) ","source_text":"","source_url":""},"jetpack_featured_media_url":"https:\/\/jornalfatosenoticias.com.br\/wp-content\/uploads\/2025\/08\/novo-carajas.jpg","_links":{"self":[{"href":"https:\/\/jornalfatosenoticias.com.br\/index.php\/wp-json\/wp\/v2\/posts\/61358","targetHints":{"allow":["GET"]}}],"collection":[{"href":"https:\/\/jornalfatosenoticias.com.br\/index.php\/wp-json\/wp\/v2\/posts"}],"about":[{"href":"https:\/\/jornalfatosenoticias.com.br\/index.php\/wp-json\/wp\/v2\/types\/post"}],"author":[{"embeddable":true,"href":"https:\/\/jornalfatosenoticias.com.br\/index.php\/wp-json\/wp\/v2\/users\/2"}],"replies":[{"embeddable":true,"href":"https:\/\/jornalfatosenoticias.com.br\/index.php\/wp-json\/wp\/v2\/comments?post=61358"}],"version-history":[{"count":0,"href":"https:\/\/jornalfatosenoticias.com.br\/index.php\/wp-json\/wp\/v2\/posts\/61358\/revisions"}],"wp:featuredmedia":[{"embeddable":true,"href":"https:\/\/jornalfatosenoticias.com.br\/index.php\/wp-json\/wp\/v2\/media\/61359"}],"wp:attachment":[{"href":"https:\/\/jornalfatosenoticias.com.br\/index.php\/wp-json\/wp\/v2\/media?parent=61358"}],"wp:term":[{"taxonomy":"category","embeddable":true,"href":"https:\/\/jornalfatosenoticias.com.br\/index.php\/wp-json\/wp\/v2\/categories?post=61358"},{"taxonomy":"post_tag","embeddable":true,"href":"https:\/\/jornalfatosenoticias.com.br\/index.php\/wp-json\/wp\/v2\/tags?post=61358"}],"curies":[{"name":"wp","href":"https:\/\/api.w.org\/{rel}","templated":true}]}}