{"id":61371,"date":"2025-08-21T18:48:40","date_gmt":"2025-08-21T21:48:40","guid":{"rendered":"https:\/\/jornalfatosenoticias.com.br\/?p=61371"},"modified":"2025-08-21T18:48:41","modified_gmt":"2025-08-21T21:48:41","slug":"a-crianca-a-sociedade-e-a-justica-parte-iii","status":"publish","type":"post","link":"https:\/\/jornalfatosenoticias.com.br\/index.php\/2025\/08\/21\/a-crianca-a-sociedade-e-a-justica-parte-iii\/","title":{"rendered":"A Crian\u00e7a, a Sociedade e a Justi\u00e7a \u2014 Parte III"},"content":{"rendered":"\n<p><span class=\"has-inline-color has-black-color\"><em>H\u00e1 muito tempo temos denunciado o trabalho escravo sexual de beb\u00eas sob os ausp\u00edcios de homens da fam\u00edlia, em especial, dos respectivos genitores<\/em><\/span><\/p>\n\n\n\n<div class=\"wp-block-image\"><figure class=\"aligncenter size-large\"><a href=\"https:\/\/mizu.com.br\/\"><img loading=\"lazy\" decoding=\"async\" width=\"729\" height=\"90\" src=\"https:\/\/jornalfatosenoticias.com.br\/wp-content\/uploads\/2020\/02\/Logo_Mizu.png\" alt=\"\" class=\"wp-image-1441\" srcset=\"https:\/\/jornalfatosenoticias.com.br\/wp-content\/uploads\/2020\/02\/Logo_Mizu.png 729w, https:\/\/jornalfatosenoticias.com.br\/wp-content\/uploads\/2020\/02\/Logo_Mizu-300x37.png 300w\" sizes=\"auto, (max-width: 729px) 100vw, 729px\" \/><\/a><\/figure><\/div>\n\n\n\n<p>E o pa\u00eds foi impactado por um rapaz bem jovem, dois metros de altura, olhos azuis, cabelos bonitos, bem longos, esbanjando firmeza em tema t\u00e3o espinhoso e evitado por todos. Era a ponta do iceberg \u00e0 mostra, a acertar os cascos de todos os navios que, at\u00e9 ent\u00e3o, navegavam inc\u00f3lumes a tudo e faceiros. Embarca\u00e7\u00f5es pequenas, m\u00e9dias e grandes, montadas de pervers\u00e3o e perversidade, foram amea\u00e7adas pelo denunciante. Aderiram todos, todos a uma como\u00e7\u00e3o social, como acontece a cada desastre clim\u00e1tico que nos obriga a enxergar, por um tempo, o prazo de validade precisa ser ex\u00edguo, como ser\u00e1 curto o prazo dessa trag\u00e9dia humana. N\u00e3o \u00e9 in\u00e9dita. J\u00e1 tinha sido falada por algumas pessoas, em algumas vezes, mas como a trajet\u00f3ria de um meteoro, o rapaz trouxe de sua altura rara, em momento de rara conjuga\u00e7\u00e3o, e produziu uma enorme cratera. O trabalho dele foi brilhante, foi preciso. Felca, obrigada muito. Muito.<\/p>\n\n\n\n<div class=\"wp-block-image\"><figure class=\"aligncenter size-large\"><a href=\"https:\/\/www.cesconetto.com.br\/\"><img loading=\"lazy\" decoding=\"async\" width=\"300\" height=\"250\" src=\"https:\/\/jornalfatosenoticias.com.br\/wp-content\/uploads\/2022\/02\/Banner-2.png\" alt=\"\" class=\"wp-image-27877\"\/><\/a><\/figure><\/div>\n\n\n\n<p>E o prazo de validade foi chegando. Regulamentar por Lei aquilo que a Sociedade n\u00e3o faz, e, n\u00e3o sei se ser\u00e1 capaz de fazer. Por que aquelas crian\u00e7as e adolescentes estavam encarceradas naquela mans\u00e3o? Porque as duas mis\u00e9rias, a financeira e a psicol\u00f3gica, produzem esse erro nas fam\u00edlias, na justi\u00e7a, e na Sociedade. Pais e m\u00e3es pobres se iludem com o desejo de que seus filhos tenham as chamadas \u201cmelhores oportunidades\u201d, sempre embebidas de coisas materiais, em detrimento dos afetos. A fome d\u00f3i e \u00e9 um trauma permanente. \u00c9 compreens\u00edvel que algu\u00e9m que ofere\u00e7a poss\u00edveis vantagens financeiras, com conforto prometido, facilmente, ter\u00e1 sucesso em angariar crian\u00e7as e adolescentes de seus pais. <\/p>\n\n\n\n<div class=\"wp-block-image\"><figure class=\"aligncenter size-large\"><img loading=\"lazy\" decoding=\"async\" width=\"612\" height=\"408\" src=\"https:\/\/jornalfatosenoticias.com.br\/wp-content\/uploads\/2025\/08\/violencia-infantil_istock.jpg\" alt=\"\" class=\"wp-image-61373\" srcset=\"https:\/\/jornalfatosenoticias.com.br\/wp-content\/uploads\/2025\/08\/violencia-infantil_istock.jpg 612w, https:\/\/jornalfatosenoticias.com.br\/wp-content\/uploads\/2025\/08\/violencia-infantil_istock-300x200.jpg 300w\" sizes=\"auto, (max-width: 612px) 100vw, 612px\" \/><figcaption><em><span class=\"has-inline-color has-black-color\">(Foto: iStock)<\/span><\/em><\/figcaption><\/figure><\/div>\n\n\n\n<p>O incr\u00edvel \u00e9 que, n\u00e3o raro, escuta-se em meio a processos de vara de fam\u00edlia, que um genitor mais abastado financeiramente ser\u00e1 melhor para a crian\u00e7a, incluindo nesta l\u00f3gica il\u00f3gica que se for um alem\u00e3o ou um americano, a crian\u00e7a ter\u00e1 ganho quase que uma loteria. E crian\u00e7as, at\u00e9 na primeira inf\u00e2ncia, s\u00e3o apartadas definitivamente de suas m\u00e3es e entregues a genitores estrangeiros porque as senten\u00e7as t\u00eam essa alega\u00e7\u00e3o. Ou seja, entre n\u00f3s, o Poder Financeiro \u00e9 privilegiado dom\u00e9stica e judicialmente. E a crian\u00e7a e adolescente, um produto que pode ser negociado. E o afeto, o cuidado respons\u00e1vel mesmo que com restri\u00e7\u00f5es, entra no rol da monetiza\u00e7\u00e3o.<\/p>\n\n\n\n<div class=\"wp-block-image\"><figure class=\"aligncenter size-large is-resized\"><a href=\"https:\/\/hotelmarquetti.com.br\/\"><img loading=\"lazy\" decoding=\"async\" src=\"https:\/\/jornalfatosenoticias.com.br\/wp-content\/uploads\/2020\/02\/LOGO-MQ-1024x680.jpg\" alt=\"\" class=\"wp-image-58299\" width=\"362\" height=\"240\" srcset=\"https:\/\/jornalfatosenoticias.com.br\/wp-content\/uploads\/2020\/02\/LOGO-MQ-1024x680.jpg 1024w, https:\/\/jornalfatosenoticias.com.br\/wp-content\/uploads\/2020\/02\/LOGO-MQ-300x199.jpg 300w, https:\/\/jornalfatosenoticias.com.br\/wp-content\/uploads\/2020\/02\/LOGO-MQ-768x510.jpg 768w, https:\/\/jornalfatosenoticias.com.br\/wp-content\/uploads\/2020\/02\/LOGO-MQ-1536x1020.jpg 1536w, https:\/\/jornalfatosenoticias.com.br\/wp-content\/uploads\/2020\/02\/LOGO-MQ-2048x1360.jpg 2048w\" sizes=\"auto, (max-width: 362px) 100vw, 362px\" \/><\/a><\/figure><\/div>\n\n\n\n<p>H\u00e1 muito tempo temos denunciado o trabalho escravo sexual de beb\u00eas sob os ausp\u00edcios de homens da fam\u00edlia, em especial, dos respectivos genitores. A Pedofilia extrafamiliar consegue furar um pouquinho a bolha do lobby e da cultura do estupro que alimenta o Prazer pelo Poder Esmagador sobre um Vulner\u00e1vel. Os v\u00eddeos sexuais de beb\u00eas vendidos na internet, por 50, 80, 150 mil reais, s\u00e3o de dif\u00edcil acesso em sua produ\u00e7\u00e3o. Quando raro s\u00e3o flagrados na ponta, no consumidor. Mas, se as crian\u00e7as e, pior, os adolescentes, maiores de 12 anos, denunciam pr\u00e1ticas abusivas sexuais por parte de seus genitores, elas e eles s\u00e3o totalmente descredibilizados. E a incr\u00edvel acrobacia feita, inocenta esse genitor e acusa a m\u00e3e de ter lavado o c\u00e9rebro, por dentro, do filho ou filha, em tarefa imposs\u00edvel diante do estado emocional da v\u00edtima, dos detalhes, das mem\u00f3rias corretas, sempre duvidadas como se fantoches idiotas fossem e em discord\u00e2ncia com o desenvolvimento cognitivo da crian\u00e7a pequena, por exemplo. Imaginem se a crian\u00e7a, um beb\u00ea de menos de um ano, que n\u00e3o adquiriu ainda a linguagem e que n\u00e3o sabe apontar onde est\u00e1 doendo depois de uma sess\u00e3o de grava\u00e7\u00e3o de v\u00eddeo em seu bercinho. Sim, n\u00e3o d\u00e1 para culpar a neglig\u00eancia da m\u00e3e em deixar o filho ou filha ficar conversando com um desconhecido na internet, o beb\u00ea n\u00e3o anda tamb\u00e9m. Se, quando existem provas do testemunho da crian\u00e7a, e ind\u00edcios, por vezes, materialidade mesmo constatada por Exame de Corpo de Delito no IML, n\u00e3o \u00e9 suficiente, e alguma psic\u00f3loga forense, dita, diz que o exame pode ter sido feito apressadamente pelo legista, e a justi\u00e7a aceita essa manipula\u00e7\u00e3o, o que esperar de um crime que n\u00e3o teria nem um cisco de credibilidade das observa\u00e7\u00f5es da m\u00e3e?<\/p>\n\n\n\n<div class=\"wp-block-image\"><figure class=\"aligncenter size-large\"><img loading=\"lazy\" decoding=\"async\" width=\"1000\" height=\"600\" src=\"https:\/\/jornalfatosenoticias.com.br\/wp-content\/uploads\/2025\/08\/felca.jpg\" alt=\"\" class=\"wp-image-61372\" srcset=\"https:\/\/jornalfatosenoticias.com.br\/wp-content\/uploads\/2025\/08\/felca.jpg 1000w, https:\/\/jornalfatosenoticias.com.br\/wp-content\/uploads\/2025\/08\/felca-300x180.jpg 300w, https:\/\/jornalfatosenoticias.com.br\/wp-content\/uploads\/2025\/08\/felca-768x461.jpg 768w\" sizes=\"auto, (max-width: 1000px) 100vw, 1000px\" \/><figcaption><em><span class=\"has-inline-color has-black-color\">Youtuber Felca publicou v\u00eddeo de 50 minutos sobre adultiza\u00e7\u00e3o, sexualiza\u00e7\u00e3o e explora\u00e7\u00e3o infantil (Foto: Reprodu\u00e7\u00e3o\/YouTube)<\/span><\/em><\/figcaption><\/figure><\/div>\n\n\n\n<p>Felca, outra vez obrigada. A visualiza\u00e7\u00e3o dessa parte do iceberg \u00e9 fundamental para o combate desse crime hediondo. Sua Voz ecoou em todos os cantos do nosso pa\u00eds e, certamente, ir\u00e1 reverberar para al\u00e9m das fronteiras. Tomara. Mas a legisla\u00e7\u00e3o ser\u00e1 manipulada. Os defensores da pedofilia s\u00e3o seus consumidores contumazes.<\/p>\n\n\n\n<div class=\"wp-block-image\"><figure class=\"aligncenter size-large is-resized\"><a href=\"https:\/\/legisjuris.com.br\/\"><img loading=\"lazy\" decoding=\"async\" src=\"https:\/\/jornalfatosenoticias.com.br\/wp-content\/uploads\/2024\/09\/Legis-Juris-Consultoria_logo.jpg\" alt=\"\" class=\"wp-image-53915\" width=\"492\" height=\"206\" srcset=\"https:\/\/jornalfatosenoticias.com.br\/wp-content\/uploads\/2024\/09\/Legis-Juris-Consultoria_logo.jpg 969w, https:\/\/jornalfatosenoticias.com.br\/wp-content\/uploads\/2024\/09\/Legis-Juris-Consultoria_logo-300x126.jpg 300w, https:\/\/jornalfatosenoticias.com.br\/wp-content\/uploads\/2024\/09\/Legis-Juris-Consultoria_logo-768x322.jpg 768w\" sizes=\"auto, (max-width: 492px) 100vw, 492px\" \/><\/a><\/figure><\/div>\n\n\n\n<p>H\u00e1 um Projeto de desidrata\u00e7\u00e3o do ECA, em curso. O Estatuto tem todos os artigos para promover a Prote\u00e7\u00e3o Integral de Crian\u00e7as e Adolescentes e garantir seus Direitos. Mas ele n\u00e3o \u00e9 muito obedecido. Esse modus operandi de desidratar est\u00e1 tamb\u00e9m em curso em rela\u00e7\u00e3o \u00e0 Lei Maria da Penha. Est\u00e1 escrito que a Crian\u00e7a \u00e9 Sujeito de Direito, mas bradam nas Varas de Fam\u00edlia que crian\u00e7a n\u00e3o tem vontade, n\u00e3o sabe nada. Frase proferida e repetida \u00e0 exaust\u00e3o por psic\u00f3logas ditas forenses. E seguidas judicialmente.<\/p>\n\n\n\n<div class=\"wp-block-image\"><figure class=\"aligncenter size-large is-resized\"><a href=\"https:\/\/panper.com.br\/\"><img loading=\"lazy\" decoding=\"async\" src=\"https:\/\/jornalfatosenoticias.com.br\/wp-content\/uploads\/2023\/03\/logo-Panper_portal.jpg\" alt=\"\" class=\"wp-image-40208\" width=\"368\" height=\"255\" srcset=\"https:\/\/jornalfatosenoticias.com.br\/wp-content\/uploads\/2023\/03\/logo-Panper_portal.jpg 400w, https:\/\/jornalfatosenoticias.com.br\/wp-content\/uploads\/2023\/03\/logo-Panper_portal-300x208.jpg 300w\" sizes=\"auto, (max-width: 368px) 100vw, 368px\" \/><\/a><\/figure><\/div>\n\n\n\n<p>Assim, esse c\u00e2ncer denunciado, esse, por enquanto, foi extirpado. Mas, met\u00e1stases n\u00e3o faltam. Est\u00e3o em todos os cantos, e ser\u00e3o protegidas pelo abrandamento do P.L. em acelera\u00e7\u00e3o no Congresso nesse momento. E os abusos sexuais e f\u00edsicos contra crian\u00e7as e adolescentes lucrativos para seus produtores, n\u00e3o ser\u00e3o, sequer, triscados. A pedofilia intrafamiliar, a incestuosa, continuar\u00e1 garantida pela nega\u00e7\u00e3o social. A justi\u00e7a quer provas concretas de um crime que n\u00e3o deixa vest\u00edgio, um crime quase perfeito.<\/p>\n\n\n\n<div class=\"wp-block-image\"><figure class=\"aligncenter size-large\"><a href=\"http:\/\/www.ferrarimaquinas.com.br\/\"><img loading=\"lazy\" decoding=\"async\" width=\"300\" height=\"250\" src=\"https:\/\/jornalfatosenoticias.com.br\/wp-content\/uploads\/2022\/02\/FERRARI_MAQUINAS-E-FERRAMENTAS2.jpg\" alt=\"\" class=\"wp-image-27860\"\/><\/a><\/figure><\/div>\n\n\n\n<p>Felca, nosso agradecimento enorme pela soltura dos 10 pequenos escravos sexuais que voc\u00ea promoveu. Muito importante. Voc\u00ea, na sua juventude, nos ensinou que basta ter <em><span class=\"has-inline-color has-black-color\"><strong>vontade pol\u00edtica de verdade, <\/strong><\/span><\/em>artigo rar\u00edssimo entre nossos pol\u00edticos, os profissionais que elegemos.<\/p>\n","protected":false},"excerpt":{"rendered":"<p>H\u00e1 muito tempo temos denunciado o trabalho escravo sexual de beb\u00eas sob os ausp\u00edcios de homens da fam\u00edlia, em especial, dos respectivos genitores E o pa\u00eds foi impactado por um rapaz bem jovem, dois metros de altura, olhos azuis, cabelos bonitos, bem longos, esbanjando firmeza em tema t\u00e3o espinhoso e evitado por todos. Era a [&hellip;]<\/p>\n","protected":false},"author":8,"featured_media":61374,"comment_status":"open","ping_status":"open","sticky":false,"template":"","format":"standard","meta":{"footnotes":""},"categories":[2522],"tags":[2812,27960,27961,27962,3158,27959,27958],"class_list":["post-61371","post","type-post","status-publish","format-standard","has-post-thumbnail","hentry","category-comportamento","tag-eca","tag-felca","tag-pedofilia-extrafamiliar","tag-pedofilia-intrafamiliar","tag-perversao","tag-trabalho-escravo-sexual-de-bebes","tag-videos-sexuais-de-bebes"],"yoast_head":"<!-- This site is optimized with the Yoast SEO plugin v26.5 - https:\/\/yoast.com\/wordpress\/plugins\/seo\/ -->\n<title>A Crian\u00e7a, a Sociedade e a Justi\u00e7a \u2014 Parte III - Jornal Fatos e Not\u00edcias<\/title>\n<meta name=\"robots\" content=\"index, follow, max-snippet:-1, max-image-preview:large, max-video-preview:-1\" \/>\n<link rel=\"canonical\" href=\"https:\/\/jornalfatosenoticias.com.br\/index.php\/2025\/08\/21\/a-crianca-a-sociedade-e-a-justica-parte-iii\/\" \/>\n<meta property=\"og:locale\" content=\"pt_BR\" \/>\n<meta property=\"og:type\" content=\"article\" \/>\n<meta property=\"og:title\" content=\"A Crian\u00e7a, a Sociedade e a Justi\u00e7a \u2014 Parte III - Jornal Fatos e Not\u00edcias\" \/>\n<meta property=\"og:description\" content=\"H\u00e1 muito tempo temos denunciado o trabalho escravo sexual de beb\u00eas sob os ausp\u00edcios de homens da fam\u00edlia, em especial, dos respectivos genitores E o pa\u00eds foi impactado por um rapaz bem jovem, dois metros de altura, olhos azuis, cabelos bonitos, bem longos, esbanjando firmeza em tema t\u00e3o espinhoso e evitado por todos. Era a [&hellip;]\" \/>\n<meta property=\"og:url\" content=\"https:\/\/jornalfatosenoticias.com.br\/index.php\/2025\/08\/21\/a-crianca-a-sociedade-e-a-justica-parte-iii\/\" \/>\n<meta property=\"og:site_name\" content=\"Jornal Fatos e Not\u00edcias\" \/>\n<meta property=\"article:published_time\" content=\"2025-08-21T21:48:40+00:00\" \/>\n<meta property=\"article:modified_time\" content=\"2025-08-21T21:48:41+00:00\" \/>\n<meta property=\"og:image\" content=\"https:\/\/jornalfatosenoticias.com.br\/wp-content\/uploads\/2025\/08\/violencia-infantil2_istock.jpg\" \/>\n\t<meta property=\"og:image:width\" content=\"612\" \/>\n\t<meta property=\"og:image:height\" content=\"459\" \/>\n\t<meta property=\"og:image:type\" content=\"image\/jpeg\" \/>\n<meta name=\"author\" content=\"Ana Maria Iencarelli\" \/>\n<meta name=\"twitter:card\" content=\"summary_large_image\" \/>\n<meta name=\"twitter:label1\" content=\"Escrito por\" \/>\n\t<meta name=\"twitter:data1\" content=\"Ana Maria Iencarelli\" \/>\n\t<meta name=\"twitter:label2\" content=\"Est. tempo de leitura\" \/>\n\t<meta name=\"twitter:data2\" content=\"5 minutos\" \/>\n<script type=\"application\/ld+json\" class=\"yoast-schema-graph\">{\"@context\":\"https:\/\/schema.org\",\"@graph\":[{\"@type\":\"Article\",\"@id\":\"https:\/\/jornalfatosenoticias.com.br\/index.php\/2025\/08\/21\/a-crianca-a-sociedade-e-a-justica-parte-iii\/#article\",\"isPartOf\":{\"@id\":\"https:\/\/jornalfatosenoticias.com.br\/index.php\/2025\/08\/21\/a-crianca-a-sociedade-e-a-justica-parte-iii\/\"},\"author\":{\"name\":\"Ana Maria Iencarelli\",\"@id\":\"https:\/\/jornalfatosenoticias.com.br\/#\/schema\/person\/c33fcf5fb02d729d3fec92c6737a22d1\"},\"headline\":\"A Crian\u00e7a, a Sociedade e a Justi\u00e7a \u2014 Parte III\",\"datePublished\":\"2025-08-21T21:48:40+00:00\",\"dateModified\":\"2025-08-21T21:48:41+00:00\",\"mainEntityOfPage\":{\"@id\":\"https:\/\/jornalfatosenoticias.com.br\/index.php\/2025\/08\/21\/a-crianca-a-sociedade-e-a-justica-parte-iii\/\"},\"wordCount\":1080,\"commentCount\":0,\"publisher\":{\"@id\":\"https:\/\/jornalfatosenoticias.com.br\/#organization\"},\"image\":{\"@id\":\"https:\/\/jornalfatosenoticias.com.br\/index.php\/2025\/08\/21\/a-crianca-a-sociedade-e-a-justica-parte-iii\/#primaryimage\"},\"thumbnailUrl\":\"https:\/\/jornalfatosenoticias.com.br\/wp-content\/uploads\/2025\/08\/violencia-infantil2_istock.jpg\",\"keywords\":[\"ECA\",\"Felca\",\"pedofilia extrafamiliar\",\"pedofilia intrafamiliar\",\"pervers\u00e3o\",\"trabalho escravo sexual de beb\u00eas\",\"v\u00eddeos sexuais de beb\u00eas\"],\"articleSection\":[\"Comportamento &amp; Equil\u00edbrio\"],\"inLanguage\":\"pt-BR\",\"potentialAction\":[{\"@type\":\"CommentAction\",\"name\":\"Comment\",\"target\":[\"https:\/\/jornalfatosenoticias.com.br\/index.php\/2025\/08\/21\/a-crianca-a-sociedade-e-a-justica-parte-iii\/#respond\"]}]},{\"@type\":\"WebPage\",\"@id\":\"https:\/\/jornalfatosenoticias.com.br\/index.php\/2025\/08\/21\/a-crianca-a-sociedade-e-a-justica-parte-iii\/\",\"url\":\"https:\/\/jornalfatosenoticias.com.br\/index.php\/2025\/08\/21\/a-crianca-a-sociedade-e-a-justica-parte-iii\/\",\"name\":\"A Crian\u00e7a, a Sociedade e a Justi\u00e7a \u2014 Parte III - Jornal Fatos e Not\u00edcias\",\"isPartOf\":{\"@id\":\"https:\/\/jornalfatosenoticias.com.br\/#website\"},\"primaryImageOfPage\":{\"@id\":\"https:\/\/jornalfatosenoticias.com.br\/index.php\/2025\/08\/21\/a-crianca-a-sociedade-e-a-justica-parte-iii\/#primaryimage\"},\"image\":{\"@id\":\"https:\/\/jornalfatosenoticias.com.br\/index.php\/2025\/08\/21\/a-crianca-a-sociedade-e-a-justica-parte-iii\/#primaryimage\"},\"thumbnailUrl\":\"https:\/\/jornalfatosenoticias.com.br\/wp-content\/uploads\/2025\/08\/violencia-infantil2_istock.jpg\",\"datePublished\":\"2025-08-21T21:48:40+00:00\",\"dateModified\":\"2025-08-21T21:48:41+00:00\",\"breadcrumb\":{\"@id\":\"https:\/\/jornalfatosenoticias.com.br\/index.php\/2025\/08\/21\/a-crianca-a-sociedade-e-a-justica-parte-iii\/#breadcrumb\"},\"inLanguage\":\"pt-BR\",\"potentialAction\":[{\"@type\":\"ReadAction\",\"target\":[\"https:\/\/jornalfatosenoticias.com.br\/index.php\/2025\/08\/21\/a-crianca-a-sociedade-e-a-justica-parte-iii\/\"]}]},{\"@type\":\"ImageObject\",\"inLanguage\":\"pt-BR\",\"@id\":\"https:\/\/jornalfatosenoticias.com.br\/index.php\/2025\/08\/21\/a-crianca-a-sociedade-e-a-justica-parte-iii\/#primaryimage\",\"url\":\"https:\/\/jornalfatosenoticias.com.br\/wp-content\/uploads\/2025\/08\/violencia-infantil2_istock.jpg\",\"contentUrl\":\"https:\/\/jornalfatosenoticias.com.br\/wp-content\/uploads\/2025\/08\/violencia-infantil2_istock.jpg\",\"width\":612,\"height\":459,\"caption\":\"Detail wrist feet, selective blur\"},{\"@type\":\"BreadcrumbList\",\"@id\":\"https:\/\/jornalfatosenoticias.com.br\/index.php\/2025\/08\/21\/a-crianca-a-sociedade-e-a-justica-parte-iii\/#breadcrumb\",\"itemListElement\":[{\"@type\":\"ListItem\",\"position\":1,\"name\":\"In\u00edcio\",\"item\":\"https:\/\/jornalfatosenoticias.com.br\/\"},{\"@type\":\"ListItem\",\"position\":2,\"name\":\"A Crian\u00e7a, a Sociedade e a Justi\u00e7a \u2014 Parte III\"}]},{\"@type\":\"WebSite\",\"@id\":\"https:\/\/jornalfatosenoticias.com.br\/#website\",\"url\":\"https:\/\/jornalfatosenoticias.com.br\/\",\"name\":\"Jornal Fatos e Not\u00edcias\",\"description\":\"Not\u00edcias em geral\",\"publisher\":{\"@id\":\"https:\/\/jornalfatosenoticias.com.br\/#organization\"},\"potentialAction\":[{\"@type\":\"SearchAction\",\"target\":{\"@type\":\"EntryPoint\",\"urlTemplate\":\"https:\/\/jornalfatosenoticias.com.br\/?s={search_term_string}\"},\"query-input\":{\"@type\":\"PropertyValueSpecification\",\"valueRequired\":true,\"valueName\":\"search_term_string\"}}],\"inLanguage\":\"pt-BR\"},{\"@type\":\"Organization\",\"@id\":\"https:\/\/jornalfatosenoticias.com.br\/#organization\",\"name\":\"Jornal Fatos e Not\u00edcias\",\"url\":\"https:\/\/jornalfatosenoticias.com.br\/\",\"logo\":{\"@type\":\"ImageObject\",\"inLanguage\":\"pt-BR\",\"@id\":\"https:\/\/jornalfatosenoticias.com.br\/#\/schema\/logo\/image\/\",\"url\":\"https:\/\/jornalfatosenoticias.com.br\/wp-content\/uploads\/2020\/02\/logo120.png\",\"contentUrl\":\"https:\/\/jornalfatosenoticias.com.br\/wp-content\/uploads\/2020\/02\/logo120.png\",\"width\":1227,\"height\":120,\"caption\":\"Jornal Fatos e Not\u00edcias\"},\"image\":{\"@id\":\"https:\/\/jornalfatosenoticias.com.br\/#\/schema\/logo\/image\/\"}},{\"@type\":\"Person\",\"@id\":\"https:\/\/jornalfatosenoticias.com.br\/#\/schema\/person\/c33fcf5fb02d729d3fec92c6737a22d1\",\"name\":\"Ana Maria Iencarelli\",\"image\":{\"@type\":\"ImageObject\",\"inLanguage\":\"pt-BR\",\"@id\":\"https:\/\/jornalfatosenoticias.com.br\/#\/schema\/person\/image\/\",\"url\":\"https:\/\/jornalfatosenoticias.com.br\/wp-content\/uploads\/2020\/02\/Ana-Maria-Iencarelli-1-150x150.jpg\",\"contentUrl\":\"https:\/\/jornalfatosenoticias.com.br\/wp-content\/uploads\/2020\/02\/Ana-Maria-Iencarelli-1-150x150.jpg\",\"caption\":\"Ana Maria Iencarelli\"},\"description\":\"Psicanalista Cl\u00ednica, especializada no atendimento a Crian\u00e7as e Adolescentes. Presidente da ONG Vozes de Anjos.\",\"url\":\"https:\/\/jornalfatosenoticias.com.br\/index.php\/author\/anamaria\/\"}]}<\/script>\n<!-- \/ Yoast SEO plugin. -->","yoast_head_json":{"title":"A Crian\u00e7a, a Sociedade e a Justi\u00e7a \u2014 Parte III - Jornal Fatos e Not\u00edcias","robots":{"index":"index","follow":"follow","max-snippet":"max-snippet:-1","max-image-preview":"max-image-preview:large","max-video-preview":"max-video-preview:-1"},"canonical":"https:\/\/jornalfatosenoticias.com.br\/index.php\/2025\/08\/21\/a-crianca-a-sociedade-e-a-justica-parte-iii\/","og_locale":"pt_BR","og_type":"article","og_title":"A Crian\u00e7a, a Sociedade e a Justi\u00e7a \u2014 Parte III - Jornal Fatos e Not\u00edcias","og_description":"H\u00e1 muito tempo temos denunciado o trabalho escravo sexual de beb\u00eas sob os ausp\u00edcios de homens da fam\u00edlia, em especial, dos respectivos genitores E o pa\u00eds foi impactado por um rapaz bem jovem, dois metros de altura, olhos azuis, cabelos bonitos, bem longos, esbanjando firmeza em tema t\u00e3o espinhoso e evitado por todos. Era a [&hellip;]","og_url":"https:\/\/jornalfatosenoticias.com.br\/index.php\/2025\/08\/21\/a-crianca-a-sociedade-e-a-justica-parte-iii\/","og_site_name":"Jornal Fatos e Not\u00edcias","article_published_time":"2025-08-21T21:48:40+00:00","article_modified_time":"2025-08-21T21:48:41+00:00","og_image":[{"width":612,"height":459,"url":"https:\/\/jornalfatosenoticias.com.br\/wp-content\/uploads\/2025\/08\/violencia-infantil2_istock.jpg","type":"image\/jpeg"}],"author":"Ana Maria Iencarelli","twitter_card":"summary_large_image","twitter_misc":{"Escrito por":"Ana Maria Iencarelli","Est. tempo de leitura":"5 minutos"},"schema":{"@context":"https:\/\/schema.org","@graph":[{"@type":"Article","@id":"https:\/\/jornalfatosenoticias.com.br\/index.php\/2025\/08\/21\/a-crianca-a-sociedade-e-a-justica-parte-iii\/#article","isPartOf":{"@id":"https:\/\/jornalfatosenoticias.com.br\/index.php\/2025\/08\/21\/a-crianca-a-sociedade-e-a-justica-parte-iii\/"},"author":{"name":"Ana Maria Iencarelli","@id":"https:\/\/jornalfatosenoticias.com.br\/#\/schema\/person\/c33fcf5fb02d729d3fec92c6737a22d1"},"headline":"A Crian\u00e7a, a Sociedade e a Justi\u00e7a \u2014 Parte III","datePublished":"2025-08-21T21:48:40+00:00","dateModified":"2025-08-21T21:48:41+00:00","mainEntityOfPage":{"@id":"https:\/\/jornalfatosenoticias.com.br\/index.php\/2025\/08\/21\/a-crianca-a-sociedade-e-a-justica-parte-iii\/"},"wordCount":1080,"commentCount":0,"publisher":{"@id":"https:\/\/jornalfatosenoticias.com.br\/#organization"},"image":{"@id":"https:\/\/jornalfatosenoticias.com.br\/index.php\/2025\/08\/21\/a-crianca-a-sociedade-e-a-justica-parte-iii\/#primaryimage"},"thumbnailUrl":"https:\/\/jornalfatosenoticias.com.br\/wp-content\/uploads\/2025\/08\/violencia-infantil2_istock.jpg","keywords":["ECA","Felca","pedofilia extrafamiliar","pedofilia intrafamiliar","pervers\u00e3o","trabalho escravo sexual de beb\u00eas","v\u00eddeos sexuais de beb\u00eas"],"articleSection":["Comportamento &amp; Equil\u00edbrio"],"inLanguage":"pt-BR","potentialAction":[{"@type":"CommentAction","name":"Comment","target":["https:\/\/jornalfatosenoticias.com.br\/index.php\/2025\/08\/21\/a-crianca-a-sociedade-e-a-justica-parte-iii\/#respond"]}]},{"@type":"WebPage","@id":"https:\/\/jornalfatosenoticias.com.br\/index.php\/2025\/08\/21\/a-crianca-a-sociedade-e-a-justica-parte-iii\/","url":"https:\/\/jornalfatosenoticias.com.br\/index.php\/2025\/08\/21\/a-crianca-a-sociedade-e-a-justica-parte-iii\/","name":"A Crian\u00e7a, a Sociedade e a Justi\u00e7a \u2014 Parte III - Jornal Fatos e Not\u00edcias","isPartOf":{"@id":"https:\/\/jornalfatosenoticias.com.br\/#website"},"primaryImageOfPage":{"@id":"https:\/\/jornalfatosenoticias.com.br\/index.php\/2025\/08\/21\/a-crianca-a-sociedade-e-a-justica-parte-iii\/#primaryimage"},"image":{"@id":"https:\/\/jornalfatosenoticias.com.br\/index.php\/2025\/08\/21\/a-crianca-a-sociedade-e-a-justica-parte-iii\/#primaryimage"},"thumbnailUrl":"https:\/\/jornalfatosenoticias.com.br\/wp-content\/uploads\/2025\/08\/violencia-infantil2_istock.jpg","datePublished":"2025-08-21T21:48:40+00:00","dateModified":"2025-08-21T21:48:41+00:00","breadcrumb":{"@id":"https:\/\/jornalfatosenoticias.com.br\/index.php\/2025\/08\/21\/a-crianca-a-sociedade-e-a-justica-parte-iii\/#breadcrumb"},"inLanguage":"pt-BR","potentialAction":[{"@type":"ReadAction","target":["https:\/\/jornalfatosenoticias.com.br\/index.php\/2025\/08\/21\/a-crianca-a-sociedade-e-a-justica-parte-iii\/"]}]},{"@type":"ImageObject","inLanguage":"pt-BR","@id":"https:\/\/jornalfatosenoticias.com.br\/index.php\/2025\/08\/21\/a-crianca-a-sociedade-e-a-justica-parte-iii\/#primaryimage","url":"https:\/\/jornalfatosenoticias.com.br\/wp-content\/uploads\/2025\/08\/violencia-infantil2_istock.jpg","contentUrl":"https:\/\/jornalfatosenoticias.com.br\/wp-content\/uploads\/2025\/08\/violencia-infantil2_istock.jpg","width":612,"height":459,"caption":"Detail wrist feet, selective blur"},{"@type":"BreadcrumbList","@id":"https:\/\/jornalfatosenoticias.com.br\/index.php\/2025\/08\/21\/a-crianca-a-sociedade-e-a-justica-parte-iii\/#breadcrumb","itemListElement":[{"@type":"ListItem","position":1,"name":"In\u00edcio","item":"https:\/\/jornalfatosenoticias.com.br\/"},{"@type":"ListItem","position":2,"name":"A Crian\u00e7a, a Sociedade e a Justi\u00e7a \u2014 Parte III"}]},{"@type":"WebSite","@id":"https:\/\/jornalfatosenoticias.com.br\/#website","url":"https:\/\/jornalfatosenoticias.com.br\/","name":"Jornal Fatos e Not\u00edcias","description":"Not\u00edcias em geral","publisher":{"@id":"https:\/\/jornalfatosenoticias.com.br\/#organization"},"potentialAction":[{"@type":"SearchAction","target":{"@type":"EntryPoint","urlTemplate":"https:\/\/jornalfatosenoticias.com.br\/?s={search_term_string}"},"query-input":{"@type":"PropertyValueSpecification","valueRequired":true,"valueName":"search_term_string"}}],"inLanguage":"pt-BR"},{"@type":"Organization","@id":"https:\/\/jornalfatosenoticias.com.br\/#organization","name":"Jornal Fatos e Not\u00edcias","url":"https:\/\/jornalfatosenoticias.com.br\/","logo":{"@type":"ImageObject","inLanguage":"pt-BR","@id":"https:\/\/jornalfatosenoticias.com.br\/#\/schema\/logo\/image\/","url":"https:\/\/jornalfatosenoticias.com.br\/wp-content\/uploads\/2020\/02\/logo120.png","contentUrl":"https:\/\/jornalfatosenoticias.com.br\/wp-content\/uploads\/2020\/02\/logo120.png","width":1227,"height":120,"caption":"Jornal Fatos e Not\u00edcias"},"image":{"@id":"https:\/\/jornalfatosenoticias.com.br\/#\/schema\/logo\/image\/"}},{"@type":"Person","@id":"https:\/\/jornalfatosenoticias.com.br\/#\/schema\/person\/c33fcf5fb02d729d3fec92c6737a22d1","name":"Ana Maria Iencarelli","image":{"@type":"ImageObject","inLanguage":"pt-BR","@id":"https:\/\/jornalfatosenoticias.com.br\/#\/schema\/person\/image\/","url":"https:\/\/jornalfatosenoticias.com.br\/wp-content\/uploads\/2020\/02\/Ana-Maria-Iencarelli-1-150x150.jpg","contentUrl":"https:\/\/jornalfatosenoticias.com.br\/wp-content\/uploads\/2020\/02\/Ana-Maria-Iencarelli-1-150x150.jpg","caption":"Ana Maria Iencarelli"},"description":"Psicanalista Cl\u00ednica, especializada no atendimento a Crian\u00e7as e Adolescentes. Presidente da ONG Vozes de Anjos.","url":"https:\/\/jornalfatosenoticias.com.br\/index.php\/author\/anamaria\/"}]}},"cc_featured_image_caption":{"caption_text":"(Foto: iStock) ","source_text":"","source_url":""},"jetpack_featured_media_url":"https:\/\/jornalfatosenoticias.com.br\/wp-content\/uploads\/2025\/08\/violencia-infantil2_istock.jpg","_links":{"self":[{"href":"https:\/\/jornalfatosenoticias.com.br\/index.php\/wp-json\/wp\/v2\/posts\/61371","targetHints":{"allow":["GET"]}}],"collection":[{"href":"https:\/\/jornalfatosenoticias.com.br\/index.php\/wp-json\/wp\/v2\/posts"}],"about":[{"href":"https:\/\/jornalfatosenoticias.com.br\/index.php\/wp-json\/wp\/v2\/types\/post"}],"author":[{"embeddable":true,"href":"https:\/\/jornalfatosenoticias.com.br\/index.php\/wp-json\/wp\/v2\/users\/8"}],"replies":[{"embeddable":true,"href":"https:\/\/jornalfatosenoticias.com.br\/index.php\/wp-json\/wp\/v2\/comments?post=61371"}],"version-history":[{"count":0,"href":"https:\/\/jornalfatosenoticias.com.br\/index.php\/wp-json\/wp\/v2\/posts\/61371\/revisions"}],"wp:featuredmedia":[{"embeddable":true,"href":"https:\/\/jornalfatosenoticias.com.br\/index.php\/wp-json\/wp\/v2\/media\/61374"}],"wp:attachment":[{"href":"https:\/\/jornalfatosenoticias.com.br\/index.php\/wp-json\/wp\/v2\/media?parent=61371"}],"wp:term":[{"taxonomy":"category","embeddable":true,"href":"https:\/\/jornalfatosenoticias.com.br\/index.php\/wp-json\/wp\/v2\/categories?post=61371"},{"taxonomy":"post_tag","embeddable":true,"href":"https:\/\/jornalfatosenoticias.com.br\/index.php\/wp-json\/wp\/v2\/tags?post=61371"}],"curies":[{"name":"wp","href":"https:\/\/api.w.org\/{rel}","templated":true}]}}