{"id":61379,"date":"2025-08-21T19:04:36","date_gmt":"2025-08-21T22:04:36","guid":{"rendered":"https:\/\/jornalfatosenoticias.com.br\/?p=61379"},"modified":"2025-08-21T19:04:38","modified_gmt":"2025-08-21T22:04:38","slug":"a-exclusao-do-icms-da-base-de-calculo-do-pis-e-da-cofins-e-os-efeitos-sobre-o-icms-difal","status":"publish","type":"post","link":"https:\/\/jornalfatosenoticias.com.br\/index.php\/2025\/08\/21\/a-exclusao-do-icms-da-base-de-calculo-do-pis-e-da-cofins-e-os-efeitos-sobre-o-icms-difal\/","title":{"rendered":"A exclus\u00e3o do ICMS da base de c\u00e1lculo do PIS e da COFINS e os efeitos sobre o ICMS-DIFAL"},"content":{"rendered":"\n<div class=\"wp-block-image\"><figure class=\"aligncenter size-large is-resized\"><a href=\"https:\/\/www.facebook.com\/vetor.vix\/\"><img loading=\"lazy\" decoding=\"async\" src=\"https:\/\/jornalfatosenoticias.com.br\/wp-content\/uploads\/2023\/09\/vetorvix1024_1.jpg\" alt=\"\" class=\"wp-image-44868\" width=\"550\" height=\"146\" srcset=\"https:\/\/jornalfatosenoticias.com.br\/wp-content\/uploads\/2023\/09\/vetorvix1024_1.jpg 1024w, https:\/\/jornalfatosenoticias.com.br\/wp-content\/uploads\/2023\/09\/vetorvix1024_1-300x80.jpg 300w, https:\/\/jornalfatosenoticias.com.br\/wp-content\/uploads\/2023\/09\/vetorvix1024_1-768x205.jpg 768w\" sizes=\"auto, (max-width: 550px) 100vw, 550px\" \/><\/a><\/figure><\/div>\n\n\n\n<p>Desde o emblem\u00e1tico julgamento do <strong>Tema 69<\/strong> pelo Supremo Tribunal Federal (STF), consolidou-se a tese de que o <strong>ICMS n\u00e3o comp\u00f5e a base de c\u00e1lculo do PIS e da COFINS, <\/strong>por n\u00e3o representar receita pr\u00f3pria das empresas, mas mero ingresso destinado aos cofres p\u00fablicos. Essa decis\u00e3o abriu espa\u00e7o para importantes debates tribut\u00e1rios, entre eles, a extens\u00e3o dessa exclus\u00e3o ao <strong>ICMS-DIFAL.<\/strong><\/p>\n\n\n\n<div class=\"wp-block-image\"><figure class=\"aligncenter size-large is-resized\"><a href=\"https:\/\/www.facebook.com\/profile.php?id=100069289606145\"><img loading=\"lazy\" decoding=\"async\" src=\"https:\/\/jornalfatosenoticias.com.br\/wp-content\/uploads\/2024\/11\/Guaitolini-Contabilidade-1024x714.jpeg\" alt=\"\" class=\"wp-image-55808\" width=\"316\" height=\"220\" srcset=\"https:\/\/jornalfatosenoticias.com.br\/wp-content\/uploads\/2024\/11\/Guaitolini-Contabilidade-1024x714.jpeg 1024w, https:\/\/jornalfatosenoticias.com.br\/wp-content\/uploads\/2024\/11\/Guaitolini-Contabilidade-300x209.jpeg 300w, https:\/\/jornalfatosenoticias.com.br\/wp-content\/uploads\/2024\/11\/Guaitolini-Contabilidade-768x535.jpeg 768w, https:\/\/jornalfatosenoticias.com.br\/wp-content\/uploads\/2024\/11\/Guaitolini-Contabilidade.jpeg 1280w\" sizes=\"auto, (max-width: 316px) 100vw, 316px\" \/><\/a><\/figure><\/div>\n\n\n\n<p><strong><span class=\"has-inline-color has-black-color\"><span style=\"text-decoration: underline;\">O que \u00e9 o ICMS-DIFAL?<br><\/span><\/span><\/strong>O diferencial de al\u00edquotas do ICMS, o chamado <strong>DIFAL, <\/strong>incide nas opera\u00e7\u00f5es interestaduais para consumidor final, especialmente em vendas via e-commerce. Com a <strong>Lei Complementar n.\u00ba 190\/2022,<\/strong> essa cobran\u00e7a foi regulamentada para opera\u00e7\u00f5es cujo destinat\u00e1rio n\u00e3o \u00e9 contribuinte do imposto. Nestes casos, o pr\u00f3prio vendedor \u00e9 quem recolhe o imposto, da mesma forma que ocorre com o ICMS &#8220;normal&#8221;.<\/p>\n\n\n\n<div class=\"wp-block-image\"><figure class=\"aligncenter size-large is-resized\"><a href=\"https:\/\/legisjuris.com.br\/\"><img loading=\"lazy\" decoding=\"async\" src=\"https:\/\/jornalfatosenoticias.com.br\/wp-content\/uploads\/2024\/09\/Legis-Juris-Consultoria_logo.jpg\" alt=\"\" class=\"wp-image-53915\" width=\"465\" height=\"195\" srcset=\"https:\/\/jornalfatosenoticias.com.br\/wp-content\/uploads\/2024\/09\/Legis-Juris-Consultoria_logo.jpg 969w, https:\/\/jornalfatosenoticias.com.br\/wp-content\/uploads\/2024\/09\/Legis-Juris-Consultoria_logo-300x126.jpg 300w, https:\/\/jornalfatosenoticias.com.br\/wp-content\/uploads\/2024\/09\/Legis-Juris-Consultoria_logo-768x322.jpg 768w\" sizes=\"auto, (max-width: 465px) 100vw, 465px\" \/><\/a><\/figure><\/div>\n\n\n\n<p><strong><span class=\"has-inline-color has-black-color\"><span style=\"text-decoration: underline;\">PGFN reconhece similitude com o ICMS<br><\/span><\/span><\/strong>O <strong>Parecer SEI n.\u00ba 71\/2025\/MF,<\/strong> aprovado pela Procuradoria-Geral da Fazenda Nacional, reconheceu que <strong>n\u00e3o h\u00e1 diferen\u00e7a normativa ou f\u00e1tica relevante entre o ICMS e o ICMS-DIFAL<\/strong> para fins de incid\u00eancia das contribui\u00e7\u00f5es ao PIS e \u00e0 COFINS. Ambos comp\u00f5em o valor do produto, s\u00e3o destinados ao Estado e n\u00e3o representam receita nova para o contribuinte. <\/p>\n\n\n\n<div class=\"wp-block-image\"><figure class=\"aligncenter size-large is-resized\"><a href=\"https:\/\/www.controlsystems.com.br\/\"><img loading=\"lazy\" decoding=\"async\" src=\"https:\/\/jornalfatosenoticias.com.br\/wp-content\/uploads\/2020\/02\/CONTROL-CS.jpg\" alt=\"\" class=\"wp-image-44991\" width=\"273\" height=\"327\" srcset=\"https:\/\/jornalfatosenoticias.com.br\/wp-content\/uploads\/2020\/02\/CONTROL-CS.jpg 834w, https:\/\/jornalfatosenoticias.com.br\/wp-content\/uploads\/2020\/02\/CONTROL-CS-250x300.jpg 250w, https:\/\/jornalfatosenoticias.com.br\/wp-content\/uploads\/2020\/02\/CONTROL-CS-768x921.jpg 768w\" sizes=\"auto, (max-width: 273px) 100vw, 273px\" \/><\/a><\/figure><\/div>\n\n\n\n<p>Assim, a PGFN entendeu ser poss\u00edvel <strong>estender os efeitos do Tema 69 ao DIFAL, <\/strong>pelo menos nas opera\u00e7\u00f5es em que o vendedor recolhe o imposto (caso t\u00edpico do consumidor final n\u00e3o contribuinte de ICMS). Esse posicionamento levou \u00e0 <strong>inclus\u00e3o do tema na lista de dispensa de contestar e recorrer,<\/strong> consolidando a orienta\u00e7\u00e3o administrativa favor\u00e1vel \u00e0 exclus\u00e3o do ICMS-DIFAL da base das contribui\u00e7\u00f5es.<\/p>\n\n\n\n<div class=\"wp-block-image\"><figure class=\"aligncenter size-large is-resized\"><a href=\"https:\/\/www.instagram.com\/restaurantepegoretti\/\"><img loading=\"lazy\" decoding=\"async\" src=\"https:\/\/jornalfatosenoticias.com.br\/wp-content\/uploads\/2023\/12\/pegoretti-logo-pdf-1024x389.jpg\" alt=\"\" class=\"wp-image-47536\" width=\"491\" height=\"186\" srcset=\"https:\/\/jornalfatosenoticias.com.br\/wp-content\/uploads\/2023\/12\/pegoretti-logo-pdf-1024x389.jpg 1024w, https:\/\/jornalfatosenoticias.com.br\/wp-content\/uploads\/2023\/12\/pegoretti-logo-pdf-300x114.jpg 300w, https:\/\/jornalfatosenoticias.com.br\/wp-content\/uploads\/2023\/12\/pegoretti-logo-pdf-768x291.jpg 768w, https:\/\/jornalfatosenoticias.com.br\/wp-content\/uploads\/2023\/12\/pegoretti-logo-pdf.jpg 1120w\" sizes=\"auto, (max-width: 491px) 100vw, 491px\" \/><\/a><\/figure><\/div>\n\n\n\n<p><strong><span class=\"has-inline-color has-black-color\"><span style=\"text-decoration: underline;\">E o que disse o STJ?<br><\/span><\/span><\/strong>Em paralelo, o <strong>Superior Tribunal de Justi\u00e7a (STJ)<\/strong> tamb\u00e9m se manifestou. No julgamento do <strong>REsp 2.128.785\/RS,<\/strong> a 1.\u00aa Turma firmou o entendimento de que o <strong>ICMS-DIFAL n\u00e3o deve compor a base de c\u00e1lculo do PIS e da COFINS, <\/strong>alinhando-se \u00e0 tese do STF. O tribunal reconheceu que se trata de mero desdobramento do ICMS e, portanto, n\u00e3o representa receita da empresa vendedora.<br>Esse julgado refor\u00e7a a seguran\u00e7a jur\u00eddica para os contribuintes que atuam em opera\u00e7\u00f5es interestaduais com consumidores finais.<\/p>\n\n\n\n<div class=\"wp-block-image\"><figure class=\"aligncenter size-large is-resized\"><a href=\"https:\/\/www.instagram.com\/serra4x4cambioautomatico\/\"><img loading=\"lazy\" decoding=\"async\" src=\"https:\/\/jornalfatosenoticias.com.br\/wp-content\/uploads\/2024\/08\/Serra-4x4-1-886x1024.jpg\" alt=\"\" class=\"wp-image-53632\" width=\"279\" height=\"322\" srcset=\"https:\/\/jornalfatosenoticias.com.br\/wp-content\/uploads\/2024\/08\/Serra-4x4-1-886x1024.jpg 886w, https:\/\/jornalfatosenoticias.com.br\/wp-content\/uploads\/2024\/08\/Serra-4x4-1-260x300.jpg 260w, https:\/\/jornalfatosenoticias.com.br\/wp-content\/uploads\/2024\/08\/Serra-4x4-1-768x888.jpg 768w, https:\/\/jornalfatosenoticias.com.br\/wp-content\/uploads\/2024\/08\/Serra-4x4-1.jpg 1181w\" sizes=\"auto, (max-width: 279px) 100vw, 279px\" \/><\/a><\/figure><\/div>\n\n\n\n<p><strong><span class=\"has-inline-color has-black-color\"><span style=\"text-decoration: underline;\">O que isso significa na pr\u00e1tica?<br><\/span><\/span><\/strong>A exclus\u00e3o do ICMS-DIFAL da base do PIS\/COFINS permite que empresas <strong>recalculem suas contribui\u00e7\u00f5es e pleiteiem a restitui\u00e7\u00e3o<\/strong> de valores recolhidos a maior, respeitada a modula\u00e7\u00e3o de efeitos decidida no Tema 69 (aplic\u00e1vel desde 15\/03\/2017, salvo a\u00e7\u00f5es anteriores). \u00c9 fundamental, no entanto, <strong>analisar o caso concreto, <\/strong>especialmente quanto \u00e0 efetiva incid\u00eancia do DIFAL e \u00e0 sistem\u00e1tica de recolhimento envolvida.<\/p>\n\n\n\n<div class=\"wp-block-image\"><figure class=\"aligncenter size-large is-resized\"><a href=\"https:\/\/www.instagram.com\/gruposei\/\"><img loading=\"lazy\" decoding=\"async\" src=\"https:\/\/jornalfatosenoticias.com.br\/wp-content\/uploads\/2022\/07\/Logo-Grupo-SEI.jpg\" alt=\"\" class=\"wp-image-31973\" width=\"332\" height=\"174\" srcset=\"https:\/\/jornalfatosenoticias.com.br\/wp-content\/uploads\/2022\/07\/Logo-Grupo-SEI.jpg 713w, https:\/\/jornalfatosenoticias.com.br\/wp-content\/uploads\/2022\/07\/Logo-Grupo-SEI-300x158.jpg 300w\" sizes=\"auto, (max-width: 332px) 100vw, 332px\" \/><\/a><\/figure><\/div>\n\n\n\n<p><strong><span class=\"has-inline-color has-black-color\"><span style=\"text-decoration: underline;\">Considera\u00e7\u00f5es finais<br><\/span><\/span><\/strong>O desdobramento do Tema 69 evidencia o impacto estrutural da jurisprud\u00eancia tribut\u00e1ria sobre a apura\u00e7\u00e3o das contribui\u00e7\u00f5es federais. A equipara\u00e7\u00e3o entre ICMS e ICMS-DIFAL para efeitos de exclus\u00e3o da base do PIS\/COFINS demonstra uma evolu\u00e7\u00e3o t\u00e9cnica e coerente da interpreta\u00e7\u00e3o jur\u00eddica, promovendo maior previsibilidade para as empresas.<\/p>\n\n\n\n<div class=\"wp-block-image\"><figure class=\"aligncenter size-large is-resized\"><a href=\"https:\/\/www.instagram.com\/esteio.churrascaria\/\"><img loading=\"lazy\" decoding=\"async\" src=\"https:\/\/jornalfatosenoticias.com.br\/wp-content\/uploads\/2022\/02\/LOGO-ESTEIO-1024x730.png\" alt=\"\" class=\"wp-image-27942\" width=\"324\" height=\"231\" srcset=\"https:\/\/jornalfatosenoticias.com.br\/wp-content\/uploads\/2022\/02\/LOGO-ESTEIO-1024x730.png 1024w, https:\/\/jornalfatosenoticias.com.br\/wp-content\/uploads\/2022\/02\/LOGO-ESTEIO-300x214.png 300w, https:\/\/jornalfatosenoticias.com.br\/wp-content\/uploads\/2022\/02\/LOGO-ESTEIO-768x548.png 768w, https:\/\/jornalfatosenoticias.com.br\/wp-content\/uploads\/2022\/02\/LOGO-ESTEIO.png 1123w\" sizes=\"auto, (max-width: 324px) 100vw, 324px\" \/><\/a><\/figure><\/div>\n\n\n\n<p>Para os contribuintes, trata-se de uma <strong>oportunidade relevante de revis\u00e3o fiscal, <\/strong>que deve ser conduzida com crit\u00e9rio e documenta\u00e7\u00e3o adequada, diante das nuances legais e administrativas envolvidas.<br><em>At\u00e9 a pr\u00f3xima semana.<\/em><\/p>\n","protected":false},"excerpt":{"rendered":"<p>Desde o emblem\u00e1tico julgamento do Tema 69 pelo Supremo Tribunal Federal (STF), consolidou-se a tese de que o ICMS n\u00e3o comp\u00f5e a base de c\u00e1lculo do PIS e da COFINS, por n\u00e3o representar receita pr\u00f3pria das empresas, mas mero ingresso destinado aos cofres p\u00fablicos. Essa decis\u00e3o abriu espa\u00e7o para importantes debates tribut\u00e1rios, entre eles, a [&hellip;]<\/p>\n","protected":false},"author":39,"featured_media":61381,"comment_status":"open","ping_status":"open","sticky":false,"template":"","format":"standard","meta":{"footnotes":""},"categories":[9],"tags":[13644,1171,27964,20538,294,14905],"class_list":["post-61379","post","type-post","status-publish","format-standard","has-post-thumbnail","hentry","category-economia","tag-cofins","tag-icms","tag-icms-difal","tag-pis","tag-stf","tag-stj"],"yoast_head":"<!-- This site is optimized with the Yoast SEO plugin v26.5 - https:\/\/yoast.com\/wordpress\/plugins\/seo\/ -->\n<title>A exclus\u00e3o do ICMS da base de c\u00e1lculo do PIS e da COFINS e os efeitos sobre o ICMS-DIFAL - Jornal Fatos e Not\u00edcias<\/title>\n<meta name=\"robots\" content=\"index, follow, max-snippet:-1, max-image-preview:large, max-video-preview:-1\" \/>\n<link rel=\"canonical\" href=\"https:\/\/jornalfatosenoticias.com.br\/index.php\/2025\/08\/21\/a-exclusao-do-icms-da-base-de-calculo-do-pis-e-da-cofins-e-os-efeitos-sobre-o-icms-difal\/\" \/>\n<meta property=\"og:locale\" content=\"pt_BR\" \/>\n<meta property=\"og:type\" content=\"article\" \/>\n<meta property=\"og:title\" content=\"A exclus\u00e3o do ICMS da base de c\u00e1lculo do PIS e da COFINS e os efeitos sobre o ICMS-DIFAL - Jornal Fatos e Not\u00edcias\" \/>\n<meta property=\"og:description\" content=\"Desde o emblem\u00e1tico julgamento do Tema 69 pelo Supremo Tribunal Federal (STF), consolidou-se a tese de que o ICMS n\u00e3o comp\u00f5e a base de c\u00e1lculo do PIS e da COFINS, por n\u00e3o representar receita pr\u00f3pria das empresas, mas mero ingresso destinado aos cofres p\u00fablicos. Essa decis\u00e3o abriu espa\u00e7o para importantes debates tribut\u00e1rios, entre eles, a [&hellip;]\" \/>\n<meta property=\"og:url\" content=\"https:\/\/jornalfatosenoticias.com.br\/index.php\/2025\/08\/21\/a-exclusao-do-icms-da-base-de-calculo-do-pis-e-da-cofins-e-os-efeitos-sobre-o-icms-difal\/\" \/>\n<meta property=\"og:site_name\" content=\"Jornal Fatos e Not\u00edcias\" \/>\n<meta property=\"article:published_time\" content=\"2025-08-21T22:04:36+00:00\" \/>\n<meta property=\"article:modified_time\" content=\"2025-08-21T22:04:38+00:00\" \/>\n<meta property=\"og:image\" content=\"https:\/\/jornalfatosenoticias.com.br\/wp-content\/uploads\/2025\/08\/texto-kalyne_istock.jpg\" \/>\n\t<meta property=\"og:image:width\" content=\"612\" \/>\n\t<meta property=\"og:image:height\" content=\"313\" \/>\n\t<meta property=\"og:image:type\" content=\"image\/jpeg\" \/>\n<meta name=\"author\" content=\"Rogerio Fernandes e Kalyne Calais\" \/>\n<meta name=\"twitter:card\" content=\"summary_large_image\" \/>\n<meta name=\"twitter:label1\" content=\"Escrito por\" \/>\n\t<meta name=\"twitter:data1\" content=\"Rogerio Fernandes e Kalyne Calais\" \/>\n\t<meta name=\"twitter:label2\" content=\"Est. tempo de leitura\" \/>\n\t<meta name=\"twitter:data2\" content=\"3 minutos\" \/>\n<script type=\"application\/ld+json\" class=\"yoast-schema-graph\">{\"@context\":\"https:\/\/schema.org\",\"@graph\":[{\"@type\":\"Article\",\"@id\":\"https:\/\/jornalfatosenoticias.com.br\/index.php\/2025\/08\/21\/a-exclusao-do-icms-da-base-de-calculo-do-pis-e-da-cofins-e-os-efeitos-sobre-o-icms-difal\/#article\",\"isPartOf\":{\"@id\":\"https:\/\/jornalfatosenoticias.com.br\/index.php\/2025\/08\/21\/a-exclusao-do-icms-da-base-de-calculo-do-pis-e-da-cofins-e-os-efeitos-sobre-o-icms-difal\/\"},\"author\":{\"name\":\"Rogerio Fernandes e Kalyne Calais\",\"@id\":\"https:\/\/jornalfatosenoticias.com.br\/#\/schema\/person\/dbe3a29c2a0ae01a892d7aef31d6c0b6\"},\"headline\":\"A exclus\u00e3o do ICMS da base de c\u00e1lculo do PIS e da COFINS e os efeitos sobre o ICMS-DIFAL\",\"datePublished\":\"2025-08-21T22:04:36+00:00\",\"dateModified\":\"2025-08-21T22:04:38+00:00\",\"mainEntityOfPage\":{\"@id\":\"https:\/\/jornalfatosenoticias.com.br\/index.php\/2025\/08\/21\/a-exclusao-do-icms-da-base-de-calculo-do-pis-e-da-cofins-e-os-efeitos-sobre-o-icms-difal\/\"},\"wordCount\":552,\"commentCount\":0,\"publisher\":{\"@id\":\"https:\/\/jornalfatosenoticias.com.br\/#organization\"},\"image\":{\"@id\":\"https:\/\/jornalfatosenoticias.com.br\/index.php\/2025\/08\/21\/a-exclusao-do-icms-da-base-de-calculo-do-pis-e-da-cofins-e-os-efeitos-sobre-o-icms-difal\/#primaryimage\"},\"thumbnailUrl\":\"https:\/\/jornalfatosenoticias.com.br\/wp-content\/uploads\/2025\/08\/texto-kalyne_istock.jpg\",\"keywords\":[\"Cofins\",\"ICMS\",\"ICMS-DIFAL\",\"Pis\",\"STF\",\"STJ\"],\"articleSection\":[\"Economia\"],\"inLanguage\":\"pt-BR\",\"potentialAction\":[{\"@type\":\"CommentAction\",\"name\":\"Comment\",\"target\":[\"https:\/\/jornalfatosenoticias.com.br\/index.php\/2025\/08\/21\/a-exclusao-do-icms-da-base-de-calculo-do-pis-e-da-cofins-e-os-efeitos-sobre-o-icms-difal\/#respond\"]}]},{\"@type\":\"WebPage\",\"@id\":\"https:\/\/jornalfatosenoticias.com.br\/index.php\/2025\/08\/21\/a-exclusao-do-icms-da-base-de-calculo-do-pis-e-da-cofins-e-os-efeitos-sobre-o-icms-difal\/\",\"url\":\"https:\/\/jornalfatosenoticias.com.br\/index.php\/2025\/08\/21\/a-exclusao-do-icms-da-base-de-calculo-do-pis-e-da-cofins-e-os-efeitos-sobre-o-icms-difal\/\",\"name\":\"A exclus\u00e3o do ICMS da base de c\u00e1lculo do PIS e da COFINS e os efeitos sobre o ICMS-DIFAL - Jornal Fatos e Not\u00edcias\",\"isPartOf\":{\"@id\":\"https:\/\/jornalfatosenoticias.com.br\/#website\"},\"primaryImageOfPage\":{\"@id\":\"https:\/\/jornalfatosenoticias.com.br\/index.php\/2025\/08\/21\/a-exclusao-do-icms-da-base-de-calculo-do-pis-e-da-cofins-e-os-efeitos-sobre-o-icms-difal\/#primaryimage\"},\"image\":{\"@id\":\"https:\/\/jornalfatosenoticias.com.br\/index.php\/2025\/08\/21\/a-exclusao-do-icms-da-base-de-calculo-do-pis-e-da-cofins-e-os-efeitos-sobre-o-icms-difal\/#primaryimage\"},\"thumbnailUrl\":\"https:\/\/jornalfatosenoticias.com.br\/wp-content\/uploads\/2025\/08\/texto-kalyne_istock.jpg\",\"datePublished\":\"2025-08-21T22:04:36+00:00\",\"dateModified\":\"2025-08-21T22:04:38+00:00\",\"breadcrumb\":{\"@id\":\"https:\/\/jornalfatosenoticias.com.br\/index.php\/2025\/08\/21\/a-exclusao-do-icms-da-base-de-calculo-do-pis-e-da-cofins-e-os-efeitos-sobre-o-icms-difal\/#breadcrumb\"},\"inLanguage\":\"pt-BR\",\"potentialAction\":[{\"@type\":\"ReadAction\",\"target\":[\"https:\/\/jornalfatosenoticias.com.br\/index.php\/2025\/08\/21\/a-exclusao-do-icms-da-base-de-calculo-do-pis-e-da-cofins-e-os-efeitos-sobre-o-icms-difal\/\"]}]},{\"@type\":\"ImageObject\",\"inLanguage\":\"pt-BR\",\"@id\":\"https:\/\/jornalfatosenoticias.com.br\/index.php\/2025\/08\/21\/a-exclusao-do-icms-da-base-de-calculo-do-pis-e-da-cofins-e-os-efeitos-sobre-o-icms-difal\/#primaryimage\",\"url\":\"https:\/\/jornalfatosenoticias.com.br\/wp-content\/uploads\/2025\/08\/texto-kalyne_istock.jpg\",\"contentUrl\":\"https:\/\/jornalfatosenoticias.com.br\/wp-content\/uploads\/2025\/08\/texto-kalyne_istock.jpg\",\"width\":612,\"height\":313,\"caption\":\"Woman judge hand holding gavel to bang on sounding block in the court room.\"},{\"@type\":\"BreadcrumbList\",\"@id\":\"https:\/\/jornalfatosenoticias.com.br\/index.php\/2025\/08\/21\/a-exclusao-do-icms-da-base-de-calculo-do-pis-e-da-cofins-e-os-efeitos-sobre-o-icms-difal\/#breadcrumb\",\"itemListElement\":[{\"@type\":\"ListItem\",\"position\":1,\"name\":\"In\u00edcio\",\"item\":\"https:\/\/jornalfatosenoticias.com.br\/\"},{\"@type\":\"ListItem\",\"position\":2,\"name\":\"A exclus\u00e3o do ICMS da base de c\u00e1lculo do PIS e da COFINS e os efeitos sobre o ICMS-DIFAL\"}]},{\"@type\":\"WebSite\",\"@id\":\"https:\/\/jornalfatosenoticias.com.br\/#website\",\"url\":\"https:\/\/jornalfatosenoticias.com.br\/\",\"name\":\"Jornal Fatos e Not\u00edcias\",\"description\":\"Not\u00edcias em geral\",\"publisher\":{\"@id\":\"https:\/\/jornalfatosenoticias.com.br\/#organization\"},\"potentialAction\":[{\"@type\":\"SearchAction\",\"target\":{\"@type\":\"EntryPoint\",\"urlTemplate\":\"https:\/\/jornalfatosenoticias.com.br\/?s={search_term_string}\"},\"query-input\":{\"@type\":\"PropertyValueSpecification\",\"valueRequired\":true,\"valueName\":\"search_term_string\"}}],\"inLanguage\":\"pt-BR\"},{\"@type\":\"Organization\",\"@id\":\"https:\/\/jornalfatosenoticias.com.br\/#organization\",\"name\":\"Jornal Fatos e Not\u00edcias\",\"url\":\"https:\/\/jornalfatosenoticias.com.br\/\",\"logo\":{\"@type\":\"ImageObject\",\"inLanguage\":\"pt-BR\",\"@id\":\"https:\/\/jornalfatosenoticias.com.br\/#\/schema\/logo\/image\/\",\"url\":\"https:\/\/jornalfatosenoticias.com.br\/wp-content\/uploads\/2020\/02\/logo120.png\",\"contentUrl\":\"https:\/\/jornalfatosenoticias.com.br\/wp-content\/uploads\/2020\/02\/logo120.png\",\"width\":1227,\"height\":120,\"caption\":\"Jornal Fatos e Not\u00edcias\"},\"image\":{\"@id\":\"https:\/\/jornalfatosenoticias.com.br\/#\/schema\/logo\/image\/\"}},{\"@type\":\"Person\",\"@id\":\"https:\/\/jornalfatosenoticias.com.br\/#\/schema\/person\/dbe3a29c2a0ae01a892d7aef31d6c0b6\",\"name\":\"Rogerio Fernandes e Kalyne Calais\",\"image\":{\"@type\":\"ImageObject\",\"inLanguage\":\"pt-BR\",\"@id\":\"https:\/\/jornalfatosenoticias.com.br\/#\/schema\/person\/image\/\",\"url\":\"https:\/\/jornalfatosenoticias.com.br\/wp-content\/uploads\/2026\/01\/Rogerio-Kalyne_PORTAL-1-150x150.jpeg\",\"contentUrl\":\"https:\/\/jornalfatosenoticias.com.br\/wp-content\/uploads\/2026\/01\/Rogerio-Kalyne_PORTAL-1-150x150.jpeg\",\"caption\":\"Rogerio Fernandes e Kalyne Calais\"},\"description\":\"Especialistas em Direito Tribut\u00e1rio Legis Juris Consultoria https:\/\/www.instagram.com\/kalynecalais\/ https:\/\/www.linkedin.com\/company\/legis-juris\/\",\"url\":\"https:\/\/jornalfatosenoticias.com.br\/index.php\/author\/rogerio-e-kalyne\/\"}]}<\/script>\n<!-- \/ Yoast SEO plugin. -->","yoast_head_json":{"title":"A exclus\u00e3o do ICMS da base de c\u00e1lculo do PIS e da COFINS e os efeitos sobre o ICMS-DIFAL - Jornal Fatos e Not\u00edcias","robots":{"index":"index","follow":"follow","max-snippet":"max-snippet:-1","max-image-preview":"max-image-preview:large","max-video-preview":"max-video-preview:-1"},"canonical":"https:\/\/jornalfatosenoticias.com.br\/index.php\/2025\/08\/21\/a-exclusao-do-icms-da-base-de-calculo-do-pis-e-da-cofins-e-os-efeitos-sobre-o-icms-difal\/","og_locale":"pt_BR","og_type":"article","og_title":"A exclus\u00e3o do ICMS da base de c\u00e1lculo do PIS e da COFINS e os efeitos sobre o ICMS-DIFAL - Jornal Fatos e Not\u00edcias","og_description":"Desde o emblem\u00e1tico julgamento do Tema 69 pelo Supremo Tribunal Federal (STF), consolidou-se a tese de que o ICMS n\u00e3o comp\u00f5e a base de c\u00e1lculo do PIS e da COFINS, por n\u00e3o representar receita pr\u00f3pria das empresas, mas mero ingresso destinado aos cofres p\u00fablicos. Essa decis\u00e3o abriu espa\u00e7o para importantes debates tribut\u00e1rios, entre eles, a [&hellip;]","og_url":"https:\/\/jornalfatosenoticias.com.br\/index.php\/2025\/08\/21\/a-exclusao-do-icms-da-base-de-calculo-do-pis-e-da-cofins-e-os-efeitos-sobre-o-icms-difal\/","og_site_name":"Jornal Fatos e Not\u00edcias","article_published_time":"2025-08-21T22:04:36+00:00","article_modified_time":"2025-08-21T22:04:38+00:00","og_image":[{"width":612,"height":313,"url":"https:\/\/jornalfatosenoticias.com.br\/wp-content\/uploads\/2025\/08\/texto-kalyne_istock.jpg","type":"image\/jpeg"}],"author":"Rogerio Fernandes e Kalyne Calais","twitter_card":"summary_large_image","twitter_misc":{"Escrito por":"Rogerio Fernandes e Kalyne Calais","Est. tempo de leitura":"3 minutos"},"schema":{"@context":"https:\/\/schema.org","@graph":[{"@type":"Article","@id":"https:\/\/jornalfatosenoticias.com.br\/index.php\/2025\/08\/21\/a-exclusao-do-icms-da-base-de-calculo-do-pis-e-da-cofins-e-os-efeitos-sobre-o-icms-difal\/#article","isPartOf":{"@id":"https:\/\/jornalfatosenoticias.com.br\/index.php\/2025\/08\/21\/a-exclusao-do-icms-da-base-de-calculo-do-pis-e-da-cofins-e-os-efeitos-sobre-o-icms-difal\/"},"author":{"name":"Rogerio Fernandes e Kalyne Calais","@id":"https:\/\/jornalfatosenoticias.com.br\/#\/schema\/person\/dbe3a29c2a0ae01a892d7aef31d6c0b6"},"headline":"A exclus\u00e3o do ICMS da base de c\u00e1lculo do PIS e da COFINS e os efeitos sobre o ICMS-DIFAL","datePublished":"2025-08-21T22:04:36+00:00","dateModified":"2025-08-21T22:04:38+00:00","mainEntityOfPage":{"@id":"https:\/\/jornalfatosenoticias.com.br\/index.php\/2025\/08\/21\/a-exclusao-do-icms-da-base-de-calculo-do-pis-e-da-cofins-e-os-efeitos-sobre-o-icms-difal\/"},"wordCount":552,"commentCount":0,"publisher":{"@id":"https:\/\/jornalfatosenoticias.com.br\/#organization"},"image":{"@id":"https:\/\/jornalfatosenoticias.com.br\/index.php\/2025\/08\/21\/a-exclusao-do-icms-da-base-de-calculo-do-pis-e-da-cofins-e-os-efeitos-sobre-o-icms-difal\/#primaryimage"},"thumbnailUrl":"https:\/\/jornalfatosenoticias.com.br\/wp-content\/uploads\/2025\/08\/texto-kalyne_istock.jpg","keywords":["Cofins","ICMS","ICMS-DIFAL","Pis","STF","STJ"],"articleSection":["Economia"],"inLanguage":"pt-BR","potentialAction":[{"@type":"CommentAction","name":"Comment","target":["https:\/\/jornalfatosenoticias.com.br\/index.php\/2025\/08\/21\/a-exclusao-do-icms-da-base-de-calculo-do-pis-e-da-cofins-e-os-efeitos-sobre-o-icms-difal\/#respond"]}]},{"@type":"WebPage","@id":"https:\/\/jornalfatosenoticias.com.br\/index.php\/2025\/08\/21\/a-exclusao-do-icms-da-base-de-calculo-do-pis-e-da-cofins-e-os-efeitos-sobre-o-icms-difal\/","url":"https:\/\/jornalfatosenoticias.com.br\/index.php\/2025\/08\/21\/a-exclusao-do-icms-da-base-de-calculo-do-pis-e-da-cofins-e-os-efeitos-sobre-o-icms-difal\/","name":"A exclus\u00e3o do ICMS da base de c\u00e1lculo do PIS e da COFINS e os efeitos sobre o ICMS-DIFAL - Jornal Fatos e Not\u00edcias","isPartOf":{"@id":"https:\/\/jornalfatosenoticias.com.br\/#website"},"primaryImageOfPage":{"@id":"https:\/\/jornalfatosenoticias.com.br\/index.php\/2025\/08\/21\/a-exclusao-do-icms-da-base-de-calculo-do-pis-e-da-cofins-e-os-efeitos-sobre-o-icms-difal\/#primaryimage"},"image":{"@id":"https:\/\/jornalfatosenoticias.com.br\/index.php\/2025\/08\/21\/a-exclusao-do-icms-da-base-de-calculo-do-pis-e-da-cofins-e-os-efeitos-sobre-o-icms-difal\/#primaryimage"},"thumbnailUrl":"https:\/\/jornalfatosenoticias.com.br\/wp-content\/uploads\/2025\/08\/texto-kalyne_istock.jpg","datePublished":"2025-08-21T22:04:36+00:00","dateModified":"2025-08-21T22:04:38+00:00","breadcrumb":{"@id":"https:\/\/jornalfatosenoticias.com.br\/index.php\/2025\/08\/21\/a-exclusao-do-icms-da-base-de-calculo-do-pis-e-da-cofins-e-os-efeitos-sobre-o-icms-difal\/#breadcrumb"},"inLanguage":"pt-BR","potentialAction":[{"@type":"ReadAction","target":["https:\/\/jornalfatosenoticias.com.br\/index.php\/2025\/08\/21\/a-exclusao-do-icms-da-base-de-calculo-do-pis-e-da-cofins-e-os-efeitos-sobre-o-icms-difal\/"]}]},{"@type":"ImageObject","inLanguage":"pt-BR","@id":"https:\/\/jornalfatosenoticias.com.br\/index.php\/2025\/08\/21\/a-exclusao-do-icms-da-base-de-calculo-do-pis-e-da-cofins-e-os-efeitos-sobre-o-icms-difal\/#primaryimage","url":"https:\/\/jornalfatosenoticias.com.br\/wp-content\/uploads\/2025\/08\/texto-kalyne_istock.jpg","contentUrl":"https:\/\/jornalfatosenoticias.com.br\/wp-content\/uploads\/2025\/08\/texto-kalyne_istock.jpg","width":612,"height":313,"caption":"Woman judge hand holding gavel to bang on sounding block in the court room."},{"@type":"BreadcrumbList","@id":"https:\/\/jornalfatosenoticias.com.br\/index.php\/2025\/08\/21\/a-exclusao-do-icms-da-base-de-calculo-do-pis-e-da-cofins-e-os-efeitos-sobre-o-icms-difal\/#breadcrumb","itemListElement":[{"@type":"ListItem","position":1,"name":"In\u00edcio","item":"https:\/\/jornalfatosenoticias.com.br\/"},{"@type":"ListItem","position":2,"name":"A exclus\u00e3o do ICMS da base de c\u00e1lculo do PIS e da COFINS e os efeitos sobre o ICMS-DIFAL"}]},{"@type":"WebSite","@id":"https:\/\/jornalfatosenoticias.com.br\/#website","url":"https:\/\/jornalfatosenoticias.com.br\/","name":"Jornal Fatos e Not\u00edcias","description":"Not\u00edcias em geral","publisher":{"@id":"https:\/\/jornalfatosenoticias.com.br\/#organization"},"potentialAction":[{"@type":"SearchAction","target":{"@type":"EntryPoint","urlTemplate":"https:\/\/jornalfatosenoticias.com.br\/?s={search_term_string}"},"query-input":{"@type":"PropertyValueSpecification","valueRequired":true,"valueName":"search_term_string"}}],"inLanguage":"pt-BR"},{"@type":"Organization","@id":"https:\/\/jornalfatosenoticias.com.br\/#organization","name":"Jornal Fatos e Not\u00edcias","url":"https:\/\/jornalfatosenoticias.com.br\/","logo":{"@type":"ImageObject","inLanguage":"pt-BR","@id":"https:\/\/jornalfatosenoticias.com.br\/#\/schema\/logo\/image\/","url":"https:\/\/jornalfatosenoticias.com.br\/wp-content\/uploads\/2020\/02\/logo120.png","contentUrl":"https:\/\/jornalfatosenoticias.com.br\/wp-content\/uploads\/2020\/02\/logo120.png","width":1227,"height":120,"caption":"Jornal Fatos e Not\u00edcias"},"image":{"@id":"https:\/\/jornalfatosenoticias.com.br\/#\/schema\/logo\/image\/"}},{"@type":"Person","@id":"https:\/\/jornalfatosenoticias.com.br\/#\/schema\/person\/dbe3a29c2a0ae01a892d7aef31d6c0b6","name":"Rogerio Fernandes e Kalyne Calais","image":{"@type":"ImageObject","inLanguage":"pt-BR","@id":"https:\/\/jornalfatosenoticias.com.br\/#\/schema\/person\/image\/","url":"https:\/\/jornalfatosenoticias.com.br\/wp-content\/uploads\/2026\/01\/Rogerio-Kalyne_PORTAL-1-150x150.jpeg","contentUrl":"https:\/\/jornalfatosenoticias.com.br\/wp-content\/uploads\/2026\/01\/Rogerio-Kalyne_PORTAL-1-150x150.jpeg","caption":"Rogerio Fernandes e Kalyne Calais"},"description":"Especialistas em Direito Tribut\u00e1rio Legis Juris Consultoria https:\/\/www.instagram.com\/kalynecalais\/ https:\/\/www.linkedin.com\/company\/legis-juris\/","url":"https:\/\/jornalfatosenoticias.com.br\/index.php\/author\/rogerio-e-kalyne\/"}]}},"cc_featured_image_caption":{"caption_text":"(Foto: iStock) ","source_text":"","source_url":""},"jetpack_featured_media_url":"https:\/\/jornalfatosenoticias.com.br\/wp-content\/uploads\/2025\/08\/texto-kalyne_istock.jpg","_links":{"self":[{"href":"https:\/\/jornalfatosenoticias.com.br\/index.php\/wp-json\/wp\/v2\/posts\/61379","targetHints":{"allow":["GET"]}}],"collection":[{"href":"https:\/\/jornalfatosenoticias.com.br\/index.php\/wp-json\/wp\/v2\/posts"}],"about":[{"href":"https:\/\/jornalfatosenoticias.com.br\/index.php\/wp-json\/wp\/v2\/types\/post"}],"author":[{"embeddable":true,"href":"https:\/\/jornalfatosenoticias.com.br\/index.php\/wp-json\/wp\/v2\/users\/39"}],"replies":[{"embeddable":true,"href":"https:\/\/jornalfatosenoticias.com.br\/index.php\/wp-json\/wp\/v2\/comments?post=61379"}],"version-history":[{"count":0,"href":"https:\/\/jornalfatosenoticias.com.br\/index.php\/wp-json\/wp\/v2\/posts\/61379\/revisions"}],"wp:featuredmedia":[{"embeddable":true,"href":"https:\/\/jornalfatosenoticias.com.br\/index.php\/wp-json\/wp\/v2\/media\/61381"}],"wp:attachment":[{"href":"https:\/\/jornalfatosenoticias.com.br\/index.php\/wp-json\/wp\/v2\/media?parent=61379"}],"wp:term":[{"taxonomy":"category","embeddable":true,"href":"https:\/\/jornalfatosenoticias.com.br\/index.php\/wp-json\/wp\/v2\/categories?post=61379"},{"taxonomy":"post_tag","embeddable":true,"href":"https:\/\/jornalfatosenoticias.com.br\/index.php\/wp-json\/wp\/v2\/tags?post=61379"}],"curies":[{"name":"wp","href":"https:\/\/api.w.org\/{rel}","templated":true}]}}