{"id":61399,"date":"2025-08-21T20:22:50","date_gmt":"2025-08-21T23:22:50","guid":{"rendered":"https:\/\/jornalfatosenoticias.com.br\/?p=61399"},"modified":"2025-08-21T20:22:52","modified_gmt":"2025-08-21T23:22:52","slug":"governo-lula-ja-soma-quase-r-390-bilhoes-fora-da-meta-fiscal-com-nova-manobra-para-socorrer-exportadores-apos-tarifaco-dos-eua","status":"publish","type":"post","link":"https:\/\/jornalfatosenoticias.com.br\/index.php\/2025\/08\/21\/governo-lula-ja-soma-quase-r-390-bilhoes-fora-da-meta-fiscal-com-nova-manobra-para-socorrer-exportadores-apos-tarifaco-dos-eua\/","title":{"rendered":"Governo Lula j\u00e1 soma quase R$ 390 bilh\u00f5es fora da meta fiscal com nova manobra para \u2018socorrer exportadores\u2019 ap\u00f3s tarifa\u00e7o dos EUA"},"content":{"rendered":"\n<div class=\"wp-block-image\"><figure class=\"aligncenter size-large\"><a href=\"https:\/\/mizu.com.br\/\"><img loading=\"lazy\" decoding=\"async\" width=\"729\" height=\"90\" src=\"https:\/\/jornalfatosenoticias.com.br\/wp-content\/uploads\/2020\/02\/Logo_Mizu.png\" alt=\"\" class=\"wp-image-1441\" srcset=\"https:\/\/jornalfatosenoticias.com.br\/wp-content\/uploads\/2020\/02\/Logo_Mizu.png 729w, https:\/\/jornalfatosenoticias.com.br\/wp-content\/uploads\/2020\/02\/Logo_Mizu-300x37.png 300w\" sizes=\"auto, (max-width: 729px) 100vw, 729px\" \/><\/a><\/figure><\/div>\n\n\n\n<p>A aprova\u00e7\u00e3o do pacote \u201cBrasil Soberano\u201d, com R$ 9,5 bilh\u00f5es em est\u00edmulos para empresas afetadas pelas tarifas dos Estados Unidos, elevou para R$ 389,7 bilh\u00f5es o total de despesas e ren\u00fancias fiscais que o governo Lula deixar\u00e1 fora da meta de resultado prim\u00e1rio at\u00e9 o fim de 2026. Os valores, embora reais, n\u00e3o entram no c\u00e1lculo oficial da principal regra de controle das contas p\u00fablicas.<br>O programa \u2014 anunciado no \u00faltimo dia 13 \u2014 inclui R$ 4,5 bilh\u00f5es em aportes a fundos garantidores e R$ 5 bilh\u00f5es em ren\u00fancias fiscais do Reintegra, voltadas a exportadores. Como as medidas ficar\u00e3o fora da meta fiscal, n\u00e3o exigem cortes em outras \u00e1reas do or\u00e7amento. A manobra foi viabilizada por um projeto de lei complementar apresentado pelo l\u00edder do governo no Senado, Jaques Wagner (PT-BA), que ainda precisa ser aprovado no Congresso.<\/p>\n\n\n\n<div class=\"wp-block-image\"><figure class=\"aligncenter size-large is-resized\"><a href=\"https:\/\/www.controlsystems.com.br\/\"><img loading=\"lazy\" decoding=\"async\" src=\"https:\/\/jornalfatosenoticias.com.br\/wp-content\/uploads\/2020\/02\/CONTROL-CS.jpg\" alt=\"\" class=\"wp-image-44991\" width=\"281\" height=\"337\" srcset=\"https:\/\/jornalfatosenoticias.com.br\/wp-content\/uploads\/2020\/02\/CONTROL-CS.jpg 834w, https:\/\/jornalfatosenoticias.com.br\/wp-content\/uploads\/2020\/02\/CONTROL-CS-250x300.jpg 250w, https:\/\/jornalfatosenoticias.com.br\/wp-content\/uploads\/2020\/02\/CONTROL-CS-768x921.jpg 768w\" sizes=\"auto, (max-width: 281px) 100vw, 281px\" \/><\/a><\/figure><\/div>\n\n\n\n<p>A iniciativa confirma um padr\u00e3o adotado pela atual gest\u00e3o: driblar o alcance da regra fiscal por meio de exclus\u00f5es legais ou decis\u00f5es do Supremo Tribunal Federal (STF). As justificativas variam \u2014 precat\u00f3rios, calamidades, \u201cheran\u00e7as\u201d de governos anteriores \u2014 mas o efeito \u00e9 constante: a meta continua tecnicamente \u201ccumprida\u201d, enquanto o d\u00e9ficit real cresce.<\/p>\n\n\n\n<div class=\"wp-block-image\"><figure class=\"aligncenter size-large is-resized\"><a href=\"https:\/\/panper.com.br\/\"><img loading=\"lazy\" decoding=\"async\" src=\"https:\/\/jornalfatosenoticias.com.br\/wp-content\/uploads\/2023\/03\/logo-Panper_portal.jpg\" alt=\"\" class=\"wp-image-40208\" width=\"334\" height=\"231\" srcset=\"https:\/\/jornalfatosenoticias.com.br\/wp-content\/uploads\/2023\/03\/logo-Panper_portal.jpg 400w, https:\/\/jornalfatosenoticias.com.br\/wp-content\/uploads\/2023\/03\/logo-Panper_portal-300x208.jpg 300w\" sizes=\"auto, (max-width: 334px) 100vw, 334px\" \/><\/a><\/figure><\/div>\n\n\n\n<p>Segundo F\u00e1bio Serrano, economista do BTG Pactual, o novo pacote \u00e9 apenas o cap\u00edtulo mais recente de uma estrat\u00e9gia que compromete a credibilidade do arcabou\u00e7o fiscal. \u201cO Brasil Soberano parece calibrado, mas o fato de ser lan\u00e7ado fora da meta cria um precedente perigoso: sem a restri\u00e7\u00e3o or\u00e7ament\u00e1ria, o projeto pode ser inflado no Congresso\u201d, diz.<\/p>\n\n\n\n<div class=\"wp-block-image\"><figure class=\"aligncenter size-large is-resized\"><a href=\"https:\/\/legisjuris.com.br\/\"><img loading=\"lazy\" decoding=\"async\" src=\"https:\/\/jornalfatosenoticias.com.br\/wp-content\/uploads\/2024\/09\/Legis-Juris-Consultoria_logo.jpg\" alt=\"\" class=\"wp-image-53915\" width=\"413\" height=\"173\" srcset=\"https:\/\/jornalfatosenoticias.com.br\/wp-content\/uploads\/2024\/09\/Legis-Juris-Consultoria_logo.jpg 969w, https:\/\/jornalfatosenoticias.com.br\/wp-content\/uploads\/2024\/09\/Legis-Juris-Consultoria_logo-300x126.jpg 300w, https:\/\/jornalfatosenoticias.com.br\/wp-content\/uploads\/2024\/09\/Legis-Juris-Consultoria_logo-768x322.jpg 768w\" sizes=\"auto, (max-width: 413px) 100vw, 413px\" \/><\/a><\/figure><\/div>\n\n\n\n<p>Os c\u00e1lculos mais recentes indicam que R$ 334 bilh\u00f5es foram exclu\u00eddos da meta entre 2023 e 2025, e que ao menos R$ 55 bilh\u00f5es em precat\u00f3rios tamb\u00e9m devem ser deixados de fora no ano que vem, segundo levantamento do pr\u00f3prio Tesouro Nacional, confirmado por analistas da XP e do BTG. A exclus\u00e3o sistem\u00e1tica de gastos levanta d\u00favidas sobre a efic\u00e1cia da meta de resultado prim\u00e1rio, criada para garantir equil\u00edbrio entre arrecada\u00e7\u00e3o e despesas, sem considerar os juros da d\u00edvida p\u00fablica. <\/p>\n\n\n\n<div class=\"wp-block-image\"><figure class=\"aligncenter size-large is-resized\"><a href=\"https:\/\/www.instagram.com\/esteio.churrascaria\/\"><img loading=\"lazy\" decoding=\"async\" src=\"https:\/\/jornalfatosenoticias.com.br\/wp-content\/uploads\/2022\/02\/LOGO-ESTEIO-1024x730.png\" alt=\"\" class=\"wp-image-27942\" width=\"329\" height=\"234\" srcset=\"https:\/\/jornalfatosenoticias.com.br\/wp-content\/uploads\/2022\/02\/LOGO-ESTEIO-1024x730.png 1024w, https:\/\/jornalfatosenoticias.com.br\/wp-content\/uploads\/2022\/02\/LOGO-ESTEIO-300x214.png 300w, https:\/\/jornalfatosenoticias.com.br\/wp-content\/uploads\/2022\/02\/LOGO-ESTEIO-768x548.png 768w, https:\/\/jornalfatosenoticias.com.br\/wp-content\/uploads\/2022\/02\/LOGO-ESTEIO.png 1123w\" sizes=\"auto, (max-width: 329px) 100vw, 329px\" \/><\/a><\/figure><\/div>\n\n\n\n<blockquote class=\"wp-block-quote is-layout-flow wp-block-quote-is-layout-flow\"><p><span class=\"has-inline-color has-luminous-vivid-orange-color\">O grande problema \u00e9 que a multiplica\u00e7\u00e3o de dedu\u00e7\u00f5es, muitas feitas sob medida para atender situa\u00e7\u00f5es pol\u00edticas, acaba esvaziando a meta como indicador do esfor\u00e7o fiscal real\u201d, afirma Tiago Sbardelotto, economista da XP e auditor licenciado do Tesouro. \u201cO governo pode at\u00e9 cumprir a meta no papel, mas o d\u00e9ficit que impacta a d\u00edvida continua crescendo\u201d.<\/span><\/p><\/blockquote>\n\n\n\n<div class=\"wp-block-image\"><figure class=\"aligncenter size-large is-resized\"><a href=\"https:\/\/www.instagram.com\/serra4x4cambioautomatico\/\"><img loading=\"lazy\" decoding=\"async\" src=\"https:\/\/jornalfatosenoticias.com.br\/wp-content\/uploads\/2024\/08\/Serra-4x4-1-886x1024.jpg\" alt=\"\" class=\"wp-image-53632\" width=\"301\" height=\"347\" srcset=\"https:\/\/jornalfatosenoticias.com.br\/wp-content\/uploads\/2024\/08\/Serra-4x4-1-886x1024.jpg 886w, https:\/\/jornalfatosenoticias.com.br\/wp-content\/uploads\/2024\/08\/Serra-4x4-1-260x300.jpg 260w, https:\/\/jornalfatosenoticias.com.br\/wp-content\/uploads\/2024\/08\/Serra-4x4-1-768x888.jpg 768w, https:\/\/jornalfatosenoticias.com.br\/wp-content\/uploads\/2024\/08\/Serra-4x4-1.jpg 1181w\" sizes=\"auto, (max-width: 301px) 100vw, 301px\" \/><\/a><\/figure><\/div>\n\n\n\n<p>De acordo com Jo\u00e3o Pedro Leme, da Tend\u00eancias Consultoria, a manobra fiscal pode at\u00e9 ser juridicamente permitida, mas \u201ctransforma a \u00e2ncora fiscal em uma fic\u00e7\u00e3o \u00fatil apenas para apresenta\u00e7\u00f5es de PowerPoint\u201d. Segundo ele, ao ignorar os efeitos reais de medidas que n\u00e3o entram no c\u00e1lculo oficial, o governo compromete sua pr\u00f3pria capacidade de estabelecer prioridades. \u201cA regra existe para for\u00e7ar escolhas. Retirar tudo da contabilidade \u00e9 como dizer que todo gasto \u00e9 inevit\u00e1vel \u2014 e isso nos coloca numa estrada sem freio\u201d, afirma.<\/p>\n\n\n\n<div class=\"wp-block-image\"><figure class=\"aligncenter size-large is-resized\"><a href=\"https:\/\/www.facebook.com\/profile.php?id=100069289606145\"><img loading=\"lazy\" decoding=\"async\" src=\"https:\/\/jornalfatosenoticias.com.br\/wp-content\/uploads\/2024\/11\/Guaitolini-Contabilidade-1024x714.jpeg\" alt=\"\" class=\"wp-image-55808\" width=\"345\" height=\"240\" srcset=\"https:\/\/jornalfatosenoticias.com.br\/wp-content\/uploads\/2024\/11\/Guaitolini-Contabilidade-1024x714.jpeg 1024w, https:\/\/jornalfatosenoticias.com.br\/wp-content\/uploads\/2024\/11\/Guaitolini-Contabilidade-300x209.jpeg 300w, https:\/\/jornalfatosenoticias.com.br\/wp-content\/uploads\/2024\/11\/Guaitolini-Contabilidade-768x535.jpeg 768w, https:\/\/jornalfatosenoticias.com.br\/wp-content\/uploads\/2024\/11\/Guaitolini-Contabilidade.jpeg 1280w\" sizes=\"auto, (max-width: 345px) 100vw, 345px\" \/><\/a><\/figure><\/div>\n\n\n\n<p><strong><span class=\"has-inline-color has-black-color\">Os gastos fora da meta incluem:<br><\/span><\/strong>\u27a1 R$ 145 bilh\u00f5es da PEC da Transi\u00e7\u00e3o (2023), que aumentou o teto de gastos para incluir o novo Bolsa Fam\u00edlia, a Farm\u00e1cia Popular e outros programas;<br>\u27a1 R$ 92,4 bilh\u00f5es em precat\u00f3rios pagos ap\u00f3s decis\u00e3o do STF que anulou o calote do governo Bolsonaro;<br>\u27a1 R$ 30 bilh\u00f5es para o Rio Grande do Sul ap\u00f3s a calamidade de 2023;<br>\u27a1 R$ 9,5 bilh\u00f5es do Brasil Soberano (2025\u20132026), em aporte e ren\u00fancia fiscal;<br>\u27a1 R$ 4 bilh\u00f5es da Lei Paulo Gustavo, aprovada em 2022 sem dota\u00e7\u00e3o or\u00e7ament\u00e1ria;<br>\u27a1 R$ 5 bilh\u00f5es em cr\u00e9ditos do Reintegra a serem pagos a exportadores;<br>\u27a1 R$ 8 bilh\u00f5es em decis\u00f5es judiciais, fraudes no INSS e demais a\u00e7\u00f5es pontuais.<\/p>\n\n\n\n<div class=\"wp-block-image\"><figure class=\"aligncenter size-large is-resized\"><a href=\"https:\/\/hotelmarquetti.com.br\/\"><img loading=\"lazy\" decoding=\"async\" src=\"https:\/\/jornalfatosenoticias.com.br\/wp-content\/uploads\/2020\/02\/LOGO-MQ-1024x680.jpg\" alt=\"\" class=\"wp-image-58299\" width=\"342\" height=\"227\" srcset=\"https:\/\/jornalfatosenoticias.com.br\/wp-content\/uploads\/2020\/02\/LOGO-MQ-1024x680.jpg 1024w, https:\/\/jornalfatosenoticias.com.br\/wp-content\/uploads\/2020\/02\/LOGO-MQ-300x199.jpg 300w, https:\/\/jornalfatosenoticias.com.br\/wp-content\/uploads\/2020\/02\/LOGO-MQ-768x510.jpg 768w, https:\/\/jornalfatosenoticias.com.br\/wp-content\/uploads\/2020\/02\/LOGO-MQ-1536x1020.jpg 1536w, https:\/\/jornalfatosenoticias.com.br\/wp-content\/uploads\/2020\/02\/LOGO-MQ-2048x1360.jpg 2048w\" sizes=\"auto, (max-width: 342px) 100vw, 342px\" \/><\/a><\/figure><\/div>\n\n\n\n<p>No total, o valor projetado chega a R$ 389,7 bilh\u00f5es, podendo crescer com novas concess\u00f5es do Congresso ou medidas de impacto pol\u00edtico em ano eleitoral. Procurado, o Minist\u00e9rio da Fazenda afirmou que 87% do montante fora da meta se referem a medidas necess\u00e1rias para \u201ccorrigir distor\u00e7\u00f5es\u201d deixadas pelo governo Bolsonaro, como o calote nos precat\u00f3rios e o represamento artificial de despesas obrigat\u00f3rias. A pasta tamb\u00e9m alegou que as ren\u00fancias fiscais do Brasil Soberano s\u00e3o medidas emergenciais voltadas \u00e0 competitividade externa, diante de um \u201cataque comercial\u201d dos Estados Unidos.<\/p>\n\n\n\n<div class=\"wp-block-image\"><figure class=\"aligncenter size-large\"><a href=\"http:\/\/www.ferrarimaquinas.com.br\/\"><img loading=\"lazy\" decoding=\"async\" width=\"300\" height=\"250\" src=\"https:\/\/jornalfatosenoticias.com.br\/wp-content\/uploads\/2022\/02\/FERRARI_MAQUINAS-E-FERRAMENTAS2.jpg\" alt=\"\" class=\"wp-image-27860\"\/><\/a><\/figure><\/div>\n\n\n\n<p>Mas, segundo os especialistas ouvidos pela reportagem, a argumenta\u00e7\u00e3o n\u00e3o convence totalmente. \u201cA heran\u00e7a existe, mas o governo atual fez op\u00e7\u00e3o consciente por repetir o padr\u00e3o: sempre que h\u00e1 um novo gasto, ele \u00e9 lan\u00e7ado fora da meta\u201d, resume Serrano.<\/p>\n\n\n\n<div class=\"wp-block-image\"><figure class=\"aligncenter size-large is-resized\"><a href=\"https:\/\/www.instagram.com\/gruposei\/\"><img loading=\"lazy\" decoding=\"async\" src=\"https:\/\/jornalfatosenoticias.com.br\/wp-content\/uploads\/2022\/07\/Logo-Grupo-SEI.jpg\" alt=\"\" class=\"wp-image-31973\" width=\"350\" height=\"184\" srcset=\"https:\/\/jornalfatosenoticias.com.br\/wp-content\/uploads\/2022\/07\/Logo-Grupo-SEI.jpg 713w, https:\/\/jornalfatosenoticias.com.br\/wp-content\/uploads\/2022\/07\/Logo-Grupo-SEI-300x158.jpg 300w\" sizes=\"auto, (max-width: 350px) 100vw, 350px\" \/><\/a><\/figure><\/div>\n\n\n\n<p>A meta de resultado prim\u00e1rio, criada pela Lei de Responsabilidade Fiscal em 2000, deveria funcionar como uma baliza para o esfor\u00e7o fiscal do governo. O novo arcabou\u00e7o fiscal, aprovado em 2023, flexibilizou essa meta, introduzindo uma \u201cbanda de toler\u00e2ncia\u201d que permite d\u00e9ficits de at\u00e9 R$ 31 bilh\u00f5es em 2025, por exemplo.<\/p>\n\n\n\n<div class=\"wp-block-image\"><figure class=\"aligncenter size-large\"><a href=\"https:\/\/www.cesconetto.com.br\/\"><img loading=\"lazy\" decoding=\"async\" width=\"300\" height=\"250\" src=\"https:\/\/jornalfatosenoticias.com.br\/wp-content\/uploads\/2022\/02\/Banner-2.png\" alt=\"\" class=\"wp-image-27877\"\/><\/a><\/figure><\/div>\n\n\n\n<p>Mas o Executivo vem utilizando esse limite para despesas permanentes e lan\u00e7ando as extraordin\u00e1rias, como o tarifa\u00e7o, totalmente fora da regra. O risco, apontam os analistas, \u00e9 que a meta se torne irrelevante justamente quando mais se precisa dela: em momentos de press\u00e3o fiscal e proximidade eleitoral.<\/p>\n\n\n\n<p><strong>Fonte: <a href=\"https:\/\/horabrasilia.com.br\/2025\/08\/governo-lula-ja-soma-quase-r-390-bilhoes-fora-da-meta-fiscal-com-nova-manobra-para-socorrer-exportadores-apos-tarifaco-dos-eua\/\">Hora Bras\u00edlia<\/a><\/strong><\/p>\n","protected":false},"excerpt":{"rendered":"<p>A aprova\u00e7\u00e3o do pacote \u201cBrasil Soberano\u201d, com R$ 9,5 bilh\u00f5es em est\u00edmulos para empresas afetadas pelas tarifas dos Estados Unidos, elevou para R$ 389,7 bilh\u00f5es o total de despesas e ren\u00fancias fiscais que o governo Lula deixar\u00e1 fora da meta de resultado prim\u00e1rio at\u00e9 o fim de 2026. Os valores, embora reais, n\u00e3o entram no [&hellip;]<\/p>\n","protected":false},"author":3,"featured_media":61400,"comment_status":"open","ping_status":"open","sticky":false,"template":"","format":"standard","meta":{"footnotes":""},"categories":[9],"tags":[27975,487,14689,27974,1751,18343,27976,21627,27977,294,27758],"class_list":["post-61399","post","type-post","status-publish","format-standard","has-post-thumbnail","hentry","category-economia","tag-brasil-soberano","tag-congresso","tag-deficit","tag-descontrole-contas-publicas","tag-estados-unidos","tag-governo-lula","tag-manobra","tag-meta-fiscal","tag-renuncias-fiscais","tag-stf","tag-tarifaco"],"yoast_head":"<!-- This site is optimized with the Yoast SEO plugin v26.5 - https:\/\/yoast.com\/wordpress\/plugins\/seo\/ -->\n<title>Governo Lula j\u00e1 soma quase R$ 390 bilh\u00f5es fora da meta fiscal com nova manobra para \u2018socorrer exportadores\u2019 ap\u00f3s tarifa\u00e7o dos EUA - Jornal Fatos e Not\u00edcias<\/title>\n<meta name=\"robots\" content=\"index, follow, max-snippet:-1, max-image-preview:large, max-video-preview:-1\" \/>\n<link rel=\"canonical\" href=\"https:\/\/jornalfatosenoticias.com.br\/index.php\/2025\/08\/21\/governo-lula-ja-soma-quase-r-390-bilhoes-fora-da-meta-fiscal-com-nova-manobra-para-socorrer-exportadores-apos-tarifaco-dos-eua\/\" \/>\n<meta property=\"og:locale\" content=\"pt_BR\" \/>\n<meta property=\"og:type\" content=\"article\" \/>\n<meta property=\"og:title\" content=\"Governo Lula j\u00e1 soma quase R$ 390 bilh\u00f5es fora da meta fiscal com nova manobra para \u2018socorrer exportadores\u2019 ap\u00f3s tarifa\u00e7o dos EUA - Jornal Fatos e Not\u00edcias\" \/>\n<meta property=\"og:description\" content=\"A aprova\u00e7\u00e3o do pacote \u201cBrasil Soberano\u201d, com R$ 9,5 bilh\u00f5es em est\u00edmulos para empresas afetadas pelas tarifas dos Estados Unidos, elevou para R$ 389,7 bilh\u00f5es o total de despesas e ren\u00fancias fiscais que o governo Lula deixar\u00e1 fora da meta de resultado prim\u00e1rio at\u00e9 o fim de 2026. Os valores, embora reais, n\u00e3o entram no [&hellip;]\" \/>\n<meta property=\"og:url\" content=\"https:\/\/jornalfatosenoticias.com.br\/index.php\/2025\/08\/21\/governo-lula-ja-soma-quase-r-390-bilhoes-fora-da-meta-fiscal-com-nova-manobra-para-socorrer-exportadores-apos-tarifaco-dos-eua\/\" \/>\n<meta property=\"og:site_name\" content=\"Jornal Fatos e Not\u00edcias\" \/>\n<meta property=\"article:published_time\" content=\"2025-08-21T23:22:50+00:00\" \/>\n<meta property=\"article:modified_time\" content=\"2025-08-21T23:22:52+00:00\" \/>\n<meta property=\"og:image\" content=\"https:\/\/jornalfatosenoticias.com.br\/wp-content\/uploads\/2025\/08\/meta-fiscal-lula-rombo_gettyimages.jpg\" \/>\n\t<meta property=\"og:image:width\" content=\"612\" \/>\n\t<meta property=\"og:image:height\" content=\"408\" \/>\n\t<meta property=\"og:image:type\" content=\"image\/jpeg\" \/>\n<meta name=\"author\" content=\"Haroldo Filho\" \/>\n<meta name=\"twitter:card\" content=\"summary_large_image\" \/>\n<meta name=\"twitter:label1\" content=\"Escrito por\" \/>\n\t<meta name=\"twitter:data1\" content=\"Haroldo Filho\" \/>\n\t<meta name=\"twitter:label2\" content=\"Est. tempo de leitura\" \/>\n\t<meta name=\"twitter:data2\" content=\"4 minutos\" \/>\n<script type=\"application\/ld+json\" class=\"yoast-schema-graph\">{\"@context\":\"https:\/\/schema.org\",\"@graph\":[{\"@type\":\"Article\",\"@id\":\"https:\/\/jornalfatosenoticias.com.br\/index.php\/2025\/08\/21\/governo-lula-ja-soma-quase-r-390-bilhoes-fora-da-meta-fiscal-com-nova-manobra-para-socorrer-exportadores-apos-tarifaco-dos-eua\/#article\",\"isPartOf\":{\"@id\":\"https:\/\/jornalfatosenoticias.com.br\/index.php\/2025\/08\/21\/governo-lula-ja-soma-quase-r-390-bilhoes-fora-da-meta-fiscal-com-nova-manobra-para-socorrer-exportadores-apos-tarifaco-dos-eua\/\"},\"author\":{\"name\":\"Haroldo Filho\",\"@id\":\"https:\/\/jornalfatosenoticias.com.br\/#\/schema\/person\/05c46cc25b42a5c27e004fb0fa6b4965\"},\"headline\":\"Governo Lula j\u00e1 soma quase R$ 390 bilh\u00f5es fora da meta fiscal com nova manobra para \u2018socorrer exportadores\u2019 ap\u00f3s tarifa\u00e7o dos EUA\",\"datePublished\":\"2025-08-21T23:22:50+00:00\",\"dateModified\":\"2025-08-21T23:22:52+00:00\",\"mainEntityOfPage\":{\"@id\":\"https:\/\/jornalfatosenoticias.com.br\/index.php\/2025\/08\/21\/governo-lula-ja-soma-quase-r-390-bilhoes-fora-da-meta-fiscal-com-nova-manobra-para-socorrer-exportadores-apos-tarifaco-dos-eua\/\"},\"wordCount\":904,\"commentCount\":0,\"publisher\":{\"@id\":\"https:\/\/jornalfatosenoticias.com.br\/#organization\"},\"image\":{\"@id\":\"https:\/\/jornalfatosenoticias.com.br\/index.php\/2025\/08\/21\/governo-lula-ja-soma-quase-r-390-bilhoes-fora-da-meta-fiscal-com-nova-manobra-para-socorrer-exportadores-apos-tarifaco-dos-eua\/#primaryimage\"},\"thumbnailUrl\":\"https:\/\/jornalfatosenoticias.com.br\/wp-content\/uploads\/2025\/08\/meta-fiscal-lula-rombo_gettyimages.jpg\",\"keywords\":[\"\u201cBrasil Soberano\u201d\",\"Congresso\",\"d\u00e9ficit\",\"descontrole contas p\u00fablicas\",\"Estados Unidos\",\"governo Lula\",\"manobra\",\"meta fiscal\",\"ren\u00fancias fiscais\",\"STF\",\"tarifa\u00e7o\"],\"articleSection\":[\"Economia\"],\"inLanguage\":\"pt-BR\",\"potentialAction\":[{\"@type\":\"CommentAction\",\"name\":\"Comment\",\"target\":[\"https:\/\/jornalfatosenoticias.com.br\/index.php\/2025\/08\/21\/governo-lula-ja-soma-quase-r-390-bilhoes-fora-da-meta-fiscal-com-nova-manobra-para-socorrer-exportadores-apos-tarifaco-dos-eua\/#respond\"]}]},{\"@type\":\"WebPage\",\"@id\":\"https:\/\/jornalfatosenoticias.com.br\/index.php\/2025\/08\/21\/governo-lula-ja-soma-quase-r-390-bilhoes-fora-da-meta-fiscal-com-nova-manobra-para-socorrer-exportadores-apos-tarifaco-dos-eua\/\",\"url\":\"https:\/\/jornalfatosenoticias.com.br\/index.php\/2025\/08\/21\/governo-lula-ja-soma-quase-r-390-bilhoes-fora-da-meta-fiscal-com-nova-manobra-para-socorrer-exportadores-apos-tarifaco-dos-eua\/\",\"name\":\"Governo Lula j\u00e1 soma quase R$ 390 bilh\u00f5es fora da meta fiscal com nova manobra para \u2018socorrer exportadores\u2019 ap\u00f3s tarifa\u00e7o dos EUA - Jornal Fatos e Not\u00edcias\",\"isPartOf\":{\"@id\":\"https:\/\/jornalfatosenoticias.com.br\/#website\"},\"primaryImageOfPage\":{\"@id\":\"https:\/\/jornalfatosenoticias.com.br\/index.php\/2025\/08\/21\/governo-lula-ja-soma-quase-r-390-bilhoes-fora-da-meta-fiscal-com-nova-manobra-para-socorrer-exportadores-apos-tarifaco-dos-eua\/#primaryimage\"},\"image\":{\"@id\":\"https:\/\/jornalfatosenoticias.com.br\/index.php\/2025\/08\/21\/governo-lula-ja-soma-quase-r-390-bilhoes-fora-da-meta-fiscal-com-nova-manobra-para-socorrer-exportadores-apos-tarifaco-dos-eua\/#primaryimage\"},\"thumbnailUrl\":\"https:\/\/jornalfatosenoticias.com.br\/wp-content\/uploads\/2025\/08\/meta-fiscal-lula-rombo_gettyimages.jpg\",\"datePublished\":\"2025-08-21T23:22:50+00:00\",\"dateModified\":\"2025-08-21T23:22:52+00:00\",\"breadcrumb\":{\"@id\":\"https:\/\/jornalfatosenoticias.com.br\/index.php\/2025\/08\/21\/governo-lula-ja-soma-quase-r-390-bilhoes-fora-da-meta-fiscal-com-nova-manobra-para-socorrer-exportadores-apos-tarifaco-dos-eua\/#breadcrumb\"},\"inLanguage\":\"pt-BR\",\"potentialAction\":[{\"@type\":\"ReadAction\",\"target\":[\"https:\/\/jornalfatosenoticias.com.br\/index.php\/2025\/08\/21\/governo-lula-ja-soma-quase-r-390-bilhoes-fora-da-meta-fiscal-com-nova-manobra-para-socorrer-exportadores-apos-tarifaco-dos-eua\/\"]}]},{\"@type\":\"ImageObject\",\"inLanguage\":\"pt-BR\",\"@id\":\"https:\/\/jornalfatosenoticias.com.br\/index.php\/2025\/08\/21\/governo-lula-ja-soma-quase-r-390-bilhoes-fora-da-meta-fiscal-com-nova-manobra-para-socorrer-exportadores-apos-tarifaco-dos-eua\/#primaryimage\",\"url\":\"https:\/\/jornalfatosenoticias.com.br\/wp-content\/uploads\/2025\/08\/meta-fiscal-lula-rombo_gettyimages.jpg\",\"contentUrl\":\"https:\/\/jornalfatosenoticias.com.br\/wp-content\/uploads\/2025\/08\/meta-fiscal-lula-rombo_gettyimages.jpg\",\"width\":612,\"height\":408,\"caption\":\"Brazil's President Luiz Inacio Lula da Silva gestures as he speaks during the signing of a decree with measures to mitigate the economic impact of the US government's increase of up to 50% in import tariffs on Brazilian products at the Planalto Palace in Bras\u00edlia on August 13, 2025. Brazilian President Luiz Inacio Lula da Silva on Tuesday announced aid worth some $5.5 billion for companies hit by Donald Trump's trade tariffs, as part of a package of economic relief measures. (Photo by EVARISTO SA \/ AFP) (Photo by EVARISTO SA\/AFP via Getty Images)\"},{\"@type\":\"BreadcrumbList\",\"@id\":\"https:\/\/jornalfatosenoticias.com.br\/index.php\/2025\/08\/21\/governo-lula-ja-soma-quase-r-390-bilhoes-fora-da-meta-fiscal-com-nova-manobra-para-socorrer-exportadores-apos-tarifaco-dos-eua\/#breadcrumb\",\"itemListElement\":[{\"@type\":\"ListItem\",\"position\":1,\"name\":\"In\u00edcio\",\"item\":\"https:\/\/jornalfatosenoticias.com.br\/\"},{\"@type\":\"ListItem\",\"position\":2,\"name\":\"Governo Lula j\u00e1 soma quase R$ 390 bilh\u00f5es fora da meta fiscal com nova manobra para \u2018socorrer exportadores\u2019 ap\u00f3s tarifa\u00e7o dos EUA\"}]},{\"@type\":\"WebSite\",\"@id\":\"https:\/\/jornalfatosenoticias.com.br\/#website\",\"url\":\"https:\/\/jornalfatosenoticias.com.br\/\",\"name\":\"Jornal Fatos e Not\u00edcias\",\"description\":\"Not\u00edcias em geral\",\"publisher\":{\"@id\":\"https:\/\/jornalfatosenoticias.com.br\/#organization\"},\"potentialAction\":[{\"@type\":\"SearchAction\",\"target\":{\"@type\":\"EntryPoint\",\"urlTemplate\":\"https:\/\/jornalfatosenoticias.com.br\/?s={search_term_string}\"},\"query-input\":{\"@type\":\"PropertyValueSpecification\",\"valueRequired\":true,\"valueName\":\"search_term_string\"}}],\"inLanguage\":\"pt-BR\"},{\"@type\":\"Organization\",\"@id\":\"https:\/\/jornalfatosenoticias.com.br\/#organization\",\"name\":\"Jornal Fatos e Not\u00edcias\",\"url\":\"https:\/\/jornalfatosenoticias.com.br\/\",\"logo\":{\"@type\":\"ImageObject\",\"inLanguage\":\"pt-BR\",\"@id\":\"https:\/\/jornalfatosenoticias.com.br\/#\/schema\/logo\/image\/\",\"url\":\"https:\/\/jornalfatosenoticias.com.br\/wp-content\/uploads\/2020\/02\/logo120.png\",\"contentUrl\":\"https:\/\/jornalfatosenoticias.com.br\/wp-content\/uploads\/2020\/02\/logo120.png\",\"width\":1227,\"height\":120,\"caption\":\"Jornal Fatos e Not\u00edcias\"},\"image\":{\"@id\":\"https:\/\/jornalfatosenoticias.com.br\/#\/schema\/logo\/image\/\"}},{\"@type\":\"Person\",\"@id\":\"https:\/\/jornalfatosenoticias.com.br\/#\/schema\/person\/05c46cc25b42a5c27e004fb0fa6b4965\",\"name\":\"Haroldo Filho\",\"image\":{\"@type\":\"ImageObject\",\"inLanguage\":\"pt-BR\",\"@id\":\"https:\/\/jornalfatosenoticias.com.br\/#\/schema\/person\/image\/\",\"url\":\"https:\/\/jornalfatosenoticias.com.br\/wp-content\/uploads\/2025\/08\/WhatsApp-Image-2025-08-18-at-15.30.28-150x150.jpeg\",\"contentUrl\":\"https:\/\/jornalfatosenoticias.com.br\/wp-content\/uploads\/2025\/08\/WhatsApp-Image-2025-08-18-at-15.30.28-150x150.jpeg\",\"caption\":\"Haroldo Filho\"},\"description\":\"Jornalista \u2013 DRT: 0003818\/ES Coordenador-geral da ONG Educar para Crescer\",\"url\":\"https:\/\/jornalfatosenoticias.com.br\/index.php\/author\/haroldo\/\"}]}<\/script>\n<!-- \/ Yoast SEO plugin. -->","yoast_head_json":{"title":"Governo Lula j\u00e1 soma quase R$ 390 bilh\u00f5es fora da meta fiscal com nova manobra para \u2018socorrer exportadores\u2019 ap\u00f3s tarifa\u00e7o dos EUA - Jornal Fatos e Not\u00edcias","robots":{"index":"index","follow":"follow","max-snippet":"max-snippet:-1","max-image-preview":"max-image-preview:large","max-video-preview":"max-video-preview:-1"},"canonical":"https:\/\/jornalfatosenoticias.com.br\/index.php\/2025\/08\/21\/governo-lula-ja-soma-quase-r-390-bilhoes-fora-da-meta-fiscal-com-nova-manobra-para-socorrer-exportadores-apos-tarifaco-dos-eua\/","og_locale":"pt_BR","og_type":"article","og_title":"Governo Lula j\u00e1 soma quase R$ 390 bilh\u00f5es fora da meta fiscal com nova manobra para \u2018socorrer exportadores\u2019 ap\u00f3s tarifa\u00e7o dos EUA - Jornal Fatos e Not\u00edcias","og_description":"A aprova\u00e7\u00e3o do pacote \u201cBrasil Soberano\u201d, com R$ 9,5 bilh\u00f5es em est\u00edmulos para empresas afetadas pelas tarifas dos Estados Unidos, elevou para R$ 389,7 bilh\u00f5es o total de despesas e ren\u00fancias fiscais que o governo Lula deixar\u00e1 fora da meta de resultado prim\u00e1rio at\u00e9 o fim de 2026. Os valores, embora reais, n\u00e3o entram no [&hellip;]","og_url":"https:\/\/jornalfatosenoticias.com.br\/index.php\/2025\/08\/21\/governo-lula-ja-soma-quase-r-390-bilhoes-fora-da-meta-fiscal-com-nova-manobra-para-socorrer-exportadores-apos-tarifaco-dos-eua\/","og_site_name":"Jornal Fatos e Not\u00edcias","article_published_time":"2025-08-21T23:22:50+00:00","article_modified_time":"2025-08-21T23:22:52+00:00","og_image":[{"width":612,"height":408,"url":"https:\/\/jornalfatosenoticias.com.br\/wp-content\/uploads\/2025\/08\/meta-fiscal-lula-rombo_gettyimages.jpg","type":"image\/jpeg"}],"author":"Haroldo Filho","twitter_card":"summary_large_image","twitter_misc":{"Escrito por":"Haroldo Filho","Est. tempo de leitura":"4 minutos"},"schema":{"@context":"https:\/\/schema.org","@graph":[{"@type":"Article","@id":"https:\/\/jornalfatosenoticias.com.br\/index.php\/2025\/08\/21\/governo-lula-ja-soma-quase-r-390-bilhoes-fora-da-meta-fiscal-com-nova-manobra-para-socorrer-exportadores-apos-tarifaco-dos-eua\/#article","isPartOf":{"@id":"https:\/\/jornalfatosenoticias.com.br\/index.php\/2025\/08\/21\/governo-lula-ja-soma-quase-r-390-bilhoes-fora-da-meta-fiscal-com-nova-manobra-para-socorrer-exportadores-apos-tarifaco-dos-eua\/"},"author":{"name":"Haroldo Filho","@id":"https:\/\/jornalfatosenoticias.com.br\/#\/schema\/person\/05c46cc25b42a5c27e004fb0fa6b4965"},"headline":"Governo Lula j\u00e1 soma quase R$ 390 bilh\u00f5es fora da meta fiscal com nova manobra para \u2018socorrer exportadores\u2019 ap\u00f3s tarifa\u00e7o dos EUA","datePublished":"2025-08-21T23:22:50+00:00","dateModified":"2025-08-21T23:22:52+00:00","mainEntityOfPage":{"@id":"https:\/\/jornalfatosenoticias.com.br\/index.php\/2025\/08\/21\/governo-lula-ja-soma-quase-r-390-bilhoes-fora-da-meta-fiscal-com-nova-manobra-para-socorrer-exportadores-apos-tarifaco-dos-eua\/"},"wordCount":904,"commentCount":0,"publisher":{"@id":"https:\/\/jornalfatosenoticias.com.br\/#organization"},"image":{"@id":"https:\/\/jornalfatosenoticias.com.br\/index.php\/2025\/08\/21\/governo-lula-ja-soma-quase-r-390-bilhoes-fora-da-meta-fiscal-com-nova-manobra-para-socorrer-exportadores-apos-tarifaco-dos-eua\/#primaryimage"},"thumbnailUrl":"https:\/\/jornalfatosenoticias.com.br\/wp-content\/uploads\/2025\/08\/meta-fiscal-lula-rombo_gettyimages.jpg","keywords":["\u201cBrasil Soberano\u201d","Congresso","d\u00e9ficit","descontrole contas p\u00fablicas","Estados Unidos","governo Lula","manobra","meta fiscal","ren\u00fancias fiscais","STF","tarifa\u00e7o"],"articleSection":["Economia"],"inLanguage":"pt-BR","potentialAction":[{"@type":"CommentAction","name":"Comment","target":["https:\/\/jornalfatosenoticias.com.br\/index.php\/2025\/08\/21\/governo-lula-ja-soma-quase-r-390-bilhoes-fora-da-meta-fiscal-com-nova-manobra-para-socorrer-exportadores-apos-tarifaco-dos-eua\/#respond"]}]},{"@type":"WebPage","@id":"https:\/\/jornalfatosenoticias.com.br\/index.php\/2025\/08\/21\/governo-lula-ja-soma-quase-r-390-bilhoes-fora-da-meta-fiscal-com-nova-manobra-para-socorrer-exportadores-apos-tarifaco-dos-eua\/","url":"https:\/\/jornalfatosenoticias.com.br\/index.php\/2025\/08\/21\/governo-lula-ja-soma-quase-r-390-bilhoes-fora-da-meta-fiscal-com-nova-manobra-para-socorrer-exportadores-apos-tarifaco-dos-eua\/","name":"Governo Lula j\u00e1 soma quase R$ 390 bilh\u00f5es fora da meta fiscal com nova manobra para \u2018socorrer exportadores\u2019 ap\u00f3s tarifa\u00e7o dos EUA - Jornal Fatos e Not\u00edcias","isPartOf":{"@id":"https:\/\/jornalfatosenoticias.com.br\/#website"},"primaryImageOfPage":{"@id":"https:\/\/jornalfatosenoticias.com.br\/index.php\/2025\/08\/21\/governo-lula-ja-soma-quase-r-390-bilhoes-fora-da-meta-fiscal-com-nova-manobra-para-socorrer-exportadores-apos-tarifaco-dos-eua\/#primaryimage"},"image":{"@id":"https:\/\/jornalfatosenoticias.com.br\/index.php\/2025\/08\/21\/governo-lula-ja-soma-quase-r-390-bilhoes-fora-da-meta-fiscal-com-nova-manobra-para-socorrer-exportadores-apos-tarifaco-dos-eua\/#primaryimage"},"thumbnailUrl":"https:\/\/jornalfatosenoticias.com.br\/wp-content\/uploads\/2025\/08\/meta-fiscal-lula-rombo_gettyimages.jpg","datePublished":"2025-08-21T23:22:50+00:00","dateModified":"2025-08-21T23:22:52+00:00","breadcrumb":{"@id":"https:\/\/jornalfatosenoticias.com.br\/index.php\/2025\/08\/21\/governo-lula-ja-soma-quase-r-390-bilhoes-fora-da-meta-fiscal-com-nova-manobra-para-socorrer-exportadores-apos-tarifaco-dos-eua\/#breadcrumb"},"inLanguage":"pt-BR","potentialAction":[{"@type":"ReadAction","target":["https:\/\/jornalfatosenoticias.com.br\/index.php\/2025\/08\/21\/governo-lula-ja-soma-quase-r-390-bilhoes-fora-da-meta-fiscal-com-nova-manobra-para-socorrer-exportadores-apos-tarifaco-dos-eua\/"]}]},{"@type":"ImageObject","inLanguage":"pt-BR","@id":"https:\/\/jornalfatosenoticias.com.br\/index.php\/2025\/08\/21\/governo-lula-ja-soma-quase-r-390-bilhoes-fora-da-meta-fiscal-com-nova-manobra-para-socorrer-exportadores-apos-tarifaco-dos-eua\/#primaryimage","url":"https:\/\/jornalfatosenoticias.com.br\/wp-content\/uploads\/2025\/08\/meta-fiscal-lula-rombo_gettyimages.jpg","contentUrl":"https:\/\/jornalfatosenoticias.com.br\/wp-content\/uploads\/2025\/08\/meta-fiscal-lula-rombo_gettyimages.jpg","width":612,"height":408,"caption":"Brazil's President Luiz Inacio Lula da Silva gestures as he speaks during the signing of a decree with measures to mitigate the economic impact of the US government's increase of up to 50% in import tariffs on Brazilian products at the Planalto Palace in Bras\u00edlia on August 13, 2025. Brazilian President Luiz Inacio Lula da Silva on Tuesday announced aid worth some $5.5 billion for companies hit by Donald Trump's trade tariffs, as part of a package of economic relief measures. (Photo by EVARISTO SA \/ AFP) (Photo by EVARISTO SA\/AFP via Getty Images)"},{"@type":"BreadcrumbList","@id":"https:\/\/jornalfatosenoticias.com.br\/index.php\/2025\/08\/21\/governo-lula-ja-soma-quase-r-390-bilhoes-fora-da-meta-fiscal-com-nova-manobra-para-socorrer-exportadores-apos-tarifaco-dos-eua\/#breadcrumb","itemListElement":[{"@type":"ListItem","position":1,"name":"In\u00edcio","item":"https:\/\/jornalfatosenoticias.com.br\/"},{"@type":"ListItem","position":2,"name":"Governo Lula j\u00e1 soma quase R$ 390 bilh\u00f5es fora da meta fiscal com nova manobra para \u2018socorrer exportadores\u2019 ap\u00f3s tarifa\u00e7o dos EUA"}]},{"@type":"WebSite","@id":"https:\/\/jornalfatosenoticias.com.br\/#website","url":"https:\/\/jornalfatosenoticias.com.br\/","name":"Jornal Fatos e Not\u00edcias","description":"Not\u00edcias em geral","publisher":{"@id":"https:\/\/jornalfatosenoticias.com.br\/#organization"},"potentialAction":[{"@type":"SearchAction","target":{"@type":"EntryPoint","urlTemplate":"https:\/\/jornalfatosenoticias.com.br\/?s={search_term_string}"},"query-input":{"@type":"PropertyValueSpecification","valueRequired":true,"valueName":"search_term_string"}}],"inLanguage":"pt-BR"},{"@type":"Organization","@id":"https:\/\/jornalfatosenoticias.com.br\/#organization","name":"Jornal Fatos e Not\u00edcias","url":"https:\/\/jornalfatosenoticias.com.br\/","logo":{"@type":"ImageObject","inLanguage":"pt-BR","@id":"https:\/\/jornalfatosenoticias.com.br\/#\/schema\/logo\/image\/","url":"https:\/\/jornalfatosenoticias.com.br\/wp-content\/uploads\/2020\/02\/logo120.png","contentUrl":"https:\/\/jornalfatosenoticias.com.br\/wp-content\/uploads\/2020\/02\/logo120.png","width":1227,"height":120,"caption":"Jornal Fatos e Not\u00edcias"},"image":{"@id":"https:\/\/jornalfatosenoticias.com.br\/#\/schema\/logo\/image\/"}},{"@type":"Person","@id":"https:\/\/jornalfatosenoticias.com.br\/#\/schema\/person\/05c46cc25b42a5c27e004fb0fa6b4965","name":"Haroldo Filho","image":{"@type":"ImageObject","inLanguage":"pt-BR","@id":"https:\/\/jornalfatosenoticias.com.br\/#\/schema\/person\/image\/","url":"https:\/\/jornalfatosenoticias.com.br\/wp-content\/uploads\/2025\/08\/WhatsApp-Image-2025-08-18-at-15.30.28-150x150.jpeg","contentUrl":"https:\/\/jornalfatosenoticias.com.br\/wp-content\/uploads\/2025\/08\/WhatsApp-Image-2025-08-18-at-15.30.28-150x150.jpeg","caption":"Haroldo Filho"},"description":"Jornalista \u2013 DRT: 0003818\/ES Coordenador-geral da ONG Educar para Crescer","url":"https:\/\/jornalfatosenoticias.com.br\/index.php\/author\/haroldo\/"}]}},"cc_featured_image_caption":{"caption_text":"(Foto: Getty Images)  \r\n","source_text":"","source_url":""},"jetpack_featured_media_url":"https:\/\/jornalfatosenoticias.com.br\/wp-content\/uploads\/2025\/08\/meta-fiscal-lula-rombo_gettyimages.jpg","_links":{"self":[{"href":"https:\/\/jornalfatosenoticias.com.br\/index.php\/wp-json\/wp\/v2\/posts\/61399","targetHints":{"allow":["GET"]}}],"collection":[{"href":"https:\/\/jornalfatosenoticias.com.br\/index.php\/wp-json\/wp\/v2\/posts"}],"about":[{"href":"https:\/\/jornalfatosenoticias.com.br\/index.php\/wp-json\/wp\/v2\/types\/post"}],"author":[{"embeddable":true,"href":"https:\/\/jornalfatosenoticias.com.br\/index.php\/wp-json\/wp\/v2\/users\/3"}],"replies":[{"embeddable":true,"href":"https:\/\/jornalfatosenoticias.com.br\/index.php\/wp-json\/wp\/v2\/comments?post=61399"}],"version-history":[{"count":0,"href":"https:\/\/jornalfatosenoticias.com.br\/index.php\/wp-json\/wp\/v2\/posts\/61399\/revisions"}],"wp:featuredmedia":[{"embeddable":true,"href":"https:\/\/jornalfatosenoticias.com.br\/index.php\/wp-json\/wp\/v2\/media\/61400"}],"wp:attachment":[{"href":"https:\/\/jornalfatosenoticias.com.br\/index.php\/wp-json\/wp\/v2\/media?parent=61399"}],"wp:term":[{"taxonomy":"category","embeddable":true,"href":"https:\/\/jornalfatosenoticias.com.br\/index.php\/wp-json\/wp\/v2\/categories?post=61399"},{"taxonomy":"post_tag","embeddable":true,"href":"https:\/\/jornalfatosenoticias.com.br\/index.php\/wp-json\/wp\/v2\/tags?post=61399"}],"curies":[{"name":"wp","href":"https:\/\/api.w.org\/{rel}","templated":true}]}}