{"id":61405,"date":"2025-08-21T20:48:37","date_gmt":"2025-08-21T23:48:37","guid":{"rendered":"https:\/\/jornalfatosenoticias.com.br\/?p=61405"},"modified":"2025-08-21T20:48:38","modified_gmt":"2025-08-21T23:48:38","slug":"vespas-em-lavouras-na-amazonia-contribuem-para-controle-natural-de-pragas","status":"publish","type":"post","link":"https:\/\/jornalfatosenoticias.com.br\/index.php\/2025\/08\/21\/vespas-em-lavouras-na-amazonia-contribuem-para-controle-natural-de-pragas\/","title":{"rendered":"Vespas em lavouras na Amaz\u00f4nia contribuem para controle natural de pragas"},"content":{"rendered":"\n<p><em><span class=\"has-inline-color has-black-color\">Pesquisa da UFSCar em andamento identifica esp\u00e9cies e compara ocorr\u00eancia na mata nativa e em planta\u00e7\u00f5es no interior do Estado do Amazonas<\/span><\/em><\/p>\n\n\n\n<p><span class=\"has-inline-color has-black-color\">Por <strong><a href=\"https:\/\/gizmodo.uol.com.br\/author\/agencia-fapesp\/\" rel=\"sponsored nofollow\">Ag\u00eancia Fapesp*<\/a><\/strong><\/span><\/p>\n\n\n\n<div class=\"wp-block-image\"><figure class=\"aligncenter size-large\"><a href=\"https:\/\/mizu.com.br\/\"><img loading=\"lazy\" decoding=\"async\" width=\"729\" height=\"90\" src=\"https:\/\/jornalfatosenoticias.com.br\/wp-content\/uploads\/2020\/02\/Logo_Mizu.png\" alt=\"\" class=\"wp-image-1441\" srcset=\"https:\/\/jornalfatosenoticias.com.br\/wp-content\/uploads\/2020\/02\/Logo_Mizu.png 729w, https:\/\/jornalfatosenoticias.com.br\/wp-content\/uploads\/2020\/02\/Logo_Mizu-300x37.png 300w\" sizes=\"auto, (max-width: 729px) 100vw, 729px\" \/><\/a><\/figure><\/div>\n\n\n\n<p>Uma pesquisa da \u00e1rea de ecologia da Universidade Federal de S\u00e3o Carlos (UFSCar) estuda a diversidade de vespas parasitoides no interior do Estado do Amazonas e relaciona sua a\u00e7\u00e3o ao controle biol\u00f3gico natural de pragas nas lavouras de pequenos produtores de mandioca na regi\u00e3o.<\/p>\n\n\n\n<blockquote class=\"wp-block-quote is-layout-flow wp-block-quote-is-layout-flow\"><p><span class=\"has-inline-color has-luminous-vivid-orange-color\">Embora muitos insetos parasitoides atuem como agentes naturais de controle biol\u00f3gico de pragas agr\u00edcolas, as informa\u00e7\u00f5es sobre essas esp\u00e9cies ainda s\u00e3o escassas, especialmente em rela\u00e7\u00e3o \u00e0 mandioca, que \u00e9 a cultura de maior import\u00e2ncia para a subsist\u00eancia na regi\u00e3o Norte do Brasil\u201d, diz <a href=\"https:\/\/www.researchgate.net\/profile\/Gabriela-Do-Nascimento-Herrera\" target=\"_blank\" rel=\"noreferrer noopener\"><strong>Gabriela do Nascimento Herrera<\/strong><\/a>, doutoranda da UFSCar e pesquisadora respons\u00e1vel pelo estudo. \u201cA Amaz\u00f4nia \u00e9 um dos biomas onde as informa\u00e7\u00f5es sobre vespas parasitoides s\u00e3o mais limitadas. Essa lacuna de conhecimento se estende tanto \u00e0s dimens\u00f5es verticais quanto horizontais, deixando grande parte da regi\u00e3o inexplorada e desconhecida\u201d.<\/span><\/p><\/blockquote>\n\n\n\n<div class=\"wp-block-image\"><figure class=\"aligncenter size-large is-resized\"><a href=\"https:\/\/www.facebook.com\/vetor.vix\/\"><img loading=\"lazy\" decoding=\"async\" src=\"https:\/\/jornalfatosenoticias.com.br\/wp-content\/uploads\/2023\/09\/vetorvix1024_1.jpg\" alt=\"\" class=\"wp-image-44868\" width=\"550\" height=\"146\" srcset=\"https:\/\/jornalfatosenoticias.com.br\/wp-content\/uploads\/2023\/09\/vetorvix1024_1.jpg 1024w, https:\/\/jornalfatosenoticias.com.br\/wp-content\/uploads\/2023\/09\/vetorvix1024_1-300x80.jpg 300w, https:\/\/jornalfatosenoticias.com.br\/wp-content\/uploads\/2023\/09\/vetorvix1024_1-768x205.jpg 768w\" sizes=\"auto, (max-width: 550px) 100vw, 550px\" \/><\/a><\/figure><\/div>\n\n\n\n<p>A pesquisa tem apoio de <strong><a href=\"https:\/\/bv.fapesp.br\/pt\/auxilios\/97701\/\" target=\"_blank\" rel=\"noreferrer noopener\">Projeto Tem\u00e1tico da Fapesp<\/a><\/strong>, coordenado pela professora\u00a0<strong><a href=\"https:\/\/bv.fapesp.br\/pt\/pesquisador\/937\/\" target=\"_blank\" rel=\"noreferrer noopener\">Ang\u00e9lica Maria Penteado Martins Dias<\/a><\/strong>, da UFSCar. O objetivo do trabalho \u00e9 contribuir para o conhecimento da diversidade de <em>Ichneumonoidea,<\/em> um grupo de vespas parasitoides, insetos pertencentes \u00e0 ordem <em>Hymenoptera,<\/em> que inclui abelhas e formigas. Essa ordem de insetos, de acordo com a cientista, inclui tanto esp\u00e9cies solit\u00e1rias quanto sociais e desempenha pap\u00e9is importantes.<br>A <em>Ichneumonoidea<\/em> \u00e9 a maior superfam\u00edlia da ordem <em>Hymenoptera <\/em>e est\u00e1 associada a pragas de diversas culturas agr\u00edcolas, desempenhando um papel importante em controle biol\u00f3gico natural, al\u00e9m de poliniza\u00e7\u00e3o.<\/p>\n\n\n\n<div class=\"wp-block-image\"><figure class=\"aligncenter size-large is-resized\"><a href=\"https:\/\/www.controlsystems.com.br\/\"><img loading=\"lazy\" decoding=\"async\" src=\"https:\/\/jornalfatosenoticias.com.br\/wp-content\/uploads\/2020\/02\/CONTROL-CS.jpg\" alt=\"\" class=\"wp-image-44991\" width=\"260\" height=\"312\" srcset=\"https:\/\/jornalfatosenoticias.com.br\/wp-content\/uploads\/2020\/02\/CONTROL-CS.jpg 834w, https:\/\/jornalfatosenoticias.com.br\/wp-content\/uploads\/2020\/02\/CONTROL-CS-250x300.jpg 250w, https:\/\/jornalfatosenoticias.com.br\/wp-content\/uploads\/2020\/02\/CONTROL-CS-768x921.jpg 768w\" sizes=\"auto, (max-width: 260px) 100vw, 260px\" \/><\/a><\/figure><\/div>\n\n\n\n<p><strong><span class=\"has-inline-color has-vivid-green-cyan-color\">Bioma amaz\u00f4nico e lavouras<br><\/span><\/strong>A \u00eanfase do estudo \u00e9 investigar a a\u00e7\u00e3o dessas vespas no bioma amaz\u00f4nico, comparando a sua diversidade, riqueza e abund\u00e2ncia nos diferentes estratos de solo, sub-bosque e bosque (estratifica\u00e7\u00e3o vertical) em diferentes \u00e9pocas do ano. \u201cEscolhi busc\u00e1-las na Amaz\u00f4nia por causa da lacuna de conhecimento nesse bioma e tamb\u00e9m das minhas origens de l\u00e1\u201d, conta a doutoranda.<\/p>\n\n\n\n<div class=\"wp-block-image\"><figure class=\"aligncenter size-large is-resized\"><a href=\"https:\/\/www.instagram.com\/gruposei\/\"><img loading=\"lazy\" decoding=\"async\" src=\"https:\/\/jornalfatosenoticias.com.br\/wp-content\/uploads\/2022\/07\/Logo-Grupo-SEI.jpg\" alt=\"\" class=\"wp-image-31973\" width=\"364\" height=\"191\" srcset=\"https:\/\/jornalfatosenoticias.com.br\/wp-content\/uploads\/2022\/07\/Logo-Grupo-SEI.jpg 713w, https:\/\/jornalfatosenoticias.com.br\/wp-content\/uploads\/2022\/07\/Logo-Grupo-SEI-300x158.jpg 300w\" sizes=\"auto, (max-width: 364px) 100vw, 364px\" \/><\/a><\/figure><\/div>\n\n\n\n<p>Segundo ela, a regi\u00e3o da Amaz\u00f4nia Ocidental, especialmente do interior do Amazonas, \u00e9 uma \u00e1rea pouco explorada. \u201cAs pesquisas na regi\u00e3o n\u00e3o s\u00e3o tantas, muitas vezes pelo dif\u00edcil acesso, por ter locais isolados e que muitas pessoas podem considerar at\u00e9 como perigoso\u201d, afirma. \u201cMas acredito que essa \u00e1rea seja importante pelo ponto de vista ecol\u00f3gico por ser uma \u00e1rea preservada\u201d.<\/p>\n\n\n\n<div class=\"wp-block-image\"><figure class=\"aligncenter size-large\"><a href=\"http:\/\/www.ferrarimaquinas.com.br\/\"><img loading=\"lazy\" decoding=\"async\" width=\"300\" height=\"250\" src=\"https:\/\/jornalfatosenoticias.com.br\/wp-content\/uploads\/2022\/02\/FERRARI_MAQUINAS-E-FERRAMENTAS2.jpg\" alt=\"\" class=\"wp-image-27860\"\/><\/a><\/figure><\/div>\n\n\n\n<p>O trabalho ainda tra\u00e7a as diferen\u00e7as da ocorr\u00eancia das vespas na mata nativa e na lavoura, indicando poss\u00edveis esp\u00e9cies para controle biol\u00f3gico na cultura da mandioca. \u201cA grande maioria dos agricultores da regi\u00e3o s\u00e3o pequenos produtores e ainda h\u00e1 muitos h\u00e1bitos conservadores de produzir, sem muito maquin\u00e1rio dispon\u00edvel e sem muito uso de defensivos agr\u00edcolas, o que ajuda ainda mais a manter um pouco das caracter\u00edsticas originais da regi\u00e3o\u201d, pontua Herrera.<\/p>\n\n\n\n<div class=\"wp-block-image\"><figure class=\"aligncenter size-large is-resized\"><a href=\"https:\/\/www.instagram.com\/rcradiadores\/\"><img loading=\"lazy\" decoding=\"async\" src=\"https:\/\/jornalfatosenoticias.com.br\/wp-content\/uploads\/2022\/10\/RC_800x750_page-0001.jpg\" alt=\"\" class=\"wp-image-35338\" width=\"268\" height=\"251\" srcset=\"https:\/\/jornalfatosenoticias.com.br\/wp-content\/uploads\/2022\/10\/RC_800x750_page-0001.jpg 400w, https:\/\/jornalfatosenoticias.com.br\/wp-content\/uploads\/2022\/10\/RC_800x750_page-0001-300x281.jpg 300w\" sizes=\"auto, (max-width: 268px) 100vw, 268px\" \/><\/a><\/figure><\/div>\n\n\n\n<p>Para o desenvolvimento do trabalho, est\u00e3o sendo realizadas coletas mensais em \u00e1rea de mata nativa e lavoura de mandioca no munic\u00edpio de Guajar\u00e1, no Estado do Amazonas, de maio deste ano at\u00e9 fevereiro de 2026.<\/p>\n\n\n\n<p><em><strong>*<\/strong>Com informa\u00e7\u00f5es da Coordenadoria de Comunica\u00e7\u00e3o Social da UFSCar<\/em><\/p>\n\n\n\n<p><strong>Fonte: <a href=\"https:\/\/gizmodo.uol.com.br\/vespas-em-lavouras-na-amazonia-contribuem-para-controle-natural-de-pragas\/\">Giz Brasil<\/a><\/strong><\/p>\n","protected":false},"excerpt":{"rendered":"<p>Pesquisa da UFSCar em andamento identifica esp\u00e9cies e compara ocorr\u00eancia na mata nativa e em planta\u00e7\u00f5es no interior do Estado do Amazonas Por Ag\u00eancia Fapesp* Uma pesquisa da \u00e1rea de ecologia da Universidade Federal de S\u00e3o Carlos (UFSCar) estuda a diversidade de vespas parasitoides no interior do Estado do Amazonas e relaciona sua a\u00e7\u00e3o ao [&hellip;]<\/p>\n","protected":false},"author":2,"featured_media":61406,"comment_status":"open","ping_status":"open","sticky":false,"template":"","format":"standard","meta":{"footnotes":""},"categories":[8],"tags":[3061,123,11719,114,27979,8708,5167],"class_list":["post-61405","post","type-post","status-publish","format-standard","has-post-thumbnail","hentry","category-meio-ambiente","tag-agricultura","tag-amazonia","tag-bioma-amazonico","tag-controle-biologico","tag-culturas-agricolas","tag-lavoura","tag-vespas"],"yoast_head":"<!-- This site is optimized with the Yoast SEO plugin v26.5 - https:\/\/yoast.com\/wordpress\/plugins\/seo\/ -->\n<title>Vespas em lavouras na Amaz\u00f4nia contribuem para controle natural de pragas - Jornal Fatos e Not\u00edcias<\/title>\n<meta name=\"robots\" content=\"index, follow, max-snippet:-1, max-image-preview:large, max-video-preview:-1\" \/>\n<link rel=\"canonical\" href=\"https:\/\/jornalfatosenoticias.com.br\/index.php\/2025\/08\/21\/vespas-em-lavouras-na-amazonia-contribuem-para-controle-natural-de-pragas\/\" \/>\n<meta property=\"og:locale\" content=\"pt_BR\" \/>\n<meta property=\"og:type\" content=\"article\" \/>\n<meta property=\"og:title\" content=\"Vespas em lavouras na Amaz\u00f4nia contribuem para controle natural de pragas - Jornal Fatos e Not\u00edcias\" \/>\n<meta property=\"og:description\" content=\"Pesquisa da UFSCar em andamento identifica esp\u00e9cies e compara ocorr\u00eancia na mata nativa e em planta\u00e7\u00f5es no interior do Estado do Amazonas Por Ag\u00eancia Fapesp* Uma pesquisa da \u00e1rea de ecologia da Universidade Federal de S\u00e3o Carlos (UFSCar) estuda a diversidade de vespas parasitoides no interior do Estado do Amazonas e relaciona sua a\u00e7\u00e3o ao [&hellip;]\" \/>\n<meta property=\"og:url\" content=\"https:\/\/jornalfatosenoticias.com.br\/index.php\/2025\/08\/21\/vespas-em-lavouras-na-amazonia-contribuem-para-controle-natural-de-pragas\/\" \/>\n<meta property=\"og:site_name\" content=\"Jornal Fatos e Not\u00edcias\" \/>\n<meta property=\"article:published_time\" content=\"2025-08-21T23:48:37+00:00\" \/>\n<meta property=\"article:modified_time\" content=\"2025-08-21T23:48:38+00:00\" \/>\n<meta property=\"og:image\" content=\"https:\/\/jornalfatosenoticias.com.br\/wp-content\/uploads\/2025\/08\/vespa_freepik.jpg\" \/>\n\t<meta property=\"og:image:width\" content=\"1000\" \/>\n\t<meta property=\"og:image:height\" content=\"772\" \/>\n\t<meta property=\"og:image:type\" content=\"image\/jpeg\" \/>\n<meta name=\"author\" content=\"Luzimara Fernandes\" \/>\n<meta name=\"twitter:card\" content=\"summary_large_image\" \/>\n<meta name=\"twitter:label1\" content=\"Escrito por\" \/>\n\t<meta name=\"twitter:data1\" content=\"Luzimara Fernandes\" \/>\n\t<meta name=\"twitter:label2\" content=\"Est. tempo de leitura\" \/>\n\t<meta name=\"twitter:data2\" content=\"3 minutos\" \/>\n<script type=\"application\/ld+json\" class=\"yoast-schema-graph\">{\"@context\":\"https:\/\/schema.org\",\"@graph\":[{\"@type\":\"Article\",\"@id\":\"https:\/\/jornalfatosenoticias.com.br\/index.php\/2025\/08\/21\/vespas-em-lavouras-na-amazonia-contribuem-para-controle-natural-de-pragas\/#article\",\"isPartOf\":{\"@id\":\"https:\/\/jornalfatosenoticias.com.br\/index.php\/2025\/08\/21\/vespas-em-lavouras-na-amazonia-contribuem-para-controle-natural-de-pragas\/\"},\"author\":{\"name\":\"Luzimara Fernandes\",\"@id\":\"https:\/\/jornalfatosenoticias.com.br\/#\/schema\/person\/d63837fa13ac8666eb9e74e0985d6f81\"},\"headline\":\"Vespas em lavouras na Amaz\u00f4nia contribuem para controle natural de pragas\",\"datePublished\":\"2025-08-21T23:48:37+00:00\",\"dateModified\":\"2025-08-21T23:48:38+00:00\",\"mainEntityOfPage\":{\"@id\":\"https:\/\/jornalfatosenoticias.com.br\/index.php\/2025\/08\/21\/vespas-em-lavouras-na-amazonia-contribuem-para-controle-natural-de-pragas\/\"},\"wordCount\":562,\"commentCount\":0,\"publisher\":{\"@id\":\"https:\/\/jornalfatosenoticias.com.br\/#organization\"},\"image\":{\"@id\":\"https:\/\/jornalfatosenoticias.com.br\/index.php\/2025\/08\/21\/vespas-em-lavouras-na-amazonia-contribuem-para-controle-natural-de-pragas\/#primaryimage\"},\"thumbnailUrl\":\"https:\/\/jornalfatosenoticias.com.br\/wp-content\/uploads\/2025\/08\/vespa_freepik.jpg\",\"keywords\":[\"agricultura\",\"amaz\u00f4nia\",\"bioma amaz\u00f4nico\",\"controle biol\u00f3gico\",\"culturas agr\u00edcolas\",\"lavoura\",\"vespas\"],\"articleSection\":[\"Meio ambiente\"],\"inLanguage\":\"pt-BR\",\"potentialAction\":[{\"@type\":\"CommentAction\",\"name\":\"Comment\",\"target\":[\"https:\/\/jornalfatosenoticias.com.br\/index.php\/2025\/08\/21\/vespas-em-lavouras-na-amazonia-contribuem-para-controle-natural-de-pragas\/#respond\"]}]},{\"@type\":\"WebPage\",\"@id\":\"https:\/\/jornalfatosenoticias.com.br\/index.php\/2025\/08\/21\/vespas-em-lavouras-na-amazonia-contribuem-para-controle-natural-de-pragas\/\",\"url\":\"https:\/\/jornalfatosenoticias.com.br\/index.php\/2025\/08\/21\/vespas-em-lavouras-na-amazonia-contribuem-para-controle-natural-de-pragas\/\",\"name\":\"Vespas em lavouras na Amaz\u00f4nia contribuem para controle natural de pragas - Jornal Fatos e Not\u00edcias\",\"isPartOf\":{\"@id\":\"https:\/\/jornalfatosenoticias.com.br\/#website\"},\"primaryImageOfPage\":{\"@id\":\"https:\/\/jornalfatosenoticias.com.br\/index.php\/2025\/08\/21\/vespas-em-lavouras-na-amazonia-contribuem-para-controle-natural-de-pragas\/#primaryimage\"},\"image\":{\"@id\":\"https:\/\/jornalfatosenoticias.com.br\/index.php\/2025\/08\/21\/vespas-em-lavouras-na-amazonia-contribuem-para-controle-natural-de-pragas\/#primaryimage\"},\"thumbnailUrl\":\"https:\/\/jornalfatosenoticias.com.br\/wp-content\/uploads\/2025\/08\/vespa_freepik.jpg\",\"datePublished\":\"2025-08-21T23:48:37+00:00\",\"dateModified\":\"2025-08-21T23:48:38+00:00\",\"breadcrumb\":{\"@id\":\"https:\/\/jornalfatosenoticias.com.br\/index.php\/2025\/08\/21\/vespas-em-lavouras-na-amazonia-contribuem-para-controle-natural-de-pragas\/#breadcrumb\"},\"inLanguage\":\"pt-BR\",\"potentialAction\":[{\"@type\":\"ReadAction\",\"target\":[\"https:\/\/jornalfatosenoticias.com.br\/index.php\/2025\/08\/21\/vespas-em-lavouras-na-amazonia-contribuem-para-controle-natural-de-pragas\/\"]}]},{\"@type\":\"ImageObject\",\"inLanguage\":\"pt-BR\",\"@id\":\"https:\/\/jornalfatosenoticias.com.br\/index.php\/2025\/08\/21\/vespas-em-lavouras-na-amazonia-contribuem-para-controle-natural-de-pragas\/#primaryimage\",\"url\":\"https:\/\/jornalfatosenoticias.com.br\/wp-content\/uploads\/2025\/08\/vespa_freepik.jpg\",\"contentUrl\":\"https:\/\/jornalfatosenoticias.com.br\/wp-content\/uploads\/2025\/08\/vespa_freepik.jpg\",\"width\":1000,\"height\":772,\"caption\":\"A macro shot of a bee sipping the nectar from a white flower in the garden\"},{\"@type\":\"BreadcrumbList\",\"@id\":\"https:\/\/jornalfatosenoticias.com.br\/index.php\/2025\/08\/21\/vespas-em-lavouras-na-amazonia-contribuem-para-controle-natural-de-pragas\/#breadcrumb\",\"itemListElement\":[{\"@type\":\"ListItem\",\"position\":1,\"name\":\"In\u00edcio\",\"item\":\"https:\/\/jornalfatosenoticias.com.br\/\"},{\"@type\":\"ListItem\",\"position\":2,\"name\":\"Vespas em lavouras na Amaz\u00f4nia contribuem para controle natural de pragas\"}]},{\"@type\":\"WebSite\",\"@id\":\"https:\/\/jornalfatosenoticias.com.br\/#website\",\"url\":\"https:\/\/jornalfatosenoticias.com.br\/\",\"name\":\"Jornal Fatos e Not\u00edcias\",\"description\":\"Not\u00edcias em geral\",\"publisher\":{\"@id\":\"https:\/\/jornalfatosenoticias.com.br\/#organization\"},\"potentialAction\":[{\"@type\":\"SearchAction\",\"target\":{\"@type\":\"EntryPoint\",\"urlTemplate\":\"https:\/\/jornalfatosenoticias.com.br\/?s={search_term_string}\"},\"query-input\":{\"@type\":\"PropertyValueSpecification\",\"valueRequired\":true,\"valueName\":\"search_term_string\"}}],\"inLanguage\":\"pt-BR\"},{\"@type\":\"Organization\",\"@id\":\"https:\/\/jornalfatosenoticias.com.br\/#organization\",\"name\":\"Jornal Fatos e Not\u00edcias\",\"url\":\"https:\/\/jornalfatosenoticias.com.br\/\",\"logo\":{\"@type\":\"ImageObject\",\"inLanguage\":\"pt-BR\",\"@id\":\"https:\/\/jornalfatosenoticias.com.br\/#\/schema\/logo\/image\/\",\"url\":\"https:\/\/jornalfatosenoticias.com.br\/wp-content\/uploads\/2020\/02\/logo120.png\",\"contentUrl\":\"https:\/\/jornalfatosenoticias.com.br\/wp-content\/uploads\/2020\/02\/logo120.png\",\"width\":1227,\"height\":120,\"caption\":\"Jornal Fatos e Not\u00edcias\"},\"image\":{\"@id\":\"https:\/\/jornalfatosenoticias.com.br\/#\/schema\/logo\/image\/\"}},{\"@type\":\"Person\",\"@id\":\"https:\/\/jornalfatosenoticias.com.br\/#\/schema\/person\/d63837fa13ac8666eb9e74e0985d6f81\",\"name\":\"Luzimara Fernandes\",\"image\":{\"@type\":\"ImageObject\",\"inLanguage\":\"pt-BR\",\"@id\":\"https:\/\/jornalfatosenoticias.com.br\/#\/schema\/person\/image\/\",\"url\":\"https:\/\/jornalfatosenoticias.com.br\/wp-content\/uploads\/2025\/05\/EU_portal.jpg\",\"contentUrl\":\"https:\/\/jornalfatosenoticias.com.br\/wp-content\/uploads\/2025\/05\/EU_portal.jpg\",\"caption\":\"Luzimara Fernandes\"},\"description\":\"Jornalista MTB 2358-ES\",\"sameAs\":[\"https:\/\/jornalfatosenoticias.com.br\"],\"url\":\"https:\/\/jornalfatosenoticias.com.br\/index.php\/author\/luzimara\/\"}]}<\/script>\n<!-- \/ Yoast SEO plugin. -->","yoast_head_json":{"title":"Vespas em lavouras na Amaz\u00f4nia contribuem para controle natural de pragas - Jornal Fatos e Not\u00edcias","robots":{"index":"index","follow":"follow","max-snippet":"max-snippet:-1","max-image-preview":"max-image-preview:large","max-video-preview":"max-video-preview:-1"},"canonical":"https:\/\/jornalfatosenoticias.com.br\/index.php\/2025\/08\/21\/vespas-em-lavouras-na-amazonia-contribuem-para-controle-natural-de-pragas\/","og_locale":"pt_BR","og_type":"article","og_title":"Vespas em lavouras na Amaz\u00f4nia contribuem para controle natural de pragas - Jornal Fatos e Not\u00edcias","og_description":"Pesquisa da UFSCar em andamento identifica esp\u00e9cies e compara ocorr\u00eancia na mata nativa e em planta\u00e7\u00f5es no interior do Estado do Amazonas Por Ag\u00eancia Fapesp* Uma pesquisa da \u00e1rea de ecologia da Universidade Federal de S\u00e3o Carlos (UFSCar) estuda a diversidade de vespas parasitoides no interior do Estado do Amazonas e relaciona sua a\u00e7\u00e3o ao [&hellip;]","og_url":"https:\/\/jornalfatosenoticias.com.br\/index.php\/2025\/08\/21\/vespas-em-lavouras-na-amazonia-contribuem-para-controle-natural-de-pragas\/","og_site_name":"Jornal Fatos e Not\u00edcias","article_published_time":"2025-08-21T23:48:37+00:00","article_modified_time":"2025-08-21T23:48:38+00:00","og_image":[{"width":1000,"height":772,"url":"https:\/\/jornalfatosenoticias.com.br\/wp-content\/uploads\/2025\/08\/vespa_freepik.jpg","type":"image\/jpeg"}],"author":"Luzimara Fernandes","twitter_card":"summary_large_image","twitter_misc":{"Escrito por":"Luzimara Fernandes","Est. tempo de leitura":"3 minutos"},"schema":{"@context":"https:\/\/schema.org","@graph":[{"@type":"Article","@id":"https:\/\/jornalfatosenoticias.com.br\/index.php\/2025\/08\/21\/vespas-em-lavouras-na-amazonia-contribuem-para-controle-natural-de-pragas\/#article","isPartOf":{"@id":"https:\/\/jornalfatosenoticias.com.br\/index.php\/2025\/08\/21\/vespas-em-lavouras-na-amazonia-contribuem-para-controle-natural-de-pragas\/"},"author":{"name":"Luzimara Fernandes","@id":"https:\/\/jornalfatosenoticias.com.br\/#\/schema\/person\/d63837fa13ac8666eb9e74e0985d6f81"},"headline":"Vespas em lavouras na Amaz\u00f4nia contribuem para controle natural de pragas","datePublished":"2025-08-21T23:48:37+00:00","dateModified":"2025-08-21T23:48:38+00:00","mainEntityOfPage":{"@id":"https:\/\/jornalfatosenoticias.com.br\/index.php\/2025\/08\/21\/vespas-em-lavouras-na-amazonia-contribuem-para-controle-natural-de-pragas\/"},"wordCount":562,"commentCount":0,"publisher":{"@id":"https:\/\/jornalfatosenoticias.com.br\/#organization"},"image":{"@id":"https:\/\/jornalfatosenoticias.com.br\/index.php\/2025\/08\/21\/vespas-em-lavouras-na-amazonia-contribuem-para-controle-natural-de-pragas\/#primaryimage"},"thumbnailUrl":"https:\/\/jornalfatosenoticias.com.br\/wp-content\/uploads\/2025\/08\/vespa_freepik.jpg","keywords":["agricultura","amaz\u00f4nia","bioma amaz\u00f4nico","controle biol\u00f3gico","culturas agr\u00edcolas","lavoura","vespas"],"articleSection":["Meio ambiente"],"inLanguage":"pt-BR","potentialAction":[{"@type":"CommentAction","name":"Comment","target":["https:\/\/jornalfatosenoticias.com.br\/index.php\/2025\/08\/21\/vespas-em-lavouras-na-amazonia-contribuem-para-controle-natural-de-pragas\/#respond"]}]},{"@type":"WebPage","@id":"https:\/\/jornalfatosenoticias.com.br\/index.php\/2025\/08\/21\/vespas-em-lavouras-na-amazonia-contribuem-para-controle-natural-de-pragas\/","url":"https:\/\/jornalfatosenoticias.com.br\/index.php\/2025\/08\/21\/vespas-em-lavouras-na-amazonia-contribuem-para-controle-natural-de-pragas\/","name":"Vespas em lavouras na Amaz\u00f4nia contribuem para controle natural de pragas - Jornal Fatos e Not\u00edcias","isPartOf":{"@id":"https:\/\/jornalfatosenoticias.com.br\/#website"},"primaryImageOfPage":{"@id":"https:\/\/jornalfatosenoticias.com.br\/index.php\/2025\/08\/21\/vespas-em-lavouras-na-amazonia-contribuem-para-controle-natural-de-pragas\/#primaryimage"},"image":{"@id":"https:\/\/jornalfatosenoticias.com.br\/index.php\/2025\/08\/21\/vespas-em-lavouras-na-amazonia-contribuem-para-controle-natural-de-pragas\/#primaryimage"},"thumbnailUrl":"https:\/\/jornalfatosenoticias.com.br\/wp-content\/uploads\/2025\/08\/vespa_freepik.jpg","datePublished":"2025-08-21T23:48:37+00:00","dateModified":"2025-08-21T23:48:38+00:00","breadcrumb":{"@id":"https:\/\/jornalfatosenoticias.com.br\/index.php\/2025\/08\/21\/vespas-em-lavouras-na-amazonia-contribuem-para-controle-natural-de-pragas\/#breadcrumb"},"inLanguage":"pt-BR","potentialAction":[{"@type":"ReadAction","target":["https:\/\/jornalfatosenoticias.com.br\/index.php\/2025\/08\/21\/vespas-em-lavouras-na-amazonia-contribuem-para-controle-natural-de-pragas\/"]}]},{"@type":"ImageObject","inLanguage":"pt-BR","@id":"https:\/\/jornalfatosenoticias.com.br\/index.php\/2025\/08\/21\/vespas-em-lavouras-na-amazonia-contribuem-para-controle-natural-de-pragas\/#primaryimage","url":"https:\/\/jornalfatosenoticias.com.br\/wp-content\/uploads\/2025\/08\/vespa_freepik.jpg","contentUrl":"https:\/\/jornalfatosenoticias.com.br\/wp-content\/uploads\/2025\/08\/vespa_freepik.jpg","width":1000,"height":772,"caption":"A macro shot of a bee sipping the nectar from a white flower in the garden"},{"@type":"BreadcrumbList","@id":"https:\/\/jornalfatosenoticias.com.br\/index.php\/2025\/08\/21\/vespas-em-lavouras-na-amazonia-contribuem-para-controle-natural-de-pragas\/#breadcrumb","itemListElement":[{"@type":"ListItem","position":1,"name":"In\u00edcio","item":"https:\/\/jornalfatosenoticias.com.br\/"},{"@type":"ListItem","position":2,"name":"Vespas em lavouras na Amaz\u00f4nia contribuem para controle natural de pragas"}]},{"@type":"WebSite","@id":"https:\/\/jornalfatosenoticias.com.br\/#website","url":"https:\/\/jornalfatosenoticias.com.br\/","name":"Jornal Fatos e Not\u00edcias","description":"Not\u00edcias em geral","publisher":{"@id":"https:\/\/jornalfatosenoticias.com.br\/#organization"},"potentialAction":[{"@type":"SearchAction","target":{"@type":"EntryPoint","urlTemplate":"https:\/\/jornalfatosenoticias.com.br\/?s={search_term_string}"},"query-input":{"@type":"PropertyValueSpecification","valueRequired":true,"valueName":"search_term_string"}}],"inLanguage":"pt-BR"},{"@type":"Organization","@id":"https:\/\/jornalfatosenoticias.com.br\/#organization","name":"Jornal Fatos e Not\u00edcias","url":"https:\/\/jornalfatosenoticias.com.br\/","logo":{"@type":"ImageObject","inLanguage":"pt-BR","@id":"https:\/\/jornalfatosenoticias.com.br\/#\/schema\/logo\/image\/","url":"https:\/\/jornalfatosenoticias.com.br\/wp-content\/uploads\/2020\/02\/logo120.png","contentUrl":"https:\/\/jornalfatosenoticias.com.br\/wp-content\/uploads\/2020\/02\/logo120.png","width":1227,"height":120,"caption":"Jornal Fatos e Not\u00edcias"},"image":{"@id":"https:\/\/jornalfatosenoticias.com.br\/#\/schema\/logo\/image\/"}},{"@type":"Person","@id":"https:\/\/jornalfatosenoticias.com.br\/#\/schema\/person\/d63837fa13ac8666eb9e74e0985d6f81","name":"Luzimara Fernandes","image":{"@type":"ImageObject","inLanguage":"pt-BR","@id":"https:\/\/jornalfatosenoticias.com.br\/#\/schema\/person\/image\/","url":"https:\/\/jornalfatosenoticias.com.br\/wp-content\/uploads\/2025\/05\/EU_portal.jpg","contentUrl":"https:\/\/jornalfatosenoticias.com.br\/wp-content\/uploads\/2025\/05\/EU_portal.jpg","caption":"Luzimara Fernandes"},"description":"Jornalista MTB 2358-ES","sameAs":["https:\/\/jornalfatosenoticias.com.br"],"url":"https:\/\/jornalfatosenoticias.com.br\/index.php\/author\/luzimara\/"}]}},"cc_featured_image_caption":{"caption_text":"(Foto: Freepik) ","source_text":"","source_url":""},"jetpack_featured_media_url":"https:\/\/jornalfatosenoticias.com.br\/wp-content\/uploads\/2025\/08\/vespa_freepik.jpg","_links":{"self":[{"href":"https:\/\/jornalfatosenoticias.com.br\/index.php\/wp-json\/wp\/v2\/posts\/61405","targetHints":{"allow":["GET"]}}],"collection":[{"href":"https:\/\/jornalfatosenoticias.com.br\/index.php\/wp-json\/wp\/v2\/posts"}],"about":[{"href":"https:\/\/jornalfatosenoticias.com.br\/index.php\/wp-json\/wp\/v2\/types\/post"}],"author":[{"embeddable":true,"href":"https:\/\/jornalfatosenoticias.com.br\/index.php\/wp-json\/wp\/v2\/users\/2"}],"replies":[{"embeddable":true,"href":"https:\/\/jornalfatosenoticias.com.br\/index.php\/wp-json\/wp\/v2\/comments?post=61405"}],"version-history":[{"count":0,"href":"https:\/\/jornalfatosenoticias.com.br\/index.php\/wp-json\/wp\/v2\/posts\/61405\/revisions"}],"wp:featuredmedia":[{"embeddable":true,"href":"https:\/\/jornalfatosenoticias.com.br\/index.php\/wp-json\/wp\/v2\/media\/61406"}],"wp:attachment":[{"href":"https:\/\/jornalfatosenoticias.com.br\/index.php\/wp-json\/wp\/v2\/media?parent=61405"}],"wp:term":[{"taxonomy":"category","embeddable":true,"href":"https:\/\/jornalfatosenoticias.com.br\/index.php\/wp-json\/wp\/v2\/categories?post=61405"},{"taxonomy":"post_tag","embeddable":true,"href":"https:\/\/jornalfatosenoticias.com.br\/index.php\/wp-json\/wp\/v2\/tags?post=61405"}],"curies":[{"name":"wp","href":"https:\/\/api.w.org\/{rel}","templated":true}]}}