{"id":61416,"date":"2025-08-25T15:23:34","date_gmt":"2025-08-25T18:23:34","guid":{"rendered":"https:\/\/jornalfatosenoticias.com.br\/?p=61416"},"modified":"2025-08-25T15:23:36","modified_gmt":"2025-08-25T18:23:36","slug":"segundo-estudo-pessoas-estao-preferindo-a-companhia-de-seus-caes-a-dos-amigos","status":"publish","type":"post","link":"https:\/\/jornalfatosenoticias.com.br\/index.php\/2025\/08\/25\/segundo-estudo-pessoas-estao-preferindo-a-companhia-de-seus-caes-a-dos-amigos\/","title":{"rendered":"Segundo estudo, pessoas est\u00e3o preferindo a companhia de seus c\u00e3es \u00e0 dos amigos"},"content":{"rendered":"\n<p><em><span class=\"has-inline-color has-black-color\">A pesquisa da Universidade E\u00f6tv\u00f6s Lor\u00e1nd, da Hungria, comparou as rela\u00e7\u00f5es entre filho, parceiro rom\u00e2ntico, parente mais pr\u00f3ximo, melhor amigo e cachorros<\/span><\/em><\/p>\n\n\n\n<p><span class=\"has-inline-color has-black-color\">Por <a href=\"https:\/\/www.bonsfluidos.com.br\/author\/helena-gomes\"><strong>Helena Gomes<\/strong><\/a><\/span><\/p>\n\n\n\n<div class=\"wp-block-image\"><figure class=\"aligncenter size-large\"><a href=\"https:\/\/panper.com.br\/\"><img loading=\"lazy\" decoding=\"async\" width=\"1024\" height=\"111\" src=\"https:\/\/jornalfatosenoticias.com.br\/wp-content\/uploads\/2020\/02\/WhatsApp-Image-2022-09-23-at-12.09.18-1024x111.jpeg\" alt=\"\" class=\"wp-image-34527\" srcset=\"https:\/\/jornalfatosenoticias.com.br\/wp-content\/uploads\/2020\/02\/WhatsApp-Image-2022-09-23-at-12.09.18-1024x111.jpeg 1024w, https:\/\/jornalfatosenoticias.com.br\/wp-content\/uploads\/2020\/02\/WhatsApp-Image-2022-09-23-at-12.09.18-300x32.jpeg 300w, https:\/\/jornalfatosenoticias.com.br\/wp-content\/uploads\/2020\/02\/WhatsApp-Image-2022-09-23-at-12.09.18-768x83.jpeg 768w, https:\/\/jornalfatosenoticias.com.br\/wp-content\/uploads\/2020\/02\/WhatsApp-Image-2022-09-23-at-12.09.18.jpeg 1121w\" sizes=\"auto, (max-width: 1024px) 100vw, 1024px\" \/><\/a><\/figure><\/div>\n\n\n\n<p>N\u00e3o \u00e9 novidade que as pessoas est\u00e3o escolhendo a <a href=\"https:\/\/www.bonsfluidos.com.br\/mundo-animal\/buscas-por-adocao-de-cachorros-crescem-apos-superman.phtml\">ado\u00e7\u00e3o<\/a> dos animais em vez da cria\u00e7\u00e3o de filhos. Mas, recentemente, especialistas descobriram que, para muitos, a companhia dos c\u00e3es tem sido melhor que a de outros seres humanos, inclusive quando o assunto aborda os amigos.<br>A pesquisa da <strong>Universidade E\u00f6tv\u00f6s Lor\u00e1nd,<\/strong> da Hungria, comparou as rela\u00e7\u00f5es entre filho, parceiro rom\u00e2ntico, parente mais pr\u00f3ximo, melhor amigo e <a href=\"https:\/\/www.bonsfluidos.com.br\/mundo-animal\/brasil-e-um-dos-paises-que-mais-tem-cachorros-no-mundo.phtml\">cachorros<\/a>. Dessa forma, a conclus\u00e3o foi de que a companhia dos peludinhos \u00e9 mais satisfat\u00f3ria que as outras. E, apesar de surpreender, aqueles que fizeram tal considera\u00e7\u00e3o possu\u00edam relacionamentos humanos mais fortes, ent\u00e3o, n\u00e3o compensavam uma poss\u00edvel falta de algo.<\/p>\n\n\n\n<div class=\"wp-block-image\"><figure class=\"aligncenter size-large is-resized\"><a href=\"https:\/\/www.instagram.com\/rcradiadores\/\"><img loading=\"lazy\" decoding=\"async\" src=\"https:\/\/jornalfatosenoticias.com.br\/wp-content\/uploads\/2022\/10\/RC_800x750_page-0001.jpg\" alt=\"\" class=\"wp-image-35338\" width=\"316\" height=\"296\" srcset=\"https:\/\/jornalfatosenoticias.com.br\/wp-content\/uploads\/2022\/10\/RC_800x750_page-0001.jpg 400w, https:\/\/jornalfatosenoticias.com.br\/wp-content\/uploads\/2022\/10\/RC_800x750_page-0001-300x281.jpg 300w\" sizes=\"auto, (max-width: 316px) 100vw, 316px\" \/><\/a><\/figure><\/div>\n\n\n\n<blockquote class=\"wp-block-quote is-layout-flow wp-block-quote-is-layout-flow\"><p><span class=\"has-inline-color has-luminous-vivid-orange-color\">Ao contr\u00e1rio dos <em><a href=\"https:\/\/www.bonsfluidos.com.br\/comportamento\/psicologo-revela-5-atitudes-que-atrapalham-ou-melhoram-a-relacao.phtml\">relacionamentos<\/a><\/em> humanos, os donos de c\u00e3es mant\u00eam controle total sobre seus c\u00e3es, pois tomam a maioria das decis\u00f5es, contribuindo para a alta satisfa\u00e7\u00e3o relatada pelos donos. Comparado aos humanos, o relacionamento com c\u00e3es envolve poucos conflitos e intera\u00e7\u00f5es negativas m\u00ednimas\u201d, disse o chefe do departamento de Etologia da universidade, Enik\u0151 Kubinyi, na publica\u00e7\u00e3o do estudo.<\/span><\/p><\/blockquote>\n\n\n\n<div class=\"wp-block-image\"><figure class=\"aligncenter size-large is-resized\"><a href=\"https:\/\/www.instagram.com\/gruposei\/\"><img loading=\"lazy\" decoding=\"async\" src=\"https:\/\/jornalfatosenoticias.com.br\/wp-content\/uploads\/2022\/07\/Logo-Grupo-SEI.jpg\" alt=\"\" class=\"wp-image-31973\" width=\"326\" height=\"171\" srcset=\"https:\/\/jornalfatosenoticias.com.br\/wp-content\/uploads\/2022\/07\/Logo-Grupo-SEI.jpg 713w, https:\/\/jornalfatosenoticias.com.br\/wp-content\/uploads\/2022\/07\/Logo-Grupo-SEI-300x158.jpg 300w\" sizes=\"auto, (max-width: 326px) 100vw, 326px\" \/><\/a><\/figure><\/div>\n\n\n\n<p>Ademais, <em>\u201cos resultados destacam que os c\u00e3es ocupam um lugar \u00fanico em nosso mundo social \u2014 oferecendo a proximidade emocional de uma <a href=\"https:\/\/www.bonsfluidos.com.br\/comportamento\/devemos-guiar-alerta-pediatra-sobre-exposicao-de-criancas-online.phtml\">crian\u00e7a<\/a>, a facilidade de um melhor amigo e a previsibilidade de um relacionamento moldado pelo controle humano \u2014 revelando por que nossos la\u00e7os com eles costumam ser t\u00e3o profundamente gratificantes\u201d.<\/em><\/p>\n\n\n\n<div class=\"wp-block-image\"><figure class=\"aligncenter size-large is-resized\"><a href=\"https:\/\/www.controlsystems.com.br\/\"><img loading=\"lazy\" decoding=\"async\" src=\"https:\/\/jornalfatosenoticias.com.br\/wp-content\/uploads\/2020\/02\/CONTROL-CS.jpg\" alt=\"\" class=\"wp-image-44991\" width=\"238\" height=\"285\" srcset=\"https:\/\/jornalfatosenoticias.com.br\/wp-content\/uploads\/2020\/02\/CONTROL-CS.jpg 834w, https:\/\/jornalfatosenoticias.com.br\/wp-content\/uploads\/2020\/02\/CONTROL-CS-250x300.jpg 250w, https:\/\/jornalfatosenoticias.com.br\/wp-content\/uploads\/2020\/02\/CONTROL-CS-768x921.jpg 768w\" sizes=\"auto, (max-width: 238px) 100vw, 238px\" \/><\/a><\/figure><\/div>\n\n\n\n<p>Soci\u00f3logos e historiadores apontam que, desde o seu surgimento, o ser humano busca se unir \u00e0queles que se assemelham a ele, seja no comportamento ou no <a href=\"https:\/\/www.bonsfluidos.com.br\/comportamento\/sindrome-do-pensamento-acelerado-veja-10-sinais-que-indicam-a-presenca-do-transtorno.phtml\">pensamento<\/a>. De acordo com cientistas, essa mesma t\u00e1tica se repete entre tutores e c\u00e3es, j\u00e1 que muitos optam por animais com personalidades e apar\u00eancias parecidas.<\/p>\n\n\n\n<div class=\"wp-block-image\"><figure class=\"aligncenter size-large\"><a href=\"http:\/\/www.ferrarimaquinas.com.br\/\"><img loading=\"lazy\" decoding=\"async\" width=\"300\" height=\"250\" src=\"https:\/\/jornalfatosenoticias.com.br\/wp-content\/uploads\/2022\/02\/FERRARI_MAQUINAS-E-FERRAMENTAS2.jpg\" alt=\"\" class=\"wp-image-27860\"\/><\/a><\/figure><\/div>\n\n\n\n<p>Recentemente, especialistas reuniram os resultados de 15 estudos que analisam as semelhan\u00e7as entre os cachorros e seus tutores. Assim, descobriram que eles comumente apresentaram os mesmo n\u00edveis de simpatia, apego, <a href=\"https:\/\/www.bonsfluidos.com.br\/bem-estar\/menos-ansiedade-mais-tranquilidade-5-tecnicas-para-aliviar-o-estresse-do-dia-a-dia.phtml\">ansiedade<\/a> e felicidade.<\/p>\n\n\n\n<p><strong>Fonte: <a href=\"https:\/\/www.bonsfluidos.com.br\/comportamento\/segundo-estudo-pessoas-estao-preferindo-a-companhia-de-seus-caes-a-dos-amigos.phtml\">Bons Fluidos<\/a><\/strong><\/p>\n","protected":false},"excerpt":{"rendered":"<p>A pesquisa da Universidade E\u00f6tv\u00f6s Lor\u00e1nd, da Hungria, comparou as rela\u00e7\u00f5es entre filho, parceiro rom\u00e2ntico, parente mais pr\u00f3ximo, melhor amigo e cachorros Por Helena Gomes N\u00e3o \u00e9 novidade que as pessoas est\u00e3o escolhendo a ado\u00e7\u00e3o dos animais em vez da cria\u00e7\u00e3o de filhos. Mas, recentemente, especialistas descobriram que, para muitos, a companhia dos c\u00e3es tem [&hellip;]<\/p>\n","protected":false},"author":2,"featured_media":61417,"comment_status":"open","ping_status":"open","sticky":false,"template":"","format":"standard","meta":{"footnotes":""},"categories":[2522],"tags":[3072,754,1400,91,4157,2524],"class_list":["post-61416","post","type-post","status-publish","format-standard","has-post-thumbnail","hentry","category-comportamento","tag-cachorros","tag-caes","tag-comportamento","tag-humanos","tag-pets","tag-relacionamento"],"yoast_head":"<!-- This site is optimized with the Yoast SEO plugin v26.5 - https:\/\/yoast.com\/wordpress\/plugins\/seo\/ -->\n<title>Segundo estudo, pessoas est\u00e3o preferindo a companhia de seus c\u00e3es \u00e0 dos amigos - Jornal Fatos e Not\u00edcias<\/title>\n<meta name=\"robots\" content=\"index, follow, max-snippet:-1, max-image-preview:large, max-video-preview:-1\" \/>\n<link rel=\"canonical\" href=\"https:\/\/jornalfatosenoticias.com.br\/index.php\/2025\/08\/25\/segundo-estudo-pessoas-estao-preferindo-a-companhia-de-seus-caes-a-dos-amigos\/\" \/>\n<meta property=\"og:locale\" content=\"pt_BR\" \/>\n<meta property=\"og:type\" content=\"article\" \/>\n<meta property=\"og:title\" content=\"Segundo estudo, pessoas est\u00e3o preferindo a companhia de seus c\u00e3es \u00e0 dos amigos - Jornal Fatos e Not\u00edcias\" \/>\n<meta property=\"og:description\" content=\"A pesquisa da Universidade E\u00f6tv\u00f6s Lor\u00e1nd, da Hungria, comparou as rela\u00e7\u00f5es entre filho, parceiro rom\u00e2ntico, parente mais pr\u00f3ximo, melhor amigo e cachorros Por Helena Gomes N\u00e3o \u00e9 novidade que as pessoas est\u00e3o escolhendo a ado\u00e7\u00e3o dos animais em vez da cria\u00e7\u00e3o de filhos. Mas, recentemente, especialistas descobriram que, para muitos, a companhia dos c\u00e3es tem [&hellip;]\" \/>\n<meta property=\"og:url\" content=\"https:\/\/jornalfatosenoticias.com.br\/index.php\/2025\/08\/25\/segundo-estudo-pessoas-estao-preferindo-a-companhia-de-seus-caes-a-dos-amigos\/\" \/>\n<meta property=\"og:site_name\" content=\"Jornal Fatos e Not\u00edcias\" \/>\n<meta property=\"article:published_time\" content=\"2025-08-25T18:23:34+00:00\" \/>\n<meta property=\"article:modified_time\" content=\"2025-08-25T18:23:36+00:00\" \/>\n<meta property=\"og:image\" content=\"https:\/\/jornalfatosenoticias.com.br\/wp-content\/uploads\/2025\/08\/comportamento_pexels.jpg\" \/>\n\t<meta property=\"og:image:width\" content=\"1000\" \/>\n\t<meta property=\"og:image:height\" content=\"666\" \/>\n\t<meta property=\"og:image:type\" content=\"image\/jpeg\" \/>\n<meta name=\"author\" content=\"Luzimara Fernandes\" \/>\n<meta name=\"twitter:card\" content=\"summary_large_image\" \/>\n<meta name=\"twitter:label1\" content=\"Escrito por\" \/>\n\t<meta name=\"twitter:data1\" content=\"Luzimara Fernandes\" \/>\n\t<meta name=\"twitter:label2\" content=\"Est. tempo de leitura\" \/>\n\t<meta name=\"twitter:data2\" content=\"2 minutos\" \/>\n<script type=\"application\/ld+json\" class=\"yoast-schema-graph\">{\"@context\":\"https:\/\/schema.org\",\"@graph\":[{\"@type\":\"Article\",\"@id\":\"https:\/\/jornalfatosenoticias.com.br\/index.php\/2025\/08\/25\/segundo-estudo-pessoas-estao-preferindo-a-companhia-de-seus-caes-a-dos-amigos\/#article\",\"isPartOf\":{\"@id\":\"https:\/\/jornalfatosenoticias.com.br\/index.php\/2025\/08\/25\/segundo-estudo-pessoas-estao-preferindo-a-companhia-de-seus-caes-a-dos-amigos\/\"},\"author\":{\"name\":\"Luzimara Fernandes\",\"@id\":\"https:\/\/jornalfatosenoticias.com.br\/#\/schema\/person\/d63837fa13ac8666eb9e74e0985d6f81\"},\"headline\":\"Segundo estudo, pessoas est\u00e3o preferindo a companhia de seus c\u00e3es \u00e0 dos amigos\",\"datePublished\":\"2025-08-25T18:23:34+00:00\",\"dateModified\":\"2025-08-25T18:23:36+00:00\",\"mainEntityOfPage\":{\"@id\":\"https:\/\/jornalfatosenoticias.com.br\/index.php\/2025\/08\/25\/segundo-estudo-pessoas-estao-preferindo-a-companhia-de-seus-caes-a-dos-amigos\/\"},\"wordCount\":381,\"commentCount\":0,\"publisher\":{\"@id\":\"https:\/\/jornalfatosenoticias.com.br\/#organization\"},\"image\":{\"@id\":\"https:\/\/jornalfatosenoticias.com.br\/index.php\/2025\/08\/25\/segundo-estudo-pessoas-estao-preferindo-a-companhia-de-seus-caes-a-dos-amigos\/#primaryimage\"},\"thumbnailUrl\":\"https:\/\/jornalfatosenoticias.com.br\/wp-content\/uploads\/2025\/08\/comportamento_pexels.jpg\",\"keywords\":[\"cachorros\",\"c\u00e3es\",\"comportamento\",\"humanos\",\"pets\",\"relacionamento\"],\"articleSection\":[\"Comportamento &amp; Equil\u00edbrio\"],\"inLanguage\":\"pt-BR\",\"potentialAction\":[{\"@type\":\"CommentAction\",\"name\":\"Comment\",\"target\":[\"https:\/\/jornalfatosenoticias.com.br\/index.php\/2025\/08\/25\/segundo-estudo-pessoas-estao-preferindo-a-companhia-de-seus-caes-a-dos-amigos\/#respond\"]}]},{\"@type\":\"WebPage\",\"@id\":\"https:\/\/jornalfatosenoticias.com.br\/index.php\/2025\/08\/25\/segundo-estudo-pessoas-estao-preferindo-a-companhia-de-seus-caes-a-dos-amigos\/\",\"url\":\"https:\/\/jornalfatosenoticias.com.br\/index.php\/2025\/08\/25\/segundo-estudo-pessoas-estao-preferindo-a-companhia-de-seus-caes-a-dos-amigos\/\",\"name\":\"Segundo estudo, pessoas est\u00e3o preferindo a companhia de seus c\u00e3es \u00e0 dos amigos - Jornal Fatos e Not\u00edcias\",\"isPartOf\":{\"@id\":\"https:\/\/jornalfatosenoticias.com.br\/#website\"},\"primaryImageOfPage\":{\"@id\":\"https:\/\/jornalfatosenoticias.com.br\/index.php\/2025\/08\/25\/segundo-estudo-pessoas-estao-preferindo-a-companhia-de-seus-caes-a-dos-amigos\/#primaryimage\"},\"image\":{\"@id\":\"https:\/\/jornalfatosenoticias.com.br\/index.php\/2025\/08\/25\/segundo-estudo-pessoas-estao-preferindo-a-companhia-de-seus-caes-a-dos-amigos\/#primaryimage\"},\"thumbnailUrl\":\"https:\/\/jornalfatosenoticias.com.br\/wp-content\/uploads\/2025\/08\/comportamento_pexels.jpg\",\"datePublished\":\"2025-08-25T18:23:34+00:00\",\"dateModified\":\"2025-08-25T18:23:36+00:00\",\"breadcrumb\":{\"@id\":\"https:\/\/jornalfatosenoticias.com.br\/index.php\/2025\/08\/25\/segundo-estudo-pessoas-estao-preferindo-a-companhia-de-seus-caes-a-dos-amigos\/#breadcrumb\"},\"inLanguage\":\"pt-BR\",\"potentialAction\":[{\"@type\":\"ReadAction\",\"target\":[\"https:\/\/jornalfatosenoticias.com.br\/index.php\/2025\/08\/25\/segundo-estudo-pessoas-estao-preferindo-a-companhia-de-seus-caes-a-dos-amigos\/\"]}]},{\"@type\":\"ImageObject\",\"inLanguage\":\"pt-BR\",\"@id\":\"https:\/\/jornalfatosenoticias.com.br\/index.php\/2025\/08\/25\/segundo-estudo-pessoas-estao-preferindo-a-companhia-de-seus-caes-a-dos-amigos\/#primaryimage\",\"url\":\"https:\/\/jornalfatosenoticias.com.br\/wp-content\/uploads\/2025\/08\/comportamento_pexels.jpg\",\"contentUrl\":\"https:\/\/jornalfatosenoticias.com.br\/wp-content\/uploads\/2025\/08\/comportamento_pexels.jpg\",\"width\":1000,\"height\":666},{\"@type\":\"BreadcrumbList\",\"@id\":\"https:\/\/jornalfatosenoticias.com.br\/index.php\/2025\/08\/25\/segundo-estudo-pessoas-estao-preferindo-a-companhia-de-seus-caes-a-dos-amigos\/#breadcrumb\",\"itemListElement\":[{\"@type\":\"ListItem\",\"position\":1,\"name\":\"In\u00edcio\",\"item\":\"https:\/\/jornalfatosenoticias.com.br\/\"},{\"@type\":\"ListItem\",\"position\":2,\"name\":\"Segundo estudo, pessoas est\u00e3o preferindo a companhia de seus c\u00e3es \u00e0 dos amigos\"}]},{\"@type\":\"WebSite\",\"@id\":\"https:\/\/jornalfatosenoticias.com.br\/#website\",\"url\":\"https:\/\/jornalfatosenoticias.com.br\/\",\"name\":\"Jornal Fatos e Not\u00edcias\",\"description\":\"Not\u00edcias em geral\",\"publisher\":{\"@id\":\"https:\/\/jornalfatosenoticias.com.br\/#organization\"},\"potentialAction\":[{\"@type\":\"SearchAction\",\"target\":{\"@type\":\"EntryPoint\",\"urlTemplate\":\"https:\/\/jornalfatosenoticias.com.br\/?s={search_term_string}\"},\"query-input\":{\"@type\":\"PropertyValueSpecification\",\"valueRequired\":true,\"valueName\":\"search_term_string\"}}],\"inLanguage\":\"pt-BR\"},{\"@type\":\"Organization\",\"@id\":\"https:\/\/jornalfatosenoticias.com.br\/#organization\",\"name\":\"Jornal Fatos e Not\u00edcias\",\"url\":\"https:\/\/jornalfatosenoticias.com.br\/\",\"logo\":{\"@type\":\"ImageObject\",\"inLanguage\":\"pt-BR\",\"@id\":\"https:\/\/jornalfatosenoticias.com.br\/#\/schema\/logo\/image\/\",\"url\":\"https:\/\/jornalfatosenoticias.com.br\/wp-content\/uploads\/2020\/02\/logo120.png\",\"contentUrl\":\"https:\/\/jornalfatosenoticias.com.br\/wp-content\/uploads\/2020\/02\/logo120.png\",\"width\":1227,\"height\":120,\"caption\":\"Jornal Fatos e Not\u00edcias\"},\"image\":{\"@id\":\"https:\/\/jornalfatosenoticias.com.br\/#\/schema\/logo\/image\/\"}},{\"@type\":\"Person\",\"@id\":\"https:\/\/jornalfatosenoticias.com.br\/#\/schema\/person\/d63837fa13ac8666eb9e74e0985d6f81\",\"name\":\"Luzimara Fernandes\",\"image\":{\"@type\":\"ImageObject\",\"inLanguage\":\"pt-BR\",\"@id\":\"https:\/\/jornalfatosenoticias.com.br\/#\/schema\/person\/image\/\",\"url\":\"https:\/\/jornalfatosenoticias.com.br\/wp-content\/uploads\/2025\/05\/EU_portal.jpg\",\"contentUrl\":\"https:\/\/jornalfatosenoticias.com.br\/wp-content\/uploads\/2025\/05\/EU_portal.jpg\",\"caption\":\"Luzimara Fernandes\"},\"description\":\"Jornalista MTB 2358-ES\",\"sameAs\":[\"https:\/\/jornalfatosenoticias.com.br\"],\"url\":\"https:\/\/jornalfatosenoticias.com.br\/index.php\/author\/luzimara\/\"}]}<\/script>\n<!-- \/ Yoast SEO plugin. -->","yoast_head_json":{"title":"Segundo estudo, pessoas est\u00e3o preferindo a companhia de seus c\u00e3es \u00e0 dos amigos - Jornal Fatos e Not\u00edcias","robots":{"index":"index","follow":"follow","max-snippet":"max-snippet:-1","max-image-preview":"max-image-preview:large","max-video-preview":"max-video-preview:-1"},"canonical":"https:\/\/jornalfatosenoticias.com.br\/index.php\/2025\/08\/25\/segundo-estudo-pessoas-estao-preferindo-a-companhia-de-seus-caes-a-dos-amigos\/","og_locale":"pt_BR","og_type":"article","og_title":"Segundo estudo, pessoas est\u00e3o preferindo a companhia de seus c\u00e3es \u00e0 dos amigos - Jornal Fatos e Not\u00edcias","og_description":"A pesquisa da Universidade E\u00f6tv\u00f6s Lor\u00e1nd, da Hungria, comparou as rela\u00e7\u00f5es entre filho, parceiro rom\u00e2ntico, parente mais pr\u00f3ximo, melhor amigo e cachorros Por Helena Gomes N\u00e3o \u00e9 novidade que as pessoas est\u00e3o escolhendo a ado\u00e7\u00e3o dos animais em vez da cria\u00e7\u00e3o de filhos. Mas, recentemente, especialistas descobriram que, para muitos, a companhia dos c\u00e3es tem [&hellip;]","og_url":"https:\/\/jornalfatosenoticias.com.br\/index.php\/2025\/08\/25\/segundo-estudo-pessoas-estao-preferindo-a-companhia-de-seus-caes-a-dos-amigos\/","og_site_name":"Jornal Fatos e Not\u00edcias","article_published_time":"2025-08-25T18:23:34+00:00","article_modified_time":"2025-08-25T18:23:36+00:00","og_image":[{"width":1000,"height":666,"url":"https:\/\/jornalfatosenoticias.com.br\/wp-content\/uploads\/2025\/08\/comportamento_pexels.jpg","type":"image\/jpeg"}],"author":"Luzimara Fernandes","twitter_card":"summary_large_image","twitter_misc":{"Escrito por":"Luzimara Fernandes","Est. tempo de leitura":"2 minutos"},"schema":{"@context":"https:\/\/schema.org","@graph":[{"@type":"Article","@id":"https:\/\/jornalfatosenoticias.com.br\/index.php\/2025\/08\/25\/segundo-estudo-pessoas-estao-preferindo-a-companhia-de-seus-caes-a-dos-amigos\/#article","isPartOf":{"@id":"https:\/\/jornalfatosenoticias.com.br\/index.php\/2025\/08\/25\/segundo-estudo-pessoas-estao-preferindo-a-companhia-de-seus-caes-a-dos-amigos\/"},"author":{"name":"Luzimara Fernandes","@id":"https:\/\/jornalfatosenoticias.com.br\/#\/schema\/person\/d63837fa13ac8666eb9e74e0985d6f81"},"headline":"Segundo estudo, pessoas est\u00e3o preferindo a companhia de seus c\u00e3es \u00e0 dos amigos","datePublished":"2025-08-25T18:23:34+00:00","dateModified":"2025-08-25T18:23:36+00:00","mainEntityOfPage":{"@id":"https:\/\/jornalfatosenoticias.com.br\/index.php\/2025\/08\/25\/segundo-estudo-pessoas-estao-preferindo-a-companhia-de-seus-caes-a-dos-amigos\/"},"wordCount":381,"commentCount":0,"publisher":{"@id":"https:\/\/jornalfatosenoticias.com.br\/#organization"},"image":{"@id":"https:\/\/jornalfatosenoticias.com.br\/index.php\/2025\/08\/25\/segundo-estudo-pessoas-estao-preferindo-a-companhia-de-seus-caes-a-dos-amigos\/#primaryimage"},"thumbnailUrl":"https:\/\/jornalfatosenoticias.com.br\/wp-content\/uploads\/2025\/08\/comportamento_pexels.jpg","keywords":["cachorros","c\u00e3es","comportamento","humanos","pets","relacionamento"],"articleSection":["Comportamento &amp; Equil\u00edbrio"],"inLanguage":"pt-BR","potentialAction":[{"@type":"CommentAction","name":"Comment","target":["https:\/\/jornalfatosenoticias.com.br\/index.php\/2025\/08\/25\/segundo-estudo-pessoas-estao-preferindo-a-companhia-de-seus-caes-a-dos-amigos\/#respond"]}]},{"@type":"WebPage","@id":"https:\/\/jornalfatosenoticias.com.br\/index.php\/2025\/08\/25\/segundo-estudo-pessoas-estao-preferindo-a-companhia-de-seus-caes-a-dos-amigos\/","url":"https:\/\/jornalfatosenoticias.com.br\/index.php\/2025\/08\/25\/segundo-estudo-pessoas-estao-preferindo-a-companhia-de-seus-caes-a-dos-amigos\/","name":"Segundo estudo, pessoas est\u00e3o preferindo a companhia de seus c\u00e3es \u00e0 dos amigos - Jornal Fatos e Not\u00edcias","isPartOf":{"@id":"https:\/\/jornalfatosenoticias.com.br\/#website"},"primaryImageOfPage":{"@id":"https:\/\/jornalfatosenoticias.com.br\/index.php\/2025\/08\/25\/segundo-estudo-pessoas-estao-preferindo-a-companhia-de-seus-caes-a-dos-amigos\/#primaryimage"},"image":{"@id":"https:\/\/jornalfatosenoticias.com.br\/index.php\/2025\/08\/25\/segundo-estudo-pessoas-estao-preferindo-a-companhia-de-seus-caes-a-dos-amigos\/#primaryimage"},"thumbnailUrl":"https:\/\/jornalfatosenoticias.com.br\/wp-content\/uploads\/2025\/08\/comportamento_pexels.jpg","datePublished":"2025-08-25T18:23:34+00:00","dateModified":"2025-08-25T18:23:36+00:00","breadcrumb":{"@id":"https:\/\/jornalfatosenoticias.com.br\/index.php\/2025\/08\/25\/segundo-estudo-pessoas-estao-preferindo-a-companhia-de-seus-caes-a-dos-amigos\/#breadcrumb"},"inLanguage":"pt-BR","potentialAction":[{"@type":"ReadAction","target":["https:\/\/jornalfatosenoticias.com.br\/index.php\/2025\/08\/25\/segundo-estudo-pessoas-estao-preferindo-a-companhia-de-seus-caes-a-dos-amigos\/"]}]},{"@type":"ImageObject","inLanguage":"pt-BR","@id":"https:\/\/jornalfatosenoticias.com.br\/index.php\/2025\/08\/25\/segundo-estudo-pessoas-estao-preferindo-a-companhia-de-seus-caes-a-dos-amigos\/#primaryimage","url":"https:\/\/jornalfatosenoticias.com.br\/wp-content\/uploads\/2025\/08\/comportamento_pexels.jpg","contentUrl":"https:\/\/jornalfatosenoticias.com.br\/wp-content\/uploads\/2025\/08\/comportamento_pexels.jpg","width":1000,"height":666},{"@type":"BreadcrumbList","@id":"https:\/\/jornalfatosenoticias.com.br\/index.php\/2025\/08\/25\/segundo-estudo-pessoas-estao-preferindo-a-companhia-de-seus-caes-a-dos-amigos\/#breadcrumb","itemListElement":[{"@type":"ListItem","position":1,"name":"In\u00edcio","item":"https:\/\/jornalfatosenoticias.com.br\/"},{"@type":"ListItem","position":2,"name":"Segundo estudo, pessoas est\u00e3o preferindo a companhia de seus c\u00e3es \u00e0 dos amigos"}]},{"@type":"WebSite","@id":"https:\/\/jornalfatosenoticias.com.br\/#website","url":"https:\/\/jornalfatosenoticias.com.br\/","name":"Jornal Fatos e Not\u00edcias","description":"Not\u00edcias em geral","publisher":{"@id":"https:\/\/jornalfatosenoticias.com.br\/#organization"},"potentialAction":[{"@type":"SearchAction","target":{"@type":"EntryPoint","urlTemplate":"https:\/\/jornalfatosenoticias.com.br\/?s={search_term_string}"},"query-input":{"@type":"PropertyValueSpecification","valueRequired":true,"valueName":"search_term_string"}}],"inLanguage":"pt-BR"},{"@type":"Organization","@id":"https:\/\/jornalfatosenoticias.com.br\/#organization","name":"Jornal Fatos e Not\u00edcias","url":"https:\/\/jornalfatosenoticias.com.br\/","logo":{"@type":"ImageObject","inLanguage":"pt-BR","@id":"https:\/\/jornalfatosenoticias.com.br\/#\/schema\/logo\/image\/","url":"https:\/\/jornalfatosenoticias.com.br\/wp-content\/uploads\/2020\/02\/logo120.png","contentUrl":"https:\/\/jornalfatosenoticias.com.br\/wp-content\/uploads\/2020\/02\/logo120.png","width":1227,"height":120,"caption":"Jornal Fatos e Not\u00edcias"},"image":{"@id":"https:\/\/jornalfatosenoticias.com.br\/#\/schema\/logo\/image\/"}},{"@type":"Person","@id":"https:\/\/jornalfatosenoticias.com.br\/#\/schema\/person\/d63837fa13ac8666eb9e74e0985d6f81","name":"Luzimara Fernandes","image":{"@type":"ImageObject","inLanguage":"pt-BR","@id":"https:\/\/jornalfatosenoticias.com.br\/#\/schema\/person\/image\/","url":"https:\/\/jornalfatosenoticias.com.br\/wp-content\/uploads\/2025\/05\/EU_portal.jpg","contentUrl":"https:\/\/jornalfatosenoticias.com.br\/wp-content\/uploads\/2025\/05\/EU_portal.jpg","caption":"Luzimara Fernandes"},"description":"Jornalista MTB 2358-ES","sameAs":["https:\/\/jornalfatosenoticias.com.br"],"url":"https:\/\/jornalfatosenoticias.com.br\/index.php\/author\/luzimara\/"}]}},"cc_featured_image_caption":{"caption_text":"(Foto: Pexels)  ","source_text":"","source_url":""},"jetpack_featured_media_url":"https:\/\/jornalfatosenoticias.com.br\/wp-content\/uploads\/2025\/08\/comportamento_pexels.jpg","_links":{"self":[{"href":"https:\/\/jornalfatosenoticias.com.br\/index.php\/wp-json\/wp\/v2\/posts\/61416","targetHints":{"allow":["GET"]}}],"collection":[{"href":"https:\/\/jornalfatosenoticias.com.br\/index.php\/wp-json\/wp\/v2\/posts"}],"about":[{"href":"https:\/\/jornalfatosenoticias.com.br\/index.php\/wp-json\/wp\/v2\/types\/post"}],"author":[{"embeddable":true,"href":"https:\/\/jornalfatosenoticias.com.br\/index.php\/wp-json\/wp\/v2\/users\/2"}],"replies":[{"embeddable":true,"href":"https:\/\/jornalfatosenoticias.com.br\/index.php\/wp-json\/wp\/v2\/comments?post=61416"}],"version-history":[{"count":0,"href":"https:\/\/jornalfatosenoticias.com.br\/index.php\/wp-json\/wp\/v2\/posts\/61416\/revisions"}],"wp:featuredmedia":[{"embeddable":true,"href":"https:\/\/jornalfatosenoticias.com.br\/index.php\/wp-json\/wp\/v2\/media\/61417"}],"wp:attachment":[{"href":"https:\/\/jornalfatosenoticias.com.br\/index.php\/wp-json\/wp\/v2\/media?parent=61416"}],"wp:term":[{"taxonomy":"category","embeddable":true,"href":"https:\/\/jornalfatosenoticias.com.br\/index.php\/wp-json\/wp\/v2\/categories?post=61416"},{"taxonomy":"post_tag","embeddable":true,"href":"https:\/\/jornalfatosenoticias.com.br\/index.php\/wp-json\/wp\/v2\/tags?post=61416"}],"curies":[{"name":"wp","href":"https:\/\/api.w.org\/{rel}","templated":true}]}}