{"id":61428,"date":"2025-08-25T16:33:19","date_gmt":"2025-08-25T19:33:19","guid":{"rendered":"https:\/\/jornalfatosenoticias.com.br\/?p=61428"},"modified":"2025-08-25T16:33:20","modified_gmt":"2025-08-25T19:33:20","slug":"salvia-auxilia-na-memoria-e-ate-na-digestao","status":"publish","type":"post","link":"https:\/\/jornalfatosenoticias.com.br\/index.php\/2025\/08\/25\/salvia-auxilia-na-memoria-e-ate-na-digestao\/","title":{"rendered":"S\u00e1lvia auxilia na mem\u00f3ria e at\u00e9 na digest\u00e3o"},"content":{"rendered":"\n<p><em><span class=\"has-inline-color has-black-color\">Saiba mais sobre a erva arom\u00e1tica que vai al\u00e9m do tempero e cuida da sua sa\u00fade<\/span><\/em><\/p>\n\n\n\n<p><span class=\"has-inline-color has-black-color\">Por <strong><a href=\"https:\/\/www.bonsfluidos.com.br\/author\/isabella-bisordi\">Isabella Bisordi<\/a><\/strong><\/span><\/p>\n\n\n\n<div class=\"wp-block-image\"><figure class=\"aligncenter size-large\"><a href=\"https:\/\/mizu.com.br\/\"><img loading=\"lazy\" decoding=\"async\" width=\"729\" height=\"90\" src=\"https:\/\/jornalfatosenoticias.com.br\/wp-content\/uploads\/2020\/02\/Logo_Mizu.png\" alt=\"\" class=\"wp-image-1441\" srcset=\"https:\/\/jornalfatosenoticias.com.br\/wp-content\/uploads\/2020\/02\/Logo_Mizu.png 729w, https:\/\/jornalfatosenoticias.com.br\/wp-content\/uploads\/2020\/02\/Logo_Mizu-300x37.png 300w\" sizes=\"auto, (max-width: 729px) 100vw, 729px\" \/><\/a><\/figure><\/div>\n\n\n\n<p>Talvez voc\u00ea conhe\u00e7a a s\u00e1lvia como aquele toque especial em pratos com carnes, molhos ou massas. Mas o que muitos ainda n\u00e3o sabem \u00e9 que essa\u00a0<a href=\"https:\/\/www.bonsfluidos.com.br\/bem-estar\/banhos-energeticos-descubra-como-prepara-los-com-ervas.phtml\">erva<\/a> discreta, de aroma intenso e folhas aveludadas, esconde um verdadeiro tesouro de benef\u00edcios para o corpo e a mente. Cultivada em quintais, varandas e at\u00e9 em vasos de apartamento, a s\u00e1lvia \u00e9 uma planta vers\u00e1til \u2014 \u00fatil na cozinha, poderosa como <a href=\"https:\/\/www.bonsfluidos.com.br\/coluna-jamar-tejada\/cha-infusao-e-decoccao-tudo-sobre-a-colheita-armazenamento-e-preparo-das-plantas.phtml\">infus\u00e3o<\/a> e rica em propriedades medicinais. Um presente da natureza que pode fazer parte da sua rotina de autocuidado.<br>Origin\u00e1ria da regi\u00e3o do <strong>Mediterr\u00e2neo,<\/strong> a s\u00e1lvia se adaptou bem ao solo e clima brasileiros. Suas folhas s\u00e3o verdes, levemente felpudas, e exalam um perfume inconfund\u00edvel. Muito al\u00e9m do uso culin\u00e1rio, a planta \u00e9 fonte de <a href=\"https:\/\/www.bonsfluidos.com.br\/bem-estar\/especialista-aponta-oleo-essencial-de-limao-pode-ajudar-a-ter-foco.phtml\">\u00f3leos essenciais<\/a> utilizados tamb\u00e9m na produ\u00e7\u00e3o de cosm\u00e9ticos naturais. Combinando beleza, aroma e funcionalidade, ela \u00e9 um exemplo de como a natureza nos oferece tudo o que precisamos, inclusive sa\u00fade.<\/p>\n\n\n\n<div class=\"wp-block-image\"><figure class=\"aligncenter size-large is-resized\"><a href=\"https:\/\/www.instagram.com\/esteio.churrascaria\/\"><img loading=\"lazy\" decoding=\"async\" src=\"https:\/\/jornalfatosenoticias.com.br\/wp-content\/uploads\/2022\/02\/LOGO-ESTEIO-1024x730.png\" alt=\"\" class=\"wp-image-27942\" width=\"335\" height=\"238\" srcset=\"https:\/\/jornalfatosenoticias.com.br\/wp-content\/uploads\/2022\/02\/LOGO-ESTEIO-1024x730.png 1024w, https:\/\/jornalfatosenoticias.com.br\/wp-content\/uploads\/2022\/02\/LOGO-ESTEIO-300x214.png 300w, https:\/\/jornalfatosenoticias.com.br\/wp-content\/uploads\/2022\/02\/LOGO-ESTEIO-768x548.png 768w, https:\/\/jornalfatosenoticias.com.br\/wp-content\/uploads\/2022\/02\/LOGO-ESTEIO.png 1123w\" sizes=\"auto, (max-width: 335px) 100vw, 335px\" \/><\/a><\/figure><\/div>\n\n\n\n<p><strong><span class=\"has-inline-color has-vivid-cyan-blue-color\">Os benef\u00edcios da s\u00e1lvia para o corpo e a mente<\/span><\/strong><\/p>\n\n\n\n<ol class=\"wp-block-list\"><li><strong>Regula o a\u00e7\u00facar no sangue<br><\/strong>A s\u00e1lvia tem compostos que ajudam a melhorar a sensibilidade \u00e0 insulina e reduzir a <a href=\"https:\/\/www.bonsfluidos.com.br\/no-prato\/pesquisadores-descobrem-novos-beneficios-do-alho-controle-de-glicemia-e-colesterol.phtml\">glicemia<\/a> ap\u00f3s as refei\u00e7\u00f5es. Uma aliada natural especialmente \u00fatil para quem busca equilibrar os n\u00edveis de a\u00e7\u00facar no sangue.<\/li><li><strong>Alivia os sintomas da menopausa<br><\/strong>Durante o climat\u00e9rio e a menopausa, a s\u00e1lvia pode ser uma grande companheira. Suas propriedades ajudam a reduzir ondas de calor e o <a href=\"https:\/\/www.bonsfluidos.com.br\/saude\/o-que-e-perimenopausa-e-quais-sao-as-consequencias-na-vida-da-mulher.phtml\">suor noturno<\/a>, contribuindo para mais conforto e qualidade de vida.<\/li><li><strong>Turbina a mem\u00f3ria e a clareza mental<br><\/strong>Rica em antioxidantes como flavonoides, a s\u00e1lvia protege as c\u00e9lulas cerebrais e favorece a <a href=\"https:\/\/www.bonsfluidos.com.br\/saude\/como-o-calcio-pode-ser-um-aliado-da-saude-cognitiva-descubra.phtml\">cogni\u00e7\u00e3o<\/a>. Seu uso frequente tem sido associado \u00e0 melhora da mem\u00f3ria e ao aumento da concentra\u00e7\u00e3o, benef\u00edcios valiosos em qualquer fase da vida.<\/li><li><strong>Cuida da digest\u00e3o<br><\/strong>Sabe aquela sensa\u00e7\u00e3o de <a href=\"https:\/\/www.bonsfluidos.com.br\/saude\/que-fruta-pouco-conhecida-combate-a-acidez-no-estomago.phtml\">est\u00f4mago<\/a> pesado ap\u00f3s uma refei\u00e7\u00e3o? Um ch\u00e1 de s\u00e1lvia pode ajudar. A planta estimula a produ\u00e7\u00e3o de enzimas digestivas, aliviando gases, incha\u00e7o e desconfortos estomacais.<\/li><\/ol>\n\n\n\n<div class=\"wp-block-image\"><figure class=\"aligncenter size-large is-resized\"><a href=\"https:\/\/hotelmarquetti.com.br\/\"><img loading=\"lazy\" decoding=\"async\" src=\"https:\/\/jornalfatosenoticias.com.br\/wp-content\/uploads\/2020\/02\/LOGO-MQ-1024x680.jpg\" alt=\"\" class=\"wp-image-58299\" width=\"301\" height=\"200\" srcset=\"https:\/\/jornalfatosenoticias.com.br\/wp-content\/uploads\/2020\/02\/LOGO-MQ-1024x680.jpg 1024w, https:\/\/jornalfatosenoticias.com.br\/wp-content\/uploads\/2020\/02\/LOGO-MQ-300x199.jpg 300w, https:\/\/jornalfatosenoticias.com.br\/wp-content\/uploads\/2020\/02\/LOGO-MQ-768x510.jpg 768w, https:\/\/jornalfatosenoticias.com.br\/wp-content\/uploads\/2020\/02\/LOGO-MQ-1536x1020.jpg 1536w, https:\/\/jornalfatosenoticias.com.br\/wp-content\/uploads\/2020\/02\/LOGO-MQ-2048x1360.jpg 2048w\" sizes=\"auto, (max-width: 301px) 100vw, 301px\" \/><\/a><\/figure><\/div>\n\n\n\n<p><strong><span class=\"has-inline-color has-vivid-cyan-blue-color\">Como incluir a s\u00e1lvia na rotina?<br><\/span><\/strong>\u2705 <strong>Ch\u00e1 de s\u00e1lvia: <\/strong>ferva algumas <a href=\"https:\/\/www.bonsfluidos.com.br\/no-prato\/alem-do-cha-como-usar-folhas-de-frutas-para-melhorar-a-saude.phtml\">folhas<\/a> frescas (ou secas) em \u00e1gua por cinco a 10 minutos, coe e tome morno, especialmente ap\u00f3s as refei\u00e7\u00f5es;<br>\u2705 <strong>Tempero natural: <\/strong>use em pratos com <a href=\"https:\/\/www.bonsfluidos.com.br\/no-prato\/consumir-carnes-processadas-aumenta-risco-de-diabete-e-cancer-de-intestino-veja-o-que-dizem-especialistas.phtml\">carne<\/a>, legumes assados, molhos e p\u00e3es;<br>\u2705 <strong>Cultive em casa:<\/strong> f\u00e1cil de cuidar, a s\u00e1lvia se adapta bem a vasos e <a href=\"https:\/\/www.bonsfluidos.com.br\/jardim\/o-poder-da-prevencao-estrategias-naturais-para-um-jardim-livre-de-pragas-e-doencas.phtml\">jardins<\/a>. Ter um pezinho por perto \u00e9 um convite ao cuidado di\u00e1rio.<\/p>\n\n\n\n<div class=\"wp-block-image\"><figure class=\"aligncenter size-large is-resized\"><a href=\"https:\/\/www.facebook.com\/profile.php?id=100069289606145\"><img loading=\"lazy\" decoding=\"async\" src=\"https:\/\/jornalfatosenoticias.com.br\/wp-content\/uploads\/2024\/11\/Guaitolini-Contabilidade-1024x714.jpeg\" alt=\"\" class=\"wp-image-55808\" width=\"303\" height=\"211\" srcset=\"https:\/\/jornalfatosenoticias.com.br\/wp-content\/uploads\/2024\/11\/Guaitolini-Contabilidade-1024x714.jpeg 1024w, https:\/\/jornalfatosenoticias.com.br\/wp-content\/uploads\/2024\/11\/Guaitolini-Contabilidade-300x209.jpeg 300w, https:\/\/jornalfatosenoticias.com.br\/wp-content\/uploads\/2024\/11\/Guaitolini-Contabilidade-768x535.jpeg 768w, https:\/\/jornalfatosenoticias.com.br\/wp-content\/uploads\/2024\/11\/Guaitolini-Contabilidade.jpeg 1280w\" sizes=\"auto, (max-width: 303px) 100vw, 303px\" \/><\/a><\/figure><\/div>\n\n\n\n<p>Em tempos em que buscamos solu\u00e7\u00f5es mais naturais e menos invasivas para o dia a dia, a s\u00e1lvia surge como uma op\u00e7\u00e3o delicada, acess\u00edvel e cheia de potencial. Uma prova de que os verdadeiros rem\u00e9dios podem estar logo ali \u2014 no quintal, na horta ou no <a href=\"https:\/\/www.bonsfluidos.com.br\/no-prato\/esses-chas-reduzem-a-fadiga-muscular-pos-treino.phtml\">ch\u00e1 quentinho<\/a> que aquece as m\u00e3os e acalma a mente.<\/p>\n\n\n\n<div class=\"wp-block-image\"><figure class=\"aligncenter size-large is-resized\"><a href=\"https:\/\/www.instagram.com\/rcradiadores\/\"><img loading=\"lazy\" decoding=\"async\" src=\"https:\/\/jornalfatosenoticias.com.br\/wp-content\/uploads\/2022\/10\/RC_800x750_page-0001.jpg\" alt=\"\" class=\"wp-image-35338\" width=\"303\" height=\"284\" srcset=\"https:\/\/jornalfatosenoticias.com.br\/wp-content\/uploads\/2022\/10\/RC_800x750_page-0001.jpg 400w, https:\/\/jornalfatosenoticias.com.br\/wp-content\/uploads\/2022\/10\/RC_800x750_page-0001-300x281.jpg 300w\" sizes=\"auto, (max-width: 303px) 100vw, 303px\" \/><\/a><\/figure><\/div>\n\n\n\n<p><strong>Fonte: <a href=\"https:\/\/www.bonsfluidos.com.br\/bem-estar\/poderosa-salvia-auxilia-na-memoria-e-ate-na-digestao-confira-seus-beneficios.phtml\">Bons Fluidos<\/a><\/strong><\/p>\n","protected":false},"excerpt":{"rendered":"<p>Saiba mais sobre a erva arom\u00e1tica que vai al\u00e9m do tempero e cuida da sua sa\u00fade Por Isabella Bisordi Talvez voc\u00ea conhe\u00e7a a s\u00e1lvia como aquele toque especial em pratos com carnes, molhos ou massas. Mas o que muitos ainda n\u00e3o sabem \u00e9 que essa\u00a0erva discreta, de aroma intenso e folhas aveludadas, esconde um verdadeiro [&hellip;]<\/p>\n","protected":false},"author":2,"featured_media":61429,"comment_status":"open","ping_status":"open","sticky":false,"template":"","format":"standard","meta":{"footnotes":""},"categories":[42],"tags":[1216,14504,27988,4079,4381,3247,3395,4680,74],"class_list":["post-61428","post","type-post","status-publish","format-standard","has-post-thumbnail","hentry","category-bem-estar","tag-alimentacao","tag-autocuidado","tag-digestao","tag-erva","tag-erva-aromatica","tag-memoria","tag-planta","tag-salvia","tag-saude"],"yoast_head":"<!-- This site is optimized with the Yoast SEO plugin v26.5 - https:\/\/yoast.com\/wordpress\/plugins\/seo\/ -->\n<title>S\u00e1lvia auxilia na mem\u00f3ria e at\u00e9 na digest\u00e3o - Jornal Fatos e Not\u00edcias<\/title>\n<meta name=\"robots\" content=\"index, follow, max-snippet:-1, max-image-preview:large, max-video-preview:-1\" \/>\n<link rel=\"canonical\" href=\"https:\/\/jornalfatosenoticias.com.br\/index.php\/2025\/08\/25\/salvia-auxilia-na-memoria-e-ate-na-digestao\/\" \/>\n<meta property=\"og:locale\" content=\"pt_BR\" \/>\n<meta property=\"og:type\" content=\"article\" \/>\n<meta property=\"og:title\" content=\"S\u00e1lvia auxilia na mem\u00f3ria e at\u00e9 na digest\u00e3o - Jornal Fatos e Not\u00edcias\" \/>\n<meta property=\"og:description\" content=\"Saiba mais sobre a erva arom\u00e1tica que vai al\u00e9m do tempero e cuida da sua sa\u00fade Por Isabella Bisordi Talvez voc\u00ea conhe\u00e7a a s\u00e1lvia como aquele toque especial em pratos com carnes, molhos ou massas. Mas o que muitos ainda n\u00e3o sabem \u00e9 que essa\u00a0erva discreta, de aroma intenso e folhas aveludadas, esconde um verdadeiro [&hellip;]\" \/>\n<meta property=\"og:url\" content=\"https:\/\/jornalfatosenoticias.com.br\/index.php\/2025\/08\/25\/salvia-auxilia-na-memoria-e-ate-na-digestao\/\" \/>\n<meta property=\"og:site_name\" content=\"Jornal Fatos e Not\u00edcias\" \/>\n<meta property=\"article:published_time\" content=\"2025-08-25T19:33:19+00:00\" \/>\n<meta property=\"article:modified_time\" content=\"2025-08-25T19:33:20+00:00\" \/>\n<meta property=\"og:image\" content=\"https:\/\/jornalfatosenoticias.com.br\/wp-content\/uploads\/2025\/08\/salvia_pixabay.jpg\" \/>\n\t<meta property=\"og:image:width\" content=\"1000\" \/>\n\t<meta property=\"og:image:height\" content=\"654\" \/>\n\t<meta property=\"og:image:type\" content=\"image\/jpeg\" \/>\n<meta name=\"author\" content=\"Luzimara Fernandes\" \/>\n<meta name=\"twitter:card\" content=\"summary_large_image\" \/>\n<meta name=\"twitter:label1\" content=\"Escrito por\" \/>\n\t<meta name=\"twitter:data1\" content=\"Luzimara Fernandes\" \/>\n\t<meta name=\"twitter:label2\" content=\"Est. tempo de leitura\" \/>\n\t<meta name=\"twitter:data2\" content=\"3 minutos\" \/>\n<script type=\"application\/ld+json\" class=\"yoast-schema-graph\">{\"@context\":\"https:\/\/schema.org\",\"@graph\":[{\"@type\":\"Article\",\"@id\":\"https:\/\/jornalfatosenoticias.com.br\/index.php\/2025\/08\/25\/salvia-auxilia-na-memoria-e-ate-na-digestao\/#article\",\"isPartOf\":{\"@id\":\"https:\/\/jornalfatosenoticias.com.br\/index.php\/2025\/08\/25\/salvia-auxilia-na-memoria-e-ate-na-digestao\/\"},\"author\":{\"name\":\"Luzimara Fernandes\",\"@id\":\"https:\/\/jornalfatosenoticias.com.br\/#\/schema\/person\/d63837fa13ac8666eb9e74e0985d6f81\"},\"headline\":\"S\u00e1lvia auxilia na mem\u00f3ria e at\u00e9 na digest\u00e3o\",\"datePublished\":\"2025-08-25T19:33:19+00:00\",\"dateModified\":\"2025-08-25T19:33:20+00:00\",\"mainEntityOfPage\":{\"@id\":\"https:\/\/jornalfatosenoticias.com.br\/index.php\/2025\/08\/25\/salvia-auxilia-na-memoria-e-ate-na-digestao\/\"},\"wordCount\":524,\"commentCount\":0,\"publisher\":{\"@id\":\"https:\/\/jornalfatosenoticias.com.br\/#organization\"},\"image\":{\"@id\":\"https:\/\/jornalfatosenoticias.com.br\/index.php\/2025\/08\/25\/salvia-auxilia-na-memoria-e-ate-na-digestao\/#primaryimage\"},\"thumbnailUrl\":\"https:\/\/jornalfatosenoticias.com.br\/wp-content\/uploads\/2025\/08\/salvia_pixabay.jpg\",\"keywords\":[\"alimenta\u00e7\u00e3o\",\"autocuidado\",\"digest\u00e3o\",\"erva\",\"erva arom\u00e1tica\",\"mem\u00f3ria\",\"planta\",\"s\u00e1lvia\",\"sa\u00fade\"],\"articleSection\":[\"Bem-estar\"],\"inLanguage\":\"pt-BR\",\"potentialAction\":[{\"@type\":\"CommentAction\",\"name\":\"Comment\",\"target\":[\"https:\/\/jornalfatosenoticias.com.br\/index.php\/2025\/08\/25\/salvia-auxilia-na-memoria-e-ate-na-digestao\/#respond\"]}]},{\"@type\":\"WebPage\",\"@id\":\"https:\/\/jornalfatosenoticias.com.br\/index.php\/2025\/08\/25\/salvia-auxilia-na-memoria-e-ate-na-digestao\/\",\"url\":\"https:\/\/jornalfatosenoticias.com.br\/index.php\/2025\/08\/25\/salvia-auxilia-na-memoria-e-ate-na-digestao\/\",\"name\":\"S\u00e1lvia auxilia na mem\u00f3ria e at\u00e9 na digest\u00e3o - Jornal Fatos e Not\u00edcias\",\"isPartOf\":{\"@id\":\"https:\/\/jornalfatosenoticias.com.br\/#website\"},\"primaryImageOfPage\":{\"@id\":\"https:\/\/jornalfatosenoticias.com.br\/index.php\/2025\/08\/25\/salvia-auxilia-na-memoria-e-ate-na-digestao\/#primaryimage\"},\"image\":{\"@id\":\"https:\/\/jornalfatosenoticias.com.br\/index.php\/2025\/08\/25\/salvia-auxilia-na-memoria-e-ate-na-digestao\/#primaryimage\"},\"thumbnailUrl\":\"https:\/\/jornalfatosenoticias.com.br\/wp-content\/uploads\/2025\/08\/salvia_pixabay.jpg\",\"datePublished\":\"2025-08-25T19:33:19+00:00\",\"dateModified\":\"2025-08-25T19:33:20+00:00\",\"breadcrumb\":{\"@id\":\"https:\/\/jornalfatosenoticias.com.br\/index.php\/2025\/08\/25\/salvia-auxilia-na-memoria-e-ate-na-digestao\/#breadcrumb\"},\"inLanguage\":\"pt-BR\",\"potentialAction\":[{\"@type\":\"ReadAction\",\"target\":[\"https:\/\/jornalfatosenoticias.com.br\/index.php\/2025\/08\/25\/salvia-auxilia-na-memoria-e-ate-na-digestao\/\"]}]},{\"@type\":\"ImageObject\",\"inLanguage\":\"pt-BR\",\"@id\":\"https:\/\/jornalfatosenoticias.com.br\/index.php\/2025\/08\/25\/salvia-auxilia-na-memoria-e-ate-na-digestao\/#primaryimage\",\"url\":\"https:\/\/jornalfatosenoticias.com.br\/wp-content\/uploads\/2025\/08\/salvia_pixabay.jpg\",\"contentUrl\":\"https:\/\/jornalfatosenoticias.com.br\/wp-content\/uploads\/2025\/08\/salvia_pixabay.jpg\",\"width\":1000,\"height\":654},{\"@type\":\"BreadcrumbList\",\"@id\":\"https:\/\/jornalfatosenoticias.com.br\/index.php\/2025\/08\/25\/salvia-auxilia-na-memoria-e-ate-na-digestao\/#breadcrumb\",\"itemListElement\":[{\"@type\":\"ListItem\",\"position\":1,\"name\":\"In\u00edcio\",\"item\":\"https:\/\/jornalfatosenoticias.com.br\/\"},{\"@type\":\"ListItem\",\"position\":2,\"name\":\"S\u00e1lvia auxilia na mem\u00f3ria e at\u00e9 na digest\u00e3o\"}]},{\"@type\":\"WebSite\",\"@id\":\"https:\/\/jornalfatosenoticias.com.br\/#website\",\"url\":\"https:\/\/jornalfatosenoticias.com.br\/\",\"name\":\"Jornal Fatos e Not\u00edcias\",\"description\":\"Not\u00edcias em geral\",\"publisher\":{\"@id\":\"https:\/\/jornalfatosenoticias.com.br\/#organization\"},\"potentialAction\":[{\"@type\":\"SearchAction\",\"target\":{\"@type\":\"EntryPoint\",\"urlTemplate\":\"https:\/\/jornalfatosenoticias.com.br\/?s={search_term_string}\"},\"query-input\":{\"@type\":\"PropertyValueSpecification\",\"valueRequired\":true,\"valueName\":\"search_term_string\"}}],\"inLanguage\":\"pt-BR\"},{\"@type\":\"Organization\",\"@id\":\"https:\/\/jornalfatosenoticias.com.br\/#organization\",\"name\":\"Jornal Fatos e Not\u00edcias\",\"url\":\"https:\/\/jornalfatosenoticias.com.br\/\",\"logo\":{\"@type\":\"ImageObject\",\"inLanguage\":\"pt-BR\",\"@id\":\"https:\/\/jornalfatosenoticias.com.br\/#\/schema\/logo\/image\/\",\"url\":\"https:\/\/jornalfatosenoticias.com.br\/wp-content\/uploads\/2020\/02\/logo120.png\",\"contentUrl\":\"https:\/\/jornalfatosenoticias.com.br\/wp-content\/uploads\/2020\/02\/logo120.png\",\"width\":1227,\"height\":120,\"caption\":\"Jornal Fatos e Not\u00edcias\"},\"image\":{\"@id\":\"https:\/\/jornalfatosenoticias.com.br\/#\/schema\/logo\/image\/\"}},{\"@type\":\"Person\",\"@id\":\"https:\/\/jornalfatosenoticias.com.br\/#\/schema\/person\/d63837fa13ac8666eb9e74e0985d6f81\",\"name\":\"Luzimara Fernandes\",\"image\":{\"@type\":\"ImageObject\",\"inLanguage\":\"pt-BR\",\"@id\":\"https:\/\/jornalfatosenoticias.com.br\/#\/schema\/person\/image\/\",\"url\":\"https:\/\/jornalfatosenoticias.com.br\/wp-content\/uploads\/2025\/05\/EU_portal.jpg\",\"contentUrl\":\"https:\/\/jornalfatosenoticias.com.br\/wp-content\/uploads\/2025\/05\/EU_portal.jpg\",\"caption\":\"Luzimara Fernandes\"},\"description\":\"Jornalista MTB 2358-ES\",\"sameAs\":[\"https:\/\/jornalfatosenoticias.com.br\"],\"url\":\"https:\/\/jornalfatosenoticias.com.br\/index.php\/author\/luzimara\/\"}]}<\/script>\n<!-- \/ Yoast SEO plugin. -->","yoast_head_json":{"title":"S\u00e1lvia auxilia na mem\u00f3ria e at\u00e9 na digest\u00e3o - Jornal Fatos e Not\u00edcias","robots":{"index":"index","follow":"follow","max-snippet":"max-snippet:-1","max-image-preview":"max-image-preview:large","max-video-preview":"max-video-preview:-1"},"canonical":"https:\/\/jornalfatosenoticias.com.br\/index.php\/2025\/08\/25\/salvia-auxilia-na-memoria-e-ate-na-digestao\/","og_locale":"pt_BR","og_type":"article","og_title":"S\u00e1lvia auxilia na mem\u00f3ria e at\u00e9 na digest\u00e3o - Jornal Fatos e Not\u00edcias","og_description":"Saiba mais sobre a erva arom\u00e1tica que vai al\u00e9m do tempero e cuida da sua sa\u00fade Por Isabella Bisordi Talvez voc\u00ea conhe\u00e7a a s\u00e1lvia como aquele toque especial em pratos com carnes, molhos ou massas. Mas o que muitos ainda n\u00e3o sabem \u00e9 que essa\u00a0erva discreta, de aroma intenso e folhas aveludadas, esconde um verdadeiro [&hellip;]","og_url":"https:\/\/jornalfatosenoticias.com.br\/index.php\/2025\/08\/25\/salvia-auxilia-na-memoria-e-ate-na-digestao\/","og_site_name":"Jornal Fatos e Not\u00edcias","article_published_time":"2025-08-25T19:33:19+00:00","article_modified_time":"2025-08-25T19:33:20+00:00","og_image":[{"width":1000,"height":654,"url":"https:\/\/jornalfatosenoticias.com.br\/wp-content\/uploads\/2025\/08\/salvia_pixabay.jpg","type":"image\/jpeg"}],"author":"Luzimara Fernandes","twitter_card":"summary_large_image","twitter_misc":{"Escrito por":"Luzimara Fernandes","Est. tempo de leitura":"3 minutos"},"schema":{"@context":"https:\/\/schema.org","@graph":[{"@type":"Article","@id":"https:\/\/jornalfatosenoticias.com.br\/index.php\/2025\/08\/25\/salvia-auxilia-na-memoria-e-ate-na-digestao\/#article","isPartOf":{"@id":"https:\/\/jornalfatosenoticias.com.br\/index.php\/2025\/08\/25\/salvia-auxilia-na-memoria-e-ate-na-digestao\/"},"author":{"name":"Luzimara Fernandes","@id":"https:\/\/jornalfatosenoticias.com.br\/#\/schema\/person\/d63837fa13ac8666eb9e74e0985d6f81"},"headline":"S\u00e1lvia auxilia na mem\u00f3ria e at\u00e9 na digest\u00e3o","datePublished":"2025-08-25T19:33:19+00:00","dateModified":"2025-08-25T19:33:20+00:00","mainEntityOfPage":{"@id":"https:\/\/jornalfatosenoticias.com.br\/index.php\/2025\/08\/25\/salvia-auxilia-na-memoria-e-ate-na-digestao\/"},"wordCount":524,"commentCount":0,"publisher":{"@id":"https:\/\/jornalfatosenoticias.com.br\/#organization"},"image":{"@id":"https:\/\/jornalfatosenoticias.com.br\/index.php\/2025\/08\/25\/salvia-auxilia-na-memoria-e-ate-na-digestao\/#primaryimage"},"thumbnailUrl":"https:\/\/jornalfatosenoticias.com.br\/wp-content\/uploads\/2025\/08\/salvia_pixabay.jpg","keywords":["alimenta\u00e7\u00e3o","autocuidado","digest\u00e3o","erva","erva arom\u00e1tica","mem\u00f3ria","planta","s\u00e1lvia","sa\u00fade"],"articleSection":["Bem-estar"],"inLanguage":"pt-BR","potentialAction":[{"@type":"CommentAction","name":"Comment","target":["https:\/\/jornalfatosenoticias.com.br\/index.php\/2025\/08\/25\/salvia-auxilia-na-memoria-e-ate-na-digestao\/#respond"]}]},{"@type":"WebPage","@id":"https:\/\/jornalfatosenoticias.com.br\/index.php\/2025\/08\/25\/salvia-auxilia-na-memoria-e-ate-na-digestao\/","url":"https:\/\/jornalfatosenoticias.com.br\/index.php\/2025\/08\/25\/salvia-auxilia-na-memoria-e-ate-na-digestao\/","name":"S\u00e1lvia auxilia na mem\u00f3ria e at\u00e9 na digest\u00e3o - Jornal Fatos e Not\u00edcias","isPartOf":{"@id":"https:\/\/jornalfatosenoticias.com.br\/#website"},"primaryImageOfPage":{"@id":"https:\/\/jornalfatosenoticias.com.br\/index.php\/2025\/08\/25\/salvia-auxilia-na-memoria-e-ate-na-digestao\/#primaryimage"},"image":{"@id":"https:\/\/jornalfatosenoticias.com.br\/index.php\/2025\/08\/25\/salvia-auxilia-na-memoria-e-ate-na-digestao\/#primaryimage"},"thumbnailUrl":"https:\/\/jornalfatosenoticias.com.br\/wp-content\/uploads\/2025\/08\/salvia_pixabay.jpg","datePublished":"2025-08-25T19:33:19+00:00","dateModified":"2025-08-25T19:33:20+00:00","breadcrumb":{"@id":"https:\/\/jornalfatosenoticias.com.br\/index.php\/2025\/08\/25\/salvia-auxilia-na-memoria-e-ate-na-digestao\/#breadcrumb"},"inLanguage":"pt-BR","potentialAction":[{"@type":"ReadAction","target":["https:\/\/jornalfatosenoticias.com.br\/index.php\/2025\/08\/25\/salvia-auxilia-na-memoria-e-ate-na-digestao\/"]}]},{"@type":"ImageObject","inLanguage":"pt-BR","@id":"https:\/\/jornalfatosenoticias.com.br\/index.php\/2025\/08\/25\/salvia-auxilia-na-memoria-e-ate-na-digestao\/#primaryimage","url":"https:\/\/jornalfatosenoticias.com.br\/wp-content\/uploads\/2025\/08\/salvia_pixabay.jpg","contentUrl":"https:\/\/jornalfatosenoticias.com.br\/wp-content\/uploads\/2025\/08\/salvia_pixabay.jpg","width":1000,"height":654},{"@type":"BreadcrumbList","@id":"https:\/\/jornalfatosenoticias.com.br\/index.php\/2025\/08\/25\/salvia-auxilia-na-memoria-e-ate-na-digestao\/#breadcrumb","itemListElement":[{"@type":"ListItem","position":1,"name":"In\u00edcio","item":"https:\/\/jornalfatosenoticias.com.br\/"},{"@type":"ListItem","position":2,"name":"S\u00e1lvia auxilia na mem\u00f3ria e at\u00e9 na digest\u00e3o"}]},{"@type":"WebSite","@id":"https:\/\/jornalfatosenoticias.com.br\/#website","url":"https:\/\/jornalfatosenoticias.com.br\/","name":"Jornal Fatos e Not\u00edcias","description":"Not\u00edcias em geral","publisher":{"@id":"https:\/\/jornalfatosenoticias.com.br\/#organization"},"potentialAction":[{"@type":"SearchAction","target":{"@type":"EntryPoint","urlTemplate":"https:\/\/jornalfatosenoticias.com.br\/?s={search_term_string}"},"query-input":{"@type":"PropertyValueSpecification","valueRequired":true,"valueName":"search_term_string"}}],"inLanguage":"pt-BR"},{"@type":"Organization","@id":"https:\/\/jornalfatosenoticias.com.br\/#organization","name":"Jornal Fatos e Not\u00edcias","url":"https:\/\/jornalfatosenoticias.com.br\/","logo":{"@type":"ImageObject","inLanguage":"pt-BR","@id":"https:\/\/jornalfatosenoticias.com.br\/#\/schema\/logo\/image\/","url":"https:\/\/jornalfatosenoticias.com.br\/wp-content\/uploads\/2020\/02\/logo120.png","contentUrl":"https:\/\/jornalfatosenoticias.com.br\/wp-content\/uploads\/2020\/02\/logo120.png","width":1227,"height":120,"caption":"Jornal Fatos e Not\u00edcias"},"image":{"@id":"https:\/\/jornalfatosenoticias.com.br\/#\/schema\/logo\/image\/"}},{"@type":"Person","@id":"https:\/\/jornalfatosenoticias.com.br\/#\/schema\/person\/d63837fa13ac8666eb9e74e0985d6f81","name":"Luzimara Fernandes","image":{"@type":"ImageObject","inLanguage":"pt-BR","@id":"https:\/\/jornalfatosenoticias.com.br\/#\/schema\/person\/image\/","url":"https:\/\/jornalfatosenoticias.com.br\/wp-content\/uploads\/2025\/05\/EU_portal.jpg","contentUrl":"https:\/\/jornalfatosenoticias.com.br\/wp-content\/uploads\/2025\/05\/EU_portal.jpg","caption":"Luzimara Fernandes"},"description":"Jornalista MTB 2358-ES","sameAs":["https:\/\/jornalfatosenoticias.com.br"],"url":"https:\/\/jornalfatosenoticias.com.br\/index.php\/author\/luzimara\/"}]}},"cc_featured_image_caption":{"caption_text":"(Foto: Pixabay)","source_text":"","source_url":""},"jetpack_featured_media_url":"https:\/\/jornalfatosenoticias.com.br\/wp-content\/uploads\/2025\/08\/salvia_pixabay.jpg","_links":{"self":[{"href":"https:\/\/jornalfatosenoticias.com.br\/index.php\/wp-json\/wp\/v2\/posts\/61428","targetHints":{"allow":["GET"]}}],"collection":[{"href":"https:\/\/jornalfatosenoticias.com.br\/index.php\/wp-json\/wp\/v2\/posts"}],"about":[{"href":"https:\/\/jornalfatosenoticias.com.br\/index.php\/wp-json\/wp\/v2\/types\/post"}],"author":[{"embeddable":true,"href":"https:\/\/jornalfatosenoticias.com.br\/index.php\/wp-json\/wp\/v2\/users\/2"}],"replies":[{"embeddable":true,"href":"https:\/\/jornalfatosenoticias.com.br\/index.php\/wp-json\/wp\/v2\/comments?post=61428"}],"version-history":[{"count":0,"href":"https:\/\/jornalfatosenoticias.com.br\/index.php\/wp-json\/wp\/v2\/posts\/61428\/revisions"}],"wp:featuredmedia":[{"embeddable":true,"href":"https:\/\/jornalfatosenoticias.com.br\/index.php\/wp-json\/wp\/v2\/media\/61429"}],"wp:attachment":[{"href":"https:\/\/jornalfatosenoticias.com.br\/index.php\/wp-json\/wp\/v2\/media?parent=61428"}],"wp:term":[{"taxonomy":"category","embeddable":true,"href":"https:\/\/jornalfatosenoticias.com.br\/index.php\/wp-json\/wp\/v2\/categories?post=61428"},{"taxonomy":"post_tag","embeddable":true,"href":"https:\/\/jornalfatosenoticias.com.br\/index.php\/wp-json\/wp\/v2\/tags?post=61428"}],"curies":[{"name":"wp","href":"https:\/\/api.w.org\/{rel}","templated":true}]}}