{"id":61438,"date":"2025-08-26T08:30:49","date_gmt":"2025-08-26T11:30:49","guid":{"rendered":"https:\/\/jornalfatosenoticias.com.br\/?p=61438"},"modified":"2025-08-26T08:30:50","modified_gmt":"2025-08-26T11:30:50","slug":"andre-mendonca-assume-relatoria-de-inquerito-sobre-fraude-bilionaria-no-inss","status":"publish","type":"post","link":"https:\/\/jornalfatosenoticias.com.br\/index.php\/2025\/08\/26\/andre-mendonca-assume-relatoria-de-inquerito-sobre-fraude-bilionaria-no-inss\/","title":{"rendered":"Andr\u00e9 Mendon\u00e7a assume relatoria de inqu\u00e9rito sobre fraude bilion\u00e1ria no INSS"},"content":{"rendered":"\n<p><em><span class=\"has-inline-color has-black-color\">Ministro do STF, Andr\u00e9 Mendon\u00e7a, substituir\u00e1 Dias Toffoli na relatoria do inqu\u00e9rito das fraudes no INSS<\/span><\/em><\/p>\n\n\n\n<p><span class=\"has-inline-color has-black-color\">Por <strong><a href=\"https:\/\/www.gazetadopovo.com.br\/autor\/cristiano-maia\/\">Cristiano Maia<\/a><\/strong><\/span><\/p>\n\n\n\n<div class=\"wp-block-image\"><figure class=\"aligncenter size-large is-resized\"><a href=\"https:\/\/legisjuris.com.br\/\"><img loading=\"lazy\" decoding=\"async\" src=\"https:\/\/jornalfatosenoticias.com.br\/wp-content\/uploads\/2024\/09\/Legis-Juris-Consultoria_logo.jpg\" alt=\"\" class=\"wp-image-53915\" width=\"494\" height=\"207\" srcset=\"https:\/\/jornalfatosenoticias.com.br\/wp-content\/uploads\/2024\/09\/Legis-Juris-Consultoria_logo.jpg 969w, https:\/\/jornalfatosenoticias.com.br\/wp-content\/uploads\/2024\/09\/Legis-Juris-Consultoria_logo-300x126.jpg 300w, https:\/\/jornalfatosenoticias.com.br\/wp-content\/uploads\/2024\/09\/Legis-Juris-Consultoria_logo-768x322.jpg 768w\" sizes=\"auto, (max-width: 494px) 100vw, 494px\" \/><\/a><\/figure><\/div>\n\n\n\n<p>O ministro Andr\u00e9 Mendon\u00e7a, do Supremo Tribunal Federal (STF), foi sorteado nesta segunda-feira (25) para assumir a relatoria do inqu\u00e9rito que investiga fraudes no Instituto Nacional do Seguro Social (INSS). A apura\u00e7\u00e3o aborda descontos indevidos e n\u00e3o autorizados em benef\u00edcios de aposentados e pensionistas da autarquia. O sorteio foi determinado pelo presidente do STF, Lu\u00eds Roberto Barroso, ap\u00f3s questionamentos sobre a compet\u00eancia da relatoria anterior.<br>Inicialmente, o ministro Dias Toffoli havia assumido o caso, alegando preveni\u00eancia judicial, uma vez que j\u00e1 analisava processos relacionados, como a Argui\u00e7\u00e3o de Descumprimento de Preceito Fundamental (ADPF) 1234. No entanto, o procurador-geral da Rep\u00fablica (PGR), Paulo Gonet, contestou essa preven\u00e7\u00e3o e solicitou a redistribui\u00e7\u00e3o do processo.<\/p>\n\n\n\n<div class=\"wp-block-image\"><figure class=\"aligncenter size-large is-resized\"><a href=\"https:\/\/www.facebook.com\/postobkr\/?locale=pt_BR\"><img loading=\"lazy\" decoding=\"async\" src=\"https:\/\/jornalfatosenoticias.com.br\/wp-content\/uploads\/2023\/08\/BKR-1024x1021.jpg\" alt=\"\" class=\"wp-image-44494\" width=\"292\" height=\"291\" srcset=\"https:\/\/jornalfatosenoticias.com.br\/wp-content\/uploads\/2023\/08\/BKR-1024x1021.jpg 1024w, https:\/\/jornalfatosenoticias.com.br\/wp-content\/uploads\/2023\/08\/BKR-300x300.jpg 300w, https:\/\/jornalfatosenoticias.com.br\/wp-content\/uploads\/2023\/08\/BKR-150x150.jpg 150w, https:\/\/jornalfatosenoticias.com.br\/wp-content\/uploads\/2023\/08\/BKR-768x766.jpg 768w, https:\/\/jornalfatosenoticias.com.br\/wp-content\/uploads\/2023\/08\/BKR.jpg 1080w\" sizes=\"auto, (max-width: 292px) 100vw, 292px\" \/><\/a><\/figure><\/div>\n\n\n\n<p>Segundo a PGR, n\u00e3o havia v\u00ednculo suficiente para justificar a manuten\u00e7\u00e3o da investiga\u00e7\u00e3o sob a relatoria de Toffoli. Atendendo ao pedido, o ministro devolveu o processo, e o sorteio resultou na relatoria de Andr\u00e9 Mendon\u00e7a. A investiga\u00e7\u00e3o teve in\u00edcio em abril de 2025, com a <em>\u201cOpera\u00e7\u00e3o Sem Desconto\u201d<\/em>, da Pol\u00edcia Federal (PF), que apura um esquema nacional de descontos irregulares de mensalidades associativas, promovidos por associa\u00e7\u00f5es de aposentados.<\/p>\n\n\n\n<div class=\"wp-block-image\"><figure class=\"aligncenter size-large is-resized\"><a href=\"https:\/\/hotelmarquetti.com.br\/\"><img loading=\"lazy\" decoding=\"async\" src=\"https:\/\/jornalfatosenoticias.com.br\/wp-content\/uploads\/2020\/02\/LOGO-MQ-1024x680.jpg\" alt=\"\" class=\"wp-image-58299\" width=\"282\" height=\"187\" srcset=\"https:\/\/jornalfatosenoticias.com.br\/wp-content\/uploads\/2020\/02\/LOGO-MQ-1024x680.jpg 1024w, https:\/\/jornalfatosenoticias.com.br\/wp-content\/uploads\/2020\/02\/LOGO-MQ-300x199.jpg 300w, https:\/\/jornalfatosenoticias.com.br\/wp-content\/uploads\/2020\/02\/LOGO-MQ-768x510.jpg 768w, https:\/\/jornalfatosenoticias.com.br\/wp-content\/uploads\/2020\/02\/LOGO-MQ-1536x1020.jpg 1536w, https:\/\/jornalfatosenoticias.com.br\/wp-content\/uploads\/2020\/02\/LOGO-MQ-2048x1360.jpg 2048w\" sizes=\"auto, (max-width: 282px) 100vw, 282px\" \/><\/a><\/figure><\/div>\n\n\n\n<p>Essas entidades teriam realizado cadastros irregulares de benefici\u00e1rios, inclusive com falsifica\u00e7\u00e3o de assinaturas, para efetuar descontos diretos nos pagamentos do INSS. O preju\u00edzo estimado aos aposentados e pensionistas \u00e9 de R$ 6,3 bilh\u00f5es entre 2019 e 2024.<\/p>\n\n\n\n<div class=\"wp-block-image\"><figure class=\"aligncenter size-large is-resized\"><a href=\"https:\/\/www.facebook.com\/profile.php?id=100069289606145\"><img loading=\"lazy\" decoding=\"async\" src=\"https:\/\/jornalfatosenoticias.com.br\/wp-content\/uploads\/2024\/11\/Guaitolini-Contabilidade-1024x714.jpeg\" alt=\"\" class=\"wp-image-55808\" width=\"332\" height=\"231\" srcset=\"https:\/\/jornalfatosenoticias.com.br\/wp-content\/uploads\/2024\/11\/Guaitolini-Contabilidade-1024x714.jpeg 1024w, https:\/\/jornalfatosenoticias.com.br\/wp-content\/uploads\/2024\/11\/Guaitolini-Contabilidade-300x209.jpeg 300w, https:\/\/jornalfatosenoticias.com.br\/wp-content\/uploads\/2024\/11\/Guaitolini-Contabilidade-768x535.jpeg 768w, https:\/\/jornalfatosenoticias.com.br\/wp-content\/uploads\/2024\/11\/Guaitolini-Contabilidade.jpeg 1280w\" sizes=\"auto, (max-width: 332px) 100vw, 332px\" \/><\/a><\/figure><\/div>\n\n\n\n<p>O inqu\u00e9rito chegou ao STF ap\u00f3s a identifica\u00e7\u00e3o de envolvimento de um deputado federal, o que confere foro privilegiado \u00e0 investiga\u00e7\u00e3o. Antes da mudan\u00e7a de relatoria, Toffoli centralizou os pedidos relacionados ao esquema em seu gabinete, determinando sigilo total e compartilhamento restrito dos documentos apenas com o STF.<\/p>\n\n\n\n<div class=\"wp-block-image\"><figure class=\"aligncenter size-large is-resized\"><a href=\"https:\/\/www.instagram.com\/restaurantepegoretti\/\"><img loading=\"lazy\" decoding=\"async\" src=\"https:\/\/jornalfatosenoticias.com.br\/wp-content\/uploads\/2023\/03\/logo-Panper_portal.jpg\" alt=\"\" class=\"wp-image-40208\" width=\"334\" height=\"231\" srcset=\"https:\/\/jornalfatosenoticias.com.br\/wp-content\/uploads\/2023\/03\/logo-Panper_portal.jpg 400w, https:\/\/jornalfatosenoticias.com.br\/wp-content\/uploads\/2023\/03\/logo-Panper_portal-300x208.jpg 300w\" sizes=\"auto, (max-width: 334px) 100vw, 334px\" \/><\/a><\/figure><\/div>\n\n\n\n<p>Desde julho, o governo Federal iniciou a\u00e7\u00f5es para a devolu\u00e7\u00e3o dos valores descontados indevidamente. Toffoli homologou um acordo que garante a restitui\u00e7\u00e3o \u00e0s v\u00edtimas, determinando que esses valores n\u00e3o impactem o limite do arcabou\u00e7o fiscal. A fraude tamb\u00e9m teve impactos administrativos significativos: o presidente do INSS, Alessandro Stefanutto (PDT-SP), e o ministro da Previd\u00eancia, Carlos Lupi (PDT-RJ), foram exonerados. Al\u00e9m disso, servidores foram afastados e seis pessoas foram presas durante a opera\u00e7\u00e3o.<\/p>\n\n\n\n<div class=\"wp-block-image\"><figure class=\"aligncenter size-large is-resized\"><a href=\"https:\/\/www.instagram.com\/esteio.churrascaria\/\"><img loading=\"lazy\" decoding=\"async\" src=\"https:\/\/jornalfatosenoticias.com.br\/wp-content\/uploads\/2022\/02\/LOGO-ESTEIO-1024x730.png\" alt=\"\" class=\"wp-image-27942\" width=\"319\" height=\"227\" srcset=\"https:\/\/jornalfatosenoticias.com.br\/wp-content\/uploads\/2022\/02\/LOGO-ESTEIO-1024x730.png 1024w, https:\/\/jornalfatosenoticias.com.br\/wp-content\/uploads\/2022\/02\/LOGO-ESTEIO-300x214.png 300w, https:\/\/jornalfatosenoticias.com.br\/wp-content\/uploads\/2022\/02\/LOGO-ESTEIO-768x548.png 768w, https:\/\/jornalfatosenoticias.com.br\/wp-content\/uploads\/2022\/02\/LOGO-ESTEIO.png 1123w\" sizes=\"auto, (max-width: 319px) 100vw, 319px\" \/><\/a><\/figure><\/div>\n\n\n\n<p>No Congresso Nacional, a oposi\u00e7\u00e3o assumiu a presid\u00eancia da Comiss\u00e3o Parlamentar Mista de Inqu\u00e9rito (CPMI) que acompanha o caso. O senador Carlos Viana (PL-MG) foi eleito presidente, e o deputado Alfredo Gaspar (Uni\u00e3o-RJ), relator. A CPMI deve analisar mais de 800 requerimentos, incluindo convoca\u00e7\u00f5es para depoimentos e pedidos de quebra de sigilo.<\/p>\n\n\n\n<p><strong>Fonte: <a href=\"https:\/\/www.gazetadopovo.com.br\/republica\/andre-mendonca-relator-inquerito-fraude-bilionaria-inss\/\">Gazeta do Povo<\/a><\/strong><\/p>\n","protected":false},"excerpt":{"rendered":"<p>Ministro do STF, Andr\u00e9 Mendon\u00e7a, substituir\u00e1 Dias Toffoli na relatoria do inqu\u00e9rito das fraudes no INSS Por Cristiano Maia O ministro Andr\u00e9 Mendon\u00e7a, do Supremo Tribunal Federal (STF), foi sorteado nesta segunda-feira (25) para assumir a relatoria do inqu\u00e9rito que investiga fraudes no Instituto Nacional do Seguro Social (INSS). A apura\u00e7\u00e3o aborda descontos indevidos e [&hellip;]<\/p>\n","protected":false},"author":2,"featured_media":61439,"comment_status":"open","ping_status":"open","sticky":false,"template":"","format":"standard","meta":{"footnotes":""},"categories":[5],"tags":[26783,2144,23811,27268,696,3516,22345,294],"class_list":["post-61438","post","type-post","status-publish","format-standard","has-post-thumbnail","hentry","category-geral","tag-alessandro-stefanutto","tag-andre-mendonca-2","tag-carlos-lupi","tag-fraude-bilionaria-no-inss","tag-inss","tag-luis-roberto-barroso","tag-paulo-gonet","tag-stf"],"yoast_head":"<!-- This site is optimized with the Yoast SEO plugin v26.5 - https:\/\/yoast.com\/wordpress\/plugins\/seo\/ -->\n<title>Andr\u00e9 Mendon\u00e7a assume relatoria de inqu\u00e9rito sobre fraude bilion\u00e1ria no INSS - Jornal Fatos e Not\u00edcias<\/title>\n<meta name=\"robots\" content=\"index, follow, max-snippet:-1, max-image-preview:large, max-video-preview:-1\" \/>\n<link rel=\"canonical\" href=\"https:\/\/jornalfatosenoticias.com.br\/index.php\/2025\/08\/26\/andre-mendonca-assume-relatoria-de-inquerito-sobre-fraude-bilionaria-no-inss\/\" \/>\n<meta property=\"og:locale\" content=\"pt_BR\" \/>\n<meta property=\"og:type\" content=\"article\" \/>\n<meta property=\"og:title\" content=\"Andr\u00e9 Mendon\u00e7a assume relatoria de inqu\u00e9rito sobre fraude bilion\u00e1ria no INSS - Jornal Fatos e Not\u00edcias\" \/>\n<meta property=\"og:description\" content=\"Ministro do STF, Andr\u00e9 Mendon\u00e7a, substituir\u00e1 Dias Toffoli na relatoria do inqu\u00e9rito das fraudes no INSS Por Cristiano Maia O ministro Andr\u00e9 Mendon\u00e7a, do Supremo Tribunal Federal (STF), foi sorteado nesta segunda-feira (25) para assumir a relatoria do inqu\u00e9rito que investiga fraudes no Instituto Nacional do Seguro Social (INSS). A apura\u00e7\u00e3o aborda descontos indevidos e [&hellip;]\" \/>\n<meta property=\"og:url\" content=\"https:\/\/jornalfatosenoticias.com.br\/index.php\/2025\/08\/26\/andre-mendonca-assume-relatoria-de-inquerito-sobre-fraude-bilionaria-no-inss\/\" \/>\n<meta property=\"og:site_name\" content=\"Jornal Fatos e Not\u00edcias\" \/>\n<meta property=\"article:published_time\" content=\"2025-08-26T11:30:49+00:00\" \/>\n<meta property=\"article:modified_time\" content=\"2025-08-26T11:30:50+00:00\" \/>\n<meta property=\"og:image\" content=\"https:\/\/jornalfatosenoticias.com.br\/wp-content\/uploads\/2025\/08\/andre-mendonca.jpg\" \/>\n\t<meta property=\"og:image:width\" content=\"1000\" \/>\n\t<meta property=\"og:image:height\" content=\"562\" \/>\n\t<meta property=\"og:image:type\" content=\"image\/jpeg\" \/>\n<meta name=\"author\" content=\"Luzimara Fernandes\" \/>\n<meta name=\"twitter:card\" content=\"summary_large_image\" \/>\n<meta name=\"twitter:label1\" content=\"Escrito por\" \/>\n\t<meta name=\"twitter:data1\" content=\"Luzimara Fernandes\" \/>\n\t<meta name=\"twitter:label2\" content=\"Est. tempo de leitura\" \/>\n\t<meta name=\"twitter:data2\" content=\"2 minutos\" \/>\n<script type=\"application\/ld+json\" class=\"yoast-schema-graph\">{\"@context\":\"https:\/\/schema.org\",\"@graph\":[{\"@type\":\"Article\",\"@id\":\"https:\/\/jornalfatosenoticias.com.br\/index.php\/2025\/08\/26\/andre-mendonca-assume-relatoria-de-inquerito-sobre-fraude-bilionaria-no-inss\/#article\",\"isPartOf\":{\"@id\":\"https:\/\/jornalfatosenoticias.com.br\/index.php\/2025\/08\/26\/andre-mendonca-assume-relatoria-de-inquerito-sobre-fraude-bilionaria-no-inss\/\"},\"author\":{\"name\":\"Luzimara Fernandes\",\"@id\":\"https:\/\/jornalfatosenoticias.com.br\/#\/schema\/person\/d63837fa13ac8666eb9e74e0985d6f81\"},\"headline\":\"Andr\u00e9 Mendon\u00e7a assume relatoria de inqu\u00e9rito sobre fraude bilion\u00e1ria no INSS\",\"datePublished\":\"2025-08-26T11:30:49+00:00\",\"dateModified\":\"2025-08-26T11:30:50+00:00\",\"mainEntityOfPage\":{\"@id\":\"https:\/\/jornalfatosenoticias.com.br\/index.php\/2025\/08\/26\/andre-mendonca-assume-relatoria-de-inquerito-sobre-fraude-bilionaria-no-inss\/\"},\"wordCount\":467,\"commentCount\":0,\"publisher\":{\"@id\":\"https:\/\/jornalfatosenoticias.com.br\/#organization\"},\"image\":{\"@id\":\"https:\/\/jornalfatosenoticias.com.br\/index.php\/2025\/08\/26\/andre-mendonca-assume-relatoria-de-inquerito-sobre-fraude-bilionaria-no-inss\/#primaryimage\"},\"thumbnailUrl\":\"https:\/\/jornalfatosenoticias.com.br\/wp-content\/uploads\/2025\/08\/andre-mendonca.jpg\",\"keywords\":[\"Alessandro Stefanutto\",\"Andr\u00e9 Mendon\u00e7a\",\"Carlos Lupi\",\"fraude bilion\u00e1ria no INSS\",\"INSS\",\"Lu\u00eds Roberto Barroso\",\"Paulo Gonet\",\"STF\"],\"articleSection\":[\"Geral\"],\"inLanguage\":\"pt-BR\",\"potentialAction\":[{\"@type\":\"CommentAction\",\"name\":\"Comment\",\"target\":[\"https:\/\/jornalfatosenoticias.com.br\/index.php\/2025\/08\/26\/andre-mendonca-assume-relatoria-de-inquerito-sobre-fraude-bilionaria-no-inss\/#respond\"]}]},{\"@type\":\"WebPage\",\"@id\":\"https:\/\/jornalfatosenoticias.com.br\/index.php\/2025\/08\/26\/andre-mendonca-assume-relatoria-de-inquerito-sobre-fraude-bilionaria-no-inss\/\",\"url\":\"https:\/\/jornalfatosenoticias.com.br\/index.php\/2025\/08\/26\/andre-mendonca-assume-relatoria-de-inquerito-sobre-fraude-bilionaria-no-inss\/\",\"name\":\"Andr\u00e9 Mendon\u00e7a assume relatoria de inqu\u00e9rito sobre fraude bilion\u00e1ria no INSS - Jornal Fatos e Not\u00edcias\",\"isPartOf\":{\"@id\":\"https:\/\/jornalfatosenoticias.com.br\/#website\"},\"primaryImageOfPage\":{\"@id\":\"https:\/\/jornalfatosenoticias.com.br\/index.php\/2025\/08\/26\/andre-mendonca-assume-relatoria-de-inquerito-sobre-fraude-bilionaria-no-inss\/#primaryimage\"},\"image\":{\"@id\":\"https:\/\/jornalfatosenoticias.com.br\/index.php\/2025\/08\/26\/andre-mendonca-assume-relatoria-de-inquerito-sobre-fraude-bilionaria-no-inss\/#primaryimage\"},\"thumbnailUrl\":\"https:\/\/jornalfatosenoticias.com.br\/wp-content\/uploads\/2025\/08\/andre-mendonca.jpg\",\"datePublished\":\"2025-08-26T11:30:49+00:00\",\"dateModified\":\"2025-08-26T11:30:50+00:00\",\"breadcrumb\":{\"@id\":\"https:\/\/jornalfatosenoticias.com.br\/index.php\/2025\/08\/26\/andre-mendonca-assume-relatoria-de-inquerito-sobre-fraude-bilionaria-no-inss\/#breadcrumb\"},\"inLanguage\":\"pt-BR\",\"potentialAction\":[{\"@type\":\"ReadAction\",\"target\":[\"https:\/\/jornalfatosenoticias.com.br\/index.php\/2025\/08\/26\/andre-mendonca-assume-relatoria-de-inquerito-sobre-fraude-bilionaria-no-inss\/\"]}]},{\"@type\":\"ImageObject\",\"inLanguage\":\"pt-BR\",\"@id\":\"https:\/\/jornalfatosenoticias.com.br\/index.php\/2025\/08\/26\/andre-mendonca-assume-relatoria-de-inquerito-sobre-fraude-bilionaria-no-inss\/#primaryimage\",\"url\":\"https:\/\/jornalfatosenoticias.com.br\/wp-content\/uploads\/2025\/08\/andre-mendonca.jpg\",\"contentUrl\":\"https:\/\/jornalfatosenoticias.com.br\/wp-content\/uploads\/2025\/08\/andre-mendonca.jpg\",\"width\":1000,\"height\":562},{\"@type\":\"BreadcrumbList\",\"@id\":\"https:\/\/jornalfatosenoticias.com.br\/index.php\/2025\/08\/26\/andre-mendonca-assume-relatoria-de-inquerito-sobre-fraude-bilionaria-no-inss\/#breadcrumb\",\"itemListElement\":[{\"@type\":\"ListItem\",\"position\":1,\"name\":\"In\u00edcio\",\"item\":\"https:\/\/jornalfatosenoticias.com.br\/\"},{\"@type\":\"ListItem\",\"position\":2,\"name\":\"Andr\u00e9 Mendon\u00e7a assume relatoria de inqu\u00e9rito sobre fraude bilion\u00e1ria no INSS\"}]},{\"@type\":\"WebSite\",\"@id\":\"https:\/\/jornalfatosenoticias.com.br\/#website\",\"url\":\"https:\/\/jornalfatosenoticias.com.br\/\",\"name\":\"Jornal Fatos e Not\u00edcias\",\"description\":\"Not\u00edcias em geral\",\"publisher\":{\"@id\":\"https:\/\/jornalfatosenoticias.com.br\/#organization\"},\"potentialAction\":[{\"@type\":\"SearchAction\",\"target\":{\"@type\":\"EntryPoint\",\"urlTemplate\":\"https:\/\/jornalfatosenoticias.com.br\/?s={search_term_string}\"},\"query-input\":{\"@type\":\"PropertyValueSpecification\",\"valueRequired\":true,\"valueName\":\"search_term_string\"}}],\"inLanguage\":\"pt-BR\"},{\"@type\":\"Organization\",\"@id\":\"https:\/\/jornalfatosenoticias.com.br\/#organization\",\"name\":\"Jornal Fatos e Not\u00edcias\",\"url\":\"https:\/\/jornalfatosenoticias.com.br\/\",\"logo\":{\"@type\":\"ImageObject\",\"inLanguage\":\"pt-BR\",\"@id\":\"https:\/\/jornalfatosenoticias.com.br\/#\/schema\/logo\/image\/\",\"url\":\"https:\/\/jornalfatosenoticias.com.br\/wp-content\/uploads\/2020\/02\/logo120.png\",\"contentUrl\":\"https:\/\/jornalfatosenoticias.com.br\/wp-content\/uploads\/2020\/02\/logo120.png\",\"width\":1227,\"height\":120,\"caption\":\"Jornal Fatos e Not\u00edcias\"},\"image\":{\"@id\":\"https:\/\/jornalfatosenoticias.com.br\/#\/schema\/logo\/image\/\"}},{\"@type\":\"Person\",\"@id\":\"https:\/\/jornalfatosenoticias.com.br\/#\/schema\/person\/d63837fa13ac8666eb9e74e0985d6f81\",\"name\":\"Luzimara Fernandes\",\"image\":{\"@type\":\"ImageObject\",\"inLanguage\":\"pt-BR\",\"@id\":\"https:\/\/jornalfatosenoticias.com.br\/#\/schema\/person\/image\/\",\"url\":\"https:\/\/jornalfatosenoticias.com.br\/wp-content\/uploads\/2025\/05\/EU_portal.jpg\",\"contentUrl\":\"https:\/\/jornalfatosenoticias.com.br\/wp-content\/uploads\/2025\/05\/EU_portal.jpg\",\"caption\":\"Luzimara Fernandes\"},\"description\":\"Jornalista MTB 2358-ES\",\"sameAs\":[\"https:\/\/jornalfatosenoticias.com.br\"],\"url\":\"https:\/\/jornalfatosenoticias.com.br\/index.php\/author\/luzimara\/\"}]}<\/script>\n<!-- \/ Yoast SEO plugin. -->","yoast_head_json":{"title":"Andr\u00e9 Mendon\u00e7a assume relatoria de inqu\u00e9rito sobre fraude bilion\u00e1ria no INSS - Jornal Fatos e Not\u00edcias","robots":{"index":"index","follow":"follow","max-snippet":"max-snippet:-1","max-image-preview":"max-image-preview:large","max-video-preview":"max-video-preview:-1"},"canonical":"https:\/\/jornalfatosenoticias.com.br\/index.php\/2025\/08\/26\/andre-mendonca-assume-relatoria-de-inquerito-sobre-fraude-bilionaria-no-inss\/","og_locale":"pt_BR","og_type":"article","og_title":"Andr\u00e9 Mendon\u00e7a assume relatoria de inqu\u00e9rito sobre fraude bilion\u00e1ria no INSS - Jornal Fatos e Not\u00edcias","og_description":"Ministro do STF, Andr\u00e9 Mendon\u00e7a, substituir\u00e1 Dias Toffoli na relatoria do inqu\u00e9rito das fraudes no INSS Por Cristiano Maia O ministro Andr\u00e9 Mendon\u00e7a, do Supremo Tribunal Federal (STF), foi sorteado nesta segunda-feira (25) para assumir a relatoria do inqu\u00e9rito que investiga fraudes no Instituto Nacional do Seguro Social (INSS). A apura\u00e7\u00e3o aborda descontos indevidos e [&hellip;]","og_url":"https:\/\/jornalfatosenoticias.com.br\/index.php\/2025\/08\/26\/andre-mendonca-assume-relatoria-de-inquerito-sobre-fraude-bilionaria-no-inss\/","og_site_name":"Jornal Fatos e Not\u00edcias","article_published_time":"2025-08-26T11:30:49+00:00","article_modified_time":"2025-08-26T11:30:50+00:00","og_image":[{"width":1000,"height":562,"url":"https:\/\/jornalfatosenoticias.com.br\/wp-content\/uploads\/2025\/08\/andre-mendonca.jpg","type":"image\/jpeg"}],"author":"Luzimara Fernandes","twitter_card":"summary_large_image","twitter_misc":{"Escrito por":"Luzimara Fernandes","Est. tempo de leitura":"2 minutos"},"schema":{"@context":"https:\/\/schema.org","@graph":[{"@type":"Article","@id":"https:\/\/jornalfatosenoticias.com.br\/index.php\/2025\/08\/26\/andre-mendonca-assume-relatoria-de-inquerito-sobre-fraude-bilionaria-no-inss\/#article","isPartOf":{"@id":"https:\/\/jornalfatosenoticias.com.br\/index.php\/2025\/08\/26\/andre-mendonca-assume-relatoria-de-inquerito-sobre-fraude-bilionaria-no-inss\/"},"author":{"name":"Luzimara Fernandes","@id":"https:\/\/jornalfatosenoticias.com.br\/#\/schema\/person\/d63837fa13ac8666eb9e74e0985d6f81"},"headline":"Andr\u00e9 Mendon\u00e7a assume relatoria de inqu\u00e9rito sobre fraude bilion\u00e1ria no INSS","datePublished":"2025-08-26T11:30:49+00:00","dateModified":"2025-08-26T11:30:50+00:00","mainEntityOfPage":{"@id":"https:\/\/jornalfatosenoticias.com.br\/index.php\/2025\/08\/26\/andre-mendonca-assume-relatoria-de-inquerito-sobre-fraude-bilionaria-no-inss\/"},"wordCount":467,"commentCount":0,"publisher":{"@id":"https:\/\/jornalfatosenoticias.com.br\/#organization"},"image":{"@id":"https:\/\/jornalfatosenoticias.com.br\/index.php\/2025\/08\/26\/andre-mendonca-assume-relatoria-de-inquerito-sobre-fraude-bilionaria-no-inss\/#primaryimage"},"thumbnailUrl":"https:\/\/jornalfatosenoticias.com.br\/wp-content\/uploads\/2025\/08\/andre-mendonca.jpg","keywords":["Alessandro Stefanutto","Andr\u00e9 Mendon\u00e7a","Carlos Lupi","fraude bilion\u00e1ria no INSS","INSS","Lu\u00eds Roberto Barroso","Paulo Gonet","STF"],"articleSection":["Geral"],"inLanguage":"pt-BR","potentialAction":[{"@type":"CommentAction","name":"Comment","target":["https:\/\/jornalfatosenoticias.com.br\/index.php\/2025\/08\/26\/andre-mendonca-assume-relatoria-de-inquerito-sobre-fraude-bilionaria-no-inss\/#respond"]}]},{"@type":"WebPage","@id":"https:\/\/jornalfatosenoticias.com.br\/index.php\/2025\/08\/26\/andre-mendonca-assume-relatoria-de-inquerito-sobre-fraude-bilionaria-no-inss\/","url":"https:\/\/jornalfatosenoticias.com.br\/index.php\/2025\/08\/26\/andre-mendonca-assume-relatoria-de-inquerito-sobre-fraude-bilionaria-no-inss\/","name":"Andr\u00e9 Mendon\u00e7a assume relatoria de inqu\u00e9rito sobre fraude bilion\u00e1ria no INSS - Jornal Fatos e Not\u00edcias","isPartOf":{"@id":"https:\/\/jornalfatosenoticias.com.br\/#website"},"primaryImageOfPage":{"@id":"https:\/\/jornalfatosenoticias.com.br\/index.php\/2025\/08\/26\/andre-mendonca-assume-relatoria-de-inquerito-sobre-fraude-bilionaria-no-inss\/#primaryimage"},"image":{"@id":"https:\/\/jornalfatosenoticias.com.br\/index.php\/2025\/08\/26\/andre-mendonca-assume-relatoria-de-inquerito-sobre-fraude-bilionaria-no-inss\/#primaryimage"},"thumbnailUrl":"https:\/\/jornalfatosenoticias.com.br\/wp-content\/uploads\/2025\/08\/andre-mendonca.jpg","datePublished":"2025-08-26T11:30:49+00:00","dateModified":"2025-08-26T11:30:50+00:00","breadcrumb":{"@id":"https:\/\/jornalfatosenoticias.com.br\/index.php\/2025\/08\/26\/andre-mendonca-assume-relatoria-de-inquerito-sobre-fraude-bilionaria-no-inss\/#breadcrumb"},"inLanguage":"pt-BR","potentialAction":[{"@type":"ReadAction","target":["https:\/\/jornalfatosenoticias.com.br\/index.php\/2025\/08\/26\/andre-mendonca-assume-relatoria-de-inquerito-sobre-fraude-bilionaria-no-inss\/"]}]},{"@type":"ImageObject","inLanguage":"pt-BR","@id":"https:\/\/jornalfatosenoticias.com.br\/index.php\/2025\/08\/26\/andre-mendonca-assume-relatoria-de-inquerito-sobre-fraude-bilionaria-no-inss\/#primaryimage","url":"https:\/\/jornalfatosenoticias.com.br\/wp-content\/uploads\/2025\/08\/andre-mendonca.jpg","contentUrl":"https:\/\/jornalfatosenoticias.com.br\/wp-content\/uploads\/2025\/08\/andre-mendonca.jpg","width":1000,"height":562},{"@type":"BreadcrumbList","@id":"https:\/\/jornalfatosenoticias.com.br\/index.php\/2025\/08\/26\/andre-mendonca-assume-relatoria-de-inquerito-sobre-fraude-bilionaria-no-inss\/#breadcrumb","itemListElement":[{"@type":"ListItem","position":1,"name":"In\u00edcio","item":"https:\/\/jornalfatosenoticias.com.br\/"},{"@type":"ListItem","position":2,"name":"Andr\u00e9 Mendon\u00e7a assume relatoria de inqu\u00e9rito sobre fraude bilion\u00e1ria no INSS"}]},{"@type":"WebSite","@id":"https:\/\/jornalfatosenoticias.com.br\/#website","url":"https:\/\/jornalfatosenoticias.com.br\/","name":"Jornal Fatos e Not\u00edcias","description":"Not\u00edcias em geral","publisher":{"@id":"https:\/\/jornalfatosenoticias.com.br\/#organization"},"potentialAction":[{"@type":"SearchAction","target":{"@type":"EntryPoint","urlTemplate":"https:\/\/jornalfatosenoticias.com.br\/?s={search_term_string}"},"query-input":{"@type":"PropertyValueSpecification","valueRequired":true,"valueName":"search_term_string"}}],"inLanguage":"pt-BR"},{"@type":"Organization","@id":"https:\/\/jornalfatosenoticias.com.br\/#organization","name":"Jornal Fatos e Not\u00edcias","url":"https:\/\/jornalfatosenoticias.com.br\/","logo":{"@type":"ImageObject","inLanguage":"pt-BR","@id":"https:\/\/jornalfatosenoticias.com.br\/#\/schema\/logo\/image\/","url":"https:\/\/jornalfatosenoticias.com.br\/wp-content\/uploads\/2020\/02\/logo120.png","contentUrl":"https:\/\/jornalfatosenoticias.com.br\/wp-content\/uploads\/2020\/02\/logo120.png","width":1227,"height":120,"caption":"Jornal Fatos e Not\u00edcias"},"image":{"@id":"https:\/\/jornalfatosenoticias.com.br\/#\/schema\/logo\/image\/"}},{"@type":"Person","@id":"https:\/\/jornalfatosenoticias.com.br\/#\/schema\/person\/d63837fa13ac8666eb9e74e0985d6f81","name":"Luzimara Fernandes","image":{"@type":"ImageObject","inLanguage":"pt-BR","@id":"https:\/\/jornalfatosenoticias.com.br\/#\/schema\/person\/image\/","url":"https:\/\/jornalfatosenoticias.com.br\/wp-content\/uploads\/2025\/05\/EU_portal.jpg","contentUrl":"https:\/\/jornalfatosenoticias.com.br\/wp-content\/uploads\/2025\/05\/EU_portal.jpg","caption":"Luzimara Fernandes"},"description":"Jornalista MTB 2358-ES","sameAs":["https:\/\/jornalfatosenoticias.com.br"],"url":"https:\/\/jornalfatosenoticias.com.br\/index.php\/author\/luzimara\/"}]}},"cc_featured_image_caption":{"caption_text":"(Foto: Carlos Moura\/SCO\/STF)","source_text":"","source_url":""},"jetpack_featured_media_url":"https:\/\/jornalfatosenoticias.com.br\/wp-content\/uploads\/2025\/08\/andre-mendonca.jpg","_links":{"self":[{"href":"https:\/\/jornalfatosenoticias.com.br\/index.php\/wp-json\/wp\/v2\/posts\/61438","targetHints":{"allow":["GET"]}}],"collection":[{"href":"https:\/\/jornalfatosenoticias.com.br\/index.php\/wp-json\/wp\/v2\/posts"}],"about":[{"href":"https:\/\/jornalfatosenoticias.com.br\/index.php\/wp-json\/wp\/v2\/types\/post"}],"author":[{"embeddable":true,"href":"https:\/\/jornalfatosenoticias.com.br\/index.php\/wp-json\/wp\/v2\/users\/2"}],"replies":[{"embeddable":true,"href":"https:\/\/jornalfatosenoticias.com.br\/index.php\/wp-json\/wp\/v2\/comments?post=61438"}],"version-history":[{"count":0,"href":"https:\/\/jornalfatosenoticias.com.br\/index.php\/wp-json\/wp\/v2\/posts\/61438\/revisions"}],"wp:featuredmedia":[{"embeddable":true,"href":"https:\/\/jornalfatosenoticias.com.br\/index.php\/wp-json\/wp\/v2\/media\/61439"}],"wp:attachment":[{"href":"https:\/\/jornalfatosenoticias.com.br\/index.php\/wp-json\/wp\/v2\/media?parent=61438"}],"wp:term":[{"taxonomy":"category","embeddable":true,"href":"https:\/\/jornalfatosenoticias.com.br\/index.php\/wp-json\/wp\/v2\/categories?post=61438"},{"taxonomy":"post_tag","embeddable":true,"href":"https:\/\/jornalfatosenoticias.com.br\/index.php\/wp-json\/wp\/v2\/tags?post=61438"}],"curies":[{"name":"wp","href":"https:\/\/api.w.org\/{rel}","templated":true}]}}