{"id":61441,"date":"2025-08-26T08:47:04","date_gmt":"2025-08-26T11:47:04","guid":{"rendered":"https:\/\/jornalfatosenoticias.com.br\/?p=61441"},"modified":"2025-08-26T08:47:05","modified_gmt":"2025-08-26T11:47:05","slug":"apos-lula-recusar-embaixador-israel-coloca-em-nivel-inferior-relacoes-com-brasil","status":"publish","type":"post","link":"https:\/\/jornalfatosenoticias.com.br\/index.php\/2025\/08\/26\/apos-lula-recusar-embaixador-israel-coloca-em-nivel-inferior-relacoes-com-brasil\/","title":{"rendered":"Ap\u00f3s Lula recusar embaixador, Israel coloca em \u201cn\u00edvel inferior\u201d rela\u00e7\u00f5es com Brasil"},"content":{"rendered":"\n<p><em><span class=\"has-inline-color has-black-color\">Governo de Israel anunciou medida depois que a gest\u00e3o Lula \u201cse absteve\u201d de responder ao pedido de agr\u00e9ment de novo embaixador<\/span><\/em><\/p>\n\n\n\n<p><span class=\"has-inline-color has-black-color\">Por <strong><a href=\"https:\/\/www.gazetadopovo.com.br\/autor\/fabio-galao\/\">F\u00e1bio Gal\u00e3o<\/a><\/strong><\/span><\/p>\n\n\n\n<div class=\"wp-block-image\"><figure class=\"aligncenter size-large\"><a href=\"https:\/\/mizu.com.br\/\"><img loading=\"lazy\" decoding=\"async\" width=\"729\" height=\"90\" src=\"https:\/\/jornalfatosenoticias.com.br\/wp-content\/uploads\/2020\/02\/Logo_Mizu.png\" alt=\"\" class=\"wp-image-1441\" srcset=\"https:\/\/jornalfatosenoticias.com.br\/wp-content\/uploads\/2020\/02\/Logo_Mizu.png 729w, https:\/\/jornalfatosenoticias.com.br\/wp-content\/uploads\/2020\/02\/Logo_Mizu-300x37.png 300w\" sizes=\"auto, (max-width: 729px) 100vw, 729px\" \/><\/a><\/figure><\/div>\n\n\n\n<p>O governo de Israel anunciou nesta segunda-feira (25) que as rela\u00e7\u00f5es com o Brasil est\u00e3o sendo conduzidas em \u201cum n\u00edvel diplom\u00e1tico inferior\u201d, depois que a gest\u00e3o de Luiz In\u00e1cio Lula da Silva <a href=\"https:\/\/www.gazetadopovo.com.br\/republica\/lula-escala-crise-com-israel-e-entidades-judaicas-constrange-aliados-e-fortalece-antissemitismo\/\">n\u00e3o concedeu a permiss\u00e3o<\/a> (chamada de agr\u00e9ment) ao indicado para ser embaixador israelense em Bras\u00edlia, o diplomata Gali Dagan.<br>\u201cAp\u00f3s o Brasil, de forma incomum, se abster de responder ao pedido de agr\u00e9ment do embaixador Dagan, Israel retirou o pedido, e as rela\u00e7\u00f5es entre os pa\u00edses est\u00e3o sendo conduzidas em um n\u00edvel diplom\u00e1tico inferior\u201d, afirmou o Minist\u00e9rio das Rela\u00e7\u00f5es Exteriores israelense em comunicado, segundo informa\u00e7\u00f5es do jornal The Times of Israel.<\/p>\n\n\n\n<div class=\"wp-block-image\"><figure class=\"aligncenter size-large\"><a href=\"http:\/\/www.ferrarimaquinas.com.br\/\"><img loading=\"lazy\" decoding=\"async\" width=\"300\" height=\"250\" src=\"https:\/\/jornalfatosenoticias.com.br\/wp-content\/uploads\/2022\/02\/FERRARI_MAQUINAS-E-FERRAMENTAS2.jpg\" alt=\"\" class=\"wp-image-27860\"\/><\/a><\/figure><\/div>\n\n\n\n<blockquote class=\"wp-block-quote is-layout-flow wp-block-quote-is-layout-flow\"><p><span class=\"has-inline-color has-luminous-vivid-orange-color\">A linha cr\u00edtica e hostil que o Brasil demonstra em rela\u00e7\u00e3o a Israel desde 7 de outubro [de 2023, data dos atentados do grupo terrorista Hamas em territ\u00f3rio israelense] se intensificou a partir do momento em que o presidente Lula comparou as a\u00e7\u00f5es de Israel \u00e0s dos nazistas. Em resposta, Israel o declarou persona non grata\u201d, acrescentou a pasta.<\/span><\/p><\/blockquote>\n\n\n\n<div class=\"wp-block-image\"><figure class=\"aligncenter size-large is-resized\"><a href=\"https:\/\/www.controlsystems.com.br\/\"><img loading=\"lazy\" decoding=\"async\" src=\"https:\/\/jornalfatosenoticias.com.br\/wp-content\/uploads\/2020\/02\/CONTROL-CS.jpg\" alt=\"\" class=\"wp-image-44991\" width=\"272\" height=\"326\" srcset=\"https:\/\/jornalfatosenoticias.com.br\/wp-content\/uploads\/2020\/02\/CONTROL-CS.jpg 834w, https:\/\/jornalfatosenoticias.com.br\/wp-content\/uploads\/2020\/02\/CONTROL-CS-250x300.jpg 250w, https:\/\/jornalfatosenoticias.com.br\/wp-content\/uploads\/2020\/02\/CONTROL-CS-768x921.jpg 768w\" sizes=\"auto, (max-width: 272px) 100vw, 272px\" \/><\/a><\/figure><\/div>\n\n\n\n<p>Em raz\u00e3o da declara\u00e7\u00e3o como persona non grata, Lula convocou no ano passado o embaixador brasileiro em Israel, Frederico Meyer, e n\u00e3o anunciou um substituto. <\/p>\n\n\n\n<blockquote class=\"wp-block-quote is-layout-flow wp-block-quote-is-layout-flow\"><p><span class=\"has-inline-color has-luminous-vivid-orange-color\">O Minist\u00e9rio das Rela\u00e7\u00f5es Exteriores continua a manter la\u00e7os profundos com os muitos c\u00edrculos de amigos de Israel no Brasil\u201d, afirmou a chancelaria israelense no comunicado desta segunda-feira.<\/span><\/p><\/blockquote>\n\n\n\n<div class=\"wp-block-image\"><figure class=\"aligncenter size-large is-resized\"><a href=\"https:\/\/www.ithbrasil.com.br\/\"><img loading=\"lazy\" decoding=\"async\" src=\"https:\/\/jornalfatosenoticias.com.br\/wp-content\/uploads\/2023\/08\/ITH.jpeg\" alt=\"\" class=\"wp-image-44638\" width=\"269\" height=\"218\" srcset=\"https:\/\/jornalfatosenoticias.com.br\/wp-content\/uploads\/2023\/08\/ITH.jpeg 800w, https:\/\/jornalfatosenoticias.com.br\/wp-content\/uploads\/2023\/08\/ITH-300x244.jpeg 300w, https:\/\/jornalfatosenoticias.com.br\/wp-content\/uploads\/2023\/08\/ITH-768x624.jpeg 768w\" sizes=\"auto, (max-width: 269px) 100vw, 269px\" \/><\/a><\/figure><\/div>\n\n\n\n<p>A rusga entre Israel e o governo Lula foi intensificada pelas <a href=\"https:\/\/www.gazetadopovo.com.br\/mundo\/israel-critica-decisao-do-brasil-de-aderir-a-processo-contra-o-pais-na-cij\/\">decis\u00f5es recentes da gest\u00e3o petista<\/a> de retirar o Brasil da Alian\u00e7a Internacional para a Mem\u00f3ria do Holocausto (IHRA) e de aderir a uma a\u00e7\u00e3o da \u00c1frica do Sul na Corte Internacional de Justi\u00e7a (CIJ), em Haia, na Holanda, que investiga acusa\u00e7\u00f5es de genoc\u00eddio na ofensiva israelense contra o Hamas na Faixa de Gaza.<\/p>\n\n\n\n<div class=\"wp-block-image\"><figure class=\"aligncenter size-large is-resized\"><a href=\"https:\/\/www.instagram.com\/gruposei\/\"><img loading=\"lazy\" decoding=\"async\" src=\"https:\/\/jornalfatosenoticias.com.br\/wp-content\/uploads\/2022\/07\/Logo-Grupo-SEI.jpg\" alt=\"\" class=\"wp-image-31973\" width=\"366\" height=\"192\" srcset=\"https:\/\/jornalfatosenoticias.com.br\/wp-content\/uploads\/2022\/07\/Logo-Grupo-SEI.jpg 713w, https:\/\/jornalfatosenoticias.com.br\/wp-content\/uploads\/2022\/07\/Logo-Grupo-SEI-300x158.jpg 300w\" sizes=\"auto, (max-width: 366px) 100vw, 366px\" \/><\/a><\/figure><\/div>\n\n\n\n<p><strong>Fonte: <a href=\"https:\/\/www.gazetadopovo.com.br\/mundo\/apos-lula-recusar-embaixador-israel-coloca-em-nivel-inferior-relacoes-com-brasil\/\">Gazeta do Povo<\/a><\/strong><\/p>\n","protected":false},"excerpt":{"rendered":"<p>Governo de Israel anunciou medida depois que a gest\u00e3o Lula \u201cse absteve\u201d de responder ao pedido de agr\u00e9ment de novo embaixador Por F\u00e1bio Gal\u00e3o O governo de Israel anunciou nesta segunda-feira (25) que as rela\u00e7\u00f5es com o Brasil est\u00e3o sendo conduzidas em \u201cum n\u00edvel diplom\u00e1tico inferior\u201d, depois que a gest\u00e3o de Luiz In\u00e1cio Lula da [&hellip;]<\/p>\n","protected":false},"author":2,"featured_media":56495,"comment_status":"open","ping_status":"open","sticky":false,"template":"","format":"standard","meta":{"footnotes":""},"categories":[21374],"tags":[27587,27992,21582,162,7580],"class_list":["post-61441","post","type-post","status-publish","format-standard","has-post-thumbnail","hentry","category-relacoes-internacionais","tag-embaixador","tag-governo-de-israel","tag-hamas","tag-israel","tag-lula"],"yoast_head":"<!-- This site is optimized with the Yoast SEO plugin v26.5 - https:\/\/yoast.com\/wordpress\/plugins\/seo\/ -->\n<title>Ap\u00f3s Lula recusar embaixador, Israel coloca em \u201cn\u00edvel inferior\u201d rela\u00e7\u00f5es com Brasil - Jornal Fatos e Not\u00edcias<\/title>\n<meta name=\"robots\" content=\"index, follow, max-snippet:-1, max-image-preview:large, max-video-preview:-1\" \/>\n<link rel=\"canonical\" href=\"https:\/\/jornalfatosenoticias.com.br\/index.php\/2025\/08\/26\/apos-lula-recusar-embaixador-israel-coloca-em-nivel-inferior-relacoes-com-brasil\/\" \/>\n<meta property=\"og:locale\" content=\"pt_BR\" \/>\n<meta property=\"og:type\" content=\"article\" \/>\n<meta property=\"og:title\" content=\"Ap\u00f3s Lula recusar embaixador, Israel coloca em \u201cn\u00edvel inferior\u201d rela\u00e7\u00f5es com Brasil - Jornal Fatos e Not\u00edcias\" \/>\n<meta property=\"og:description\" content=\"Governo de Israel anunciou medida depois que a gest\u00e3o Lula \u201cse absteve\u201d de responder ao pedido de agr\u00e9ment de novo embaixador Por F\u00e1bio Gal\u00e3o O governo de Israel anunciou nesta segunda-feira (25) que as rela\u00e7\u00f5es com o Brasil est\u00e3o sendo conduzidas em \u201cum n\u00edvel diplom\u00e1tico inferior\u201d, depois que a gest\u00e3o de Luiz In\u00e1cio Lula da [&hellip;]\" \/>\n<meta property=\"og:url\" content=\"https:\/\/jornalfatosenoticias.com.br\/index.php\/2025\/08\/26\/apos-lula-recusar-embaixador-israel-coloca-em-nivel-inferior-relacoes-com-brasil\/\" \/>\n<meta property=\"og:site_name\" content=\"Jornal Fatos e Not\u00edcias\" \/>\n<meta property=\"article:published_time\" content=\"2025-08-26T11:47:04+00:00\" \/>\n<meta property=\"article:modified_time\" content=\"2025-08-26T11:47:05+00:00\" \/>\n<meta property=\"og:image\" content=\"https:\/\/jornalfatosenoticias.com.br\/wp-content\/uploads\/2024\/12\/lula-molusco_gettyimages.jpg\" \/>\n\t<meta property=\"og:image:width\" content=\"612\" \/>\n\t<meta property=\"og:image:height\" content=\"408\" \/>\n\t<meta property=\"og:image:type\" content=\"image\/jpeg\" \/>\n<meta name=\"author\" content=\"Luzimara Fernandes\" \/>\n<meta name=\"twitter:card\" content=\"summary_large_image\" \/>\n<meta name=\"twitter:label1\" content=\"Escrito por\" \/>\n\t<meta name=\"twitter:data1\" content=\"Luzimara Fernandes\" \/>\n\t<meta name=\"twitter:label2\" content=\"Est. tempo de leitura\" \/>\n\t<meta name=\"twitter:data2\" content=\"2 minutos\" \/>\n<script type=\"application\/ld+json\" class=\"yoast-schema-graph\">{\"@context\":\"https:\/\/schema.org\",\"@graph\":[{\"@type\":\"Article\",\"@id\":\"https:\/\/jornalfatosenoticias.com.br\/index.php\/2025\/08\/26\/apos-lula-recusar-embaixador-israel-coloca-em-nivel-inferior-relacoes-com-brasil\/#article\",\"isPartOf\":{\"@id\":\"https:\/\/jornalfatosenoticias.com.br\/index.php\/2025\/08\/26\/apos-lula-recusar-embaixador-israel-coloca-em-nivel-inferior-relacoes-com-brasil\/\"},\"author\":{\"name\":\"Luzimara Fernandes\",\"@id\":\"https:\/\/jornalfatosenoticias.com.br\/#\/schema\/person\/d63837fa13ac8666eb9e74e0985d6f81\"},\"headline\":\"Ap\u00f3s Lula recusar embaixador, Israel coloca em \u201cn\u00edvel inferior\u201d rela\u00e7\u00f5es com Brasil\",\"datePublished\":\"2025-08-26T11:47:04+00:00\",\"dateModified\":\"2025-08-26T11:47:05+00:00\",\"mainEntityOfPage\":{\"@id\":\"https:\/\/jornalfatosenoticias.com.br\/index.php\/2025\/08\/26\/apos-lula-recusar-embaixador-israel-coloca-em-nivel-inferior-relacoes-com-brasil\/\"},\"wordCount\":362,\"commentCount\":0,\"publisher\":{\"@id\":\"https:\/\/jornalfatosenoticias.com.br\/#organization\"},\"image\":{\"@id\":\"https:\/\/jornalfatosenoticias.com.br\/index.php\/2025\/08\/26\/apos-lula-recusar-embaixador-israel-coloca-em-nivel-inferior-relacoes-com-brasil\/#primaryimage\"},\"thumbnailUrl\":\"https:\/\/jornalfatosenoticias.com.br\/wp-content\/uploads\/2024\/12\/lula-molusco_gettyimages.jpg\",\"keywords\":[\"embaixador\",\"governo de Israel\",\"Hamas\",\"Israel\",\"Lula\"],\"articleSection\":[\"Rela\u00e7\u00f5es Internacionais\"],\"inLanguage\":\"pt-BR\",\"potentialAction\":[{\"@type\":\"CommentAction\",\"name\":\"Comment\",\"target\":[\"https:\/\/jornalfatosenoticias.com.br\/index.php\/2025\/08\/26\/apos-lula-recusar-embaixador-israel-coloca-em-nivel-inferior-relacoes-com-brasil\/#respond\"]}]},{\"@type\":\"WebPage\",\"@id\":\"https:\/\/jornalfatosenoticias.com.br\/index.php\/2025\/08\/26\/apos-lula-recusar-embaixador-israel-coloca-em-nivel-inferior-relacoes-com-brasil\/\",\"url\":\"https:\/\/jornalfatosenoticias.com.br\/index.php\/2025\/08\/26\/apos-lula-recusar-embaixador-israel-coloca-em-nivel-inferior-relacoes-com-brasil\/\",\"name\":\"Ap\u00f3s Lula recusar embaixador, Israel coloca em \u201cn\u00edvel inferior\u201d rela\u00e7\u00f5es com Brasil - Jornal Fatos e Not\u00edcias\",\"isPartOf\":{\"@id\":\"https:\/\/jornalfatosenoticias.com.br\/#website\"},\"primaryImageOfPage\":{\"@id\":\"https:\/\/jornalfatosenoticias.com.br\/index.php\/2025\/08\/26\/apos-lula-recusar-embaixador-israel-coloca-em-nivel-inferior-relacoes-com-brasil\/#primaryimage\"},\"image\":{\"@id\":\"https:\/\/jornalfatosenoticias.com.br\/index.php\/2025\/08\/26\/apos-lula-recusar-embaixador-israel-coloca-em-nivel-inferior-relacoes-com-brasil\/#primaryimage\"},\"thumbnailUrl\":\"https:\/\/jornalfatosenoticias.com.br\/wp-content\/uploads\/2024\/12\/lula-molusco_gettyimages.jpg\",\"datePublished\":\"2025-08-26T11:47:04+00:00\",\"dateModified\":\"2025-08-26T11:47:05+00:00\",\"breadcrumb\":{\"@id\":\"https:\/\/jornalfatosenoticias.com.br\/index.php\/2025\/08\/26\/apos-lula-recusar-embaixador-israel-coloca-em-nivel-inferior-relacoes-com-brasil\/#breadcrumb\"},\"inLanguage\":\"pt-BR\",\"potentialAction\":[{\"@type\":\"ReadAction\",\"target\":[\"https:\/\/jornalfatosenoticias.com.br\/index.php\/2025\/08\/26\/apos-lula-recusar-embaixador-israel-coloca-em-nivel-inferior-relacoes-com-brasil\/\"]}]},{\"@type\":\"ImageObject\",\"inLanguage\":\"pt-BR\",\"@id\":\"https:\/\/jornalfatosenoticias.com.br\/index.php\/2025\/08\/26\/apos-lula-recusar-embaixador-israel-coloca-em-nivel-inferior-relacoes-com-brasil\/#primaryimage\",\"url\":\"https:\/\/jornalfatosenoticias.com.br\/wp-content\/uploads\/2024\/12\/lula-molusco_gettyimages.jpg\",\"contentUrl\":\"https:\/\/jornalfatosenoticias.com.br\/wp-content\/uploads\/2024\/12\/lula-molusco_gettyimages.jpg\",\"width\":612,\"height\":408,\"caption\":\"Brazil's President Luiz Inacio Lula da Silva attends the sanctioning of a bill at the Planalto Palace in Brasilia, Brazil, on November 6, 2024, after congratulating President-elect Donald Trump on his victory as president of the United States. (Photo by Ton Molina\/NurPhoto via Getty Images)\"},{\"@type\":\"BreadcrumbList\",\"@id\":\"https:\/\/jornalfatosenoticias.com.br\/index.php\/2025\/08\/26\/apos-lula-recusar-embaixador-israel-coloca-em-nivel-inferior-relacoes-com-brasil\/#breadcrumb\",\"itemListElement\":[{\"@type\":\"ListItem\",\"position\":1,\"name\":\"In\u00edcio\",\"item\":\"https:\/\/jornalfatosenoticias.com.br\/\"},{\"@type\":\"ListItem\",\"position\":2,\"name\":\"Ap\u00f3s Lula recusar embaixador, Israel coloca em \u201cn\u00edvel inferior\u201d rela\u00e7\u00f5es com Brasil\"}]},{\"@type\":\"WebSite\",\"@id\":\"https:\/\/jornalfatosenoticias.com.br\/#website\",\"url\":\"https:\/\/jornalfatosenoticias.com.br\/\",\"name\":\"Jornal Fatos e Not\u00edcias\",\"description\":\"Not\u00edcias em geral\",\"publisher\":{\"@id\":\"https:\/\/jornalfatosenoticias.com.br\/#organization\"},\"potentialAction\":[{\"@type\":\"SearchAction\",\"target\":{\"@type\":\"EntryPoint\",\"urlTemplate\":\"https:\/\/jornalfatosenoticias.com.br\/?s={search_term_string}\"},\"query-input\":{\"@type\":\"PropertyValueSpecification\",\"valueRequired\":true,\"valueName\":\"search_term_string\"}}],\"inLanguage\":\"pt-BR\"},{\"@type\":\"Organization\",\"@id\":\"https:\/\/jornalfatosenoticias.com.br\/#organization\",\"name\":\"Jornal Fatos e Not\u00edcias\",\"url\":\"https:\/\/jornalfatosenoticias.com.br\/\",\"logo\":{\"@type\":\"ImageObject\",\"inLanguage\":\"pt-BR\",\"@id\":\"https:\/\/jornalfatosenoticias.com.br\/#\/schema\/logo\/image\/\",\"url\":\"https:\/\/jornalfatosenoticias.com.br\/wp-content\/uploads\/2020\/02\/logo120.png\",\"contentUrl\":\"https:\/\/jornalfatosenoticias.com.br\/wp-content\/uploads\/2020\/02\/logo120.png\",\"width\":1227,\"height\":120,\"caption\":\"Jornal Fatos e Not\u00edcias\"},\"image\":{\"@id\":\"https:\/\/jornalfatosenoticias.com.br\/#\/schema\/logo\/image\/\"}},{\"@type\":\"Person\",\"@id\":\"https:\/\/jornalfatosenoticias.com.br\/#\/schema\/person\/d63837fa13ac8666eb9e74e0985d6f81\",\"name\":\"Luzimara Fernandes\",\"image\":{\"@type\":\"ImageObject\",\"inLanguage\":\"pt-BR\",\"@id\":\"https:\/\/jornalfatosenoticias.com.br\/#\/schema\/person\/image\/\",\"url\":\"https:\/\/jornalfatosenoticias.com.br\/wp-content\/uploads\/2025\/05\/EU_portal.jpg\",\"contentUrl\":\"https:\/\/jornalfatosenoticias.com.br\/wp-content\/uploads\/2025\/05\/EU_portal.jpg\",\"caption\":\"Luzimara Fernandes\"},\"description\":\"Jornalista MTB 2358-ES\",\"sameAs\":[\"https:\/\/jornalfatosenoticias.com.br\"],\"url\":\"https:\/\/jornalfatosenoticias.com.br\/index.php\/author\/luzimara\/\"}]}<\/script>\n<!-- \/ Yoast SEO plugin. -->","yoast_head_json":{"title":"Ap\u00f3s Lula recusar embaixador, Israel coloca em \u201cn\u00edvel inferior\u201d rela\u00e7\u00f5es com Brasil - Jornal Fatos e Not\u00edcias","robots":{"index":"index","follow":"follow","max-snippet":"max-snippet:-1","max-image-preview":"max-image-preview:large","max-video-preview":"max-video-preview:-1"},"canonical":"https:\/\/jornalfatosenoticias.com.br\/index.php\/2025\/08\/26\/apos-lula-recusar-embaixador-israel-coloca-em-nivel-inferior-relacoes-com-brasil\/","og_locale":"pt_BR","og_type":"article","og_title":"Ap\u00f3s Lula recusar embaixador, Israel coloca em \u201cn\u00edvel inferior\u201d rela\u00e7\u00f5es com Brasil - Jornal Fatos e Not\u00edcias","og_description":"Governo de Israel anunciou medida depois que a gest\u00e3o Lula \u201cse absteve\u201d de responder ao pedido de agr\u00e9ment de novo embaixador Por F\u00e1bio Gal\u00e3o O governo de Israel anunciou nesta segunda-feira (25) que as rela\u00e7\u00f5es com o Brasil est\u00e3o sendo conduzidas em \u201cum n\u00edvel diplom\u00e1tico inferior\u201d, depois que a gest\u00e3o de Luiz In\u00e1cio Lula da [&hellip;]","og_url":"https:\/\/jornalfatosenoticias.com.br\/index.php\/2025\/08\/26\/apos-lula-recusar-embaixador-israel-coloca-em-nivel-inferior-relacoes-com-brasil\/","og_site_name":"Jornal Fatos e Not\u00edcias","article_published_time":"2025-08-26T11:47:04+00:00","article_modified_time":"2025-08-26T11:47:05+00:00","og_image":[{"width":612,"height":408,"url":"https:\/\/jornalfatosenoticias.com.br\/wp-content\/uploads\/2024\/12\/lula-molusco_gettyimages.jpg","type":"image\/jpeg"}],"author":"Luzimara Fernandes","twitter_card":"summary_large_image","twitter_misc":{"Escrito por":"Luzimara Fernandes","Est. tempo de leitura":"2 minutos"},"schema":{"@context":"https:\/\/schema.org","@graph":[{"@type":"Article","@id":"https:\/\/jornalfatosenoticias.com.br\/index.php\/2025\/08\/26\/apos-lula-recusar-embaixador-israel-coloca-em-nivel-inferior-relacoes-com-brasil\/#article","isPartOf":{"@id":"https:\/\/jornalfatosenoticias.com.br\/index.php\/2025\/08\/26\/apos-lula-recusar-embaixador-israel-coloca-em-nivel-inferior-relacoes-com-brasil\/"},"author":{"name":"Luzimara Fernandes","@id":"https:\/\/jornalfatosenoticias.com.br\/#\/schema\/person\/d63837fa13ac8666eb9e74e0985d6f81"},"headline":"Ap\u00f3s Lula recusar embaixador, Israel coloca em \u201cn\u00edvel inferior\u201d rela\u00e7\u00f5es com Brasil","datePublished":"2025-08-26T11:47:04+00:00","dateModified":"2025-08-26T11:47:05+00:00","mainEntityOfPage":{"@id":"https:\/\/jornalfatosenoticias.com.br\/index.php\/2025\/08\/26\/apos-lula-recusar-embaixador-israel-coloca-em-nivel-inferior-relacoes-com-brasil\/"},"wordCount":362,"commentCount":0,"publisher":{"@id":"https:\/\/jornalfatosenoticias.com.br\/#organization"},"image":{"@id":"https:\/\/jornalfatosenoticias.com.br\/index.php\/2025\/08\/26\/apos-lula-recusar-embaixador-israel-coloca-em-nivel-inferior-relacoes-com-brasil\/#primaryimage"},"thumbnailUrl":"https:\/\/jornalfatosenoticias.com.br\/wp-content\/uploads\/2024\/12\/lula-molusco_gettyimages.jpg","keywords":["embaixador","governo de Israel","Hamas","Israel","Lula"],"articleSection":["Rela\u00e7\u00f5es Internacionais"],"inLanguage":"pt-BR","potentialAction":[{"@type":"CommentAction","name":"Comment","target":["https:\/\/jornalfatosenoticias.com.br\/index.php\/2025\/08\/26\/apos-lula-recusar-embaixador-israel-coloca-em-nivel-inferior-relacoes-com-brasil\/#respond"]}]},{"@type":"WebPage","@id":"https:\/\/jornalfatosenoticias.com.br\/index.php\/2025\/08\/26\/apos-lula-recusar-embaixador-israel-coloca-em-nivel-inferior-relacoes-com-brasil\/","url":"https:\/\/jornalfatosenoticias.com.br\/index.php\/2025\/08\/26\/apos-lula-recusar-embaixador-israel-coloca-em-nivel-inferior-relacoes-com-brasil\/","name":"Ap\u00f3s Lula recusar embaixador, Israel coloca em \u201cn\u00edvel inferior\u201d rela\u00e7\u00f5es com Brasil - Jornal Fatos e Not\u00edcias","isPartOf":{"@id":"https:\/\/jornalfatosenoticias.com.br\/#website"},"primaryImageOfPage":{"@id":"https:\/\/jornalfatosenoticias.com.br\/index.php\/2025\/08\/26\/apos-lula-recusar-embaixador-israel-coloca-em-nivel-inferior-relacoes-com-brasil\/#primaryimage"},"image":{"@id":"https:\/\/jornalfatosenoticias.com.br\/index.php\/2025\/08\/26\/apos-lula-recusar-embaixador-israel-coloca-em-nivel-inferior-relacoes-com-brasil\/#primaryimage"},"thumbnailUrl":"https:\/\/jornalfatosenoticias.com.br\/wp-content\/uploads\/2024\/12\/lula-molusco_gettyimages.jpg","datePublished":"2025-08-26T11:47:04+00:00","dateModified":"2025-08-26T11:47:05+00:00","breadcrumb":{"@id":"https:\/\/jornalfatosenoticias.com.br\/index.php\/2025\/08\/26\/apos-lula-recusar-embaixador-israel-coloca-em-nivel-inferior-relacoes-com-brasil\/#breadcrumb"},"inLanguage":"pt-BR","potentialAction":[{"@type":"ReadAction","target":["https:\/\/jornalfatosenoticias.com.br\/index.php\/2025\/08\/26\/apos-lula-recusar-embaixador-israel-coloca-em-nivel-inferior-relacoes-com-brasil\/"]}]},{"@type":"ImageObject","inLanguage":"pt-BR","@id":"https:\/\/jornalfatosenoticias.com.br\/index.php\/2025\/08\/26\/apos-lula-recusar-embaixador-israel-coloca-em-nivel-inferior-relacoes-com-brasil\/#primaryimage","url":"https:\/\/jornalfatosenoticias.com.br\/wp-content\/uploads\/2024\/12\/lula-molusco_gettyimages.jpg","contentUrl":"https:\/\/jornalfatosenoticias.com.br\/wp-content\/uploads\/2024\/12\/lula-molusco_gettyimages.jpg","width":612,"height":408,"caption":"Brazil's President Luiz Inacio Lula da Silva attends the sanctioning of a bill at the Planalto Palace in Brasilia, Brazil, on November 6, 2024, after congratulating President-elect Donald Trump on his victory as president of the United States. (Photo by Ton Molina\/NurPhoto via Getty Images)"},{"@type":"BreadcrumbList","@id":"https:\/\/jornalfatosenoticias.com.br\/index.php\/2025\/08\/26\/apos-lula-recusar-embaixador-israel-coloca-em-nivel-inferior-relacoes-com-brasil\/#breadcrumb","itemListElement":[{"@type":"ListItem","position":1,"name":"In\u00edcio","item":"https:\/\/jornalfatosenoticias.com.br\/"},{"@type":"ListItem","position":2,"name":"Ap\u00f3s Lula recusar embaixador, Israel coloca em \u201cn\u00edvel inferior\u201d rela\u00e7\u00f5es com Brasil"}]},{"@type":"WebSite","@id":"https:\/\/jornalfatosenoticias.com.br\/#website","url":"https:\/\/jornalfatosenoticias.com.br\/","name":"Jornal Fatos e Not\u00edcias","description":"Not\u00edcias em geral","publisher":{"@id":"https:\/\/jornalfatosenoticias.com.br\/#organization"},"potentialAction":[{"@type":"SearchAction","target":{"@type":"EntryPoint","urlTemplate":"https:\/\/jornalfatosenoticias.com.br\/?s={search_term_string}"},"query-input":{"@type":"PropertyValueSpecification","valueRequired":true,"valueName":"search_term_string"}}],"inLanguage":"pt-BR"},{"@type":"Organization","@id":"https:\/\/jornalfatosenoticias.com.br\/#organization","name":"Jornal Fatos e Not\u00edcias","url":"https:\/\/jornalfatosenoticias.com.br\/","logo":{"@type":"ImageObject","inLanguage":"pt-BR","@id":"https:\/\/jornalfatosenoticias.com.br\/#\/schema\/logo\/image\/","url":"https:\/\/jornalfatosenoticias.com.br\/wp-content\/uploads\/2020\/02\/logo120.png","contentUrl":"https:\/\/jornalfatosenoticias.com.br\/wp-content\/uploads\/2020\/02\/logo120.png","width":1227,"height":120,"caption":"Jornal Fatos e Not\u00edcias"},"image":{"@id":"https:\/\/jornalfatosenoticias.com.br\/#\/schema\/logo\/image\/"}},{"@type":"Person","@id":"https:\/\/jornalfatosenoticias.com.br\/#\/schema\/person\/d63837fa13ac8666eb9e74e0985d6f81","name":"Luzimara Fernandes","image":{"@type":"ImageObject","inLanguage":"pt-BR","@id":"https:\/\/jornalfatosenoticias.com.br\/#\/schema\/person\/image\/","url":"https:\/\/jornalfatosenoticias.com.br\/wp-content\/uploads\/2025\/05\/EU_portal.jpg","contentUrl":"https:\/\/jornalfatosenoticias.com.br\/wp-content\/uploads\/2025\/05\/EU_portal.jpg","caption":"Luzimara Fernandes"},"description":"Jornalista MTB 2358-ES","sameAs":["https:\/\/jornalfatosenoticias.com.br"],"url":"https:\/\/jornalfatosenoticias.com.br\/index.php\/author\/luzimara\/"}]}},"cc_featured_image_caption":{"caption_text":"(Foto: Getty Images)","source_text":"","source_url":""},"jetpack_featured_media_url":"https:\/\/jornalfatosenoticias.com.br\/wp-content\/uploads\/2024\/12\/lula-molusco_gettyimages.jpg","_links":{"self":[{"href":"https:\/\/jornalfatosenoticias.com.br\/index.php\/wp-json\/wp\/v2\/posts\/61441","targetHints":{"allow":["GET"]}}],"collection":[{"href":"https:\/\/jornalfatosenoticias.com.br\/index.php\/wp-json\/wp\/v2\/posts"}],"about":[{"href":"https:\/\/jornalfatosenoticias.com.br\/index.php\/wp-json\/wp\/v2\/types\/post"}],"author":[{"embeddable":true,"href":"https:\/\/jornalfatosenoticias.com.br\/index.php\/wp-json\/wp\/v2\/users\/2"}],"replies":[{"embeddable":true,"href":"https:\/\/jornalfatosenoticias.com.br\/index.php\/wp-json\/wp\/v2\/comments?post=61441"}],"version-history":[{"count":0,"href":"https:\/\/jornalfatosenoticias.com.br\/index.php\/wp-json\/wp\/v2\/posts\/61441\/revisions"}],"wp:featuredmedia":[{"embeddable":true,"href":"https:\/\/jornalfatosenoticias.com.br\/index.php\/wp-json\/wp\/v2\/media\/56495"}],"wp:attachment":[{"href":"https:\/\/jornalfatosenoticias.com.br\/index.php\/wp-json\/wp\/v2\/media?parent=61441"}],"wp:term":[{"taxonomy":"category","embeddable":true,"href":"https:\/\/jornalfatosenoticias.com.br\/index.php\/wp-json\/wp\/v2\/categories?post=61441"},{"taxonomy":"post_tag","embeddable":true,"href":"https:\/\/jornalfatosenoticias.com.br\/index.php\/wp-json\/wp\/v2\/tags?post=61441"}],"curies":[{"name":"wp","href":"https:\/\/api.w.org\/{rel}","templated":true}]}}