{"id":61443,"date":"2025-08-26T09:07:26","date_gmt":"2025-08-26T12:07:26","guid":{"rendered":"https:\/\/jornalfatosenoticias.com.br\/?p=61443"},"modified":"2025-08-26T09:07:27","modified_gmt":"2025-08-26T12:07:27","slug":"apos-pressao-de-trump-maduro-envia-15-mil-militares-para-a-fronteira-com-a-colombia","status":"publish","type":"post","link":"https:\/\/jornalfatosenoticias.com.br\/index.php\/2025\/08\/26\/apos-pressao-de-trump-maduro-envia-15-mil-militares-para-a-fronteira-com-a-colombia\/","title":{"rendered":"Ap\u00f3s press\u00e3o de Trump, Maduro envia 15 mil militares para a fronteira com a Col\u00f4mbia"},"content":{"rendered":"\n<p><em><span class=\"has-inline-color has-black-color\">Outdoor do governo americano em Villa del Rosario, na Col\u00f4mbia, avisa sobre recompensa por informa\u00e7\u00f5es que levem \u00e0 captura de Maduro e seu n\u00famero 2, Diosdado Cabello<\/span><\/em><\/p>\n\n\n\n<p><span class=\"has-inline-color has-black-color\">Por <strong><a href=\"https:\/\/www.gazetadopovo.com.br\/autor\/fabio-galao\/\">F\u00e1bio Gal\u00e3o<\/a><\/strong><\/span><\/p>\n\n\n\n<div class=\"wp-block-image\"><figure class=\"aligncenter size-large is-resized\"><a href=\"https:\/\/www.facebook.com\/vetor.vix\/\"><img loading=\"lazy\" decoding=\"async\" src=\"https:\/\/jornalfatosenoticias.com.br\/wp-content\/uploads\/2023\/09\/vetorvix1024_1.jpg\" alt=\"\" class=\"wp-image-44868\" width=\"565\" height=\"150\" srcset=\"https:\/\/jornalfatosenoticias.com.br\/wp-content\/uploads\/2023\/09\/vetorvix1024_1.jpg 1024w, https:\/\/jornalfatosenoticias.com.br\/wp-content\/uploads\/2023\/09\/vetorvix1024_1-300x80.jpg 300w, https:\/\/jornalfatosenoticias.com.br\/wp-content\/uploads\/2023\/09\/vetorvix1024_1-768x205.jpg 768w\" sizes=\"auto, (max-width: 565px) 100vw, 565px\" \/><\/a><\/figure><\/div>\n\n\n\n<p>O regime do ditador da Venezuela, Nicol\u00e1s Maduro, anunciou, nesta segunda-feira (25), que vai enviar 15 mil militares para a fronteira com a Col\u00f4mbia.<br>De acordo com informa\u00e7\u00f5es do site Efecto Cocuyo, o ministro do Interior, Justi\u00e7a e Paz da Venezuela, Diosdado Cabello, disse que a opera\u00e7\u00e3o tem o objetivo de combater o tr\u00e1fico de drogas e ser\u00e3o utilizados drones, barcos, aeronaves e outros ve\u00edculos na regi\u00e3o.<\/p>\n\n\n\n<blockquote class=\"wp-block-quote is-layout-flow wp-block-quote-is-layout-flow\"><p><span class=\"has-inline-color has-luminous-vivid-orange-color\">Apreendemos uma quantidade extraordin\u00e1ria de drogas este ano, uma quantidade que supera qualquer estimativa. Eles sabem disso internamente, qualquer um que tente traficar drogas pela Venezuela sabe que enfrentar\u00e1 uma resposta contundente. A Venezuela n\u00e3o ser\u00e1 um territ\u00f3rio para o narcotr\u00e1fico\u201d, afirmou Cabello, apontado como o n\u00famero 2 da ditadura chavista.<\/span><\/p><\/blockquote>\n\n\n\n<div class=\"wp-block-image\"><figure class=\"aligncenter size-large is-resized\"><a href=\"https:\/\/panper.com.br\/\"><img loading=\"lazy\" decoding=\"async\" src=\"https:\/\/jornalfatosenoticias.com.br\/wp-content\/uploads\/2023\/03\/logo-Panper_portal.jpg\" alt=\"\" class=\"wp-image-40208\" width=\"296\" height=\"205\" srcset=\"https:\/\/jornalfatosenoticias.com.br\/wp-content\/uploads\/2023\/03\/logo-Panper_portal.jpg 400w, https:\/\/jornalfatosenoticias.com.br\/wp-content\/uploads\/2023\/03\/logo-Panper_portal-300x208.jpg 300w\" sizes=\"auto, (max-width: 296px) 100vw, 296px\" \/><\/a><\/figure><\/div>\n\n\n\n<p>O ministro, que tem contra si uma recompensa dos Estados Unidos de US$ 25 milh\u00f5es por informa\u00e7\u00f5es que levem \u00e0 sua captura e condena\u00e7\u00e3o, alegou que o governo apreende mais de 70% das drogas que entram no territ\u00f3rio venezuelano. Na entrevista coletiva, Cabello acusou, sem provas, a l\u00edder da oposi\u00e7\u00e3o venezuelana, Mar\u00eda Corina Machado, de ter liga\u00e7\u00f5es com um cartel de drogas mexicano.<\/p>\n\n\n\n<div class=\"wp-block-image\"><figure class=\"aligncenter size-large is-resized\"><a href=\"https:\/\/www.instagram.com\/esteio.churrascaria\/\"><img loading=\"lazy\" decoding=\"async\" src=\"https:\/\/jornalfatosenoticias.com.br\/wp-content\/uploads\/2022\/02\/LOGO-ESTEIO-1024x730.png\" alt=\"\" class=\"wp-image-27942\" width=\"323\" height=\"230\" srcset=\"https:\/\/jornalfatosenoticias.com.br\/wp-content\/uploads\/2022\/02\/LOGO-ESTEIO-1024x730.png 1024w, https:\/\/jornalfatosenoticias.com.br\/wp-content\/uploads\/2022\/02\/LOGO-ESTEIO-300x214.png 300w, https:\/\/jornalfatosenoticias.com.br\/wp-content\/uploads\/2022\/02\/LOGO-ESTEIO-768x548.png 768w, https:\/\/jornalfatosenoticias.com.br\/wp-content\/uploads\/2022\/02\/LOGO-ESTEIO.png 1123w\" sizes=\"auto, (max-width: 323px) 100vw, 323px\" \/><\/a><\/figure><\/div>\n\n\n\n<blockquote class=\"wp-block-quote is-layout-flow wp-block-quote-is-layout-flow\"><p><span class=\"has-inline-color has-luminous-vivid-orange-color\">O Cartel de Jalisco tem contato com Mar\u00eda Corina Machado, n\u00e3o com o governo. Traficantes de drogas e paramilitares colombianos t\u00eam contato com ela por meio de [\u00c1lvaro] Uribe e [Iv\u00e1n] Duque\u201d, afirmou o ministro, citando, tamb\u00e9m sem provas, ex-presidentes da Col\u00f4mbia.<\/span><\/p><\/blockquote>\n\n\n\n<div class=\"wp-block-image\"><figure class=\"aligncenter size-large is-resized\"><a href=\"https:\/\/legisjuris.com.br\/\"><img loading=\"lazy\" decoding=\"async\" src=\"https:\/\/jornalfatosenoticias.com.br\/wp-content\/uploads\/2024\/09\/Legis-Juris-Consultoria_logo.jpg\" alt=\"\" class=\"wp-image-53915\" width=\"530\" height=\"222\" srcset=\"https:\/\/jornalfatosenoticias.com.br\/wp-content\/uploads\/2024\/09\/Legis-Juris-Consultoria_logo.jpg 969w, https:\/\/jornalfatosenoticias.com.br\/wp-content\/uploads\/2024\/09\/Legis-Juris-Consultoria_logo-300x126.jpg 300w, https:\/\/jornalfatosenoticias.com.br\/wp-content\/uploads\/2024\/09\/Legis-Juris-Consultoria_logo-768x322.jpg 768w\" sizes=\"auto, (max-width: 530px) 100vw, 530px\" \/><\/a><\/figure><\/div>\n\n\n\n<p>A ditadura de Maduro anunciou o envio de tropas depois que os Estados Unidos decidiram na semana passada mandar \u00e0s \u00e1guas do Caribe pr\u00f3ximas da Venezuela tr\u00eas navios de guerra para pressionar o regime chavista. A porta-voz da Casa Branca, Karoline Leavitt, <a href=\"https:\/\/www.gazetadopovo.com.br\/mundo\/casa-branca-diz-que-vai-usar-todo-o-poder-americano-contra-maduro\/\">afirmou que os Estados Unidos est\u00e3o preparados para \u201cusar todo o poder americano\u201d<\/a> para levar \u00e0 Justi\u00e7a \u201cos respons\u00e1veis\u201d por traficar drogas para o pa\u00eds, em recado direto ao ditador venezuelano.<\/p>\n\n\n\n<div class=\"wp-block-image\"><figure class=\"aligncenter size-large is-resized\"><a href=\"https:\/\/www.instagram.com\/rcradiadores\/\"><img loading=\"lazy\" decoding=\"async\" src=\"https:\/\/jornalfatosenoticias.com.br\/wp-content\/uploads\/2022\/10\/RC_800x750_page-0001.jpg\" alt=\"\" class=\"wp-image-35338\" width=\"302\" height=\"283\" srcset=\"https:\/\/jornalfatosenoticias.com.br\/wp-content\/uploads\/2022\/10\/RC_800x750_page-0001.jpg 400w, https:\/\/jornalfatosenoticias.com.br\/wp-content\/uploads\/2022\/10\/RC_800x750_page-0001-300x281.jpg 300w\" sizes=\"auto, (max-width: 302px) 100vw, 302px\" \/><\/a><\/figure><\/div>\n\n\n\n<p>No \u00faltimo dia 7, o governo dos Estados Unidos dobrou o valor que oferece por informa\u00e7\u00f5es que levem \u00e0 pris\u00e3o e condena\u00e7\u00e3o de Maduro, elevando a recompensa para US$ 50 milh\u00f5es. Na ocasi\u00e3o, a procuradora-geral da gest\u00e3o Trump, Pam Bondi, disse que Maduro tem liga\u00e7\u00f5es com as gangues venezuelanas Tren de Aragua, Cartel de Los Soles (do qual o ditador seria l\u00edder, segundo os EUA) e o mexicano Cartel de Sinaloa e que o ditador da Venezuela \u00e9 \u201cum dos maiores traficantes de drogas do mundo\u201d.<\/p>\n\n\n\n<div class=\"wp-block-image\"><figure class=\"aligncenter size-large is-resized\"><a href=\"https:\/\/www.facebook.com\/profile.php?id=100069289606145\"><img loading=\"lazy\" decoding=\"async\" src=\"https:\/\/jornalfatosenoticias.com.br\/wp-content\/uploads\/2024\/11\/Guaitolini-Contabilidade-1024x714.jpeg\" alt=\"\" class=\"wp-image-55808\" width=\"340\" height=\"237\" srcset=\"https:\/\/jornalfatosenoticias.com.br\/wp-content\/uploads\/2024\/11\/Guaitolini-Contabilidade-1024x714.jpeg 1024w, https:\/\/jornalfatosenoticias.com.br\/wp-content\/uploads\/2024\/11\/Guaitolini-Contabilidade-300x209.jpeg 300w, https:\/\/jornalfatosenoticias.com.br\/wp-content\/uploads\/2024\/11\/Guaitolini-Contabilidade-768x535.jpeg 768w, https:\/\/jornalfatosenoticias.com.br\/wp-content\/uploads\/2024\/11\/Guaitolini-Contabilidade.jpeg 1280w\" sizes=\"auto, (max-width: 340px) 100vw, 340px\" \/><\/a><\/figure><\/div>\n\n\n\n<p>Diante da press\u00e3o americana, na semana passada, o ditador venezuelano ordenou a mobiliza\u00e7\u00e3o de 4,5 milh\u00f5es de membros da Mil\u00edcia Bolivariana, como parte do que chamou de \u201cplano de paz\u201d. No fim de semana, <a href=\"https:\/\/www.gazetadopovo.com.br\/mundo\/apoiadores-de-maduro-se-alistam-na-milicia-bolivariana-e-pedem-adesao-de-venezuelanos\/\">parte desse contingente foi alistado<\/a>, e Maduro anunciou que uma segunda rodada de alistamento ser\u00e1 realizada na sexta-feira (29) e no s\u00e1bado (30).<\/p>\n\n\n\n<div class=\"wp-block-image\"><figure class=\"aligncenter size-large\"><a href=\"https:\/\/www.cesconetto.com.br\/\"><img loading=\"lazy\" decoding=\"async\" width=\"300\" height=\"250\" src=\"https:\/\/jornalfatosenoticias.com.br\/wp-content\/uploads\/2020\/02\/Banner-2.png\" alt=\"\" class=\"wp-image-43787\"\/><\/a><\/figure><\/div>\n\n\n\n<p><strong>Fonte: <a href=\"https:\/\/www.gazetadopovo.com.br\/mundo\/apos-pressao-de-trump-maduro-envia-militares-fronteira-colombia\/\">Gazeta do Povo<\/a><\/strong><\/p>\n","protected":false},"excerpt":{"rendered":"<p>Outdoor do governo americano em Villa del Rosario, na Col\u00f4mbia, avisa sobre recompensa por informa\u00e7\u00f5es que levem \u00e0 captura de Maduro e seu n\u00famero 2, Diosdado Cabello Por F\u00e1bio Gal\u00e3o O regime do ditador da Venezuela, Nicol\u00e1s Maduro, anunciou, nesta segunda-feira (25), que vai enviar 15 mil militares para a fronteira com a Col\u00f4mbia.De acordo [&hellip;]<\/p>\n","protected":false},"author":2,"featured_media":61444,"comment_status":"open","ping_status":"open","sticky":false,"template":"","format":"standard","meta":{"footnotes":""},"categories":[41],"tags":[27996,27994,26163,27995,19097,25881,27993,8605],"class_list":["post-61443","post","type-post","status-publish","format-standard","has-post-thumbnail","hentry","category-internacional","tag-alistamento-maduro","tag-diosdado-cabello","tag-ditador-venezuelano","tag-milicia-bolivariana","tag-nicolas-maduro","tag-regime-chavista","tag-traficantes-de-drogas","tag-venezuela"],"yoast_head":"<!-- This site is optimized with the Yoast SEO plugin v26.5 - https:\/\/yoast.com\/wordpress\/plugins\/seo\/ -->\n<title>Ap\u00f3s press\u00e3o de Trump, Maduro envia 15 mil militares para a fronteira com a Col\u00f4mbia - Jornal Fatos e Not\u00edcias<\/title>\n<meta name=\"robots\" content=\"index, follow, max-snippet:-1, max-image-preview:large, max-video-preview:-1\" \/>\n<link rel=\"canonical\" href=\"https:\/\/jornalfatosenoticias.com.br\/index.php\/2025\/08\/26\/apos-pressao-de-trump-maduro-envia-15-mil-militares-para-a-fronteira-com-a-colombia\/\" \/>\n<meta property=\"og:locale\" content=\"pt_BR\" \/>\n<meta property=\"og:type\" content=\"article\" \/>\n<meta property=\"og:title\" content=\"Ap\u00f3s press\u00e3o de Trump, Maduro envia 15 mil militares para a fronteira com a Col\u00f4mbia - Jornal Fatos e Not\u00edcias\" \/>\n<meta property=\"og:description\" content=\"Outdoor do governo americano em Villa del Rosario, na Col\u00f4mbia, avisa sobre recompensa por informa\u00e7\u00f5es que levem \u00e0 captura de Maduro e seu n\u00famero 2, Diosdado Cabello Por F\u00e1bio Gal\u00e3o O regime do ditador da Venezuela, Nicol\u00e1s Maduro, anunciou, nesta segunda-feira (25), que vai enviar 15 mil militares para a fronteira com a Col\u00f4mbia.De acordo [&hellip;]\" \/>\n<meta property=\"og:url\" content=\"https:\/\/jornalfatosenoticias.com.br\/index.php\/2025\/08\/26\/apos-pressao-de-trump-maduro-envia-15-mil-militares-para-a-fronteira-com-a-colombia\/\" \/>\n<meta property=\"og:site_name\" content=\"Jornal Fatos e Not\u00edcias\" \/>\n<meta property=\"article:published_time\" content=\"2025-08-26T12:07:26+00:00\" \/>\n<meta property=\"article:modified_time\" content=\"2025-08-26T12:07:27+00:00\" \/>\n<meta property=\"og:image\" content=\"https:\/\/jornalfatosenoticias.com.br\/wp-content\/uploads\/2025\/08\/venezuela-outdoor-maduro.jpg\" \/>\n\t<meta property=\"og:image:width\" content=\"960\" \/>\n\t<meta property=\"og:image:height\" content=\"540\" \/>\n\t<meta property=\"og:image:type\" content=\"image\/jpeg\" \/>\n<meta name=\"author\" content=\"Luzimara Fernandes\" \/>\n<meta name=\"twitter:card\" content=\"summary_large_image\" \/>\n<meta name=\"twitter:label1\" content=\"Escrito por\" \/>\n\t<meta name=\"twitter:data1\" content=\"Luzimara Fernandes\" \/>\n\t<meta name=\"twitter:label2\" content=\"Est. tempo de leitura\" \/>\n\t<meta name=\"twitter:data2\" content=\"3 minutos\" \/>\n<script type=\"application\/ld+json\" class=\"yoast-schema-graph\">{\"@context\":\"https:\/\/schema.org\",\"@graph\":[{\"@type\":\"Article\",\"@id\":\"https:\/\/jornalfatosenoticias.com.br\/index.php\/2025\/08\/26\/apos-pressao-de-trump-maduro-envia-15-mil-militares-para-a-fronteira-com-a-colombia\/#article\",\"isPartOf\":{\"@id\":\"https:\/\/jornalfatosenoticias.com.br\/index.php\/2025\/08\/26\/apos-pressao-de-trump-maduro-envia-15-mil-militares-para-a-fronteira-com-a-colombia\/\"},\"author\":{\"name\":\"Luzimara Fernandes\",\"@id\":\"https:\/\/jornalfatosenoticias.com.br\/#\/schema\/person\/d63837fa13ac8666eb9e74e0985d6f81\"},\"headline\":\"Ap\u00f3s press\u00e3o de Trump, Maduro envia 15 mil militares para a fronteira com a Col\u00f4mbia\",\"datePublished\":\"2025-08-26T12:07:26+00:00\",\"dateModified\":\"2025-08-26T12:07:27+00:00\",\"mainEntityOfPage\":{\"@id\":\"https:\/\/jornalfatosenoticias.com.br\/index.php\/2025\/08\/26\/apos-pressao-de-trump-maduro-envia-15-mil-militares-para-a-fronteira-com-a-colombia\/\"},\"wordCount\":526,\"commentCount\":0,\"publisher\":{\"@id\":\"https:\/\/jornalfatosenoticias.com.br\/#organization\"},\"image\":{\"@id\":\"https:\/\/jornalfatosenoticias.com.br\/index.php\/2025\/08\/26\/apos-pressao-de-trump-maduro-envia-15-mil-militares-para-a-fronteira-com-a-colombia\/#primaryimage\"},\"thumbnailUrl\":\"https:\/\/jornalfatosenoticias.com.br\/wp-content\/uploads\/2025\/08\/venezuela-outdoor-maduro.jpg\",\"keywords\":[\"alistamento Maduro\",\"Diosdado Cabello\",\"ditador venezuelano\",\"Mil\u00edcia Bolivariana\",\"Nicol\u00e1s Maduro\",\"regime chavista\",\"traficantes de drogas\",\"Venezuela\"],\"articleSection\":[\"Internacional\"],\"inLanguage\":\"pt-BR\",\"potentialAction\":[{\"@type\":\"CommentAction\",\"name\":\"Comment\",\"target\":[\"https:\/\/jornalfatosenoticias.com.br\/index.php\/2025\/08\/26\/apos-pressao-de-trump-maduro-envia-15-mil-militares-para-a-fronteira-com-a-colombia\/#respond\"]}]},{\"@type\":\"WebPage\",\"@id\":\"https:\/\/jornalfatosenoticias.com.br\/index.php\/2025\/08\/26\/apos-pressao-de-trump-maduro-envia-15-mil-militares-para-a-fronteira-com-a-colombia\/\",\"url\":\"https:\/\/jornalfatosenoticias.com.br\/index.php\/2025\/08\/26\/apos-pressao-de-trump-maduro-envia-15-mil-militares-para-a-fronteira-com-a-colombia\/\",\"name\":\"Ap\u00f3s press\u00e3o de Trump, Maduro envia 15 mil militares para a fronteira com a Col\u00f4mbia - Jornal Fatos e Not\u00edcias\",\"isPartOf\":{\"@id\":\"https:\/\/jornalfatosenoticias.com.br\/#website\"},\"primaryImageOfPage\":{\"@id\":\"https:\/\/jornalfatosenoticias.com.br\/index.php\/2025\/08\/26\/apos-pressao-de-trump-maduro-envia-15-mil-militares-para-a-fronteira-com-a-colombia\/#primaryimage\"},\"image\":{\"@id\":\"https:\/\/jornalfatosenoticias.com.br\/index.php\/2025\/08\/26\/apos-pressao-de-trump-maduro-envia-15-mil-militares-para-a-fronteira-com-a-colombia\/#primaryimage\"},\"thumbnailUrl\":\"https:\/\/jornalfatosenoticias.com.br\/wp-content\/uploads\/2025\/08\/venezuela-outdoor-maduro.jpg\",\"datePublished\":\"2025-08-26T12:07:26+00:00\",\"dateModified\":\"2025-08-26T12:07:27+00:00\",\"breadcrumb\":{\"@id\":\"https:\/\/jornalfatosenoticias.com.br\/index.php\/2025\/08\/26\/apos-pressao-de-trump-maduro-envia-15-mil-militares-para-a-fronteira-com-a-colombia\/#breadcrumb\"},\"inLanguage\":\"pt-BR\",\"potentialAction\":[{\"@type\":\"ReadAction\",\"target\":[\"https:\/\/jornalfatosenoticias.com.br\/index.php\/2025\/08\/26\/apos-pressao-de-trump-maduro-envia-15-mil-militares-para-a-fronteira-com-a-colombia\/\"]}]},{\"@type\":\"ImageObject\",\"inLanguage\":\"pt-BR\",\"@id\":\"https:\/\/jornalfatosenoticias.com.br\/index.php\/2025\/08\/26\/apos-pressao-de-trump-maduro-envia-15-mil-militares-para-a-fronteira-com-a-colombia\/#primaryimage\",\"url\":\"https:\/\/jornalfatosenoticias.com.br\/wp-content\/uploads\/2025\/08\/venezuela-outdoor-maduro.jpg\",\"contentUrl\":\"https:\/\/jornalfatosenoticias.com.br\/wp-content\/uploads\/2025\/08\/venezuela-outdoor-maduro.jpg\",\"width\":960,\"height\":540},{\"@type\":\"BreadcrumbList\",\"@id\":\"https:\/\/jornalfatosenoticias.com.br\/index.php\/2025\/08\/26\/apos-pressao-de-trump-maduro-envia-15-mil-militares-para-a-fronteira-com-a-colombia\/#breadcrumb\",\"itemListElement\":[{\"@type\":\"ListItem\",\"position\":1,\"name\":\"In\u00edcio\",\"item\":\"https:\/\/jornalfatosenoticias.com.br\/\"},{\"@type\":\"ListItem\",\"position\":2,\"name\":\"Ap\u00f3s press\u00e3o de Trump, Maduro envia 15 mil militares para a fronteira com a Col\u00f4mbia\"}]},{\"@type\":\"WebSite\",\"@id\":\"https:\/\/jornalfatosenoticias.com.br\/#website\",\"url\":\"https:\/\/jornalfatosenoticias.com.br\/\",\"name\":\"Jornal Fatos e Not\u00edcias\",\"description\":\"Not\u00edcias em geral\",\"publisher\":{\"@id\":\"https:\/\/jornalfatosenoticias.com.br\/#organization\"},\"potentialAction\":[{\"@type\":\"SearchAction\",\"target\":{\"@type\":\"EntryPoint\",\"urlTemplate\":\"https:\/\/jornalfatosenoticias.com.br\/?s={search_term_string}\"},\"query-input\":{\"@type\":\"PropertyValueSpecification\",\"valueRequired\":true,\"valueName\":\"search_term_string\"}}],\"inLanguage\":\"pt-BR\"},{\"@type\":\"Organization\",\"@id\":\"https:\/\/jornalfatosenoticias.com.br\/#organization\",\"name\":\"Jornal Fatos e Not\u00edcias\",\"url\":\"https:\/\/jornalfatosenoticias.com.br\/\",\"logo\":{\"@type\":\"ImageObject\",\"inLanguage\":\"pt-BR\",\"@id\":\"https:\/\/jornalfatosenoticias.com.br\/#\/schema\/logo\/image\/\",\"url\":\"https:\/\/jornalfatosenoticias.com.br\/wp-content\/uploads\/2020\/02\/logo120.png\",\"contentUrl\":\"https:\/\/jornalfatosenoticias.com.br\/wp-content\/uploads\/2020\/02\/logo120.png\",\"width\":1227,\"height\":120,\"caption\":\"Jornal Fatos e Not\u00edcias\"},\"image\":{\"@id\":\"https:\/\/jornalfatosenoticias.com.br\/#\/schema\/logo\/image\/\"}},{\"@type\":\"Person\",\"@id\":\"https:\/\/jornalfatosenoticias.com.br\/#\/schema\/person\/d63837fa13ac8666eb9e74e0985d6f81\",\"name\":\"Luzimara Fernandes\",\"image\":{\"@type\":\"ImageObject\",\"inLanguage\":\"pt-BR\",\"@id\":\"https:\/\/jornalfatosenoticias.com.br\/#\/schema\/person\/image\/\",\"url\":\"https:\/\/jornalfatosenoticias.com.br\/wp-content\/uploads\/2025\/05\/EU_portal.jpg\",\"contentUrl\":\"https:\/\/jornalfatosenoticias.com.br\/wp-content\/uploads\/2025\/05\/EU_portal.jpg\",\"caption\":\"Luzimara Fernandes\"},\"description\":\"Jornalista MTB 2358-ES\",\"sameAs\":[\"https:\/\/jornalfatosenoticias.com.br\"],\"url\":\"https:\/\/jornalfatosenoticias.com.br\/index.php\/author\/luzimara\/\"}]}<\/script>\n<!-- \/ Yoast SEO plugin. -->","yoast_head_json":{"title":"Ap\u00f3s press\u00e3o de Trump, Maduro envia 15 mil militares para a fronteira com a Col\u00f4mbia - Jornal Fatos e Not\u00edcias","robots":{"index":"index","follow":"follow","max-snippet":"max-snippet:-1","max-image-preview":"max-image-preview:large","max-video-preview":"max-video-preview:-1"},"canonical":"https:\/\/jornalfatosenoticias.com.br\/index.php\/2025\/08\/26\/apos-pressao-de-trump-maduro-envia-15-mil-militares-para-a-fronteira-com-a-colombia\/","og_locale":"pt_BR","og_type":"article","og_title":"Ap\u00f3s press\u00e3o de Trump, Maduro envia 15 mil militares para a fronteira com a Col\u00f4mbia - Jornal Fatos e Not\u00edcias","og_description":"Outdoor do governo americano em Villa del Rosario, na Col\u00f4mbia, avisa sobre recompensa por informa\u00e7\u00f5es que levem \u00e0 captura de Maduro e seu n\u00famero 2, Diosdado Cabello Por F\u00e1bio Gal\u00e3o O regime do ditador da Venezuela, Nicol\u00e1s Maduro, anunciou, nesta segunda-feira (25), que vai enviar 15 mil militares para a fronteira com a Col\u00f4mbia.De acordo [&hellip;]","og_url":"https:\/\/jornalfatosenoticias.com.br\/index.php\/2025\/08\/26\/apos-pressao-de-trump-maduro-envia-15-mil-militares-para-a-fronteira-com-a-colombia\/","og_site_name":"Jornal Fatos e Not\u00edcias","article_published_time":"2025-08-26T12:07:26+00:00","article_modified_time":"2025-08-26T12:07:27+00:00","og_image":[{"width":960,"height":540,"url":"https:\/\/jornalfatosenoticias.com.br\/wp-content\/uploads\/2025\/08\/venezuela-outdoor-maduro.jpg","type":"image\/jpeg"}],"author":"Luzimara Fernandes","twitter_card":"summary_large_image","twitter_misc":{"Escrito por":"Luzimara Fernandes","Est. tempo de leitura":"3 minutos"},"schema":{"@context":"https:\/\/schema.org","@graph":[{"@type":"Article","@id":"https:\/\/jornalfatosenoticias.com.br\/index.php\/2025\/08\/26\/apos-pressao-de-trump-maduro-envia-15-mil-militares-para-a-fronteira-com-a-colombia\/#article","isPartOf":{"@id":"https:\/\/jornalfatosenoticias.com.br\/index.php\/2025\/08\/26\/apos-pressao-de-trump-maduro-envia-15-mil-militares-para-a-fronteira-com-a-colombia\/"},"author":{"name":"Luzimara Fernandes","@id":"https:\/\/jornalfatosenoticias.com.br\/#\/schema\/person\/d63837fa13ac8666eb9e74e0985d6f81"},"headline":"Ap\u00f3s press\u00e3o de Trump, Maduro envia 15 mil militares para a fronteira com a Col\u00f4mbia","datePublished":"2025-08-26T12:07:26+00:00","dateModified":"2025-08-26T12:07:27+00:00","mainEntityOfPage":{"@id":"https:\/\/jornalfatosenoticias.com.br\/index.php\/2025\/08\/26\/apos-pressao-de-trump-maduro-envia-15-mil-militares-para-a-fronteira-com-a-colombia\/"},"wordCount":526,"commentCount":0,"publisher":{"@id":"https:\/\/jornalfatosenoticias.com.br\/#organization"},"image":{"@id":"https:\/\/jornalfatosenoticias.com.br\/index.php\/2025\/08\/26\/apos-pressao-de-trump-maduro-envia-15-mil-militares-para-a-fronteira-com-a-colombia\/#primaryimage"},"thumbnailUrl":"https:\/\/jornalfatosenoticias.com.br\/wp-content\/uploads\/2025\/08\/venezuela-outdoor-maduro.jpg","keywords":["alistamento Maduro","Diosdado Cabello","ditador venezuelano","Mil\u00edcia Bolivariana","Nicol\u00e1s Maduro","regime chavista","traficantes de drogas","Venezuela"],"articleSection":["Internacional"],"inLanguage":"pt-BR","potentialAction":[{"@type":"CommentAction","name":"Comment","target":["https:\/\/jornalfatosenoticias.com.br\/index.php\/2025\/08\/26\/apos-pressao-de-trump-maduro-envia-15-mil-militares-para-a-fronteira-com-a-colombia\/#respond"]}]},{"@type":"WebPage","@id":"https:\/\/jornalfatosenoticias.com.br\/index.php\/2025\/08\/26\/apos-pressao-de-trump-maduro-envia-15-mil-militares-para-a-fronteira-com-a-colombia\/","url":"https:\/\/jornalfatosenoticias.com.br\/index.php\/2025\/08\/26\/apos-pressao-de-trump-maduro-envia-15-mil-militares-para-a-fronteira-com-a-colombia\/","name":"Ap\u00f3s press\u00e3o de Trump, Maduro envia 15 mil militares para a fronteira com a Col\u00f4mbia - Jornal Fatos e Not\u00edcias","isPartOf":{"@id":"https:\/\/jornalfatosenoticias.com.br\/#website"},"primaryImageOfPage":{"@id":"https:\/\/jornalfatosenoticias.com.br\/index.php\/2025\/08\/26\/apos-pressao-de-trump-maduro-envia-15-mil-militares-para-a-fronteira-com-a-colombia\/#primaryimage"},"image":{"@id":"https:\/\/jornalfatosenoticias.com.br\/index.php\/2025\/08\/26\/apos-pressao-de-trump-maduro-envia-15-mil-militares-para-a-fronteira-com-a-colombia\/#primaryimage"},"thumbnailUrl":"https:\/\/jornalfatosenoticias.com.br\/wp-content\/uploads\/2025\/08\/venezuela-outdoor-maduro.jpg","datePublished":"2025-08-26T12:07:26+00:00","dateModified":"2025-08-26T12:07:27+00:00","breadcrumb":{"@id":"https:\/\/jornalfatosenoticias.com.br\/index.php\/2025\/08\/26\/apos-pressao-de-trump-maduro-envia-15-mil-militares-para-a-fronteira-com-a-colombia\/#breadcrumb"},"inLanguage":"pt-BR","potentialAction":[{"@type":"ReadAction","target":["https:\/\/jornalfatosenoticias.com.br\/index.php\/2025\/08\/26\/apos-pressao-de-trump-maduro-envia-15-mil-militares-para-a-fronteira-com-a-colombia\/"]}]},{"@type":"ImageObject","inLanguage":"pt-BR","@id":"https:\/\/jornalfatosenoticias.com.br\/index.php\/2025\/08\/26\/apos-pressao-de-trump-maduro-envia-15-mil-militares-para-a-fronteira-com-a-colombia\/#primaryimage","url":"https:\/\/jornalfatosenoticias.com.br\/wp-content\/uploads\/2025\/08\/venezuela-outdoor-maduro.jpg","contentUrl":"https:\/\/jornalfatosenoticias.com.br\/wp-content\/uploads\/2025\/08\/venezuela-outdoor-maduro.jpg","width":960,"height":540},{"@type":"BreadcrumbList","@id":"https:\/\/jornalfatosenoticias.com.br\/index.php\/2025\/08\/26\/apos-pressao-de-trump-maduro-envia-15-mil-militares-para-a-fronteira-com-a-colombia\/#breadcrumb","itemListElement":[{"@type":"ListItem","position":1,"name":"In\u00edcio","item":"https:\/\/jornalfatosenoticias.com.br\/"},{"@type":"ListItem","position":2,"name":"Ap\u00f3s press\u00e3o de Trump, Maduro envia 15 mil militares para a fronteira com a Col\u00f4mbia"}]},{"@type":"WebSite","@id":"https:\/\/jornalfatosenoticias.com.br\/#website","url":"https:\/\/jornalfatosenoticias.com.br\/","name":"Jornal Fatos e Not\u00edcias","description":"Not\u00edcias em geral","publisher":{"@id":"https:\/\/jornalfatosenoticias.com.br\/#organization"},"potentialAction":[{"@type":"SearchAction","target":{"@type":"EntryPoint","urlTemplate":"https:\/\/jornalfatosenoticias.com.br\/?s={search_term_string}"},"query-input":{"@type":"PropertyValueSpecification","valueRequired":true,"valueName":"search_term_string"}}],"inLanguage":"pt-BR"},{"@type":"Organization","@id":"https:\/\/jornalfatosenoticias.com.br\/#organization","name":"Jornal Fatos e Not\u00edcias","url":"https:\/\/jornalfatosenoticias.com.br\/","logo":{"@type":"ImageObject","inLanguage":"pt-BR","@id":"https:\/\/jornalfatosenoticias.com.br\/#\/schema\/logo\/image\/","url":"https:\/\/jornalfatosenoticias.com.br\/wp-content\/uploads\/2020\/02\/logo120.png","contentUrl":"https:\/\/jornalfatosenoticias.com.br\/wp-content\/uploads\/2020\/02\/logo120.png","width":1227,"height":120,"caption":"Jornal Fatos e Not\u00edcias"},"image":{"@id":"https:\/\/jornalfatosenoticias.com.br\/#\/schema\/logo\/image\/"}},{"@type":"Person","@id":"https:\/\/jornalfatosenoticias.com.br\/#\/schema\/person\/d63837fa13ac8666eb9e74e0985d6f81","name":"Luzimara Fernandes","image":{"@type":"ImageObject","inLanguage":"pt-BR","@id":"https:\/\/jornalfatosenoticias.com.br\/#\/schema\/person\/image\/","url":"https:\/\/jornalfatosenoticias.com.br\/wp-content\/uploads\/2025\/05\/EU_portal.jpg","contentUrl":"https:\/\/jornalfatosenoticias.com.br\/wp-content\/uploads\/2025\/05\/EU_portal.jpg","caption":"Luzimara Fernandes"},"description":"Jornalista MTB 2358-ES","sameAs":["https:\/\/jornalfatosenoticias.com.br"],"url":"https:\/\/jornalfatosenoticias.com.br\/index.php\/author\/luzimara\/"}]}},"cc_featured_image_caption":{"caption_text":"(Foto: Reprodu\u00e7\u00e3o\/Gazeta do Povo)","source_text":"","source_url":""},"jetpack_featured_media_url":"https:\/\/jornalfatosenoticias.com.br\/wp-content\/uploads\/2025\/08\/venezuela-outdoor-maduro.jpg","_links":{"self":[{"href":"https:\/\/jornalfatosenoticias.com.br\/index.php\/wp-json\/wp\/v2\/posts\/61443","targetHints":{"allow":["GET"]}}],"collection":[{"href":"https:\/\/jornalfatosenoticias.com.br\/index.php\/wp-json\/wp\/v2\/posts"}],"about":[{"href":"https:\/\/jornalfatosenoticias.com.br\/index.php\/wp-json\/wp\/v2\/types\/post"}],"author":[{"embeddable":true,"href":"https:\/\/jornalfatosenoticias.com.br\/index.php\/wp-json\/wp\/v2\/users\/2"}],"replies":[{"embeddable":true,"href":"https:\/\/jornalfatosenoticias.com.br\/index.php\/wp-json\/wp\/v2\/comments?post=61443"}],"version-history":[{"count":0,"href":"https:\/\/jornalfatosenoticias.com.br\/index.php\/wp-json\/wp\/v2\/posts\/61443\/revisions"}],"wp:featuredmedia":[{"embeddable":true,"href":"https:\/\/jornalfatosenoticias.com.br\/index.php\/wp-json\/wp\/v2\/media\/61444"}],"wp:attachment":[{"href":"https:\/\/jornalfatosenoticias.com.br\/index.php\/wp-json\/wp\/v2\/media?parent=61443"}],"wp:term":[{"taxonomy":"category","embeddable":true,"href":"https:\/\/jornalfatosenoticias.com.br\/index.php\/wp-json\/wp\/v2\/categories?post=61443"},{"taxonomy":"post_tag","embeddable":true,"href":"https:\/\/jornalfatosenoticias.com.br\/index.php\/wp-json\/wp\/v2\/tags?post=61443"}],"curies":[{"name":"wp","href":"https:\/\/api.w.org\/{rel}","templated":true}]}}