{"id":61446,"date":"2025-08-26T09:47:59","date_gmt":"2025-08-26T12:47:59","guid":{"rendered":"https:\/\/jornalfatosenoticias.com.br\/?p=61446"},"modified":"2025-08-26T09:48:02","modified_gmt":"2025-08-26T12:48:02","slug":"pf-expoe-invasao-de-ia-espia-do-governo-federal-e-uso-pelo-pcc-para-monitorar-moro-promotor-e-stf","status":"publish","type":"post","link":"https:\/\/jornalfatosenoticias.com.br\/index.php\/2025\/08\/26\/pf-expoe-invasao-de-ia-espia-do-governo-federal-e-uso-pelo-pcc-para-monitorar-moro-promotor-e-stf\/","title":{"rendered":"PF exp\u00f5e invas\u00e3o de IA espi\u00e3 do governo federal e uso pelo PCC para monitorar Moro, promotor e STF"},"content":{"rendered":"\n<p><em><span class=\"has-inline-color has-black-color\">A reportagem da Gazeta do Povo encontrou ao menos mil logins com senha de acesso ao C\u00f3rtex dispon\u00edveis na internet para quem quisesse comprar ou para assinantes de uma plataforma que re\u00fane vazamentos de dados cr\u00edticos de acesso para plataformas no Brasil e em outros pa\u00edses<\/span><\/em><\/p>\n\n\n\n<p><span class=\"has-inline-color has-black-color\">Por <strong><a href=\"https:\/\/www.gazetadopovo.com.br\/brasil\/pf-expoe-nova-invasao-cortex-ia-espia-do-governo-federal-e-uso-pelo-pcc-para-monitorar-moro-promotor-stf\/\" rel=\"sponsored nofollow\">Aiuri Rebello<\/a><\/strong><\/span><\/p>\n\n\n\n<div class=\"wp-block-image\"><figure class=\"aligncenter size-large\"><a href=\"https:\/\/mizu.com.br\/\"><img loading=\"lazy\" decoding=\"async\" width=\"729\" height=\"90\" src=\"https:\/\/jornalfatosenoticias.com.br\/wp-content\/uploads\/2020\/02\/Logo_Mizu.png\" alt=\"\" class=\"wp-image-1441\" srcset=\"https:\/\/jornalfatosenoticias.com.br\/wp-content\/uploads\/2020\/02\/Logo_Mizu.png 729w, https:\/\/jornalfatosenoticias.com.br\/wp-content\/uploads\/2020\/02\/Logo_Mizu-300x37.png 300w\" sizes=\"auto, (max-width: 729px) 100vw, 729px\" \/><\/a><\/figure><\/div>\n\n\n\n<p>Imagine o seguinte cen\u00e1rio: o governo federal inventa uma superintelig\u00eancia artificial para uso na seguran\u00e7a p\u00fablica, capaz de unificar e cruzar dezenas de bancos de dados sigilosos com informa\u00e7\u00f5es sens\u00edveis dos cidad\u00e3os e empresas, al\u00e9m de acessar as c\u00e2meras de seguran\u00e7a e tr\u00e2nsito em tempo real, incluindo as OCRs \u2014 aquelas dos radares, capazes de fazer leitura autom\u00e1tica das placas dos ve\u00edculos \u2014 ao redor de todo o pa\u00eds.<br>Imagine agora se o acesso a esse sistema vaza e <strong>cai nas m\u00e3os do crime organizado<\/strong> para a pr\u00e1tica de golpes e fraudes, rastreamento de alvos, planejamento de assassinatos, sequestros e sabe-se mais l\u00e1 o qu\u00ea. Pior, imagine se esse sistema \u201cvaza na internet\u201d e fica dispon\u00edvel on-line, para qualquer um capaz de pagar alguns trocados por ele usar como quiser.<\/p>\n\n\n\n<div class=\"wp-block-image\"><figure class=\"aligncenter size-large is-resized\"><a href=\"https:\/\/www.facebook.com\/postobkr\/?locale=pt_BR\"><img loading=\"lazy\" decoding=\"async\" src=\"https:\/\/jornalfatosenoticias.com.br\/wp-content\/uploads\/2023\/08\/BKR-1024x1021.jpg\" alt=\"\" class=\"wp-image-44494\" width=\"314\" height=\"313\" srcset=\"https:\/\/jornalfatosenoticias.com.br\/wp-content\/uploads\/2023\/08\/BKR-1024x1021.jpg 1024w, https:\/\/jornalfatosenoticias.com.br\/wp-content\/uploads\/2023\/08\/BKR-300x300.jpg 300w, https:\/\/jornalfatosenoticias.com.br\/wp-content\/uploads\/2023\/08\/BKR-150x150.jpg 150w, https:\/\/jornalfatosenoticias.com.br\/wp-content\/uploads\/2023\/08\/BKR-768x766.jpg 768w, https:\/\/jornalfatosenoticias.com.br\/wp-content\/uploads\/2023\/08\/BKR.jpg 1080w\" sizes=\"auto, (max-width: 314px) 100vw, 314px\" \/><\/a><\/figure><\/div>\n\n\n\n<p>Essa hist\u00f3ria, digna de um roteiro ruim para filme policial misturado com a\u00e7\u00e3o, fic\u00e7\u00e3o cient\u00edfica e at\u00e9, dependendo do ponto de vista, terror, aconteceu de verdade no Brasil n\u00e3o uma, mas pelo menos duas vezes \u2014 na verdade, <strong>existem boas chances de continuar acontecendo agora mesmo.<\/strong> Investiga\u00e7\u00e3o da Pol\u00edcia Federal (PF) na opera\u00e7\u00e3o i-Fraude descobriu que um grupo criminoso que vendia acesso a dados de milh\u00f5es de brasileiros por meio de uma plataforma na internet tinha acesso ao <strong>C\u00f3rtex, o megaprograma espi\u00e3o do Minist\u00e9rio da Justi\u00e7a e Seguran\u00e7a P\u00fablica.<\/strong> Entre os mais de 10 mil \u201cclientes&#8221; cadastrados na plataforma on-line criminosa batizada de \u201ci-Find&#8221;, pela qual pagavam a partir de R$ 20 a di\u00e1ria, est\u00e3o figuras ligadas ao crime organizado. <\/p>\n\n\n\n<div class=\"wp-block-image\"><figure class=\"aligncenter size-large is-resized\"><a href=\"https:\/\/www.instagram.com\/serra4x4cambioautomatico\/\"><img loading=\"lazy\" decoding=\"async\" src=\"https:\/\/jornalfatosenoticias.com.br\/wp-content\/uploads\/2024\/08\/Serra-4x4-1-886x1024.jpg\" alt=\"\" class=\"wp-image-53632\" width=\"289\" height=\"334\" srcset=\"https:\/\/jornalfatosenoticias.com.br\/wp-content\/uploads\/2024\/08\/Serra-4x4-1-886x1024.jpg 886w, https:\/\/jornalfatosenoticias.com.br\/wp-content\/uploads\/2024\/08\/Serra-4x4-1-260x300.jpg 260w, https:\/\/jornalfatosenoticias.com.br\/wp-content\/uploads\/2024\/08\/Serra-4x4-1-768x888.jpg 768w, https:\/\/jornalfatosenoticias.com.br\/wp-content\/uploads\/2024\/08\/Serra-4x4-1.jpg 1181w\" sizes=\"auto, (max-width: 289px) 100vw, 289px\" \/><\/a><\/figure><\/div>\n\n\n\n<p>Tamb\u00e9m figuram na lista diversos agentes das for\u00e7as de seguran\u00e7a p\u00fablica.<br>Segundo as investiga\u00e7\u00f5es da PF, h\u00e1 ind\u00edcios de que o C\u00f3rtex foi utilizado por criminosos ligados ao Primeiro Comando da Capital (PCC) via \u201ci-Find\u201d para monitorar e colher informa\u00e7\u00f5es sobre o senador paranaense S\u00e9rgio Moro (Uni\u00e3o Brasil), o promotor Lincoln Gakiya, do Minist\u00e9rio P\u00fablico de S\u00e3o Paulo e considerado o \u201cinimigo n\u00famero 1\u201d da fac\u00e7\u00e3o, al\u00e9m de ministros do Supremo Tribunal Federal (STF), outras autoridades e personalidades p\u00fablicas, como o diretor-geral da Pol\u00edcia Federal, Andrei Rodrigues.<\/p>\n\n\n\n<div class=\"wp-block-image\"><figure class=\"aligncenter size-large is-resized\"><a href=\"https:\/\/hotelmarquetti.com.br\/\"><img loading=\"lazy\" decoding=\"async\" src=\"https:\/\/jornalfatosenoticias.com.br\/wp-content\/uploads\/2020\/02\/LOGO-MQ-1024x680.jpg\" alt=\"\" class=\"wp-image-58299\" width=\"326\" height=\"217\" srcset=\"https:\/\/jornalfatosenoticias.com.br\/wp-content\/uploads\/2020\/02\/LOGO-MQ-1024x680.jpg 1024w, https:\/\/jornalfatosenoticias.com.br\/wp-content\/uploads\/2020\/02\/LOGO-MQ-300x199.jpg 300w, https:\/\/jornalfatosenoticias.com.br\/wp-content\/uploads\/2020\/02\/LOGO-MQ-768x510.jpg 768w, https:\/\/jornalfatosenoticias.com.br\/wp-content\/uploads\/2020\/02\/LOGO-MQ-1536x1020.jpg 1536w, https:\/\/jornalfatosenoticias.com.br\/wp-content\/uploads\/2020\/02\/LOGO-MQ-2048x1360.jpg 2048w\" sizes=\"auto, (max-width: 326px) 100vw, 326px\" \/><\/a><\/figure><\/div>\n\n\n\n<p>A opera\u00e7\u00e3o i-Fraude foi deflagrada pela PF no come\u00e7o do ano passado, mas detalhes sobre o uso do C\u00f3rtex pelo grupo criminoso vieram \u00e0 tona nos \u00faltimos dias, com informa\u00e7\u00f5es do processo sigiloso que tramita na 12.\u00aa Vara da Justi\u00e7a Federal do Distrito Federal, divulgadas primeiramente pelo site O Bastidor \u2014 as informa\u00e7\u00f5es foram confirmadas pela reportagem da <strong>Gazeta do Povo.<\/strong><\/p>\n\n\n\n<div class=\"wp-block-image\"><figure class=\"aligncenter size-large\"><a href=\"https:\/\/www.cesconetto.com.br\/\"><img loading=\"lazy\" decoding=\"async\" width=\"300\" height=\"250\" src=\"https:\/\/jornalfatosenoticias.com.br\/wp-content\/uploads\/2020\/02\/Banner-2.png\" alt=\"\" class=\"wp-image-43787\"\/><\/a><\/figure><\/div>\n\n\n\n<p>De acordo com as investiga\u00e7\u00f5es da pol\u00edcia, os <em>hackers<\/em> que conseguiram invadir e vendiam o acesso ao C\u00f3rtex <strong>faturaram cerca de R$ 10 milh\u00f5es de 2020 a 2024, <\/strong>per\u00edodo no qual o sistema clandestino ficou no ar. Um jovem de 22 anos foi apontado como chefe do esquema e preso junto com o pai, de 54 anos, em Vinhedo, no interior de S\u00e3o Paulo, junto com mais um comparsa.<\/p>\n\n\n\n<div class=\"wp-block-image\"><figure class=\"aligncenter size-large is-resized\"><a href=\"https:\/\/www.instagram.com\/restaurantepegoretti\/\"><img loading=\"lazy\" decoding=\"async\" src=\"https:\/\/jornalfatosenoticias.com.br\/wp-content\/uploads\/2023\/12\/pegoretti-logo-pdf-1024x389.jpg\" alt=\"\" class=\"wp-image-47536\" width=\"496\" height=\"188\" srcset=\"https:\/\/jornalfatosenoticias.com.br\/wp-content\/uploads\/2023\/12\/pegoretti-logo-pdf-1024x389.jpg 1024w, https:\/\/jornalfatosenoticias.com.br\/wp-content\/uploads\/2023\/12\/pegoretti-logo-pdf-300x114.jpg 300w, https:\/\/jornalfatosenoticias.com.br\/wp-content\/uploads\/2023\/12\/pegoretti-logo-pdf-768x291.jpg 768w, https:\/\/jornalfatosenoticias.com.br\/wp-content\/uploads\/2023\/12\/pegoretti-logo-pdf.jpg 1120w\" sizes=\"auto, (max-width: 496px) 100vw, 496px\" \/><\/a><\/figure><\/div>\n\n\n\n<p>O painel de consulta era oferecido, principalmente, atrav\u00e9s de plataformas de redes sociais. Existiam diversos \u201cplanos de mensalidades&#8221;, de acordo com o n\u00famero de consultas realizadas. Tal painel contava com aproximadamente 10 mil \u201cassinantes\u201d, com uma m\u00e9dia de 10 milh\u00f5es de consultas mensais.<\/p>\n\n\n\n<div class=\"wp-block-image\"><figure class=\"aligncenter size-large is-resized\"><a href=\"https:\/\/www.instagram.com\/esteio.churrascaria\/\"><img loading=\"lazy\" decoding=\"async\" src=\"https:\/\/jornalfatosenoticias.com.br\/wp-content\/uploads\/2022\/02\/LOGO-ESTEIO-1024x730.png\" alt=\"\" class=\"wp-image-27942\" width=\"353\" height=\"251\" srcset=\"https:\/\/jornalfatosenoticias.com.br\/wp-content\/uploads\/2022\/02\/LOGO-ESTEIO-1024x730.png 1024w, https:\/\/jornalfatosenoticias.com.br\/wp-content\/uploads\/2022\/02\/LOGO-ESTEIO-300x214.png 300w, https:\/\/jornalfatosenoticias.com.br\/wp-content\/uploads\/2022\/02\/LOGO-ESTEIO-768x548.png 768w, https:\/\/jornalfatosenoticias.com.br\/wp-content\/uploads\/2022\/02\/LOGO-ESTEIO.png 1123w\" sizes=\"auto, (max-width: 353px) 100vw, 353px\" \/><\/a><\/figure><\/div>\n\n\n\n<blockquote class=\"wp-block-quote is-layout-flow wp-block-quote-is-layout-flow\"><p><span class=\"has-inline-color has-luminous-vivid-orange-color\">A plataforma &#8216;i-Find&#8217; se trata de um painel\/sistema criminoso de consultas que utiliza indevidamente bases governamentais e privadas, dentre elas a da plataforma C\u00f3rtex, do Minist\u00e9rio da Justi\u00e7a\u201d, afirma um trecho de relat\u00f3rio da PF.<\/span><\/p><\/blockquote>\n\n\n\n<div class=\"wp-block-image\"><figure class=\"aligncenter size-large is-resized\"><a href=\"https:\/\/www.instagram.com\/gruposei\/\"><img loading=\"lazy\" decoding=\"async\" src=\"https:\/\/jornalfatosenoticias.com.br\/wp-content\/uploads\/2022\/07\/Logo-Grupo-SEI.jpg\" alt=\"\" class=\"wp-image-31973\" width=\"361\" height=\"189\" srcset=\"https:\/\/jornalfatosenoticias.com.br\/wp-content\/uploads\/2022\/07\/Logo-Grupo-SEI.jpg 713w, https:\/\/jornalfatosenoticias.com.br\/wp-content\/uploads\/2022\/07\/Logo-Grupo-SEI-300x158.jpg 300w\" sizes=\"auto, (max-width: 361px) 100vw, 361px\" \/><\/a><\/figure><\/div>\n\n\n\n<p>O inqu\u00e9rito foi conclu\u00eddo pela PF neste ano, com o indiciamento dos tr\u00eas envolvidos. A pr\u00f3pria Pol\u00edcia Federal estabelece conex\u00e3o entre as consultas na plataforma ilegal e o <a href=\"https:\/\/www.gazetadopovo.com.br\/parana\/por-que-pcc-quer-matar-sergio-moro\/\" target=\"_blank\" rel=\"noreferrer noopener\">plano do PCC de assassinar Moro<\/a> em 2023. Em 22 de mar\u00e7o daquele ano, a corpora\u00e7\u00e3o deflagrou uma opera\u00e7\u00e3o contra uma c\u00e9lula da fac\u00e7\u00e3o que pretendia matar o senador e o promotor Lincoln Gakiya, a maior autoridade no combate ao PCC no Brasil.<\/p>\n\n\n\n<div class=\"wp-block-image\"><figure class=\"aligncenter size-large is-resized\"><a href=\"https:\/\/www.instagram.com\/rcradiadores\/\"><img loading=\"lazy\" decoding=\"async\" src=\"https:\/\/jornalfatosenoticias.com.br\/wp-content\/uploads\/2022\/10\/RC_800x750_page-0001.jpg\" alt=\"\" class=\"wp-image-35338\" width=\"308\" height=\"289\" srcset=\"https:\/\/jornalfatosenoticias.com.br\/wp-content\/uploads\/2022\/10\/RC_800x750_page-0001.jpg 400w, https:\/\/jornalfatosenoticias.com.br\/wp-content\/uploads\/2022\/10\/RC_800x750_page-0001-300x281.jpg 300w\" sizes=\"auto, (max-width: 308px) 100vw, 308px\" \/><\/a><\/figure><\/div>\n\n\n\n<p><strong><span class=\"has-inline-color has-black-color\">Reportagem da Gazeta do Povo encontra na internet cerca de mil logins com senha de acesso ao C\u00f3rtex<br><\/span><\/strong>Com a ajuda de Jo\u00e3o Lucas Melo Brasio \u2014 especialista em seguran\u00e7a da informa\u00e7\u00e3o, diretor-executivo da Elytron Securuty S.A. e presidente da <em>White Hat Hackers,<\/em> uma comunidade de pesquisa em seguran\u00e7a \u2014 a reportagem da Gazeta do Povo encontrou ao menos mil <em>logins<\/em> com senha de acesso ao C\u00f3rtex dispon\u00edveis na internet na tarde da \u00faltima quinta-feira (21) para quem quisesse comprar ou para assinantes de uma plataforma digital que re\u00fane vazamentos de dados cr\u00edticos de acesso para plataformas no Brasil e em outros pa\u00edses.<\/p>\n\n\n\n<div class=\"wp-block-image\"><figure class=\"aligncenter size-large is-resized\"><a href=\"https:\/\/www.facebook.com\/vetor.vix\/\"><img loading=\"lazy\" decoding=\"async\" src=\"https:\/\/jornalfatosenoticias.com.br\/wp-content\/uploads\/2023\/09\/vetorvix1024_1.jpg\" alt=\"\" class=\"wp-image-44868\" width=\"550\" height=\"146\" srcset=\"https:\/\/jornalfatosenoticias.com.br\/wp-content\/uploads\/2023\/09\/vetorvix1024_1.jpg 1024w, https:\/\/jornalfatosenoticias.com.br\/wp-content\/uploads\/2023\/09\/vetorvix1024_1-300x80.jpg 300w, https:\/\/jornalfatosenoticias.com.br\/wp-content\/uploads\/2023\/09\/vetorvix1024_1-768x205.jpg 768w\" sizes=\"auto, (max-width: 550px) 100vw, 550px\" \/><\/a><\/figure><\/div>\n\n\n\n<p>Em tese, as informa\u00e7\u00f5es s\u00e3o v\u00e1lidas. A reportagem e o especialista em seguran\u00e7a n\u00e3o adquiriram ou testaram as credenciais de acesso ao C\u00f3rtex encontradas na internet para n\u00e3o incorrer em crime de invas\u00e3o de banco de dados, previsto no C\u00f3digo Penal.<\/p>\n\n\n\n<blockquote class=\"wp-block-quote is-layout-flow wp-block-quote-is-layout-flow\"><p><span class=\"has-inline-color has-luminous-vivid-orange-color\">O C\u00f3rtex \u00e9 uma ferramenta muito poderosa, e trata-se de algo grav\u00edssimo essa situa\u00e7\u00e3o na qual vivemos, sem a devida aten\u00e7\u00e3o da popula\u00e7\u00e3o e do poder p\u00fablico\u201d, alerta Brasio.<\/span><\/p><\/blockquote>\n\n\n\n<div class=\"wp-block-image\"><figure class=\"aligncenter size-large\"><a href=\"http:\/\/www.ferrarimaquinas.com.br\/\"><img loading=\"lazy\" decoding=\"async\" width=\"300\" height=\"250\" src=\"https:\/\/jornalfatosenoticias.com.br\/wp-content\/uploads\/2022\/02\/FERRARI_MAQUINAS-E-FERRAMENTAS2.jpg\" alt=\"\" class=\"wp-image-27860\"\/><\/a><\/figure><\/div>\n\n\n\n<p>O C\u00f3rtex re\u00fane e cruza, com poucos cliques em um \u00fanico programa, bases de dados sigilosas do pa\u00eds inteiro. Isso inclui acesso \u00e0s c\u00e2meras com leitura de placas de ve\u00edculos em tempo real nas cidades e rodovias; Rais (Rela\u00e7\u00e3o Anual de Informa\u00e7\u00f5es Sociais) e Detrans (Departamentos de Tr\u00e2nsito).<\/p>\n\n\n\n<div class=\"wp-block-image\"><figure class=\"aligncenter size-large is-resized\"><a href=\"https:\/\/legisjuris.com.br\/\"><img loading=\"lazy\" decoding=\"async\" src=\"https:\/\/jornalfatosenoticias.com.br\/wp-content\/uploads\/2024\/09\/Legis-Juris-Consultoria_logo.jpg\" alt=\"\" class=\"wp-image-53915\" width=\"523\" height=\"219\" srcset=\"https:\/\/jornalfatosenoticias.com.br\/wp-content\/uploads\/2024\/09\/Legis-Juris-Consultoria_logo.jpg 969w, https:\/\/jornalfatosenoticias.com.br\/wp-content\/uploads\/2024\/09\/Legis-Juris-Consultoria_logo-300x126.jpg 300w, https:\/\/jornalfatosenoticias.com.br\/wp-content\/uploads\/2024\/09\/Legis-Juris-Consultoria_logo-768x322.jpg 768w\" sizes=\"auto, (max-width: 523px) 100vw, 523px\" \/><\/a><\/figure><\/div>\n\n\n\n<p><strong><span class=\"has-inline-color has-black-color\">O tipo de dados dispon\u00edveis no programa C\u00f3rtex<br><\/span><\/strong>N\u00e3o para por a\u00ed: o especialista em seguran\u00e7a da informa\u00e7\u00e3o explica que o sistema tamb\u00e9m abrange toda a base de boletins de ocorr\u00eancia da pol\u00edcia e identifica\u00e7\u00e3o de pessoas das secretarias de Seguran\u00e7a P\u00fablica, bases de dados das pol\u00edcias Militar, Civil, Federal e Rodovi\u00e1ria Federal. Junto, h\u00e1 dados sigilosos da Receita Federal, Sistema \u00danico de Sa\u00fade (SUS), Conselho de Controle de Atividades Financeiras (Coaf).<\/p>\n\n\n\n<div class=\"wp-block-image\"><figure class=\"aligncenter size-large is-resized\"><a href=\"https:\/\/panper.com.br\/\"><img loading=\"lazy\" decoding=\"async\" src=\"https:\/\/jornalfatosenoticias.com.br\/wp-content\/uploads\/2023\/03\/logo-Panper_portal.jpg\" alt=\"\" class=\"wp-image-40208\" width=\"357\" height=\"247\" srcset=\"https:\/\/jornalfatosenoticias.com.br\/wp-content\/uploads\/2023\/03\/logo-Panper_portal.jpg 400w, https:\/\/jornalfatosenoticias.com.br\/wp-content\/uploads\/2023\/03\/logo-Panper_portal-300x208.jpg 300w\" sizes=\"auto, (max-width: 357px) 100vw, 357px\" \/><\/a><\/figure><\/div>\n\n\n\n<p>A lista segue com possibilidade de acesso a nomes de passageiros e voos das companhias a\u00e9reas, embarca\u00e7\u00f5es, \u00f4nibus de viagem e municipais com quem passou pelas catracas em tempo real, c\u00e2meras de seguran\u00e7a da pol\u00edcia, das cidades e das estradas, perfil gen\u00e9tico de criminosos, biometrias variadas da popula\u00e7\u00e3o como impress\u00f5es digitais, assinaturas. <em>&#8220;O famoso phishing \u00e9 muito mais disseminado e silencioso do que imaginamos&#8221;,<\/em> explica Jo\u00e3o Lucas Melo Brasio, especialista em seguran\u00e7a da informa\u00e7\u00e3o.<\/p>\n\n\n\n<div class=\"wp-block-image\"><figure class=\"aligncenter size-large is-resized\"><a href=\"https:\/\/www.facebook.com\/profile.php?id=100069289606145\"><img loading=\"lazy\" decoding=\"async\" src=\"https:\/\/jornalfatosenoticias.com.br\/wp-content\/uploads\/2024\/11\/Guaitolini-Contabilidade-1024x714.jpeg\" alt=\"\" class=\"wp-image-55808\" width=\"342\" height=\"238\" srcset=\"https:\/\/jornalfatosenoticias.com.br\/wp-content\/uploads\/2024\/11\/Guaitolini-Contabilidade-1024x714.jpeg 1024w, https:\/\/jornalfatosenoticias.com.br\/wp-content\/uploads\/2024\/11\/Guaitolini-Contabilidade-300x209.jpeg 300w, https:\/\/jornalfatosenoticias.com.br\/wp-content\/uploads\/2024\/11\/Guaitolini-Contabilidade-768x535.jpeg 768w, https:\/\/jornalfatosenoticias.com.br\/wp-content\/uploads\/2024\/11\/Guaitolini-Contabilidade.jpeg 1280w\" sizes=\"auto, (max-width: 342px) 100vw, 342px\" \/><\/a><\/figure><\/div>\n\n\n\n<blockquote class=\"wp-block-quote is-layout-flow wp-block-quote-is-layout-flow\"><p><span class=\"has-inline-color has-luminous-vivid-orange-color\">Todos os dados pessoais como endere\u00e7o e telefone, familiares, e muito mais dados sens\u00edveis de cidad\u00e3os e empresas. O c\u00e9u \u00e9 o limite para o que se pode fazer com isso tudo\u201d, explica o especialista.<\/span><\/p><\/blockquote>\n\n\n\n<div class=\"wp-block-image\"><figure class=\"aligncenter size-large is-resized\"><a href=\"https:\/\/www.controlsystems.com.br\/\"><img loading=\"lazy\" decoding=\"async\" src=\"https:\/\/jornalfatosenoticias.com.br\/wp-content\/uploads\/2020\/02\/CONTROL-CS.jpg\" alt=\"\" class=\"wp-image-44991\" width=\"273\" height=\"327\" srcset=\"https:\/\/jornalfatosenoticias.com.br\/wp-content\/uploads\/2020\/02\/CONTROL-CS.jpg 834w, https:\/\/jornalfatosenoticias.com.br\/wp-content\/uploads\/2020\/02\/CONTROL-CS-250x300.jpg 250w, https:\/\/jornalfatosenoticias.com.br\/wp-content\/uploads\/2020\/02\/CONTROL-CS-768x921.jpg 768w\" sizes=\"auto, (max-width: 273px) 100vw, 273px\" \/><\/a><\/figure><\/div>\n\n\n\n<p>Conforme a an\u00e1lise de Brasio, a maioria dos donos dessas credenciais de acesso n\u00e3o sabe que seus dados est\u00e3o vazados e podem estar sendo usados para acessar o C\u00f3rtex em seu nome. &#8220;Os dados s\u00e3o capturados com links maliciosos e outros subterf\u00fagios silenciosos. O famoso phishing, por exemplo, \u00e9 muito mais disseminado e silencioso do que imaginamos\u201d, afirma.<\/p>\n\n\n\n<div class=\"wp-block-image\"><figure class=\"aligncenter size-large is-resized\"><a href=\"https:\/\/www.facebook.com\/postobkr\/?locale=pt_BR\"><img loading=\"lazy\" decoding=\"async\" src=\"https:\/\/jornalfatosenoticias.com.br\/wp-content\/uploads\/2023\/08\/BKR-1024x1021.jpg\" alt=\"\" class=\"wp-image-44494\" width=\"342\" height=\"341\" srcset=\"https:\/\/jornalfatosenoticias.com.br\/wp-content\/uploads\/2023\/08\/BKR-1024x1021.jpg 1024w, https:\/\/jornalfatosenoticias.com.br\/wp-content\/uploads\/2023\/08\/BKR-300x300.jpg 300w, https:\/\/jornalfatosenoticias.com.br\/wp-content\/uploads\/2023\/08\/BKR-150x150.jpg 150w, https:\/\/jornalfatosenoticias.com.br\/wp-content\/uploads\/2023\/08\/BKR-768x766.jpg 768w, https:\/\/jornalfatosenoticias.com.br\/wp-content\/uploads\/2023\/08\/BKR.jpg 1080w\" sizes=\"auto, (max-width: 342px) 100vw, 342px\" \/><\/a><\/figure><\/div>\n\n\n\n<blockquote class=\"wp-block-quote is-layout-flow wp-block-quote-is-layout-flow\"><p><span class=\"has-inline-color has-luminous-vivid-orange-color\">J\u00e1 seria grav\u00edssimo se isso fosse algo raro, com acesso dispon\u00edvel apenas para quadrilhas milion\u00e1rias e sofisticadas. Agora, o C\u00f3rtex estar dessa forma, aberto na internet, dispon\u00edvel para qualquer um usar, por um pre\u00e7o totalmente acess\u00edvel ainda por cima, \u00e9 aterrador\u201d, avalia o especialista em seguran\u00e7a da informa\u00e7\u00e3o.<\/span><\/p><\/blockquote>\n\n\n\n<div class=\"wp-block-image\"><figure class=\"aligncenter size-large is-resized\"><a href=\"https:\/\/www.instagram.com\/restaurantepegoretti\/\"><img loading=\"lazy\" decoding=\"async\" src=\"https:\/\/jornalfatosenoticias.com.br\/wp-content\/uploads\/2023\/12\/pegoretti-logo-pdf-1024x389.jpg\" alt=\"\" class=\"wp-image-47536\" width=\"548\" height=\"208\" srcset=\"https:\/\/jornalfatosenoticias.com.br\/wp-content\/uploads\/2023\/12\/pegoretti-logo-pdf-1024x389.jpg 1024w, https:\/\/jornalfatosenoticias.com.br\/wp-content\/uploads\/2023\/12\/pegoretti-logo-pdf-300x114.jpg 300w, https:\/\/jornalfatosenoticias.com.br\/wp-content\/uploads\/2023\/12\/pegoretti-logo-pdf-768x291.jpg 768w, https:\/\/jornalfatosenoticias.com.br\/wp-content\/uploads\/2023\/12\/pegoretti-logo-pdf.jpg 1120w\" sizes=\"auto, (max-width: 548px) 100vw, 548px\" \/><\/a><\/figure><\/div>\n\n\n\n<p><strong><span class=\"has-inline-color has-black-color\">Minist\u00e9rio da Justi\u00e7a n\u00e3o tem controle sobre sua IA espi\u00e3<br><\/span><\/strong>A falta de controle do Minist\u00e9rio da Justi\u00e7a sobre sua intelig\u00eancia artificial espi\u00e3 tamb\u00e9m n\u00e3o ajuda na seguran\u00e7a do sistema. O site do C\u00f3rtex, mesmo depois dos incidentes de seguran\u00e7a, continua acess\u00edvel por meio de qualquer navegador com acesso \u00e0 internet, sem a necessidade de uma VPN espec\u00edfica ou outro equipamento mais sofisticado, como um token de acesso f\u00edsico ou virtual \u2014 a reportagem da Gazeta do Povo fez esta verifica\u00e7\u00e3o na tarde da \u00faltima quinta-feira.<\/p>\n\n\n\n<div class=\"wp-block-image\"><figure class=\"aligncenter size-large is-resized\"><a href=\"https:\/\/hotelmarquetti.com.br\/\"><img loading=\"lazy\" decoding=\"async\" src=\"https:\/\/jornalfatosenoticias.com.br\/wp-content\/uploads\/2020\/02\/LOGO-MQ-1024x680.jpg\" alt=\"\" class=\"wp-image-58299\" width=\"357\" height=\"237\" srcset=\"https:\/\/jornalfatosenoticias.com.br\/wp-content\/uploads\/2020\/02\/LOGO-MQ-1024x680.jpg 1024w, https:\/\/jornalfatosenoticias.com.br\/wp-content\/uploads\/2020\/02\/LOGO-MQ-300x199.jpg 300w, https:\/\/jornalfatosenoticias.com.br\/wp-content\/uploads\/2020\/02\/LOGO-MQ-768x510.jpg 768w, https:\/\/jornalfatosenoticias.com.br\/wp-content\/uploads\/2020\/02\/LOGO-MQ-1536x1020.jpg 1536w, https:\/\/jornalfatosenoticias.com.br\/wp-content\/uploads\/2020\/02\/LOGO-MQ-2048x1360.jpg 2048w\" sizes=\"auto, (max-width: 357px) 100vw, 357px\" \/><\/a><\/figure><\/div>\n\n\n\n<p>Agora, para acessar o C\u00f3rtex, basta o usu\u00e1rio com permiss\u00e3o fazer um login na sua conta \u201c.gov\u201d n\u00edvel ouro e usar o sistema de qualquer lugar, mesmo do telefone celular, ao inv\u00e9s de utilizar um login e senha pr\u00f3prios, como antigamente. Esta parece ter sido a \u00fanica evolu\u00e7\u00e3o no controle de acesso da plataforma \u2014 algo avaliado como insuficiente pelos especialistas consultados pela reportagem da <strong>Gazeta do Povo.<\/strong><\/p>\n\n\n\n<div class=\"wp-block-image\"><figure class=\"aligncenter size-large is-resized\"><a href=\"https:\/\/www.instagram.com\/serra4x4cambioautomatico\/\"><img loading=\"lazy\" decoding=\"async\" src=\"https:\/\/jornalfatosenoticias.com.br\/wp-content\/uploads\/2024\/08\/Serra-4x4-1-886x1024.jpg\" alt=\"\" class=\"wp-image-53632\" width=\"301\" height=\"348\" srcset=\"https:\/\/jornalfatosenoticias.com.br\/wp-content\/uploads\/2024\/08\/Serra-4x4-1-886x1024.jpg 886w, https:\/\/jornalfatosenoticias.com.br\/wp-content\/uploads\/2024\/08\/Serra-4x4-1-260x300.jpg 260w, https:\/\/jornalfatosenoticias.com.br\/wp-content\/uploads\/2024\/08\/Serra-4x4-1-768x888.jpg 768w, https:\/\/jornalfatosenoticias.com.br\/wp-content\/uploads\/2024\/08\/Serra-4x4-1.jpg 1181w\" sizes=\"auto, (max-width: 301px) 100vw, 301px\" \/><\/a><\/figure><\/div>\n\n\n\n<blockquote class=\"wp-block-quote is-layout-flow wp-block-quote-is-layout-flow\"><p>Minist\u00e9rio da Justi\u00e7a descobriu caso de usu\u00e1rio que fez um milh\u00e3o de pesquisas no C\u00f3rtex em um \u00fanico dia, o que sugere o uso de rob\u00f4s para a extra\u00e7\u00e3o de dados sens\u00edveis&#8221;.<\/p><\/blockquote>\n\n\n\n<div class=\"wp-block-image\"><figure class=\"aligncenter size-large\"><a href=\"https:\/\/mizu.com.br\/\"><img loading=\"lazy\" decoding=\"async\" width=\"729\" height=\"90\" src=\"https:\/\/jornalfatosenoticias.com.br\/wp-content\/uploads\/2020\/02\/Logo_Mizu.png\" alt=\"\" class=\"wp-image-1441\" srcset=\"https:\/\/jornalfatosenoticias.com.br\/wp-content\/uploads\/2020\/02\/Logo_Mizu.png 729w, https:\/\/jornalfatosenoticias.com.br\/wp-content\/uploads\/2020\/02\/Logo_Mizu-300x37.png 300w\" sizes=\"auto, (max-width: 729px) 100vw, 729px\" \/><\/a><\/figure><\/div>\n\n\n\n<p>De acordo com informa\u00e7\u00f5es obtidas pela Ag\u00eancia P\u00fablica com base na Lei de Acesso \u00e0 Informa\u00e7\u00e3o (LAI), em outubro do ano passado, cerca de 55 mil agentes p\u00fablicos civis e militares possuem acesso autorizado ao C\u00f3rtex, distribu\u00eddos em mais de 180 \u00f3rg\u00e3os p\u00fablicos. Ao menos 360 mil \u201calvos\u201d foram inseridos no sistema em 2019, quando come\u00e7ou a ser implantado, at\u00e9 2022 \u2014 mas o n\u00famero n\u00e3o parou de crescer at\u00e9 hoje.<\/p>\n\n\n\n<div class=\"wp-block-image\"><figure class=\"aligncenter size-large\"><a href=\"http:\/\/www.ferrarimaquinas.com.br\/\"><img loading=\"lazy\" decoding=\"async\" width=\"300\" height=\"250\" src=\"https:\/\/jornalfatosenoticias.com.br\/wp-content\/uploads\/2022\/02\/FERRARI_MAQUINAS-E-FERRAMENTAS2.jpg\" alt=\"\" class=\"wp-image-27860\"\/><\/a><\/figure><\/div>\n\n\n\n<p>Foram registrados 62 relat\u00f3rios de auditoria em mais de quatro anos de uso intenso do programa. Documentos revelam ainda que o Minist\u00e9rio da Justi\u00e7a descobriu pelo menos um caso de usu\u00e1rio que fez um milh\u00e3o de pesquisas no C\u00f3rtex em um \u00fanico dia, o que sugere o uso de rob\u00f4s para a extra\u00e7\u00e3o de dados sens\u00edveis.<\/p>\n\n\n\n<div class=\"wp-block-image\"><figure class=\"aligncenter size-large is-resized\"><a href=\"https:\/\/www.facebook.com\/vetor.vix\/\"><img loading=\"lazy\" decoding=\"async\" src=\"https:\/\/jornalfatosenoticias.com.br\/wp-content\/uploads\/2023\/09\/vetorvix1024_1.jpg\" alt=\"\" class=\"wp-image-44868\" width=\"550\" height=\"146\" srcset=\"https:\/\/jornalfatosenoticias.com.br\/wp-content\/uploads\/2023\/09\/vetorvix1024_1.jpg 1024w, https:\/\/jornalfatosenoticias.com.br\/wp-content\/uploads\/2023\/09\/vetorvix1024_1-300x80.jpg 300w, https:\/\/jornalfatosenoticias.com.br\/wp-content\/uploads\/2023\/09\/vetorvix1024_1-768x205.jpg 768w\" sizes=\"auto, (max-width: 550px) 100vw, 550px\" \/><\/a><\/figure><\/div>\n\n\n\n<p><strong><span class=\"has-inline-color has-black-color\">N\u00e3o \u00e9 a primeira vez&#8230;<br><\/span><\/strong>Em junho de 2023, a Pol\u00edcia Civil do Distrito Federal deflagrou a opera\u00e7\u00e3o Rock You \u2014 precursora que deu origem \u00e0 opera\u00e7\u00e3o i-Fraude da PF. Nela, a investiga\u00e7\u00e3o levou a uma outra quadrilha que tamb\u00e9m havia \u201chackeado&#8221; o C\u00f3rtex e vendia o acesso, junto ao de outros bancos de dados p\u00fablicos e privados, em uma plataforma on-line chamada \u201cPainel Analytics\u201d.<\/p>\n\n\n\n<div class=\"wp-block-image\"><figure class=\"aligncenter size-large is-resized\"><a href=\"https:\/\/legisjuris.com.br\/\"><img loading=\"lazy\" decoding=\"async\" src=\"https:\/\/jornalfatosenoticias.com.br\/wp-content\/uploads\/2024\/09\/Legis-Juris-Consultoria_logo.jpg\" alt=\"\" class=\"wp-image-53915\" width=\"551\" height=\"231\" srcset=\"https:\/\/jornalfatosenoticias.com.br\/wp-content\/uploads\/2024\/09\/Legis-Juris-Consultoria_logo.jpg 969w, https:\/\/jornalfatosenoticias.com.br\/wp-content\/uploads\/2024\/09\/Legis-Juris-Consultoria_logo-300x126.jpg 300w, https:\/\/jornalfatosenoticias.com.br\/wp-content\/uploads\/2024\/09\/Legis-Juris-Consultoria_logo-768x322.jpg 768w\" sizes=\"auto, (max-width: 551px) 100vw, 551px\" \/><\/a><\/figure><\/div>\n\n\n\n<p>O acesso ao site com os dados sigilosos das v\u00edtimas era vendido a qualquer um pelo Telegram ou pelo WhatsApp, em assinaturas de pacotes por sete, 15 ou 30 dias com valores que variavam, respectivamente, entre R$ 150, R$ 200 e R$ 350. Ao todo, a per\u00edcia da pol\u00edcia no DF constatou que <strong>1.453 pessoas compraram acesso ilegal ao site que espelhava o C\u00f3rtex<\/strong> para os mais diversos fins, naquela ocasi\u00e3o, antes da p\u00e1gina ser derrubada por ordem da Justi\u00e7a.<\/p>\n\n\n\n<div class=\"wp-block-image\"><figure class=\"aligncenter size-large is-resized\"><a href=\"https:\/\/www.controlsystems.com.br\/\"><img loading=\"lazy\" decoding=\"async\" src=\"https:\/\/jornalfatosenoticias.com.br\/wp-content\/uploads\/2020\/02\/CONTROL-CS.jpg\" alt=\"\" class=\"wp-image-44991\" width=\"296\" height=\"354\" srcset=\"https:\/\/jornalfatosenoticias.com.br\/wp-content\/uploads\/2020\/02\/CONTROL-CS.jpg 834w, https:\/\/jornalfatosenoticias.com.br\/wp-content\/uploads\/2020\/02\/CONTROL-CS-250x300.jpg 250w, https:\/\/jornalfatosenoticias.com.br\/wp-content\/uploads\/2020\/02\/CONTROL-CS-768x921.jpg 768w\" sizes=\"auto, (max-width: 296px) 100vw, 296px\" \/><\/a><\/figure><\/div>\n\n\n\n<p>Em fevereiro deste ano, a Pol\u00edcia Civil do Distrito Federal prendeu tr\u00eas pessoas acusadas de serem respons\u00e1veis pelo site \u201cMax Buscas\u201d em endere\u00e7os em Santa Catarina, Rio de Janeiro e Rio Grande do Sul. As investiga\u00e7\u00f5es apontam que cerca de 40 mil usu\u00e1rios pagaram em torno de R$ 100 para ter acesso aos dados.<\/p>\n\n\n\n<div class=\"wp-block-image\"><figure class=\"aligncenter size-large is-resized\"><a href=\"https:\/\/www.instagram.com\/gruposei\/\"><img loading=\"lazy\" decoding=\"async\" src=\"https:\/\/jornalfatosenoticias.com.br\/wp-content\/uploads\/2022\/07\/Logo-Grupo-SEI.jpg\" alt=\"\" class=\"wp-image-31973\" width=\"415\" height=\"218\" srcset=\"https:\/\/jornalfatosenoticias.com.br\/wp-content\/uploads\/2022\/07\/Logo-Grupo-SEI.jpg 713w, https:\/\/jornalfatosenoticias.com.br\/wp-content\/uploads\/2022\/07\/Logo-Grupo-SEI-300x158.jpg 300w\" sizes=\"auto, (max-width: 415px) 100vw, 415px\" \/><\/a><\/figure><\/div>\n\n\n\n<p>Dessa forma, o valor aproximado recebido pelo grupo foi de R$ 4 milh\u00f5es. Os suspeitos tinham credenciais de servidores de v\u00e1rios \u00f3rg\u00e3os, como Receita Federal, INSS, pol\u00edcias civis e Detran de v\u00e1rias unidades da federa\u00e7\u00e3o. Ainda n\u00e3o h\u00e1 informa\u00e7\u00f5es se eles tamb\u00e9m acessavam o C\u00f3rtex.<\/p>\n\n\n\n<div class=\"wp-block-image\"><figure class=\"aligncenter size-large is-resized\"><a href=\"https:\/\/panper.com.br\/\"><img loading=\"lazy\" decoding=\"async\" src=\"https:\/\/jornalfatosenoticias.com.br\/wp-content\/uploads\/2023\/03\/logo-Panper_portal.jpg\" alt=\"\" class=\"wp-image-40208\" width=\"336\" height=\"233\" srcset=\"https:\/\/jornalfatosenoticias.com.br\/wp-content\/uploads\/2023\/03\/logo-Panper_portal.jpg 400w, https:\/\/jornalfatosenoticias.com.br\/wp-content\/uploads\/2023\/03\/logo-Panper_portal-300x208.jpg 300w\" sizes=\"auto, (max-width: 336px) 100vw, 336px\" \/><\/a><\/figure><\/div>\n\n\n\n<p>Em nota enviada \u00e0 reportagem da Gazeta do Povo pela assessoria de imprensa, &#8220;o Minist\u00e9rio da Justi\u00e7a e Seguran\u00e7a P\u00fablica esclarece que n\u00e3o teve acesso ao conte\u00fado do inqu\u00e9rito mencionado, uma vez que corre sob sigilo\u201d. A pasta afirma que &#8220;conduz permanentemente a\u00e7\u00f5es de atualiza\u00e7\u00e3o e aprimoramento da seguran\u00e7a de todos os sistemas de gest\u00e3o da informa\u00e7\u00e3o, inclusive o C\u00f3rtex, com foco na detec\u00e7\u00e3o de vulnerabilidades e implementa\u00e7\u00e3o de controles adicionais de acesso\u201d.<\/p>\n\n\n\n<div class=\"wp-block-image\"><figure class=\"aligncenter size-large\"><a href=\"https:\/\/www.cesconetto.com.br\/\"><img loading=\"lazy\" decoding=\"async\" width=\"300\" height=\"250\" src=\"https:\/\/jornalfatosenoticias.com.br\/wp-content\/uploads\/2022\/02\/Banner-2.png\" alt=\"\" class=\"wp-image-27877\"\/><\/a><\/figure><\/div>\n\n\n\n<p>A nota completa que &#8220;essas medidas visam mitigar eventuais tentativas de acessos indevidos e alinh\u00e1-las \u00e0s diretrizes de seguran\u00e7a da informa\u00e7\u00e3o previstas na Portaria MJSP n.\u00ba 961\/2025, que estabelece padr\u00f5es rigorosos de controle de acesso, auditoria e responsabiliza\u00e7\u00e3o dos agentes e sistemas envolvidos\u201d.<\/p>\n\n\n\n<p><strong>Fonte: <a href=\"https:\/\/www.gazetadopovo.com.br\/brasil\/pf-expoe-nova-invasao-cortex-ia-espia-do-governo-federal-e-uso-pelo-pcc-para-monitorar-moro-promotor-stf\/\">Gazeta do Povo<\/a><\/strong><\/p>\n","protected":false},"excerpt":{"rendered":"<p>A reportagem da Gazeta do Povo encontrou ao menos mil logins com senha de acesso ao C\u00f3rtex dispon\u00edveis na internet para quem quisesse comprar ou para assinantes de uma plataforma que re\u00fane vazamentos de dados cr\u00edticos de acesso para plataformas no Brasil e em outros pa\u00edses Por Aiuri Rebello Imagine o seguinte cen\u00e1rio: o governo [&hellip;]<\/p>\n","protected":false},"author":2,"featured_media":61447,"comment_status":"open","ping_status":"open","sticky":false,"template":"","format":"standard","meta":{"footnotes":""},"categories":[5],"tags":[7490,27998,16932,1034,860,28000,27999,4101,27997],"class_list":["post-61446","post","type-post","status-publish","format-standard","has-post-thumbnail","hentry","category-geral","tag-cortex","tag-dados-sigilosos-dos-cidadaos-e-empresas","tag-fraudes","tag-golpes","tag-governo-federal","tag-ia-espia","tag-megaprograma-espiao-do-ministerio-da-justica-e-seguranca-publica","tag-seguranca-publica","tag-superinteligencia-artificial"],"yoast_head":"<!-- This site is optimized with the Yoast SEO plugin v26.5 - https:\/\/yoast.com\/wordpress\/plugins\/seo\/ -->\n<title>PF exp\u00f5e invas\u00e3o de IA espi\u00e3 do governo federal e uso pelo PCC para monitorar Moro, promotor e STF - Jornal Fatos e Not\u00edcias<\/title>\n<meta name=\"robots\" content=\"index, follow, max-snippet:-1, max-image-preview:large, max-video-preview:-1\" \/>\n<link rel=\"canonical\" href=\"https:\/\/jornalfatosenoticias.com.br\/index.php\/2025\/08\/26\/pf-expoe-invasao-de-ia-espia-do-governo-federal-e-uso-pelo-pcc-para-monitorar-moro-promotor-e-stf\/\" \/>\n<meta property=\"og:locale\" content=\"pt_BR\" \/>\n<meta property=\"og:type\" content=\"article\" \/>\n<meta property=\"og:title\" content=\"PF exp\u00f5e invas\u00e3o de IA espi\u00e3 do governo federal e uso pelo PCC para monitorar Moro, promotor e STF - Jornal Fatos e Not\u00edcias\" \/>\n<meta property=\"og:description\" content=\"A reportagem da Gazeta do Povo encontrou ao menos mil logins com senha de acesso ao C\u00f3rtex dispon\u00edveis na internet para quem quisesse comprar ou para assinantes de uma plataforma que re\u00fane vazamentos de dados cr\u00edticos de acesso para plataformas no Brasil e em outros pa\u00edses Por Aiuri Rebello Imagine o seguinte cen\u00e1rio: o governo [&hellip;]\" \/>\n<meta property=\"og:url\" content=\"https:\/\/jornalfatosenoticias.com.br\/index.php\/2025\/08\/26\/pf-expoe-invasao-de-ia-espia-do-governo-federal-e-uso-pelo-pcc-para-monitorar-moro-promotor-e-stf\/\" \/>\n<meta property=\"og:site_name\" content=\"Jornal Fatos e Not\u00edcias\" \/>\n<meta property=\"article:published_time\" content=\"2025-08-26T12:47:59+00:00\" \/>\n<meta property=\"article:modified_time\" content=\"2025-08-26T12:48:02+00:00\" \/>\n<meta property=\"og:image\" content=\"https:\/\/jornalfatosenoticias.com.br\/wp-content\/uploads\/2025\/08\/programa-espiao-governo-lula.jpg\" \/>\n\t<meta property=\"og:image:width\" content=\"1000\" \/>\n\t<meta property=\"og:image:height\" content=\"545\" \/>\n\t<meta property=\"og:image:type\" content=\"image\/jpeg\" \/>\n<meta name=\"author\" content=\"Luzimara Fernandes\" \/>\n<meta name=\"twitter:card\" content=\"summary_large_image\" \/>\n<meta name=\"twitter:label1\" content=\"Escrito por\" \/>\n\t<meta name=\"twitter:data1\" content=\"Luzimara Fernandes\" \/>\n\t<meta name=\"twitter:label2\" content=\"Est. tempo de leitura\" \/>\n\t<meta name=\"twitter:data2\" content=\"10 minutos\" \/>\n<script type=\"application\/ld+json\" class=\"yoast-schema-graph\">{\"@context\":\"https:\/\/schema.org\",\"@graph\":[{\"@type\":\"Article\",\"@id\":\"https:\/\/jornalfatosenoticias.com.br\/index.php\/2025\/08\/26\/pf-expoe-invasao-de-ia-espia-do-governo-federal-e-uso-pelo-pcc-para-monitorar-moro-promotor-e-stf\/#article\",\"isPartOf\":{\"@id\":\"https:\/\/jornalfatosenoticias.com.br\/index.php\/2025\/08\/26\/pf-expoe-invasao-de-ia-espia-do-governo-federal-e-uso-pelo-pcc-para-monitorar-moro-promotor-e-stf\/\"},\"author\":{\"name\":\"Luzimara Fernandes\",\"@id\":\"https:\/\/jornalfatosenoticias.com.br\/#\/schema\/person\/d63837fa13ac8666eb9e74e0985d6f81\"},\"headline\":\"PF exp\u00f5e invas\u00e3o de IA espi\u00e3 do governo federal e uso pelo PCC para monitorar Moro, promotor e STF\",\"datePublished\":\"2025-08-26T12:47:59+00:00\",\"dateModified\":\"2025-08-26T12:48:02+00:00\",\"mainEntityOfPage\":{\"@id\":\"https:\/\/jornalfatosenoticias.com.br\/index.php\/2025\/08\/26\/pf-expoe-invasao-de-ia-espia-do-governo-federal-e-uso-pelo-pcc-para-monitorar-moro-promotor-e-stf\/\"},\"wordCount\":2088,\"commentCount\":0,\"publisher\":{\"@id\":\"https:\/\/jornalfatosenoticias.com.br\/#organization\"},\"image\":{\"@id\":\"https:\/\/jornalfatosenoticias.com.br\/index.php\/2025\/08\/26\/pf-expoe-invasao-de-ia-espia-do-governo-federal-e-uso-pelo-pcc-para-monitorar-moro-promotor-e-stf\/#primaryimage\"},\"thumbnailUrl\":\"https:\/\/jornalfatosenoticias.com.br\/wp-content\/uploads\/2025\/08\/programa-espiao-governo-lula.jpg\",\"keywords\":[\"c\u00f3rtex\",\"dados sigilosos dos cidad\u00e3os e empresas\",\"fraudes\",\"golpes\",\"governo federal\",\"IA espi\u00e3\",\"megaprograma espi\u00e3o do Minist\u00e9rio da Justi\u00e7a e Seguran\u00e7a P\u00fablica\",\"seguran\u00e7a p\u00fablica\",\"superintelig\u00eancia artificial\"],\"articleSection\":[\"Geral\"],\"inLanguage\":\"pt-BR\",\"potentialAction\":[{\"@type\":\"CommentAction\",\"name\":\"Comment\",\"target\":[\"https:\/\/jornalfatosenoticias.com.br\/index.php\/2025\/08\/26\/pf-expoe-invasao-de-ia-espia-do-governo-federal-e-uso-pelo-pcc-para-monitorar-moro-promotor-e-stf\/#respond\"]}]},{\"@type\":\"WebPage\",\"@id\":\"https:\/\/jornalfatosenoticias.com.br\/index.php\/2025\/08\/26\/pf-expoe-invasao-de-ia-espia-do-governo-federal-e-uso-pelo-pcc-para-monitorar-moro-promotor-e-stf\/\",\"url\":\"https:\/\/jornalfatosenoticias.com.br\/index.php\/2025\/08\/26\/pf-expoe-invasao-de-ia-espia-do-governo-federal-e-uso-pelo-pcc-para-monitorar-moro-promotor-e-stf\/\",\"name\":\"PF exp\u00f5e invas\u00e3o de IA espi\u00e3 do governo federal e uso pelo PCC para monitorar Moro, promotor e STF - Jornal Fatos e Not\u00edcias\",\"isPartOf\":{\"@id\":\"https:\/\/jornalfatosenoticias.com.br\/#website\"},\"primaryImageOfPage\":{\"@id\":\"https:\/\/jornalfatosenoticias.com.br\/index.php\/2025\/08\/26\/pf-expoe-invasao-de-ia-espia-do-governo-federal-e-uso-pelo-pcc-para-monitorar-moro-promotor-e-stf\/#primaryimage\"},\"image\":{\"@id\":\"https:\/\/jornalfatosenoticias.com.br\/index.php\/2025\/08\/26\/pf-expoe-invasao-de-ia-espia-do-governo-federal-e-uso-pelo-pcc-para-monitorar-moro-promotor-e-stf\/#primaryimage\"},\"thumbnailUrl\":\"https:\/\/jornalfatosenoticias.com.br\/wp-content\/uploads\/2025\/08\/programa-espiao-governo-lula.jpg\",\"datePublished\":\"2025-08-26T12:47:59+00:00\",\"dateModified\":\"2025-08-26T12:48:02+00:00\",\"breadcrumb\":{\"@id\":\"https:\/\/jornalfatosenoticias.com.br\/index.php\/2025\/08\/26\/pf-expoe-invasao-de-ia-espia-do-governo-federal-e-uso-pelo-pcc-para-monitorar-moro-promotor-e-stf\/#breadcrumb\"},\"inLanguage\":\"pt-BR\",\"potentialAction\":[{\"@type\":\"ReadAction\",\"target\":[\"https:\/\/jornalfatosenoticias.com.br\/index.php\/2025\/08\/26\/pf-expoe-invasao-de-ia-espia-do-governo-federal-e-uso-pelo-pcc-para-monitorar-moro-promotor-e-stf\/\"]}]},{\"@type\":\"ImageObject\",\"inLanguage\":\"pt-BR\",\"@id\":\"https:\/\/jornalfatosenoticias.com.br\/index.php\/2025\/08\/26\/pf-expoe-invasao-de-ia-espia-do-governo-federal-e-uso-pelo-pcc-para-monitorar-moro-promotor-e-stf\/#primaryimage\",\"url\":\"https:\/\/jornalfatosenoticias.com.br\/wp-content\/uploads\/2025\/08\/programa-espiao-governo-lula.jpg\",\"contentUrl\":\"https:\/\/jornalfatosenoticias.com.br\/wp-content\/uploads\/2025\/08\/programa-espiao-governo-lula.jpg\",\"width\":1000,\"height\":545},{\"@type\":\"BreadcrumbList\",\"@id\":\"https:\/\/jornalfatosenoticias.com.br\/index.php\/2025\/08\/26\/pf-expoe-invasao-de-ia-espia-do-governo-federal-e-uso-pelo-pcc-para-monitorar-moro-promotor-e-stf\/#breadcrumb\",\"itemListElement\":[{\"@type\":\"ListItem\",\"position\":1,\"name\":\"In\u00edcio\",\"item\":\"https:\/\/jornalfatosenoticias.com.br\/\"},{\"@type\":\"ListItem\",\"position\":2,\"name\":\"PF exp\u00f5e invas\u00e3o de IA espi\u00e3 do governo federal e uso pelo PCC para monitorar Moro, promotor e STF\"}]},{\"@type\":\"WebSite\",\"@id\":\"https:\/\/jornalfatosenoticias.com.br\/#website\",\"url\":\"https:\/\/jornalfatosenoticias.com.br\/\",\"name\":\"Jornal Fatos e Not\u00edcias\",\"description\":\"Not\u00edcias em geral\",\"publisher\":{\"@id\":\"https:\/\/jornalfatosenoticias.com.br\/#organization\"},\"potentialAction\":[{\"@type\":\"SearchAction\",\"target\":{\"@type\":\"EntryPoint\",\"urlTemplate\":\"https:\/\/jornalfatosenoticias.com.br\/?s={search_term_string}\"},\"query-input\":{\"@type\":\"PropertyValueSpecification\",\"valueRequired\":true,\"valueName\":\"search_term_string\"}}],\"inLanguage\":\"pt-BR\"},{\"@type\":\"Organization\",\"@id\":\"https:\/\/jornalfatosenoticias.com.br\/#organization\",\"name\":\"Jornal Fatos e Not\u00edcias\",\"url\":\"https:\/\/jornalfatosenoticias.com.br\/\",\"logo\":{\"@type\":\"ImageObject\",\"inLanguage\":\"pt-BR\",\"@id\":\"https:\/\/jornalfatosenoticias.com.br\/#\/schema\/logo\/image\/\",\"url\":\"https:\/\/jornalfatosenoticias.com.br\/wp-content\/uploads\/2020\/02\/logo120.png\",\"contentUrl\":\"https:\/\/jornalfatosenoticias.com.br\/wp-content\/uploads\/2020\/02\/logo120.png\",\"width\":1227,\"height\":120,\"caption\":\"Jornal Fatos e Not\u00edcias\"},\"image\":{\"@id\":\"https:\/\/jornalfatosenoticias.com.br\/#\/schema\/logo\/image\/\"}},{\"@type\":\"Person\",\"@id\":\"https:\/\/jornalfatosenoticias.com.br\/#\/schema\/person\/d63837fa13ac8666eb9e74e0985d6f81\",\"name\":\"Luzimara Fernandes\",\"image\":{\"@type\":\"ImageObject\",\"inLanguage\":\"pt-BR\",\"@id\":\"https:\/\/jornalfatosenoticias.com.br\/#\/schema\/person\/image\/\",\"url\":\"https:\/\/jornalfatosenoticias.com.br\/wp-content\/uploads\/2025\/05\/EU_portal.jpg\",\"contentUrl\":\"https:\/\/jornalfatosenoticias.com.br\/wp-content\/uploads\/2025\/05\/EU_portal.jpg\",\"caption\":\"Luzimara Fernandes\"},\"description\":\"Jornalista MTB 2358-ES\",\"sameAs\":[\"https:\/\/jornalfatosenoticias.com.br\"],\"url\":\"https:\/\/jornalfatosenoticias.com.br\/index.php\/author\/luzimara\/\"}]}<\/script>\n<!-- \/ Yoast SEO plugin. -->","yoast_head_json":{"title":"PF exp\u00f5e invas\u00e3o de IA espi\u00e3 do governo federal e uso pelo PCC para monitorar Moro, promotor e STF - Jornal Fatos e Not\u00edcias","robots":{"index":"index","follow":"follow","max-snippet":"max-snippet:-1","max-image-preview":"max-image-preview:large","max-video-preview":"max-video-preview:-1"},"canonical":"https:\/\/jornalfatosenoticias.com.br\/index.php\/2025\/08\/26\/pf-expoe-invasao-de-ia-espia-do-governo-federal-e-uso-pelo-pcc-para-monitorar-moro-promotor-e-stf\/","og_locale":"pt_BR","og_type":"article","og_title":"PF exp\u00f5e invas\u00e3o de IA espi\u00e3 do governo federal e uso pelo PCC para monitorar Moro, promotor e STF - Jornal Fatos e Not\u00edcias","og_description":"A reportagem da Gazeta do Povo encontrou ao menos mil logins com senha de acesso ao C\u00f3rtex dispon\u00edveis na internet para quem quisesse comprar ou para assinantes de uma plataforma que re\u00fane vazamentos de dados cr\u00edticos de acesso para plataformas no Brasil e em outros pa\u00edses Por Aiuri Rebello Imagine o seguinte cen\u00e1rio: o governo [&hellip;]","og_url":"https:\/\/jornalfatosenoticias.com.br\/index.php\/2025\/08\/26\/pf-expoe-invasao-de-ia-espia-do-governo-federal-e-uso-pelo-pcc-para-monitorar-moro-promotor-e-stf\/","og_site_name":"Jornal Fatos e Not\u00edcias","article_published_time":"2025-08-26T12:47:59+00:00","article_modified_time":"2025-08-26T12:48:02+00:00","og_image":[{"width":1000,"height":545,"url":"https:\/\/jornalfatosenoticias.com.br\/wp-content\/uploads\/2025\/08\/programa-espiao-governo-lula.jpg","type":"image\/jpeg"}],"author":"Luzimara Fernandes","twitter_card":"summary_large_image","twitter_misc":{"Escrito por":"Luzimara Fernandes","Est. tempo de leitura":"10 minutos"},"schema":{"@context":"https:\/\/schema.org","@graph":[{"@type":"Article","@id":"https:\/\/jornalfatosenoticias.com.br\/index.php\/2025\/08\/26\/pf-expoe-invasao-de-ia-espia-do-governo-federal-e-uso-pelo-pcc-para-monitorar-moro-promotor-e-stf\/#article","isPartOf":{"@id":"https:\/\/jornalfatosenoticias.com.br\/index.php\/2025\/08\/26\/pf-expoe-invasao-de-ia-espia-do-governo-federal-e-uso-pelo-pcc-para-monitorar-moro-promotor-e-stf\/"},"author":{"name":"Luzimara Fernandes","@id":"https:\/\/jornalfatosenoticias.com.br\/#\/schema\/person\/d63837fa13ac8666eb9e74e0985d6f81"},"headline":"PF exp\u00f5e invas\u00e3o de IA espi\u00e3 do governo federal e uso pelo PCC para monitorar Moro, promotor e STF","datePublished":"2025-08-26T12:47:59+00:00","dateModified":"2025-08-26T12:48:02+00:00","mainEntityOfPage":{"@id":"https:\/\/jornalfatosenoticias.com.br\/index.php\/2025\/08\/26\/pf-expoe-invasao-de-ia-espia-do-governo-federal-e-uso-pelo-pcc-para-monitorar-moro-promotor-e-stf\/"},"wordCount":2088,"commentCount":0,"publisher":{"@id":"https:\/\/jornalfatosenoticias.com.br\/#organization"},"image":{"@id":"https:\/\/jornalfatosenoticias.com.br\/index.php\/2025\/08\/26\/pf-expoe-invasao-de-ia-espia-do-governo-federal-e-uso-pelo-pcc-para-monitorar-moro-promotor-e-stf\/#primaryimage"},"thumbnailUrl":"https:\/\/jornalfatosenoticias.com.br\/wp-content\/uploads\/2025\/08\/programa-espiao-governo-lula.jpg","keywords":["c\u00f3rtex","dados sigilosos dos cidad\u00e3os e empresas","fraudes","golpes","governo federal","IA espi\u00e3","megaprograma espi\u00e3o do Minist\u00e9rio da Justi\u00e7a e Seguran\u00e7a P\u00fablica","seguran\u00e7a p\u00fablica","superintelig\u00eancia artificial"],"articleSection":["Geral"],"inLanguage":"pt-BR","potentialAction":[{"@type":"CommentAction","name":"Comment","target":["https:\/\/jornalfatosenoticias.com.br\/index.php\/2025\/08\/26\/pf-expoe-invasao-de-ia-espia-do-governo-federal-e-uso-pelo-pcc-para-monitorar-moro-promotor-e-stf\/#respond"]}]},{"@type":"WebPage","@id":"https:\/\/jornalfatosenoticias.com.br\/index.php\/2025\/08\/26\/pf-expoe-invasao-de-ia-espia-do-governo-federal-e-uso-pelo-pcc-para-monitorar-moro-promotor-e-stf\/","url":"https:\/\/jornalfatosenoticias.com.br\/index.php\/2025\/08\/26\/pf-expoe-invasao-de-ia-espia-do-governo-federal-e-uso-pelo-pcc-para-monitorar-moro-promotor-e-stf\/","name":"PF exp\u00f5e invas\u00e3o de IA espi\u00e3 do governo federal e uso pelo PCC para monitorar Moro, promotor e STF - Jornal Fatos e Not\u00edcias","isPartOf":{"@id":"https:\/\/jornalfatosenoticias.com.br\/#website"},"primaryImageOfPage":{"@id":"https:\/\/jornalfatosenoticias.com.br\/index.php\/2025\/08\/26\/pf-expoe-invasao-de-ia-espia-do-governo-federal-e-uso-pelo-pcc-para-monitorar-moro-promotor-e-stf\/#primaryimage"},"image":{"@id":"https:\/\/jornalfatosenoticias.com.br\/index.php\/2025\/08\/26\/pf-expoe-invasao-de-ia-espia-do-governo-federal-e-uso-pelo-pcc-para-monitorar-moro-promotor-e-stf\/#primaryimage"},"thumbnailUrl":"https:\/\/jornalfatosenoticias.com.br\/wp-content\/uploads\/2025\/08\/programa-espiao-governo-lula.jpg","datePublished":"2025-08-26T12:47:59+00:00","dateModified":"2025-08-26T12:48:02+00:00","breadcrumb":{"@id":"https:\/\/jornalfatosenoticias.com.br\/index.php\/2025\/08\/26\/pf-expoe-invasao-de-ia-espia-do-governo-federal-e-uso-pelo-pcc-para-monitorar-moro-promotor-e-stf\/#breadcrumb"},"inLanguage":"pt-BR","potentialAction":[{"@type":"ReadAction","target":["https:\/\/jornalfatosenoticias.com.br\/index.php\/2025\/08\/26\/pf-expoe-invasao-de-ia-espia-do-governo-federal-e-uso-pelo-pcc-para-monitorar-moro-promotor-e-stf\/"]}]},{"@type":"ImageObject","inLanguage":"pt-BR","@id":"https:\/\/jornalfatosenoticias.com.br\/index.php\/2025\/08\/26\/pf-expoe-invasao-de-ia-espia-do-governo-federal-e-uso-pelo-pcc-para-monitorar-moro-promotor-e-stf\/#primaryimage","url":"https:\/\/jornalfatosenoticias.com.br\/wp-content\/uploads\/2025\/08\/programa-espiao-governo-lula.jpg","contentUrl":"https:\/\/jornalfatosenoticias.com.br\/wp-content\/uploads\/2025\/08\/programa-espiao-governo-lula.jpg","width":1000,"height":545},{"@type":"BreadcrumbList","@id":"https:\/\/jornalfatosenoticias.com.br\/index.php\/2025\/08\/26\/pf-expoe-invasao-de-ia-espia-do-governo-federal-e-uso-pelo-pcc-para-monitorar-moro-promotor-e-stf\/#breadcrumb","itemListElement":[{"@type":"ListItem","position":1,"name":"In\u00edcio","item":"https:\/\/jornalfatosenoticias.com.br\/"},{"@type":"ListItem","position":2,"name":"PF exp\u00f5e invas\u00e3o de IA espi\u00e3 do governo federal e uso pelo PCC para monitorar Moro, promotor e STF"}]},{"@type":"WebSite","@id":"https:\/\/jornalfatosenoticias.com.br\/#website","url":"https:\/\/jornalfatosenoticias.com.br\/","name":"Jornal Fatos e Not\u00edcias","description":"Not\u00edcias em geral","publisher":{"@id":"https:\/\/jornalfatosenoticias.com.br\/#organization"},"potentialAction":[{"@type":"SearchAction","target":{"@type":"EntryPoint","urlTemplate":"https:\/\/jornalfatosenoticias.com.br\/?s={search_term_string}"},"query-input":{"@type":"PropertyValueSpecification","valueRequired":true,"valueName":"search_term_string"}}],"inLanguage":"pt-BR"},{"@type":"Organization","@id":"https:\/\/jornalfatosenoticias.com.br\/#organization","name":"Jornal Fatos e Not\u00edcias","url":"https:\/\/jornalfatosenoticias.com.br\/","logo":{"@type":"ImageObject","inLanguage":"pt-BR","@id":"https:\/\/jornalfatosenoticias.com.br\/#\/schema\/logo\/image\/","url":"https:\/\/jornalfatosenoticias.com.br\/wp-content\/uploads\/2020\/02\/logo120.png","contentUrl":"https:\/\/jornalfatosenoticias.com.br\/wp-content\/uploads\/2020\/02\/logo120.png","width":1227,"height":120,"caption":"Jornal Fatos e Not\u00edcias"},"image":{"@id":"https:\/\/jornalfatosenoticias.com.br\/#\/schema\/logo\/image\/"}},{"@type":"Person","@id":"https:\/\/jornalfatosenoticias.com.br\/#\/schema\/person\/d63837fa13ac8666eb9e74e0985d6f81","name":"Luzimara Fernandes","image":{"@type":"ImageObject","inLanguage":"pt-BR","@id":"https:\/\/jornalfatosenoticias.com.br\/#\/schema\/person\/image\/","url":"https:\/\/jornalfatosenoticias.com.br\/wp-content\/uploads\/2025\/05\/EU_portal.jpg","contentUrl":"https:\/\/jornalfatosenoticias.com.br\/wp-content\/uploads\/2025\/05\/EU_portal.jpg","caption":"Luzimara Fernandes"},"description":"Jornalista MTB 2358-ES","sameAs":["https:\/\/jornalfatosenoticias.com.br"],"url":"https:\/\/jornalfatosenoticias.com.br\/index.php\/author\/luzimara\/"}]}},"cc_featured_image_caption":{"caption_text":"(Imagem criada utilizando Whisk\/Gazeta do Povo)","source_text":"","source_url":""},"jetpack_featured_media_url":"https:\/\/jornalfatosenoticias.com.br\/wp-content\/uploads\/2025\/08\/programa-espiao-governo-lula.jpg","_links":{"self":[{"href":"https:\/\/jornalfatosenoticias.com.br\/index.php\/wp-json\/wp\/v2\/posts\/61446","targetHints":{"allow":["GET"]}}],"collection":[{"href":"https:\/\/jornalfatosenoticias.com.br\/index.php\/wp-json\/wp\/v2\/posts"}],"about":[{"href":"https:\/\/jornalfatosenoticias.com.br\/index.php\/wp-json\/wp\/v2\/types\/post"}],"author":[{"embeddable":true,"href":"https:\/\/jornalfatosenoticias.com.br\/index.php\/wp-json\/wp\/v2\/users\/2"}],"replies":[{"embeddable":true,"href":"https:\/\/jornalfatosenoticias.com.br\/index.php\/wp-json\/wp\/v2\/comments?post=61446"}],"version-history":[{"count":0,"href":"https:\/\/jornalfatosenoticias.com.br\/index.php\/wp-json\/wp\/v2\/posts\/61446\/revisions"}],"wp:featuredmedia":[{"embeddable":true,"href":"https:\/\/jornalfatosenoticias.com.br\/index.php\/wp-json\/wp\/v2\/media\/61447"}],"wp:attachment":[{"href":"https:\/\/jornalfatosenoticias.com.br\/index.php\/wp-json\/wp\/v2\/media?parent=61446"}],"wp:term":[{"taxonomy":"category","embeddable":true,"href":"https:\/\/jornalfatosenoticias.com.br\/index.php\/wp-json\/wp\/v2\/categories?post=61446"},{"taxonomy":"post_tag","embeddable":true,"href":"https:\/\/jornalfatosenoticias.com.br\/index.php\/wp-json\/wp\/v2\/tags?post=61446"}],"curies":[{"name":"wp","href":"https:\/\/api.w.org\/{rel}","templated":true}]}}