{"id":61449,"date":"2025-08-26T10:01:29","date_gmt":"2025-08-26T13:01:29","guid":{"rendered":"https:\/\/jornalfatosenoticias.com.br\/?p=61449"},"modified":"2025-08-26T10:01:31","modified_gmt":"2025-08-26T13:01:31","slug":"governo-lula-contrata-escritorio-para-fazer-lobby-nos-eua-contra-tarifas-de-trump","status":"publish","type":"post","link":"https:\/\/jornalfatosenoticias.com.br\/index.php\/2025\/08\/26\/governo-lula-contrata-escritorio-para-fazer-lobby-nos-eua-contra-tarifas-de-trump\/","title":{"rendered":"Governo Lula contrata escrit\u00f3rio para fazer lobby nos EUA contra tarifas de Trump"},"content":{"rendered":"\n<p><span class=\"has-inline-color has-black-color\">Por <strong><a href=\"https:\/\/www.gazetadopovo.com.br\/autor\/wesley-oliveira\/\">Wesley Oliveira<\/a><\/strong><\/span><\/p>\n\n\n\n<div class=\"wp-block-image\"><figure class=\"aligncenter size-large\"><a href=\"https:\/\/www.instagram.com\/rcradiadores\/\"><img loading=\"lazy\" decoding=\"async\" width=\"560\" height=\"60\" src=\"https:\/\/jornalfatosenoticias.com.br\/wp-content\/uploads\/2022\/10\/Propaganda-RC-Radiadores-Jornal_page-0001.jpg\" alt=\"\" class=\"wp-image-35270\" srcset=\"https:\/\/jornalfatosenoticias.com.br\/wp-content\/uploads\/2022\/10\/Propaganda-RC-Radiadores-Jornal_page-0001.jpg 560w, https:\/\/jornalfatosenoticias.com.br\/wp-content\/uploads\/2022\/10\/Propaganda-RC-Radiadores-Jornal_page-0001-300x32.jpg 300w\" sizes=\"auto, (max-width: 560px) 100vw, 560px\" \/><\/a><\/figure><\/div>\n\n\n\n<p>A Advocacia-Geral da Uni\u00e3o (AGU) pretende assinar nos pr\u00f3ximos dias um contrato com um escrit\u00f3rio de advocacia dos Estados Unidos que ir\u00e1 atuar para tentar reverter as san\u00e7\u00f5es impostas pelo governo de Donald Trump ao Brasil. Al\u00e9m do tarifa\u00e7o de 50% aos produtos brasileiros, a empresa ir\u00e1 fazer lobby contra as puni\u00e7\u00f5es a autoridades definidas com base na Lei Magnitsky.<br>&#8220;A AGU est\u00e1 finalizando a contrata\u00e7\u00e3o de um escrit\u00f3rio de advocacia para atuar nos Estados Unidos administrativa e judicialmente em defesa do Estado brasileiro no \u00e2mbito das san\u00e7\u00f5es impostas pelo governo norte-americano&#8221;, disse a AGU em nota enviada \u00e0 <strong>Gazeta do Povo.<\/strong><\/p>\n\n\n\n<div class=\"wp-block-image\"><figure class=\"aligncenter size-large is-resized\"><a href=\"https:\/\/www.facebook.com\/postobkr\/?locale=pt_BR\"><img loading=\"lazy\" decoding=\"async\" src=\"https:\/\/jornalfatosenoticias.com.br\/wp-content\/uploads\/2023\/08\/BKR-1024x1021.jpg\" alt=\"\" class=\"wp-image-44494\" width=\"314\" height=\"313\" srcset=\"https:\/\/jornalfatosenoticias.com.br\/wp-content\/uploads\/2023\/08\/BKR-1024x1021.jpg 1024w, https:\/\/jornalfatosenoticias.com.br\/wp-content\/uploads\/2023\/08\/BKR-300x300.jpg 300w, https:\/\/jornalfatosenoticias.com.br\/wp-content\/uploads\/2023\/08\/BKR-150x150.jpg 150w, https:\/\/jornalfatosenoticias.com.br\/wp-content\/uploads\/2023\/08\/BKR-768x766.jpg 768w, https:\/\/jornalfatosenoticias.com.br\/wp-content\/uploads\/2023\/08\/BKR.jpg 1080w\" sizes=\"auto, (max-width: 314px) 100vw, 314px\" \/><\/a><\/figure><\/div>\n\n\n\n<p>A atividade de lobby \u00e9 regulamentada nos EUA e o objetivo do governo de Luiz In\u00e1cio Lula da Silva (PT) \u00e9 abrir um caminho de di\u00e1logo com a Casa Branca. Segundo a portaria da AGU, os advogados que atuam no exterior devem defender os interesses da Uni\u00e3o, das autarquias e funda\u00e7\u00f5es p\u00fablicas federais, de estados, do Distrito Federal ou munic\u00edpios.<\/p>\n\n\n\n<div class=\"wp-block-image\"><figure class=\"aligncenter size-large is-resized\"><a href=\"https:\/\/hotelmarquetti.com.br\/\"><img loading=\"lazy\" decoding=\"async\" src=\"https:\/\/jornalfatosenoticias.com.br\/wp-content\/uploads\/2020\/02\/LOGO-MQ-1024x680.jpg\" alt=\"\" class=\"wp-image-58299\" width=\"345\" height=\"229\" srcset=\"https:\/\/jornalfatosenoticias.com.br\/wp-content\/uploads\/2020\/02\/LOGO-MQ-1024x680.jpg 1024w, https:\/\/jornalfatosenoticias.com.br\/wp-content\/uploads\/2020\/02\/LOGO-MQ-300x199.jpg 300w, https:\/\/jornalfatosenoticias.com.br\/wp-content\/uploads\/2020\/02\/LOGO-MQ-768x510.jpg 768w, https:\/\/jornalfatosenoticias.com.br\/wp-content\/uploads\/2020\/02\/LOGO-MQ-1536x1020.jpg 1536w, https:\/\/jornalfatosenoticias.com.br\/wp-content\/uploads\/2020\/02\/LOGO-MQ-2048x1360.jpg 2048w\" sizes=\"auto, (max-width: 345px) 100vw, 345px\" \/><\/a><\/figure><\/div>\n\n\n\n<p>Essa atua\u00e7\u00e3o, no entanto, n\u00e3o contempla \u201cnegocia\u00e7\u00f5es, tratativas, celebra\u00e7\u00e3o de parcerias, busca de investimentos ou em outras atua\u00e7\u00f5es que n\u00e3o envolvam controv\u00e9rsia jur\u00eddica em foro estrangeiro\u201d. A contrata\u00e7\u00e3o do escrit\u00f3rio no exterior ser\u00e1 feita mediante dispensa de licita\u00e7\u00e3o, direcionada a profissionais e empresas de not\u00f3ria especializa\u00e7\u00e3o jur\u00eddica.<\/p>\n\n\n\n<div class=\"wp-block-image\"><figure class=\"aligncenter size-large is-resized\"><a href=\"https:\/\/www.facebook.com\/profile.php?id=100069289606145\"><img loading=\"lazy\" decoding=\"async\" src=\"https:\/\/jornalfatosenoticias.com.br\/wp-content\/uploads\/2024\/11\/Guaitolini-Contabilidade-1024x714.jpeg\" alt=\"\" class=\"wp-image-55808\" width=\"343\" height=\"239\" srcset=\"https:\/\/jornalfatosenoticias.com.br\/wp-content\/uploads\/2024\/11\/Guaitolini-Contabilidade-1024x714.jpeg 1024w, https:\/\/jornalfatosenoticias.com.br\/wp-content\/uploads\/2024\/11\/Guaitolini-Contabilidade-300x209.jpeg 300w, https:\/\/jornalfatosenoticias.com.br\/wp-content\/uploads\/2024\/11\/Guaitolini-Contabilidade-768x535.jpeg 768w, https:\/\/jornalfatosenoticias.com.br\/wp-content\/uploads\/2024\/11\/Guaitolini-Contabilidade.jpeg 1280w\" sizes=\"auto, (max-width: 343px) 100vw, 343px\" \/><\/a><\/figure><\/div>\n\n\n\n<p>Desde a taxa\u00e7\u00e3o dos produtos brasileiros e a inclus\u00e3o do ministro Alexandre de Moraes, do Supremo Tribunal Federal (STF), entre os sancionados pela Lei Magnitsky, as negocia\u00e7\u00f5es entre os dois pa\u00edses n\u00e3o avan\u00e7aram substancialmente. Com isso, uma poss\u00edvel liga\u00e7\u00e3o telef\u00f4nica entre Lula e Donald Trump segue descartada. Fontes do Pal\u00e1cio do Planalto apontam que, como as tratativas fracassaram nos escal\u00f5es mais baixos, &#8220;n\u00e3o h\u00e1 clima&#8221; para se considerar um contato de alto n\u00edvel.<\/p>\n\n\n\n<div class=\"wp-block-image\"><figure class=\"aligncenter size-large is-resized\"><img loading=\"lazy\" decoding=\"async\" src=\"https:\/\/jornalfatosenoticias.com.br\/wp-content\/uploads\/2024\/08\/Serra-4x4-1-886x1024.jpg\" alt=\"\" class=\"wp-image-53632\" width=\"287\" height=\"332\" srcset=\"https:\/\/jornalfatosenoticias.com.br\/wp-content\/uploads\/2024\/08\/Serra-4x4-1-886x1024.jpg 886w, https:\/\/jornalfatosenoticias.com.br\/wp-content\/uploads\/2024\/08\/Serra-4x4-1-260x300.jpg 260w, https:\/\/jornalfatosenoticias.com.br\/wp-content\/uploads\/2024\/08\/Serra-4x4-1-768x888.jpg 768w, https:\/\/jornalfatosenoticias.com.br\/wp-content\/uploads\/2024\/08\/Serra-4x4-1.jpg 1181w\" sizes=\"auto, (max-width: 287px) 100vw, 287px\" \/><\/figure><\/div>\n\n\n\n<p><strong>Fonte: <a href=\"https:\/\/www.gazetadopovo.com.br\/republica\/governo-lula-contrata-escritorio-para-fazer-lobby-nos-eua-contra-tarifas-de-trump\/\">Gazeta do Povo<\/a><\/strong><\/p>\n","protected":false},"excerpt":{"rendered":"<p>Por Wesley Oliveira A Advocacia-Geral da Uni\u00e3o (AGU) pretende assinar nos pr\u00f3ximos dias um contrato com um escrit\u00f3rio de advocacia dos Estados Unidos que ir\u00e1 atuar para tentar reverter as san\u00e7\u00f5es impostas pelo governo de Donald Trump ao Brasil. Al\u00e9m do tarifa\u00e7o de 50% aos produtos brasileiros, a empresa ir\u00e1 fazer lobby contra as puni\u00e7\u00f5es [&hellip;]<\/p>\n","protected":false},"author":2,"featured_media":61177,"comment_status":"open","ping_status":"open","sticky":false,"template":"","format":"standard","meta":{"footnotes":""},"categories":[10],"tags":[13889,2147,159,27214,17127,7580,294,27758],"class_list":["post-61449","post","type-post","status-publish","format-standard","has-post-thumbnail","hentry","category-politica","tag-alexandre-de-moraes","tag-donald-trump","tag-eua","tag-lei-magnitsky","tag-lobby","tag-lula","tag-stf","tag-tarifaco"],"yoast_head":"<!-- This site is optimized with the Yoast SEO plugin v26.5 - https:\/\/yoast.com\/wordpress\/plugins\/seo\/ -->\n<title>Governo Lula contrata escrit\u00f3rio para fazer lobby nos EUA contra tarifas de Trump - Jornal Fatos e Not\u00edcias<\/title>\n<meta name=\"robots\" content=\"index, follow, max-snippet:-1, max-image-preview:large, max-video-preview:-1\" \/>\n<link rel=\"canonical\" href=\"https:\/\/jornalfatosenoticias.com.br\/index.php\/2025\/08\/26\/governo-lula-contrata-escritorio-para-fazer-lobby-nos-eua-contra-tarifas-de-trump\/\" \/>\n<meta property=\"og:locale\" content=\"pt_BR\" \/>\n<meta property=\"og:type\" content=\"article\" \/>\n<meta property=\"og:title\" content=\"Governo Lula contrata escrit\u00f3rio para fazer lobby nos EUA contra tarifas de Trump - Jornal Fatos e Not\u00edcias\" \/>\n<meta property=\"og:description\" content=\"Por Wesley Oliveira A Advocacia-Geral da Uni\u00e3o (AGU) pretende assinar nos pr\u00f3ximos dias um contrato com um escrit\u00f3rio de advocacia dos Estados Unidos que ir\u00e1 atuar para tentar reverter as san\u00e7\u00f5es impostas pelo governo de Donald Trump ao Brasil. Al\u00e9m do tarifa\u00e7o de 50% aos produtos brasileiros, a empresa ir\u00e1 fazer lobby contra as puni\u00e7\u00f5es [&hellip;]\" \/>\n<meta property=\"og:url\" content=\"https:\/\/jornalfatosenoticias.com.br\/index.php\/2025\/08\/26\/governo-lula-contrata-escritorio-para-fazer-lobby-nos-eua-contra-tarifas-de-trump\/\" \/>\n<meta property=\"og:site_name\" content=\"Jornal Fatos e Not\u00edcias\" \/>\n<meta property=\"article:published_time\" content=\"2025-08-26T13:01:29+00:00\" \/>\n<meta property=\"article:modified_time\" content=\"2025-08-26T13:01:31+00:00\" \/>\n<meta property=\"og:image\" content=\"https:\/\/jornalfatosenoticias.com.br\/wp-content\/uploads\/2025\/08\/trump-nine.jpg\" \/>\n\t<meta property=\"og:image:width\" content=\"1000\" \/>\n\t<meta property=\"og:image:height\" content=\"562\" \/>\n\t<meta property=\"og:image:type\" content=\"image\/jpeg\" \/>\n<meta name=\"author\" content=\"Luzimara Fernandes\" \/>\n<meta name=\"twitter:card\" content=\"summary_large_image\" \/>\n<meta name=\"twitter:label1\" content=\"Escrito por\" \/>\n\t<meta name=\"twitter:data1\" content=\"Luzimara Fernandes\" \/>\n\t<meta name=\"twitter:label2\" content=\"Est. tempo de leitura\" \/>\n\t<meta name=\"twitter:data2\" content=\"2 minutos\" \/>\n<script type=\"application\/ld+json\" class=\"yoast-schema-graph\">{\"@context\":\"https:\/\/schema.org\",\"@graph\":[{\"@type\":\"Article\",\"@id\":\"https:\/\/jornalfatosenoticias.com.br\/index.php\/2025\/08\/26\/governo-lula-contrata-escritorio-para-fazer-lobby-nos-eua-contra-tarifas-de-trump\/#article\",\"isPartOf\":{\"@id\":\"https:\/\/jornalfatosenoticias.com.br\/index.php\/2025\/08\/26\/governo-lula-contrata-escritorio-para-fazer-lobby-nos-eua-contra-tarifas-de-trump\/\"},\"author\":{\"name\":\"Luzimara Fernandes\",\"@id\":\"https:\/\/jornalfatosenoticias.com.br\/#\/schema\/person\/d63837fa13ac8666eb9e74e0985d6f81\"},\"headline\":\"Governo Lula contrata escrit\u00f3rio para fazer lobby nos EUA contra tarifas de Trump\",\"datePublished\":\"2025-08-26T13:01:29+00:00\",\"dateModified\":\"2025-08-26T13:01:31+00:00\",\"mainEntityOfPage\":{\"@id\":\"https:\/\/jornalfatosenoticias.com.br\/index.php\/2025\/08\/26\/governo-lula-contrata-escritorio-para-fazer-lobby-nos-eua-contra-tarifas-de-trump\/\"},\"wordCount\":342,\"commentCount\":0,\"publisher\":{\"@id\":\"https:\/\/jornalfatosenoticias.com.br\/#organization\"},\"image\":{\"@id\":\"https:\/\/jornalfatosenoticias.com.br\/index.php\/2025\/08\/26\/governo-lula-contrata-escritorio-para-fazer-lobby-nos-eua-contra-tarifas-de-trump\/#primaryimage\"},\"thumbnailUrl\":\"https:\/\/jornalfatosenoticias.com.br\/wp-content\/uploads\/2025\/08\/trump-nine.jpg\",\"keywords\":[\"Alexandre de Moraes\",\"Donald Trump\",\"EUA\",\"Lei Magnitsky\",\"lobby\",\"Lula\",\"STF\",\"tarifa\u00e7o\"],\"articleSection\":[\"Pol\u00edtica\"],\"inLanguage\":\"pt-BR\",\"potentialAction\":[{\"@type\":\"CommentAction\",\"name\":\"Comment\",\"target\":[\"https:\/\/jornalfatosenoticias.com.br\/index.php\/2025\/08\/26\/governo-lula-contrata-escritorio-para-fazer-lobby-nos-eua-contra-tarifas-de-trump\/#respond\"]}]},{\"@type\":\"WebPage\",\"@id\":\"https:\/\/jornalfatosenoticias.com.br\/index.php\/2025\/08\/26\/governo-lula-contrata-escritorio-para-fazer-lobby-nos-eua-contra-tarifas-de-trump\/\",\"url\":\"https:\/\/jornalfatosenoticias.com.br\/index.php\/2025\/08\/26\/governo-lula-contrata-escritorio-para-fazer-lobby-nos-eua-contra-tarifas-de-trump\/\",\"name\":\"Governo Lula contrata escrit\u00f3rio para fazer lobby nos EUA contra tarifas de Trump - Jornal Fatos e Not\u00edcias\",\"isPartOf\":{\"@id\":\"https:\/\/jornalfatosenoticias.com.br\/#website\"},\"primaryImageOfPage\":{\"@id\":\"https:\/\/jornalfatosenoticias.com.br\/index.php\/2025\/08\/26\/governo-lula-contrata-escritorio-para-fazer-lobby-nos-eua-contra-tarifas-de-trump\/#primaryimage\"},\"image\":{\"@id\":\"https:\/\/jornalfatosenoticias.com.br\/index.php\/2025\/08\/26\/governo-lula-contrata-escritorio-para-fazer-lobby-nos-eua-contra-tarifas-de-trump\/#primaryimage\"},\"thumbnailUrl\":\"https:\/\/jornalfatosenoticias.com.br\/wp-content\/uploads\/2025\/08\/trump-nine.jpg\",\"datePublished\":\"2025-08-26T13:01:29+00:00\",\"dateModified\":\"2025-08-26T13:01:31+00:00\",\"breadcrumb\":{\"@id\":\"https:\/\/jornalfatosenoticias.com.br\/index.php\/2025\/08\/26\/governo-lula-contrata-escritorio-para-fazer-lobby-nos-eua-contra-tarifas-de-trump\/#breadcrumb\"},\"inLanguage\":\"pt-BR\",\"potentialAction\":[{\"@type\":\"ReadAction\",\"target\":[\"https:\/\/jornalfatosenoticias.com.br\/index.php\/2025\/08\/26\/governo-lula-contrata-escritorio-para-fazer-lobby-nos-eua-contra-tarifas-de-trump\/\"]}]},{\"@type\":\"ImageObject\",\"inLanguage\":\"pt-BR\",\"@id\":\"https:\/\/jornalfatosenoticias.com.br\/index.php\/2025\/08\/26\/governo-lula-contrata-escritorio-para-fazer-lobby-nos-eua-contra-tarifas-de-trump\/#primaryimage\",\"url\":\"https:\/\/jornalfatosenoticias.com.br\/wp-content\/uploads\/2025\/08\/trump-nine.jpg\",\"contentUrl\":\"https:\/\/jornalfatosenoticias.com.br\/wp-content\/uploads\/2025\/08\/trump-nine.jpg\",\"width\":1000,\"height\":562},{\"@type\":\"BreadcrumbList\",\"@id\":\"https:\/\/jornalfatosenoticias.com.br\/index.php\/2025\/08\/26\/governo-lula-contrata-escritorio-para-fazer-lobby-nos-eua-contra-tarifas-de-trump\/#breadcrumb\",\"itemListElement\":[{\"@type\":\"ListItem\",\"position\":1,\"name\":\"In\u00edcio\",\"item\":\"https:\/\/jornalfatosenoticias.com.br\/\"},{\"@type\":\"ListItem\",\"position\":2,\"name\":\"Governo Lula contrata escrit\u00f3rio para fazer lobby nos EUA contra tarifas de Trump\"}]},{\"@type\":\"WebSite\",\"@id\":\"https:\/\/jornalfatosenoticias.com.br\/#website\",\"url\":\"https:\/\/jornalfatosenoticias.com.br\/\",\"name\":\"Jornal Fatos e Not\u00edcias\",\"description\":\"Not\u00edcias em geral\",\"publisher\":{\"@id\":\"https:\/\/jornalfatosenoticias.com.br\/#organization\"},\"potentialAction\":[{\"@type\":\"SearchAction\",\"target\":{\"@type\":\"EntryPoint\",\"urlTemplate\":\"https:\/\/jornalfatosenoticias.com.br\/?s={search_term_string}\"},\"query-input\":{\"@type\":\"PropertyValueSpecification\",\"valueRequired\":true,\"valueName\":\"search_term_string\"}}],\"inLanguage\":\"pt-BR\"},{\"@type\":\"Organization\",\"@id\":\"https:\/\/jornalfatosenoticias.com.br\/#organization\",\"name\":\"Jornal Fatos e Not\u00edcias\",\"url\":\"https:\/\/jornalfatosenoticias.com.br\/\",\"logo\":{\"@type\":\"ImageObject\",\"inLanguage\":\"pt-BR\",\"@id\":\"https:\/\/jornalfatosenoticias.com.br\/#\/schema\/logo\/image\/\",\"url\":\"https:\/\/jornalfatosenoticias.com.br\/wp-content\/uploads\/2020\/02\/logo120.png\",\"contentUrl\":\"https:\/\/jornalfatosenoticias.com.br\/wp-content\/uploads\/2020\/02\/logo120.png\",\"width\":1227,\"height\":120,\"caption\":\"Jornal Fatos e Not\u00edcias\"},\"image\":{\"@id\":\"https:\/\/jornalfatosenoticias.com.br\/#\/schema\/logo\/image\/\"}},{\"@type\":\"Person\",\"@id\":\"https:\/\/jornalfatosenoticias.com.br\/#\/schema\/person\/d63837fa13ac8666eb9e74e0985d6f81\",\"name\":\"Luzimara Fernandes\",\"image\":{\"@type\":\"ImageObject\",\"inLanguage\":\"pt-BR\",\"@id\":\"https:\/\/jornalfatosenoticias.com.br\/#\/schema\/person\/image\/\",\"url\":\"https:\/\/jornalfatosenoticias.com.br\/wp-content\/uploads\/2025\/05\/EU_portal.jpg\",\"contentUrl\":\"https:\/\/jornalfatosenoticias.com.br\/wp-content\/uploads\/2025\/05\/EU_portal.jpg\",\"caption\":\"Luzimara Fernandes\"},\"description\":\"Jornalista MTB 2358-ES\",\"sameAs\":[\"https:\/\/jornalfatosenoticias.com.br\"],\"url\":\"https:\/\/jornalfatosenoticias.com.br\/index.php\/author\/luzimara\/\"}]}<\/script>\n<!-- \/ Yoast SEO plugin. -->","yoast_head_json":{"title":"Governo Lula contrata escrit\u00f3rio para fazer lobby nos EUA contra tarifas de Trump - Jornal Fatos e Not\u00edcias","robots":{"index":"index","follow":"follow","max-snippet":"max-snippet:-1","max-image-preview":"max-image-preview:large","max-video-preview":"max-video-preview:-1"},"canonical":"https:\/\/jornalfatosenoticias.com.br\/index.php\/2025\/08\/26\/governo-lula-contrata-escritorio-para-fazer-lobby-nos-eua-contra-tarifas-de-trump\/","og_locale":"pt_BR","og_type":"article","og_title":"Governo Lula contrata escrit\u00f3rio para fazer lobby nos EUA contra tarifas de Trump - Jornal Fatos e Not\u00edcias","og_description":"Por Wesley Oliveira A Advocacia-Geral da Uni\u00e3o (AGU) pretende assinar nos pr\u00f3ximos dias um contrato com um escrit\u00f3rio de advocacia dos Estados Unidos que ir\u00e1 atuar para tentar reverter as san\u00e7\u00f5es impostas pelo governo de Donald Trump ao Brasil. Al\u00e9m do tarifa\u00e7o de 50% aos produtos brasileiros, a empresa ir\u00e1 fazer lobby contra as puni\u00e7\u00f5es [&hellip;]","og_url":"https:\/\/jornalfatosenoticias.com.br\/index.php\/2025\/08\/26\/governo-lula-contrata-escritorio-para-fazer-lobby-nos-eua-contra-tarifas-de-trump\/","og_site_name":"Jornal Fatos e Not\u00edcias","article_published_time":"2025-08-26T13:01:29+00:00","article_modified_time":"2025-08-26T13:01:31+00:00","og_image":[{"width":1000,"height":562,"url":"https:\/\/jornalfatosenoticias.com.br\/wp-content\/uploads\/2025\/08\/trump-nine.jpg","type":"image\/jpeg"}],"author":"Luzimara Fernandes","twitter_card":"summary_large_image","twitter_misc":{"Escrito por":"Luzimara Fernandes","Est. tempo de leitura":"2 minutos"},"schema":{"@context":"https:\/\/schema.org","@graph":[{"@type":"Article","@id":"https:\/\/jornalfatosenoticias.com.br\/index.php\/2025\/08\/26\/governo-lula-contrata-escritorio-para-fazer-lobby-nos-eua-contra-tarifas-de-trump\/#article","isPartOf":{"@id":"https:\/\/jornalfatosenoticias.com.br\/index.php\/2025\/08\/26\/governo-lula-contrata-escritorio-para-fazer-lobby-nos-eua-contra-tarifas-de-trump\/"},"author":{"name":"Luzimara Fernandes","@id":"https:\/\/jornalfatosenoticias.com.br\/#\/schema\/person\/d63837fa13ac8666eb9e74e0985d6f81"},"headline":"Governo Lula contrata escrit\u00f3rio para fazer lobby nos EUA contra tarifas de Trump","datePublished":"2025-08-26T13:01:29+00:00","dateModified":"2025-08-26T13:01:31+00:00","mainEntityOfPage":{"@id":"https:\/\/jornalfatosenoticias.com.br\/index.php\/2025\/08\/26\/governo-lula-contrata-escritorio-para-fazer-lobby-nos-eua-contra-tarifas-de-trump\/"},"wordCount":342,"commentCount":0,"publisher":{"@id":"https:\/\/jornalfatosenoticias.com.br\/#organization"},"image":{"@id":"https:\/\/jornalfatosenoticias.com.br\/index.php\/2025\/08\/26\/governo-lula-contrata-escritorio-para-fazer-lobby-nos-eua-contra-tarifas-de-trump\/#primaryimage"},"thumbnailUrl":"https:\/\/jornalfatosenoticias.com.br\/wp-content\/uploads\/2025\/08\/trump-nine.jpg","keywords":["Alexandre de Moraes","Donald Trump","EUA","Lei Magnitsky","lobby","Lula","STF","tarifa\u00e7o"],"articleSection":["Pol\u00edtica"],"inLanguage":"pt-BR","potentialAction":[{"@type":"CommentAction","name":"Comment","target":["https:\/\/jornalfatosenoticias.com.br\/index.php\/2025\/08\/26\/governo-lula-contrata-escritorio-para-fazer-lobby-nos-eua-contra-tarifas-de-trump\/#respond"]}]},{"@type":"WebPage","@id":"https:\/\/jornalfatosenoticias.com.br\/index.php\/2025\/08\/26\/governo-lula-contrata-escritorio-para-fazer-lobby-nos-eua-contra-tarifas-de-trump\/","url":"https:\/\/jornalfatosenoticias.com.br\/index.php\/2025\/08\/26\/governo-lula-contrata-escritorio-para-fazer-lobby-nos-eua-contra-tarifas-de-trump\/","name":"Governo Lula contrata escrit\u00f3rio para fazer lobby nos EUA contra tarifas de Trump - Jornal Fatos e Not\u00edcias","isPartOf":{"@id":"https:\/\/jornalfatosenoticias.com.br\/#website"},"primaryImageOfPage":{"@id":"https:\/\/jornalfatosenoticias.com.br\/index.php\/2025\/08\/26\/governo-lula-contrata-escritorio-para-fazer-lobby-nos-eua-contra-tarifas-de-trump\/#primaryimage"},"image":{"@id":"https:\/\/jornalfatosenoticias.com.br\/index.php\/2025\/08\/26\/governo-lula-contrata-escritorio-para-fazer-lobby-nos-eua-contra-tarifas-de-trump\/#primaryimage"},"thumbnailUrl":"https:\/\/jornalfatosenoticias.com.br\/wp-content\/uploads\/2025\/08\/trump-nine.jpg","datePublished":"2025-08-26T13:01:29+00:00","dateModified":"2025-08-26T13:01:31+00:00","breadcrumb":{"@id":"https:\/\/jornalfatosenoticias.com.br\/index.php\/2025\/08\/26\/governo-lula-contrata-escritorio-para-fazer-lobby-nos-eua-contra-tarifas-de-trump\/#breadcrumb"},"inLanguage":"pt-BR","potentialAction":[{"@type":"ReadAction","target":["https:\/\/jornalfatosenoticias.com.br\/index.php\/2025\/08\/26\/governo-lula-contrata-escritorio-para-fazer-lobby-nos-eua-contra-tarifas-de-trump\/"]}]},{"@type":"ImageObject","inLanguage":"pt-BR","@id":"https:\/\/jornalfatosenoticias.com.br\/index.php\/2025\/08\/26\/governo-lula-contrata-escritorio-para-fazer-lobby-nos-eua-contra-tarifas-de-trump\/#primaryimage","url":"https:\/\/jornalfatosenoticias.com.br\/wp-content\/uploads\/2025\/08\/trump-nine.jpg","contentUrl":"https:\/\/jornalfatosenoticias.com.br\/wp-content\/uploads\/2025\/08\/trump-nine.jpg","width":1000,"height":562},{"@type":"BreadcrumbList","@id":"https:\/\/jornalfatosenoticias.com.br\/index.php\/2025\/08\/26\/governo-lula-contrata-escritorio-para-fazer-lobby-nos-eua-contra-tarifas-de-trump\/#breadcrumb","itemListElement":[{"@type":"ListItem","position":1,"name":"In\u00edcio","item":"https:\/\/jornalfatosenoticias.com.br\/"},{"@type":"ListItem","position":2,"name":"Governo Lula contrata escrit\u00f3rio para fazer lobby nos EUA contra tarifas de Trump"}]},{"@type":"WebSite","@id":"https:\/\/jornalfatosenoticias.com.br\/#website","url":"https:\/\/jornalfatosenoticias.com.br\/","name":"Jornal Fatos e Not\u00edcias","description":"Not\u00edcias em geral","publisher":{"@id":"https:\/\/jornalfatosenoticias.com.br\/#organization"},"potentialAction":[{"@type":"SearchAction","target":{"@type":"EntryPoint","urlTemplate":"https:\/\/jornalfatosenoticias.com.br\/?s={search_term_string}"},"query-input":{"@type":"PropertyValueSpecification","valueRequired":true,"valueName":"search_term_string"}}],"inLanguage":"pt-BR"},{"@type":"Organization","@id":"https:\/\/jornalfatosenoticias.com.br\/#organization","name":"Jornal Fatos e Not\u00edcias","url":"https:\/\/jornalfatosenoticias.com.br\/","logo":{"@type":"ImageObject","inLanguage":"pt-BR","@id":"https:\/\/jornalfatosenoticias.com.br\/#\/schema\/logo\/image\/","url":"https:\/\/jornalfatosenoticias.com.br\/wp-content\/uploads\/2020\/02\/logo120.png","contentUrl":"https:\/\/jornalfatosenoticias.com.br\/wp-content\/uploads\/2020\/02\/logo120.png","width":1227,"height":120,"caption":"Jornal Fatos e Not\u00edcias"},"image":{"@id":"https:\/\/jornalfatosenoticias.com.br\/#\/schema\/logo\/image\/"}},{"@type":"Person","@id":"https:\/\/jornalfatosenoticias.com.br\/#\/schema\/person\/d63837fa13ac8666eb9e74e0985d6f81","name":"Luzimara Fernandes","image":{"@type":"ImageObject","inLanguage":"pt-BR","@id":"https:\/\/jornalfatosenoticias.com.br\/#\/schema\/person\/image\/","url":"https:\/\/jornalfatosenoticias.com.br\/wp-content\/uploads\/2025\/05\/EU_portal.jpg","contentUrl":"https:\/\/jornalfatosenoticias.com.br\/wp-content\/uploads\/2025\/05\/EU_portal.jpg","caption":"Luzimara Fernandes"},"description":"Jornalista MTB 2358-ES","sameAs":["https:\/\/jornalfatosenoticias.com.br"],"url":"https:\/\/jornalfatosenoticias.com.br\/index.php\/author\/luzimara\/"}]}},"cc_featured_image_caption":{"caption_text":"(Foto: Getty Images)","source_text":"","source_url":""},"jetpack_featured_media_url":"https:\/\/jornalfatosenoticias.com.br\/wp-content\/uploads\/2025\/08\/trump-nine.jpg","_links":{"self":[{"href":"https:\/\/jornalfatosenoticias.com.br\/index.php\/wp-json\/wp\/v2\/posts\/61449","targetHints":{"allow":["GET"]}}],"collection":[{"href":"https:\/\/jornalfatosenoticias.com.br\/index.php\/wp-json\/wp\/v2\/posts"}],"about":[{"href":"https:\/\/jornalfatosenoticias.com.br\/index.php\/wp-json\/wp\/v2\/types\/post"}],"author":[{"embeddable":true,"href":"https:\/\/jornalfatosenoticias.com.br\/index.php\/wp-json\/wp\/v2\/users\/2"}],"replies":[{"embeddable":true,"href":"https:\/\/jornalfatosenoticias.com.br\/index.php\/wp-json\/wp\/v2\/comments?post=61449"}],"version-history":[{"count":0,"href":"https:\/\/jornalfatosenoticias.com.br\/index.php\/wp-json\/wp\/v2\/posts\/61449\/revisions"}],"wp:featuredmedia":[{"embeddable":true,"href":"https:\/\/jornalfatosenoticias.com.br\/index.php\/wp-json\/wp\/v2\/media\/61177"}],"wp:attachment":[{"href":"https:\/\/jornalfatosenoticias.com.br\/index.php\/wp-json\/wp\/v2\/media?parent=61449"}],"wp:term":[{"taxonomy":"category","embeddable":true,"href":"https:\/\/jornalfatosenoticias.com.br\/index.php\/wp-json\/wp\/v2\/categories?post=61449"},{"taxonomy":"post_tag","embeddable":true,"href":"https:\/\/jornalfatosenoticias.com.br\/index.php\/wp-json\/wp\/v2\/tags?post=61449"}],"curies":[{"name":"wp","href":"https:\/\/api.w.org\/{rel}","templated":true}]}}