{"id":61457,"date":"2025-08-26T11:00:49","date_gmt":"2025-08-26T14:00:49","guid":{"rendered":"https:\/\/jornalfatosenoticias.com.br\/?p=61457"},"modified":"2025-08-26T11:00:51","modified_gmt":"2025-08-26T14:00:51","slug":"uruguai-disputa-com-brasil-titulo-de-predio-mais-alto-da-america-latina","status":"publish","type":"post","link":"https:\/\/jornalfatosenoticias.com.br\/index.php\/2025\/08\/26\/uruguai-disputa-com-brasil-titulo-de-predio-mais-alto-da-america-latina\/","title":{"rendered":"Uruguai disputa com Brasil t\u00edtulo de pr\u00e9dio mais alto da Am\u00e9rica Latina"},"content":{"rendered":"\n<p><em><span class=\"has-inline-color has-black-color\">Punta del Este, no Uruguai, ter\u00e1 o residencial mais alto da Am\u00e9rica Latina antes do Brasil<\/span><\/em><\/p>\n\n\n\n<p><span class=\"has-inline-color has-black-color\">Por <strong><a href=\"https:\/\/gizmodo.uol.com.br\/author\/isabela-oliveira\/\" rel=\"sponsored nofollow\">Isabela Oliveira<\/a><\/strong><\/span><\/p>\n\n\n\n<div class=\"wp-block-image\"><figure class=\"aligncenter size-large\"><a href=\"https:\/\/mizu.com.br\/\"><img loading=\"lazy\" decoding=\"async\" width=\"729\" height=\"90\" src=\"https:\/\/jornalfatosenoticias.com.br\/wp-content\/uploads\/2020\/02\/Logo_Mizu.png\" alt=\"\" class=\"wp-image-1441\" srcset=\"https:\/\/jornalfatosenoticias.com.br\/wp-content\/uploads\/2020\/02\/Logo_Mizu.png 729w, https:\/\/jornalfatosenoticias.com.br\/wp-content\/uploads\/2020\/02\/Logo_Mizu-300x37.png 300w\" sizes=\"auto, (max-width: 729px) 100vw, 729px\" \/><\/a><\/figure><\/div>\n\n\n\n<p>Antes da conclus\u00e3o do <a href=\"https:\/\/gizmodo.uol.com.br\/brasil-tera-predio-residencial-mais-alto-do-mundo-batizado-de-senna\/\">Senna Tower, em Balne\u00e1rio Cambori\u00fa<\/a>, o pr\u00e9dio Cipriani Resort Residences &amp; Casino em Punta del Este, Uruguai, ser\u00e1 o residencial mais alto da Am\u00e9rica Latina. O complexo ter\u00e1 tr\u00eas torres. Sendo a mais alta com 320 metros e 60 andares. As demais torres ter\u00e3o 30 e 45 andares cada uma.<br>O investimento de US$ 600 milh\u00f5es (R$ 3,2 bilh\u00f5es) tamb\u00e9m ir\u00e1 incluir cassino, hotel e atra\u00e7\u00f5es diversas, superando restri\u00e7\u00f5es locais de altura da cidade. De acordo com a administra\u00e7\u00e3o do complexo ao <em>UOL,<\/em> a inten\u00e7\u00e3o era \u201coferecer espa\u00e7os com p\u00e9-direito alto e uma sensa\u00e7\u00e3o de amplitude\u201d. \u201cPor isso, estruturas altas e marcantes eram essenciais para o projeto\u201d, explicaram.<\/p>\n\n\n\n<div class=\"wp-block-image\"><figure class=\"aligncenter size-large is-resized\"><a href=\"https:\/\/www.instagram.com\/esteio.churrascaria\/\"><img loading=\"lazy\" decoding=\"async\" src=\"https:\/\/jornalfatosenoticias.com.br\/wp-content\/uploads\/2022\/02\/LOGO-ESTEIO-1024x730.png\" alt=\"\" class=\"wp-image-27942\" width=\"340\" height=\"242\" srcset=\"https:\/\/jornalfatosenoticias.com.br\/wp-content\/uploads\/2022\/02\/LOGO-ESTEIO-1024x730.png 1024w, https:\/\/jornalfatosenoticias.com.br\/wp-content\/uploads\/2022\/02\/LOGO-ESTEIO-300x214.png 300w, https:\/\/jornalfatosenoticias.com.br\/wp-content\/uploads\/2022\/02\/LOGO-ESTEIO-768x548.png 768w, https:\/\/jornalfatosenoticias.com.br\/wp-content\/uploads\/2022\/02\/LOGO-ESTEIO.png 1123w\" sizes=\"auto, (max-width: 340px) 100vw, 340px\" \/><\/a><\/figure><\/div>\n\n\n\n<p>O empreendimento ter\u00e1 uma inaugura\u00e7\u00e3o em fases, come\u00e7ando em 2026 com o cassino, um espa\u00e7o para eventos e o clube de praia. J\u00e1 o pr\u00e9dio brasileiro Senna Tower, que deve concluir suas obras at\u00e9 o ano de 2033, pretende ser o residencial mais alto do mundo. Vai ultrapassar os 550 metros. Na segunda etapa da constru\u00e7\u00e3o uruguaia, o hotel com 64 quartos ser\u00e1 inaugurado, enquanto na terceira, ser\u00e3o mais 120 su\u00edtes em um novo hotel do complexo. Enfim, os apartamentos t\u00eam previs\u00e3o de entrega para 2027.<\/p>\n\n\n\n<div class=\"wp-block-image\"><figure class=\"aligncenter size-large\"><a href=\"http:\/\/www.ferrarimaquinas.com.br\/\"><img loading=\"lazy\" decoding=\"async\" width=\"300\" height=\"250\" src=\"https:\/\/jornalfatosenoticias.com.br\/wp-content\/uploads\/2022\/02\/FERRARI_MAQUINAS-E-FERRAMENTAS2.jpg\" alt=\"\" class=\"wp-image-27860\"\/><\/a><\/figure><\/div>\n\n\n\n<p><strong><span class=\"has-inline-color has-vivid-purple-color\">Como ser\u00e1 o pr\u00e9dio mais alto da Am\u00e9rica Latina, no Uruguai?<br><\/span><\/strong>Segundo o portal oficial do projeto, ele incluir\u00e1 a \u201creconstru\u00e7\u00e3o fiel\u201d do Hotel San Rafael, de 1948, em estilo tradicional ingl\u00eas. O complexo ainda deve incluir \u00e1rea de compras com lojas de grife, spa, piscinas, academia, sal\u00e3o de beleza, quadras, pista de boliche, est\u00fadio de podcast, simulador de golfe, clube de surf e esta\u00e7\u00f5es de carregamento para ve\u00edculos el\u00e9tricos.<\/p>\n\n\n\n<div class=\"wp-block-image\"><figure class=\"aligncenter size-large is-resized\"><a href=\"https:\/\/panper.com.br\/\"><img loading=\"lazy\" decoding=\"async\" src=\"https:\/\/jornalfatosenoticias.com.br\/wp-content\/uploads\/2023\/03\/logo-Panper_portal.jpg\" alt=\"\" class=\"wp-image-40208\" width=\"329\" height=\"228\" srcset=\"https:\/\/jornalfatosenoticias.com.br\/wp-content\/uploads\/2023\/03\/logo-Panper_portal.jpg 400w, https:\/\/jornalfatosenoticias.com.br\/wp-content\/uploads\/2023\/03\/logo-Panper_portal-300x208.jpg 300w\" sizes=\"auto, (max-width: 329px) 100vw, 329px\" \/><\/a><\/figure><\/div>\n\n\n\n<p>J\u00e1 os apartamentos residenciais, elaborados pelo arquiteto Hassen Balut, ter\u00e3o vistas para o mar da Playa Brava ou da Playa Mansa, terra\u00e7os privativos e janelas do ch\u00e3o at\u00e9 o teto. A cobertura, por exemplo, ter\u00e1 dois andares e 1.035 mil metros quadrados, com cinco quartos e oito banheiros.<\/p>\n\n\n\n<div class=\"wp-block-image\"><figure class=\"aligncenter size-large\"><a href=\"https:\/\/www.cesconetto.com.br\/\"><img loading=\"lazy\" decoding=\"async\" width=\"300\" height=\"250\" src=\"https:\/\/jornalfatosenoticias.com.br\/wp-content\/uploads\/2022\/02\/Banner-2.png\" alt=\"\" class=\"wp-image-27877\"\/><\/a><\/figure><\/div>\n\n\n\n<p>De acordo com o site da imobili\u00e1ria La Cite Real Estate, um apartamento custar\u00e1 mais de US$ 1,7 milh\u00e3o (R$ 9,3 milh\u00f5es). Uma das coberturas, ali\u00e1s, j\u00e1 foi vendida a um comprador europeu por US$ 17 milh\u00f5es (R$ 93 milh\u00f5es), segundo a <em>Bloomberg L\u00ednea.<\/em><\/p>\n\n\n\n<p><strong>Fonte: <a href=\"https:\/\/gizmodo.uol.com.br\/uruguai-disputa-com-brasil-titulo-de-predio-mais-alto-da-america-latina\/\">Giz Brasil<\/a><\/strong><\/p>\n","protected":false},"excerpt":{"rendered":"<p>Punta del Este, no Uruguai, ter\u00e1 o residencial mais alto da Am\u00e9rica Latina antes do Brasil Por Isabela Oliveira Antes da conclus\u00e3o do Senna Tower, em Balne\u00e1rio Cambori\u00fa, o pr\u00e9dio Cipriani Resort Residences &amp; Casino em Punta del Este, Uruguai, ser\u00e1 o residencial mais alto da Am\u00e9rica Latina. O complexo ter\u00e1 tr\u00eas torres. Sendo a [&hellip;]<\/p>\n","protected":false},"author":2,"featured_media":61458,"comment_status":"open","ping_status":"open","sticky":false,"template":"","format":"standard","meta":{"footnotes":""},"categories":[744],"tags":[260,2185,23943,2936,24941,28008,20258],"class_list":["post-61457","post","type-post","status-publish","format-standard","has-post-thumbnail","hentry","category-arq-urbanismo","tag-america-latina","tag-arquitetura","tag-balneario-camboriu","tag-edificio","tag-predio-mais-alto","tag-punta-del-este","tag-uruguai"],"yoast_head":"<!-- This site is optimized with the Yoast SEO plugin v26.5 - https:\/\/yoast.com\/wordpress\/plugins\/seo\/ -->\n<title>Uruguai disputa com Brasil t\u00edtulo de pr\u00e9dio mais alto da Am\u00e9rica Latina - Jornal Fatos e Not\u00edcias<\/title>\n<meta name=\"robots\" content=\"index, follow, max-snippet:-1, max-image-preview:large, max-video-preview:-1\" \/>\n<link rel=\"canonical\" href=\"https:\/\/jornalfatosenoticias.com.br\/index.php\/2025\/08\/26\/uruguai-disputa-com-brasil-titulo-de-predio-mais-alto-da-america-latina\/\" \/>\n<meta property=\"og:locale\" content=\"pt_BR\" \/>\n<meta property=\"og:type\" content=\"article\" \/>\n<meta property=\"og:title\" content=\"Uruguai disputa com Brasil t\u00edtulo de pr\u00e9dio mais alto da Am\u00e9rica Latina - Jornal Fatos e Not\u00edcias\" \/>\n<meta property=\"og:description\" content=\"Punta del Este, no Uruguai, ter\u00e1 o residencial mais alto da Am\u00e9rica Latina antes do Brasil Por Isabela Oliveira Antes da conclus\u00e3o do Senna Tower, em Balne\u00e1rio Cambori\u00fa, o pr\u00e9dio Cipriani Resort Residences &amp; Casino em Punta del Este, Uruguai, ser\u00e1 o residencial mais alto da Am\u00e9rica Latina. O complexo ter\u00e1 tr\u00eas torres. Sendo a [&hellip;]\" \/>\n<meta property=\"og:url\" content=\"https:\/\/jornalfatosenoticias.com.br\/index.php\/2025\/08\/26\/uruguai-disputa-com-brasil-titulo-de-predio-mais-alto-da-america-latina\/\" \/>\n<meta property=\"og:site_name\" content=\"Jornal Fatos e Not\u00edcias\" \/>\n<meta property=\"article:published_time\" content=\"2025-08-26T14:00:49+00:00\" \/>\n<meta property=\"article:modified_time\" content=\"2025-08-26T14:00:51+00:00\" \/>\n<meta property=\"og:image\" content=\"https:\/\/jornalfatosenoticias.com.br\/wp-content\/uploads\/2025\/08\/predio-mais-alto-da-america-latina.jpg\" \/>\n\t<meta property=\"og:image:width\" content=\"1000\" \/>\n\t<meta property=\"og:image:height\" content=\"607\" \/>\n\t<meta property=\"og:image:type\" content=\"image\/jpeg\" \/>\n<meta name=\"author\" content=\"Luzimara Fernandes\" \/>\n<meta name=\"twitter:card\" content=\"summary_large_image\" \/>\n<meta name=\"twitter:label1\" content=\"Escrito por\" \/>\n\t<meta name=\"twitter:data1\" content=\"Luzimara Fernandes\" \/>\n\t<meta name=\"twitter:label2\" content=\"Est. tempo de leitura\" \/>\n\t<meta name=\"twitter:data2\" content=\"2 minutos\" \/>\n<script type=\"application\/ld+json\" class=\"yoast-schema-graph\">{\"@context\":\"https:\/\/schema.org\",\"@graph\":[{\"@type\":\"Article\",\"@id\":\"https:\/\/jornalfatosenoticias.com.br\/index.php\/2025\/08\/26\/uruguai-disputa-com-brasil-titulo-de-predio-mais-alto-da-america-latina\/#article\",\"isPartOf\":{\"@id\":\"https:\/\/jornalfatosenoticias.com.br\/index.php\/2025\/08\/26\/uruguai-disputa-com-brasil-titulo-de-predio-mais-alto-da-america-latina\/\"},\"author\":{\"name\":\"Luzimara Fernandes\",\"@id\":\"https:\/\/jornalfatosenoticias.com.br\/#\/schema\/person\/d63837fa13ac8666eb9e74e0985d6f81\"},\"headline\":\"Uruguai disputa com Brasil t\u00edtulo de pr\u00e9dio mais alto da Am\u00e9rica Latina\",\"datePublished\":\"2025-08-26T14:00:49+00:00\",\"dateModified\":\"2025-08-26T14:00:51+00:00\",\"mainEntityOfPage\":{\"@id\":\"https:\/\/jornalfatosenoticias.com.br\/index.php\/2025\/08\/26\/uruguai-disputa-com-brasil-titulo-de-predio-mais-alto-da-america-latina\/\"},\"wordCount\":424,\"commentCount\":0,\"publisher\":{\"@id\":\"https:\/\/jornalfatosenoticias.com.br\/#organization\"},\"image\":{\"@id\":\"https:\/\/jornalfatosenoticias.com.br\/index.php\/2025\/08\/26\/uruguai-disputa-com-brasil-titulo-de-predio-mais-alto-da-america-latina\/#primaryimage\"},\"thumbnailUrl\":\"https:\/\/jornalfatosenoticias.com.br\/wp-content\/uploads\/2025\/08\/predio-mais-alto-da-america-latina.jpg\",\"keywords\":[\"Am\u00e9rica latina\",\"arquitetura\",\"Balne\u00e1rio Cambori\u00fa\",\"edif\u00edcio\",\"pr\u00e9dio mais alto\",\"Punta del Este\",\"Uruguai\"],\"articleSection\":[\"Arq &amp; Urb\"],\"inLanguage\":\"pt-BR\",\"potentialAction\":[{\"@type\":\"CommentAction\",\"name\":\"Comment\",\"target\":[\"https:\/\/jornalfatosenoticias.com.br\/index.php\/2025\/08\/26\/uruguai-disputa-com-brasil-titulo-de-predio-mais-alto-da-america-latina\/#respond\"]}]},{\"@type\":\"WebPage\",\"@id\":\"https:\/\/jornalfatosenoticias.com.br\/index.php\/2025\/08\/26\/uruguai-disputa-com-brasil-titulo-de-predio-mais-alto-da-america-latina\/\",\"url\":\"https:\/\/jornalfatosenoticias.com.br\/index.php\/2025\/08\/26\/uruguai-disputa-com-brasil-titulo-de-predio-mais-alto-da-america-latina\/\",\"name\":\"Uruguai disputa com Brasil t\u00edtulo de pr\u00e9dio mais alto da Am\u00e9rica Latina - Jornal Fatos e Not\u00edcias\",\"isPartOf\":{\"@id\":\"https:\/\/jornalfatosenoticias.com.br\/#website\"},\"primaryImageOfPage\":{\"@id\":\"https:\/\/jornalfatosenoticias.com.br\/index.php\/2025\/08\/26\/uruguai-disputa-com-brasil-titulo-de-predio-mais-alto-da-america-latina\/#primaryimage\"},\"image\":{\"@id\":\"https:\/\/jornalfatosenoticias.com.br\/index.php\/2025\/08\/26\/uruguai-disputa-com-brasil-titulo-de-predio-mais-alto-da-america-latina\/#primaryimage\"},\"thumbnailUrl\":\"https:\/\/jornalfatosenoticias.com.br\/wp-content\/uploads\/2025\/08\/predio-mais-alto-da-america-latina.jpg\",\"datePublished\":\"2025-08-26T14:00:49+00:00\",\"dateModified\":\"2025-08-26T14:00:51+00:00\",\"breadcrumb\":{\"@id\":\"https:\/\/jornalfatosenoticias.com.br\/index.php\/2025\/08\/26\/uruguai-disputa-com-brasil-titulo-de-predio-mais-alto-da-america-latina\/#breadcrumb\"},\"inLanguage\":\"pt-BR\",\"potentialAction\":[{\"@type\":\"ReadAction\",\"target\":[\"https:\/\/jornalfatosenoticias.com.br\/index.php\/2025\/08\/26\/uruguai-disputa-com-brasil-titulo-de-predio-mais-alto-da-america-latina\/\"]}]},{\"@type\":\"ImageObject\",\"inLanguage\":\"pt-BR\",\"@id\":\"https:\/\/jornalfatosenoticias.com.br\/index.php\/2025\/08\/26\/uruguai-disputa-com-brasil-titulo-de-predio-mais-alto-da-america-latina\/#primaryimage\",\"url\":\"https:\/\/jornalfatosenoticias.com.br\/wp-content\/uploads\/2025\/08\/predio-mais-alto-da-america-latina.jpg\",\"contentUrl\":\"https:\/\/jornalfatosenoticias.com.br\/wp-content\/uploads\/2025\/08\/predio-mais-alto-da-america-latina.jpg\",\"width\":1000,\"height\":607},{\"@type\":\"BreadcrumbList\",\"@id\":\"https:\/\/jornalfatosenoticias.com.br\/index.php\/2025\/08\/26\/uruguai-disputa-com-brasil-titulo-de-predio-mais-alto-da-america-latina\/#breadcrumb\",\"itemListElement\":[{\"@type\":\"ListItem\",\"position\":1,\"name\":\"In\u00edcio\",\"item\":\"https:\/\/jornalfatosenoticias.com.br\/\"},{\"@type\":\"ListItem\",\"position\":2,\"name\":\"Uruguai disputa com Brasil t\u00edtulo de pr\u00e9dio mais alto da Am\u00e9rica Latina\"}]},{\"@type\":\"WebSite\",\"@id\":\"https:\/\/jornalfatosenoticias.com.br\/#website\",\"url\":\"https:\/\/jornalfatosenoticias.com.br\/\",\"name\":\"Jornal Fatos e Not\u00edcias\",\"description\":\"Not\u00edcias em geral\",\"publisher\":{\"@id\":\"https:\/\/jornalfatosenoticias.com.br\/#organization\"},\"potentialAction\":[{\"@type\":\"SearchAction\",\"target\":{\"@type\":\"EntryPoint\",\"urlTemplate\":\"https:\/\/jornalfatosenoticias.com.br\/?s={search_term_string}\"},\"query-input\":{\"@type\":\"PropertyValueSpecification\",\"valueRequired\":true,\"valueName\":\"search_term_string\"}}],\"inLanguage\":\"pt-BR\"},{\"@type\":\"Organization\",\"@id\":\"https:\/\/jornalfatosenoticias.com.br\/#organization\",\"name\":\"Jornal Fatos e Not\u00edcias\",\"url\":\"https:\/\/jornalfatosenoticias.com.br\/\",\"logo\":{\"@type\":\"ImageObject\",\"inLanguage\":\"pt-BR\",\"@id\":\"https:\/\/jornalfatosenoticias.com.br\/#\/schema\/logo\/image\/\",\"url\":\"https:\/\/jornalfatosenoticias.com.br\/wp-content\/uploads\/2020\/02\/logo120.png\",\"contentUrl\":\"https:\/\/jornalfatosenoticias.com.br\/wp-content\/uploads\/2020\/02\/logo120.png\",\"width\":1227,\"height\":120,\"caption\":\"Jornal Fatos e Not\u00edcias\"},\"image\":{\"@id\":\"https:\/\/jornalfatosenoticias.com.br\/#\/schema\/logo\/image\/\"}},{\"@type\":\"Person\",\"@id\":\"https:\/\/jornalfatosenoticias.com.br\/#\/schema\/person\/d63837fa13ac8666eb9e74e0985d6f81\",\"name\":\"Luzimara Fernandes\",\"image\":{\"@type\":\"ImageObject\",\"inLanguage\":\"pt-BR\",\"@id\":\"https:\/\/jornalfatosenoticias.com.br\/#\/schema\/person\/image\/\",\"url\":\"https:\/\/jornalfatosenoticias.com.br\/wp-content\/uploads\/2025\/05\/EU_portal.jpg\",\"contentUrl\":\"https:\/\/jornalfatosenoticias.com.br\/wp-content\/uploads\/2025\/05\/EU_portal.jpg\",\"caption\":\"Luzimara Fernandes\"},\"description\":\"Jornalista MTB 2358-ES\",\"sameAs\":[\"https:\/\/jornalfatosenoticias.com.br\"],\"url\":\"https:\/\/jornalfatosenoticias.com.br\/index.php\/author\/luzimara\/\"}]}<\/script>\n<!-- \/ Yoast SEO plugin. -->","yoast_head_json":{"title":"Uruguai disputa com Brasil t\u00edtulo de pr\u00e9dio mais alto da Am\u00e9rica Latina - Jornal Fatos e Not\u00edcias","robots":{"index":"index","follow":"follow","max-snippet":"max-snippet:-1","max-image-preview":"max-image-preview:large","max-video-preview":"max-video-preview:-1"},"canonical":"https:\/\/jornalfatosenoticias.com.br\/index.php\/2025\/08\/26\/uruguai-disputa-com-brasil-titulo-de-predio-mais-alto-da-america-latina\/","og_locale":"pt_BR","og_type":"article","og_title":"Uruguai disputa com Brasil t\u00edtulo de pr\u00e9dio mais alto da Am\u00e9rica Latina - Jornal Fatos e Not\u00edcias","og_description":"Punta del Este, no Uruguai, ter\u00e1 o residencial mais alto da Am\u00e9rica Latina antes do Brasil Por Isabela Oliveira Antes da conclus\u00e3o do Senna Tower, em Balne\u00e1rio Cambori\u00fa, o pr\u00e9dio Cipriani Resort Residences &amp; Casino em Punta del Este, Uruguai, ser\u00e1 o residencial mais alto da Am\u00e9rica Latina. O complexo ter\u00e1 tr\u00eas torres. Sendo a [&hellip;]","og_url":"https:\/\/jornalfatosenoticias.com.br\/index.php\/2025\/08\/26\/uruguai-disputa-com-brasil-titulo-de-predio-mais-alto-da-america-latina\/","og_site_name":"Jornal Fatos e Not\u00edcias","article_published_time":"2025-08-26T14:00:49+00:00","article_modified_time":"2025-08-26T14:00:51+00:00","og_image":[{"width":1000,"height":607,"url":"https:\/\/jornalfatosenoticias.com.br\/wp-content\/uploads\/2025\/08\/predio-mais-alto-da-america-latina.jpg","type":"image\/jpeg"}],"author":"Luzimara Fernandes","twitter_card":"summary_large_image","twitter_misc":{"Escrito por":"Luzimara Fernandes","Est. tempo de leitura":"2 minutos"},"schema":{"@context":"https:\/\/schema.org","@graph":[{"@type":"Article","@id":"https:\/\/jornalfatosenoticias.com.br\/index.php\/2025\/08\/26\/uruguai-disputa-com-brasil-titulo-de-predio-mais-alto-da-america-latina\/#article","isPartOf":{"@id":"https:\/\/jornalfatosenoticias.com.br\/index.php\/2025\/08\/26\/uruguai-disputa-com-brasil-titulo-de-predio-mais-alto-da-america-latina\/"},"author":{"name":"Luzimara Fernandes","@id":"https:\/\/jornalfatosenoticias.com.br\/#\/schema\/person\/d63837fa13ac8666eb9e74e0985d6f81"},"headline":"Uruguai disputa com Brasil t\u00edtulo de pr\u00e9dio mais alto da Am\u00e9rica Latina","datePublished":"2025-08-26T14:00:49+00:00","dateModified":"2025-08-26T14:00:51+00:00","mainEntityOfPage":{"@id":"https:\/\/jornalfatosenoticias.com.br\/index.php\/2025\/08\/26\/uruguai-disputa-com-brasil-titulo-de-predio-mais-alto-da-america-latina\/"},"wordCount":424,"commentCount":0,"publisher":{"@id":"https:\/\/jornalfatosenoticias.com.br\/#organization"},"image":{"@id":"https:\/\/jornalfatosenoticias.com.br\/index.php\/2025\/08\/26\/uruguai-disputa-com-brasil-titulo-de-predio-mais-alto-da-america-latina\/#primaryimage"},"thumbnailUrl":"https:\/\/jornalfatosenoticias.com.br\/wp-content\/uploads\/2025\/08\/predio-mais-alto-da-america-latina.jpg","keywords":["Am\u00e9rica latina","arquitetura","Balne\u00e1rio Cambori\u00fa","edif\u00edcio","pr\u00e9dio mais alto","Punta del Este","Uruguai"],"articleSection":["Arq &amp; Urb"],"inLanguage":"pt-BR","potentialAction":[{"@type":"CommentAction","name":"Comment","target":["https:\/\/jornalfatosenoticias.com.br\/index.php\/2025\/08\/26\/uruguai-disputa-com-brasil-titulo-de-predio-mais-alto-da-america-latina\/#respond"]}]},{"@type":"WebPage","@id":"https:\/\/jornalfatosenoticias.com.br\/index.php\/2025\/08\/26\/uruguai-disputa-com-brasil-titulo-de-predio-mais-alto-da-america-latina\/","url":"https:\/\/jornalfatosenoticias.com.br\/index.php\/2025\/08\/26\/uruguai-disputa-com-brasil-titulo-de-predio-mais-alto-da-america-latina\/","name":"Uruguai disputa com Brasil t\u00edtulo de pr\u00e9dio mais alto da Am\u00e9rica Latina - Jornal Fatos e Not\u00edcias","isPartOf":{"@id":"https:\/\/jornalfatosenoticias.com.br\/#website"},"primaryImageOfPage":{"@id":"https:\/\/jornalfatosenoticias.com.br\/index.php\/2025\/08\/26\/uruguai-disputa-com-brasil-titulo-de-predio-mais-alto-da-america-latina\/#primaryimage"},"image":{"@id":"https:\/\/jornalfatosenoticias.com.br\/index.php\/2025\/08\/26\/uruguai-disputa-com-brasil-titulo-de-predio-mais-alto-da-america-latina\/#primaryimage"},"thumbnailUrl":"https:\/\/jornalfatosenoticias.com.br\/wp-content\/uploads\/2025\/08\/predio-mais-alto-da-america-latina.jpg","datePublished":"2025-08-26T14:00:49+00:00","dateModified":"2025-08-26T14:00:51+00:00","breadcrumb":{"@id":"https:\/\/jornalfatosenoticias.com.br\/index.php\/2025\/08\/26\/uruguai-disputa-com-brasil-titulo-de-predio-mais-alto-da-america-latina\/#breadcrumb"},"inLanguage":"pt-BR","potentialAction":[{"@type":"ReadAction","target":["https:\/\/jornalfatosenoticias.com.br\/index.php\/2025\/08\/26\/uruguai-disputa-com-brasil-titulo-de-predio-mais-alto-da-america-latina\/"]}]},{"@type":"ImageObject","inLanguage":"pt-BR","@id":"https:\/\/jornalfatosenoticias.com.br\/index.php\/2025\/08\/26\/uruguai-disputa-com-brasil-titulo-de-predio-mais-alto-da-america-latina\/#primaryimage","url":"https:\/\/jornalfatosenoticias.com.br\/wp-content\/uploads\/2025\/08\/predio-mais-alto-da-america-latina.jpg","contentUrl":"https:\/\/jornalfatosenoticias.com.br\/wp-content\/uploads\/2025\/08\/predio-mais-alto-da-america-latina.jpg","width":1000,"height":607},{"@type":"BreadcrumbList","@id":"https:\/\/jornalfatosenoticias.com.br\/index.php\/2025\/08\/26\/uruguai-disputa-com-brasil-titulo-de-predio-mais-alto-da-america-latina\/#breadcrumb","itemListElement":[{"@type":"ListItem","position":1,"name":"In\u00edcio","item":"https:\/\/jornalfatosenoticias.com.br\/"},{"@type":"ListItem","position":2,"name":"Uruguai disputa com Brasil t\u00edtulo de pr\u00e9dio mais alto da Am\u00e9rica Latina"}]},{"@type":"WebSite","@id":"https:\/\/jornalfatosenoticias.com.br\/#website","url":"https:\/\/jornalfatosenoticias.com.br\/","name":"Jornal Fatos e Not\u00edcias","description":"Not\u00edcias em geral","publisher":{"@id":"https:\/\/jornalfatosenoticias.com.br\/#organization"},"potentialAction":[{"@type":"SearchAction","target":{"@type":"EntryPoint","urlTemplate":"https:\/\/jornalfatosenoticias.com.br\/?s={search_term_string}"},"query-input":{"@type":"PropertyValueSpecification","valueRequired":true,"valueName":"search_term_string"}}],"inLanguage":"pt-BR"},{"@type":"Organization","@id":"https:\/\/jornalfatosenoticias.com.br\/#organization","name":"Jornal Fatos e Not\u00edcias","url":"https:\/\/jornalfatosenoticias.com.br\/","logo":{"@type":"ImageObject","inLanguage":"pt-BR","@id":"https:\/\/jornalfatosenoticias.com.br\/#\/schema\/logo\/image\/","url":"https:\/\/jornalfatosenoticias.com.br\/wp-content\/uploads\/2020\/02\/logo120.png","contentUrl":"https:\/\/jornalfatosenoticias.com.br\/wp-content\/uploads\/2020\/02\/logo120.png","width":1227,"height":120,"caption":"Jornal Fatos e Not\u00edcias"},"image":{"@id":"https:\/\/jornalfatosenoticias.com.br\/#\/schema\/logo\/image\/"}},{"@type":"Person","@id":"https:\/\/jornalfatosenoticias.com.br\/#\/schema\/person\/d63837fa13ac8666eb9e74e0985d6f81","name":"Luzimara Fernandes","image":{"@type":"ImageObject","inLanguage":"pt-BR","@id":"https:\/\/jornalfatosenoticias.com.br\/#\/schema\/person\/image\/","url":"https:\/\/jornalfatosenoticias.com.br\/wp-content\/uploads\/2025\/05\/EU_portal.jpg","contentUrl":"https:\/\/jornalfatosenoticias.com.br\/wp-content\/uploads\/2025\/05\/EU_portal.jpg","caption":"Luzimara Fernandes"},"description":"Jornalista MTB 2358-ES","sameAs":["https:\/\/jornalfatosenoticias.com.br"],"url":"https:\/\/jornalfatosenoticias.com.br\/index.php\/author\/luzimara\/"}]}},"cc_featured_image_caption":{"caption_text":"(Foto: Reprodu\u00e7\u00e3o)","source_text":"","source_url":""},"jetpack_featured_media_url":"https:\/\/jornalfatosenoticias.com.br\/wp-content\/uploads\/2025\/08\/predio-mais-alto-da-america-latina.jpg","_links":{"self":[{"href":"https:\/\/jornalfatosenoticias.com.br\/index.php\/wp-json\/wp\/v2\/posts\/61457","targetHints":{"allow":["GET"]}}],"collection":[{"href":"https:\/\/jornalfatosenoticias.com.br\/index.php\/wp-json\/wp\/v2\/posts"}],"about":[{"href":"https:\/\/jornalfatosenoticias.com.br\/index.php\/wp-json\/wp\/v2\/types\/post"}],"author":[{"embeddable":true,"href":"https:\/\/jornalfatosenoticias.com.br\/index.php\/wp-json\/wp\/v2\/users\/2"}],"replies":[{"embeddable":true,"href":"https:\/\/jornalfatosenoticias.com.br\/index.php\/wp-json\/wp\/v2\/comments?post=61457"}],"version-history":[{"count":0,"href":"https:\/\/jornalfatosenoticias.com.br\/index.php\/wp-json\/wp\/v2\/posts\/61457\/revisions"}],"wp:featuredmedia":[{"embeddable":true,"href":"https:\/\/jornalfatosenoticias.com.br\/index.php\/wp-json\/wp\/v2\/media\/61458"}],"wp:attachment":[{"href":"https:\/\/jornalfatosenoticias.com.br\/index.php\/wp-json\/wp\/v2\/media?parent=61457"}],"wp:term":[{"taxonomy":"category","embeddable":true,"href":"https:\/\/jornalfatosenoticias.com.br\/index.php\/wp-json\/wp\/v2\/categories?post=61457"},{"taxonomy":"post_tag","embeddable":true,"href":"https:\/\/jornalfatosenoticias.com.br\/index.php\/wp-json\/wp\/v2\/tags?post=61457"}],"curies":[{"name":"wp","href":"https:\/\/api.w.org\/{rel}","templated":true}]}}