{"id":61460,"date":"2025-08-26T14:23:29","date_gmt":"2025-08-26T17:23:29","guid":{"rendered":"https:\/\/jornalfatosenoticias.com.br\/?p=61460"},"modified":"2025-08-26T14:23:30","modified_gmt":"2025-08-26T17:23:30","slug":"reflorestamento-permite-volta-de-animais-a-mangue-na-baia-de-guanabara","status":"publish","type":"post","link":"https:\/\/jornalfatosenoticias.com.br\/index.php\/2025\/08\/26\/reflorestamento-permite-volta-de-animais-a-mangue-na-baia-de-guanabara\/","title":{"rendered":"Reflorestamento permite volta de animais a mangue na Ba\u00eda de Guanabara"},"content":{"rendered":"\n<p><em><span class=\"has-inline-color has-black-color\">Aves, caranguejos, aranhas e borboletas s\u00e3o sinais de regenera\u00e7\u00e3o<\/span><\/em><\/p>\n\n\n\n<p><span class=\"has-inline-color has-black-color\">Por <strong><a href=\"https:\/\/gizmodo.uol.com.br\/author\/agencia-brasil\/\" rel=\"nofollow\">Ag\u00eancia Brasil<\/a><\/strong><\/span><\/p>\n\n\n\n<div class=\"wp-block-image\"><figure class=\"aligncenter size-large is-resized\"><a href=\"https:\/\/www.facebook.com\/vetor.vix\/\"><img loading=\"lazy\" decoding=\"async\" src=\"https:\/\/jornalfatosenoticias.com.br\/wp-content\/uploads\/2023\/09\/vetorvix1024_1.jpg\" alt=\"\" class=\"wp-image-44868\" width=\"554\" height=\"147\" srcset=\"https:\/\/jornalfatosenoticias.com.br\/wp-content\/uploads\/2023\/09\/vetorvix1024_1.jpg 1024w, https:\/\/jornalfatosenoticias.com.br\/wp-content\/uploads\/2023\/09\/vetorvix1024_1-300x80.jpg 300w, https:\/\/jornalfatosenoticias.com.br\/wp-content\/uploads\/2023\/09\/vetorvix1024_1-768x205.jpg 768w\" sizes=\"auto, (max-width: 554px) 100vw, 554px\" \/><\/a><\/figure><\/div>\n\n\n\n<p>A \u00c1rea de Prote\u00e7\u00e3o Ambiental de Guapi-Mirim, na regi\u00e3o metropolitana do Rio de Janeiro, voltou a receber moradores que h\u00e1 tempos n\u00e3o frequentavam mais a regi\u00e3o, que abrange manguezais na Ba\u00eda da Guanabara. S\u00e3o aves, caranguejos, aranhas e borboletas que se sentem novamente acolhidos em um ecossistema que, depois de anos de degrada\u00e7\u00e3o, d\u00e1 sinais de regenera\u00e7\u00e3o.<br>Quem descreve e confirma esse novo cen\u00e1rio s\u00e3o os respons\u00e1veis pelo Projeto U\u00e7\u00e1, da ONG Guardi\u00f5es do Mar em parceria com a Petrobras, por meio do Programa Petrobras Socioambiental. O projeto trabalha na restaura\u00e7\u00e3o dos manguezais e monitora dados da biodiversidade, solo e \u00e1gua da APA de Guapi-Mirim desde 2022.<\/p>\n\n\n\n<div class=\"wp-block-image\"><figure class=\"aligncenter size-large is-resized\"><a href=\"https:\/\/www.instagram.com\/rcradiadores\/\"><img loading=\"lazy\" decoding=\"async\" src=\"https:\/\/jornalfatosenoticias.com.br\/wp-content\/uploads\/2022\/10\/RC_800x750_page-0001.jpg\" alt=\"\" class=\"wp-image-35338\" width=\"291\" height=\"273\" srcset=\"https:\/\/jornalfatosenoticias.com.br\/wp-content\/uploads\/2022\/10\/RC_800x750_page-0001.jpg 400w, https:\/\/jornalfatosenoticias.com.br\/wp-content\/uploads\/2022\/10\/RC_800x750_page-0001-300x281.jpg 300w\" sizes=\"auto, (max-width: 291px) 100vw, 291px\" \/><\/a><\/figure><\/div>\n\n\n\n<p>Segundo os organizadores, <strong>o retorno dos animais indica aumento de biodiversidade e de reequil\u00edbrio ambiental.<\/strong> No caso do caranguejo marinheiro, o reflorestamento foi decisivo, j\u00e1 que precisam das \u00e1rvores para locomo\u00e7\u00e3o. As borboletas tamb\u00e9m reapareceram assim que os mangues apresentaram um crescimento significativo. E as aranhas s\u00e3o respons\u00e1veis por controlar as pragas que podem prejudicar o ecossistema.<\/p>\n\n\n\n<div class=\"wp-block-image\"><figure class=\"aligncenter size-large is-resized\"><a href=\"https:\/\/hotelmarquetti.com.br\/\"><img loading=\"lazy\" decoding=\"async\" src=\"https:\/\/jornalfatosenoticias.com.br\/wp-content\/uploads\/2020\/02\/LOGO-MQ-1024x680.jpg\" alt=\"\" class=\"wp-image-58299\" width=\"330\" height=\"219\" srcset=\"https:\/\/jornalfatosenoticias.com.br\/wp-content\/uploads\/2020\/02\/LOGO-MQ-1024x680.jpg 1024w, https:\/\/jornalfatosenoticias.com.br\/wp-content\/uploads\/2020\/02\/LOGO-MQ-300x199.jpg 300w, https:\/\/jornalfatosenoticias.com.br\/wp-content\/uploads\/2020\/02\/LOGO-MQ-768x510.jpg 768w, https:\/\/jornalfatosenoticias.com.br\/wp-content\/uploads\/2020\/02\/LOGO-MQ-1536x1020.jpg 1536w, https:\/\/jornalfatosenoticias.com.br\/wp-content\/uploads\/2020\/02\/LOGO-MQ-2048x1360.jpg 2048w\" sizes=\"auto, (max-width: 330px) 100vw, 330px\" \/><\/a><\/figure><\/div>\n\n\n\n<p>Outros animais que tem aparecido com mais frequ\u00eancia s\u00e3o capivaras, tamandu\u00e1s-mirins, quatis, gar\u00e7as e o caranguejo-u\u00e7\u00e1. <strong>At\u00e9 o momento, foram registradas 62 esp\u00e9cies de aves, mam\u00edferos e crust\u00e1ceos nas \u00e1reas reflorestadas.<\/strong> S\u00e3o destacadas aquelas que est\u00e3o no topo da cadeia alimentar, como gar\u00e7a-azul, gar\u00e7a-grande-branca e o mam\u00edfero m\u00e3o-pelada. O reflorestamento teve in\u00edcio entre 2015 e 2016. Segundo o Projeto U\u00e7\u00e1, elas j\u00e1 est\u00e3o em tamanho considerado bom, entre oito e 10 metros de altura, o que \u00e9 ind\u00edcio de um reflorestamento bem-sucedido.<\/p>\n\n\n\n<div class=\"wp-block-image\"><figure class=\"aligncenter size-large is-resized\"><a href=\"https:\/\/www.controlsystems.com.br\/\"><img loading=\"lazy\" decoding=\"async\" src=\"https:\/\/jornalfatosenoticias.com.br\/wp-content\/uploads\/2020\/02\/CONTROL-CS.jpg\" alt=\"\" class=\"wp-image-44991\" width=\"253\" height=\"303\" srcset=\"https:\/\/jornalfatosenoticias.com.br\/wp-content\/uploads\/2020\/02\/CONTROL-CS.jpg 834w, https:\/\/jornalfatosenoticias.com.br\/wp-content\/uploads\/2020\/02\/CONTROL-CS-250x300.jpg 250w, https:\/\/jornalfatosenoticias.com.br\/wp-content\/uploads\/2020\/02\/CONTROL-CS-768x921.jpg 768w\" sizes=\"auto, (max-width: 253px) 100vw, 253px\" \/><\/a><\/figure><\/div>\n\n\n\n<p><strong><span class=\"has-inline-color has-vivid-green-cyan-color\">Monitoramento de aves<br><\/span><\/strong>O acompanhamento das aves pelo Projeto U\u00e7\u00e1 \u00e9 tido como um dos pilares t\u00e9cnicos para medir a recupera\u00e7\u00e3o ambiental. S\u00e3o feitos registros fotogr\u00e1ficos e auditivos, com o aux\u00edlio de aplicativos como Merlin e WikiAves, al\u00e9m do uso de c\u00e2meras com lentes teleobjetivas para registros mais precisos de esp\u00e9cies. <strong>O c\u00e1lculo \u00e9 de que as aves s\u00f3 voltaram a aparecer depois que a vegeta\u00e7\u00e3o dos mangues alcan\u00e7ou altura a partir de tr\u00eas metros. <\/strong>Um dos exemplos foi o registro raro da figuinha-do-mangue, que est\u00e1 na lista de esp\u00e9cies em extin\u00e7\u00e3o.<\/p>\n\n\n\n<div class=\"wp-block-image\"><figure class=\"aligncenter size-large is-resized\"><a href=\"https:\/\/legisjuris.com.br\/\"><img loading=\"lazy\" decoding=\"async\" src=\"https:\/\/jornalfatosenoticias.com.br\/wp-content\/uploads\/2024\/09\/Legis-Juris-Consultoria_logo.jpg\" alt=\"\" class=\"wp-image-53915\" width=\"511\" height=\"214\" srcset=\"https:\/\/jornalfatosenoticias.com.br\/wp-content\/uploads\/2024\/09\/Legis-Juris-Consultoria_logo.jpg 969w, https:\/\/jornalfatosenoticias.com.br\/wp-content\/uploads\/2024\/09\/Legis-Juris-Consultoria_logo-300x126.jpg 300w, https:\/\/jornalfatosenoticias.com.br\/wp-content\/uploads\/2024\/09\/Legis-Juris-Consultoria_logo-768x322.jpg 768w\" sizes=\"auto, (max-width: 511px) 100vw, 511px\" \/><\/a><\/figure><\/div>\n\n\n\n<p>O projeto tamb\u00e9m celebra os registros da batu\u00edra-de-bando (<em>Charadrius semipalmatus<\/em>) \u2014 esp\u00e9cie migrat\u00f3ria do Hemisf\u00e9rio Norte \u2014 do periquit\u00e3o (<em>Psittacara leucophthalmus<\/em>) e do carrapateiro (<em>Milvago chimachima<\/em>). As duas \u00faltimas s\u00e3o esp\u00e9cies em risco de ca\u00e7a e tr\u00e1fico.<\/p>\n\n\n\n<div class=\"wp-block-image\"><figure class=\"aligncenter size-large is-resized\"><a href=\"https:\/\/www.facebook.com\/profile.php?id=100069289606145\"><img loading=\"lazy\" decoding=\"async\" src=\"https:\/\/jornalfatosenoticias.com.br\/wp-content\/uploads\/2024\/11\/Guaitolini-Contabilidade-1024x714.jpeg\" alt=\"\" class=\"wp-image-55808\" width=\"297\" height=\"207\" srcset=\"https:\/\/jornalfatosenoticias.com.br\/wp-content\/uploads\/2024\/11\/Guaitolini-Contabilidade-1024x714.jpeg 1024w, https:\/\/jornalfatosenoticias.com.br\/wp-content\/uploads\/2024\/11\/Guaitolini-Contabilidade-300x209.jpeg 300w, https:\/\/jornalfatosenoticias.com.br\/wp-content\/uploads\/2024\/11\/Guaitolini-Contabilidade-768x535.jpeg 768w, https:\/\/jornalfatosenoticias.com.br\/wp-content\/uploads\/2024\/11\/Guaitolini-Contabilidade.jpeg 1280w\" sizes=\"auto, (max-width: 297px) 100vw, 297px\" \/><\/a><\/figure><\/div>\n\n\n\n<p><strong><span class=\"has-inline-color has-vivid-green-cyan-color\">Saberes tradicionais<br><\/span><\/strong>O Projeto U\u00e7\u00e1 utilizou t\u00e9cnicas de restaura\u00e7\u00e3o desenvolvidas a partir do conhecimento tradicional local. No lugar de produzir mudas em viveiro, o projeto adotou o transplantio: retirar mudas jovens da planta-m\u00e3e e replant\u00e1-las diretamente em campo. Isso possibilitou a redu\u00e7\u00e3o de perdas para menos de 6%. Segundo o presidente da ONG Guardi\u00f5es do Mar, Pedro Belga, o projeto permite tamb\u00e9m o desenvolvimento econ\u00f4mico local. Um exemplo \u00e9 a possibilidade de captura dos caranguejos, base de sustento para muitas fam\u00edlias.<\/p>\n\n\n\n<div class=\"wp-block-image\"><figure class=\"aligncenter size-large is-resized\"><a href=\"https:\/\/www.instagram.com\/esteio.churrascaria\/\"><img loading=\"lazy\" decoding=\"async\" src=\"https:\/\/jornalfatosenoticias.com.br\/wp-content\/uploads\/2022\/02\/LOGO-ESTEIO-1024x730.png\" alt=\"\" class=\"wp-image-27942\" width=\"339\" height=\"242\" srcset=\"https:\/\/jornalfatosenoticias.com.br\/wp-content\/uploads\/2022\/02\/LOGO-ESTEIO-1024x730.png 1024w, https:\/\/jornalfatosenoticias.com.br\/wp-content\/uploads\/2022\/02\/LOGO-ESTEIO-300x214.png 300w, https:\/\/jornalfatosenoticias.com.br\/wp-content\/uploads\/2022\/02\/LOGO-ESTEIO-768x548.png 768w, https:\/\/jornalfatosenoticias.com.br\/wp-content\/uploads\/2022\/02\/LOGO-ESTEIO.png 1123w\" sizes=\"auto, (max-width: 339px) 100vw, 339px\" \/><\/a><\/figure><\/div>\n\n\n\n<blockquote class=\"wp-block-quote is-layout-flow wp-block-quote-is-layout-flow\"><p><span class=\"has-inline-color has-luminous-vivid-orange-color\">O verdadeiro sucesso da restaura\u00e7\u00e3o depende da participa\u00e7\u00e3o das comunidades tradicionais e do fortalecimento de quem vive em \u00e1reas impactadas. S\u00e3o eles os maiores defensores do territ\u00f3rio\u201d, disse Pedro Belga.<\/span><\/p><\/blockquote>\n\n\n\n<div class=\"wp-block-image\"><figure class=\"aligncenter size-large is-resized\"><a href=\"https:\/\/www.instagram.com\/gruposei\/\"><img loading=\"lazy\" decoding=\"async\" src=\"https:\/\/jornalfatosenoticias.com.br\/wp-content\/uploads\/2022\/07\/Logo-Grupo-SEI.jpg\" alt=\"\" class=\"wp-image-31973\" width=\"345\" height=\"181\" srcset=\"https:\/\/jornalfatosenoticias.com.br\/wp-content\/uploads\/2022\/07\/Logo-Grupo-SEI.jpg 713w, https:\/\/jornalfatosenoticias.com.br\/wp-content\/uploads\/2022\/07\/Logo-Grupo-SEI-300x158.jpg 300w\" sizes=\"auto, (max-width: 345px) 100vw, 345px\" \/><\/a><\/figure><\/div>\n\n\n\n<p><strong>Fonte: <a href=\"https:\/\/gizmodo.uol.com.br\/reflorestamento-permite-volta-de-animais-a-mangue-na-baia-de-guanabara\/\">Giz Brasil<\/a><\/strong><\/p>\n","protected":false},"excerpt":{"rendered":"<p>Aves, caranguejos, aranhas e borboletas s\u00e3o sinais de regenera\u00e7\u00e3o Por Ag\u00eancia Brasil A \u00c1rea de Prote\u00e7\u00e3o Ambiental de Guapi-Mirim, na regi\u00e3o metropolitana do Rio de Janeiro, voltou a receber moradores que h\u00e1 tempos n\u00e3o frequentavam mais a regi\u00e3o, que abrange manguezais na Ba\u00eda da Guanabara. S\u00e3o aves, caranguejos, aranhas e borboletas que se sentem novamente [&hellip;]<\/p>\n","protected":false},"author":2,"featured_media":61461,"comment_status":"open","ping_status":"open","sticky":false,"template":"","format":"standard","meta":{"footnotes":""},"categories":[8],"tags":[1264,321,28009,5764,5131,289],"class_list":["post-61460","post","type-post","status-publish","format-standard","has-post-thumbnail","hentry","category-meio-ambiente","tag-animais","tag-aves","tag-baia-da-guanabara","tag-especies-em-extincao","tag-mangue","tag-rio-de-janeiro"],"yoast_head":"<!-- This site is optimized with the Yoast SEO plugin v26.5 - https:\/\/yoast.com\/wordpress\/plugins\/seo\/ -->\n<title>Reflorestamento permite volta de animais a mangue na Ba\u00eda de Guanabara - Jornal Fatos e Not\u00edcias<\/title>\n<meta name=\"robots\" content=\"index, follow, max-snippet:-1, max-image-preview:large, max-video-preview:-1\" \/>\n<link rel=\"canonical\" href=\"https:\/\/jornalfatosenoticias.com.br\/index.php\/2025\/08\/26\/reflorestamento-permite-volta-de-animais-a-mangue-na-baia-de-guanabara\/\" \/>\n<meta property=\"og:locale\" content=\"pt_BR\" \/>\n<meta property=\"og:type\" content=\"article\" \/>\n<meta property=\"og:title\" content=\"Reflorestamento permite volta de animais a mangue na Ba\u00eda de Guanabara - Jornal Fatos e Not\u00edcias\" \/>\n<meta property=\"og:description\" content=\"Aves, caranguejos, aranhas e borboletas s\u00e3o sinais de regenera\u00e7\u00e3o Por Ag\u00eancia Brasil A \u00c1rea de Prote\u00e7\u00e3o Ambiental de Guapi-Mirim, na regi\u00e3o metropolitana do Rio de Janeiro, voltou a receber moradores que h\u00e1 tempos n\u00e3o frequentavam mais a regi\u00e3o, que abrange manguezais na Ba\u00eda da Guanabara. S\u00e3o aves, caranguejos, aranhas e borboletas que se sentem novamente [&hellip;]\" \/>\n<meta property=\"og:url\" content=\"https:\/\/jornalfatosenoticias.com.br\/index.php\/2025\/08\/26\/reflorestamento-permite-volta-de-animais-a-mangue-na-baia-de-guanabara\/\" \/>\n<meta property=\"og:site_name\" content=\"Jornal Fatos e Not\u00edcias\" \/>\n<meta property=\"article:published_time\" content=\"2025-08-26T17:23:29+00:00\" \/>\n<meta property=\"article:modified_time\" content=\"2025-08-26T17:23:30+00:00\" \/>\n<meta property=\"og:image\" content=\"https:\/\/jornalfatosenoticias.com.br\/wp-content\/uploads\/2025\/08\/garca_mangue_freepik.jpg\" \/>\n\t<meta property=\"og:image:width\" content=\"1000\" \/>\n\t<meta property=\"og:image:height\" content=\"666\" \/>\n\t<meta property=\"og:image:type\" content=\"image\/jpeg\" \/>\n<meta name=\"author\" content=\"Luzimara Fernandes\" \/>\n<meta name=\"twitter:card\" content=\"summary_large_image\" \/>\n<meta name=\"twitter:label1\" content=\"Escrito por\" \/>\n\t<meta name=\"twitter:data1\" content=\"Luzimara Fernandes\" \/>\n\t<meta name=\"twitter:label2\" content=\"Est. tempo de leitura\" \/>\n\t<meta name=\"twitter:data2\" content=\"3 minutos\" \/>\n<script type=\"application\/ld+json\" class=\"yoast-schema-graph\">{\"@context\":\"https:\/\/schema.org\",\"@graph\":[{\"@type\":\"Article\",\"@id\":\"https:\/\/jornalfatosenoticias.com.br\/index.php\/2025\/08\/26\/reflorestamento-permite-volta-de-animais-a-mangue-na-baia-de-guanabara\/#article\",\"isPartOf\":{\"@id\":\"https:\/\/jornalfatosenoticias.com.br\/index.php\/2025\/08\/26\/reflorestamento-permite-volta-de-animais-a-mangue-na-baia-de-guanabara\/\"},\"author\":{\"name\":\"Luzimara Fernandes\",\"@id\":\"https:\/\/jornalfatosenoticias.com.br\/#\/schema\/person\/d63837fa13ac8666eb9e74e0985d6f81\"},\"headline\":\"Reflorestamento permite volta de animais a mangue na Ba\u00eda de Guanabara\",\"datePublished\":\"2025-08-26T17:23:29+00:00\",\"dateModified\":\"2025-08-26T17:23:30+00:00\",\"mainEntityOfPage\":{\"@id\":\"https:\/\/jornalfatosenoticias.com.br\/index.php\/2025\/08\/26\/reflorestamento-permite-volta-de-animais-a-mangue-na-baia-de-guanabara\/\"},\"wordCount\":575,\"commentCount\":0,\"publisher\":{\"@id\":\"https:\/\/jornalfatosenoticias.com.br\/#organization\"},\"image\":{\"@id\":\"https:\/\/jornalfatosenoticias.com.br\/index.php\/2025\/08\/26\/reflorestamento-permite-volta-de-animais-a-mangue-na-baia-de-guanabara\/#primaryimage\"},\"thumbnailUrl\":\"https:\/\/jornalfatosenoticias.com.br\/wp-content\/uploads\/2025\/08\/garca_mangue_freepik.jpg\",\"keywords\":[\"animais\",\"aves\",\"Ba\u00eda da Guanabara\",\"esp\u00e9cies em extin\u00e7\u00e3o\",\"mangue\",\"Rio de Janeiro\"],\"articleSection\":[\"Meio ambiente\"],\"inLanguage\":\"pt-BR\",\"potentialAction\":[{\"@type\":\"CommentAction\",\"name\":\"Comment\",\"target\":[\"https:\/\/jornalfatosenoticias.com.br\/index.php\/2025\/08\/26\/reflorestamento-permite-volta-de-animais-a-mangue-na-baia-de-guanabara\/#respond\"]}]},{\"@type\":\"WebPage\",\"@id\":\"https:\/\/jornalfatosenoticias.com.br\/index.php\/2025\/08\/26\/reflorestamento-permite-volta-de-animais-a-mangue-na-baia-de-guanabara\/\",\"url\":\"https:\/\/jornalfatosenoticias.com.br\/index.php\/2025\/08\/26\/reflorestamento-permite-volta-de-animais-a-mangue-na-baia-de-guanabara\/\",\"name\":\"Reflorestamento permite volta de animais a mangue na Ba\u00eda de Guanabara - Jornal Fatos e Not\u00edcias\",\"isPartOf\":{\"@id\":\"https:\/\/jornalfatosenoticias.com.br\/#website\"},\"primaryImageOfPage\":{\"@id\":\"https:\/\/jornalfatosenoticias.com.br\/index.php\/2025\/08\/26\/reflorestamento-permite-volta-de-animais-a-mangue-na-baia-de-guanabara\/#primaryimage\"},\"image\":{\"@id\":\"https:\/\/jornalfatosenoticias.com.br\/index.php\/2025\/08\/26\/reflorestamento-permite-volta-de-animais-a-mangue-na-baia-de-guanabara\/#primaryimage\"},\"thumbnailUrl\":\"https:\/\/jornalfatosenoticias.com.br\/wp-content\/uploads\/2025\/08\/garca_mangue_freepik.jpg\",\"datePublished\":\"2025-08-26T17:23:29+00:00\",\"dateModified\":\"2025-08-26T17:23:30+00:00\",\"breadcrumb\":{\"@id\":\"https:\/\/jornalfatosenoticias.com.br\/index.php\/2025\/08\/26\/reflorestamento-permite-volta-de-animais-a-mangue-na-baia-de-guanabara\/#breadcrumb\"},\"inLanguage\":\"pt-BR\",\"potentialAction\":[{\"@type\":\"ReadAction\",\"target\":[\"https:\/\/jornalfatosenoticias.com.br\/index.php\/2025\/08\/26\/reflorestamento-permite-volta-de-animais-a-mangue-na-baia-de-guanabara\/\"]}]},{\"@type\":\"ImageObject\",\"inLanguage\":\"pt-BR\",\"@id\":\"https:\/\/jornalfatosenoticias.com.br\/index.php\/2025\/08\/26\/reflorestamento-permite-volta-de-animais-a-mangue-na-baia-de-guanabara\/#primaryimage\",\"url\":\"https:\/\/jornalfatosenoticias.com.br\/wp-content\/uploads\/2025\/08\/garca_mangue_freepik.jpg\",\"contentUrl\":\"https:\/\/jornalfatosenoticias.com.br\/wp-content\/uploads\/2025\/08\/garca_mangue_freepik.jpg\",\"width\":1000,\"height\":666,\"caption\":\"A closeup shot of a white stork flies over a mangrove sanctuary in Kampot, Cambodia\"},{\"@type\":\"BreadcrumbList\",\"@id\":\"https:\/\/jornalfatosenoticias.com.br\/index.php\/2025\/08\/26\/reflorestamento-permite-volta-de-animais-a-mangue-na-baia-de-guanabara\/#breadcrumb\",\"itemListElement\":[{\"@type\":\"ListItem\",\"position\":1,\"name\":\"In\u00edcio\",\"item\":\"https:\/\/jornalfatosenoticias.com.br\/\"},{\"@type\":\"ListItem\",\"position\":2,\"name\":\"Reflorestamento permite volta de animais a mangue na Ba\u00eda de Guanabara\"}]},{\"@type\":\"WebSite\",\"@id\":\"https:\/\/jornalfatosenoticias.com.br\/#website\",\"url\":\"https:\/\/jornalfatosenoticias.com.br\/\",\"name\":\"Jornal Fatos e Not\u00edcias\",\"description\":\"Not\u00edcias em geral\",\"publisher\":{\"@id\":\"https:\/\/jornalfatosenoticias.com.br\/#organization\"},\"potentialAction\":[{\"@type\":\"SearchAction\",\"target\":{\"@type\":\"EntryPoint\",\"urlTemplate\":\"https:\/\/jornalfatosenoticias.com.br\/?s={search_term_string}\"},\"query-input\":{\"@type\":\"PropertyValueSpecification\",\"valueRequired\":true,\"valueName\":\"search_term_string\"}}],\"inLanguage\":\"pt-BR\"},{\"@type\":\"Organization\",\"@id\":\"https:\/\/jornalfatosenoticias.com.br\/#organization\",\"name\":\"Jornal Fatos e Not\u00edcias\",\"url\":\"https:\/\/jornalfatosenoticias.com.br\/\",\"logo\":{\"@type\":\"ImageObject\",\"inLanguage\":\"pt-BR\",\"@id\":\"https:\/\/jornalfatosenoticias.com.br\/#\/schema\/logo\/image\/\",\"url\":\"https:\/\/jornalfatosenoticias.com.br\/wp-content\/uploads\/2020\/02\/logo120.png\",\"contentUrl\":\"https:\/\/jornalfatosenoticias.com.br\/wp-content\/uploads\/2020\/02\/logo120.png\",\"width\":1227,\"height\":120,\"caption\":\"Jornal Fatos e Not\u00edcias\"},\"image\":{\"@id\":\"https:\/\/jornalfatosenoticias.com.br\/#\/schema\/logo\/image\/\"}},{\"@type\":\"Person\",\"@id\":\"https:\/\/jornalfatosenoticias.com.br\/#\/schema\/person\/d63837fa13ac8666eb9e74e0985d6f81\",\"name\":\"Luzimara Fernandes\",\"image\":{\"@type\":\"ImageObject\",\"inLanguage\":\"pt-BR\",\"@id\":\"https:\/\/jornalfatosenoticias.com.br\/#\/schema\/person\/image\/\",\"url\":\"https:\/\/jornalfatosenoticias.com.br\/wp-content\/uploads\/2025\/05\/EU_portal.jpg\",\"contentUrl\":\"https:\/\/jornalfatosenoticias.com.br\/wp-content\/uploads\/2025\/05\/EU_portal.jpg\",\"caption\":\"Luzimara Fernandes\"},\"description\":\"Jornalista MTB 2358-ES\",\"sameAs\":[\"https:\/\/jornalfatosenoticias.com.br\"],\"url\":\"https:\/\/jornalfatosenoticias.com.br\/index.php\/author\/luzimara\/\"}]}<\/script>\n<!-- \/ Yoast SEO plugin. -->","yoast_head_json":{"title":"Reflorestamento permite volta de animais a mangue na Ba\u00eda de Guanabara - Jornal Fatos e Not\u00edcias","robots":{"index":"index","follow":"follow","max-snippet":"max-snippet:-1","max-image-preview":"max-image-preview:large","max-video-preview":"max-video-preview:-1"},"canonical":"https:\/\/jornalfatosenoticias.com.br\/index.php\/2025\/08\/26\/reflorestamento-permite-volta-de-animais-a-mangue-na-baia-de-guanabara\/","og_locale":"pt_BR","og_type":"article","og_title":"Reflorestamento permite volta de animais a mangue na Ba\u00eda de Guanabara - Jornal Fatos e Not\u00edcias","og_description":"Aves, caranguejos, aranhas e borboletas s\u00e3o sinais de regenera\u00e7\u00e3o Por Ag\u00eancia Brasil A \u00c1rea de Prote\u00e7\u00e3o Ambiental de Guapi-Mirim, na regi\u00e3o metropolitana do Rio de Janeiro, voltou a receber moradores que h\u00e1 tempos n\u00e3o frequentavam mais a regi\u00e3o, que abrange manguezais na Ba\u00eda da Guanabara. S\u00e3o aves, caranguejos, aranhas e borboletas que se sentem novamente [&hellip;]","og_url":"https:\/\/jornalfatosenoticias.com.br\/index.php\/2025\/08\/26\/reflorestamento-permite-volta-de-animais-a-mangue-na-baia-de-guanabara\/","og_site_name":"Jornal Fatos e Not\u00edcias","article_published_time":"2025-08-26T17:23:29+00:00","article_modified_time":"2025-08-26T17:23:30+00:00","og_image":[{"width":1000,"height":666,"url":"https:\/\/jornalfatosenoticias.com.br\/wp-content\/uploads\/2025\/08\/garca_mangue_freepik.jpg","type":"image\/jpeg"}],"author":"Luzimara Fernandes","twitter_card":"summary_large_image","twitter_misc":{"Escrito por":"Luzimara Fernandes","Est. tempo de leitura":"3 minutos"},"schema":{"@context":"https:\/\/schema.org","@graph":[{"@type":"Article","@id":"https:\/\/jornalfatosenoticias.com.br\/index.php\/2025\/08\/26\/reflorestamento-permite-volta-de-animais-a-mangue-na-baia-de-guanabara\/#article","isPartOf":{"@id":"https:\/\/jornalfatosenoticias.com.br\/index.php\/2025\/08\/26\/reflorestamento-permite-volta-de-animais-a-mangue-na-baia-de-guanabara\/"},"author":{"name":"Luzimara Fernandes","@id":"https:\/\/jornalfatosenoticias.com.br\/#\/schema\/person\/d63837fa13ac8666eb9e74e0985d6f81"},"headline":"Reflorestamento permite volta de animais a mangue na Ba\u00eda de Guanabara","datePublished":"2025-08-26T17:23:29+00:00","dateModified":"2025-08-26T17:23:30+00:00","mainEntityOfPage":{"@id":"https:\/\/jornalfatosenoticias.com.br\/index.php\/2025\/08\/26\/reflorestamento-permite-volta-de-animais-a-mangue-na-baia-de-guanabara\/"},"wordCount":575,"commentCount":0,"publisher":{"@id":"https:\/\/jornalfatosenoticias.com.br\/#organization"},"image":{"@id":"https:\/\/jornalfatosenoticias.com.br\/index.php\/2025\/08\/26\/reflorestamento-permite-volta-de-animais-a-mangue-na-baia-de-guanabara\/#primaryimage"},"thumbnailUrl":"https:\/\/jornalfatosenoticias.com.br\/wp-content\/uploads\/2025\/08\/garca_mangue_freepik.jpg","keywords":["animais","aves","Ba\u00eda da Guanabara","esp\u00e9cies em extin\u00e7\u00e3o","mangue","Rio de Janeiro"],"articleSection":["Meio ambiente"],"inLanguage":"pt-BR","potentialAction":[{"@type":"CommentAction","name":"Comment","target":["https:\/\/jornalfatosenoticias.com.br\/index.php\/2025\/08\/26\/reflorestamento-permite-volta-de-animais-a-mangue-na-baia-de-guanabara\/#respond"]}]},{"@type":"WebPage","@id":"https:\/\/jornalfatosenoticias.com.br\/index.php\/2025\/08\/26\/reflorestamento-permite-volta-de-animais-a-mangue-na-baia-de-guanabara\/","url":"https:\/\/jornalfatosenoticias.com.br\/index.php\/2025\/08\/26\/reflorestamento-permite-volta-de-animais-a-mangue-na-baia-de-guanabara\/","name":"Reflorestamento permite volta de animais a mangue na Ba\u00eda de Guanabara - Jornal Fatos e Not\u00edcias","isPartOf":{"@id":"https:\/\/jornalfatosenoticias.com.br\/#website"},"primaryImageOfPage":{"@id":"https:\/\/jornalfatosenoticias.com.br\/index.php\/2025\/08\/26\/reflorestamento-permite-volta-de-animais-a-mangue-na-baia-de-guanabara\/#primaryimage"},"image":{"@id":"https:\/\/jornalfatosenoticias.com.br\/index.php\/2025\/08\/26\/reflorestamento-permite-volta-de-animais-a-mangue-na-baia-de-guanabara\/#primaryimage"},"thumbnailUrl":"https:\/\/jornalfatosenoticias.com.br\/wp-content\/uploads\/2025\/08\/garca_mangue_freepik.jpg","datePublished":"2025-08-26T17:23:29+00:00","dateModified":"2025-08-26T17:23:30+00:00","breadcrumb":{"@id":"https:\/\/jornalfatosenoticias.com.br\/index.php\/2025\/08\/26\/reflorestamento-permite-volta-de-animais-a-mangue-na-baia-de-guanabara\/#breadcrumb"},"inLanguage":"pt-BR","potentialAction":[{"@type":"ReadAction","target":["https:\/\/jornalfatosenoticias.com.br\/index.php\/2025\/08\/26\/reflorestamento-permite-volta-de-animais-a-mangue-na-baia-de-guanabara\/"]}]},{"@type":"ImageObject","inLanguage":"pt-BR","@id":"https:\/\/jornalfatosenoticias.com.br\/index.php\/2025\/08\/26\/reflorestamento-permite-volta-de-animais-a-mangue-na-baia-de-guanabara\/#primaryimage","url":"https:\/\/jornalfatosenoticias.com.br\/wp-content\/uploads\/2025\/08\/garca_mangue_freepik.jpg","contentUrl":"https:\/\/jornalfatosenoticias.com.br\/wp-content\/uploads\/2025\/08\/garca_mangue_freepik.jpg","width":1000,"height":666,"caption":"A closeup shot of a white stork flies over a mangrove sanctuary in Kampot, Cambodia"},{"@type":"BreadcrumbList","@id":"https:\/\/jornalfatosenoticias.com.br\/index.php\/2025\/08\/26\/reflorestamento-permite-volta-de-animais-a-mangue-na-baia-de-guanabara\/#breadcrumb","itemListElement":[{"@type":"ListItem","position":1,"name":"In\u00edcio","item":"https:\/\/jornalfatosenoticias.com.br\/"},{"@type":"ListItem","position":2,"name":"Reflorestamento permite volta de animais a mangue na Ba\u00eda de Guanabara"}]},{"@type":"WebSite","@id":"https:\/\/jornalfatosenoticias.com.br\/#website","url":"https:\/\/jornalfatosenoticias.com.br\/","name":"Jornal Fatos e Not\u00edcias","description":"Not\u00edcias em geral","publisher":{"@id":"https:\/\/jornalfatosenoticias.com.br\/#organization"},"potentialAction":[{"@type":"SearchAction","target":{"@type":"EntryPoint","urlTemplate":"https:\/\/jornalfatosenoticias.com.br\/?s={search_term_string}"},"query-input":{"@type":"PropertyValueSpecification","valueRequired":true,"valueName":"search_term_string"}}],"inLanguage":"pt-BR"},{"@type":"Organization","@id":"https:\/\/jornalfatosenoticias.com.br\/#organization","name":"Jornal Fatos e Not\u00edcias","url":"https:\/\/jornalfatosenoticias.com.br\/","logo":{"@type":"ImageObject","inLanguage":"pt-BR","@id":"https:\/\/jornalfatosenoticias.com.br\/#\/schema\/logo\/image\/","url":"https:\/\/jornalfatosenoticias.com.br\/wp-content\/uploads\/2020\/02\/logo120.png","contentUrl":"https:\/\/jornalfatosenoticias.com.br\/wp-content\/uploads\/2020\/02\/logo120.png","width":1227,"height":120,"caption":"Jornal Fatos e Not\u00edcias"},"image":{"@id":"https:\/\/jornalfatosenoticias.com.br\/#\/schema\/logo\/image\/"}},{"@type":"Person","@id":"https:\/\/jornalfatosenoticias.com.br\/#\/schema\/person\/d63837fa13ac8666eb9e74e0985d6f81","name":"Luzimara Fernandes","image":{"@type":"ImageObject","inLanguage":"pt-BR","@id":"https:\/\/jornalfatosenoticias.com.br\/#\/schema\/person\/image\/","url":"https:\/\/jornalfatosenoticias.com.br\/wp-content\/uploads\/2025\/05\/EU_portal.jpg","contentUrl":"https:\/\/jornalfatosenoticias.com.br\/wp-content\/uploads\/2025\/05\/EU_portal.jpg","caption":"Luzimara Fernandes"},"description":"Jornalista MTB 2358-ES","sameAs":["https:\/\/jornalfatosenoticias.com.br"],"url":"https:\/\/jornalfatosenoticias.com.br\/index.php\/author\/luzimara\/"}]}},"cc_featured_image_caption":{"caption_text":"(Foto: Freepik)","source_text":"","source_url":""},"jetpack_featured_media_url":"https:\/\/jornalfatosenoticias.com.br\/wp-content\/uploads\/2025\/08\/garca_mangue_freepik.jpg","_links":{"self":[{"href":"https:\/\/jornalfatosenoticias.com.br\/index.php\/wp-json\/wp\/v2\/posts\/61460","targetHints":{"allow":["GET"]}}],"collection":[{"href":"https:\/\/jornalfatosenoticias.com.br\/index.php\/wp-json\/wp\/v2\/posts"}],"about":[{"href":"https:\/\/jornalfatosenoticias.com.br\/index.php\/wp-json\/wp\/v2\/types\/post"}],"author":[{"embeddable":true,"href":"https:\/\/jornalfatosenoticias.com.br\/index.php\/wp-json\/wp\/v2\/users\/2"}],"replies":[{"embeddable":true,"href":"https:\/\/jornalfatosenoticias.com.br\/index.php\/wp-json\/wp\/v2\/comments?post=61460"}],"version-history":[{"count":0,"href":"https:\/\/jornalfatosenoticias.com.br\/index.php\/wp-json\/wp\/v2\/posts\/61460\/revisions"}],"wp:featuredmedia":[{"embeddable":true,"href":"https:\/\/jornalfatosenoticias.com.br\/index.php\/wp-json\/wp\/v2\/media\/61461"}],"wp:attachment":[{"href":"https:\/\/jornalfatosenoticias.com.br\/index.php\/wp-json\/wp\/v2\/media?parent=61460"}],"wp:term":[{"taxonomy":"category","embeddable":true,"href":"https:\/\/jornalfatosenoticias.com.br\/index.php\/wp-json\/wp\/v2\/categories?post=61460"},{"taxonomy":"post_tag","embeddable":true,"href":"https:\/\/jornalfatosenoticias.com.br\/index.php\/wp-json\/wp\/v2\/tags?post=61460"}],"curies":[{"name":"wp","href":"https:\/\/api.w.org\/{rel}","templated":true}]}}