{"id":61477,"date":"2025-08-27T09:33:57","date_gmt":"2025-08-27T12:33:57","guid":{"rendered":"https:\/\/jornalfatosenoticias.com.br\/?p=61477"},"modified":"2025-08-27T09:33:58","modified_gmt":"2025-08-27T12:33:58","slug":"bunkers-esquecidos-revelam-como-a-segunda-guerra-moldou-a-paisagem-do-rio","status":"publish","type":"post","link":"https:\/\/jornalfatosenoticias.com.br\/index.php\/2025\/08\/27\/bunkers-esquecidos-revelam-como-a-segunda-guerra-moldou-a-paisagem-do-rio\/","title":{"rendered":"Bunkers esquecidos revelam como a Segunda Guerra moldou a paisagem do Rio"},"content":{"rendered":"\n<p><em><span class=\"has-inline-color has-black-color\">Decreto de Get\u00falio Vargas obrigou pr\u00e9dios a constru\u00edrem bunkers para proteger cidad\u00e3os durante a Segunda Guerra<\/span><\/em><\/p>\n\n\n\n<p><span class=\"has-inline-color has-black-color\">Por <strong><a href=\"https:\/\/www.gazetadopovo.com.br\/autor\/erich-thomas-mafra\/\">Erich Thomas Mafra<\/a><\/strong><\/span><\/p>\n\n\n\n<div class=\"wp-block-image\"><figure class=\"aligncenter size-large\"><a href=\"https:\/\/mizu.com.br\/\"><img loading=\"lazy\" decoding=\"async\" width=\"729\" height=\"90\" src=\"https:\/\/jornalfatosenoticias.com.br\/wp-content\/uploads\/2020\/02\/Logo_Mizu.png\" alt=\"\" class=\"wp-image-1441\" srcset=\"https:\/\/jornalfatosenoticias.com.br\/wp-content\/uploads\/2020\/02\/Logo_Mizu.png 729w, https:\/\/jornalfatosenoticias.com.br\/wp-content\/uploads\/2020\/02\/Logo_Mizu-300x37.png 300w\" sizes=\"auto, (max-width: 729px) 100vw, 729px\" \/><\/a><\/figure><\/div>\n\n\n\n<p>Sob ruas e edif\u00edcios de Copacabana e de outros bairros da zona sul do Rio de Janeiro, sobrevivem estruturas erguidas para um momento de tens\u00e3o global: os <strong><em>bunkers<\/em>\u00a0antia\u00e9reos da Segunda Guerra Mundial<\/strong>. Constru\u00eddos em obedi\u00eancia a uma lei que exigia abrigos em pr\u00e9dios com mais de cinco andares, os bunkers tinham como objetivo proteger a popula\u00e7\u00e3o em caso de ataques a\u00e9reos.<br>A maioria dessas estruturas est\u00e1 abandonada ou oculta sob reformas, mas sua exist\u00eancia ajuda a explicar como a guerra se infiltrou no cotidiano e na paisagem da cidade. A arquiteta e urbanista Isabella Cavallero dedicou-se a resgatar essa hist\u00f3ria em seu trabalho de conclus\u00e3o de curso, intitulado &#8220;O Bruto Carioca: as particularidades do subterr\u00e2neo da cidade do Rio de Janeiro&#8221;. At\u00e9 agora, ela catalogou <strong>46 abrigos na capital fluminense,<\/strong> quase todos em edif\u00edcios residenciais particulares. Apenas dois foram concebidos para uso p\u00fablico.<\/p>\n\n\n\n<div class=\"wp-block-image\"><figure class=\"aligncenter size-large is-resized\"><a href=\"https:\/\/www.facebook.com\/postobkr\/?locale=pt_BR\"><img loading=\"lazy\" decoding=\"async\" src=\"https:\/\/jornalfatosenoticias.com.br\/wp-content\/uploads\/2023\/08\/BKR-1024x1021.jpg\" alt=\"\" class=\"wp-image-44494\" width=\"301\" height=\"300\" srcset=\"https:\/\/jornalfatosenoticias.com.br\/wp-content\/uploads\/2023\/08\/BKR-1024x1021.jpg 1024w, https:\/\/jornalfatosenoticias.com.br\/wp-content\/uploads\/2023\/08\/BKR-300x300.jpg 300w, https:\/\/jornalfatosenoticias.com.br\/wp-content\/uploads\/2023\/08\/BKR-150x150.jpg 150w, https:\/\/jornalfatosenoticias.com.br\/wp-content\/uploads\/2023\/08\/BKR-768x766.jpg 768w, https:\/\/jornalfatosenoticias.com.br\/wp-content\/uploads\/2023\/08\/BKR.jpg 1080w\" sizes=\"auto, (max-width: 301px) 100vw, 301px\" \/><\/a><\/figure><\/div>\n\n\n\n<blockquote class=\"wp-block-quote is-layout-flow wp-block-quote-is-layout-flow\"><p><span class=\"has-inline-color has-luminous-vivid-orange-color\">Percebemos <strong>diversas camadas na composi\u00e7\u00e3o dos edif\u00edcios. <\/strong>Por fora: um s\u00edmbolo de modernidade, por dentro uma arquitetura de defesa contra guerra&#8221;, pontua ela, contrastando a esperan\u00e7a e o medo que permeavam a sociedade carioca durante a Segunda Guerra Mundial.<\/span><\/p><\/blockquote>\n\n\n\n<div class=\"wp-block-image\"><figure class=\"aligncenter size-large is-resized\"><a href=\"https:\/\/www.instagram.com\/gruposei\/\"><img loading=\"lazy\" decoding=\"async\" src=\"https:\/\/jornalfatosenoticias.com.br\/wp-content\/uploads\/2022\/07\/Logo-Grupo-SEI.jpg\" alt=\"\" class=\"wp-image-31973\" width=\"372\" height=\"195\" srcset=\"https:\/\/jornalfatosenoticias.com.br\/wp-content\/uploads\/2022\/07\/Logo-Grupo-SEI.jpg 713w, https:\/\/jornalfatosenoticias.com.br\/wp-content\/uploads\/2022\/07\/Logo-Grupo-SEI-300x158.jpg 300w\" sizes=\"auto, (max-width: 372px) 100vw, 372px\" \/><\/a><\/figure><\/div>\n\n\n\n<p><strong><span class=\"has-inline-color has-black-color\">Decreto de Get\u00falio Vargas obrigou pr\u00e9dios a constru\u00edrem bunkers<br><\/span><\/strong>A presen\u00e7a desses abrigos n\u00e3o pode ser dissociada do contexto pol\u00edtico da \u00e9poca. Get\u00falio Vargas, presidente do Brasil no per\u00edodo, mantinha afinidade ideol\u00f3gica e la\u00e7os comerciais com a Alemanha. Mas a posi\u00e7\u00e3o mudou quando submarinos alem\u00e3es come\u00e7aram a torpedear navios mercantes brasileiros, impedindo o envio de mat\u00e9rias-primas e alimentos para pa\u00edses aliados. O epis\u00f3dio precipitou a entrada oficial do Brasil na guerra ao lado de Estados Unidos, Inglaterra e Uni\u00e3o Sovi\u00e9tica.<\/p>\n\n\n\n<div class=\"wp-block-image\"><figure class=\"aligncenter size-large is-resized\"><a href=\"https:\/\/www.instagram.com\/rcradiadores\/\"><img loading=\"lazy\" decoding=\"async\" src=\"https:\/\/jornalfatosenoticias.com.br\/wp-content\/uploads\/2022\/10\/RC_800x750_page-0001.jpg\" alt=\"\" class=\"wp-image-35338\" width=\"309\" height=\"289\" srcset=\"https:\/\/jornalfatosenoticias.com.br\/wp-content\/uploads\/2022\/10\/RC_800x750_page-0001.jpg 400w, https:\/\/jornalfatosenoticias.com.br\/wp-content\/uploads\/2022\/10\/RC_800x750_page-0001-300x281.jpg 300w\" sizes=\"auto, (max-width: 309px) 100vw, 309px\" \/><\/a><\/figure><\/div>\n\n\n\n<p>O trabalho de Isabella dialoga com o livro <em>&#8220;Trincheira Tropical&#8221;<\/em>, publicado neste ano pelo escritor Ruy Castro, que recupera a atmosfera da cidade no per\u00edodo. O autor lembra que, mesmo antes da entrada oficial do Brasil no conflito, a guerra j\u00e1 fazia parte do dia a dia: racionamento de produtos, blecautes noturnos e os abrigos obrigat\u00f3rios eram lembran\u00e7as constantes do que ocorria na Europa.<\/p>\n\n\n\n<div class=\"wp-block-image\"><figure class=\"aligncenter size-large is-resized\"><a href=\"https:\/\/www.instagram.com\/serra4x4cambioautomatico\/\"><img loading=\"lazy\" decoding=\"async\" src=\"https:\/\/jornalfatosenoticias.com.br\/wp-content\/uploads\/2024\/08\/Serra-4x4-1-886x1024.jpg\" alt=\"\" class=\"wp-image-53632\" width=\"261\" height=\"301\" srcset=\"https:\/\/jornalfatosenoticias.com.br\/wp-content\/uploads\/2024\/08\/Serra-4x4-1-886x1024.jpg 886w, https:\/\/jornalfatosenoticias.com.br\/wp-content\/uploads\/2024\/08\/Serra-4x4-1-260x300.jpg 260w, https:\/\/jornalfatosenoticias.com.br\/wp-content\/uploads\/2024\/08\/Serra-4x4-1-768x888.jpg 768w, https:\/\/jornalfatosenoticias.com.br\/wp-content\/uploads\/2024\/08\/Serra-4x4-1.jpg 1181w\" sizes=\"auto, (max-width: 261px) 100vw, 261px\" \/><\/a><\/figure><\/div>\n\n\n\n<p><em>\u201cNunca h\u00e1 nada sobre a Segunda Guerra no Brasil\u201d,<\/em> pontua Castro, ao justificar a motiva\u00e7\u00e3o de sua obra. Para ele, os <em>bunkers<\/em> s\u00e3o a prova material de que o conflito, embora distante no mapa, estava presente na vida carioca. O Rio tornou-se tamb\u00e9m cen\u00e1rio de disputas discretas entre diplomatas, espi\u00f5es e artistas, enquanto a pol\u00edtica de Vargas oscilava entre aproxima\u00e7\u00f5es com a Alemanha nazista e, depois, o alinhamento com os Aliados, bloco que unia Reino Unido, Fran\u00e7a, Estados Unidos e Uni\u00e3o Sovi\u00e9tica. Para Castro, esse ponto de virada foi crucial. O Rio de Janeiro, ent\u00e3o capital federal, tornou-se vitrine pol\u00edtica e tamb\u00e9m linha de frente simb\u00f3lica da guerra.<\/p>\n\n\n\n<div class=\"wp-block-image\"><figure class=\"aligncenter size-large is-resized\"><a href=\"https:\/\/legisjuris.com.br\/\"><img loading=\"lazy\" decoding=\"async\" src=\"https:\/\/jornalfatosenoticias.com.br\/wp-content\/uploads\/2024\/09\/Legis-Juris-Consultoria_logo.jpg\" alt=\"\" class=\"wp-image-53915\" width=\"496\" height=\"208\" srcset=\"https:\/\/jornalfatosenoticias.com.br\/wp-content\/uploads\/2024\/09\/Legis-Juris-Consultoria_logo.jpg 969w, https:\/\/jornalfatosenoticias.com.br\/wp-content\/uploads\/2024\/09\/Legis-Juris-Consultoria_logo-300x126.jpg 300w, https:\/\/jornalfatosenoticias.com.br\/wp-content\/uploads\/2024\/09\/Legis-Juris-Consultoria_logo-768x322.jpg 768w\" sizes=\"auto, (max-width: 496px) 100vw, 496px\" \/><\/a><\/figure><\/div>\n\n\n\n<p><strong><span class=\"has-inline-color has-black-color\">Um mapa subterr\u00e2neo<br><\/span><\/strong>A obrigatoriedade de constru\u00e7\u00e3o dos bunkers foi estabelecida pelo <strong><a href=\"https:\/\/www2.camara.leg.br\/legin\/fed\/declei\/1940-1949\/decreto-lei-4098-6-fevereiro-1942-414702-publicacaooriginal-1-pe.html#:~:text=Define%2C%20como%20encargos%20necess%C3%A1rios%20%C3%A0,que%20lhe%20confere%20o%20art.\">Decreto-Lei n.\u00ba 4.098, de 1942. <\/a><\/strong><em>&#8220;A Uni\u00e3o, os Estados e os Munic\u00edpios e o Distrito Federal devem construir, para prote\u00e7\u00e3o da popula\u00e7\u00e3o, abrigos contra explosivos e gases, dentro dos prazos e de acordo com as instru\u00e7\u00f5es que forem dadas pelo Minist\u00e9rio da Aeron\u00e1utica, e, bem assim, a adquirir o material de prote\u00e7\u00e3o de seus funcion\u00e1rios ou empregados&#8221;,<\/em> dizia o texto, assinado por Vargas.<\/p>\n\n\n\n<div class=\"wp-block-image\"><figure class=\"aligncenter size-large\"><a href=\"https:\/\/www.cesconetto.com.br\/\"><img loading=\"lazy\" decoding=\"async\" width=\"300\" height=\"250\" src=\"https:\/\/jornalfatosenoticias.com.br\/wp-content\/uploads\/2020\/02\/Banner-2.png\" alt=\"\" class=\"wp-image-43787\"\/><\/a><\/figure><\/div>\n\n\n\n<p>Rapidamente, as incorporadoras perceberam o potencial comercial do dispositivo e passaram a anunciar nos jornais apartamentos em pr\u00e9dios com <em>bunker<\/em> como diferencial de seguran\u00e7a. Na pesquisa, Isabella prop\u00f5e uma \u201cca\u00e7a ao tesouro arquitet\u00f4nica\u201d para identificar os pr\u00e9dios que abrigam <em>bunkers<\/em> em seus subsolos. Entre as pistas est\u00e3o o uso de m\u00e1rmore, port\u00f5es met\u00e1licos com desenhos geom\u00e9tricos, entradas imponentes e refer\u00eancias n\u00e1uticas \u2014 como marquises que lembram proas de navios, s\u00edmbolo frequente da est\u00e9tica Art D\u00e9co.<\/p>\n\n\n\n<div class=\"wp-block-image\"><figure class=\"aligncenter size-large\"><a href=\"https:\/\/www.google.com\/maps\/d\/u\/0\/viewer?mid=1ud1OMZq-Kiyk3Ud9IwsAg_BuD8Q0Qxw&amp;femb=1&amp;ll=-22.94121000841142%2C-43.18302619999999&amp;z=10\"><img loading=\"lazy\" decoding=\"async\" width=\"640\" height=\"482\" src=\"https:\/\/jornalfatosenoticias.com.br\/wp-content\/uploads\/2025\/08\/google-mapa.jpg\" alt=\"\" class=\"wp-image-61479\" srcset=\"https:\/\/jornalfatosenoticias.com.br\/wp-content\/uploads\/2025\/08\/google-mapa.jpg 640w, https:\/\/jornalfatosenoticias.com.br\/wp-content\/uploads\/2025\/08\/google-mapa-300x226.jpg 300w\" sizes=\"auto, (max-width: 640px) 100vw, 640px\" \/><\/a><\/figure><\/div>\n\n\n\n<p>Em seu projeto mais recente, chamado <strong>Bunker Paradies<\/strong>, Isabella destaca alguns edif\u00edcios. O Edif\u00edcio Bar\u00e3o de Ipanema, por exemplo, apresenta uma entrada principal com moldura em m\u00e1rmore carrara e port\u00e3o geom\u00e9trico. O Edif\u00edcio Atlanta tem uma escadaria curva e um port\u00e3o que parece sa\u00eddo do filme Metr\u00f3polis (1927), como ela aponta. J\u00e1 o Edif\u00edcio Eloi Mendes \u00e9 mais discreto, marcado por m\u00e1rmore preto. Outros casos emblem\u00e1ticos s\u00e3o a Galeria Menescal, que guarda elementos decorativos em metal t\u00edpicos da era da m\u00e1quina, e o Edif\u00edcio Aracatu, cuja marquise imponente evoca a proa de um navio.<\/p>\n\n\n\n<div class=\"wp-block-image\"><figure class=\"aligncenter size-large is-resized\"><a href=\"https:\/\/www.controlsystems.com.br\/\"><img loading=\"lazy\" decoding=\"async\" src=\"https:\/\/jornalfatosenoticias.com.br\/wp-content\/uploads\/2020\/02\/CONTROL-CS.jpg\" alt=\"\" class=\"wp-image-44991\" width=\"291\" height=\"348\" srcset=\"https:\/\/jornalfatosenoticias.com.br\/wp-content\/uploads\/2020\/02\/CONTROL-CS.jpg 834w, https:\/\/jornalfatosenoticias.com.br\/wp-content\/uploads\/2020\/02\/CONTROL-CS-250x300.jpg 250w, https:\/\/jornalfatosenoticias.com.br\/wp-content\/uploads\/2020\/02\/CONTROL-CS-768x921.jpg 768w\" sizes=\"auto, (max-width: 291px) 100vw, 291px\" \/><\/a><\/figure><\/div>\n\n\n\n<p>A pesquisa de Isabella e a obra de Castro convergem ao mostrar que a Segunda Guerra n\u00e3o foi apenas um epis\u00f3dio distante para os brasileiros. Alterou rotinas, influenciou a arquitetura e deixou marcas permanentes na cidade. Muito antes de os pracinhas brasileiros partirem para a It\u00e1lia, a \u201ctrincheira tropical\u201d j\u00e1 estava montada no subsolo carioca.<\/p>\n\n\n\n<div class=\"wp-block-image\"><figure class=\"aligncenter size-large is-resized\"><a href=\"https:\/\/www.facebook.com\/profile.php?id=100069289606145\"><img loading=\"lazy\" decoding=\"async\" src=\"https:\/\/jornalfatosenoticias.com.br\/wp-content\/uploads\/2024\/11\/Guaitolini-Contabilidade-1024x714.jpeg\" alt=\"\" class=\"wp-image-55808\" width=\"324\" height=\"226\" srcset=\"https:\/\/jornalfatosenoticias.com.br\/wp-content\/uploads\/2024\/11\/Guaitolini-Contabilidade-1024x714.jpeg 1024w, https:\/\/jornalfatosenoticias.com.br\/wp-content\/uploads\/2024\/11\/Guaitolini-Contabilidade-300x209.jpeg 300w, https:\/\/jornalfatosenoticias.com.br\/wp-content\/uploads\/2024\/11\/Guaitolini-Contabilidade-768x535.jpeg 768w, https:\/\/jornalfatosenoticias.com.br\/wp-content\/uploads\/2024\/11\/Guaitolini-Contabilidade.jpeg 1280w\" sizes=\"auto, (max-width: 324px) 100vw, 324px\" \/><\/a><\/figure><\/div>\n\n\n\n<p>Hoje, os <em>bunkers<\/em> permanecem como testemunhos silenciosos de um per\u00edodo em que o Rio oscilava entre o glamour da modernidade e o temor do conflito global. Mais do que estruturas de concreto, eles s\u00e3o parte de uma narrativa sobre como a guerra, mesmo sem tiros disparados na cidade, se inscreveu no espa\u00e7o urbano e na mem\u00f3ria coletiva.<\/p>\n\n\n\n<p><strong>Fonte: <a href=\"https:\/\/www.gazetadopovo.com.br\/brasil\/bunkers-esquecidos-revelam-como-segunda-guerra-moldou-paisagem-rio-de-janeiro\/\">Gazeta do Povo<\/a><\/strong><\/p>\n","protected":false},"excerpt":{"rendered":"<p>Decreto de Get\u00falio Vargas obrigou pr\u00e9dios a constru\u00edrem bunkers para proteger cidad\u00e3os durante a Segunda Guerra Por Erich Thomas Mafra Sob ruas e edif\u00edcios de Copacabana e de outros bairros da zona sul do Rio de Janeiro, sobrevivem estruturas erguidas para um momento de tens\u00e3o global: os bunkers\u00a0antia\u00e9reos da Segunda Guerra Mundial. Constru\u00eddos em obedi\u00eancia [&hellip;]<\/p>\n","protected":false},"author":2,"featured_media":61480,"comment_status":"open","ping_status":"open","sticky":false,"template":"","format":"standard","meta":{"footnotes":""},"categories":[5],"tags":[28025,1240,249,28026,289],"class_list":["post-61477","post","type-post","status-publish","format-standard","has-post-thumbnail","hentry","category-geral","tag-bunkers","tag-getulio-vargas","tag-historia","tag-ii-guerra-mundial","tag-rio-de-janeiro"],"yoast_head":"<!-- This site is optimized with the Yoast SEO plugin v26.5 - https:\/\/yoast.com\/wordpress\/plugins\/seo\/ -->\n<title>Bunkers esquecidos revelam como a Segunda Guerra moldou a paisagem do Rio - Jornal Fatos e Not\u00edcias<\/title>\n<meta name=\"robots\" content=\"index, follow, max-snippet:-1, max-image-preview:large, max-video-preview:-1\" \/>\n<link rel=\"canonical\" href=\"https:\/\/jornalfatosenoticias.com.br\/index.php\/2025\/08\/27\/bunkers-esquecidos-revelam-como-a-segunda-guerra-moldou-a-paisagem-do-rio\/\" \/>\n<meta property=\"og:locale\" content=\"pt_BR\" \/>\n<meta property=\"og:type\" content=\"article\" \/>\n<meta property=\"og:title\" content=\"Bunkers esquecidos revelam como a Segunda Guerra moldou a paisagem do Rio - Jornal Fatos e Not\u00edcias\" \/>\n<meta property=\"og:description\" content=\"Decreto de Get\u00falio Vargas obrigou pr\u00e9dios a constru\u00edrem bunkers para proteger cidad\u00e3os durante a Segunda Guerra Por Erich Thomas Mafra Sob ruas e edif\u00edcios de Copacabana e de outros bairros da zona sul do Rio de Janeiro, sobrevivem estruturas erguidas para um momento de tens\u00e3o global: os bunkers\u00a0antia\u00e9reos da Segunda Guerra Mundial. Constru\u00eddos em obedi\u00eancia [&hellip;]\" \/>\n<meta property=\"og:url\" content=\"https:\/\/jornalfatosenoticias.com.br\/index.php\/2025\/08\/27\/bunkers-esquecidos-revelam-como-a-segunda-guerra-moldou-a-paisagem-do-rio\/\" \/>\n<meta property=\"og:site_name\" content=\"Jornal Fatos e Not\u00edcias\" \/>\n<meta property=\"article:published_time\" content=\"2025-08-27T12:33:57+00:00\" \/>\n<meta property=\"article:modified_time\" content=\"2025-08-27T12:33:58+00:00\" \/>\n<meta property=\"og:image\" content=\"https:\/\/jornalfatosenoticias.com.br\/wp-content\/uploads\/2025\/08\/vargas-bunkers-rio-de-janeiro-Arquivo-Nacional.jpg\" \/>\n\t<meta property=\"og:image:width\" content=\"1000\" \/>\n\t<meta property=\"og:image:height\" content=\"562\" \/>\n\t<meta property=\"og:image:type\" content=\"image\/jpeg\" \/>\n<meta name=\"author\" content=\"Luzimara Fernandes\" \/>\n<meta name=\"twitter:card\" content=\"summary_large_image\" \/>\n<meta name=\"twitter:label1\" content=\"Escrito por\" \/>\n\t<meta name=\"twitter:data1\" content=\"Luzimara Fernandes\" \/>\n\t<meta name=\"twitter:label2\" content=\"Est. tempo de leitura\" \/>\n\t<meta name=\"twitter:data2\" content=\"5 minutos\" \/>\n<script type=\"application\/ld+json\" class=\"yoast-schema-graph\">{\"@context\":\"https:\/\/schema.org\",\"@graph\":[{\"@type\":\"Article\",\"@id\":\"https:\/\/jornalfatosenoticias.com.br\/index.php\/2025\/08\/27\/bunkers-esquecidos-revelam-como-a-segunda-guerra-moldou-a-paisagem-do-rio\/#article\",\"isPartOf\":{\"@id\":\"https:\/\/jornalfatosenoticias.com.br\/index.php\/2025\/08\/27\/bunkers-esquecidos-revelam-como-a-segunda-guerra-moldou-a-paisagem-do-rio\/\"},\"author\":{\"name\":\"Luzimara Fernandes\",\"@id\":\"https:\/\/jornalfatosenoticias.com.br\/#\/schema\/person\/d63837fa13ac8666eb9e74e0985d6f81\"},\"headline\":\"Bunkers esquecidos revelam como a Segunda Guerra moldou a paisagem do Rio\",\"datePublished\":\"2025-08-27T12:33:57+00:00\",\"dateModified\":\"2025-08-27T12:33:58+00:00\",\"mainEntityOfPage\":{\"@id\":\"https:\/\/jornalfatosenoticias.com.br\/index.php\/2025\/08\/27\/bunkers-esquecidos-revelam-como-a-segunda-guerra-moldou-a-paisagem-do-rio\/\"},\"wordCount\":929,\"commentCount\":0,\"publisher\":{\"@id\":\"https:\/\/jornalfatosenoticias.com.br\/#organization\"},\"image\":{\"@id\":\"https:\/\/jornalfatosenoticias.com.br\/index.php\/2025\/08\/27\/bunkers-esquecidos-revelam-como-a-segunda-guerra-moldou-a-paisagem-do-rio\/#primaryimage\"},\"thumbnailUrl\":\"https:\/\/jornalfatosenoticias.com.br\/wp-content\/uploads\/2025\/08\/vargas-bunkers-rio-de-janeiro-Arquivo-Nacional.jpg\",\"keywords\":[\"bunkers\",\"Get\u00falio Vargas\",\"hist\u00f3ria\",\"II Guerra Mundial\",\"Rio de Janeiro\"],\"articleSection\":[\"Geral\"],\"inLanguage\":\"pt-BR\",\"potentialAction\":[{\"@type\":\"CommentAction\",\"name\":\"Comment\",\"target\":[\"https:\/\/jornalfatosenoticias.com.br\/index.php\/2025\/08\/27\/bunkers-esquecidos-revelam-como-a-segunda-guerra-moldou-a-paisagem-do-rio\/#respond\"]}]},{\"@type\":\"WebPage\",\"@id\":\"https:\/\/jornalfatosenoticias.com.br\/index.php\/2025\/08\/27\/bunkers-esquecidos-revelam-como-a-segunda-guerra-moldou-a-paisagem-do-rio\/\",\"url\":\"https:\/\/jornalfatosenoticias.com.br\/index.php\/2025\/08\/27\/bunkers-esquecidos-revelam-como-a-segunda-guerra-moldou-a-paisagem-do-rio\/\",\"name\":\"Bunkers esquecidos revelam como a Segunda Guerra moldou a paisagem do Rio - Jornal Fatos e Not\u00edcias\",\"isPartOf\":{\"@id\":\"https:\/\/jornalfatosenoticias.com.br\/#website\"},\"primaryImageOfPage\":{\"@id\":\"https:\/\/jornalfatosenoticias.com.br\/index.php\/2025\/08\/27\/bunkers-esquecidos-revelam-como-a-segunda-guerra-moldou-a-paisagem-do-rio\/#primaryimage\"},\"image\":{\"@id\":\"https:\/\/jornalfatosenoticias.com.br\/index.php\/2025\/08\/27\/bunkers-esquecidos-revelam-como-a-segunda-guerra-moldou-a-paisagem-do-rio\/#primaryimage\"},\"thumbnailUrl\":\"https:\/\/jornalfatosenoticias.com.br\/wp-content\/uploads\/2025\/08\/vargas-bunkers-rio-de-janeiro-Arquivo-Nacional.jpg\",\"datePublished\":\"2025-08-27T12:33:57+00:00\",\"dateModified\":\"2025-08-27T12:33:58+00:00\",\"breadcrumb\":{\"@id\":\"https:\/\/jornalfatosenoticias.com.br\/index.php\/2025\/08\/27\/bunkers-esquecidos-revelam-como-a-segunda-guerra-moldou-a-paisagem-do-rio\/#breadcrumb\"},\"inLanguage\":\"pt-BR\",\"potentialAction\":[{\"@type\":\"ReadAction\",\"target\":[\"https:\/\/jornalfatosenoticias.com.br\/index.php\/2025\/08\/27\/bunkers-esquecidos-revelam-como-a-segunda-guerra-moldou-a-paisagem-do-rio\/\"]}]},{\"@type\":\"ImageObject\",\"inLanguage\":\"pt-BR\",\"@id\":\"https:\/\/jornalfatosenoticias.com.br\/index.php\/2025\/08\/27\/bunkers-esquecidos-revelam-como-a-segunda-guerra-moldou-a-paisagem-do-rio\/#primaryimage\",\"url\":\"https:\/\/jornalfatosenoticias.com.br\/wp-content\/uploads\/2025\/08\/vargas-bunkers-rio-de-janeiro-Arquivo-Nacional.jpg\",\"contentUrl\":\"https:\/\/jornalfatosenoticias.com.br\/wp-content\/uploads\/2025\/08\/vargas-bunkers-rio-de-janeiro-Arquivo-Nacional.jpg\",\"width\":1000,\"height\":562},{\"@type\":\"BreadcrumbList\",\"@id\":\"https:\/\/jornalfatosenoticias.com.br\/index.php\/2025\/08\/27\/bunkers-esquecidos-revelam-como-a-segunda-guerra-moldou-a-paisagem-do-rio\/#breadcrumb\",\"itemListElement\":[{\"@type\":\"ListItem\",\"position\":1,\"name\":\"In\u00edcio\",\"item\":\"https:\/\/jornalfatosenoticias.com.br\/\"},{\"@type\":\"ListItem\",\"position\":2,\"name\":\"Bunkers esquecidos revelam como a Segunda Guerra moldou a paisagem do Rio\"}]},{\"@type\":\"WebSite\",\"@id\":\"https:\/\/jornalfatosenoticias.com.br\/#website\",\"url\":\"https:\/\/jornalfatosenoticias.com.br\/\",\"name\":\"Jornal Fatos e Not\u00edcias\",\"description\":\"Not\u00edcias em geral\",\"publisher\":{\"@id\":\"https:\/\/jornalfatosenoticias.com.br\/#organization\"},\"potentialAction\":[{\"@type\":\"SearchAction\",\"target\":{\"@type\":\"EntryPoint\",\"urlTemplate\":\"https:\/\/jornalfatosenoticias.com.br\/?s={search_term_string}\"},\"query-input\":{\"@type\":\"PropertyValueSpecification\",\"valueRequired\":true,\"valueName\":\"search_term_string\"}}],\"inLanguage\":\"pt-BR\"},{\"@type\":\"Organization\",\"@id\":\"https:\/\/jornalfatosenoticias.com.br\/#organization\",\"name\":\"Jornal Fatos e Not\u00edcias\",\"url\":\"https:\/\/jornalfatosenoticias.com.br\/\",\"logo\":{\"@type\":\"ImageObject\",\"inLanguage\":\"pt-BR\",\"@id\":\"https:\/\/jornalfatosenoticias.com.br\/#\/schema\/logo\/image\/\",\"url\":\"https:\/\/jornalfatosenoticias.com.br\/wp-content\/uploads\/2020\/02\/logo120.png\",\"contentUrl\":\"https:\/\/jornalfatosenoticias.com.br\/wp-content\/uploads\/2020\/02\/logo120.png\",\"width\":1227,\"height\":120,\"caption\":\"Jornal Fatos e Not\u00edcias\"},\"image\":{\"@id\":\"https:\/\/jornalfatosenoticias.com.br\/#\/schema\/logo\/image\/\"}},{\"@type\":\"Person\",\"@id\":\"https:\/\/jornalfatosenoticias.com.br\/#\/schema\/person\/d63837fa13ac8666eb9e74e0985d6f81\",\"name\":\"Luzimara Fernandes\",\"image\":{\"@type\":\"ImageObject\",\"inLanguage\":\"pt-BR\",\"@id\":\"https:\/\/jornalfatosenoticias.com.br\/#\/schema\/person\/image\/\",\"url\":\"https:\/\/jornalfatosenoticias.com.br\/wp-content\/uploads\/2025\/05\/EU_portal.jpg\",\"contentUrl\":\"https:\/\/jornalfatosenoticias.com.br\/wp-content\/uploads\/2025\/05\/EU_portal.jpg\",\"caption\":\"Luzimara Fernandes\"},\"description\":\"Jornalista MTB 2358-ES\",\"sameAs\":[\"https:\/\/jornalfatosenoticias.com.br\"],\"url\":\"https:\/\/jornalfatosenoticias.com.br\/index.php\/author\/luzimara\/\"}]}<\/script>\n<!-- \/ Yoast SEO plugin. -->","yoast_head_json":{"title":"Bunkers esquecidos revelam como a Segunda Guerra moldou a paisagem do Rio - Jornal Fatos e Not\u00edcias","robots":{"index":"index","follow":"follow","max-snippet":"max-snippet:-1","max-image-preview":"max-image-preview:large","max-video-preview":"max-video-preview:-1"},"canonical":"https:\/\/jornalfatosenoticias.com.br\/index.php\/2025\/08\/27\/bunkers-esquecidos-revelam-como-a-segunda-guerra-moldou-a-paisagem-do-rio\/","og_locale":"pt_BR","og_type":"article","og_title":"Bunkers esquecidos revelam como a Segunda Guerra moldou a paisagem do Rio - Jornal Fatos e Not\u00edcias","og_description":"Decreto de Get\u00falio Vargas obrigou pr\u00e9dios a constru\u00edrem bunkers para proteger cidad\u00e3os durante a Segunda Guerra Por Erich Thomas Mafra Sob ruas e edif\u00edcios de Copacabana e de outros bairros da zona sul do Rio de Janeiro, sobrevivem estruturas erguidas para um momento de tens\u00e3o global: os bunkers\u00a0antia\u00e9reos da Segunda Guerra Mundial. Constru\u00eddos em obedi\u00eancia [&hellip;]","og_url":"https:\/\/jornalfatosenoticias.com.br\/index.php\/2025\/08\/27\/bunkers-esquecidos-revelam-como-a-segunda-guerra-moldou-a-paisagem-do-rio\/","og_site_name":"Jornal Fatos e Not\u00edcias","article_published_time":"2025-08-27T12:33:57+00:00","article_modified_time":"2025-08-27T12:33:58+00:00","og_image":[{"width":1000,"height":562,"url":"https:\/\/jornalfatosenoticias.com.br\/wp-content\/uploads\/2025\/08\/vargas-bunkers-rio-de-janeiro-Arquivo-Nacional.jpg","type":"image\/jpeg"}],"author":"Luzimara Fernandes","twitter_card":"summary_large_image","twitter_misc":{"Escrito por":"Luzimara Fernandes","Est. tempo de leitura":"5 minutos"},"schema":{"@context":"https:\/\/schema.org","@graph":[{"@type":"Article","@id":"https:\/\/jornalfatosenoticias.com.br\/index.php\/2025\/08\/27\/bunkers-esquecidos-revelam-como-a-segunda-guerra-moldou-a-paisagem-do-rio\/#article","isPartOf":{"@id":"https:\/\/jornalfatosenoticias.com.br\/index.php\/2025\/08\/27\/bunkers-esquecidos-revelam-como-a-segunda-guerra-moldou-a-paisagem-do-rio\/"},"author":{"name":"Luzimara Fernandes","@id":"https:\/\/jornalfatosenoticias.com.br\/#\/schema\/person\/d63837fa13ac8666eb9e74e0985d6f81"},"headline":"Bunkers esquecidos revelam como a Segunda Guerra moldou a paisagem do Rio","datePublished":"2025-08-27T12:33:57+00:00","dateModified":"2025-08-27T12:33:58+00:00","mainEntityOfPage":{"@id":"https:\/\/jornalfatosenoticias.com.br\/index.php\/2025\/08\/27\/bunkers-esquecidos-revelam-como-a-segunda-guerra-moldou-a-paisagem-do-rio\/"},"wordCount":929,"commentCount":0,"publisher":{"@id":"https:\/\/jornalfatosenoticias.com.br\/#organization"},"image":{"@id":"https:\/\/jornalfatosenoticias.com.br\/index.php\/2025\/08\/27\/bunkers-esquecidos-revelam-como-a-segunda-guerra-moldou-a-paisagem-do-rio\/#primaryimage"},"thumbnailUrl":"https:\/\/jornalfatosenoticias.com.br\/wp-content\/uploads\/2025\/08\/vargas-bunkers-rio-de-janeiro-Arquivo-Nacional.jpg","keywords":["bunkers","Get\u00falio Vargas","hist\u00f3ria","II Guerra Mundial","Rio de Janeiro"],"articleSection":["Geral"],"inLanguage":"pt-BR","potentialAction":[{"@type":"CommentAction","name":"Comment","target":["https:\/\/jornalfatosenoticias.com.br\/index.php\/2025\/08\/27\/bunkers-esquecidos-revelam-como-a-segunda-guerra-moldou-a-paisagem-do-rio\/#respond"]}]},{"@type":"WebPage","@id":"https:\/\/jornalfatosenoticias.com.br\/index.php\/2025\/08\/27\/bunkers-esquecidos-revelam-como-a-segunda-guerra-moldou-a-paisagem-do-rio\/","url":"https:\/\/jornalfatosenoticias.com.br\/index.php\/2025\/08\/27\/bunkers-esquecidos-revelam-como-a-segunda-guerra-moldou-a-paisagem-do-rio\/","name":"Bunkers esquecidos revelam como a Segunda Guerra moldou a paisagem do Rio - Jornal Fatos e Not\u00edcias","isPartOf":{"@id":"https:\/\/jornalfatosenoticias.com.br\/#website"},"primaryImageOfPage":{"@id":"https:\/\/jornalfatosenoticias.com.br\/index.php\/2025\/08\/27\/bunkers-esquecidos-revelam-como-a-segunda-guerra-moldou-a-paisagem-do-rio\/#primaryimage"},"image":{"@id":"https:\/\/jornalfatosenoticias.com.br\/index.php\/2025\/08\/27\/bunkers-esquecidos-revelam-como-a-segunda-guerra-moldou-a-paisagem-do-rio\/#primaryimage"},"thumbnailUrl":"https:\/\/jornalfatosenoticias.com.br\/wp-content\/uploads\/2025\/08\/vargas-bunkers-rio-de-janeiro-Arquivo-Nacional.jpg","datePublished":"2025-08-27T12:33:57+00:00","dateModified":"2025-08-27T12:33:58+00:00","breadcrumb":{"@id":"https:\/\/jornalfatosenoticias.com.br\/index.php\/2025\/08\/27\/bunkers-esquecidos-revelam-como-a-segunda-guerra-moldou-a-paisagem-do-rio\/#breadcrumb"},"inLanguage":"pt-BR","potentialAction":[{"@type":"ReadAction","target":["https:\/\/jornalfatosenoticias.com.br\/index.php\/2025\/08\/27\/bunkers-esquecidos-revelam-como-a-segunda-guerra-moldou-a-paisagem-do-rio\/"]}]},{"@type":"ImageObject","inLanguage":"pt-BR","@id":"https:\/\/jornalfatosenoticias.com.br\/index.php\/2025\/08\/27\/bunkers-esquecidos-revelam-como-a-segunda-guerra-moldou-a-paisagem-do-rio\/#primaryimage","url":"https:\/\/jornalfatosenoticias.com.br\/wp-content\/uploads\/2025\/08\/vargas-bunkers-rio-de-janeiro-Arquivo-Nacional.jpg","contentUrl":"https:\/\/jornalfatosenoticias.com.br\/wp-content\/uploads\/2025\/08\/vargas-bunkers-rio-de-janeiro-Arquivo-Nacional.jpg","width":1000,"height":562},{"@type":"BreadcrumbList","@id":"https:\/\/jornalfatosenoticias.com.br\/index.php\/2025\/08\/27\/bunkers-esquecidos-revelam-como-a-segunda-guerra-moldou-a-paisagem-do-rio\/#breadcrumb","itemListElement":[{"@type":"ListItem","position":1,"name":"In\u00edcio","item":"https:\/\/jornalfatosenoticias.com.br\/"},{"@type":"ListItem","position":2,"name":"Bunkers esquecidos revelam como a Segunda Guerra moldou a paisagem do Rio"}]},{"@type":"WebSite","@id":"https:\/\/jornalfatosenoticias.com.br\/#website","url":"https:\/\/jornalfatosenoticias.com.br\/","name":"Jornal Fatos e Not\u00edcias","description":"Not\u00edcias em geral","publisher":{"@id":"https:\/\/jornalfatosenoticias.com.br\/#organization"},"potentialAction":[{"@type":"SearchAction","target":{"@type":"EntryPoint","urlTemplate":"https:\/\/jornalfatosenoticias.com.br\/?s={search_term_string}"},"query-input":{"@type":"PropertyValueSpecification","valueRequired":true,"valueName":"search_term_string"}}],"inLanguage":"pt-BR"},{"@type":"Organization","@id":"https:\/\/jornalfatosenoticias.com.br\/#organization","name":"Jornal Fatos e Not\u00edcias","url":"https:\/\/jornalfatosenoticias.com.br\/","logo":{"@type":"ImageObject","inLanguage":"pt-BR","@id":"https:\/\/jornalfatosenoticias.com.br\/#\/schema\/logo\/image\/","url":"https:\/\/jornalfatosenoticias.com.br\/wp-content\/uploads\/2020\/02\/logo120.png","contentUrl":"https:\/\/jornalfatosenoticias.com.br\/wp-content\/uploads\/2020\/02\/logo120.png","width":1227,"height":120,"caption":"Jornal Fatos e Not\u00edcias"},"image":{"@id":"https:\/\/jornalfatosenoticias.com.br\/#\/schema\/logo\/image\/"}},{"@type":"Person","@id":"https:\/\/jornalfatosenoticias.com.br\/#\/schema\/person\/d63837fa13ac8666eb9e74e0985d6f81","name":"Luzimara Fernandes","image":{"@type":"ImageObject","inLanguage":"pt-BR","@id":"https:\/\/jornalfatosenoticias.com.br\/#\/schema\/person\/image\/","url":"https:\/\/jornalfatosenoticias.com.br\/wp-content\/uploads\/2025\/05\/EU_portal.jpg","contentUrl":"https:\/\/jornalfatosenoticias.com.br\/wp-content\/uploads\/2025\/05\/EU_portal.jpg","caption":"Luzimara Fernandes"},"description":"Jornalista MTB 2358-ES","sameAs":["https:\/\/jornalfatosenoticias.com.br"],"url":"https:\/\/jornalfatosenoticias.com.br\/index.php\/author\/luzimara\/"}]}},"cc_featured_image_caption":{"caption_text":"(Foto: Reprodu\u00e7\u00e3o\/Arquivo Nacional) ","source_text":"","source_url":""},"jetpack_featured_media_url":"https:\/\/jornalfatosenoticias.com.br\/wp-content\/uploads\/2025\/08\/vargas-bunkers-rio-de-janeiro-Arquivo-Nacional.jpg","_links":{"self":[{"href":"https:\/\/jornalfatosenoticias.com.br\/index.php\/wp-json\/wp\/v2\/posts\/61477","targetHints":{"allow":["GET"]}}],"collection":[{"href":"https:\/\/jornalfatosenoticias.com.br\/index.php\/wp-json\/wp\/v2\/posts"}],"about":[{"href":"https:\/\/jornalfatosenoticias.com.br\/index.php\/wp-json\/wp\/v2\/types\/post"}],"author":[{"embeddable":true,"href":"https:\/\/jornalfatosenoticias.com.br\/index.php\/wp-json\/wp\/v2\/users\/2"}],"replies":[{"embeddable":true,"href":"https:\/\/jornalfatosenoticias.com.br\/index.php\/wp-json\/wp\/v2\/comments?post=61477"}],"version-history":[{"count":0,"href":"https:\/\/jornalfatosenoticias.com.br\/index.php\/wp-json\/wp\/v2\/posts\/61477\/revisions"}],"wp:featuredmedia":[{"embeddable":true,"href":"https:\/\/jornalfatosenoticias.com.br\/index.php\/wp-json\/wp\/v2\/media\/61480"}],"wp:attachment":[{"href":"https:\/\/jornalfatosenoticias.com.br\/index.php\/wp-json\/wp\/v2\/media?parent=61477"}],"wp:term":[{"taxonomy":"category","embeddable":true,"href":"https:\/\/jornalfatosenoticias.com.br\/index.php\/wp-json\/wp\/v2\/categories?post=61477"},{"taxonomy":"post_tag","embeddable":true,"href":"https:\/\/jornalfatosenoticias.com.br\/index.php\/wp-json\/wp\/v2\/tags?post=61477"}],"curies":[{"name":"wp","href":"https:\/\/api.w.org\/{rel}","templated":true}]}}