{"id":61482,"date":"2025-08-27T10:36:28","date_gmt":"2025-08-27T13:36:28","guid":{"rendered":"https:\/\/jornalfatosenoticias.com.br\/?p=61482"},"modified":"2025-08-27T10:36:30","modified_gmt":"2025-08-27T13:36:30","slug":"lula-escancara-campanha-antecipada-por-reeleicao-e-oposicao-critica-o-uso-da-maquina-de-governo","status":"publish","type":"post","link":"https:\/\/jornalfatosenoticias.com.br\/index.php\/2025\/08\/27\/lula-escancara-campanha-antecipada-por-reeleicao-e-oposicao-critica-o-uso-da-maquina-de-governo\/","title":{"rendered":"Lula escancara campanha antecipada por reelei\u00e7\u00e3o e oposi\u00e7\u00e3o critica o uso da m\u00e1quina de governo"},"content":{"rendered":"\n<p><em><span class=\"has-inline-color has-black-color\">Lula intensificou, em 2025, o tom de campanha eleitoral em eventos p\u00fablicos pelo pa\u00eds<\/span><\/em><\/p>\n\n\n\n<p><span class=\"has-inline-color has-black-color\">Por <strong><a href=\"https:\/\/www.gazetadopovo.com.br\/autor\/silvio-ribas\/\">S\u00edlvio Ribas<\/a><\/strong><\/span><\/p>\n\n\n\n<div class=\"wp-block-image\"><figure class=\"aligncenter size-large is-resized\"><a href=\"https:\/\/www.facebook.com\/vetor.vix\/\"><img loading=\"lazy\" decoding=\"async\" src=\"https:\/\/jornalfatosenoticias.com.br\/wp-content\/uploads\/2023\/09\/vetorvix1024_1.jpg\" alt=\"\" class=\"wp-image-44868\" width=\"546\" height=\"145\" srcset=\"https:\/\/jornalfatosenoticias.com.br\/wp-content\/uploads\/2023\/09\/vetorvix1024_1.jpg 1024w, https:\/\/jornalfatosenoticias.com.br\/wp-content\/uploads\/2023\/09\/vetorvix1024_1-300x80.jpg 300w, https:\/\/jornalfatosenoticias.com.br\/wp-content\/uploads\/2023\/09\/vetorvix1024_1-768x205.jpg 768w\" sizes=\"auto, (max-width: 546px) 100vw, 546px\" \/><\/a><\/figure><\/div>\n\n\n\n<p><a href=\"https:\/\/www.gazetadopovo.com.br\/tudo-sobre\/lula\/\">Luiz In\u00e1cio Lula da Silva<\/a> (PT) vem intensificando nas \u00faltimas semanas o papel de candidato declarado \u00e0 reelei\u00e7\u00e3o, transformando atos de governo em palanque e desafiando as cr\u00edticas da oposi\u00e7\u00e3o, que o acusa de abuso da m\u00e1quina p\u00fablica. A pouco mais de um ano para o in\u00edcio oficial da campanha de 2026, a sua postura suscitaria avalia\u00e7\u00e3o da Justi\u00e7a Eleitoral.<br>Animado com sinais de revers\u00e3o da impopularidade em pesquisas recentes, Lula renovou a aposta em agendas de forte apelo eleitoral, na publicidade institucional e em viagens pelo pa\u00eds. Em paralelo, ele busca aproxima\u00e7\u00e3o com presidentes de partidos de centro \u2014 MDB, Republicanos, Uni\u00e3o Brasil e PSD \u2014 almejando formar com eles uma improv\u00e1vel alian\u00e7a para a disputa do pr\u00f3ximo ano.<\/p>\n\n\n\n<div class=\"wp-block-image\"><figure class=\"aligncenter size-large\"><a href=\"http:\/\/www.ferrarimaquinas.com.br\/\"><img loading=\"lazy\" decoding=\"async\" width=\"300\" height=\"250\" src=\"https:\/\/jornalfatosenoticias.com.br\/wp-content\/uploads\/2022\/02\/FERRARI_MAQUINAS-E-FERRAMENTAS2.jpg\" alt=\"\" class=\"wp-image-27860\"\/><\/a><\/figure><\/div>\n\n\n\n<p>A ret\u00f3rica do petista tamb\u00e9m se mant\u00e9m fortemente marcada pela longa polariza\u00e7\u00e3o no pa\u00eds entre a esquerda liderada por ele e a direita vinculada ao seu rival, o ex-presidente Jair Bolsonaro (PL). Nesse front, Lula passou a explorar ostensivamente a crise comercial e diplom\u00e1tica com os Estados Unidos, evocando o combate de um inimigo externo aliado a outros internos.<\/p>\n\n\n\n<div class=\"wp-block-image\"><figure class=\"aligncenter size-large is-resized\"><a href=\"https:\/\/hotelmarquetti.com.br\/\"><img loading=\"lazy\" decoding=\"async\" src=\"https:\/\/jornalfatosenoticias.com.br\/wp-content\/uploads\/2020\/02\/LOGO-MQ-1024x680.jpg\" alt=\"\" class=\"wp-image-58299\" width=\"360\" height=\"239\" srcset=\"https:\/\/jornalfatosenoticias.com.br\/wp-content\/uploads\/2020\/02\/LOGO-MQ-1024x680.jpg 1024w, https:\/\/jornalfatosenoticias.com.br\/wp-content\/uploads\/2020\/02\/LOGO-MQ-300x199.jpg 300w, https:\/\/jornalfatosenoticias.com.br\/wp-content\/uploads\/2020\/02\/LOGO-MQ-768x510.jpg 768w, https:\/\/jornalfatosenoticias.com.br\/wp-content\/uploads\/2020\/02\/LOGO-MQ-1536x1020.jpg 1536w, https:\/\/jornalfatosenoticias.com.br\/wp-content\/uploads\/2020\/02\/LOGO-MQ-2048x1360.jpg 2048w\" sizes=\"auto, (max-width: 360px) 100vw, 360px\" \/><\/a><\/figure><\/div>\n\n\n\n<p>N\u00e3o por acaso, o rec\u00e9m-lan\u00e7ado pacote de ajuda \u00e0s empresas afetadas pelo tarifa\u00e7o americano, batizado de \u201cBrasil Soberano\u201d, ganhou pe\u00e7as de propaganda que exalam carga simb\u00f3lica. \u201cDo lado dos brasileiros\u201d \u00e9 o seu bord\u00e3o, em refor\u00e7o ao antes testado \u201co Brasil \u00e9 dos brasileiros\u201d. Outro fator j\u00e1 explorado \u00e9 a desacelera\u00e7\u00e3o dos pre\u00e7os de alimentos no supermercado.<\/p>\n\n\n\n<div class=\"wp-block-image\"><figure class=\"aligncenter size-large is-resized\"><a href=\"https:\/\/www.facebook.com\/postobkr\/?locale=pt_BR\"><img loading=\"lazy\" decoding=\"async\" src=\"https:\/\/jornalfatosenoticias.com.br\/wp-content\/uploads\/2023\/08\/BKR-1024x1021.jpg\" alt=\"\" class=\"wp-image-44494\" width=\"303\" height=\"302\" srcset=\"https:\/\/jornalfatosenoticias.com.br\/wp-content\/uploads\/2023\/08\/BKR-1024x1021.jpg 1024w, https:\/\/jornalfatosenoticias.com.br\/wp-content\/uploads\/2023\/08\/BKR-300x300.jpg 300w, https:\/\/jornalfatosenoticias.com.br\/wp-content\/uploads\/2023\/08\/BKR-150x150.jpg 150w, https:\/\/jornalfatosenoticias.com.br\/wp-content\/uploads\/2023\/08\/BKR-768x766.jpg 768w, https:\/\/jornalfatosenoticias.com.br\/wp-content\/uploads\/2023\/08\/BKR.jpg 1080w\" sizes=\"auto, (max-width: 303px) 100vw, 303px\" \/><\/a><\/figure><\/div>\n\n\n\n<p>O novo presidente do PT, Edinho Silva, tamb\u00e9m j\u00e1 assumiu o comando da legenda com a miss\u00e3o de recuperar a popularidade do governo ancorado na ret\u00f3rica patri\u00f3tica. O partido aprovou a resolu\u00e7\u00e3o que critica abertamente o presidente americano Donald Trump, tachado, logo nas primeiras linhas do documento, de liderar uma pol\u00edtica \u201cimperialista e de extrema-direita\u201d.<\/p>\n\n\n\n<div class=\"wp-block-image\"><figure class=\"aligncenter size-large is-resized\"><a href=\"https:\/\/www.instagram.com\/gruposei\/\"><img loading=\"lazy\" decoding=\"async\" src=\"https:\/\/jornalfatosenoticias.com.br\/wp-content\/uploads\/2022\/07\/Logo-Grupo-SEI.jpg\" alt=\"\" class=\"wp-image-31973\" width=\"389\" height=\"204\" srcset=\"https:\/\/jornalfatosenoticias.com.br\/wp-content\/uploads\/2022\/07\/Logo-Grupo-SEI.jpg 713w, https:\/\/jornalfatosenoticias.com.br\/wp-content\/uploads\/2022\/07\/Logo-Grupo-SEI-300x158.jpg 300w\" sizes=\"auto, (max-width: 389px) 100vw, 389px\" \/><\/a><\/figure><\/div>\n\n\n\n<p><span class=\"has-inline-color has-black-color\"><strong>Lula convoca reuni\u00e3o ministerial para cobrar entregas e combinar discursos<br><\/strong><\/span>O tom de campanha de Lula e a mobiliza\u00e7\u00e3o do governo em torno da reelei\u00e7\u00e3o ficaram evidentes na reuni\u00e3o ministerial desta ter\u00e7a-feira (26). De bon\u00e9 azul com o slogan \u201cO Brasil \u00e9 dos brasileiros\u201d \u2014 em contraponto ao vermelho do \u201cMAGA\u201d (\u201cMake America Great Again\u201d \u2014 &#8220;Tornar a Am\u00e9rica Grande Novamente&#8221;), de Donald Trump, adotado por aliados da direita \u2014 o petista refor\u00e7ou a narrativa de polariza\u00e7\u00e3o entre \u201cdefensores\u201d e \u201centreguistas\u201d da soberania nacional.<\/p>\n\n\n\n<div class=\"wp-block-image\"><figure class=\"aligncenter size-large is-resized\"><a href=\"https:\/\/panper.com.br\/\"><img loading=\"lazy\" decoding=\"async\" src=\"https:\/\/jornalfatosenoticias.com.br\/wp-content\/uploads\/2023\/03\/logo-Panper_portal.jpg\" alt=\"\" class=\"wp-image-40208\" width=\"316\" height=\"219\" srcset=\"https:\/\/jornalfatosenoticias.com.br\/wp-content\/uploads\/2023\/03\/logo-Panper_portal.jpg 400w, https:\/\/jornalfatosenoticias.com.br\/wp-content\/uploads\/2023\/03\/logo-Panper_portal-300x208.jpg 300w\" sizes=\"auto, (max-width: 316px) 100vw, 316px\" \/><\/a><\/figure><\/div>\n\n\n\n<p>Mirando a fam\u00edlia Bolsonaro, Lula criticou quem teria a \u201cdesfa\u00e7atez de mudar de pa\u00eds, negar a p\u00e1tria e insuflar o \u00f3dio de governantes americanos contra o povo brasileiro\u201d, numa refer\u00eancia ao deputado Eduardo Bolsonaro (PL-SP). Pediu aos ministros que mantenham a defesa da soberania como palavra de ordem em discursos e entrevistas.<\/p>\n\n\n\n<div class=\"wp-block-image\"><figure class=\"aligncenter size-large is-resized\"><a href=\"https:\/\/www.instagram.com\/restaurantepegoretti\/\"><img loading=\"lazy\" decoding=\"async\" src=\"https:\/\/jornalfatosenoticias.com.br\/wp-content\/uploads\/2023\/12\/pegoretti-logo-pdf-1024x389.jpg\" alt=\"\" class=\"wp-image-47536\" width=\"519\" height=\"197\" srcset=\"https:\/\/jornalfatosenoticias.com.br\/wp-content\/uploads\/2023\/12\/pegoretti-logo-pdf-1024x389.jpg 1024w, https:\/\/jornalfatosenoticias.com.br\/wp-content\/uploads\/2023\/12\/pegoretti-logo-pdf-300x114.jpg 300w, https:\/\/jornalfatosenoticias.com.br\/wp-content\/uploads\/2023\/12\/pegoretti-logo-pdf-768x291.jpg 768w, https:\/\/jornalfatosenoticias.com.br\/wp-content\/uploads\/2023\/12\/pegoretti-logo-pdf.jpg 1120w\" sizes=\"auto, (max-width: 519px) 100vw, 519px\" \/><\/a><\/figure><\/div>\n\n\n\n<p>Lula ironizou saudosistas do Imp\u00e9rio \u2014 \u201cse a gente gostasse de imperador, n\u00e3o tinha acabado com o Imp\u00e9rio\u201d \u2014 e acusou Trump de agir como \u201cimperador do mundo\u201d. Reiterou que empresas s\u00f3 podem atuar no Brasil respeitando as leis nacionais. Lula deixou claro que essa confronta\u00e7\u00e3o dever\u00e1 pautar o governo at\u00e9 as elei\u00e7\u00f5es.<\/p>\n\n\n\n<div class=\"wp-block-image\"><figure class=\"aligncenter size-large is-resized\"><a href=\"https:\/\/www.instagram.com\/rcradiadores\/\"><img loading=\"lazy\" decoding=\"async\" src=\"https:\/\/jornalfatosenoticias.com.br\/wp-content\/uploads\/2022\/10\/RC_800x750_page-0001.jpg\" alt=\"\" class=\"wp-image-35338\" width=\"308\" height=\"289\" srcset=\"https:\/\/jornalfatosenoticias.com.br\/wp-content\/uploads\/2022\/10\/RC_800x750_page-0001.jpg 400w, https:\/\/jornalfatosenoticias.com.br\/wp-content\/uploads\/2022\/10\/RC_800x750_page-0001-300x281.jpg 300w\" sizes=\"auto, (max-width: 308px) 100vw, 308px\" \/><\/a><\/figure><\/div>\n\n\n\n<p>Foi o segundo encontro de Lula com toda sua equipe em 2025. O petista tem mostrado irrita\u00e7\u00e3o com atrasos do Programa de Acelera\u00e7\u00e3o do Crescimento (PAC), vitrine de investimentos do governo, admitindo at\u00e9 que seu eleitor n\u00e3o est\u00e1 recebendo o que foi prometido. O receio no Pal\u00e1cio do Planalto \u00e9 que projetos de infraestrutura bancados pela Uni\u00e3o acabem entrando para a lista de obras inacabadas, fragilizando o discurso eleitoral e dando muni\u00e7\u00e3o \u00e0 oposi\u00e7\u00e3o.<\/p>\n\n\n\n<div class=\"wp-block-image\"><figure class=\"aligncenter size-large is-resized\"><a href=\"https:\/\/www.instagram.com\/esteio.churrascaria\/\"><img loading=\"lazy\" decoding=\"async\" src=\"https:\/\/jornalfatosenoticias.com.br\/wp-content\/uploads\/2022\/02\/LOGO-ESTEIO-1024x730.png\" alt=\"\" class=\"wp-image-27942\" width=\"341\" height=\"243\" srcset=\"https:\/\/jornalfatosenoticias.com.br\/wp-content\/uploads\/2022\/02\/LOGO-ESTEIO-1024x730.png 1024w, https:\/\/jornalfatosenoticias.com.br\/wp-content\/uploads\/2022\/02\/LOGO-ESTEIO-300x214.png 300w, https:\/\/jornalfatosenoticias.com.br\/wp-content\/uploads\/2022\/02\/LOGO-ESTEIO-768x548.png 768w, https:\/\/jornalfatosenoticias.com.br\/wp-content\/uploads\/2022\/02\/LOGO-ESTEIO.png 1123w\" sizes=\"auto, (max-width: 341px) 100vw, 341px\" \/><\/a><\/figure><\/div>\n\n\n\n<p>A ministra Gleisi Hoffmann, das Rela\u00e7\u00f5es Institucionais, tem tentado levar adiante as prioridades legislativas do governo para 2025, entre elas a isen\u00e7\u00e3o de Imposto de Renda (IR) para quem ganha at\u00e9 R$ 5 mil por m\u00eas, a chamada PEC da Seguran\u00e7a e a regula\u00e7\u00e3o das redes sociais (big techs). Todas essas iniciativas legislativas t\u00eam \u00edntima rela\u00e7\u00e3o com as estrat\u00e9gias de campanha do governo. Por isso, tamb\u00e9m h\u00e1 pressa.<\/p>\n\n\n\n<div class=\"wp-block-image\"><figure class=\"aligncenter size-large\"><a href=\"https:\/\/www.cesconetto.com.br\/\"><img loading=\"lazy\" decoding=\"async\" width=\"300\" height=\"250\" src=\"https:\/\/jornalfatosenoticias.com.br\/wp-content\/uploads\/2020\/02\/Banner-2.png\" alt=\"\" class=\"wp-image-43787\"\/><\/a><\/figure><\/div>\n\n\n\n<p><strong><span class=\"has-inline-color has-black-color\">Perto de fazer 80 anos, Lula condiciona candidatura s\u00f3 \u00e0 condi\u00e7\u00e3o de sa\u00fade<br><\/span><\/strong>Lula tem usado todas as suas manifesta\u00e7\u00f5es em eventos e \u00e0 imprensa para se apresentar como candidato, atacar advers\u00e1rios de dentro e fora do pa\u00eds e prometer dias melhores, sobretudo para a popula\u00e7\u00e3o de baixa renda. Prestes a completar 80 anos, ele tem dito que a sua candidatura \u00e0 reelei\u00e7\u00e3o est\u00e1 limitada apenas \u00e0s condi\u00e7\u00f5es de sa\u00fade, mas fazendo quest\u00e3o de afirmar que se sente bem-disposto.<\/p>\n\n\n\n<div class=\"wp-block-image\"><figure class=\"aligncenter size-large is-resized\"><a href=\"https:\/\/legisjuris.com.br\/\"><img loading=\"lazy\" decoding=\"async\" src=\"https:\/\/jornalfatosenoticias.com.br\/wp-content\/uploads\/2024\/09\/Legis-Juris-Consultoria_logo.jpg\" alt=\"\" class=\"wp-image-53915\" width=\"506\" height=\"212\" srcset=\"https:\/\/jornalfatosenoticias.com.br\/wp-content\/uploads\/2024\/09\/Legis-Juris-Consultoria_logo.jpg 969w, https:\/\/jornalfatosenoticias.com.br\/wp-content\/uploads\/2024\/09\/Legis-Juris-Consultoria_logo-300x126.jpg 300w, https:\/\/jornalfatosenoticias.com.br\/wp-content\/uploads\/2024\/09\/Legis-Juris-Consultoria_logo-768x322.jpg 768w\" sizes=\"auto, (max-width: 506px) 100vw, 506px\" \/><\/a><\/figure><\/div>\n\n\n\n<p>Em Sorocaba (SP), na \u00faltima quinta-feira (21), ao entregar consult\u00f3rios odontol\u00f3gicos m\u00f3veis, declarou: \u201cum mandato do Lula incomodou muita gente. Dois mandatos incomodaram muito mais. Tr\u00eas mandatos muito, muito mais. Imagina se tiver o quarto\u201d. No Rio, em evento da Petrobras, foi ainda mais direto: \u201ceste pa\u00eds vai ter um presidente eleito quatro vezes\u201d.<\/p>\n\n\n\n<div class=\"wp-block-image\"><figure class=\"aligncenter size-large is-resized\"><a href=\"https:\/\/www.controlsystems.com.br\/\"><img loading=\"lazy\" decoding=\"async\" src=\"https:\/\/jornalfatosenoticias.com.br\/wp-content\/uploads\/2020\/02\/CONTROL-CS.jpg\" alt=\"\" class=\"wp-image-44991\" width=\"262\" height=\"313\" srcset=\"https:\/\/jornalfatosenoticias.com.br\/wp-content\/uploads\/2020\/02\/CONTROL-CS.jpg 834w, https:\/\/jornalfatosenoticias.com.br\/wp-content\/uploads\/2020\/02\/CONTROL-CS-250x300.jpg 250w, https:\/\/jornalfatosenoticias.com.br\/wp-content\/uploads\/2020\/02\/CONTROL-CS-768x921.jpg 768w\" sizes=\"auto, (max-width: 262px) 100vw, 262px\" \/><\/a><\/figure><\/div>\n\n\n\n<p>Em julho, em obras ferrovi\u00e1rias no Cear\u00e1, afirmou: \u201cpodem ter certeza de que serei candidato para ganhar as elei\u00e7\u00f5es, porque n\u00e3o vou entregar o pa\u00eds de volta para aquele bando de malucos\u201d. Lula j\u00e1 concorreu a seis elei\u00e7\u00f5es presidenciais, venceu tr\u00eas (2002, 2006 e 2022) e perdeu tr\u00eas (1989, 1994 e 1998). Em 2022, prometeu ser \u201cpresidente de um mandato s\u00f3\u201d. Mas mudou de opini\u00e3o logo.<\/p>\n\n\n\n<div class=\"wp-block-image\"><figure class=\"aligncenter size-large\"><a href=\"https:\/\/mizu.com.br\/\"><img loading=\"lazy\" decoding=\"async\" width=\"729\" height=\"90\" src=\"https:\/\/jornalfatosenoticias.com.br\/wp-content\/uploads\/2020\/02\/Logo_Mizu.png\" alt=\"\" class=\"wp-image-1441\" srcset=\"https:\/\/jornalfatosenoticias.com.br\/wp-content\/uploads\/2020\/02\/Logo_Mizu.png 729w, https:\/\/jornalfatosenoticias.com.br\/wp-content\/uploads\/2020\/02\/Logo_Mizu-300x37.png 300w\" sizes=\"auto, (max-width: 729px) 100vw, 729px\" \/><\/a><\/figure><\/div>\n\n\n\n<p>Consultores avaliam que ap\u00f3s atravessar v\u00e1rias crises no atual mandato \u2014 contradi\u00e7\u00f5es, volta da carestia, casos de corrup\u00e7\u00e3o e pol\u00eamicas de alcance mundial \u2014 restou ao petista colocar o p\u00e9 no acelerador de campanha, pois \u00e9 a \u00fanica op\u00e7\u00e3o vi\u00e1vel da esquerda. Para provar vitalidade, grava v\u00eddeos fazendo muscula\u00e7\u00e3o e promete subir correndo a rampa do Planalto em janeiro de 2027, aos 81 anos, caso seja reeleito.<\/p>\n\n\n\n<div class=\"wp-block-image\"><figure class=\"aligncenter size-large is-resized\"><a href=\"https:\/\/www.facebook.com\/profile.php?id=100069289606145\"><img loading=\"lazy\" decoding=\"async\" src=\"https:\/\/jornalfatosenoticias.com.br\/wp-content\/uploads\/2024\/11\/Guaitolini-Contabilidade-1024x714.jpeg\" alt=\"\" class=\"wp-image-55808\" width=\"325\" height=\"226\" srcset=\"https:\/\/jornalfatosenoticias.com.br\/wp-content\/uploads\/2024\/11\/Guaitolini-Contabilidade-1024x714.jpeg 1024w, https:\/\/jornalfatosenoticias.com.br\/wp-content\/uploads\/2024\/11\/Guaitolini-Contabilidade-300x209.jpeg 300w, https:\/\/jornalfatosenoticias.com.br\/wp-content\/uploads\/2024\/11\/Guaitolini-Contabilidade-768x535.jpeg 768w, https:\/\/jornalfatosenoticias.com.br\/wp-content\/uploads\/2024\/11\/Guaitolini-Contabilidade.jpeg 1280w\" sizes=\"auto, (max-width: 325px) 100vw, 325px\" \/><\/a><\/figure><\/div>\n\n\n\n<p>Juristas ouvidos pela Gazeta do Povo avaliam que o comportamento de Lula pode ser formalmente questionado. O advogado eleitoral Ant\u00f4nio Augusto Mayer afirma que, havendo ind\u00edcios de propaganda extempor\u00e2nea, a Justi\u00e7a pode ser acionada imediatamente.<\/p>\n\n\n\n<blockquote class=\"wp-block-quote is-layout-flow wp-block-quote-is-layout-flow\"><p><span class=\"has-inline-color has-luminous-vivid-orange-color\">A legisla\u00e7\u00e3o n\u00e3o fixa prazo espec\u00edfico. Cabe ao Judici\u00e1rio decidir se o ato configura ou n\u00e3o irregularidade\u201d, explica.<\/span><\/p><\/blockquote>\n\n\n\n<div class=\"wp-block-image\"><figure class=\"aligncenter size-large is-resized\"><a href=\"https:\/\/www.instagram.com\/serra4x4cambioautomatico\/\"><img loading=\"lazy\" decoding=\"async\" src=\"https:\/\/jornalfatosenoticias.com.br\/wp-content\/uploads\/2024\/08\/Serra-4x4-1-886x1024.jpg\" alt=\"\" class=\"wp-image-53632\" width=\"284\" height=\"327\" srcset=\"https:\/\/jornalfatosenoticias.com.br\/wp-content\/uploads\/2024\/08\/Serra-4x4-1-886x1024.jpg 886w, https:\/\/jornalfatosenoticias.com.br\/wp-content\/uploads\/2024\/08\/Serra-4x4-1-260x300.jpg 260w, https:\/\/jornalfatosenoticias.com.br\/wp-content\/uploads\/2024\/08\/Serra-4x4-1-768x888.jpg 768w, https:\/\/jornalfatosenoticias.com.br\/wp-content\/uploads\/2024\/08\/Serra-4x4-1.jpg 1181w\" sizes=\"auto, (max-width: 284px) 100vw, 284px\" \/><\/a><\/figure><\/div>\n\n\n\n<p><strong><span class=\"has-inline-color has-black-color\">Oposi\u00e7\u00e3o acumula fatos para eventual den\u00fancia de campanha antecipada<br><\/span><\/strong>O cientista pol\u00edtico Paulo Kramer v\u00ea nesses casos a campanha escancarada de Lula pela reelei\u00e7\u00e3o, suscet\u00edvel ao crivo judicial.<\/p>\n\n\n\n<blockquote class=\"wp-block-quote is-layout-flow wp-block-quote-is-layout-flow\"><p><span class=\"has-inline-color has-luminous-vivid-orange-color\">Ele tem estado ao menos uma vez por semana em palanques Brasil afora. Nesta sexta-feira (29), por exemplo, ser\u00e1 em Contagem (MG), a pretexto de obras do Novo PAC\u201d, diz.<\/span><\/p><\/blockquote>\n\n\n\n<div class=\"wp-block-image\"><figure class=\"aligncenter size-large is-resized\"><a href=\"https:\/\/hotelmarquetti.com.br\/\"><img loading=\"lazy\" decoding=\"async\" src=\"https:\/\/jornalfatosenoticias.com.br\/wp-content\/uploads\/2020\/02\/LOGO-MQ-1024x680.jpg\" alt=\"\" class=\"wp-image-58299\" width=\"333\" height=\"221\" srcset=\"https:\/\/jornalfatosenoticias.com.br\/wp-content\/uploads\/2020\/02\/LOGO-MQ-1024x680.jpg 1024w, https:\/\/jornalfatosenoticias.com.br\/wp-content\/uploads\/2020\/02\/LOGO-MQ-300x199.jpg 300w, https:\/\/jornalfatosenoticias.com.br\/wp-content\/uploads\/2020\/02\/LOGO-MQ-768x510.jpg 768w, https:\/\/jornalfatosenoticias.com.br\/wp-content\/uploads\/2020\/02\/LOGO-MQ-1536x1020.jpg 1536w, https:\/\/jornalfatosenoticias.com.br\/wp-content\/uploads\/2020\/02\/LOGO-MQ-2048x1360.jpg 2048w\" sizes=\"auto, (max-width: 333px) 100vw, 333px\" \/><\/a><\/figure><\/div>\n\n\n\n<p>Apesar disso, Kramer receia que a Justi\u00e7a s\u00f3 condene candidatos da direita. A oposi\u00e7\u00e3o reage ao candidato Lula, mas ainda n\u00e3o fala em ir \u00e0 Justi\u00e7a. O deputado Luciano Zucco (PL-RS), l\u00edder da oposi\u00e7\u00e3o na C\u00e2mara, classificou o plano de R$ 30 bilh\u00f5es para exportadores afetados pelo tarifa\u00e7o como eleitoreiro e ineficaz. J\u00e1 o tamb\u00e9m deputado Nikolas Ferreira (PL-MG) acusou a campanha digital do governo pela \u201cTaxa\u00e7\u00e3o BBB\u201d (bilion\u00e1rios, bancos e bets) de tentar dividir a sociedade.<\/p>\n\n\n\n<div class=\"wp-block-image\"><figure class=\"aligncenter size-large\"><a href=\"http:\/\/www.ferrarimaquinas.com.br\/\"><img loading=\"lazy\" decoding=\"async\" width=\"300\" height=\"250\" src=\"https:\/\/jornalfatosenoticias.com.br\/wp-content\/uploads\/2022\/02\/FERRARI_MAQUINAS-E-FERRAMENTAS2.jpg\" alt=\"\" class=\"wp-image-27860\"\/><\/a><\/figure><\/div>\n\n\n\n<p>Apesar das cr\u00edticas da oposi\u00e7\u00e3o, Lula tem se manifestado de forma agressiva e confiante sobre a reelei\u00e7\u00e3o. Durante sua participa\u00e7\u00e3o no podcast \u201cMano a Mano\u201d, em junho, afirmou que, se for candidato, ser\u00e1 \u201cpara ganhar\u201d, ressaltando que advers\u00e1rios dever\u00e3o se empenhar muito mais para super\u00e1-lo. O petista diz comemorar pr\u00e9-candidaturas na centro-direita e direita.<\/p>\n\n\n\n<div class=\"wp-block-image\"><figure class=\"aligncenter size-large is-resized\"><a href=\"https:\/\/www.facebook.com\/postobkr\/?locale=pt_BR\"><img loading=\"lazy\" decoding=\"async\" src=\"https:\/\/jornalfatosenoticias.com.br\/wp-content\/uploads\/2023\/08\/BKR-1024x1021.jpg\" alt=\"\" class=\"wp-image-44494\" width=\"311\" height=\"310\" srcset=\"https:\/\/jornalfatosenoticias.com.br\/wp-content\/uploads\/2023\/08\/BKR-1024x1021.jpg 1024w, https:\/\/jornalfatosenoticias.com.br\/wp-content\/uploads\/2023\/08\/BKR-300x300.jpg 300w, https:\/\/jornalfatosenoticias.com.br\/wp-content\/uploads\/2023\/08\/BKR-150x150.jpg 150w, https:\/\/jornalfatosenoticias.com.br\/wp-content\/uploads\/2023\/08\/BKR-768x766.jpg 768w, https:\/\/jornalfatosenoticias.com.br\/wp-content\/uploads\/2023\/08\/BKR.jpg 1080w\" sizes=\"auto, (max-width: 311px) 100vw, 311px\" \/><\/a><\/figure><\/div>\n\n\n\n<p>Desde Fernando Henrique Cardoso (PSDB), todos os presidentes buscaram a reelei\u00e7\u00e3o, usufruindo da vantagem do cargo. Mas quando o uso da estrutura estatal extrapola o razo\u00e1vel, h\u00e1 risco de puni\u00e7\u00e3o por propaganda antecipada e abuso de poder. \u201cHoje, todo mundo pol\u00edtico deve entrar na onda eleitoral j\u00e1 em outubro\u201d, ressalva Jo\u00e3o Henrique Hummel, da Action Consultoria.<\/p>\n\n\n\n<div class=\"wp-block-image\"><figure class=\"aligncenter size-large is-resized\"><a href=\"https:\/\/www.instagram.com\/gruposei\/\"><img loading=\"lazy\" decoding=\"async\" src=\"https:\/\/jornalfatosenoticias.com.br\/wp-content\/uploads\/2022\/07\/Logo-Grupo-SEI.jpg\" alt=\"\" class=\"wp-image-31973\" width=\"356\" height=\"187\" srcset=\"https:\/\/jornalfatosenoticias.com.br\/wp-content\/uploads\/2022\/07\/Logo-Grupo-SEI.jpg 713w, https:\/\/jornalfatosenoticias.com.br\/wp-content\/uploads\/2022\/07\/Logo-Grupo-SEI-300x158.jpg 300w\" sizes=\"auto, (max-width: 356px) 100vw, 356px\" \/><\/a><\/figure><\/div>\n\n\n\n<p>Para a esquerda, importa conhecer o sucessor de Bolsonaro nas pr\u00f3ximas elei\u00e7\u00f5es. <a href=\"https:\/\/www.gazetadopovo.com.br\/republica\/investida-da-pf-expoe-atrito-entre-bolsonaro-aliados-e-centro-direita-e-desafia-articulacoes-para-2026\/\">Para a direita, importa reduzir conflitos internos e com a centro-direita, viabilizando candidatura de consenso, capaz de vencer Lula no segundo turno<\/a>. Mas o pr\u00f3prio petista j\u00e1 especula que o seu advers\u00e1rio nas urnas de 2026 dever\u00e1 ser o governador de S\u00e3o Paulo, Tarc\u00edsio de Freitas (Republicanos).<\/p>\n\n\n\n<p><strong>Fonte: <a href=\"https:\/\/www.gazetadopovo.com.br\/republica\/lula-escancara-campanha-antecipada-por-reeleicao-e-oposicao-critica-o-uso-da-maquina-de-governo\/\">Gazeta do Povo<\/a><\/strong><\/p>\n","protected":false},"excerpt":{"rendered":"<p>Lula intensificou, em 2025, o tom de campanha eleitoral em eventos p\u00fablicos pelo pa\u00eds Por S\u00edlvio Ribas Luiz In\u00e1cio Lula da Silva (PT) vem intensificando nas \u00faltimas semanas o papel de candidato declarado \u00e0 reelei\u00e7\u00e3o, transformando atos de governo em palanque e desafiando as cr\u00edticas da oposi\u00e7\u00e3o, que o acusa de abuso da m\u00e1quina p\u00fablica. [&hellip;]<\/p>\n","protected":false},"author":2,"featured_media":61483,"comment_status":"open","ping_status":"open","sticky":false,"template":"","format":"standard","meta":{"footnotes":""},"categories":[10],"tags":[19246,3387,2147,1039,19047,159,13869,1795,17895,1345,7580,1900,13186,1563,26517,19192],"class_list":["post-61482","post","type-post","status-publish","format-standard","has-post-thumbnail","hentry","category-politica","tag-big-techs","tag-comunicacao","tag-donald-trump","tag-eleicoes","tag-eleicoes-2026","tag-eua","tag-gleisi-hoffmann","tag-jair-bolsonaro","tag-judiciario","tag-justica","tag-lula","tag-palacio-do-planalto","tag-pt","tag-redes-sociais","tag-sidonio-palmeira","tag-tarcisio-de-freitas"],"yoast_head":"<!-- This site is optimized with the Yoast SEO plugin v26.5 - https:\/\/yoast.com\/wordpress\/plugins\/seo\/ -->\n<title>Lula escancara campanha antecipada por reelei\u00e7\u00e3o e oposi\u00e7\u00e3o critica o uso da m\u00e1quina de governo - Jornal Fatos e Not\u00edcias<\/title>\n<meta name=\"robots\" content=\"index, follow, max-snippet:-1, max-image-preview:large, max-video-preview:-1\" \/>\n<link rel=\"canonical\" href=\"https:\/\/jornalfatosenoticias.com.br\/index.php\/2025\/08\/27\/lula-escancara-campanha-antecipada-por-reeleicao-e-oposicao-critica-o-uso-da-maquina-de-governo\/\" \/>\n<meta property=\"og:locale\" content=\"pt_BR\" \/>\n<meta property=\"og:type\" content=\"article\" \/>\n<meta property=\"og:title\" content=\"Lula escancara campanha antecipada por reelei\u00e7\u00e3o e oposi\u00e7\u00e3o critica o uso da m\u00e1quina de governo - Jornal Fatos e Not\u00edcias\" \/>\n<meta property=\"og:description\" content=\"Lula intensificou, em 2025, o tom de campanha eleitoral em eventos p\u00fablicos pelo pa\u00eds Por S\u00edlvio Ribas Luiz In\u00e1cio Lula da Silva (PT) vem intensificando nas \u00faltimas semanas o papel de candidato declarado \u00e0 reelei\u00e7\u00e3o, transformando atos de governo em palanque e desafiando as cr\u00edticas da oposi\u00e7\u00e3o, que o acusa de abuso da m\u00e1quina p\u00fablica. [&hellip;]\" \/>\n<meta property=\"og:url\" content=\"https:\/\/jornalfatosenoticias.com.br\/index.php\/2025\/08\/27\/lula-escancara-campanha-antecipada-por-reeleicao-e-oposicao-critica-o-uso-da-maquina-de-governo\/\" \/>\n<meta property=\"og:site_name\" content=\"Jornal Fatos e Not\u00edcias\" \/>\n<meta property=\"article:published_time\" content=\"2025-08-27T13:36:28+00:00\" \/>\n<meta property=\"article:modified_time\" content=\"2025-08-27T13:36:30+00:00\" \/>\n<meta property=\"og:image\" content=\"https:\/\/jornalfatosenoticias.com.br\/wp-content\/uploads\/2025\/08\/molusco-campanha-antecipada_gettyimages.jpg\" \/>\n\t<meta property=\"og:image:width\" content=\"612\" \/>\n\t<meta property=\"og:image:height\" content=\"408\" \/>\n\t<meta property=\"og:image:type\" content=\"image\/jpeg\" \/>\n<meta name=\"author\" content=\"Luzimara Fernandes\" \/>\n<meta name=\"twitter:card\" content=\"summary_large_image\" \/>\n<meta name=\"twitter:label1\" content=\"Escrito por\" \/>\n\t<meta name=\"twitter:data1\" content=\"Luzimara Fernandes\" \/>\n\t<meta name=\"twitter:label2\" content=\"Est. tempo de leitura\" \/>\n\t<meta name=\"twitter:data2\" content=\"7 minutos\" \/>\n<script type=\"application\/ld+json\" class=\"yoast-schema-graph\">{\"@context\":\"https:\/\/schema.org\",\"@graph\":[{\"@type\":\"Article\",\"@id\":\"https:\/\/jornalfatosenoticias.com.br\/index.php\/2025\/08\/27\/lula-escancara-campanha-antecipada-por-reeleicao-e-oposicao-critica-o-uso-da-maquina-de-governo\/#article\",\"isPartOf\":{\"@id\":\"https:\/\/jornalfatosenoticias.com.br\/index.php\/2025\/08\/27\/lula-escancara-campanha-antecipada-por-reeleicao-e-oposicao-critica-o-uso-da-maquina-de-governo\/\"},\"author\":{\"name\":\"Luzimara Fernandes\",\"@id\":\"https:\/\/jornalfatosenoticias.com.br\/#\/schema\/person\/d63837fa13ac8666eb9e74e0985d6f81\"},\"headline\":\"Lula escancara campanha antecipada por reelei\u00e7\u00e3o e oposi\u00e7\u00e3o critica o uso da m\u00e1quina de governo\",\"datePublished\":\"2025-08-27T13:36:28+00:00\",\"dateModified\":\"2025-08-27T13:36:30+00:00\",\"mainEntityOfPage\":{\"@id\":\"https:\/\/jornalfatosenoticias.com.br\/index.php\/2025\/08\/27\/lula-escancara-campanha-antecipada-por-reeleicao-e-oposicao-critica-o-uso-da-maquina-de-governo\/\"},\"wordCount\":1394,\"commentCount\":0,\"publisher\":{\"@id\":\"https:\/\/jornalfatosenoticias.com.br\/#organization\"},\"image\":{\"@id\":\"https:\/\/jornalfatosenoticias.com.br\/index.php\/2025\/08\/27\/lula-escancara-campanha-antecipada-por-reeleicao-e-oposicao-critica-o-uso-da-maquina-de-governo\/#primaryimage\"},\"thumbnailUrl\":\"https:\/\/jornalfatosenoticias.com.br\/wp-content\/uploads\/2025\/08\/molusco-campanha-antecipada_gettyimages.jpg\",\"keywords\":[\"big techs\",\"comunica\u00e7\u00e3o\",\"Donald Trump\",\"elei\u00e7\u00f5es\",\"Elei\u00e7\u00f5es 2026\",\"EUA\",\"Gleisi Hoffmann\",\"Jair Bolsonaro\",\"Judici\u00e1rio\",\"justi\u00e7a\",\"Lula\",\"Pal\u00e1cio do Planalto\",\"PT\",\"redes sociais\",\"Sid\u00f4nio Palmeira\",\"Tarc\u00edsio de Freitas\"],\"articleSection\":[\"Pol\u00edtica\"],\"inLanguage\":\"pt-BR\",\"potentialAction\":[{\"@type\":\"CommentAction\",\"name\":\"Comment\",\"target\":[\"https:\/\/jornalfatosenoticias.com.br\/index.php\/2025\/08\/27\/lula-escancara-campanha-antecipada-por-reeleicao-e-oposicao-critica-o-uso-da-maquina-de-governo\/#respond\"]}]},{\"@type\":\"WebPage\",\"@id\":\"https:\/\/jornalfatosenoticias.com.br\/index.php\/2025\/08\/27\/lula-escancara-campanha-antecipada-por-reeleicao-e-oposicao-critica-o-uso-da-maquina-de-governo\/\",\"url\":\"https:\/\/jornalfatosenoticias.com.br\/index.php\/2025\/08\/27\/lula-escancara-campanha-antecipada-por-reeleicao-e-oposicao-critica-o-uso-da-maquina-de-governo\/\",\"name\":\"Lula escancara campanha antecipada por reelei\u00e7\u00e3o e oposi\u00e7\u00e3o critica o uso da m\u00e1quina de governo - Jornal Fatos e Not\u00edcias\",\"isPartOf\":{\"@id\":\"https:\/\/jornalfatosenoticias.com.br\/#website\"},\"primaryImageOfPage\":{\"@id\":\"https:\/\/jornalfatosenoticias.com.br\/index.php\/2025\/08\/27\/lula-escancara-campanha-antecipada-por-reeleicao-e-oposicao-critica-o-uso-da-maquina-de-governo\/#primaryimage\"},\"image\":{\"@id\":\"https:\/\/jornalfatosenoticias.com.br\/index.php\/2025\/08\/27\/lula-escancara-campanha-antecipada-por-reeleicao-e-oposicao-critica-o-uso-da-maquina-de-governo\/#primaryimage\"},\"thumbnailUrl\":\"https:\/\/jornalfatosenoticias.com.br\/wp-content\/uploads\/2025\/08\/molusco-campanha-antecipada_gettyimages.jpg\",\"datePublished\":\"2025-08-27T13:36:28+00:00\",\"dateModified\":\"2025-08-27T13:36:30+00:00\",\"breadcrumb\":{\"@id\":\"https:\/\/jornalfatosenoticias.com.br\/index.php\/2025\/08\/27\/lula-escancara-campanha-antecipada-por-reeleicao-e-oposicao-critica-o-uso-da-maquina-de-governo\/#breadcrumb\"},\"inLanguage\":\"pt-BR\",\"potentialAction\":[{\"@type\":\"ReadAction\",\"target\":[\"https:\/\/jornalfatosenoticias.com.br\/index.php\/2025\/08\/27\/lula-escancara-campanha-antecipada-por-reeleicao-e-oposicao-critica-o-uso-da-maquina-de-governo\/\"]}]},{\"@type\":\"ImageObject\",\"inLanguage\":\"pt-BR\",\"@id\":\"https:\/\/jornalfatosenoticias.com.br\/index.php\/2025\/08\/27\/lula-escancara-campanha-antecipada-por-reeleicao-e-oposicao-critica-o-uso-da-maquina-de-governo\/#primaryimage\",\"url\":\"https:\/\/jornalfatosenoticias.com.br\/wp-content\/uploads\/2025\/08\/molusco-campanha-antecipada_gettyimages.jpg\",\"contentUrl\":\"https:\/\/jornalfatosenoticias.com.br\/wp-content\/uploads\/2025\/08\/molusco-campanha-antecipada_gettyimages.jpg\",\"width\":612,\"height\":408,\"caption\":\"BRASILIA, BRAZIL - AUGUST 25: President of Brazil, Lula Da Silva, welcomes President of Nigeria, Bola Tinubu, during an official visit to Brazil at Planalto Palace on August 25, 2025 in Brasilia, Brazil. (Photo by Ton Molina\/Getty Images)\"},{\"@type\":\"BreadcrumbList\",\"@id\":\"https:\/\/jornalfatosenoticias.com.br\/index.php\/2025\/08\/27\/lula-escancara-campanha-antecipada-por-reeleicao-e-oposicao-critica-o-uso-da-maquina-de-governo\/#breadcrumb\",\"itemListElement\":[{\"@type\":\"ListItem\",\"position\":1,\"name\":\"In\u00edcio\",\"item\":\"https:\/\/jornalfatosenoticias.com.br\/\"},{\"@type\":\"ListItem\",\"position\":2,\"name\":\"Lula escancara campanha antecipada por reelei\u00e7\u00e3o e oposi\u00e7\u00e3o critica o uso da m\u00e1quina de governo\"}]},{\"@type\":\"WebSite\",\"@id\":\"https:\/\/jornalfatosenoticias.com.br\/#website\",\"url\":\"https:\/\/jornalfatosenoticias.com.br\/\",\"name\":\"Jornal Fatos e Not\u00edcias\",\"description\":\"Not\u00edcias em geral\",\"publisher\":{\"@id\":\"https:\/\/jornalfatosenoticias.com.br\/#organization\"},\"potentialAction\":[{\"@type\":\"SearchAction\",\"target\":{\"@type\":\"EntryPoint\",\"urlTemplate\":\"https:\/\/jornalfatosenoticias.com.br\/?s={search_term_string}\"},\"query-input\":{\"@type\":\"PropertyValueSpecification\",\"valueRequired\":true,\"valueName\":\"search_term_string\"}}],\"inLanguage\":\"pt-BR\"},{\"@type\":\"Organization\",\"@id\":\"https:\/\/jornalfatosenoticias.com.br\/#organization\",\"name\":\"Jornal Fatos e Not\u00edcias\",\"url\":\"https:\/\/jornalfatosenoticias.com.br\/\",\"logo\":{\"@type\":\"ImageObject\",\"inLanguage\":\"pt-BR\",\"@id\":\"https:\/\/jornalfatosenoticias.com.br\/#\/schema\/logo\/image\/\",\"url\":\"https:\/\/jornalfatosenoticias.com.br\/wp-content\/uploads\/2020\/02\/logo120.png\",\"contentUrl\":\"https:\/\/jornalfatosenoticias.com.br\/wp-content\/uploads\/2020\/02\/logo120.png\",\"width\":1227,\"height\":120,\"caption\":\"Jornal Fatos e Not\u00edcias\"},\"image\":{\"@id\":\"https:\/\/jornalfatosenoticias.com.br\/#\/schema\/logo\/image\/\"}},{\"@type\":\"Person\",\"@id\":\"https:\/\/jornalfatosenoticias.com.br\/#\/schema\/person\/d63837fa13ac8666eb9e74e0985d6f81\",\"name\":\"Luzimara Fernandes\",\"image\":{\"@type\":\"ImageObject\",\"inLanguage\":\"pt-BR\",\"@id\":\"https:\/\/jornalfatosenoticias.com.br\/#\/schema\/person\/image\/\",\"url\":\"https:\/\/jornalfatosenoticias.com.br\/wp-content\/uploads\/2025\/05\/EU_portal.jpg\",\"contentUrl\":\"https:\/\/jornalfatosenoticias.com.br\/wp-content\/uploads\/2025\/05\/EU_portal.jpg\",\"caption\":\"Luzimara Fernandes\"},\"description\":\"Jornalista MTB 2358-ES\",\"sameAs\":[\"https:\/\/jornalfatosenoticias.com.br\"],\"url\":\"https:\/\/jornalfatosenoticias.com.br\/index.php\/author\/luzimara\/\"}]}<\/script>\n<!-- \/ Yoast SEO plugin. -->","yoast_head_json":{"title":"Lula escancara campanha antecipada por reelei\u00e7\u00e3o e oposi\u00e7\u00e3o critica o uso da m\u00e1quina de governo - Jornal Fatos e Not\u00edcias","robots":{"index":"index","follow":"follow","max-snippet":"max-snippet:-1","max-image-preview":"max-image-preview:large","max-video-preview":"max-video-preview:-1"},"canonical":"https:\/\/jornalfatosenoticias.com.br\/index.php\/2025\/08\/27\/lula-escancara-campanha-antecipada-por-reeleicao-e-oposicao-critica-o-uso-da-maquina-de-governo\/","og_locale":"pt_BR","og_type":"article","og_title":"Lula escancara campanha antecipada por reelei\u00e7\u00e3o e oposi\u00e7\u00e3o critica o uso da m\u00e1quina de governo - Jornal Fatos e Not\u00edcias","og_description":"Lula intensificou, em 2025, o tom de campanha eleitoral em eventos p\u00fablicos pelo pa\u00eds Por S\u00edlvio Ribas Luiz In\u00e1cio Lula da Silva (PT) vem intensificando nas \u00faltimas semanas o papel de candidato declarado \u00e0 reelei\u00e7\u00e3o, transformando atos de governo em palanque e desafiando as cr\u00edticas da oposi\u00e7\u00e3o, que o acusa de abuso da m\u00e1quina p\u00fablica. [&hellip;]","og_url":"https:\/\/jornalfatosenoticias.com.br\/index.php\/2025\/08\/27\/lula-escancara-campanha-antecipada-por-reeleicao-e-oposicao-critica-o-uso-da-maquina-de-governo\/","og_site_name":"Jornal Fatos e Not\u00edcias","article_published_time":"2025-08-27T13:36:28+00:00","article_modified_time":"2025-08-27T13:36:30+00:00","og_image":[{"width":612,"height":408,"url":"https:\/\/jornalfatosenoticias.com.br\/wp-content\/uploads\/2025\/08\/molusco-campanha-antecipada_gettyimages.jpg","type":"image\/jpeg"}],"author":"Luzimara Fernandes","twitter_card":"summary_large_image","twitter_misc":{"Escrito por":"Luzimara Fernandes","Est. tempo de leitura":"7 minutos"},"schema":{"@context":"https:\/\/schema.org","@graph":[{"@type":"Article","@id":"https:\/\/jornalfatosenoticias.com.br\/index.php\/2025\/08\/27\/lula-escancara-campanha-antecipada-por-reeleicao-e-oposicao-critica-o-uso-da-maquina-de-governo\/#article","isPartOf":{"@id":"https:\/\/jornalfatosenoticias.com.br\/index.php\/2025\/08\/27\/lula-escancara-campanha-antecipada-por-reeleicao-e-oposicao-critica-o-uso-da-maquina-de-governo\/"},"author":{"name":"Luzimara Fernandes","@id":"https:\/\/jornalfatosenoticias.com.br\/#\/schema\/person\/d63837fa13ac8666eb9e74e0985d6f81"},"headline":"Lula escancara campanha antecipada por reelei\u00e7\u00e3o e oposi\u00e7\u00e3o critica o uso da m\u00e1quina de governo","datePublished":"2025-08-27T13:36:28+00:00","dateModified":"2025-08-27T13:36:30+00:00","mainEntityOfPage":{"@id":"https:\/\/jornalfatosenoticias.com.br\/index.php\/2025\/08\/27\/lula-escancara-campanha-antecipada-por-reeleicao-e-oposicao-critica-o-uso-da-maquina-de-governo\/"},"wordCount":1394,"commentCount":0,"publisher":{"@id":"https:\/\/jornalfatosenoticias.com.br\/#organization"},"image":{"@id":"https:\/\/jornalfatosenoticias.com.br\/index.php\/2025\/08\/27\/lula-escancara-campanha-antecipada-por-reeleicao-e-oposicao-critica-o-uso-da-maquina-de-governo\/#primaryimage"},"thumbnailUrl":"https:\/\/jornalfatosenoticias.com.br\/wp-content\/uploads\/2025\/08\/molusco-campanha-antecipada_gettyimages.jpg","keywords":["big techs","comunica\u00e7\u00e3o","Donald Trump","elei\u00e7\u00f5es","Elei\u00e7\u00f5es 2026","EUA","Gleisi Hoffmann","Jair Bolsonaro","Judici\u00e1rio","justi\u00e7a","Lula","Pal\u00e1cio do Planalto","PT","redes sociais","Sid\u00f4nio Palmeira","Tarc\u00edsio de Freitas"],"articleSection":["Pol\u00edtica"],"inLanguage":"pt-BR","potentialAction":[{"@type":"CommentAction","name":"Comment","target":["https:\/\/jornalfatosenoticias.com.br\/index.php\/2025\/08\/27\/lula-escancara-campanha-antecipada-por-reeleicao-e-oposicao-critica-o-uso-da-maquina-de-governo\/#respond"]}]},{"@type":"WebPage","@id":"https:\/\/jornalfatosenoticias.com.br\/index.php\/2025\/08\/27\/lula-escancara-campanha-antecipada-por-reeleicao-e-oposicao-critica-o-uso-da-maquina-de-governo\/","url":"https:\/\/jornalfatosenoticias.com.br\/index.php\/2025\/08\/27\/lula-escancara-campanha-antecipada-por-reeleicao-e-oposicao-critica-o-uso-da-maquina-de-governo\/","name":"Lula escancara campanha antecipada por reelei\u00e7\u00e3o e oposi\u00e7\u00e3o critica o uso da m\u00e1quina de governo - Jornal Fatos e Not\u00edcias","isPartOf":{"@id":"https:\/\/jornalfatosenoticias.com.br\/#website"},"primaryImageOfPage":{"@id":"https:\/\/jornalfatosenoticias.com.br\/index.php\/2025\/08\/27\/lula-escancara-campanha-antecipada-por-reeleicao-e-oposicao-critica-o-uso-da-maquina-de-governo\/#primaryimage"},"image":{"@id":"https:\/\/jornalfatosenoticias.com.br\/index.php\/2025\/08\/27\/lula-escancara-campanha-antecipada-por-reeleicao-e-oposicao-critica-o-uso-da-maquina-de-governo\/#primaryimage"},"thumbnailUrl":"https:\/\/jornalfatosenoticias.com.br\/wp-content\/uploads\/2025\/08\/molusco-campanha-antecipada_gettyimages.jpg","datePublished":"2025-08-27T13:36:28+00:00","dateModified":"2025-08-27T13:36:30+00:00","breadcrumb":{"@id":"https:\/\/jornalfatosenoticias.com.br\/index.php\/2025\/08\/27\/lula-escancara-campanha-antecipada-por-reeleicao-e-oposicao-critica-o-uso-da-maquina-de-governo\/#breadcrumb"},"inLanguage":"pt-BR","potentialAction":[{"@type":"ReadAction","target":["https:\/\/jornalfatosenoticias.com.br\/index.php\/2025\/08\/27\/lula-escancara-campanha-antecipada-por-reeleicao-e-oposicao-critica-o-uso-da-maquina-de-governo\/"]}]},{"@type":"ImageObject","inLanguage":"pt-BR","@id":"https:\/\/jornalfatosenoticias.com.br\/index.php\/2025\/08\/27\/lula-escancara-campanha-antecipada-por-reeleicao-e-oposicao-critica-o-uso-da-maquina-de-governo\/#primaryimage","url":"https:\/\/jornalfatosenoticias.com.br\/wp-content\/uploads\/2025\/08\/molusco-campanha-antecipada_gettyimages.jpg","contentUrl":"https:\/\/jornalfatosenoticias.com.br\/wp-content\/uploads\/2025\/08\/molusco-campanha-antecipada_gettyimages.jpg","width":612,"height":408,"caption":"BRASILIA, BRAZIL - AUGUST 25: President of Brazil, Lula Da Silva, welcomes President of Nigeria, Bola Tinubu, during an official visit to Brazil at Planalto Palace on August 25, 2025 in Brasilia, Brazil. (Photo by Ton Molina\/Getty Images)"},{"@type":"BreadcrumbList","@id":"https:\/\/jornalfatosenoticias.com.br\/index.php\/2025\/08\/27\/lula-escancara-campanha-antecipada-por-reeleicao-e-oposicao-critica-o-uso-da-maquina-de-governo\/#breadcrumb","itemListElement":[{"@type":"ListItem","position":1,"name":"In\u00edcio","item":"https:\/\/jornalfatosenoticias.com.br\/"},{"@type":"ListItem","position":2,"name":"Lula escancara campanha antecipada por reelei\u00e7\u00e3o e oposi\u00e7\u00e3o critica o uso da m\u00e1quina de governo"}]},{"@type":"WebSite","@id":"https:\/\/jornalfatosenoticias.com.br\/#website","url":"https:\/\/jornalfatosenoticias.com.br\/","name":"Jornal Fatos e Not\u00edcias","description":"Not\u00edcias em geral","publisher":{"@id":"https:\/\/jornalfatosenoticias.com.br\/#organization"},"potentialAction":[{"@type":"SearchAction","target":{"@type":"EntryPoint","urlTemplate":"https:\/\/jornalfatosenoticias.com.br\/?s={search_term_string}"},"query-input":{"@type":"PropertyValueSpecification","valueRequired":true,"valueName":"search_term_string"}}],"inLanguage":"pt-BR"},{"@type":"Organization","@id":"https:\/\/jornalfatosenoticias.com.br\/#organization","name":"Jornal Fatos e Not\u00edcias","url":"https:\/\/jornalfatosenoticias.com.br\/","logo":{"@type":"ImageObject","inLanguage":"pt-BR","@id":"https:\/\/jornalfatosenoticias.com.br\/#\/schema\/logo\/image\/","url":"https:\/\/jornalfatosenoticias.com.br\/wp-content\/uploads\/2020\/02\/logo120.png","contentUrl":"https:\/\/jornalfatosenoticias.com.br\/wp-content\/uploads\/2020\/02\/logo120.png","width":1227,"height":120,"caption":"Jornal Fatos e Not\u00edcias"},"image":{"@id":"https:\/\/jornalfatosenoticias.com.br\/#\/schema\/logo\/image\/"}},{"@type":"Person","@id":"https:\/\/jornalfatosenoticias.com.br\/#\/schema\/person\/d63837fa13ac8666eb9e74e0985d6f81","name":"Luzimara Fernandes","image":{"@type":"ImageObject","inLanguage":"pt-BR","@id":"https:\/\/jornalfatosenoticias.com.br\/#\/schema\/person\/image\/","url":"https:\/\/jornalfatosenoticias.com.br\/wp-content\/uploads\/2025\/05\/EU_portal.jpg","contentUrl":"https:\/\/jornalfatosenoticias.com.br\/wp-content\/uploads\/2025\/05\/EU_portal.jpg","caption":"Luzimara Fernandes"},"description":"Jornalista MTB 2358-ES","sameAs":["https:\/\/jornalfatosenoticias.com.br"],"url":"https:\/\/jornalfatosenoticias.com.br\/index.php\/author\/luzimara\/"}]}},"cc_featured_image_caption":{"caption_text":"(Foto: Getty Images) ","source_text":"","source_url":""},"jetpack_featured_media_url":"https:\/\/jornalfatosenoticias.com.br\/wp-content\/uploads\/2025\/08\/molusco-campanha-antecipada_gettyimages.jpg","_links":{"self":[{"href":"https:\/\/jornalfatosenoticias.com.br\/index.php\/wp-json\/wp\/v2\/posts\/61482","targetHints":{"allow":["GET"]}}],"collection":[{"href":"https:\/\/jornalfatosenoticias.com.br\/index.php\/wp-json\/wp\/v2\/posts"}],"about":[{"href":"https:\/\/jornalfatosenoticias.com.br\/index.php\/wp-json\/wp\/v2\/types\/post"}],"author":[{"embeddable":true,"href":"https:\/\/jornalfatosenoticias.com.br\/index.php\/wp-json\/wp\/v2\/users\/2"}],"replies":[{"embeddable":true,"href":"https:\/\/jornalfatosenoticias.com.br\/index.php\/wp-json\/wp\/v2\/comments?post=61482"}],"version-history":[{"count":0,"href":"https:\/\/jornalfatosenoticias.com.br\/index.php\/wp-json\/wp\/v2\/posts\/61482\/revisions"}],"wp:featuredmedia":[{"embeddable":true,"href":"https:\/\/jornalfatosenoticias.com.br\/index.php\/wp-json\/wp\/v2\/media\/61483"}],"wp:attachment":[{"href":"https:\/\/jornalfatosenoticias.com.br\/index.php\/wp-json\/wp\/v2\/media?parent=61482"}],"wp:term":[{"taxonomy":"category","embeddable":true,"href":"https:\/\/jornalfatosenoticias.com.br\/index.php\/wp-json\/wp\/v2\/categories?post=61482"},{"taxonomy":"post_tag","embeddable":true,"href":"https:\/\/jornalfatosenoticias.com.br\/index.php\/wp-json\/wp\/v2\/tags?post=61482"}],"curies":[{"name":"wp","href":"https:\/\/api.w.org\/{rel}","templated":true}]}}