{"id":61488,"date":"2025-08-28T20:39:45","date_gmt":"2025-08-28T23:39:45","guid":{"rendered":"https:\/\/jornalfatosenoticias.com.br\/?p=61488"},"modified":"2025-08-28T20:39:46","modified_gmt":"2025-08-28T23:39:46","slug":"a-semana-no-brasil-e-no-mundo-governo-mobiliza-base-para-blindar-lula-na-cpmi-do-inss","status":"publish","type":"post","link":"https:\/\/jornalfatosenoticias.com.br\/index.php\/2025\/08\/28\/a-semana-no-brasil-e-no-mundo-governo-mobiliza-base-para-blindar-lula-na-cpmi-do-inss\/","title":{"rendered":"A Semana no Brasil e no Mundo \u2014 Governo mobiliza base para blindar Lula na CPMI do INSS"},"content":{"rendered":"\n<div class=\"wp-block-image\"><figure class=\"aligncenter size-large is-resized\"><a href=\"https:\/\/www.facebook.com\/vetor.vix\/\"><img loading=\"lazy\" decoding=\"async\" src=\"https:\/\/jornalfatosenoticias.com.br\/wp-content\/uploads\/2023\/09\/vetorvix1024_1.jpg\" alt=\"\" class=\"wp-image-44868\" width=\"528\" height=\"140\" srcset=\"https:\/\/jornalfatosenoticias.com.br\/wp-content\/uploads\/2023\/09\/vetorvix1024_1.jpg 1024w, https:\/\/jornalfatosenoticias.com.br\/wp-content\/uploads\/2023\/09\/vetorvix1024_1-300x80.jpg 300w, https:\/\/jornalfatosenoticias.com.br\/wp-content\/uploads\/2023\/09\/vetorvix1024_1-768x205.jpg 768w\" sizes=\"auto, (max-width: 528px) 100vw, 528px\" \/><\/a><\/figure><\/div>\n\n\n\n<p>A ministra das Rela\u00e7\u00f5es Institucionais, Gleisi Hoffmann, convocou uma reuni\u00e3o de emerg\u00eancia para alinhar a estrat\u00e9gia do governo na Comiss\u00e3o Parlamentar Mista de Inqu\u00e9rito (CPMI) do INSS. O objetivo \u00e9 claro: blindar Luiz In\u00e1cio Lula da Silva (PT) de desgastes pol\u00edticos que possam surgir das investiga\u00e7\u00f5es sobre fraudes em aposentadorias e pens\u00f5es.<br>Segundo relatos, os parlamentares da base ser\u00e3o orientados a n\u00e3o faltar \u00e0s sess\u00f5es e a adiar viagens oficiais e procedimentos m\u00e9dicos eletivos durante o funcionamento da CPMI. A preocupa\u00e7\u00e3o \u00e9 evitar novas aus\u00eancias que fragilizem a posi\u00e7\u00e3o do Planalto em vota\u00e7\u00f5es decisivas, especialmente na an\u00e1lise de requerimentos de convoca\u00e7\u00e3o.<\/p>\n\n\n\n<div class=\"wp-block-image\"><figure class=\"aligncenter size-large is-resized\"><a href=\"https:\/\/www.instagram.com\/esteio.churrascaria\/\"><img loading=\"lazy\" decoding=\"async\" src=\"https:\/\/jornalfatosenoticias.com.br\/wp-content\/uploads\/2022\/02\/LOGO-ESTEIO-1024x730.png\" alt=\"\" class=\"wp-image-27942\" width=\"322\" height=\"229\" srcset=\"https:\/\/jornalfatosenoticias.com.br\/wp-content\/uploads\/2022\/02\/LOGO-ESTEIO-1024x730.png 1024w, https:\/\/jornalfatosenoticias.com.br\/wp-content\/uploads\/2022\/02\/LOGO-ESTEIO-300x214.png 300w, https:\/\/jornalfatosenoticias.com.br\/wp-content\/uploads\/2022\/02\/LOGO-ESTEIO-768x548.png 768w, https:\/\/jornalfatosenoticias.com.br\/wp-content\/uploads\/2022\/02\/LOGO-ESTEIO.png 1123w\" sizes=\"auto, (max-width: 322px) 100vw, 322px\" \/><\/a><\/figure><\/div>\n\n\n\n<p>A rea\u00e7\u00e3o vem ap\u00f3s a derrota sofrida na semana passada, quando a oposi\u00e7\u00e3o conseguiu emplacar o senador Carlos Viana (Podemos-MG) na presid\u00eancia da comiss\u00e3o e o deputado Alfredo Gaspar (Uni\u00e3o-AL) na relatoria. O epis\u00f3dio, marcado pela aus\u00eancia de parte da base governista, foi considerado um \u201capag\u00e3o de articula\u00e7\u00e3o\u201d e exp\u00f4s a vulnerabilidade do governo no Congresso.<\/p>\n\n\n\n<div class=\"wp-block-image\"><figure class=\"aligncenter size-large is-resized\"><a href=\"https:\/\/www.instagram.com\/rcradiadores\/\"><img loading=\"lazy\" decoding=\"async\" src=\"https:\/\/jornalfatosenoticias.com.br\/wp-content\/uploads\/2022\/10\/RC_800x750_page-0001.jpg\" alt=\"\" class=\"wp-image-35338\" width=\"283\" height=\"265\" srcset=\"https:\/\/jornalfatosenoticias.com.br\/wp-content\/uploads\/2022\/10\/RC_800x750_page-0001.jpg 400w, https:\/\/jornalfatosenoticias.com.br\/wp-content\/uploads\/2022\/10\/RC_800x750_page-0001-300x281.jpg 300w\" sizes=\"auto, (max-width: 283px) 100vw, 283px\" \/><\/a><\/figure><\/div>\n\n\n\n<p>O l\u00edder do governo, Randolfe Rodrigues (PT-AP), admitiu falha e assumiu a responsabilidade. \u201cO time entrou com salto alto, subestimou o advers\u00e1rio, e o advers\u00e1rio exerceu maioria. A culpa foi minha\u201d. No Planalto, a principal preocupa\u00e7\u00e3o \u00e9 que a CPMI, com prazo de funcionamento de at\u00e9 seis meses, gere desgaste direto para Lula, atingindo sua popularidade. Um dos primeiros nomes cotados para depor \u00e9 o do ex-ministro da Previd\u00eancia, Carlos Lupi, que ocupava o cargo quando as fraudes explodiram. <strong>(Fonte: Hora Bras\u00edlia)<\/strong><\/p>\n\n\n\n<div class=\"wp-block-image\"><figure class=\"aligncenter size-large\"><a href=\"https:\/\/mizu.com.br\/\"><img loading=\"lazy\" decoding=\"async\" width=\"729\" height=\"90\" src=\"https:\/\/jornalfatosenoticias.com.br\/wp-content\/uploads\/2020\/02\/Logo_Mizu.png\" alt=\"\" class=\"wp-image-1441\" srcset=\"https:\/\/jornalfatosenoticias.com.br\/wp-content\/uploads\/2020\/02\/Logo_Mizu.png 729w, https:\/\/jornalfatosenoticias.com.br\/wp-content\/uploads\/2020\/02\/Logo_Mizu-300x37.png 300w\" sizes=\"auto, (max-width: 729px) 100vw, 729px\" \/><\/a><\/figure><\/div>\n\n\n\n<hr class=\"wp-block-separator\"\/>\n\n\n\n<h3 class=\"wp-block-heading\"><span class=\"has-inline-color has-black-color\">Conselho com 81 gigantes da tecnologia envia carta a Trump contra STF e governo Lula<\/span><\/h3>\n\n\n\n<div class=\"wp-block-image\"><figure class=\"aligncenter size-large\"><img loading=\"lazy\" decoding=\"async\" width=\"612\" height=\"408\" src=\"https:\/\/jornalfatosenoticias.com.br\/wp-content\/uploads\/2025\/08\/trump-gigantes-da-tecnologia_gettyimages.jpg\" alt=\"\" class=\"wp-image-61493\" srcset=\"https:\/\/jornalfatosenoticias.com.br\/wp-content\/uploads\/2025\/08\/trump-gigantes-da-tecnologia_gettyimages.jpg 612w, https:\/\/jornalfatosenoticias.com.br\/wp-content\/uploads\/2025\/08\/trump-gigantes-da-tecnologia_gettyimages-300x200.jpg 300w\" sizes=\"auto, (max-width: 612px) 100vw, 612px\" \/><figcaption><em><span class=\"has-inline-color has-black-color\">(Foto: Getty Images)<\/span><\/em><\/figcaption><\/figure><\/div>\n\n\n\n<p><span class=\"has-inline-color has-black-color\">Por <strong>Raul Holderf Nascimento<\/strong><br><\/span>Empresas norte-americanas ligadas ao setor de tecnologia apresentaram ao governo Donald Trump um dossi\u00ea com cr\u00edticas \u00e0s medidas adotadas no Brasil sob a gest\u00e3o do governo de Luiz In\u00e1cio Lula da Silva (PT) em rela\u00e7\u00e3o \u00e0 regula\u00e7\u00e3o da internet, intelig\u00eancia artificial e tributa\u00e7\u00e3o de plataformas digitais. O documento foi elaborado pelo Conselho da Ind\u00fastria da Tecnologia da Informa\u00e7\u00e3o (ITI), que re\u00fane 81 companhias, incluindo gigantes como Accenture, Adobe, AMD, Akamai, Amazon, Apple, Autodesk, Canon, Cisco, Dell, Dropbox, eBay, Equinix, Ericsson, Fujitsu, Google, HP, IBM, Intel, Lenovo, Mastercard, Meta, Microsoft, Oracle, Qualcomm, Salesforce, Samsung, SAP, Visa e outras importantes companhias globais.<\/p>\n\n\n\n<div class=\"wp-block-image\"><figure class=\"aligncenter size-large is-resized\"><a href=\"https:\/\/panper.com.br\/\"><img loading=\"lazy\" decoding=\"async\" src=\"https:\/\/jornalfatosenoticias.com.br\/wp-content\/uploads\/2023\/03\/logo-Panper_portal.jpg\" alt=\"\" class=\"wp-image-40208\" width=\"297\" height=\"206\" srcset=\"https:\/\/jornalfatosenoticias.com.br\/wp-content\/uploads\/2023\/03\/logo-Panper_portal.jpg 400w, https:\/\/jornalfatosenoticias.com.br\/wp-content\/uploads\/2023\/03\/logo-Panper_portal-300x208.jpg 300w\" sizes=\"auto, (max-width: 297px) 100vw, 297px\" \/><\/a><\/figure><\/div>\n\n\n\n<p>O texto, enviado ao Escrit\u00f3rio do Representante Comercial dos Estados Unidos (USTR), insere-se no processo de investiga\u00e7\u00e3o sobre pr\u00e1ticas comerciais brasileiras conduzido pela gest\u00e3o Trump. As cr\u00edticas miram decis\u00f5es recentes do Supremo Tribunal Federal (STF), normas definidas pela Ag\u00eancia Nacional de Telecomunica\u00e7\u00f5es (Anatel) e declara\u00e7\u00f5es de Lula sobre a inten\u00e7\u00e3o de taxar as big techs.<\/p>\n\n\n\n<div class=\"wp-block-image\"><figure class=\"aligncenter size-large is-resized\"><a href=\"https:\/\/www.instagram.com\/restaurantepegoretti\/\"><img loading=\"lazy\" decoding=\"async\" src=\"https:\/\/jornalfatosenoticias.com.br\/wp-content\/uploads\/2023\/12\/pegoretti-logo-pdf-1024x389.jpg\" alt=\"\" class=\"wp-image-47536\" width=\"509\" height=\"193\" srcset=\"https:\/\/jornalfatosenoticias.com.br\/wp-content\/uploads\/2023\/12\/pegoretti-logo-pdf-1024x389.jpg 1024w, https:\/\/jornalfatosenoticias.com.br\/wp-content\/uploads\/2023\/12\/pegoretti-logo-pdf-300x114.jpg 300w, https:\/\/jornalfatosenoticias.com.br\/wp-content\/uploads\/2023\/12\/pegoretti-logo-pdf-768x291.jpg 768w, https:\/\/jornalfatosenoticias.com.br\/wp-content\/uploads\/2023\/12\/pegoretti-logo-pdf.jpg 1120w\" sizes=\"auto, (max-width: 509px) 100vw, 509px\" \/><\/a><\/figure><\/div>\n\n\n\n<p>Um dos principais pontos de atrito \u00e9 a mudan\u00e7a de entendimento em torno do artigo 19 do Marco Civil da Internet. Em junho, o STF decidiu que plataformas digitais podem ser responsabilizadas por conte\u00fados de terceiros caso n\u00e3o atendam a solicita\u00e7\u00f5es de remo\u00e7\u00e3o mesmo que feitas fora da esfera judicial. Para a ITI, a decis\u00e3o elimina o \u201cporto seguro\u201d que protegia as empresas de a\u00e7\u00f5es judiciais sem ordem formal, aumentando custos e incentivando remo\u00e7\u00f5es preventivas de conte\u00fado, o que, na vis\u00e3o do grupo, pode gerar censura e silenciar discursos pol\u00edticos.<\/p>\n\n\n\n<div class=\"wp-block-image\"><figure class=\"aligncenter size-large is-resized\"><a href=\"https:\/\/www.controlsystems.com.br\/\"><img loading=\"lazy\" decoding=\"async\" src=\"https:\/\/jornalfatosenoticias.com.br\/wp-content\/uploads\/2020\/02\/CONTROL-CS.jpg\" alt=\"\" class=\"wp-image-44991\" width=\"268\" height=\"321\" srcset=\"https:\/\/jornalfatosenoticias.com.br\/wp-content\/uploads\/2020\/02\/CONTROL-CS.jpg 834w, https:\/\/jornalfatosenoticias.com.br\/wp-content\/uploads\/2020\/02\/CONTROL-CS-250x300.jpg 250w, https:\/\/jornalfatosenoticias.com.br\/wp-content\/uploads\/2020\/02\/CONTROL-CS-768x921.jpg 768w\" sizes=\"auto, (max-width: 268px) 100vw, 268px\" \/><\/a><\/figure><\/div>\n\n\n\n<p>No documento, a ITI afirma que o governo dos Estados Unidos deve \u201cpermanecer vigilante\u201d contra medidas que visem empresas americanas e refor\u00e7a a necessidade de di\u00e1logo direto entre Washington e Bras\u00edlia para evitar retrocessos no ambiente regulat\u00f3rio. O grupo lembrou ainda que o Brasil \u00e9 um dos maiores mercados para as exporta\u00e7\u00f5es de tecnologia dos EUA, com super\u00e1vit de quase US$ 5 bilh\u00f5es em 2023. <strong>(Fonte: Conex\u00e3o Pol\u00edtica)<\/strong><\/p>\n\n\n\n<div class=\"wp-block-image\"><figure class=\"aligncenter size-large is-resized\"><a href=\"https:\/\/legisjuris.com.br\/\"><img loading=\"lazy\" decoding=\"async\" src=\"https:\/\/jornalfatosenoticias.com.br\/wp-content\/uploads\/2024\/09\/Legis-Juris-Consultoria_logo.jpg\" alt=\"\" class=\"wp-image-53915\" width=\"508\" height=\"213\" srcset=\"https:\/\/jornalfatosenoticias.com.br\/wp-content\/uploads\/2024\/09\/Legis-Juris-Consultoria_logo.jpg 969w, https:\/\/jornalfatosenoticias.com.br\/wp-content\/uploads\/2024\/09\/Legis-Juris-Consultoria_logo-300x126.jpg 300w, https:\/\/jornalfatosenoticias.com.br\/wp-content\/uploads\/2024\/09\/Legis-Juris-Consultoria_logo-768x322.jpg 768w\" sizes=\"auto, (max-width: 508px) 100vw, 508px\" \/><\/a><\/figure><\/div>\n\n\n\n<hr class=\"wp-block-separator\"\/>\n\n\n\n<h3 class=\"wp-block-heading\"><span class=\"has-inline-color has-black-color\">Moraes estuda enviar Bolsonaro para cumprir pena no Complexo da Papuda ap\u00f3s julgamento no STF<\/span><\/h3>\n\n\n\n<div class=\"wp-block-image\"><figure class=\"aligncenter size-large\"><img loading=\"lazy\" decoding=\"async\" width=\"612\" height=\"420\" src=\"https:\/\/jornalfatosenoticias.com.br\/wp-content\/uploads\/2025\/08\/xandoca-prisao-bolsonaro_gettyimages.jpg\" alt=\"\" class=\"wp-image-61492\" srcset=\"https:\/\/jornalfatosenoticias.com.br\/wp-content\/uploads\/2025\/08\/xandoca-prisao-bolsonaro_gettyimages.jpg 612w, https:\/\/jornalfatosenoticias.com.br\/wp-content\/uploads\/2025\/08\/xandoca-prisao-bolsonaro_gettyimages-300x206.jpg 300w\" sizes=\"auto, (max-width: 612px) 100vw, 612px\" \/><figcaption><em><span class=\"has-inline-color has-black-color\">(Foto: Getty Images)<\/span><\/em><\/figcaption><\/figure><\/div>\n\n\n\n<p>O ministro Alexandre de Moraes, do Supremo Tribunal Federal (STF), planeja que o ex-presidente Jair Bolsonaro (PL) cumpra pena no Complexo Penitenci\u00e1rio da Papuda, em Bras\u00edlia, caso seja condenado no julgamento da a\u00e7\u00e3o penal do golpe. A an\u00e1lise do processo est\u00e1 marcada para come\u00e7ar na pr\u00f3xima ter\u00e7a-feira (2\/9) e deve se estender at\u00e9 12 de setembro, na Primeira Turma do STF.<\/p>\n\n\n\n<div class=\"wp-block-image\"><figure class=\"aligncenter size-large\"><a href=\"http:\/\/www.ferrarimaquinas.com.br\/\"><img loading=\"lazy\" decoding=\"async\" width=\"300\" height=\"250\" src=\"https:\/\/jornalfatosenoticias.com.br\/wp-content\/uploads\/2022\/02\/FERRARI_MAQUINAS-E-FERRAMENTAS2.jpg\" alt=\"\" class=\"wp-image-27860\"\/><\/a><\/figure><\/div>\n\n\n\n<p>Nos bastidores, chegou a ser cogitada a possibilidade de Bolsonaro cumprir a pena em uma unidade militar \u2014 j\u00e1 que \u00e9 oficial da reserva do Ex\u00e9rcito \u2014 ou em uma sala da Pol\u00edcia Federal em Bras\u00edlia. Fontes pr\u00f3ximas ao Judici\u00e1rio, por\u00e9m, afirmam que Moraes indicou a inten\u00e7\u00e3o de fixar a Papuda como destino inicial, em cela especial.<\/p>\n\n\n\n<div class=\"wp-block-image\"><figure class=\"aligncenter size-large is-resized\"><a href=\"https:\/\/www.instagram.com\/gruposei\/\"><img loading=\"lazy\" decoding=\"async\" src=\"https:\/\/jornalfatosenoticias.com.br\/wp-content\/uploads\/2022\/07\/Logo-Grupo-SEI.jpg\" alt=\"\" class=\"wp-image-31973\" width=\"351\" height=\"184\" srcset=\"https:\/\/jornalfatosenoticias.com.br\/wp-content\/uploads\/2022\/07\/Logo-Grupo-SEI.jpg 713w, https:\/\/jornalfatosenoticias.com.br\/wp-content\/uploads\/2022\/07\/Logo-Grupo-SEI-300x158.jpg 300w\" sizes=\"auto, (max-width: 351px) 100vw, 351px\" \/><\/a><\/figure><\/div>\n\n\n\n<p>A sala preparada pela PF, segundo integrantes da corpora\u00e7\u00e3o, serviria apenas em caso de pris\u00e3o preventiva decretada antes do julgamento. O C\u00f3digo de Processo Penal prev\u00ea que autoridades s\u00f3 podem ser mantidas em unidades especiais em situa\u00e7\u00f5es de pris\u00e3o cautelar. De acordo com interlocutores de Moraes, outros r\u00e9us condenados na mesma a\u00e7\u00e3o tamb\u00e9m devem ser transferidos para a Papuda, criando uma ala espec\u00edfica para os envolvidos na tentativa de golpe.<\/p>\n\n\n\n<div class=\"wp-block-image\"><figure class=\"aligncenter size-large is-resized\"><a href=\"https:\/\/www.instagram.com\/serra4x4cambioautomatico\/\"><img loading=\"lazy\" decoding=\"async\" src=\"https:\/\/jornalfatosenoticias.com.br\/wp-content\/uploads\/2024\/08\/Serra-4x4-1-886x1024.jpg\" alt=\"\" class=\"wp-image-53632\" width=\"284\" height=\"327\" srcset=\"https:\/\/jornalfatosenoticias.com.br\/wp-content\/uploads\/2024\/08\/Serra-4x4-1-886x1024.jpg 886w, https:\/\/jornalfatosenoticias.com.br\/wp-content\/uploads\/2024\/08\/Serra-4x4-1-260x300.jpg 260w, https:\/\/jornalfatosenoticias.com.br\/wp-content\/uploads\/2024\/08\/Serra-4x4-1-768x888.jpg 768w, https:\/\/jornalfatosenoticias.com.br\/wp-content\/uploads\/2024\/08\/Serra-4x4-1.jpg 1181w\" sizes=\"auto, (max-width: 284px) 100vw, 284px\" \/><\/a><\/figure><\/div>\n\n\n\n<p>Desde 4 de agosto, Bolsonaro cumpre pris\u00e3o domiciliar por decis\u00e3o de Moraes, medida que n\u00e3o foi formalmente classificada como preventiva, mas que tem funcionado, na pr\u00e1tica, como tal. Fontes pr\u00f3ximas ao ministro afirmam que apenas um grave problema de sa\u00fade poderia evitar a transfer\u00eancia do ex-presidente ao pres\u00eddio, caso seja condenado. <strong>(Fonte: Hora Bras\u00edlia)<\/strong><\/p>\n\n\n\n<div class=\"wp-block-image\"><figure class=\"aligncenter size-large is-resized\"><a href=\"https:\/\/www.facebook.com\/profile.php?id=100069289606145\"><img loading=\"lazy\" decoding=\"async\" src=\"https:\/\/jornalfatosenoticias.com.br\/wp-content\/uploads\/2024\/11\/Guaitolini-Contabilidade-1024x714.jpeg\" alt=\"\" class=\"wp-image-55808\" width=\"286\" height=\"199\" srcset=\"https:\/\/jornalfatosenoticias.com.br\/wp-content\/uploads\/2024\/11\/Guaitolini-Contabilidade-1024x714.jpeg 1024w, https:\/\/jornalfatosenoticias.com.br\/wp-content\/uploads\/2024\/11\/Guaitolini-Contabilidade-300x209.jpeg 300w, https:\/\/jornalfatosenoticias.com.br\/wp-content\/uploads\/2024\/11\/Guaitolini-Contabilidade-768x535.jpeg 768w, https:\/\/jornalfatosenoticias.com.br\/wp-content\/uploads\/2024\/11\/Guaitolini-Contabilidade.jpeg 1280w\" sizes=\"auto, (max-width: 286px) 100vw, 286px\" \/><\/a><\/figure><\/div>\n\n\n\n<hr class=\"wp-block-separator\"\/>\n\n\n\n<h3 class=\"wp-block-heading\"><span class=\"has-inline-color has-black-color\">Venezuela inicia patrulhamento com navios e drones no Caribe<\/span><\/h3>\n\n\n\n<div class=\"wp-block-image\"><figure class=\"aligncenter size-large\"><img loading=\"lazy\" decoding=\"async\" width=\"675\" height=\"450\" src=\"https:\/\/jornalfatosenoticias.com.br\/wp-content\/uploads\/2025\/08\/milicia-do-fruta-podre.jpg\" alt=\"\" class=\"wp-image-61491\" srcset=\"https:\/\/jornalfatosenoticias.com.br\/wp-content\/uploads\/2025\/08\/milicia-do-fruta-podre.jpg 675w, https:\/\/jornalfatosenoticias.com.br\/wp-content\/uploads\/2025\/08\/milicia-do-fruta-podre-300x200.jpg 300w\" sizes=\"auto, (max-width: 675px) 100vw, 675px\" \/><figcaption><em><span class=\"has-inline-color has-black-color\">(Foto: Reprodu\u00e7\u00e3o\/Pal\u00e1cio de Miraflores)<\/span><\/em><\/figcaption><\/figure><\/div>\n\n\n\n<p>O regime de Nicol\u00e1s Maduro ordenou a mobiliza\u00e7\u00e3o de navios e drones para refor\u00e7ar a costa da Venezuela, na ter\u00e7a-feira (26). Em uma publica\u00e7\u00e3o nas redes sociais, o ministro de Defesa da Venezuela, Vladimir Padrino L\u00f3pez, refor\u00e7ou que 15 mil soldados foram deslocados na opera\u00e7\u00e3o militar chamada de &#8220;Rel\u00e2mpago do Catatumbo&#8221;, que combate grupos armados na fronteira com a Col\u00f4mbia.<\/p>\n\n\n\n<div class=\"wp-block-image\"><figure class=\"aligncenter size-large\"><a href=\"https:\/\/www.cesconetto.com.br\/\"><img loading=\"lazy\" decoding=\"async\" width=\"300\" height=\"250\" src=\"https:\/\/jornalfatosenoticias.com.br\/wp-content\/uploads\/2022\/02\/Banner-2.png\" alt=\"\" class=\"wp-image-27877\"\/><\/a><\/figure><\/div>\n\n\n\n<p>A justificativa oficial dada pelas autoridades do chavismo \u00e9 o combate ao narcotr\u00e1fico. A mobiliza\u00e7\u00e3o acontecer\u00e1 nos estados venezuelanos de Zulia e T\u00e1chira, que fazem fronteira com o territ\u00f3rio colombiano, no que foi chamado de &#8220;Zona de Paz n.\u00ba 1&#8221;. Segundo o ministro, a opera\u00e7\u00e3o contar\u00e1 com drones, patrulhas navais, helic\u00f3pteros al\u00e9m de uma estrutura de intelig\u00eancia para coordenar os esfor\u00e7os. Padrino disse que o refor\u00e7o militar deve cobrir 815 km dos 2.219 km de fronteira com a Col\u00f4mbia.<\/p>\n\n\n\n<div class=\"wp-block-image\"><figure class=\"aligncenter size-large is-resized\"><a href=\"https:\/\/hotelmarquetti.com.br\/\"><img loading=\"lazy\" decoding=\"async\" src=\"https:\/\/jornalfatosenoticias.com.br\/wp-content\/uploads\/2020\/02\/LOGO-MQ-1024x680.jpg\" alt=\"\" class=\"wp-image-58299\" width=\"342\" height=\"227\" srcset=\"https:\/\/jornalfatosenoticias.com.br\/wp-content\/uploads\/2020\/02\/LOGO-MQ-1024x680.jpg 1024w, https:\/\/jornalfatosenoticias.com.br\/wp-content\/uploads\/2020\/02\/LOGO-MQ-300x199.jpg 300w, https:\/\/jornalfatosenoticias.com.br\/wp-content\/uploads\/2020\/02\/LOGO-MQ-768x510.jpg 768w, https:\/\/jornalfatosenoticias.com.br\/wp-content\/uploads\/2020\/02\/LOGO-MQ-1536x1020.jpg 1536w, https:\/\/jornalfatosenoticias.com.br\/wp-content\/uploads\/2020\/02\/LOGO-MQ-2048x1360.jpg 2048w\" sizes=\"auto, (max-width: 342px) 100vw, 342px\" \/><\/a><\/figure><\/div>\n\n\n\n<p>Em coletiva de imprensa, o ministro do Interior, Justi\u00e7a e Paz, Diosdado Cabello, destacou que essa a\u00e7\u00e3o incluir\u00e1 tropas a\u00e9reas, deslocamento fluvial e drones para a prote\u00e7\u00e3o da fronteira venezuelana. &#8220;Pedimos ao governo colombiano que fa\u00e7a a sua parte para garantir a paz e expulsar qualquer um que tente se estabelecer na \u00e1rea de fronteira para cometer crimes&#8221;, afirmou.<\/p>\n\n\n\n<div class=\"wp-block-image\"><figure class=\"aligncenter size-large is-resized\"><a href=\"https:\/\/www.ithbrasil.com.br\/\"><img loading=\"lazy\" decoding=\"async\" src=\"https:\/\/jornalfatosenoticias.com.br\/wp-content\/uploads\/2023\/08\/ITH.jpeg\" alt=\"\" class=\"wp-image-44638\" width=\"317\" height=\"258\" srcset=\"https:\/\/jornalfatosenoticias.com.br\/wp-content\/uploads\/2023\/08\/ITH.jpeg 800w, https:\/\/jornalfatosenoticias.com.br\/wp-content\/uploads\/2023\/08\/ITH-300x244.jpeg 300w, https:\/\/jornalfatosenoticias.com.br\/wp-content\/uploads\/2023\/08\/ITH-768x624.jpeg 768w\" sizes=\"auto, (max-width: 317px) 100vw, 317px\" \/><\/a><\/figure><\/div>\n\n\n\n<p>O refor\u00e7o no patrulhamento da Venezuela acontece em um contexto de crescente viol\u00eancia na Col\u00f4mbia. Especialmente a regi\u00e3o de Catatumbo, ao nordeste do pa\u00eds, abriga uma \u00e1rea com diversas planta\u00e7\u00f5es de coca\u00edna e registro de tr\u00e1fico de drogas. O temor de Maduro \u00e9 que narcotraficantes possam evadir a fronteira e se refugiar na Venezuela. <strong>(Fonte: CNN Brasil)<\/strong><\/p>\n\n\n\n<div class=\"wp-block-image\"><figure class=\"aligncenter size-large is-resized\"><a href=\"https:\/\/www.facebook.com\/vetor.vix\/\"><img loading=\"lazy\" decoding=\"async\" src=\"https:\/\/jornalfatosenoticias.com.br\/wp-content\/uploads\/2023\/09\/vetorvix1024_1.jpg\" alt=\"\" class=\"wp-image-44868\" width=\"539\" height=\"143\" srcset=\"https:\/\/jornalfatosenoticias.com.br\/wp-content\/uploads\/2023\/09\/vetorvix1024_1.jpg 1024w, https:\/\/jornalfatosenoticias.com.br\/wp-content\/uploads\/2023\/09\/vetorvix1024_1-300x80.jpg 300w, https:\/\/jornalfatosenoticias.com.br\/wp-content\/uploads\/2023\/09\/vetorvix1024_1-768x205.jpg 768w\" sizes=\"auto, (max-width: 539px) 100vw, 539px\" \/><\/a><\/figure><\/div>\n\n\n\n<hr class=\"wp-block-separator\"\/>\n\n\n\n<h3 class=\"wp-block-heading\"><span class=\"has-inline-color has-black-color\">Est\u00e1 ruim e vai piorar: inadimpl\u00eancia recorde ganha refor\u00e7o com tarifa\u00e7o dos EUA<\/span><\/h3>\n\n\n\n<div class=\"wp-block-image\"><figure class=\"aligncenter size-large\"><img loading=\"lazy\" decoding=\"async\" width=\"1000\" height=\"564\" src=\"https:\/\/jornalfatosenoticias.com.br\/wp-content\/uploads\/2025\/08\/inadimplencia_Pixabay.jpg\" alt=\"\" class=\"wp-image-61490\" srcset=\"https:\/\/jornalfatosenoticias.com.br\/wp-content\/uploads\/2025\/08\/inadimplencia_Pixabay.jpg 1000w, https:\/\/jornalfatosenoticias.com.br\/wp-content\/uploads\/2025\/08\/inadimplencia_Pixabay-300x169.jpg 300w, https:\/\/jornalfatosenoticias.com.br\/wp-content\/uploads\/2025\/08\/inadimplencia_Pixabay-768x433.jpg 768w\" sizes=\"auto, (max-width: 1000px) 100vw, 1000px\" \/><figcaption><em><span class=\"has-inline-color has-black-color\">(Foto: Pixabay)<\/span><\/em><\/figcaption><\/figure><\/div>\n\n\n\n<p><span class=\"has-inline-color has-black-color\">Por <strong>Vandr\u00e9 Kramer<\/strong><br><\/span>A combina\u00e7\u00e3o entre juros elevados dom\u00e9sticos e as tarifas impostas pelo governo americano est\u00e1 criando uma tempestade perfeita para os empreendimentos brasileiros, com a inadimpl\u00eancia atingindo n\u00edveis hist\u00f3ricos. As empresas brasileiras enfrentam a pior crise de liquidez dos \u00faltimos oito anos. As d\u00edvidas n\u00e3o quitadas do setor corporativo atingiram R$ 182,4 bilh\u00f5es em maio de 2025, o maior valor registrado pela Serasa Experian desde 2016.<\/p>\n\n\n\n<div class=\"wp-block-image\"><figure class=\"aligncenter size-large is-resized\"><a href=\"https:\/\/www.facebook.com\/postobkr\/?locale=pt_BR\"><img loading=\"lazy\" decoding=\"async\" src=\"https:\/\/jornalfatosenoticias.com.br\/wp-content\/uploads\/2023\/08\/BKR-1024x1021.jpg\" alt=\"\" class=\"wp-image-44494\" width=\"307\" height=\"306\" srcset=\"https:\/\/jornalfatosenoticias.com.br\/wp-content\/uploads\/2023\/08\/BKR-1024x1021.jpg 1024w, https:\/\/jornalfatosenoticias.com.br\/wp-content\/uploads\/2023\/08\/BKR-300x300.jpg 300w, https:\/\/jornalfatosenoticias.com.br\/wp-content\/uploads\/2023\/08\/BKR-150x150.jpg 150w, https:\/\/jornalfatosenoticias.com.br\/wp-content\/uploads\/2023\/08\/BKR-768x766.jpg 768w, https:\/\/jornalfatosenoticias.com.br\/wp-content\/uploads\/2023\/08\/BKR.jpg 1080w\" sizes=\"auto, (max-width: 307px) 100vw, 307px\" \/><\/a><\/figure><\/div>\n\n\n\n<p>S\u00e3o 7,7 milh\u00f5es de empresas \u2014 praticamente um ter\u00e7o dos CNPJs ativos \u2014 com contas em atraso h\u00e1 mais de 90 dias, marcando o quinto m\u00eas consecutivo de recordes. Cada empresa acumula, em m\u00e9dia, 7,3 contas em atraso. A raiz do problema est\u00e1 nas altas taxas de juro. A taxa Selic em 15% ao ano \u2014 com expectativa de manuten\u00e7\u00e3o desse patamar at\u00e9 o fim de 2025 e queda apenas gradual a partir de 2026 \u2014 transformou o cr\u00e9dito em artigo de dif\u00edcil acesso para a maioria das empresas brasileiras.<\/p>\n\n\n\n<div class=\"wp-block-image\"><figure class=\"aligncenter size-large is-resized\"><a href=\"https:\/\/panper.com.br\/\"><img loading=\"lazy\" decoding=\"async\" src=\"https:\/\/jornalfatosenoticias.com.br\/wp-content\/uploads\/2023\/03\/logo-Panper_portal.jpg\" alt=\"\" class=\"wp-image-40208\" width=\"360\" height=\"249\" srcset=\"https:\/\/jornalfatosenoticias.com.br\/wp-content\/uploads\/2023\/03\/logo-Panper_portal.jpg 400w, https:\/\/jornalfatosenoticias.com.br\/wp-content\/uploads\/2023\/03\/logo-Panper_portal-300x208.jpg 300w\" sizes=\"auto, (max-width: 360px) 100vw, 360px\" \/><\/a><\/figure><\/div>\n\n\n\n<p>Os resultados trimestrais dos principais bancos j\u00e1 mostram sinais de modera\u00e7\u00e3o na concess\u00e3o de cr\u00e9dito. Segundo a Federa\u00e7\u00e3o Brasileira de Bancos (Febraban), o ritmo de crescimento da carteira de cr\u00e9dito vem desacelerando, especialmente entre as fam\u00edlias. O ritmo de expans\u00e3o anual caiu de 11,9%, em junho, para 11,3%, em julho.<\/p>\n\n\n\n<div class=\"wp-block-image\"><figure class=\"aligncenter size-large is-resized\"><a href=\"https:\/\/www.instagram.com\/rcradiadores\/\"><img loading=\"lazy\" decoding=\"async\" src=\"https:\/\/jornalfatosenoticias.com.br\/wp-content\/uploads\/2022\/10\/RC_800x750_page-0001.jpg\" alt=\"\" class=\"wp-image-35338\" width=\"297\" height=\"278\" srcset=\"https:\/\/jornalfatosenoticias.com.br\/wp-content\/uploads\/2022\/10\/RC_800x750_page-0001.jpg 400w, https:\/\/jornalfatosenoticias.com.br\/wp-content\/uploads\/2022\/10\/RC_800x750_page-0001-300x281.jpg 300w\" sizes=\"auto, (max-width: 297px) 100vw, 297px\" \/><\/a><\/figure><\/div>\n\n\n\n<p>&#8220;Tanto os dados das concess\u00f5es quanto o comportamento do saldo das carteiras indicam que a tend\u00eancia ao longo do segundo semestre \u00e9 de modera\u00e7\u00e3o, refletindo os efeitos contracionistas da pol\u00edtica monet\u00e1ria&#8221;, explica Rubens Sardenberg, diretor de Economia, Regula\u00e7\u00e3o Prudencial e Riscos da Febraban.<br>A expectativa geral \u00e9 de que a trajet\u00f3ria da inadimpl\u00eancia de empresas continue em alta no curto prazo. A pr\u00f3pria Febraban projeta que a taxa de inadimpl\u00eancia da carteira com recursos livres dos bancos se mantenha em 5% tanto em 2025 quanto em 2026, um patamar mais elevado que o de 2024. <strong>(Fonte: Gazeta do Povo)<\/strong><\/p>\n\n\n\n<div class=\"wp-block-image\"><figure class=\"aligncenter size-large is-resized\"><a href=\"https:\/\/www.instagram.com\/restaurantepegoretti\/\"><img loading=\"lazy\" decoding=\"async\" src=\"https:\/\/jornalfatosenoticias.com.br\/wp-content\/uploads\/2023\/12\/pegoretti-logo-pdf-1024x389.jpg\" alt=\"\" class=\"wp-image-47536\" width=\"517\" height=\"196\" srcset=\"https:\/\/jornalfatosenoticias.com.br\/wp-content\/uploads\/2023\/12\/pegoretti-logo-pdf-1024x389.jpg 1024w, https:\/\/jornalfatosenoticias.com.br\/wp-content\/uploads\/2023\/12\/pegoretti-logo-pdf-300x114.jpg 300w, https:\/\/jornalfatosenoticias.com.br\/wp-content\/uploads\/2023\/12\/pegoretti-logo-pdf-768x291.jpg 768w, https:\/\/jornalfatosenoticias.com.br\/wp-content\/uploads\/2023\/12\/pegoretti-logo-pdf.jpg 1120w\" sizes=\"auto, (max-width: 517px) 100vw, 517px\" \/><\/a><\/figure><\/div>\n\n\n\n<hr class=\"wp-block-separator\"\/>\n\n\n\n<h3 class=\"wp-block-heading\"><span class=\"has-inline-color has-black-color\">Trump diz que Soros e filho devem ser processados por apoio a protestos violentos<\/span><\/h3>\n\n\n\n<div class=\"wp-block-image\"><figure class=\"aligncenter size-large\"><img loading=\"lazy\" decoding=\"async\" width=\"612\" height=\"433\" src=\"https:\/\/jornalfatosenoticias.com.br\/wp-content\/uploads\/2025\/08\/george-soros_gettyimages.jpg\" alt=\"\" class=\"wp-image-61489\" srcset=\"https:\/\/jornalfatosenoticias.com.br\/wp-content\/uploads\/2025\/08\/george-soros_gettyimages.jpg 612w, https:\/\/jornalfatosenoticias.com.br\/wp-content\/uploads\/2025\/08\/george-soros_gettyimages-300x212.jpg 300w\" sizes=\"auto, (max-width: 612px) 100vw, 612px\" \/><figcaption><em><span class=\"has-inline-color has-black-color\">(Foto: Getty Images)<\/span><\/em><\/figcaption><\/figure><\/div>\n\n\n\n<p><span class=\"has-inline-color has-black-color\">Por <strong>F\u00e1bio Gal\u00e3o<\/strong><br><\/span>O presidente dos Estados Unidos, Donald Trump, disse, nesta quarta-feira (27), que o investidor George Soros e o filho dele, Alexander, deveriam ser processados com base na Lei de Organiza\u00e7\u00f5es Corruptas e Influenciadas por Extorsionistas (Rico, na sigla em ingl\u00eas). Essa legisla\u00e7\u00e3o federal americana permite que acusa\u00e7\u00f5es sejam feitas contra l\u00edderes de organiza\u00e7\u00f5es criminosas por crimes cometidos por outros membros da organiza\u00e7\u00e3o, e n\u00e3o diretamente cometidos por eles.<\/p>\n\n\n\n<div class=\"wp-block-image\"><figure class=\"aligncenter size-large is-resized\"><a href=\"https:\/\/www.instagram.com\/esteio.churrascaria\/\"><img loading=\"lazy\" decoding=\"async\" src=\"https:\/\/jornalfatosenoticias.com.br\/wp-content\/uploads\/2022\/02\/LOGO-ESTEIO-1024x730.png\" alt=\"\" class=\"wp-image-27942\" width=\"330\" height=\"235\" srcset=\"https:\/\/jornalfatosenoticias.com.br\/wp-content\/uploads\/2022\/02\/LOGO-ESTEIO-1024x730.png 1024w, https:\/\/jornalfatosenoticias.com.br\/wp-content\/uploads\/2022\/02\/LOGO-ESTEIO-300x214.png 300w, https:\/\/jornalfatosenoticias.com.br\/wp-content\/uploads\/2022\/02\/LOGO-ESTEIO-768x548.png 768w, https:\/\/jornalfatosenoticias.com.br\/wp-content\/uploads\/2022\/02\/LOGO-ESTEIO.png 1123w\" sizes=\"auto, (max-width: 330px) 100vw, 330px\" \/><\/a><\/figure><\/div>\n\n\n\n<blockquote class=\"wp-block-quote is-layout-flow wp-block-quote-is-layout-flow\"><p><span class=\"has-inline-color has-luminous-vivid-orange-color\">\u201cGeorge Soros e seu maravilhoso filho da esquerda radical deveriam ser acusados com base na lei Rico por seu apoio a protestos violentos, e muito mais, em todos os Estados Unidos da Am\u00e9rica\u201d, escreveu Trump na rede Truth Social. \u201cN\u00e3o vamos permitir que esses lun\u00e1ticos destruam a Am\u00e9rica novamente, nunca dando a ela a chance de \u2018respirar\u2019 e ser livre. Soros e seu grupo de psicopatas causaram grandes danos ao nosso pa\u00eds! Isso inclui seus amigos loucos da Costa Oeste. Cuidado, estamos de olho em voc\u00eas!\u201d, afirmou o presidente republicano.<\/span><\/p><\/blockquote>\n\n\n\n<div class=\"wp-block-image\"><figure class=\"aligncenter size-large is-resized\"><a href=\"https:\/\/legisjuris.com.br\/\"><img loading=\"lazy\" decoding=\"async\" src=\"https:\/\/jornalfatosenoticias.com.br\/wp-content\/uploads\/2024\/09\/Legis-Juris-Consultoria_logo.jpg\" alt=\"\" class=\"wp-image-53915\" width=\"504\" height=\"211\" srcset=\"https:\/\/jornalfatosenoticias.com.br\/wp-content\/uploads\/2024\/09\/Legis-Juris-Consultoria_logo.jpg 969w, https:\/\/jornalfatosenoticias.com.br\/wp-content\/uploads\/2024\/09\/Legis-Juris-Consultoria_logo-300x126.jpg 300w, https:\/\/jornalfatosenoticias.com.br\/wp-content\/uploads\/2024\/09\/Legis-Juris-Consultoria_logo-768x322.jpg 768w\" sizes=\"auto, (max-width: 504px) 100vw, 504px\" \/><\/a><\/figure><\/div>\n\n\n\n<p>George Soros foi o fundador da Open Society Foundations, conhecida por apoiar causas progressistas em todo o mundo, e o atual presidente do conselho da organiza\u00e7\u00e3o \u00e9 Alexander Soros, que substituiu o pai em 2023. Um porta-voz da Open Society Foundations disse ao site Axios que as acusa\u00e7\u00f5es de Trump \u201cs\u00e3o ultrajantes e falsas\u201d e alegou que a organiza\u00e7\u00e3o \u201cn\u00e3o apoia nem financia protestos violentos\u201d. \u201cDefendemos as liberdades fundamentais garantidas pela Constitui\u00e7\u00e3o, incluindo os direitos \u00e0 liberdade de express\u00e3o e ao protesto pac\u00edfico, que s\u00e3o marcas registradas de qualquer democracia vibrante\u201d, afirmou o porta-voz. <strong>(Fonte: Gazeta do Povo)<\/strong><\/p>\n\n\n\n<div class=\"wp-block-image\"><figure class=\"aligncenter size-large is-resized\"><a href=\"https:\/\/www.facebook.com\/profile.php?id=100069289606145\"><img loading=\"lazy\" decoding=\"async\" src=\"https:\/\/jornalfatosenoticias.com.br\/wp-content\/uploads\/2024\/11\/Guaitolini-Contabilidade-1024x714.jpeg\" alt=\"\" class=\"wp-image-55808\" width=\"284\" height=\"198\" srcset=\"https:\/\/jornalfatosenoticias.com.br\/wp-content\/uploads\/2024\/11\/Guaitolini-Contabilidade-1024x714.jpeg 1024w, https:\/\/jornalfatosenoticias.com.br\/wp-content\/uploads\/2024\/11\/Guaitolini-Contabilidade-300x209.jpeg 300w, https:\/\/jornalfatosenoticias.com.br\/wp-content\/uploads\/2024\/11\/Guaitolini-Contabilidade-768x535.jpeg 768w, https:\/\/jornalfatosenoticias.com.br\/wp-content\/uploads\/2024\/11\/Guaitolini-Contabilidade.jpeg 1280w\" sizes=\"auto, (max-width: 284px) 100vw, 284px\" \/><\/a><\/figure><\/div>\n\n\n\n<hr class=\"wp-block-separator\"\/>\n","protected":false},"excerpt":{"rendered":"<p>A ministra das Rela\u00e7\u00f5es Institucionais, Gleisi Hoffmann, convocou uma reuni\u00e3o de emerg\u00eancia para alinhar a estrat\u00e9gia do governo na Comiss\u00e3o Parlamentar Mista de Inqu\u00e9rito (CPMI) do INSS. O objetivo \u00e9 claro: blindar Luiz In\u00e1cio Lula da Silva (PT) de desgastes pol\u00edticos que possam surgir das investiga\u00e7\u00f5es sobre fraudes em aposentadorias e pens\u00f5es.Segundo relatos, os parlamentares [&hellip;]<\/p>\n","protected":false},"author":3,"featured_media":61494,"comment_status":"open","ping_status":"open","sticky":false,"template":"","format":"standard","meta":{"footnotes":""},"categories":[10],"tags":[13889,6597,27955,2147,159,25574,28035,18343,1795,19097,294,8605],"class_list":["post-61488","post","type-post","status-publish","format-standard","has-post-thumbnail","hentry","category-politica","tag-alexandre-de-moraes","tag-colombia","tag-cpmi-do-inss","tag-donald-trump","tag-eua","tag-george-soros","tag-gigantes-da-tecnologia","tag-governo-lula","tag-jair-bolsonaro","tag-nicolas-maduro","tag-stf","tag-venezuela"],"yoast_head":"<!-- This site is optimized with the Yoast SEO plugin v26.5 - https:\/\/yoast.com\/wordpress\/plugins\/seo\/ -->\n<title>A Semana no Brasil e no Mundo \u2014 Governo mobiliza base para blindar Lula na CPMI do INSS - Jornal Fatos e Not\u00edcias<\/title>\n<meta name=\"robots\" content=\"index, follow, max-snippet:-1, max-image-preview:large, max-video-preview:-1\" \/>\n<link rel=\"canonical\" href=\"https:\/\/jornalfatosenoticias.com.br\/index.php\/2025\/08\/28\/a-semana-no-brasil-e-no-mundo-governo-mobiliza-base-para-blindar-lula-na-cpmi-do-inss\/\" \/>\n<meta property=\"og:locale\" content=\"pt_BR\" \/>\n<meta property=\"og:type\" content=\"article\" \/>\n<meta property=\"og:title\" content=\"A Semana no Brasil e no Mundo \u2014 Governo mobiliza base para blindar Lula na CPMI do INSS - Jornal Fatos e Not\u00edcias\" \/>\n<meta property=\"og:description\" content=\"A ministra das Rela\u00e7\u00f5es Institucionais, Gleisi Hoffmann, convocou uma reuni\u00e3o de emerg\u00eancia para alinhar a estrat\u00e9gia do governo na Comiss\u00e3o Parlamentar Mista de Inqu\u00e9rito (CPMI) do INSS. O objetivo \u00e9 claro: blindar Luiz In\u00e1cio Lula da Silva (PT) de desgastes pol\u00edticos que possam surgir das investiga\u00e7\u00f5es sobre fraudes em aposentadorias e pens\u00f5es.Segundo relatos, os parlamentares [&hellip;]\" \/>\n<meta property=\"og:url\" content=\"https:\/\/jornalfatosenoticias.com.br\/index.php\/2025\/08\/28\/a-semana-no-brasil-e-no-mundo-governo-mobiliza-base-para-blindar-lula-na-cpmi-do-inss\/\" \/>\n<meta property=\"og:site_name\" content=\"Jornal Fatos e Not\u00edcias\" \/>\n<meta property=\"article:published_time\" content=\"2025-08-28T23:39:45+00:00\" \/>\n<meta property=\"article:modified_time\" content=\"2025-08-28T23:39:46+00:00\" \/>\n<meta property=\"og:image\" content=\"https:\/\/jornalfatosenoticias.com.br\/wp-content\/uploads\/2025\/08\/COXINHA-E-MOLUSCO_gettyimages.jpg\" \/>\n\t<meta property=\"og:image:width\" content=\"612\" \/>\n\t<meta property=\"og:image:height\" content=\"408\" \/>\n\t<meta property=\"og:image:type\" content=\"image\/jpeg\" \/>\n<meta name=\"author\" content=\"Haroldo Filho\" \/>\n<meta name=\"twitter:card\" content=\"summary_large_image\" \/>\n<meta name=\"twitter:label1\" content=\"Escrito por\" \/>\n\t<meta name=\"twitter:data1\" content=\"Haroldo Filho\" \/>\n\t<meta name=\"twitter:label2\" content=\"Est. tempo de leitura\" \/>\n\t<meta name=\"twitter:data2\" content=\"9 minutos\" \/>\n<script type=\"application\/ld+json\" class=\"yoast-schema-graph\">{\"@context\":\"https:\/\/schema.org\",\"@graph\":[{\"@type\":\"Article\",\"@id\":\"https:\/\/jornalfatosenoticias.com.br\/index.php\/2025\/08\/28\/a-semana-no-brasil-e-no-mundo-governo-mobiliza-base-para-blindar-lula-na-cpmi-do-inss\/#article\",\"isPartOf\":{\"@id\":\"https:\/\/jornalfatosenoticias.com.br\/index.php\/2025\/08\/28\/a-semana-no-brasil-e-no-mundo-governo-mobiliza-base-para-blindar-lula-na-cpmi-do-inss\/\"},\"author\":{\"name\":\"Haroldo Filho\",\"@id\":\"https:\/\/jornalfatosenoticias.com.br\/#\/schema\/person\/05c46cc25b42a5c27e004fb0fa6b4965\"},\"headline\":\"A Semana no Brasil e no Mundo \u2014 Governo mobiliza base para blindar Lula na CPMI do INSS\",\"datePublished\":\"2025-08-28T23:39:45+00:00\",\"dateModified\":\"2025-08-28T23:39:46+00:00\",\"mainEntityOfPage\":{\"@id\":\"https:\/\/jornalfatosenoticias.com.br\/index.php\/2025\/08\/28\/a-semana-no-brasil-e-no-mundo-governo-mobiliza-base-para-blindar-lula-na-cpmi-do-inss\/\"},\"wordCount\":1875,\"commentCount\":0,\"publisher\":{\"@id\":\"https:\/\/jornalfatosenoticias.com.br\/#organization\"},\"image\":{\"@id\":\"https:\/\/jornalfatosenoticias.com.br\/index.php\/2025\/08\/28\/a-semana-no-brasil-e-no-mundo-governo-mobiliza-base-para-blindar-lula-na-cpmi-do-inss\/#primaryimage\"},\"thumbnailUrl\":\"https:\/\/jornalfatosenoticias.com.br\/wp-content\/uploads\/2025\/08\/COXINHA-E-MOLUSCO_gettyimages.jpg\",\"keywords\":[\"Alexandre de Moraes\",\"Col\u00f4mbia\",\"CPMI do INSS\",\"Donald Trump\",\"EUA\",\"George Soros\",\"gigantes da tecnologia\",\"governo Lula\",\"Jair Bolsonaro\",\"Nicol\u00e1s Maduro\",\"STF\",\"Venezuela\"],\"articleSection\":[\"Pol\u00edtica\"],\"inLanguage\":\"pt-BR\",\"potentialAction\":[{\"@type\":\"CommentAction\",\"name\":\"Comment\",\"target\":[\"https:\/\/jornalfatosenoticias.com.br\/index.php\/2025\/08\/28\/a-semana-no-brasil-e-no-mundo-governo-mobiliza-base-para-blindar-lula-na-cpmi-do-inss\/#respond\"]}]},{\"@type\":\"WebPage\",\"@id\":\"https:\/\/jornalfatosenoticias.com.br\/index.php\/2025\/08\/28\/a-semana-no-brasil-e-no-mundo-governo-mobiliza-base-para-blindar-lula-na-cpmi-do-inss\/\",\"url\":\"https:\/\/jornalfatosenoticias.com.br\/index.php\/2025\/08\/28\/a-semana-no-brasil-e-no-mundo-governo-mobiliza-base-para-blindar-lula-na-cpmi-do-inss\/\",\"name\":\"A Semana no Brasil e no Mundo \u2014 Governo mobiliza base para blindar Lula na CPMI do INSS - Jornal Fatos e Not\u00edcias\",\"isPartOf\":{\"@id\":\"https:\/\/jornalfatosenoticias.com.br\/#website\"},\"primaryImageOfPage\":{\"@id\":\"https:\/\/jornalfatosenoticias.com.br\/index.php\/2025\/08\/28\/a-semana-no-brasil-e-no-mundo-governo-mobiliza-base-para-blindar-lula-na-cpmi-do-inss\/#primaryimage\"},\"image\":{\"@id\":\"https:\/\/jornalfatosenoticias.com.br\/index.php\/2025\/08\/28\/a-semana-no-brasil-e-no-mundo-governo-mobiliza-base-para-blindar-lula-na-cpmi-do-inss\/#primaryimage\"},\"thumbnailUrl\":\"https:\/\/jornalfatosenoticias.com.br\/wp-content\/uploads\/2025\/08\/COXINHA-E-MOLUSCO_gettyimages.jpg\",\"datePublished\":\"2025-08-28T23:39:45+00:00\",\"dateModified\":\"2025-08-28T23:39:46+00:00\",\"breadcrumb\":{\"@id\":\"https:\/\/jornalfatosenoticias.com.br\/index.php\/2025\/08\/28\/a-semana-no-brasil-e-no-mundo-governo-mobiliza-base-para-blindar-lula-na-cpmi-do-inss\/#breadcrumb\"},\"inLanguage\":\"pt-BR\",\"potentialAction\":[{\"@type\":\"ReadAction\",\"target\":[\"https:\/\/jornalfatosenoticias.com.br\/index.php\/2025\/08\/28\/a-semana-no-brasil-e-no-mundo-governo-mobiliza-base-para-blindar-lula-na-cpmi-do-inss\/\"]}]},{\"@type\":\"ImageObject\",\"inLanguage\":\"pt-BR\",\"@id\":\"https:\/\/jornalfatosenoticias.com.br\/index.php\/2025\/08\/28\/a-semana-no-brasil-e-no-mundo-governo-mobiliza-base-para-blindar-lula-na-cpmi-do-inss\/#primaryimage\",\"url\":\"https:\/\/jornalfatosenoticias.com.br\/wp-content\/uploads\/2025\/08\/COXINHA-E-MOLUSCO_gettyimages.jpg\",\"contentUrl\":\"https:\/\/jornalfatosenoticias.com.br\/wp-content\/uploads\/2025\/08\/COXINHA-E-MOLUSCO_gettyimages.jpg\",\"width\":612,\"height\":408,\"caption\":\"Brazil's President Luiz Inacio Lula da Silva (R) greets the new minister of the Secretariat of Institutional Relations, Gleisi Hoffmann, during her swearing-in ceremony at the Planalto Palace in Brasilia on March 10, 2025. Hoffmann replaces Alexandre Padilha as minister. (Photo by EVARISTO SA \/ AFP) (Photo by EVARISTO SA\/AFP via Getty Images)\"},{\"@type\":\"BreadcrumbList\",\"@id\":\"https:\/\/jornalfatosenoticias.com.br\/index.php\/2025\/08\/28\/a-semana-no-brasil-e-no-mundo-governo-mobiliza-base-para-blindar-lula-na-cpmi-do-inss\/#breadcrumb\",\"itemListElement\":[{\"@type\":\"ListItem\",\"position\":1,\"name\":\"In\u00edcio\",\"item\":\"https:\/\/jornalfatosenoticias.com.br\/\"},{\"@type\":\"ListItem\",\"position\":2,\"name\":\"A Semana no Brasil e no Mundo \u2014 Governo mobiliza base para blindar Lula na CPMI do INSS\"}]},{\"@type\":\"WebSite\",\"@id\":\"https:\/\/jornalfatosenoticias.com.br\/#website\",\"url\":\"https:\/\/jornalfatosenoticias.com.br\/\",\"name\":\"Jornal Fatos e Not\u00edcias\",\"description\":\"Not\u00edcias em geral\",\"publisher\":{\"@id\":\"https:\/\/jornalfatosenoticias.com.br\/#organization\"},\"potentialAction\":[{\"@type\":\"SearchAction\",\"target\":{\"@type\":\"EntryPoint\",\"urlTemplate\":\"https:\/\/jornalfatosenoticias.com.br\/?s={search_term_string}\"},\"query-input\":{\"@type\":\"PropertyValueSpecification\",\"valueRequired\":true,\"valueName\":\"search_term_string\"}}],\"inLanguage\":\"pt-BR\"},{\"@type\":\"Organization\",\"@id\":\"https:\/\/jornalfatosenoticias.com.br\/#organization\",\"name\":\"Jornal Fatos e Not\u00edcias\",\"url\":\"https:\/\/jornalfatosenoticias.com.br\/\",\"logo\":{\"@type\":\"ImageObject\",\"inLanguage\":\"pt-BR\",\"@id\":\"https:\/\/jornalfatosenoticias.com.br\/#\/schema\/logo\/image\/\",\"url\":\"https:\/\/jornalfatosenoticias.com.br\/wp-content\/uploads\/2020\/02\/logo120.png\",\"contentUrl\":\"https:\/\/jornalfatosenoticias.com.br\/wp-content\/uploads\/2020\/02\/logo120.png\",\"width\":1227,\"height\":120,\"caption\":\"Jornal Fatos e Not\u00edcias\"},\"image\":{\"@id\":\"https:\/\/jornalfatosenoticias.com.br\/#\/schema\/logo\/image\/\"}},{\"@type\":\"Person\",\"@id\":\"https:\/\/jornalfatosenoticias.com.br\/#\/schema\/person\/05c46cc25b42a5c27e004fb0fa6b4965\",\"name\":\"Haroldo Filho\",\"image\":{\"@type\":\"ImageObject\",\"inLanguage\":\"pt-BR\",\"@id\":\"https:\/\/jornalfatosenoticias.com.br\/#\/schema\/person\/image\/\",\"url\":\"https:\/\/jornalfatosenoticias.com.br\/wp-content\/uploads\/2025\/08\/WhatsApp-Image-2025-08-18-at-15.30.28-150x150.jpeg\",\"contentUrl\":\"https:\/\/jornalfatosenoticias.com.br\/wp-content\/uploads\/2025\/08\/WhatsApp-Image-2025-08-18-at-15.30.28-150x150.jpeg\",\"caption\":\"Haroldo Filho\"},\"description\":\"Jornalista \u2013 DRT: 0003818\/ES Coordenador-geral da ONG Educar para Crescer\",\"url\":\"https:\/\/jornalfatosenoticias.com.br\/index.php\/author\/haroldo\/\"}]}<\/script>\n<!-- \/ Yoast SEO plugin. -->","yoast_head_json":{"title":"A Semana no Brasil e no Mundo \u2014 Governo mobiliza base para blindar Lula na CPMI do INSS - Jornal Fatos e Not\u00edcias","robots":{"index":"index","follow":"follow","max-snippet":"max-snippet:-1","max-image-preview":"max-image-preview:large","max-video-preview":"max-video-preview:-1"},"canonical":"https:\/\/jornalfatosenoticias.com.br\/index.php\/2025\/08\/28\/a-semana-no-brasil-e-no-mundo-governo-mobiliza-base-para-blindar-lula-na-cpmi-do-inss\/","og_locale":"pt_BR","og_type":"article","og_title":"A Semana no Brasil e no Mundo \u2014 Governo mobiliza base para blindar Lula na CPMI do INSS - Jornal Fatos e Not\u00edcias","og_description":"A ministra das Rela\u00e7\u00f5es Institucionais, Gleisi Hoffmann, convocou uma reuni\u00e3o de emerg\u00eancia para alinhar a estrat\u00e9gia do governo na Comiss\u00e3o Parlamentar Mista de Inqu\u00e9rito (CPMI) do INSS. O objetivo \u00e9 claro: blindar Luiz In\u00e1cio Lula da Silva (PT) de desgastes pol\u00edticos que possam surgir das investiga\u00e7\u00f5es sobre fraudes em aposentadorias e pens\u00f5es.Segundo relatos, os parlamentares [&hellip;]","og_url":"https:\/\/jornalfatosenoticias.com.br\/index.php\/2025\/08\/28\/a-semana-no-brasil-e-no-mundo-governo-mobiliza-base-para-blindar-lula-na-cpmi-do-inss\/","og_site_name":"Jornal Fatos e Not\u00edcias","article_published_time":"2025-08-28T23:39:45+00:00","article_modified_time":"2025-08-28T23:39:46+00:00","og_image":[{"width":612,"height":408,"url":"https:\/\/jornalfatosenoticias.com.br\/wp-content\/uploads\/2025\/08\/COXINHA-E-MOLUSCO_gettyimages.jpg","type":"image\/jpeg"}],"author":"Haroldo Filho","twitter_card":"summary_large_image","twitter_misc":{"Escrito por":"Haroldo Filho","Est. tempo de leitura":"9 minutos"},"schema":{"@context":"https:\/\/schema.org","@graph":[{"@type":"Article","@id":"https:\/\/jornalfatosenoticias.com.br\/index.php\/2025\/08\/28\/a-semana-no-brasil-e-no-mundo-governo-mobiliza-base-para-blindar-lula-na-cpmi-do-inss\/#article","isPartOf":{"@id":"https:\/\/jornalfatosenoticias.com.br\/index.php\/2025\/08\/28\/a-semana-no-brasil-e-no-mundo-governo-mobiliza-base-para-blindar-lula-na-cpmi-do-inss\/"},"author":{"name":"Haroldo Filho","@id":"https:\/\/jornalfatosenoticias.com.br\/#\/schema\/person\/05c46cc25b42a5c27e004fb0fa6b4965"},"headline":"A Semana no Brasil e no Mundo \u2014 Governo mobiliza base para blindar Lula na CPMI do INSS","datePublished":"2025-08-28T23:39:45+00:00","dateModified":"2025-08-28T23:39:46+00:00","mainEntityOfPage":{"@id":"https:\/\/jornalfatosenoticias.com.br\/index.php\/2025\/08\/28\/a-semana-no-brasil-e-no-mundo-governo-mobiliza-base-para-blindar-lula-na-cpmi-do-inss\/"},"wordCount":1875,"commentCount":0,"publisher":{"@id":"https:\/\/jornalfatosenoticias.com.br\/#organization"},"image":{"@id":"https:\/\/jornalfatosenoticias.com.br\/index.php\/2025\/08\/28\/a-semana-no-brasil-e-no-mundo-governo-mobiliza-base-para-blindar-lula-na-cpmi-do-inss\/#primaryimage"},"thumbnailUrl":"https:\/\/jornalfatosenoticias.com.br\/wp-content\/uploads\/2025\/08\/COXINHA-E-MOLUSCO_gettyimages.jpg","keywords":["Alexandre de Moraes","Col\u00f4mbia","CPMI do INSS","Donald Trump","EUA","George Soros","gigantes da tecnologia","governo Lula","Jair Bolsonaro","Nicol\u00e1s Maduro","STF","Venezuela"],"articleSection":["Pol\u00edtica"],"inLanguage":"pt-BR","potentialAction":[{"@type":"CommentAction","name":"Comment","target":["https:\/\/jornalfatosenoticias.com.br\/index.php\/2025\/08\/28\/a-semana-no-brasil-e-no-mundo-governo-mobiliza-base-para-blindar-lula-na-cpmi-do-inss\/#respond"]}]},{"@type":"WebPage","@id":"https:\/\/jornalfatosenoticias.com.br\/index.php\/2025\/08\/28\/a-semana-no-brasil-e-no-mundo-governo-mobiliza-base-para-blindar-lula-na-cpmi-do-inss\/","url":"https:\/\/jornalfatosenoticias.com.br\/index.php\/2025\/08\/28\/a-semana-no-brasil-e-no-mundo-governo-mobiliza-base-para-blindar-lula-na-cpmi-do-inss\/","name":"A Semana no Brasil e no Mundo \u2014 Governo mobiliza base para blindar Lula na CPMI do INSS - Jornal Fatos e Not\u00edcias","isPartOf":{"@id":"https:\/\/jornalfatosenoticias.com.br\/#website"},"primaryImageOfPage":{"@id":"https:\/\/jornalfatosenoticias.com.br\/index.php\/2025\/08\/28\/a-semana-no-brasil-e-no-mundo-governo-mobiliza-base-para-blindar-lula-na-cpmi-do-inss\/#primaryimage"},"image":{"@id":"https:\/\/jornalfatosenoticias.com.br\/index.php\/2025\/08\/28\/a-semana-no-brasil-e-no-mundo-governo-mobiliza-base-para-blindar-lula-na-cpmi-do-inss\/#primaryimage"},"thumbnailUrl":"https:\/\/jornalfatosenoticias.com.br\/wp-content\/uploads\/2025\/08\/COXINHA-E-MOLUSCO_gettyimages.jpg","datePublished":"2025-08-28T23:39:45+00:00","dateModified":"2025-08-28T23:39:46+00:00","breadcrumb":{"@id":"https:\/\/jornalfatosenoticias.com.br\/index.php\/2025\/08\/28\/a-semana-no-brasil-e-no-mundo-governo-mobiliza-base-para-blindar-lula-na-cpmi-do-inss\/#breadcrumb"},"inLanguage":"pt-BR","potentialAction":[{"@type":"ReadAction","target":["https:\/\/jornalfatosenoticias.com.br\/index.php\/2025\/08\/28\/a-semana-no-brasil-e-no-mundo-governo-mobiliza-base-para-blindar-lula-na-cpmi-do-inss\/"]}]},{"@type":"ImageObject","inLanguage":"pt-BR","@id":"https:\/\/jornalfatosenoticias.com.br\/index.php\/2025\/08\/28\/a-semana-no-brasil-e-no-mundo-governo-mobiliza-base-para-blindar-lula-na-cpmi-do-inss\/#primaryimage","url":"https:\/\/jornalfatosenoticias.com.br\/wp-content\/uploads\/2025\/08\/COXINHA-E-MOLUSCO_gettyimages.jpg","contentUrl":"https:\/\/jornalfatosenoticias.com.br\/wp-content\/uploads\/2025\/08\/COXINHA-E-MOLUSCO_gettyimages.jpg","width":612,"height":408,"caption":"Brazil's President Luiz Inacio Lula da Silva (R) greets the new minister of the Secretariat of Institutional Relations, Gleisi Hoffmann, during her swearing-in ceremony at the Planalto Palace in Brasilia on March 10, 2025. Hoffmann replaces Alexandre Padilha as minister. (Photo by EVARISTO SA \/ AFP) (Photo by EVARISTO SA\/AFP via Getty Images)"},{"@type":"BreadcrumbList","@id":"https:\/\/jornalfatosenoticias.com.br\/index.php\/2025\/08\/28\/a-semana-no-brasil-e-no-mundo-governo-mobiliza-base-para-blindar-lula-na-cpmi-do-inss\/#breadcrumb","itemListElement":[{"@type":"ListItem","position":1,"name":"In\u00edcio","item":"https:\/\/jornalfatosenoticias.com.br\/"},{"@type":"ListItem","position":2,"name":"A Semana no Brasil e no Mundo \u2014 Governo mobiliza base para blindar Lula na CPMI do INSS"}]},{"@type":"WebSite","@id":"https:\/\/jornalfatosenoticias.com.br\/#website","url":"https:\/\/jornalfatosenoticias.com.br\/","name":"Jornal Fatos e Not\u00edcias","description":"Not\u00edcias em geral","publisher":{"@id":"https:\/\/jornalfatosenoticias.com.br\/#organization"},"potentialAction":[{"@type":"SearchAction","target":{"@type":"EntryPoint","urlTemplate":"https:\/\/jornalfatosenoticias.com.br\/?s={search_term_string}"},"query-input":{"@type":"PropertyValueSpecification","valueRequired":true,"valueName":"search_term_string"}}],"inLanguage":"pt-BR"},{"@type":"Organization","@id":"https:\/\/jornalfatosenoticias.com.br\/#organization","name":"Jornal Fatos e Not\u00edcias","url":"https:\/\/jornalfatosenoticias.com.br\/","logo":{"@type":"ImageObject","inLanguage":"pt-BR","@id":"https:\/\/jornalfatosenoticias.com.br\/#\/schema\/logo\/image\/","url":"https:\/\/jornalfatosenoticias.com.br\/wp-content\/uploads\/2020\/02\/logo120.png","contentUrl":"https:\/\/jornalfatosenoticias.com.br\/wp-content\/uploads\/2020\/02\/logo120.png","width":1227,"height":120,"caption":"Jornal Fatos e Not\u00edcias"},"image":{"@id":"https:\/\/jornalfatosenoticias.com.br\/#\/schema\/logo\/image\/"}},{"@type":"Person","@id":"https:\/\/jornalfatosenoticias.com.br\/#\/schema\/person\/05c46cc25b42a5c27e004fb0fa6b4965","name":"Haroldo Filho","image":{"@type":"ImageObject","inLanguage":"pt-BR","@id":"https:\/\/jornalfatosenoticias.com.br\/#\/schema\/person\/image\/","url":"https:\/\/jornalfatosenoticias.com.br\/wp-content\/uploads\/2025\/08\/WhatsApp-Image-2025-08-18-at-15.30.28-150x150.jpeg","contentUrl":"https:\/\/jornalfatosenoticias.com.br\/wp-content\/uploads\/2025\/08\/WhatsApp-Image-2025-08-18-at-15.30.28-150x150.jpeg","caption":"Haroldo Filho"},"description":"Jornalista \u2013 DRT: 0003818\/ES Coordenador-geral da ONG Educar para Crescer","url":"https:\/\/jornalfatosenoticias.com.br\/index.php\/author\/haroldo\/"}]}},"cc_featured_image_caption":{"caption_text":"(Foto: Getty Images) ","source_text":"","source_url":""},"jetpack_featured_media_url":"https:\/\/jornalfatosenoticias.com.br\/wp-content\/uploads\/2025\/08\/COXINHA-E-MOLUSCO_gettyimages.jpg","_links":{"self":[{"href":"https:\/\/jornalfatosenoticias.com.br\/index.php\/wp-json\/wp\/v2\/posts\/61488","targetHints":{"allow":["GET"]}}],"collection":[{"href":"https:\/\/jornalfatosenoticias.com.br\/index.php\/wp-json\/wp\/v2\/posts"}],"about":[{"href":"https:\/\/jornalfatosenoticias.com.br\/index.php\/wp-json\/wp\/v2\/types\/post"}],"author":[{"embeddable":true,"href":"https:\/\/jornalfatosenoticias.com.br\/index.php\/wp-json\/wp\/v2\/users\/3"}],"replies":[{"embeddable":true,"href":"https:\/\/jornalfatosenoticias.com.br\/index.php\/wp-json\/wp\/v2\/comments?post=61488"}],"version-history":[{"count":0,"href":"https:\/\/jornalfatosenoticias.com.br\/index.php\/wp-json\/wp\/v2\/posts\/61488\/revisions"}],"wp:featuredmedia":[{"embeddable":true,"href":"https:\/\/jornalfatosenoticias.com.br\/index.php\/wp-json\/wp\/v2\/media\/61494"}],"wp:attachment":[{"href":"https:\/\/jornalfatosenoticias.com.br\/index.php\/wp-json\/wp\/v2\/media?parent=61488"}],"wp:term":[{"taxonomy":"category","embeddable":true,"href":"https:\/\/jornalfatosenoticias.com.br\/index.php\/wp-json\/wp\/v2\/categories?post=61488"},{"taxonomy":"post_tag","embeddable":true,"href":"https:\/\/jornalfatosenoticias.com.br\/index.php\/wp-json\/wp\/v2\/tags?post=61488"}],"curies":[{"name":"wp","href":"https:\/\/api.w.org\/{rel}","templated":true}]}}