{"id":61496,"date":"2025-08-28T20:49:11","date_gmt":"2025-08-28T23:49:11","guid":{"rendered":"https:\/\/jornalfatosenoticias.com.br\/?p=61496"},"modified":"2025-08-28T20:49:12","modified_gmt":"2025-08-28T23:49:12","slug":"reforma-tributaria-e-a-utilizacao-dos-creditos-tributarios-2","status":"publish","type":"post","link":"https:\/\/jornalfatosenoticias.com.br\/index.php\/2025\/08\/28\/reforma-tributaria-e-a-utilizacao-dos-creditos-tributarios-2\/","title":{"rendered":"Reforma tribut\u00e1ria e a utiliza\u00e7\u00e3o dos cr\u00e9ditos tribut\u00e1rios"},"content":{"rendered":"\n<p><span class=\"has-inline-color has-black-color\"><em>A cria\u00e7\u00e3o de um or\u00e7amento tribut\u00e1rio s\u00f3lido ser\u00e1 fundamental para que as empresas enfrentem a transi\u00e7\u00e3o trazida pela reforma de forma eficiente<\/em><\/span><\/p>\n\n\n\n<div class=\"wp-block-image\"><figure class=\"aligncenter size-large\"><a href=\"https:\/\/mizu.com.br\/\"><img loading=\"lazy\" decoding=\"async\" width=\"729\" height=\"90\" src=\"https:\/\/jornalfatosenoticias.com.br\/wp-content\/uploads\/2020\/02\/Logo_Mizu.png\" alt=\"\" class=\"wp-image-1441\" srcset=\"https:\/\/jornalfatosenoticias.com.br\/wp-content\/uploads\/2020\/02\/Logo_Mizu.png 729w, https:\/\/jornalfatosenoticias.com.br\/wp-content\/uploads\/2020\/02\/Logo_Mizu-300x37.png 300w\" sizes=\"auto, (max-width: 729px) 100vw, 729px\" \/><\/a><\/figure><\/div>\n\n\n\n<p>No dia 17 de dezembro de 2024, a C\u00e2mara dos Deputados aprovou um dos projetos que regulamentam a reforma tribut\u00e1ria, previamente revisado pelo Senado e devolvido com altera\u00e7\u00f5es. O texto agora segue para san\u00e7\u00e3o presidencial. Trata-se do Projeto de Lei Complementar (PLP) 68\/24, de autoria do Poder Executivo, que detalha os regimes com redu\u00e7\u00e3o ou isen\u00e7\u00e3o tribut\u00e1ria, o mecanismo de devolu\u00e7\u00e3o de tributos para consumidores de baixa renda (cashback), as regras para compras internacionais realizadas pela internet e a integra\u00e7\u00e3o dos sistemas de pagamento ao sistema de arrecada\u00e7\u00e3o. Com a reforma tribut\u00e1ria cada vez mais pr\u00f3xima, \u00e9 essencial que as empresas se preparem para essa transforma\u00e7\u00e3o significativa no sistema tribut\u00e1rio brasileiro.<\/p>\n\n\n\n<div class=\"wp-block-image\"><figure class=\"aligncenter size-large\"><a href=\"http:\/\/www.ferrarimaquinas.com.br\/\"><img loading=\"lazy\" decoding=\"async\" width=\"300\" height=\"250\" src=\"https:\/\/jornalfatosenoticias.com.br\/wp-content\/uploads\/2022\/02\/FERRARI_MAQUINAS-E-FERRAMENTAS2.jpg\" alt=\"\" class=\"wp-image-27860\"\/><\/a><\/figure><\/div>\n\n\n\n<p><strong><span class=\"has-inline-color has-black-color\">LINHA DO TEMPO DE TRANSI\u00c7\u00c3O DA REFORMA TRIBUT\u00c1RIA<br><\/span><\/strong>O novo modelo de tributa\u00e7\u00e3o sobre o consumo ser\u00e1 implantado gradualmente, passando por um per\u00edodo de testes e transi\u00e7\u00e3o a partir de 2026. A substitui\u00e7\u00e3o completa do sistema tribut\u00e1rio nacional ocorrer\u00e1 somente em 2033, quando os atuais ICMS e ISS ser\u00e3o extintos.<\/p>\n\n\n\n<div class=\"wp-block-image\"><figure class=\"aligncenter size-large is-resized\"><a href=\"https:\/\/www.instagram.com\/gruposei\/\"><img loading=\"lazy\" decoding=\"async\" src=\"https:\/\/jornalfatosenoticias.com.br\/wp-content\/uploads\/2022\/07\/Logo-Grupo-SEI.jpg\" alt=\"\" class=\"wp-image-31973\" width=\"356\" height=\"187\" srcset=\"https:\/\/jornalfatosenoticias.com.br\/wp-content\/uploads\/2022\/07\/Logo-Grupo-SEI.jpg 713w, https:\/\/jornalfatosenoticias.com.br\/wp-content\/uploads\/2022\/07\/Logo-Grupo-SEI-300x158.jpg 300w\" sizes=\"auto, (max-width: 356px) 100vw, 356px\" \/><\/a><\/figure><\/div>\n\n\n\n<p>Essas mudan\u00e7as est\u00e3o previstas na Emenda Constitucional 132, de 2023, que deu in\u00edcio \u00e0 reforma tribut\u00e1ria com sua promulga\u00e7\u00e3o em dezembro do ano passado, e no primeiro projeto de regulamenta\u00e7\u00e3o, o PLP 68\/24, aprovado pela C\u00e2mara dos Deputados em 17 de dezembro de 2024.<\/p>\n\n\n\n<div class=\"wp-block-image\"><figure class=\"aligncenter size-large\"><img loading=\"lazy\" decoding=\"async\" width=\"737\" height=\"1000\" src=\"https:\/\/jornalfatosenoticias.com.br\/wp-content\/uploads\/2025\/08\/reforma-tributaria.jpg\" alt=\"\" class=\"wp-image-61497\" srcset=\"https:\/\/jornalfatosenoticias.com.br\/wp-content\/uploads\/2025\/08\/reforma-tributaria.jpg 737w, https:\/\/jornalfatosenoticias.com.br\/wp-content\/uploads\/2025\/08\/reforma-tributaria-221x300.jpg 221w\" sizes=\"auto, (max-width: 737px) 100vw, 737px\" \/><\/figure><\/div>\n\n\n\n<p><span class=\"has-inline-color has-black-color\"><strong>CR\u00c9DITOS TRIBUT\u00c1RIOS ACUMULADOS \u2014 COMO SER\u00c3O UTILIZADOS NA REFORMA TRIBUT\u00c1RIA<br><\/strong><\/span>Com a reforma, os cr\u00e9ditos acumulados de PIS, COFINS e IPI passar\u00e3o por mudan\u00e7as significativas em sua forma de utiliza\u00e7\u00e3o. A partir de 2033, a previs\u00e3o \u00e9 que esses cr\u00e9ditos possam ser compensados com a nova Contribui\u00e7\u00e3o sobre Bens e Servi\u00e7os (CBS) ou, alternativamente, ressarcidos em dinheiro.<\/p>\n\n\n\n<div class=\"wp-block-image\"><figure class=\"aligncenter size-large\"><a href=\"https:\/\/www.cesconetto.com.br\/\"><img loading=\"lazy\" decoding=\"async\" width=\"300\" height=\"250\" src=\"https:\/\/jornalfatosenoticias.com.br\/wp-content\/uploads\/2022\/02\/Banner-2.png\" alt=\"\" class=\"wp-image-27877\"\/><\/a><\/figure><\/div>\n\n\n\n<p>Contudo, h\u00e1 um ponto de aten\u00e7\u00e3o: o preocupante e que esta inje\u00e7\u00e3o de cr\u00e9ditos no fluxo de caixa das empresas, somente ocorrer\u00e1 em at\u00e9 240 parcelas, ao longo de at\u00e9 20 anos, mesmo que atualizadas pelo IPCA. Isso pode impactar o fluxo de caixa das empresas, tornando imprescind\u00edvel um planejamento financeiro eficaz. Outro aspecto crucial \u00e9 a homologa\u00e7\u00e3o dos cr\u00e9ditos at\u00e9 2032. Apenas os cr\u00e9ditos devidamente homologados poder\u00e3o ser utilizados na nova sistem\u00e1tica.<\/p>\n\n\n\n<div class=\"wp-block-image\"><figure class=\"aligncenter size-large is-resized\"><a href=\"https:\/\/www.instagram.com\/serra4x4cambioautomatico\/\"><img loading=\"lazy\" decoding=\"async\" src=\"https:\/\/jornalfatosenoticias.com.br\/wp-content\/uploads\/2024\/08\/Serra-4x4-1-886x1024.jpg\" alt=\"\" class=\"wp-image-53632\" width=\"256\" height=\"296\" srcset=\"https:\/\/jornalfatosenoticias.com.br\/wp-content\/uploads\/2024\/08\/Serra-4x4-1-886x1024.jpg 886w, https:\/\/jornalfatosenoticias.com.br\/wp-content\/uploads\/2024\/08\/Serra-4x4-1-260x300.jpg 260w, https:\/\/jornalfatosenoticias.com.br\/wp-content\/uploads\/2024\/08\/Serra-4x4-1-768x888.jpg 768w, https:\/\/jornalfatosenoticias.com.br\/wp-content\/uploads\/2024\/08\/Serra-4x4-1.jpg 1181w\" sizes=\"auto, (max-width: 256px) 100vw, 256px\" \/><\/a><\/figure><\/div>\n\n\n\n<p><strong><span class=\"has-inline-color has-black-color\">HOMOLOGA\u00c7\u00c3O DOS CR\u00c9DITOS TRIBUT\u00c1RIOS<br><\/span><\/strong>Para garantir a homologa\u00e7\u00e3o dos cr\u00e9ditos tribut\u00e1rios acumulados antes da reforma, as empresas devem seguir alguns passos essenciais:<br><strong>1. Comprova\u00e7\u00e3o de pagamentos efetivos: <\/strong>ser\u00e1 necess\u00e1rio comprovar, por meio de documenta\u00e7\u00e3o fiscal eletr\u00f4nica, que os tributos (PIS, COFINS e IPI) foram efetivamente recolhidos pelos fornecedores.<br><strong>2. Planejamento financeiro: <\/strong>os cr\u00e9ditos homologados poder\u00e3o ser usados para compensar a nova CBS em at\u00e9 240 parcelas, exigindo das empresas um rigoroso planejamento financeiro para minimizar os impactos no fluxo de caixa.<\/p>\n\n\n\n<div class=\"wp-block-image\"><figure class=\"aligncenter size-large is-resized\"><a href=\"https:\/\/www.instagram.com\/restaurantepegoretti\/\"><img loading=\"lazy\" decoding=\"async\" src=\"https:\/\/jornalfatosenoticias.com.br\/wp-content\/uploads\/2023\/12\/pegoretti-logo-pdf-1024x389.jpg\" alt=\"\" class=\"wp-image-47536\" width=\"451\" height=\"171\" srcset=\"https:\/\/jornalfatosenoticias.com.br\/wp-content\/uploads\/2023\/12\/pegoretti-logo-pdf-1024x389.jpg 1024w, https:\/\/jornalfatosenoticias.com.br\/wp-content\/uploads\/2023\/12\/pegoretti-logo-pdf-300x114.jpg 300w, https:\/\/jornalfatosenoticias.com.br\/wp-content\/uploads\/2023\/12\/pegoretti-logo-pdf-768x291.jpg 768w, https:\/\/jornalfatosenoticias.com.br\/wp-content\/uploads\/2023\/12\/pegoretti-logo-pdf.jpg 1120w\" sizes=\"auto, (max-width: 451px) 100vw, 451px\" \/><\/a><\/figure><\/div>\n\n\n\n<p><strong><span class=\"has-inline-color has-black-color\">RESSARCIMENTO EM DINHEIRO<br><\/span><\/strong>Caso os cr\u00e9ditos n\u00e3o sejam utilizados para compensa\u00e7\u00e3o, as empresas poder\u00e3o solicitar o ressarcimento em dinheiro. No entanto, o prazo para que isso ocorra ainda precisa ser regulamentado, gerando incertezas que exigem aten\u00e7\u00e3o.<\/p>\n\n\n\n<div class=\"wp-block-image\"><figure class=\"aligncenter size-large is-resized\"><a href=\"https:\/\/www.facebook.com\/postobkr\/?locale=pt_BR\"><img loading=\"lazy\" decoding=\"async\" src=\"https:\/\/jornalfatosenoticias.com.br\/wp-content\/uploads\/2023\/08\/BKR-1024x1021.jpg\" alt=\"\" class=\"wp-image-44494\" width=\"274\" height=\"273\" srcset=\"https:\/\/jornalfatosenoticias.com.br\/wp-content\/uploads\/2023\/08\/BKR-1024x1021.jpg 1024w, https:\/\/jornalfatosenoticias.com.br\/wp-content\/uploads\/2023\/08\/BKR-300x300.jpg 300w, https:\/\/jornalfatosenoticias.com.br\/wp-content\/uploads\/2023\/08\/BKR-150x150.jpg 150w, https:\/\/jornalfatosenoticias.com.br\/wp-content\/uploads\/2023\/08\/BKR-768x766.jpg 768w, https:\/\/jornalfatosenoticias.com.br\/wp-content\/uploads\/2023\/08\/BKR.jpg 1080w\" sizes=\"auto, (max-width: 274px) 100vw, 274px\" \/><\/a><\/figure><\/div>\n\n\n\n<p><span class=\"has-inline-color has-black-color\"><strong>OR\u00c7AMENTO TRIBUT\u00c1RIO: UMA ESTRAT\u00c9GIA ESSENCIAL<br><\/strong><\/span>A cria\u00e7\u00e3o de um or\u00e7amento tribut\u00e1rio s\u00f3lido ser\u00e1 fundamental para que as empresas enfrentem a transi\u00e7\u00e3o trazida pela reforma de forma eficiente. Al\u00e9m de mitigar riscos financeiros e garantir a liquidez necess\u00e1ria, essa ferramenta permitir\u00e1 aproveitar as oportunidades trazidas pelas novas regras tribut\u00e1rias, assegurando uma gest\u00e3o fiscal sustent\u00e1vel e estrat\u00e9gica.<br><em><strong>At\u00e9 a pr\u00f3xima semana, com mais estrat\u00e9gias para ajudar voc\u00ea a economizar tributos!<br>Legis Juris Consultoria Ltda.<\/strong><\/em><\/p>\n\n\n\n<div class=\"wp-block-image\"><figure class=\"aligncenter size-large is-resized\"><a href=\"https:\/\/panper.com.br\/\"><img loading=\"lazy\" decoding=\"async\" src=\"https:\/\/jornalfatosenoticias.com.br\/wp-content\/uploads\/2023\/03\/logo-Panper_portal.jpg\" alt=\"\" class=\"wp-image-40208\" width=\"295\" height=\"204\" srcset=\"https:\/\/jornalfatosenoticias.com.br\/wp-content\/uploads\/2023\/03\/logo-Panper_portal.jpg 400w, https:\/\/jornalfatosenoticias.com.br\/wp-content\/uploads\/2023\/03\/logo-Panper_portal-300x208.jpg 300w\" sizes=\"auto, (max-width: 295px) 100vw, 295px\" \/><\/a><\/figure><\/div>\n","protected":false},"excerpt":{"rendered":"<p>A cria\u00e7\u00e3o de um or\u00e7amento tribut\u00e1rio s\u00f3lido ser\u00e1 fundamental para que as empresas enfrentem a transi\u00e7\u00e3o trazida pela reforma de forma eficiente No dia 17 de dezembro de 2024, a C\u00e2mara dos Deputados aprovou um dos projetos que regulamentam a reforma tribut\u00e1ria, previamente revisado pelo Senado e devolvido com altera\u00e7\u00f5es. O texto agora segue para [&hellip;]<\/p>\n","protected":false},"author":39,"featured_media":61498,"comment_status":"open","ping_status":"open","sticky":false,"template":"","format":"standard","meta":{"footnotes":""},"categories":[9],"tags":[982,13644,24555,6829,20538,4046,28036,486],"class_list":["post-61496","post","type-post","status-publish","format-standard","has-post-thumbnail","hentry","category-economia","tag-camara-dos-deputados","tag-cofins","tag-creditos-tributarios","tag-ipi","tag-pis","tag-reforma-tributaria","tag-regras-tributarias","tag-senado"],"yoast_head":"<!-- This site is optimized with the Yoast SEO plugin v26.5 - https:\/\/yoast.com\/wordpress\/plugins\/seo\/ -->\n<title>Reforma tribut\u00e1ria e a utiliza\u00e7\u00e3o dos cr\u00e9ditos tribut\u00e1rios - Jornal Fatos e Not\u00edcias<\/title>\n<meta name=\"robots\" content=\"index, follow, max-snippet:-1, max-image-preview:large, max-video-preview:-1\" \/>\n<link rel=\"canonical\" href=\"https:\/\/jornalfatosenoticias.com.br\/index.php\/2025\/08\/28\/reforma-tributaria-e-a-utilizacao-dos-creditos-tributarios-2\/\" \/>\n<meta property=\"og:locale\" content=\"pt_BR\" \/>\n<meta property=\"og:type\" content=\"article\" \/>\n<meta property=\"og:title\" content=\"Reforma tribut\u00e1ria e a utiliza\u00e7\u00e3o dos cr\u00e9ditos tribut\u00e1rios - Jornal Fatos e Not\u00edcias\" \/>\n<meta property=\"og:description\" content=\"A cria\u00e7\u00e3o de um or\u00e7amento tribut\u00e1rio s\u00f3lido ser\u00e1 fundamental para que as empresas enfrentem a transi\u00e7\u00e3o trazida pela reforma de forma eficiente No dia 17 de dezembro de 2024, a C\u00e2mara dos Deputados aprovou um dos projetos que regulamentam a reforma tribut\u00e1ria, previamente revisado pelo Senado e devolvido com altera\u00e7\u00f5es. O texto agora segue para [&hellip;]\" \/>\n<meta property=\"og:url\" content=\"https:\/\/jornalfatosenoticias.com.br\/index.php\/2025\/08\/28\/reforma-tributaria-e-a-utilizacao-dos-creditos-tributarios-2\/\" \/>\n<meta property=\"og:site_name\" content=\"Jornal Fatos e Not\u00edcias\" \/>\n<meta property=\"article:published_time\" content=\"2025-08-28T23:49:11+00:00\" \/>\n<meta property=\"article:modified_time\" content=\"2025-08-28T23:49:12+00:00\" \/>\n<meta property=\"og:image\" content=\"https:\/\/jornalfatosenoticias.com.br\/wp-content\/uploads\/2025\/08\/reforma-tributaria-saco-de-dinheiro_freepik.jpg\" \/>\n\t<meta property=\"og:image:width\" content=\"768\" \/>\n\t<meta property=\"og:image:height\" content=\"661\" \/>\n\t<meta property=\"og:image:type\" content=\"image\/jpeg\" \/>\n<meta name=\"author\" content=\"Rogerio Fernandes e Kalyne Calais\" \/>\n<meta name=\"twitter:card\" content=\"summary_large_image\" \/>\n<meta name=\"twitter:label1\" content=\"Escrito por\" \/>\n\t<meta name=\"twitter:data1\" content=\"Rogerio Fernandes e Kalyne Calais\" \/>\n\t<meta name=\"twitter:label2\" content=\"Est. tempo de leitura\" \/>\n\t<meta name=\"twitter:data2\" content=\"3 minutos\" \/>\n<script type=\"application\/ld+json\" class=\"yoast-schema-graph\">{\"@context\":\"https:\/\/schema.org\",\"@graph\":[{\"@type\":\"Article\",\"@id\":\"https:\/\/jornalfatosenoticias.com.br\/index.php\/2025\/08\/28\/reforma-tributaria-e-a-utilizacao-dos-creditos-tributarios-2\/#article\",\"isPartOf\":{\"@id\":\"https:\/\/jornalfatosenoticias.com.br\/index.php\/2025\/08\/28\/reforma-tributaria-e-a-utilizacao-dos-creditos-tributarios-2\/\"},\"author\":{\"name\":\"Rogerio Fernandes e Kalyne Calais\",\"@id\":\"https:\/\/jornalfatosenoticias.com.br\/#\/schema\/person\/dbe3a29c2a0ae01a892d7aef31d6c0b6\"},\"headline\":\"Reforma tribut\u00e1ria e a utiliza\u00e7\u00e3o dos cr\u00e9ditos tribut\u00e1rios\",\"datePublished\":\"2025-08-28T23:49:11+00:00\",\"dateModified\":\"2025-08-28T23:49:12+00:00\",\"mainEntityOfPage\":{\"@id\":\"https:\/\/jornalfatosenoticias.com.br\/index.php\/2025\/08\/28\/reforma-tributaria-e-a-utilizacao-dos-creditos-tributarios-2\/\"},\"wordCount\":624,\"commentCount\":0,\"publisher\":{\"@id\":\"https:\/\/jornalfatosenoticias.com.br\/#organization\"},\"image\":{\"@id\":\"https:\/\/jornalfatosenoticias.com.br\/index.php\/2025\/08\/28\/reforma-tributaria-e-a-utilizacao-dos-creditos-tributarios-2\/#primaryimage\"},\"thumbnailUrl\":\"https:\/\/jornalfatosenoticias.com.br\/wp-content\/uploads\/2025\/08\/reforma-tributaria-saco-de-dinheiro_freepik.jpg\",\"keywords\":[\"C\u00e2mara dos Deputados\",\"Cofins\",\"cr\u00e9ditos tribut\u00e1rios\",\"IPI\",\"Pis\",\"Reforma Tribut\u00e1ria\",\"regras tribut\u00e1rias\",\"Senado\"],\"articleSection\":[\"Economia\"],\"inLanguage\":\"pt-BR\",\"potentialAction\":[{\"@type\":\"CommentAction\",\"name\":\"Comment\",\"target\":[\"https:\/\/jornalfatosenoticias.com.br\/index.php\/2025\/08\/28\/reforma-tributaria-e-a-utilizacao-dos-creditos-tributarios-2\/#respond\"]}]},{\"@type\":\"WebPage\",\"@id\":\"https:\/\/jornalfatosenoticias.com.br\/index.php\/2025\/08\/28\/reforma-tributaria-e-a-utilizacao-dos-creditos-tributarios-2\/\",\"url\":\"https:\/\/jornalfatosenoticias.com.br\/index.php\/2025\/08\/28\/reforma-tributaria-e-a-utilizacao-dos-creditos-tributarios-2\/\",\"name\":\"Reforma tribut\u00e1ria e a utiliza\u00e7\u00e3o dos cr\u00e9ditos tribut\u00e1rios - Jornal Fatos e Not\u00edcias\",\"isPartOf\":{\"@id\":\"https:\/\/jornalfatosenoticias.com.br\/#website\"},\"primaryImageOfPage\":{\"@id\":\"https:\/\/jornalfatosenoticias.com.br\/index.php\/2025\/08\/28\/reforma-tributaria-e-a-utilizacao-dos-creditos-tributarios-2\/#primaryimage\"},\"image\":{\"@id\":\"https:\/\/jornalfatosenoticias.com.br\/index.php\/2025\/08\/28\/reforma-tributaria-e-a-utilizacao-dos-creditos-tributarios-2\/#primaryimage\"},\"thumbnailUrl\":\"https:\/\/jornalfatosenoticias.com.br\/wp-content\/uploads\/2025\/08\/reforma-tributaria-saco-de-dinheiro_freepik.jpg\",\"datePublished\":\"2025-08-28T23:49:11+00:00\",\"dateModified\":\"2025-08-28T23:49:12+00:00\",\"breadcrumb\":{\"@id\":\"https:\/\/jornalfatosenoticias.com.br\/index.php\/2025\/08\/28\/reforma-tributaria-e-a-utilizacao-dos-creditos-tributarios-2\/#breadcrumb\"},\"inLanguage\":\"pt-BR\",\"potentialAction\":[{\"@type\":\"ReadAction\",\"target\":[\"https:\/\/jornalfatosenoticias.com.br\/index.php\/2025\/08\/28\/reforma-tributaria-e-a-utilizacao-dos-creditos-tributarios-2\/\"]}]},{\"@type\":\"ImageObject\",\"inLanguage\":\"pt-BR\",\"@id\":\"https:\/\/jornalfatosenoticias.com.br\/index.php\/2025\/08\/28\/reforma-tributaria-e-a-utilizacao-dos-creditos-tributarios-2\/#primaryimage\",\"url\":\"https:\/\/jornalfatosenoticias.com.br\/wp-content\/uploads\/2025\/08\/reforma-tributaria-saco-de-dinheiro_freepik.jpg\",\"contentUrl\":\"https:\/\/jornalfatosenoticias.com.br\/wp-content\/uploads\/2025\/08\/reforma-tributaria-saco-de-dinheiro_freepik.jpg\",\"width\":768,\"height\":661},{\"@type\":\"BreadcrumbList\",\"@id\":\"https:\/\/jornalfatosenoticias.com.br\/index.php\/2025\/08\/28\/reforma-tributaria-e-a-utilizacao-dos-creditos-tributarios-2\/#breadcrumb\",\"itemListElement\":[{\"@type\":\"ListItem\",\"position\":1,\"name\":\"In\u00edcio\",\"item\":\"https:\/\/jornalfatosenoticias.com.br\/\"},{\"@type\":\"ListItem\",\"position\":2,\"name\":\"Reforma tribut\u00e1ria e a utiliza\u00e7\u00e3o dos cr\u00e9ditos tribut\u00e1rios\"}]},{\"@type\":\"WebSite\",\"@id\":\"https:\/\/jornalfatosenoticias.com.br\/#website\",\"url\":\"https:\/\/jornalfatosenoticias.com.br\/\",\"name\":\"Jornal Fatos e Not\u00edcias\",\"description\":\"Not\u00edcias em geral\",\"publisher\":{\"@id\":\"https:\/\/jornalfatosenoticias.com.br\/#organization\"},\"potentialAction\":[{\"@type\":\"SearchAction\",\"target\":{\"@type\":\"EntryPoint\",\"urlTemplate\":\"https:\/\/jornalfatosenoticias.com.br\/?s={search_term_string}\"},\"query-input\":{\"@type\":\"PropertyValueSpecification\",\"valueRequired\":true,\"valueName\":\"search_term_string\"}}],\"inLanguage\":\"pt-BR\"},{\"@type\":\"Organization\",\"@id\":\"https:\/\/jornalfatosenoticias.com.br\/#organization\",\"name\":\"Jornal Fatos e Not\u00edcias\",\"url\":\"https:\/\/jornalfatosenoticias.com.br\/\",\"logo\":{\"@type\":\"ImageObject\",\"inLanguage\":\"pt-BR\",\"@id\":\"https:\/\/jornalfatosenoticias.com.br\/#\/schema\/logo\/image\/\",\"url\":\"https:\/\/jornalfatosenoticias.com.br\/wp-content\/uploads\/2020\/02\/logo120.png\",\"contentUrl\":\"https:\/\/jornalfatosenoticias.com.br\/wp-content\/uploads\/2020\/02\/logo120.png\",\"width\":1227,\"height\":120,\"caption\":\"Jornal Fatos e Not\u00edcias\"},\"image\":{\"@id\":\"https:\/\/jornalfatosenoticias.com.br\/#\/schema\/logo\/image\/\"}},{\"@type\":\"Person\",\"@id\":\"https:\/\/jornalfatosenoticias.com.br\/#\/schema\/person\/dbe3a29c2a0ae01a892d7aef31d6c0b6\",\"name\":\"Rogerio Fernandes e Kalyne Calais\",\"image\":{\"@type\":\"ImageObject\",\"inLanguage\":\"pt-BR\",\"@id\":\"https:\/\/jornalfatosenoticias.com.br\/#\/schema\/person\/image\/\",\"url\":\"https:\/\/jornalfatosenoticias.com.br\/wp-content\/uploads\/2026\/01\/Rogerio-Kalyne_PORTAL-1-150x150.jpeg\",\"contentUrl\":\"https:\/\/jornalfatosenoticias.com.br\/wp-content\/uploads\/2026\/01\/Rogerio-Kalyne_PORTAL-1-150x150.jpeg\",\"caption\":\"Rogerio Fernandes e Kalyne Calais\"},\"description\":\"Especialistas em Direito Tribut\u00e1rio Legis Juris Consultoria https:\/\/www.instagram.com\/kalynecalais\/ https:\/\/www.linkedin.com\/company\/legis-juris\/\",\"url\":\"https:\/\/jornalfatosenoticias.com.br\/index.php\/author\/rogerio-e-kalyne\/\"}]}<\/script>\n<!-- \/ Yoast SEO plugin. -->","yoast_head_json":{"title":"Reforma tribut\u00e1ria e a utiliza\u00e7\u00e3o dos cr\u00e9ditos tribut\u00e1rios - Jornal Fatos e Not\u00edcias","robots":{"index":"index","follow":"follow","max-snippet":"max-snippet:-1","max-image-preview":"max-image-preview:large","max-video-preview":"max-video-preview:-1"},"canonical":"https:\/\/jornalfatosenoticias.com.br\/index.php\/2025\/08\/28\/reforma-tributaria-e-a-utilizacao-dos-creditos-tributarios-2\/","og_locale":"pt_BR","og_type":"article","og_title":"Reforma tribut\u00e1ria e a utiliza\u00e7\u00e3o dos cr\u00e9ditos tribut\u00e1rios - Jornal Fatos e Not\u00edcias","og_description":"A cria\u00e7\u00e3o de um or\u00e7amento tribut\u00e1rio s\u00f3lido ser\u00e1 fundamental para que as empresas enfrentem a transi\u00e7\u00e3o trazida pela reforma de forma eficiente No dia 17 de dezembro de 2024, a C\u00e2mara dos Deputados aprovou um dos projetos que regulamentam a reforma tribut\u00e1ria, previamente revisado pelo Senado e devolvido com altera\u00e7\u00f5es. O texto agora segue para [&hellip;]","og_url":"https:\/\/jornalfatosenoticias.com.br\/index.php\/2025\/08\/28\/reforma-tributaria-e-a-utilizacao-dos-creditos-tributarios-2\/","og_site_name":"Jornal Fatos e Not\u00edcias","article_published_time":"2025-08-28T23:49:11+00:00","article_modified_time":"2025-08-28T23:49:12+00:00","og_image":[{"width":768,"height":661,"url":"https:\/\/jornalfatosenoticias.com.br\/wp-content\/uploads\/2025\/08\/reforma-tributaria-saco-de-dinheiro_freepik.jpg","type":"image\/jpeg"}],"author":"Rogerio Fernandes e Kalyne Calais","twitter_card":"summary_large_image","twitter_misc":{"Escrito por":"Rogerio Fernandes e Kalyne Calais","Est. tempo de leitura":"3 minutos"},"schema":{"@context":"https:\/\/schema.org","@graph":[{"@type":"Article","@id":"https:\/\/jornalfatosenoticias.com.br\/index.php\/2025\/08\/28\/reforma-tributaria-e-a-utilizacao-dos-creditos-tributarios-2\/#article","isPartOf":{"@id":"https:\/\/jornalfatosenoticias.com.br\/index.php\/2025\/08\/28\/reforma-tributaria-e-a-utilizacao-dos-creditos-tributarios-2\/"},"author":{"name":"Rogerio Fernandes e Kalyne Calais","@id":"https:\/\/jornalfatosenoticias.com.br\/#\/schema\/person\/dbe3a29c2a0ae01a892d7aef31d6c0b6"},"headline":"Reforma tribut\u00e1ria e a utiliza\u00e7\u00e3o dos cr\u00e9ditos tribut\u00e1rios","datePublished":"2025-08-28T23:49:11+00:00","dateModified":"2025-08-28T23:49:12+00:00","mainEntityOfPage":{"@id":"https:\/\/jornalfatosenoticias.com.br\/index.php\/2025\/08\/28\/reforma-tributaria-e-a-utilizacao-dos-creditos-tributarios-2\/"},"wordCount":624,"commentCount":0,"publisher":{"@id":"https:\/\/jornalfatosenoticias.com.br\/#organization"},"image":{"@id":"https:\/\/jornalfatosenoticias.com.br\/index.php\/2025\/08\/28\/reforma-tributaria-e-a-utilizacao-dos-creditos-tributarios-2\/#primaryimage"},"thumbnailUrl":"https:\/\/jornalfatosenoticias.com.br\/wp-content\/uploads\/2025\/08\/reforma-tributaria-saco-de-dinheiro_freepik.jpg","keywords":["C\u00e2mara dos Deputados","Cofins","cr\u00e9ditos tribut\u00e1rios","IPI","Pis","Reforma Tribut\u00e1ria","regras tribut\u00e1rias","Senado"],"articleSection":["Economia"],"inLanguage":"pt-BR","potentialAction":[{"@type":"CommentAction","name":"Comment","target":["https:\/\/jornalfatosenoticias.com.br\/index.php\/2025\/08\/28\/reforma-tributaria-e-a-utilizacao-dos-creditos-tributarios-2\/#respond"]}]},{"@type":"WebPage","@id":"https:\/\/jornalfatosenoticias.com.br\/index.php\/2025\/08\/28\/reforma-tributaria-e-a-utilizacao-dos-creditos-tributarios-2\/","url":"https:\/\/jornalfatosenoticias.com.br\/index.php\/2025\/08\/28\/reforma-tributaria-e-a-utilizacao-dos-creditos-tributarios-2\/","name":"Reforma tribut\u00e1ria e a utiliza\u00e7\u00e3o dos cr\u00e9ditos tribut\u00e1rios - Jornal Fatos e Not\u00edcias","isPartOf":{"@id":"https:\/\/jornalfatosenoticias.com.br\/#website"},"primaryImageOfPage":{"@id":"https:\/\/jornalfatosenoticias.com.br\/index.php\/2025\/08\/28\/reforma-tributaria-e-a-utilizacao-dos-creditos-tributarios-2\/#primaryimage"},"image":{"@id":"https:\/\/jornalfatosenoticias.com.br\/index.php\/2025\/08\/28\/reforma-tributaria-e-a-utilizacao-dos-creditos-tributarios-2\/#primaryimage"},"thumbnailUrl":"https:\/\/jornalfatosenoticias.com.br\/wp-content\/uploads\/2025\/08\/reforma-tributaria-saco-de-dinheiro_freepik.jpg","datePublished":"2025-08-28T23:49:11+00:00","dateModified":"2025-08-28T23:49:12+00:00","breadcrumb":{"@id":"https:\/\/jornalfatosenoticias.com.br\/index.php\/2025\/08\/28\/reforma-tributaria-e-a-utilizacao-dos-creditos-tributarios-2\/#breadcrumb"},"inLanguage":"pt-BR","potentialAction":[{"@type":"ReadAction","target":["https:\/\/jornalfatosenoticias.com.br\/index.php\/2025\/08\/28\/reforma-tributaria-e-a-utilizacao-dos-creditos-tributarios-2\/"]}]},{"@type":"ImageObject","inLanguage":"pt-BR","@id":"https:\/\/jornalfatosenoticias.com.br\/index.php\/2025\/08\/28\/reforma-tributaria-e-a-utilizacao-dos-creditos-tributarios-2\/#primaryimage","url":"https:\/\/jornalfatosenoticias.com.br\/wp-content\/uploads\/2025\/08\/reforma-tributaria-saco-de-dinheiro_freepik.jpg","contentUrl":"https:\/\/jornalfatosenoticias.com.br\/wp-content\/uploads\/2025\/08\/reforma-tributaria-saco-de-dinheiro_freepik.jpg","width":768,"height":661},{"@type":"BreadcrumbList","@id":"https:\/\/jornalfatosenoticias.com.br\/index.php\/2025\/08\/28\/reforma-tributaria-e-a-utilizacao-dos-creditos-tributarios-2\/#breadcrumb","itemListElement":[{"@type":"ListItem","position":1,"name":"In\u00edcio","item":"https:\/\/jornalfatosenoticias.com.br\/"},{"@type":"ListItem","position":2,"name":"Reforma tribut\u00e1ria e a utiliza\u00e7\u00e3o dos cr\u00e9ditos tribut\u00e1rios"}]},{"@type":"WebSite","@id":"https:\/\/jornalfatosenoticias.com.br\/#website","url":"https:\/\/jornalfatosenoticias.com.br\/","name":"Jornal Fatos e Not\u00edcias","description":"Not\u00edcias em geral","publisher":{"@id":"https:\/\/jornalfatosenoticias.com.br\/#organization"},"potentialAction":[{"@type":"SearchAction","target":{"@type":"EntryPoint","urlTemplate":"https:\/\/jornalfatosenoticias.com.br\/?s={search_term_string}"},"query-input":{"@type":"PropertyValueSpecification","valueRequired":true,"valueName":"search_term_string"}}],"inLanguage":"pt-BR"},{"@type":"Organization","@id":"https:\/\/jornalfatosenoticias.com.br\/#organization","name":"Jornal Fatos e Not\u00edcias","url":"https:\/\/jornalfatosenoticias.com.br\/","logo":{"@type":"ImageObject","inLanguage":"pt-BR","@id":"https:\/\/jornalfatosenoticias.com.br\/#\/schema\/logo\/image\/","url":"https:\/\/jornalfatosenoticias.com.br\/wp-content\/uploads\/2020\/02\/logo120.png","contentUrl":"https:\/\/jornalfatosenoticias.com.br\/wp-content\/uploads\/2020\/02\/logo120.png","width":1227,"height":120,"caption":"Jornal Fatos e Not\u00edcias"},"image":{"@id":"https:\/\/jornalfatosenoticias.com.br\/#\/schema\/logo\/image\/"}},{"@type":"Person","@id":"https:\/\/jornalfatosenoticias.com.br\/#\/schema\/person\/dbe3a29c2a0ae01a892d7aef31d6c0b6","name":"Rogerio Fernandes e Kalyne Calais","image":{"@type":"ImageObject","inLanguage":"pt-BR","@id":"https:\/\/jornalfatosenoticias.com.br\/#\/schema\/person\/image\/","url":"https:\/\/jornalfatosenoticias.com.br\/wp-content\/uploads\/2026\/01\/Rogerio-Kalyne_PORTAL-1-150x150.jpeg","contentUrl":"https:\/\/jornalfatosenoticias.com.br\/wp-content\/uploads\/2026\/01\/Rogerio-Kalyne_PORTAL-1-150x150.jpeg","caption":"Rogerio Fernandes e Kalyne Calais"},"description":"Especialistas em Direito Tribut\u00e1rio Legis Juris Consultoria https:\/\/www.instagram.com\/kalynecalais\/ https:\/\/www.linkedin.com\/company\/legis-juris\/","url":"https:\/\/jornalfatosenoticias.com.br\/index.php\/author\/rogerio-e-kalyne\/"}]}},"cc_featured_image_caption":{"caption_text":"(Foto: Freepik) ","source_text":"","source_url":""},"jetpack_featured_media_url":"https:\/\/jornalfatosenoticias.com.br\/wp-content\/uploads\/2025\/08\/reforma-tributaria-saco-de-dinheiro_freepik.jpg","_links":{"self":[{"href":"https:\/\/jornalfatosenoticias.com.br\/index.php\/wp-json\/wp\/v2\/posts\/61496","targetHints":{"allow":["GET"]}}],"collection":[{"href":"https:\/\/jornalfatosenoticias.com.br\/index.php\/wp-json\/wp\/v2\/posts"}],"about":[{"href":"https:\/\/jornalfatosenoticias.com.br\/index.php\/wp-json\/wp\/v2\/types\/post"}],"author":[{"embeddable":true,"href":"https:\/\/jornalfatosenoticias.com.br\/index.php\/wp-json\/wp\/v2\/users\/39"}],"replies":[{"embeddable":true,"href":"https:\/\/jornalfatosenoticias.com.br\/index.php\/wp-json\/wp\/v2\/comments?post=61496"}],"version-history":[{"count":0,"href":"https:\/\/jornalfatosenoticias.com.br\/index.php\/wp-json\/wp\/v2\/posts\/61496\/revisions"}],"wp:featuredmedia":[{"embeddable":true,"href":"https:\/\/jornalfatosenoticias.com.br\/index.php\/wp-json\/wp\/v2\/media\/61498"}],"wp:attachment":[{"href":"https:\/\/jornalfatosenoticias.com.br\/index.php\/wp-json\/wp\/v2\/media?parent=61496"}],"wp:term":[{"taxonomy":"category","embeddable":true,"href":"https:\/\/jornalfatosenoticias.com.br\/index.php\/wp-json\/wp\/v2\/categories?post=61496"},{"taxonomy":"post_tag","embeddable":true,"href":"https:\/\/jornalfatosenoticias.com.br\/index.php\/wp-json\/wp\/v2\/tags?post=61496"}],"curies":[{"name":"wp","href":"https:\/\/api.w.org\/{rel}","templated":true}]}}