{"id":61503,"date":"2025-08-28T21:05:55","date_gmt":"2025-08-29T00:05:55","guid":{"rendered":"https:\/\/jornalfatosenoticias.com.br\/?p=61503"},"modified":"2025-08-28T21:05:56","modified_gmt":"2025-08-29T00:05:56","slug":"adolescencia-hoje-as-dependencias-as-violencias-parte-i","status":"publish","type":"post","link":"https:\/\/jornalfatosenoticias.com.br\/index.php\/2025\/08\/28\/adolescencia-hoje-as-dependencias-as-violencias-parte-i\/","title":{"rendered":"Adolesc\u00eancia hoje, as depend\u00eancias, as viol\u00eancias \u2014 Parte I"},"content":{"rendered":"\n<p><span class=\"has-inline-color has-black-color\"><em>E quando teremos a inaugura\u00e7\u00e3o da Cultura dos Afetos, do Respeito, a garantia efetiva do Melhor Interesse da Crian\u00e7a? Quando seremos capazes de valorar o afeto de um v\u00ednculo de qualidade no lugar de achar, achar, que os bens materiais v\u00e3o produzir mais \u201coportunidades\u201d?<\/em><\/span><\/p>\n\n\n\n<div class=\"wp-block-image\"><figure class=\"aligncenter size-large\"><a href=\"https:\/\/mizu.com.br\/\"><img loading=\"lazy\" decoding=\"async\" width=\"729\" height=\"90\" src=\"https:\/\/jornalfatosenoticias.com.br\/wp-content\/uploads\/2020\/02\/Logo_Mizu.png\" alt=\"\" class=\"wp-image-1441\" srcset=\"https:\/\/jornalfatosenoticias.com.br\/wp-content\/uploads\/2020\/02\/Logo_Mizu.png 729w, https:\/\/jornalfatosenoticias.com.br\/wp-content\/uploads\/2020\/02\/Logo_Mizu-300x37.png 300w\" sizes=\"auto, (max-width: 729px) 100vw, 729px\" \/><\/a><\/figure><\/div>\n\n\n\n<p>Nosso jardim do trabalho est\u00e1 t\u00e3o lindo! S\u00e3o oito esp\u00e9cies de orqu\u00eddeas de inverno floridas, com pend\u00f5es de cinco a 12 flores, nos visitando por um m\u00eas. Mais tr\u00eas plantas exibem seus pend\u00f5es com muitos bot\u00f5es que crescem a cada dia, anunciando mais belezas chegando. Al\u00e9m das orqu\u00eddeas, de os mais lindos coloridos, e tamanhos variados, est\u00e1 l\u00e1 a menorzinha, com seus cachinhos de flores de dois cent\u00edmetros e intenso perfume, item que n\u00e3o \u00e9 muito comum entre as orqu\u00eddeas. Um festival sensorial que faz bem ao corpo e \u00e0 alma. Para completar, a flora\u00e7\u00e3o da Mirra, folhas aveludadas muito cheirosas, um dos presentes b\u00edblicos. De uma delicadeza estonteante, os cachos de min\u00fasculas flores brancas, suavemente rosadinhas, em tufos na ponta dos galhos, capturam nosso olhar.<\/p>\n\n\n\n<div class=\"wp-block-image\"><figure class=\"aligncenter size-large\"><a href=\"https:\/\/www.cesconetto.com.br\/\"><img loading=\"lazy\" decoding=\"async\" width=\"300\" height=\"250\" src=\"https:\/\/jornalfatosenoticias.com.br\/wp-content\/uploads\/2020\/02\/Banner-2.png\" alt=\"\" class=\"wp-image-43787\"\/><\/a><\/figure><\/div>\n\n\n\n<p>As folhagens gra\u00fadas, n\u00e3o sei o nome da esp\u00e9cie, mas sei que suas flores de um vermelho forte, em palmas, seguem essa ordem de beleza da natureza. O alecrim, quase um arbusto, lindo exalando seu sabor delicioso. E as jabuticabeiras cheias de flores e de jabuticabas em seus caules, que alimentam os mais de 50 passarinhos que nos visitam todos os dias. Todo o alvorecer eles v\u00eam pedir o caf\u00e9 da manh\u00e3 para mim. Momento \u00fanico\u2026 Nem imaginam quanto. H\u00e1 tempos que o lindo gavi\u00e3o preto e branco de colar vermelho e sua companheira, e o outro preto e amarelo, esse solteiro, n\u00e3o aparecem. Ainda bem. Que cacem em outros lugares. J\u00e1 testemunhamos, impotentes, algumas batalhas ferozes. \u00c9 horr\u00edvel ver um forte atacar um vulner\u00e1vel. Mas, hoje encontramos um ninho em constru\u00e7\u00e3o em meio \u00e0s trepadeiras que florescem na primavera e no ver\u00e3o. Os novos beb\u00eas passarinhos, como os anteriores, chegam nessa \u00e9poca.<\/p>\n\n\n\n<div class=\"wp-block-image\"><figure class=\"aligncenter size-large is-resized\"><a href=\"https:\/\/hotelmarquetti.com.br\/\"><img loading=\"lazy\" decoding=\"async\" src=\"https:\/\/jornalfatosenoticias.com.br\/wp-content\/uploads\/2020\/02\/LOGO-MQ-1024x680.jpg\" alt=\"\" class=\"wp-image-58299\" width=\"316\" height=\"210\" srcset=\"https:\/\/jornalfatosenoticias.com.br\/wp-content\/uploads\/2020\/02\/LOGO-MQ-1024x680.jpg 1024w, https:\/\/jornalfatosenoticias.com.br\/wp-content\/uploads\/2020\/02\/LOGO-MQ-300x199.jpg 300w, https:\/\/jornalfatosenoticias.com.br\/wp-content\/uploads\/2020\/02\/LOGO-MQ-768x510.jpg 768w, https:\/\/jornalfatosenoticias.com.br\/wp-content\/uploads\/2020\/02\/LOGO-MQ-1536x1020.jpg 1536w, https:\/\/jornalfatosenoticias.com.br\/wp-content\/uploads\/2020\/02\/LOGO-MQ-2048x1360.jpg 2048w\" sizes=\"auto, (max-width: 316px) 100vw, 316px\" \/><\/a><\/figure><\/div>\n\n\n\n<p>No pr\u00f3ximo domingo, dia de Arte, no meu FB, prometo que vou publicar algumas fotos, para compartilhar com todos os que gostam da Natureza conjugada ao trabalho. N\u00e3o temos um consult\u00f3rio rural. N\u00e3o. Em meio ao burburinho da cidade, polvilhada de turistas de v\u00e1rias partes, apenas, cuidamos de um pedacinho de Natureza.<\/p>\n\n\n\n<div class=\"wp-block-image\"><figure class=\"aligncenter size-large\"><img loading=\"lazy\" decoding=\"async\" width=\"1000\" height=\"666\" src=\"https:\/\/jornalfatosenoticias.com.br\/wp-content\/uploads\/2025\/08\/orquidea-iencarelli_freepik.jpg\" alt=\"\" class=\"wp-image-61504\" srcset=\"https:\/\/jornalfatosenoticias.com.br\/wp-content\/uploads\/2025\/08\/orquidea-iencarelli_freepik.jpg 1000w, https:\/\/jornalfatosenoticias.com.br\/wp-content\/uploads\/2025\/08\/orquidea-iencarelli_freepik-300x200.jpg 300w, https:\/\/jornalfatosenoticias.com.br\/wp-content\/uploads\/2025\/08\/orquidea-iencarelli_freepik-768x511.jpg 768w\" sizes=\"auto, (max-width: 1000px) 100vw, 1000px\" \/><figcaption><em><span class=\"has-inline-color has-black-color\">(Foto: Freepik)<\/span><\/em><\/figcaption><\/figure><\/div>\n\n\n\n<p>Gostaria de escrever sempre sobre essas coisas bonitas que consigo cultivar, manter. Como eu queria. Mas, se temos essas belezas, esses perfumes, essa Natureza que se mostra generosamente, temos as feiuras humanas. Lament\u00e1vel. Muito. <\/p>\n\n\n\n<div class=\"wp-block-image\"><figure class=\"aligncenter size-large is-resized\"><a href=\"https:\/\/www.controlsystems.com.br\/\"><img loading=\"lazy\" decoding=\"async\" src=\"https:\/\/jornalfatosenoticias.com.br\/wp-content\/uploads\/2020\/02\/CONTROL-CS.jpg\" alt=\"\" class=\"wp-image-44991\" width=\"271\" height=\"325\" srcset=\"https:\/\/jornalfatosenoticias.com.br\/wp-content\/uploads\/2020\/02\/CONTROL-CS.jpg 834w, https:\/\/jornalfatosenoticias.com.br\/wp-content\/uploads\/2020\/02\/CONTROL-CS-250x300.jpg 250w, https:\/\/jornalfatosenoticias.com.br\/wp-content\/uploads\/2020\/02\/CONTROL-CS-768x921.jpg 768w\" sizes=\"auto, (max-width: 271px) 100vw, 271px\" \/><\/a><\/figure><\/div>\n\n\n\n<p>Veio a p\u00fablico a adultiza\u00e7\u00e3o de crian\u00e7as e adolescentes com fins lucrativos. Foi no momento certo, confeccionado de maneira certa, com t\u00edtulo certo. O tema j\u00e1 foi denunciado muitas e muitas vezes, mas o Felca, ficamos devendo essa para ele, d\u00edvida enorme, foi um arqueiro de rara pontaria, e acertou o alvo. Precipitou at\u00e9 a pauta e vota\u00e7\u00e3o de Regulamenta\u00e7\u00e3o, inicial, da Internet usada por crian\u00e7as e adolescentes. A digital da resist\u00eancia ao combate \u00e0 pedofilia, ficou por conta, uma das coisas, da restri\u00e7\u00e3o dos poss\u00edveis denunciantes. Sendo poucos os autorizados a denunciar esses crimes que deveriam ter o selo \u201cHediondo\u201d, s\u00e3o poucos os que precisam ser ludibriados na continuidade da explora\u00e7\u00e3o do trabalho sexual escravo infantil, e de toda a variada pr\u00e1tica de atos de pedofilia. Mas \u00e9 um \u00f3timo come\u00e7o.<\/p>\n\n\n\n<div class=\"wp-block-image\"><figure class=\"aligncenter size-large is-resized\"><a href=\"https:\/\/www.instagram.com\/gruposei\/\"><img loading=\"lazy\" decoding=\"async\" src=\"https:\/\/jornalfatosenoticias.com.br\/wp-content\/uploads\/2022\/07\/Logo-Grupo-SEI.jpg\" alt=\"\" class=\"wp-image-31973\" width=\"363\" height=\"190\" srcset=\"https:\/\/jornalfatosenoticias.com.br\/wp-content\/uploads\/2022\/07\/Logo-Grupo-SEI.jpg 713w, https:\/\/jornalfatosenoticias.com.br\/wp-content\/uploads\/2022\/07\/Logo-Grupo-SEI-300x158.jpg 300w\" sizes=\"auto, (max-width: 363px) 100vw, 363px\" \/><\/a><\/figure><\/div>\n\n\n\n<p>Para al\u00e9m do aliciamento, da explora\u00e7\u00e3o, da comercializa\u00e7\u00e3o de v\u00eddeos pornogr\u00e1ficos, acrescento aqui a produ\u00e7\u00e3o e venda na internet de v\u00eddeos de estupros de beb\u00eas que venho denunciando h\u00e1 bastante tempo. Algumas outras pessoas tamb\u00e9m v\u00eam tentando que se pense como fazer esse combate, e, entre essas pessoas, muitas vezes a Paula Reis, que dirigiu, brilhantemente, o Departamento da Pol\u00edcia Federal de Combate ao Crime Sexual Cibern\u00e9tico contra Crian\u00e7a, relatou, publicamente, v\u00e1rias vezes a ocorr\u00eancia, a investiga\u00e7\u00e3o, e algumas pris\u00f5es, n\u00e3o sabemos por quanto tempo, de criminosos que comercializavam, comercializam, v\u00eddeos pornogr\u00e1ficos de beb\u00eas. Se, com provas materiais, relato pormenorizado e coerente da crian\u00e7a, Exame de Corpo de Delito afirmando positividade para conjun\u00e7\u00e3o carnal, um estupro de vulner\u00e1vel \u00e9 travestido de aliena\u00e7\u00e3o da m\u00e3e, imaginemos como ser\u00e1 se uma m\u00e3e denunciar um estupro de vulner\u00e1vel beb\u00ea. Vai sair da Delegacia ou da audi\u00eancia numa camisa de for\u00e7a.<\/p>\n\n\n\n<div class=\"wp-block-image\"><figure class=\"aligncenter size-large\"><img loading=\"lazy\" decoding=\"async\" width=\"1000\" height=\"500\" src=\"https:\/\/jornalfatosenoticias.com.br\/wp-content\/uploads\/2025\/08\/adolescente-sendo-vitima-de-crime-cibernetico_freepik.jpg\" alt=\"\" class=\"wp-image-61505\" srcset=\"https:\/\/jornalfatosenoticias.com.br\/wp-content\/uploads\/2025\/08\/adolescente-sendo-vitima-de-crime-cibernetico_freepik.jpg 1000w, https:\/\/jornalfatosenoticias.com.br\/wp-content\/uploads\/2025\/08\/adolescente-sendo-vitima-de-crime-cibernetico_freepik-300x150.jpg 300w, https:\/\/jornalfatosenoticias.com.br\/wp-content\/uploads\/2025\/08\/adolescente-sendo-vitima-de-crime-cibernetico_freepik-768x384.jpg 768w\" sizes=\"auto, (max-width: 1000px) 100vw, 1000px\" \/><figcaption><em><span class=\"has-inline-color has-black-color\">(Foto: Freepik)<\/span><\/em><\/figcaption><\/figure><\/div>\n\n\n\n<p>\u00c9 complexo, sim, julgar essa suspeita. E filmar j\u00e1 n\u00e3o vale mais, tudo cai na \u201cafirma\u00e7\u00e3o\u201d de montagem, de IA, j\u00e1 que a Verdade foi derrotada em nosso tempo. N\u00e3o tem mais nenhuma import\u00e2ncia, e, muitas vezes, fica imposs\u00edvel de enxerg\u00e1-la. Temos agora 50 tons de verdade.<\/p>\n\n\n\n<div class=\"wp-block-image\"><figure class=\"aligncenter size-large is-resized\"><a href=\"https:\/\/www.facebook.com\/postobkr\/?locale=pt_BR\"><img loading=\"lazy\" decoding=\"async\" src=\"https:\/\/jornalfatosenoticias.com.br\/wp-content\/uploads\/2023\/08\/BKR-1024x1021.jpg\" alt=\"\" class=\"wp-image-44494\" width=\"324\" height=\"323\" srcset=\"https:\/\/jornalfatosenoticias.com.br\/wp-content\/uploads\/2023\/08\/BKR-1024x1021.jpg 1024w, https:\/\/jornalfatosenoticias.com.br\/wp-content\/uploads\/2023\/08\/BKR-300x300.jpg 300w, https:\/\/jornalfatosenoticias.com.br\/wp-content\/uploads\/2023\/08\/BKR-150x150.jpg 150w, https:\/\/jornalfatosenoticias.com.br\/wp-content\/uploads\/2023\/08\/BKR-768x766.jpg 768w, https:\/\/jornalfatosenoticias.com.br\/wp-content\/uploads\/2023\/08\/BKR.jpg 1080w\" sizes=\"auto, (max-width: 324px) 100vw, 324px\" \/><\/a><\/figure><\/div>\n\n\n\n<p>E quando teremos a inaugura\u00e7\u00e3o da Cultura dos Afetos, do Respeito, a garantia efetiva do Melhor Interesse da Crian\u00e7a? Quando seremos capazes de valorar o afeto de um v\u00ednculo de qualidade no lugar de achar, achar, que os bens materiais v\u00e3o produzir mais \u201coportunidades\u201d? Os pais daquelas crian\u00e7as e adolescentes que viviam em c\u00e1rcere sexual privado e publicitado, certamente, achavam que estavam oferecendo melhores oportunidades para seus filhos e filhas. Mas esse equ\u00edvoco n\u00e3o \u00e9 exclusividade da pobreza. Essa \u00e9 uma mis\u00e9ria psicol\u00f3gica que est\u00e1 disseminada at\u00e9 nas cortes judiciais. Quantas senten\u00e7as de subtra\u00e7\u00e3o de crian\u00e7a da Guarda da m\u00e3e se baseia nessa Cultura do material, da monetiza\u00e7\u00e3o de genitores abastados. Quantas vezes as crian\u00e7as s\u00e3o v\u00edtimas dessa argumenta\u00e7\u00e3o em ju\u00edzo, que apontam vantagens materiais, por exemplo: <em>\u201cficar com seu pai \u00e9 melhor, voc\u00ea vai pra Disney\u201d<\/em>. \u00c9 matar dois coelhos com uma s\u00f3 cajadada. A identifica\u00e7\u00e3o com o agressor, valorizando o seu Poder aquisitivo, desqualificando a m\u00e3e, fornecendo uma vis\u00e3o de inferior. O segundo coelho.<br>Esse \u00e9 um pensamento viciado. \u00c9 um v\u00edcio estrutural que serve ao pequeno grupo dominante, predador em benef\u00edcio pr\u00f3prio, que produz viol\u00eancia. <\/p>\n\n\n\n<div class=\"wp-block-image\"><figure class=\"aligncenter size-large is-resized\"><a href=\"https:\/\/legisjuris.com.br\/\"><img loading=\"lazy\" decoding=\"async\" src=\"https:\/\/jornalfatosenoticias.com.br\/wp-content\/uploads\/2024\/09\/Legis-Juris-Consultoria_logo.jpg\" alt=\"\" class=\"wp-image-53915\" width=\"451\" height=\"189\" srcset=\"https:\/\/jornalfatosenoticias.com.br\/wp-content\/uploads\/2024\/09\/Legis-Juris-Consultoria_logo.jpg 969w, https:\/\/jornalfatosenoticias.com.br\/wp-content\/uploads\/2024\/09\/Legis-Juris-Consultoria_logo-300x126.jpg 300w, https:\/\/jornalfatosenoticias.com.br\/wp-content\/uploads\/2024\/09\/Legis-Juris-Consultoria_logo-768x322.jpg 768w\" sizes=\"auto, (max-width: 451px) 100vw, 451px\" \/><\/a><\/figure><\/div>\n\n\n\n<p>Viol\u00eancias que v\u00eam contaminando os adolescentes. A caracter\u00edstica vulnerabilidade da instabilidade dessa fase do desenvolvimento tem surgido em dimens\u00f5es nunca antes imaginadas. Dois casos de viol\u00eancia contra adolescentes, praticada por adolescentes ser\u00e3o tratados no pr\u00f3ximo artigo.<\/p>\n","protected":false},"excerpt":{"rendered":"<p>E quando teremos a inaugura\u00e7\u00e3o da Cultura dos Afetos, do Respeito, a garantia efetiva do Melhor Interesse da Crian\u00e7a? Quando seremos capazes de valorar o afeto de um v\u00ednculo de qualidade no lugar de achar, achar, que os bens materiais v\u00e3o produzir mais \u201coportunidades\u201d? Nosso jardim do trabalho est\u00e1 t\u00e3o lindo! S\u00e3o oito esp\u00e9cies de [&hellip;]<\/p>\n","protected":false},"author":8,"featured_media":61506,"comment_status":"open","ping_status":"open","sticky":false,"template":"","format":"standard","meta":{"footnotes":""},"categories":[2522],"tags":[2811,28038,670,6471,3367,3528,28037,2479,1368],"class_list":["post-61503","post","type-post","status-publish","format-standard","has-post-thumbnail","hentry","category-comportamento","tag-adolescentes","tag-aliciamento","tag-criancas","tag-exploracao","tag-jardim","tag-pedofilia","tag-trabalho-sexual-escravo-infantil","tag-violencia","tag-vulnerabilidade"],"yoast_head":"<!-- This site is optimized with the Yoast SEO plugin v26.5 - https:\/\/yoast.com\/wordpress\/plugins\/seo\/ -->\n<title>Adolesc\u00eancia hoje, as depend\u00eancias, as viol\u00eancias \u2014 Parte I - Jornal Fatos e Not\u00edcias<\/title>\n<meta name=\"robots\" content=\"index, follow, max-snippet:-1, max-image-preview:large, max-video-preview:-1\" \/>\n<link rel=\"canonical\" href=\"https:\/\/jornalfatosenoticias.com.br\/index.php\/2025\/08\/28\/adolescencia-hoje-as-dependencias-as-violencias-parte-i\/\" \/>\n<meta property=\"og:locale\" content=\"pt_BR\" \/>\n<meta property=\"og:type\" content=\"article\" \/>\n<meta property=\"og:title\" content=\"Adolesc\u00eancia hoje, as depend\u00eancias, as viol\u00eancias \u2014 Parte I - Jornal Fatos e Not\u00edcias\" \/>\n<meta property=\"og:description\" content=\"E quando teremos a inaugura\u00e7\u00e3o da Cultura dos Afetos, do Respeito, a garantia efetiva do Melhor Interesse da Crian\u00e7a? Quando seremos capazes de valorar o afeto de um v\u00ednculo de qualidade no lugar de achar, achar, que os bens materiais v\u00e3o produzir mais \u201coportunidades\u201d? Nosso jardim do trabalho est\u00e1 t\u00e3o lindo! S\u00e3o oito esp\u00e9cies de [&hellip;]\" \/>\n<meta property=\"og:url\" content=\"https:\/\/jornalfatosenoticias.com.br\/index.php\/2025\/08\/28\/adolescencia-hoje-as-dependencias-as-violencias-parte-i\/\" \/>\n<meta property=\"og:site_name\" content=\"Jornal Fatos e Not\u00edcias\" \/>\n<meta property=\"article:published_time\" content=\"2025-08-29T00:05:55+00:00\" \/>\n<meta property=\"article:modified_time\" content=\"2025-08-29T00:05:56+00:00\" \/>\n<meta property=\"og:image\" content=\"https:\/\/jornalfatosenoticias.com.br\/wp-content\/uploads\/2025\/08\/crimes-ciberneticos_istock.jpg\" \/>\n\t<meta property=\"og:image:width\" content=\"612\" \/>\n\t<meta property=\"og:image:height\" content=\"459\" \/>\n\t<meta property=\"og:image:type\" content=\"image\/jpeg\" \/>\n<meta name=\"author\" content=\"Ana Maria Iencarelli\" \/>\n<meta name=\"twitter:card\" content=\"summary_large_image\" \/>\n<meta name=\"twitter:label1\" content=\"Escrito por\" \/>\n\t<meta name=\"twitter:data1\" content=\"Ana Maria Iencarelli\" \/>\n\t<meta name=\"twitter:label2\" content=\"Est. tempo de leitura\" \/>\n\t<meta name=\"twitter:data2\" content=\"5 minutos\" \/>\n<script type=\"application\/ld+json\" class=\"yoast-schema-graph\">{\"@context\":\"https:\/\/schema.org\",\"@graph\":[{\"@type\":\"Article\",\"@id\":\"https:\/\/jornalfatosenoticias.com.br\/index.php\/2025\/08\/28\/adolescencia-hoje-as-dependencias-as-violencias-parte-i\/#article\",\"isPartOf\":{\"@id\":\"https:\/\/jornalfatosenoticias.com.br\/index.php\/2025\/08\/28\/adolescencia-hoje-as-dependencias-as-violencias-parte-i\/\"},\"author\":{\"name\":\"Ana Maria Iencarelli\",\"@id\":\"https:\/\/jornalfatosenoticias.com.br\/#\/schema\/person\/c33fcf5fb02d729d3fec92c6737a22d1\"},\"headline\":\"Adolesc\u00eancia hoje, as depend\u00eancias, as viol\u00eancias \u2014 Parte I\",\"datePublished\":\"2025-08-29T00:05:55+00:00\",\"dateModified\":\"2025-08-29T00:05:56+00:00\",\"mainEntityOfPage\":{\"@id\":\"https:\/\/jornalfatosenoticias.com.br\/index.php\/2025\/08\/28\/adolescencia-hoje-as-dependencias-as-violencias-parte-i\/\"},\"wordCount\":1081,\"commentCount\":0,\"publisher\":{\"@id\":\"https:\/\/jornalfatosenoticias.com.br\/#organization\"},\"image\":{\"@id\":\"https:\/\/jornalfatosenoticias.com.br\/index.php\/2025\/08\/28\/adolescencia-hoje-as-dependencias-as-violencias-parte-i\/#primaryimage\"},\"thumbnailUrl\":\"https:\/\/jornalfatosenoticias.com.br\/wp-content\/uploads\/2025\/08\/crimes-ciberneticos_istock.jpg\",\"keywords\":[\"adolescentes\",\"aliciamento\",\"crian\u00e7as\",\"explora\u00e7\u00e3o\",\"jardim\",\"pedofilia\",\"trabalho sexual escravo infantil\",\"viol\u00eancia\",\"vulnerabilidade\"],\"articleSection\":[\"Comportamento &amp; Equil\u00edbrio\"],\"inLanguage\":\"pt-BR\",\"potentialAction\":[{\"@type\":\"CommentAction\",\"name\":\"Comment\",\"target\":[\"https:\/\/jornalfatosenoticias.com.br\/index.php\/2025\/08\/28\/adolescencia-hoje-as-dependencias-as-violencias-parte-i\/#respond\"]}]},{\"@type\":\"WebPage\",\"@id\":\"https:\/\/jornalfatosenoticias.com.br\/index.php\/2025\/08\/28\/adolescencia-hoje-as-dependencias-as-violencias-parte-i\/\",\"url\":\"https:\/\/jornalfatosenoticias.com.br\/index.php\/2025\/08\/28\/adolescencia-hoje-as-dependencias-as-violencias-parte-i\/\",\"name\":\"Adolesc\u00eancia hoje, as depend\u00eancias, as viol\u00eancias \u2014 Parte I - Jornal Fatos e Not\u00edcias\",\"isPartOf\":{\"@id\":\"https:\/\/jornalfatosenoticias.com.br\/#website\"},\"primaryImageOfPage\":{\"@id\":\"https:\/\/jornalfatosenoticias.com.br\/index.php\/2025\/08\/28\/adolescencia-hoje-as-dependencias-as-violencias-parte-i\/#primaryimage\"},\"image\":{\"@id\":\"https:\/\/jornalfatosenoticias.com.br\/index.php\/2025\/08\/28\/adolescencia-hoje-as-dependencias-as-violencias-parte-i\/#primaryimage\"},\"thumbnailUrl\":\"https:\/\/jornalfatosenoticias.com.br\/wp-content\/uploads\/2025\/08\/crimes-ciberneticos_istock.jpg\",\"datePublished\":\"2025-08-29T00:05:55+00:00\",\"dateModified\":\"2025-08-29T00:05:56+00:00\",\"breadcrumb\":{\"@id\":\"https:\/\/jornalfatosenoticias.com.br\/index.php\/2025\/08\/28\/adolescencia-hoje-as-dependencias-as-violencias-parte-i\/#breadcrumb\"},\"inLanguage\":\"pt-BR\",\"potentialAction\":[{\"@type\":\"ReadAction\",\"target\":[\"https:\/\/jornalfatosenoticias.com.br\/index.php\/2025\/08\/28\/adolescencia-hoje-as-dependencias-as-violencias-parte-i\/\"]}]},{\"@type\":\"ImageObject\",\"inLanguage\":\"pt-BR\",\"@id\":\"https:\/\/jornalfatosenoticias.com.br\/index.php\/2025\/08\/28\/adolescencia-hoje-as-dependencias-as-violencias-parte-i\/#primaryimage\",\"url\":\"https:\/\/jornalfatosenoticias.com.br\/wp-content\/uploads\/2025\/08\/crimes-ciberneticos_istock.jpg\",\"contentUrl\":\"https:\/\/jornalfatosenoticias.com.br\/wp-content\/uploads\/2025\/08\/crimes-ciberneticos_istock.jpg\",\"width\":612,\"height\":459,\"caption\":\"A girl using her cell phone on social networks without being aware of the dangers they can have.\"},{\"@type\":\"BreadcrumbList\",\"@id\":\"https:\/\/jornalfatosenoticias.com.br\/index.php\/2025\/08\/28\/adolescencia-hoje-as-dependencias-as-violencias-parte-i\/#breadcrumb\",\"itemListElement\":[{\"@type\":\"ListItem\",\"position\":1,\"name\":\"In\u00edcio\",\"item\":\"https:\/\/jornalfatosenoticias.com.br\/\"},{\"@type\":\"ListItem\",\"position\":2,\"name\":\"Adolesc\u00eancia hoje, as depend\u00eancias, as viol\u00eancias \u2014 Parte I\"}]},{\"@type\":\"WebSite\",\"@id\":\"https:\/\/jornalfatosenoticias.com.br\/#website\",\"url\":\"https:\/\/jornalfatosenoticias.com.br\/\",\"name\":\"Jornal Fatos e Not\u00edcias\",\"description\":\"Not\u00edcias em geral\",\"publisher\":{\"@id\":\"https:\/\/jornalfatosenoticias.com.br\/#organization\"},\"potentialAction\":[{\"@type\":\"SearchAction\",\"target\":{\"@type\":\"EntryPoint\",\"urlTemplate\":\"https:\/\/jornalfatosenoticias.com.br\/?s={search_term_string}\"},\"query-input\":{\"@type\":\"PropertyValueSpecification\",\"valueRequired\":true,\"valueName\":\"search_term_string\"}}],\"inLanguage\":\"pt-BR\"},{\"@type\":\"Organization\",\"@id\":\"https:\/\/jornalfatosenoticias.com.br\/#organization\",\"name\":\"Jornal Fatos e Not\u00edcias\",\"url\":\"https:\/\/jornalfatosenoticias.com.br\/\",\"logo\":{\"@type\":\"ImageObject\",\"inLanguage\":\"pt-BR\",\"@id\":\"https:\/\/jornalfatosenoticias.com.br\/#\/schema\/logo\/image\/\",\"url\":\"https:\/\/jornalfatosenoticias.com.br\/wp-content\/uploads\/2020\/02\/logo120.png\",\"contentUrl\":\"https:\/\/jornalfatosenoticias.com.br\/wp-content\/uploads\/2020\/02\/logo120.png\",\"width\":1227,\"height\":120,\"caption\":\"Jornal Fatos e Not\u00edcias\"},\"image\":{\"@id\":\"https:\/\/jornalfatosenoticias.com.br\/#\/schema\/logo\/image\/\"}},{\"@type\":\"Person\",\"@id\":\"https:\/\/jornalfatosenoticias.com.br\/#\/schema\/person\/c33fcf5fb02d729d3fec92c6737a22d1\",\"name\":\"Ana Maria Iencarelli\",\"image\":{\"@type\":\"ImageObject\",\"inLanguage\":\"pt-BR\",\"@id\":\"https:\/\/jornalfatosenoticias.com.br\/#\/schema\/person\/image\/\",\"url\":\"https:\/\/jornalfatosenoticias.com.br\/wp-content\/uploads\/2020\/02\/Ana-Maria-Iencarelli-1-150x150.jpg\",\"contentUrl\":\"https:\/\/jornalfatosenoticias.com.br\/wp-content\/uploads\/2020\/02\/Ana-Maria-Iencarelli-1-150x150.jpg\",\"caption\":\"Ana Maria Iencarelli\"},\"description\":\"Psicanalista Cl\u00ednica, especializada no atendimento a Crian\u00e7as e Adolescentes. Presidente da ONG Vozes de Anjos.\",\"url\":\"https:\/\/jornalfatosenoticias.com.br\/index.php\/author\/anamaria\/\"}]}<\/script>\n<!-- \/ Yoast SEO plugin. -->","yoast_head_json":{"title":"Adolesc\u00eancia hoje, as depend\u00eancias, as viol\u00eancias \u2014 Parte I - Jornal Fatos e Not\u00edcias","robots":{"index":"index","follow":"follow","max-snippet":"max-snippet:-1","max-image-preview":"max-image-preview:large","max-video-preview":"max-video-preview:-1"},"canonical":"https:\/\/jornalfatosenoticias.com.br\/index.php\/2025\/08\/28\/adolescencia-hoje-as-dependencias-as-violencias-parte-i\/","og_locale":"pt_BR","og_type":"article","og_title":"Adolesc\u00eancia hoje, as depend\u00eancias, as viol\u00eancias \u2014 Parte I - Jornal Fatos e Not\u00edcias","og_description":"E quando teremos a inaugura\u00e7\u00e3o da Cultura dos Afetos, do Respeito, a garantia efetiva do Melhor Interesse da Crian\u00e7a? Quando seremos capazes de valorar o afeto de um v\u00ednculo de qualidade no lugar de achar, achar, que os bens materiais v\u00e3o produzir mais \u201coportunidades\u201d? Nosso jardim do trabalho est\u00e1 t\u00e3o lindo! S\u00e3o oito esp\u00e9cies de [&hellip;]","og_url":"https:\/\/jornalfatosenoticias.com.br\/index.php\/2025\/08\/28\/adolescencia-hoje-as-dependencias-as-violencias-parte-i\/","og_site_name":"Jornal Fatos e Not\u00edcias","article_published_time":"2025-08-29T00:05:55+00:00","article_modified_time":"2025-08-29T00:05:56+00:00","og_image":[{"width":612,"height":459,"url":"https:\/\/jornalfatosenoticias.com.br\/wp-content\/uploads\/2025\/08\/crimes-ciberneticos_istock.jpg","type":"image\/jpeg"}],"author":"Ana Maria Iencarelli","twitter_card":"summary_large_image","twitter_misc":{"Escrito por":"Ana Maria Iencarelli","Est. tempo de leitura":"5 minutos"},"schema":{"@context":"https:\/\/schema.org","@graph":[{"@type":"Article","@id":"https:\/\/jornalfatosenoticias.com.br\/index.php\/2025\/08\/28\/adolescencia-hoje-as-dependencias-as-violencias-parte-i\/#article","isPartOf":{"@id":"https:\/\/jornalfatosenoticias.com.br\/index.php\/2025\/08\/28\/adolescencia-hoje-as-dependencias-as-violencias-parte-i\/"},"author":{"name":"Ana Maria Iencarelli","@id":"https:\/\/jornalfatosenoticias.com.br\/#\/schema\/person\/c33fcf5fb02d729d3fec92c6737a22d1"},"headline":"Adolesc\u00eancia hoje, as depend\u00eancias, as viol\u00eancias \u2014 Parte I","datePublished":"2025-08-29T00:05:55+00:00","dateModified":"2025-08-29T00:05:56+00:00","mainEntityOfPage":{"@id":"https:\/\/jornalfatosenoticias.com.br\/index.php\/2025\/08\/28\/adolescencia-hoje-as-dependencias-as-violencias-parte-i\/"},"wordCount":1081,"commentCount":0,"publisher":{"@id":"https:\/\/jornalfatosenoticias.com.br\/#organization"},"image":{"@id":"https:\/\/jornalfatosenoticias.com.br\/index.php\/2025\/08\/28\/adolescencia-hoje-as-dependencias-as-violencias-parte-i\/#primaryimage"},"thumbnailUrl":"https:\/\/jornalfatosenoticias.com.br\/wp-content\/uploads\/2025\/08\/crimes-ciberneticos_istock.jpg","keywords":["adolescentes","aliciamento","crian\u00e7as","explora\u00e7\u00e3o","jardim","pedofilia","trabalho sexual escravo infantil","viol\u00eancia","vulnerabilidade"],"articleSection":["Comportamento &amp; Equil\u00edbrio"],"inLanguage":"pt-BR","potentialAction":[{"@type":"CommentAction","name":"Comment","target":["https:\/\/jornalfatosenoticias.com.br\/index.php\/2025\/08\/28\/adolescencia-hoje-as-dependencias-as-violencias-parte-i\/#respond"]}]},{"@type":"WebPage","@id":"https:\/\/jornalfatosenoticias.com.br\/index.php\/2025\/08\/28\/adolescencia-hoje-as-dependencias-as-violencias-parte-i\/","url":"https:\/\/jornalfatosenoticias.com.br\/index.php\/2025\/08\/28\/adolescencia-hoje-as-dependencias-as-violencias-parte-i\/","name":"Adolesc\u00eancia hoje, as depend\u00eancias, as viol\u00eancias \u2014 Parte I - Jornal Fatos e Not\u00edcias","isPartOf":{"@id":"https:\/\/jornalfatosenoticias.com.br\/#website"},"primaryImageOfPage":{"@id":"https:\/\/jornalfatosenoticias.com.br\/index.php\/2025\/08\/28\/adolescencia-hoje-as-dependencias-as-violencias-parte-i\/#primaryimage"},"image":{"@id":"https:\/\/jornalfatosenoticias.com.br\/index.php\/2025\/08\/28\/adolescencia-hoje-as-dependencias-as-violencias-parte-i\/#primaryimage"},"thumbnailUrl":"https:\/\/jornalfatosenoticias.com.br\/wp-content\/uploads\/2025\/08\/crimes-ciberneticos_istock.jpg","datePublished":"2025-08-29T00:05:55+00:00","dateModified":"2025-08-29T00:05:56+00:00","breadcrumb":{"@id":"https:\/\/jornalfatosenoticias.com.br\/index.php\/2025\/08\/28\/adolescencia-hoje-as-dependencias-as-violencias-parte-i\/#breadcrumb"},"inLanguage":"pt-BR","potentialAction":[{"@type":"ReadAction","target":["https:\/\/jornalfatosenoticias.com.br\/index.php\/2025\/08\/28\/adolescencia-hoje-as-dependencias-as-violencias-parte-i\/"]}]},{"@type":"ImageObject","inLanguage":"pt-BR","@id":"https:\/\/jornalfatosenoticias.com.br\/index.php\/2025\/08\/28\/adolescencia-hoje-as-dependencias-as-violencias-parte-i\/#primaryimage","url":"https:\/\/jornalfatosenoticias.com.br\/wp-content\/uploads\/2025\/08\/crimes-ciberneticos_istock.jpg","contentUrl":"https:\/\/jornalfatosenoticias.com.br\/wp-content\/uploads\/2025\/08\/crimes-ciberneticos_istock.jpg","width":612,"height":459,"caption":"A girl using her cell phone on social networks without being aware of the dangers they can have."},{"@type":"BreadcrumbList","@id":"https:\/\/jornalfatosenoticias.com.br\/index.php\/2025\/08\/28\/adolescencia-hoje-as-dependencias-as-violencias-parte-i\/#breadcrumb","itemListElement":[{"@type":"ListItem","position":1,"name":"In\u00edcio","item":"https:\/\/jornalfatosenoticias.com.br\/"},{"@type":"ListItem","position":2,"name":"Adolesc\u00eancia hoje, as depend\u00eancias, as viol\u00eancias \u2014 Parte I"}]},{"@type":"WebSite","@id":"https:\/\/jornalfatosenoticias.com.br\/#website","url":"https:\/\/jornalfatosenoticias.com.br\/","name":"Jornal Fatos e Not\u00edcias","description":"Not\u00edcias em geral","publisher":{"@id":"https:\/\/jornalfatosenoticias.com.br\/#organization"},"potentialAction":[{"@type":"SearchAction","target":{"@type":"EntryPoint","urlTemplate":"https:\/\/jornalfatosenoticias.com.br\/?s={search_term_string}"},"query-input":{"@type":"PropertyValueSpecification","valueRequired":true,"valueName":"search_term_string"}}],"inLanguage":"pt-BR"},{"@type":"Organization","@id":"https:\/\/jornalfatosenoticias.com.br\/#organization","name":"Jornal Fatos e Not\u00edcias","url":"https:\/\/jornalfatosenoticias.com.br\/","logo":{"@type":"ImageObject","inLanguage":"pt-BR","@id":"https:\/\/jornalfatosenoticias.com.br\/#\/schema\/logo\/image\/","url":"https:\/\/jornalfatosenoticias.com.br\/wp-content\/uploads\/2020\/02\/logo120.png","contentUrl":"https:\/\/jornalfatosenoticias.com.br\/wp-content\/uploads\/2020\/02\/logo120.png","width":1227,"height":120,"caption":"Jornal Fatos e Not\u00edcias"},"image":{"@id":"https:\/\/jornalfatosenoticias.com.br\/#\/schema\/logo\/image\/"}},{"@type":"Person","@id":"https:\/\/jornalfatosenoticias.com.br\/#\/schema\/person\/c33fcf5fb02d729d3fec92c6737a22d1","name":"Ana Maria Iencarelli","image":{"@type":"ImageObject","inLanguage":"pt-BR","@id":"https:\/\/jornalfatosenoticias.com.br\/#\/schema\/person\/image\/","url":"https:\/\/jornalfatosenoticias.com.br\/wp-content\/uploads\/2020\/02\/Ana-Maria-Iencarelli-1-150x150.jpg","contentUrl":"https:\/\/jornalfatosenoticias.com.br\/wp-content\/uploads\/2020\/02\/Ana-Maria-Iencarelli-1-150x150.jpg","caption":"Ana Maria Iencarelli"},"description":"Psicanalista Cl\u00ednica, especializada no atendimento a Crian\u00e7as e Adolescentes. Presidente da ONG Vozes de Anjos.","url":"https:\/\/jornalfatosenoticias.com.br\/index.php\/author\/anamaria\/"}]}},"cc_featured_image_caption":{"caption_text":"(Foto: iStock)","source_text":"","source_url":""},"jetpack_featured_media_url":"https:\/\/jornalfatosenoticias.com.br\/wp-content\/uploads\/2025\/08\/crimes-ciberneticos_istock.jpg","_links":{"self":[{"href":"https:\/\/jornalfatosenoticias.com.br\/index.php\/wp-json\/wp\/v2\/posts\/61503","targetHints":{"allow":["GET"]}}],"collection":[{"href":"https:\/\/jornalfatosenoticias.com.br\/index.php\/wp-json\/wp\/v2\/posts"}],"about":[{"href":"https:\/\/jornalfatosenoticias.com.br\/index.php\/wp-json\/wp\/v2\/types\/post"}],"author":[{"embeddable":true,"href":"https:\/\/jornalfatosenoticias.com.br\/index.php\/wp-json\/wp\/v2\/users\/8"}],"replies":[{"embeddable":true,"href":"https:\/\/jornalfatosenoticias.com.br\/index.php\/wp-json\/wp\/v2\/comments?post=61503"}],"version-history":[{"count":0,"href":"https:\/\/jornalfatosenoticias.com.br\/index.php\/wp-json\/wp\/v2\/posts\/61503\/revisions"}],"wp:featuredmedia":[{"embeddable":true,"href":"https:\/\/jornalfatosenoticias.com.br\/index.php\/wp-json\/wp\/v2\/media\/61506"}],"wp:attachment":[{"href":"https:\/\/jornalfatosenoticias.com.br\/index.php\/wp-json\/wp\/v2\/media?parent=61503"}],"wp:term":[{"taxonomy":"category","embeddable":true,"href":"https:\/\/jornalfatosenoticias.com.br\/index.php\/wp-json\/wp\/v2\/categories?post=61503"},{"taxonomy":"post_tag","embeddable":true,"href":"https:\/\/jornalfatosenoticias.com.br\/index.php\/wp-json\/wp\/v2\/tags?post=61503"}],"curies":[{"name":"wp","href":"https:\/\/api.w.org\/{rel}","templated":true}]}}