{"id":61514,"date":"2025-08-28T21:24:59","date_gmt":"2025-08-29T00:24:59","guid":{"rendered":"https:\/\/jornalfatosenoticias.com.br\/?p=61514"},"modified":"2025-08-28T21:47:24","modified_gmt":"2025-08-29T00:47:24","slug":"a-importancia-de-comemorar-as-conquistas","status":"publish","type":"post","link":"https:\/\/jornalfatosenoticias.com.br\/index.php\/2025\/08\/28\/a-importancia-de-comemorar-as-conquistas\/","title":{"rendered":"A import\u00e2ncia de comemorar as conquistas"},"content":{"rendered":"\n<p><span class=\"has-inline-color has-black-color\">Por <strong><a href=\"https:\/\/jornalfatosenoticias.com.br\/index.php\/2025\/08\/21\/a-importancia-das-decisoes-com-boas-escolhas\/\">Kelly Mantovani<\/a><\/strong><\/span><\/p>\n\n\n\n<div class=\"wp-block-image\"><figure class=\"aligncenter size-large\"><a href=\"https:\/\/panper.com.br\/\"><img loading=\"lazy\" decoding=\"async\" width=\"1024\" height=\"111\" src=\"https:\/\/jornalfatosenoticias.com.br\/wp-content\/uploads\/2020\/02\/WhatsApp-Image-2022-09-23-at-12.09.18-1024x111.jpeg\" alt=\"\" class=\"wp-image-34527\" srcset=\"https:\/\/jornalfatosenoticias.com.br\/wp-content\/uploads\/2020\/02\/WhatsApp-Image-2022-09-23-at-12.09.18-1024x111.jpeg 1024w, https:\/\/jornalfatosenoticias.com.br\/wp-content\/uploads\/2020\/02\/WhatsApp-Image-2022-09-23-at-12.09.18-300x32.jpeg 300w, https:\/\/jornalfatosenoticias.com.br\/wp-content\/uploads\/2020\/02\/WhatsApp-Image-2022-09-23-at-12.09.18-768x83.jpeg 768w, https:\/\/jornalfatosenoticias.com.br\/wp-content\/uploads\/2020\/02\/WhatsApp-Image-2022-09-23-at-12.09.18.jpeg 1121w\" sizes=\"auto, (max-width: 1024px) 100vw, 1024px\" \/><\/a><\/figure><\/div>\n\n\n\n<div class=\"wp-block-image is-style-rounded\"><figure class=\"alignleft size-large\"><img loading=\"lazy\" decoding=\"async\" width=\"100\" height=\"112\" src=\"https:\/\/jornalfatosenoticias.com.br\/wp-content\/uploads\/2025\/05\/KELLY_MANTOVANI-removebg-preview-1-e1746192995531.png\" alt=\"\" class=\"wp-image-58920\"\/><\/figure><\/div>\n\n\n\n<p>A vida \u00e9 feita de conquistas, grandes e pequenas. Cada meta alcan\u00e7ada, cada obst\u00e1culo superado, cada desafio vencido \u00e9 um motivo para celebrar. No entanto, muitas vezes nos encontramos t\u00e3o focados no pr\u00f3ximo objetivo que esquecemos de parar e celebrar as conquistas que j\u00e1 alcan\u00e7amos.<br>Comemorar cada conquista \u00e9 importante por v\u00e1rias raz\u00f5es. Em primeiro lugar, nos permite reconhecer o nosso pr\u00f3prio esfor\u00e7o e dedica\u00e7\u00e3o. Quando trabalhamos duro para alcan\u00e7ar algo, \u00e9 fundamental reconhecermos o valor do nosso trabalho e nos orgulhar do que conquistamos. Isso nos ajuda a construir uma autoestima saud\u00e1vel e a desenvolver uma vis\u00e3o mais positiva de n\u00f3s mesmos.<\/p>\n\n\n\n<div class=\"wp-block-image\"><figure class=\"aligncenter size-large\"><a href=\"http:\/\/www.ferrarimaquinas.com.br\/\"><img loading=\"lazy\" decoding=\"async\" width=\"300\" height=\"250\" src=\"https:\/\/jornalfatosenoticias.com.br\/wp-content\/uploads\/2022\/02\/FERRARI_MAQUINAS-E-FERRAMENTAS2.jpg\" alt=\"\" class=\"wp-image-27860\"\/><\/a><\/figure><\/div>\n\n\n\n<p>Al\u00e9m disso, comemorar cada conquista nos ajuda a manter a motiva\u00e7\u00e3o e a confian\u00e7a. Quando vemos que nossos esfor\u00e7os est\u00e3o dando resultados, nos sentimos mais motivados a continuar trabalhando em dire\u00e7\u00e3o aos nossos objetivos. Isso \u00e9 especialmente importante quando enfrentamos desafios e obst\u00e1culos ao longo do caminho. Ao comemorar nossas conquistas, podemos nos lembrar de que somos capazes de superar qualquer obst\u00e1culo e alcan\u00e7ar nossos objetivos.<\/p>\n\n\n\n<div class=\"wp-block-image\"><figure class=\"aligncenter size-large is-resized\"><a href=\"https:\/\/legisjuris.com.br\/\"><img loading=\"lazy\" decoding=\"async\" src=\"https:\/\/jornalfatosenoticias.com.br\/wp-content\/uploads\/2024\/09\/Legis-Juris-Consultoria_logo.jpg\" alt=\"\" class=\"wp-image-53915\" width=\"494\" height=\"207\" srcset=\"https:\/\/jornalfatosenoticias.com.br\/wp-content\/uploads\/2024\/09\/Legis-Juris-Consultoria_logo.jpg 969w, https:\/\/jornalfatosenoticias.com.br\/wp-content\/uploads\/2024\/09\/Legis-Juris-Consultoria_logo-300x126.jpg 300w, https:\/\/jornalfatosenoticias.com.br\/wp-content\/uploads\/2024\/09\/Legis-Juris-Consultoria_logo-768x322.jpg 768w\" sizes=\"auto, (max-width: 494px) 100vw, 494px\" \/><\/a><\/figure><\/div>\n\n\n\n<p>Comemorar cada conquista tamb\u00e9m nos ajuda a apreciar o processo. Muitas vezes, nos concentramos tanto no resultado final que esquecemos de aproveitar o caminho. Ao comemorar cada conquista, podemos apreciar o progresso que fizemos e nos divertir mais ao longo do caminho. Isso nos ajuda a encontrar alegria e satisfa\u00e7\u00e3o no processo de trabalhar em dire\u00e7\u00e3o aos nossos objetivos.<\/p>\n\n\n\n<div class=\"wp-block-image\"><figure class=\"aligncenter size-large\"><a href=\"https:\/\/www.cesconetto.com.br\/\"><img loading=\"lazy\" decoding=\"async\" width=\"300\" height=\"250\" src=\"https:\/\/jornalfatosenoticias.com.br\/wp-content\/uploads\/2020\/02\/Banner-2.png\" alt=\"\" class=\"wp-image-43787\"\/><\/a><\/figure><\/div>\n\n\n\n<p>As pequenas conquistas s\u00e3o fundamentais para alcan\u00e7ar os grandes objetivos. Cada pequeno passo que damos em dire\u00e7\u00e3o aos nossos objetivos nos aproxima mais do nosso destino. Ao celebrar as pequenas conquistas, estamos celebrando o progresso que estamos fazendo e nos motivando a continuar em frente.<br>Comemorar cada conquista \u00e9 uma forma de praticar a gratid\u00e3o. Quando nos concentramos nas coisas que estamos gratos, estamos mais propensos a sentir felicidade e satisfa\u00e7\u00e3o. Ao comemorar nossas conquistas, estamos reconhecendo o valor do que alcan\u00e7amos e expressando gratid\u00e3o por tudo o que temos.<\/p>\n\n\n\n<div class=\"wp-block-image\"><figure class=\"aligncenter size-large is-resized\"><a href=\"https:\/\/www.instagram.com\/restaurantepegoretti\/\"><img loading=\"lazy\" decoding=\"async\" src=\"https:\/\/jornalfatosenoticias.com.br\/wp-content\/uploads\/2023\/12\/pegoretti-logo-pdf-1024x389.jpg\" alt=\"\" class=\"wp-image-47536\" width=\"451\" height=\"171\" srcset=\"https:\/\/jornalfatosenoticias.com.br\/wp-content\/uploads\/2023\/12\/pegoretti-logo-pdf-1024x389.jpg 1024w, https:\/\/jornalfatosenoticias.com.br\/wp-content\/uploads\/2023\/12\/pegoretti-logo-pdf-300x114.jpg 300w, https:\/\/jornalfatosenoticias.com.br\/wp-content\/uploads\/2023\/12\/pegoretti-logo-pdf-768x291.jpg 768w, https:\/\/jornalfatosenoticias.com.br\/wp-content\/uploads\/2023\/12\/pegoretti-logo-pdf.jpg 1120w\" sizes=\"auto, (max-width: 451px) 100vw, 451px\" \/><\/a><\/figure><\/div>\n\n\n\n<p>Ent\u00e3o, n\u00e3o subestime o poder de celebrar suas conquistas. Seja pequeno ou grande, cada objetivo alcan\u00e7ado \u00e9 um motivo para se orgulhar e se alegrar. Lembre-se de que a vida \u00e9 feita de momentos, e cada conquista \u00e9 um motivo para celebrar e agradecer. Comemore suas conquistas, compartilhe com os outros e permita-se sentir orgulho do que voc\u00ea alcan\u00e7ou. Voc\u00ea merece!<\/p>\n\n\n\n<div class=\"wp-block-image\"><figure class=\"aligncenter size-large is-resized\"><a href=\"https:\/\/www.instagram.com\/esteio.churrascaria\/\"><img loading=\"lazy\" decoding=\"async\" src=\"https:\/\/jornalfatosenoticias.com.br\/wp-content\/uploads\/2022\/02\/LOGO-ESTEIO-1024x730.png\" alt=\"\" class=\"wp-image-27942\" width=\"291\" height=\"207\" srcset=\"https:\/\/jornalfatosenoticias.com.br\/wp-content\/uploads\/2022\/02\/LOGO-ESTEIO-1024x730.png 1024w, https:\/\/jornalfatosenoticias.com.br\/wp-content\/uploads\/2022\/02\/LOGO-ESTEIO-300x214.png 300w, https:\/\/jornalfatosenoticias.com.br\/wp-content\/uploads\/2022\/02\/LOGO-ESTEIO-768x548.png 768w, https:\/\/jornalfatosenoticias.com.br\/wp-content\/uploads\/2022\/02\/LOGO-ESTEIO.png 1123w\" sizes=\"auto, (max-width: 291px) 100vw, 291px\" \/><\/a><\/figure><\/div>\n\n\n\n<p>A vida \u00e9 uma jornada, n\u00e3o um destino. \u00c9 o caminho que percorremos, as experi\u00eancias que temos e as conquistas que alcan\u00e7amos que nos definem. Vamos celebrar cada conquista, grande ou pequena, e aproveitar o processo de trabalhar em dire\u00e7\u00e3o aos nossos objetivos. Voc\u00ea est\u00e1 mais perto do que pensa de alcan\u00e7ar seus sonhos!<\/p>\n\n\n\n<div class=\"wp-block-image\"><figure class=\"aligncenter size-large is-resized\"><a href=\"https:\/\/www.instagram.com\/gruposei\/\"><img loading=\"lazy\" decoding=\"async\" src=\"https:\/\/jornalfatosenoticias.com.br\/wp-content\/uploads\/2022\/07\/Logo-Grupo-SEI.jpg\" alt=\"\" class=\"wp-image-31973\" width=\"318\" height=\"167\" srcset=\"https:\/\/jornalfatosenoticias.com.br\/wp-content\/uploads\/2022\/07\/Logo-Grupo-SEI.jpg 713w, https:\/\/jornalfatosenoticias.com.br\/wp-content\/uploads\/2022\/07\/Logo-Grupo-SEI-300x158.jpg 300w\" sizes=\"auto, (max-width: 318px) 100vw, 318px\" \/><\/a><\/figure><\/div>\n\n\n\n<p><strong><span class=\"has-inline-color has-black-color\">Kelly Mantovani<br><\/span><\/strong><em><span class=\"has-inline-color has-black-color\">Formada em Educa\u00e7\u00e3o F\u00edsica, p\u00f3s-graduada em Nutri\u00e7\u00e3o Esportiva, com especializa\u00e7\u00e3o em Intelig\u00eancia Emocional, uma profissional apaixonada por sa\u00fade e bem-estar<\/span><\/em><\/p>\n","protected":false},"excerpt":{"rendered":"<p>Por Kelly Mantovani A vida \u00e9 feita de conquistas, grandes e pequenas. Cada meta alcan\u00e7ada, cada obst\u00e1culo superado, cada desafio vencido \u00e9 um motivo para celebrar. No entanto, muitas vezes nos encontramos t\u00e3o focados no pr\u00f3ximo objetivo que esquecemos de parar e celebrar as conquistas que j\u00e1 alcan\u00e7amos.Comemorar cada conquista \u00e9 importante por v\u00e1rias raz\u00f5es. [&hellip;]<\/p>\n","protected":false},"author":2,"featured_media":61515,"comment_status":"open","ping_status":"open","sticky":false,"template":"","format":"standard","meta":{"footnotes":""},"categories":[42,2522],"tags":[1049,19891,16268,1211,1053,1440,1774,28045,1182],"class_list":["post-61514","post","type-post","status-publish","format-standard","has-post-thumbnail","hentry","category-bem-estar","category-comportamento","tag-autoestima","tag-celebrar","tag-comemoracao","tag-confianca","tag-conquistas","tag-desafios","tag-motivacao","tag-obstaculo-superado","tag-vida"],"yoast_head":"<!-- This site is optimized with the Yoast SEO plugin v26.5 - https:\/\/yoast.com\/wordpress\/plugins\/seo\/ -->\n<title>A import\u00e2ncia de comemorar as conquistas - Jornal Fatos e Not\u00edcias<\/title>\n<meta name=\"robots\" content=\"index, follow, max-snippet:-1, max-image-preview:large, max-video-preview:-1\" \/>\n<link rel=\"canonical\" href=\"https:\/\/jornalfatosenoticias.com.br\/index.php\/2025\/08\/28\/a-importancia-de-comemorar-as-conquistas\/\" \/>\n<meta property=\"og:locale\" content=\"pt_BR\" \/>\n<meta property=\"og:type\" content=\"article\" \/>\n<meta property=\"og:title\" content=\"A import\u00e2ncia de comemorar as conquistas - Jornal Fatos e Not\u00edcias\" \/>\n<meta property=\"og:description\" content=\"Por Kelly Mantovani A vida \u00e9 feita de conquistas, grandes e pequenas. Cada meta alcan\u00e7ada, cada obst\u00e1culo superado, cada desafio vencido \u00e9 um motivo para celebrar. No entanto, muitas vezes nos encontramos t\u00e3o focados no pr\u00f3ximo objetivo que esquecemos de parar e celebrar as conquistas que j\u00e1 alcan\u00e7amos.Comemorar cada conquista \u00e9 importante por v\u00e1rias raz\u00f5es. [&hellip;]\" \/>\n<meta property=\"og:url\" content=\"https:\/\/jornalfatosenoticias.com.br\/index.php\/2025\/08\/28\/a-importancia-de-comemorar-as-conquistas\/\" \/>\n<meta property=\"og:site_name\" content=\"Jornal Fatos e Not\u00edcias\" \/>\n<meta property=\"article:published_time\" content=\"2025-08-29T00:24:59+00:00\" \/>\n<meta property=\"article:modified_time\" content=\"2025-08-29T00:47:24+00:00\" \/>\n<meta property=\"og:image\" content=\"https:\/\/jornalfatosenoticias.com.br\/wp-content\/uploads\/2025\/08\/conquista-celebracao_pixabay.jpg\" \/>\n\t<meta property=\"og:image:width\" content=\"1000\" \/>\n\t<meta property=\"og:image:height\" content=\"666\" \/>\n\t<meta property=\"og:image:type\" content=\"image\/jpeg\" \/>\n<meta name=\"author\" content=\"Luzimara Fernandes\" \/>\n<meta name=\"twitter:card\" content=\"summary_large_image\" \/>\n<meta name=\"twitter:label1\" content=\"Escrito por\" \/>\n\t<meta name=\"twitter:data1\" content=\"Luzimara Fernandes\" \/>\n\t<meta name=\"twitter:label2\" content=\"Est. tempo de leitura\" \/>\n\t<meta name=\"twitter:data2\" content=\"2 minutos\" \/>\n<script type=\"application\/ld+json\" class=\"yoast-schema-graph\">{\"@context\":\"https:\/\/schema.org\",\"@graph\":[{\"@type\":\"Article\",\"@id\":\"https:\/\/jornalfatosenoticias.com.br\/index.php\/2025\/08\/28\/a-importancia-de-comemorar-as-conquistas\/#article\",\"isPartOf\":{\"@id\":\"https:\/\/jornalfatosenoticias.com.br\/index.php\/2025\/08\/28\/a-importancia-de-comemorar-as-conquistas\/\"},\"author\":{\"name\":\"Luzimara Fernandes\",\"@id\":\"https:\/\/jornalfatosenoticias.com.br\/#\/schema\/person\/d63837fa13ac8666eb9e74e0985d6f81\"},\"headline\":\"A import\u00e2ncia de comemorar as conquistas\",\"datePublished\":\"2025-08-29T00:24:59+00:00\",\"dateModified\":\"2025-08-29T00:47:24+00:00\",\"mainEntityOfPage\":{\"@id\":\"https:\/\/jornalfatosenoticias.com.br\/index.php\/2025\/08\/28\/a-importancia-de-comemorar-as-conquistas\/\"},\"wordCount\":503,\"commentCount\":0,\"publisher\":{\"@id\":\"https:\/\/jornalfatosenoticias.com.br\/#organization\"},\"image\":{\"@id\":\"https:\/\/jornalfatosenoticias.com.br\/index.php\/2025\/08\/28\/a-importancia-de-comemorar-as-conquistas\/#primaryimage\"},\"thumbnailUrl\":\"https:\/\/jornalfatosenoticias.com.br\/wp-content\/uploads\/2025\/08\/conquista-celebracao_pixabay.jpg\",\"keywords\":[\"autoestima\",\"celebrar\",\"comemora\u00e7\u00e3o\",\"confian\u00e7a\",\"conquistas\",\"desafios\",\"motiva\u00e7\u00e3o\",\"obst\u00e1culo superado\",\"vida\"],\"articleSection\":[\"Bem-estar\",\"Comportamento &amp; Equil\u00edbrio\"],\"inLanguage\":\"pt-BR\",\"potentialAction\":[{\"@type\":\"CommentAction\",\"name\":\"Comment\",\"target\":[\"https:\/\/jornalfatosenoticias.com.br\/index.php\/2025\/08\/28\/a-importancia-de-comemorar-as-conquistas\/#respond\"]}]},{\"@type\":\"WebPage\",\"@id\":\"https:\/\/jornalfatosenoticias.com.br\/index.php\/2025\/08\/28\/a-importancia-de-comemorar-as-conquistas\/\",\"url\":\"https:\/\/jornalfatosenoticias.com.br\/index.php\/2025\/08\/28\/a-importancia-de-comemorar-as-conquistas\/\",\"name\":\"A import\u00e2ncia de comemorar as conquistas - Jornal Fatos e Not\u00edcias\",\"isPartOf\":{\"@id\":\"https:\/\/jornalfatosenoticias.com.br\/#website\"},\"primaryImageOfPage\":{\"@id\":\"https:\/\/jornalfatosenoticias.com.br\/index.php\/2025\/08\/28\/a-importancia-de-comemorar-as-conquistas\/#primaryimage\"},\"image\":{\"@id\":\"https:\/\/jornalfatosenoticias.com.br\/index.php\/2025\/08\/28\/a-importancia-de-comemorar-as-conquistas\/#primaryimage\"},\"thumbnailUrl\":\"https:\/\/jornalfatosenoticias.com.br\/wp-content\/uploads\/2025\/08\/conquista-celebracao_pixabay.jpg\",\"datePublished\":\"2025-08-29T00:24:59+00:00\",\"dateModified\":\"2025-08-29T00:47:24+00:00\",\"breadcrumb\":{\"@id\":\"https:\/\/jornalfatosenoticias.com.br\/index.php\/2025\/08\/28\/a-importancia-de-comemorar-as-conquistas\/#breadcrumb\"},\"inLanguage\":\"pt-BR\",\"potentialAction\":[{\"@type\":\"ReadAction\",\"target\":[\"https:\/\/jornalfatosenoticias.com.br\/index.php\/2025\/08\/28\/a-importancia-de-comemorar-as-conquistas\/\"]}]},{\"@type\":\"ImageObject\",\"inLanguage\":\"pt-BR\",\"@id\":\"https:\/\/jornalfatosenoticias.com.br\/index.php\/2025\/08\/28\/a-importancia-de-comemorar-as-conquistas\/#primaryimage\",\"url\":\"https:\/\/jornalfatosenoticias.com.br\/wp-content\/uploads\/2025\/08\/conquista-celebracao_pixabay.jpg\",\"contentUrl\":\"https:\/\/jornalfatosenoticias.com.br\/wp-content\/uploads\/2025\/08\/conquista-celebracao_pixabay.jpg\",\"width\":1000,\"height\":666},{\"@type\":\"BreadcrumbList\",\"@id\":\"https:\/\/jornalfatosenoticias.com.br\/index.php\/2025\/08\/28\/a-importancia-de-comemorar-as-conquistas\/#breadcrumb\",\"itemListElement\":[{\"@type\":\"ListItem\",\"position\":1,\"name\":\"In\u00edcio\",\"item\":\"https:\/\/jornalfatosenoticias.com.br\/\"},{\"@type\":\"ListItem\",\"position\":2,\"name\":\"A import\u00e2ncia de comemorar as conquistas\"}]},{\"@type\":\"WebSite\",\"@id\":\"https:\/\/jornalfatosenoticias.com.br\/#website\",\"url\":\"https:\/\/jornalfatosenoticias.com.br\/\",\"name\":\"Jornal Fatos e Not\u00edcias\",\"description\":\"Not\u00edcias em geral\",\"publisher\":{\"@id\":\"https:\/\/jornalfatosenoticias.com.br\/#organization\"},\"potentialAction\":[{\"@type\":\"SearchAction\",\"target\":{\"@type\":\"EntryPoint\",\"urlTemplate\":\"https:\/\/jornalfatosenoticias.com.br\/?s={search_term_string}\"},\"query-input\":{\"@type\":\"PropertyValueSpecification\",\"valueRequired\":true,\"valueName\":\"search_term_string\"}}],\"inLanguage\":\"pt-BR\"},{\"@type\":\"Organization\",\"@id\":\"https:\/\/jornalfatosenoticias.com.br\/#organization\",\"name\":\"Jornal Fatos e Not\u00edcias\",\"url\":\"https:\/\/jornalfatosenoticias.com.br\/\",\"logo\":{\"@type\":\"ImageObject\",\"inLanguage\":\"pt-BR\",\"@id\":\"https:\/\/jornalfatosenoticias.com.br\/#\/schema\/logo\/image\/\",\"url\":\"https:\/\/jornalfatosenoticias.com.br\/wp-content\/uploads\/2020\/02\/logo120.png\",\"contentUrl\":\"https:\/\/jornalfatosenoticias.com.br\/wp-content\/uploads\/2020\/02\/logo120.png\",\"width\":1227,\"height\":120,\"caption\":\"Jornal Fatos e Not\u00edcias\"},\"image\":{\"@id\":\"https:\/\/jornalfatosenoticias.com.br\/#\/schema\/logo\/image\/\"}},{\"@type\":\"Person\",\"@id\":\"https:\/\/jornalfatosenoticias.com.br\/#\/schema\/person\/d63837fa13ac8666eb9e74e0985d6f81\",\"name\":\"Luzimara Fernandes\",\"image\":{\"@type\":\"ImageObject\",\"inLanguage\":\"pt-BR\",\"@id\":\"https:\/\/jornalfatosenoticias.com.br\/#\/schema\/person\/image\/\",\"url\":\"https:\/\/jornalfatosenoticias.com.br\/wp-content\/uploads\/2025\/05\/EU_portal.jpg\",\"contentUrl\":\"https:\/\/jornalfatosenoticias.com.br\/wp-content\/uploads\/2025\/05\/EU_portal.jpg\",\"caption\":\"Luzimara Fernandes\"},\"description\":\"Jornalista MTB 2358-ES\",\"sameAs\":[\"https:\/\/jornalfatosenoticias.com.br\"],\"url\":\"https:\/\/jornalfatosenoticias.com.br\/index.php\/author\/luzimara\/\"}]}<\/script>\n<!-- \/ Yoast SEO plugin. -->","yoast_head_json":{"title":"A import\u00e2ncia de comemorar as conquistas - Jornal Fatos e Not\u00edcias","robots":{"index":"index","follow":"follow","max-snippet":"max-snippet:-1","max-image-preview":"max-image-preview:large","max-video-preview":"max-video-preview:-1"},"canonical":"https:\/\/jornalfatosenoticias.com.br\/index.php\/2025\/08\/28\/a-importancia-de-comemorar-as-conquistas\/","og_locale":"pt_BR","og_type":"article","og_title":"A import\u00e2ncia de comemorar as conquistas - Jornal Fatos e Not\u00edcias","og_description":"Por Kelly Mantovani A vida \u00e9 feita de conquistas, grandes e pequenas. Cada meta alcan\u00e7ada, cada obst\u00e1culo superado, cada desafio vencido \u00e9 um motivo para celebrar. No entanto, muitas vezes nos encontramos t\u00e3o focados no pr\u00f3ximo objetivo que esquecemos de parar e celebrar as conquistas que j\u00e1 alcan\u00e7amos.Comemorar cada conquista \u00e9 importante por v\u00e1rias raz\u00f5es. [&hellip;]","og_url":"https:\/\/jornalfatosenoticias.com.br\/index.php\/2025\/08\/28\/a-importancia-de-comemorar-as-conquistas\/","og_site_name":"Jornal Fatos e Not\u00edcias","article_published_time":"2025-08-29T00:24:59+00:00","article_modified_time":"2025-08-29T00:47:24+00:00","og_image":[{"width":1000,"height":666,"url":"https:\/\/jornalfatosenoticias.com.br\/wp-content\/uploads\/2025\/08\/conquista-celebracao_pixabay.jpg","type":"image\/jpeg"}],"author":"Luzimara Fernandes","twitter_card":"summary_large_image","twitter_misc":{"Escrito por":"Luzimara Fernandes","Est. tempo de leitura":"2 minutos"},"schema":{"@context":"https:\/\/schema.org","@graph":[{"@type":"Article","@id":"https:\/\/jornalfatosenoticias.com.br\/index.php\/2025\/08\/28\/a-importancia-de-comemorar-as-conquistas\/#article","isPartOf":{"@id":"https:\/\/jornalfatosenoticias.com.br\/index.php\/2025\/08\/28\/a-importancia-de-comemorar-as-conquistas\/"},"author":{"name":"Luzimara Fernandes","@id":"https:\/\/jornalfatosenoticias.com.br\/#\/schema\/person\/d63837fa13ac8666eb9e74e0985d6f81"},"headline":"A import\u00e2ncia de comemorar as conquistas","datePublished":"2025-08-29T00:24:59+00:00","dateModified":"2025-08-29T00:47:24+00:00","mainEntityOfPage":{"@id":"https:\/\/jornalfatosenoticias.com.br\/index.php\/2025\/08\/28\/a-importancia-de-comemorar-as-conquistas\/"},"wordCount":503,"commentCount":0,"publisher":{"@id":"https:\/\/jornalfatosenoticias.com.br\/#organization"},"image":{"@id":"https:\/\/jornalfatosenoticias.com.br\/index.php\/2025\/08\/28\/a-importancia-de-comemorar-as-conquistas\/#primaryimage"},"thumbnailUrl":"https:\/\/jornalfatosenoticias.com.br\/wp-content\/uploads\/2025\/08\/conquista-celebracao_pixabay.jpg","keywords":["autoestima","celebrar","comemora\u00e7\u00e3o","confian\u00e7a","conquistas","desafios","motiva\u00e7\u00e3o","obst\u00e1culo superado","vida"],"articleSection":["Bem-estar","Comportamento &amp; Equil\u00edbrio"],"inLanguage":"pt-BR","potentialAction":[{"@type":"CommentAction","name":"Comment","target":["https:\/\/jornalfatosenoticias.com.br\/index.php\/2025\/08\/28\/a-importancia-de-comemorar-as-conquistas\/#respond"]}]},{"@type":"WebPage","@id":"https:\/\/jornalfatosenoticias.com.br\/index.php\/2025\/08\/28\/a-importancia-de-comemorar-as-conquistas\/","url":"https:\/\/jornalfatosenoticias.com.br\/index.php\/2025\/08\/28\/a-importancia-de-comemorar-as-conquistas\/","name":"A import\u00e2ncia de comemorar as conquistas - Jornal Fatos e Not\u00edcias","isPartOf":{"@id":"https:\/\/jornalfatosenoticias.com.br\/#website"},"primaryImageOfPage":{"@id":"https:\/\/jornalfatosenoticias.com.br\/index.php\/2025\/08\/28\/a-importancia-de-comemorar-as-conquistas\/#primaryimage"},"image":{"@id":"https:\/\/jornalfatosenoticias.com.br\/index.php\/2025\/08\/28\/a-importancia-de-comemorar-as-conquistas\/#primaryimage"},"thumbnailUrl":"https:\/\/jornalfatosenoticias.com.br\/wp-content\/uploads\/2025\/08\/conquista-celebracao_pixabay.jpg","datePublished":"2025-08-29T00:24:59+00:00","dateModified":"2025-08-29T00:47:24+00:00","breadcrumb":{"@id":"https:\/\/jornalfatosenoticias.com.br\/index.php\/2025\/08\/28\/a-importancia-de-comemorar-as-conquistas\/#breadcrumb"},"inLanguage":"pt-BR","potentialAction":[{"@type":"ReadAction","target":["https:\/\/jornalfatosenoticias.com.br\/index.php\/2025\/08\/28\/a-importancia-de-comemorar-as-conquistas\/"]}]},{"@type":"ImageObject","inLanguage":"pt-BR","@id":"https:\/\/jornalfatosenoticias.com.br\/index.php\/2025\/08\/28\/a-importancia-de-comemorar-as-conquistas\/#primaryimage","url":"https:\/\/jornalfatosenoticias.com.br\/wp-content\/uploads\/2025\/08\/conquista-celebracao_pixabay.jpg","contentUrl":"https:\/\/jornalfatosenoticias.com.br\/wp-content\/uploads\/2025\/08\/conquista-celebracao_pixabay.jpg","width":1000,"height":666},{"@type":"BreadcrumbList","@id":"https:\/\/jornalfatosenoticias.com.br\/index.php\/2025\/08\/28\/a-importancia-de-comemorar-as-conquistas\/#breadcrumb","itemListElement":[{"@type":"ListItem","position":1,"name":"In\u00edcio","item":"https:\/\/jornalfatosenoticias.com.br\/"},{"@type":"ListItem","position":2,"name":"A import\u00e2ncia de comemorar as conquistas"}]},{"@type":"WebSite","@id":"https:\/\/jornalfatosenoticias.com.br\/#website","url":"https:\/\/jornalfatosenoticias.com.br\/","name":"Jornal Fatos e Not\u00edcias","description":"Not\u00edcias em geral","publisher":{"@id":"https:\/\/jornalfatosenoticias.com.br\/#organization"},"potentialAction":[{"@type":"SearchAction","target":{"@type":"EntryPoint","urlTemplate":"https:\/\/jornalfatosenoticias.com.br\/?s={search_term_string}"},"query-input":{"@type":"PropertyValueSpecification","valueRequired":true,"valueName":"search_term_string"}}],"inLanguage":"pt-BR"},{"@type":"Organization","@id":"https:\/\/jornalfatosenoticias.com.br\/#organization","name":"Jornal Fatos e Not\u00edcias","url":"https:\/\/jornalfatosenoticias.com.br\/","logo":{"@type":"ImageObject","inLanguage":"pt-BR","@id":"https:\/\/jornalfatosenoticias.com.br\/#\/schema\/logo\/image\/","url":"https:\/\/jornalfatosenoticias.com.br\/wp-content\/uploads\/2020\/02\/logo120.png","contentUrl":"https:\/\/jornalfatosenoticias.com.br\/wp-content\/uploads\/2020\/02\/logo120.png","width":1227,"height":120,"caption":"Jornal Fatos e Not\u00edcias"},"image":{"@id":"https:\/\/jornalfatosenoticias.com.br\/#\/schema\/logo\/image\/"}},{"@type":"Person","@id":"https:\/\/jornalfatosenoticias.com.br\/#\/schema\/person\/d63837fa13ac8666eb9e74e0985d6f81","name":"Luzimara Fernandes","image":{"@type":"ImageObject","inLanguage":"pt-BR","@id":"https:\/\/jornalfatosenoticias.com.br\/#\/schema\/person\/image\/","url":"https:\/\/jornalfatosenoticias.com.br\/wp-content\/uploads\/2025\/05\/EU_portal.jpg","contentUrl":"https:\/\/jornalfatosenoticias.com.br\/wp-content\/uploads\/2025\/05\/EU_portal.jpg","caption":"Luzimara Fernandes"},"description":"Jornalista MTB 2358-ES","sameAs":["https:\/\/jornalfatosenoticias.com.br"],"url":"https:\/\/jornalfatosenoticias.com.br\/index.php\/author\/luzimara\/"}]}},"cc_featured_image_caption":{"caption_text":"(Foto: Pixabay) ","source_text":"","source_url":""},"jetpack_featured_media_url":"https:\/\/jornalfatosenoticias.com.br\/wp-content\/uploads\/2025\/08\/conquista-celebracao_pixabay.jpg","_links":{"self":[{"href":"https:\/\/jornalfatosenoticias.com.br\/index.php\/wp-json\/wp\/v2\/posts\/61514","targetHints":{"allow":["GET"]}}],"collection":[{"href":"https:\/\/jornalfatosenoticias.com.br\/index.php\/wp-json\/wp\/v2\/posts"}],"about":[{"href":"https:\/\/jornalfatosenoticias.com.br\/index.php\/wp-json\/wp\/v2\/types\/post"}],"author":[{"embeddable":true,"href":"https:\/\/jornalfatosenoticias.com.br\/index.php\/wp-json\/wp\/v2\/users\/2"}],"replies":[{"embeddable":true,"href":"https:\/\/jornalfatosenoticias.com.br\/index.php\/wp-json\/wp\/v2\/comments?post=61514"}],"version-history":[{"count":0,"href":"https:\/\/jornalfatosenoticias.com.br\/index.php\/wp-json\/wp\/v2\/posts\/61514\/revisions"}],"wp:featuredmedia":[{"embeddable":true,"href":"https:\/\/jornalfatosenoticias.com.br\/index.php\/wp-json\/wp\/v2\/media\/61515"}],"wp:attachment":[{"href":"https:\/\/jornalfatosenoticias.com.br\/index.php\/wp-json\/wp\/v2\/media?parent=61514"}],"wp:term":[{"taxonomy":"category","embeddable":true,"href":"https:\/\/jornalfatosenoticias.com.br\/index.php\/wp-json\/wp\/v2\/categories?post=61514"},{"taxonomy":"post_tag","embeddable":true,"href":"https:\/\/jornalfatosenoticias.com.br\/index.php\/wp-json\/wp\/v2\/tags?post=61514"}],"curies":[{"name":"wp","href":"https:\/\/api.w.org\/{rel}","templated":true}]}}