{"id":61520,"date":"2025-08-28T21:45:36","date_gmt":"2025-08-29T00:45:36","guid":{"rendered":"https:\/\/jornalfatosenoticias.com.br\/?p=61520"},"modified":"2025-09-01T10:29:22","modified_gmt":"2025-09-01T13:29:22","slug":"a-importancia-estrategica-da-cultura-da-cana-de-acucar-para-o-espirito-santo","status":"publish","type":"post","link":"https:\/\/jornalfatosenoticias.com.br\/index.php\/2025\/08\/28\/a-importancia-estrategica-da-cultura-da-cana-de-acucar-para-o-espirito-santo\/","title":{"rendered":"A import\u00e2ncia estrat\u00e9gica da cultura da cana-de-a\u00e7\u00facar para o Esp\u00edrito Santo"},"content":{"rendered":"\n<div class=\"wp-block-image\"><figure class=\"aligncenter size-large\"><a href=\"https:\/\/mizu.com.br\/\"><img loading=\"lazy\" decoding=\"async\" width=\"729\" height=\"90\" src=\"https:\/\/jornalfatosenoticias.com.br\/wp-content\/uploads\/2020\/02\/Logo_Mizu.png\" alt=\"\" class=\"wp-image-1441\" srcset=\"https:\/\/jornalfatosenoticias.com.br\/wp-content\/uploads\/2020\/02\/Logo_Mizu.png 729w, https:\/\/jornalfatosenoticias.com.br\/wp-content\/uploads\/2020\/02\/Logo_Mizu-300x37.png 300w\" sizes=\"auto, (max-width: 729px) 100vw, 729px\" \/><\/a><\/figure><\/div>\n\n\n\n<p>A propor\u00e7\u00e3o de etanol na mistura combust\u00edvel com gasolina pura aumentou, em agosto de 2025, dos atuais 27% para 30%, resultando em uma mistura que deveria ser conhecida, por rigor t\u00e9cnico, como gasool. Isso suscita uma reflex\u00e3o: <strong>qual a import\u00e2ncia estrat\u00e9gica da cultura da <a href=\"https:\/\/online.fliphtml5.com\/ywlkz\/dqun\/#p=47\">cana-de-a\u00e7\u00facar<\/a> para o Esp\u00edrito Santo?<\/strong><br>Ao contr\u00e1rio do que muitos pensam, a cana-de-a\u00e7\u00facar (<em>Saccharum officinarum<\/em>) n\u00e3o \u00e9 nativa do Brasil, mas do sudeste asi\u00e1tico e para c\u00e1 foi trazida pelos portugueses, no s\u00e9culo XVI, inicialmente para a capitania de Pernambuco. Como \u00e9 bem conhecido, seu cultivo para a produ\u00e7\u00e3o de a\u00e7\u00facar foi o principal modo econ\u00f4mico no per\u00edodo colonial, em especial no Nordeste, moldando rela\u00e7\u00f5es sociais e culturais que perduram at\u00e9 os dias de hoje.<\/p>\n\n\n\n<div class=\"wp-block-image\"><figure class=\"aligncenter size-large is-resized\"><a href=\"https:\/\/www.facebook.com\/postobkr\/?locale=pt_BR\"><img loading=\"lazy\" decoding=\"async\" src=\"https:\/\/jornalfatosenoticias.com.br\/wp-content\/uploads\/2023\/08\/BKR-1024x1021.jpg\" alt=\"\" class=\"wp-image-44494\" width=\"291\" height=\"290\" srcset=\"https:\/\/jornalfatosenoticias.com.br\/wp-content\/uploads\/2023\/08\/BKR-1024x1021.jpg 1024w, https:\/\/jornalfatosenoticias.com.br\/wp-content\/uploads\/2023\/08\/BKR-300x300.jpg 300w, https:\/\/jornalfatosenoticias.com.br\/wp-content\/uploads\/2023\/08\/BKR-150x150.jpg 150w, https:\/\/jornalfatosenoticias.com.br\/wp-content\/uploads\/2023\/08\/BKR-768x766.jpg 768w, https:\/\/jornalfatosenoticias.com.br\/wp-content\/uploads\/2023\/08\/BKR.jpg 1080w\" sizes=\"auto, (max-width: 291px) 100vw, 291px\" \/><\/a><\/figure><\/div>\n\n\n\n<p>De certa forma, n\u00e3o \u00e9 poss\u00edvel pensar no desenvolvimento do Brasil e sua hist\u00f3ria (incluindo os aspectos que nos envergonham, como a escravid\u00e3o), dissociando-se da cultura da <a href=\"https:\/\/online.fliphtml5.com\/ywlkz\/dqun\/#p=47\">cana-de-a\u00e7\u00facar<\/a> aqui estabelecida. Atualmente, o Brasil \u00e9 o maior produtor de cana-de-a\u00e7\u00facar do mundo.<\/p>\n\n\n\n<div class=\"wp-block-image\"><figure class=\"aligncenter size-large is-resized\"><a href=\"https:\/\/www.instagram.com\/gruposei\/\"><img loading=\"lazy\" decoding=\"async\" src=\"https:\/\/jornalfatosenoticias.com.br\/wp-content\/uploads\/2022\/07\/Logo-Grupo-SEI.jpg\" alt=\"\" class=\"wp-image-31973\" width=\"423\" height=\"222\" srcset=\"https:\/\/jornalfatosenoticias.com.br\/wp-content\/uploads\/2022\/07\/Logo-Grupo-SEI.jpg 713w, https:\/\/jornalfatosenoticias.com.br\/wp-content\/uploads\/2022\/07\/Logo-Grupo-SEI-300x158.jpg 300w\" sizes=\"auto, (max-width: 423px) 100vw, 423px\" \/><\/a><\/figure><\/div>\n\n\n\n<p>No Esp\u00edrito Santo, a cana-de-a\u00e7\u00facar foi introduzida por Vasco Fernandes Coutinho, donat\u00e1rio desta capitania heredit\u00e1ria, quando incentivou a instala\u00e7\u00e3o dos primeiros engenhos para produ\u00e7\u00e3o de a\u00e7\u00facar. At\u00e9 1850, essa cultura foi o principal produto agr\u00edcola capixaba, tendo sido substitu\u00eddo posteriormente, em import\u00e2ncia econ\u00f4mica, pelo caf\u00e9.<\/p>\n\n\n\n<div class=\"wp-block-image\"><figure class=\"aligncenter size-large is-resized\"><a href=\"https:\/\/www.instagram.com\/rcradiadores\/\"><img loading=\"lazy\" decoding=\"async\" src=\"https:\/\/jornalfatosenoticias.com.br\/wp-content\/uploads\/2022\/10\/RC_800x750_page-0001.jpg\" alt=\"\" class=\"wp-image-35338\" width=\"320\" height=\"300\" srcset=\"https:\/\/jornalfatosenoticias.com.br\/wp-content\/uploads\/2022\/10\/RC_800x750_page-0001.jpg 400w, https:\/\/jornalfatosenoticias.com.br\/wp-content\/uploads\/2022\/10\/RC_800x750_page-0001-300x281.jpg 300w\" sizes=\"auto, (max-width: 320px) 100vw, 320px\" \/><\/a><\/figure><\/div>\n\n\n\n<p>Atualmente, representa um segmento significativo da estrutura econ\u00f4mica capixaba, na produ\u00e7\u00e3o industrial de bioetanol em suas f\u00e1bricas (tradicionalmente conhecidas por \u201cusinas\u201d), tamb\u00e9m produtoras de a\u00e7\u00facar. Alguns dados deste setor seguem abaixo.<\/p>\n\n\n\n<div class=\"wp-block-image\"><figure class=\"aligncenter size-large\"><img loading=\"lazy\" decoding=\"async\" width=\"683\" height=\"1024\" src=\"https:\/\/jornalfatosenoticias.com.br\/wp-content\/uploads\/2025\/08\/usina-de-alcool_freepik-683x1024.jpg\" alt=\"\" class=\"wp-image-61523\" srcset=\"https:\/\/jornalfatosenoticias.com.br\/wp-content\/uploads\/2025\/08\/usina-de-alcool_freepik-683x1024.jpg 683w, https:\/\/jornalfatosenoticias.com.br\/wp-content\/uploads\/2025\/08\/usina-de-alcool_freepik-200x300.jpg 200w, https:\/\/jornalfatosenoticias.com.br\/wp-content\/uploads\/2025\/08\/usina-de-alcool_freepik-768x1152.jpg 768w, https:\/\/jornalfatosenoticias.com.br\/wp-content\/uploads\/2025\/08\/usina-de-alcool_freepik-1024x1536.jpg 1024w, https:\/\/jornalfatosenoticias.com.br\/wp-content\/uploads\/2025\/08\/usina-de-alcool_freepik-1365x2048.jpg 1365w, https:\/\/jornalfatosenoticias.com.br\/wp-content\/uploads\/2025\/08\/usina-de-alcool_freepik-scaled.jpg 1707w\" sizes=\"auto, (max-width: 683px) 100vw, 683px\" \/><figcaption><em><span class=\"has-inline-color has-black-color\">Usina de \u00e1lcool (Foto: Freepik)<\/span><\/em><\/figcaption><\/figure><\/div>\n\n\n\n<blockquote class=\"wp-block-quote is-layout-flow wp-block-quote-is-layout-flow\"><p><span class=\"has-inline-color has-luminous-vivid-orange-color\">O Brasil \u00e9 o maior produtor e exportador mundial de a\u00e7\u00facar; na safra 2020\/21, respondeu por aproximadamente 23% da produ\u00e7\u00e3o e por 51,3% do com\u00e9rcio global do produto. Segundo dados do IBGE, em 2022, a produ\u00e7\u00e3o de cana no Esp\u00edrito Santo alcan\u00e7ou 3,1 milh\u00f5es de toneladas, em uma \u00e1rea plantada de 52.697 hectares com produtividade de 59 toneladas por hectare. A cana-de-a\u00e7\u00facar tem uma relev\u00e2ncia muito grande para Linhares, que concentra 35% da produ\u00e7\u00e3o do Estado\u201d. (<em>Fonte: <strong><a href=\"https:\/\/incaper.es.gov.br\/Not%C3%ADcia\/oficina-do-pedeag-4-aborda-cadeia-produtiva-da-cana-de-acucar\">https:\/\/incaper.es.gov.br\/Not%C3%ADcia\/oficina-do-pedeag-4-aborda-cadeia-produtiva-da-cana-de-acucar<\/a><\/strong><\/em>).<\/span><\/p><\/blockquote>\n\n\n\n<div class=\"wp-block-image\"><figure class=\"aligncenter size-large is-resized\"><a href=\"https:\/\/www.instagram.com\/serra4x4cambioautomatico\/\"><img loading=\"lazy\" decoding=\"async\" src=\"https:\/\/jornalfatosenoticias.com.br\/wp-content\/uploads\/2024\/08\/Serra-4x4-1-886x1024.jpg\" alt=\"\" class=\"wp-image-53632\" width=\"314\" height=\"363\" srcset=\"https:\/\/jornalfatosenoticias.com.br\/wp-content\/uploads\/2024\/08\/Serra-4x4-1-886x1024.jpg 886w, https:\/\/jornalfatosenoticias.com.br\/wp-content\/uploads\/2024\/08\/Serra-4x4-1-260x300.jpg 260w, https:\/\/jornalfatosenoticias.com.br\/wp-content\/uploads\/2024\/08\/Serra-4x4-1-768x888.jpg 768w, https:\/\/jornalfatosenoticias.com.br\/wp-content\/uploads\/2024\/08\/Serra-4x4-1.jpg 1181w\" sizes=\"auto, (max-width: 314px) 100vw, 314px\" \/><\/a><\/figure><\/div>\n\n\n\n<p>Em um passado recente (nos tempos do Pro\u00e1lcool, programa federal iniciado em 1975), \u201cusinas de \u00e1lcool\u201d ocuparam em maior n\u00famero e relev\u00e2ncia a paisagem econ\u00f4mica do norte capixaba, quando estiveram presentes em S\u00e3o Mateus, Montanha, Linhares, Boa Esperan\u00e7a, Concei\u00e7\u00e3o da Barra, Pedro Can\u00e1rio e na regi\u00e3o sul, em Cachoeiro do Itapemirim, com destaque para sua significativa produ\u00e7\u00e3o tamb\u00e9m de a\u00e7\u00facar. Atualmente somente os munic\u00edpios de Linhares, Concei\u00e7\u00e3o da Barra e Cachoeiro do Itapemirim concentram a produ\u00e7\u00e3o de bioetanol em nosso Estado, gerando emprego e renda atrav\u00e9s de t\u00e9cnicas modernas e sustent\u00e1veis de produ\u00e7\u00e3o agroindustrial. Argumentos que a produ\u00e7\u00e3o de bioetanol s\u00e3o realizadas com base em \u201cqueimadas\u201d poluentes e explora\u00e7\u00e3o de m\u00e3o de obra local n\u00e3o se sustentam em uma observa\u00e7\u00e3o minimamente rigorosa e se baseiam em preconceitos ideol\u00f3gicos anacr\u00f4nicos.<\/p>\n\n\n\n<div class=\"wp-block-image\"><figure class=\"aligncenter size-large\"><a href=\"http:\/\/www.ferrarimaquinas.com.br\/\"><img loading=\"lazy\" decoding=\"async\" width=\"300\" height=\"250\" src=\"https:\/\/jornalfatosenoticias.com.br\/wp-content\/uploads\/2022\/02\/FERRARI_MAQUINAS-E-FERRAMENTAS2.jpg\" alt=\"\" class=\"wp-image-27860\"\/><\/a><\/figure><\/div>\n\n\n\n<p>A import\u00e2ncia do bioetanol \u00e9 central no Brasil, em virtude de seu uso combust\u00edvel e sua produ\u00e7\u00e3o sustent\u00e1vel. Os ve\u00edculos do tipo flexfuel, introduzidos no mercado automotivo nacional em 2003, atualmente respondem por cerca de 90% das vendas anuais deste modelo bicombust\u00edvel (estimativas da ANFAVEA). Estes ve\u00edculos podem ser abastecidos tanto pelo gasool, como por bioetanol puro, por livre escolha dos consumidores.<\/p>\n\n\n\n<div class=\"wp-block-image\"><figure class=\"aligncenter size-large is-resized\"><a href=\"https:\/\/www.controlsystems.com.br\/\"><img loading=\"lazy\" decoding=\"async\" src=\"https:\/\/jornalfatosenoticias.com.br\/wp-content\/uploads\/2020\/02\/CONTROL-CS.jpg\" alt=\"\" class=\"wp-image-44991\" width=\"269\" height=\"322\" srcset=\"https:\/\/jornalfatosenoticias.com.br\/wp-content\/uploads\/2020\/02\/CONTROL-CS.jpg 834w, https:\/\/jornalfatosenoticias.com.br\/wp-content\/uploads\/2020\/02\/CONTROL-CS-250x300.jpg 250w, https:\/\/jornalfatosenoticias.com.br\/wp-content\/uploads\/2020\/02\/CONTROL-CS-768x921.jpg 768w\" sizes=\"auto, (max-width: 269px) 100vw, 269px\" \/><\/a><\/figure><\/div>\n\n\n\n<p>\u00c9 curioso observar a exist\u00eancia de certo modismo no seio da sociedade quando se aborda a sustentabilidade ambiental dos \u201cautom\u00f3veis el\u00e9tricos\u201d, apenas por n\u00e3o utilizarem combust\u00edveis f\u00f3sseis. \u00c9 fr\u00e1gil a argumenta\u00e7\u00e3o de sustentabilidade destes autom\u00f3veis em rela\u00e7\u00e3o a autom\u00f3veis com motores de autom\u00f3veis totalmente movidos a bioetanol (Ciclo Otto adaptado, idealizado no Brasil). Em ve\u00edculos el\u00e9tricos que usam baterias tracion\u00e1rias (geralmente de \u00edons de l\u00edtio), \u00e9 alto o custo ambiental e de energia para extra\u00e7\u00e3o dos minerais constituintes das baterias, sua transforma\u00e7\u00e3o em escala industrial para atendimento \u00e0 demanda automotiva e at\u00e9 a quest\u00e3o ainda pouco resolvida sobre o descarte em grande escala destas baterias. O autom\u00f3vel sustent\u00e1vel e \u201cecol\u00f3gico\u201d \u00e9 portanto, aquele movido por 100% bioetanol.<\/p>\n\n\n\n<div class=\"wp-block-image\"><figure class=\"aligncenter size-large is-resized\"><a href=\"https:\/\/panper.com.br\/\"><img loading=\"lazy\" decoding=\"async\" src=\"https:\/\/jornalfatosenoticias.com.br\/wp-content\/uploads\/2023\/03\/logo-Panper_portal.jpg\" alt=\"\" class=\"wp-image-40208\" width=\"335\" height=\"232\" srcset=\"https:\/\/jornalfatosenoticias.com.br\/wp-content\/uploads\/2023\/03\/logo-Panper_portal.jpg 400w, https:\/\/jornalfatosenoticias.com.br\/wp-content\/uploads\/2023\/03\/logo-Panper_portal-300x208.jpg 300w\" sizes=\"auto, (max-width: 335px) 100vw, 335px\" \/><\/a><\/figure><\/div>\n\n\n\n<p>Para a produ\u00e7\u00e3o de bioetanol \u201cbasta\u201d plantar a cana-de-a\u00e7\u00facar, sendo seu custo ambiental baixo por ocupar \u00e1reas de baixo valor econ\u00f4mico para outras culturas ou at\u00e9 degradadas. Neste processo, seu insumo b\u00e1sico \u00e9 a biomassa (\u201ccana\u201d). A moagem da planta fornecer\u00e1 caldo, e seu \u201cbaga\u00e7o\u201d destinado para acionamento de caldeiras para gera\u00e7\u00e3o de vapor tanto para o uso industrial (produ\u00e7\u00e3o de bioetanol e a\u00e7\u00facar) como para a gera\u00e7\u00e3o de energia el\u00e9trica em grande escala, em um processo conhecido por cogera\u00e7\u00e3o (ciclo Rankine). O balan\u00e7o global de carbono \u00e9 totalmente favor\u00e1vel ao ambiente, da \u201cmuda da planta\u201d ao escapamento do carro.<\/p>\n\n\n\n<div class=\"wp-block-image\"><figure class=\"aligncenter size-large\"><img loading=\"lazy\" decoding=\"async\" width=\"1024\" height=\"574\" src=\"https:\/\/jornalfatosenoticias.com.br\/wp-content\/uploads\/2025\/08\/Fluxograma-do-processo-de-producao-de-acucar-etanol-e-energia-1024x574.jpg\" alt=\"\" class=\"wp-image-61521\" srcset=\"https:\/\/jornalfatosenoticias.com.br\/wp-content\/uploads\/2025\/08\/Fluxograma-do-processo-de-producao-de-acucar-etanol-e-energia-1024x574.jpg 1024w, https:\/\/jornalfatosenoticias.com.br\/wp-content\/uploads\/2025\/08\/Fluxograma-do-processo-de-producao-de-acucar-etanol-e-energia-300x168.jpg 300w, https:\/\/jornalfatosenoticias.com.br\/wp-content\/uploads\/2025\/08\/Fluxograma-do-processo-de-producao-de-acucar-etanol-e-energia-768x430.jpg 768w, https:\/\/jornalfatosenoticias.com.br\/wp-content\/uploads\/2025\/08\/Fluxograma-do-processo-de-producao-de-acucar-etanol-e-energia.jpg 1280w\" sizes=\"auto, (max-width: 1024px) 100vw, 1024px\" \/><figcaption><span class=\"has-inline-color has-black-color\"><em><strong>Fonte:<\/strong> Airton Silva (https:\/\/pt.linkedin.com\/posts\/airton-silva-0346311a3_fluxograma-b%C3%A1sico-produ%C3%A7%C3%A3o-a%C3%A7%C3%BAcar-e-etanol-activity-6709511911337160704-QPde)<\/em><\/span><\/figcaption><\/figure><\/div>\n\n\n\n<p>Motores totalmente movidos por bioetanol s\u00e3o conhecidos desde a d\u00e9cada de 80, no \u00e2mbito do Programa Pro\u00e1lcool, quando foram cerca de 94 % da produ\u00e7\u00e3o automotiva de 1984. Por uma s\u00e9ria de motivos que merecem maior an\u00e1lise (como o \u201ccontrachoque\u201d do petr\u00f3leo a partir de 1986), este programa foi abandonado. Sua retomada se daria em um patamar tecnol\u00f3gico elevado.<\/p>\n\n\n\n<div class=\"wp-block-image\"><figure class=\"aligncenter size-large\"><a href=\"https:\/\/www.cesconetto.com.br\/\"><img loading=\"lazy\" decoding=\"async\" width=\"300\" height=\"250\" src=\"https:\/\/jornalfatosenoticias.com.br\/wp-content\/uploads\/2020\/02\/Banner-2.png\" alt=\"\" class=\"wp-image-43787\"\/><\/a><\/figure><\/div>\n\n\n\n<p>Apoiar a cultura da cana, no Esp\u00edrito Santo, recuperando um programa energ\u00e9tico baseado em bioetanol (incluindo os de segunda gera\u00e7\u00e3o, E2G) traria o Brasil para enorme destaque em um mundo \u00e1vido por \u201ctransi\u00e7\u00e3o energ\u00e9tica\u201d, al\u00e9m de abrir espa\u00e7o para discutir a recupera\u00e7\u00e3o da enorme rede de \u201cusinas\u201d que existiram em seu apogeu. O Esp\u00edrito Santo j\u00e1 conheceu esta enorme rede de \u201cusinas\u201d, teria, portanto, protagonismo na retomada deste setor produtivo.<\/p>\n\n\n\n<div class=\"wp-block-image\"><figure class=\"aligncenter size-large is-resized\"><a href=\"https:\/\/www.facebook.com\/vetor.vix\/\"><img loading=\"lazy\" decoding=\"async\" src=\"https:\/\/jornalfatosenoticias.com.br\/wp-content\/uploads\/2023\/09\/vetorvix1024_1.jpg\" alt=\"\" class=\"wp-image-44868\" width=\"531\" height=\"141\" srcset=\"https:\/\/jornalfatosenoticias.com.br\/wp-content\/uploads\/2023\/09\/vetorvix1024_1.jpg 1024w, https:\/\/jornalfatosenoticias.com.br\/wp-content\/uploads\/2023\/09\/vetorvix1024_1-300x80.jpg 300w, https:\/\/jornalfatosenoticias.com.br\/wp-content\/uploads\/2023\/09\/vetorvix1024_1-768x205.jpg 768w\" sizes=\"auto, (max-width: 531px) 100vw, 531px\" \/><\/a><\/figure><\/div>\n\n\n\n<p><\/p>\n","protected":false},"excerpt":{"rendered":"<p>A propor\u00e7\u00e3o de etanol na mistura combust\u00edvel com gasolina pura aumentou, em agosto de 2025, dos atuais 27% para 30%, resultando em uma mistura que deveria ser conhecida, por rigor t\u00e9cnico, como gasool. Isso suscita uma reflex\u00e3o: qual a import\u00e2ncia estrat\u00e9gica da cultura da cana-de-a\u00e7\u00facar para o Esp\u00edrito Santo?Ao contr\u00e1rio do que muitos pensam, a [&hellip;]<\/p>\n","protected":false},"author":42,"featured_media":61522,"comment_status":"open","ping_status":"open","sticky":false,"template":"","format":"standard","meta":{"footnotes":""},"categories":[9],"tags":[28048,28049,8140,309,26269,100,18318,6682,28050],"class_list":["post-61520","post","type-post","status-publish","format-standard","has-post-thumbnail","hentry","category-economia","tag-bioetanol","tag-cana-de-acucar-espirito-santo","tag-combustiveis-fosseis","tag-combustivel","tag-economia-capixaba","tag-espirito-santo","tag-etanol","tag-gasolina","tag-gasool"],"yoast_head":"<!-- This site is optimized with the Yoast SEO plugin v26.5 - https:\/\/yoast.com\/wordpress\/plugins\/seo\/ -->\n<title>A import\u00e2ncia estrat\u00e9gica da cultura da cana-de-a\u00e7\u00facar para o Esp\u00edrito Santo - Jornal Fatos e Not\u00edcias<\/title>\n<meta name=\"robots\" content=\"index, follow, max-snippet:-1, max-image-preview:large, max-video-preview:-1\" \/>\n<link rel=\"canonical\" href=\"https:\/\/jornalfatosenoticias.com.br\/index.php\/2025\/08\/28\/a-importancia-estrategica-da-cultura-da-cana-de-acucar-para-o-espirito-santo\/\" \/>\n<meta property=\"og:locale\" content=\"pt_BR\" \/>\n<meta property=\"og:type\" content=\"article\" \/>\n<meta property=\"og:title\" content=\"A import\u00e2ncia estrat\u00e9gica da cultura da cana-de-a\u00e7\u00facar para o Esp\u00edrito Santo - Jornal Fatos e Not\u00edcias\" \/>\n<meta property=\"og:description\" content=\"A propor\u00e7\u00e3o de etanol na mistura combust\u00edvel com gasolina pura aumentou, em agosto de 2025, dos atuais 27% para 30%, resultando em uma mistura que deveria ser conhecida, por rigor t\u00e9cnico, como gasool. Isso suscita uma reflex\u00e3o: qual a import\u00e2ncia estrat\u00e9gica da cultura da cana-de-a\u00e7\u00facar para o Esp\u00edrito Santo?Ao contr\u00e1rio do que muitos pensam, a [&hellip;]\" \/>\n<meta property=\"og:url\" content=\"https:\/\/jornalfatosenoticias.com.br\/index.php\/2025\/08\/28\/a-importancia-estrategica-da-cultura-da-cana-de-acucar-para-o-espirito-santo\/\" \/>\n<meta property=\"og:site_name\" content=\"Jornal Fatos e Not\u00edcias\" \/>\n<meta property=\"article:published_time\" content=\"2025-08-29T00:45:36+00:00\" \/>\n<meta property=\"article:modified_time\" content=\"2025-09-01T13:29:22+00:00\" \/>\n<meta property=\"og:image\" content=\"https:\/\/jornalfatosenoticias.com.br\/wp-content\/uploads\/2025\/08\/cana_istock.jpg\" \/>\n\t<meta property=\"og:image:width\" content=\"612\" \/>\n\t<meta property=\"og:image:height\" content=\"408\" \/>\n\t<meta property=\"og:image:type\" content=\"image\/jpeg\" \/>\n<meta name=\"author\" content=\"Robson Valle\" \/>\n<meta name=\"twitter:card\" content=\"summary_large_image\" \/>\n<meta name=\"twitter:label1\" content=\"Escrito por\" \/>\n\t<meta name=\"twitter:data1\" content=\"Robson Valle\" \/>\n\t<meta name=\"twitter:label2\" content=\"Est. tempo de leitura\" \/>\n\t<meta name=\"twitter:data2\" content=\"5 minutos\" \/>\n<script type=\"application\/ld+json\" class=\"yoast-schema-graph\">{\"@context\":\"https:\/\/schema.org\",\"@graph\":[{\"@type\":\"Article\",\"@id\":\"https:\/\/jornalfatosenoticias.com.br\/index.php\/2025\/08\/28\/a-importancia-estrategica-da-cultura-da-cana-de-acucar-para-o-espirito-santo\/#article\",\"isPartOf\":{\"@id\":\"https:\/\/jornalfatosenoticias.com.br\/index.php\/2025\/08\/28\/a-importancia-estrategica-da-cultura-da-cana-de-acucar-para-o-espirito-santo\/\"},\"author\":{\"name\":\"Robson Valle\",\"@id\":\"https:\/\/jornalfatosenoticias.com.br\/#\/schema\/person\/1a227def4020333ce7943f6896c25e22\"},\"headline\":\"A import\u00e2ncia estrat\u00e9gica da cultura da cana-de-a\u00e7\u00facar para o Esp\u00edrito Santo\",\"datePublished\":\"2025-08-29T00:45:36+00:00\",\"dateModified\":\"2025-09-01T13:29:22+00:00\",\"mainEntityOfPage\":{\"@id\":\"https:\/\/jornalfatosenoticias.com.br\/index.php\/2025\/08\/28\/a-importancia-estrategica-da-cultura-da-cana-de-acucar-para-o-espirito-santo\/\"},\"wordCount\":1007,\"commentCount\":0,\"publisher\":{\"@id\":\"https:\/\/jornalfatosenoticias.com.br\/#organization\"},\"image\":{\"@id\":\"https:\/\/jornalfatosenoticias.com.br\/index.php\/2025\/08\/28\/a-importancia-estrategica-da-cultura-da-cana-de-acucar-para-o-espirito-santo\/#primaryimage\"},\"thumbnailUrl\":\"https:\/\/jornalfatosenoticias.com.br\/wp-content\/uploads\/2025\/08\/cana_istock.jpg\",\"keywords\":[\"bioetanol\",\"cana-de-a\u00e7\u00facar Esp\u00edrito Santo\",\"combust\u00edveis f\u00f3sseis\",\"combust\u00edvel\",\"economia capixaba\",\"Esp\u00edrito Santo\",\"etanol\",\"gasolina\",\"gasool\"],\"articleSection\":[\"Economia\"],\"inLanguage\":\"pt-BR\",\"potentialAction\":[{\"@type\":\"CommentAction\",\"name\":\"Comment\",\"target\":[\"https:\/\/jornalfatosenoticias.com.br\/index.php\/2025\/08\/28\/a-importancia-estrategica-da-cultura-da-cana-de-acucar-para-o-espirito-santo\/#respond\"]}]},{\"@type\":\"WebPage\",\"@id\":\"https:\/\/jornalfatosenoticias.com.br\/index.php\/2025\/08\/28\/a-importancia-estrategica-da-cultura-da-cana-de-acucar-para-o-espirito-santo\/\",\"url\":\"https:\/\/jornalfatosenoticias.com.br\/index.php\/2025\/08\/28\/a-importancia-estrategica-da-cultura-da-cana-de-acucar-para-o-espirito-santo\/\",\"name\":\"A import\u00e2ncia estrat\u00e9gica da cultura da cana-de-a\u00e7\u00facar para o Esp\u00edrito Santo - Jornal Fatos e Not\u00edcias\",\"isPartOf\":{\"@id\":\"https:\/\/jornalfatosenoticias.com.br\/#website\"},\"primaryImageOfPage\":{\"@id\":\"https:\/\/jornalfatosenoticias.com.br\/index.php\/2025\/08\/28\/a-importancia-estrategica-da-cultura-da-cana-de-acucar-para-o-espirito-santo\/#primaryimage\"},\"image\":{\"@id\":\"https:\/\/jornalfatosenoticias.com.br\/index.php\/2025\/08\/28\/a-importancia-estrategica-da-cultura-da-cana-de-acucar-para-o-espirito-santo\/#primaryimage\"},\"thumbnailUrl\":\"https:\/\/jornalfatosenoticias.com.br\/wp-content\/uploads\/2025\/08\/cana_istock.jpg\",\"datePublished\":\"2025-08-29T00:45:36+00:00\",\"dateModified\":\"2025-09-01T13:29:22+00:00\",\"breadcrumb\":{\"@id\":\"https:\/\/jornalfatosenoticias.com.br\/index.php\/2025\/08\/28\/a-importancia-estrategica-da-cultura-da-cana-de-acucar-para-o-espirito-santo\/#breadcrumb\"},\"inLanguage\":\"pt-BR\",\"potentialAction\":[{\"@type\":\"ReadAction\",\"target\":[\"https:\/\/jornalfatosenoticias.com.br\/index.php\/2025\/08\/28\/a-importancia-estrategica-da-cultura-da-cana-de-acucar-para-o-espirito-santo\/\"]}]},{\"@type\":\"ImageObject\",\"inLanguage\":\"pt-BR\",\"@id\":\"https:\/\/jornalfatosenoticias.com.br\/index.php\/2025\/08\/28\/a-importancia-estrategica-da-cultura-da-cana-de-acucar-para-o-espirito-santo\/#primaryimage\",\"url\":\"https:\/\/jornalfatosenoticias.com.br\/wp-content\/uploads\/2025\/08\/cana_istock.jpg\",\"contentUrl\":\"https:\/\/jornalfatosenoticias.com.br\/wp-content\/uploads\/2025\/08\/cana_istock.jpg\",\"width\":612,\"height\":408,\"caption\":\"https:\/\/bipjng.dm2301.livefilestore.com\/y2p6oiJQOT3Ym2FhQBXth6gWfinJ5JM-sYoCnyIrQrQ1-b-x1Oohmr9LscR-WKFs--lndoR6sbJhCE7hdLm-7BoccGnIykSeD2HUxTzSroE1Kg\/sugarcane.jpg?psid=1\"},{\"@type\":\"BreadcrumbList\",\"@id\":\"https:\/\/jornalfatosenoticias.com.br\/index.php\/2025\/08\/28\/a-importancia-estrategica-da-cultura-da-cana-de-acucar-para-o-espirito-santo\/#breadcrumb\",\"itemListElement\":[{\"@type\":\"ListItem\",\"position\":1,\"name\":\"In\u00edcio\",\"item\":\"https:\/\/jornalfatosenoticias.com.br\/\"},{\"@type\":\"ListItem\",\"position\":2,\"name\":\"A import\u00e2ncia estrat\u00e9gica da cultura da cana-de-a\u00e7\u00facar para o Esp\u00edrito Santo\"}]},{\"@type\":\"WebSite\",\"@id\":\"https:\/\/jornalfatosenoticias.com.br\/#website\",\"url\":\"https:\/\/jornalfatosenoticias.com.br\/\",\"name\":\"Jornal Fatos e Not\u00edcias\",\"description\":\"Not\u00edcias em geral\",\"publisher\":{\"@id\":\"https:\/\/jornalfatosenoticias.com.br\/#organization\"},\"potentialAction\":[{\"@type\":\"SearchAction\",\"target\":{\"@type\":\"EntryPoint\",\"urlTemplate\":\"https:\/\/jornalfatosenoticias.com.br\/?s={search_term_string}\"},\"query-input\":{\"@type\":\"PropertyValueSpecification\",\"valueRequired\":true,\"valueName\":\"search_term_string\"}}],\"inLanguage\":\"pt-BR\"},{\"@type\":\"Organization\",\"@id\":\"https:\/\/jornalfatosenoticias.com.br\/#organization\",\"name\":\"Jornal Fatos e Not\u00edcias\",\"url\":\"https:\/\/jornalfatosenoticias.com.br\/\",\"logo\":{\"@type\":\"ImageObject\",\"inLanguage\":\"pt-BR\",\"@id\":\"https:\/\/jornalfatosenoticias.com.br\/#\/schema\/logo\/image\/\",\"url\":\"https:\/\/jornalfatosenoticias.com.br\/wp-content\/uploads\/2020\/02\/logo120.png\",\"contentUrl\":\"https:\/\/jornalfatosenoticias.com.br\/wp-content\/uploads\/2020\/02\/logo120.png\",\"width\":1227,\"height\":120,\"caption\":\"Jornal Fatos e Not\u00edcias\"},\"image\":{\"@id\":\"https:\/\/jornalfatosenoticias.com.br\/#\/schema\/logo\/image\/\"}},{\"@type\":\"Person\",\"@id\":\"https:\/\/jornalfatosenoticias.com.br\/#\/schema\/person\/1a227def4020333ce7943f6896c25e22\",\"name\":\"Robson Valle\",\"image\":{\"@type\":\"ImageObject\",\"inLanguage\":\"pt-BR\",\"@id\":\"https:\/\/jornalfatosenoticias.com.br\/#\/schema\/person\/image\/\",\"url\":\"https:\/\/jornalfatosenoticias.com.br\/wp-content\/uploads\/2025\/07\/Robson-Valle_portal-135x150.jpg\",\"contentUrl\":\"https:\/\/jornalfatosenoticias.com.br\/wp-content\/uploads\/2025\/07\/Robson-Valle_portal-135x150.jpg\",\"caption\":\"Robson Valle\"},\"description\":\"Engenheiro qu\u00edmico, vice-presidente da Associa\u00e7\u00e3o Profissional dos Qu\u00edmicos do ES (Aproquimes) P\u00e1gina pessoal: https:\/\/rvalle.com.br\/eqes\/\",\"url\":\"https:\/\/jornalfatosenoticias.com.br\/index.php\/author\/robson-valle\/\"}]}<\/script>\n<!-- \/ Yoast SEO plugin. -->","yoast_head_json":{"title":"A import\u00e2ncia estrat\u00e9gica da cultura da cana-de-a\u00e7\u00facar para o Esp\u00edrito Santo - Jornal Fatos e Not\u00edcias","robots":{"index":"index","follow":"follow","max-snippet":"max-snippet:-1","max-image-preview":"max-image-preview:large","max-video-preview":"max-video-preview:-1"},"canonical":"https:\/\/jornalfatosenoticias.com.br\/index.php\/2025\/08\/28\/a-importancia-estrategica-da-cultura-da-cana-de-acucar-para-o-espirito-santo\/","og_locale":"pt_BR","og_type":"article","og_title":"A import\u00e2ncia estrat\u00e9gica da cultura da cana-de-a\u00e7\u00facar para o Esp\u00edrito Santo - Jornal Fatos e Not\u00edcias","og_description":"A propor\u00e7\u00e3o de etanol na mistura combust\u00edvel com gasolina pura aumentou, em agosto de 2025, dos atuais 27% para 30%, resultando em uma mistura que deveria ser conhecida, por rigor t\u00e9cnico, como gasool. Isso suscita uma reflex\u00e3o: qual a import\u00e2ncia estrat\u00e9gica da cultura da cana-de-a\u00e7\u00facar para o Esp\u00edrito Santo?Ao contr\u00e1rio do que muitos pensam, a [&hellip;]","og_url":"https:\/\/jornalfatosenoticias.com.br\/index.php\/2025\/08\/28\/a-importancia-estrategica-da-cultura-da-cana-de-acucar-para-o-espirito-santo\/","og_site_name":"Jornal Fatos e Not\u00edcias","article_published_time":"2025-08-29T00:45:36+00:00","article_modified_time":"2025-09-01T13:29:22+00:00","og_image":[{"width":612,"height":408,"url":"https:\/\/jornalfatosenoticias.com.br\/wp-content\/uploads\/2025\/08\/cana_istock.jpg","type":"image\/jpeg"}],"author":"Robson Valle","twitter_card":"summary_large_image","twitter_misc":{"Escrito por":"Robson Valle","Est. tempo de leitura":"5 minutos"},"schema":{"@context":"https:\/\/schema.org","@graph":[{"@type":"Article","@id":"https:\/\/jornalfatosenoticias.com.br\/index.php\/2025\/08\/28\/a-importancia-estrategica-da-cultura-da-cana-de-acucar-para-o-espirito-santo\/#article","isPartOf":{"@id":"https:\/\/jornalfatosenoticias.com.br\/index.php\/2025\/08\/28\/a-importancia-estrategica-da-cultura-da-cana-de-acucar-para-o-espirito-santo\/"},"author":{"name":"Robson Valle","@id":"https:\/\/jornalfatosenoticias.com.br\/#\/schema\/person\/1a227def4020333ce7943f6896c25e22"},"headline":"A import\u00e2ncia estrat\u00e9gica da cultura da cana-de-a\u00e7\u00facar para o Esp\u00edrito Santo","datePublished":"2025-08-29T00:45:36+00:00","dateModified":"2025-09-01T13:29:22+00:00","mainEntityOfPage":{"@id":"https:\/\/jornalfatosenoticias.com.br\/index.php\/2025\/08\/28\/a-importancia-estrategica-da-cultura-da-cana-de-acucar-para-o-espirito-santo\/"},"wordCount":1007,"commentCount":0,"publisher":{"@id":"https:\/\/jornalfatosenoticias.com.br\/#organization"},"image":{"@id":"https:\/\/jornalfatosenoticias.com.br\/index.php\/2025\/08\/28\/a-importancia-estrategica-da-cultura-da-cana-de-acucar-para-o-espirito-santo\/#primaryimage"},"thumbnailUrl":"https:\/\/jornalfatosenoticias.com.br\/wp-content\/uploads\/2025\/08\/cana_istock.jpg","keywords":["bioetanol","cana-de-a\u00e7\u00facar Esp\u00edrito Santo","combust\u00edveis f\u00f3sseis","combust\u00edvel","economia capixaba","Esp\u00edrito Santo","etanol","gasolina","gasool"],"articleSection":["Economia"],"inLanguage":"pt-BR","potentialAction":[{"@type":"CommentAction","name":"Comment","target":["https:\/\/jornalfatosenoticias.com.br\/index.php\/2025\/08\/28\/a-importancia-estrategica-da-cultura-da-cana-de-acucar-para-o-espirito-santo\/#respond"]}]},{"@type":"WebPage","@id":"https:\/\/jornalfatosenoticias.com.br\/index.php\/2025\/08\/28\/a-importancia-estrategica-da-cultura-da-cana-de-acucar-para-o-espirito-santo\/","url":"https:\/\/jornalfatosenoticias.com.br\/index.php\/2025\/08\/28\/a-importancia-estrategica-da-cultura-da-cana-de-acucar-para-o-espirito-santo\/","name":"A import\u00e2ncia estrat\u00e9gica da cultura da cana-de-a\u00e7\u00facar para o Esp\u00edrito Santo - Jornal Fatos e Not\u00edcias","isPartOf":{"@id":"https:\/\/jornalfatosenoticias.com.br\/#website"},"primaryImageOfPage":{"@id":"https:\/\/jornalfatosenoticias.com.br\/index.php\/2025\/08\/28\/a-importancia-estrategica-da-cultura-da-cana-de-acucar-para-o-espirito-santo\/#primaryimage"},"image":{"@id":"https:\/\/jornalfatosenoticias.com.br\/index.php\/2025\/08\/28\/a-importancia-estrategica-da-cultura-da-cana-de-acucar-para-o-espirito-santo\/#primaryimage"},"thumbnailUrl":"https:\/\/jornalfatosenoticias.com.br\/wp-content\/uploads\/2025\/08\/cana_istock.jpg","datePublished":"2025-08-29T00:45:36+00:00","dateModified":"2025-09-01T13:29:22+00:00","breadcrumb":{"@id":"https:\/\/jornalfatosenoticias.com.br\/index.php\/2025\/08\/28\/a-importancia-estrategica-da-cultura-da-cana-de-acucar-para-o-espirito-santo\/#breadcrumb"},"inLanguage":"pt-BR","potentialAction":[{"@type":"ReadAction","target":["https:\/\/jornalfatosenoticias.com.br\/index.php\/2025\/08\/28\/a-importancia-estrategica-da-cultura-da-cana-de-acucar-para-o-espirito-santo\/"]}]},{"@type":"ImageObject","inLanguage":"pt-BR","@id":"https:\/\/jornalfatosenoticias.com.br\/index.php\/2025\/08\/28\/a-importancia-estrategica-da-cultura-da-cana-de-acucar-para-o-espirito-santo\/#primaryimage","url":"https:\/\/jornalfatosenoticias.com.br\/wp-content\/uploads\/2025\/08\/cana_istock.jpg","contentUrl":"https:\/\/jornalfatosenoticias.com.br\/wp-content\/uploads\/2025\/08\/cana_istock.jpg","width":612,"height":408,"caption":"https:\/\/bipjng.dm2301.livefilestore.com\/y2p6oiJQOT3Ym2FhQBXth6gWfinJ5JM-sYoCnyIrQrQ1-b-x1Oohmr9LscR-WKFs--lndoR6sbJhCE7hdLm-7BoccGnIykSeD2HUxTzSroE1Kg\/sugarcane.jpg?psid=1"},{"@type":"BreadcrumbList","@id":"https:\/\/jornalfatosenoticias.com.br\/index.php\/2025\/08\/28\/a-importancia-estrategica-da-cultura-da-cana-de-acucar-para-o-espirito-santo\/#breadcrumb","itemListElement":[{"@type":"ListItem","position":1,"name":"In\u00edcio","item":"https:\/\/jornalfatosenoticias.com.br\/"},{"@type":"ListItem","position":2,"name":"A import\u00e2ncia estrat\u00e9gica da cultura da cana-de-a\u00e7\u00facar para o Esp\u00edrito Santo"}]},{"@type":"WebSite","@id":"https:\/\/jornalfatosenoticias.com.br\/#website","url":"https:\/\/jornalfatosenoticias.com.br\/","name":"Jornal Fatos e Not\u00edcias","description":"Not\u00edcias em geral","publisher":{"@id":"https:\/\/jornalfatosenoticias.com.br\/#organization"},"potentialAction":[{"@type":"SearchAction","target":{"@type":"EntryPoint","urlTemplate":"https:\/\/jornalfatosenoticias.com.br\/?s={search_term_string}"},"query-input":{"@type":"PropertyValueSpecification","valueRequired":true,"valueName":"search_term_string"}}],"inLanguage":"pt-BR"},{"@type":"Organization","@id":"https:\/\/jornalfatosenoticias.com.br\/#organization","name":"Jornal Fatos e Not\u00edcias","url":"https:\/\/jornalfatosenoticias.com.br\/","logo":{"@type":"ImageObject","inLanguage":"pt-BR","@id":"https:\/\/jornalfatosenoticias.com.br\/#\/schema\/logo\/image\/","url":"https:\/\/jornalfatosenoticias.com.br\/wp-content\/uploads\/2020\/02\/logo120.png","contentUrl":"https:\/\/jornalfatosenoticias.com.br\/wp-content\/uploads\/2020\/02\/logo120.png","width":1227,"height":120,"caption":"Jornal Fatos e Not\u00edcias"},"image":{"@id":"https:\/\/jornalfatosenoticias.com.br\/#\/schema\/logo\/image\/"}},{"@type":"Person","@id":"https:\/\/jornalfatosenoticias.com.br\/#\/schema\/person\/1a227def4020333ce7943f6896c25e22","name":"Robson Valle","image":{"@type":"ImageObject","inLanguage":"pt-BR","@id":"https:\/\/jornalfatosenoticias.com.br\/#\/schema\/person\/image\/","url":"https:\/\/jornalfatosenoticias.com.br\/wp-content\/uploads\/2025\/07\/Robson-Valle_portal-135x150.jpg","contentUrl":"https:\/\/jornalfatosenoticias.com.br\/wp-content\/uploads\/2025\/07\/Robson-Valle_portal-135x150.jpg","caption":"Robson Valle"},"description":"Engenheiro qu\u00edmico, vice-presidente da Associa\u00e7\u00e3o Profissional dos Qu\u00edmicos do ES (Aproquimes) P\u00e1gina pessoal: https:\/\/rvalle.com.br\/eqes\/","url":"https:\/\/jornalfatosenoticias.com.br\/index.php\/author\/robson-valle\/"}]}},"cc_featured_image_caption":{"caption_text":"(Foto: iStock) ","source_text":"","source_url":""},"jetpack_featured_media_url":"https:\/\/jornalfatosenoticias.com.br\/wp-content\/uploads\/2025\/08\/cana_istock.jpg","_links":{"self":[{"href":"https:\/\/jornalfatosenoticias.com.br\/index.php\/wp-json\/wp\/v2\/posts\/61520","targetHints":{"allow":["GET"]}}],"collection":[{"href":"https:\/\/jornalfatosenoticias.com.br\/index.php\/wp-json\/wp\/v2\/posts"}],"about":[{"href":"https:\/\/jornalfatosenoticias.com.br\/index.php\/wp-json\/wp\/v2\/types\/post"}],"author":[{"embeddable":true,"href":"https:\/\/jornalfatosenoticias.com.br\/index.php\/wp-json\/wp\/v2\/users\/42"}],"replies":[{"embeddable":true,"href":"https:\/\/jornalfatosenoticias.com.br\/index.php\/wp-json\/wp\/v2\/comments?post=61520"}],"version-history":[{"count":0,"href":"https:\/\/jornalfatosenoticias.com.br\/index.php\/wp-json\/wp\/v2\/posts\/61520\/revisions"}],"wp:featuredmedia":[{"embeddable":true,"href":"https:\/\/jornalfatosenoticias.com.br\/index.php\/wp-json\/wp\/v2\/media\/61522"}],"wp:attachment":[{"href":"https:\/\/jornalfatosenoticias.com.br\/index.php\/wp-json\/wp\/v2\/media?parent=61520"}],"wp:term":[{"taxonomy":"category","embeddable":true,"href":"https:\/\/jornalfatosenoticias.com.br\/index.php\/wp-json\/wp\/v2\/categories?post=61520"},{"taxonomy":"post_tag","embeddable":true,"href":"https:\/\/jornalfatosenoticias.com.br\/index.php\/wp-json\/wp\/v2\/tags?post=61520"}],"curies":[{"name":"wp","href":"https:\/\/api.w.org\/{rel}","templated":true}]}}