{"id":61526,"date":"2025-08-28T21:55:49","date_gmt":"2025-08-29T00:55:49","guid":{"rendered":"https:\/\/jornalfatosenoticias.com.br\/?p=61526"},"modified":"2025-08-28T21:55:51","modified_gmt":"2025-08-29T00:55:51","slug":"ressurgimento-de-ave-extinta-ha-125-anos-intriga-biologos","status":"publish","type":"post","link":"https:\/\/jornalfatosenoticias.com.br\/index.php\/2025\/08\/28\/ressurgimento-de-ave-extinta-ha-125-anos-intriga-biologos\/","title":{"rendered":"Ressurgimento de ave extinta h\u00e1 125 anos intriga bi\u00f3logos"},"content":{"rendered":"\n<p><em><span class=\"has-inline-color has-black-color\">Ave taca\u00e9-do-sul renasce na Nova Zel\u00e2ndia: um milagre da conserva\u00e7\u00e3o que resgata a heran\u00e7a cultural maori e reescreve sua hist\u00f3ria<\/span><\/em><\/p>\n\n\n\n<p><span class=\"has-inline-color has-black-color\">Por <strong><a href=\"https:\/\/aventurasnahistoria.com.br\/noticias\/author\/felipesales\">Felipe Sales Gomes<\/a><\/strong><\/span><\/p>\n\n\n\n<div class=\"wp-block-image\"><figure class=\"aligncenter size-large\"><a href=\"https:\/\/mizu.com.br\/\"><img loading=\"lazy\" decoding=\"async\" width=\"729\" height=\"90\" src=\"https:\/\/jornalfatosenoticias.com.br\/wp-content\/uploads\/2020\/02\/Logo_Mizu.png\" alt=\"\" class=\"wp-image-1441\" srcset=\"https:\/\/jornalfatosenoticias.com.br\/wp-content\/uploads\/2020\/02\/Logo_Mizu.png 729w, https:\/\/jornalfatosenoticias.com.br\/wp-content\/uploads\/2020\/02\/Logo_Mizu-300x37.png 300w\" sizes=\"auto, (max-width: 729px) 100vw, 729px\" \/><\/a><\/figure><\/div>\n\n\n\n<p>O <strong>taca\u00e9-do-sul<\/strong>, uma ave marcante da\u00a0<a href=\"https:\/\/aventurasnahistoria.com.br\/noticias\/historia-hoje\/o-motivo-por-tras-da-extincao-iminente-de-especies-na-nova-zelandia.phtml\">Nova Zel\u00e2ndia<\/a>, foi\u00a0<mark>considerada extinta<\/mark>\u00a0em meados do s\u00e9culo 19; por\u00e9m, agora est\u00e1 vivenciando um not\u00e1vel\u00a0<mark>retorno \u00e0 Ilha Sul<\/mark>. Ap\u00f3s um longo per\u00edodo de 70 anos dedicados a esfor\u00e7os de conserva\u00e7\u00e3o, pesquisadores conseguiram recuperar a popula\u00e7\u00e3o dessa esp\u00e9cie sagrada para o povo Ng\u0101i Tahu.<br>Recentemente, um grupo de 18 p\u00e1ssaros foi liberto no Vale de Greenstone, marcando um novo cap\u00edtulo na trajet\u00f3ria desta ave\u00a0<a href=\"https:\/\/aventurasnahistoria.com.br\/noticias\/historia-hoje\/novo-crocodilo-pre-historico-e-descoberto-no-interior-de-sao-paulo.phtml\">pr\u00e9-hist\u00f3rica<\/a>. Com essa a\u00e7\u00e3o, estima-se que a popula\u00e7\u00e3o total de taca\u00e9s em seu habitat natural\u00a0<mark>alcance cerca de 500 indiv\u00edduos<\/mark>, um n\u00famero que era inimagin\u00e1vel h\u00e1 algumas d\u00e9cadas.<\/p>\n\n\n\n<div class=\"wp-block-image\"><figure class=\"aligncenter size-large\"><a href=\"http:\/\/www.ferrarimaquinas.com.br\/\"><img loading=\"lazy\" decoding=\"async\" width=\"300\" height=\"250\" src=\"https:\/\/jornalfatosenoticias.com.br\/wp-content\/uploads\/2022\/02\/FERRARI_MAQUINAS-E-FERRAMENTAS2.jpg\" alt=\"\" class=\"wp-image-27860\"\/><\/a><\/figure><\/div>\n\n\n\n<p>A hist\u00f3ria da <a href=\"https:\/\/aventurasnahistoria.com.br\/noticias\/historia-hoje\/arqueologos-desvendam-misterio-de-como-pa-de-madeira-de-3500-anos-ficou-conservada.phtml\">conserva\u00e7\u00e3o<\/a>\u00a0do\u00a0<strong>taca\u00e9-do-sul<\/strong>\u00a0come\u00e7ou em 1948, quando a esp\u00e9cie foi redescoberta nas montanhas de Murchison. Desde ent\u00e3o, diversas iniciativas t\u00eam sido implementadas, incluindo\u00a0<mark>programas de reprodu\u00e7\u00e3o em cativeiro e a cria\u00e7\u00e3o de santu\u00e1rios protegidos<\/mark>. Al\u00e9m disso, o controle rigoroso de predadores invasores como fur\u00f5es e gatos selvagens foi essencial para a preserva\u00e7\u00e3o da esp\u00e9cie.<\/p>\n\n\n\n<div class=\"wp-block-image\"><figure class=\"aligncenter size-large is-resized\"><a href=\"https:\/\/hotelmarquetti.com.br\/\"><img loading=\"lazy\" decoding=\"async\" src=\"https:\/\/jornalfatosenoticias.com.br\/wp-content\/uploads\/2020\/02\/LOGO-MQ-1024x680.jpg\" alt=\"\" class=\"wp-image-58299\" width=\"366\" height=\"243\" srcset=\"https:\/\/jornalfatosenoticias.com.br\/wp-content\/uploads\/2020\/02\/LOGO-MQ-1024x680.jpg 1024w, https:\/\/jornalfatosenoticias.com.br\/wp-content\/uploads\/2020\/02\/LOGO-MQ-300x199.jpg 300w, https:\/\/jornalfatosenoticias.com.br\/wp-content\/uploads\/2020\/02\/LOGO-MQ-768x510.jpg 768w, https:\/\/jornalfatosenoticias.com.br\/wp-content\/uploads\/2020\/02\/LOGO-MQ-1536x1020.jpg 1536w, https:\/\/jornalfatosenoticias.com.br\/wp-content\/uploads\/2020\/02\/LOGO-MQ-2048x1360.jpg 2048w\" sizes=\"auto, (max-width: 366px) 100vw, 366px\" \/><\/a><\/figure><\/div>\n\n\n\n<p>De acordo com Deidre Vercoe, diretora do projeto Takah\u0113 Recovery, \u201ca captura de fur\u00f5es e gatos selvagens diminuiu significativamente a presen\u00e7a desses predadores e continua a manter suas popula\u00e7\u00f5es sob controle\u201d. Essa estrat\u00e9gia foi crucial para permitir a reintrodu\u00e7\u00e3o das aves em seus ambientes naturais.<br>Por ser uma ave n\u00e3o voadora, o <strong>taca\u00e9-do-sul enfrenta<\/strong>\u00a0<mark>riscos consider\u00e1veis<\/mark> devido \u00e0 introdu\u00e7\u00e3o de mam\u00edferos pelos colonizadores europeus. Seus ninhos localizados no solo e seu comportamento d\u00f3cil os tornam alvos vulner\u00e1veis para predadores invasores, exigindo vigil\u00e2ncia cont\u00ednua por parte das equipes de conserva\u00e7\u00e3o.<\/p>\n\n\n\n<div class=\"wp-block-image\"><figure class=\"aligncenter size-large is-resized\"><a href=\"https:\/\/www.controlsystems.com.br\/\"><img loading=\"lazy\" decoding=\"async\" src=\"https:\/\/jornalfatosenoticias.com.br\/wp-content\/uploads\/2020\/02\/CONTROL-CS.jpg\" alt=\"\" class=\"wp-image-44991\" width=\"246\" height=\"295\" srcset=\"https:\/\/jornalfatosenoticias.com.br\/wp-content\/uploads\/2020\/02\/CONTROL-CS.jpg 834w, https:\/\/jornalfatosenoticias.com.br\/wp-content\/uploads\/2020\/02\/CONTROL-CS-250x300.jpg 250w, https:\/\/jornalfatosenoticias.com.br\/wp-content\/uploads\/2020\/02\/CONTROL-CS-768x921.jpg 768w\" sizes=\"auto, (max-width: 246px) 100vw, 246px\" \/><\/a><\/figure><\/div>\n\n\n\n<p>O governo da Nova Zel\u00e2ndia tem aplicado uma variedade de estrat\u00e9gias, que v\u00e3o desde transloca\u00e7\u00e3o entre ilhas at\u00e9 programas avan\u00e7ados de reprodu\u00e7\u00e3o assistida. O objetivo \u00e9 estabelecer popula\u00e7\u00f5es autossustent\u00e1veis que possam\u00a0<mark>prosperar sem interven\u00e7\u00e3o humana<\/mark> constante. Para os\u00a0<a href=\"https:\/\/aventurasnahistoria.com.br\/noticias\/historia-hoje\/na-nova-zelandia-partido-maori-faz-peticao-para-dar-nome-indigena-ao-pais.phtml\">Maori<\/a>, as penas verde-azuladas do taca\u00e9 s\u00e3o consideradas tesouros e possuem um significado espiritual profundo. O retorno dessas aves \u00e0s terras da tribo Ng\u0101i Tahu n\u00e3o representa apenas um \u00eaxito ecol\u00f3gico; \u00e9 tamb\u00e9m uma\u00a0<mark>reconex\u00e3o com sua heran\u00e7a cultural<\/mark>.<\/p>\n\n\n\n<div class=\"wp-block-image\"><figure class=\"aligncenter size-large is-resized\"><a href=\"https:\/\/www.facebook.com\/profile.php?id=100069289606145\"><img loading=\"lazy\" decoding=\"async\" src=\"https:\/\/jornalfatosenoticias.com.br\/wp-content\/uploads\/2024\/11\/Guaitolini-Contabilidade-1024x714.jpeg\" alt=\"\" class=\"wp-image-55808\" width=\"327\" height=\"228\" srcset=\"https:\/\/jornalfatosenoticias.com.br\/wp-content\/uploads\/2024\/11\/Guaitolini-Contabilidade-1024x714.jpeg 1024w, https:\/\/jornalfatosenoticias.com.br\/wp-content\/uploads\/2024\/11\/Guaitolini-Contabilidade-300x209.jpeg 300w, https:\/\/jornalfatosenoticias.com.br\/wp-content\/uploads\/2024\/11\/Guaitolini-Contabilidade-768x535.jpeg 768w, https:\/\/jornalfatosenoticias.com.br\/wp-content\/uploads\/2024\/11\/Guaitolini-Contabilidade.jpeg 1280w\" sizes=\"auto, (max-width: 327px) 100vw, 327px\" \/><\/a><\/figure><\/div>\n\n\n\n<p>Estudos indicam que essa esp\u00e9cie existe desde o Pleistoceno, conseguindo\u00a0<mark>sobreviver a eras glaciais<\/mark>. Com o apoio humano, o taca\u00e9-do-sul agora tem a oportunidade de reescrever sua hist\u00f3ria evolutiva e continuar sua jornada nas terras neozelandesas.<\/p>\n\n\n\n<p><strong>Fonte: <a href=\"https:\/\/aventurasnahistoria.com.br\/noticias\/historia-hoje\/ressurgimento-de-ave-extinta-ha-125-anos-intriga-biologos.phtml\">Aventuras na Hist\u00f3ria<\/a><\/strong><\/p>\n","protected":false},"excerpt":{"rendered":"<p>Ave taca\u00e9-do-sul renasce na Nova Zel\u00e2ndia: um milagre da conserva\u00e7\u00e3o que resgata a heran\u00e7a cultural maori e reescreve sua hist\u00f3ria Por Felipe Sales Gomes O taca\u00e9-do-sul, uma ave marcante da\u00a0Nova Zel\u00e2ndia, foi\u00a0considerada extinta\u00a0em meados do s\u00e9culo 19; por\u00e9m, agora est\u00e1 vivenciando um not\u00e1vel\u00a0retorno \u00e0 Ilha Sul. Ap\u00f3s um longo per\u00edodo de 70 anos dedicados a [&hellip;]<\/p>\n","protected":false},"author":2,"featured_media":61527,"comment_status":"open","ping_status":"open","sticky":false,"template":"","format":"standard","meta":{"footnotes":""},"categories":[8],"tags":[4850,2445,219,1816,11757,3106,28051,28052],"class_list":["post-61526","post","type-post","status-publish","format-standard","has-post-thumbnail","hentry","category-meio-ambiente","tag-ave","tag-biologia","tag-extincao","tag-indigenas","tag-mundo-animal","tag-nova-zelandia","tag-ressurgimento","tag-tacae-do-sul"],"yoast_head":"<!-- This site is optimized with the Yoast SEO plugin v26.5 - https:\/\/yoast.com\/wordpress\/plugins\/seo\/ -->\n<title>Ressurgimento de ave extinta h\u00e1 125 anos intriga bi\u00f3logos - Jornal Fatos e Not\u00edcias<\/title>\n<meta name=\"robots\" content=\"index, follow, max-snippet:-1, max-image-preview:large, max-video-preview:-1\" \/>\n<link rel=\"canonical\" href=\"https:\/\/jornalfatosenoticias.com.br\/index.php\/2025\/08\/28\/ressurgimento-de-ave-extinta-ha-125-anos-intriga-biologos\/\" \/>\n<meta property=\"og:locale\" content=\"pt_BR\" \/>\n<meta property=\"og:type\" content=\"article\" \/>\n<meta property=\"og:title\" content=\"Ressurgimento de ave extinta h\u00e1 125 anos intriga bi\u00f3logos - Jornal Fatos e Not\u00edcias\" \/>\n<meta property=\"og:description\" content=\"Ave taca\u00e9-do-sul renasce na Nova Zel\u00e2ndia: um milagre da conserva\u00e7\u00e3o que resgata a heran\u00e7a cultural maori e reescreve sua hist\u00f3ria Por Felipe Sales Gomes O taca\u00e9-do-sul, uma ave marcante da\u00a0Nova Zel\u00e2ndia, foi\u00a0considerada extinta\u00a0em meados do s\u00e9culo 19; por\u00e9m, agora est\u00e1 vivenciando um not\u00e1vel\u00a0retorno \u00e0 Ilha Sul. Ap\u00f3s um longo per\u00edodo de 70 anos dedicados a [&hellip;]\" \/>\n<meta property=\"og:url\" content=\"https:\/\/jornalfatosenoticias.com.br\/index.php\/2025\/08\/28\/ressurgimento-de-ave-extinta-ha-125-anos-intriga-biologos\/\" \/>\n<meta property=\"og:site_name\" content=\"Jornal Fatos e Not\u00edcias\" \/>\n<meta property=\"article:published_time\" content=\"2025-08-29T00:55:49+00:00\" \/>\n<meta property=\"article:modified_time\" content=\"2025-08-29T00:55:51+00:00\" \/>\n<meta property=\"og:image\" content=\"https:\/\/jornalfatosenoticias.com.br\/wp-content\/uploads\/2025\/08\/tacae-do-sul_pexels.jpg\" \/>\n\t<meta property=\"og:image:width\" content=\"1000\" \/>\n\t<meta property=\"og:image:height\" content=\"562\" \/>\n\t<meta property=\"og:image:type\" content=\"image\/jpeg\" \/>\n<meta name=\"author\" content=\"Luzimara Fernandes\" \/>\n<meta name=\"twitter:card\" content=\"summary_large_image\" \/>\n<meta name=\"twitter:label1\" content=\"Escrito por\" \/>\n\t<meta name=\"twitter:data1\" content=\"Luzimara Fernandes\" \/>\n\t<meta name=\"twitter:label2\" content=\"Est. tempo de leitura\" \/>\n\t<meta name=\"twitter:data2\" content=\"2 minutos\" \/>\n<script type=\"application\/ld+json\" class=\"yoast-schema-graph\">{\"@context\":\"https:\/\/schema.org\",\"@graph\":[{\"@type\":\"Article\",\"@id\":\"https:\/\/jornalfatosenoticias.com.br\/index.php\/2025\/08\/28\/ressurgimento-de-ave-extinta-ha-125-anos-intriga-biologos\/#article\",\"isPartOf\":{\"@id\":\"https:\/\/jornalfatosenoticias.com.br\/index.php\/2025\/08\/28\/ressurgimento-de-ave-extinta-ha-125-anos-intriga-biologos\/\"},\"author\":{\"name\":\"Luzimara Fernandes\",\"@id\":\"https:\/\/jornalfatosenoticias.com.br\/#\/schema\/person\/d63837fa13ac8666eb9e74e0985d6f81\"},\"headline\":\"Ressurgimento de ave extinta h\u00e1 125 anos intriga bi\u00f3logos\",\"datePublished\":\"2025-08-29T00:55:49+00:00\",\"dateModified\":\"2025-08-29T00:55:51+00:00\",\"mainEntityOfPage\":{\"@id\":\"https:\/\/jornalfatosenoticias.com.br\/index.php\/2025\/08\/28\/ressurgimento-de-ave-extinta-ha-125-anos-intriga-biologos\/\"},\"wordCount\":464,\"commentCount\":0,\"publisher\":{\"@id\":\"https:\/\/jornalfatosenoticias.com.br\/#organization\"},\"image\":{\"@id\":\"https:\/\/jornalfatosenoticias.com.br\/index.php\/2025\/08\/28\/ressurgimento-de-ave-extinta-ha-125-anos-intriga-biologos\/#primaryimage\"},\"thumbnailUrl\":\"https:\/\/jornalfatosenoticias.com.br\/wp-content\/uploads\/2025\/08\/tacae-do-sul_pexels.jpg\",\"keywords\":[\"ave\",\"biologia\",\"extin\u00e7\u00e3o\",\"ind\u00edgenas\",\"mundo animal\",\"Nova Zel\u00e2ndia\",\"ressurgimento\",\"taca\u00e9-do-sul\"],\"articleSection\":[\"Meio ambiente\"],\"inLanguage\":\"pt-BR\",\"potentialAction\":[{\"@type\":\"CommentAction\",\"name\":\"Comment\",\"target\":[\"https:\/\/jornalfatosenoticias.com.br\/index.php\/2025\/08\/28\/ressurgimento-de-ave-extinta-ha-125-anos-intriga-biologos\/#respond\"]}]},{\"@type\":\"WebPage\",\"@id\":\"https:\/\/jornalfatosenoticias.com.br\/index.php\/2025\/08\/28\/ressurgimento-de-ave-extinta-ha-125-anos-intriga-biologos\/\",\"url\":\"https:\/\/jornalfatosenoticias.com.br\/index.php\/2025\/08\/28\/ressurgimento-de-ave-extinta-ha-125-anos-intriga-biologos\/\",\"name\":\"Ressurgimento de ave extinta h\u00e1 125 anos intriga bi\u00f3logos - Jornal Fatos e Not\u00edcias\",\"isPartOf\":{\"@id\":\"https:\/\/jornalfatosenoticias.com.br\/#website\"},\"primaryImageOfPage\":{\"@id\":\"https:\/\/jornalfatosenoticias.com.br\/index.php\/2025\/08\/28\/ressurgimento-de-ave-extinta-ha-125-anos-intriga-biologos\/#primaryimage\"},\"image\":{\"@id\":\"https:\/\/jornalfatosenoticias.com.br\/index.php\/2025\/08\/28\/ressurgimento-de-ave-extinta-ha-125-anos-intriga-biologos\/#primaryimage\"},\"thumbnailUrl\":\"https:\/\/jornalfatosenoticias.com.br\/wp-content\/uploads\/2025\/08\/tacae-do-sul_pexels.jpg\",\"datePublished\":\"2025-08-29T00:55:49+00:00\",\"dateModified\":\"2025-08-29T00:55:51+00:00\",\"breadcrumb\":{\"@id\":\"https:\/\/jornalfatosenoticias.com.br\/index.php\/2025\/08\/28\/ressurgimento-de-ave-extinta-ha-125-anos-intriga-biologos\/#breadcrumb\"},\"inLanguage\":\"pt-BR\",\"potentialAction\":[{\"@type\":\"ReadAction\",\"target\":[\"https:\/\/jornalfatosenoticias.com.br\/index.php\/2025\/08\/28\/ressurgimento-de-ave-extinta-ha-125-anos-intriga-biologos\/\"]}]},{\"@type\":\"ImageObject\",\"inLanguage\":\"pt-BR\",\"@id\":\"https:\/\/jornalfatosenoticias.com.br\/index.php\/2025\/08\/28\/ressurgimento-de-ave-extinta-ha-125-anos-intriga-biologos\/#primaryimage\",\"url\":\"https:\/\/jornalfatosenoticias.com.br\/wp-content\/uploads\/2025\/08\/tacae-do-sul_pexels.jpg\",\"contentUrl\":\"https:\/\/jornalfatosenoticias.com.br\/wp-content\/uploads\/2025\/08\/tacae-do-sul_pexels.jpg\",\"width\":1000,\"height\":562},{\"@type\":\"BreadcrumbList\",\"@id\":\"https:\/\/jornalfatosenoticias.com.br\/index.php\/2025\/08\/28\/ressurgimento-de-ave-extinta-ha-125-anos-intriga-biologos\/#breadcrumb\",\"itemListElement\":[{\"@type\":\"ListItem\",\"position\":1,\"name\":\"In\u00edcio\",\"item\":\"https:\/\/jornalfatosenoticias.com.br\/\"},{\"@type\":\"ListItem\",\"position\":2,\"name\":\"Ressurgimento de ave extinta h\u00e1 125 anos intriga bi\u00f3logos\"}]},{\"@type\":\"WebSite\",\"@id\":\"https:\/\/jornalfatosenoticias.com.br\/#website\",\"url\":\"https:\/\/jornalfatosenoticias.com.br\/\",\"name\":\"Jornal Fatos e Not\u00edcias\",\"description\":\"Not\u00edcias em geral\",\"publisher\":{\"@id\":\"https:\/\/jornalfatosenoticias.com.br\/#organization\"},\"potentialAction\":[{\"@type\":\"SearchAction\",\"target\":{\"@type\":\"EntryPoint\",\"urlTemplate\":\"https:\/\/jornalfatosenoticias.com.br\/?s={search_term_string}\"},\"query-input\":{\"@type\":\"PropertyValueSpecification\",\"valueRequired\":true,\"valueName\":\"search_term_string\"}}],\"inLanguage\":\"pt-BR\"},{\"@type\":\"Organization\",\"@id\":\"https:\/\/jornalfatosenoticias.com.br\/#organization\",\"name\":\"Jornal Fatos e Not\u00edcias\",\"url\":\"https:\/\/jornalfatosenoticias.com.br\/\",\"logo\":{\"@type\":\"ImageObject\",\"inLanguage\":\"pt-BR\",\"@id\":\"https:\/\/jornalfatosenoticias.com.br\/#\/schema\/logo\/image\/\",\"url\":\"https:\/\/jornalfatosenoticias.com.br\/wp-content\/uploads\/2020\/02\/logo120.png\",\"contentUrl\":\"https:\/\/jornalfatosenoticias.com.br\/wp-content\/uploads\/2020\/02\/logo120.png\",\"width\":1227,\"height\":120,\"caption\":\"Jornal Fatos e Not\u00edcias\"},\"image\":{\"@id\":\"https:\/\/jornalfatosenoticias.com.br\/#\/schema\/logo\/image\/\"}},{\"@type\":\"Person\",\"@id\":\"https:\/\/jornalfatosenoticias.com.br\/#\/schema\/person\/d63837fa13ac8666eb9e74e0985d6f81\",\"name\":\"Luzimara Fernandes\",\"image\":{\"@type\":\"ImageObject\",\"inLanguage\":\"pt-BR\",\"@id\":\"https:\/\/jornalfatosenoticias.com.br\/#\/schema\/person\/image\/\",\"url\":\"https:\/\/jornalfatosenoticias.com.br\/wp-content\/uploads\/2025\/05\/EU_portal.jpg\",\"contentUrl\":\"https:\/\/jornalfatosenoticias.com.br\/wp-content\/uploads\/2025\/05\/EU_portal.jpg\",\"caption\":\"Luzimara Fernandes\"},\"description\":\"Jornalista MTB 2358-ES\",\"sameAs\":[\"https:\/\/jornalfatosenoticias.com.br\"],\"url\":\"https:\/\/jornalfatosenoticias.com.br\/index.php\/author\/luzimara\/\"}]}<\/script>\n<!-- \/ Yoast SEO plugin. -->","yoast_head_json":{"title":"Ressurgimento de ave extinta h\u00e1 125 anos intriga bi\u00f3logos - Jornal Fatos e Not\u00edcias","robots":{"index":"index","follow":"follow","max-snippet":"max-snippet:-1","max-image-preview":"max-image-preview:large","max-video-preview":"max-video-preview:-1"},"canonical":"https:\/\/jornalfatosenoticias.com.br\/index.php\/2025\/08\/28\/ressurgimento-de-ave-extinta-ha-125-anos-intriga-biologos\/","og_locale":"pt_BR","og_type":"article","og_title":"Ressurgimento de ave extinta h\u00e1 125 anos intriga bi\u00f3logos - Jornal Fatos e Not\u00edcias","og_description":"Ave taca\u00e9-do-sul renasce na Nova Zel\u00e2ndia: um milagre da conserva\u00e7\u00e3o que resgata a heran\u00e7a cultural maori e reescreve sua hist\u00f3ria Por Felipe Sales Gomes O taca\u00e9-do-sul, uma ave marcante da\u00a0Nova Zel\u00e2ndia, foi\u00a0considerada extinta\u00a0em meados do s\u00e9culo 19; por\u00e9m, agora est\u00e1 vivenciando um not\u00e1vel\u00a0retorno \u00e0 Ilha Sul. Ap\u00f3s um longo per\u00edodo de 70 anos dedicados a [&hellip;]","og_url":"https:\/\/jornalfatosenoticias.com.br\/index.php\/2025\/08\/28\/ressurgimento-de-ave-extinta-ha-125-anos-intriga-biologos\/","og_site_name":"Jornal Fatos e Not\u00edcias","article_published_time":"2025-08-29T00:55:49+00:00","article_modified_time":"2025-08-29T00:55:51+00:00","og_image":[{"width":1000,"height":562,"url":"https:\/\/jornalfatosenoticias.com.br\/wp-content\/uploads\/2025\/08\/tacae-do-sul_pexels.jpg","type":"image\/jpeg"}],"author":"Luzimara Fernandes","twitter_card":"summary_large_image","twitter_misc":{"Escrito por":"Luzimara Fernandes","Est. tempo de leitura":"2 minutos"},"schema":{"@context":"https:\/\/schema.org","@graph":[{"@type":"Article","@id":"https:\/\/jornalfatosenoticias.com.br\/index.php\/2025\/08\/28\/ressurgimento-de-ave-extinta-ha-125-anos-intriga-biologos\/#article","isPartOf":{"@id":"https:\/\/jornalfatosenoticias.com.br\/index.php\/2025\/08\/28\/ressurgimento-de-ave-extinta-ha-125-anos-intriga-biologos\/"},"author":{"name":"Luzimara Fernandes","@id":"https:\/\/jornalfatosenoticias.com.br\/#\/schema\/person\/d63837fa13ac8666eb9e74e0985d6f81"},"headline":"Ressurgimento de ave extinta h\u00e1 125 anos intriga bi\u00f3logos","datePublished":"2025-08-29T00:55:49+00:00","dateModified":"2025-08-29T00:55:51+00:00","mainEntityOfPage":{"@id":"https:\/\/jornalfatosenoticias.com.br\/index.php\/2025\/08\/28\/ressurgimento-de-ave-extinta-ha-125-anos-intriga-biologos\/"},"wordCount":464,"commentCount":0,"publisher":{"@id":"https:\/\/jornalfatosenoticias.com.br\/#organization"},"image":{"@id":"https:\/\/jornalfatosenoticias.com.br\/index.php\/2025\/08\/28\/ressurgimento-de-ave-extinta-ha-125-anos-intriga-biologos\/#primaryimage"},"thumbnailUrl":"https:\/\/jornalfatosenoticias.com.br\/wp-content\/uploads\/2025\/08\/tacae-do-sul_pexels.jpg","keywords":["ave","biologia","extin\u00e7\u00e3o","ind\u00edgenas","mundo animal","Nova Zel\u00e2ndia","ressurgimento","taca\u00e9-do-sul"],"articleSection":["Meio ambiente"],"inLanguage":"pt-BR","potentialAction":[{"@type":"CommentAction","name":"Comment","target":["https:\/\/jornalfatosenoticias.com.br\/index.php\/2025\/08\/28\/ressurgimento-de-ave-extinta-ha-125-anos-intriga-biologos\/#respond"]}]},{"@type":"WebPage","@id":"https:\/\/jornalfatosenoticias.com.br\/index.php\/2025\/08\/28\/ressurgimento-de-ave-extinta-ha-125-anos-intriga-biologos\/","url":"https:\/\/jornalfatosenoticias.com.br\/index.php\/2025\/08\/28\/ressurgimento-de-ave-extinta-ha-125-anos-intriga-biologos\/","name":"Ressurgimento de ave extinta h\u00e1 125 anos intriga bi\u00f3logos - Jornal Fatos e Not\u00edcias","isPartOf":{"@id":"https:\/\/jornalfatosenoticias.com.br\/#website"},"primaryImageOfPage":{"@id":"https:\/\/jornalfatosenoticias.com.br\/index.php\/2025\/08\/28\/ressurgimento-de-ave-extinta-ha-125-anos-intriga-biologos\/#primaryimage"},"image":{"@id":"https:\/\/jornalfatosenoticias.com.br\/index.php\/2025\/08\/28\/ressurgimento-de-ave-extinta-ha-125-anos-intriga-biologos\/#primaryimage"},"thumbnailUrl":"https:\/\/jornalfatosenoticias.com.br\/wp-content\/uploads\/2025\/08\/tacae-do-sul_pexels.jpg","datePublished":"2025-08-29T00:55:49+00:00","dateModified":"2025-08-29T00:55:51+00:00","breadcrumb":{"@id":"https:\/\/jornalfatosenoticias.com.br\/index.php\/2025\/08\/28\/ressurgimento-de-ave-extinta-ha-125-anos-intriga-biologos\/#breadcrumb"},"inLanguage":"pt-BR","potentialAction":[{"@type":"ReadAction","target":["https:\/\/jornalfatosenoticias.com.br\/index.php\/2025\/08\/28\/ressurgimento-de-ave-extinta-ha-125-anos-intriga-biologos\/"]}]},{"@type":"ImageObject","inLanguage":"pt-BR","@id":"https:\/\/jornalfatosenoticias.com.br\/index.php\/2025\/08\/28\/ressurgimento-de-ave-extinta-ha-125-anos-intriga-biologos\/#primaryimage","url":"https:\/\/jornalfatosenoticias.com.br\/wp-content\/uploads\/2025\/08\/tacae-do-sul_pexels.jpg","contentUrl":"https:\/\/jornalfatosenoticias.com.br\/wp-content\/uploads\/2025\/08\/tacae-do-sul_pexels.jpg","width":1000,"height":562},{"@type":"BreadcrumbList","@id":"https:\/\/jornalfatosenoticias.com.br\/index.php\/2025\/08\/28\/ressurgimento-de-ave-extinta-ha-125-anos-intriga-biologos\/#breadcrumb","itemListElement":[{"@type":"ListItem","position":1,"name":"In\u00edcio","item":"https:\/\/jornalfatosenoticias.com.br\/"},{"@type":"ListItem","position":2,"name":"Ressurgimento de ave extinta h\u00e1 125 anos intriga bi\u00f3logos"}]},{"@type":"WebSite","@id":"https:\/\/jornalfatosenoticias.com.br\/#website","url":"https:\/\/jornalfatosenoticias.com.br\/","name":"Jornal Fatos e Not\u00edcias","description":"Not\u00edcias em geral","publisher":{"@id":"https:\/\/jornalfatosenoticias.com.br\/#organization"},"potentialAction":[{"@type":"SearchAction","target":{"@type":"EntryPoint","urlTemplate":"https:\/\/jornalfatosenoticias.com.br\/?s={search_term_string}"},"query-input":{"@type":"PropertyValueSpecification","valueRequired":true,"valueName":"search_term_string"}}],"inLanguage":"pt-BR"},{"@type":"Organization","@id":"https:\/\/jornalfatosenoticias.com.br\/#organization","name":"Jornal Fatos e Not\u00edcias","url":"https:\/\/jornalfatosenoticias.com.br\/","logo":{"@type":"ImageObject","inLanguage":"pt-BR","@id":"https:\/\/jornalfatosenoticias.com.br\/#\/schema\/logo\/image\/","url":"https:\/\/jornalfatosenoticias.com.br\/wp-content\/uploads\/2020\/02\/logo120.png","contentUrl":"https:\/\/jornalfatosenoticias.com.br\/wp-content\/uploads\/2020\/02\/logo120.png","width":1227,"height":120,"caption":"Jornal Fatos e Not\u00edcias"},"image":{"@id":"https:\/\/jornalfatosenoticias.com.br\/#\/schema\/logo\/image\/"}},{"@type":"Person","@id":"https:\/\/jornalfatosenoticias.com.br\/#\/schema\/person\/d63837fa13ac8666eb9e74e0985d6f81","name":"Luzimara Fernandes","image":{"@type":"ImageObject","inLanguage":"pt-BR","@id":"https:\/\/jornalfatosenoticias.com.br\/#\/schema\/person\/image\/","url":"https:\/\/jornalfatosenoticias.com.br\/wp-content\/uploads\/2025\/05\/EU_portal.jpg","contentUrl":"https:\/\/jornalfatosenoticias.com.br\/wp-content\/uploads\/2025\/05\/EU_portal.jpg","caption":"Luzimara Fernandes"},"description":"Jornalista MTB 2358-ES","sameAs":["https:\/\/jornalfatosenoticias.com.br"],"url":"https:\/\/jornalfatosenoticias.com.br\/index.php\/author\/luzimara\/"}]}},"cc_featured_image_caption":{"caption_text":"(Foto: Pexels)  ","source_text":"","source_url":""},"jetpack_featured_media_url":"https:\/\/jornalfatosenoticias.com.br\/wp-content\/uploads\/2025\/08\/tacae-do-sul_pexels.jpg","_links":{"self":[{"href":"https:\/\/jornalfatosenoticias.com.br\/index.php\/wp-json\/wp\/v2\/posts\/61526","targetHints":{"allow":["GET"]}}],"collection":[{"href":"https:\/\/jornalfatosenoticias.com.br\/index.php\/wp-json\/wp\/v2\/posts"}],"about":[{"href":"https:\/\/jornalfatosenoticias.com.br\/index.php\/wp-json\/wp\/v2\/types\/post"}],"author":[{"embeddable":true,"href":"https:\/\/jornalfatosenoticias.com.br\/index.php\/wp-json\/wp\/v2\/users\/2"}],"replies":[{"embeddable":true,"href":"https:\/\/jornalfatosenoticias.com.br\/index.php\/wp-json\/wp\/v2\/comments?post=61526"}],"version-history":[{"count":0,"href":"https:\/\/jornalfatosenoticias.com.br\/index.php\/wp-json\/wp\/v2\/posts\/61526\/revisions"}],"wp:featuredmedia":[{"embeddable":true,"href":"https:\/\/jornalfatosenoticias.com.br\/index.php\/wp-json\/wp\/v2\/media\/61527"}],"wp:attachment":[{"href":"https:\/\/jornalfatosenoticias.com.br\/index.php\/wp-json\/wp\/v2\/media?parent=61526"}],"wp:term":[{"taxonomy":"category","embeddable":true,"href":"https:\/\/jornalfatosenoticias.com.br\/index.php\/wp-json\/wp\/v2\/categories?post=61526"},{"taxonomy":"post_tag","embeddable":true,"href":"https:\/\/jornalfatosenoticias.com.br\/index.php\/wp-json\/wp\/v2\/tags?post=61526"}],"curies":[{"name":"wp","href":"https:\/\/api.w.org\/{rel}","templated":true}]}}