{"id":61532,"date":"2025-08-28T22:14:19","date_gmt":"2025-08-29T01:14:19","guid":{"rendered":"https:\/\/jornalfatosenoticias.com.br\/?p=61532"},"modified":"2025-08-28T22:14:20","modified_gmt":"2025-08-29T01:14:20","slug":"metal-preto-promete-mudar-a-forma-como-usamos-a-energia-solar","status":"publish","type":"post","link":"https:\/\/jornalfatosenoticias.com.br\/index.php\/2025\/08\/28\/metal-preto-promete-mudar-a-forma-como-usamos-a-energia-solar\/","title":{"rendered":"\u201cMetal preto\u201d promete mudar a forma como usamos a energia solar"},"content":{"rendered":"\n<p><em><span class=\"has-inline-color has-black-color\">O pesquisador de Rochester, Chunlei Guo, testa um gerador termoel\u00e9trico solar (STEG) gravado com pulsos de laser para aumentar a absor\u00e7\u00e3o e a efici\u00eancia da energia solar<\/span><\/em><\/p>\n\n\n\n<p><span class=\"has-inline-color has-black-color\">Por <strong><a href=\"https:\/\/olhardigital.com.br\/author\/valdir-antonelli\/\">Valdir Antonelli<\/a><\/strong><\/span><\/p>\n\n\n\n<div class=\"wp-block-image\"><figure class=\"aligncenter size-large is-resized\"><a href=\"https:\/\/www.facebook.com\/vetor.vix\/\"><img loading=\"lazy\" decoding=\"async\" src=\"https:\/\/jornalfatosenoticias.com.br\/wp-content\/uploads\/2023\/09\/vetorvix1024_1.jpg\" alt=\"\" class=\"wp-image-44868\" width=\"528\" height=\"140\" srcset=\"https:\/\/jornalfatosenoticias.com.br\/wp-content\/uploads\/2023\/09\/vetorvix1024_1.jpg 1024w, https:\/\/jornalfatosenoticias.com.br\/wp-content\/uploads\/2023\/09\/vetorvix1024_1-300x80.jpg 300w, https:\/\/jornalfatosenoticias.com.br\/wp-content\/uploads\/2023\/09\/vetorvix1024_1-768x205.jpg 768w\" sizes=\"auto, (max-width: 528px) 100vw, 528px\" \/><\/a><\/figure><\/div>\n\n\n\n<p>A busca pela independ\u00eancia energ\u00e9tica e novas formas de gera\u00e7\u00e3o de <strong><a href=\"https:\/\/olhardigital.com.br\/tag\/energia-solar\/\">energia solar<\/a><\/strong> levou pesquisadores do Instituto de \u00d3ptica da Universidade de Rochester, nos Estados Unidos, a estudar geradores termoel\u00e9tricos solares (STEG) como uma fonte eficiente de gera\u00e7\u00e3o de energia solar.<br>Segundo os pesquisadores, em <a href=\"https:\/\/www.rochester.edu\/newscenter\/solar-thermoelectric-generators-black-metal-boosts-solar-power-662592\/\" target=\"_blank\" rel=\"noreferrer noopener\"><strong>nota publicada<\/strong><\/a>\u00a0no site da Universidade de Rochester, \u201cao contr\u00e1rio da energia fotovoltaica atualmente usada na maioria dos\u00a0<strong><a href=\"https:\/\/olhardigital.com.br\/tag\/paineis-solares\/\">pain\u00e9is solares<\/a>,<\/strong> os STEGs podem aproveitar todos os tipos de energia t\u00e9rmica, al\u00e9m da luz solar\u201d. STEGs s\u00e3o dispositivos que transformam calor em <a href=\"https:\/\/olhardigital.com.br\/tag\/eletricidade\/\"><strong>eletricidade<\/strong><\/a>\u00a0usando o chamado efeito Seebeck. Esse efeito acontece quando dois materiais est\u00e3o em temperaturas diferentes. As part\u00edculas carregadas, ent\u00e3o, se movem de um lado para o outro e isso gera uma voltagem (<a href=\"https:\/\/olhardigital.com.br\/tag\/energia-eletrica\/\"><strong>energia el\u00e9trica<\/strong><\/a>).<\/p>\n\n\n\n<div class=\"wp-block-image\"><figure class=\"aligncenter size-large is-resized\"><a href=\"https:\/\/www.controlsystems.com.br\/\"><img loading=\"lazy\" decoding=\"async\" src=\"https:\/\/jornalfatosenoticias.com.br\/wp-content\/uploads\/2020\/02\/CONTROL-CS.jpg\" alt=\"\" class=\"wp-image-44991\" width=\"293\" height=\"352\" srcset=\"https:\/\/jornalfatosenoticias.com.br\/wp-content\/uploads\/2020\/02\/CONTROL-CS.jpg 834w, https:\/\/jornalfatosenoticias.com.br\/wp-content\/uploads\/2020\/02\/CONTROL-CS-250x300.jpg 250w, https:\/\/jornalfatosenoticias.com.br\/wp-content\/uploads\/2020\/02\/CONTROL-CS-768x921.jpg 768w\" sizes=\"auto, (max-width: 293px) 100vw, 293px\" \/><\/a><\/figure><\/div>\n\n\n\n<p>Mat\u00e9ria na <strong><a href=\"https:\/\/www.livescience.com\/technology\/electronics\/laser-blasted-black-metal-could-make-solar-technology-15-times-more-efficient\" target=\"_blank\" rel=\"noreferrer noopener\">LiveScience<\/a><\/strong> explica que a baixa efici\u00eancia desse tipo de tecnologia ainda \u00e9 um problema. Mas isso pode estar mudando. Pesquisadores da Universidade de Rochester desenvolveram um \u201cmetal preto\u201d criado com laser, que torna o sistema mais eficiente. Hoje os geradores<strong>\u00a0<a href=\"https:\/\/olhardigital.com.br\/tag\/termoeletrico\/\">termoel\u00e9tricos<\/a><\/strong> conseguem transformar menos de 1% da luz solar em eletricidade, enquanto os pain\u00e9is solares comuns usados em casas chegam a cerca de 20% de efici\u00eancia.<\/p>\n\n\n\n<div class=\"wp-block-image\"><figure class=\"aligncenter size-large is-resized\"><a href=\"https:\/\/www.instagram.com\/gruposei\/\"><img loading=\"lazy\" decoding=\"async\" src=\"https:\/\/jornalfatosenoticias.com.br\/wp-content\/uploads\/2022\/07\/Logo-Grupo-SEI.jpg\" alt=\"\" class=\"wp-image-31973\" width=\"354\" height=\"186\" srcset=\"https:\/\/jornalfatosenoticias.com.br\/wp-content\/uploads\/2022\/07\/Logo-Grupo-SEI.jpg 713w, https:\/\/jornalfatosenoticias.com.br\/wp-content\/uploads\/2022\/07\/Logo-Grupo-SEI-300x158.jpg 300w\" sizes=\"auto, (max-width: 354px) 100vw, 354px\" \/><\/a><\/figure><\/div>\n\n\n\n<p>Em estudo publicado na <strong><a href=\"Light: Science and Applications\">Light: Science and Applications,<\/a><\/strong> os cientistas descrevem um novo m\u00e9todo de engenharia e controle e calor que permitiu criar um dispositivo STEG capaz de gerar muito mais energia do que os equipamentos atuais. Com o m\u00e9todo, \u00e9 poss\u00edvel gerar 15 vezes mais energia.<\/p>\n\n\n\n<div class=\"wp-block-image\"><figure class=\"aligncenter size-large\"><a href=\"http:\/\/www.ferrarimaquinas.com.br\/\"><img loading=\"lazy\" decoding=\"async\" width=\"300\" height=\"250\" src=\"https:\/\/jornalfatosenoticias.com.br\/wp-content\/uploads\/2022\/02\/FERRARI_MAQUINAS-E-FERRAMENTAS2.jpg\" alt=\"\" class=\"wp-image-27860\"\/><\/a><\/figure><\/div>\n\n\n\n<blockquote class=\"wp-block-quote is-layout-flow wp-block-quote-is-layout-flow\"><p><span class=\"has-inline-color has-luminous-vivid-orange-color\">Por d\u00e9cadas, a comunidade de pesquisa tem se concentrado em aprimorar os materiais semicondutores usados em STEGs. Neste estudo, [\u2026] ao combinar a melhor absor\u00e7\u00e3o de energia solar e aprisionamento de calor no lado quente com a melhor dissipa\u00e7\u00e3o de calor no lado frito, obtivemos uma melhoria impressionante na efici\u00eancia&#8221;, Chunlei Guo, cientista s\u00eanior do Laboratorio de Energ\u00e9tica a Laser de Rochester, <strong><em>\u00a0<\/em><a href=\"https:\/\/www.rochester.edu\/newscenter\/solar-thermoelectric-generators-black-metal-boosts-solar-power-662592\/\" target=\"_blank\" rel=\"noreferrer noopener\">em nota<\/a><em>.<\/em><\/strong><\/span><\/p><\/blockquote>\n\n\n\n<div class=\"wp-block-image\"><figure class=\"aligncenter size-large is-resized\"><a href=\"https:\/\/www.instagram.com\/rcradiadores\/\"><img loading=\"lazy\" decoding=\"async\" src=\"https:\/\/jornalfatosenoticias.com.br\/wp-content\/uploads\/2022\/10\/RC_800x750_page-0001.jpg\" alt=\"\" class=\"wp-image-35338\" width=\"307\" height=\"288\" srcset=\"https:\/\/jornalfatosenoticias.com.br\/wp-content\/uploads\/2022\/10\/RC_800x750_page-0001.jpg 400w, https:\/\/jornalfatosenoticias.com.br\/wp-content\/uploads\/2022\/10\/RC_800x750_page-0001-300x281.jpg 300w\" sizes=\"auto, (max-width: 307px) 100vw, 307px\" \/><\/a><\/figure><\/div>\n\n\n\n<p><strong><span class=\"has-inline-color has-vivid-purple-color\">Pulsos de laser permitiram maior absor\u00e7\u00e3o e reten\u00e7\u00e3o de radia\u00e7\u00e3o t\u00e9rmica<br><\/span><\/strong>Pesquisadores desenvolveram uma t\u00e9cnica que usa pulsos de laser ultrarr\u00e1pidos para modificar metais e aumentar sua capacidade de gerar energia a partir do calor. O processo foi feito em uma pe\u00e7a de tungst\u00eanio, onde os lasers criaram sulcos microsc\u00f3picos na superf\u00edcie. <\/p>\n\n\n\n<div class=\"wp-block-image\"><figure class=\"aligncenter size-large is-resized\"><a href=\"https:\/\/www.instagram.com\/serra4x4cambioautomatico\/\"><img loading=\"lazy\" decoding=\"async\" src=\"https:\/\/jornalfatosenoticias.com.br\/wp-content\/uploads\/2024\/08\/Serra-4x4-1-886x1024.jpg\" alt=\"\" class=\"wp-image-53632\" width=\"264\" height=\"305\" srcset=\"https:\/\/jornalfatosenoticias.com.br\/wp-content\/uploads\/2024\/08\/Serra-4x4-1-886x1024.jpg 886w, https:\/\/jornalfatosenoticias.com.br\/wp-content\/uploads\/2024\/08\/Serra-4x4-1-260x300.jpg 260w, https:\/\/jornalfatosenoticias.com.br\/wp-content\/uploads\/2024\/08\/Serra-4x4-1-768x888.jpg 768w, https:\/\/jornalfatosenoticias.com.br\/wp-content\/uploads\/2024\/08\/Serra-4x4-1.jpg 1181w\" sizes=\"auto, (max-width: 264px) 100vw, 264px\" \/><\/a><\/figure><\/div>\n\n\n\n<p>Essa \u201cgrava\u00e7\u00e3o em nanoescala\u201d deixou o metal mais escuro e capaz de absorver e reter muito mais calor. Para potencializar o efeito, os cientistas ainda cobriram a pe\u00e7a com pl\u00e1stico, funcionando como uma esp\u00e9cie de miniestufa. Do outro lado do sistema, o alum\u00ednio tamb\u00e9m recebeu tratamento a laser, criando um dissipador de calor microestruturado, que se mostrou duas vezes mais eficiente que os modelos convencionais.<\/p>\n\n\n\n<div class=\"wp-block-image\"><figure class=\"aligncenter size-large is-resized\"><a href=\"https:\/\/panper.com.br\/\"><img loading=\"lazy\" decoding=\"async\" src=\"https:\/\/jornalfatosenoticias.com.br\/wp-content\/uploads\/2023\/03\/logo-Panper_portal.jpg\" alt=\"\" class=\"wp-image-40208\" width=\"323\" height=\"224\" srcset=\"https:\/\/jornalfatosenoticias.com.br\/wp-content\/uploads\/2023\/03\/logo-Panper_portal.jpg 400w, https:\/\/jornalfatosenoticias.com.br\/wp-content\/uploads\/2023\/03\/logo-Panper_portal-300x208.jpg 300w\" sizes=\"auto, (max-width: 323px) 100vw, 323px\" \/><\/a><\/figure><\/div>\n\n\n\n<p><strong><span class=\"has-inline-color has-vivid-purple-color\">Como a tecnologia foi testada?<br><\/span><\/strong>\u2705 Um STEG tradicional n\u00e3o conseguiu acender o LED, mesmo sob luz 10x mais forte que a solar.<br>\u2705 O \u201cmetal preto\u201d acendeu o LED com brilho m\u00e1ximo sob luz 5x mais forte que a solar.<br>\u2705 O novo sistema apresentou um ganho de 15 vezes na pot\u00eancia em compara\u00e7\u00e3o ao modelo convencional.<\/p>\n\n\n\n<div class=\"wp-block-image\"><figure class=\"aligncenter size-large is-resized\"><a href=\"https:\/\/www.facebook.com\/postobkr\/?locale=pt_BR\"><img loading=\"lazy\" decoding=\"async\" src=\"https:\/\/jornalfatosenoticias.com.br\/wp-content\/uploads\/2023\/08\/BKR-1024x1021.jpg\" alt=\"\" class=\"wp-image-44494\" width=\"281\" height=\"280\" srcset=\"https:\/\/jornalfatosenoticias.com.br\/wp-content\/uploads\/2023\/08\/BKR-1024x1021.jpg 1024w, https:\/\/jornalfatosenoticias.com.br\/wp-content\/uploads\/2023\/08\/BKR-300x300.jpg 300w, https:\/\/jornalfatosenoticias.com.br\/wp-content\/uploads\/2023\/08\/BKR-150x150.jpg 150w, https:\/\/jornalfatosenoticias.com.br\/wp-content\/uploads\/2023\/08\/BKR-768x766.jpg 768w, https:\/\/jornalfatosenoticias.com.br\/wp-content\/uploads\/2023\/08\/BKR.jpg 1080w\" sizes=\"auto, (max-width: 281px) 100vw, 281px\" \/><\/a><\/figure><\/div>\n\n\n\n<p>A tecnologia n\u00e3o deve substituir os parques solares por enquanto, mas poder\u00e1 ser utilizada em sensores IoT de baixo consumo, em dispositivos vest\u00edveis ou servir como sistemas de energia renov\u00e1vel fora da rede de energia em \u00e1reas rurais.<\/p>\n\n\n\n<p><strong>Fonte: <a href=\"https:\/\/olhardigital.com.br\/2025\/08\/25\/ciencia-e-espaco\/metal-preto-promete-mudar-a-forma-como-usamos-a-energia-solar\/\">Olhar Digital<\/a><\/strong><\/p>\n","protected":false},"excerpt":{"rendered":"<p>O pesquisador de Rochester, Chunlei Guo, testa um gerador termoel\u00e9trico solar (STEG) gravado com pulsos de laser para aumentar a absor\u00e7\u00e3o e a efici\u00eancia da energia solar Por Valdir Antonelli A busca pela independ\u00eancia energ\u00e9tica e novas formas de gera\u00e7\u00e3o de energia solar levou pesquisadores do Instituto de \u00d3ptica da Universidade de Rochester, nos Estados [&hellip;]<\/p>\n","protected":false},"author":2,"featured_media":61533,"comment_status":"open","ping_status":"open","sticky":false,"template":"","format":"standard","meta":{"footnotes":""},"categories":[2],"tags":[28058,28059,599,2712,28057,600,28060],"class_list":["post-61532","post","type-post","status-publish","format-standard","has-post-thumbnail","hentry","category-ciencia","tag-metal-preto","tag-chunlei-guo","tag-energia-solar","tag-geracao-de-energia","tag-gerador-termoeletrico-solar","tag-paineis-solares","tag-rochester"],"yoast_head":"<!-- This site is optimized with the Yoast SEO plugin v26.5 - https:\/\/yoast.com\/wordpress\/plugins\/seo\/ -->\n<title>\u201cMetal preto\u201d promete mudar a forma como usamos a energia solar - Jornal Fatos e Not\u00edcias<\/title>\n<meta name=\"robots\" content=\"index, follow, max-snippet:-1, max-image-preview:large, max-video-preview:-1\" \/>\n<link rel=\"canonical\" href=\"https:\/\/jornalfatosenoticias.com.br\/index.php\/2025\/08\/28\/metal-preto-promete-mudar-a-forma-como-usamos-a-energia-solar\/\" \/>\n<meta property=\"og:locale\" content=\"pt_BR\" \/>\n<meta property=\"og:type\" content=\"article\" \/>\n<meta property=\"og:title\" content=\"\u201cMetal preto\u201d promete mudar a forma como usamos a energia solar - Jornal Fatos e Not\u00edcias\" \/>\n<meta property=\"og:description\" content=\"O pesquisador de Rochester, Chunlei Guo, testa um gerador termoel\u00e9trico solar (STEG) gravado com pulsos de laser para aumentar a absor\u00e7\u00e3o e a efici\u00eancia da energia solar Por Valdir Antonelli A busca pela independ\u00eancia energ\u00e9tica e novas formas de gera\u00e7\u00e3o de energia solar levou pesquisadores do Instituto de \u00d3ptica da Universidade de Rochester, nos Estados [&hellip;]\" \/>\n<meta property=\"og:url\" content=\"https:\/\/jornalfatosenoticias.com.br\/index.php\/2025\/08\/28\/metal-preto-promete-mudar-a-forma-como-usamos-a-energia-solar\/\" \/>\n<meta property=\"og:site_name\" content=\"Jornal Fatos e Not\u00edcias\" \/>\n<meta property=\"article:published_time\" content=\"2025-08-29T01:14:19+00:00\" \/>\n<meta property=\"article:modified_time\" content=\"2025-08-29T01:14:20+00:00\" \/>\n<meta property=\"og:image\" content=\"https:\/\/jornalfatosenoticias.com.br\/wp-content\/uploads\/2025\/08\/metal-preto-energia-solar-cientista.jpg\" \/>\n\t<meta property=\"og:image:width\" content=\"1000\" \/>\n\t<meta property=\"og:image:height\" content=\"562\" \/>\n\t<meta property=\"og:image:type\" content=\"image\/jpeg\" \/>\n<meta name=\"author\" content=\"Luzimara Fernandes\" \/>\n<meta name=\"twitter:card\" content=\"summary_large_image\" \/>\n<meta name=\"twitter:label1\" content=\"Escrito por\" \/>\n\t<meta name=\"twitter:data1\" content=\"Luzimara Fernandes\" \/>\n\t<meta name=\"twitter:label2\" content=\"Est. tempo de leitura\" \/>\n\t<meta name=\"twitter:data2\" content=\"3 minutos\" \/>\n<script type=\"application\/ld+json\" class=\"yoast-schema-graph\">{\"@context\":\"https:\/\/schema.org\",\"@graph\":[{\"@type\":\"Article\",\"@id\":\"https:\/\/jornalfatosenoticias.com.br\/index.php\/2025\/08\/28\/metal-preto-promete-mudar-a-forma-como-usamos-a-energia-solar\/#article\",\"isPartOf\":{\"@id\":\"https:\/\/jornalfatosenoticias.com.br\/index.php\/2025\/08\/28\/metal-preto-promete-mudar-a-forma-como-usamos-a-energia-solar\/\"},\"author\":{\"name\":\"Luzimara Fernandes\",\"@id\":\"https:\/\/jornalfatosenoticias.com.br\/#\/schema\/person\/d63837fa13ac8666eb9e74e0985d6f81\"},\"headline\":\"\u201cMetal preto\u201d promete mudar a forma como usamos a energia solar\",\"datePublished\":\"2025-08-29T01:14:19+00:00\",\"dateModified\":\"2025-08-29T01:14:20+00:00\",\"mainEntityOfPage\":{\"@id\":\"https:\/\/jornalfatosenoticias.com.br\/index.php\/2025\/08\/28\/metal-preto-promete-mudar-a-forma-como-usamos-a-energia-solar\/\"},\"wordCount\":601,\"commentCount\":0,\"publisher\":{\"@id\":\"https:\/\/jornalfatosenoticias.com.br\/#organization\"},\"image\":{\"@id\":\"https:\/\/jornalfatosenoticias.com.br\/index.php\/2025\/08\/28\/metal-preto-promete-mudar-a-forma-como-usamos-a-energia-solar\/#primaryimage\"},\"thumbnailUrl\":\"https:\/\/jornalfatosenoticias.com.br\/wp-content\/uploads\/2025\/08\/metal-preto-energia-solar-cientista.jpg\",\"keywords\":[\"\u201cmetal preto\u201d\",\"Chunlei Guo\",\"energia solar\",\"gera\u00e7\u00e3o de energia\",\"gerador termoel\u00e9trico solar\",\"pain\u00e9is solares\",\"Rochester\"],\"articleSection\":[\"Ci\u00eancia\"],\"inLanguage\":\"pt-BR\",\"potentialAction\":[{\"@type\":\"CommentAction\",\"name\":\"Comment\",\"target\":[\"https:\/\/jornalfatosenoticias.com.br\/index.php\/2025\/08\/28\/metal-preto-promete-mudar-a-forma-como-usamos-a-energia-solar\/#respond\"]}]},{\"@type\":\"WebPage\",\"@id\":\"https:\/\/jornalfatosenoticias.com.br\/index.php\/2025\/08\/28\/metal-preto-promete-mudar-a-forma-como-usamos-a-energia-solar\/\",\"url\":\"https:\/\/jornalfatosenoticias.com.br\/index.php\/2025\/08\/28\/metal-preto-promete-mudar-a-forma-como-usamos-a-energia-solar\/\",\"name\":\"\u201cMetal preto\u201d promete mudar a forma como usamos a energia solar - Jornal Fatos e Not\u00edcias\",\"isPartOf\":{\"@id\":\"https:\/\/jornalfatosenoticias.com.br\/#website\"},\"primaryImageOfPage\":{\"@id\":\"https:\/\/jornalfatosenoticias.com.br\/index.php\/2025\/08\/28\/metal-preto-promete-mudar-a-forma-como-usamos-a-energia-solar\/#primaryimage\"},\"image\":{\"@id\":\"https:\/\/jornalfatosenoticias.com.br\/index.php\/2025\/08\/28\/metal-preto-promete-mudar-a-forma-como-usamos-a-energia-solar\/#primaryimage\"},\"thumbnailUrl\":\"https:\/\/jornalfatosenoticias.com.br\/wp-content\/uploads\/2025\/08\/metal-preto-energia-solar-cientista.jpg\",\"datePublished\":\"2025-08-29T01:14:19+00:00\",\"dateModified\":\"2025-08-29T01:14:20+00:00\",\"breadcrumb\":{\"@id\":\"https:\/\/jornalfatosenoticias.com.br\/index.php\/2025\/08\/28\/metal-preto-promete-mudar-a-forma-como-usamos-a-energia-solar\/#breadcrumb\"},\"inLanguage\":\"pt-BR\",\"potentialAction\":[{\"@type\":\"ReadAction\",\"target\":[\"https:\/\/jornalfatosenoticias.com.br\/index.php\/2025\/08\/28\/metal-preto-promete-mudar-a-forma-como-usamos-a-energia-solar\/\"]}]},{\"@type\":\"ImageObject\",\"inLanguage\":\"pt-BR\",\"@id\":\"https:\/\/jornalfatosenoticias.com.br\/index.php\/2025\/08\/28\/metal-preto-promete-mudar-a-forma-como-usamos-a-energia-solar\/#primaryimage\",\"url\":\"https:\/\/jornalfatosenoticias.com.br\/wp-content\/uploads\/2025\/08\/metal-preto-energia-solar-cientista.jpg\",\"contentUrl\":\"https:\/\/jornalfatosenoticias.com.br\/wp-content\/uploads\/2025\/08\/metal-preto-energia-solar-cientista.jpg\",\"width\":1000,\"height\":562},{\"@type\":\"BreadcrumbList\",\"@id\":\"https:\/\/jornalfatosenoticias.com.br\/index.php\/2025\/08\/28\/metal-preto-promete-mudar-a-forma-como-usamos-a-energia-solar\/#breadcrumb\",\"itemListElement\":[{\"@type\":\"ListItem\",\"position\":1,\"name\":\"In\u00edcio\",\"item\":\"https:\/\/jornalfatosenoticias.com.br\/\"},{\"@type\":\"ListItem\",\"position\":2,\"name\":\"\u201cMetal preto\u201d promete mudar a forma como usamos a energia solar\"}]},{\"@type\":\"WebSite\",\"@id\":\"https:\/\/jornalfatosenoticias.com.br\/#website\",\"url\":\"https:\/\/jornalfatosenoticias.com.br\/\",\"name\":\"Jornal Fatos e Not\u00edcias\",\"description\":\"Not\u00edcias em geral\",\"publisher\":{\"@id\":\"https:\/\/jornalfatosenoticias.com.br\/#organization\"},\"potentialAction\":[{\"@type\":\"SearchAction\",\"target\":{\"@type\":\"EntryPoint\",\"urlTemplate\":\"https:\/\/jornalfatosenoticias.com.br\/?s={search_term_string}\"},\"query-input\":{\"@type\":\"PropertyValueSpecification\",\"valueRequired\":true,\"valueName\":\"search_term_string\"}}],\"inLanguage\":\"pt-BR\"},{\"@type\":\"Organization\",\"@id\":\"https:\/\/jornalfatosenoticias.com.br\/#organization\",\"name\":\"Jornal Fatos e Not\u00edcias\",\"url\":\"https:\/\/jornalfatosenoticias.com.br\/\",\"logo\":{\"@type\":\"ImageObject\",\"inLanguage\":\"pt-BR\",\"@id\":\"https:\/\/jornalfatosenoticias.com.br\/#\/schema\/logo\/image\/\",\"url\":\"https:\/\/jornalfatosenoticias.com.br\/wp-content\/uploads\/2020\/02\/logo120.png\",\"contentUrl\":\"https:\/\/jornalfatosenoticias.com.br\/wp-content\/uploads\/2020\/02\/logo120.png\",\"width\":1227,\"height\":120,\"caption\":\"Jornal Fatos e Not\u00edcias\"},\"image\":{\"@id\":\"https:\/\/jornalfatosenoticias.com.br\/#\/schema\/logo\/image\/\"}},{\"@type\":\"Person\",\"@id\":\"https:\/\/jornalfatosenoticias.com.br\/#\/schema\/person\/d63837fa13ac8666eb9e74e0985d6f81\",\"name\":\"Luzimara Fernandes\",\"image\":{\"@type\":\"ImageObject\",\"inLanguage\":\"pt-BR\",\"@id\":\"https:\/\/jornalfatosenoticias.com.br\/#\/schema\/person\/image\/\",\"url\":\"https:\/\/jornalfatosenoticias.com.br\/wp-content\/uploads\/2025\/05\/EU_portal.jpg\",\"contentUrl\":\"https:\/\/jornalfatosenoticias.com.br\/wp-content\/uploads\/2025\/05\/EU_portal.jpg\",\"caption\":\"Luzimara Fernandes\"},\"description\":\"Jornalista MTB 2358-ES\",\"sameAs\":[\"https:\/\/jornalfatosenoticias.com.br\"],\"url\":\"https:\/\/jornalfatosenoticias.com.br\/index.php\/author\/luzimara\/\"}]}<\/script>\n<!-- \/ Yoast SEO plugin. -->","yoast_head_json":{"title":"\u201cMetal preto\u201d promete mudar a forma como usamos a energia solar - Jornal Fatos e Not\u00edcias","robots":{"index":"index","follow":"follow","max-snippet":"max-snippet:-1","max-image-preview":"max-image-preview:large","max-video-preview":"max-video-preview:-1"},"canonical":"https:\/\/jornalfatosenoticias.com.br\/index.php\/2025\/08\/28\/metal-preto-promete-mudar-a-forma-como-usamos-a-energia-solar\/","og_locale":"pt_BR","og_type":"article","og_title":"\u201cMetal preto\u201d promete mudar a forma como usamos a energia solar - Jornal Fatos e Not\u00edcias","og_description":"O pesquisador de Rochester, Chunlei Guo, testa um gerador termoel\u00e9trico solar (STEG) gravado com pulsos de laser para aumentar a absor\u00e7\u00e3o e a efici\u00eancia da energia solar Por Valdir Antonelli A busca pela independ\u00eancia energ\u00e9tica e novas formas de gera\u00e7\u00e3o de energia solar levou pesquisadores do Instituto de \u00d3ptica da Universidade de Rochester, nos Estados [&hellip;]","og_url":"https:\/\/jornalfatosenoticias.com.br\/index.php\/2025\/08\/28\/metal-preto-promete-mudar-a-forma-como-usamos-a-energia-solar\/","og_site_name":"Jornal Fatos e Not\u00edcias","article_published_time":"2025-08-29T01:14:19+00:00","article_modified_time":"2025-08-29T01:14:20+00:00","og_image":[{"width":1000,"height":562,"url":"https:\/\/jornalfatosenoticias.com.br\/wp-content\/uploads\/2025\/08\/metal-preto-energia-solar-cientista.jpg","type":"image\/jpeg"}],"author":"Luzimara Fernandes","twitter_card":"summary_large_image","twitter_misc":{"Escrito por":"Luzimara Fernandes","Est. tempo de leitura":"3 minutos"},"schema":{"@context":"https:\/\/schema.org","@graph":[{"@type":"Article","@id":"https:\/\/jornalfatosenoticias.com.br\/index.php\/2025\/08\/28\/metal-preto-promete-mudar-a-forma-como-usamos-a-energia-solar\/#article","isPartOf":{"@id":"https:\/\/jornalfatosenoticias.com.br\/index.php\/2025\/08\/28\/metal-preto-promete-mudar-a-forma-como-usamos-a-energia-solar\/"},"author":{"name":"Luzimara Fernandes","@id":"https:\/\/jornalfatosenoticias.com.br\/#\/schema\/person\/d63837fa13ac8666eb9e74e0985d6f81"},"headline":"\u201cMetal preto\u201d promete mudar a forma como usamos a energia solar","datePublished":"2025-08-29T01:14:19+00:00","dateModified":"2025-08-29T01:14:20+00:00","mainEntityOfPage":{"@id":"https:\/\/jornalfatosenoticias.com.br\/index.php\/2025\/08\/28\/metal-preto-promete-mudar-a-forma-como-usamos-a-energia-solar\/"},"wordCount":601,"commentCount":0,"publisher":{"@id":"https:\/\/jornalfatosenoticias.com.br\/#organization"},"image":{"@id":"https:\/\/jornalfatosenoticias.com.br\/index.php\/2025\/08\/28\/metal-preto-promete-mudar-a-forma-como-usamos-a-energia-solar\/#primaryimage"},"thumbnailUrl":"https:\/\/jornalfatosenoticias.com.br\/wp-content\/uploads\/2025\/08\/metal-preto-energia-solar-cientista.jpg","keywords":["\u201cmetal preto\u201d","Chunlei Guo","energia solar","gera\u00e7\u00e3o de energia","gerador termoel\u00e9trico solar","pain\u00e9is solares","Rochester"],"articleSection":["Ci\u00eancia"],"inLanguage":"pt-BR","potentialAction":[{"@type":"CommentAction","name":"Comment","target":["https:\/\/jornalfatosenoticias.com.br\/index.php\/2025\/08\/28\/metal-preto-promete-mudar-a-forma-como-usamos-a-energia-solar\/#respond"]}]},{"@type":"WebPage","@id":"https:\/\/jornalfatosenoticias.com.br\/index.php\/2025\/08\/28\/metal-preto-promete-mudar-a-forma-como-usamos-a-energia-solar\/","url":"https:\/\/jornalfatosenoticias.com.br\/index.php\/2025\/08\/28\/metal-preto-promete-mudar-a-forma-como-usamos-a-energia-solar\/","name":"\u201cMetal preto\u201d promete mudar a forma como usamos a energia solar - Jornal Fatos e Not\u00edcias","isPartOf":{"@id":"https:\/\/jornalfatosenoticias.com.br\/#website"},"primaryImageOfPage":{"@id":"https:\/\/jornalfatosenoticias.com.br\/index.php\/2025\/08\/28\/metal-preto-promete-mudar-a-forma-como-usamos-a-energia-solar\/#primaryimage"},"image":{"@id":"https:\/\/jornalfatosenoticias.com.br\/index.php\/2025\/08\/28\/metal-preto-promete-mudar-a-forma-como-usamos-a-energia-solar\/#primaryimage"},"thumbnailUrl":"https:\/\/jornalfatosenoticias.com.br\/wp-content\/uploads\/2025\/08\/metal-preto-energia-solar-cientista.jpg","datePublished":"2025-08-29T01:14:19+00:00","dateModified":"2025-08-29T01:14:20+00:00","breadcrumb":{"@id":"https:\/\/jornalfatosenoticias.com.br\/index.php\/2025\/08\/28\/metal-preto-promete-mudar-a-forma-como-usamos-a-energia-solar\/#breadcrumb"},"inLanguage":"pt-BR","potentialAction":[{"@type":"ReadAction","target":["https:\/\/jornalfatosenoticias.com.br\/index.php\/2025\/08\/28\/metal-preto-promete-mudar-a-forma-como-usamos-a-energia-solar\/"]}]},{"@type":"ImageObject","inLanguage":"pt-BR","@id":"https:\/\/jornalfatosenoticias.com.br\/index.php\/2025\/08\/28\/metal-preto-promete-mudar-a-forma-como-usamos-a-energia-solar\/#primaryimage","url":"https:\/\/jornalfatosenoticias.com.br\/wp-content\/uploads\/2025\/08\/metal-preto-energia-solar-cientista.jpg","contentUrl":"https:\/\/jornalfatosenoticias.com.br\/wp-content\/uploads\/2025\/08\/metal-preto-energia-solar-cientista.jpg","width":1000,"height":562},{"@type":"BreadcrumbList","@id":"https:\/\/jornalfatosenoticias.com.br\/index.php\/2025\/08\/28\/metal-preto-promete-mudar-a-forma-como-usamos-a-energia-solar\/#breadcrumb","itemListElement":[{"@type":"ListItem","position":1,"name":"In\u00edcio","item":"https:\/\/jornalfatosenoticias.com.br\/"},{"@type":"ListItem","position":2,"name":"\u201cMetal preto\u201d promete mudar a forma como usamos a energia solar"}]},{"@type":"WebSite","@id":"https:\/\/jornalfatosenoticias.com.br\/#website","url":"https:\/\/jornalfatosenoticias.com.br\/","name":"Jornal Fatos e Not\u00edcias","description":"Not\u00edcias em geral","publisher":{"@id":"https:\/\/jornalfatosenoticias.com.br\/#organization"},"potentialAction":[{"@type":"SearchAction","target":{"@type":"EntryPoint","urlTemplate":"https:\/\/jornalfatosenoticias.com.br\/?s={search_term_string}"},"query-input":{"@type":"PropertyValueSpecification","valueRequired":true,"valueName":"search_term_string"}}],"inLanguage":"pt-BR"},{"@type":"Organization","@id":"https:\/\/jornalfatosenoticias.com.br\/#organization","name":"Jornal Fatos e Not\u00edcias","url":"https:\/\/jornalfatosenoticias.com.br\/","logo":{"@type":"ImageObject","inLanguage":"pt-BR","@id":"https:\/\/jornalfatosenoticias.com.br\/#\/schema\/logo\/image\/","url":"https:\/\/jornalfatosenoticias.com.br\/wp-content\/uploads\/2020\/02\/logo120.png","contentUrl":"https:\/\/jornalfatosenoticias.com.br\/wp-content\/uploads\/2020\/02\/logo120.png","width":1227,"height":120,"caption":"Jornal Fatos e Not\u00edcias"},"image":{"@id":"https:\/\/jornalfatosenoticias.com.br\/#\/schema\/logo\/image\/"}},{"@type":"Person","@id":"https:\/\/jornalfatosenoticias.com.br\/#\/schema\/person\/d63837fa13ac8666eb9e74e0985d6f81","name":"Luzimara Fernandes","image":{"@type":"ImageObject","inLanguage":"pt-BR","@id":"https:\/\/jornalfatosenoticias.com.br\/#\/schema\/person\/image\/","url":"https:\/\/jornalfatosenoticias.com.br\/wp-content\/uploads\/2025\/05\/EU_portal.jpg","contentUrl":"https:\/\/jornalfatosenoticias.com.br\/wp-content\/uploads\/2025\/05\/EU_portal.jpg","caption":"Luzimara Fernandes"},"description":"Jornalista MTB 2358-ES","sameAs":["https:\/\/jornalfatosenoticias.com.br"],"url":"https:\/\/jornalfatosenoticias.com.br\/index.php\/author\/luzimara\/"}]}},"cc_featured_image_caption":{"caption_text":"(Foto: Universidade de Rochester\/Reprodu\u00e7\u00e3o)  ","source_text":"","source_url":""},"jetpack_featured_media_url":"https:\/\/jornalfatosenoticias.com.br\/wp-content\/uploads\/2025\/08\/metal-preto-energia-solar-cientista.jpg","_links":{"self":[{"href":"https:\/\/jornalfatosenoticias.com.br\/index.php\/wp-json\/wp\/v2\/posts\/61532","targetHints":{"allow":["GET"]}}],"collection":[{"href":"https:\/\/jornalfatosenoticias.com.br\/index.php\/wp-json\/wp\/v2\/posts"}],"about":[{"href":"https:\/\/jornalfatosenoticias.com.br\/index.php\/wp-json\/wp\/v2\/types\/post"}],"author":[{"embeddable":true,"href":"https:\/\/jornalfatosenoticias.com.br\/index.php\/wp-json\/wp\/v2\/users\/2"}],"replies":[{"embeddable":true,"href":"https:\/\/jornalfatosenoticias.com.br\/index.php\/wp-json\/wp\/v2\/comments?post=61532"}],"version-history":[{"count":0,"href":"https:\/\/jornalfatosenoticias.com.br\/index.php\/wp-json\/wp\/v2\/posts\/61532\/revisions"}],"wp:featuredmedia":[{"embeddable":true,"href":"https:\/\/jornalfatosenoticias.com.br\/index.php\/wp-json\/wp\/v2\/media\/61533"}],"wp:attachment":[{"href":"https:\/\/jornalfatosenoticias.com.br\/index.php\/wp-json\/wp\/v2\/media?parent=61532"}],"wp:term":[{"taxonomy":"category","embeddable":true,"href":"https:\/\/jornalfatosenoticias.com.br\/index.php\/wp-json\/wp\/v2\/categories?post=61532"},{"taxonomy":"post_tag","embeddable":true,"href":"https:\/\/jornalfatosenoticias.com.br\/index.php\/wp-json\/wp\/v2\/tags?post=61532"}],"curies":[{"name":"wp","href":"https:\/\/api.w.org\/{rel}","templated":true}]}}