{"id":61536,"date":"2025-09-01T08:59:25","date_gmt":"2025-09-01T11:59:25","guid":{"rendered":"https:\/\/jornalfatosenoticias.com.br\/?p=61536"},"modified":"2025-09-01T08:59:26","modified_gmt":"2025-09-01T11:59:26","slug":"novo-cimento-mantem-predios-mais-frios-que-o-ar-ambiente","status":"publish","type":"post","link":"https:\/\/jornalfatosenoticias.com.br\/index.php\/2025\/09\/01\/novo-cimento-mantem-predios-mais-frios-que-o-ar-ambiente\/","title":{"rendered":"Novo cimento mant\u00e9m pr\u00e9dios mais frios que o ar ambiente"},"content":{"rendered":"\n<p><span class=\"has-inline-color has-black-color\"><em>Tecnologia chinesa reduz consumo de energia, corta emiss\u00f5es e oferece alternativa inovadora ao ar-condicionado<\/em><\/span><\/p>\n\n\n\n<p><span class=\"has-inline-color has-black-color\">Por <strong><a href=\"https:\/\/olhardigital.com.br\/author\/leandro-costa\/\">Leandro Costa Criscuolo<\/a><\/strong><\/span><\/p>\n\n\n\n<div class=\"wp-block-image\"><figure class=\"aligncenter size-large\"><a href=\"https:\/\/mizu.com.br\/\"><img loading=\"lazy\" decoding=\"async\" width=\"729\" height=\"90\" src=\"https:\/\/jornalfatosenoticias.com.br\/wp-content\/uploads\/2020\/02\/Logo_Mizu.png\" alt=\"\" class=\"wp-image-1441\" srcset=\"https:\/\/jornalfatosenoticias.com.br\/wp-content\/uploads\/2020\/02\/Logo_Mizu.png 729w, https:\/\/jornalfatosenoticias.com.br\/wp-content\/uploads\/2020\/02\/Logo_Mizu-300x37.png 300w\" sizes=\"auto, (max-width: 729px) 100vw, 729px\" \/><\/a><\/figure><\/div>\n\n\n\n<p>Cientistas da Universidade do Sudeste, na China, desenvolveram um novo tipo de cimento capaz de manter <a href=\"https:\/\/olhardigital.com.br\/tag\/edificios\/\" target=\"_blank\" rel=\"noreferrer noopener\"><strong>edif\u00edcios<\/strong><\/a>\u00a0naturalmente mais frescos, reduzindo a necessidade de ar-condicionado. A inova\u00e7\u00e3o foi detalhada na\u00a0<strong><em><a href=\"https:\/\/www.science.org\/doi\/10.1126\/sciadv.adv2820\" target=\"_blank\" rel=\"noreferrer noopener\">Science Advances<\/a><\/em>.<\/strong> O problema do cimento tradicional \u00e9 que ele absorve a radia\u00e7\u00e3o solar e ret\u00e9m calor, aumentando a temperatura interna dos pr\u00e9dios.<br>Para contornar isso, a equipe liderada por Wei She modificou a f\u00f3rmula do material: incorporou min\u00fasculos cristais refletivos de etringita, que permitem que o cimento reflita a luz solar e emita calor em vez de absorv\u00ea-lo. Nos testes realizados no telhado da Universidade Purdue, nos EUA, o material ficou 5,4\u00b0C mais frio que o ar ambiente sob sol intenso.<\/p>\n\n\n\n<div class=\"wp-block-image\"><figure class=\"aligncenter size-large is-resized\"><a href=\"https:\/\/panper.com.br\/\"><img loading=\"lazy\" decoding=\"async\" src=\"https:\/\/jornalfatosenoticias.com.br\/wp-content\/uploads\/2023\/03\/logo-Panper_portal.jpg\" alt=\"\" class=\"wp-image-40208\" width=\"305\" height=\"211\" srcset=\"https:\/\/jornalfatosenoticias.com.br\/wp-content\/uploads\/2023\/03\/logo-Panper_portal.jpg 400w, https:\/\/jornalfatosenoticias.com.br\/wp-content\/uploads\/2023\/03\/logo-Panper_portal-300x208.jpg 300w\" sizes=\"auto, (max-width: 305px) 100vw, 305px\" \/><\/a><\/figure><\/div>\n\n\n\n<p>Ele tamb\u00e9m demonstrou alta durabilidade em an\u00e1lises mec\u00e2nicas, ambientais e \u00f3pticas. Com apoio de algoritmos de aprendizado de m\u00e1quina, os pesquisadores calcularam que o novo cimento poderia alcan\u00e7ar uma pegada de carbono l\u00edquida negativa em 70 anos, transformando uma das ind\u00fastrias mais poluentes do mundo. <\/p>\n\n\n\n<div class=\"wp-block-image\"><figure class=\"aligncenter size-large\"><a href=\"https:\/\/www.cesconetto.com.br\/\"><img loading=\"lazy\" decoding=\"async\" width=\"300\" height=\"250\" src=\"https:\/\/jornalfatosenoticias.com.br\/wp-content\/uploads\/2022\/02\/Banner-2.png\" alt=\"\" class=\"wp-image-27877\"\/><\/a><\/figure><\/div>\n\n\n\n<blockquote class=\"wp-block-quote is-layout-flow wp-block-quote-is-layout-flow\"><p><span class=\"has-inline-color has-luminous-vivid-orange-color\">Transformamos de forma inovadora materiais de cimento de absorvedores de calor em refletores de calor\u201d, destacaram os autores.<\/span><\/p><\/blockquote>\n\n\n\n<div class=\"wp-block-image\"><figure class=\"aligncenter size-large is-resized\"><a href=\"https:\/\/www.instagram.com\/rcradiadores\/\"><img loading=\"lazy\" decoding=\"async\" src=\"https:\/\/jornalfatosenoticias.com.br\/wp-content\/uploads\/2022\/10\/RC_800x750_page-0001.jpg\" alt=\"\" class=\"wp-image-35338\" width=\"314\" height=\"294\" srcset=\"https:\/\/jornalfatosenoticias.com.br\/wp-content\/uploads\/2022\/10\/RC_800x750_page-0001.jpg 400w, https:\/\/jornalfatosenoticias.com.br\/wp-content\/uploads\/2022\/10\/RC_800x750_page-0001-300x281.jpg 300w\" sizes=\"auto, (max-width: 314px) 100vw, 314px\" \/><\/a><\/figure><\/div>\n\n\n\n<p>Se adotado em larga escala, o cimento super-resfriado pode reduzir drasticamente o consumo de energia em edif\u00edcios, que hoje respondem por cerca de 40% da demanda global, al\u00e9m de criar cidades mais frescas, saud\u00e1veis e sustent\u00e1veis.<\/p>\n\n\n\n<p><strong>Fonte: <a href=\"https:\/\/olhardigital.com.br\/2025\/08\/24\/ciencia-e-espaco\/adeus-ar-condicionado-novo-cimento-mantem-predios-mais-frios-que-o-ar-ambiente\/\">Olhar Digital<\/a><\/strong><\/p>\n","protected":false},"excerpt":{"rendered":"<p>Tecnologia chinesa reduz consumo de energia, corta emiss\u00f5es e oferece alternativa inovadora ao ar-condicionado Por Leandro Costa Criscuolo Cientistas da Universidade do Sudeste, na China, desenvolveram um novo tipo de cimento capaz de manter edif\u00edcios\u00a0naturalmente mais frescos, reduzindo a necessidade de ar-condicionado. A inova\u00e7\u00e3o foi detalhada na\u00a0Science Advances. O problema do cimento tradicional \u00e9 que [&hellip;]<\/p>\n","protected":false},"author":2,"featured_media":61537,"comment_status":"open","ping_status":"open","sticky":false,"template":"","format":"standard","meta":{"footnotes":""},"categories":[744,3],"tags":[6849,368,10781,835,996],"class_list":["post-61536","post","type-post","status-publish","format-standard","has-post-thumbnail","hentry","category-arq-urbanismo","category-tecnologia","tag-ar-condicionado","tag-calor","tag-cimento","tag-concreto","tag-consumo-de-energia"],"yoast_head":"<!-- This site is optimized with the Yoast SEO plugin v26.5 - https:\/\/yoast.com\/wordpress\/plugins\/seo\/ -->\n<title>Novo cimento mant\u00e9m pr\u00e9dios mais frios que o ar ambiente - Jornal Fatos e Not\u00edcias<\/title>\n<meta name=\"robots\" content=\"index, follow, max-snippet:-1, max-image-preview:large, max-video-preview:-1\" \/>\n<link rel=\"canonical\" href=\"https:\/\/jornalfatosenoticias.com.br\/index.php\/2025\/09\/01\/novo-cimento-mantem-predios-mais-frios-que-o-ar-ambiente\/\" \/>\n<meta property=\"og:locale\" content=\"pt_BR\" \/>\n<meta property=\"og:type\" content=\"article\" \/>\n<meta property=\"og:title\" content=\"Novo cimento mant\u00e9m pr\u00e9dios mais frios que o ar ambiente - Jornal Fatos e Not\u00edcias\" \/>\n<meta property=\"og:description\" content=\"Tecnologia chinesa reduz consumo de energia, corta emiss\u00f5es e oferece alternativa inovadora ao ar-condicionado Por Leandro Costa Criscuolo Cientistas da Universidade do Sudeste, na China, desenvolveram um novo tipo de cimento capaz de manter edif\u00edcios\u00a0naturalmente mais frescos, reduzindo a necessidade de ar-condicionado. A inova\u00e7\u00e3o foi detalhada na\u00a0Science Advances. O problema do cimento tradicional \u00e9 que [&hellip;]\" \/>\n<meta property=\"og:url\" content=\"https:\/\/jornalfatosenoticias.com.br\/index.php\/2025\/09\/01\/novo-cimento-mantem-predios-mais-frios-que-o-ar-ambiente\/\" \/>\n<meta property=\"og:site_name\" content=\"Jornal Fatos e Not\u00edcias\" \/>\n<meta property=\"article:published_time\" content=\"2025-09-01T11:59:25+00:00\" \/>\n<meta property=\"article:modified_time\" content=\"2025-09-01T11:59:26+00:00\" \/>\n<meta property=\"og:image\" content=\"https:\/\/jornalfatosenoticias.com.br\/wp-content\/uploads\/2025\/09\/concretO_istock.jpg\" \/>\n\t<meta property=\"og:image:width\" content=\"612\" \/>\n\t<meta property=\"og:image:height\" content=\"453\" \/>\n\t<meta property=\"og:image:type\" content=\"image\/jpeg\" \/>\n<meta name=\"author\" content=\"Luzimara Fernandes\" \/>\n<meta name=\"twitter:card\" content=\"summary_large_image\" \/>\n<meta name=\"twitter:label1\" content=\"Escrito por\" \/>\n\t<meta name=\"twitter:data1\" content=\"Luzimara Fernandes\" \/>\n\t<meta name=\"twitter:label2\" content=\"Est. tempo de leitura\" \/>\n\t<meta name=\"twitter:data2\" content=\"1 minuto\" \/>\n<script type=\"application\/ld+json\" class=\"yoast-schema-graph\">{\"@context\":\"https:\/\/schema.org\",\"@graph\":[{\"@type\":\"Article\",\"@id\":\"https:\/\/jornalfatosenoticias.com.br\/index.php\/2025\/09\/01\/novo-cimento-mantem-predios-mais-frios-que-o-ar-ambiente\/#article\",\"isPartOf\":{\"@id\":\"https:\/\/jornalfatosenoticias.com.br\/index.php\/2025\/09\/01\/novo-cimento-mantem-predios-mais-frios-que-o-ar-ambiente\/\"},\"author\":{\"name\":\"Luzimara Fernandes\",\"@id\":\"https:\/\/jornalfatosenoticias.com.br\/#\/schema\/person\/d63837fa13ac8666eb9e74e0985d6f81\"},\"headline\":\"Novo cimento mant\u00e9m pr\u00e9dios mais frios que o ar ambiente\",\"datePublished\":\"2025-09-01T11:59:25+00:00\",\"dateModified\":\"2025-09-01T11:59:26+00:00\",\"mainEntityOfPage\":{\"@id\":\"https:\/\/jornalfatosenoticias.com.br\/index.php\/2025\/09\/01\/novo-cimento-mantem-predios-mais-frios-que-o-ar-ambiente\/\"},\"wordCount\":261,\"commentCount\":0,\"publisher\":{\"@id\":\"https:\/\/jornalfatosenoticias.com.br\/#organization\"},\"image\":{\"@id\":\"https:\/\/jornalfatosenoticias.com.br\/index.php\/2025\/09\/01\/novo-cimento-mantem-predios-mais-frios-que-o-ar-ambiente\/#primaryimage\"},\"thumbnailUrl\":\"https:\/\/jornalfatosenoticias.com.br\/wp-content\/uploads\/2025\/09\/concretO_istock.jpg\",\"keywords\":[\"ar-condicionado\",\"calor\",\"cimento\",\"concreto\",\"consumo de energia\"],\"articleSection\":[\"Arq &amp; Urb\",\"Tecnologia &amp; Inova\u00e7\u00e3o\"],\"inLanguage\":\"pt-BR\",\"potentialAction\":[{\"@type\":\"CommentAction\",\"name\":\"Comment\",\"target\":[\"https:\/\/jornalfatosenoticias.com.br\/index.php\/2025\/09\/01\/novo-cimento-mantem-predios-mais-frios-que-o-ar-ambiente\/#respond\"]}]},{\"@type\":\"WebPage\",\"@id\":\"https:\/\/jornalfatosenoticias.com.br\/index.php\/2025\/09\/01\/novo-cimento-mantem-predios-mais-frios-que-o-ar-ambiente\/\",\"url\":\"https:\/\/jornalfatosenoticias.com.br\/index.php\/2025\/09\/01\/novo-cimento-mantem-predios-mais-frios-que-o-ar-ambiente\/\",\"name\":\"Novo cimento mant\u00e9m pr\u00e9dios mais frios que o ar ambiente - Jornal Fatos e Not\u00edcias\",\"isPartOf\":{\"@id\":\"https:\/\/jornalfatosenoticias.com.br\/#website\"},\"primaryImageOfPage\":{\"@id\":\"https:\/\/jornalfatosenoticias.com.br\/index.php\/2025\/09\/01\/novo-cimento-mantem-predios-mais-frios-que-o-ar-ambiente\/#primaryimage\"},\"image\":{\"@id\":\"https:\/\/jornalfatosenoticias.com.br\/index.php\/2025\/09\/01\/novo-cimento-mantem-predios-mais-frios-que-o-ar-ambiente\/#primaryimage\"},\"thumbnailUrl\":\"https:\/\/jornalfatosenoticias.com.br\/wp-content\/uploads\/2025\/09\/concretO_istock.jpg\",\"datePublished\":\"2025-09-01T11:59:25+00:00\",\"dateModified\":\"2025-09-01T11:59:26+00:00\",\"breadcrumb\":{\"@id\":\"https:\/\/jornalfatosenoticias.com.br\/index.php\/2025\/09\/01\/novo-cimento-mantem-predios-mais-frios-que-o-ar-ambiente\/#breadcrumb\"},\"inLanguage\":\"pt-BR\",\"potentialAction\":[{\"@type\":\"ReadAction\",\"target\":[\"https:\/\/jornalfatosenoticias.com.br\/index.php\/2025\/09\/01\/novo-cimento-mantem-predios-mais-frios-que-o-ar-ambiente\/\"]}]},{\"@type\":\"ImageObject\",\"inLanguage\":\"pt-BR\",\"@id\":\"https:\/\/jornalfatosenoticias.com.br\/index.php\/2025\/09\/01\/novo-cimento-mantem-predios-mais-frios-que-o-ar-ambiente\/#primaryimage\",\"url\":\"https:\/\/jornalfatosenoticias.com.br\/wp-content\/uploads\/2025\/09\/concretO_istock.jpg\",\"contentUrl\":\"https:\/\/jornalfatosenoticias.com.br\/wp-content\/uploads\/2025\/09\/concretO_istock.jpg\",\"width\":612,\"height\":453,\"caption\":\"Concrete pouring from a truck for the construction of a new floor at a building site. Note: Intentionally some motion blur on the moving concrete.\"},{\"@type\":\"BreadcrumbList\",\"@id\":\"https:\/\/jornalfatosenoticias.com.br\/index.php\/2025\/09\/01\/novo-cimento-mantem-predios-mais-frios-que-o-ar-ambiente\/#breadcrumb\",\"itemListElement\":[{\"@type\":\"ListItem\",\"position\":1,\"name\":\"In\u00edcio\",\"item\":\"https:\/\/jornalfatosenoticias.com.br\/\"},{\"@type\":\"ListItem\",\"position\":2,\"name\":\"Novo cimento mant\u00e9m pr\u00e9dios mais frios que o ar ambiente\"}]},{\"@type\":\"WebSite\",\"@id\":\"https:\/\/jornalfatosenoticias.com.br\/#website\",\"url\":\"https:\/\/jornalfatosenoticias.com.br\/\",\"name\":\"Jornal Fatos e Not\u00edcias\",\"description\":\"Not\u00edcias em geral\",\"publisher\":{\"@id\":\"https:\/\/jornalfatosenoticias.com.br\/#organization\"},\"potentialAction\":[{\"@type\":\"SearchAction\",\"target\":{\"@type\":\"EntryPoint\",\"urlTemplate\":\"https:\/\/jornalfatosenoticias.com.br\/?s={search_term_string}\"},\"query-input\":{\"@type\":\"PropertyValueSpecification\",\"valueRequired\":true,\"valueName\":\"search_term_string\"}}],\"inLanguage\":\"pt-BR\"},{\"@type\":\"Organization\",\"@id\":\"https:\/\/jornalfatosenoticias.com.br\/#organization\",\"name\":\"Jornal Fatos e Not\u00edcias\",\"url\":\"https:\/\/jornalfatosenoticias.com.br\/\",\"logo\":{\"@type\":\"ImageObject\",\"inLanguage\":\"pt-BR\",\"@id\":\"https:\/\/jornalfatosenoticias.com.br\/#\/schema\/logo\/image\/\",\"url\":\"https:\/\/jornalfatosenoticias.com.br\/wp-content\/uploads\/2020\/02\/logo120.png\",\"contentUrl\":\"https:\/\/jornalfatosenoticias.com.br\/wp-content\/uploads\/2020\/02\/logo120.png\",\"width\":1227,\"height\":120,\"caption\":\"Jornal Fatos e Not\u00edcias\"},\"image\":{\"@id\":\"https:\/\/jornalfatosenoticias.com.br\/#\/schema\/logo\/image\/\"}},{\"@type\":\"Person\",\"@id\":\"https:\/\/jornalfatosenoticias.com.br\/#\/schema\/person\/d63837fa13ac8666eb9e74e0985d6f81\",\"name\":\"Luzimara Fernandes\",\"image\":{\"@type\":\"ImageObject\",\"inLanguage\":\"pt-BR\",\"@id\":\"https:\/\/jornalfatosenoticias.com.br\/#\/schema\/person\/image\/\",\"url\":\"https:\/\/jornalfatosenoticias.com.br\/wp-content\/uploads\/2025\/05\/EU_portal.jpg\",\"contentUrl\":\"https:\/\/jornalfatosenoticias.com.br\/wp-content\/uploads\/2025\/05\/EU_portal.jpg\",\"caption\":\"Luzimara Fernandes\"},\"description\":\"Jornalista MTB 2358-ES\",\"sameAs\":[\"https:\/\/jornalfatosenoticias.com.br\"],\"url\":\"https:\/\/jornalfatosenoticias.com.br\/index.php\/author\/luzimara\/\"}]}<\/script>\n<!-- \/ Yoast SEO plugin. -->","yoast_head_json":{"title":"Novo cimento mant\u00e9m pr\u00e9dios mais frios que o ar ambiente - Jornal Fatos e Not\u00edcias","robots":{"index":"index","follow":"follow","max-snippet":"max-snippet:-1","max-image-preview":"max-image-preview:large","max-video-preview":"max-video-preview:-1"},"canonical":"https:\/\/jornalfatosenoticias.com.br\/index.php\/2025\/09\/01\/novo-cimento-mantem-predios-mais-frios-que-o-ar-ambiente\/","og_locale":"pt_BR","og_type":"article","og_title":"Novo cimento mant\u00e9m pr\u00e9dios mais frios que o ar ambiente - Jornal Fatos e Not\u00edcias","og_description":"Tecnologia chinesa reduz consumo de energia, corta emiss\u00f5es e oferece alternativa inovadora ao ar-condicionado Por Leandro Costa Criscuolo Cientistas da Universidade do Sudeste, na China, desenvolveram um novo tipo de cimento capaz de manter edif\u00edcios\u00a0naturalmente mais frescos, reduzindo a necessidade de ar-condicionado. A inova\u00e7\u00e3o foi detalhada na\u00a0Science Advances. O problema do cimento tradicional \u00e9 que [&hellip;]","og_url":"https:\/\/jornalfatosenoticias.com.br\/index.php\/2025\/09\/01\/novo-cimento-mantem-predios-mais-frios-que-o-ar-ambiente\/","og_site_name":"Jornal Fatos e Not\u00edcias","article_published_time":"2025-09-01T11:59:25+00:00","article_modified_time":"2025-09-01T11:59:26+00:00","og_image":[{"width":612,"height":453,"url":"https:\/\/jornalfatosenoticias.com.br\/wp-content\/uploads\/2025\/09\/concretO_istock.jpg","type":"image\/jpeg"}],"author":"Luzimara Fernandes","twitter_card":"summary_large_image","twitter_misc":{"Escrito por":"Luzimara Fernandes","Est. tempo de leitura":"1 minuto"},"schema":{"@context":"https:\/\/schema.org","@graph":[{"@type":"Article","@id":"https:\/\/jornalfatosenoticias.com.br\/index.php\/2025\/09\/01\/novo-cimento-mantem-predios-mais-frios-que-o-ar-ambiente\/#article","isPartOf":{"@id":"https:\/\/jornalfatosenoticias.com.br\/index.php\/2025\/09\/01\/novo-cimento-mantem-predios-mais-frios-que-o-ar-ambiente\/"},"author":{"name":"Luzimara Fernandes","@id":"https:\/\/jornalfatosenoticias.com.br\/#\/schema\/person\/d63837fa13ac8666eb9e74e0985d6f81"},"headline":"Novo cimento mant\u00e9m pr\u00e9dios mais frios que o ar ambiente","datePublished":"2025-09-01T11:59:25+00:00","dateModified":"2025-09-01T11:59:26+00:00","mainEntityOfPage":{"@id":"https:\/\/jornalfatosenoticias.com.br\/index.php\/2025\/09\/01\/novo-cimento-mantem-predios-mais-frios-que-o-ar-ambiente\/"},"wordCount":261,"commentCount":0,"publisher":{"@id":"https:\/\/jornalfatosenoticias.com.br\/#organization"},"image":{"@id":"https:\/\/jornalfatosenoticias.com.br\/index.php\/2025\/09\/01\/novo-cimento-mantem-predios-mais-frios-que-o-ar-ambiente\/#primaryimage"},"thumbnailUrl":"https:\/\/jornalfatosenoticias.com.br\/wp-content\/uploads\/2025\/09\/concretO_istock.jpg","keywords":["ar-condicionado","calor","cimento","concreto","consumo de energia"],"articleSection":["Arq &amp; Urb","Tecnologia &amp; Inova\u00e7\u00e3o"],"inLanguage":"pt-BR","potentialAction":[{"@type":"CommentAction","name":"Comment","target":["https:\/\/jornalfatosenoticias.com.br\/index.php\/2025\/09\/01\/novo-cimento-mantem-predios-mais-frios-que-o-ar-ambiente\/#respond"]}]},{"@type":"WebPage","@id":"https:\/\/jornalfatosenoticias.com.br\/index.php\/2025\/09\/01\/novo-cimento-mantem-predios-mais-frios-que-o-ar-ambiente\/","url":"https:\/\/jornalfatosenoticias.com.br\/index.php\/2025\/09\/01\/novo-cimento-mantem-predios-mais-frios-que-o-ar-ambiente\/","name":"Novo cimento mant\u00e9m pr\u00e9dios mais frios que o ar ambiente - Jornal Fatos e Not\u00edcias","isPartOf":{"@id":"https:\/\/jornalfatosenoticias.com.br\/#website"},"primaryImageOfPage":{"@id":"https:\/\/jornalfatosenoticias.com.br\/index.php\/2025\/09\/01\/novo-cimento-mantem-predios-mais-frios-que-o-ar-ambiente\/#primaryimage"},"image":{"@id":"https:\/\/jornalfatosenoticias.com.br\/index.php\/2025\/09\/01\/novo-cimento-mantem-predios-mais-frios-que-o-ar-ambiente\/#primaryimage"},"thumbnailUrl":"https:\/\/jornalfatosenoticias.com.br\/wp-content\/uploads\/2025\/09\/concretO_istock.jpg","datePublished":"2025-09-01T11:59:25+00:00","dateModified":"2025-09-01T11:59:26+00:00","breadcrumb":{"@id":"https:\/\/jornalfatosenoticias.com.br\/index.php\/2025\/09\/01\/novo-cimento-mantem-predios-mais-frios-que-o-ar-ambiente\/#breadcrumb"},"inLanguage":"pt-BR","potentialAction":[{"@type":"ReadAction","target":["https:\/\/jornalfatosenoticias.com.br\/index.php\/2025\/09\/01\/novo-cimento-mantem-predios-mais-frios-que-o-ar-ambiente\/"]}]},{"@type":"ImageObject","inLanguage":"pt-BR","@id":"https:\/\/jornalfatosenoticias.com.br\/index.php\/2025\/09\/01\/novo-cimento-mantem-predios-mais-frios-que-o-ar-ambiente\/#primaryimage","url":"https:\/\/jornalfatosenoticias.com.br\/wp-content\/uploads\/2025\/09\/concretO_istock.jpg","contentUrl":"https:\/\/jornalfatosenoticias.com.br\/wp-content\/uploads\/2025\/09\/concretO_istock.jpg","width":612,"height":453,"caption":"Concrete pouring from a truck for the construction of a new floor at a building site. Note: Intentionally some motion blur on the moving concrete."},{"@type":"BreadcrumbList","@id":"https:\/\/jornalfatosenoticias.com.br\/index.php\/2025\/09\/01\/novo-cimento-mantem-predios-mais-frios-que-o-ar-ambiente\/#breadcrumb","itemListElement":[{"@type":"ListItem","position":1,"name":"In\u00edcio","item":"https:\/\/jornalfatosenoticias.com.br\/"},{"@type":"ListItem","position":2,"name":"Novo cimento mant\u00e9m pr\u00e9dios mais frios que o ar ambiente"}]},{"@type":"WebSite","@id":"https:\/\/jornalfatosenoticias.com.br\/#website","url":"https:\/\/jornalfatosenoticias.com.br\/","name":"Jornal Fatos e Not\u00edcias","description":"Not\u00edcias em geral","publisher":{"@id":"https:\/\/jornalfatosenoticias.com.br\/#organization"},"potentialAction":[{"@type":"SearchAction","target":{"@type":"EntryPoint","urlTemplate":"https:\/\/jornalfatosenoticias.com.br\/?s={search_term_string}"},"query-input":{"@type":"PropertyValueSpecification","valueRequired":true,"valueName":"search_term_string"}}],"inLanguage":"pt-BR"},{"@type":"Organization","@id":"https:\/\/jornalfatosenoticias.com.br\/#organization","name":"Jornal Fatos e Not\u00edcias","url":"https:\/\/jornalfatosenoticias.com.br\/","logo":{"@type":"ImageObject","inLanguage":"pt-BR","@id":"https:\/\/jornalfatosenoticias.com.br\/#\/schema\/logo\/image\/","url":"https:\/\/jornalfatosenoticias.com.br\/wp-content\/uploads\/2020\/02\/logo120.png","contentUrl":"https:\/\/jornalfatosenoticias.com.br\/wp-content\/uploads\/2020\/02\/logo120.png","width":1227,"height":120,"caption":"Jornal Fatos e Not\u00edcias"},"image":{"@id":"https:\/\/jornalfatosenoticias.com.br\/#\/schema\/logo\/image\/"}},{"@type":"Person","@id":"https:\/\/jornalfatosenoticias.com.br\/#\/schema\/person\/d63837fa13ac8666eb9e74e0985d6f81","name":"Luzimara Fernandes","image":{"@type":"ImageObject","inLanguage":"pt-BR","@id":"https:\/\/jornalfatosenoticias.com.br\/#\/schema\/person\/image\/","url":"https:\/\/jornalfatosenoticias.com.br\/wp-content\/uploads\/2025\/05\/EU_portal.jpg","contentUrl":"https:\/\/jornalfatosenoticias.com.br\/wp-content\/uploads\/2025\/05\/EU_portal.jpg","caption":"Luzimara Fernandes"},"description":"Jornalista MTB 2358-ES","sameAs":["https:\/\/jornalfatosenoticias.com.br"],"url":"https:\/\/jornalfatosenoticias.com.br\/index.php\/author\/luzimara\/"}]}},"cc_featured_image_caption":{"caption_text":"(Foto: iStock) ","source_text":"","source_url":""},"jetpack_featured_media_url":"https:\/\/jornalfatosenoticias.com.br\/wp-content\/uploads\/2025\/09\/concretO_istock.jpg","_links":{"self":[{"href":"https:\/\/jornalfatosenoticias.com.br\/index.php\/wp-json\/wp\/v2\/posts\/61536","targetHints":{"allow":["GET"]}}],"collection":[{"href":"https:\/\/jornalfatosenoticias.com.br\/index.php\/wp-json\/wp\/v2\/posts"}],"about":[{"href":"https:\/\/jornalfatosenoticias.com.br\/index.php\/wp-json\/wp\/v2\/types\/post"}],"author":[{"embeddable":true,"href":"https:\/\/jornalfatosenoticias.com.br\/index.php\/wp-json\/wp\/v2\/users\/2"}],"replies":[{"embeddable":true,"href":"https:\/\/jornalfatosenoticias.com.br\/index.php\/wp-json\/wp\/v2\/comments?post=61536"}],"version-history":[{"count":0,"href":"https:\/\/jornalfatosenoticias.com.br\/index.php\/wp-json\/wp\/v2\/posts\/61536\/revisions"}],"wp:featuredmedia":[{"embeddable":true,"href":"https:\/\/jornalfatosenoticias.com.br\/index.php\/wp-json\/wp\/v2\/media\/61537"}],"wp:attachment":[{"href":"https:\/\/jornalfatosenoticias.com.br\/index.php\/wp-json\/wp\/v2\/media?parent=61536"}],"wp:term":[{"taxonomy":"category","embeddable":true,"href":"https:\/\/jornalfatosenoticias.com.br\/index.php\/wp-json\/wp\/v2\/categories?post=61536"},{"taxonomy":"post_tag","embeddable":true,"href":"https:\/\/jornalfatosenoticias.com.br\/index.php\/wp-json\/wp\/v2\/tags?post=61536"}],"curies":[{"name":"wp","href":"https:\/\/api.w.org\/{rel}","templated":true}]}}