{"id":61543,"date":"2025-09-01T09:30:44","date_gmt":"2025-09-01T12:30:44","guid":{"rendered":"https:\/\/jornalfatosenoticias.com.br\/?p=61543"},"modified":"2025-09-01T09:30:46","modified_gmt":"2025-09-01T12:30:46","slug":"genocidio-cristao-na-nigeria-mata-mais-de-sete-mil-pessoas","status":"publish","type":"post","link":"https:\/\/jornalfatosenoticias.com.br\/index.php\/2025\/09\/01\/genocidio-cristao-na-nigeria-mata-mais-de-sete-mil-pessoas\/","title":{"rendered":"Genoc\u00eddio crist\u00e3o na Nig\u00e9ria mata mais de sete mil pessoas"},"content":{"rendered":"\n<p><em><span class=\"has-inline-color has-black-color\">Outros 7.800 crist\u00e3os foram sequestrados por grupos isl\u00e2micos e terroristas fulani desde o in\u00edcio do ano, segundo a Intersociety<\/span><\/em><\/p>\n\n\n\n<p><span class=\"has-inline-color has-black-color\">Por <strong>Guiame\/The Christian Post<\/strong><\/span><\/p>\n\n\n\n<div class=\"wp-block-image\"><figure class=\"aligncenter size-large\"><a href=\"https:\/\/mizu.com.br\/\"><img loading=\"lazy\" decoding=\"async\" width=\"729\" height=\"90\" src=\"https:\/\/jornalfatosenoticias.com.br\/wp-content\/uploads\/2020\/02\/Logo_Mizu.png\" alt=\"\" class=\"wp-image-1441\" srcset=\"https:\/\/jornalfatosenoticias.com.br\/wp-content\/uploads\/2020\/02\/Logo_Mizu.png 729w, https:\/\/jornalfatosenoticias.com.br\/wp-content\/uploads\/2020\/02\/Logo_Mizu-300x37.png 300w\" sizes=\"auto, (max-width: 729px) 100vw, 729px\" \/><\/a><\/figure><\/div>\n\n\n\n<p>Mais de sete mil crist\u00e3os foram assassinados por <a href=\"https:\/\/guiame.com.br\/gospel\/missoes-acao-social\/o-mundo-esta-em-silencio-sobre-o-massacre-de-cristaos-na-africa-diz-franklin-graham.html\"><strong>extremistas isl\u00e2micos<\/strong><\/a>\u00a0e terroristas\u00a0<a href=\"https:\/\/guiame.com.br\/gospel\/missoes-acao-social\/milicias-fulani-matam-32-cristaos-incluindo-bebe-de-3-meses-em-aldeia-da-nigeria.html\"><strong>fulani<\/strong><\/a>\u00a0na\u00a0<a href=\"https:\/\/guiame.com.br\/gospel\/missoes-acao-social\/centenas-vao-ruas-protestar-na-nigeria-apos-ataque-islamico-que-matou-200-cristaos.html\"><strong>Nig\u00e9ria<\/strong><\/a>, desde o in\u00edcio de 2025, de acordo com um novo relat\u00f3rio da Sociedade Internacional para Liberdades Civis e Estado de Direito (Intersociety). A organiza\u00e7\u00e3o, que defende os direitos humanos e \u00e9 liderada pelo pesquisador crist\u00e3o Emeka Umeagbalasi, relatou que pelo menos 7.087 crist\u00e3os foram massacrados, de 1.\u00ba de janeiro a 10 de agosto, no pa\u00eds africano.<br>Al\u00e9m disso, 7.800 outros crist\u00e3os foram detidos e sequestrados devido a sua f\u00e9. <\/p>\n\n\n\n<div class=\"wp-block-image\"><figure class=\"aligncenter size-large is-resized\"><a href=\"https:\/\/www.instagram.com\/esteio.churrascaria\/\"><img loading=\"lazy\" decoding=\"async\" src=\"https:\/\/jornalfatosenoticias.com.br\/wp-content\/uploads\/2022\/02\/LOGO-ESTEIO-1024x730.png\" alt=\"\" class=\"wp-image-27942\" width=\"302\" height=\"215\" srcset=\"https:\/\/jornalfatosenoticias.com.br\/wp-content\/uploads\/2022\/02\/LOGO-ESTEIO-1024x730.png 1024w, https:\/\/jornalfatosenoticias.com.br\/wp-content\/uploads\/2022\/02\/LOGO-ESTEIO-300x214.png 300w, https:\/\/jornalfatosenoticias.com.br\/wp-content\/uploads\/2022\/02\/LOGO-ESTEIO-768x548.png 768w, https:\/\/jornalfatosenoticias.com.br\/wp-content\/uploads\/2022\/02\/LOGO-ESTEIO.png 1123w\" sizes=\"auto, (max-width: 302px) 100vw, 302px\" \/><\/a><\/figure><\/div>\n\n\n\n<blockquote class=\"wp-block-quote is-layout-flow wp-block-quote-is-layout-flow\"><p><span class=\"has-inline-color has-luminous-vivid-orange-color\">O massacre brutal de cerca de crist\u00e3os se traduziu em uma m\u00e9dia de 30 mortes de crist\u00e3os por dia e mais de uma morte por hora&#8221;, afirmou o relat\u00f3rio. \u201cSe estima que 35 crist\u00e3os tamb\u00e9m tenham sido sequestrados diariamente e cerca de dois por hora, nos \u00faltimos sete meses e dez dias de 2025\u201d.<\/span><\/p><\/blockquote>\n\n\n\n<div class=\"wp-block-image\"><figure class=\"aligncenter size-large is-resized\"><a href=\"https:\/\/www.instagram.com\/rcradiadores\/\"><img loading=\"lazy\" decoding=\"async\" src=\"https:\/\/jornalfatosenoticias.com.br\/wp-content\/uploads\/2022\/10\/RC_800x750_page-0001.jpg\" alt=\"\" class=\"wp-image-35338\" width=\"289\" height=\"271\" srcset=\"https:\/\/jornalfatosenoticias.com.br\/wp-content\/uploads\/2022\/10\/RC_800x750_page-0001.jpg 400w, https:\/\/jornalfatosenoticias.com.br\/wp-content\/uploads\/2022\/10\/RC_800x750_page-0001-300x281.jpg 300w\" sizes=\"auto, (max-width: 289px) 100vw, 289px\" \/><\/a><\/figure><\/div>\n\n\n\n<p>O documento da Intersociety alerta que a Nig\u00e9ria est\u00e1 fornecendo um &#8220;ref\u00fagio seguro&#8221; para pelo menos 22 grupos terroristas isl\u00e2micos, muitos ligados ao Estado Isl\u00e2mico, que planejam extinguir crist\u00e3os e religiosos tradicionais em todo o pa\u00eds. A organiza\u00e7\u00e3o est\u00e1 acompanhando a persegui\u00e7\u00e3o na Nig\u00e9ria desde 2010. &#8220;Temos seguido os padr\u00f5es e tend\u00eancias, e a situa\u00e7\u00e3o est\u00e1 piorando&#8221;, comentou o diretor Emeka Umeagbalasi, ao The Christian Post.<\/p>\n\n\n\n<div class=\"wp-block-image\"><figure class=\"aligncenter size-large is-resized\"><a href=\"https:\/\/www.facebook.com\/profile.php?id=100069289606145\"><img loading=\"lazy\" decoding=\"async\" src=\"https:\/\/jornalfatosenoticias.com.br\/wp-content\/uploads\/2024\/11\/Guaitolini-Contabilidade-1024x714.jpeg\" alt=\"\" class=\"wp-image-55808\" width=\"287\" height=\"200\" srcset=\"https:\/\/jornalfatosenoticias.com.br\/wp-content\/uploads\/2024\/11\/Guaitolini-Contabilidade-1024x714.jpeg 1024w, https:\/\/jornalfatosenoticias.com.br\/wp-content\/uploads\/2024\/11\/Guaitolini-Contabilidade-300x209.jpeg 300w, https:\/\/jornalfatosenoticias.com.br\/wp-content\/uploads\/2024\/11\/Guaitolini-Contabilidade-768x535.jpeg 768w, https:\/\/jornalfatosenoticias.com.br\/wp-content\/uploads\/2024\/11\/Guaitolini-Contabilidade.jpeg 1280w\" sizes=\"auto, (max-width: 287px) 100vw, 287px\" \/><\/a><\/figure><\/div>\n\n\n\n<p>O relat\u00f3rio tamb\u00e9m estima que &#8220;185.009 nigerianos indefesos&#8221; foram mortos desde 2009, incluindo 125.009 crist\u00e3os e 60.000 mu\u00e7ulmanos liberais. Cerca de 19.100 igrejas foram destru\u00eddas nesse per\u00edodo, mais de 1.100 comunidades crist\u00e3s foram saqueadas e 600 l\u00edderes crist\u00e3os foram sequestrados, incluindo 250 padres cat\u00f3licos e 350 pastores.<\/p>\n\n\n\n<div class=\"wp-block-image\"><figure class=\"aligncenter size-large\"><a href=\"http:\/\/www.ferrarimaquinas.com.br\/\"><img loading=\"lazy\" decoding=\"async\" width=\"300\" height=\"250\" src=\"https:\/\/jornalfatosenoticias.com.br\/wp-content\/uploads\/2022\/02\/FERRARI_MAQUINAS-E-FERRAMENTAS2-1.jpg\" alt=\"\" class=\"wp-image-27955\"\/><\/a><\/figure><\/div>\n\n\n\n<p>Para Emeka, o governo nigeriano \u00e9 culpado por n\u00e3o proteger as comunidades crist\u00e3s e n\u00e3o punir os terroristas. Ele defendeu que o Departamento de Estado dos Estados Unidos inclua novamente a Nig\u00e9ria em sua lista de &#8220;Pa\u00edses de Preocupa\u00e7\u00e3o Particular&#8221;. A medida possibilita impor san\u00e7\u00f5es ao pa\u00eds africano.<\/p>\n\n\n\n<div class=\"wp-block-image\"><figure class=\"aligncenter size-large is-resized\"><a href=\"https:\/\/legisjuris.com.br\/\"><img loading=\"lazy\" decoding=\"async\" src=\"https:\/\/jornalfatosenoticias.com.br\/wp-content\/uploads\/2024\/09\/Legis-Juris-Consultoria_logo.jpg\" alt=\"\" class=\"wp-image-53915\" width=\"487\" height=\"204\" srcset=\"https:\/\/jornalfatosenoticias.com.br\/wp-content\/uploads\/2024\/09\/Legis-Juris-Consultoria_logo.jpg 969w, https:\/\/jornalfatosenoticias.com.br\/wp-content\/uploads\/2024\/09\/Legis-Juris-Consultoria_logo-300x126.jpg 300w, https:\/\/jornalfatosenoticias.com.br\/wp-content\/uploads\/2024\/09\/Legis-Juris-Consultoria_logo-768x322.jpg 768w\" sizes=\"auto, (max-width: 487px) 100vw, 487px\" \/><\/a><\/figure><\/div>\n\n\n\n<p>Emeka Umeagbalasi tamb\u00e9m pediu aos l\u00edderes dos EUA, Europa e Canad\u00e1 que pro\u00edbam os mu\u00e7ulmanos fulani e os principais l\u00edderes isl\u00e2micos de viajar para &#8220;esses pa\u00edses compat\u00edveis e respeitadores da liberdade religiosa&#8221;. Apesar de observadores internacionais classificarem que o que est\u00e1 acontecendo com as comunidades crist\u00e3s na Nig\u00e9ria como persegui\u00e7\u00e3o religiosa e genoc\u00eddio, o governo nigeriano nega que a onda de viol\u00eancia seja um conflito religioso, mas apenas confrontos entre agricultores e pastores fulani.<\/p>\n\n\n\n<div class=\"wp-block-image\"><figure class=\"aligncenter size-large is-resized\"><a href=\"https:\/\/hotelmarquetti.com.br\/\"><img loading=\"lazy\" decoding=\"async\" src=\"https:\/\/jornalfatosenoticias.com.br\/wp-content\/uploads\/2020\/02\/LOGO-MQ-1024x680.jpg\" alt=\"\" class=\"wp-image-58299\" width=\"351\" height=\"233\" srcset=\"https:\/\/jornalfatosenoticias.com.br\/wp-content\/uploads\/2020\/02\/LOGO-MQ-1024x680.jpg 1024w, https:\/\/jornalfatosenoticias.com.br\/wp-content\/uploads\/2020\/02\/LOGO-MQ-300x199.jpg 300w, https:\/\/jornalfatosenoticias.com.br\/wp-content\/uploads\/2020\/02\/LOGO-MQ-768x510.jpg 768w, https:\/\/jornalfatosenoticias.com.br\/wp-content\/uploads\/2020\/02\/LOGO-MQ-1536x1020.jpg 1536w, https:\/\/jornalfatosenoticias.com.br\/wp-content\/uploads\/2020\/02\/LOGO-MQ-2048x1360.jpg 2048w\" sizes=\"auto, (max-width: 351px) 100vw, 351px\" \/><\/a><\/figure><\/div>\n\n\n\n<p>A crise humanit\u00e1ria provocada pela viol\u00eancia de grupos terroristas continua se intensificando. Milhares de pessoas deslocadas est\u00e3o refugiadas em escolas, igrejas e \u00e1reas abertas, enfrentando escassez de \u00e1gua pot\u00e1vel, alimentos e atendimento m\u00e9dico. A Nig\u00e9ria ocupa o 7.\u00b0 lugar da Lista Mundial da Persegui\u00e7\u00e3o 2025 da Miss\u00e3o Portas Abertas.<\/p>\n\n\n\n<div class=\"wp-block-image\"><figure class=\"aligncenter size-large is-resized\"><a href=\"https:\/\/www.instagram.com\/restaurantepegoretti\/\"><img loading=\"lazy\" decoding=\"async\" src=\"https:\/\/jornalfatosenoticias.com.br\/wp-content\/uploads\/2023\/12\/pegoretti-logo-pdf-1024x389.jpg\" alt=\"\" class=\"wp-image-47536\" width=\"456\" height=\"173\" srcset=\"https:\/\/jornalfatosenoticias.com.br\/wp-content\/uploads\/2023\/12\/pegoretti-logo-pdf-1024x389.jpg 1024w, https:\/\/jornalfatosenoticias.com.br\/wp-content\/uploads\/2023\/12\/pegoretti-logo-pdf-300x114.jpg 300w, https:\/\/jornalfatosenoticias.com.br\/wp-content\/uploads\/2023\/12\/pegoretti-logo-pdf-768x291.jpg 768w, https:\/\/jornalfatosenoticias.com.br\/wp-content\/uploads\/2023\/12\/pegoretti-logo-pdf.jpg 1120w\" sizes=\"auto, (max-width: 456px) 100vw, 456px\" \/><\/a><\/figure><\/div>\n\n\n\n<p><strong>Fonte: <a href=\"https:\/\/guiame.com.br\/gospel\/missoes-acao-social\/mais-de-7-mil-cristaos-foram-mortos-na-nigeria-em-2025-denuncia-relatorio.html\">Guiame<\/a><\/strong><\/p>\n","protected":false},"excerpt":{"rendered":"<p>Outros 7.800 crist\u00e3os foram sequestrados por grupos isl\u00e2micos e terroristas fulani desde o in\u00edcio do ano, segundo a Intersociety Por Guiame\/The Christian Post Mais de sete mil crist\u00e3os foram assassinados por extremistas isl\u00e2micos\u00a0e terroristas\u00a0fulani\u00a0na\u00a0Nig\u00e9ria, desde o in\u00edcio de 2025, de acordo com um novo relat\u00f3rio da Sociedade Internacional para Liberdades Civis e Estado de Direito [&hellip;]<\/p>\n","protected":false},"author":2,"featured_media":61544,"comment_status":"open","ping_status":"open","sticky":false,"template":"","format":"standard","meta":{"footnotes":""},"categories":[21140],"tags":[6876,14161,2302,26077,28061,18166,12671,75,3746,15482,14619],"class_list":["post-61543","post","type-post","status-publish","format-standard","has-post-thumbnail","hentry","category-religiao","tag-crimes","tag-cristaos","tag-genocidio","tag-gospel","tag-grupos-islamicos","tag-igrejas","tag-massacre","tag-mortes","tag-nigeria","tag-pastores","tag-perseguicao-religiosa"],"yoast_head":"<!-- This site is optimized with the Yoast SEO plugin v26.5 - https:\/\/yoast.com\/wordpress\/plugins\/seo\/ -->\n<title>Genoc\u00eddio crist\u00e3o na Nig\u00e9ria mata mais de sete mil pessoas - Jornal Fatos e Not\u00edcias<\/title>\n<meta name=\"robots\" content=\"index, follow, max-snippet:-1, max-image-preview:large, max-video-preview:-1\" \/>\n<link rel=\"canonical\" href=\"https:\/\/jornalfatosenoticias.com.br\/index.php\/2025\/09\/01\/genocidio-cristao-na-nigeria-mata-mais-de-sete-mil-pessoas\/\" \/>\n<meta property=\"og:locale\" content=\"pt_BR\" \/>\n<meta property=\"og:type\" content=\"article\" \/>\n<meta property=\"og:title\" content=\"Genoc\u00eddio crist\u00e3o na Nig\u00e9ria mata mais de sete mil pessoas - Jornal Fatos e Not\u00edcias\" \/>\n<meta property=\"og:description\" content=\"Outros 7.800 crist\u00e3os foram sequestrados por grupos isl\u00e2micos e terroristas fulani desde o in\u00edcio do ano, segundo a Intersociety Por Guiame\/The Christian Post Mais de sete mil crist\u00e3os foram assassinados por extremistas isl\u00e2micos\u00a0e terroristas\u00a0fulani\u00a0na\u00a0Nig\u00e9ria, desde o in\u00edcio de 2025, de acordo com um novo relat\u00f3rio da Sociedade Internacional para Liberdades Civis e Estado de Direito [&hellip;]\" \/>\n<meta property=\"og:url\" content=\"https:\/\/jornalfatosenoticias.com.br\/index.php\/2025\/09\/01\/genocidio-cristao-na-nigeria-mata-mais-de-sete-mil-pessoas\/\" \/>\n<meta property=\"og:site_name\" content=\"Jornal Fatos e Not\u00edcias\" \/>\n<meta property=\"article:published_time\" content=\"2025-09-01T12:30:44+00:00\" \/>\n<meta property=\"article:modified_time\" content=\"2025-09-01T12:30:46+00:00\" \/>\n<meta property=\"og:image\" content=\"https:\/\/jornalfatosenoticias.com.br\/wp-content\/uploads\/2025\/09\/Genocidio-cristao-na-Nigeria.png\" \/>\n\t<meta property=\"og:image:width\" content=\"1000\" \/>\n\t<meta property=\"og:image:height\" content=\"515\" \/>\n\t<meta property=\"og:image:type\" content=\"image\/png\" \/>\n<meta name=\"author\" content=\"Luzimara Fernandes\" \/>\n<meta name=\"twitter:card\" content=\"summary_large_image\" \/>\n<meta name=\"twitter:label1\" content=\"Escrito por\" \/>\n\t<meta name=\"twitter:data1\" content=\"Luzimara Fernandes\" \/>\n\t<meta name=\"twitter:label2\" content=\"Est. tempo de leitura\" \/>\n\t<meta name=\"twitter:data2\" content=\"2 minutos\" \/>\n<script type=\"application\/ld+json\" class=\"yoast-schema-graph\">{\"@context\":\"https:\/\/schema.org\",\"@graph\":[{\"@type\":\"Article\",\"@id\":\"https:\/\/jornalfatosenoticias.com.br\/index.php\/2025\/09\/01\/genocidio-cristao-na-nigeria-mata-mais-de-sete-mil-pessoas\/#article\",\"isPartOf\":{\"@id\":\"https:\/\/jornalfatosenoticias.com.br\/index.php\/2025\/09\/01\/genocidio-cristao-na-nigeria-mata-mais-de-sete-mil-pessoas\/\"},\"author\":{\"name\":\"Luzimara Fernandes\",\"@id\":\"https:\/\/jornalfatosenoticias.com.br\/#\/schema\/person\/d63837fa13ac8666eb9e74e0985d6f81\"},\"headline\":\"Genoc\u00eddio crist\u00e3o na Nig\u00e9ria mata mais de sete mil pessoas\",\"datePublished\":\"2025-09-01T12:30:44+00:00\",\"dateModified\":\"2025-09-01T12:30:46+00:00\",\"mainEntityOfPage\":{\"@id\":\"https:\/\/jornalfatosenoticias.com.br\/index.php\/2025\/09\/01\/genocidio-cristao-na-nigeria-mata-mais-de-sete-mil-pessoas\/\"},\"wordCount\":508,\"commentCount\":0,\"publisher\":{\"@id\":\"https:\/\/jornalfatosenoticias.com.br\/#organization\"},\"image\":{\"@id\":\"https:\/\/jornalfatosenoticias.com.br\/index.php\/2025\/09\/01\/genocidio-cristao-na-nigeria-mata-mais-de-sete-mil-pessoas\/#primaryimage\"},\"thumbnailUrl\":\"https:\/\/jornalfatosenoticias.com.br\/wp-content\/uploads\/2025\/09\/Genocidio-cristao-na-Nigeria.png\",\"keywords\":[\"crimes\",\"crist\u00e3os\",\"genoc\u00eddio\",\"gospel\",\"grupos isl\u00e2micos\",\"igrejas\",\"massacre\",\"mortes\",\"Nig\u00e9ria\",\"pastores\",\"persegui\u00e7\u00e3o religiosa\"],\"articleSection\":[\"Religi\u00e3o\"],\"inLanguage\":\"pt-BR\",\"potentialAction\":[{\"@type\":\"CommentAction\",\"name\":\"Comment\",\"target\":[\"https:\/\/jornalfatosenoticias.com.br\/index.php\/2025\/09\/01\/genocidio-cristao-na-nigeria-mata-mais-de-sete-mil-pessoas\/#respond\"]}]},{\"@type\":\"WebPage\",\"@id\":\"https:\/\/jornalfatosenoticias.com.br\/index.php\/2025\/09\/01\/genocidio-cristao-na-nigeria-mata-mais-de-sete-mil-pessoas\/\",\"url\":\"https:\/\/jornalfatosenoticias.com.br\/index.php\/2025\/09\/01\/genocidio-cristao-na-nigeria-mata-mais-de-sete-mil-pessoas\/\",\"name\":\"Genoc\u00eddio crist\u00e3o na Nig\u00e9ria mata mais de sete mil pessoas - Jornal Fatos e Not\u00edcias\",\"isPartOf\":{\"@id\":\"https:\/\/jornalfatosenoticias.com.br\/#website\"},\"primaryImageOfPage\":{\"@id\":\"https:\/\/jornalfatosenoticias.com.br\/index.php\/2025\/09\/01\/genocidio-cristao-na-nigeria-mata-mais-de-sete-mil-pessoas\/#primaryimage\"},\"image\":{\"@id\":\"https:\/\/jornalfatosenoticias.com.br\/index.php\/2025\/09\/01\/genocidio-cristao-na-nigeria-mata-mais-de-sete-mil-pessoas\/#primaryimage\"},\"thumbnailUrl\":\"https:\/\/jornalfatosenoticias.com.br\/wp-content\/uploads\/2025\/09\/Genocidio-cristao-na-Nigeria.png\",\"datePublished\":\"2025-09-01T12:30:44+00:00\",\"dateModified\":\"2025-09-01T12:30:46+00:00\",\"breadcrumb\":{\"@id\":\"https:\/\/jornalfatosenoticias.com.br\/index.php\/2025\/09\/01\/genocidio-cristao-na-nigeria-mata-mais-de-sete-mil-pessoas\/#breadcrumb\"},\"inLanguage\":\"pt-BR\",\"potentialAction\":[{\"@type\":\"ReadAction\",\"target\":[\"https:\/\/jornalfatosenoticias.com.br\/index.php\/2025\/09\/01\/genocidio-cristao-na-nigeria-mata-mais-de-sete-mil-pessoas\/\"]}]},{\"@type\":\"ImageObject\",\"inLanguage\":\"pt-BR\",\"@id\":\"https:\/\/jornalfatosenoticias.com.br\/index.php\/2025\/09\/01\/genocidio-cristao-na-nigeria-mata-mais-de-sete-mil-pessoas\/#primaryimage\",\"url\":\"https:\/\/jornalfatosenoticias.com.br\/wp-content\/uploads\/2025\/09\/Genocidio-cristao-na-Nigeria.png\",\"contentUrl\":\"https:\/\/jornalfatosenoticias.com.br\/wp-content\/uploads\/2025\/09\/Genocidio-cristao-na-Nigeria.png\",\"width\":1000,\"height\":515},{\"@type\":\"BreadcrumbList\",\"@id\":\"https:\/\/jornalfatosenoticias.com.br\/index.php\/2025\/09\/01\/genocidio-cristao-na-nigeria-mata-mais-de-sete-mil-pessoas\/#breadcrumb\",\"itemListElement\":[{\"@type\":\"ListItem\",\"position\":1,\"name\":\"In\u00edcio\",\"item\":\"https:\/\/jornalfatosenoticias.com.br\/\"},{\"@type\":\"ListItem\",\"position\":2,\"name\":\"Genoc\u00eddio crist\u00e3o na Nig\u00e9ria mata mais de sete mil pessoas\"}]},{\"@type\":\"WebSite\",\"@id\":\"https:\/\/jornalfatosenoticias.com.br\/#website\",\"url\":\"https:\/\/jornalfatosenoticias.com.br\/\",\"name\":\"Jornal Fatos e Not\u00edcias\",\"description\":\"Not\u00edcias em geral\",\"publisher\":{\"@id\":\"https:\/\/jornalfatosenoticias.com.br\/#organization\"},\"potentialAction\":[{\"@type\":\"SearchAction\",\"target\":{\"@type\":\"EntryPoint\",\"urlTemplate\":\"https:\/\/jornalfatosenoticias.com.br\/?s={search_term_string}\"},\"query-input\":{\"@type\":\"PropertyValueSpecification\",\"valueRequired\":true,\"valueName\":\"search_term_string\"}}],\"inLanguage\":\"pt-BR\"},{\"@type\":\"Organization\",\"@id\":\"https:\/\/jornalfatosenoticias.com.br\/#organization\",\"name\":\"Jornal Fatos e Not\u00edcias\",\"url\":\"https:\/\/jornalfatosenoticias.com.br\/\",\"logo\":{\"@type\":\"ImageObject\",\"inLanguage\":\"pt-BR\",\"@id\":\"https:\/\/jornalfatosenoticias.com.br\/#\/schema\/logo\/image\/\",\"url\":\"https:\/\/jornalfatosenoticias.com.br\/wp-content\/uploads\/2020\/02\/logo120.png\",\"contentUrl\":\"https:\/\/jornalfatosenoticias.com.br\/wp-content\/uploads\/2020\/02\/logo120.png\",\"width\":1227,\"height\":120,\"caption\":\"Jornal Fatos e Not\u00edcias\"},\"image\":{\"@id\":\"https:\/\/jornalfatosenoticias.com.br\/#\/schema\/logo\/image\/\"}},{\"@type\":\"Person\",\"@id\":\"https:\/\/jornalfatosenoticias.com.br\/#\/schema\/person\/d63837fa13ac8666eb9e74e0985d6f81\",\"name\":\"Luzimara Fernandes\",\"image\":{\"@type\":\"ImageObject\",\"inLanguage\":\"pt-BR\",\"@id\":\"https:\/\/jornalfatosenoticias.com.br\/#\/schema\/person\/image\/\",\"url\":\"https:\/\/jornalfatosenoticias.com.br\/wp-content\/uploads\/2025\/05\/EU_portal.jpg\",\"contentUrl\":\"https:\/\/jornalfatosenoticias.com.br\/wp-content\/uploads\/2025\/05\/EU_portal.jpg\",\"caption\":\"Luzimara Fernandes\"},\"description\":\"Jornalista MTB 2358-ES\",\"sameAs\":[\"https:\/\/jornalfatosenoticias.com.br\"],\"url\":\"https:\/\/jornalfatosenoticias.com.br\/index.php\/author\/luzimara\/\"}]}<\/script>\n<!-- \/ Yoast SEO plugin. -->","yoast_head_json":{"title":"Genoc\u00eddio crist\u00e3o na Nig\u00e9ria mata mais de sete mil pessoas - Jornal Fatos e Not\u00edcias","robots":{"index":"index","follow":"follow","max-snippet":"max-snippet:-1","max-image-preview":"max-image-preview:large","max-video-preview":"max-video-preview:-1"},"canonical":"https:\/\/jornalfatosenoticias.com.br\/index.php\/2025\/09\/01\/genocidio-cristao-na-nigeria-mata-mais-de-sete-mil-pessoas\/","og_locale":"pt_BR","og_type":"article","og_title":"Genoc\u00eddio crist\u00e3o na Nig\u00e9ria mata mais de sete mil pessoas - Jornal Fatos e Not\u00edcias","og_description":"Outros 7.800 crist\u00e3os foram sequestrados por grupos isl\u00e2micos e terroristas fulani desde o in\u00edcio do ano, segundo a Intersociety Por Guiame\/The Christian Post Mais de sete mil crist\u00e3os foram assassinados por extremistas isl\u00e2micos\u00a0e terroristas\u00a0fulani\u00a0na\u00a0Nig\u00e9ria, desde o in\u00edcio de 2025, de acordo com um novo relat\u00f3rio da Sociedade Internacional para Liberdades Civis e Estado de Direito [&hellip;]","og_url":"https:\/\/jornalfatosenoticias.com.br\/index.php\/2025\/09\/01\/genocidio-cristao-na-nigeria-mata-mais-de-sete-mil-pessoas\/","og_site_name":"Jornal Fatos e Not\u00edcias","article_published_time":"2025-09-01T12:30:44+00:00","article_modified_time":"2025-09-01T12:30:46+00:00","og_image":[{"width":1000,"height":515,"url":"https:\/\/jornalfatosenoticias.com.br\/wp-content\/uploads\/2025\/09\/Genocidio-cristao-na-Nigeria.png","type":"image\/png"}],"author":"Luzimara Fernandes","twitter_card":"summary_large_image","twitter_misc":{"Escrito por":"Luzimara Fernandes","Est. tempo de leitura":"2 minutos"},"schema":{"@context":"https:\/\/schema.org","@graph":[{"@type":"Article","@id":"https:\/\/jornalfatosenoticias.com.br\/index.php\/2025\/09\/01\/genocidio-cristao-na-nigeria-mata-mais-de-sete-mil-pessoas\/#article","isPartOf":{"@id":"https:\/\/jornalfatosenoticias.com.br\/index.php\/2025\/09\/01\/genocidio-cristao-na-nigeria-mata-mais-de-sete-mil-pessoas\/"},"author":{"name":"Luzimara Fernandes","@id":"https:\/\/jornalfatosenoticias.com.br\/#\/schema\/person\/d63837fa13ac8666eb9e74e0985d6f81"},"headline":"Genoc\u00eddio crist\u00e3o na Nig\u00e9ria mata mais de sete mil pessoas","datePublished":"2025-09-01T12:30:44+00:00","dateModified":"2025-09-01T12:30:46+00:00","mainEntityOfPage":{"@id":"https:\/\/jornalfatosenoticias.com.br\/index.php\/2025\/09\/01\/genocidio-cristao-na-nigeria-mata-mais-de-sete-mil-pessoas\/"},"wordCount":508,"commentCount":0,"publisher":{"@id":"https:\/\/jornalfatosenoticias.com.br\/#organization"},"image":{"@id":"https:\/\/jornalfatosenoticias.com.br\/index.php\/2025\/09\/01\/genocidio-cristao-na-nigeria-mata-mais-de-sete-mil-pessoas\/#primaryimage"},"thumbnailUrl":"https:\/\/jornalfatosenoticias.com.br\/wp-content\/uploads\/2025\/09\/Genocidio-cristao-na-Nigeria.png","keywords":["crimes","crist\u00e3os","genoc\u00eddio","gospel","grupos isl\u00e2micos","igrejas","massacre","mortes","Nig\u00e9ria","pastores","persegui\u00e7\u00e3o religiosa"],"articleSection":["Religi\u00e3o"],"inLanguage":"pt-BR","potentialAction":[{"@type":"CommentAction","name":"Comment","target":["https:\/\/jornalfatosenoticias.com.br\/index.php\/2025\/09\/01\/genocidio-cristao-na-nigeria-mata-mais-de-sete-mil-pessoas\/#respond"]}]},{"@type":"WebPage","@id":"https:\/\/jornalfatosenoticias.com.br\/index.php\/2025\/09\/01\/genocidio-cristao-na-nigeria-mata-mais-de-sete-mil-pessoas\/","url":"https:\/\/jornalfatosenoticias.com.br\/index.php\/2025\/09\/01\/genocidio-cristao-na-nigeria-mata-mais-de-sete-mil-pessoas\/","name":"Genoc\u00eddio crist\u00e3o na Nig\u00e9ria mata mais de sete mil pessoas - Jornal Fatos e Not\u00edcias","isPartOf":{"@id":"https:\/\/jornalfatosenoticias.com.br\/#website"},"primaryImageOfPage":{"@id":"https:\/\/jornalfatosenoticias.com.br\/index.php\/2025\/09\/01\/genocidio-cristao-na-nigeria-mata-mais-de-sete-mil-pessoas\/#primaryimage"},"image":{"@id":"https:\/\/jornalfatosenoticias.com.br\/index.php\/2025\/09\/01\/genocidio-cristao-na-nigeria-mata-mais-de-sete-mil-pessoas\/#primaryimage"},"thumbnailUrl":"https:\/\/jornalfatosenoticias.com.br\/wp-content\/uploads\/2025\/09\/Genocidio-cristao-na-Nigeria.png","datePublished":"2025-09-01T12:30:44+00:00","dateModified":"2025-09-01T12:30:46+00:00","breadcrumb":{"@id":"https:\/\/jornalfatosenoticias.com.br\/index.php\/2025\/09\/01\/genocidio-cristao-na-nigeria-mata-mais-de-sete-mil-pessoas\/#breadcrumb"},"inLanguage":"pt-BR","potentialAction":[{"@type":"ReadAction","target":["https:\/\/jornalfatosenoticias.com.br\/index.php\/2025\/09\/01\/genocidio-cristao-na-nigeria-mata-mais-de-sete-mil-pessoas\/"]}]},{"@type":"ImageObject","inLanguage":"pt-BR","@id":"https:\/\/jornalfatosenoticias.com.br\/index.php\/2025\/09\/01\/genocidio-cristao-na-nigeria-mata-mais-de-sete-mil-pessoas\/#primaryimage","url":"https:\/\/jornalfatosenoticias.com.br\/wp-content\/uploads\/2025\/09\/Genocidio-cristao-na-Nigeria.png","contentUrl":"https:\/\/jornalfatosenoticias.com.br\/wp-content\/uploads\/2025\/09\/Genocidio-cristao-na-Nigeria.png","width":1000,"height":515},{"@type":"BreadcrumbList","@id":"https:\/\/jornalfatosenoticias.com.br\/index.php\/2025\/09\/01\/genocidio-cristao-na-nigeria-mata-mais-de-sete-mil-pessoas\/#breadcrumb","itemListElement":[{"@type":"ListItem","position":1,"name":"In\u00edcio","item":"https:\/\/jornalfatosenoticias.com.br\/"},{"@type":"ListItem","position":2,"name":"Genoc\u00eddio crist\u00e3o na Nig\u00e9ria mata mais de sete mil pessoas"}]},{"@type":"WebSite","@id":"https:\/\/jornalfatosenoticias.com.br\/#website","url":"https:\/\/jornalfatosenoticias.com.br\/","name":"Jornal Fatos e Not\u00edcias","description":"Not\u00edcias em geral","publisher":{"@id":"https:\/\/jornalfatosenoticias.com.br\/#organization"},"potentialAction":[{"@type":"SearchAction","target":{"@type":"EntryPoint","urlTemplate":"https:\/\/jornalfatosenoticias.com.br\/?s={search_term_string}"},"query-input":{"@type":"PropertyValueSpecification","valueRequired":true,"valueName":"search_term_string"}}],"inLanguage":"pt-BR"},{"@type":"Organization","@id":"https:\/\/jornalfatosenoticias.com.br\/#organization","name":"Jornal Fatos e Not\u00edcias","url":"https:\/\/jornalfatosenoticias.com.br\/","logo":{"@type":"ImageObject","inLanguage":"pt-BR","@id":"https:\/\/jornalfatosenoticias.com.br\/#\/schema\/logo\/image\/","url":"https:\/\/jornalfatosenoticias.com.br\/wp-content\/uploads\/2020\/02\/logo120.png","contentUrl":"https:\/\/jornalfatosenoticias.com.br\/wp-content\/uploads\/2020\/02\/logo120.png","width":1227,"height":120,"caption":"Jornal Fatos e Not\u00edcias"},"image":{"@id":"https:\/\/jornalfatosenoticias.com.br\/#\/schema\/logo\/image\/"}},{"@type":"Person","@id":"https:\/\/jornalfatosenoticias.com.br\/#\/schema\/person\/d63837fa13ac8666eb9e74e0985d6f81","name":"Luzimara Fernandes","image":{"@type":"ImageObject","inLanguage":"pt-BR","@id":"https:\/\/jornalfatosenoticias.com.br\/#\/schema\/person\/image\/","url":"https:\/\/jornalfatosenoticias.com.br\/wp-content\/uploads\/2025\/05\/EU_portal.jpg","contentUrl":"https:\/\/jornalfatosenoticias.com.br\/wp-content\/uploads\/2025\/05\/EU_portal.jpg","caption":"Luzimara Fernandes"},"description":"Jornalista MTB 2358-ES","sameAs":["https:\/\/jornalfatosenoticias.com.br"],"url":"https:\/\/jornalfatosenoticias.com.br\/index.php\/author\/luzimara\/"}]}},"cc_featured_image_caption":{"caption_text":"(Foto: Reprodu\u00e7\u00e3o\/Intersociety)  ","source_text":"","source_url":""},"jetpack_featured_media_url":"https:\/\/jornalfatosenoticias.com.br\/wp-content\/uploads\/2025\/09\/Genocidio-cristao-na-Nigeria.png","_links":{"self":[{"href":"https:\/\/jornalfatosenoticias.com.br\/index.php\/wp-json\/wp\/v2\/posts\/61543","targetHints":{"allow":["GET"]}}],"collection":[{"href":"https:\/\/jornalfatosenoticias.com.br\/index.php\/wp-json\/wp\/v2\/posts"}],"about":[{"href":"https:\/\/jornalfatosenoticias.com.br\/index.php\/wp-json\/wp\/v2\/types\/post"}],"author":[{"embeddable":true,"href":"https:\/\/jornalfatosenoticias.com.br\/index.php\/wp-json\/wp\/v2\/users\/2"}],"replies":[{"embeddable":true,"href":"https:\/\/jornalfatosenoticias.com.br\/index.php\/wp-json\/wp\/v2\/comments?post=61543"}],"version-history":[{"count":0,"href":"https:\/\/jornalfatosenoticias.com.br\/index.php\/wp-json\/wp\/v2\/posts\/61543\/revisions"}],"wp:featuredmedia":[{"embeddable":true,"href":"https:\/\/jornalfatosenoticias.com.br\/index.php\/wp-json\/wp\/v2\/media\/61544"}],"wp:attachment":[{"href":"https:\/\/jornalfatosenoticias.com.br\/index.php\/wp-json\/wp\/v2\/media?parent=61543"}],"wp:term":[{"taxonomy":"category","embeddable":true,"href":"https:\/\/jornalfatosenoticias.com.br\/index.php\/wp-json\/wp\/v2\/categories?post=61543"},{"taxonomy":"post_tag","embeddable":true,"href":"https:\/\/jornalfatosenoticias.com.br\/index.php\/wp-json\/wp\/v2\/tags?post=61543"}],"curies":[{"name":"wp","href":"https:\/\/api.w.org\/{rel}","templated":true}]}}