{"id":61555,"date":"2025-09-01T10:20:58","date_gmt":"2025-09-01T13:20:58","guid":{"rendered":"https:\/\/jornalfatosenoticias.com.br\/?p=61555"},"modified":"2025-09-01T10:20:59","modified_gmt":"2025-09-01T13:20:59","slug":"falta-de-vitamina-d-causa-problemas-de-mobilidade-na-velhice-revela-estudo","status":"publish","type":"post","link":"https:\/\/jornalfatosenoticias.com.br\/index.php\/2025\/09\/01\/falta-de-vitamina-d-causa-problemas-de-mobilidade-na-velhice-revela-estudo\/","title":{"rendered":"Falta de vitamina D causa problemas de mobilidade na velhice, revela estudo"},"content":{"rendered":"\n<p><em><span class=\"has-inline-color has-black-color\">Segundo pesquisadores, idosos com defici\u00eancia de vitamina D apresentam maior risco de lentid\u00e3o na caminhada<\/span><\/em><\/p>\n\n\n\n<p><span class=\"has-inline-color has-black-color\">Por <strong><a href=\"https:\/\/olhardigital.com.br\/author\/alessandro-lorenzo\/\">Alessandro Di Lorenzo<\/a><\/strong><\/span><\/p>\n\n\n\n<div class=\"wp-block-image\"><figure class=\"aligncenter size-large\"><a href=\"https:\/\/mizu.com.br\/\"><img loading=\"lazy\" decoding=\"async\" width=\"729\" height=\"90\" src=\"https:\/\/jornalfatosenoticias.com.br\/wp-content\/uploads\/2020\/02\/Logo_Mizu.png\" alt=\"\" class=\"wp-image-1441\" srcset=\"https:\/\/jornalfatosenoticias.com.br\/wp-content\/uploads\/2020\/02\/Logo_Mizu.png 729w, https:\/\/jornalfatosenoticias.com.br\/wp-content\/uploads\/2020\/02\/Logo_Mizu-300x37.png 300w\" sizes=\"auto, (max-width: 729px) 100vw, 729px\" \/><\/a><\/figure><\/div>\n\n\n\n<p>A <strong><a href=\"https:\/\/olhardigital.com.br\/tag\/vitamina-d\/\" target=\"_blank\" rel=\"noreferrer noopener\">vitamina D<\/a><\/strong> atua como um horm\u00f4nio no organismo humano, sendo essencial para o sistema imunol\u00f3gico, cardiorrespirat\u00f3rio, neurol\u00f3gico e principalmente musculoesquel\u00e9tico. Ela \u00e9 produzida atrav\u00e9s da exposi\u00e7\u00e3o solar e tamb\u00e9m pode ser obtida por meio da alimenta\u00e7\u00e3o e suplementa\u00e7\u00e3o. O problema \u00e9 que, com o passar dos anos, ocorre uma redu\u00e7\u00e3o da quantidade de vitamina circulando no sangue. Agora, um novo estudo revelou que essa defici\u00eancia pode causar problemas de mobilidade na <strong><a href=\"https:\/\/olhardigital.com.br\/tag\/velhice\/\" target=\"_blank\" rel=\"noreferrer noopener\">velhice<\/a>.<\/strong><br>Durante o estudo, foram analisadas 2.815 pessoas com 60 anos ou mais. Nenhum participante apresentava problemas relacionados \u00e0 velocidade de marcha no in\u00edcio da pesquisa, que durou um total de seis anos. Os n\u00edveis de vitamina D no sangue foram avaliados no in\u00edcio e ao fim do trabalho. Isso possibilitou correlacionar a redu\u00e7\u00e3o da velocidade da marcha em fun\u00e7\u00e3o da condi\u00e7\u00e3o de sufici\u00eancia, insufici\u00eancia ou de defici\u00eancia do horm\u00f4nio. As conclus\u00f5es foram descritas em estudo publicado na revista\u00a0<strong><a href=\"https:\/\/dom-pubs.onlinelibrary.wiley.com\/doi\/full\/10.1111\/dom.16317\" target=\"_blank\" rel=\"noreferrer noopener\">Diabetes, Obesity and Metabolism<\/a>.<\/strong><\/p>\n\n\n\n<div class=\"wp-block-image\"><figure class=\"aligncenter size-large is-resized\"><a href=\"https:\/\/hotelmarquetti.com.br\/\"><img loading=\"lazy\" decoding=\"async\" src=\"https:\/\/jornalfatosenoticias.com.br\/wp-content\/uploads\/2020\/02\/LOGO-MQ-1024x680.jpg\" alt=\"\" class=\"wp-image-58299\" width=\"316\" height=\"210\" srcset=\"https:\/\/jornalfatosenoticias.com.br\/wp-content\/uploads\/2020\/02\/LOGO-MQ-1024x680.jpg 1024w, https:\/\/jornalfatosenoticias.com.br\/wp-content\/uploads\/2020\/02\/LOGO-MQ-300x199.jpg 300w, https:\/\/jornalfatosenoticias.com.br\/wp-content\/uploads\/2020\/02\/LOGO-MQ-768x510.jpg 768w, https:\/\/jornalfatosenoticias.com.br\/wp-content\/uploads\/2020\/02\/LOGO-MQ-1536x1020.jpg 1536w, https:\/\/jornalfatosenoticias.com.br\/wp-content\/uploads\/2020\/02\/LOGO-MQ-2048x1360.jpg 2048w\" sizes=\"auto, (max-width: 316px) 100vw, 316px\" \/><\/a><\/figure><\/div>\n\n\n\n<p>Os dados mostraram um aumento de 22% dos casos de lentid\u00e3o nos participantes que tinham defici\u00eancia de vitamina D (menos de 30 nmol\/L). Para os pesquisadores, esses resultados comprovam a import\u00e2ncia do horm\u00f4nio. As informa\u00e7\u00f5es s\u00e3o da <strong><a href=\"https:\/\/agencia.fapesp.br\/deficiencia-de-vitamina-d-aumenta-em-22-o-risco-para-lentidao-da-caminhada-na-velhice\/55593\" target=\"_blank\" rel=\"noreferrer noopener\">Ag\u00eancia Fapesp.<\/a><\/strong><\/p>\n\n\n\n<div class=\"wp-block-image\"><figure class=\"aligncenter size-large is-resized\"><a href=\"https:\/\/www.instagram.com\/esteio.churrascaria\/\"><img loading=\"lazy\" decoding=\"async\" src=\"https:\/\/jornalfatosenoticias.com.br\/wp-content\/uploads\/2022\/02\/LOGO-ESTEIO-1024x730.png\" alt=\"\" class=\"wp-image-27942\" width=\"315\" height=\"224\" srcset=\"https:\/\/jornalfatosenoticias.com.br\/wp-content\/uploads\/2022\/02\/LOGO-ESTEIO-1024x730.png 1024w, https:\/\/jornalfatosenoticias.com.br\/wp-content\/uploads\/2022\/02\/LOGO-ESTEIO-300x214.png 300w, https:\/\/jornalfatosenoticias.com.br\/wp-content\/uploads\/2022\/02\/LOGO-ESTEIO-768x548.png 768w, https:\/\/jornalfatosenoticias.com.br\/wp-content\/uploads\/2022\/02\/LOGO-ESTEIO.png 1123w\" sizes=\"auto, (max-width: 315px) 100vw, 315px\" \/><\/a><\/figure><\/div>\n\n\n\n<blockquote class=\"wp-block-quote is-layout-flow wp-block-quote-is-layout-flow\"><p><span class=\"has-inline-color has-luminous-vivid-orange-color\">Como a lentid\u00e3o da caminhada est\u00e1 associada ao maior risco de depend\u00eancia funcional e desfechos adversos, o monitoramento dos n\u00edveis de vitamina D, principalmente em pessoas idosas, tamb\u00e9m deve ser priorizado nos diversos contextos cl\u00ednicos e servi\u00e7os de sa\u00fade&#8221;, avalia Tiago da Silva Alexandre, professor da UFSCar e autor do estudo.<\/span><\/p><\/blockquote>\n\n\n\n<div class=\"wp-block-image\"><figure class=\"aligncenter size-large is-resized\"><a href=\"https:\/\/www.instagram.com\/restaurantepegoretti\/\"><img loading=\"lazy\" decoding=\"async\" src=\"https:\/\/jornalfatosenoticias.com.br\/wp-content\/uploads\/2023\/12\/pegoretti-logo-pdf-1024x389.jpg\" alt=\"\" class=\"wp-image-47536\" width=\"509\" height=\"193\" srcset=\"https:\/\/jornalfatosenoticias.com.br\/wp-content\/uploads\/2023\/12\/pegoretti-logo-pdf-1024x389.jpg 1024w, https:\/\/jornalfatosenoticias.com.br\/wp-content\/uploads\/2023\/12\/pegoretti-logo-pdf-300x114.jpg 300w, https:\/\/jornalfatosenoticias.com.br\/wp-content\/uploads\/2023\/12\/pegoretti-logo-pdf-768x291.jpg 768w, https:\/\/jornalfatosenoticias.com.br\/wp-content\/uploads\/2023\/12\/pegoretti-logo-pdf.jpg 1120w\" sizes=\"auto, (max-width: 509px) 100vw, 509px\" \/><\/a><\/figure><\/div>\n\n\n\n<p><strong>Fonte: <a href=\"https:\/\/olhardigital.com.br\/2025\/08\/21\/medicina-e-saude\/falta-de-vitamina-d-causa-problemas-de-mobilidade-na-velhice-revela-estudo\/\">Olhar Digital<\/a><\/strong><\/p>\n","protected":false},"excerpt":{"rendered":"<p>Segundo pesquisadores, idosos com defici\u00eancia de vitamina D apresentam maior risco de lentid\u00e3o na caminhada Por Alessandro Di Lorenzo A vitamina D atua como um horm\u00f4nio no organismo humano, sendo essencial para o sistema imunol\u00f3gico, cardiorrespirat\u00f3rio, neurol\u00f3gico e principalmente musculoesquel\u00e9tico. Ela \u00e9 produzida atrav\u00e9s da exposi\u00e7\u00e3o solar e tamb\u00e9m pode ser obtida por meio da [&hellip;]<\/p>\n","protected":false},"author":2,"featured_media":61556,"comment_status":"open","ping_status":"open","sticky":false,"template":"","format":"standard","meta":{"footnotes":""},"categories":[11],"tags":[850,244,7953],"class_list":["post-61555","post","type-post","status-publish","format-standard","has-post-thumbnail","hentry","category-saude","tag-idosos","tag-velhice","tag-vitamina-d"],"yoast_head":"<!-- This site is optimized with the Yoast SEO plugin v26.5 - https:\/\/yoast.com\/wordpress\/plugins\/seo\/ -->\n<title>Falta de vitamina D causa problemas de mobilidade na velhice, revela estudo - Jornal Fatos e Not\u00edcias<\/title>\n<meta name=\"robots\" content=\"index, follow, max-snippet:-1, max-image-preview:large, max-video-preview:-1\" \/>\n<link rel=\"canonical\" href=\"https:\/\/jornalfatosenoticias.com.br\/index.php\/2025\/09\/01\/falta-de-vitamina-d-causa-problemas-de-mobilidade-na-velhice-revela-estudo\/\" \/>\n<meta property=\"og:locale\" content=\"pt_BR\" \/>\n<meta property=\"og:type\" content=\"article\" \/>\n<meta property=\"og:title\" content=\"Falta de vitamina D causa problemas de mobilidade na velhice, revela estudo - Jornal Fatos e Not\u00edcias\" \/>\n<meta property=\"og:description\" content=\"Segundo pesquisadores, idosos com defici\u00eancia de vitamina D apresentam maior risco de lentid\u00e3o na caminhada Por Alessandro Di Lorenzo A vitamina D atua como um horm\u00f4nio no organismo humano, sendo essencial para o sistema imunol\u00f3gico, cardiorrespirat\u00f3rio, neurol\u00f3gico e principalmente musculoesquel\u00e9tico. Ela \u00e9 produzida atrav\u00e9s da exposi\u00e7\u00e3o solar e tamb\u00e9m pode ser obtida por meio da [&hellip;]\" \/>\n<meta property=\"og:url\" content=\"https:\/\/jornalfatosenoticias.com.br\/index.php\/2025\/09\/01\/falta-de-vitamina-d-causa-problemas-de-mobilidade-na-velhice-revela-estudo\/\" \/>\n<meta property=\"og:site_name\" content=\"Jornal Fatos e Not\u00edcias\" \/>\n<meta property=\"article:published_time\" content=\"2025-09-01T13:20:58+00:00\" \/>\n<meta property=\"article:modified_time\" content=\"2025-09-01T13:20:59+00:00\" \/>\n<meta property=\"og:image\" content=\"https:\/\/jornalfatosenoticias.com.br\/wp-content\/uploads\/2025\/09\/vitamina-D-velhice_freepik.jpg\" \/>\n\t<meta property=\"og:image:width\" content=\"1000\" \/>\n\t<meta property=\"og:image:height\" content=\"666\" \/>\n\t<meta property=\"og:image:type\" content=\"image\/jpeg\" \/>\n<meta name=\"author\" content=\"Luzimara Fernandes\" \/>\n<meta name=\"twitter:card\" content=\"summary_large_image\" \/>\n<meta name=\"twitter:label1\" content=\"Escrito por\" \/>\n\t<meta name=\"twitter:data1\" content=\"Luzimara Fernandes\" \/>\n\t<meta name=\"twitter:label2\" content=\"Est. tempo de leitura\" \/>\n\t<meta name=\"twitter:data2\" content=\"2 minutos\" \/>\n<script type=\"application\/ld+json\" class=\"yoast-schema-graph\">{\"@context\":\"https:\/\/schema.org\",\"@graph\":[{\"@type\":\"Article\",\"@id\":\"https:\/\/jornalfatosenoticias.com.br\/index.php\/2025\/09\/01\/falta-de-vitamina-d-causa-problemas-de-mobilidade-na-velhice-revela-estudo\/#article\",\"isPartOf\":{\"@id\":\"https:\/\/jornalfatosenoticias.com.br\/index.php\/2025\/09\/01\/falta-de-vitamina-d-causa-problemas-de-mobilidade-na-velhice-revela-estudo\/\"},\"author\":{\"name\":\"Luzimara Fernandes\",\"@id\":\"https:\/\/jornalfatosenoticias.com.br\/#\/schema\/person\/d63837fa13ac8666eb9e74e0985d6f81\"},\"headline\":\"Falta de vitamina D causa problemas de mobilidade na velhice, revela estudo\",\"datePublished\":\"2025-09-01T13:20:58+00:00\",\"dateModified\":\"2025-09-01T13:20:59+00:00\",\"mainEntityOfPage\":{\"@id\":\"https:\/\/jornalfatosenoticias.com.br\/index.php\/2025\/09\/01\/falta-de-vitamina-d-causa-problemas-de-mobilidade-na-velhice-revela-estudo\/\"},\"wordCount\":312,\"commentCount\":0,\"publisher\":{\"@id\":\"https:\/\/jornalfatosenoticias.com.br\/#organization\"},\"image\":{\"@id\":\"https:\/\/jornalfatosenoticias.com.br\/index.php\/2025\/09\/01\/falta-de-vitamina-d-causa-problemas-de-mobilidade-na-velhice-revela-estudo\/#primaryimage\"},\"thumbnailUrl\":\"https:\/\/jornalfatosenoticias.com.br\/wp-content\/uploads\/2025\/09\/vitamina-D-velhice_freepik.jpg\",\"keywords\":[\"idosos\",\"velhice\",\"vitamina D\"],\"articleSection\":[\"Sa\u00fade\"],\"inLanguage\":\"pt-BR\",\"potentialAction\":[{\"@type\":\"CommentAction\",\"name\":\"Comment\",\"target\":[\"https:\/\/jornalfatosenoticias.com.br\/index.php\/2025\/09\/01\/falta-de-vitamina-d-causa-problemas-de-mobilidade-na-velhice-revela-estudo\/#respond\"]}]},{\"@type\":\"WebPage\",\"@id\":\"https:\/\/jornalfatosenoticias.com.br\/index.php\/2025\/09\/01\/falta-de-vitamina-d-causa-problemas-de-mobilidade-na-velhice-revela-estudo\/\",\"url\":\"https:\/\/jornalfatosenoticias.com.br\/index.php\/2025\/09\/01\/falta-de-vitamina-d-causa-problemas-de-mobilidade-na-velhice-revela-estudo\/\",\"name\":\"Falta de vitamina D causa problemas de mobilidade na velhice, revela estudo - Jornal Fatos e Not\u00edcias\",\"isPartOf\":{\"@id\":\"https:\/\/jornalfatosenoticias.com.br\/#website\"},\"primaryImageOfPage\":{\"@id\":\"https:\/\/jornalfatosenoticias.com.br\/index.php\/2025\/09\/01\/falta-de-vitamina-d-causa-problemas-de-mobilidade-na-velhice-revela-estudo\/#primaryimage\"},\"image\":{\"@id\":\"https:\/\/jornalfatosenoticias.com.br\/index.php\/2025\/09\/01\/falta-de-vitamina-d-causa-problemas-de-mobilidade-na-velhice-revela-estudo\/#primaryimage\"},\"thumbnailUrl\":\"https:\/\/jornalfatosenoticias.com.br\/wp-content\/uploads\/2025\/09\/vitamina-D-velhice_freepik.jpg\",\"datePublished\":\"2025-09-01T13:20:58+00:00\",\"dateModified\":\"2025-09-01T13:20:59+00:00\",\"breadcrumb\":{\"@id\":\"https:\/\/jornalfatosenoticias.com.br\/index.php\/2025\/09\/01\/falta-de-vitamina-d-causa-problemas-de-mobilidade-na-velhice-revela-estudo\/#breadcrumb\"},\"inLanguage\":\"pt-BR\",\"potentialAction\":[{\"@type\":\"ReadAction\",\"target\":[\"https:\/\/jornalfatosenoticias.com.br\/index.php\/2025\/09\/01\/falta-de-vitamina-d-causa-problemas-de-mobilidade-na-velhice-revela-estudo\/\"]}]},{\"@type\":\"ImageObject\",\"inLanguage\":\"pt-BR\",\"@id\":\"https:\/\/jornalfatosenoticias.com.br\/index.php\/2025\/09\/01\/falta-de-vitamina-d-causa-problemas-de-mobilidade-na-velhice-revela-estudo\/#primaryimage\",\"url\":\"https:\/\/jornalfatosenoticias.com.br\/wp-content\/uploads\/2025\/09\/vitamina-D-velhice_freepik.jpg\",\"contentUrl\":\"https:\/\/jornalfatosenoticias.com.br\/wp-content\/uploads\/2025\/09\/vitamina-D-velhice_freepik.jpg\",\"width\":1000,\"height\":666},{\"@type\":\"BreadcrumbList\",\"@id\":\"https:\/\/jornalfatosenoticias.com.br\/index.php\/2025\/09\/01\/falta-de-vitamina-d-causa-problemas-de-mobilidade-na-velhice-revela-estudo\/#breadcrumb\",\"itemListElement\":[{\"@type\":\"ListItem\",\"position\":1,\"name\":\"In\u00edcio\",\"item\":\"https:\/\/jornalfatosenoticias.com.br\/\"},{\"@type\":\"ListItem\",\"position\":2,\"name\":\"Falta de vitamina D causa problemas de mobilidade na velhice, revela estudo\"}]},{\"@type\":\"WebSite\",\"@id\":\"https:\/\/jornalfatosenoticias.com.br\/#website\",\"url\":\"https:\/\/jornalfatosenoticias.com.br\/\",\"name\":\"Jornal Fatos e Not\u00edcias\",\"description\":\"Not\u00edcias em geral\",\"publisher\":{\"@id\":\"https:\/\/jornalfatosenoticias.com.br\/#organization\"},\"potentialAction\":[{\"@type\":\"SearchAction\",\"target\":{\"@type\":\"EntryPoint\",\"urlTemplate\":\"https:\/\/jornalfatosenoticias.com.br\/?s={search_term_string}\"},\"query-input\":{\"@type\":\"PropertyValueSpecification\",\"valueRequired\":true,\"valueName\":\"search_term_string\"}}],\"inLanguage\":\"pt-BR\"},{\"@type\":\"Organization\",\"@id\":\"https:\/\/jornalfatosenoticias.com.br\/#organization\",\"name\":\"Jornal Fatos e Not\u00edcias\",\"url\":\"https:\/\/jornalfatosenoticias.com.br\/\",\"logo\":{\"@type\":\"ImageObject\",\"inLanguage\":\"pt-BR\",\"@id\":\"https:\/\/jornalfatosenoticias.com.br\/#\/schema\/logo\/image\/\",\"url\":\"https:\/\/jornalfatosenoticias.com.br\/wp-content\/uploads\/2020\/02\/logo120.png\",\"contentUrl\":\"https:\/\/jornalfatosenoticias.com.br\/wp-content\/uploads\/2020\/02\/logo120.png\",\"width\":1227,\"height\":120,\"caption\":\"Jornal Fatos e Not\u00edcias\"},\"image\":{\"@id\":\"https:\/\/jornalfatosenoticias.com.br\/#\/schema\/logo\/image\/\"}},{\"@type\":\"Person\",\"@id\":\"https:\/\/jornalfatosenoticias.com.br\/#\/schema\/person\/d63837fa13ac8666eb9e74e0985d6f81\",\"name\":\"Luzimara Fernandes\",\"image\":{\"@type\":\"ImageObject\",\"inLanguage\":\"pt-BR\",\"@id\":\"https:\/\/jornalfatosenoticias.com.br\/#\/schema\/person\/image\/\",\"url\":\"https:\/\/jornalfatosenoticias.com.br\/wp-content\/uploads\/2025\/05\/EU_portal.jpg\",\"contentUrl\":\"https:\/\/jornalfatosenoticias.com.br\/wp-content\/uploads\/2025\/05\/EU_portal.jpg\",\"caption\":\"Luzimara Fernandes\"},\"description\":\"Jornalista MTB 2358-ES\",\"sameAs\":[\"https:\/\/jornalfatosenoticias.com.br\"],\"url\":\"https:\/\/jornalfatosenoticias.com.br\/index.php\/author\/luzimara\/\"}]}<\/script>\n<!-- \/ Yoast SEO plugin. -->","yoast_head_json":{"title":"Falta de vitamina D causa problemas de mobilidade na velhice, revela estudo - Jornal Fatos e Not\u00edcias","robots":{"index":"index","follow":"follow","max-snippet":"max-snippet:-1","max-image-preview":"max-image-preview:large","max-video-preview":"max-video-preview:-1"},"canonical":"https:\/\/jornalfatosenoticias.com.br\/index.php\/2025\/09\/01\/falta-de-vitamina-d-causa-problemas-de-mobilidade-na-velhice-revela-estudo\/","og_locale":"pt_BR","og_type":"article","og_title":"Falta de vitamina D causa problemas de mobilidade na velhice, revela estudo - Jornal Fatos e Not\u00edcias","og_description":"Segundo pesquisadores, idosos com defici\u00eancia de vitamina D apresentam maior risco de lentid\u00e3o na caminhada Por Alessandro Di Lorenzo A vitamina D atua como um horm\u00f4nio no organismo humano, sendo essencial para o sistema imunol\u00f3gico, cardiorrespirat\u00f3rio, neurol\u00f3gico e principalmente musculoesquel\u00e9tico. Ela \u00e9 produzida atrav\u00e9s da exposi\u00e7\u00e3o solar e tamb\u00e9m pode ser obtida por meio da [&hellip;]","og_url":"https:\/\/jornalfatosenoticias.com.br\/index.php\/2025\/09\/01\/falta-de-vitamina-d-causa-problemas-de-mobilidade-na-velhice-revela-estudo\/","og_site_name":"Jornal Fatos e Not\u00edcias","article_published_time":"2025-09-01T13:20:58+00:00","article_modified_time":"2025-09-01T13:20:59+00:00","og_image":[{"width":1000,"height":666,"url":"https:\/\/jornalfatosenoticias.com.br\/wp-content\/uploads\/2025\/09\/vitamina-D-velhice_freepik.jpg","type":"image\/jpeg"}],"author":"Luzimara Fernandes","twitter_card":"summary_large_image","twitter_misc":{"Escrito por":"Luzimara Fernandes","Est. tempo de leitura":"2 minutos"},"schema":{"@context":"https:\/\/schema.org","@graph":[{"@type":"Article","@id":"https:\/\/jornalfatosenoticias.com.br\/index.php\/2025\/09\/01\/falta-de-vitamina-d-causa-problemas-de-mobilidade-na-velhice-revela-estudo\/#article","isPartOf":{"@id":"https:\/\/jornalfatosenoticias.com.br\/index.php\/2025\/09\/01\/falta-de-vitamina-d-causa-problemas-de-mobilidade-na-velhice-revela-estudo\/"},"author":{"name":"Luzimara Fernandes","@id":"https:\/\/jornalfatosenoticias.com.br\/#\/schema\/person\/d63837fa13ac8666eb9e74e0985d6f81"},"headline":"Falta de vitamina D causa problemas de mobilidade na velhice, revela estudo","datePublished":"2025-09-01T13:20:58+00:00","dateModified":"2025-09-01T13:20:59+00:00","mainEntityOfPage":{"@id":"https:\/\/jornalfatosenoticias.com.br\/index.php\/2025\/09\/01\/falta-de-vitamina-d-causa-problemas-de-mobilidade-na-velhice-revela-estudo\/"},"wordCount":312,"commentCount":0,"publisher":{"@id":"https:\/\/jornalfatosenoticias.com.br\/#organization"},"image":{"@id":"https:\/\/jornalfatosenoticias.com.br\/index.php\/2025\/09\/01\/falta-de-vitamina-d-causa-problemas-de-mobilidade-na-velhice-revela-estudo\/#primaryimage"},"thumbnailUrl":"https:\/\/jornalfatosenoticias.com.br\/wp-content\/uploads\/2025\/09\/vitamina-D-velhice_freepik.jpg","keywords":["idosos","velhice","vitamina D"],"articleSection":["Sa\u00fade"],"inLanguage":"pt-BR","potentialAction":[{"@type":"CommentAction","name":"Comment","target":["https:\/\/jornalfatosenoticias.com.br\/index.php\/2025\/09\/01\/falta-de-vitamina-d-causa-problemas-de-mobilidade-na-velhice-revela-estudo\/#respond"]}]},{"@type":"WebPage","@id":"https:\/\/jornalfatosenoticias.com.br\/index.php\/2025\/09\/01\/falta-de-vitamina-d-causa-problemas-de-mobilidade-na-velhice-revela-estudo\/","url":"https:\/\/jornalfatosenoticias.com.br\/index.php\/2025\/09\/01\/falta-de-vitamina-d-causa-problemas-de-mobilidade-na-velhice-revela-estudo\/","name":"Falta de vitamina D causa problemas de mobilidade na velhice, revela estudo - Jornal Fatos e Not\u00edcias","isPartOf":{"@id":"https:\/\/jornalfatosenoticias.com.br\/#website"},"primaryImageOfPage":{"@id":"https:\/\/jornalfatosenoticias.com.br\/index.php\/2025\/09\/01\/falta-de-vitamina-d-causa-problemas-de-mobilidade-na-velhice-revela-estudo\/#primaryimage"},"image":{"@id":"https:\/\/jornalfatosenoticias.com.br\/index.php\/2025\/09\/01\/falta-de-vitamina-d-causa-problemas-de-mobilidade-na-velhice-revela-estudo\/#primaryimage"},"thumbnailUrl":"https:\/\/jornalfatosenoticias.com.br\/wp-content\/uploads\/2025\/09\/vitamina-D-velhice_freepik.jpg","datePublished":"2025-09-01T13:20:58+00:00","dateModified":"2025-09-01T13:20:59+00:00","breadcrumb":{"@id":"https:\/\/jornalfatosenoticias.com.br\/index.php\/2025\/09\/01\/falta-de-vitamina-d-causa-problemas-de-mobilidade-na-velhice-revela-estudo\/#breadcrumb"},"inLanguage":"pt-BR","potentialAction":[{"@type":"ReadAction","target":["https:\/\/jornalfatosenoticias.com.br\/index.php\/2025\/09\/01\/falta-de-vitamina-d-causa-problemas-de-mobilidade-na-velhice-revela-estudo\/"]}]},{"@type":"ImageObject","inLanguage":"pt-BR","@id":"https:\/\/jornalfatosenoticias.com.br\/index.php\/2025\/09\/01\/falta-de-vitamina-d-causa-problemas-de-mobilidade-na-velhice-revela-estudo\/#primaryimage","url":"https:\/\/jornalfatosenoticias.com.br\/wp-content\/uploads\/2025\/09\/vitamina-D-velhice_freepik.jpg","contentUrl":"https:\/\/jornalfatosenoticias.com.br\/wp-content\/uploads\/2025\/09\/vitamina-D-velhice_freepik.jpg","width":1000,"height":666},{"@type":"BreadcrumbList","@id":"https:\/\/jornalfatosenoticias.com.br\/index.php\/2025\/09\/01\/falta-de-vitamina-d-causa-problemas-de-mobilidade-na-velhice-revela-estudo\/#breadcrumb","itemListElement":[{"@type":"ListItem","position":1,"name":"In\u00edcio","item":"https:\/\/jornalfatosenoticias.com.br\/"},{"@type":"ListItem","position":2,"name":"Falta de vitamina D causa problemas de mobilidade na velhice, revela estudo"}]},{"@type":"WebSite","@id":"https:\/\/jornalfatosenoticias.com.br\/#website","url":"https:\/\/jornalfatosenoticias.com.br\/","name":"Jornal Fatos e Not\u00edcias","description":"Not\u00edcias em geral","publisher":{"@id":"https:\/\/jornalfatosenoticias.com.br\/#organization"},"potentialAction":[{"@type":"SearchAction","target":{"@type":"EntryPoint","urlTemplate":"https:\/\/jornalfatosenoticias.com.br\/?s={search_term_string}"},"query-input":{"@type":"PropertyValueSpecification","valueRequired":true,"valueName":"search_term_string"}}],"inLanguage":"pt-BR"},{"@type":"Organization","@id":"https:\/\/jornalfatosenoticias.com.br\/#organization","name":"Jornal Fatos e Not\u00edcias","url":"https:\/\/jornalfatosenoticias.com.br\/","logo":{"@type":"ImageObject","inLanguage":"pt-BR","@id":"https:\/\/jornalfatosenoticias.com.br\/#\/schema\/logo\/image\/","url":"https:\/\/jornalfatosenoticias.com.br\/wp-content\/uploads\/2020\/02\/logo120.png","contentUrl":"https:\/\/jornalfatosenoticias.com.br\/wp-content\/uploads\/2020\/02\/logo120.png","width":1227,"height":120,"caption":"Jornal Fatos e Not\u00edcias"},"image":{"@id":"https:\/\/jornalfatosenoticias.com.br\/#\/schema\/logo\/image\/"}},{"@type":"Person","@id":"https:\/\/jornalfatosenoticias.com.br\/#\/schema\/person\/d63837fa13ac8666eb9e74e0985d6f81","name":"Luzimara Fernandes","image":{"@type":"ImageObject","inLanguage":"pt-BR","@id":"https:\/\/jornalfatosenoticias.com.br\/#\/schema\/person\/image\/","url":"https:\/\/jornalfatosenoticias.com.br\/wp-content\/uploads\/2025\/05\/EU_portal.jpg","contentUrl":"https:\/\/jornalfatosenoticias.com.br\/wp-content\/uploads\/2025\/05\/EU_portal.jpg","caption":"Luzimara Fernandes"},"description":"Jornalista MTB 2358-ES","sameAs":["https:\/\/jornalfatosenoticias.com.br"],"url":"https:\/\/jornalfatosenoticias.com.br\/index.php\/author\/luzimara\/"}]}},"cc_featured_image_caption":{"caption_text":"(Foto: Freepik) ","source_text":"","source_url":""},"jetpack_featured_media_url":"https:\/\/jornalfatosenoticias.com.br\/wp-content\/uploads\/2025\/09\/vitamina-D-velhice_freepik.jpg","_links":{"self":[{"href":"https:\/\/jornalfatosenoticias.com.br\/index.php\/wp-json\/wp\/v2\/posts\/61555","targetHints":{"allow":["GET"]}}],"collection":[{"href":"https:\/\/jornalfatosenoticias.com.br\/index.php\/wp-json\/wp\/v2\/posts"}],"about":[{"href":"https:\/\/jornalfatosenoticias.com.br\/index.php\/wp-json\/wp\/v2\/types\/post"}],"author":[{"embeddable":true,"href":"https:\/\/jornalfatosenoticias.com.br\/index.php\/wp-json\/wp\/v2\/users\/2"}],"replies":[{"embeddable":true,"href":"https:\/\/jornalfatosenoticias.com.br\/index.php\/wp-json\/wp\/v2\/comments?post=61555"}],"version-history":[{"count":0,"href":"https:\/\/jornalfatosenoticias.com.br\/index.php\/wp-json\/wp\/v2\/posts\/61555\/revisions"}],"wp:featuredmedia":[{"embeddable":true,"href":"https:\/\/jornalfatosenoticias.com.br\/index.php\/wp-json\/wp\/v2\/media\/61556"}],"wp:attachment":[{"href":"https:\/\/jornalfatosenoticias.com.br\/index.php\/wp-json\/wp\/v2\/media?parent=61555"}],"wp:term":[{"taxonomy":"category","embeddable":true,"href":"https:\/\/jornalfatosenoticias.com.br\/index.php\/wp-json\/wp\/v2\/categories?post=61555"},{"taxonomy":"post_tag","embeddable":true,"href":"https:\/\/jornalfatosenoticias.com.br\/index.php\/wp-json\/wp\/v2\/tags?post=61555"}],"curies":[{"name":"wp","href":"https:\/\/api.w.org\/{rel}","templated":true}]}}