{"id":61568,"date":"2025-09-01T15:18:56","date_gmt":"2025-09-01T18:18:56","guid":{"rendered":"https:\/\/jornalfatosenoticias.com.br\/?p=61568"},"modified":"2025-09-01T15:18:58","modified_gmt":"2025-09-01T18:18:58","slug":"vendas-tecnicas-como-transformar-conhecimento-industrial-em-argumento-comercial","status":"publish","type":"post","link":"https:\/\/jornalfatosenoticias.com.br\/index.php\/2025\/09\/01\/vendas-tecnicas-como-transformar-conhecimento-industrial-em-argumento-comercial\/","title":{"rendered":"Vendas t\u00e9cnicas, como transformar conhecimento industrial em argumento comercial"},"content":{"rendered":"\n<p><em><span class=\"has-inline-color has-black-color\">Mat\u00e9ria publicada originalmente na <strong><a href=\"https:\/\/online.fliphtml5.com\/ywlkz\/dqun\/#p=42\">Revista A\u00e7o 5.0BR<\/a><\/strong><\/span><\/em><\/p>\n\n\n\n<div class=\"wp-block-image\"><figure class=\"aligncenter size-large\"><a href=\"https:\/\/mizu.com.br\/\"><img loading=\"lazy\" decoding=\"async\" width=\"729\" height=\"90\" src=\"https:\/\/jornalfatosenoticias.com.br\/wp-content\/uploads\/2020\/02\/Logo_Mizu.png\" alt=\"\" class=\"wp-image-1441\" srcset=\"https:\/\/jornalfatosenoticias.com.br\/wp-content\/uploads\/2020\/02\/Logo_Mizu.png 729w, https:\/\/jornalfatosenoticias.com.br\/wp-content\/uploads\/2020\/02\/Logo_Mizu-300x37.png 300w\" sizes=\"auto, (max-width: 729px) 100vw, 729px\" \/><\/a><\/figure><\/div>\n\n\n\n<p>No <a href=\"https:\/\/online.fliphtml5.com\/ywlkz\/dqun\/#p=43\">setor sider\u00fargico, metalmec\u00e2nico e de log\u00edstica,<\/a> vender n\u00e3o \u00e9 simplesmente mostrar um produto. Estamos falando de solu\u00e7\u00f5es industriais complexas, de alto valor agregado, que exigem especifica\u00e7\u00f5es t\u00e9cnicas, conformidade com normas e, muitas vezes, integra\u00e7\u00e3o com outros processos produtivos. Nessa realidade, o vendedor n\u00e3o \u00e9 apenas um intermedi\u00e1rio comercial \u2014 ele \u00e9 um tradutor entre a engenharia e a necessidade do cliente.<\/p>\n\n\n\n<p><strong><span class=\"has-inline-color has-vivid-purple-color\">Do jarg\u00e3o t\u00e9cnico \u00e0 solu\u00e7\u00e3o palp\u00e1vel<br><\/span><\/strong>Um dos grandes desafios da venda t\u00e9cnica \u00e9 transformar termos como \u201climite de escoamento\u201d, \u201ctratamento t\u00e9rmico\u201d ou \u201ccarga axial\u201d em benef\u00edcios claros para o cliente. Mais do que descrever o que o produto \u00e9, o vendedor precisa mostrar o que ele faz pelo resultado final: reduzir custos de manuten\u00e7\u00e3o, aumentar a vida \u00fatil de equipamentos, melhorar a produtividade.<\/p>\n\n\n\n<div class=\"wp-block-image\"><figure class=\"aligncenter size-large\"><a href=\"http:\/\/www.ferrarimaquinas.com.br\/\"><img loading=\"lazy\" decoding=\"async\" width=\"300\" height=\"250\" src=\"https:\/\/jornalfatosenoticias.com.br\/wp-content\/uploads\/2022\/02\/FERRARI_MAQUINAS-E-FERRAMENTAS2.jpg\" alt=\"\" class=\"wp-image-27860\"\/><\/a><\/figure><\/div>\n\n\n\n<p><strong><span class=\"has-inline-color has-vivid-purple-color\">Conhecimento como ferramenta de persuas\u00e3o<br><\/span><\/strong>Aqui, autoridade t\u00e9cnica \u00e9 um ativo comercial. Equipes que dominam as especifica\u00e7\u00f5es, entendem processos produtivos e conhecem tend\u00eancias do setor conseguem dialogar com compradores e engenheiros de igual para igual. Isso constr\u00f3i confian\u00e7a e reduz a depend\u00eancia de descontos como principal argumento de fechamento.<\/p>\n\n\n\n<div class=\"wp-block-image\"><figure class=\"aligncenter size-large is-resized\"><a href=\"https:\/\/legisjuris.com.br\/\"><img loading=\"lazy\" decoding=\"async\" src=\"https:\/\/jornalfatosenoticias.com.br\/wp-content\/uploads\/2024\/09\/Legis-Juris-Consultoria_logo.jpg\" alt=\"\" class=\"wp-image-53915\" width=\"511\" height=\"214\" srcset=\"https:\/\/jornalfatosenoticias.com.br\/wp-content\/uploads\/2024\/09\/Legis-Juris-Consultoria_logo.jpg 969w, https:\/\/jornalfatosenoticias.com.br\/wp-content\/uploads\/2024\/09\/Legis-Juris-Consultoria_logo-300x126.jpg 300w, https:\/\/jornalfatosenoticias.com.br\/wp-content\/uploads\/2024\/09\/Legis-Juris-Consultoria_logo-768x322.jpg 768w\" sizes=\"auto, (max-width: 511px) 100vw, 511px\" \/><\/a><\/figure><\/div>\n\n\n\n<p><strong><span class=\"has-inline-color has-vivid-purple-color\">Mapeamento da cadeia de decis\u00e3o<br><\/span><\/strong>No B2B industrial, a decis\u00e3o de compra raramente \u00e9 tomada por uma \u00fanica pessoa. H\u00e1 engenheiros, gerentes de produ\u00e7\u00e3o, compradores e at\u00e9 o financeiro envolvidos. Entender essa cadeia e adaptar o discurso para cada perfil \u00e9 t\u00e3o importante quanto a pr\u00f3pria proposta t\u00e9cnica.<\/p>\n\n\n\n<div class=\"wp-block-image\"><figure class=\"aligncenter size-large\"><img loading=\"lazy\" decoding=\"async\" width=\"1000\" height=\"1000\" src=\"https:\/\/jornalfatosenoticias.com.br\/wp-content\/uploads\/2025\/09\/texto-milena2_pinterest.jpg\" alt=\"\" class=\"wp-image-61570\" srcset=\"https:\/\/jornalfatosenoticias.com.br\/wp-content\/uploads\/2025\/09\/texto-milena2_pinterest.jpg 1000w, https:\/\/jornalfatosenoticias.com.br\/wp-content\/uploads\/2025\/09\/texto-milena2_pinterest-300x300.jpg 300w, https:\/\/jornalfatosenoticias.com.br\/wp-content\/uploads\/2025\/09\/texto-milena2_pinterest-150x150.jpg 150w, https:\/\/jornalfatosenoticias.com.br\/wp-content\/uploads\/2025\/09\/texto-milena2_pinterest-768x768.jpg 768w\" sizes=\"auto, (max-width: 1000px) 100vw, 1000px\" \/><figcaption><em><span class=\"has-inline-color has-black-color\">(Foto: Pinterest)<\/span><\/em><\/figcaption><\/figure><\/div>\n\n\n\n<p><strong><span class=\"has-inline-color has-vivid-purple-color\">Dados e cases como prova de valor<br><\/span><\/strong>Mais do que prometer, \u00e9 preciso comprovar. Apresentar estudos de caso, resultados medidos em outros clientes e indicadores de desempenho transforma o discurso em evid\u00eancia. Em vendas t\u00e9cnicas, n\u00fameros falam alto \u2014 especialmente quando v\u00eam acompanhados de contexto e credibilidade.<\/p>\n\n\n\n<div class=\"wp-block-image\"><figure class=\"aligncenter size-large is-resized\"><a href=\"https:\/\/panper.com.br\/\"><img loading=\"lazy\" decoding=\"async\" src=\"https:\/\/jornalfatosenoticias.com.br\/wp-content\/uploads\/2023\/03\/logo-Panper_portal.jpg\" alt=\"\" class=\"wp-image-40208\" width=\"315\" height=\"218\" srcset=\"https:\/\/jornalfatosenoticias.com.br\/wp-content\/uploads\/2023\/03\/logo-Panper_portal.jpg 400w, https:\/\/jornalfatosenoticias.com.br\/wp-content\/uploads\/2023\/03\/logo-Panper_portal-300x208.jpg 300w\" sizes=\"auto, (max-width: 315px) 100vw, 315px\" \/><\/a><\/figure><\/div>\n\n\n\n<p><strong><span class=\"has-inline-color has-vivid-purple-color\">Disciplina comercial no mundo t\u00e9cnico<br><\/span><\/strong>Processos bem definidos, CRM atualizado, acompanhamento p\u00f3s-venda e treinamento cont\u00ednuo s\u00e3o elementos que garantem consist\u00eancia. Vendas t\u00e9cnicas exigem ciclos longos e intera\u00e7\u00f5es m\u00faltiplas, e a disciplina nesse processo evita que oportunidades se percam no caminho.<\/p>\n\n\n\n<div class=\"wp-block-image\"><figure class=\"aligncenter size-large is-resized\"><a href=\"https:\/\/www.facebook.com\/profile.php?id=100069289606145\"><img loading=\"lazy\" decoding=\"async\" src=\"https:\/\/jornalfatosenoticias.com.br\/wp-content\/uploads\/2024\/11\/Guaitolini-Contabilidade-1024x714.jpeg\" alt=\"\" class=\"wp-image-55808\" width=\"297\" height=\"207\" srcset=\"https:\/\/jornalfatosenoticias.com.br\/wp-content\/uploads\/2024\/11\/Guaitolini-Contabilidade-1024x714.jpeg 1024w, https:\/\/jornalfatosenoticias.com.br\/wp-content\/uploads\/2024\/11\/Guaitolini-Contabilidade-300x209.jpeg 300w, https:\/\/jornalfatosenoticias.com.br\/wp-content\/uploads\/2024\/11\/Guaitolini-Contabilidade-768x535.jpeg 768w, https:\/\/jornalfatosenoticias.com.br\/wp-content\/uploads\/2024\/11\/Guaitolini-Contabilidade.jpeg 1280w\" sizes=\"auto, (max-width: 297px) 100vw, 297px\" \/><\/a><\/figure><\/div>\n\n\n\n<p>No fim, a grande virada est\u00e1 em entender que o conhecimento industrial, quando bem traduzido para a linguagem de neg\u00f3cios, deixa de ser apenas uma exig\u00eancia t\u00e9cnica e se torna a chave para fechar vendas de alto impacto.<\/p>\n","protected":false},"excerpt":{"rendered":"<p>Mat\u00e9ria publicada originalmente na Revista A\u00e7o 5.0BR No setor sider\u00fargico, metalmec\u00e2nico e de log\u00edstica, vender n\u00e3o \u00e9 simplesmente mostrar um produto. Estamos falando de solu\u00e7\u00f5es industriais complexas, de alto valor agregado, que exigem especifica\u00e7\u00f5es t\u00e9cnicas, conformidade com normas e, muitas vezes, integra\u00e7\u00e3o com outros processos produtivos. Nessa realidade, o vendedor n\u00e3o \u00e9 apenas um intermedi\u00e1rio [&hellip;]<\/p>\n","protected":false},"author":37,"featured_media":61569,"comment_status":"open","ping_status":"open","sticky":false,"template":"","format":"standard","meta":{"footnotes":""},"categories":[5],"tags":[28071,28072,11680,967,24188,28074,28073],"class_list":["post-61568","post","type-post","status-publish","format-standard","has-post-thumbnail","hentry","category-geral","tag-argumento-comercial","tag-conhecimento-industrial","tag-disciplina","tag-produtividade","tag-setor-metalmecanico","tag-setor-siderurgico","tag-vendas-tecnicas"],"yoast_head":"<!-- This site is optimized with the Yoast SEO plugin v26.5 - https:\/\/yoast.com\/wordpress\/plugins\/seo\/ -->\n<title>Vendas t\u00e9cnicas, como transformar conhecimento industrial em argumento comercial - Jornal Fatos e Not\u00edcias<\/title>\n<meta name=\"robots\" content=\"index, follow, max-snippet:-1, max-image-preview:large, max-video-preview:-1\" \/>\n<link rel=\"canonical\" href=\"https:\/\/jornalfatosenoticias.com.br\/index.php\/2025\/09\/01\/vendas-tecnicas-como-transformar-conhecimento-industrial-em-argumento-comercial\/\" \/>\n<meta property=\"og:locale\" content=\"pt_BR\" \/>\n<meta property=\"og:type\" content=\"article\" \/>\n<meta property=\"og:title\" content=\"Vendas t\u00e9cnicas, como transformar conhecimento industrial em argumento comercial - Jornal Fatos e Not\u00edcias\" \/>\n<meta property=\"og:description\" content=\"Mat\u00e9ria publicada originalmente na Revista A\u00e7o 5.0BR No setor sider\u00fargico, metalmec\u00e2nico e de log\u00edstica, vender n\u00e3o \u00e9 simplesmente mostrar um produto. Estamos falando de solu\u00e7\u00f5es industriais complexas, de alto valor agregado, que exigem especifica\u00e7\u00f5es t\u00e9cnicas, conformidade com normas e, muitas vezes, integra\u00e7\u00e3o com outros processos produtivos. Nessa realidade, o vendedor n\u00e3o \u00e9 apenas um intermedi\u00e1rio [&hellip;]\" \/>\n<meta property=\"og:url\" content=\"https:\/\/jornalfatosenoticias.com.br\/index.php\/2025\/09\/01\/vendas-tecnicas-como-transformar-conhecimento-industrial-em-argumento-comercial\/\" \/>\n<meta property=\"og:site_name\" content=\"Jornal Fatos e Not\u00edcias\" \/>\n<meta property=\"article:published_time\" content=\"2025-09-01T18:18:56+00:00\" \/>\n<meta property=\"article:modified_time\" content=\"2025-09-01T18:18:58+00:00\" \/>\n<meta property=\"og:image\" content=\"https:\/\/jornalfatosenoticias.com.br\/wp-content\/uploads\/2025\/09\/texto-milena1_freepik.jpg\" \/>\n\t<meta property=\"og:image:width\" content=\"1000\" \/>\n\t<meta property=\"og:image:height\" content=\"571\" \/>\n\t<meta property=\"og:image:type\" content=\"image\/jpeg\" \/>\n<meta name=\"author\" content=\"Milena Rohr\" \/>\n<meta name=\"twitter:card\" content=\"summary_large_image\" \/>\n<meta name=\"twitter:label1\" content=\"Escrito por\" \/>\n\t<meta name=\"twitter:data1\" content=\"Milena Rohr\" \/>\n\t<meta name=\"twitter:label2\" content=\"Est. tempo de leitura\" \/>\n\t<meta name=\"twitter:data2\" content=\"2 minutos\" \/>\n<script type=\"application\/ld+json\" class=\"yoast-schema-graph\">{\"@context\":\"https:\/\/schema.org\",\"@graph\":[{\"@type\":\"Article\",\"@id\":\"https:\/\/jornalfatosenoticias.com.br\/index.php\/2025\/09\/01\/vendas-tecnicas-como-transformar-conhecimento-industrial-em-argumento-comercial\/#article\",\"isPartOf\":{\"@id\":\"https:\/\/jornalfatosenoticias.com.br\/index.php\/2025\/09\/01\/vendas-tecnicas-como-transformar-conhecimento-industrial-em-argumento-comercial\/\"},\"author\":{\"name\":\"Milena Rohr\",\"@id\":\"https:\/\/jornalfatosenoticias.com.br\/#\/schema\/person\/bd76a40517f387e41cc072b0d3c7d627\"},\"headline\":\"Vendas t\u00e9cnicas, como transformar conhecimento industrial em argumento comercial\",\"datePublished\":\"2025-09-01T18:18:56+00:00\",\"dateModified\":\"2025-09-01T18:18:58+00:00\",\"mainEntityOfPage\":{\"@id\":\"https:\/\/jornalfatosenoticias.com.br\/index.php\/2025\/09\/01\/vendas-tecnicas-como-transformar-conhecimento-industrial-em-argumento-comercial\/\"},\"wordCount\":404,\"commentCount\":0,\"publisher\":{\"@id\":\"https:\/\/jornalfatosenoticias.com.br\/#organization\"},\"image\":{\"@id\":\"https:\/\/jornalfatosenoticias.com.br\/index.php\/2025\/09\/01\/vendas-tecnicas-como-transformar-conhecimento-industrial-em-argumento-comercial\/#primaryimage\"},\"thumbnailUrl\":\"https:\/\/jornalfatosenoticias.com.br\/wp-content\/uploads\/2025\/09\/texto-milena1_freepik.jpg\",\"keywords\":[\"argumento comercial\",\"conhecimento industrial\",\"disciplina\",\"produtividade\",\"setor metalmec\u00e2nico\",\"setor sider\u00fargico\",\"vendas t\u00e9cnicas\"],\"articleSection\":[\"Geral\"],\"inLanguage\":\"pt-BR\",\"potentialAction\":[{\"@type\":\"CommentAction\",\"name\":\"Comment\",\"target\":[\"https:\/\/jornalfatosenoticias.com.br\/index.php\/2025\/09\/01\/vendas-tecnicas-como-transformar-conhecimento-industrial-em-argumento-comercial\/#respond\"]}]},{\"@type\":\"WebPage\",\"@id\":\"https:\/\/jornalfatosenoticias.com.br\/index.php\/2025\/09\/01\/vendas-tecnicas-como-transformar-conhecimento-industrial-em-argumento-comercial\/\",\"url\":\"https:\/\/jornalfatosenoticias.com.br\/index.php\/2025\/09\/01\/vendas-tecnicas-como-transformar-conhecimento-industrial-em-argumento-comercial\/\",\"name\":\"Vendas t\u00e9cnicas, como transformar conhecimento industrial em argumento comercial - Jornal Fatos e Not\u00edcias\",\"isPartOf\":{\"@id\":\"https:\/\/jornalfatosenoticias.com.br\/#website\"},\"primaryImageOfPage\":{\"@id\":\"https:\/\/jornalfatosenoticias.com.br\/index.php\/2025\/09\/01\/vendas-tecnicas-como-transformar-conhecimento-industrial-em-argumento-comercial\/#primaryimage\"},\"image\":{\"@id\":\"https:\/\/jornalfatosenoticias.com.br\/index.php\/2025\/09\/01\/vendas-tecnicas-como-transformar-conhecimento-industrial-em-argumento-comercial\/#primaryimage\"},\"thumbnailUrl\":\"https:\/\/jornalfatosenoticias.com.br\/wp-content\/uploads\/2025\/09\/texto-milena1_freepik.jpg\",\"datePublished\":\"2025-09-01T18:18:56+00:00\",\"dateModified\":\"2025-09-01T18:18:58+00:00\",\"breadcrumb\":{\"@id\":\"https:\/\/jornalfatosenoticias.com.br\/index.php\/2025\/09\/01\/vendas-tecnicas-como-transformar-conhecimento-industrial-em-argumento-comercial\/#breadcrumb\"},\"inLanguage\":\"pt-BR\",\"potentialAction\":[{\"@type\":\"ReadAction\",\"target\":[\"https:\/\/jornalfatosenoticias.com.br\/index.php\/2025\/09\/01\/vendas-tecnicas-como-transformar-conhecimento-industrial-em-argumento-comercial\/\"]}]},{\"@type\":\"ImageObject\",\"inLanguage\":\"pt-BR\",\"@id\":\"https:\/\/jornalfatosenoticias.com.br\/index.php\/2025\/09\/01\/vendas-tecnicas-como-transformar-conhecimento-industrial-em-argumento-comercial\/#primaryimage\",\"url\":\"https:\/\/jornalfatosenoticias.com.br\/wp-content\/uploads\/2025\/09\/texto-milena1_freepik.jpg\",\"contentUrl\":\"https:\/\/jornalfatosenoticias.com.br\/wp-content\/uploads\/2025\/09\/texto-milena1_freepik.jpg\",\"width\":1000,\"height\":571},{\"@type\":\"BreadcrumbList\",\"@id\":\"https:\/\/jornalfatosenoticias.com.br\/index.php\/2025\/09\/01\/vendas-tecnicas-como-transformar-conhecimento-industrial-em-argumento-comercial\/#breadcrumb\",\"itemListElement\":[{\"@type\":\"ListItem\",\"position\":1,\"name\":\"In\u00edcio\",\"item\":\"https:\/\/jornalfatosenoticias.com.br\/\"},{\"@type\":\"ListItem\",\"position\":2,\"name\":\"Vendas t\u00e9cnicas, como transformar conhecimento industrial em argumento comercial\"}]},{\"@type\":\"WebSite\",\"@id\":\"https:\/\/jornalfatosenoticias.com.br\/#website\",\"url\":\"https:\/\/jornalfatosenoticias.com.br\/\",\"name\":\"Jornal Fatos e Not\u00edcias\",\"description\":\"Not\u00edcias em geral\",\"publisher\":{\"@id\":\"https:\/\/jornalfatosenoticias.com.br\/#organization\"},\"potentialAction\":[{\"@type\":\"SearchAction\",\"target\":{\"@type\":\"EntryPoint\",\"urlTemplate\":\"https:\/\/jornalfatosenoticias.com.br\/?s={search_term_string}\"},\"query-input\":{\"@type\":\"PropertyValueSpecification\",\"valueRequired\":true,\"valueName\":\"search_term_string\"}}],\"inLanguage\":\"pt-BR\"},{\"@type\":\"Organization\",\"@id\":\"https:\/\/jornalfatosenoticias.com.br\/#organization\",\"name\":\"Jornal Fatos e Not\u00edcias\",\"url\":\"https:\/\/jornalfatosenoticias.com.br\/\",\"logo\":{\"@type\":\"ImageObject\",\"inLanguage\":\"pt-BR\",\"@id\":\"https:\/\/jornalfatosenoticias.com.br\/#\/schema\/logo\/image\/\",\"url\":\"https:\/\/jornalfatosenoticias.com.br\/wp-content\/uploads\/2020\/02\/logo120.png\",\"contentUrl\":\"https:\/\/jornalfatosenoticias.com.br\/wp-content\/uploads\/2020\/02\/logo120.png\",\"width\":1227,\"height\":120,\"caption\":\"Jornal Fatos e Not\u00edcias\"},\"image\":{\"@id\":\"https:\/\/jornalfatosenoticias.com.br\/#\/schema\/logo\/image\/\"}},{\"@type\":\"Person\",\"@id\":\"https:\/\/jornalfatosenoticias.com.br\/#\/schema\/person\/bd76a40517f387e41cc072b0d3c7d627\",\"name\":\"Milena Rohr\",\"image\":{\"@type\":\"ImageObject\",\"inLanguage\":\"pt-BR\",\"@id\":\"https:\/\/jornalfatosenoticias.com.br\/#\/schema\/person\/image\/\",\"url\":\"https:\/\/jornalfatosenoticias.com.br\/wp-content\/uploads\/2026\/03\/Milena-Rohr_portal-150x150.jpg\",\"contentUrl\":\"https:\/\/jornalfatosenoticias.com.br\/wp-content\/uploads\/2026\/03\/Milena-Rohr_portal-150x150.jpg\",\"caption\":\"Milena Rohr\"},\"description\":\"Milena Rohr S\u00f3cia e diretora do MasterMind (Funda\u00e7\u00e3o Napoleon Hill), Gestora Empresarial, Embaixadora do BNI, Palestrante, Escritora, Colunista e Mentora FRST do Grupo Falconi\",\"url\":\"https:\/\/jornalfatosenoticias.com.br\/index.php\/author\/milena-rhor\/\"}]}<\/script>\n<!-- \/ Yoast SEO plugin. -->","yoast_head_json":{"title":"Vendas t\u00e9cnicas, como transformar conhecimento industrial em argumento comercial - Jornal Fatos e Not\u00edcias","robots":{"index":"index","follow":"follow","max-snippet":"max-snippet:-1","max-image-preview":"max-image-preview:large","max-video-preview":"max-video-preview:-1"},"canonical":"https:\/\/jornalfatosenoticias.com.br\/index.php\/2025\/09\/01\/vendas-tecnicas-como-transformar-conhecimento-industrial-em-argumento-comercial\/","og_locale":"pt_BR","og_type":"article","og_title":"Vendas t\u00e9cnicas, como transformar conhecimento industrial em argumento comercial - Jornal Fatos e Not\u00edcias","og_description":"Mat\u00e9ria publicada originalmente na Revista A\u00e7o 5.0BR No setor sider\u00fargico, metalmec\u00e2nico e de log\u00edstica, vender n\u00e3o \u00e9 simplesmente mostrar um produto. Estamos falando de solu\u00e7\u00f5es industriais complexas, de alto valor agregado, que exigem especifica\u00e7\u00f5es t\u00e9cnicas, conformidade com normas e, muitas vezes, integra\u00e7\u00e3o com outros processos produtivos. Nessa realidade, o vendedor n\u00e3o \u00e9 apenas um intermedi\u00e1rio [&hellip;]","og_url":"https:\/\/jornalfatosenoticias.com.br\/index.php\/2025\/09\/01\/vendas-tecnicas-como-transformar-conhecimento-industrial-em-argumento-comercial\/","og_site_name":"Jornal Fatos e Not\u00edcias","article_published_time":"2025-09-01T18:18:56+00:00","article_modified_time":"2025-09-01T18:18:58+00:00","og_image":[{"width":1000,"height":571,"url":"https:\/\/jornalfatosenoticias.com.br\/wp-content\/uploads\/2025\/09\/texto-milena1_freepik.jpg","type":"image\/jpeg"}],"author":"Milena Rohr","twitter_card":"summary_large_image","twitter_misc":{"Escrito por":"Milena Rohr","Est. tempo de leitura":"2 minutos"},"schema":{"@context":"https:\/\/schema.org","@graph":[{"@type":"Article","@id":"https:\/\/jornalfatosenoticias.com.br\/index.php\/2025\/09\/01\/vendas-tecnicas-como-transformar-conhecimento-industrial-em-argumento-comercial\/#article","isPartOf":{"@id":"https:\/\/jornalfatosenoticias.com.br\/index.php\/2025\/09\/01\/vendas-tecnicas-como-transformar-conhecimento-industrial-em-argumento-comercial\/"},"author":{"name":"Milena Rohr","@id":"https:\/\/jornalfatosenoticias.com.br\/#\/schema\/person\/bd76a40517f387e41cc072b0d3c7d627"},"headline":"Vendas t\u00e9cnicas, como transformar conhecimento industrial em argumento comercial","datePublished":"2025-09-01T18:18:56+00:00","dateModified":"2025-09-01T18:18:58+00:00","mainEntityOfPage":{"@id":"https:\/\/jornalfatosenoticias.com.br\/index.php\/2025\/09\/01\/vendas-tecnicas-como-transformar-conhecimento-industrial-em-argumento-comercial\/"},"wordCount":404,"commentCount":0,"publisher":{"@id":"https:\/\/jornalfatosenoticias.com.br\/#organization"},"image":{"@id":"https:\/\/jornalfatosenoticias.com.br\/index.php\/2025\/09\/01\/vendas-tecnicas-como-transformar-conhecimento-industrial-em-argumento-comercial\/#primaryimage"},"thumbnailUrl":"https:\/\/jornalfatosenoticias.com.br\/wp-content\/uploads\/2025\/09\/texto-milena1_freepik.jpg","keywords":["argumento comercial","conhecimento industrial","disciplina","produtividade","setor metalmec\u00e2nico","setor sider\u00fargico","vendas t\u00e9cnicas"],"articleSection":["Geral"],"inLanguage":"pt-BR","potentialAction":[{"@type":"CommentAction","name":"Comment","target":["https:\/\/jornalfatosenoticias.com.br\/index.php\/2025\/09\/01\/vendas-tecnicas-como-transformar-conhecimento-industrial-em-argumento-comercial\/#respond"]}]},{"@type":"WebPage","@id":"https:\/\/jornalfatosenoticias.com.br\/index.php\/2025\/09\/01\/vendas-tecnicas-como-transformar-conhecimento-industrial-em-argumento-comercial\/","url":"https:\/\/jornalfatosenoticias.com.br\/index.php\/2025\/09\/01\/vendas-tecnicas-como-transformar-conhecimento-industrial-em-argumento-comercial\/","name":"Vendas t\u00e9cnicas, como transformar conhecimento industrial em argumento comercial - Jornal Fatos e Not\u00edcias","isPartOf":{"@id":"https:\/\/jornalfatosenoticias.com.br\/#website"},"primaryImageOfPage":{"@id":"https:\/\/jornalfatosenoticias.com.br\/index.php\/2025\/09\/01\/vendas-tecnicas-como-transformar-conhecimento-industrial-em-argumento-comercial\/#primaryimage"},"image":{"@id":"https:\/\/jornalfatosenoticias.com.br\/index.php\/2025\/09\/01\/vendas-tecnicas-como-transformar-conhecimento-industrial-em-argumento-comercial\/#primaryimage"},"thumbnailUrl":"https:\/\/jornalfatosenoticias.com.br\/wp-content\/uploads\/2025\/09\/texto-milena1_freepik.jpg","datePublished":"2025-09-01T18:18:56+00:00","dateModified":"2025-09-01T18:18:58+00:00","breadcrumb":{"@id":"https:\/\/jornalfatosenoticias.com.br\/index.php\/2025\/09\/01\/vendas-tecnicas-como-transformar-conhecimento-industrial-em-argumento-comercial\/#breadcrumb"},"inLanguage":"pt-BR","potentialAction":[{"@type":"ReadAction","target":["https:\/\/jornalfatosenoticias.com.br\/index.php\/2025\/09\/01\/vendas-tecnicas-como-transformar-conhecimento-industrial-em-argumento-comercial\/"]}]},{"@type":"ImageObject","inLanguage":"pt-BR","@id":"https:\/\/jornalfatosenoticias.com.br\/index.php\/2025\/09\/01\/vendas-tecnicas-como-transformar-conhecimento-industrial-em-argumento-comercial\/#primaryimage","url":"https:\/\/jornalfatosenoticias.com.br\/wp-content\/uploads\/2025\/09\/texto-milena1_freepik.jpg","contentUrl":"https:\/\/jornalfatosenoticias.com.br\/wp-content\/uploads\/2025\/09\/texto-milena1_freepik.jpg","width":1000,"height":571},{"@type":"BreadcrumbList","@id":"https:\/\/jornalfatosenoticias.com.br\/index.php\/2025\/09\/01\/vendas-tecnicas-como-transformar-conhecimento-industrial-em-argumento-comercial\/#breadcrumb","itemListElement":[{"@type":"ListItem","position":1,"name":"In\u00edcio","item":"https:\/\/jornalfatosenoticias.com.br\/"},{"@type":"ListItem","position":2,"name":"Vendas t\u00e9cnicas, como transformar conhecimento industrial em argumento comercial"}]},{"@type":"WebSite","@id":"https:\/\/jornalfatosenoticias.com.br\/#website","url":"https:\/\/jornalfatosenoticias.com.br\/","name":"Jornal Fatos e Not\u00edcias","description":"Not\u00edcias em geral","publisher":{"@id":"https:\/\/jornalfatosenoticias.com.br\/#organization"},"potentialAction":[{"@type":"SearchAction","target":{"@type":"EntryPoint","urlTemplate":"https:\/\/jornalfatosenoticias.com.br\/?s={search_term_string}"},"query-input":{"@type":"PropertyValueSpecification","valueRequired":true,"valueName":"search_term_string"}}],"inLanguage":"pt-BR"},{"@type":"Organization","@id":"https:\/\/jornalfatosenoticias.com.br\/#organization","name":"Jornal Fatos e Not\u00edcias","url":"https:\/\/jornalfatosenoticias.com.br\/","logo":{"@type":"ImageObject","inLanguage":"pt-BR","@id":"https:\/\/jornalfatosenoticias.com.br\/#\/schema\/logo\/image\/","url":"https:\/\/jornalfatosenoticias.com.br\/wp-content\/uploads\/2020\/02\/logo120.png","contentUrl":"https:\/\/jornalfatosenoticias.com.br\/wp-content\/uploads\/2020\/02\/logo120.png","width":1227,"height":120,"caption":"Jornal Fatos e Not\u00edcias"},"image":{"@id":"https:\/\/jornalfatosenoticias.com.br\/#\/schema\/logo\/image\/"}},{"@type":"Person","@id":"https:\/\/jornalfatosenoticias.com.br\/#\/schema\/person\/bd76a40517f387e41cc072b0d3c7d627","name":"Milena Rohr","image":{"@type":"ImageObject","inLanguage":"pt-BR","@id":"https:\/\/jornalfatosenoticias.com.br\/#\/schema\/person\/image\/","url":"https:\/\/jornalfatosenoticias.com.br\/wp-content\/uploads\/2026\/03\/Milena-Rohr_portal-150x150.jpg","contentUrl":"https:\/\/jornalfatosenoticias.com.br\/wp-content\/uploads\/2026\/03\/Milena-Rohr_portal-150x150.jpg","caption":"Milena Rohr"},"description":"Milena Rohr S\u00f3cia e diretora do MasterMind (Funda\u00e7\u00e3o Napoleon Hill), Gestora Empresarial, Embaixadora do BNI, Palestrante, Escritora, Colunista e Mentora FRST do Grupo Falconi","url":"https:\/\/jornalfatosenoticias.com.br\/index.php\/author\/milena-rhor\/"}]}},"cc_featured_image_caption":{"caption_text":"(Foto: Freepik)","source_text":"","source_url":""},"jetpack_featured_media_url":"https:\/\/jornalfatosenoticias.com.br\/wp-content\/uploads\/2025\/09\/texto-milena1_freepik.jpg","_links":{"self":[{"href":"https:\/\/jornalfatosenoticias.com.br\/index.php\/wp-json\/wp\/v2\/posts\/61568","targetHints":{"allow":["GET"]}}],"collection":[{"href":"https:\/\/jornalfatosenoticias.com.br\/index.php\/wp-json\/wp\/v2\/posts"}],"about":[{"href":"https:\/\/jornalfatosenoticias.com.br\/index.php\/wp-json\/wp\/v2\/types\/post"}],"author":[{"embeddable":true,"href":"https:\/\/jornalfatosenoticias.com.br\/index.php\/wp-json\/wp\/v2\/users\/37"}],"replies":[{"embeddable":true,"href":"https:\/\/jornalfatosenoticias.com.br\/index.php\/wp-json\/wp\/v2\/comments?post=61568"}],"version-history":[{"count":0,"href":"https:\/\/jornalfatosenoticias.com.br\/index.php\/wp-json\/wp\/v2\/posts\/61568\/revisions"}],"wp:featuredmedia":[{"embeddable":true,"href":"https:\/\/jornalfatosenoticias.com.br\/index.php\/wp-json\/wp\/v2\/media\/61569"}],"wp:attachment":[{"href":"https:\/\/jornalfatosenoticias.com.br\/index.php\/wp-json\/wp\/v2\/media?parent=61568"}],"wp:term":[{"taxonomy":"category","embeddable":true,"href":"https:\/\/jornalfatosenoticias.com.br\/index.php\/wp-json\/wp\/v2\/categories?post=61568"},{"taxonomy":"post_tag","embeddable":true,"href":"https:\/\/jornalfatosenoticias.com.br\/index.php\/wp-json\/wp\/v2\/tags?post=61568"}],"curies":[{"name":"wp","href":"https:\/\/api.w.org\/{rel}","templated":true}]}}