{"id":61585,"date":"2025-09-01T16:17:20","date_gmt":"2025-09-01T19:17:20","guid":{"rendered":"https:\/\/jornalfatosenoticias.com.br\/?p=61585"},"modified":"2025-09-01T16:17:21","modified_gmt":"2025-09-01T19:17:21","slug":"viver-perto-da-natureza-favorece-o-desenvolvimento-cognitivo-infantil-revela-estudo","status":"publish","type":"post","link":"https:\/\/jornalfatosenoticias.com.br\/index.php\/2025\/09\/01\/viver-perto-da-natureza-favorece-o-desenvolvimento-cognitivo-infantil-revela-estudo\/","title":{"rendered":"Viver perto da natureza favorece o desenvolvimento cognitivo infantil, revela estudo"},"content":{"rendered":"\n<p><em><span class=\"has-inline-color has-black-color\">Pesquisadores da Universidade de Harvard descobriram que as \u00e1reas verdes ajudam a reduzir o risco de problemas comportamentais e de aprendizagem<\/span><\/em><\/p>\n\n\n\n<p><span class=\"has-inline-color has-black-color\">Por <strong><a href=\"https:\/\/www.bonsfluidos.com.br\/author\/maria-clara\">Maria Clara Pinheiro<\/a>\u00a0<\/strong><\/span><\/p>\n\n\n\n<div class=\"wp-block-image\"><figure class=\"aligncenter size-large is-resized\"><a href=\"https:\/\/www.facebook.com\/vetor.vix\/\"><img loading=\"lazy\" decoding=\"async\" src=\"https:\/\/jornalfatosenoticias.com.br\/wp-content\/uploads\/2023\/09\/vetorvix1024_1.jpg\" alt=\"\" class=\"wp-image-44868\" width=\"535\" height=\"142\" srcset=\"https:\/\/jornalfatosenoticias.com.br\/wp-content\/uploads\/2023\/09\/vetorvix1024_1.jpg 1024w, https:\/\/jornalfatosenoticias.com.br\/wp-content\/uploads\/2023\/09\/vetorvix1024_1-300x80.jpg 300w, https:\/\/jornalfatosenoticias.com.br\/wp-content\/uploads\/2023\/09\/vetorvix1024_1-768x205.jpg 768w\" sizes=\"auto, (max-width: 535px) 100vw, 535px\" \/><\/a><\/figure><\/div>\n\n\n\n<p>Muitas pessoas t\u00eam o sonho de construir uma fam\u00edlia longe das cidades e mais perto da natureza. Diferentes estudos j\u00e1 apontam para os benef\u00edcios da pr\u00e1tica, indicando que as \u00e1reas verdes promovem tanto o bem-estar quanto a sa\u00fade mental. Uma pesquisa recente, publicada no peri\u00f3dico <strong>Environmental International,<\/strong> revelou ainda que viver perto de paisagens naturais reduz o risco de transtornos de desenvolvimento na <a href=\"https:\/\/www.bonsfluidos.com.br\/gravidez\/o-impacto-do-consumo-de-acucar-na-infancia-na-saude-futura.phtml\">inf\u00e2ncia<\/a>.<br>De acordo com os pesquisadores da <strong>Universidade de Harvard,<\/strong> at\u00e9 ent\u00e3o, estudos apenas ressaltavam o poder das \u00e1reas verdes para o emocional. Por isso, eles decidiram focar nos poss\u00edveis efeitos para a cogni\u00e7\u00e3o e o desenvolvimento de <a href=\"https:\/\/www.bonsfluidos.com.br\/comportamento\/devemos-guiar-alerta-pediatra-sobre-exposicao-de-criancas-online.phtml\">crian\u00e7as<\/a>.<\/p>\n\n\n\n<div class=\"wp-block-image\"><figure class=\"aligncenter size-large\"><a href=\"https:\/\/www.cesconetto.com.br\/\"><img loading=\"lazy\" decoding=\"async\" width=\"300\" height=\"250\" src=\"https:\/\/jornalfatosenoticias.com.br\/wp-content\/uploads\/2022\/02\/Banner-2.png\" alt=\"\" class=\"wp-image-27877\"\/><\/a><\/figure><\/div>\n\n\n\n<p>Os cientistas, portanto, analisaram dados de 1,8 milh\u00e3o de duplas de <a href=\"https:\/\/www.bonsfluidos.com.br\/comportamento\/festas-ao-redor-do-mundo-veja-como-o-dia-das-maes-e-comemorado-em-outros-paises.phtml\">m\u00e3es<\/a> e filhos, coletados entre os anos de 2001 e 2014 pelo sistema de sa\u00fade norte-americano <strong>Medicaid. <\/strong>Entre as informa\u00e7\u00f5es estavam hist\u00f3ricos m\u00e9dicos, que revelavam diagn\u00f3sticos de transtornos do espectro autista e <strong>TDAH,<\/strong> al\u00e9m de problemas comportamentais, de aprendizagem e atrasos no desenvolvimento.<\/p>\n\n\n\n<div class=\"wp-block-image\"><figure class=\"aligncenter size-large is-resized\"><a href=\"https:\/\/www.instagram.com\/gruposei\/\"><img loading=\"lazy\" decoding=\"async\" src=\"https:\/\/jornalfatosenoticias.com.br\/wp-content\/uploads\/2022\/07\/Logo-Grupo-SEI.jpg\" alt=\"\" class=\"wp-image-31973\" width=\"352\" height=\"185\" srcset=\"https:\/\/jornalfatosenoticias.com.br\/wp-content\/uploads\/2022\/07\/Logo-Grupo-SEI.jpg 713w, https:\/\/jornalfatosenoticias.com.br\/wp-content\/uploads\/2022\/07\/Logo-Grupo-SEI-300x158.jpg 300w\" sizes=\"auto, (max-width: 352px) 100vw, 352px\" \/><\/a><\/figure><\/div>\n\n\n\n<p>Em seguida, eles cruzaram esses levantamentos com imagens de sat\u00e9lite das regi\u00f5es onde as fam\u00edlias moravam antes, durante e ap\u00f3s a gesta\u00e7\u00e3o. Dessa forma, o estudo descobriu que as crian\u00e7as que viveram, pelo menos at\u00e9 a primeira inf\u00e2ncia, em <a href=\"https:\/\/www.bonsfluidos.com.br\/diversos\/reconhecimento-conheca-as-casas-doadas-pela-atriz-marieta-severo-ao-retiro-dos-artistas.phtml\">casas<\/a> pr\u00f3ximas \u00e0 natureza apresentaram um menor risco de sofrer com o comprometimento intelectual e cognitivo.<\/p>\n\n\n\n<div class=\"wp-block-image\"><figure class=\"aligncenter size-large is-resized\"><a href=\"https:\/\/www.facebook.com\/profile.php?id=100069289606145\"><img loading=\"lazy\" decoding=\"async\" src=\"https:\/\/jornalfatosenoticias.com.br\/wp-content\/uploads\/2024\/11\/Guaitolini-Contabilidade-1024x714.jpeg\" alt=\"\" class=\"wp-image-55808\" width=\"298\" height=\"208\" srcset=\"https:\/\/jornalfatosenoticias.com.br\/wp-content\/uploads\/2024\/11\/Guaitolini-Contabilidade-1024x714.jpeg 1024w, https:\/\/jornalfatosenoticias.com.br\/wp-content\/uploads\/2024\/11\/Guaitolini-Contabilidade-300x209.jpeg 300w, https:\/\/jornalfatosenoticias.com.br\/wp-content\/uploads\/2024\/11\/Guaitolini-Contabilidade-768x535.jpeg 768w, https:\/\/jornalfatosenoticias.com.br\/wp-content\/uploads\/2024\/11\/Guaitolini-Contabilidade.jpeg 1280w\" sizes=\"auto, (max-width: 298px) 100vw, 298px\" \/><\/a><\/figure><\/div>\n\n\n\n<p>Al\u00e9m disso, o contato com as paisagens naturais j\u00e1 come\u00e7a a impactar a <a href=\"https:\/\/www.bonsfluidos.com.br\/saude\/8-habitos-para-garantir-uma-melhor-saude-cardiovascular-e-longevidade-segundo-pesquisas.phtml\">sa\u00fade<\/a> e o bem-estar ainda com a crian\u00e7a no \u00fatero. Por isso, favorece o desenvolvimento cerebral. Assim, no decorrer da inf\u00e2ncia, as \u00e1reas verdes ainda estimulam maior sociabilidade e melhoram a coordena\u00e7\u00e3o motora.<\/p>\n\n\n\n<div class=\"wp-block-image\"><figure class=\"aligncenter size-large\"><a href=\"http:\/\/www.ferrarimaquinas.com.br\/\"><img loading=\"lazy\" decoding=\"async\" width=\"300\" height=\"250\" src=\"https:\/\/jornalfatosenoticias.com.br\/wp-content\/uploads\/2022\/02\/FERRARI_MAQUINAS-E-FERRAMENTAS2.jpg\" alt=\"\" class=\"wp-image-27860\"\/><\/a><\/figure><\/div>\n\n\n\n<blockquote class=\"wp-block-quote is-layout-flow wp-block-quote-is-layout-flow\"><p><span class=\"has-inline-color has-luminous-vivid-orange-color\">Elas est\u00e3o sujeitas a terrenos irregulares e ent\u00e3o desenvolvem melhor equil\u00edbrio. Tamb\u00e9m em amplitude de movimentos, al\u00e9m do aprendizado que a <em><a href=\"https:\/\/www.bonsfluidos.com.br\/jardim\/voce-sabia-dez-minutos-na-natureza-podem-ser-suficientes-para-turbinar-a-saude-mental.phtml\">natureza<\/a>\u00a0oferece e das oportunidades de intera\u00e7\u00e3o social\u201d,<\/em>\u00a0explicou a pesquisadora s\u00eanior do\u00a0<strong>Centro de Ensino e Pesquisa Albert Einstein<\/strong>,\u00a0<strong>Lis Le\u00e3o<\/strong>, \u00e0\u00a0<strong>\u2018Ag\u00eancia Einstein\u2019.\u00a0<\/strong><\/span><\/p><\/blockquote>\n\n\n\n<div class=\"wp-block-image\"><figure class=\"aligncenter size-large is-resized\"><a href=\"https:\/\/legisjuris.com.br\/\"><img loading=\"lazy\" decoding=\"async\" src=\"https:\/\/jornalfatosenoticias.com.br\/wp-content\/uploads\/2024\/09\/Legis-Juris-Consultoria_logo.jpg\" alt=\"\" class=\"wp-image-53915\" width=\"499\" height=\"209\" srcset=\"https:\/\/jornalfatosenoticias.com.br\/wp-content\/uploads\/2024\/09\/Legis-Juris-Consultoria_logo.jpg 969w, https:\/\/jornalfatosenoticias.com.br\/wp-content\/uploads\/2024\/09\/Legis-Juris-Consultoria_logo-300x126.jpg 300w, https:\/\/jornalfatosenoticias.com.br\/wp-content\/uploads\/2024\/09\/Legis-Juris-Consultoria_logo-768x322.jpg 768w\" sizes=\"auto, (max-width: 499px) 100vw, 499px\" \/><\/a><\/figure><\/div>\n\n\n\n<p><strong>Fonte: <a href=\"https:\/\/www.bonsfluidos.com.br\/bem-estar\/viver-perto-da-natureza-favorece-o-desenvolvimento-infantil.phtml\">Bons Fluidos<\/a><\/strong><\/p>\n","protected":false},"excerpt":{"rendered":"<p>Pesquisadores da Universidade de Harvard descobriram que as \u00e1reas verdes ajudam a reduzir o risco de problemas comportamentais e de aprendizagem Por Maria Clara Pinheiro\u00a0 Muitas pessoas t\u00eam o sonho de construir uma fam\u00edlia longe das cidades e mais perto da natureza. Diferentes estudos j\u00e1 apontam para os benef\u00edcios da pr\u00e1tica, indicando que as \u00e1reas [&hellip;]<\/p>\n","protected":false},"author":2,"featured_media":61586,"comment_status":"open","ping_status":"open","sticky":false,"template":"","format":"standard","meta":{"footnotes":""},"categories":[42],"tags":[5688,385,23293,670,969,6150,15514,26086,1411,6929,655,27255,22675],"class_list":["post-61585","post","type-post","status-publish","format-standard","has-post-thumbnail","hentry","category-bem-estar","tag-areas-verdes","tag-bem-estar","tag-coordenacao-motora","tag-criancas","tag-emocional","tag-filhos","tag-gravidas","tag-infantil","tag-maes","tag-moradia","tag-natureza","tag-sociabilidade","tag-universidade-de-harvard"],"yoast_head":"<!-- This site is optimized with the Yoast SEO plugin v26.5 - https:\/\/yoast.com\/wordpress\/plugins\/seo\/ -->\n<title>Viver perto da natureza favorece o desenvolvimento cognitivo infantil, revela estudo - Jornal Fatos e Not\u00edcias<\/title>\n<meta name=\"robots\" content=\"index, follow, max-snippet:-1, max-image-preview:large, max-video-preview:-1\" \/>\n<link rel=\"canonical\" href=\"https:\/\/jornalfatosenoticias.com.br\/index.php\/2025\/09\/01\/viver-perto-da-natureza-favorece-o-desenvolvimento-cognitivo-infantil-revela-estudo\/\" \/>\n<meta property=\"og:locale\" content=\"pt_BR\" \/>\n<meta property=\"og:type\" content=\"article\" \/>\n<meta property=\"og:title\" content=\"Viver perto da natureza favorece o desenvolvimento cognitivo infantil, revela estudo - Jornal Fatos e Not\u00edcias\" \/>\n<meta property=\"og:description\" content=\"Pesquisadores da Universidade de Harvard descobriram que as \u00e1reas verdes ajudam a reduzir o risco de problemas comportamentais e de aprendizagem Por Maria Clara Pinheiro\u00a0 Muitas pessoas t\u00eam o sonho de construir uma fam\u00edlia longe das cidades e mais perto da natureza. Diferentes estudos j\u00e1 apontam para os benef\u00edcios da pr\u00e1tica, indicando que as \u00e1reas [&hellip;]\" \/>\n<meta property=\"og:url\" content=\"https:\/\/jornalfatosenoticias.com.br\/index.php\/2025\/09\/01\/viver-perto-da-natureza-favorece-o-desenvolvimento-cognitivo-infantil-revela-estudo\/\" \/>\n<meta property=\"og:site_name\" content=\"Jornal Fatos e Not\u00edcias\" \/>\n<meta property=\"article:published_time\" content=\"2025-09-01T19:17:20+00:00\" \/>\n<meta property=\"article:modified_time\" content=\"2025-09-01T19:17:21+00:00\" \/>\n<meta property=\"og:image\" content=\"https:\/\/jornalfatosenoticias.com.br\/wp-content\/uploads\/2025\/09\/Viver-perto-da-natureza-favorece-o-desenvolvimento-cognitivo-infantil_freepik.jpg\" \/>\n\t<meta property=\"og:image:width\" content=\"1000\" \/>\n\t<meta property=\"og:image:height\" content=\"666\" \/>\n\t<meta property=\"og:image:type\" content=\"image\/jpeg\" \/>\n<meta name=\"author\" content=\"Luzimara Fernandes\" \/>\n<meta name=\"twitter:card\" content=\"summary_large_image\" \/>\n<meta name=\"twitter:label1\" content=\"Escrito por\" \/>\n\t<meta name=\"twitter:data1\" content=\"Luzimara Fernandes\" \/>\n\t<meta name=\"twitter:label2\" content=\"Est. tempo de leitura\" \/>\n\t<meta name=\"twitter:data2\" content=\"2 minutos\" \/>\n<script type=\"application\/ld+json\" class=\"yoast-schema-graph\">{\"@context\":\"https:\/\/schema.org\",\"@graph\":[{\"@type\":\"Article\",\"@id\":\"https:\/\/jornalfatosenoticias.com.br\/index.php\/2025\/09\/01\/viver-perto-da-natureza-favorece-o-desenvolvimento-cognitivo-infantil-revela-estudo\/#article\",\"isPartOf\":{\"@id\":\"https:\/\/jornalfatosenoticias.com.br\/index.php\/2025\/09\/01\/viver-perto-da-natureza-favorece-o-desenvolvimento-cognitivo-infantil-revela-estudo\/\"},\"author\":{\"name\":\"Luzimara Fernandes\",\"@id\":\"https:\/\/jornalfatosenoticias.com.br\/#\/schema\/person\/d63837fa13ac8666eb9e74e0985d6f81\"},\"headline\":\"Viver perto da natureza favorece o desenvolvimento cognitivo infantil, revela estudo\",\"datePublished\":\"2025-09-01T19:17:20+00:00\",\"dateModified\":\"2025-09-01T19:17:21+00:00\",\"mainEntityOfPage\":{\"@id\":\"https:\/\/jornalfatosenoticias.com.br\/index.php\/2025\/09\/01\/viver-perto-da-natureza-favorece-o-desenvolvimento-cognitivo-infantil-revela-estudo\/\"},\"wordCount\":379,\"commentCount\":0,\"publisher\":{\"@id\":\"https:\/\/jornalfatosenoticias.com.br\/#organization\"},\"image\":{\"@id\":\"https:\/\/jornalfatosenoticias.com.br\/index.php\/2025\/09\/01\/viver-perto-da-natureza-favorece-o-desenvolvimento-cognitivo-infantil-revela-estudo\/#primaryimage\"},\"thumbnailUrl\":\"https:\/\/jornalfatosenoticias.com.br\/wp-content\/uploads\/2025\/09\/Viver-perto-da-natureza-favorece-o-desenvolvimento-cognitivo-infantil_freepik.jpg\",\"keywords\":[\"\u00e1reas verdes\",\"bem-estar\",\"coordena\u00e7\u00e3o motora\",\"crian\u00e7as\",\"emocional\",\"filhos\",\"gr\u00e1vidas\",\"infantil\",\"m\u00e3es\",\"moradia\",\"natureza\",\"sociabilidade\",\"Universidade de Harvard\"],\"articleSection\":[\"Bem-estar\"],\"inLanguage\":\"pt-BR\",\"potentialAction\":[{\"@type\":\"CommentAction\",\"name\":\"Comment\",\"target\":[\"https:\/\/jornalfatosenoticias.com.br\/index.php\/2025\/09\/01\/viver-perto-da-natureza-favorece-o-desenvolvimento-cognitivo-infantil-revela-estudo\/#respond\"]}]},{\"@type\":\"WebPage\",\"@id\":\"https:\/\/jornalfatosenoticias.com.br\/index.php\/2025\/09\/01\/viver-perto-da-natureza-favorece-o-desenvolvimento-cognitivo-infantil-revela-estudo\/\",\"url\":\"https:\/\/jornalfatosenoticias.com.br\/index.php\/2025\/09\/01\/viver-perto-da-natureza-favorece-o-desenvolvimento-cognitivo-infantil-revela-estudo\/\",\"name\":\"Viver perto da natureza favorece o desenvolvimento cognitivo infantil, revela estudo - Jornal Fatos e Not\u00edcias\",\"isPartOf\":{\"@id\":\"https:\/\/jornalfatosenoticias.com.br\/#website\"},\"primaryImageOfPage\":{\"@id\":\"https:\/\/jornalfatosenoticias.com.br\/index.php\/2025\/09\/01\/viver-perto-da-natureza-favorece-o-desenvolvimento-cognitivo-infantil-revela-estudo\/#primaryimage\"},\"image\":{\"@id\":\"https:\/\/jornalfatosenoticias.com.br\/index.php\/2025\/09\/01\/viver-perto-da-natureza-favorece-o-desenvolvimento-cognitivo-infantil-revela-estudo\/#primaryimage\"},\"thumbnailUrl\":\"https:\/\/jornalfatosenoticias.com.br\/wp-content\/uploads\/2025\/09\/Viver-perto-da-natureza-favorece-o-desenvolvimento-cognitivo-infantil_freepik.jpg\",\"datePublished\":\"2025-09-01T19:17:20+00:00\",\"dateModified\":\"2025-09-01T19:17:21+00:00\",\"breadcrumb\":{\"@id\":\"https:\/\/jornalfatosenoticias.com.br\/index.php\/2025\/09\/01\/viver-perto-da-natureza-favorece-o-desenvolvimento-cognitivo-infantil-revela-estudo\/#breadcrumb\"},\"inLanguage\":\"pt-BR\",\"potentialAction\":[{\"@type\":\"ReadAction\",\"target\":[\"https:\/\/jornalfatosenoticias.com.br\/index.php\/2025\/09\/01\/viver-perto-da-natureza-favorece-o-desenvolvimento-cognitivo-infantil-revela-estudo\/\"]}]},{\"@type\":\"ImageObject\",\"inLanguage\":\"pt-BR\",\"@id\":\"https:\/\/jornalfatosenoticias.com.br\/index.php\/2025\/09\/01\/viver-perto-da-natureza-favorece-o-desenvolvimento-cognitivo-infantil-revela-estudo\/#primaryimage\",\"url\":\"https:\/\/jornalfatosenoticias.com.br\/wp-content\/uploads\/2025\/09\/Viver-perto-da-natureza-favorece-o-desenvolvimento-cognitivo-infantil_freepik.jpg\",\"contentUrl\":\"https:\/\/jornalfatosenoticias.com.br\/wp-content\/uploads\/2025\/09\/Viver-perto-da-natureza-favorece-o-desenvolvimento-cognitivo-infantil_freepik.jpg\",\"width\":1000,\"height\":666},{\"@type\":\"BreadcrumbList\",\"@id\":\"https:\/\/jornalfatosenoticias.com.br\/index.php\/2025\/09\/01\/viver-perto-da-natureza-favorece-o-desenvolvimento-cognitivo-infantil-revela-estudo\/#breadcrumb\",\"itemListElement\":[{\"@type\":\"ListItem\",\"position\":1,\"name\":\"In\u00edcio\",\"item\":\"https:\/\/jornalfatosenoticias.com.br\/\"},{\"@type\":\"ListItem\",\"position\":2,\"name\":\"Viver perto da natureza favorece o desenvolvimento cognitivo infantil, revela estudo\"}]},{\"@type\":\"WebSite\",\"@id\":\"https:\/\/jornalfatosenoticias.com.br\/#website\",\"url\":\"https:\/\/jornalfatosenoticias.com.br\/\",\"name\":\"Jornal Fatos e Not\u00edcias\",\"description\":\"Not\u00edcias em geral\",\"publisher\":{\"@id\":\"https:\/\/jornalfatosenoticias.com.br\/#organization\"},\"potentialAction\":[{\"@type\":\"SearchAction\",\"target\":{\"@type\":\"EntryPoint\",\"urlTemplate\":\"https:\/\/jornalfatosenoticias.com.br\/?s={search_term_string}\"},\"query-input\":{\"@type\":\"PropertyValueSpecification\",\"valueRequired\":true,\"valueName\":\"search_term_string\"}}],\"inLanguage\":\"pt-BR\"},{\"@type\":\"Organization\",\"@id\":\"https:\/\/jornalfatosenoticias.com.br\/#organization\",\"name\":\"Jornal Fatos e Not\u00edcias\",\"url\":\"https:\/\/jornalfatosenoticias.com.br\/\",\"logo\":{\"@type\":\"ImageObject\",\"inLanguage\":\"pt-BR\",\"@id\":\"https:\/\/jornalfatosenoticias.com.br\/#\/schema\/logo\/image\/\",\"url\":\"https:\/\/jornalfatosenoticias.com.br\/wp-content\/uploads\/2020\/02\/logo120.png\",\"contentUrl\":\"https:\/\/jornalfatosenoticias.com.br\/wp-content\/uploads\/2020\/02\/logo120.png\",\"width\":1227,\"height\":120,\"caption\":\"Jornal Fatos e Not\u00edcias\"},\"image\":{\"@id\":\"https:\/\/jornalfatosenoticias.com.br\/#\/schema\/logo\/image\/\"}},{\"@type\":\"Person\",\"@id\":\"https:\/\/jornalfatosenoticias.com.br\/#\/schema\/person\/d63837fa13ac8666eb9e74e0985d6f81\",\"name\":\"Luzimara Fernandes\",\"image\":{\"@type\":\"ImageObject\",\"inLanguage\":\"pt-BR\",\"@id\":\"https:\/\/jornalfatosenoticias.com.br\/#\/schema\/person\/image\/\",\"url\":\"https:\/\/jornalfatosenoticias.com.br\/wp-content\/uploads\/2025\/05\/EU_portal.jpg\",\"contentUrl\":\"https:\/\/jornalfatosenoticias.com.br\/wp-content\/uploads\/2025\/05\/EU_portal.jpg\",\"caption\":\"Luzimara Fernandes\"},\"description\":\"Jornalista MTB 2358-ES\",\"sameAs\":[\"https:\/\/jornalfatosenoticias.com.br\"],\"url\":\"https:\/\/jornalfatosenoticias.com.br\/index.php\/author\/luzimara\/\"}]}<\/script>\n<!-- \/ Yoast SEO plugin. -->","yoast_head_json":{"title":"Viver perto da natureza favorece o desenvolvimento cognitivo infantil, revela estudo - Jornal Fatos e Not\u00edcias","robots":{"index":"index","follow":"follow","max-snippet":"max-snippet:-1","max-image-preview":"max-image-preview:large","max-video-preview":"max-video-preview:-1"},"canonical":"https:\/\/jornalfatosenoticias.com.br\/index.php\/2025\/09\/01\/viver-perto-da-natureza-favorece-o-desenvolvimento-cognitivo-infantil-revela-estudo\/","og_locale":"pt_BR","og_type":"article","og_title":"Viver perto da natureza favorece o desenvolvimento cognitivo infantil, revela estudo - Jornal Fatos e Not\u00edcias","og_description":"Pesquisadores da Universidade de Harvard descobriram que as \u00e1reas verdes ajudam a reduzir o risco de problemas comportamentais e de aprendizagem Por Maria Clara Pinheiro\u00a0 Muitas pessoas t\u00eam o sonho de construir uma fam\u00edlia longe das cidades e mais perto da natureza. Diferentes estudos j\u00e1 apontam para os benef\u00edcios da pr\u00e1tica, indicando que as \u00e1reas [&hellip;]","og_url":"https:\/\/jornalfatosenoticias.com.br\/index.php\/2025\/09\/01\/viver-perto-da-natureza-favorece-o-desenvolvimento-cognitivo-infantil-revela-estudo\/","og_site_name":"Jornal Fatos e Not\u00edcias","article_published_time":"2025-09-01T19:17:20+00:00","article_modified_time":"2025-09-01T19:17:21+00:00","og_image":[{"width":1000,"height":666,"url":"https:\/\/jornalfatosenoticias.com.br\/wp-content\/uploads\/2025\/09\/Viver-perto-da-natureza-favorece-o-desenvolvimento-cognitivo-infantil_freepik.jpg","type":"image\/jpeg"}],"author":"Luzimara Fernandes","twitter_card":"summary_large_image","twitter_misc":{"Escrito por":"Luzimara Fernandes","Est. tempo de leitura":"2 minutos"},"schema":{"@context":"https:\/\/schema.org","@graph":[{"@type":"Article","@id":"https:\/\/jornalfatosenoticias.com.br\/index.php\/2025\/09\/01\/viver-perto-da-natureza-favorece-o-desenvolvimento-cognitivo-infantil-revela-estudo\/#article","isPartOf":{"@id":"https:\/\/jornalfatosenoticias.com.br\/index.php\/2025\/09\/01\/viver-perto-da-natureza-favorece-o-desenvolvimento-cognitivo-infantil-revela-estudo\/"},"author":{"name":"Luzimara Fernandes","@id":"https:\/\/jornalfatosenoticias.com.br\/#\/schema\/person\/d63837fa13ac8666eb9e74e0985d6f81"},"headline":"Viver perto da natureza favorece o desenvolvimento cognitivo infantil, revela estudo","datePublished":"2025-09-01T19:17:20+00:00","dateModified":"2025-09-01T19:17:21+00:00","mainEntityOfPage":{"@id":"https:\/\/jornalfatosenoticias.com.br\/index.php\/2025\/09\/01\/viver-perto-da-natureza-favorece-o-desenvolvimento-cognitivo-infantil-revela-estudo\/"},"wordCount":379,"commentCount":0,"publisher":{"@id":"https:\/\/jornalfatosenoticias.com.br\/#organization"},"image":{"@id":"https:\/\/jornalfatosenoticias.com.br\/index.php\/2025\/09\/01\/viver-perto-da-natureza-favorece-o-desenvolvimento-cognitivo-infantil-revela-estudo\/#primaryimage"},"thumbnailUrl":"https:\/\/jornalfatosenoticias.com.br\/wp-content\/uploads\/2025\/09\/Viver-perto-da-natureza-favorece-o-desenvolvimento-cognitivo-infantil_freepik.jpg","keywords":["\u00e1reas verdes","bem-estar","coordena\u00e7\u00e3o motora","crian\u00e7as","emocional","filhos","gr\u00e1vidas","infantil","m\u00e3es","moradia","natureza","sociabilidade","Universidade de Harvard"],"articleSection":["Bem-estar"],"inLanguage":"pt-BR","potentialAction":[{"@type":"CommentAction","name":"Comment","target":["https:\/\/jornalfatosenoticias.com.br\/index.php\/2025\/09\/01\/viver-perto-da-natureza-favorece-o-desenvolvimento-cognitivo-infantil-revela-estudo\/#respond"]}]},{"@type":"WebPage","@id":"https:\/\/jornalfatosenoticias.com.br\/index.php\/2025\/09\/01\/viver-perto-da-natureza-favorece-o-desenvolvimento-cognitivo-infantil-revela-estudo\/","url":"https:\/\/jornalfatosenoticias.com.br\/index.php\/2025\/09\/01\/viver-perto-da-natureza-favorece-o-desenvolvimento-cognitivo-infantil-revela-estudo\/","name":"Viver perto da natureza favorece o desenvolvimento cognitivo infantil, revela estudo - Jornal Fatos e Not\u00edcias","isPartOf":{"@id":"https:\/\/jornalfatosenoticias.com.br\/#website"},"primaryImageOfPage":{"@id":"https:\/\/jornalfatosenoticias.com.br\/index.php\/2025\/09\/01\/viver-perto-da-natureza-favorece-o-desenvolvimento-cognitivo-infantil-revela-estudo\/#primaryimage"},"image":{"@id":"https:\/\/jornalfatosenoticias.com.br\/index.php\/2025\/09\/01\/viver-perto-da-natureza-favorece-o-desenvolvimento-cognitivo-infantil-revela-estudo\/#primaryimage"},"thumbnailUrl":"https:\/\/jornalfatosenoticias.com.br\/wp-content\/uploads\/2025\/09\/Viver-perto-da-natureza-favorece-o-desenvolvimento-cognitivo-infantil_freepik.jpg","datePublished":"2025-09-01T19:17:20+00:00","dateModified":"2025-09-01T19:17:21+00:00","breadcrumb":{"@id":"https:\/\/jornalfatosenoticias.com.br\/index.php\/2025\/09\/01\/viver-perto-da-natureza-favorece-o-desenvolvimento-cognitivo-infantil-revela-estudo\/#breadcrumb"},"inLanguage":"pt-BR","potentialAction":[{"@type":"ReadAction","target":["https:\/\/jornalfatosenoticias.com.br\/index.php\/2025\/09\/01\/viver-perto-da-natureza-favorece-o-desenvolvimento-cognitivo-infantil-revela-estudo\/"]}]},{"@type":"ImageObject","inLanguage":"pt-BR","@id":"https:\/\/jornalfatosenoticias.com.br\/index.php\/2025\/09\/01\/viver-perto-da-natureza-favorece-o-desenvolvimento-cognitivo-infantil-revela-estudo\/#primaryimage","url":"https:\/\/jornalfatosenoticias.com.br\/wp-content\/uploads\/2025\/09\/Viver-perto-da-natureza-favorece-o-desenvolvimento-cognitivo-infantil_freepik.jpg","contentUrl":"https:\/\/jornalfatosenoticias.com.br\/wp-content\/uploads\/2025\/09\/Viver-perto-da-natureza-favorece-o-desenvolvimento-cognitivo-infantil_freepik.jpg","width":1000,"height":666},{"@type":"BreadcrumbList","@id":"https:\/\/jornalfatosenoticias.com.br\/index.php\/2025\/09\/01\/viver-perto-da-natureza-favorece-o-desenvolvimento-cognitivo-infantil-revela-estudo\/#breadcrumb","itemListElement":[{"@type":"ListItem","position":1,"name":"In\u00edcio","item":"https:\/\/jornalfatosenoticias.com.br\/"},{"@type":"ListItem","position":2,"name":"Viver perto da natureza favorece o desenvolvimento cognitivo infantil, revela estudo"}]},{"@type":"WebSite","@id":"https:\/\/jornalfatosenoticias.com.br\/#website","url":"https:\/\/jornalfatosenoticias.com.br\/","name":"Jornal Fatos e Not\u00edcias","description":"Not\u00edcias em geral","publisher":{"@id":"https:\/\/jornalfatosenoticias.com.br\/#organization"},"potentialAction":[{"@type":"SearchAction","target":{"@type":"EntryPoint","urlTemplate":"https:\/\/jornalfatosenoticias.com.br\/?s={search_term_string}"},"query-input":{"@type":"PropertyValueSpecification","valueRequired":true,"valueName":"search_term_string"}}],"inLanguage":"pt-BR"},{"@type":"Organization","@id":"https:\/\/jornalfatosenoticias.com.br\/#organization","name":"Jornal Fatos e Not\u00edcias","url":"https:\/\/jornalfatosenoticias.com.br\/","logo":{"@type":"ImageObject","inLanguage":"pt-BR","@id":"https:\/\/jornalfatosenoticias.com.br\/#\/schema\/logo\/image\/","url":"https:\/\/jornalfatosenoticias.com.br\/wp-content\/uploads\/2020\/02\/logo120.png","contentUrl":"https:\/\/jornalfatosenoticias.com.br\/wp-content\/uploads\/2020\/02\/logo120.png","width":1227,"height":120,"caption":"Jornal Fatos e Not\u00edcias"},"image":{"@id":"https:\/\/jornalfatosenoticias.com.br\/#\/schema\/logo\/image\/"}},{"@type":"Person","@id":"https:\/\/jornalfatosenoticias.com.br\/#\/schema\/person\/d63837fa13ac8666eb9e74e0985d6f81","name":"Luzimara Fernandes","image":{"@type":"ImageObject","inLanguage":"pt-BR","@id":"https:\/\/jornalfatosenoticias.com.br\/#\/schema\/person\/image\/","url":"https:\/\/jornalfatosenoticias.com.br\/wp-content\/uploads\/2025\/05\/EU_portal.jpg","contentUrl":"https:\/\/jornalfatosenoticias.com.br\/wp-content\/uploads\/2025\/05\/EU_portal.jpg","caption":"Luzimara Fernandes"},"description":"Jornalista MTB 2358-ES","sameAs":["https:\/\/jornalfatosenoticias.com.br"],"url":"https:\/\/jornalfatosenoticias.com.br\/index.php\/author\/luzimara\/"}]}},"cc_featured_image_caption":{"caption_text":"(Foto: Freepik)  ","source_text":"","source_url":""},"jetpack_featured_media_url":"https:\/\/jornalfatosenoticias.com.br\/wp-content\/uploads\/2025\/09\/Viver-perto-da-natureza-favorece-o-desenvolvimento-cognitivo-infantil_freepik.jpg","_links":{"self":[{"href":"https:\/\/jornalfatosenoticias.com.br\/index.php\/wp-json\/wp\/v2\/posts\/61585","targetHints":{"allow":["GET"]}}],"collection":[{"href":"https:\/\/jornalfatosenoticias.com.br\/index.php\/wp-json\/wp\/v2\/posts"}],"about":[{"href":"https:\/\/jornalfatosenoticias.com.br\/index.php\/wp-json\/wp\/v2\/types\/post"}],"author":[{"embeddable":true,"href":"https:\/\/jornalfatosenoticias.com.br\/index.php\/wp-json\/wp\/v2\/users\/2"}],"replies":[{"embeddable":true,"href":"https:\/\/jornalfatosenoticias.com.br\/index.php\/wp-json\/wp\/v2\/comments?post=61585"}],"version-history":[{"count":0,"href":"https:\/\/jornalfatosenoticias.com.br\/index.php\/wp-json\/wp\/v2\/posts\/61585\/revisions"}],"wp:featuredmedia":[{"embeddable":true,"href":"https:\/\/jornalfatosenoticias.com.br\/index.php\/wp-json\/wp\/v2\/media\/61586"}],"wp:attachment":[{"href":"https:\/\/jornalfatosenoticias.com.br\/index.php\/wp-json\/wp\/v2\/media?parent=61585"}],"wp:term":[{"taxonomy":"category","embeddable":true,"href":"https:\/\/jornalfatosenoticias.com.br\/index.php\/wp-json\/wp\/v2\/categories?post=61585"},{"taxonomy":"post_tag","embeddable":true,"href":"https:\/\/jornalfatosenoticias.com.br\/index.php\/wp-json\/wp\/v2\/tags?post=61585"}],"curies":[{"name":"wp","href":"https:\/\/api.w.org\/{rel}","templated":true}]}}