{"id":61604,"date":"2025-09-02T14:28:39","date_gmt":"2025-09-02T17:28:39","guid":{"rendered":"https:\/\/jornalfatosenoticias.com.br\/?p=61604"},"modified":"2025-09-02T14:28:41","modified_gmt":"2025-09-02T17:28:41","slug":"japao-inaugura-usina-osmotica","status":"publish","type":"post","link":"https:\/\/jornalfatosenoticias.com.br\/index.php\/2025\/09\/02\/japao-inaugura-usina-osmotica\/","title":{"rendered":"Jap\u00e3o inaugura usina osm\u00f3tica"},"content":{"rendered":"\n<p><em><span class=\"has-inline-color has-black-color\">Ela gera eletricidade a partir de \u00e1gua salgada, convertendo a diferen\u00e7a de salinidade em energia limpa para 220 resid\u00eancias<\/span><\/em><\/p>\n\n\n\n<p><span class=\"has-inline-color has-black-color\">Por <strong><a href=\"https:\/\/clickpetroleoegas.com.br\/author\/flclucas\/\">Fabio Lucas Carvalho<\/a><\/strong><\/span><\/p>\n\n\n\n<div class=\"wp-block-image\"><figure class=\"aligncenter size-large\"><a href=\"https:\/\/www.instagram.com\/rcradiadores\/\"><img loading=\"lazy\" decoding=\"async\" width=\"560\" height=\"60\" src=\"https:\/\/jornalfatosenoticias.com.br\/wp-content\/uploads\/2022\/10\/Propaganda-RC-Radiadores-Jornal_page-0001.jpg\" alt=\"\" class=\"wp-image-35270\" srcset=\"https:\/\/jornalfatosenoticias.com.br\/wp-content\/uploads\/2022\/10\/Propaganda-RC-Radiadores-Jornal_page-0001.jpg 560w, https:\/\/jornalfatosenoticias.com.br\/wp-content\/uploads\/2022\/10\/Propaganda-RC-Radiadores-Jornal_page-0001-300x32.jpg 300w\" sizes=\"auto, (max-width: 560px) 100vw, 560px\" \/><\/a><\/figure><\/div>\n\n\n\n<p>O Jap\u00e3o inaugurou em Fukuoka sua primeira usina de energia osm\u00f3tica, tornando-se o segundo pa\u00eds do mundo, depois da Dinamarca, a operar essa tecnologia em larga escala. O feito representa um marco n\u00e3o apenas para a \u00c1sia, mas tamb\u00e9m para a expans\u00e3o da chamada energia azul, que come\u00e7a a deixar os laborat\u00f3rios e ganhar aplica\u00e7\u00e3o pr\u00e1tica.<br>A planta foi promovida pela Ag\u00eancia de \u00c1gua do Distrito de Fukuoka e iniciou suas opera\u00e7\u00f5es em 5 de agosto. A usina deve produzir cerca de 880.000 quilowatts-hora por ano. Essa energia ser\u00e1 destinada diretamente a uma instala\u00e7\u00e3o de dessaliniza\u00e7\u00e3o que abastece Fukuoka e regi\u00f5es vizinhas, garantindo fornecimento el\u00e9trico limpo, est\u00e1vel e livre de emiss\u00f5es de carbono.<\/p>\n\n\n\n<div class=\"wp-block-image\"><figure class=\"aligncenter size-large is-resized\"><a href=\"https:\/\/www.facebook.com\/postobkr\/?locale=pt_BR\"><img loading=\"lazy\" decoding=\"async\" src=\"https:\/\/jornalfatosenoticias.com.br\/wp-content\/uploads\/2023\/08\/BKR-1024x1021.jpg\" alt=\"\" class=\"wp-image-44494\" width=\"295\" height=\"294\" srcset=\"https:\/\/jornalfatosenoticias.com.br\/wp-content\/uploads\/2023\/08\/BKR-1024x1021.jpg 1024w, https:\/\/jornalfatosenoticias.com.br\/wp-content\/uploads\/2023\/08\/BKR-300x300.jpg 300w, https:\/\/jornalfatosenoticias.com.br\/wp-content\/uploads\/2023\/08\/BKR-150x150.jpg 150w, https:\/\/jornalfatosenoticias.com.br\/wp-content\/uploads\/2023\/08\/BKR-768x766.jpg 768w, https:\/\/jornalfatosenoticias.com.br\/wp-content\/uploads\/2023\/08\/BKR.jpg 1080w\" sizes=\"auto, (max-width: 295px) 100vw, 295px\" \/><\/a><\/figure><\/div>\n\n\n\n<p>O Jap\u00e3o, portanto, abre caminho para o uso de um recurso praticamente inesgot\u00e1vel: a diferen\u00e7a de salinidade entre \u00e1guas doces e salgadas. A energia osm\u00f3tica se baseia em um princ\u00edpio simples: a diferen\u00e7a de sal entre duas massas de \u00e1gua. No caso da usina japonesa, uma membrana semiperme\u00e1vel separa a \u00e1gua tratada de uma esta\u00e7\u00e3o de esgoto da \u00e1gua do mar concentrada.<br>Quando a \u00e1gua doce atravessa a membrana em dire\u00e7\u00e3o ao lado mais salgado, ocorre press\u00e3o. Essa press\u00e3o \u00e9 suficiente para movimentar uma turbina e gerar eletricidade continuamente, sem depender de sol ou vento. Diferente da energia solar e e\u00f3lica, a osm\u00f3tica funciona 24 horas por dia, sete dias por semana, com opera\u00e7\u00e3o est\u00e1vel.<\/p>\n\n\n\n<div class=\"wp-block-image\"><figure class=\"aligncenter size-large is-resized\"><a href=\"https:\/\/www.controlsystems.com.br\/\"><img loading=\"lazy\" decoding=\"async\" src=\"https:\/\/jornalfatosenoticias.com.br\/wp-content\/uploads\/2020\/02\/CONTROL-CS.jpg\" alt=\"\" class=\"wp-image-44991\" width=\"272\" height=\"326\" srcset=\"https:\/\/jornalfatosenoticias.com.br\/wp-content\/uploads\/2020\/02\/CONTROL-CS.jpg 834w, https:\/\/jornalfatosenoticias.com.br\/wp-content\/uploads\/2020\/02\/CONTROL-CS-250x300.jpg 250w, https:\/\/jornalfatosenoticias.com.br\/wp-content\/uploads\/2020\/02\/CONTROL-CS-768x921.jpg 768w\" sizes=\"auto, (max-width: 272px) 100vw, 272px\" \/><\/a><\/figure><\/div>\n\n\n\n<p>O processo ainda est\u00e1 em desenvolvimento, mas j\u00e1 apresenta avan\u00e7os importantes. Por isso, especialistas apontam a tecnologia como um complemento vi\u00e1vel para as redes renov\u00e1veis existentes. Um dos maiores desafios hist\u00f3ricos dessa fonte de energia est\u00e1 nas membranas. Elas precisam ter grande \u00e1rea de superf\u00edcie e s\u00e3o sens\u00edveis a atrito e perdas de press\u00e3o. Isso reduzia a efici\u00eancia e a viabilidade econ\u00f4mica dos projetos.<\/p>\n\n\n\n<div class=\"wp-block-image\"><figure class=\"aligncenter size-large is-resized\"><a href=\"https:\/\/www.facebook.com\/profile.php?id=100069289606145\"><img loading=\"lazy\" decoding=\"async\" src=\"https:\/\/jornalfatosenoticias.com.br\/wp-content\/uploads\/2024\/11\/Guaitolini-Contabilidade-1024x714.jpeg\" alt=\"\" class=\"wp-image-55808\" width=\"347\" height=\"242\" srcset=\"https:\/\/jornalfatosenoticias.com.br\/wp-content\/uploads\/2024\/11\/Guaitolini-Contabilidade-1024x714.jpeg 1024w, https:\/\/jornalfatosenoticias.com.br\/wp-content\/uploads\/2024\/11\/Guaitolini-Contabilidade-300x209.jpeg 300w, https:\/\/jornalfatosenoticias.com.br\/wp-content\/uploads\/2024\/11\/Guaitolini-Contabilidade-768x535.jpeg 768w, https:\/\/jornalfatosenoticias.com.br\/wp-content\/uploads\/2024\/11\/Guaitolini-Contabilidade.jpeg 1280w\" sizes=\"auto, (max-width: 347px) 100vw, 347px\" \/><\/a><\/figure><\/div>\n\n\n\n<p>Nos \u00faltimos anos, por\u00e9m, empresas como a japonesa Toyobo desenvolveram solu\u00e7\u00f5es mais robustas. Em Fukuoka, foram usadas membranas de osmose direta de fibra oca, criadas para maximizar o fluxo de \u00e1gua e reduzir perdas de energia. Outro avan\u00e7o importante foi a ado\u00e7\u00e3o da salmoura residual de usinas de dessaliniza\u00e7\u00e3o em vez de \u00e1gua do mar convencional. Essa solu\u00e7\u00e3o aumenta o gradiente de salinidade e, portanto, a press\u00e3o osm\u00f3tica dispon\u00edvel para convers\u00e3o em eletricidade.<\/p>\n\n\n\n<div class=\"wp-block-image\"><figure class=\"aligncenter size-large is-resized\"><a href=\"https:\/\/www.instagram.com\/serra4x4cambioautomatico\/\"><img loading=\"lazy\" decoding=\"async\" src=\"https:\/\/jornalfatosenoticias.com.br\/wp-content\/uploads\/2024\/08\/Serra-4x4-1-886x1024.jpg\" alt=\"\" class=\"wp-image-53632\" width=\"275\" height=\"317\" srcset=\"https:\/\/jornalfatosenoticias.com.br\/wp-content\/uploads\/2024\/08\/Serra-4x4-1-886x1024.jpg 886w, https:\/\/jornalfatosenoticias.com.br\/wp-content\/uploads\/2024\/08\/Serra-4x4-1-260x300.jpg 260w, https:\/\/jornalfatosenoticias.com.br\/wp-content\/uploads\/2024\/08\/Serra-4x4-1-768x888.jpg 768w, https:\/\/jornalfatosenoticias.com.br\/wp-content\/uploads\/2024\/08\/Serra-4x4-1.jpg 1181w\" sizes=\"auto, (max-width: 275px) 100vw, 275px\" \/><\/a><\/figure><\/div>\n\n\n\n<p><strong><span class=\"has-inline-color has-black-color\">A experi\u00eancia internacional<br><\/span><\/strong>A planta japonesa segue a inaugura\u00e7\u00e3o, em 2023, da primeira usina comercial de energia osm\u00f3tica em Mariager, na Dinamarca. Antes disso, Noruega e Coreia do Sul haviam testado projetos-piloto. Al\u00e9m desses pa\u00edses, universidades e startups da Espanha, Catar e Austr\u00e1lia desenvolvem prot\u00f3tipos. Entre os destaques est\u00e1 a francesa Sweetch Energy, que aposta na chamada Difus\u00e3o Nano Osm\u00f3tica I\u00f4nica (INOD). Essa tecnologia usa materiais de base biol\u00f3gica e estruturas nanom\u00e9tricas para melhorar a seletividade i\u00f4nica e reduzir perdas. Ainda em fase de valida\u00e7\u00e3o, promete impacto econ\u00f4mico e ambiental positivo.<\/p>\n\n\n\n<div class=\"wp-block-image\"><figure class=\"aligncenter size-large is-resized\"><a href=\"https:\/\/panper.com.br\/\"><img loading=\"lazy\" decoding=\"async\" src=\"https:\/\/jornalfatosenoticias.com.br\/wp-content\/uploads\/2023\/03\/logo-Panper_portal.jpg\" alt=\"\" class=\"wp-image-40208\" width=\"308\" height=\"213\" srcset=\"https:\/\/jornalfatosenoticias.com.br\/wp-content\/uploads\/2023\/03\/logo-Panper_portal.jpg 400w, https:\/\/jornalfatosenoticias.com.br\/wp-content\/uploads\/2023\/03\/logo-Panper_portal-300x208.jpg 300w\" sizes=\"auto, (max-width: 308px) 100vw, 308px\" \/><\/a><\/figure><\/div>\n\n\n\n<p><strong><span class=\"has-inline-color has-black-color\">Potencial de expans\u00e3o<br><\/span><\/strong>Apesar da capacidade atual ainda modesta \u2014 a usina de Fukuoka conseguiria abastecer aproximadamente 220 resid\u00eancias por ano \u2014 o potencial global \u00e9 expressivo. Estimativas indicam que deltas, estu\u00e1rios e regi\u00f5es costeiras poderiam gerar at\u00e9 2.000 terawatts-hora anuais. Isso equivale a quase 10% da demanda mundial de eletricidade.<\/p>\n\n\n\n<div class=\"wp-block-image\"><figure class=\"aligncenter size-large\"><a href=\"http:\/\/www.ferrarimaquinas.com.br\/\"><img loading=\"lazy\" decoding=\"async\" width=\"300\" height=\"250\" src=\"https:\/\/jornalfatosenoticias.com.br\/wp-content\/uploads\/2022\/02\/FERRARI_MAQUINAS-E-FERRAMENTAS2.jpg\" alt=\"\" class=\"wp-image-27860\"\/><\/a><\/figure><\/div>\n\n\n\n<p>Outra vantagem \u00e9 a possibilidade de integra\u00e7\u00e3o com estruturas j\u00e1 existentes, como esta\u00e7\u00f5es de tratamento de \u00e1gua e usinas de dessaliniza\u00e7\u00e3o. Essa estrat\u00e9gia pode reduzir custos, aumentar a efici\u00eancia e fornecer eletricidade limpa diretamente nas comunidades locais.<\/p>\n\n\n\n<div class=\"wp-block-image\"><figure class=\"aligncenter size-large is-resized\"><a href=\"https:\/\/www.instagram.com\/gruposei\/\"><img loading=\"lazy\" decoding=\"async\" src=\"https:\/\/jornalfatosenoticias.com.br\/wp-content\/uploads\/2022\/07\/Logo-Grupo-SEI.jpg\" alt=\"\" class=\"wp-image-31973\" width=\"335\" height=\"176\" srcset=\"https:\/\/jornalfatosenoticias.com.br\/wp-content\/uploads\/2022\/07\/Logo-Grupo-SEI.jpg 713w, https:\/\/jornalfatosenoticias.com.br\/wp-content\/uploads\/2022\/07\/Logo-Grupo-SEI-300x158.jpg 300w\" sizes=\"auto, (max-width: 335px) 100vw, 335px\" \/><\/a><\/figure><\/div>\n\n\n\n<p><strong><span class=\"has-inline-color has-black-color\">Vantagens ambientais e estrat\u00e9gicas<br><\/span><\/strong>A energia osm\u00f3tica n\u00e3o depende de combust\u00edveis f\u00f3sseis, n\u00e3o gera emiss\u00f5es diretas e apresenta baixo impacto ambiental. Seu funcionamento constante a torna ideal para apoiar a transi\u00e7\u00e3o energ\u00e9tica em locais onde solar e e\u00f3lica t\u00eam limita\u00e7\u00f5es. Al\u00e9m disso, sua implementa\u00e7\u00e3o em \u00e1reas urbanas costeiras oferece a chance de descentralizar a gera\u00e7\u00e3o el\u00e9trica, fortalecendo a seguran\u00e7a energ\u00e9tica e diminuindo a depend\u00eancia de grandes centrais. O Jap\u00e3o, ao adotar a tecnologia, sinaliza ao mundo a busca por alternativas que conciliam sustentabilidade e estabilidade no fornecimento.<\/p>\n\n\n\n<div class=\"wp-block-image\"><figure class=\"aligncenter size-large\"><a href=\"https:\/\/www.cesconetto.com.br\/\"><img loading=\"lazy\" decoding=\"async\" width=\"300\" height=\"250\" src=\"https:\/\/jornalfatosenoticias.com.br\/wp-content\/uploads\/2022\/02\/Banner-2.png\" alt=\"\" class=\"wp-image-27877\"\/><\/a><\/figure><\/div>\n\n\n\n<p><strong><span class=\"has-inline-color has-black-color\">Caminhos para o futuro<br><\/span><\/strong>Para que a energia osm\u00f3tica se torne competitiva, especialistas apontam tr\u00eas frentes principais. Primeiro, o investimento cont\u00ednuo em pesquisa e desenvolvimento de membranas mais eficientes e acess\u00edveis. Segundo, a forma\u00e7\u00e3o de parcerias com operadores de \u00e1gua para instalar usinas em estruturas j\u00e1 dispon\u00edveis. E terceiro, a cria\u00e7\u00e3o de regulamenta\u00e7\u00f5es que reconhe\u00e7am oficialmente a energia osm\u00f3tica como estrat\u00e9gica para a matriz renov\u00e1vel.<\/p>\n\n\n\n<div class=\"wp-block-image\"><figure class=\"aligncenter size-large is-resized\"><a href=\"https:\/\/www.ithbrasil.com.br\/\"><img loading=\"lazy\" decoding=\"async\" src=\"https:\/\/jornalfatosenoticias.com.br\/wp-content\/uploads\/2023\/08\/ITH.jpeg\" alt=\"\" class=\"wp-image-44638\" width=\"307\" height=\"249\" srcset=\"https:\/\/jornalfatosenoticias.com.br\/wp-content\/uploads\/2023\/08\/ITH.jpeg 800w, https:\/\/jornalfatosenoticias.com.br\/wp-content\/uploads\/2023\/08\/ITH-300x244.jpeg 300w, https:\/\/jornalfatosenoticias.com.br\/wp-content\/uploads\/2023\/08\/ITH-768x624.jpeg 768w\" sizes=\"auto, (max-width: 307px) 100vw, 307px\" \/><\/a><\/figure><\/div>\n\n\n\n<p>Projetos-piloto em regi\u00f5es fluviais urbanas e \u00e1reas com alta produ\u00e7\u00e3o de salmoura tamb\u00e9m s\u00e3o vistos como oportunidades para acelerar a valida\u00e7\u00e3o comercial. Portanto, mesmo que ainda esteja nos primeiros est\u00e1gios, a energia osm\u00f3tica mostra potencial significativo. Se receber apoio adequado, pode se transformar em pe\u00e7a-chave para diversificar a matriz energ\u00e9tica mundial e refor\u00e7ar a sustentabilidade em larga escala.<\/p>\n\n\n\n<div class=\"wp-block-image\"><figure class=\"aligncenter size-large is-resized\"><a href=\"https:\/\/www.facebook.com\/vetor.vix\/\"><img loading=\"lazy\" decoding=\"async\" src=\"https:\/\/jornalfatosenoticias.com.br\/wp-content\/uploads\/2023\/09\/vetorvix1024_1.jpg\" alt=\"\" class=\"wp-image-44868\" width=\"516\" height=\"137\" srcset=\"https:\/\/jornalfatosenoticias.com.br\/wp-content\/uploads\/2023\/09\/vetorvix1024_1.jpg 1024w, https:\/\/jornalfatosenoticias.com.br\/wp-content\/uploads\/2023\/09\/vetorvix1024_1-300x80.jpg 300w, https:\/\/jornalfatosenoticias.com.br\/wp-content\/uploads\/2023\/09\/vetorvix1024_1-768x205.jpg 768w\" sizes=\"auto, (max-width: 516px) 100vw, 516px\" \/><\/a><\/figure><\/div>\n\n\n\n<p><strong>Fonte: <a href=\"https:\/\/clickpetroleoegas.com.br\/japao-usina-osmotica-energia-limpa-flpc96\/\">Click Petr\u00f3leo e G\u00e1s<\/a><\/strong><\/p>\n","protected":false},"excerpt":{"rendered":"<p>Ela gera eletricidade a partir de \u00e1gua salgada, convertendo a diferen\u00e7a de salinidade em energia limpa para 220 resid\u00eancias Por Fabio Lucas Carvalho O Jap\u00e3o inaugurou em Fukuoka sua primeira usina de energia osm\u00f3tica, tornando-se o segundo pa\u00eds do mundo, depois da Dinamarca, a operar essa tecnologia em larga escala. O feito representa um marco [&hellip;]<\/p>\n","protected":false},"author":2,"featured_media":61605,"comment_status":"open","ping_status":"open","sticky":false,"template":"","format":"standard","meta":{"footnotes":""},"categories":[3],"tags":[166,201,2539,233,198,28088,28089],"class_list":["post-61604","post","type-post","status-publish","format-standard","has-post-thumbnail","hentry","category-tecnologia","tag-ciencia","tag-eletricidade","tag-energia","tag-japao","tag-tecnologia","tag-usina","tag-usina-osmotica"],"yoast_head":"<!-- This site is optimized with the Yoast SEO plugin v26.5 - https:\/\/yoast.com\/wordpress\/plugins\/seo\/ -->\n<title>Jap\u00e3o inaugura usina osm\u00f3tica - Jornal Fatos e Not\u00edcias<\/title>\n<meta name=\"robots\" content=\"index, follow, max-snippet:-1, max-image-preview:large, max-video-preview:-1\" \/>\n<link rel=\"canonical\" href=\"https:\/\/jornalfatosenoticias.com.br\/index.php\/2025\/09\/02\/japao-inaugura-usina-osmotica\/\" \/>\n<meta property=\"og:locale\" content=\"pt_BR\" \/>\n<meta property=\"og:type\" content=\"article\" \/>\n<meta property=\"og:title\" content=\"Jap\u00e3o inaugura usina osm\u00f3tica - Jornal Fatos e Not\u00edcias\" \/>\n<meta property=\"og:description\" content=\"Ela gera eletricidade a partir de \u00e1gua salgada, convertendo a diferen\u00e7a de salinidade em energia limpa para 220 resid\u00eancias Por Fabio Lucas Carvalho O Jap\u00e3o inaugurou em Fukuoka sua primeira usina de energia osm\u00f3tica, tornando-se o segundo pa\u00eds do mundo, depois da Dinamarca, a operar essa tecnologia em larga escala. O feito representa um marco [&hellip;]\" \/>\n<meta property=\"og:url\" content=\"https:\/\/jornalfatosenoticias.com.br\/index.php\/2025\/09\/02\/japao-inaugura-usina-osmotica\/\" \/>\n<meta property=\"og:site_name\" content=\"Jornal Fatos e Not\u00edcias\" \/>\n<meta property=\"article:published_time\" content=\"2025-09-02T17:28:39+00:00\" \/>\n<meta property=\"article:modified_time\" content=\"2025-09-02T17:28:41+00:00\" \/>\n<meta property=\"og:image\" content=\"https:\/\/jornalfatosenoticias.com.br\/wp-content\/uploads\/2025\/09\/usina-osmotica-japao.jpg\" \/>\n\t<meta property=\"og:image:width\" content=\"1000\" \/>\n\t<meta property=\"og:image:height\" content=\"562\" \/>\n\t<meta property=\"og:image:type\" content=\"image\/jpeg\" \/>\n<meta name=\"author\" content=\"Luzimara Fernandes\" \/>\n<meta name=\"twitter:card\" content=\"summary_large_image\" \/>\n<meta name=\"twitter:label1\" content=\"Escrito por\" \/>\n\t<meta name=\"twitter:data1\" content=\"Luzimara Fernandes\" \/>\n\t<meta name=\"twitter:label2\" content=\"Est. tempo de leitura\" \/>\n\t<meta name=\"twitter:data2\" content=\"4 minutos\" \/>\n<script type=\"application\/ld+json\" class=\"yoast-schema-graph\">{\"@context\":\"https:\/\/schema.org\",\"@graph\":[{\"@type\":\"Article\",\"@id\":\"https:\/\/jornalfatosenoticias.com.br\/index.php\/2025\/09\/02\/japao-inaugura-usina-osmotica\/#article\",\"isPartOf\":{\"@id\":\"https:\/\/jornalfatosenoticias.com.br\/index.php\/2025\/09\/02\/japao-inaugura-usina-osmotica\/\"},\"author\":{\"name\":\"Luzimara Fernandes\",\"@id\":\"https:\/\/jornalfatosenoticias.com.br\/#\/schema\/person\/d63837fa13ac8666eb9e74e0985d6f81\"},\"headline\":\"Jap\u00e3o inaugura usina osm\u00f3tica\",\"datePublished\":\"2025-09-02T17:28:39+00:00\",\"dateModified\":\"2025-09-02T17:28:41+00:00\",\"mainEntityOfPage\":{\"@id\":\"https:\/\/jornalfatosenoticias.com.br\/index.php\/2025\/09\/02\/japao-inaugura-usina-osmotica\/\"},\"wordCount\":898,\"commentCount\":0,\"publisher\":{\"@id\":\"https:\/\/jornalfatosenoticias.com.br\/#organization\"},\"image\":{\"@id\":\"https:\/\/jornalfatosenoticias.com.br\/index.php\/2025\/09\/02\/japao-inaugura-usina-osmotica\/#primaryimage\"},\"thumbnailUrl\":\"https:\/\/jornalfatosenoticias.com.br\/wp-content\/uploads\/2025\/09\/usina-osmotica-japao.jpg\",\"keywords\":[\"ci\u00eancia\",\"eletricidade\",\"energia\",\"jap\u00e3o\",\"tecnologia\",\"usina\",\"usina osm\u00f3tica\"],\"articleSection\":[\"Tecnologia &amp; Inova\u00e7\u00e3o\"],\"inLanguage\":\"pt-BR\",\"potentialAction\":[{\"@type\":\"CommentAction\",\"name\":\"Comment\",\"target\":[\"https:\/\/jornalfatosenoticias.com.br\/index.php\/2025\/09\/02\/japao-inaugura-usina-osmotica\/#respond\"]}]},{\"@type\":\"WebPage\",\"@id\":\"https:\/\/jornalfatosenoticias.com.br\/index.php\/2025\/09\/02\/japao-inaugura-usina-osmotica\/\",\"url\":\"https:\/\/jornalfatosenoticias.com.br\/index.php\/2025\/09\/02\/japao-inaugura-usina-osmotica\/\",\"name\":\"Jap\u00e3o inaugura usina osm\u00f3tica - Jornal Fatos e Not\u00edcias\",\"isPartOf\":{\"@id\":\"https:\/\/jornalfatosenoticias.com.br\/#website\"},\"primaryImageOfPage\":{\"@id\":\"https:\/\/jornalfatosenoticias.com.br\/index.php\/2025\/09\/02\/japao-inaugura-usina-osmotica\/#primaryimage\"},\"image\":{\"@id\":\"https:\/\/jornalfatosenoticias.com.br\/index.php\/2025\/09\/02\/japao-inaugura-usina-osmotica\/#primaryimage\"},\"thumbnailUrl\":\"https:\/\/jornalfatosenoticias.com.br\/wp-content\/uploads\/2025\/09\/usina-osmotica-japao.jpg\",\"datePublished\":\"2025-09-02T17:28:39+00:00\",\"dateModified\":\"2025-09-02T17:28:41+00:00\",\"breadcrumb\":{\"@id\":\"https:\/\/jornalfatosenoticias.com.br\/index.php\/2025\/09\/02\/japao-inaugura-usina-osmotica\/#breadcrumb\"},\"inLanguage\":\"pt-BR\",\"potentialAction\":[{\"@type\":\"ReadAction\",\"target\":[\"https:\/\/jornalfatosenoticias.com.br\/index.php\/2025\/09\/02\/japao-inaugura-usina-osmotica\/\"]}]},{\"@type\":\"ImageObject\",\"inLanguage\":\"pt-BR\",\"@id\":\"https:\/\/jornalfatosenoticias.com.br\/index.php\/2025\/09\/02\/japao-inaugura-usina-osmotica\/#primaryimage\",\"url\":\"https:\/\/jornalfatosenoticias.com.br\/wp-content\/uploads\/2025\/09\/usina-osmotica-japao.jpg\",\"contentUrl\":\"https:\/\/jornalfatosenoticias.com.br\/wp-content\/uploads\/2025\/09\/usina-osmotica-japao.jpg\",\"width\":1000,\"height\":562},{\"@type\":\"BreadcrumbList\",\"@id\":\"https:\/\/jornalfatosenoticias.com.br\/index.php\/2025\/09\/02\/japao-inaugura-usina-osmotica\/#breadcrumb\",\"itemListElement\":[{\"@type\":\"ListItem\",\"position\":1,\"name\":\"In\u00edcio\",\"item\":\"https:\/\/jornalfatosenoticias.com.br\/\"},{\"@type\":\"ListItem\",\"position\":2,\"name\":\"Jap\u00e3o inaugura usina osm\u00f3tica\"}]},{\"@type\":\"WebSite\",\"@id\":\"https:\/\/jornalfatosenoticias.com.br\/#website\",\"url\":\"https:\/\/jornalfatosenoticias.com.br\/\",\"name\":\"Jornal Fatos e Not\u00edcias\",\"description\":\"Not\u00edcias em geral\",\"publisher\":{\"@id\":\"https:\/\/jornalfatosenoticias.com.br\/#organization\"},\"potentialAction\":[{\"@type\":\"SearchAction\",\"target\":{\"@type\":\"EntryPoint\",\"urlTemplate\":\"https:\/\/jornalfatosenoticias.com.br\/?s={search_term_string}\"},\"query-input\":{\"@type\":\"PropertyValueSpecification\",\"valueRequired\":true,\"valueName\":\"search_term_string\"}}],\"inLanguage\":\"pt-BR\"},{\"@type\":\"Organization\",\"@id\":\"https:\/\/jornalfatosenoticias.com.br\/#organization\",\"name\":\"Jornal Fatos e Not\u00edcias\",\"url\":\"https:\/\/jornalfatosenoticias.com.br\/\",\"logo\":{\"@type\":\"ImageObject\",\"inLanguage\":\"pt-BR\",\"@id\":\"https:\/\/jornalfatosenoticias.com.br\/#\/schema\/logo\/image\/\",\"url\":\"https:\/\/jornalfatosenoticias.com.br\/wp-content\/uploads\/2020\/02\/logo120.png\",\"contentUrl\":\"https:\/\/jornalfatosenoticias.com.br\/wp-content\/uploads\/2020\/02\/logo120.png\",\"width\":1227,\"height\":120,\"caption\":\"Jornal Fatos e Not\u00edcias\"},\"image\":{\"@id\":\"https:\/\/jornalfatosenoticias.com.br\/#\/schema\/logo\/image\/\"}},{\"@type\":\"Person\",\"@id\":\"https:\/\/jornalfatosenoticias.com.br\/#\/schema\/person\/d63837fa13ac8666eb9e74e0985d6f81\",\"name\":\"Luzimara Fernandes\",\"image\":{\"@type\":\"ImageObject\",\"inLanguage\":\"pt-BR\",\"@id\":\"https:\/\/jornalfatosenoticias.com.br\/#\/schema\/person\/image\/\",\"url\":\"https:\/\/jornalfatosenoticias.com.br\/wp-content\/uploads\/2025\/05\/EU_portal.jpg\",\"contentUrl\":\"https:\/\/jornalfatosenoticias.com.br\/wp-content\/uploads\/2025\/05\/EU_portal.jpg\",\"caption\":\"Luzimara Fernandes\"},\"description\":\"Jornalista MTB 2358-ES\",\"sameAs\":[\"https:\/\/jornalfatosenoticias.com.br\"],\"url\":\"https:\/\/jornalfatosenoticias.com.br\/index.php\/author\/luzimara\/\"}]}<\/script>\n<!-- \/ Yoast SEO plugin. -->","yoast_head_json":{"title":"Jap\u00e3o inaugura usina osm\u00f3tica - Jornal Fatos e Not\u00edcias","robots":{"index":"index","follow":"follow","max-snippet":"max-snippet:-1","max-image-preview":"max-image-preview:large","max-video-preview":"max-video-preview:-1"},"canonical":"https:\/\/jornalfatosenoticias.com.br\/index.php\/2025\/09\/02\/japao-inaugura-usina-osmotica\/","og_locale":"pt_BR","og_type":"article","og_title":"Jap\u00e3o inaugura usina osm\u00f3tica - Jornal Fatos e Not\u00edcias","og_description":"Ela gera eletricidade a partir de \u00e1gua salgada, convertendo a diferen\u00e7a de salinidade em energia limpa para 220 resid\u00eancias Por Fabio Lucas Carvalho O Jap\u00e3o inaugurou em Fukuoka sua primeira usina de energia osm\u00f3tica, tornando-se o segundo pa\u00eds do mundo, depois da Dinamarca, a operar essa tecnologia em larga escala. O feito representa um marco [&hellip;]","og_url":"https:\/\/jornalfatosenoticias.com.br\/index.php\/2025\/09\/02\/japao-inaugura-usina-osmotica\/","og_site_name":"Jornal Fatos e Not\u00edcias","article_published_time":"2025-09-02T17:28:39+00:00","article_modified_time":"2025-09-02T17:28:41+00:00","og_image":[{"width":1000,"height":562,"url":"https:\/\/jornalfatosenoticias.com.br\/wp-content\/uploads\/2025\/09\/usina-osmotica-japao.jpg","type":"image\/jpeg"}],"author":"Luzimara Fernandes","twitter_card":"summary_large_image","twitter_misc":{"Escrito por":"Luzimara Fernandes","Est. tempo de leitura":"4 minutos"},"schema":{"@context":"https:\/\/schema.org","@graph":[{"@type":"Article","@id":"https:\/\/jornalfatosenoticias.com.br\/index.php\/2025\/09\/02\/japao-inaugura-usina-osmotica\/#article","isPartOf":{"@id":"https:\/\/jornalfatosenoticias.com.br\/index.php\/2025\/09\/02\/japao-inaugura-usina-osmotica\/"},"author":{"name":"Luzimara Fernandes","@id":"https:\/\/jornalfatosenoticias.com.br\/#\/schema\/person\/d63837fa13ac8666eb9e74e0985d6f81"},"headline":"Jap\u00e3o inaugura usina osm\u00f3tica","datePublished":"2025-09-02T17:28:39+00:00","dateModified":"2025-09-02T17:28:41+00:00","mainEntityOfPage":{"@id":"https:\/\/jornalfatosenoticias.com.br\/index.php\/2025\/09\/02\/japao-inaugura-usina-osmotica\/"},"wordCount":898,"commentCount":0,"publisher":{"@id":"https:\/\/jornalfatosenoticias.com.br\/#organization"},"image":{"@id":"https:\/\/jornalfatosenoticias.com.br\/index.php\/2025\/09\/02\/japao-inaugura-usina-osmotica\/#primaryimage"},"thumbnailUrl":"https:\/\/jornalfatosenoticias.com.br\/wp-content\/uploads\/2025\/09\/usina-osmotica-japao.jpg","keywords":["ci\u00eancia","eletricidade","energia","jap\u00e3o","tecnologia","usina","usina osm\u00f3tica"],"articleSection":["Tecnologia &amp; Inova\u00e7\u00e3o"],"inLanguage":"pt-BR","potentialAction":[{"@type":"CommentAction","name":"Comment","target":["https:\/\/jornalfatosenoticias.com.br\/index.php\/2025\/09\/02\/japao-inaugura-usina-osmotica\/#respond"]}]},{"@type":"WebPage","@id":"https:\/\/jornalfatosenoticias.com.br\/index.php\/2025\/09\/02\/japao-inaugura-usina-osmotica\/","url":"https:\/\/jornalfatosenoticias.com.br\/index.php\/2025\/09\/02\/japao-inaugura-usina-osmotica\/","name":"Jap\u00e3o inaugura usina osm\u00f3tica - Jornal Fatos e Not\u00edcias","isPartOf":{"@id":"https:\/\/jornalfatosenoticias.com.br\/#website"},"primaryImageOfPage":{"@id":"https:\/\/jornalfatosenoticias.com.br\/index.php\/2025\/09\/02\/japao-inaugura-usina-osmotica\/#primaryimage"},"image":{"@id":"https:\/\/jornalfatosenoticias.com.br\/index.php\/2025\/09\/02\/japao-inaugura-usina-osmotica\/#primaryimage"},"thumbnailUrl":"https:\/\/jornalfatosenoticias.com.br\/wp-content\/uploads\/2025\/09\/usina-osmotica-japao.jpg","datePublished":"2025-09-02T17:28:39+00:00","dateModified":"2025-09-02T17:28:41+00:00","breadcrumb":{"@id":"https:\/\/jornalfatosenoticias.com.br\/index.php\/2025\/09\/02\/japao-inaugura-usina-osmotica\/#breadcrumb"},"inLanguage":"pt-BR","potentialAction":[{"@type":"ReadAction","target":["https:\/\/jornalfatosenoticias.com.br\/index.php\/2025\/09\/02\/japao-inaugura-usina-osmotica\/"]}]},{"@type":"ImageObject","inLanguage":"pt-BR","@id":"https:\/\/jornalfatosenoticias.com.br\/index.php\/2025\/09\/02\/japao-inaugura-usina-osmotica\/#primaryimage","url":"https:\/\/jornalfatosenoticias.com.br\/wp-content\/uploads\/2025\/09\/usina-osmotica-japao.jpg","contentUrl":"https:\/\/jornalfatosenoticias.com.br\/wp-content\/uploads\/2025\/09\/usina-osmotica-japao.jpg","width":1000,"height":562},{"@type":"BreadcrumbList","@id":"https:\/\/jornalfatosenoticias.com.br\/index.php\/2025\/09\/02\/japao-inaugura-usina-osmotica\/#breadcrumb","itemListElement":[{"@type":"ListItem","position":1,"name":"In\u00edcio","item":"https:\/\/jornalfatosenoticias.com.br\/"},{"@type":"ListItem","position":2,"name":"Jap\u00e3o inaugura usina osm\u00f3tica"}]},{"@type":"WebSite","@id":"https:\/\/jornalfatosenoticias.com.br\/#website","url":"https:\/\/jornalfatosenoticias.com.br\/","name":"Jornal Fatos e Not\u00edcias","description":"Not\u00edcias em geral","publisher":{"@id":"https:\/\/jornalfatosenoticias.com.br\/#organization"},"potentialAction":[{"@type":"SearchAction","target":{"@type":"EntryPoint","urlTemplate":"https:\/\/jornalfatosenoticias.com.br\/?s={search_term_string}"},"query-input":{"@type":"PropertyValueSpecification","valueRequired":true,"valueName":"search_term_string"}}],"inLanguage":"pt-BR"},{"@type":"Organization","@id":"https:\/\/jornalfatosenoticias.com.br\/#organization","name":"Jornal Fatos e Not\u00edcias","url":"https:\/\/jornalfatosenoticias.com.br\/","logo":{"@type":"ImageObject","inLanguage":"pt-BR","@id":"https:\/\/jornalfatosenoticias.com.br\/#\/schema\/logo\/image\/","url":"https:\/\/jornalfatosenoticias.com.br\/wp-content\/uploads\/2020\/02\/logo120.png","contentUrl":"https:\/\/jornalfatosenoticias.com.br\/wp-content\/uploads\/2020\/02\/logo120.png","width":1227,"height":120,"caption":"Jornal Fatos e Not\u00edcias"},"image":{"@id":"https:\/\/jornalfatosenoticias.com.br\/#\/schema\/logo\/image\/"}},{"@type":"Person","@id":"https:\/\/jornalfatosenoticias.com.br\/#\/schema\/person\/d63837fa13ac8666eb9e74e0985d6f81","name":"Luzimara Fernandes","image":{"@type":"ImageObject","inLanguage":"pt-BR","@id":"https:\/\/jornalfatosenoticias.com.br\/#\/schema\/person\/image\/","url":"https:\/\/jornalfatosenoticias.com.br\/wp-content\/uploads\/2025\/05\/EU_portal.jpg","contentUrl":"https:\/\/jornalfatosenoticias.com.br\/wp-content\/uploads\/2025\/05\/EU_portal.jpg","caption":"Luzimara Fernandes"},"description":"Jornalista MTB 2358-ES","sameAs":["https:\/\/jornalfatosenoticias.com.br"],"url":"https:\/\/jornalfatosenoticias.com.br\/index.php\/author\/luzimara\/"}]}},"cc_featured_image_caption":{"caption_text":"(Foto: Reprodu\u00e7\u00e3o)  ","source_text":"","source_url":""},"jetpack_featured_media_url":"https:\/\/jornalfatosenoticias.com.br\/wp-content\/uploads\/2025\/09\/usina-osmotica-japao.jpg","_links":{"self":[{"href":"https:\/\/jornalfatosenoticias.com.br\/index.php\/wp-json\/wp\/v2\/posts\/61604","targetHints":{"allow":["GET"]}}],"collection":[{"href":"https:\/\/jornalfatosenoticias.com.br\/index.php\/wp-json\/wp\/v2\/posts"}],"about":[{"href":"https:\/\/jornalfatosenoticias.com.br\/index.php\/wp-json\/wp\/v2\/types\/post"}],"author":[{"embeddable":true,"href":"https:\/\/jornalfatosenoticias.com.br\/index.php\/wp-json\/wp\/v2\/users\/2"}],"replies":[{"embeddable":true,"href":"https:\/\/jornalfatosenoticias.com.br\/index.php\/wp-json\/wp\/v2\/comments?post=61604"}],"version-history":[{"count":0,"href":"https:\/\/jornalfatosenoticias.com.br\/index.php\/wp-json\/wp\/v2\/posts\/61604\/revisions"}],"wp:featuredmedia":[{"embeddable":true,"href":"https:\/\/jornalfatosenoticias.com.br\/index.php\/wp-json\/wp\/v2\/media\/61605"}],"wp:attachment":[{"href":"https:\/\/jornalfatosenoticias.com.br\/index.php\/wp-json\/wp\/v2\/media?parent=61604"}],"wp:term":[{"taxonomy":"category","embeddable":true,"href":"https:\/\/jornalfatosenoticias.com.br\/index.php\/wp-json\/wp\/v2\/categories?post=61604"},{"taxonomy":"post_tag","embeddable":true,"href":"https:\/\/jornalfatosenoticias.com.br\/index.php\/wp-json\/wp\/v2\/tags?post=61604"}],"curies":[{"name":"wp","href":"https:\/\/api.w.org\/{rel}","templated":true}]}}