{"id":61607,"date":"2025-09-02T14:43:08","date_gmt":"2025-09-02T17:43:08","guid":{"rendered":"https:\/\/jornalfatosenoticias.com.br\/?p=61607"},"modified":"2025-09-02T14:43:09","modified_gmt":"2025-09-02T17:43:09","slug":"richard-strauss-o-controverso-compositor-que-assumiu-cargo-na-alemanha-nazista","status":"publish","type":"post","link":"https:\/\/jornalfatosenoticias.com.br\/index.php\/2025\/09\/02\/richard-strauss-o-controverso-compositor-que-assumiu-cargo-na-alemanha-nazista\/","title":{"rendered":"Richard Strauss, o controverso compositor que assumiu cargo na Alemanha nazista"},"content":{"rendered":"\n<p><em><span class=\"has-inline-color has-black-color\">Embora tivesse nora e netos judeus, Strauss exerceu cargo de destaque na Alemanha nazista a convite de Goebbels<\/span><\/em><\/p>\n\n\n\n<p><span class=\"has-inline-color has-black-color\">Por <strong><a href=\"https:\/\/aventurasnahistoria.com.br\/noticias\/author\/giovanna-gomes\">Giovanna Gomes<\/a><\/strong><\/span><\/p>\n\n\n\n<div class=\"wp-block-image\"><figure class=\"aligncenter size-large\"><a href=\"https:\/\/mizu.com.br\/\"><img loading=\"lazy\" decoding=\"async\" width=\"729\" height=\"90\" src=\"https:\/\/jornalfatosenoticias.com.br\/wp-content\/uploads\/2020\/02\/Logo_Mizu.png\" alt=\"\" class=\"wp-image-1441\" srcset=\"https:\/\/jornalfatosenoticias.com.br\/wp-content\/uploads\/2020\/02\/Logo_Mizu.png 729w, https:\/\/jornalfatosenoticias.com.br\/wp-content\/uploads\/2020\/02\/Logo_Mizu-300x37.png 300w\" sizes=\"auto, (max-width: 729px) 100vw, 729px\" \/><\/a><\/figure><\/div>\n\n\n\n<p>\u201cPara Richard Strauss, o compositor, eu tiro o chap\u00e9u. Para <mark>Richard Strauss<\/mark>, o homem, eu o coloco de novo\u201d, disse, certa vez, o maestro italiano\u00a0<strong>Arturo Toscanini<\/strong>, sobre um dos mais influentes compositores da hist\u00f3ria da m\u00fasica alem\u00e3. Figura controversa, o compositor de obras famosas como as \u00f3peras Salom\u00e9 e <a href=\"https:\/\/pt.wikipedia.org\/wiki\/Der_Rosenkavalier\">Der Rosenkavalier<\/a>, chegou a exercer\u00a0<mark>cargo de destaque na Alemanha Nazista<\/mark>. No entanto, assistiu horrorizado \u00e0 persegui\u00e7\u00e3o contra sua nora judia e ao familiares dela durante o regime.<br>Chamado de \u201ccompositor hitleriano\u201d pelo escritor <strong>Thomas Mann,<\/strong> o r\u00f3tulo tornaria qualquer celebra\u00e7\u00e3o da vida de <strong>Strauss<\/strong> impens\u00e1vel para muitos. Embora um conselho alem\u00e3o de desnazifica\u00e7\u00e3o o tenha liberado em 1948, seu nome ainda vinha carregado de estigma, tanto que, no centen\u00e1rio de seu nascimento, em 1964, as homenagens ao m\u00fasico foram discretas. Al\u00e9m disso, sua m\u00fasica, assim como a de <strong>Wagner, <\/strong>foi banida em Israel e evitada em muitos lugares.<\/p>\n\n\n\n<div class=\"wp-block-image\"><figure class=\"aligncenter size-large is-resized\"><a href=\"https:\/\/www.facebook.com\/postobkr\/?locale=pt_BR\"><img loading=\"lazy\" decoding=\"async\" src=\"https:\/\/jornalfatosenoticias.com.br\/wp-content\/uploads\/2023\/08\/BKR-1024x1021.jpg\" alt=\"\" class=\"wp-image-44494\" width=\"287\" height=\"286\" srcset=\"https:\/\/jornalfatosenoticias.com.br\/wp-content\/uploads\/2023\/08\/BKR-1024x1021.jpg 1024w, https:\/\/jornalfatosenoticias.com.br\/wp-content\/uploads\/2023\/08\/BKR-300x300.jpg 300w, https:\/\/jornalfatosenoticias.com.br\/wp-content\/uploads\/2023\/08\/BKR-150x150.jpg 150w, https:\/\/jornalfatosenoticias.com.br\/wp-content\/uploads\/2023\/08\/BKR-768x766.jpg 768w, https:\/\/jornalfatosenoticias.com.br\/wp-content\/uploads\/2023\/08\/BKR.jpg 1080w\" sizes=\"auto, (max-width: 287px) 100vw, 287px\" \/><\/a><\/figure><\/div>\n\n\n\n<p>O cen\u00e1rio viria a mudar em 2014, ano que marcou o 150.\u00ba anivers\u00e1rio de <strong>Strauss. <\/strong>Na data, seus poemas sinf\u00f4nicos, \u00f3peras, sinfonias e can\u00e7\u00f5es foram interpretados por grandes orquestras, com transmiss\u00f5es especiais na BBC e uma programa\u00e7\u00e3o extensa dedicada \u00e0 sua obra. No entanto, o debate sobre o quanto os detalhes da biografia de um artista poderiam impactar na aprecia\u00e7\u00e3o de sua arte permanece.<\/p>\n\n\n\n<div class=\"wp-block-image\"><figure class=\"aligncenter size-large is-resized\"><a href=\"https:\/\/legisjuris.com.br\/\"><img loading=\"lazy\" decoding=\"async\" src=\"https:\/\/jornalfatosenoticias.com.br\/wp-content\/uploads\/2024\/09\/Legis-Juris-Consultoria_logo.jpg\" alt=\"\" class=\"wp-image-53915\" width=\"525\" height=\"220\" srcset=\"https:\/\/jornalfatosenoticias.com.br\/wp-content\/uploads\/2024\/09\/Legis-Juris-Consultoria_logo.jpg 969w, https:\/\/jornalfatosenoticias.com.br\/wp-content\/uploads\/2024\/09\/Legis-Juris-Consultoria_logo-300x126.jpg 300w, https:\/\/jornalfatosenoticias.com.br\/wp-content\/uploads\/2024\/09\/Legis-Juris-Consultoria_logo-768x322.jpg 768w\" sizes=\"auto, (max-width: 525px) 100vw, 525px\" \/><\/a><\/figure><\/div>\n\n\n\n<p><strong><span class=\"has-inline-color has-black-color\">Um dilema<br><\/span><\/strong>Conforme afirma o bi\u00f3grafo <strong>Michael Kennedy, <\/strong>ap\u00f3s a ascens\u00e3o de <strong>Hitler <\/strong>em 1933, <strong>Strauss<\/strong> enfrentou um dilema moral e profissional. Ambicioso e pragm\u00e1tico, o m\u00fasico dizia-se acima da pol\u00edtica: \u201ceu apenas sento aqui em Garmisch [sua casa, nos arredores de Munique] e componho. Todo o resto \u00e9 irrelevante para mim\u201d.<\/p>\n\n\n\n<div class=\"wp-block-image\"><figure class=\"aligncenter size-large is-resized\"><a href=\"https:\/\/www.controlsystems.com.br\/\"><img loading=\"lazy\" decoding=\"async\" src=\"https:\/\/jornalfatosenoticias.com.br\/wp-content\/uploads\/2020\/02\/CONTROL-CS.jpg\" alt=\"\" class=\"wp-image-44991\" width=\"257\" height=\"308\" srcset=\"https:\/\/jornalfatosenoticias.com.br\/wp-content\/uploads\/2020\/02\/CONTROL-CS.jpg 834w, https:\/\/jornalfatosenoticias.com.br\/wp-content\/uploads\/2020\/02\/CONTROL-CS-250x300.jpg 250w, https:\/\/jornalfatosenoticias.com.br\/wp-content\/uploads\/2020\/02\/CONTROL-CS-768x921.jpg 768w\" sizes=\"auto, (max-width: 257px) 100vw, 257px\" \/><\/a><\/figure><\/div>\n\n\n\n<p>Se isso soa contradit\u00f3rio \u2014 especialmente considerando que aceitou, em 15 de novembro de 1933, o convite de <strong>Goebbels<\/strong>\u00a0para assumir a\u00a0<mark>presid\u00eancia da Reichsmusikkammer<\/mark>, a C\u00e2mara de M\u00fasica do Reich \u2014\u00a0<strong>Strauss<\/strong> insistia que sua inten\u00e7\u00e3o era usar o cargo para fazer o bem. <em>\u201cEu esperava ser capaz de fazer algo de bom e evitar infort\u00fanios piores\u201d,<\/em> diria mais tarde.<\/p>\n\n\n\n<div class=\"wp-block-image\"><figure class=\"aligncenter size-large is-resized\"><a href=\"https:\/\/panper.com.br\/\"><img loading=\"lazy\" decoding=\"async\" src=\"https:\/\/jornalfatosenoticias.com.br\/wp-content\/uploads\/2023\/03\/logo-Panper_portal.jpg\" alt=\"\" class=\"wp-image-40208\" width=\"320\" height=\"221\" srcset=\"https:\/\/jornalfatosenoticias.com.br\/wp-content\/uploads\/2023\/03\/logo-Panper_portal.jpg 400w, https:\/\/jornalfatosenoticias.com.br\/wp-content\/uploads\/2023\/03\/logo-Panper_portal-300x208.jpg 300w\" sizes=\"auto, (max-width: 320px) 100vw, 320px\" \/><\/a><\/figure><\/div>\n\n\n\n<p>Segundo a BBC, embora sua prioridade parecesse ser melhorar a situa\u00e7\u00e3o econ\u00f4mica dos m\u00fasicos, ampliar sua estabilidade no emprego, conquistar mais subs\u00eddios estatais e, sobretudo, proteger os direitos autorais \u2014 chegando a pressionar intensamente para que a Alemanha aderisse \u00e0 Conven\u00e7\u00e3o de Berna \u2014 ele tamb\u00e9m se negou a colocar compositores judeus na lista proibida. Al\u00e9m disso, manteve-se publicamente leal a amigos e colegas judeus que entraram em choque com as pol\u00edticas \u201carianizantes\u201d do regime, entre eles o escritor austr\u00edaco-judeu Stefan Zweig, autor do libreto de sua \u00f3pera Die Schweigsame Frau (A Mulher Silenciosa), de 1934.<\/p>\n\n\n\n<div class=\"wp-block-image\"><figure class=\"aligncenter size-large\"><img loading=\"lazy\" decoding=\"async\" width=\"612\" height=\"459\" src=\"https:\/\/jornalfatosenoticias.com.br\/wp-content\/uploads\/2025\/09\/Richard-Strauss2_gettyimages.jpg\" alt=\"\" class=\"wp-image-61608\" srcset=\"https:\/\/jornalfatosenoticias.com.br\/wp-content\/uploads\/2025\/09\/Richard-Strauss2_gettyimages.jpg 612w, https:\/\/jornalfatosenoticias.com.br\/wp-content\/uploads\/2025\/09\/Richard-Strauss2_gettyimages-300x225.jpg 300w\" sizes=\"auto, (max-width: 612px) 100vw, 612px\" \/><figcaption><em><span class=\"has-inline-color has-black-color\">O compositor Richard Strauss com os cantores de \u00f3pera Alfred Jerger e Viorica Ursuleac na apresenta\u00e7\u00e3o de estreia de sua \u00f3pera &#8220;Arabella&#8221; na Semper Opera House em Dresden, em 1933 (Foto: Getty Images)<\/span><\/em><\/figcaption><\/figure><\/div>\n\n\n\n<p><strong><span class=\"has-inline-color has-black-color\">Carta interceptada<br><\/span><\/strong>Mas uma carta a <strong>Zweig<\/strong>, na qual insinuava que sua fun\u00e7\u00e3o era uma forma de encena\u00e7\u00e3o, foi interceptada pela\u00a0<a href=\"https:\/\/pt.wikipedia.org\/wiki\/Gestapo\">Gestapo<\/a>\u00a0em junho de 1935, resultando em sua demiss\u00e3o e na proibi\u00e7\u00e3o da \u00f3pera. Numa tentativa de se preservar,\u00a0<strong>Strauss<\/strong>\u00a0enviou a\u00a0<strong>Hitler<\/strong>\u00a0uma retrata\u00e7\u00e3o, dizendo que a carta n\u00e3o refletia sua vis\u00e3o de mundo.\u00a0<strong>Hitler<\/strong>, por\u00e9m, ignorou. Nos bastidores, <strong>Goebbels<\/strong>\u00a0o chamava de \u201cneur\u00f3tico decadente\u201d, enquanto\u00a0<strong>Strauss<\/strong>, em anota\u00e7\u00f5es privadas, considerava a\u00a0<a href=\"https:\/\/aventurasnahistoria.com.br\/noticias\/standwithus\/perseguicao-aos-judeus-sob-tutela-da-lei.phtml\">persegui\u00e7\u00e3o aos judeus<\/a> \u201cuma desgra\u00e7a para a honra alem\u00e3\u201d.<\/p>\n\n\n\n<div class=\"wp-block-image\"><figure class=\"aligncenter size-large is-resized\"><a href=\"https:\/\/www.facebook.com\/profile.php?id=100069289606145\"><img loading=\"lazy\" decoding=\"async\" src=\"https:\/\/jornalfatosenoticias.com.br\/wp-content\/uploads\/2024\/11\/Guaitolini-Contabilidade-1024x714.jpeg\" alt=\"\" class=\"wp-image-55808\" width=\"308\" height=\"214\" srcset=\"https:\/\/jornalfatosenoticias.com.br\/wp-content\/uploads\/2024\/11\/Guaitolini-Contabilidade-1024x714.jpeg 1024w, https:\/\/jornalfatosenoticias.com.br\/wp-content\/uploads\/2024\/11\/Guaitolini-Contabilidade-300x209.jpeg 300w, https:\/\/jornalfatosenoticias.com.br\/wp-content\/uploads\/2024\/11\/Guaitolini-Contabilidade-768x535.jpeg 768w, https:\/\/jornalfatosenoticias.com.br\/wp-content\/uploads\/2024\/11\/Guaitolini-Contabilidade.jpeg 1280w\" sizes=\"auto, (max-width: 308px) 100vw, 308px\" \/><\/a><\/figure><\/div>\n\n\n\n<p><strong><span class=\"has-inline-color has-black-color\">Nora e netos judeus<br><\/span><\/strong>E, de certa forma, tamb\u00e9m <strong>Straus<\/strong>s foi impactado por essa persegui\u00e7\u00e3o. Afinal, ele nutria profundo afeto por sua nora judia, <strong>Alice,<\/strong> e por seus netos, tamb\u00e9m judeus. Ficou estarrecido quando, no fim da Segunda Guerra, <strong>Alice<\/strong> foi presa.<br>Embora tenha sido libertada, seus familiares acabaram sendo enviados para Terez\u00edn, na atual Rep\u00fablica Tcheca. O compositor enviou cartas, suplicando por sua liberta\u00e7\u00e3o, mas n\u00e3o obteve resposta. Desesperado, ele mesmo dirigiu-se at\u00e9 o campo, tentando usar sua influ\u00eancia para salv\u00e1-los. Foi em v\u00e3o \u2014 nenhum deles sobreviveu ao campo de concentra\u00e7\u00e3o.<\/p>\n\n\n\n<div class=\"wp-block-image\"><figure class=\"aligncenter size-large is-resized\"><a href=\"https:\/\/hotelmarquetti.com.br\/\"><img loading=\"lazy\" decoding=\"async\" src=\"https:\/\/jornalfatosenoticias.com.br\/wp-content\/uploads\/2020\/02\/LOGO-MQ-1024x680.jpg\" alt=\"\" class=\"wp-image-58299\" width=\"346\" height=\"230\" srcset=\"https:\/\/jornalfatosenoticias.com.br\/wp-content\/uploads\/2020\/02\/LOGO-MQ-1024x680.jpg 1024w, https:\/\/jornalfatosenoticias.com.br\/wp-content\/uploads\/2020\/02\/LOGO-MQ-300x199.jpg 300w, https:\/\/jornalfatosenoticias.com.br\/wp-content\/uploads\/2020\/02\/LOGO-MQ-768x510.jpg 768w, https:\/\/jornalfatosenoticias.com.br\/wp-content\/uploads\/2020\/02\/LOGO-MQ-1536x1020.jpg 1536w, https:\/\/jornalfatosenoticias.com.br\/wp-content\/uploads\/2020\/02\/LOGO-MQ-2048x1360.jpg 2048w\" sizes=\"auto, (max-width: 346px) 100vw, 346px\" \/><\/a><\/figure><\/div>\n\n\n\n<p><strong>Fonte: <a href=\"https:\/\/aventurasnahistoria.com.br\/noticias\/reportagem\/richard-strauss-o-controverso-compositor-que-assumiu-cargo-na-alemanha-nazista.phtml\">Aventuras na Hist\u00f3ria<\/a><\/strong><\/p>\n","protected":false},"excerpt":{"rendered":"<p>Embora tivesse nora e netos judeus, Strauss exerceu cargo de destaque na Alemanha nazista a convite de Goebbels Por Giovanna Gomes \u201cPara Richard Strauss, o compositor, eu tiro o chap\u00e9u. Para Richard Strauss, o homem, eu o coloco de novo\u201d, disse, certa vez, o maestro italiano\u00a0Arturo Toscanini, sobre um dos mais influentes compositores da hist\u00f3ria [&hellip;]<\/p>\n","protected":false},"author":2,"featured_media":61609,"comment_status":"open","ping_status":"open","sticky":false,"template":"","format":"standard","meta":{"footnotes":""},"categories":[4],"tags":[8987,28090,1301,512,19158,28091,28092,28093],"class_list":["post-61607","post","type-post","status-publish","format-standard","has-post-thumbnail","hentry","category-cultura","tag-compositor","tag-goebbels","tag-hitler","tag-nazismo","tag-opera","tag-reichsmusikkammer","tag-richard-strauss","tag-strauss"],"yoast_head":"<!-- This site is optimized with the Yoast SEO plugin v26.5 - https:\/\/yoast.com\/wordpress\/plugins\/seo\/ -->\n<title>Richard Strauss, o controverso compositor que assumiu cargo na Alemanha nazista - Jornal Fatos e Not\u00edcias<\/title>\n<meta name=\"robots\" content=\"index, follow, max-snippet:-1, max-image-preview:large, max-video-preview:-1\" \/>\n<link rel=\"canonical\" href=\"https:\/\/jornalfatosenoticias.com.br\/index.php\/2025\/09\/02\/richard-strauss-o-controverso-compositor-que-assumiu-cargo-na-alemanha-nazista\/\" \/>\n<meta property=\"og:locale\" content=\"pt_BR\" \/>\n<meta property=\"og:type\" content=\"article\" \/>\n<meta property=\"og:title\" content=\"Richard Strauss, o controverso compositor que assumiu cargo na Alemanha nazista - Jornal Fatos e Not\u00edcias\" \/>\n<meta property=\"og:description\" content=\"Embora tivesse nora e netos judeus, Strauss exerceu cargo de destaque na Alemanha nazista a convite de Goebbels Por Giovanna Gomes \u201cPara Richard Strauss, o compositor, eu tiro o chap\u00e9u. Para Richard Strauss, o homem, eu o coloco de novo\u201d, disse, certa vez, o maestro italiano\u00a0Arturo Toscanini, sobre um dos mais influentes compositores da hist\u00f3ria [&hellip;]\" \/>\n<meta property=\"og:url\" content=\"https:\/\/jornalfatosenoticias.com.br\/index.php\/2025\/09\/02\/richard-strauss-o-controverso-compositor-que-assumiu-cargo-na-alemanha-nazista\/\" \/>\n<meta property=\"og:site_name\" content=\"Jornal Fatos e Not\u00edcias\" \/>\n<meta property=\"article:published_time\" content=\"2025-09-02T17:43:08+00:00\" \/>\n<meta property=\"article:modified_time\" content=\"2025-09-02T17:43:09+00:00\" \/>\n<meta property=\"og:image\" content=\"https:\/\/jornalfatosenoticias.com.br\/wp-content\/uploads\/2025\/09\/Richard-Strauss_gettyimages.jpg\" \/>\n\t<meta property=\"og:image:width\" content=\"612\" \/>\n\t<meta property=\"og:image:height\" content=\"420\" \/>\n\t<meta property=\"og:image:type\" content=\"image\/jpeg\" \/>\n<meta name=\"author\" content=\"Luzimara Fernandes\" \/>\n<meta name=\"twitter:card\" content=\"summary_large_image\" \/>\n<meta name=\"twitter:label1\" content=\"Escrito por\" \/>\n\t<meta name=\"twitter:data1\" content=\"Luzimara Fernandes\" \/>\n\t<meta name=\"twitter:label2\" content=\"Est. tempo de leitura\" \/>\n\t<meta name=\"twitter:data2\" content=\"4 minutos\" \/>\n<script type=\"application\/ld+json\" class=\"yoast-schema-graph\">{\"@context\":\"https:\/\/schema.org\",\"@graph\":[{\"@type\":\"Article\",\"@id\":\"https:\/\/jornalfatosenoticias.com.br\/index.php\/2025\/09\/02\/richard-strauss-o-controverso-compositor-que-assumiu-cargo-na-alemanha-nazista\/#article\",\"isPartOf\":{\"@id\":\"https:\/\/jornalfatosenoticias.com.br\/index.php\/2025\/09\/02\/richard-strauss-o-controverso-compositor-que-assumiu-cargo-na-alemanha-nazista\/\"},\"author\":{\"name\":\"Luzimara Fernandes\",\"@id\":\"https:\/\/jornalfatosenoticias.com.br\/#\/schema\/person\/d63837fa13ac8666eb9e74e0985d6f81\"},\"headline\":\"Richard Strauss, o controverso compositor que assumiu cargo na Alemanha nazista\",\"datePublished\":\"2025-09-02T17:43:08+00:00\",\"dateModified\":\"2025-09-02T17:43:09+00:00\",\"mainEntityOfPage\":{\"@id\":\"https:\/\/jornalfatosenoticias.com.br\/index.php\/2025\/09\/02\/richard-strauss-o-controverso-compositor-que-assumiu-cargo-na-alemanha-nazista\/\"},\"wordCount\":714,\"commentCount\":0,\"publisher\":{\"@id\":\"https:\/\/jornalfatosenoticias.com.br\/#organization\"},\"image\":{\"@id\":\"https:\/\/jornalfatosenoticias.com.br\/index.php\/2025\/09\/02\/richard-strauss-o-controverso-compositor-que-assumiu-cargo-na-alemanha-nazista\/#primaryimage\"},\"thumbnailUrl\":\"https:\/\/jornalfatosenoticias.com.br\/wp-content\/uploads\/2025\/09\/Richard-Strauss_gettyimages.jpg\",\"keywords\":[\"compositor\",\"Goebbels\",\"Hitler\",\"nazismo\",\"\u00f3pera\",\"reichsmusikkammer\",\"Richard Strauss\",\"Strauss\"],\"articleSection\":[\"Cultura\"],\"inLanguage\":\"pt-BR\",\"potentialAction\":[{\"@type\":\"CommentAction\",\"name\":\"Comment\",\"target\":[\"https:\/\/jornalfatosenoticias.com.br\/index.php\/2025\/09\/02\/richard-strauss-o-controverso-compositor-que-assumiu-cargo-na-alemanha-nazista\/#respond\"]}]},{\"@type\":\"WebPage\",\"@id\":\"https:\/\/jornalfatosenoticias.com.br\/index.php\/2025\/09\/02\/richard-strauss-o-controverso-compositor-que-assumiu-cargo-na-alemanha-nazista\/\",\"url\":\"https:\/\/jornalfatosenoticias.com.br\/index.php\/2025\/09\/02\/richard-strauss-o-controverso-compositor-que-assumiu-cargo-na-alemanha-nazista\/\",\"name\":\"Richard Strauss, o controverso compositor que assumiu cargo na Alemanha nazista - Jornal Fatos e Not\u00edcias\",\"isPartOf\":{\"@id\":\"https:\/\/jornalfatosenoticias.com.br\/#website\"},\"primaryImageOfPage\":{\"@id\":\"https:\/\/jornalfatosenoticias.com.br\/index.php\/2025\/09\/02\/richard-strauss-o-controverso-compositor-que-assumiu-cargo-na-alemanha-nazista\/#primaryimage\"},\"image\":{\"@id\":\"https:\/\/jornalfatosenoticias.com.br\/index.php\/2025\/09\/02\/richard-strauss-o-controverso-compositor-que-assumiu-cargo-na-alemanha-nazista\/#primaryimage\"},\"thumbnailUrl\":\"https:\/\/jornalfatosenoticias.com.br\/wp-content\/uploads\/2025\/09\/Richard-Strauss_gettyimages.jpg\",\"datePublished\":\"2025-09-02T17:43:08+00:00\",\"dateModified\":\"2025-09-02T17:43:09+00:00\",\"breadcrumb\":{\"@id\":\"https:\/\/jornalfatosenoticias.com.br\/index.php\/2025\/09\/02\/richard-strauss-o-controverso-compositor-que-assumiu-cargo-na-alemanha-nazista\/#breadcrumb\"},\"inLanguage\":\"pt-BR\",\"potentialAction\":[{\"@type\":\"ReadAction\",\"target\":[\"https:\/\/jornalfatosenoticias.com.br\/index.php\/2025\/09\/02\/richard-strauss-o-controverso-compositor-que-assumiu-cargo-na-alemanha-nazista\/\"]}]},{\"@type\":\"ImageObject\",\"inLanguage\":\"pt-BR\",\"@id\":\"https:\/\/jornalfatosenoticias.com.br\/index.php\/2025\/09\/02\/richard-strauss-o-controverso-compositor-que-assumiu-cargo-na-alemanha-nazista\/#primaryimage\",\"url\":\"https:\/\/jornalfatosenoticias.com.br\/wp-content\/uploads\/2025\/09\/Richard-Strauss_gettyimages.jpg\",\"contentUrl\":\"https:\/\/jornalfatosenoticias.com.br\/wp-content\/uploads\/2025\/09\/Richard-Strauss_gettyimages.jpg\",\"width\":612,\"height\":420,\"caption\":\"Richard Strauss (1864-1949) German composer and conductor c. 1925. (Photo by APIC\/Getty Images)\"},{\"@type\":\"BreadcrumbList\",\"@id\":\"https:\/\/jornalfatosenoticias.com.br\/index.php\/2025\/09\/02\/richard-strauss-o-controverso-compositor-que-assumiu-cargo-na-alemanha-nazista\/#breadcrumb\",\"itemListElement\":[{\"@type\":\"ListItem\",\"position\":1,\"name\":\"In\u00edcio\",\"item\":\"https:\/\/jornalfatosenoticias.com.br\/\"},{\"@type\":\"ListItem\",\"position\":2,\"name\":\"Richard Strauss, o controverso compositor que assumiu cargo na Alemanha nazista\"}]},{\"@type\":\"WebSite\",\"@id\":\"https:\/\/jornalfatosenoticias.com.br\/#website\",\"url\":\"https:\/\/jornalfatosenoticias.com.br\/\",\"name\":\"Jornal Fatos e Not\u00edcias\",\"description\":\"Not\u00edcias em geral\",\"publisher\":{\"@id\":\"https:\/\/jornalfatosenoticias.com.br\/#organization\"},\"potentialAction\":[{\"@type\":\"SearchAction\",\"target\":{\"@type\":\"EntryPoint\",\"urlTemplate\":\"https:\/\/jornalfatosenoticias.com.br\/?s={search_term_string}\"},\"query-input\":{\"@type\":\"PropertyValueSpecification\",\"valueRequired\":true,\"valueName\":\"search_term_string\"}}],\"inLanguage\":\"pt-BR\"},{\"@type\":\"Organization\",\"@id\":\"https:\/\/jornalfatosenoticias.com.br\/#organization\",\"name\":\"Jornal Fatos e Not\u00edcias\",\"url\":\"https:\/\/jornalfatosenoticias.com.br\/\",\"logo\":{\"@type\":\"ImageObject\",\"inLanguage\":\"pt-BR\",\"@id\":\"https:\/\/jornalfatosenoticias.com.br\/#\/schema\/logo\/image\/\",\"url\":\"https:\/\/jornalfatosenoticias.com.br\/wp-content\/uploads\/2020\/02\/logo120.png\",\"contentUrl\":\"https:\/\/jornalfatosenoticias.com.br\/wp-content\/uploads\/2020\/02\/logo120.png\",\"width\":1227,\"height\":120,\"caption\":\"Jornal Fatos e Not\u00edcias\"},\"image\":{\"@id\":\"https:\/\/jornalfatosenoticias.com.br\/#\/schema\/logo\/image\/\"}},{\"@type\":\"Person\",\"@id\":\"https:\/\/jornalfatosenoticias.com.br\/#\/schema\/person\/d63837fa13ac8666eb9e74e0985d6f81\",\"name\":\"Luzimara Fernandes\",\"image\":{\"@type\":\"ImageObject\",\"inLanguage\":\"pt-BR\",\"@id\":\"https:\/\/jornalfatosenoticias.com.br\/#\/schema\/person\/image\/\",\"url\":\"https:\/\/jornalfatosenoticias.com.br\/wp-content\/uploads\/2025\/05\/EU_portal.jpg\",\"contentUrl\":\"https:\/\/jornalfatosenoticias.com.br\/wp-content\/uploads\/2025\/05\/EU_portal.jpg\",\"caption\":\"Luzimara Fernandes\"},\"description\":\"Jornalista MTB 2358-ES\",\"sameAs\":[\"https:\/\/jornalfatosenoticias.com.br\"],\"url\":\"https:\/\/jornalfatosenoticias.com.br\/index.php\/author\/luzimara\/\"}]}<\/script>\n<!-- \/ Yoast SEO plugin. -->","yoast_head_json":{"title":"Richard Strauss, o controverso compositor que assumiu cargo na Alemanha nazista - Jornal Fatos e Not\u00edcias","robots":{"index":"index","follow":"follow","max-snippet":"max-snippet:-1","max-image-preview":"max-image-preview:large","max-video-preview":"max-video-preview:-1"},"canonical":"https:\/\/jornalfatosenoticias.com.br\/index.php\/2025\/09\/02\/richard-strauss-o-controverso-compositor-que-assumiu-cargo-na-alemanha-nazista\/","og_locale":"pt_BR","og_type":"article","og_title":"Richard Strauss, o controverso compositor que assumiu cargo na Alemanha nazista - Jornal Fatos e Not\u00edcias","og_description":"Embora tivesse nora e netos judeus, Strauss exerceu cargo de destaque na Alemanha nazista a convite de Goebbels Por Giovanna Gomes \u201cPara Richard Strauss, o compositor, eu tiro o chap\u00e9u. Para Richard Strauss, o homem, eu o coloco de novo\u201d, disse, certa vez, o maestro italiano\u00a0Arturo Toscanini, sobre um dos mais influentes compositores da hist\u00f3ria [&hellip;]","og_url":"https:\/\/jornalfatosenoticias.com.br\/index.php\/2025\/09\/02\/richard-strauss-o-controverso-compositor-que-assumiu-cargo-na-alemanha-nazista\/","og_site_name":"Jornal Fatos e Not\u00edcias","article_published_time":"2025-09-02T17:43:08+00:00","article_modified_time":"2025-09-02T17:43:09+00:00","og_image":[{"width":612,"height":420,"url":"https:\/\/jornalfatosenoticias.com.br\/wp-content\/uploads\/2025\/09\/Richard-Strauss_gettyimages.jpg","type":"image\/jpeg"}],"author":"Luzimara Fernandes","twitter_card":"summary_large_image","twitter_misc":{"Escrito por":"Luzimara Fernandes","Est. tempo de leitura":"4 minutos"},"schema":{"@context":"https:\/\/schema.org","@graph":[{"@type":"Article","@id":"https:\/\/jornalfatosenoticias.com.br\/index.php\/2025\/09\/02\/richard-strauss-o-controverso-compositor-que-assumiu-cargo-na-alemanha-nazista\/#article","isPartOf":{"@id":"https:\/\/jornalfatosenoticias.com.br\/index.php\/2025\/09\/02\/richard-strauss-o-controverso-compositor-que-assumiu-cargo-na-alemanha-nazista\/"},"author":{"name":"Luzimara Fernandes","@id":"https:\/\/jornalfatosenoticias.com.br\/#\/schema\/person\/d63837fa13ac8666eb9e74e0985d6f81"},"headline":"Richard Strauss, o controverso compositor que assumiu cargo na Alemanha nazista","datePublished":"2025-09-02T17:43:08+00:00","dateModified":"2025-09-02T17:43:09+00:00","mainEntityOfPage":{"@id":"https:\/\/jornalfatosenoticias.com.br\/index.php\/2025\/09\/02\/richard-strauss-o-controverso-compositor-que-assumiu-cargo-na-alemanha-nazista\/"},"wordCount":714,"commentCount":0,"publisher":{"@id":"https:\/\/jornalfatosenoticias.com.br\/#organization"},"image":{"@id":"https:\/\/jornalfatosenoticias.com.br\/index.php\/2025\/09\/02\/richard-strauss-o-controverso-compositor-que-assumiu-cargo-na-alemanha-nazista\/#primaryimage"},"thumbnailUrl":"https:\/\/jornalfatosenoticias.com.br\/wp-content\/uploads\/2025\/09\/Richard-Strauss_gettyimages.jpg","keywords":["compositor","Goebbels","Hitler","nazismo","\u00f3pera","reichsmusikkammer","Richard Strauss","Strauss"],"articleSection":["Cultura"],"inLanguage":"pt-BR","potentialAction":[{"@type":"CommentAction","name":"Comment","target":["https:\/\/jornalfatosenoticias.com.br\/index.php\/2025\/09\/02\/richard-strauss-o-controverso-compositor-que-assumiu-cargo-na-alemanha-nazista\/#respond"]}]},{"@type":"WebPage","@id":"https:\/\/jornalfatosenoticias.com.br\/index.php\/2025\/09\/02\/richard-strauss-o-controverso-compositor-que-assumiu-cargo-na-alemanha-nazista\/","url":"https:\/\/jornalfatosenoticias.com.br\/index.php\/2025\/09\/02\/richard-strauss-o-controverso-compositor-que-assumiu-cargo-na-alemanha-nazista\/","name":"Richard Strauss, o controverso compositor que assumiu cargo na Alemanha nazista - Jornal Fatos e Not\u00edcias","isPartOf":{"@id":"https:\/\/jornalfatosenoticias.com.br\/#website"},"primaryImageOfPage":{"@id":"https:\/\/jornalfatosenoticias.com.br\/index.php\/2025\/09\/02\/richard-strauss-o-controverso-compositor-que-assumiu-cargo-na-alemanha-nazista\/#primaryimage"},"image":{"@id":"https:\/\/jornalfatosenoticias.com.br\/index.php\/2025\/09\/02\/richard-strauss-o-controverso-compositor-que-assumiu-cargo-na-alemanha-nazista\/#primaryimage"},"thumbnailUrl":"https:\/\/jornalfatosenoticias.com.br\/wp-content\/uploads\/2025\/09\/Richard-Strauss_gettyimages.jpg","datePublished":"2025-09-02T17:43:08+00:00","dateModified":"2025-09-02T17:43:09+00:00","breadcrumb":{"@id":"https:\/\/jornalfatosenoticias.com.br\/index.php\/2025\/09\/02\/richard-strauss-o-controverso-compositor-que-assumiu-cargo-na-alemanha-nazista\/#breadcrumb"},"inLanguage":"pt-BR","potentialAction":[{"@type":"ReadAction","target":["https:\/\/jornalfatosenoticias.com.br\/index.php\/2025\/09\/02\/richard-strauss-o-controverso-compositor-que-assumiu-cargo-na-alemanha-nazista\/"]}]},{"@type":"ImageObject","inLanguage":"pt-BR","@id":"https:\/\/jornalfatosenoticias.com.br\/index.php\/2025\/09\/02\/richard-strauss-o-controverso-compositor-que-assumiu-cargo-na-alemanha-nazista\/#primaryimage","url":"https:\/\/jornalfatosenoticias.com.br\/wp-content\/uploads\/2025\/09\/Richard-Strauss_gettyimages.jpg","contentUrl":"https:\/\/jornalfatosenoticias.com.br\/wp-content\/uploads\/2025\/09\/Richard-Strauss_gettyimages.jpg","width":612,"height":420,"caption":"Richard Strauss (1864-1949) German composer and conductor c. 1925. (Photo by APIC\/Getty Images)"},{"@type":"BreadcrumbList","@id":"https:\/\/jornalfatosenoticias.com.br\/index.php\/2025\/09\/02\/richard-strauss-o-controverso-compositor-que-assumiu-cargo-na-alemanha-nazista\/#breadcrumb","itemListElement":[{"@type":"ListItem","position":1,"name":"In\u00edcio","item":"https:\/\/jornalfatosenoticias.com.br\/"},{"@type":"ListItem","position":2,"name":"Richard Strauss, o controverso compositor que assumiu cargo na Alemanha nazista"}]},{"@type":"WebSite","@id":"https:\/\/jornalfatosenoticias.com.br\/#website","url":"https:\/\/jornalfatosenoticias.com.br\/","name":"Jornal Fatos e Not\u00edcias","description":"Not\u00edcias em geral","publisher":{"@id":"https:\/\/jornalfatosenoticias.com.br\/#organization"},"potentialAction":[{"@type":"SearchAction","target":{"@type":"EntryPoint","urlTemplate":"https:\/\/jornalfatosenoticias.com.br\/?s={search_term_string}"},"query-input":{"@type":"PropertyValueSpecification","valueRequired":true,"valueName":"search_term_string"}}],"inLanguage":"pt-BR"},{"@type":"Organization","@id":"https:\/\/jornalfatosenoticias.com.br\/#organization","name":"Jornal Fatos e Not\u00edcias","url":"https:\/\/jornalfatosenoticias.com.br\/","logo":{"@type":"ImageObject","inLanguage":"pt-BR","@id":"https:\/\/jornalfatosenoticias.com.br\/#\/schema\/logo\/image\/","url":"https:\/\/jornalfatosenoticias.com.br\/wp-content\/uploads\/2020\/02\/logo120.png","contentUrl":"https:\/\/jornalfatosenoticias.com.br\/wp-content\/uploads\/2020\/02\/logo120.png","width":1227,"height":120,"caption":"Jornal Fatos e Not\u00edcias"},"image":{"@id":"https:\/\/jornalfatosenoticias.com.br\/#\/schema\/logo\/image\/"}},{"@type":"Person","@id":"https:\/\/jornalfatosenoticias.com.br\/#\/schema\/person\/d63837fa13ac8666eb9e74e0985d6f81","name":"Luzimara Fernandes","image":{"@type":"ImageObject","inLanguage":"pt-BR","@id":"https:\/\/jornalfatosenoticias.com.br\/#\/schema\/person\/image\/","url":"https:\/\/jornalfatosenoticias.com.br\/wp-content\/uploads\/2025\/05\/EU_portal.jpg","contentUrl":"https:\/\/jornalfatosenoticias.com.br\/wp-content\/uploads\/2025\/05\/EU_portal.jpg","caption":"Luzimara Fernandes"},"description":"Jornalista MTB 2358-ES","sameAs":["https:\/\/jornalfatosenoticias.com.br"],"url":"https:\/\/jornalfatosenoticias.com.br\/index.php\/author\/luzimara\/"}]}},"cc_featured_image_caption":{"caption_text":"(Foto: Getty Images) ","source_text":"","source_url":""},"jetpack_featured_media_url":"https:\/\/jornalfatosenoticias.com.br\/wp-content\/uploads\/2025\/09\/Richard-Strauss_gettyimages.jpg","_links":{"self":[{"href":"https:\/\/jornalfatosenoticias.com.br\/index.php\/wp-json\/wp\/v2\/posts\/61607","targetHints":{"allow":["GET"]}}],"collection":[{"href":"https:\/\/jornalfatosenoticias.com.br\/index.php\/wp-json\/wp\/v2\/posts"}],"about":[{"href":"https:\/\/jornalfatosenoticias.com.br\/index.php\/wp-json\/wp\/v2\/types\/post"}],"author":[{"embeddable":true,"href":"https:\/\/jornalfatosenoticias.com.br\/index.php\/wp-json\/wp\/v2\/users\/2"}],"replies":[{"embeddable":true,"href":"https:\/\/jornalfatosenoticias.com.br\/index.php\/wp-json\/wp\/v2\/comments?post=61607"}],"version-history":[{"count":0,"href":"https:\/\/jornalfatosenoticias.com.br\/index.php\/wp-json\/wp\/v2\/posts\/61607\/revisions"}],"wp:featuredmedia":[{"embeddable":true,"href":"https:\/\/jornalfatosenoticias.com.br\/index.php\/wp-json\/wp\/v2\/media\/61609"}],"wp:attachment":[{"href":"https:\/\/jornalfatosenoticias.com.br\/index.php\/wp-json\/wp\/v2\/media?parent=61607"}],"wp:term":[{"taxonomy":"category","embeddable":true,"href":"https:\/\/jornalfatosenoticias.com.br\/index.php\/wp-json\/wp\/v2\/categories?post=61607"},{"taxonomy":"post_tag","embeddable":true,"href":"https:\/\/jornalfatosenoticias.com.br\/index.php\/wp-json\/wp\/v2\/tags?post=61607"}],"curies":[{"name":"wp","href":"https:\/\/api.w.org\/{rel}","templated":true}]}}