{"id":61611,"date":"2025-09-02T14:55:37","date_gmt":"2025-09-02T17:55:37","guid":{"rendered":"https:\/\/jornalfatosenoticias.com.br\/?p=61611"},"modified":"2025-09-02T14:55:40","modified_gmt":"2025-09-02T17:55:40","slug":"o-que-e-a-higiene-do-sono-e-por-que-ela-e-tao-importante","status":"publish","type":"post","link":"https:\/\/jornalfatosenoticias.com.br\/index.php\/2025\/09\/02\/o-que-e-a-higiene-do-sono-e-por-que-ela-e-tao-importante\/","title":{"rendered":"O que \u00e9 a higiene do sono e por que ela \u00e9 t\u00e3o importante?"},"content":{"rendered":"\n<p><em><span class=\"has-inline-color has-black-color\">A higiene do sono envolve h\u00e1bitos e pr\u00e1ticas que promovem noites de descanso mais profundas e saud\u00e1veis, melhorando a qualidade de vida<\/span><\/em><\/p>\n\n\n\n<p><span class=\"has-inline-color has-black-color\">Por <strong><a href=\"https:\/\/olhardigital.com.br\/author\/joao-velozo\/\">Jo\u00e3o Velozo<\/a><\/strong><\/span><\/p>\n\n\n\n<div class=\"wp-block-image\"><figure class=\"aligncenter size-large\"><a href=\"https:\/\/mizu.com.br\/\"><img loading=\"lazy\" decoding=\"async\" width=\"729\" height=\"90\" src=\"https:\/\/jornalfatosenoticias.com.br\/wp-content\/uploads\/2020\/02\/Logo_Mizu.png\" alt=\"\" class=\"wp-image-1441\" srcset=\"https:\/\/jornalfatosenoticias.com.br\/wp-content\/uploads\/2020\/02\/Logo_Mizu.png 729w, https:\/\/jornalfatosenoticias.com.br\/wp-content\/uploads\/2020\/02\/Logo_Mizu-300x37.png 300w\" sizes=\"auto, (max-width: 729px) 100vw, 729px\" \/><\/a><\/figure><\/div>\n\n\n\n<p>Dormir bem vai muito al\u00e9m de simplesmente deitar e fechar os olhos. A qualidade do <a href=\"https:\/\/olhardigital.com.br\/2025\/01\/24\/medicina-e-saude\/por-que-acordamos-de-susto-no-meio-da-noite\/\" target=\"_blank\" rel=\"noreferrer noopener\"><strong>descanso noturno<\/strong><\/a>\u00a0est\u00e1 diretamente ligada \u00e0 higiene do sono, um conjunto de h\u00e1bitos e pr\u00e1ticas que ajudam o corpo a relaxar, adormecer com mais facilidade e manter um\u00a0<a href=\"https:\/\/olhardigital.com.br\/2024\/08\/17\/medicina-e-saude\/dormir-8-horas-e-realmente-o-ideal-entenda-o-ciclo-do-sono-e-suas-fases\/\" target=\"_blank\" rel=\"noreferrer noopener\"><strong>sono profundo<\/strong><\/a> e restaurador.<br>Em tempos de jornadas agitadas, telas brilhantes e distra\u00e7\u00f5es constantes, entender o que \u00e9 a higiene do sono pode ser o primeiro passo para quem busca mais energia, foco e sa\u00fade no dia a dia. Ainda pouco conhecida por muitos brasileiros, a higiene do sono n\u00e3o tem nada a ver com limpeza f\u00edsica. Embora pare\u00e7a simples, esse conjunto de a\u00e7\u00f5es pode melhorar significativamente a qualidade de vida e prevenir diversos problemas de sa\u00fade relacionados \u00e0 priva\u00e7\u00e3o de sono. Em um mundo cada vez mais acelerado, dormir bem se tornou um desafio para milh\u00f5es de pessoas. Muitas vezes, a dificuldade em ter uma boa noite de descanso n\u00e3o est\u00e1 ligada a doen\u00e7as ou dist\u00farbios espec\u00edficos, mas sim a h\u00e1bitos inadequados acumulados ao longo do tempo.<\/p>\n\n\n\n<div class=\"wp-block-image\"><figure class=\"aligncenter size-large is-resized\"><a href=\"https:\/\/www.instagram.com\/esteio.churrascaria\/\"><img loading=\"lazy\" decoding=\"async\" src=\"https:\/\/jornalfatosenoticias.com.br\/wp-content\/uploads\/2022\/02\/LOGO-ESTEIO-1024x730.png\" alt=\"\" class=\"wp-image-27942\" width=\"324\" height=\"231\" srcset=\"https:\/\/jornalfatosenoticias.com.br\/wp-content\/uploads\/2022\/02\/LOGO-ESTEIO-1024x730.png 1024w, https:\/\/jornalfatosenoticias.com.br\/wp-content\/uploads\/2022\/02\/LOGO-ESTEIO-300x214.png 300w, https:\/\/jornalfatosenoticias.com.br\/wp-content\/uploads\/2022\/02\/LOGO-ESTEIO-768x548.png 768w, https:\/\/jornalfatosenoticias.com.br\/wp-content\/uploads\/2022\/02\/LOGO-ESTEIO.png 1123w\" sizes=\"auto, (max-width: 324px) 100vw, 324px\" \/><\/a><\/figure><\/div>\n\n\n\n<p>\u00c9 nesse contexto que entra o conceito de higiene do sono, um conjunto de pr\u00e1ticas comportamentais e ambientais que t\u00eam como objetivo melhorar a qualidade do sono e, consequentemente, a sa\u00fade f\u00edsica e mental. A express\u00e3o pode soar estranha \u00e0 primeira vista, mas n\u00e3o tem a ver com limpeza literal. Trata-se de uma met\u00e1fora que remete \u00e0 ideia de \u201climpar\u201d a rotina, ou seja, ajustar os h\u00e1bitos que interferem negativamente no descanso noturno.<\/p>\n\n\n\n<div class=\"wp-block-image\"><figure class=\"aligncenter size-large is-resized\"><a href=\"https:\/\/www.instagram.com\/rcradiadores\/\"><img loading=\"lazy\" decoding=\"async\" src=\"https:\/\/jornalfatosenoticias.com.br\/wp-content\/uploads\/2022\/10\/RC_800x750_page-0001.jpg\" alt=\"\" class=\"wp-image-35338\" width=\"285\" height=\"267\" srcset=\"https:\/\/jornalfatosenoticias.com.br\/wp-content\/uploads\/2022\/10\/RC_800x750_page-0001.jpg 400w, https:\/\/jornalfatosenoticias.com.br\/wp-content\/uploads\/2022\/10\/RC_800x750_page-0001-300x281.jpg 300w\" sizes=\"auto, (max-width: 285px) 100vw, 285px\" \/><\/a><\/figure><\/div>\n\n\n\n<p>A higiene do sono n\u00e3o \u00e9 um termo t\u00e9cnico de origem cient\u00edfica cl\u00e1ssica, mas tornou-se uma express\u00e3o consagrada na \u00e1rea da sa\u00fade por representar uma abordagem pr\u00e1tica e preventiva. Embora o conceito n\u00e3o seja novo, seu uso tem se popularizado nos \u00faltimos anos, especialmente com o avan\u00e7o das pesquisas que comprovam os impactos fisiol\u00f3gicos da priva\u00e7\u00e3o do sono.<\/p>\n\n\n\n<div class=\"wp-block-image\"><figure class=\"aligncenter size-large is-resized\"><a href=\"https:\/\/www.instagram.com\/restaurantepegoretti\/\"><img loading=\"lazy\" decoding=\"async\" src=\"https:\/\/jornalfatosenoticias.com.br\/wp-content\/uploads\/2023\/12\/pegoretti-logo-pdf-1024x389.jpg\" alt=\"\" class=\"wp-image-47536\" width=\"472\" height=\"179\" srcset=\"https:\/\/jornalfatosenoticias.com.br\/wp-content\/uploads\/2023\/12\/pegoretti-logo-pdf-1024x389.jpg 1024w, https:\/\/jornalfatosenoticias.com.br\/wp-content\/uploads\/2023\/12\/pegoretti-logo-pdf-300x114.jpg 300w, https:\/\/jornalfatosenoticias.com.br\/wp-content\/uploads\/2023\/12\/pegoretti-logo-pdf-768x291.jpg 768w, https:\/\/jornalfatosenoticias.com.br\/wp-content\/uploads\/2023\/12\/pegoretti-logo-pdf.jpg 1120w\" sizes=\"auto, (max-width: 472px) 100vw, 472px\" \/><\/a><\/figure><\/div>\n\n\n\n<p>Quando aplicada corretamente, a higiene do sono pode reduzir o tempo necess\u00e1rio para adormecer, melhorar a qualidade do sono profundo e aumentar a sensa\u00e7\u00e3o de disposi\u00e7\u00e3o ao longo do dia. A manuten\u00e7\u00e3o desses h\u00e1bitos tamb\u00e9m \u00e9 fundamental para prevenir doen\u00e7as como hipertens\u00e3o, diabetes tipo 2, obesidade, depress\u00e3o e at\u00e9 problemas de mem\u00f3ria.<\/p>\n\n\n\n<div class=\"wp-block-image\"><figure class=\"aligncenter size-large is-resized\"><a href=\"https:\/\/www.instagram.com\/serra4x4cambioautomatico\/\"><img loading=\"lazy\" decoding=\"async\" src=\"https:\/\/jornalfatosenoticias.com.br\/wp-content\/uploads\/2024\/08\/Serra-4x4-1-886x1024.jpg\" alt=\"\" class=\"wp-image-53632\" width=\"260\" height=\"301\" srcset=\"https:\/\/jornalfatosenoticias.com.br\/wp-content\/uploads\/2024\/08\/Serra-4x4-1-886x1024.jpg 886w, https:\/\/jornalfatosenoticias.com.br\/wp-content\/uploads\/2024\/08\/Serra-4x4-1-260x300.jpg 260w, https:\/\/jornalfatosenoticias.com.br\/wp-content\/uploads\/2024\/08\/Serra-4x4-1-768x888.jpg 768w, https:\/\/jornalfatosenoticias.com.br\/wp-content\/uploads\/2024\/08\/Serra-4x4-1.jpg 1181w\" sizes=\"auto, (max-width: 260px) 100vw, 260px\" \/><\/a><\/figure><\/div>\n\n\n\n<p>A qualidade do sono est\u00e1 diretamente ligada ao funcionamento adequado do sistema nervoso, do sistema imunol\u00f3gico e do metabolismo. Dormir mal com frequ\u00eancia compromete a produ\u00e7\u00e3o de horm\u00f4nios essenciais como a melatonina, o cortisol e a leptina, afetando o humor, a capacidade de concentra\u00e7\u00e3o e o controle do apetite.<\/p>\n\n\n\n<div class=\"wp-block-image\"><figure class=\"aligncenter size-large\"><a href=\"https:\/\/www.cesconetto.com.br\/\"><img loading=\"lazy\" decoding=\"async\" width=\"300\" height=\"250\" src=\"https:\/\/jornalfatosenoticias.com.br\/wp-content\/uploads\/2022\/02\/Banner-2.png\" alt=\"\" class=\"wp-image-27877\"\/><\/a><\/figure><\/div>\n\n\n\n<p>Al\u00e9m disso, estudos mostram que a priva\u00e7\u00e3o de sono cr\u00f4nica aumenta os n\u00edveis de inflama\u00e7\u00e3o no organismo, o que est\u00e1 associado a um risco maior de desenvolver doen\u00e7as cardiovasculares. Uma boa higiene do sono atua como um mecanismo de preven\u00e7\u00e3o, garantindo que os ciclos naturais do corpo, como o ritmo circadiano, funcionem de forma sincronizada.<\/p>\n\n\n\n<div class=\"wp-block-image\"><figure class=\"aligncenter size-large is-resized\"><a href=\"https:\/\/www.instagram.com\/gruposei\/\"><img loading=\"lazy\" decoding=\"async\" src=\"https:\/\/jornalfatosenoticias.com.br\/wp-content\/uploads\/2022\/07\/Logo-Grupo-SEI.jpg\" alt=\"\" class=\"wp-image-31973\" width=\"383\" height=\"201\" srcset=\"https:\/\/jornalfatosenoticias.com.br\/wp-content\/uploads\/2022\/07\/Logo-Grupo-SEI.jpg 713w, https:\/\/jornalfatosenoticias.com.br\/wp-content\/uploads\/2022\/07\/Logo-Grupo-SEI-300x158.jpg 300w\" sizes=\"auto, (max-width: 383px) 100vw, 383px\" \/><\/a><\/figure><\/div>\n\n\n\n<p>A pr\u00e1tica regular desses cuidados cria uma esp\u00e9cie de \u201cprograma\u00e7\u00e3o biol\u00f3gica\u201d que sinaliza ao corpo quando \u00e9 hora de relaxar e se preparar para dormir. Isso inclui o controle da ilumina\u00e7\u00e3o do ambiente, a redu\u00e7\u00e3o do uso de dispositivos eletr\u00f4nicos antes de deitar e a cria\u00e7\u00e3o de uma rotina noturna consistente.<\/p>\n\n\n\n<div class=\"wp-block-image\"><figure class=\"aligncenter size-large is-resized\"><a href=\"https:\/\/panper.com.br\/\"><img loading=\"lazy\" decoding=\"async\" src=\"https:\/\/jornalfatosenoticias.com.br\/wp-content\/uploads\/2023\/03\/logo-Panper_portal.jpg\" alt=\"\" class=\"wp-image-40208\" width=\"322\" height=\"223\" srcset=\"https:\/\/jornalfatosenoticias.com.br\/wp-content\/uploads\/2023\/03\/logo-Panper_portal.jpg 400w, https:\/\/jornalfatosenoticias.com.br\/wp-content\/uploads\/2023\/03\/logo-Panper_portal-300x208.jpg 300w\" sizes=\"auto, (max-width: 322px) 100vw, 322px\" \/><\/a><\/figure><\/div>\n\n\n\n<p>Evitar alimentos estimulantes como cafe\u00edna \u00e0 noite, manter o quarto em temperatura confort\u00e1vel e estabelecer um hor\u00e1rio fixo para dormir e acordar s\u00e3o alguns exemplos de medidas eficazes. Ainda que simples, esses h\u00e1bitos promovem uma melhora significativa na arquitetura do sono, tornando cada fase mais eficiente.<\/p>\n\n\n\n<div class=\"wp-block-image\"><figure class=\"aligncenter size-large is-resized\"><a href=\"https:\/\/www.controlsystems.com.br\/\"><img loading=\"lazy\" decoding=\"async\" src=\"https:\/\/jornalfatosenoticias.com.br\/wp-content\/uploads\/2020\/02\/CONTROL-CS.jpg\" alt=\"\" class=\"wp-image-44991\" width=\"256\" height=\"307\" srcset=\"https:\/\/jornalfatosenoticias.com.br\/wp-content\/uploads\/2020\/02\/CONTROL-CS.jpg 834w, https:\/\/jornalfatosenoticias.com.br\/wp-content\/uploads\/2020\/02\/CONTROL-CS-250x300.jpg 250w, https:\/\/jornalfatosenoticias.com.br\/wp-content\/uploads\/2020\/02\/CONTROL-CS-768x921.jpg 768w\" sizes=\"auto, (max-width: 256px) 100vw, 256px\" \/><\/a><\/figure><\/div>\n\n\n\n<p>Praticamente qualquer pessoa pode se beneficiar da higiene do sono, desde crian\u00e7as at\u00e9 idosos. Ela \u00e9 recomendada tanto para quem sofre de ins\u00f4nia quanto para indiv\u00edduos saud\u00e1veis que buscam melhorar seu desempenho f\u00edsico e mental. Trabalhadores em turnos noturnos, estudantes em \u00e9poca de provas e pessoas que vivem em cidades grandes com alta exposi\u00e7\u00e3o \u00e0 luz artificial podem encontrar na higiene do sono uma ferramenta importante de equil\u00edbrio. A estrat\u00e9gia tamb\u00e9m \u00e9 indicada como parte do tratamento para transtornos como ansiedade e depress\u00e3o, funcionando como uma base para outras interven\u00e7\u00f5es cl\u00ednicas.<\/p>\n\n\n\n<div class=\"wp-block-image\"><figure class=\"aligncenter size-large is-resized\"><a href=\"https:\/\/www.facebook.com\/postobkr\/?locale=pt_BR\"><img loading=\"lazy\" decoding=\"async\" src=\"https:\/\/jornalfatosenoticias.com.br\/wp-content\/uploads\/2023\/08\/BKR-1024x1021.jpg\" alt=\"\" class=\"wp-image-44494\" width=\"275\" height=\"274\" srcset=\"https:\/\/jornalfatosenoticias.com.br\/wp-content\/uploads\/2023\/08\/BKR-1024x1021.jpg 1024w, https:\/\/jornalfatosenoticias.com.br\/wp-content\/uploads\/2023\/08\/BKR-300x300.jpg 300w, https:\/\/jornalfatosenoticias.com.br\/wp-content\/uploads\/2023\/08\/BKR-150x150.jpg 150w, https:\/\/jornalfatosenoticias.com.br\/wp-content\/uploads\/2023\/08\/BKR-768x766.jpg 768w, https:\/\/jornalfatosenoticias.com.br\/wp-content\/uploads\/2023\/08\/BKR.jpg 1080w\" sizes=\"auto, (max-width: 275px) 100vw, 275px\" \/><\/a><\/figure><\/div>\n\n\n\n<p>\u00c9 importante ressaltar que, apesar de sua efic\u00e1cia, a higiene do sono n\u00e3o substitui o tratamento m\u00e9dico em casos de dist\u00farbios mais graves. Ela deve ser entendida como uma medida complementar que fortalece a sa\u00fade do sono a longo prazo. O ideal \u00e9 que os h\u00e1bitos sejam implementados gradualmente e respeitando a individualidade de cada pessoa. Especialistas indicam que, ao perceber melhoras na qualidade do sono ap\u00f3s a ado\u00e7\u00e3o dessas pr\u00e1ticas, \u00e9 mais f\u00e1cil manter a disciplina necess\u00e1ria para que elas se tornem permanentes.<\/p>\n\n\n\n<div class=\"wp-block-image\"><figure class=\"aligncenter size-large is-resized\"><a href=\"https:\/\/www.facebook.com\/profile.php?id=100069289606145\"><img loading=\"lazy\" decoding=\"async\" src=\"https:\/\/jornalfatosenoticias.com.br\/wp-content\/uploads\/2024\/11\/Guaitolini-Contabilidade-1024x714.jpeg\" alt=\"\" class=\"wp-image-55808\" width=\"298\" height=\"208\" srcset=\"https:\/\/jornalfatosenoticias.com.br\/wp-content\/uploads\/2024\/11\/Guaitolini-Contabilidade-1024x714.jpeg 1024w, https:\/\/jornalfatosenoticias.com.br\/wp-content\/uploads\/2024\/11\/Guaitolini-Contabilidade-300x209.jpeg 300w, https:\/\/jornalfatosenoticias.com.br\/wp-content\/uploads\/2024\/11\/Guaitolini-Contabilidade-768x535.jpeg 768w, https:\/\/jornalfatosenoticias.com.br\/wp-content\/uploads\/2024\/11\/Guaitolini-Contabilidade.jpeg 1280w\" sizes=\"auto, (max-width: 298px) 100vw, 298px\" \/><\/a><\/figure><\/div>\n\n\n\n<p>Entre os comportamentos mais indicados est\u00e3o manter hor\u00e1rios regulares, evitar cochilos prolongados durante o dia e reservar o quarto exclusivamente para dormir. Outros fatores, como a pr\u00e1tica de exerc\u00edcios f\u00edsicos regulares e a redu\u00e7\u00e3o da exposi\u00e7\u00e3o \u00e0 luz azul, tamb\u00e9m s\u00e3o recomendados.<\/p>\n\n\n\n<div class=\"wp-block-image\"><figure class=\"aligncenter size-large\"><a href=\"http:\/\/www.ferrarimaquinas.com.br\/\"><img loading=\"lazy\" decoding=\"async\" width=\"300\" height=\"250\" src=\"https:\/\/jornalfatosenoticias.com.br\/wp-content\/uploads\/2022\/02\/FERRARI_MAQUINAS-E-FERRAMENTAS2.jpg\" alt=\"\" class=\"wp-image-27860\"\/><\/a><\/figure><\/div>\n\n\n\n<p>No entanto, o foco deste texto n\u00e3o \u00e9 detalhar cada um desses h\u00e1bitos, pois esse conte\u00fado j\u00e1 foi abordado em outras mat\u00e9rias. O objetivo aqui \u00e9 destacar que a higiene do sono, apesar de parecer uma rotina simples, pode transformar a forma como o corpo descansa e se recupera. A aplica\u00e7\u00e3o disciplinada desses cuidados \u00e9 uma forma acess\u00edvel, eficaz e cientificamente respaldada de promover sa\u00fade e bem-estar. <em>Com informa\u00e7\u00f5es de\u00a0<\/em><strong><a href=\"https:\/\/www.sleepfoundation.org\/sleep-hygiene\" target=\"_blank\" rel=\"noreferrer noopener sponsored nofollow\"><em>Sleep Foundation<\/em>.<\/a><\/strong><\/p>\n\n\n\n<div class=\"wp-block-image\"><figure class=\"aligncenter size-large is-resized\"><a href=\"https:\/\/www.facebook.com\/vetor.vix\/\"><img loading=\"lazy\" decoding=\"async\" src=\"https:\/\/jornalfatosenoticias.com.br\/wp-content\/uploads\/2023\/09\/vetorvix1024_1.jpg\" alt=\"\" class=\"wp-image-44868\" width=\"569\" height=\"151\" srcset=\"https:\/\/jornalfatosenoticias.com.br\/wp-content\/uploads\/2023\/09\/vetorvix1024_1.jpg 1024w, https:\/\/jornalfatosenoticias.com.br\/wp-content\/uploads\/2023\/09\/vetorvix1024_1-300x80.jpg 300w, https:\/\/jornalfatosenoticias.com.br\/wp-content\/uploads\/2023\/09\/vetorvix1024_1-768x205.jpg 768w\" sizes=\"auto, (max-width: 569px) 100vw, 569px\" \/><\/a><\/figure><\/div>\n\n\n\n<p><strong>Fonte: <a href=\"https:\/\/olhardigital.com.br\/2025\/08\/07\/medicina-e-saude\/o-que-e-a-higiene-do-sono-e-por-que-ela-e-tao-importante\/\">Olhar Digital<\/a><\/strong><\/p>\n","protected":false},"excerpt":{"rendered":"<p>A higiene do sono envolve h\u00e1bitos e pr\u00e1ticas que promovem noites de descanso mais profundas e saud\u00e1veis, melhorando a qualidade de vida Por Jo\u00e3o Velozo Dormir bem vai muito al\u00e9m de simplesmente deitar e fechar os olhos. A qualidade do descanso noturno\u00a0est\u00e1 diretamente ligada \u00e0 higiene do sono, um conjunto de h\u00e1bitos e pr\u00e1ticas que [&hellip;]<\/p>\n","protected":false},"author":2,"featured_media":61612,"comment_status":"open","ping_status":"open","sticky":false,"template":"","format":"standard","meta":{"footnotes":""},"categories":[2522],"tags":[28094,3028,26058,16223,3659,10269,8422,1138,5113],"class_list":["post-61611","post","type-post","status-publish","format-standard","has-post-thumbnail","hentry","category-comportamento","tag-descanso-noturno","tag-dormir","tag-higiene-do-sono","tag-luz-azul","tag-qualidade-de-vida","tag-qualidade-do-sono","tag-saude-fisica-e-mental","tag-sono","tag-telas"],"yoast_head":"<!-- This site is optimized with the Yoast SEO plugin v26.5 - https:\/\/yoast.com\/wordpress\/plugins\/seo\/ -->\n<title>O que \u00e9 a higiene do sono e por que ela \u00e9 t\u00e3o importante? - Jornal Fatos e Not\u00edcias<\/title>\n<meta name=\"robots\" content=\"index, follow, max-snippet:-1, max-image-preview:large, max-video-preview:-1\" \/>\n<link rel=\"canonical\" href=\"https:\/\/jornalfatosenoticias.com.br\/index.php\/2025\/09\/02\/o-que-e-a-higiene-do-sono-e-por-que-ela-e-tao-importante\/\" \/>\n<meta property=\"og:locale\" content=\"pt_BR\" \/>\n<meta property=\"og:type\" content=\"article\" \/>\n<meta property=\"og:title\" content=\"O que \u00e9 a higiene do sono e por que ela \u00e9 t\u00e3o importante? - Jornal Fatos e Not\u00edcias\" \/>\n<meta property=\"og:description\" content=\"A higiene do sono envolve h\u00e1bitos e pr\u00e1ticas que promovem noites de descanso mais profundas e saud\u00e1veis, melhorando a qualidade de vida Por Jo\u00e3o Velozo Dormir bem vai muito al\u00e9m de simplesmente deitar e fechar os olhos. A qualidade do descanso noturno\u00a0est\u00e1 diretamente ligada \u00e0 higiene do sono, um conjunto de h\u00e1bitos e pr\u00e1ticas que [&hellip;]\" \/>\n<meta property=\"og:url\" content=\"https:\/\/jornalfatosenoticias.com.br\/index.php\/2025\/09\/02\/o-que-e-a-higiene-do-sono-e-por-que-ela-e-tao-importante\/\" \/>\n<meta property=\"og:site_name\" content=\"Jornal Fatos e Not\u00edcias\" \/>\n<meta property=\"article:published_time\" content=\"2025-09-02T17:55:37+00:00\" \/>\n<meta property=\"article:modified_time\" content=\"2025-09-02T17:55:40+00:00\" \/>\n<meta property=\"og:image\" content=\"https:\/\/jornalfatosenoticias.com.br\/wp-content\/uploads\/2025\/09\/higiene-do-sono_freepik.jpg\" \/>\n\t<meta property=\"og:image:width\" content=\"1000\" \/>\n\t<meta property=\"og:image:height\" content=\"714\" \/>\n\t<meta property=\"og:image:type\" content=\"image\/jpeg\" \/>\n<meta name=\"author\" content=\"Luzimara Fernandes\" \/>\n<meta name=\"twitter:card\" content=\"summary_large_image\" \/>\n<meta name=\"twitter:label1\" content=\"Escrito por\" \/>\n\t<meta name=\"twitter:data1\" content=\"Luzimara Fernandes\" \/>\n\t<meta name=\"twitter:label2\" content=\"Est. tempo de leitura\" \/>\n\t<meta name=\"twitter:data2\" content=\"5 minutos\" \/>\n<script type=\"application\/ld+json\" class=\"yoast-schema-graph\">{\"@context\":\"https:\/\/schema.org\",\"@graph\":[{\"@type\":\"Article\",\"@id\":\"https:\/\/jornalfatosenoticias.com.br\/index.php\/2025\/09\/02\/o-que-e-a-higiene-do-sono-e-por-que-ela-e-tao-importante\/#article\",\"isPartOf\":{\"@id\":\"https:\/\/jornalfatosenoticias.com.br\/index.php\/2025\/09\/02\/o-que-e-a-higiene-do-sono-e-por-que-ela-e-tao-importante\/\"},\"author\":{\"name\":\"Luzimara Fernandes\",\"@id\":\"https:\/\/jornalfatosenoticias.com.br\/#\/schema\/person\/d63837fa13ac8666eb9e74e0985d6f81\"},\"headline\":\"O que \u00e9 a higiene do sono e por que ela \u00e9 t\u00e3o importante?\",\"datePublished\":\"2025-09-02T17:55:37+00:00\",\"dateModified\":\"2025-09-02T17:55:40+00:00\",\"mainEntityOfPage\":{\"@id\":\"https:\/\/jornalfatosenoticias.com.br\/index.php\/2025\/09\/02\/o-que-e-a-higiene-do-sono-e-por-que-ela-e-tao-importante\/\"},\"wordCount\":979,\"commentCount\":0,\"publisher\":{\"@id\":\"https:\/\/jornalfatosenoticias.com.br\/#organization\"},\"image\":{\"@id\":\"https:\/\/jornalfatosenoticias.com.br\/index.php\/2025\/09\/02\/o-que-e-a-higiene-do-sono-e-por-que-ela-e-tao-importante\/#primaryimage\"},\"thumbnailUrl\":\"https:\/\/jornalfatosenoticias.com.br\/wp-content\/uploads\/2025\/09\/higiene-do-sono_freepik.jpg\",\"keywords\":[\"descanso noturno\",\"dormir\",\"higiene do sono\",\"luz azul\",\"qualidade de vida\",\"qualidade do sono\",\"sa\u00fade f\u00edsica e mental\",\"sono\",\"telas\"],\"articleSection\":[\"Comportamento &amp; Equil\u00edbrio\"],\"inLanguage\":\"pt-BR\",\"potentialAction\":[{\"@type\":\"CommentAction\",\"name\":\"Comment\",\"target\":[\"https:\/\/jornalfatosenoticias.com.br\/index.php\/2025\/09\/02\/o-que-e-a-higiene-do-sono-e-por-que-ela-e-tao-importante\/#respond\"]}]},{\"@type\":\"WebPage\",\"@id\":\"https:\/\/jornalfatosenoticias.com.br\/index.php\/2025\/09\/02\/o-que-e-a-higiene-do-sono-e-por-que-ela-e-tao-importante\/\",\"url\":\"https:\/\/jornalfatosenoticias.com.br\/index.php\/2025\/09\/02\/o-que-e-a-higiene-do-sono-e-por-que-ela-e-tao-importante\/\",\"name\":\"O que \u00e9 a higiene do sono e por que ela \u00e9 t\u00e3o importante? - Jornal Fatos e Not\u00edcias\",\"isPartOf\":{\"@id\":\"https:\/\/jornalfatosenoticias.com.br\/#website\"},\"primaryImageOfPage\":{\"@id\":\"https:\/\/jornalfatosenoticias.com.br\/index.php\/2025\/09\/02\/o-que-e-a-higiene-do-sono-e-por-que-ela-e-tao-importante\/#primaryimage\"},\"image\":{\"@id\":\"https:\/\/jornalfatosenoticias.com.br\/index.php\/2025\/09\/02\/o-que-e-a-higiene-do-sono-e-por-que-ela-e-tao-importante\/#primaryimage\"},\"thumbnailUrl\":\"https:\/\/jornalfatosenoticias.com.br\/wp-content\/uploads\/2025\/09\/higiene-do-sono_freepik.jpg\",\"datePublished\":\"2025-09-02T17:55:37+00:00\",\"dateModified\":\"2025-09-02T17:55:40+00:00\",\"breadcrumb\":{\"@id\":\"https:\/\/jornalfatosenoticias.com.br\/index.php\/2025\/09\/02\/o-que-e-a-higiene-do-sono-e-por-que-ela-e-tao-importante\/#breadcrumb\"},\"inLanguage\":\"pt-BR\",\"potentialAction\":[{\"@type\":\"ReadAction\",\"target\":[\"https:\/\/jornalfatosenoticias.com.br\/index.php\/2025\/09\/02\/o-que-e-a-higiene-do-sono-e-por-que-ela-e-tao-importante\/\"]}]},{\"@type\":\"ImageObject\",\"inLanguage\":\"pt-BR\",\"@id\":\"https:\/\/jornalfatosenoticias.com.br\/index.php\/2025\/09\/02\/o-que-e-a-higiene-do-sono-e-por-que-ela-e-tao-importante\/#primaryimage\",\"url\":\"https:\/\/jornalfatosenoticias.com.br\/wp-content\/uploads\/2025\/09\/higiene-do-sono_freepik.jpg\",\"contentUrl\":\"https:\/\/jornalfatosenoticias.com.br\/wp-content\/uploads\/2025\/09\/higiene-do-sono_freepik.jpg\",\"width\":1000,\"height\":714},{\"@type\":\"BreadcrumbList\",\"@id\":\"https:\/\/jornalfatosenoticias.com.br\/index.php\/2025\/09\/02\/o-que-e-a-higiene-do-sono-e-por-que-ela-e-tao-importante\/#breadcrumb\",\"itemListElement\":[{\"@type\":\"ListItem\",\"position\":1,\"name\":\"In\u00edcio\",\"item\":\"https:\/\/jornalfatosenoticias.com.br\/\"},{\"@type\":\"ListItem\",\"position\":2,\"name\":\"O que \u00e9 a higiene do sono e por que ela \u00e9 t\u00e3o importante?\"}]},{\"@type\":\"WebSite\",\"@id\":\"https:\/\/jornalfatosenoticias.com.br\/#website\",\"url\":\"https:\/\/jornalfatosenoticias.com.br\/\",\"name\":\"Jornal Fatos e Not\u00edcias\",\"description\":\"Not\u00edcias em geral\",\"publisher\":{\"@id\":\"https:\/\/jornalfatosenoticias.com.br\/#organization\"},\"potentialAction\":[{\"@type\":\"SearchAction\",\"target\":{\"@type\":\"EntryPoint\",\"urlTemplate\":\"https:\/\/jornalfatosenoticias.com.br\/?s={search_term_string}\"},\"query-input\":{\"@type\":\"PropertyValueSpecification\",\"valueRequired\":true,\"valueName\":\"search_term_string\"}}],\"inLanguage\":\"pt-BR\"},{\"@type\":\"Organization\",\"@id\":\"https:\/\/jornalfatosenoticias.com.br\/#organization\",\"name\":\"Jornal Fatos e Not\u00edcias\",\"url\":\"https:\/\/jornalfatosenoticias.com.br\/\",\"logo\":{\"@type\":\"ImageObject\",\"inLanguage\":\"pt-BR\",\"@id\":\"https:\/\/jornalfatosenoticias.com.br\/#\/schema\/logo\/image\/\",\"url\":\"https:\/\/jornalfatosenoticias.com.br\/wp-content\/uploads\/2020\/02\/logo120.png\",\"contentUrl\":\"https:\/\/jornalfatosenoticias.com.br\/wp-content\/uploads\/2020\/02\/logo120.png\",\"width\":1227,\"height\":120,\"caption\":\"Jornal Fatos e Not\u00edcias\"},\"image\":{\"@id\":\"https:\/\/jornalfatosenoticias.com.br\/#\/schema\/logo\/image\/\"}},{\"@type\":\"Person\",\"@id\":\"https:\/\/jornalfatosenoticias.com.br\/#\/schema\/person\/d63837fa13ac8666eb9e74e0985d6f81\",\"name\":\"Luzimara Fernandes\",\"image\":{\"@type\":\"ImageObject\",\"inLanguage\":\"pt-BR\",\"@id\":\"https:\/\/jornalfatosenoticias.com.br\/#\/schema\/person\/image\/\",\"url\":\"https:\/\/jornalfatosenoticias.com.br\/wp-content\/uploads\/2025\/05\/EU_portal.jpg\",\"contentUrl\":\"https:\/\/jornalfatosenoticias.com.br\/wp-content\/uploads\/2025\/05\/EU_portal.jpg\",\"caption\":\"Luzimara Fernandes\"},\"description\":\"Jornalista MTB 2358-ES\",\"sameAs\":[\"https:\/\/jornalfatosenoticias.com.br\"],\"url\":\"https:\/\/jornalfatosenoticias.com.br\/index.php\/author\/luzimara\/\"}]}<\/script>\n<!-- \/ Yoast SEO plugin. -->","yoast_head_json":{"title":"O que \u00e9 a higiene do sono e por que ela \u00e9 t\u00e3o importante? - Jornal Fatos e Not\u00edcias","robots":{"index":"index","follow":"follow","max-snippet":"max-snippet:-1","max-image-preview":"max-image-preview:large","max-video-preview":"max-video-preview:-1"},"canonical":"https:\/\/jornalfatosenoticias.com.br\/index.php\/2025\/09\/02\/o-que-e-a-higiene-do-sono-e-por-que-ela-e-tao-importante\/","og_locale":"pt_BR","og_type":"article","og_title":"O que \u00e9 a higiene do sono e por que ela \u00e9 t\u00e3o importante? - Jornal Fatos e Not\u00edcias","og_description":"A higiene do sono envolve h\u00e1bitos e pr\u00e1ticas que promovem noites de descanso mais profundas e saud\u00e1veis, melhorando a qualidade de vida Por Jo\u00e3o Velozo Dormir bem vai muito al\u00e9m de simplesmente deitar e fechar os olhos. A qualidade do descanso noturno\u00a0est\u00e1 diretamente ligada \u00e0 higiene do sono, um conjunto de h\u00e1bitos e pr\u00e1ticas que [&hellip;]","og_url":"https:\/\/jornalfatosenoticias.com.br\/index.php\/2025\/09\/02\/o-que-e-a-higiene-do-sono-e-por-que-ela-e-tao-importante\/","og_site_name":"Jornal Fatos e Not\u00edcias","article_published_time":"2025-09-02T17:55:37+00:00","article_modified_time":"2025-09-02T17:55:40+00:00","og_image":[{"width":1000,"height":714,"url":"https:\/\/jornalfatosenoticias.com.br\/wp-content\/uploads\/2025\/09\/higiene-do-sono_freepik.jpg","type":"image\/jpeg"}],"author":"Luzimara Fernandes","twitter_card":"summary_large_image","twitter_misc":{"Escrito por":"Luzimara Fernandes","Est. tempo de leitura":"5 minutos"},"schema":{"@context":"https:\/\/schema.org","@graph":[{"@type":"Article","@id":"https:\/\/jornalfatosenoticias.com.br\/index.php\/2025\/09\/02\/o-que-e-a-higiene-do-sono-e-por-que-ela-e-tao-importante\/#article","isPartOf":{"@id":"https:\/\/jornalfatosenoticias.com.br\/index.php\/2025\/09\/02\/o-que-e-a-higiene-do-sono-e-por-que-ela-e-tao-importante\/"},"author":{"name":"Luzimara Fernandes","@id":"https:\/\/jornalfatosenoticias.com.br\/#\/schema\/person\/d63837fa13ac8666eb9e74e0985d6f81"},"headline":"O que \u00e9 a higiene do sono e por que ela \u00e9 t\u00e3o importante?","datePublished":"2025-09-02T17:55:37+00:00","dateModified":"2025-09-02T17:55:40+00:00","mainEntityOfPage":{"@id":"https:\/\/jornalfatosenoticias.com.br\/index.php\/2025\/09\/02\/o-que-e-a-higiene-do-sono-e-por-que-ela-e-tao-importante\/"},"wordCount":979,"commentCount":0,"publisher":{"@id":"https:\/\/jornalfatosenoticias.com.br\/#organization"},"image":{"@id":"https:\/\/jornalfatosenoticias.com.br\/index.php\/2025\/09\/02\/o-que-e-a-higiene-do-sono-e-por-que-ela-e-tao-importante\/#primaryimage"},"thumbnailUrl":"https:\/\/jornalfatosenoticias.com.br\/wp-content\/uploads\/2025\/09\/higiene-do-sono_freepik.jpg","keywords":["descanso noturno","dormir","higiene do sono","luz azul","qualidade de vida","qualidade do sono","sa\u00fade f\u00edsica e mental","sono","telas"],"articleSection":["Comportamento &amp; Equil\u00edbrio"],"inLanguage":"pt-BR","potentialAction":[{"@type":"CommentAction","name":"Comment","target":["https:\/\/jornalfatosenoticias.com.br\/index.php\/2025\/09\/02\/o-que-e-a-higiene-do-sono-e-por-que-ela-e-tao-importante\/#respond"]}]},{"@type":"WebPage","@id":"https:\/\/jornalfatosenoticias.com.br\/index.php\/2025\/09\/02\/o-que-e-a-higiene-do-sono-e-por-que-ela-e-tao-importante\/","url":"https:\/\/jornalfatosenoticias.com.br\/index.php\/2025\/09\/02\/o-que-e-a-higiene-do-sono-e-por-que-ela-e-tao-importante\/","name":"O que \u00e9 a higiene do sono e por que ela \u00e9 t\u00e3o importante? - Jornal Fatos e Not\u00edcias","isPartOf":{"@id":"https:\/\/jornalfatosenoticias.com.br\/#website"},"primaryImageOfPage":{"@id":"https:\/\/jornalfatosenoticias.com.br\/index.php\/2025\/09\/02\/o-que-e-a-higiene-do-sono-e-por-que-ela-e-tao-importante\/#primaryimage"},"image":{"@id":"https:\/\/jornalfatosenoticias.com.br\/index.php\/2025\/09\/02\/o-que-e-a-higiene-do-sono-e-por-que-ela-e-tao-importante\/#primaryimage"},"thumbnailUrl":"https:\/\/jornalfatosenoticias.com.br\/wp-content\/uploads\/2025\/09\/higiene-do-sono_freepik.jpg","datePublished":"2025-09-02T17:55:37+00:00","dateModified":"2025-09-02T17:55:40+00:00","breadcrumb":{"@id":"https:\/\/jornalfatosenoticias.com.br\/index.php\/2025\/09\/02\/o-que-e-a-higiene-do-sono-e-por-que-ela-e-tao-importante\/#breadcrumb"},"inLanguage":"pt-BR","potentialAction":[{"@type":"ReadAction","target":["https:\/\/jornalfatosenoticias.com.br\/index.php\/2025\/09\/02\/o-que-e-a-higiene-do-sono-e-por-que-ela-e-tao-importante\/"]}]},{"@type":"ImageObject","inLanguage":"pt-BR","@id":"https:\/\/jornalfatosenoticias.com.br\/index.php\/2025\/09\/02\/o-que-e-a-higiene-do-sono-e-por-que-ela-e-tao-importante\/#primaryimage","url":"https:\/\/jornalfatosenoticias.com.br\/wp-content\/uploads\/2025\/09\/higiene-do-sono_freepik.jpg","contentUrl":"https:\/\/jornalfatosenoticias.com.br\/wp-content\/uploads\/2025\/09\/higiene-do-sono_freepik.jpg","width":1000,"height":714},{"@type":"BreadcrumbList","@id":"https:\/\/jornalfatosenoticias.com.br\/index.php\/2025\/09\/02\/o-que-e-a-higiene-do-sono-e-por-que-ela-e-tao-importante\/#breadcrumb","itemListElement":[{"@type":"ListItem","position":1,"name":"In\u00edcio","item":"https:\/\/jornalfatosenoticias.com.br\/"},{"@type":"ListItem","position":2,"name":"O que \u00e9 a higiene do sono e por que ela \u00e9 t\u00e3o importante?"}]},{"@type":"WebSite","@id":"https:\/\/jornalfatosenoticias.com.br\/#website","url":"https:\/\/jornalfatosenoticias.com.br\/","name":"Jornal Fatos e Not\u00edcias","description":"Not\u00edcias em geral","publisher":{"@id":"https:\/\/jornalfatosenoticias.com.br\/#organization"},"potentialAction":[{"@type":"SearchAction","target":{"@type":"EntryPoint","urlTemplate":"https:\/\/jornalfatosenoticias.com.br\/?s={search_term_string}"},"query-input":{"@type":"PropertyValueSpecification","valueRequired":true,"valueName":"search_term_string"}}],"inLanguage":"pt-BR"},{"@type":"Organization","@id":"https:\/\/jornalfatosenoticias.com.br\/#organization","name":"Jornal Fatos e Not\u00edcias","url":"https:\/\/jornalfatosenoticias.com.br\/","logo":{"@type":"ImageObject","inLanguage":"pt-BR","@id":"https:\/\/jornalfatosenoticias.com.br\/#\/schema\/logo\/image\/","url":"https:\/\/jornalfatosenoticias.com.br\/wp-content\/uploads\/2020\/02\/logo120.png","contentUrl":"https:\/\/jornalfatosenoticias.com.br\/wp-content\/uploads\/2020\/02\/logo120.png","width":1227,"height":120,"caption":"Jornal Fatos e Not\u00edcias"},"image":{"@id":"https:\/\/jornalfatosenoticias.com.br\/#\/schema\/logo\/image\/"}},{"@type":"Person","@id":"https:\/\/jornalfatosenoticias.com.br\/#\/schema\/person\/d63837fa13ac8666eb9e74e0985d6f81","name":"Luzimara Fernandes","image":{"@type":"ImageObject","inLanguage":"pt-BR","@id":"https:\/\/jornalfatosenoticias.com.br\/#\/schema\/person\/image\/","url":"https:\/\/jornalfatosenoticias.com.br\/wp-content\/uploads\/2025\/05\/EU_portal.jpg","contentUrl":"https:\/\/jornalfatosenoticias.com.br\/wp-content\/uploads\/2025\/05\/EU_portal.jpg","caption":"Luzimara Fernandes"},"description":"Jornalista MTB 2358-ES","sameAs":["https:\/\/jornalfatosenoticias.com.br"],"url":"https:\/\/jornalfatosenoticias.com.br\/index.php\/author\/luzimara\/"}]}},"cc_featured_image_caption":{"caption_text":"(Foto: Freepik) ","source_text":"","source_url":""},"jetpack_featured_media_url":"https:\/\/jornalfatosenoticias.com.br\/wp-content\/uploads\/2025\/09\/higiene-do-sono_freepik.jpg","_links":{"self":[{"href":"https:\/\/jornalfatosenoticias.com.br\/index.php\/wp-json\/wp\/v2\/posts\/61611","targetHints":{"allow":["GET"]}}],"collection":[{"href":"https:\/\/jornalfatosenoticias.com.br\/index.php\/wp-json\/wp\/v2\/posts"}],"about":[{"href":"https:\/\/jornalfatosenoticias.com.br\/index.php\/wp-json\/wp\/v2\/types\/post"}],"author":[{"embeddable":true,"href":"https:\/\/jornalfatosenoticias.com.br\/index.php\/wp-json\/wp\/v2\/users\/2"}],"replies":[{"embeddable":true,"href":"https:\/\/jornalfatosenoticias.com.br\/index.php\/wp-json\/wp\/v2\/comments?post=61611"}],"version-history":[{"count":0,"href":"https:\/\/jornalfatosenoticias.com.br\/index.php\/wp-json\/wp\/v2\/posts\/61611\/revisions"}],"wp:featuredmedia":[{"embeddable":true,"href":"https:\/\/jornalfatosenoticias.com.br\/index.php\/wp-json\/wp\/v2\/media\/61612"}],"wp:attachment":[{"href":"https:\/\/jornalfatosenoticias.com.br\/index.php\/wp-json\/wp\/v2\/media?parent=61611"}],"wp:term":[{"taxonomy":"category","embeddable":true,"href":"https:\/\/jornalfatosenoticias.com.br\/index.php\/wp-json\/wp\/v2\/categories?post=61611"},{"taxonomy":"post_tag","embeddable":true,"href":"https:\/\/jornalfatosenoticias.com.br\/index.php\/wp-json\/wp\/v2\/tags?post=61611"}],"curies":[{"name":"wp","href":"https:\/\/api.w.org\/{rel}","templated":true}]}}