{"id":61620,"date":"2025-09-02T16:12:26","date_gmt":"2025-09-02T19:12:26","guid":{"rendered":"https:\/\/jornalfatosenoticias.com.br\/?p=61620"},"modified":"2025-09-02T16:12:27","modified_gmt":"2025-09-02T19:12:27","slug":"pesquisadores-desenvolvem-nova-tecnica-para-corrigir-problemas-de-visao","status":"publish","type":"post","link":"https:\/\/jornalfatosenoticias.com.br\/index.php\/2025\/09\/02\/pesquisadores-desenvolvem-nova-tecnica-para-corrigir-problemas-de-visao\/","title":{"rendered":"Pesquisadores desenvolvem nova t\u00e9cnica para corrigir problemas de vis\u00e3o"},"content":{"rendered":"\n<p><em><span class=\"has-inline-color has-black-color\">Os especialistas esperam que, futuramente, o m\u00e9todo possa substituir o uso de lasers no tratamento de deforma\u00e7\u00f5es oculares, respons\u00e1veis por miopia ou astigmatismo<\/span><\/em><\/p>\n\n\n\n<p><span class=\"has-inline-color has-black-color\">Por <strong><a href=\"https:\/\/www.bonsfluidos.com.br\/author\/maria-clara\">Maria Clara Pinheiro<\/a><\/strong><\/span><\/p>\n\n\n\n<div class=\"wp-block-image\"><figure class=\"aligncenter size-large\"><a href=\"https:\/\/www.controlsystems.com.br\/\"><img loading=\"lazy\" decoding=\"async\" width=\"1024\" height=\"109\" src=\"https:\/\/jornalfatosenoticias.com.br\/wp-content\/uploads\/2020\/02\/CONTROL-CS2-1024x109.jpg\" alt=\"\" class=\"wp-image-44989\" srcset=\"https:\/\/jornalfatosenoticias.com.br\/wp-content\/uploads\/2020\/02\/CONTROL-CS2-1024x109.jpg 1024w, https:\/\/jornalfatosenoticias.com.br\/wp-content\/uploads\/2020\/02\/CONTROL-CS2-300x32.jpg 300w, https:\/\/jornalfatosenoticias.com.br\/wp-content\/uploads\/2020\/02\/CONTROL-CS2-768x82.jpg 768w, https:\/\/jornalfatosenoticias.com.br\/wp-content\/uploads\/2020\/02\/CONTROL-CS2.jpg 1120w\" sizes=\"auto, (max-width: 1024px) 100vw, 1024px\" \/><\/a><\/figure><\/div>\n\n\n\n<p>Durante a reuni\u00e3o da <strong><em>American Chemical Society (Sociedade Americana de Qu\u00edmica), <\/em><\/strong>pesquisadores apresentaram uma nova t\u00e9cnica para tratar problemas de vis\u00e3o. O m\u00e9todo, baseado no uso de lentes de contato de platina, pode substituir as <a href=\"https:\/\/www.bonsfluidos.com.br\/bem-estar\/por-que-fazer-cirurgia-plastica-no-frio-e-melhor-cirurgiao-lista-6-motivos.phtml\">cirurgias<\/a> a laser e contribuir para a melhora r\u00e1pida de casos graves de miopia ou astigmatismo.<br>A c\u00f3rnea humana \u00e9 a regi\u00e3o mais externa do <a href=\"https:\/\/www.bonsfluidos.com.br\/diversos\/cinco-curiosidades-sobre-o-olho-humano-que-voce-nem-imagina.phtml\">olho<\/a>. Por isso, a estrutura n\u00e3o somente garante prote\u00e7\u00e3o, como auxilia no processo de receber a luz e permitir a focaliza\u00e7\u00e3o na retina, \u00e1rea respons\u00e1vel por enviar as informa\u00e7\u00f5es ao c\u00e9rebro para formar imagens. A deforma\u00e7\u00e3o desse componente \u2014 causada principalmente por fatores gen\u00e9ticos \u2014 portanto, desencadeia patologias oculares que levam \u00e0 perda da vis\u00e3o.<\/p>\n\n\n\n<div class=\"wp-block-image\"><figure class=\"aligncenter size-large is-resized\"><a href=\"https:\/\/www.instagram.com\/serra4x4cambioautomatico\/\"><img loading=\"lazy\" decoding=\"async\" src=\"https:\/\/jornalfatosenoticias.com.br\/wp-content\/uploads\/2024\/08\/Serra-4x4-1-886x1024.jpg\" alt=\"\" class=\"wp-image-53632\" width=\"271\" height=\"313\" srcset=\"https:\/\/jornalfatosenoticias.com.br\/wp-content\/uploads\/2024\/08\/Serra-4x4-1-886x1024.jpg 886w, https:\/\/jornalfatosenoticias.com.br\/wp-content\/uploads\/2024\/08\/Serra-4x4-1-260x300.jpg 260w, https:\/\/jornalfatosenoticias.com.br\/wp-content\/uploads\/2024\/08\/Serra-4x4-1-768x888.jpg 768w, https:\/\/jornalfatosenoticias.com.br\/wp-content\/uploads\/2024\/08\/Serra-4x4-1.jpg 1181w\" sizes=\"auto, (max-width: 271px) 100vw, 271px\" \/><\/a><\/figure><\/div>\n\n\n\n<p>Em casos mais leves, com graus baixos de miopia ou astigmatismo, a condi\u00e7\u00e3o \u00e9 tratada com o uso de <a href=\"https:\/\/www.bonsfluidos.com.br\/diversos\/cinco-dicas-para-limpar-os-oculos-de-grau-sem-riscar-as-lentes.phtml\">\u00f3culos<\/a> ou lentes de contato. J\u00e1 em quadros mais severos, especialistas indicam cirurgias a laser, que removem partes do tecido estrutural para remodelar a c\u00f3rnea. O m\u00e9todo, no entanto, demanda um custo expressivo e maior tempo de recupera\u00e7\u00e3o.<\/p>\n\n\n\n<div class=\"wp-block-image\"><figure class=\"aligncenter size-large is-resized\"><a href=\"https:\/\/www.facebook.com\/profile.php?id=100069289606145\"><img loading=\"lazy\" decoding=\"async\" src=\"https:\/\/jornalfatosenoticias.com.br\/wp-content\/uploads\/2024\/11\/Guaitolini-Contabilidade-1024x714.jpeg\" alt=\"\" class=\"wp-image-55808\" width=\"332\" height=\"231\" srcset=\"https:\/\/jornalfatosenoticias.com.br\/wp-content\/uploads\/2024\/11\/Guaitolini-Contabilidade-1024x714.jpeg 1024w, https:\/\/jornalfatosenoticias.com.br\/wp-content\/uploads\/2024\/11\/Guaitolini-Contabilidade-300x209.jpeg 300w, https:\/\/jornalfatosenoticias.com.br\/wp-content\/uploads\/2024\/11\/Guaitolini-Contabilidade-768x535.jpeg 768w, https:\/\/jornalfatosenoticias.com.br\/wp-content\/uploads\/2024\/11\/Guaitolini-Contabilidade.jpeg 1280w\" sizes=\"auto, (max-width: 332px) 100vw, 332px\" \/><\/a><\/figure><\/div>\n\n\n\n<p>Foram esses fatores que motivaram cientistas a buscarem alternativas menos invasivas. Eles, ent\u00e3o, desenvolveram uma lente de platina que, ap\u00f3s receber est\u00edmulos de um pequeno potencial el\u00e9trico, altera o <strong>pH<\/strong>\u00a0do\u00a0<a href=\"https:\/\/www.bonsfluidos.com.br\/beleza\/descubra-mitos-e-verdades-sobre-o-colageno.phtml\">col\u00e1geno<\/a> presente na c\u00f3rnea e torna o tecido male\u00e1vel. Dessa forma, a estrutura se ajusta ao formato da lente e, ao retornar ao pH habitual, mant\u00e9m-se no novo modelo, corrigindo a deforma\u00e7\u00e3o<\/p>\n\n\n\n<div class=\"wp-block-image\"><figure class=\"aligncenter size-large\"><a href=\"http:\/\/www.ferrarimaquinas.com.br\/\"><img loading=\"lazy\" decoding=\"async\" width=\"300\" height=\"250\" src=\"https:\/\/jornalfatosenoticias.com.br\/wp-content\/uploads\/2022\/02\/FERRARI_MAQUINAS-E-FERRAMENTAS2.jpg\" alt=\"\" class=\"wp-image-27860\"\/><\/a><\/figure><\/div>\n\n\n\n<blockquote class=\"wp-block-quote is-layout-flow wp-block-quote-is-layout-flow\"><p><span class=\"has-inline-color has-luminous-vivid-orange-color\">\u00c9 apenas uma mudan\u00e7a de paradigma. Isso porque, em vez de ter esse <em><a href=\"https:\/\/www.bonsfluidos.com.br\/comportamento\/fumaca-de-cigarro-piora-a-qualidade-do-tecido-osseo-mostra-estudo.phtml\">tecido<\/a><\/em> e esculpi-lo, sutur\u00e1-lo e manipul\u00e1-lo mecanicamente, estamos pensando nisso em termos do material e como podemos mudar suas propriedades mec\u00e2nicas, de uma perspectiva qu\u00edmica, para remodel\u00e1-lo e reutiliz\u00e1-lo\u201d, afirmou o professor de qu\u00edmica, <strong>Michael Hill,<\/strong> ao site \u2018<strong>News Medical\u2019.<\/strong><\/span><\/p><\/blockquote>\n\n\n\n<div class=\"wp-block-image\"><figure class=\"aligncenter size-large is-resized\"><a href=\"https:\/\/legisjuris.com.br\/\"><img loading=\"lazy\" decoding=\"async\" src=\"https:\/\/jornalfatosenoticias.com.br\/wp-content\/uploads\/2024\/09\/Legis-Juris-Consultoria_logo.jpg\" alt=\"\" class=\"wp-image-53915\" width=\"485\" height=\"203\" srcset=\"https:\/\/jornalfatosenoticias.com.br\/wp-content\/uploads\/2024\/09\/Legis-Juris-Consultoria_logo.jpg 969w, https:\/\/jornalfatosenoticias.com.br\/wp-content\/uploads\/2024\/09\/Legis-Juris-Consultoria_logo-300x126.jpg 300w, https:\/\/jornalfatosenoticias.com.br\/wp-content\/uploads\/2024\/09\/Legis-Juris-Consultoria_logo-768x322.jpg 768w\" sizes=\"auto, (max-width: 485px) 100vw, 485px\" \/><\/a><\/figure><\/div>\n\n\n\n<p><strong><span class=\"has-inline-color has-vivid-purple-color\">Resultados e pr\u00f3ximos passos<br><\/span><\/strong>A partir dessa t\u00e9cnica, equipes do <strong>Occidental College<\/strong> e da <strong>Universidade da Calif\u00f3rnia<\/strong> conseguiram corrigir o grau de miopia de 12 dos 10 coelhos tratados. De acordo com o Hill, o procedimento leva apenas um minuto para reverter problemas de vis\u00e3o \u2014 o mesmo tempo de dura\u00e7\u00e3o das <a href=\"https:\/\/www.bonsfluidos.com.br\/bem-estar\/por-que-fazer-cirurgia-plastica-no-frio-e-melhor-cirurgiao-lista-6-motivos.phtml\">cirurgias<\/a>.<\/p>\n\n\n\n<div class=\"wp-block-image\"><figure class=\"aligncenter size-large is-resized\"><a href=\"https:\/\/www.instagram.com\/rcradiadores\/\"><img loading=\"lazy\" decoding=\"async\" src=\"https:\/\/jornalfatosenoticias.com.br\/wp-content\/uploads\/2022\/10\/RC_800x750_page-0001.jpg\" alt=\"\" class=\"wp-image-35338\" width=\"285\" height=\"267\" srcset=\"https:\/\/jornalfatosenoticias.com.br\/wp-content\/uploads\/2022\/10\/RC_800x750_page-0001.jpg 400w, https:\/\/jornalfatosenoticias.com.br\/wp-content\/uploads\/2022\/10\/RC_800x750_page-0001-300x281.jpg 300w\" sizes=\"auto, (max-width: 285px) 100vw, 285px\" \/><\/a><\/figure><\/div>\n\n\n\n<p>As lentes de platina, contudo, s\u00e3o menos invasivas, pois n\u00e3o realizam cortes na estrutura ocular. Al\u00e9m disso, garantem uma <a href=\"https:\/\/www.bonsfluidos.com.br\/saude\/governo-aprova-projeto-que-amplia-acesso-a-cirurgia-de-mama.phtml\">opera\u00e7\u00e3o<\/a> com poucas etapas e de baixo custo. O estudo est\u00e1 nos est\u00e1gios iniciais. Entretanto, os especialistas esperam que, futuramente, a t\u00e9cnica possa substituir o uso de lasers. Eles ainda planejam utiliz\u00e1-la para corrigir deforma\u00e7\u00f5es causadas por produtos qu\u00edmicos. <\/p>\n\n\n\n<div class=\"wp-block-image\"><figure class=\"aligncenter size-large is-resized\"><a href=\"https:\/\/www.instagram.com\/esteio.churrascaria\/\"><img loading=\"lazy\" decoding=\"async\" src=\"https:\/\/jornalfatosenoticias.com.br\/wp-content\/uploads\/2022\/02\/LOGO-ESTEIO-1024x730.png\" alt=\"\" class=\"wp-image-27942\" width=\"315\" height=\"224\" srcset=\"https:\/\/jornalfatosenoticias.com.br\/wp-content\/uploads\/2022\/02\/LOGO-ESTEIO-1024x730.png 1024w, https:\/\/jornalfatosenoticias.com.br\/wp-content\/uploads\/2022\/02\/LOGO-ESTEIO-300x214.png 300w, https:\/\/jornalfatosenoticias.com.br\/wp-content\/uploads\/2022\/02\/LOGO-ESTEIO-768x548.png 768w, https:\/\/jornalfatosenoticias.com.br\/wp-content\/uploads\/2022\/02\/LOGO-ESTEIO.png 1123w\" sizes=\"auto, (max-width: 315px) 100vw, 315px\" \/><\/a><\/figure><\/div>\n\n\n\n<blockquote class=\"wp-block-quote is-layout-flow wp-block-quote-is-layout-flow\"><p><span class=\"has-inline-color has-luminous-vivid-orange-color\">H\u00e1 um longo <em><a href=\"https:\/\/www.bonsfluidos.com.br\/inspiracao\/luz-no-caminho-a-espiritualidade-oriental-para-quem-busca-transformacoes-significativas-na-vida.phtml\">caminho<\/a><\/em> entre o que fizemos e a pr\u00e1tica cl\u00ednica. Mas, se chegarmos l\u00e1, essa t\u00e9cnica ser\u00e1 amplamente aplic\u00e1vel, muito mais barata e potencialmente at\u00e9 revers\u00edvel\u201d, explicou o pesquisador.<\/span><\/p><\/blockquote>\n\n\n\n<div class=\"wp-block-image\"><figure class=\"aligncenter size-large is-resized\"><a href=\"https:\/\/www.instagram.com\/gruposei\/\"><img loading=\"lazy\" decoding=\"async\" src=\"https:\/\/jornalfatosenoticias.com.br\/wp-content\/uploads\/2022\/07\/Logo-Grupo-SEI.jpg\" alt=\"\" class=\"wp-image-31973\" width=\"320\" height=\"168\" srcset=\"https:\/\/jornalfatosenoticias.com.br\/wp-content\/uploads\/2022\/07\/Logo-Grupo-SEI.jpg 713w, https:\/\/jornalfatosenoticias.com.br\/wp-content\/uploads\/2022\/07\/Logo-Grupo-SEI-300x158.jpg 300w\" sizes=\"auto, (max-width: 320px) 100vw, 320px\" \/><\/a><\/figure><\/div>\n\n\n\n<p><strong>Fonte: <a href=\"https:\/\/www.bonsfluidos.com.br\/saude\/pesquisadores-criam-nova-tecnica-para-corrigir-problemas-de-visao.phtml\">Bons Fluidos<\/a><\/strong><\/p>\n","protected":false},"excerpt":{"rendered":"<p>Os especialistas esperam que, futuramente, o m\u00e9todo possa substituir o uso de lasers no tratamento de deforma\u00e7\u00f5es oculares, respons\u00e1veis por miopia ou astigmatismo Por Maria Clara Pinheiro Durante a reuni\u00e3o da American Chemical Society (Sociedade Americana de Qu\u00edmica), pesquisadores apresentaram uma nova t\u00e9cnica para tratar problemas de vis\u00e3o. O m\u00e9todo, baseado no uso de lentes [&hellip;]<\/p>\n","protected":false},"author":2,"featured_media":61621,"comment_status":"open","ping_status":"open","sticky":false,"template":"","format":"standard","meta":{"footnotes":""},"categories":[11],"tags":[28100,28096,7152,28097,28101,5219,6787,12561,2944,28098,1380,15288,5657,28099,74,18262,4200,4929],"class_list":["post-61620","post","type-post","status-publish","format-standard","has-post-thumbnail","hentry","category-saude","tag-astigmatismo","tag-cirurgias","tag-cornea","tag-correcao","tag-deformacao","tag-laser","tag-lentes-de-contato","tag-miopia","tag-olhos","tag-patologias-oculares","tag-pesquisadores","tag-ph","tag-platina","tag-procedimento","tag-saude","tag-tecido","tag-tratamentos","tag-visao"],"yoast_head":"<!-- This site is optimized with the Yoast SEO plugin v26.5 - https:\/\/yoast.com\/wordpress\/plugins\/seo\/ -->\n<title>Pesquisadores desenvolvem nova t\u00e9cnica para corrigir problemas de vis\u00e3o - Jornal Fatos e Not\u00edcias<\/title>\n<meta name=\"robots\" content=\"index, follow, max-snippet:-1, max-image-preview:large, max-video-preview:-1\" \/>\n<link rel=\"canonical\" href=\"https:\/\/jornalfatosenoticias.com.br\/index.php\/2025\/09\/02\/pesquisadores-desenvolvem-nova-tecnica-para-corrigir-problemas-de-visao\/\" \/>\n<meta property=\"og:locale\" content=\"pt_BR\" \/>\n<meta property=\"og:type\" content=\"article\" \/>\n<meta property=\"og:title\" content=\"Pesquisadores desenvolvem nova t\u00e9cnica para corrigir problemas de vis\u00e3o - Jornal Fatos e Not\u00edcias\" \/>\n<meta property=\"og:description\" content=\"Os especialistas esperam que, futuramente, o m\u00e9todo possa substituir o uso de lasers no tratamento de deforma\u00e7\u00f5es oculares, respons\u00e1veis por miopia ou astigmatismo Por Maria Clara Pinheiro Durante a reuni\u00e3o da American Chemical Society (Sociedade Americana de Qu\u00edmica), pesquisadores apresentaram uma nova t\u00e9cnica para tratar problemas de vis\u00e3o. O m\u00e9todo, baseado no uso de lentes [&hellip;]\" \/>\n<meta property=\"og:url\" content=\"https:\/\/jornalfatosenoticias.com.br\/index.php\/2025\/09\/02\/pesquisadores-desenvolvem-nova-tecnica-para-corrigir-problemas-de-visao\/\" \/>\n<meta property=\"og:site_name\" content=\"Jornal Fatos e Not\u00edcias\" \/>\n<meta property=\"article:published_time\" content=\"2025-09-02T19:12:26+00:00\" \/>\n<meta property=\"article:modified_time\" content=\"2025-09-02T19:12:27+00:00\" \/>\n<meta property=\"og:image\" content=\"https:\/\/jornalfatosenoticias.com.br\/wp-content\/uploads\/2025\/09\/nova-tecnica-para-corrigir-problemas-de-visao_freepik.jpg\" \/>\n\t<meta property=\"og:image:width\" content=\"1000\" \/>\n\t<meta property=\"og:image:height\" content=\"665\" \/>\n\t<meta property=\"og:image:type\" content=\"image\/jpeg\" \/>\n<meta name=\"author\" content=\"Luzimara Fernandes\" \/>\n<meta name=\"twitter:card\" content=\"summary_large_image\" \/>\n<meta name=\"twitter:label1\" content=\"Escrito por\" \/>\n\t<meta name=\"twitter:data1\" content=\"Luzimara Fernandes\" \/>\n\t<meta name=\"twitter:label2\" content=\"Est. tempo de leitura\" \/>\n\t<meta name=\"twitter:data2\" content=\"3 minutos\" \/>\n<script type=\"application\/ld+json\" class=\"yoast-schema-graph\">{\"@context\":\"https:\/\/schema.org\",\"@graph\":[{\"@type\":\"Article\",\"@id\":\"https:\/\/jornalfatosenoticias.com.br\/index.php\/2025\/09\/02\/pesquisadores-desenvolvem-nova-tecnica-para-corrigir-problemas-de-visao\/#article\",\"isPartOf\":{\"@id\":\"https:\/\/jornalfatosenoticias.com.br\/index.php\/2025\/09\/02\/pesquisadores-desenvolvem-nova-tecnica-para-corrigir-problemas-de-visao\/\"},\"author\":{\"name\":\"Luzimara Fernandes\",\"@id\":\"https:\/\/jornalfatosenoticias.com.br\/#\/schema\/person\/d63837fa13ac8666eb9e74e0985d6f81\"},\"headline\":\"Pesquisadores desenvolvem nova t\u00e9cnica para corrigir problemas de vis\u00e3o\",\"datePublished\":\"2025-09-02T19:12:26+00:00\",\"dateModified\":\"2025-09-02T19:12:27+00:00\",\"mainEntityOfPage\":{\"@id\":\"https:\/\/jornalfatosenoticias.com.br\/index.php\/2025\/09\/02\/pesquisadores-desenvolvem-nova-tecnica-para-corrigir-problemas-de-visao\/\"},\"wordCount\":522,\"commentCount\":0,\"publisher\":{\"@id\":\"https:\/\/jornalfatosenoticias.com.br\/#organization\"},\"image\":{\"@id\":\"https:\/\/jornalfatosenoticias.com.br\/index.php\/2025\/09\/02\/pesquisadores-desenvolvem-nova-tecnica-para-corrigir-problemas-de-visao\/#primaryimage\"},\"thumbnailUrl\":\"https:\/\/jornalfatosenoticias.com.br\/wp-content\/uploads\/2025\/09\/nova-tecnica-para-corrigir-problemas-de-visao_freepik.jpg\",\"keywords\":[\"astigmatismo\",\"cirurgias\",\"c\u00f3rnea\",\"corre\u00e7\u00e3o\",\"deforma\u00e7\u00e3o\",\"laser\",\"lentes de contato\",\"miopia\",\"olhos\",\"patologias oculares\",\"pesquisadores\",\"pH\",\"platina\",\"procedimento\",\"sa\u00fade\",\"tecido\",\"tratamentos\",\"vis\u00e3o\"],\"articleSection\":[\"Sa\u00fade\"],\"inLanguage\":\"pt-BR\",\"potentialAction\":[{\"@type\":\"CommentAction\",\"name\":\"Comment\",\"target\":[\"https:\/\/jornalfatosenoticias.com.br\/index.php\/2025\/09\/02\/pesquisadores-desenvolvem-nova-tecnica-para-corrigir-problemas-de-visao\/#respond\"]}]},{\"@type\":\"WebPage\",\"@id\":\"https:\/\/jornalfatosenoticias.com.br\/index.php\/2025\/09\/02\/pesquisadores-desenvolvem-nova-tecnica-para-corrigir-problemas-de-visao\/\",\"url\":\"https:\/\/jornalfatosenoticias.com.br\/index.php\/2025\/09\/02\/pesquisadores-desenvolvem-nova-tecnica-para-corrigir-problemas-de-visao\/\",\"name\":\"Pesquisadores desenvolvem nova t\u00e9cnica para corrigir problemas de vis\u00e3o - Jornal Fatos e Not\u00edcias\",\"isPartOf\":{\"@id\":\"https:\/\/jornalfatosenoticias.com.br\/#website\"},\"primaryImageOfPage\":{\"@id\":\"https:\/\/jornalfatosenoticias.com.br\/index.php\/2025\/09\/02\/pesquisadores-desenvolvem-nova-tecnica-para-corrigir-problemas-de-visao\/#primaryimage\"},\"image\":{\"@id\":\"https:\/\/jornalfatosenoticias.com.br\/index.php\/2025\/09\/02\/pesquisadores-desenvolvem-nova-tecnica-para-corrigir-problemas-de-visao\/#primaryimage\"},\"thumbnailUrl\":\"https:\/\/jornalfatosenoticias.com.br\/wp-content\/uploads\/2025\/09\/nova-tecnica-para-corrigir-problemas-de-visao_freepik.jpg\",\"datePublished\":\"2025-09-02T19:12:26+00:00\",\"dateModified\":\"2025-09-02T19:12:27+00:00\",\"breadcrumb\":{\"@id\":\"https:\/\/jornalfatosenoticias.com.br\/index.php\/2025\/09\/02\/pesquisadores-desenvolvem-nova-tecnica-para-corrigir-problemas-de-visao\/#breadcrumb\"},\"inLanguage\":\"pt-BR\",\"potentialAction\":[{\"@type\":\"ReadAction\",\"target\":[\"https:\/\/jornalfatosenoticias.com.br\/index.php\/2025\/09\/02\/pesquisadores-desenvolvem-nova-tecnica-para-corrigir-problemas-de-visao\/\"]}]},{\"@type\":\"ImageObject\",\"inLanguage\":\"pt-BR\",\"@id\":\"https:\/\/jornalfatosenoticias.com.br\/index.php\/2025\/09\/02\/pesquisadores-desenvolvem-nova-tecnica-para-corrigir-problemas-de-visao\/#primaryimage\",\"url\":\"https:\/\/jornalfatosenoticias.com.br\/wp-content\/uploads\/2025\/09\/nova-tecnica-para-corrigir-problemas-de-visao_freepik.jpg\",\"contentUrl\":\"https:\/\/jornalfatosenoticias.com.br\/wp-content\/uploads\/2025\/09\/nova-tecnica-para-corrigir-problemas-de-visao_freepik.jpg\",\"width\":1000,\"height\":665},{\"@type\":\"BreadcrumbList\",\"@id\":\"https:\/\/jornalfatosenoticias.com.br\/index.php\/2025\/09\/02\/pesquisadores-desenvolvem-nova-tecnica-para-corrigir-problemas-de-visao\/#breadcrumb\",\"itemListElement\":[{\"@type\":\"ListItem\",\"position\":1,\"name\":\"In\u00edcio\",\"item\":\"https:\/\/jornalfatosenoticias.com.br\/\"},{\"@type\":\"ListItem\",\"position\":2,\"name\":\"Pesquisadores desenvolvem nova t\u00e9cnica para corrigir problemas de vis\u00e3o\"}]},{\"@type\":\"WebSite\",\"@id\":\"https:\/\/jornalfatosenoticias.com.br\/#website\",\"url\":\"https:\/\/jornalfatosenoticias.com.br\/\",\"name\":\"Jornal Fatos e Not\u00edcias\",\"description\":\"Not\u00edcias em geral\",\"publisher\":{\"@id\":\"https:\/\/jornalfatosenoticias.com.br\/#organization\"},\"potentialAction\":[{\"@type\":\"SearchAction\",\"target\":{\"@type\":\"EntryPoint\",\"urlTemplate\":\"https:\/\/jornalfatosenoticias.com.br\/?s={search_term_string}\"},\"query-input\":{\"@type\":\"PropertyValueSpecification\",\"valueRequired\":true,\"valueName\":\"search_term_string\"}}],\"inLanguage\":\"pt-BR\"},{\"@type\":\"Organization\",\"@id\":\"https:\/\/jornalfatosenoticias.com.br\/#organization\",\"name\":\"Jornal Fatos e Not\u00edcias\",\"url\":\"https:\/\/jornalfatosenoticias.com.br\/\",\"logo\":{\"@type\":\"ImageObject\",\"inLanguage\":\"pt-BR\",\"@id\":\"https:\/\/jornalfatosenoticias.com.br\/#\/schema\/logo\/image\/\",\"url\":\"https:\/\/jornalfatosenoticias.com.br\/wp-content\/uploads\/2020\/02\/logo120.png\",\"contentUrl\":\"https:\/\/jornalfatosenoticias.com.br\/wp-content\/uploads\/2020\/02\/logo120.png\",\"width\":1227,\"height\":120,\"caption\":\"Jornal Fatos e Not\u00edcias\"},\"image\":{\"@id\":\"https:\/\/jornalfatosenoticias.com.br\/#\/schema\/logo\/image\/\"}},{\"@type\":\"Person\",\"@id\":\"https:\/\/jornalfatosenoticias.com.br\/#\/schema\/person\/d63837fa13ac8666eb9e74e0985d6f81\",\"name\":\"Luzimara Fernandes\",\"image\":{\"@type\":\"ImageObject\",\"inLanguage\":\"pt-BR\",\"@id\":\"https:\/\/jornalfatosenoticias.com.br\/#\/schema\/person\/image\/\",\"url\":\"https:\/\/jornalfatosenoticias.com.br\/wp-content\/uploads\/2025\/05\/EU_portal.jpg\",\"contentUrl\":\"https:\/\/jornalfatosenoticias.com.br\/wp-content\/uploads\/2025\/05\/EU_portal.jpg\",\"caption\":\"Luzimara Fernandes\"},\"description\":\"Jornalista MTB 2358-ES\",\"sameAs\":[\"https:\/\/jornalfatosenoticias.com.br\"],\"url\":\"https:\/\/jornalfatosenoticias.com.br\/index.php\/author\/luzimara\/\"}]}<\/script>\n<!-- \/ Yoast SEO plugin. -->","yoast_head_json":{"title":"Pesquisadores desenvolvem nova t\u00e9cnica para corrigir problemas de vis\u00e3o - Jornal Fatos e Not\u00edcias","robots":{"index":"index","follow":"follow","max-snippet":"max-snippet:-1","max-image-preview":"max-image-preview:large","max-video-preview":"max-video-preview:-1"},"canonical":"https:\/\/jornalfatosenoticias.com.br\/index.php\/2025\/09\/02\/pesquisadores-desenvolvem-nova-tecnica-para-corrigir-problemas-de-visao\/","og_locale":"pt_BR","og_type":"article","og_title":"Pesquisadores desenvolvem nova t\u00e9cnica para corrigir problemas de vis\u00e3o - Jornal Fatos e Not\u00edcias","og_description":"Os especialistas esperam que, futuramente, o m\u00e9todo possa substituir o uso de lasers no tratamento de deforma\u00e7\u00f5es oculares, respons\u00e1veis por miopia ou astigmatismo Por Maria Clara Pinheiro Durante a reuni\u00e3o da American Chemical Society (Sociedade Americana de Qu\u00edmica), pesquisadores apresentaram uma nova t\u00e9cnica para tratar problemas de vis\u00e3o. O m\u00e9todo, baseado no uso de lentes [&hellip;]","og_url":"https:\/\/jornalfatosenoticias.com.br\/index.php\/2025\/09\/02\/pesquisadores-desenvolvem-nova-tecnica-para-corrigir-problemas-de-visao\/","og_site_name":"Jornal Fatos e Not\u00edcias","article_published_time":"2025-09-02T19:12:26+00:00","article_modified_time":"2025-09-02T19:12:27+00:00","og_image":[{"width":1000,"height":665,"url":"https:\/\/jornalfatosenoticias.com.br\/wp-content\/uploads\/2025\/09\/nova-tecnica-para-corrigir-problemas-de-visao_freepik.jpg","type":"image\/jpeg"}],"author":"Luzimara Fernandes","twitter_card":"summary_large_image","twitter_misc":{"Escrito por":"Luzimara Fernandes","Est. tempo de leitura":"3 minutos"},"schema":{"@context":"https:\/\/schema.org","@graph":[{"@type":"Article","@id":"https:\/\/jornalfatosenoticias.com.br\/index.php\/2025\/09\/02\/pesquisadores-desenvolvem-nova-tecnica-para-corrigir-problemas-de-visao\/#article","isPartOf":{"@id":"https:\/\/jornalfatosenoticias.com.br\/index.php\/2025\/09\/02\/pesquisadores-desenvolvem-nova-tecnica-para-corrigir-problemas-de-visao\/"},"author":{"name":"Luzimara Fernandes","@id":"https:\/\/jornalfatosenoticias.com.br\/#\/schema\/person\/d63837fa13ac8666eb9e74e0985d6f81"},"headline":"Pesquisadores desenvolvem nova t\u00e9cnica para corrigir problemas de vis\u00e3o","datePublished":"2025-09-02T19:12:26+00:00","dateModified":"2025-09-02T19:12:27+00:00","mainEntityOfPage":{"@id":"https:\/\/jornalfatosenoticias.com.br\/index.php\/2025\/09\/02\/pesquisadores-desenvolvem-nova-tecnica-para-corrigir-problemas-de-visao\/"},"wordCount":522,"commentCount":0,"publisher":{"@id":"https:\/\/jornalfatosenoticias.com.br\/#organization"},"image":{"@id":"https:\/\/jornalfatosenoticias.com.br\/index.php\/2025\/09\/02\/pesquisadores-desenvolvem-nova-tecnica-para-corrigir-problemas-de-visao\/#primaryimage"},"thumbnailUrl":"https:\/\/jornalfatosenoticias.com.br\/wp-content\/uploads\/2025\/09\/nova-tecnica-para-corrigir-problemas-de-visao_freepik.jpg","keywords":["astigmatismo","cirurgias","c\u00f3rnea","corre\u00e7\u00e3o","deforma\u00e7\u00e3o","laser","lentes de contato","miopia","olhos","patologias oculares","pesquisadores","pH","platina","procedimento","sa\u00fade","tecido","tratamentos","vis\u00e3o"],"articleSection":["Sa\u00fade"],"inLanguage":"pt-BR","potentialAction":[{"@type":"CommentAction","name":"Comment","target":["https:\/\/jornalfatosenoticias.com.br\/index.php\/2025\/09\/02\/pesquisadores-desenvolvem-nova-tecnica-para-corrigir-problemas-de-visao\/#respond"]}]},{"@type":"WebPage","@id":"https:\/\/jornalfatosenoticias.com.br\/index.php\/2025\/09\/02\/pesquisadores-desenvolvem-nova-tecnica-para-corrigir-problemas-de-visao\/","url":"https:\/\/jornalfatosenoticias.com.br\/index.php\/2025\/09\/02\/pesquisadores-desenvolvem-nova-tecnica-para-corrigir-problemas-de-visao\/","name":"Pesquisadores desenvolvem nova t\u00e9cnica para corrigir problemas de vis\u00e3o - Jornal Fatos e Not\u00edcias","isPartOf":{"@id":"https:\/\/jornalfatosenoticias.com.br\/#website"},"primaryImageOfPage":{"@id":"https:\/\/jornalfatosenoticias.com.br\/index.php\/2025\/09\/02\/pesquisadores-desenvolvem-nova-tecnica-para-corrigir-problemas-de-visao\/#primaryimage"},"image":{"@id":"https:\/\/jornalfatosenoticias.com.br\/index.php\/2025\/09\/02\/pesquisadores-desenvolvem-nova-tecnica-para-corrigir-problemas-de-visao\/#primaryimage"},"thumbnailUrl":"https:\/\/jornalfatosenoticias.com.br\/wp-content\/uploads\/2025\/09\/nova-tecnica-para-corrigir-problemas-de-visao_freepik.jpg","datePublished":"2025-09-02T19:12:26+00:00","dateModified":"2025-09-02T19:12:27+00:00","breadcrumb":{"@id":"https:\/\/jornalfatosenoticias.com.br\/index.php\/2025\/09\/02\/pesquisadores-desenvolvem-nova-tecnica-para-corrigir-problemas-de-visao\/#breadcrumb"},"inLanguage":"pt-BR","potentialAction":[{"@type":"ReadAction","target":["https:\/\/jornalfatosenoticias.com.br\/index.php\/2025\/09\/02\/pesquisadores-desenvolvem-nova-tecnica-para-corrigir-problemas-de-visao\/"]}]},{"@type":"ImageObject","inLanguage":"pt-BR","@id":"https:\/\/jornalfatosenoticias.com.br\/index.php\/2025\/09\/02\/pesquisadores-desenvolvem-nova-tecnica-para-corrigir-problemas-de-visao\/#primaryimage","url":"https:\/\/jornalfatosenoticias.com.br\/wp-content\/uploads\/2025\/09\/nova-tecnica-para-corrigir-problemas-de-visao_freepik.jpg","contentUrl":"https:\/\/jornalfatosenoticias.com.br\/wp-content\/uploads\/2025\/09\/nova-tecnica-para-corrigir-problemas-de-visao_freepik.jpg","width":1000,"height":665},{"@type":"BreadcrumbList","@id":"https:\/\/jornalfatosenoticias.com.br\/index.php\/2025\/09\/02\/pesquisadores-desenvolvem-nova-tecnica-para-corrigir-problemas-de-visao\/#breadcrumb","itemListElement":[{"@type":"ListItem","position":1,"name":"In\u00edcio","item":"https:\/\/jornalfatosenoticias.com.br\/"},{"@type":"ListItem","position":2,"name":"Pesquisadores desenvolvem nova t\u00e9cnica para corrigir problemas de vis\u00e3o"}]},{"@type":"WebSite","@id":"https:\/\/jornalfatosenoticias.com.br\/#website","url":"https:\/\/jornalfatosenoticias.com.br\/","name":"Jornal Fatos e Not\u00edcias","description":"Not\u00edcias em geral","publisher":{"@id":"https:\/\/jornalfatosenoticias.com.br\/#organization"},"potentialAction":[{"@type":"SearchAction","target":{"@type":"EntryPoint","urlTemplate":"https:\/\/jornalfatosenoticias.com.br\/?s={search_term_string}"},"query-input":{"@type":"PropertyValueSpecification","valueRequired":true,"valueName":"search_term_string"}}],"inLanguage":"pt-BR"},{"@type":"Organization","@id":"https:\/\/jornalfatosenoticias.com.br\/#organization","name":"Jornal Fatos e Not\u00edcias","url":"https:\/\/jornalfatosenoticias.com.br\/","logo":{"@type":"ImageObject","inLanguage":"pt-BR","@id":"https:\/\/jornalfatosenoticias.com.br\/#\/schema\/logo\/image\/","url":"https:\/\/jornalfatosenoticias.com.br\/wp-content\/uploads\/2020\/02\/logo120.png","contentUrl":"https:\/\/jornalfatosenoticias.com.br\/wp-content\/uploads\/2020\/02\/logo120.png","width":1227,"height":120,"caption":"Jornal Fatos e Not\u00edcias"},"image":{"@id":"https:\/\/jornalfatosenoticias.com.br\/#\/schema\/logo\/image\/"}},{"@type":"Person","@id":"https:\/\/jornalfatosenoticias.com.br\/#\/schema\/person\/d63837fa13ac8666eb9e74e0985d6f81","name":"Luzimara Fernandes","image":{"@type":"ImageObject","inLanguage":"pt-BR","@id":"https:\/\/jornalfatosenoticias.com.br\/#\/schema\/person\/image\/","url":"https:\/\/jornalfatosenoticias.com.br\/wp-content\/uploads\/2025\/05\/EU_portal.jpg","contentUrl":"https:\/\/jornalfatosenoticias.com.br\/wp-content\/uploads\/2025\/05\/EU_portal.jpg","caption":"Luzimara Fernandes"},"description":"Jornalista MTB 2358-ES","sameAs":["https:\/\/jornalfatosenoticias.com.br"],"url":"https:\/\/jornalfatosenoticias.com.br\/index.php\/author\/luzimara\/"}]}},"cc_featured_image_caption":{"caption_text":"(Foto: Freepik)  ","source_text":"","source_url":""},"jetpack_featured_media_url":"https:\/\/jornalfatosenoticias.com.br\/wp-content\/uploads\/2025\/09\/nova-tecnica-para-corrigir-problemas-de-visao_freepik.jpg","_links":{"self":[{"href":"https:\/\/jornalfatosenoticias.com.br\/index.php\/wp-json\/wp\/v2\/posts\/61620","targetHints":{"allow":["GET"]}}],"collection":[{"href":"https:\/\/jornalfatosenoticias.com.br\/index.php\/wp-json\/wp\/v2\/posts"}],"about":[{"href":"https:\/\/jornalfatosenoticias.com.br\/index.php\/wp-json\/wp\/v2\/types\/post"}],"author":[{"embeddable":true,"href":"https:\/\/jornalfatosenoticias.com.br\/index.php\/wp-json\/wp\/v2\/users\/2"}],"replies":[{"embeddable":true,"href":"https:\/\/jornalfatosenoticias.com.br\/index.php\/wp-json\/wp\/v2\/comments?post=61620"}],"version-history":[{"count":0,"href":"https:\/\/jornalfatosenoticias.com.br\/index.php\/wp-json\/wp\/v2\/posts\/61620\/revisions"}],"wp:featuredmedia":[{"embeddable":true,"href":"https:\/\/jornalfatosenoticias.com.br\/index.php\/wp-json\/wp\/v2\/media\/61621"}],"wp:attachment":[{"href":"https:\/\/jornalfatosenoticias.com.br\/index.php\/wp-json\/wp\/v2\/media?parent=61620"}],"wp:term":[{"taxonomy":"category","embeddable":true,"href":"https:\/\/jornalfatosenoticias.com.br\/index.php\/wp-json\/wp\/v2\/categories?post=61620"},{"taxonomy":"post_tag","embeddable":true,"href":"https:\/\/jornalfatosenoticias.com.br\/index.php\/wp-json\/wp\/v2\/tags?post=61620"}],"curies":[{"name":"wp","href":"https:\/\/api.w.org\/{rel}","templated":true}]}}