{"id":61626,"date":"2025-09-02T16:43:33","date_gmt":"2025-09-02T19:43:33","guid":{"rendered":"https:\/\/jornalfatosenoticias.com.br\/?p=61626"},"modified":"2025-09-02T16:43:35","modified_gmt":"2025-09-02T19:43:35","slug":"festival-da-cachaca-de-sao-roque-do-canaa-vai-preparar-a-maior-caipirinha-do-estado","status":"publish","type":"post","link":"https:\/\/jornalfatosenoticias.com.br\/index.php\/2025\/09\/02\/festival-da-cachaca-de-sao-roque-do-canaa-vai-preparar-a-maior-caipirinha-do-estado\/","title":{"rendered":"Festival da Cacha\u00e7a de S\u00e3o Roque do Cana\u00e3 vai preparar a maior caipirinha do Estado"},"content":{"rendered":"\n<p><span class=\"has-inline-color has-black-color\">Por <strong>Assessoria de Comunica\u00e7\u00e3o<\/strong><\/span><\/p>\n\n\n\n<div class=\"wp-block-image\"><figure class=\"aligncenter size-large\"><a href=\"https:\/\/panper.com.br\/\"><img loading=\"lazy\" decoding=\"async\" width=\"1024\" height=\"111\" src=\"https:\/\/jornalfatosenoticias.com.br\/wp-content\/uploads\/2020\/02\/WhatsApp-Image-2022-09-23-at-12.09.18-1024x111.jpeg\" alt=\"\" class=\"wp-image-34527\" srcset=\"https:\/\/jornalfatosenoticias.com.br\/wp-content\/uploads\/2020\/02\/WhatsApp-Image-2022-09-23-at-12.09.18-1024x111.jpeg 1024w, https:\/\/jornalfatosenoticias.com.br\/wp-content\/uploads\/2020\/02\/WhatsApp-Image-2022-09-23-at-12.09.18-300x32.jpeg 300w, https:\/\/jornalfatosenoticias.com.br\/wp-content\/uploads\/2020\/02\/WhatsApp-Image-2022-09-23-at-12.09.18-768x83.jpeg 768w, https:\/\/jornalfatosenoticias.com.br\/wp-content\/uploads\/2020\/02\/WhatsApp-Image-2022-09-23-at-12.09.18.jpeg 1121w\" sizes=\"auto, (max-width: 1024px) 100vw, 1024px\" \/><\/a><\/figure><\/div>\n\n\n\n<p>A \u201cCapital Estadual da Cacha\u00e7a\u201d ser\u00e1 palco de um brinde hist\u00f3rico: nos dias 12 e 13 de setembro, a partir das 18h, S\u00e3o Roque do Cana\u00e3, na regi\u00e3o Noroeste do Esp\u00edrito Santo, recebe o Festival da Cacha\u00e7a, um evento gratuito que une tradi\u00e7\u00e3o, neg\u00f3cios, gastronomia e m\u00fasica para todos os gostos. O Estado \u00e9 considerado o terceiro maior produtor de cacha\u00e7a do pa\u00eds, segundo o Minist\u00e9rio da Agricultura e Pecu\u00e1ria. E por isso, o grande destaque do festival ser\u00e1 a prepara\u00e7\u00e3o da maior caipirinha do Esp\u00edrito Santo, a bebida mais brasileira de todas.<br>Toda a programa\u00e7\u00e3o ser\u00e1 realizada no P\u00e1tio de Eventos, na Rua Jo\u00e3o Guerrini, Bairro Vila Verde, em uma estrutura coberta com ampla pra\u00e7a gastron\u00f4mica. O p\u00fablico poder\u00e1 degustar desde a tradicional comida de boteco at\u00e9 pratos t\u00edpicos da culin\u00e1ria capixaba, como a moqueca e o torresmo crocante, al\u00e9m de petiscos variados que harmonizam perfeitamente com a cacha\u00e7a artesanal.<\/p>\n\n\n\n<div class=\"wp-block-image\"><figure class=\"aligncenter size-large\"><a href=\"https:\/\/www.cesconetto.com.br\/\"><img loading=\"lazy\" decoding=\"async\" width=\"300\" height=\"250\" src=\"https:\/\/jornalfatosenoticias.com.br\/wp-content\/uploads\/2022\/02\/Banner-2.png\" alt=\"\" class=\"wp-image-27877\"\/><\/a><\/figure><\/div>\n\n\n\n<p>A festa come\u00e7a na sexta-feira (12), com shows de Welison e J\u00fanior (19h) e do forr\u00f3 animado de Eduardo e Muriel (21h). No s\u00e1bado (13), a programa\u00e7\u00e3o esquenta cedo: \u00e0s 15h, Sass\u00e1 &amp; Edimar abrem os trabalhos. \u00c0s 17h, acontece o grande momento do evento: a prepara\u00e7\u00e3o da maior caipirinha do Esp\u00edrito Santo. Logo depois, \u00e0s 18h, a bebida mais brasileira se encontra com o ritmo mais brasileiro: Tunico da Vila, filho de Martinho da Vila, apresenta um show especial cantando os sucessos do pai, celebrando o elo perfeito entre caipirinha e samba.<\/p>\n\n\n\n<div class=\"wp-block-image\"><figure class=\"aligncenter size-large is-resized\"><a href=\"https:\/\/hotelmarquetti.com.br\/\"><img loading=\"lazy\" decoding=\"async\" src=\"https:\/\/jornalfatosenoticias.com.br\/wp-content\/uploads\/2020\/02\/LOGO-MQ-1024x680.jpg\" alt=\"\" class=\"wp-image-58299\" width=\"312\" height=\"207\" srcset=\"https:\/\/jornalfatosenoticias.com.br\/wp-content\/uploads\/2020\/02\/LOGO-MQ-1024x680.jpg 1024w, https:\/\/jornalfatosenoticias.com.br\/wp-content\/uploads\/2020\/02\/LOGO-MQ-300x199.jpg 300w, https:\/\/jornalfatosenoticias.com.br\/wp-content\/uploads\/2020\/02\/LOGO-MQ-768x510.jpg 768w, https:\/\/jornalfatosenoticias.com.br\/wp-content\/uploads\/2020\/02\/LOGO-MQ-1536x1020.jpg 1536w, https:\/\/jornalfatosenoticias.com.br\/wp-content\/uploads\/2020\/02\/LOGO-MQ-2048x1360.jpg 2048w\" sizes=\"auto, (max-width: 312px) 100vw, 312px\" \/><\/a><\/figure><\/div>\n\n\n\n<p>Outro ponto alto ser\u00e1 a apresenta\u00e7\u00e3o de Paulo Leite, que conquistou o p\u00fablico com seu espet\u00e1culo em homenagem ao \u00edcone da m\u00fasica sertaneja, S\u00e9rgio Reis. Um tributo emocionante que resgata a mem\u00f3ria e os cl\u00e1ssicos do artista. A noite segue ainda com Marcelo Ribeiro &amp; Banda B (20h) e encerra em grande estilo com Lucas Vigan\u00f4 &amp; Banda Brutaiada (0h).<\/p>\n\n\n\n<div class=\"wp-block-image\"><figure class=\"aligncenter size-large is-resized\"><a href=\"https:\/\/www.facebook.com\/postobkr\/?locale=pt_BR\"><img loading=\"lazy\" decoding=\"async\" src=\"https:\/\/jornalfatosenoticias.com.br\/wp-content\/uploads\/2023\/08\/BKR-1024x1021.jpg\" alt=\"\" class=\"wp-image-44494\" width=\"304\" height=\"303\" srcset=\"https:\/\/jornalfatosenoticias.com.br\/wp-content\/uploads\/2023\/08\/BKR-1024x1021.jpg 1024w, https:\/\/jornalfatosenoticias.com.br\/wp-content\/uploads\/2023\/08\/BKR-300x300.jpg 300w, https:\/\/jornalfatosenoticias.com.br\/wp-content\/uploads\/2023\/08\/BKR-150x150.jpg 150w, https:\/\/jornalfatosenoticias.com.br\/wp-content\/uploads\/2023\/08\/BKR-768x766.jpg 768w, https:\/\/jornalfatosenoticias.com.br\/wp-content\/uploads\/2023\/08\/BKR.jpg 1080w\" sizes=\"auto, (max-width: 304px) 100vw, 304px\" \/><\/a><\/figure><\/div>\n\n\n\n<p>Al\u00e9m da gastronomia e dos shows, o festival contar\u00e1 com um parque de divers\u00f5es instalado ao lado do P\u00e1tio de Eventos, garantindo entretenimento para as crian\u00e7as enquanto os adultos aproveitam a programa\u00e7\u00e3o. O acesso ao parque ser\u00e1 pago \u00e0 parte, n\u00e3o incluso no evento gratuito.<\/p>\n\n\n\n<div class=\"wp-block-image\"><figure class=\"aligncenter size-large\"><img loading=\"lazy\" decoding=\"async\" width=\"1000\" height=\"562\" src=\"https:\/\/jornalfatosenoticias.com.br\/wp-content\/uploads\/2025\/09\/Festival-da-Cachaca-de-Sao-Roque-do-Canaa2_freepik.jpg\" alt=\"\" class=\"wp-image-61627\" srcset=\"https:\/\/jornalfatosenoticias.com.br\/wp-content\/uploads\/2025\/09\/Festival-da-Cachaca-de-Sao-Roque-do-Canaa2_freepik.jpg 1000w, https:\/\/jornalfatosenoticias.com.br\/wp-content\/uploads\/2025\/09\/Festival-da-Cachaca-de-Sao-Roque-do-Canaa2_freepik-300x169.jpg 300w, https:\/\/jornalfatosenoticias.com.br\/wp-content\/uploads\/2025\/09\/Festival-da-Cachaca-de-Sao-Roque-do-Canaa2_freepik-768x432.jpg 768w\" sizes=\"auto, (max-width: 1000px) 100vw, 1000px\" \/><figcaption><em><span class=\"has-inline-color has-black-color\">(Foto: Freepik)<\/span><\/em><\/figcaption><\/figure><\/div>\n\n\n\n<blockquote class=\"wp-block-quote is-layout-flow wp-block-quote-is-layout-flow\"><p><span class=\"has-inline-color has-luminous-vivid-orange-color\">Esse \u00e9 um momento muito importante para S\u00e3o Roque do Cana\u00e3 porque promove a cultura e a tradi\u00e7\u00e3o do munic\u00edpio, movimenta a economia local atrav\u00e9s do turismo e consumo de bens e servi\u00e7os. Ainda por cima, fortalece o orgulho da popula\u00e7\u00e3o ao celebrar a identidade da cidade. O evento \u00e9 uma porta de entrada para atrair um grande p\u00fablico, incluindo moradores e visitantes, e ajuda a consolidar o munic\u00edpio como um polo de grandes eventos no Esp\u00edrito Santo\u201d, destaca Elias Carvalho Soares, um dos idealizadores do Festival da Cacha\u00e7a.<\/span><\/p><\/blockquote>\n\n\n\n<div class=\"wp-block-image\"><figure class=\"aligncenter size-large is-resized\"><a href=\"https:\/\/legisjuris.com.br\/\"><img loading=\"lazy\" decoding=\"async\" src=\"https:\/\/jornalfatosenoticias.com.br\/wp-content\/uploads\/2024\/09\/Legis-Juris-Consultoria_logo.jpg\" alt=\"\" class=\"wp-image-53915\" width=\"506\" height=\"212\" srcset=\"https:\/\/jornalfatosenoticias.com.br\/wp-content\/uploads\/2024\/09\/Legis-Juris-Consultoria_logo.jpg 969w, https:\/\/jornalfatosenoticias.com.br\/wp-content\/uploads\/2024\/09\/Legis-Juris-Consultoria_logo-300x126.jpg 300w, https:\/\/jornalfatosenoticias.com.br\/wp-content\/uploads\/2024\/09\/Legis-Juris-Consultoria_logo-768x322.jpg 768w\" sizes=\"auto, (max-width: 506px) 100vw, 506px\" \/><\/a><\/figure><\/div>\n\n\n\n<p><strong><span class=\"has-inline-color has-black-color\">S\u00e3o Roque do Cana\u00e3, a capital estadual da cacha\u00e7a<br><\/span><\/strong>S\u00e3o Roque do Cana\u00e3 \u00e9 reconhecida como a <strong>Capital Estadual da Cacha\u00e7a, <\/strong>abrigando 13 estabelecimentos dedicados \u00e0 produ\u00e7\u00e3o artesanal da bebida. Entre eles est\u00e1 a <strong>Cacha\u00e7a Arte Suprema, <\/strong>criada em 2007 no distrito de S\u00e3o Bento, na Regi\u00e3o dos Imigrantes, territ\u00f3rio marcado pelas tradi\u00e7\u00f5es dos descendentes europeus e pela for\u00e7a da agricultura familiar.<\/p>\n\n\n\n<div class=\"wp-block-image\"><figure class=\"aligncenter size-large is-resized\"><a href=\"https:\/\/www.instagram.com\/serra4x4cambioautomatico\/\"><img loading=\"lazy\" decoding=\"async\" src=\"https:\/\/jornalfatosenoticias.com.br\/wp-content\/uploads\/2024\/08\/Serra-4x4-1-886x1024.jpg\" alt=\"\" class=\"wp-image-53632\" width=\"256\" height=\"295\" srcset=\"https:\/\/jornalfatosenoticias.com.br\/wp-content\/uploads\/2024\/08\/Serra-4x4-1-886x1024.jpg 886w, https:\/\/jornalfatosenoticias.com.br\/wp-content\/uploads\/2024\/08\/Serra-4x4-1-260x300.jpg 260w, https:\/\/jornalfatosenoticias.com.br\/wp-content\/uploads\/2024\/08\/Serra-4x4-1-768x888.jpg 768w, https:\/\/jornalfatosenoticias.com.br\/wp-content\/uploads\/2024\/08\/Serra-4x4-1.jpg 1181w\" sizes=\"auto, (max-width: 256px) 100vw, 256px\" \/><\/a><\/figure><\/div>\n\n\n\n<p><strong><span class=\"has-inline-color has-black-color\"><span style=\"text-decoration: underline;\">Confira a programa\u00e7\u00e3o completa<br><\/span><\/span><em><span class=\"has-inline-color has-black-color\">Sexta-feira (12\/09)<br><\/span><\/em><\/strong>19h \u2013 Welison e J\u00fanior<br>21h \u2013 Eduardo e Muriel<\/p>\n\n\n\n<div class=\"wp-block-image\"><figure class=\"aligncenter size-large is-resized\"><a href=\"https:\/\/www.instagram.com\/restaurantepegoretti\/\"><img loading=\"lazy\" decoding=\"async\" src=\"https:\/\/jornalfatosenoticias.com.br\/wp-content\/uploads\/2023\/12\/pegoretti-logo-pdf-1024x389.jpg\" alt=\"\" class=\"wp-image-47536\" width=\"525\" height=\"199\" srcset=\"https:\/\/jornalfatosenoticias.com.br\/wp-content\/uploads\/2023\/12\/pegoretti-logo-pdf-1024x389.jpg 1024w, https:\/\/jornalfatosenoticias.com.br\/wp-content\/uploads\/2023\/12\/pegoretti-logo-pdf-300x114.jpg 300w, https:\/\/jornalfatosenoticias.com.br\/wp-content\/uploads\/2023\/12\/pegoretti-logo-pdf-768x291.jpg 768w, https:\/\/jornalfatosenoticias.com.br\/wp-content\/uploads\/2023\/12\/pegoretti-logo-pdf.jpg 1120w\" sizes=\"auto, (max-width: 525px) 100vw, 525px\" \/><\/a><\/figure><\/div>\n\n\n\n<p><strong><span class=\"has-inline-color has-black-color\"><em>S\u00e1bado (13\/09)<br><\/em><\/span><\/strong>15h \u2013 Sass\u00e1 e Edimar<br>17h \u2013 Prepara\u00e7\u00e3o da maior caipirinha do Esp\u00edrito Santo<br>18h \u2013 Tunico da Vila (cantando Martinho da Vila)<br>20h \u2013 Marcelo Ribeiro &amp; Banda B<br>22h \u2013 Paulo Leite (homenagem a S\u00e9rgio Reis)<br>00h \u2013 Lucas Vigan\u00f4 &amp; Banda Brutaiada<\/p>\n\n\n\n<div class=\"wp-block-image\"><figure class=\"aligncenter size-large is-resized\"><a href=\"https:\/\/www.facebook.com\/profile.php?id=100069289606145\"><img loading=\"lazy\" decoding=\"async\" src=\"https:\/\/jornalfatosenoticias.com.br\/wp-content\/uploads\/2024\/11\/Guaitolini-Contabilidade-1024x714.jpeg\" alt=\"\" class=\"wp-image-55808\" width=\"299\" height=\"208\" srcset=\"https:\/\/jornalfatosenoticias.com.br\/wp-content\/uploads\/2024\/11\/Guaitolini-Contabilidade-1024x714.jpeg 1024w, https:\/\/jornalfatosenoticias.com.br\/wp-content\/uploads\/2024\/11\/Guaitolini-Contabilidade-300x209.jpeg 300w, https:\/\/jornalfatosenoticias.com.br\/wp-content\/uploads\/2024\/11\/Guaitolini-Contabilidade-768x535.jpeg 768w, https:\/\/jornalfatosenoticias.com.br\/wp-content\/uploads\/2024\/11\/Guaitolini-Contabilidade.jpeg 1280w\" sizes=\"auto, (max-width: 299px) 100vw, 299px\" \/><\/a><\/figure><\/div>\n\n\n\n<p><strong><span class=\"has-inline-color has-black-color\"><span style=\"text-decoration: underline;\">Servi\u00e7o<br><\/span><\/span><\/strong><em><span class=\"has-inline-color has-black-color\">Festival da Cacha\u00e7a<br><\/span><\/em><strong>Local:<\/strong> P\u00e1tio de Eventos \u2014 Rua Jo\u00e3o Guerrini, Bairro Vila Verde \u2014 S\u00e3o Roque do Cana\u00e3<br><strong>Data: <\/strong>12 e 13 de setembro<br><strong>Hor\u00e1rio:<\/strong> a partir das 18h<br><em>Entrada gratuita<\/em><\/p>\n","protected":false},"excerpt":{"rendered":"<p>Por Assessoria de Comunica\u00e7\u00e3o A \u201cCapital Estadual da Cacha\u00e7a\u201d ser\u00e1 palco de um brinde hist\u00f3rico: nos dias 12 e 13 de setembro, a partir das 18h, S\u00e3o Roque do Cana\u00e3, na regi\u00e3o Noroeste do Esp\u00edrito Santo, recebe o Festival da Cacha\u00e7a, um evento gratuito que une tradi\u00e7\u00e3o, neg\u00f3cios, gastronomia e m\u00fasica para todos os gostos. [&hellip;]<\/p>\n","protected":false},"author":2,"featured_media":61628,"comment_status":"open","ping_status":"open","sticky":false,"template":"","format":"standard","meta":{"footnotes":""},"categories":[4],"tags":[28104,111,21347,28107,10980,28105,2197,28106,5328],"class_list":["post-61626","post","type-post","status-publish","format-standard","has-post-thumbnail","hentry","category-cultura","tag-capital-estadual-da-cachaca","tag-bebida","tag-cachaca-artesanal","tag-caipirinha","tag-festa","tag-festival-da-cachaca","tag-gastronomia","tag-sao-roque-do-canaa","tag-show"],"yoast_head":"<!-- This site is optimized with the Yoast SEO plugin v26.5 - https:\/\/yoast.com\/wordpress\/plugins\/seo\/ -->\n<title>Festival da Cacha\u00e7a de S\u00e3o Roque do Cana\u00e3 vai preparar a maior caipirinha do Estado - Jornal Fatos e Not\u00edcias<\/title>\n<meta name=\"robots\" content=\"index, follow, max-snippet:-1, max-image-preview:large, max-video-preview:-1\" \/>\n<link rel=\"canonical\" href=\"https:\/\/jornalfatosenoticias.com.br\/index.php\/2025\/09\/02\/festival-da-cachaca-de-sao-roque-do-canaa-vai-preparar-a-maior-caipirinha-do-estado\/\" \/>\n<meta property=\"og:locale\" content=\"pt_BR\" \/>\n<meta property=\"og:type\" content=\"article\" \/>\n<meta property=\"og:title\" content=\"Festival da Cacha\u00e7a de S\u00e3o Roque do Cana\u00e3 vai preparar a maior caipirinha do Estado - Jornal Fatos e Not\u00edcias\" \/>\n<meta property=\"og:description\" content=\"Por Assessoria de Comunica\u00e7\u00e3o A \u201cCapital Estadual da Cacha\u00e7a\u201d ser\u00e1 palco de um brinde hist\u00f3rico: nos dias 12 e 13 de setembro, a partir das 18h, S\u00e3o Roque do Cana\u00e3, na regi\u00e3o Noroeste do Esp\u00edrito Santo, recebe o Festival da Cacha\u00e7a, um evento gratuito que une tradi\u00e7\u00e3o, neg\u00f3cios, gastronomia e m\u00fasica para todos os gostos. [&hellip;]\" \/>\n<meta property=\"og:url\" content=\"https:\/\/jornalfatosenoticias.com.br\/index.php\/2025\/09\/02\/festival-da-cachaca-de-sao-roque-do-canaa-vai-preparar-a-maior-caipirinha-do-estado\/\" \/>\n<meta property=\"og:site_name\" content=\"Jornal Fatos e Not\u00edcias\" \/>\n<meta property=\"article:published_time\" content=\"2025-09-02T19:43:33+00:00\" \/>\n<meta property=\"article:modified_time\" content=\"2025-09-02T19:43:35+00:00\" \/>\n<meta property=\"og:image\" content=\"https:\/\/jornalfatosenoticias.com.br\/wp-content\/uploads\/2025\/09\/Festival-da-Cachaca-de-Sao-Roque-do-Canaa_freepik.jpg\" \/>\n\t<meta property=\"og:image:width\" content=\"1000\" \/>\n\t<meta property=\"og:image:height\" content=\"714\" \/>\n\t<meta property=\"og:image:type\" content=\"image\/jpeg\" \/>\n<meta name=\"author\" content=\"Luzimara Fernandes\" \/>\n<meta name=\"twitter:card\" content=\"summary_large_image\" \/>\n<meta name=\"twitter:label1\" content=\"Escrito por\" \/>\n\t<meta name=\"twitter:data1\" content=\"Luzimara Fernandes\" \/>\n\t<meta name=\"twitter:label2\" content=\"Est. tempo de leitura\" \/>\n\t<meta name=\"twitter:data2\" content=\"3 minutos\" \/>\n<script type=\"application\/ld+json\" class=\"yoast-schema-graph\">{\"@context\":\"https:\/\/schema.org\",\"@graph\":[{\"@type\":\"Article\",\"@id\":\"https:\/\/jornalfatosenoticias.com.br\/index.php\/2025\/09\/02\/festival-da-cachaca-de-sao-roque-do-canaa-vai-preparar-a-maior-caipirinha-do-estado\/#article\",\"isPartOf\":{\"@id\":\"https:\/\/jornalfatosenoticias.com.br\/index.php\/2025\/09\/02\/festival-da-cachaca-de-sao-roque-do-canaa-vai-preparar-a-maior-caipirinha-do-estado\/\"},\"author\":{\"name\":\"Luzimara Fernandes\",\"@id\":\"https:\/\/jornalfatosenoticias.com.br\/#\/schema\/person\/d63837fa13ac8666eb9e74e0985d6f81\"},\"headline\":\"Festival da Cacha\u00e7a de S\u00e3o Roque do Cana\u00e3 vai preparar a maior caipirinha do Estado\",\"datePublished\":\"2025-09-02T19:43:33+00:00\",\"dateModified\":\"2025-09-02T19:43:35+00:00\",\"mainEntityOfPage\":{\"@id\":\"https:\/\/jornalfatosenoticias.com.br\/index.php\/2025\/09\/02\/festival-da-cachaca-de-sao-roque-do-canaa-vai-preparar-a-maior-caipirinha-do-estado\/\"},\"wordCount\":671,\"commentCount\":0,\"publisher\":{\"@id\":\"https:\/\/jornalfatosenoticias.com.br\/#organization\"},\"image\":{\"@id\":\"https:\/\/jornalfatosenoticias.com.br\/index.php\/2025\/09\/02\/festival-da-cachaca-de-sao-roque-do-canaa-vai-preparar-a-maior-caipirinha-do-estado\/#primaryimage\"},\"thumbnailUrl\":\"https:\/\/jornalfatosenoticias.com.br\/wp-content\/uploads\/2025\/09\/Festival-da-Cachaca-de-Sao-Roque-do-Canaa_freepik.jpg\",\"keywords\":[\"\u201cCapital Estadual da Cacha\u00e7a\u201d\",\"bebida\",\"cacha\u00e7a artesanal\",\"caipirinha\",\"festa\",\"Festival da Cacha\u00e7a\",\"gastronomia\",\"S\u00e3o Roque do Cana\u00e3\",\"show\"],\"articleSection\":[\"Cultura\"],\"inLanguage\":\"pt-BR\",\"potentialAction\":[{\"@type\":\"CommentAction\",\"name\":\"Comment\",\"target\":[\"https:\/\/jornalfatosenoticias.com.br\/index.php\/2025\/09\/02\/festival-da-cachaca-de-sao-roque-do-canaa-vai-preparar-a-maior-caipirinha-do-estado\/#respond\"]}]},{\"@type\":\"WebPage\",\"@id\":\"https:\/\/jornalfatosenoticias.com.br\/index.php\/2025\/09\/02\/festival-da-cachaca-de-sao-roque-do-canaa-vai-preparar-a-maior-caipirinha-do-estado\/\",\"url\":\"https:\/\/jornalfatosenoticias.com.br\/index.php\/2025\/09\/02\/festival-da-cachaca-de-sao-roque-do-canaa-vai-preparar-a-maior-caipirinha-do-estado\/\",\"name\":\"Festival da Cacha\u00e7a de S\u00e3o Roque do Cana\u00e3 vai preparar a maior caipirinha do Estado - Jornal Fatos e Not\u00edcias\",\"isPartOf\":{\"@id\":\"https:\/\/jornalfatosenoticias.com.br\/#website\"},\"primaryImageOfPage\":{\"@id\":\"https:\/\/jornalfatosenoticias.com.br\/index.php\/2025\/09\/02\/festival-da-cachaca-de-sao-roque-do-canaa-vai-preparar-a-maior-caipirinha-do-estado\/#primaryimage\"},\"image\":{\"@id\":\"https:\/\/jornalfatosenoticias.com.br\/index.php\/2025\/09\/02\/festival-da-cachaca-de-sao-roque-do-canaa-vai-preparar-a-maior-caipirinha-do-estado\/#primaryimage\"},\"thumbnailUrl\":\"https:\/\/jornalfatosenoticias.com.br\/wp-content\/uploads\/2025\/09\/Festival-da-Cachaca-de-Sao-Roque-do-Canaa_freepik.jpg\",\"datePublished\":\"2025-09-02T19:43:33+00:00\",\"dateModified\":\"2025-09-02T19:43:35+00:00\",\"breadcrumb\":{\"@id\":\"https:\/\/jornalfatosenoticias.com.br\/index.php\/2025\/09\/02\/festival-da-cachaca-de-sao-roque-do-canaa-vai-preparar-a-maior-caipirinha-do-estado\/#breadcrumb\"},\"inLanguage\":\"pt-BR\",\"potentialAction\":[{\"@type\":\"ReadAction\",\"target\":[\"https:\/\/jornalfatosenoticias.com.br\/index.php\/2025\/09\/02\/festival-da-cachaca-de-sao-roque-do-canaa-vai-preparar-a-maior-caipirinha-do-estado\/\"]}]},{\"@type\":\"ImageObject\",\"inLanguage\":\"pt-BR\",\"@id\":\"https:\/\/jornalfatosenoticias.com.br\/index.php\/2025\/09\/02\/festival-da-cachaca-de-sao-roque-do-canaa-vai-preparar-a-maior-caipirinha-do-estado\/#primaryimage\",\"url\":\"https:\/\/jornalfatosenoticias.com.br\/wp-content\/uploads\/2025\/09\/Festival-da-Cachaca-de-Sao-Roque-do-Canaa_freepik.jpg\",\"contentUrl\":\"https:\/\/jornalfatosenoticias.com.br\/wp-content\/uploads\/2025\/09\/Festival-da-Cachaca-de-Sao-Roque-do-Canaa_freepik.jpg\",\"width\":1000,\"height\":714},{\"@type\":\"BreadcrumbList\",\"@id\":\"https:\/\/jornalfatosenoticias.com.br\/index.php\/2025\/09\/02\/festival-da-cachaca-de-sao-roque-do-canaa-vai-preparar-a-maior-caipirinha-do-estado\/#breadcrumb\",\"itemListElement\":[{\"@type\":\"ListItem\",\"position\":1,\"name\":\"In\u00edcio\",\"item\":\"https:\/\/jornalfatosenoticias.com.br\/\"},{\"@type\":\"ListItem\",\"position\":2,\"name\":\"Festival da Cacha\u00e7a de S\u00e3o Roque do Cana\u00e3 vai preparar a maior caipirinha do Estado\"}]},{\"@type\":\"WebSite\",\"@id\":\"https:\/\/jornalfatosenoticias.com.br\/#website\",\"url\":\"https:\/\/jornalfatosenoticias.com.br\/\",\"name\":\"Jornal Fatos e Not\u00edcias\",\"description\":\"Not\u00edcias em geral\",\"publisher\":{\"@id\":\"https:\/\/jornalfatosenoticias.com.br\/#organization\"},\"potentialAction\":[{\"@type\":\"SearchAction\",\"target\":{\"@type\":\"EntryPoint\",\"urlTemplate\":\"https:\/\/jornalfatosenoticias.com.br\/?s={search_term_string}\"},\"query-input\":{\"@type\":\"PropertyValueSpecification\",\"valueRequired\":true,\"valueName\":\"search_term_string\"}}],\"inLanguage\":\"pt-BR\"},{\"@type\":\"Organization\",\"@id\":\"https:\/\/jornalfatosenoticias.com.br\/#organization\",\"name\":\"Jornal Fatos e Not\u00edcias\",\"url\":\"https:\/\/jornalfatosenoticias.com.br\/\",\"logo\":{\"@type\":\"ImageObject\",\"inLanguage\":\"pt-BR\",\"@id\":\"https:\/\/jornalfatosenoticias.com.br\/#\/schema\/logo\/image\/\",\"url\":\"https:\/\/jornalfatosenoticias.com.br\/wp-content\/uploads\/2020\/02\/logo120.png\",\"contentUrl\":\"https:\/\/jornalfatosenoticias.com.br\/wp-content\/uploads\/2020\/02\/logo120.png\",\"width\":1227,\"height\":120,\"caption\":\"Jornal Fatos e Not\u00edcias\"},\"image\":{\"@id\":\"https:\/\/jornalfatosenoticias.com.br\/#\/schema\/logo\/image\/\"}},{\"@type\":\"Person\",\"@id\":\"https:\/\/jornalfatosenoticias.com.br\/#\/schema\/person\/d63837fa13ac8666eb9e74e0985d6f81\",\"name\":\"Luzimara Fernandes\",\"image\":{\"@type\":\"ImageObject\",\"inLanguage\":\"pt-BR\",\"@id\":\"https:\/\/jornalfatosenoticias.com.br\/#\/schema\/person\/image\/\",\"url\":\"https:\/\/jornalfatosenoticias.com.br\/wp-content\/uploads\/2025\/05\/EU_portal.jpg\",\"contentUrl\":\"https:\/\/jornalfatosenoticias.com.br\/wp-content\/uploads\/2025\/05\/EU_portal.jpg\",\"caption\":\"Luzimara Fernandes\"},\"description\":\"Jornalista MTB 2358-ES\",\"sameAs\":[\"https:\/\/jornalfatosenoticias.com.br\"],\"url\":\"https:\/\/jornalfatosenoticias.com.br\/index.php\/author\/luzimara\/\"}]}<\/script>\n<!-- \/ Yoast SEO plugin. -->","yoast_head_json":{"title":"Festival da Cacha\u00e7a de S\u00e3o Roque do Cana\u00e3 vai preparar a maior caipirinha do Estado - Jornal Fatos e Not\u00edcias","robots":{"index":"index","follow":"follow","max-snippet":"max-snippet:-1","max-image-preview":"max-image-preview:large","max-video-preview":"max-video-preview:-1"},"canonical":"https:\/\/jornalfatosenoticias.com.br\/index.php\/2025\/09\/02\/festival-da-cachaca-de-sao-roque-do-canaa-vai-preparar-a-maior-caipirinha-do-estado\/","og_locale":"pt_BR","og_type":"article","og_title":"Festival da Cacha\u00e7a de S\u00e3o Roque do Cana\u00e3 vai preparar a maior caipirinha do Estado - Jornal Fatos e Not\u00edcias","og_description":"Por Assessoria de Comunica\u00e7\u00e3o A \u201cCapital Estadual da Cacha\u00e7a\u201d ser\u00e1 palco de um brinde hist\u00f3rico: nos dias 12 e 13 de setembro, a partir das 18h, S\u00e3o Roque do Cana\u00e3, na regi\u00e3o Noroeste do Esp\u00edrito Santo, recebe o Festival da Cacha\u00e7a, um evento gratuito que une tradi\u00e7\u00e3o, neg\u00f3cios, gastronomia e m\u00fasica para todos os gostos. [&hellip;]","og_url":"https:\/\/jornalfatosenoticias.com.br\/index.php\/2025\/09\/02\/festival-da-cachaca-de-sao-roque-do-canaa-vai-preparar-a-maior-caipirinha-do-estado\/","og_site_name":"Jornal Fatos e Not\u00edcias","article_published_time":"2025-09-02T19:43:33+00:00","article_modified_time":"2025-09-02T19:43:35+00:00","og_image":[{"width":1000,"height":714,"url":"https:\/\/jornalfatosenoticias.com.br\/wp-content\/uploads\/2025\/09\/Festival-da-Cachaca-de-Sao-Roque-do-Canaa_freepik.jpg","type":"image\/jpeg"}],"author":"Luzimara Fernandes","twitter_card":"summary_large_image","twitter_misc":{"Escrito por":"Luzimara Fernandes","Est. tempo de leitura":"3 minutos"},"schema":{"@context":"https:\/\/schema.org","@graph":[{"@type":"Article","@id":"https:\/\/jornalfatosenoticias.com.br\/index.php\/2025\/09\/02\/festival-da-cachaca-de-sao-roque-do-canaa-vai-preparar-a-maior-caipirinha-do-estado\/#article","isPartOf":{"@id":"https:\/\/jornalfatosenoticias.com.br\/index.php\/2025\/09\/02\/festival-da-cachaca-de-sao-roque-do-canaa-vai-preparar-a-maior-caipirinha-do-estado\/"},"author":{"name":"Luzimara Fernandes","@id":"https:\/\/jornalfatosenoticias.com.br\/#\/schema\/person\/d63837fa13ac8666eb9e74e0985d6f81"},"headline":"Festival da Cacha\u00e7a de S\u00e3o Roque do Cana\u00e3 vai preparar a maior caipirinha do Estado","datePublished":"2025-09-02T19:43:33+00:00","dateModified":"2025-09-02T19:43:35+00:00","mainEntityOfPage":{"@id":"https:\/\/jornalfatosenoticias.com.br\/index.php\/2025\/09\/02\/festival-da-cachaca-de-sao-roque-do-canaa-vai-preparar-a-maior-caipirinha-do-estado\/"},"wordCount":671,"commentCount":0,"publisher":{"@id":"https:\/\/jornalfatosenoticias.com.br\/#organization"},"image":{"@id":"https:\/\/jornalfatosenoticias.com.br\/index.php\/2025\/09\/02\/festival-da-cachaca-de-sao-roque-do-canaa-vai-preparar-a-maior-caipirinha-do-estado\/#primaryimage"},"thumbnailUrl":"https:\/\/jornalfatosenoticias.com.br\/wp-content\/uploads\/2025\/09\/Festival-da-Cachaca-de-Sao-Roque-do-Canaa_freepik.jpg","keywords":["\u201cCapital Estadual da Cacha\u00e7a\u201d","bebida","cacha\u00e7a artesanal","caipirinha","festa","Festival da Cacha\u00e7a","gastronomia","S\u00e3o Roque do Cana\u00e3","show"],"articleSection":["Cultura"],"inLanguage":"pt-BR","potentialAction":[{"@type":"CommentAction","name":"Comment","target":["https:\/\/jornalfatosenoticias.com.br\/index.php\/2025\/09\/02\/festival-da-cachaca-de-sao-roque-do-canaa-vai-preparar-a-maior-caipirinha-do-estado\/#respond"]}]},{"@type":"WebPage","@id":"https:\/\/jornalfatosenoticias.com.br\/index.php\/2025\/09\/02\/festival-da-cachaca-de-sao-roque-do-canaa-vai-preparar-a-maior-caipirinha-do-estado\/","url":"https:\/\/jornalfatosenoticias.com.br\/index.php\/2025\/09\/02\/festival-da-cachaca-de-sao-roque-do-canaa-vai-preparar-a-maior-caipirinha-do-estado\/","name":"Festival da Cacha\u00e7a de S\u00e3o Roque do Cana\u00e3 vai preparar a maior caipirinha do Estado - Jornal Fatos e Not\u00edcias","isPartOf":{"@id":"https:\/\/jornalfatosenoticias.com.br\/#website"},"primaryImageOfPage":{"@id":"https:\/\/jornalfatosenoticias.com.br\/index.php\/2025\/09\/02\/festival-da-cachaca-de-sao-roque-do-canaa-vai-preparar-a-maior-caipirinha-do-estado\/#primaryimage"},"image":{"@id":"https:\/\/jornalfatosenoticias.com.br\/index.php\/2025\/09\/02\/festival-da-cachaca-de-sao-roque-do-canaa-vai-preparar-a-maior-caipirinha-do-estado\/#primaryimage"},"thumbnailUrl":"https:\/\/jornalfatosenoticias.com.br\/wp-content\/uploads\/2025\/09\/Festival-da-Cachaca-de-Sao-Roque-do-Canaa_freepik.jpg","datePublished":"2025-09-02T19:43:33+00:00","dateModified":"2025-09-02T19:43:35+00:00","breadcrumb":{"@id":"https:\/\/jornalfatosenoticias.com.br\/index.php\/2025\/09\/02\/festival-da-cachaca-de-sao-roque-do-canaa-vai-preparar-a-maior-caipirinha-do-estado\/#breadcrumb"},"inLanguage":"pt-BR","potentialAction":[{"@type":"ReadAction","target":["https:\/\/jornalfatosenoticias.com.br\/index.php\/2025\/09\/02\/festival-da-cachaca-de-sao-roque-do-canaa-vai-preparar-a-maior-caipirinha-do-estado\/"]}]},{"@type":"ImageObject","inLanguage":"pt-BR","@id":"https:\/\/jornalfatosenoticias.com.br\/index.php\/2025\/09\/02\/festival-da-cachaca-de-sao-roque-do-canaa-vai-preparar-a-maior-caipirinha-do-estado\/#primaryimage","url":"https:\/\/jornalfatosenoticias.com.br\/wp-content\/uploads\/2025\/09\/Festival-da-Cachaca-de-Sao-Roque-do-Canaa_freepik.jpg","contentUrl":"https:\/\/jornalfatosenoticias.com.br\/wp-content\/uploads\/2025\/09\/Festival-da-Cachaca-de-Sao-Roque-do-Canaa_freepik.jpg","width":1000,"height":714},{"@type":"BreadcrumbList","@id":"https:\/\/jornalfatosenoticias.com.br\/index.php\/2025\/09\/02\/festival-da-cachaca-de-sao-roque-do-canaa-vai-preparar-a-maior-caipirinha-do-estado\/#breadcrumb","itemListElement":[{"@type":"ListItem","position":1,"name":"In\u00edcio","item":"https:\/\/jornalfatosenoticias.com.br\/"},{"@type":"ListItem","position":2,"name":"Festival da Cacha\u00e7a de S\u00e3o Roque do Cana\u00e3 vai preparar a maior caipirinha do Estado"}]},{"@type":"WebSite","@id":"https:\/\/jornalfatosenoticias.com.br\/#website","url":"https:\/\/jornalfatosenoticias.com.br\/","name":"Jornal Fatos e Not\u00edcias","description":"Not\u00edcias em geral","publisher":{"@id":"https:\/\/jornalfatosenoticias.com.br\/#organization"},"potentialAction":[{"@type":"SearchAction","target":{"@type":"EntryPoint","urlTemplate":"https:\/\/jornalfatosenoticias.com.br\/?s={search_term_string}"},"query-input":{"@type":"PropertyValueSpecification","valueRequired":true,"valueName":"search_term_string"}}],"inLanguage":"pt-BR"},{"@type":"Organization","@id":"https:\/\/jornalfatosenoticias.com.br\/#organization","name":"Jornal Fatos e Not\u00edcias","url":"https:\/\/jornalfatosenoticias.com.br\/","logo":{"@type":"ImageObject","inLanguage":"pt-BR","@id":"https:\/\/jornalfatosenoticias.com.br\/#\/schema\/logo\/image\/","url":"https:\/\/jornalfatosenoticias.com.br\/wp-content\/uploads\/2020\/02\/logo120.png","contentUrl":"https:\/\/jornalfatosenoticias.com.br\/wp-content\/uploads\/2020\/02\/logo120.png","width":1227,"height":120,"caption":"Jornal Fatos e Not\u00edcias"},"image":{"@id":"https:\/\/jornalfatosenoticias.com.br\/#\/schema\/logo\/image\/"}},{"@type":"Person","@id":"https:\/\/jornalfatosenoticias.com.br\/#\/schema\/person\/d63837fa13ac8666eb9e74e0985d6f81","name":"Luzimara Fernandes","image":{"@type":"ImageObject","inLanguage":"pt-BR","@id":"https:\/\/jornalfatosenoticias.com.br\/#\/schema\/person\/image\/","url":"https:\/\/jornalfatosenoticias.com.br\/wp-content\/uploads\/2025\/05\/EU_portal.jpg","contentUrl":"https:\/\/jornalfatosenoticias.com.br\/wp-content\/uploads\/2025\/05\/EU_portal.jpg","caption":"Luzimara Fernandes"},"description":"Jornalista MTB 2358-ES","sameAs":["https:\/\/jornalfatosenoticias.com.br"],"url":"https:\/\/jornalfatosenoticias.com.br\/index.php\/author\/luzimara\/"}]}},"cc_featured_image_caption":{"caption_text":"(Foto: Freepik)","source_text":"","source_url":""},"jetpack_featured_media_url":"https:\/\/jornalfatosenoticias.com.br\/wp-content\/uploads\/2025\/09\/Festival-da-Cachaca-de-Sao-Roque-do-Canaa_freepik.jpg","_links":{"self":[{"href":"https:\/\/jornalfatosenoticias.com.br\/index.php\/wp-json\/wp\/v2\/posts\/61626","targetHints":{"allow":["GET"]}}],"collection":[{"href":"https:\/\/jornalfatosenoticias.com.br\/index.php\/wp-json\/wp\/v2\/posts"}],"about":[{"href":"https:\/\/jornalfatosenoticias.com.br\/index.php\/wp-json\/wp\/v2\/types\/post"}],"author":[{"embeddable":true,"href":"https:\/\/jornalfatosenoticias.com.br\/index.php\/wp-json\/wp\/v2\/users\/2"}],"replies":[{"embeddable":true,"href":"https:\/\/jornalfatosenoticias.com.br\/index.php\/wp-json\/wp\/v2\/comments?post=61626"}],"version-history":[{"count":0,"href":"https:\/\/jornalfatosenoticias.com.br\/index.php\/wp-json\/wp\/v2\/posts\/61626\/revisions"}],"wp:featuredmedia":[{"embeddable":true,"href":"https:\/\/jornalfatosenoticias.com.br\/index.php\/wp-json\/wp\/v2\/media\/61628"}],"wp:attachment":[{"href":"https:\/\/jornalfatosenoticias.com.br\/index.php\/wp-json\/wp\/v2\/media?parent=61626"}],"wp:term":[{"taxonomy":"category","embeddable":true,"href":"https:\/\/jornalfatosenoticias.com.br\/index.php\/wp-json\/wp\/v2\/categories?post=61626"},{"taxonomy":"post_tag","embeddable":true,"href":"https:\/\/jornalfatosenoticias.com.br\/index.php\/wp-json\/wp\/v2\/tags?post=61626"}],"curies":[{"name":"wp","href":"https:\/\/api.w.org\/{rel}","templated":true}]}}