{"id":61633,"date":"2025-09-02T17:09:24","date_gmt":"2025-09-02T20:09:24","guid":{"rendered":"https:\/\/jornalfatosenoticias.com.br\/?p=61633"},"modified":"2025-09-02T17:09:25","modified_gmt":"2025-09-02T20:09:25","slug":"hotel-mais-alto-do-mundo-tera-365-metros-e-ficara-em-dubai","status":"publish","type":"post","link":"https:\/\/jornalfatosenoticias.com.br\/index.php\/2025\/09\/02\/hotel-mais-alto-do-mundo-tera-365-metros-e-ficara-em-dubai\/","title":{"rendered":"Hotel mais alto do mundo ter\u00e1 365 metros e ficar\u00e1 em Dubai"},"content":{"rendered":"\n<p><em><span class=\"has-inline-color has-black-color\">Com 82 andares e 1.004 quartos, incluindo 147 su\u00edtes, a Ciel Tower est\u00e1 prevista para ser inaugurada ainda neste ano<\/span><\/em><\/p>\n\n\n\n<p><span class=\"has-inline-color has-black-color\">Por <strong><a href=\"https:\/\/olhardigital.com.br\/author\/alessandro-lorenzo\/\">Alessandro Di Lorenzo<\/a><\/strong><\/span><\/p>\n\n\n\n<div class=\"wp-block-image\"><figure class=\"aligncenter size-large is-resized\"><a href=\"https:\/\/www.facebook.com\/vetor.vix\/\"><img loading=\"lazy\" decoding=\"async\" src=\"https:\/\/jornalfatosenoticias.com.br\/wp-content\/uploads\/2023\/09\/vetorvix1024_1.jpg\" alt=\"\" class=\"wp-image-44868\" width=\"550\" height=\"146\" srcset=\"https:\/\/jornalfatosenoticias.com.br\/wp-content\/uploads\/2023\/09\/vetorvix1024_1.jpg 1024w, https:\/\/jornalfatosenoticias.com.br\/wp-content\/uploads\/2023\/09\/vetorvix1024_1-300x80.jpg 300w, https:\/\/jornalfatosenoticias.com.br\/wp-content\/uploads\/2023\/09\/vetorvix1024_1-768x205.jpg 768w\" sizes=\"auto, (max-width: 550px) 100vw, 550px\" \/><\/a><\/figure><\/div>\n\n\n\n<p><strong><a href=\"https:\/\/olhardigital.com.br\/tag\/dubai\/\" target=\"_blank\" rel=\"noreferrer noopener\">Dubai<\/a><\/strong> \u00e9 a cidade mais populosa dos Emirados \u00c1rabes Unidos e a capital do Emirado de Dubai, sendo conhecida por seus enormes arranha-c\u00e9us. E um nova constru\u00e7\u00e3o gigantesca deve se somar aos edif\u00edcios j\u00e1 existentes por l\u00e1.<br>At\u00e9 o final deste ano, deve ser inaugurada a Ciel Tower, um <strong><a href=\"https:\/\/olhardigital.com.br\/tag\/hotel\/\" target=\"_blank\" rel=\"noreferrer noopener\">hotel<\/a><\/strong> de 365 metros de altura que se tornar\u00e1 o mais alto do mundo. O atual recordista \u00e9 o Gevora Hotel, tamb\u00e9m localizado no emirado, com 356 metros.<br>No total, ser\u00e3o 82 andares e 1.004 quartos, incluindo 147 su\u00edtes. A torre ficar\u00e1 na regi\u00e3o da marina de Dubai e oferecer\u00e1 vistas privilegiadas para o Burj Khalifa (o edif\u00edcio mais alto do mundo), o arquip\u00e9lago artificial Palm Jumeirah e o Golfo P\u00e9rsico.<\/p>\n\n\n\n<div class=\"wp-block-image\"><figure class=\"aligncenter size-large is-resized\"><a href=\"https:\/\/www.instagram.com\/rcradiadores\/\"><img loading=\"lazy\" decoding=\"async\" src=\"https:\/\/jornalfatosenoticias.com.br\/wp-content\/uploads\/2022\/10\/RC_800x750_page-0001.jpg\" alt=\"\" class=\"wp-image-35338\" width=\"300\" height=\"281\" srcset=\"https:\/\/jornalfatosenoticias.com.br\/wp-content\/uploads\/2022\/10\/RC_800x750_page-0001.jpg 400w, https:\/\/jornalfatosenoticias.com.br\/wp-content\/uploads\/2022\/10\/RC_800x750_page-0001-300x281.jpg 300w\" sizes=\"auto, (max-width: 300px) 100vw, 300px\" \/><\/a><\/figure><\/div>\n\n\n\n<p>Uma das atra\u00e7\u00f5es \u00e9 um deque de observa\u00e7\u00e3o que ser\u00e1 instalado no topo do pr\u00e9dio. A Ciel Tower tamb\u00e9m contar\u00e1 com um \u00e1trio-jardim com 12 andares de terra\u00e7os verticais e ventilados, projetados para criar um espa\u00e7o verde \u00fanico em um arranha-c\u00e9u desse porte. <\/p>\n\n\n\n<div class=\"wp-block-image\"><figure class=\"aligncenter size-large is-resized\"><a href=\"https:\/\/panper.com.br\/\"><img loading=\"lazy\" decoding=\"async\" src=\"https:\/\/jornalfatosenoticias.com.br\/wp-content\/uploads\/2023\/03\/logo-Panper_portal.jpg\" alt=\"\" class=\"wp-image-40208\" width=\"292\" height=\"202\" srcset=\"https:\/\/jornalfatosenoticias.com.br\/wp-content\/uploads\/2023\/03\/logo-Panper_portal.jpg 400w, https:\/\/jornalfatosenoticias.com.br\/wp-content\/uploads\/2023\/03\/logo-Panper_portal-300x208.jpg 300w\" sizes=\"auto, (max-width: 292px) 100vw, 292px\" \/><\/a><\/figure><\/div>\n\n\n\n<p>O complexo ter\u00e1 restaurantes, bares, SPA, academia, clube e at\u00e9 um sky lounge panor\u00e2mico no 81.\u00ba andar. O projeto \u00e9 assinado pelo escrit\u00f3rio de arquitetura NORR, respons\u00e1vel pelo Atlantis The Palm, e faz parte da Vignette Collection do grupo hoteleiro IHG.<\/p>\n\n\n\n<div class=\"wp-block-jetpack-slideshow aligncenter\" data-effect=\"slide\"><div class=\"wp-block-jetpack-slideshow_container swiper-container\"><ul class=\"wp-block-jetpack-slideshow_swiper-wrapper swiper-wrapper\"><li class=\"wp-block-jetpack-slideshow_slide swiper-slide\"><figure><img loading=\"lazy\" decoding=\"async\" width=\"768\" height=\"512\" alt=\"\" class=\"wp-block-jetpack-slideshow_image wp-image-61634\" data-id=\"61634\" src=\"https:\/\/jornalfatosenoticias.com.br\/wp-content\/uploads\/2025\/09\/hotel-mais-alto-dubai2.jpg\" srcset=\"https:\/\/jornalfatosenoticias.com.br\/wp-content\/uploads\/2025\/09\/hotel-mais-alto-dubai2.jpg 768w, https:\/\/jornalfatosenoticias.com.br\/wp-content\/uploads\/2025\/09\/hotel-mais-alto-dubai2-300x200.jpg 300w\" sizes=\"auto, (max-width: 768px) 100vw, 768px\" \/><figcaption class=\"wp-block-jetpack-slideshow_caption gallery-caption\">Uma das atra\u00e7\u00f5es ser\u00e1 um sky lounge panor\u00e2mico no 81.\u00ba andar (Foto: Divulga\u00e7\u00e3o\/The First Group)<\/figcaption><\/figure><\/li><li class=\"wp-block-jetpack-slideshow_slide swiper-slide\"><figure><img loading=\"lazy\" decoding=\"async\" width=\"768\" height=\"512\" alt=\"\" class=\"wp-block-jetpack-slideshow_image wp-image-61635\" data-id=\"61635\" src=\"https:\/\/jornalfatosenoticias.com.br\/wp-content\/uploads\/2025\/09\/hotel-mais-alto-dubai3.jpg\" srcset=\"https:\/\/jornalfatosenoticias.com.br\/wp-content\/uploads\/2025\/09\/hotel-mais-alto-dubai3.jpg 768w, https:\/\/jornalfatosenoticias.com.br\/wp-content\/uploads\/2025\/09\/hotel-mais-alto-dubai3-300x200.jpg 300w\" sizes=\"auto, (max-width: 768px) 100vw, 768px\" \/><figcaption class=\"wp-block-jetpack-slideshow_caption gallery-caption\">Pr\u00e9dio ter\u00e1 restaurantes e outros espa\u00e7os (Foto: Divulga\u00e7\u00e3o\/The First Group)<\/figcaption><\/figure><\/li><\/ul><a class=\"wp-block-jetpack-slideshow_button-prev swiper-button-prev swiper-button-white\" role=\"button\"><\/a><a class=\"wp-block-jetpack-slideshow_button-next swiper-button-next swiper-button-white\" role=\"button\"><\/a><a aria-label=\"Pause Slideshow\" class=\"wp-block-jetpack-slideshow_button-pause\" role=\"button\"><\/a><div class=\"wp-block-jetpack-slideshow_pagination swiper-pagination swiper-pagination-white\"><\/div><\/div><\/div>\n\n\n\n<p><strong><span class=\"has-inline-color has-vivid-purple-color\">Obra \u00e9 classificada como superarranha-c\u00e9u<br><\/span><\/strong>\u2705 De acordo com a incorporadora The First Group e a engenharia China Railway 18th Bureau Group, as obras do hotel j\u00e1 entraram na fase final.<br>\u2705 O lobby est\u00e1 mais de 65% conclu\u00eddo, enquanto as \u00e1reas de alimenta\u00e7\u00e3o alcan\u00e7aram metade da execu\u00e7\u00e3o.<br>\u2705 J\u00e1 os quartos est\u00e3o recebendo a instala\u00e7\u00e3o de m\u00f3veis.<br>\u2705 Mesmo antes da inaugura\u00e7\u00e3o, a torre j\u00e1 foi premiada internacionalmente em categorias como melhor arquitetura hoteleira.<br>\u2705 Lembrando que constru\u00e7\u00f5es acima dos 300 metros s\u00e3o classificadas como \u201csuperarranha-c\u00e9us\u201d pelo Council on Tall Buildings and Urban Habitat.<\/p>\n\n\n\n<div class=\"wp-block-image\"><figure class=\"aligncenter size-large is-resized\"><a href=\"https:\/\/www.instagram.com\/restaurantepegoretti\/\"><img loading=\"lazy\" decoding=\"async\" src=\"https:\/\/jornalfatosenoticias.com.br\/wp-content\/uploads\/2023\/12\/pegoretti-logo-pdf-1024x389.jpg\" alt=\"\" class=\"wp-image-47536\" width=\"535\" height=\"203\" srcset=\"https:\/\/jornalfatosenoticias.com.br\/wp-content\/uploads\/2023\/12\/pegoretti-logo-pdf-1024x389.jpg 1024w, https:\/\/jornalfatosenoticias.com.br\/wp-content\/uploads\/2023\/12\/pegoretti-logo-pdf-300x114.jpg 300w, https:\/\/jornalfatosenoticias.com.br\/wp-content\/uploads\/2023\/12\/pegoretti-logo-pdf-768x291.jpg 768w, https:\/\/jornalfatosenoticias.com.br\/wp-content\/uploads\/2023\/12\/pegoretti-logo-pdf.jpg 1120w\" sizes=\"auto, (max-width: 535px) 100vw, 535px\" \/><\/a><\/figure><\/div>\n\n\n\n<p><strong>Fonte: <a href=\"https:\/\/olhardigital.com.br\/2025\/08\/28\/ciencia-e-espaco\/maior-hotel-do-mundo-tera-365-metros-de-altura-e-ficara-em-dubai\/\">Olhar Digital<\/a><\/strong><\/p>\n","protected":false},"excerpt":{"rendered":"<p>Com 82 andares e 1.004 quartos, incluindo 147 su\u00edtes, a Ciel Tower est\u00e1 prevista para ser inaugurada ainda neste ano Por Alessandro Di Lorenzo Dubai \u00e9 a cidade mais populosa dos Emirados \u00c1rabes Unidos e a capital do Emirado de Dubai, sendo conhecida por seus enormes arranha-c\u00e9us. E um nova constru\u00e7\u00e3o gigantesca deve se somar [&hellip;]<\/p>\n","protected":false},"author":2,"featured_media":61636,"comment_status":"open","ping_status":"open","sticky":false,"template":"","format":"standard","meta":{"footnotes":""},"categories":[744],"tags":[10705,7934,10360,28110,21415],"class_list":["post-61633","post","type-post","status-publish","format-standard","has-post-thumbnail","hentry","category-arq-urbanismo","tag-arranha-ceu","tag-dubai","tag-hotel","tag-hotel-mais-alto-do-mundo","tag-predios"],"yoast_head":"<!-- This site is optimized with the Yoast SEO plugin v26.5 - https:\/\/yoast.com\/wordpress\/plugins\/seo\/ -->\n<title>Hotel mais alto do mundo ter\u00e1 365 metros e ficar\u00e1 em Dubai - Jornal Fatos e Not\u00edcias<\/title>\n<meta name=\"robots\" content=\"index, follow, max-snippet:-1, max-image-preview:large, max-video-preview:-1\" \/>\n<link rel=\"canonical\" href=\"https:\/\/jornalfatosenoticias.com.br\/index.php\/2025\/09\/02\/hotel-mais-alto-do-mundo-tera-365-metros-e-ficara-em-dubai\/\" \/>\n<meta property=\"og:locale\" content=\"pt_BR\" \/>\n<meta property=\"og:type\" content=\"article\" \/>\n<meta property=\"og:title\" content=\"Hotel mais alto do mundo ter\u00e1 365 metros e ficar\u00e1 em Dubai - Jornal Fatos e Not\u00edcias\" \/>\n<meta property=\"og:description\" content=\"Com 82 andares e 1.004 quartos, incluindo 147 su\u00edtes, a Ciel Tower est\u00e1 prevista para ser inaugurada ainda neste ano Por Alessandro Di Lorenzo Dubai \u00e9 a cidade mais populosa dos Emirados \u00c1rabes Unidos e a capital do Emirado de Dubai, sendo conhecida por seus enormes arranha-c\u00e9us. E um nova constru\u00e7\u00e3o gigantesca deve se somar [&hellip;]\" \/>\n<meta property=\"og:url\" content=\"https:\/\/jornalfatosenoticias.com.br\/index.php\/2025\/09\/02\/hotel-mais-alto-do-mundo-tera-365-metros-e-ficara-em-dubai\/\" \/>\n<meta property=\"og:site_name\" content=\"Jornal Fatos e Not\u00edcias\" \/>\n<meta property=\"article:published_time\" content=\"2025-09-02T20:09:24+00:00\" \/>\n<meta property=\"article:modified_time\" content=\"2025-09-02T20:09:25+00:00\" \/>\n<meta property=\"og:image\" content=\"https:\/\/jornalfatosenoticias.com.br\/wp-content\/uploads\/2025\/09\/hotel-mais-alto-dubai.jpg\" \/>\n\t<meta property=\"og:image:width\" content=\"1000\" \/>\n\t<meta property=\"og:image:height\" content=\"562\" \/>\n\t<meta property=\"og:image:type\" content=\"image\/jpeg\" \/>\n<meta name=\"author\" content=\"Luzimara Fernandes\" \/>\n<meta name=\"twitter:card\" content=\"summary_large_image\" \/>\n<meta name=\"twitter:label1\" content=\"Escrito por\" \/>\n\t<meta name=\"twitter:data1\" content=\"Luzimara Fernandes\" \/>\n\t<meta name=\"twitter:label2\" content=\"Est. tempo de leitura\" \/>\n\t<meta name=\"twitter:data2\" content=\"2 minutos\" \/>\n<script type=\"application\/ld+json\" class=\"yoast-schema-graph\">{\"@context\":\"https:\/\/schema.org\",\"@graph\":[{\"@type\":\"Article\",\"@id\":\"https:\/\/jornalfatosenoticias.com.br\/index.php\/2025\/09\/02\/hotel-mais-alto-do-mundo-tera-365-metros-e-ficara-em-dubai\/#article\",\"isPartOf\":{\"@id\":\"https:\/\/jornalfatosenoticias.com.br\/index.php\/2025\/09\/02\/hotel-mais-alto-do-mundo-tera-365-metros-e-ficara-em-dubai\/\"},\"author\":{\"name\":\"Luzimara Fernandes\",\"@id\":\"https:\/\/jornalfatosenoticias.com.br\/#\/schema\/person\/d63837fa13ac8666eb9e74e0985d6f81\"},\"headline\":\"Hotel mais alto do mundo ter\u00e1 365 metros e ficar\u00e1 em Dubai\",\"datePublished\":\"2025-09-02T20:09:24+00:00\",\"dateModified\":\"2025-09-02T20:09:25+00:00\",\"mainEntityOfPage\":{\"@id\":\"https:\/\/jornalfatosenoticias.com.br\/index.php\/2025\/09\/02\/hotel-mais-alto-do-mundo-tera-365-metros-e-ficara-em-dubai\/\"},\"wordCount\":380,\"commentCount\":0,\"publisher\":{\"@id\":\"https:\/\/jornalfatosenoticias.com.br\/#organization\"},\"image\":{\"@id\":\"https:\/\/jornalfatosenoticias.com.br\/index.php\/2025\/09\/02\/hotel-mais-alto-do-mundo-tera-365-metros-e-ficara-em-dubai\/#primaryimage\"},\"thumbnailUrl\":\"https:\/\/jornalfatosenoticias.com.br\/wp-content\/uploads\/2025\/09\/hotel-mais-alto-dubai.jpg\",\"keywords\":[\"arranha-c\u00e9u\",\"Dubai\",\"hotel\",\"hotel mais alto do mundo\",\"pr\u00e9dios\"],\"articleSection\":[\"Arq &amp; Urb\"],\"inLanguage\":\"pt-BR\",\"potentialAction\":[{\"@type\":\"CommentAction\",\"name\":\"Comment\",\"target\":[\"https:\/\/jornalfatosenoticias.com.br\/index.php\/2025\/09\/02\/hotel-mais-alto-do-mundo-tera-365-metros-e-ficara-em-dubai\/#respond\"]}]},{\"@type\":\"WebPage\",\"@id\":\"https:\/\/jornalfatosenoticias.com.br\/index.php\/2025\/09\/02\/hotel-mais-alto-do-mundo-tera-365-metros-e-ficara-em-dubai\/\",\"url\":\"https:\/\/jornalfatosenoticias.com.br\/index.php\/2025\/09\/02\/hotel-mais-alto-do-mundo-tera-365-metros-e-ficara-em-dubai\/\",\"name\":\"Hotel mais alto do mundo ter\u00e1 365 metros e ficar\u00e1 em Dubai - Jornal Fatos e Not\u00edcias\",\"isPartOf\":{\"@id\":\"https:\/\/jornalfatosenoticias.com.br\/#website\"},\"primaryImageOfPage\":{\"@id\":\"https:\/\/jornalfatosenoticias.com.br\/index.php\/2025\/09\/02\/hotel-mais-alto-do-mundo-tera-365-metros-e-ficara-em-dubai\/#primaryimage\"},\"image\":{\"@id\":\"https:\/\/jornalfatosenoticias.com.br\/index.php\/2025\/09\/02\/hotel-mais-alto-do-mundo-tera-365-metros-e-ficara-em-dubai\/#primaryimage\"},\"thumbnailUrl\":\"https:\/\/jornalfatosenoticias.com.br\/wp-content\/uploads\/2025\/09\/hotel-mais-alto-dubai.jpg\",\"datePublished\":\"2025-09-02T20:09:24+00:00\",\"dateModified\":\"2025-09-02T20:09:25+00:00\",\"breadcrumb\":{\"@id\":\"https:\/\/jornalfatosenoticias.com.br\/index.php\/2025\/09\/02\/hotel-mais-alto-do-mundo-tera-365-metros-e-ficara-em-dubai\/#breadcrumb\"},\"inLanguage\":\"pt-BR\",\"potentialAction\":[{\"@type\":\"ReadAction\",\"target\":[\"https:\/\/jornalfatosenoticias.com.br\/index.php\/2025\/09\/02\/hotel-mais-alto-do-mundo-tera-365-metros-e-ficara-em-dubai\/\"]}]},{\"@type\":\"ImageObject\",\"inLanguage\":\"pt-BR\",\"@id\":\"https:\/\/jornalfatosenoticias.com.br\/index.php\/2025\/09\/02\/hotel-mais-alto-do-mundo-tera-365-metros-e-ficara-em-dubai\/#primaryimage\",\"url\":\"https:\/\/jornalfatosenoticias.com.br\/wp-content\/uploads\/2025\/09\/hotel-mais-alto-dubai.jpg\",\"contentUrl\":\"https:\/\/jornalfatosenoticias.com.br\/wp-content\/uploads\/2025\/09\/hotel-mais-alto-dubai.jpg\",\"width\":1000,\"height\":562},{\"@type\":\"BreadcrumbList\",\"@id\":\"https:\/\/jornalfatosenoticias.com.br\/index.php\/2025\/09\/02\/hotel-mais-alto-do-mundo-tera-365-metros-e-ficara-em-dubai\/#breadcrumb\",\"itemListElement\":[{\"@type\":\"ListItem\",\"position\":1,\"name\":\"In\u00edcio\",\"item\":\"https:\/\/jornalfatosenoticias.com.br\/\"},{\"@type\":\"ListItem\",\"position\":2,\"name\":\"Hotel mais alto do mundo ter\u00e1 365 metros e ficar\u00e1 em Dubai\"}]},{\"@type\":\"WebSite\",\"@id\":\"https:\/\/jornalfatosenoticias.com.br\/#website\",\"url\":\"https:\/\/jornalfatosenoticias.com.br\/\",\"name\":\"Jornal Fatos e Not\u00edcias\",\"description\":\"Not\u00edcias em geral\",\"publisher\":{\"@id\":\"https:\/\/jornalfatosenoticias.com.br\/#organization\"},\"potentialAction\":[{\"@type\":\"SearchAction\",\"target\":{\"@type\":\"EntryPoint\",\"urlTemplate\":\"https:\/\/jornalfatosenoticias.com.br\/?s={search_term_string}\"},\"query-input\":{\"@type\":\"PropertyValueSpecification\",\"valueRequired\":true,\"valueName\":\"search_term_string\"}}],\"inLanguage\":\"pt-BR\"},{\"@type\":\"Organization\",\"@id\":\"https:\/\/jornalfatosenoticias.com.br\/#organization\",\"name\":\"Jornal Fatos e Not\u00edcias\",\"url\":\"https:\/\/jornalfatosenoticias.com.br\/\",\"logo\":{\"@type\":\"ImageObject\",\"inLanguage\":\"pt-BR\",\"@id\":\"https:\/\/jornalfatosenoticias.com.br\/#\/schema\/logo\/image\/\",\"url\":\"https:\/\/jornalfatosenoticias.com.br\/wp-content\/uploads\/2020\/02\/logo120.png\",\"contentUrl\":\"https:\/\/jornalfatosenoticias.com.br\/wp-content\/uploads\/2020\/02\/logo120.png\",\"width\":1227,\"height\":120,\"caption\":\"Jornal Fatos e Not\u00edcias\"},\"image\":{\"@id\":\"https:\/\/jornalfatosenoticias.com.br\/#\/schema\/logo\/image\/\"}},{\"@type\":\"Person\",\"@id\":\"https:\/\/jornalfatosenoticias.com.br\/#\/schema\/person\/d63837fa13ac8666eb9e74e0985d6f81\",\"name\":\"Luzimara Fernandes\",\"image\":{\"@type\":\"ImageObject\",\"inLanguage\":\"pt-BR\",\"@id\":\"https:\/\/jornalfatosenoticias.com.br\/#\/schema\/person\/image\/\",\"url\":\"https:\/\/jornalfatosenoticias.com.br\/wp-content\/uploads\/2025\/05\/EU_portal.jpg\",\"contentUrl\":\"https:\/\/jornalfatosenoticias.com.br\/wp-content\/uploads\/2025\/05\/EU_portal.jpg\",\"caption\":\"Luzimara Fernandes\"},\"description\":\"Jornalista MTB 2358-ES\",\"sameAs\":[\"https:\/\/jornalfatosenoticias.com.br\"],\"url\":\"https:\/\/jornalfatosenoticias.com.br\/index.php\/author\/luzimara\/\"}]}<\/script>\n<!-- \/ Yoast SEO plugin. -->","yoast_head_json":{"title":"Hotel mais alto do mundo ter\u00e1 365 metros e ficar\u00e1 em Dubai - Jornal Fatos e Not\u00edcias","robots":{"index":"index","follow":"follow","max-snippet":"max-snippet:-1","max-image-preview":"max-image-preview:large","max-video-preview":"max-video-preview:-1"},"canonical":"https:\/\/jornalfatosenoticias.com.br\/index.php\/2025\/09\/02\/hotel-mais-alto-do-mundo-tera-365-metros-e-ficara-em-dubai\/","og_locale":"pt_BR","og_type":"article","og_title":"Hotel mais alto do mundo ter\u00e1 365 metros e ficar\u00e1 em Dubai - Jornal Fatos e Not\u00edcias","og_description":"Com 82 andares e 1.004 quartos, incluindo 147 su\u00edtes, a Ciel Tower est\u00e1 prevista para ser inaugurada ainda neste ano Por Alessandro Di Lorenzo Dubai \u00e9 a cidade mais populosa dos Emirados \u00c1rabes Unidos e a capital do Emirado de Dubai, sendo conhecida por seus enormes arranha-c\u00e9us. E um nova constru\u00e7\u00e3o gigantesca deve se somar [&hellip;]","og_url":"https:\/\/jornalfatosenoticias.com.br\/index.php\/2025\/09\/02\/hotel-mais-alto-do-mundo-tera-365-metros-e-ficara-em-dubai\/","og_site_name":"Jornal Fatos e Not\u00edcias","article_published_time":"2025-09-02T20:09:24+00:00","article_modified_time":"2025-09-02T20:09:25+00:00","og_image":[{"width":1000,"height":562,"url":"https:\/\/jornalfatosenoticias.com.br\/wp-content\/uploads\/2025\/09\/hotel-mais-alto-dubai.jpg","type":"image\/jpeg"}],"author":"Luzimara Fernandes","twitter_card":"summary_large_image","twitter_misc":{"Escrito por":"Luzimara Fernandes","Est. tempo de leitura":"2 minutos"},"schema":{"@context":"https:\/\/schema.org","@graph":[{"@type":"Article","@id":"https:\/\/jornalfatosenoticias.com.br\/index.php\/2025\/09\/02\/hotel-mais-alto-do-mundo-tera-365-metros-e-ficara-em-dubai\/#article","isPartOf":{"@id":"https:\/\/jornalfatosenoticias.com.br\/index.php\/2025\/09\/02\/hotel-mais-alto-do-mundo-tera-365-metros-e-ficara-em-dubai\/"},"author":{"name":"Luzimara Fernandes","@id":"https:\/\/jornalfatosenoticias.com.br\/#\/schema\/person\/d63837fa13ac8666eb9e74e0985d6f81"},"headline":"Hotel mais alto do mundo ter\u00e1 365 metros e ficar\u00e1 em Dubai","datePublished":"2025-09-02T20:09:24+00:00","dateModified":"2025-09-02T20:09:25+00:00","mainEntityOfPage":{"@id":"https:\/\/jornalfatosenoticias.com.br\/index.php\/2025\/09\/02\/hotel-mais-alto-do-mundo-tera-365-metros-e-ficara-em-dubai\/"},"wordCount":380,"commentCount":0,"publisher":{"@id":"https:\/\/jornalfatosenoticias.com.br\/#organization"},"image":{"@id":"https:\/\/jornalfatosenoticias.com.br\/index.php\/2025\/09\/02\/hotel-mais-alto-do-mundo-tera-365-metros-e-ficara-em-dubai\/#primaryimage"},"thumbnailUrl":"https:\/\/jornalfatosenoticias.com.br\/wp-content\/uploads\/2025\/09\/hotel-mais-alto-dubai.jpg","keywords":["arranha-c\u00e9u","Dubai","hotel","hotel mais alto do mundo","pr\u00e9dios"],"articleSection":["Arq &amp; Urb"],"inLanguage":"pt-BR","potentialAction":[{"@type":"CommentAction","name":"Comment","target":["https:\/\/jornalfatosenoticias.com.br\/index.php\/2025\/09\/02\/hotel-mais-alto-do-mundo-tera-365-metros-e-ficara-em-dubai\/#respond"]}]},{"@type":"WebPage","@id":"https:\/\/jornalfatosenoticias.com.br\/index.php\/2025\/09\/02\/hotel-mais-alto-do-mundo-tera-365-metros-e-ficara-em-dubai\/","url":"https:\/\/jornalfatosenoticias.com.br\/index.php\/2025\/09\/02\/hotel-mais-alto-do-mundo-tera-365-metros-e-ficara-em-dubai\/","name":"Hotel mais alto do mundo ter\u00e1 365 metros e ficar\u00e1 em Dubai - Jornal Fatos e Not\u00edcias","isPartOf":{"@id":"https:\/\/jornalfatosenoticias.com.br\/#website"},"primaryImageOfPage":{"@id":"https:\/\/jornalfatosenoticias.com.br\/index.php\/2025\/09\/02\/hotel-mais-alto-do-mundo-tera-365-metros-e-ficara-em-dubai\/#primaryimage"},"image":{"@id":"https:\/\/jornalfatosenoticias.com.br\/index.php\/2025\/09\/02\/hotel-mais-alto-do-mundo-tera-365-metros-e-ficara-em-dubai\/#primaryimage"},"thumbnailUrl":"https:\/\/jornalfatosenoticias.com.br\/wp-content\/uploads\/2025\/09\/hotel-mais-alto-dubai.jpg","datePublished":"2025-09-02T20:09:24+00:00","dateModified":"2025-09-02T20:09:25+00:00","breadcrumb":{"@id":"https:\/\/jornalfatosenoticias.com.br\/index.php\/2025\/09\/02\/hotel-mais-alto-do-mundo-tera-365-metros-e-ficara-em-dubai\/#breadcrumb"},"inLanguage":"pt-BR","potentialAction":[{"@type":"ReadAction","target":["https:\/\/jornalfatosenoticias.com.br\/index.php\/2025\/09\/02\/hotel-mais-alto-do-mundo-tera-365-metros-e-ficara-em-dubai\/"]}]},{"@type":"ImageObject","inLanguage":"pt-BR","@id":"https:\/\/jornalfatosenoticias.com.br\/index.php\/2025\/09\/02\/hotel-mais-alto-do-mundo-tera-365-metros-e-ficara-em-dubai\/#primaryimage","url":"https:\/\/jornalfatosenoticias.com.br\/wp-content\/uploads\/2025\/09\/hotel-mais-alto-dubai.jpg","contentUrl":"https:\/\/jornalfatosenoticias.com.br\/wp-content\/uploads\/2025\/09\/hotel-mais-alto-dubai.jpg","width":1000,"height":562},{"@type":"BreadcrumbList","@id":"https:\/\/jornalfatosenoticias.com.br\/index.php\/2025\/09\/02\/hotel-mais-alto-do-mundo-tera-365-metros-e-ficara-em-dubai\/#breadcrumb","itemListElement":[{"@type":"ListItem","position":1,"name":"In\u00edcio","item":"https:\/\/jornalfatosenoticias.com.br\/"},{"@type":"ListItem","position":2,"name":"Hotel mais alto do mundo ter\u00e1 365 metros e ficar\u00e1 em Dubai"}]},{"@type":"WebSite","@id":"https:\/\/jornalfatosenoticias.com.br\/#website","url":"https:\/\/jornalfatosenoticias.com.br\/","name":"Jornal Fatos e Not\u00edcias","description":"Not\u00edcias em geral","publisher":{"@id":"https:\/\/jornalfatosenoticias.com.br\/#organization"},"potentialAction":[{"@type":"SearchAction","target":{"@type":"EntryPoint","urlTemplate":"https:\/\/jornalfatosenoticias.com.br\/?s={search_term_string}"},"query-input":{"@type":"PropertyValueSpecification","valueRequired":true,"valueName":"search_term_string"}}],"inLanguage":"pt-BR"},{"@type":"Organization","@id":"https:\/\/jornalfatosenoticias.com.br\/#organization","name":"Jornal Fatos e Not\u00edcias","url":"https:\/\/jornalfatosenoticias.com.br\/","logo":{"@type":"ImageObject","inLanguage":"pt-BR","@id":"https:\/\/jornalfatosenoticias.com.br\/#\/schema\/logo\/image\/","url":"https:\/\/jornalfatosenoticias.com.br\/wp-content\/uploads\/2020\/02\/logo120.png","contentUrl":"https:\/\/jornalfatosenoticias.com.br\/wp-content\/uploads\/2020\/02\/logo120.png","width":1227,"height":120,"caption":"Jornal Fatos e Not\u00edcias"},"image":{"@id":"https:\/\/jornalfatosenoticias.com.br\/#\/schema\/logo\/image\/"}},{"@type":"Person","@id":"https:\/\/jornalfatosenoticias.com.br\/#\/schema\/person\/d63837fa13ac8666eb9e74e0985d6f81","name":"Luzimara Fernandes","image":{"@type":"ImageObject","inLanguage":"pt-BR","@id":"https:\/\/jornalfatosenoticias.com.br\/#\/schema\/person\/image\/","url":"https:\/\/jornalfatosenoticias.com.br\/wp-content\/uploads\/2025\/05\/EU_portal.jpg","contentUrl":"https:\/\/jornalfatosenoticias.com.br\/wp-content\/uploads\/2025\/05\/EU_portal.jpg","caption":"Luzimara Fernandes"},"description":"Jornalista MTB 2358-ES","sameAs":["https:\/\/jornalfatosenoticias.com.br"],"url":"https:\/\/jornalfatosenoticias.com.br\/index.php\/author\/luzimara\/"}]}},"cc_featured_image_caption":{"caption_text":"(Foto: Divulga\u00e7\u00e3o\/The First Group)","source_text":"","source_url":""},"jetpack_featured_media_url":"https:\/\/jornalfatosenoticias.com.br\/wp-content\/uploads\/2025\/09\/hotel-mais-alto-dubai.jpg","_links":{"self":[{"href":"https:\/\/jornalfatosenoticias.com.br\/index.php\/wp-json\/wp\/v2\/posts\/61633","targetHints":{"allow":["GET"]}}],"collection":[{"href":"https:\/\/jornalfatosenoticias.com.br\/index.php\/wp-json\/wp\/v2\/posts"}],"about":[{"href":"https:\/\/jornalfatosenoticias.com.br\/index.php\/wp-json\/wp\/v2\/types\/post"}],"author":[{"embeddable":true,"href":"https:\/\/jornalfatosenoticias.com.br\/index.php\/wp-json\/wp\/v2\/users\/2"}],"replies":[{"embeddable":true,"href":"https:\/\/jornalfatosenoticias.com.br\/index.php\/wp-json\/wp\/v2\/comments?post=61633"}],"version-history":[{"count":0,"href":"https:\/\/jornalfatosenoticias.com.br\/index.php\/wp-json\/wp\/v2\/posts\/61633\/revisions"}],"wp:featuredmedia":[{"embeddable":true,"href":"https:\/\/jornalfatosenoticias.com.br\/index.php\/wp-json\/wp\/v2\/media\/61636"}],"wp:attachment":[{"href":"https:\/\/jornalfatosenoticias.com.br\/index.php\/wp-json\/wp\/v2\/media?parent=61633"}],"wp:term":[{"taxonomy":"category","embeddable":true,"href":"https:\/\/jornalfatosenoticias.com.br\/index.php\/wp-json\/wp\/v2\/categories?post=61633"},{"taxonomy":"post_tag","embeddable":true,"href":"https:\/\/jornalfatosenoticias.com.br\/index.php\/wp-json\/wp\/v2\/tags?post=61633"}],"curies":[{"name":"wp","href":"https:\/\/api.w.org\/{rel}","templated":true}]}}