{"id":61644,"date":"2025-09-03T09:37:36","date_gmt":"2025-09-03T12:37:36","guid":{"rendered":"https:\/\/jornalfatosenoticias.com.br\/?p=61644"},"modified":"2025-09-03T09:37:38","modified_gmt":"2025-09-03T12:37:38","slug":"senado-aprova-pec-que-legaliza-calote-de-precatorios-e-abre-espaco-para-gastos-do-governo","status":"publish","type":"post","link":"https:\/\/jornalfatosenoticias.com.br\/index.php\/2025\/09\/03\/senado-aprova-pec-que-legaliza-calote-de-precatorios-e-abre-espaco-para-gastos-do-governo\/","title":{"rendered":"Senado aprova PEC que legaliza \u201ccalote\u201d de precat\u00f3rios e abre espa\u00e7o para gastos do governo"},"content":{"rendered":"\n<p><em><span class=\"has-inline-color has-black-color\">PEC 66\/23 tira precat\u00f3rios da regra fiscal e abre espa\u00e7o para gastos do governo. Na foto, o presidente do Senado Davi Alcolumbre (Uni\u00e3o-AP) e Luiz In\u00e1cio Lula da Silva (PT)<\/span><\/em><\/p>\n\n\n\n<p><span class=\"has-inline-color has-black-color\">Por <strong><a href=\"https:\/\/www.gazetadopovo.com.br\/autor\/roberta-ribeiro\/\">Roberta Ribeiro<\/a><\/strong><\/span><\/p>\n\n\n\n<div class=\"wp-block-image\"><figure class=\"aligncenter size-large\"><a href=\"https:\/\/mizu.com.br\/\"><img loading=\"lazy\" decoding=\"async\" width=\"729\" height=\"90\" src=\"https:\/\/jornalfatosenoticias.com.br\/wp-content\/uploads\/2020\/02\/Logo_Mizu.png\" alt=\"\" class=\"wp-image-1441\" srcset=\"https:\/\/jornalfatosenoticias.com.br\/wp-content\/uploads\/2020\/02\/Logo_Mizu.png 729w, https:\/\/jornalfatosenoticias.com.br\/wp-content\/uploads\/2020\/02\/Logo_Mizu-300x37.png 300w\" sizes=\"auto, (max-width: 729px) 100vw, 729px\" \/><\/a><\/figure><\/div>\n\n\n\n<p>O Senado Federal aprovou em definitivo, nesta ter\u00e7a-feira (2), a proposta de emenda \u00e0 Constitui\u00e7\u00e3o (PEC) 66\/23. A medida autoriza o parcelamento e a rolagem indefinida de precat\u00f3rios estaduais e municipais, retira os federais da regra fiscal a partir de 2026 e ainda reduz o \u00edndice de reajuste dos valores devidos.<br>Al\u00e9m das modifica\u00e7\u00f5es em rela\u00e7\u00e3o aos precat\u00f3rios \u2014 d\u00edvidas reconhecidas pela Justi\u00e7a que os governos t\u00eam com empresas e pessoas \u2014 a PEC 66 estabelece novas regras para a negocia\u00e7\u00e3o de d\u00edvidas de estados e munic\u00edpios com o INSS.<br>Antes de ser aprovada nesta ter\u00e7a-feira, a proposta j\u00e1 havia passado pela C\u00e2mara e sido aprovada em primeiro turno no Senado, por ampla margem (62 votos a 4). Nesta ter\u00e7a, em segundo turno, contou com o aval de 71 senadores, contra 2.<\/p>\n\n\n\n<div class=\"wp-block-image\"><figure class=\"aligncenter size-large is-resized\"><a href=\"https:\/\/www.facebook.com\/postobkr\/?locale=pt_BR\"><img loading=\"lazy\" decoding=\"async\" src=\"https:\/\/jornalfatosenoticias.com.br\/wp-content\/uploads\/2023\/08\/BKR-1024x1021.jpg\" alt=\"\" class=\"wp-image-44494\" width=\"277\" height=\"276\" srcset=\"https:\/\/jornalfatosenoticias.com.br\/wp-content\/uploads\/2023\/08\/BKR-1024x1021.jpg 1024w, https:\/\/jornalfatosenoticias.com.br\/wp-content\/uploads\/2023\/08\/BKR-300x300.jpg 300w, https:\/\/jornalfatosenoticias.com.br\/wp-content\/uploads\/2023\/08\/BKR-150x150.jpg 150w, https:\/\/jornalfatosenoticias.com.br\/wp-content\/uploads\/2023\/08\/BKR-768x766.jpg 768w, https:\/\/jornalfatosenoticias.com.br\/wp-content\/uploads\/2023\/08\/BKR.jpg 1080w\" sizes=\"auto, (max-width: 277px) 100vw, 277px\" \/><\/a><\/figure><\/div>\n\n\n\n<p>A emenda s\u00f3 depende agora da promulga\u00e7\u00e3o pelo Congresso, uma mera formalidade. Como qualquer outro adendo \u00e0 Constitui\u00e7\u00e3o, ela n\u00e3o depende de san\u00e7\u00e3o presidencial e entrar\u00e1 em vigor assim que for publicada.<\/p>\n\n\n\n<div class=\"wp-block-image\"><figure class=\"aligncenter size-large is-resized\"><a href=\"https:\/\/www.instagram.com\/restaurantepegoretti\/\"><img loading=\"lazy\" decoding=\"async\" src=\"https:\/\/jornalfatosenoticias.com.br\/wp-content\/uploads\/2023\/12\/pegoretti-logo-pdf-1024x389.jpg\" alt=\"\" class=\"wp-image-47536\" width=\"475\" height=\"180\" srcset=\"https:\/\/jornalfatosenoticias.com.br\/wp-content\/uploads\/2023\/12\/pegoretti-logo-pdf-1024x389.jpg 1024w, https:\/\/jornalfatosenoticias.com.br\/wp-content\/uploads\/2023\/12\/pegoretti-logo-pdf-300x114.jpg 300w, https:\/\/jornalfatosenoticias.com.br\/wp-content\/uploads\/2023\/12\/pegoretti-logo-pdf-768x291.jpg 768w, https:\/\/jornalfatosenoticias.com.br\/wp-content\/uploads\/2023\/12\/pegoretti-logo-pdf.jpg 1120w\" sizes=\"auto, (max-width: 475px) 100vw, 475px\" \/><\/a><\/figure><\/div>\n\n\n\n<p><span class=\"has-inline-color has-black-color\"><strong>Com a PEC 66\/2023, d\u00edvida de precat\u00f3rios deve virar &#8220;bola de neve&#8221;<br><\/strong><\/span>Na avalia\u00e7\u00e3o do Instituto Brasileiro de Direito Previdenci\u00e1rio (IBDP), a aprova\u00e7\u00e3o da PEC 66\/23 dificultar\u00e1 o processo administrativo, estimular\u00e1 a judicializa\u00e7\u00e3o em massa e agravar\u00e1 a crise fiscal e social.<\/p>\n\n\n\n<blockquote class=\"wp-block-quote is-layout-flow wp-block-quote-is-layout-flow\"><p><span class=\"has-inline-color has-luminous-vivid-orange-color\">Trata-se de uma proposta que sacrifica a seguran\u00e7a jur\u00eddica, a responsabilidade fiscal de longo prazo e a justi\u00e7a social no altar de uma conveni\u00eancia or\u00e7ament\u00e1ria imediatista e ilus\u00f3ria\u201d, diz relat\u00f3rio t\u00e9cnico do IBDP que analisa a medida.<\/span><\/p><\/blockquote>\n\n\n\n<div class=\"wp-block-image\"><figure class=\"aligncenter size-large is-resized\"><a href=\"https:\/\/legisjuris.com.br\/\"><img loading=\"lazy\" decoding=\"async\" src=\"https:\/\/jornalfatosenoticias.com.br\/wp-content\/uploads\/2024\/09\/Legis-Juris-Consultoria_logo.jpg\" alt=\"\" class=\"wp-image-53915\" width=\"499\" height=\"209\" srcset=\"https:\/\/jornalfatosenoticias.com.br\/wp-content\/uploads\/2024\/09\/Legis-Juris-Consultoria_logo.jpg 969w, https:\/\/jornalfatosenoticias.com.br\/wp-content\/uploads\/2024\/09\/Legis-Juris-Consultoria_logo-300x126.jpg 300w, https:\/\/jornalfatosenoticias.com.br\/wp-content\/uploads\/2024\/09\/Legis-Juris-Consultoria_logo-768x322.jpg 768w\" sizes=\"auto, (max-width: 499px) 100vw, 499px\" \/><\/a><\/figure><\/div>\n\n\n\n<p>Na vis\u00e3o do IBDP, a PEC \u00e9 inconstitucional por violar cl\u00e1usulas p\u00e9treas como a coisa julgada, a separa\u00e7\u00e3o dos Poderes e a isonomia, al\u00e9m de reeditar mecanismos j\u00e1 rejeitados pelo Supremo Tribunal Federal (STF). Para a seccional paranaense da Ordem dos Advogados do Brasil (OAB-Paran\u00e1), a PEC 66\/23 compromete a efic\u00e1cia das decis\u00f5es judiciais e a seguran\u00e7a jur\u00eddica no pa\u00eds, al\u00e9m de criar um cen\u00e1rio de inadimpl\u00eancia estrutural.<\/p>\n\n\n\n<div class=\"wp-block-image\"><figure class=\"aligncenter size-large is-resized\"><a href=\"https:\/\/www.instagram.com\/rcradiadores\/\"><img loading=\"lazy\" decoding=\"async\" src=\"https:\/\/jornalfatosenoticias.com.br\/wp-content\/uploads\/2022\/10\/RC_800x750_page-0001.jpg\" alt=\"\" class=\"wp-image-35338\" width=\"276\" height=\"259\" srcset=\"https:\/\/jornalfatosenoticias.com.br\/wp-content\/uploads\/2022\/10\/RC_800x750_page-0001.jpg 400w, https:\/\/jornalfatosenoticias.com.br\/wp-content\/uploads\/2022\/10\/RC_800x750_page-0001-300x281.jpg 300w\" sizes=\"auto, (max-width: 276px) 100vw, 276px\" \/><\/a><\/figure><\/div>\n\n\n\n<p>De acordo com a entidade, com as novas regras da PEC 66\/23, os pagamentos anuais de precat\u00f3rios seriam insuficientes para cobrir as novas decis\u00f5es judiciais, resultando em um crescimento exponencial da d\u00edvida p\u00fablica. Antes da aprova\u00e7\u00e3o da medida, o presidente da OAB Paran\u00e1, Luiz Fernando Casagrande Pereira, afirmou que, na pr\u00e1tica, a PEC 66\/23 acaba por institucionalizar o \u201ccalote permanente\u201d de estados e munic\u00edpios em rela\u00e7\u00e3o a seus credores.<\/p>\n\n\n\n<div class=\"wp-block-image\"><figure class=\"aligncenter size-large is-resized\"><a href=\"https:\/\/hotelmarquetti.com.br\/\"><img loading=\"lazy\" decoding=\"async\" src=\"https:\/\/jornalfatosenoticias.com.br\/wp-content\/uploads\/2020\/02\/LOGO-MQ-1024x680.jpg\" alt=\"\" class=\"wp-image-58299\" width=\"301\" height=\"200\" srcset=\"https:\/\/jornalfatosenoticias.com.br\/wp-content\/uploads\/2020\/02\/LOGO-MQ-1024x680.jpg 1024w, https:\/\/jornalfatosenoticias.com.br\/wp-content\/uploads\/2020\/02\/LOGO-MQ-300x199.jpg 300w, https:\/\/jornalfatosenoticias.com.br\/wp-content\/uploads\/2020\/02\/LOGO-MQ-768x510.jpg 768w, https:\/\/jornalfatosenoticias.com.br\/wp-content\/uploads\/2020\/02\/LOGO-MQ-1536x1020.jpg 1536w, https:\/\/jornalfatosenoticias.com.br\/wp-content\/uploads\/2020\/02\/LOGO-MQ-2048x1360.jpg 2048w\" sizes=\"auto, (max-width: 301px) 100vw, 301px\" \/><\/a><\/figure><\/div>\n\n\n\n<p><strong><span class=\"has-inline-color has-black-color\">Governo ganha espa\u00e7o para gastar mais<br><\/span><\/strong>Conforme mostrado pela <strong>Gazeta do Povo<\/strong>, ao retirar o pagamento dos precat\u00f3rios do teto do arcabou\u00e7o fiscal, a PEC abre espa\u00e7o para que o governo federal amplie outros gastos sem comprometer a meta. O arcabou\u00e7o fiscal limita o aumento das despesas governamentais a 2,5% ao ano em termos reais, descontada a infla\u00e7\u00e3o. Com a aprova\u00e7\u00e3o da PEC, o pagamento dos precat\u00f3rios deixaria de ser contabilizado dentro desse teto de despesas.<\/p>\n\n\n\n<div class=\"wp-block-image\"><figure class=\"aligncenter size-large is-resized\"><a href=\"https:\/\/www.facebook.com\/profile.php?id=100069289606145\"><img loading=\"lazy\" decoding=\"async\" src=\"https:\/\/jornalfatosenoticias.com.br\/wp-content\/uploads\/2024\/11\/Guaitolini-Contabilidade-1024x714.jpeg\" alt=\"\" class=\"wp-image-55808\" width=\"312\" height=\"217\" srcset=\"https:\/\/jornalfatosenoticias.com.br\/wp-content\/uploads\/2024\/11\/Guaitolini-Contabilidade-1024x714.jpeg 1024w, https:\/\/jornalfatosenoticias.com.br\/wp-content\/uploads\/2024\/11\/Guaitolini-Contabilidade-300x209.jpeg 300w, https:\/\/jornalfatosenoticias.com.br\/wp-content\/uploads\/2024\/11\/Guaitolini-Contabilidade-768x535.jpeg 768w, https:\/\/jornalfatosenoticias.com.br\/wp-content\/uploads\/2024\/11\/Guaitolini-Contabilidade.jpeg 1280w\" sizes=\"auto, (max-width: 312px) 100vw, 312px\" \/><\/a><\/figure><\/div>\n\n\n\n<p>Al\u00e9m disso, a PEC ainda estabelece que os precat\u00f3rios sejam reinseridos de forma gradual na meta de resultado prim\u00e1rio do governo a partir de 2027. Nesse primeiro ano, s\u00f3 contar\u00e1 para a meta 10% do valor dos precat\u00f3rios pagos. No ano seguinte, 20%. E assim por diante, at\u00e9 completar 100%. Para 2025, a meta do prim\u00e1rio \u00e9 zero (nem super\u00e1vit, nem d\u00e9ficit), mas com toler\u00e2ncia de 0,25% do PIB. A de 2026 \u00e9 de super\u00e1vit de 0,25% do PIB, com a mesma toler\u00e2ncia.<\/p>\n\n\n\n<div class=\"wp-block-image\"><figure class=\"aligncenter size-large is-resized\"><a href=\"https:\/\/www.instagram.com\/serra4x4cambioautomatico\/\"><img loading=\"lazy\" decoding=\"async\" src=\"https:\/\/jornalfatosenoticias.com.br\/wp-content\/uploads\/2024\/08\/Serra-4x4-1-886x1024.jpg\" alt=\"\" class=\"wp-image-53632\" width=\"246\" height=\"284\" srcset=\"https:\/\/jornalfatosenoticias.com.br\/wp-content\/uploads\/2024\/08\/Serra-4x4-1-886x1024.jpg 886w, https:\/\/jornalfatosenoticias.com.br\/wp-content\/uploads\/2024\/08\/Serra-4x4-1-260x300.jpg 260w, https:\/\/jornalfatosenoticias.com.br\/wp-content\/uploads\/2024\/08\/Serra-4x4-1-768x888.jpg 768w, https:\/\/jornalfatosenoticias.com.br\/wp-content\/uploads\/2024\/08\/Serra-4x4-1.jpg 1181w\" sizes=\"auto, (max-width: 246px) 100vw, 246px\" \/><\/a><\/figure><\/div>\n\n\n\n<p><strong><span class=\"has-inline-color has-black-color\">PEC contraria decis\u00e3o do STF sobre retorno dos precat\u00f3rios \u00e0 contabilidade oficial<br><\/span><\/strong>A PEC coloca em xeque a regra atual, segundo a qual 100% do disp\u00eandio com precat\u00f3rios retornaria \u00e0 contabilidade oficial a partir de 2027, conforme decis\u00e3o de 2021 do Supremo Tribunal Federal (STF). Desse modo, a PEC evita que ocorra um &#8220;apag\u00e3o or\u00e7ament\u00e1rio&#8221; na Uni\u00e3o. Segundo proje\u00e7\u00f5es, somado ao crescimento dos gastos obrigat\u00f3rios e discricion\u00e1rios, o volume de precat\u00f3rios comprometeria a capacidade operacional do governo j\u00e1 em 2027, ocupando o pouco espa\u00e7o fiscal dispon\u00edvel. Faltaria margem, por exemplo, para cumprir os pisos constitucionais em \u00e1reas como educa\u00e7\u00e3o e sa\u00fade.<\/p>\n\n\n\n<div class=\"wp-block-image\"><figure class=\"aligncenter size-large\"><a href=\"http:\/\/www.ferrarimaquinas.com.br\/\"><img loading=\"lazy\" decoding=\"async\" width=\"300\" height=\"250\" src=\"https:\/\/jornalfatosenoticias.com.br\/wp-content\/uploads\/2022\/02\/FERRARI_MAQUINAS-E-FERRAMENTAS2.jpg\" alt=\"\" class=\"wp-image-27860\"\/><\/a><\/figure><\/div>\n\n\n\n<p><strong><span class=\"has-inline-color has-black-color\">Mesmo fora da meta, precat\u00f3rios ampliam a d\u00edvida p\u00fablica<br><\/span><\/strong>Com a reinser\u00e7\u00e3o a conta-gotas dos precat\u00f3rios na meta de resultado prim\u00e1rio e sua exclus\u00e3o permanente do limite de gastos do arcabou\u00e7o fiscal, o governo consegue afastar o fantasma da paralisia da m\u00e1quina. No entanto, mesmo fora das regras do arcabou\u00e7o fiscal, os gastos com precat\u00f3rios seguem afetando a d\u00edvida p\u00fablica.<\/p>\n\n\n\n<div class=\"wp-block-image\"><figure class=\"aligncenter size-large is-resized\"><a href=\"https:\/\/www.instagram.com\/gruposei\/\"><img loading=\"lazy\" decoding=\"async\" src=\"https:\/\/jornalfatosenoticias.com.br\/wp-content\/uploads\/2022\/07\/Logo-Grupo-SEI.jpg\" alt=\"\" class=\"wp-image-31973\" width=\"345\" height=\"181\" srcset=\"https:\/\/jornalfatosenoticias.com.br\/wp-content\/uploads\/2022\/07\/Logo-Grupo-SEI.jpg 713w, https:\/\/jornalfatosenoticias.com.br\/wp-content\/uploads\/2022\/07\/Logo-Grupo-SEI-300x158.jpg 300w\" sizes=\"auto, (max-width: 345px) 100vw, 345px\" \/><\/a><\/figure><\/div>\n\n\n\n<p>A d\u00edvida bruta do governo equivale a 77,6% do PIB, segundo os dados mais recentes do Banco Central, de julho. De acordo com a Institui\u00e7\u00e3o Fiscal Independente (IFI), caso siga a trajet\u00f3ria atual de crescimento, em 2035 a d\u00edvida p\u00fablica pode atingir 124,9% do PIB, ou seja, ser\u00e1 bem maior que a riqueza produzida pelo pa\u00eds em um ano.<\/p>\n\n\n\n<div class=\"wp-block-image\"><figure class=\"aligncenter size-large is-resized\"><a href=\"https:\/\/www.controlsystems.com.br\/\"><img loading=\"lazy\" decoding=\"async\" src=\"https:\/\/jornalfatosenoticias.com.br\/wp-content\/uploads\/2020\/02\/CONTROL-CS.jpg\" alt=\"\" class=\"wp-image-44991\" width=\"267\" height=\"320\" srcset=\"https:\/\/jornalfatosenoticias.com.br\/wp-content\/uploads\/2020\/02\/CONTROL-CS.jpg 834w, https:\/\/jornalfatosenoticias.com.br\/wp-content\/uploads\/2020\/02\/CONTROL-CS-250x300.jpg 250w, https:\/\/jornalfatosenoticias.com.br\/wp-content\/uploads\/2020\/02\/CONTROL-CS-768x921.jpg 768w\" sizes=\"auto, (max-width: 267px) 100vw, 267px\" \/><\/a><\/figure><\/div>\n\n\n\n<p><strong><span class=\"has-inline-color has-black-color\">Credores perdem com redu\u00e7\u00e3o no \u00edndice de corre\u00e7\u00e3o<br><\/span><\/strong>Outro ponto que ainda beneficia os governos federal, estaduais e municipais \u00e9 a redu\u00e7\u00e3o da corre\u00e7\u00e3o das d\u00edvidas com precat\u00f3rios. Atualmente, essa corre\u00e7\u00e3o \u00e9 feita pela Selic, que est\u00e1 em 15% ao ano. A PEC, no entanto, estabelece que a corre\u00e7\u00e3o seja feita pelo IPCA (\u00edndice oficial de infla\u00e7\u00e3o) mais 2% ao ano. <\/p>\n\n\n\n<div class=\"wp-block-image\"><figure class=\"aligncenter size-large is-resized\"><a href=\"https:\/\/www.facebook.com\/vetor.vix\/\"><img loading=\"lazy\" decoding=\"async\" src=\"https:\/\/jornalfatosenoticias.com.br\/wp-content\/uploads\/2023\/09\/vetorvix1024_1.jpg\" alt=\"\" class=\"wp-image-44868\" width=\"546\" height=\"145\" srcset=\"https:\/\/jornalfatosenoticias.com.br\/wp-content\/uploads\/2023\/09\/vetorvix1024_1.jpg 1024w, https:\/\/jornalfatosenoticias.com.br\/wp-content\/uploads\/2023\/09\/vetorvix1024_1-300x80.jpg 300w, https:\/\/jornalfatosenoticias.com.br\/wp-content\/uploads\/2023\/09\/vetorvix1024_1-768x205.jpg 768w\" sizes=\"auto, (max-width: 546px) 100vw, 546px\" \/><\/a><\/figure><\/div>\n\n\n\n<p>Atualmente, esse valor fica bem abaixo da Selic, o que traz mais uma perda para o credor, seja empresa ou pessoa f\u00edsica. Segundo Luiz Fernando Casagrande Pereira, da OAB Paran\u00e1, a PEC afeta diretamente pessoas f\u00edsicas e jur\u00eddicas que ganharam na Justi\u00e7a o direito de receber valores dos estados e munic\u00edpios.<\/p>\n\n\n\n<div class=\"wp-block-image\"><figure class=\"aligncenter size-large is-resized\"><a href=\"https:\/\/www.instagram.com\/esteio.churrascaria\/\"><img loading=\"lazy\" decoding=\"async\" src=\"https:\/\/jornalfatosenoticias.com.br\/wp-content\/uploads\/2022\/02\/LOGO-ESTEIO-1024x730.png\" alt=\"\" class=\"wp-image-27942\" width=\"336\" height=\"239\" srcset=\"https:\/\/jornalfatosenoticias.com.br\/wp-content\/uploads\/2022\/02\/LOGO-ESTEIO-1024x730.png 1024w, https:\/\/jornalfatosenoticias.com.br\/wp-content\/uploads\/2022\/02\/LOGO-ESTEIO-300x214.png 300w, https:\/\/jornalfatosenoticias.com.br\/wp-content\/uploads\/2022\/02\/LOGO-ESTEIO-768x548.png 768w, https:\/\/jornalfatosenoticias.com.br\/wp-content\/uploads\/2022\/02\/LOGO-ESTEIO.png 1123w\" sizes=\"auto, (max-width: 336px) 100vw, 336px\" \/><\/a><\/figure><\/div>\n\n\n\n<blockquote class=\"wp-block-quote is-layout-flow wp-block-quote-is-layout-flow\"><p><span class=\"has-inline-color has-luminous-vivid-orange-color\">Os credores v\u00e3o perder dinheiro ao esperarem nessa fila que hoje, no Paran\u00e1, por exemplo, est\u00e1 em 17 anos. Muitos morreram e muitos outros v\u00e3o morrer na fila dos precat\u00f3rios. Muitas empresas quebraram e outras v\u00e3o quebrar na fila dos precat\u00f3rios&#8221;, afirmou.<\/span><\/p><\/blockquote>\n\n\n\n<div class=\"wp-block-image\"><figure class=\"aligncenter size-large is-resized\"><a href=\"https:\/\/panper.com.br\/\"><img loading=\"lazy\" decoding=\"async\" src=\"https:\/\/jornalfatosenoticias.com.br\/wp-content\/uploads\/2023\/03\/logo-Panper_portal.jpg\" alt=\"\" class=\"wp-image-40208\" width=\"319\" height=\"221\" srcset=\"https:\/\/jornalfatosenoticias.com.br\/wp-content\/uploads\/2023\/03\/logo-Panper_portal.jpg 400w, https:\/\/jornalfatosenoticias.com.br\/wp-content\/uploads\/2023\/03\/logo-Panper_portal-300x208.jpg 300w\" sizes=\"auto, (max-width: 319px) 100vw, 319px\" \/><\/a><\/figure><\/div>\n\n\n\n<p><strong><span class=\"has-inline-color has-black-color\">Endividamento de estados e munic\u00edpios deve se agravar<br><\/span><\/strong>Outro ponto \u00e9 que, ao permitir o parcelamento e a rolagem dos precat\u00f3rios estaduais e municipais de forma praticamente indefinida, e estabelecer um limite m\u00e1ximo para o pagamento dessas d\u00edvidas, a PEC 66\/23 n\u00e3o deixa de estimular que os entes subnacionais deixem de quitar essas pend\u00eancias, direcionando recursos para outros gastos.<\/p>\n\n\n\n<div class=\"wp-block-image\"><figure class=\"aligncenter size-large is-resized\"><a href=\"https:\/\/www.instagram.com\/gruposei\/\"><img loading=\"lazy\" decoding=\"async\" src=\"https:\/\/jornalfatosenoticias.com.br\/wp-content\/uploads\/2022\/07\/Logo-Grupo-SEI.jpg\" alt=\"\" class=\"wp-image-31973\" width=\"389\" height=\"204\" srcset=\"https:\/\/jornalfatosenoticias.com.br\/wp-content\/uploads\/2022\/07\/Logo-Grupo-SEI.jpg 713w, https:\/\/jornalfatosenoticias.com.br\/wp-content\/uploads\/2022\/07\/Logo-Grupo-SEI-300x158.jpg 300w\" sizes=\"auto, (max-width: 389px) 100vw, 389px\" \/><\/a><\/figure><\/div>\n\n\n\n<p>No caso do Paran\u00e1, por exemplo, a corre\u00e7\u00e3o pelo IPCA + 2% ao ano \u2014 considerada a infla\u00e7\u00e3o de 2024 (3,8% + 2% = 5,8%) e somada ao limite anual imposto pela proposta para o pagamento de precat\u00f3rios \u2014 faria com que a d\u00edvida estadual com precat\u00f3rios saltasse, em uma d\u00e9cada, de R$ 8,1 bilh\u00f5es para R$ 19,8 bilh\u00f5es.<\/p>\n\n\n\n<div class=\"wp-block-image\"><figure class=\"aligncenter size-large is-resized\"><a href=\"https:\/\/www.instagram.com\/restaurantepegoretti\/\"><img loading=\"lazy\" decoding=\"async\" src=\"https:\/\/jornalfatosenoticias.com.br\/wp-content\/uploads\/2023\/12\/pegoretti-logo-pdf-1024x389.jpg\" alt=\"\" class=\"wp-image-47536\" width=\"498\" height=\"189\" srcset=\"https:\/\/jornalfatosenoticias.com.br\/wp-content\/uploads\/2023\/12\/pegoretti-logo-pdf-1024x389.jpg 1024w, https:\/\/jornalfatosenoticias.com.br\/wp-content\/uploads\/2023\/12\/pegoretti-logo-pdf-300x114.jpg 300w, https:\/\/jornalfatosenoticias.com.br\/wp-content\/uploads\/2023\/12\/pegoretti-logo-pdf-768x291.jpg 768w, https:\/\/jornalfatosenoticias.com.br\/wp-content\/uploads\/2023\/12\/pegoretti-logo-pdf.jpg 1120w\" sizes=\"auto, (max-width: 498px) 100vw, 498px\" \/><\/a><\/figure><\/div>\n\n\n\n<p><strong><span class=\"has-inline-color has-black-color\">PEC incentiva morosidade e judicializa\u00e7\u00e3o em massa<br><\/span><\/strong>Na avalia\u00e7\u00e3o do IBDP, a PEC incentiva a inefici\u00eancia ao estimular a manuten\u00e7\u00e3o da morosidade do INSS e a judicializa\u00e7\u00e3o em massa, permitindo que at\u00e9 decis\u00f5es judiciais transitadas em julgado sejam adiadas indefinidamente. Isso, segundo o IBDP, aumentar\u00e1 ainda mais a fila do INSS e dificultar\u00e1 o processo administrativo.<\/p>\n\n\n\n<div class=\"wp-block-image\"><figure class=\"aligncenter size-large\"><a href=\"https:\/\/www.cesconetto.com.br\/\"><img loading=\"lazy\" decoding=\"async\" width=\"300\" height=\"250\" src=\"https:\/\/jornalfatosenoticias.com.br\/wp-content\/uploads\/2022\/02\/Banner-2.png\" alt=\"\" class=\"wp-image-27877\"\/><\/a><\/figure><\/div>\n\n\n\n<blockquote class=\"wp-block-quote is-layout-flow wp-block-quote-is-layout-flow\"><p><span class=\"has-inline-color has-luminous-vivid-orange-color\">O adiamento do pagamento cria uma &#8216;bola de neve&#8217; da d\u00edvida, aumenta juros, compromete a solv\u00eancia dos regimes previdenci\u00e1rios e amea\u00e7a futuras aposentadorias&#8221;, explica Diego Cherulli, diretor do IBDP.<\/span><\/p><\/blockquote>\n\n\n\n<div class=\"wp-block-image\"><figure class=\"aligncenter size-large is-resized\"><a href=\"https:\/\/www.instagram.com\/serra4x4cambioautomatico\/\"><img loading=\"lazy\" decoding=\"async\" src=\"https:\/\/jornalfatosenoticias.com.br\/wp-content\/uploads\/2024\/08\/Serra-4x4-1-886x1024.jpg\" alt=\"\" class=\"wp-image-53632\" width=\"252\" height=\"291\" srcset=\"https:\/\/jornalfatosenoticias.com.br\/wp-content\/uploads\/2024\/08\/Serra-4x4-1-886x1024.jpg 886w, https:\/\/jornalfatosenoticias.com.br\/wp-content\/uploads\/2024\/08\/Serra-4x4-1-260x300.jpg 260w, https:\/\/jornalfatosenoticias.com.br\/wp-content\/uploads\/2024\/08\/Serra-4x4-1-768x888.jpg 768w, https:\/\/jornalfatosenoticias.com.br\/wp-content\/uploads\/2024\/08\/Serra-4x4-1.jpg 1181w\" sizes=\"auto, (max-width: 252px) 100vw, 252px\" \/><\/a><\/figure><\/div>\n\n\n\n<p><strong>Fonte: <a href=\"https:\/\/www.gazetadopovo.com.br\/economia\/senado-aprova-pec-que-legaliza-calote-de-precatorios-e-abre-espaco-para-gastos-do-governo\/\">Gazeta do Povo<\/a><\/strong><\/p>\n","protected":false},"excerpt":{"rendered":"<p>PEC 66\/23 tira precat\u00f3rios da regra fiscal e abre espa\u00e7o para gastos do governo. Na foto, o presidente do Senado Davi Alcolumbre (Uni\u00e3o-AP) e Luiz In\u00e1cio Lula da Silva (PT) Por Roberta Ribeiro O Senado Federal aprovou em definitivo, nesta ter\u00e7a-feira (2), a proposta de emenda \u00e0 Constitui\u00e7\u00e3o (PEC) 66\/23. A medida autoriza o parcelamento [&hellip;]<\/p>\n","protected":false},"author":2,"featured_media":61645,"comment_status":"open","ping_status":"open","sticky":false,"template":"","format":"standard","meta":{"footnotes":""},"categories":[10],"tags":[19531,15003,10224,19435,14448,21453,18343,286,1475,28113,486],"class_list":["post-61644","post","type-post","status-publish","format-standard","has-post-thumbnail","hentry","category-politica","tag-arcabouco-fiscal","tag-calote","tag-congresso-nacional","tag-davi-alcolumbre","tag-divida-publica","tag-gastos-do-governo","tag-governo-lula","tag-juros","tag-pec","tag-precatorios","tag-senado"],"yoast_head":"<!-- This site is optimized with the Yoast SEO plugin v26.5 - https:\/\/yoast.com\/wordpress\/plugins\/seo\/ -->\n<title>Senado aprova PEC que legaliza \u201ccalote\u201d de precat\u00f3rios e abre espa\u00e7o para gastos do governo - Jornal Fatos e Not\u00edcias<\/title>\n<meta name=\"robots\" content=\"index, follow, max-snippet:-1, max-image-preview:large, max-video-preview:-1\" \/>\n<link rel=\"canonical\" href=\"https:\/\/jornalfatosenoticias.com.br\/index.php\/2025\/09\/03\/senado-aprova-pec-que-legaliza-calote-de-precatorios-e-abre-espaco-para-gastos-do-governo\/\" \/>\n<meta property=\"og:locale\" content=\"pt_BR\" \/>\n<meta property=\"og:type\" content=\"article\" \/>\n<meta property=\"og:title\" content=\"Senado aprova PEC que legaliza \u201ccalote\u201d de precat\u00f3rios e abre espa\u00e7o para gastos do governo - Jornal Fatos e Not\u00edcias\" \/>\n<meta property=\"og:description\" content=\"PEC 66\/23 tira precat\u00f3rios da regra fiscal e abre espa\u00e7o para gastos do governo. Na foto, o presidente do Senado Davi Alcolumbre (Uni\u00e3o-AP) e Luiz In\u00e1cio Lula da Silva (PT) Por Roberta Ribeiro O Senado Federal aprovou em definitivo, nesta ter\u00e7a-feira (2), a proposta de emenda \u00e0 Constitui\u00e7\u00e3o (PEC) 66\/23. A medida autoriza o parcelamento [&hellip;]\" \/>\n<meta property=\"og:url\" content=\"https:\/\/jornalfatosenoticias.com.br\/index.php\/2025\/09\/03\/senado-aprova-pec-que-legaliza-calote-de-precatorios-e-abre-espaco-para-gastos-do-governo\/\" \/>\n<meta property=\"og:site_name\" content=\"Jornal Fatos e Not\u00edcias\" \/>\n<meta property=\"article:published_time\" content=\"2025-09-03T12:37:36+00:00\" \/>\n<meta property=\"article:modified_time\" content=\"2025-09-03T12:37:38+00:00\" \/>\n<meta property=\"og:image\" content=\"https:\/\/jornalfatosenoticias.com.br\/wp-content\/uploads\/2025\/09\/pec-precatorios_b4nd1d0s.jpg\" \/>\n\t<meta property=\"og:image:width\" content=\"1000\" \/>\n\t<meta property=\"og:image:height\" content=\"562\" \/>\n\t<meta property=\"og:image:type\" content=\"image\/jpeg\" \/>\n<meta name=\"author\" content=\"Luzimara Fernandes\" \/>\n<meta name=\"twitter:card\" content=\"summary_large_image\" \/>\n<meta name=\"twitter:label1\" content=\"Escrito por\" \/>\n\t<meta name=\"twitter:data1\" content=\"Luzimara Fernandes\" \/>\n\t<meta name=\"twitter:label2\" content=\"Est. tempo de leitura\" \/>\n\t<meta name=\"twitter:data2\" content=\"6 minutos\" \/>\n<script type=\"application\/ld+json\" class=\"yoast-schema-graph\">{\"@context\":\"https:\/\/schema.org\",\"@graph\":[{\"@type\":\"Article\",\"@id\":\"https:\/\/jornalfatosenoticias.com.br\/index.php\/2025\/09\/03\/senado-aprova-pec-que-legaliza-calote-de-precatorios-e-abre-espaco-para-gastos-do-governo\/#article\",\"isPartOf\":{\"@id\":\"https:\/\/jornalfatosenoticias.com.br\/index.php\/2025\/09\/03\/senado-aprova-pec-que-legaliza-calote-de-precatorios-e-abre-espaco-para-gastos-do-governo\/\"},\"author\":{\"name\":\"Luzimara Fernandes\",\"@id\":\"https:\/\/jornalfatosenoticias.com.br\/#\/schema\/person\/d63837fa13ac8666eb9e74e0985d6f81\"},\"headline\":\"Senado aprova PEC que legaliza \u201ccalote\u201d de precat\u00f3rios e abre espa\u00e7o para gastos do governo\",\"datePublished\":\"2025-09-03T12:37:36+00:00\",\"dateModified\":\"2025-09-03T12:37:38+00:00\",\"mainEntityOfPage\":{\"@id\":\"https:\/\/jornalfatosenoticias.com.br\/index.php\/2025\/09\/03\/senado-aprova-pec-que-legaliza-calote-de-precatorios-e-abre-espaco-para-gastos-do-governo\/\"},\"wordCount\":1269,\"commentCount\":0,\"publisher\":{\"@id\":\"https:\/\/jornalfatosenoticias.com.br\/#organization\"},\"image\":{\"@id\":\"https:\/\/jornalfatosenoticias.com.br\/index.php\/2025\/09\/03\/senado-aprova-pec-que-legaliza-calote-de-precatorios-e-abre-espaco-para-gastos-do-governo\/#primaryimage\"},\"thumbnailUrl\":\"https:\/\/jornalfatosenoticias.com.br\/wp-content\/uploads\/2025\/09\/pec-precatorios_b4nd1d0s.jpg\",\"keywords\":[\"arcabou\u00e7o fiscal\",\"calote\",\"Congresso Nacional\",\"Davi Alcolumbre\",\"d\u00edvida p\u00fablica\",\"gastos do governo\",\"governo Lula\",\"juros\",\"PEC\",\"precat\u00f3rios\",\"Senado\"],\"articleSection\":[\"Pol\u00edtica\"],\"inLanguage\":\"pt-BR\",\"potentialAction\":[{\"@type\":\"CommentAction\",\"name\":\"Comment\",\"target\":[\"https:\/\/jornalfatosenoticias.com.br\/index.php\/2025\/09\/03\/senado-aprova-pec-que-legaliza-calote-de-precatorios-e-abre-espaco-para-gastos-do-governo\/#respond\"]}]},{\"@type\":\"WebPage\",\"@id\":\"https:\/\/jornalfatosenoticias.com.br\/index.php\/2025\/09\/03\/senado-aprova-pec-que-legaliza-calote-de-precatorios-e-abre-espaco-para-gastos-do-governo\/\",\"url\":\"https:\/\/jornalfatosenoticias.com.br\/index.php\/2025\/09\/03\/senado-aprova-pec-que-legaliza-calote-de-precatorios-e-abre-espaco-para-gastos-do-governo\/\",\"name\":\"Senado aprova PEC que legaliza \u201ccalote\u201d de precat\u00f3rios e abre espa\u00e7o para gastos do governo - Jornal Fatos e Not\u00edcias\",\"isPartOf\":{\"@id\":\"https:\/\/jornalfatosenoticias.com.br\/#website\"},\"primaryImageOfPage\":{\"@id\":\"https:\/\/jornalfatosenoticias.com.br\/index.php\/2025\/09\/03\/senado-aprova-pec-que-legaliza-calote-de-precatorios-e-abre-espaco-para-gastos-do-governo\/#primaryimage\"},\"image\":{\"@id\":\"https:\/\/jornalfatosenoticias.com.br\/index.php\/2025\/09\/03\/senado-aprova-pec-que-legaliza-calote-de-precatorios-e-abre-espaco-para-gastos-do-governo\/#primaryimage\"},\"thumbnailUrl\":\"https:\/\/jornalfatosenoticias.com.br\/wp-content\/uploads\/2025\/09\/pec-precatorios_b4nd1d0s.jpg\",\"datePublished\":\"2025-09-03T12:37:36+00:00\",\"dateModified\":\"2025-09-03T12:37:38+00:00\",\"breadcrumb\":{\"@id\":\"https:\/\/jornalfatosenoticias.com.br\/index.php\/2025\/09\/03\/senado-aprova-pec-que-legaliza-calote-de-precatorios-e-abre-espaco-para-gastos-do-governo\/#breadcrumb\"},\"inLanguage\":\"pt-BR\",\"potentialAction\":[{\"@type\":\"ReadAction\",\"target\":[\"https:\/\/jornalfatosenoticias.com.br\/index.php\/2025\/09\/03\/senado-aprova-pec-que-legaliza-calote-de-precatorios-e-abre-espaco-para-gastos-do-governo\/\"]}]},{\"@type\":\"ImageObject\",\"inLanguage\":\"pt-BR\",\"@id\":\"https:\/\/jornalfatosenoticias.com.br\/index.php\/2025\/09\/03\/senado-aprova-pec-que-legaliza-calote-de-precatorios-e-abre-espaco-para-gastos-do-governo\/#primaryimage\",\"url\":\"https:\/\/jornalfatosenoticias.com.br\/wp-content\/uploads\/2025\/09\/pec-precatorios_b4nd1d0s.jpg\",\"contentUrl\":\"https:\/\/jornalfatosenoticias.com.br\/wp-content\/uploads\/2025\/09\/pec-precatorios_b4nd1d0s.jpg\",\"width\":1000,\"height\":562},{\"@type\":\"BreadcrumbList\",\"@id\":\"https:\/\/jornalfatosenoticias.com.br\/index.php\/2025\/09\/03\/senado-aprova-pec-que-legaliza-calote-de-precatorios-e-abre-espaco-para-gastos-do-governo\/#breadcrumb\",\"itemListElement\":[{\"@type\":\"ListItem\",\"position\":1,\"name\":\"In\u00edcio\",\"item\":\"https:\/\/jornalfatosenoticias.com.br\/\"},{\"@type\":\"ListItem\",\"position\":2,\"name\":\"Senado aprova PEC que legaliza \u201ccalote\u201d de precat\u00f3rios e abre espa\u00e7o para gastos do governo\"}]},{\"@type\":\"WebSite\",\"@id\":\"https:\/\/jornalfatosenoticias.com.br\/#website\",\"url\":\"https:\/\/jornalfatosenoticias.com.br\/\",\"name\":\"Jornal Fatos e Not\u00edcias\",\"description\":\"Not\u00edcias em geral\",\"publisher\":{\"@id\":\"https:\/\/jornalfatosenoticias.com.br\/#organization\"},\"potentialAction\":[{\"@type\":\"SearchAction\",\"target\":{\"@type\":\"EntryPoint\",\"urlTemplate\":\"https:\/\/jornalfatosenoticias.com.br\/?s={search_term_string}\"},\"query-input\":{\"@type\":\"PropertyValueSpecification\",\"valueRequired\":true,\"valueName\":\"search_term_string\"}}],\"inLanguage\":\"pt-BR\"},{\"@type\":\"Organization\",\"@id\":\"https:\/\/jornalfatosenoticias.com.br\/#organization\",\"name\":\"Jornal Fatos e Not\u00edcias\",\"url\":\"https:\/\/jornalfatosenoticias.com.br\/\",\"logo\":{\"@type\":\"ImageObject\",\"inLanguage\":\"pt-BR\",\"@id\":\"https:\/\/jornalfatosenoticias.com.br\/#\/schema\/logo\/image\/\",\"url\":\"https:\/\/jornalfatosenoticias.com.br\/wp-content\/uploads\/2020\/02\/logo120.png\",\"contentUrl\":\"https:\/\/jornalfatosenoticias.com.br\/wp-content\/uploads\/2020\/02\/logo120.png\",\"width\":1227,\"height\":120,\"caption\":\"Jornal Fatos e Not\u00edcias\"},\"image\":{\"@id\":\"https:\/\/jornalfatosenoticias.com.br\/#\/schema\/logo\/image\/\"}},{\"@type\":\"Person\",\"@id\":\"https:\/\/jornalfatosenoticias.com.br\/#\/schema\/person\/d63837fa13ac8666eb9e74e0985d6f81\",\"name\":\"Luzimara Fernandes\",\"image\":{\"@type\":\"ImageObject\",\"inLanguage\":\"pt-BR\",\"@id\":\"https:\/\/jornalfatosenoticias.com.br\/#\/schema\/person\/image\/\",\"url\":\"https:\/\/jornalfatosenoticias.com.br\/wp-content\/uploads\/2025\/05\/EU_portal.jpg\",\"contentUrl\":\"https:\/\/jornalfatosenoticias.com.br\/wp-content\/uploads\/2025\/05\/EU_portal.jpg\",\"caption\":\"Luzimara Fernandes\"},\"description\":\"Jornalista MTB 2358-ES\",\"sameAs\":[\"https:\/\/jornalfatosenoticias.com.br\"],\"url\":\"https:\/\/jornalfatosenoticias.com.br\/index.php\/author\/luzimara\/\"}]}<\/script>\n<!-- \/ Yoast SEO plugin. -->","yoast_head_json":{"title":"Senado aprova PEC que legaliza \u201ccalote\u201d de precat\u00f3rios e abre espa\u00e7o para gastos do governo - Jornal Fatos e Not\u00edcias","robots":{"index":"index","follow":"follow","max-snippet":"max-snippet:-1","max-image-preview":"max-image-preview:large","max-video-preview":"max-video-preview:-1"},"canonical":"https:\/\/jornalfatosenoticias.com.br\/index.php\/2025\/09\/03\/senado-aprova-pec-que-legaliza-calote-de-precatorios-e-abre-espaco-para-gastos-do-governo\/","og_locale":"pt_BR","og_type":"article","og_title":"Senado aprova PEC que legaliza \u201ccalote\u201d de precat\u00f3rios e abre espa\u00e7o para gastos do governo - Jornal Fatos e Not\u00edcias","og_description":"PEC 66\/23 tira precat\u00f3rios da regra fiscal e abre espa\u00e7o para gastos do governo. Na foto, o presidente do Senado Davi Alcolumbre (Uni\u00e3o-AP) e Luiz In\u00e1cio Lula da Silva (PT) Por Roberta Ribeiro O Senado Federal aprovou em definitivo, nesta ter\u00e7a-feira (2), a proposta de emenda \u00e0 Constitui\u00e7\u00e3o (PEC) 66\/23. A medida autoriza o parcelamento [&hellip;]","og_url":"https:\/\/jornalfatosenoticias.com.br\/index.php\/2025\/09\/03\/senado-aprova-pec-que-legaliza-calote-de-precatorios-e-abre-espaco-para-gastos-do-governo\/","og_site_name":"Jornal Fatos e Not\u00edcias","article_published_time":"2025-09-03T12:37:36+00:00","article_modified_time":"2025-09-03T12:37:38+00:00","og_image":[{"width":1000,"height":562,"url":"https:\/\/jornalfatosenoticias.com.br\/wp-content\/uploads\/2025\/09\/pec-precatorios_b4nd1d0s.jpg","type":"image\/jpeg"}],"author":"Luzimara Fernandes","twitter_card":"summary_large_image","twitter_misc":{"Escrito por":"Luzimara Fernandes","Est. tempo de leitura":"6 minutos"},"schema":{"@context":"https:\/\/schema.org","@graph":[{"@type":"Article","@id":"https:\/\/jornalfatosenoticias.com.br\/index.php\/2025\/09\/03\/senado-aprova-pec-que-legaliza-calote-de-precatorios-e-abre-espaco-para-gastos-do-governo\/#article","isPartOf":{"@id":"https:\/\/jornalfatosenoticias.com.br\/index.php\/2025\/09\/03\/senado-aprova-pec-que-legaliza-calote-de-precatorios-e-abre-espaco-para-gastos-do-governo\/"},"author":{"name":"Luzimara Fernandes","@id":"https:\/\/jornalfatosenoticias.com.br\/#\/schema\/person\/d63837fa13ac8666eb9e74e0985d6f81"},"headline":"Senado aprova PEC que legaliza \u201ccalote\u201d de precat\u00f3rios e abre espa\u00e7o para gastos do governo","datePublished":"2025-09-03T12:37:36+00:00","dateModified":"2025-09-03T12:37:38+00:00","mainEntityOfPage":{"@id":"https:\/\/jornalfatosenoticias.com.br\/index.php\/2025\/09\/03\/senado-aprova-pec-que-legaliza-calote-de-precatorios-e-abre-espaco-para-gastos-do-governo\/"},"wordCount":1269,"commentCount":0,"publisher":{"@id":"https:\/\/jornalfatosenoticias.com.br\/#organization"},"image":{"@id":"https:\/\/jornalfatosenoticias.com.br\/index.php\/2025\/09\/03\/senado-aprova-pec-que-legaliza-calote-de-precatorios-e-abre-espaco-para-gastos-do-governo\/#primaryimage"},"thumbnailUrl":"https:\/\/jornalfatosenoticias.com.br\/wp-content\/uploads\/2025\/09\/pec-precatorios_b4nd1d0s.jpg","keywords":["arcabou\u00e7o fiscal","calote","Congresso Nacional","Davi Alcolumbre","d\u00edvida p\u00fablica","gastos do governo","governo Lula","juros","PEC","precat\u00f3rios","Senado"],"articleSection":["Pol\u00edtica"],"inLanguage":"pt-BR","potentialAction":[{"@type":"CommentAction","name":"Comment","target":["https:\/\/jornalfatosenoticias.com.br\/index.php\/2025\/09\/03\/senado-aprova-pec-que-legaliza-calote-de-precatorios-e-abre-espaco-para-gastos-do-governo\/#respond"]}]},{"@type":"WebPage","@id":"https:\/\/jornalfatosenoticias.com.br\/index.php\/2025\/09\/03\/senado-aprova-pec-que-legaliza-calote-de-precatorios-e-abre-espaco-para-gastos-do-governo\/","url":"https:\/\/jornalfatosenoticias.com.br\/index.php\/2025\/09\/03\/senado-aprova-pec-que-legaliza-calote-de-precatorios-e-abre-espaco-para-gastos-do-governo\/","name":"Senado aprova PEC que legaliza \u201ccalote\u201d de precat\u00f3rios e abre espa\u00e7o para gastos do governo - Jornal Fatos e Not\u00edcias","isPartOf":{"@id":"https:\/\/jornalfatosenoticias.com.br\/#website"},"primaryImageOfPage":{"@id":"https:\/\/jornalfatosenoticias.com.br\/index.php\/2025\/09\/03\/senado-aprova-pec-que-legaliza-calote-de-precatorios-e-abre-espaco-para-gastos-do-governo\/#primaryimage"},"image":{"@id":"https:\/\/jornalfatosenoticias.com.br\/index.php\/2025\/09\/03\/senado-aprova-pec-que-legaliza-calote-de-precatorios-e-abre-espaco-para-gastos-do-governo\/#primaryimage"},"thumbnailUrl":"https:\/\/jornalfatosenoticias.com.br\/wp-content\/uploads\/2025\/09\/pec-precatorios_b4nd1d0s.jpg","datePublished":"2025-09-03T12:37:36+00:00","dateModified":"2025-09-03T12:37:38+00:00","breadcrumb":{"@id":"https:\/\/jornalfatosenoticias.com.br\/index.php\/2025\/09\/03\/senado-aprova-pec-que-legaliza-calote-de-precatorios-e-abre-espaco-para-gastos-do-governo\/#breadcrumb"},"inLanguage":"pt-BR","potentialAction":[{"@type":"ReadAction","target":["https:\/\/jornalfatosenoticias.com.br\/index.php\/2025\/09\/03\/senado-aprova-pec-que-legaliza-calote-de-precatorios-e-abre-espaco-para-gastos-do-governo\/"]}]},{"@type":"ImageObject","inLanguage":"pt-BR","@id":"https:\/\/jornalfatosenoticias.com.br\/index.php\/2025\/09\/03\/senado-aprova-pec-que-legaliza-calote-de-precatorios-e-abre-espaco-para-gastos-do-governo\/#primaryimage","url":"https:\/\/jornalfatosenoticias.com.br\/wp-content\/uploads\/2025\/09\/pec-precatorios_b4nd1d0s.jpg","contentUrl":"https:\/\/jornalfatosenoticias.com.br\/wp-content\/uploads\/2025\/09\/pec-precatorios_b4nd1d0s.jpg","width":1000,"height":562},{"@type":"BreadcrumbList","@id":"https:\/\/jornalfatosenoticias.com.br\/index.php\/2025\/09\/03\/senado-aprova-pec-que-legaliza-calote-de-precatorios-e-abre-espaco-para-gastos-do-governo\/#breadcrumb","itemListElement":[{"@type":"ListItem","position":1,"name":"In\u00edcio","item":"https:\/\/jornalfatosenoticias.com.br\/"},{"@type":"ListItem","position":2,"name":"Senado aprova PEC que legaliza \u201ccalote\u201d de precat\u00f3rios e abre espa\u00e7o para gastos do governo"}]},{"@type":"WebSite","@id":"https:\/\/jornalfatosenoticias.com.br\/#website","url":"https:\/\/jornalfatosenoticias.com.br\/","name":"Jornal Fatos e Not\u00edcias","description":"Not\u00edcias em geral","publisher":{"@id":"https:\/\/jornalfatosenoticias.com.br\/#organization"},"potentialAction":[{"@type":"SearchAction","target":{"@type":"EntryPoint","urlTemplate":"https:\/\/jornalfatosenoticias.com.br\/?s={search_term_string}"},"query-input":{"@type":"PropertyValueSpecification","valueRequired":true,"valueName":"search_term_string"}}],"inLanguage":"pt-BR"},{"@type":"Organization","@id":"https:\/\/jornalfatosenoticias.com.br\/#organization","name":"Jornal Fatos e Not\u00edcias","url":"https:\/\/jornalfatosenoticias.com.br\/","logo":{"@type":"ImageObject","inLanguage":"pt-BR","@id":"https:\/\/jornalfatosenoticias.com.br\/#\/schema\/logo\/image\/","url":"https:\/\/jornalfatosenoticias.com.br\/wp-content\/uploads\/2020\/02\/logo120.png","contentUrl":"https:\/\/jornalfatosenoticias.com.br\/wp-content\/uploads\/2020\/02\/logo120.png","width":1227,"height":120,"caption":"Jornal Fatos e Not\u00edcias"},"image":{"@id":"https:\/\/jornalfatosenoticias.com.br\/#\/schema\/logo\/image\/"}},{"@type":"Person","@id":"https:\/\/jornalfatosenoticias.com.br\/#\/schema\/person\/d63837fa13ac8666eb9e74e0985d6f81","name":"Luzimara Fernandes","image":{"@type":"ImageObject","inLanguage":"pt-BR","@id":"https:\/\/jornalfatosenoticias.com.br\/#\/schema\/person\/image\/","url":"https:\/\/jornalfatosenoticias.com.br\/wp-content\/uploads\/2025\/05\/EU_portal.jpg","contentUrl":"https:\/\/jornalfatosenoticias.com.br\/wp-content\/uploads\/2025\/05\/EU_portal.jpg","caption":"Luzimara Fernandes"},"description":"Jornalista MTB 2358-ES","sameAs":["https:\/\/jornalfatosenoticias.com.br"],"url":"https:\/\/jornalfatosenoticias.com.br\/index.php\/author\/luzimara\/"}]}},"cc_featured_image_caption":{"caption_text":"(Foto: Valter Campanato\/Ag\u00eancia Brasil)","source_text":"","source_url":""},"jetpack_featured_media_url":"https:\/\/jornalfatosenoticias.com.br\/wp-content\/uploads\/2025\/09\/pec-precatorios_b4nd1d0s.jpg","_links":{"self":[{"href":"https:\/\/jornalfatosenoticias.com.br\/index.php\/wp-json\/wp\/v2\/posts\/61644","targetHints":{"allow":["GET"]}}],"collection":[{"href":"https:\/\/jornalfatosenoticias.com.br\/index.php\/wp-json\/wp\/v2\/posts"}],"about":[{"href":"https:\/\/jornalfatosenoticias.com.br\/index.php\/wp-json\/wp\/v2\/types\/post"}],"author":[{"embeddable":true,"href":"https:\/\/jornalfatosenoticias.com.br\/index.php\/wp-json\/wp\/v2\/users\/2"}],"replies":[{"embeddable":true,"href":"https:\/\/jornalfatosenoticias.com.br\/index.php\/wp-json\/wp\/v2\/comments?post=61644"}],"version-history":[{"count":0,"href":"https:\/\/jornalfatosenoticias.com.br\/index.php\/wp-json\/wp\/v2\/posts\/61644\/revisions"}],"wp:featuredmedia":[{"embeddable":true,"href":"https:\/\/jornalfatosenoticias.com.br\/index.php\/wp-json\/wp\/v2\/media\/61645"}],"wp:attachment":[{"href":"https:\/\/jornalfatosenoticias.com.br\/index.php\/wp-json\/wp\/v2\/media?parent=61644"}],"wp:term":[{"taxonomy":"category","embeddable":true,"href":"https:\/\/jornalfatosenoticias.com.br\/index.php\/wp-json\/wp\/v2\/categories?post=61644"},{"taxonomy":"post_tag","embeddable":true,"href":"https:\/\/jornalfatosenoticias.com.br\/index.php\/wp-json\/wp\/v2\/tags?post=61644"}],"curies":[{"name":"wp","href":"https:\/\/api.w.org\/{rel}","templated":true}]}}