{"id":61679,"date":"2025-09-03T14:35:29","date_gmt":"2025-09-03T17:35:29","guid":{"rendered":"https:\/\/jornalfatosenoticias.com.br\/?p=61679"},"modified":"2025-09-03T14:36:02","modified_gmt":"2025-09-03T17:36:02","slug":"filhotes-de-leao-reaparecem-na-africa-apos-decadas","status":"publish","type":"post","link":"https:\/\/jornalfatosenoticias.com.br\/index.php\/2025\/09\/03\/filhotes-de-leao-reaparecem-na-africa-apos-decadas\/","title":{"rendered":"Filhotes de le\u00e3o reaparecem na \u00c1frica ap\u00f3s d\u00e9cadas"},"content":{"rendered":"\n<p><em><span class=\"has-inline-color has-black-color\">Registro in\u00e9dito de tr\u00eas beb\u00eas com uma leoa marca avan\u00e7o da conserva\u00e7\u00e3o de grandes felinos na Rep\u00fablica Centro-Africana<\/span><\/em><\/p>\n\n\n\n<p><span class=\"has-inline-color has-black-color\">Por <strong><a href=\"https:\/\/aventurasnahistoria.com.br\/noticias\/author\/gabriel_marin_de_oliveira\">Gabriel Marin de Oliveira<\/a><\/strong><\/span><\/p>\n\n\n\n<div class=\"wp-block-image\"><figure class=\"aligncenter size-large\"><a href=\"https:\/\/mizu.com.br\/\"><img loading=\"lazy\" decoding=\"async\" width=\"729\" height=\"90\" src=\"https:\/\/jornalfatosenoticias.com.br\/wp-content\/uploads\/2020\/02\/Logo_Mizu.png\" alt=\"\" class=\"wp-image-1441\" srcset=\"https:\/\/jornalfatosenoticias.com.br\/wp-content\/uploads\/2020\/02\/Logo_Mizu.png 729w, https:\/\/jornalfatosenoticias.com.br\/wp-content\/uploads\/2020\/02\/Logo_Mizu-300x37.png 300w\" sizes=\"auto, (max-width: 729px) 100vw, 729px\" \/><\/a><\/figure><\/div>\n\n\n\n<p>Pela primeira vez em d\u00e9cadas, pesquisadores registraram imagens de <mark>tr\u00eas filhotes de le\u00e3o no Parque Nacional Bamingui-Bangoran<\/mark>, no nordeste da\u00a0<a href=\"https:\/\/aventurasnahistoria.com.br\/noticias\/reportagem\/trono-de-bronze-e-mercedes-para-os-convidados-a-escandalosa-coroacao-de-jean-bedel-bokassa-que-quebrou-o-pais.phtml\" target=\"_blank\" rel=\"noreferrer noopener\">Rep\u00fablica Centro-Africana (RCA)<\/a>. Os v\u00eddeos, captados por c\u00e2meras de monitoramento, mostram os pequenos ao lado de uma leoa, evidenciando que a popula\u00e7\u00e3o de\u00a0<a href=\"https:\/\/aventurasnahistoria.com.br\/noticias\/historia-hoje\/grupo-de-cacadores-mata-ilegalmente-leao-que-fazia-parte-de-estudo.phtml\" target=\"_blank\" rel=\"noreferrer noopener\">le\u00f5es<\/a> da regi\u00e3o est\u00e1 se recuperando.<br>Segundo a Wildlife Conservation Society (WCS), a presen\u00e7a dos filhotes \u00e9 resultado direto de <mark>anos de esfor\u00e7os de prote\u00e7\u00e3o.<\/mark>\u00a0<em>\u201cEste \u00e9 o resultado de anos de prote\u00e7\u00e3o e paci\u00eancia incans\u00e1veis\u201d, <\/em>afirmou\u00a0<strong>Armand Luh Mfone<\/strong>, diretor de Programas da WCS, ao site IFLScience. Ele destacou ainda que o governo da RCA e seus parceiros enfrentaram ca\u00e7a ilegal e conflitos humanos para preservar o ecossistema.<\/p>\n\n\n\n<div class=\"wp-block-image\"><figure class=\"aligncenter size-large is-resized\"><a href=\"https:\/\/www.facebook.com\/postobkr\/?locale=pt_BR\"><img loading=\"lazy\" decoding=\"async\" src=\"https:\/\/jornalfatosenoticias.com.br\/wp-content\/uploads\/2023\/08\/BKR-1024x1021.jpg\" alt=\"\" class=\"wp-image-44494\" width=\"347\" height=\"346\" srcset=\"https:\/\/jornalfatosenoticias.com.br\/wp-content\/uploads\/2023\/08\/BKR-1024x1021.jpg 1024w, https:\/\/jornalfatosenoticias.com.br\/wp-content\/uploads\/2023\/08\/BKR-300x300.jpg 300w, https:\/\/jornalfatosenoticias.com.br\/wp-content\/uploads\/2023\/08\/BKR-150x150.jpg 150w, https:\/\/jornalfatosenoticias.com.br\/wp-content\/uploads\/2023\/08\/BKR-768x766.jpg 768w, https:\/\/jornalfatosenoticias.com.br\/wp-content\/uploads\/2023\/08\/BKR.jpg 1080w\" sizes=\"auto, (max-width: 347px) 100vw, 347px\" \/><\/a><\/figure><\/div>\n\n\n\n<p>Durante muito tempo, apenas machos foram avistados na \u00e1rea, o que levantou s\u00e9rias preocupa\u00e7\u00f5es sobre o futuro da esp\u00e9cie no pa\u00eds. Em 2019, uma f\u00eamea chegou a ser observada, mas\u00a0<mark>s\u00f3 em agosto deste ano os especialistas confirmaram novamente a presen\u00e7a de uma leoa<\/mark>. O detalhe que chamou aten\u00e7\u00e3o foi o fato de ela estar amamentando, sinal claro de reprodu\u00e7\u00e3o ativa.<\/p>\n\n\n\n<div class=\"wp-block-image\"><figure class=\"aligncenter size-large is-resized\"><a href=\"https:\/\/www.facebook.com\/vetor.vix\/\"><img loading=\"lazy\" decoding=\"async\" src=\"https:\/\/jornalfatosenoticias.com.br\/wp-content\/uploads\/2023\/09\/vetorvix1024_1.jpg\" alt=\"\" class=\"wp-image-44868\" width=\"543\" height=\"144\" srcset=\"https:\/\/jornalfatosenoticias.com.br\/wp-content\/uploads\/2023\/09\/vetorvix1024_1.jpg 1024w, https:\/\/jornalfatosenoticias.com.br\/wp-content\/uploads\/2023\/09\/vetorvix1024_1-300x80.jpg 300w, https:\/\/jornalfatosenoticias.com.br\/wp-content\/uploads\/2023\/09\/vetorvix1024_1-768x205.jpg 768w\" sizes=\"auto, (max-width: 543px) 100vw, 543px\" \/><\/a><\/figure><\/div>\n\n\n\n<p><strong><span class=\"has-inline-color has-vivid-green-cyan-color\">Monitoramento<br><\/span><\/strong>Para monitorar a leoa sem causar impacto no ambiente, os pesquisadores combinaram\u00a0<mark>imagens de sat\u00e9lite, conhecimento de campo e estudos de comportamento dos felinos<\/mark>. \u201cInstalamos c\u00e2meras em estradas e trilhas que levavam a locais estrat\u00e9gicos, mas evitamos poss\u00edveis tocas para n\u00e3o perturbar os filhotes. Depois de semanas de espera, nosso plano finalmente deu certo\u201d, explicou John Guernier, diretor do Parque Nacional Bamingui-Bangoran.<br>Os registros confirmaram a exist\u00eancia de\u00a0<mark>tr\u00eas filhotes com cerca de quatro meses de idade<\/mark>, considerados um marco para a conserva\u00e7\u00e3o. <\/p>\n\n\n\n<div class=\"wp-block-image\"><figure class=\"aligncenter size-large is-resized\"><a href=\"https:\/\/www.controlsystems.com.br\/\"><img loading=\"lazy\" decoding=\"async\" src=\"https:\/\/jornalfatosenoticias.com.br\/wp-content\/uploads\/2020\/02\/CONTROL-CS.jpg\" alt=\"\" class=\"wp-image-44991\" width=\"280\" height=\"336\" srcset=\"https:\/\/jornalfatosenoticias.com.br\/wp-content\/uploads\/2020\/02\/CONTROL-CS.jpg 834w, https:\/\/jornalfatosenoticias.com.br\/wp-content\/uploads\/2020\/02\/CONTROL-CS-250x300.jpg 250w, https:\/\/jornalfatosenoticias.com.br\/wp-content\/uploads\/2020\/02\/CONTROL-CS-768x921.jpg 768w\" sizes=\"auto, (max-width: 280px) 100vw, 280px\" \/><\/a><\/figure><\/div>\n\n\n\n<blockquote class=\"wp-block-quote is-layout-flow wp-block-quote-is-layout-flow\"><p><span class=\"has-inline-color has-luminous-vivid-orange-color\">Os tr\u00eas filhotes mostram o que \u00e9 poss\u00edvel quando os habitats permanecem intactos e a conserva\u00e7\u00e3o \u00e9 persistente\u201d, destacou Luke Hunter, diretor-executivo do Programa de Grandes Felinos da WCS.<\/span><\/p><\/blockquote>\n\n\n\n<div class=\"wp-block-image\"><figure class=\"aligncenter size-large is-resized\"><a href=\"https:\/\/legisjuris.com.br\/\"><img loading=\"lazy\" decoding=\"async\" src=\"https:\/\/jornalfatosenoticias.com.br\/wp-content\/uploads\/2024\/09\/Legis-Juris-Consultoria_logo.jpg\" alt=\"\" class=\"wp-image-53915\" width=\"506\" height=\"212\" srcset=\"https:\/\/jornalfatosenoticias.com.br\/wp-content\/uploads\/2024\/09\/Legis-Juris-Consultoria_logo.jpg 969w, https:\/\/jornalfatosenoticias.com.br\/wp-content\/uploads\/2024\/09\/Legis-Juris-Consultoria_logo-300x126.jpg 300w, https:\/\/jornalfatosenoticias.com.br\/wp-content\/uploads\/2024\/09\/Legis-Juris-Consultoria_logo-768x322.jpg 768w\" sizes=\"auto, (max-width: 506px) 100vw, 506px\" \/><\/a><\/figure><\/div>\n\n\n\n<p><strong>Hunter<\/strong>\u00a0acrescentou que a\u00a0<mark>presen\u00e7a da ninhada \u00e9 um sinal promissor<\/mark>: \u201conde h\u00e1 uma leoa, \u00e9 quase certo que haver\u00e1 mais. Se tivermos sucesso, daqui a muitos anos os descendentes desses filhotes far\u00e3o parte de uma popula\u00e7\u00e3o pr\u00f3spera e protegida, com centenas de indiv\u00edduos\u201d.<\/p>\n\n\n\n<div class=\"wp-block-image\"><figure class=\"aligncenter size-large is-resized\"><a href=\"https:\/\/www.instagram.com\/serra4x4cambioautomatico\/\"><img loading=\"lazy\" decoding=\"async\" src=\"https:\/\/jornalfatosenoticias.com.br\/wp-content\/uploads\/2024\/08\/Serra-4x4-1-886x1024.jpg\" alt=\"\" class=\"wp-image-53632\" width=\"263\" height=\"304\" srcset=\"https:\/\/jornalfatosenoticias.com.br\/wp-content\/uploads\/2024\/08\/Serra-4x4-1-886x1024.jpg 886w, https:\/\/jornalfatosenoticias.com.br\/wp-content\/uploads\/2024\/08\/Serra-4x4-1-260x300.jpg 260w, https:\/\/jornalfatosenoticias.com.br\/wp-content\/uploads\/2024\/08\/Serra-4x4-1-768x888.jpg 768w, https:\/\/jornalfatosenoticias.com.br\/wp-content\/uploads\/2024\/08\/Serra-4x4-1.jpg 1181w\" sizes=\"auto, (max-width: 263px) 100vw, 263px\" \/><\/a><\/figure><\/div>\n\n\n\n<p><strong>Fonte: <a href=\"https:\/\/aventurasnahistoria.com.br\/noticias\/historia-hoje\/filhotes-de-leao-reaparecem-na-africa-apos-decadas.phtml\">Aventuras na Hist\u00f3ria<\/a><\/strong><\/p>\n","protected":false},"excerpt":{"rendered":"<p>Registro in\u00e9dito de tr\u00eas beb\u00eas com uma leoa marca avan\u00e7o da conserva\u00e7\u00e3o de grandes felinos na Rep\u00fablica Centro-Africana Por Gabriel Marin de Oliveira Pela primeira vez em d\u00e9cadas, pesquisadores registraram imagens de tr\u00eas filhotes de le\u00e3o no Parque Nacional Bamingui-Bangoran, no nordeste da\u00a0Rep\u00fablica Centro-Africana (RCA). Os v\u00eddeos, captados por c\u00e2meras de monitoramento, mostram os pequenos [&hellip;]<\/p>\n","protected":false},"author":2,"featured_media":61681,"comment_status":"open","ping_status":"open","sticky":false,"template":"","format":"standard","meta":{"footnotes":""},"categories":[8],"tags":[182,1264,6694,1261,10538,28135,1637],"class_list":["post-61679","post","type-post","status-publish","format-standard","has-post-thumbnail","hentry","category-meio-ambiente","tag-africa","tag-animais","tag-aparicao","tag-filhotes","tag-leao","tag-surpresa","tag-video-2"],"yoast_head":"<!-- This site is optimized with the Yoast SEO plugin v26.5 - https:\/\/yoast.com\/wordpress\/plugins\/seo\/ -->\n<title>Filhotes de le\u00e3o reaparecem na \u00c1frica ap\u00f3s d\u00e9cadas - Jornal Fatos e Not\u00edcias<\/title>\n<meta name=\"robots\" content=\"index, follow, max-snippet:-1, max-image-preview:large, max-video-preview:-1\" \/>\n<link rel=\"canonical\" href=\"https:\/\/jornalfatosenoticias.com.br\/index.php\/2025\/09\/03\/filhotes-de-leao-reaparecem-na-africa-apos-decadas\/\" \/>\n<meta property=\"og:locale\" content=\"pt_BR\" \/>\n<meta property=\"og:type\" content=\"article\" \/>\n<meta property=\"og:title\" content=\"Filhotes de le\u00e3o reaparecem na \u00c1frica ap\u00f3s d\u00e9cadas - Jornal Fatos e Not\u00edcias\" \/>\n<meta property=\"og:description\" content=\"Registro in\u00e9dito de tr\u00eas beb\u00eas com uma leoa marca avan\u00e7o da conserva\u00e7\u00e3o de grandes felinos na Rep\u00fablica Centro-Africana Por Gabriel Marin de Oliveira Pela primeira vez em d\u00e9cadas, pesquisadores registraram imagens de tr\u00eas filhotes de le\u00e3o no Parque Nacional Bamingui-Bangoran, no nordeste da\u00a0Rep\u00fablica Centro-Africana (RCA). Os v\u00eddeos, captados por c\u00e2meras de monitoramento, mostram os pequenos [&hellip;]\" \/>\n<meta property=\"og:url\" content=\"https:\/\/jornalfatosenoticias.com.br\/index.php\/2025\/09\/03\/filhotes-de-leao-reaparecem-na-africa-apos-decadas\/\" \/>\n<meta property=\"og:site_name\" content=\"Jornal Fatos e Not\u00edcias\" \/>\n<meta property=\"article:published_time\" content=\"2025-09-03T17:35:29+00:00\" \/>\n<meta property=\"article:modified_time\" content=\"2025-09-03T17:36:02+00:00\" \/>\n<meta property=\"og:image\" content=\"https:\/\/jornalfatosenoticias.com.br\/wp-content\/uploads\/2025\/09\/leoa-com-tres-filhotes_pexels.jpeg\" \/>\n\t<meta property=\"og:image:width\" content=\"1000\" \/>\n\t<meta property=\"og:image:height\" content=\"662\" \/>\n\t<meta property=\"og:image:type\" content=\"image\/jpeg\" \/>\n<meta name=\"author\" content=\"Luzimara Fernandes\" \/>\n<meta name=\"twitter:card\" content=\"summary_large_image\" \/>\n<meta name=\"twitter:label1\" content=\"Escrito por\" \/>\n\t<meta name=\"twitter:data1\" content=\"Luzimara Fernandes\" \/>\n\t<meta name=\"twitter:label2\" content=\"Est. tempo de leitura\" \/>\n\t<meta name=\"twitter:data2\" content=\"2 minutos\" \/>\n<script type=\"application\/ld+json\" class=\"yoast-schema-graph\">{\"@context\":\"https:\/\/schema.org\",\"@graph\":[{\"@type\":\"Article\",\"@id\":\"https:\/\/jornalfatosenoticias.com.br\/index.php\/2025\/09\/03\/filhotes-de-leao-reaparecem-na-africa-apos-decadas\/#article\",\"isPartOf\":{\"@id\":\"https:\/\/jornalfatosenoticias.com.br\/index.php\/2025\/09\/03\/filhotes-de-leao-reaparecem-na-africa-apos-decadas\/\"},\"author\":{\"name\":\"Luzimara Fernandes\",\"@id\":\"https:\/\/jornalfatosenoticias.com.br\/#\/schema\/person\/d63837fa13ac8666eb9e74e0985d6f81\"},\"headline\":\"Filhotes de le\u00e3o reaparecem na \u00c1frica ap\u00f3s d\u00e9cadas\",\"datePublished\":\"2025-09-03T17:35:29+00:00\",\"dateModified\":\"2025-09-03T17:36:02+00:00\",\"mainEntityOfPage\":{\"@id\":\"https:\/\/jornalfatosenoticias.com.br\/index.php\/2025\/09\/03\/filhotes-de-leao-reaparecem-na-africa-apos-decadas\/\"},\"wordCount\":408,\"commentCount\":0,\"publisher\":{\"@id\":\"https:\/\/jornalfatosenoticias.com.br\/#organization\"},\"image\":{\"@id\":\"https:\/\/jornalfatosenoticias.com.br\/index.php\/2025\/09\/03\/filhotes-de-leao-reaparecem-na-africa-apos-decadas\/#primaryimage\"},\"thumbnailUrl\":\"https:\/\/jornalfatosenoticias.com.br\/wp-content\/uploads\/2025\/09\/leoa-com-tres-filhotes_pexels.jpeg\",\"keywords\":[\"\u00e1frica\",\"animais\",\"apari\u00e7\u00e3o\",\"filhotes\",\"le\u00e3o\",\"surpresa\",\"v\u00eddeo\"],\"articleSection\":[\"Meio ambiente\"],\"inLanguage\":\"pt-BR\",\"potentialAction\":[{\"@type\":\"CommentAction\",\"name\":\"Comment\",\"target\":[\"https:\/\/jornalfatosenoticias.com.br\/index.php\/2025\/09\/03\/filhotes-de-leao-reaparecem-na-africa-apos-decadas\/#respond\"]}]},{\"@type\":\"WebPage\",\"@id\":\"https:\/\/jornalfatosenoticias.com.br\/index.php\/2025\/09\/03\/filhotes-de-leao-reaparecem-na-africa-apos-decadas\/\",\"url\":\"https:\/\/jornalfatosenoticias.com.br\/index.php\/2025\/09\/03\/filhotes-de-leao-reaparecem-na-africa-apos-decadas\/\",\"name\":\"Filhotes de le\u00e3o reaparecem na \u00c1frica ap\u00f3s d\u00e9cadas - Jornal Fatos e Not\u00edcias\",\"isPartOf\":{\"@id\":\"https:\/\/jornalfatosenoticias.com.br\/#website\"},\"primaryImageOfPage\":{\"@id\":\"https:\/\/jornalfatosenoticias.com.br\/index.php\/2025\/09\/03\/filhotes-de-leao-reaparecem-na-africa-apos-decadas\/#primaryimage\"},\"image\":{\"@id\":\"https:\/\/jornalfatosenoticias.com.br\/index.php\/2025\/09\/03\/filhotes-de-leao-reaparecem-na-africa-apos-decadas\/#primaryimage\"},\"thumbnailUrl\":\"https:\/\/jornalfatosenoticias.com.br\/wp-content\/uploads\/2025\/09\/leoa-com-tres-filhotes_pexels.jpeg\",\"datePublished\":\"2025-09-03T17:35:29+00:00\",\"dateModified\":\"2025-09-03T17:36:02+00:00\",\"breadcrumb\":{\"@id\":\"https:\/\/jornalfatosenoticias.com.br\/index.php\/2025\/09\/03\/filhotes-de-leao-reaparecem-na-africa-apos-decadas\/#breadcrumb\"},\"inLanguage\":\"pt-BR\",\"potentialAction\":[{\"@type\":\"ReadAction\",\"target\":[\"https:\/\/jornalfatosenoticias.com.br\/index.php\/2025\/09\/03\/filhotes-de-leao-reaparecem-na-africa-apos-decadas\/\"]}]},{\"@type\":\"ImageObject\",\"inLanguage\":\"pt-BR\",\"@id\":\"https:\/\/jornalfatosenoticias.com.br\/index.php\/2025\/09\/03\/filhotes-de-leao-reaparecem-na-africa-apos-decadas\/#primaryimage\",\"url\":\"https:\/\/jornalfatosenoticias.com.br\/wp-content\/uploads\/2025\/09\/leoa-com-tres-filhotes_pexels.jpeg\",\"contentUrl\":\"https:\/\/jornalfatosenoticias.com.br\/wp-content\/uploads\/2025\/09\/leoa-com-tres-filhotes_pexels.jpeg\",\"width\":1000,\"height\":662},{\"@type\":\"BreadcrumbList\",\"@id\":\"https:\/\/jornalfatosenoticias.com.br\/index.php\/2025\/09\/03\/filhotes-de-leao-reaparecem-na-africa-apos-decadas\/#breadcrumb\",\"itemListElement\":[{\"@type\":\"ListItem\",\"position\":1,\"name\":\"In\u00edcio\",\"item\":\"https:\/\/jornalfatosenoticias.com.br\/\"},{\"@type\":\"ListItem\",\"position\":2,\"name\":\"Filhotes de le\u00e3o reaparecem na \u00c1frica ap\u00f3s d\u00e9cadas\"}]},{\"@type\":\"WebSite\",\"@id\":\"https:\/\/jornalfatosenoticias.com.br\/#website\",\"url\":\"https:\/\/jornalfatosenoticias.com.br\/\",\"name\":\"Jornal Fatos e Not\u00edcias\",\"description\":\"Not\u00edcias em geral\",\"publisher\":{\"@id\":\"https:\/\/jornalfatosenoticias.com.br\/#organization\"},\"potentialAction\":[{\"@type\":\"SearchAction\",\"target\":{\"@type\":\"EntryPoint\",\"urlTemplate\":\"https:\/\/jornalfatosenoticias.com.br\/?s={search_term_string}\"},\"query-input\":{\"@type\":\"PropertyValueSpecification\",\"valueRequired\":true,\"valueName\":\"search_term_string\"}}],\"inLanguage\":\"pt-BR\"},{\"@type\":\"Organization\",\"@id\":\"https:\/\/jornalfatosenoticias.com.br\/#organization\",\"name\":\"Jornal Fatos e Not\u00edcias\",\"url\":\"https:\/\/jornalfatosenoticias.com.br\/\",\"logo\":{\"@type\":\"ImageObject\",\"inLanguage\":\"pt-BR\",\"@id\":\"https:\/\/jornalfatosenoticias.com.br\/#\/schema\/logo\/image\/\",\"url\":\"https:\/\/jornalfatosenoticias.com.br\/wp-content\/uploads\/2020\/02\/logo120.png\",\"contentUrl\":\"https:\/\/jornalfatosenoticias.com.br\/wp-content\/uploads\/2020\/02\/logo120.png\",\"width\":1227,\"height\":120,\"caption\":\"Jornal Fatos e Not\u00edcias\"},\"image\":{\"@id\":\"https:\/\/jornalfatosenoticias.com.br\/#\/schema\/logo\/image\/\"}},{\"@type\":\"Person\",\"@id\":\"https:\/\/jornalfatosenoticias.com.br\/#\/schema\/person\/d63837fa13ac8666eb9e74e0985d6f81\",\"name\":\"Luzimara Fernandes\",\"image\":{\"@type\":\"ImageObject\",\"inLanguage\":\"pt-BR\",\"@id\":\"https:\/\/jornalfatosenoticias.com.br\/#\/schema\/person\/image\/\",\"url\":\"https:\/\/jornalfatosenoticias.com.br\/wp-content\/uploads\/2025\/05\/EU_portal.jpg\",\"contentUrl\":\"https:\/\/jornalfatosenoticias.com.br\/wp-content\/uploads\/2025\/05\/EU_portal.jpg\",\"caption\":\"Luzimara Fernandes\"},\"description\":\"Jornalista MTB 2358-ES\",\"sameAs\":[\"https:\/\/jornalfatosenoticias.com.br\"],\"url\":\"https:\/\/jornalfatosenoticias.com.br\/index.php\/author\/luzimara\/\"}]}<\/script>\n<!-- \/ Yoast SEO plugin. -->","yoast_head_json":{"title":"Filhotes de le\u00e3o reaparecem na \u00c1frica ap\u00f3s d\u00e9cadas - Jornal Fatos e Not\u00edcias","robots":{"index":"index","follow":"follow","max-snippet":"max-snippet:-1","max-image-preview":"max-image-preview:large","max-video-preview":"max-video-preview:-1"},"canonical":"https:\/\/jornalfatosenoticias.com.br\/index.php\/2025\/09\/03\/filhotes-de-leao-reaparecem-na-africa-apos-decadas\/","og_locale":"pt_BR","og_type":"article","og_title":"Filhotes de le\u00e3o reaparecem na \u00c1frica ap\u00f3s d\u00e9cadas - Jornal Fatos e Not\u00edcias","og_description":"Registro in\u00e9dito de tr\u00eas beb\u00eas com uma leoa marca avan\u00e7o da conserva\u00e7\u00e3o de grandes felinos na Rep\u00fablica Centro-Africana Por Gabriel Marin de Oliveira Pela primeira vez em d\u00e9cadas, pesquisadores registraram imagens de tr\u00eas filhotes de le\u00e3o no Parque Nacional Bamingui-Bangoran, no nordeste da\u00a0Rep\u00fablica Centro-Africana (RCA). Os v\u00eddeos, captados por c\u00e2meras de monitoramento, mostram os pequenos [&hellip;]","og_url":"https:\/\/jornalfatosenoticias.com.br\/index.php\/2025\/09\/03\/filhotes-de-leao-reaparecem-na-africa-apos-decadas\/","og_site_name":"Jornal Fatos e Not\u00edcias","article_published_time":"2025-09-03T17:35:29+00:00","article_modified_time":"2025-09-03T17:36:02+00:00","og_image":[{"width":1000,"height":662,"url":"https:\/\/jornalfatosenoticias.com.br\/wp-content\/uploads\/2025\/09\/leoa-com-tres-filhotes_pexels.jpeg","type":"image\/jpeg"}],"author":"Luzimara Fernandes","twitter_card":"summary_large_image","twitter_misc":{"Escrito por":"Luzimara Fernandes","Est. tempo de leitura":"2 minutos"},"schema":{"@context":"https:\/\/schema.org","@graph":[{"@type":"Article","@id":"https:\/\/jornalfatosenoticias.com.br\/index.php\/2025\/09\/03\/filhotes-de-leao-reaparecem-na-africa-apos-decadas\/#article","isPartOf":{"@id":"https:\/\/jornalfatosenoticias.com.br\/index.php\/2025\/09\/03\/filhotes-de-leao-reaparecem-na-africa-apos-decadas\/"},"author":{"name":"Luzimara Fernandes","@id":"https:\/\/jornalfatosenoticias.com.br\/#\/schema\/person\/d63837fa13ac8666eb9e74e0985d6f81"},"headline":"Filhotes de le\u00e3o reaparecem na \u00c1frica ap\u00f3s d\u00e9cadas","datePublished":"2025-09-03T17:35:29+00:00","dateModified":"2025-09-03T17:36:02+00:00","mainEntityOfPage":{"@id":"https:\/\/jornalfatosenoticias.com.br\/index.php\/2025\/09\/03\/filhotes-de-leao-reaparecem-na-africa-apos-decadas\/"},"wordCount":408,"commentCount":0,"publisher":{"@id":"https:\/\/jornalfatosenoticias.com.br\/#organization"},"image":{"@id":"https:\/\/jornalfatosenoticias.com.br\/index.php\/2025\/09\/03\/filhotes-de-leao-reaparecem-na-africa-apos-decadas\/#primaryimage"},"thumbnailUrl":"https:\/\/jornalfatosenoticias.com.br\/wp-content\/uploads\/2025\/09\/leoa-com-tres-filhotes_pexels.jpeg","keywords":["\u00e1frica","animais","apari\u00e7\u00e3o","filhotes","le\u00e3o","surpresa","v\u00eddeo"],"articleSection":["Meio ambiente"],"inLanguage":"pt-BR","potentialAction":[{"@type":"CommentAction","name":"Comment","target":["https:\/\/jornalfatosenoticias.com.br\/index.php\/2025\/09\/03\/filhotes-de-leao-reaparecem-na-africa-apos-decadas\/#respond"]}]},{"@type":"WebPage","@id":"https:\/\/jornalfatosenoticias.com.br\/index.php\/2025\/09\/03\/filhotes-de-leao-reaparecem-na-africa-apos-decadas\/","url":"https:\/\/jornalfatosenoticias.com.br\/index.php\/2025\/09\/03\/filhotes-de-leao-reaparecem-na-africa-apos-decadas\/","name":"Filhotes de le\u00e3o reaparecem na \u00c1frica ap\u00f3s d\u00e9cadas - Jornal Fatos e Not\u00edcias","isPartOf":{"@id":"https:\/\/jornalfatosenoticias.com.br\/#website"},"primaryImageOfPage":{"@id":"https:\/\/jornalfatosenoticias.com.br\/index.php\/2025\/09\/03\/filhotes-de-leao-reaparecem-na-africa-apos-decadas\/#primaryimage"},"image":{"@id":"https:\/\/jornalfatosenoticias.com.br\/index.php\/2025\/09\/03\/filhotes-de-leao-reaparecem-na-africa-apos-decadas\/#primaryimage"},"thumbnailUrl":"https:\/\/jornalfatosenoticias.com.br\/wp-content\/uploads\/2025\/09\/leoa-com-tres-filhotes_pexels.jpeg","datePublished":"2025-09-03T17:35:29+00:00","dateModified":"2025-09-03T17:36:02+00:00","breadcrumb":{"@id":"https:\/\/jornalfatosenoticias.com.br\/index.php\/2025\/09\/03\/filhotes-de-leao-reaparecem-na-africa-apos-decadas\/#breadcrumb"},"inLanguage":"pt-BR","potentialAction":[{"@type":"ReadAction","target":["https:\/\/jornalfatosenoticias.com.br\/index.php\/2025\/09\/03\/filhotes-de-leao-reaparecem-na-africa-apos-decadas\/"]}]},{"@type":"ImageObject","inLanguage":"pt-BR","@id":"https:\/\/jornalfatosenoticias.com.br\/index.php\/2025\/09\/03\/filhotes-de-leao-reaparecem-na-africa-apos-decadas\/#primaryimage","url":"https:\/\/jornalfatosenoticias.com.br\/wp-content\/uploads\/2025\/09\/leoa-com-tres-filhotes_pexels.jpeg","contentUrl":"https:\/\/jornalfatosenoticias.com.br\/wp-content\/uploads\/2025\/09\/leoa-com-tres-filhotes_pexels.jpeg","width":1000,"height":662},{"@type":"BreadcrumbList","@id":"https:\/\/jornalfatosenoticias.com.br\/index.php\/2025\/09\/03\/filhotes-de-leao-reaparecem-na-africa-apos-decadas\/#breadcrumb","itemListElement":[{"@type":"ListItem","position":1,"name":"In\u00edcio","item":"https:\/\/jornalfatosenoticias.com.br\/"},{"@type":"ListItem","position":2,"name":"Filhotes de le\u00e3o reaparecem na \u00c1frica ap\u00f3s d\u00e9cadas"}]},{"@type":"WebSite","@id":"https:\/\/jornalfatosenoticias.com.br\/#website","url":"https:\/\/jornalfatosenoticias.com.br\/","name":"Jornal Fatos e Not\u00edcias","description":"Not\u00edcias em geral","publisher":{"@id":"https:\/\/jornalfatosenoticias.com.br\/#organization"},"potentialAction":[{"@type":"SearchAction","target":{"@type":"EntryPoint","urlTemplate":"https:\/\/jornalfatosenoticias.com.br\/?s={search_term_string}"},"query-input":{"@type":"PropertyValueSpecification","valueRequired":true,"valueName":"search_term_string"}}],"inLanguage":"pt-BR"},{"@type":"Organization","@id":"https:\/\/jornalfatosenoticias.com.br\/#organization","name":"Jornal Fatos e Not\u00edcias","url":"https:\/\/jornalfatosenoticias.com.br\/","logo":{"@type":"ImageObject","inLanguage":"pt-BR","@id":"https:\/\/jornalfatosenoticias.com.br\/#\/schema\/logo\/image\/","url":"https:\/\/jornalfatosenoticias.com.br\/wp-content\/uploads\/2020\/02\/logo120.png","contentUrl":"https:\/\/jornalfatosenoticias.com.br\/wp-content\/uploads\/2020\/02\/logo120.png","width":1227,"height":120,"caption":"Jornal Fatos e Not\u00edcias"},"image":{"@id":"https:\/\/jornalfatosenoticias.com.br\/#\/schema\/logo\/image\/"}},{"@type":"Person","@id":"https:\/\/jornalfatosenoticias.com.br\/#\/schema\/person\/d63837fa13ac8666eb9e74e0985d6f81","name":"Luzimara Fernandes","image":{"@type":"ImageObject","inLanguage":"pt-BR","@id":"https:\/\/jornalfatosenoticias.com.br\/#\/schema\/person\/image\/","url":"https:\/\/jornalfatosenoticias.com.br\/wp-content\/uploads\/2025\/05\/EU_portal.jpg","contentUrl":"https:\/\/jornalfatosenoticias.com.br\/wp-content\/uploads\/2025\/05\/EU_portal.jpg","caption":"Luzimara Fernandes"},"description":"Jornalista MTB 2358-ES","sameAs":["https:\/\/jornalfatosenoticias.com.br"],"url":"https:\/\/jornalfatosenoticias.com.br\/index.php\/author\/luzimara\/"}]}},"cc_featured_image_caption":{"caption_text":"(Foto: Pexels) ","source_text":"","source_url":""},"jetpack_featured_media_url":"https:\/\/jornalfatosenoticias.com.br\/wp-content\/uploads\/2025\/09\/leoa-com-tres-filhotes_pexels.jpeg","_links":{"self":[{"href":"https:\/\/jornalfatosenoticias.com.br\/index.php\/wp-json\/wp\/v2\/posts\/61679","targetHints":{"allow":["GET"]}}],"collection":[{"href":"https:\/\/jornalfatosenoticias.com.br\/index.php\/wp-json\/wp\/v2\/posts"}],"about":[{"href":"https:\/\/jornalfatosenoticias.com.br\/index.php\/wp-json\/wp\/v2\/types\/post"}],"author":[{"embeddable":true,"href":"https:\/\/jornalfatosenoticias.com.br\/index.php\/wp-json\/wp\/v2\/users\/2"}],"replies":[{"embeddable":true,"href":"https:\/\/jornalfatosenoticias.com.br\/index.php\/wp-json\/wp\/v2\/comments?post=61679"}],"version-history":[{"count":0,"href":"https:\/\/jornalfatosenoticias.com.br\/index.php\/wp-json\/wp\/v2\/posts\/61679\/revisions"}],"wp:featuredmedia":[{"embeddable":true,"href":"https:\/\/jornalfatosenoticias.com.br\/index.php\/wp-json\/wp\/v2\/media\/61681"}],"wp:attachment":[{"href":"https:\/\/jornalfatosenoticias.com.br\/index.php\/wp-json\/wp\/v2\/media?parent=61679"}],"wp:term":[{"taxonomy":"category","embeddable":true,"href":"https:\/\/jornalfatosenoticias.com.br\/index.php\/wp-json\/wp\/v2\/categories?post=61679"},{"taxonomy":"post_tag","embeddable":true,"href":"https:\/\/jornalfatosenoticias.com.br\/index.php\/wp-json\/wp\/v2\/tags?post=61679"}],"curies":[{"name":"wp","href":"https:\/\/api.w.org\/{rel}","templated":true}]}}