{"id":61682,"date":"2025-09-03T14:48:17","date_gmt":"2025-09-03T17:48:17","guid":{"rendered":"https:\/\/jornalfatosenoticias.com.br\/?p=61682"},"modified":"2025-09-03T14:48:19","modified_gmt":"2025-09-03T17:48:19","slug":"setembro-amarelo-a-importancia-da-data-para-a-prevencao-do-suicidio","status":"publish","type":"post","link":"https:\/\/jornalfatosenoticias.com.br\/index.php\/2025\/09\/03\/setembro-amarelo-a-importancia-da-data-para-a-prevencao-do-suicidio\/","title":{"rendered":"Setembro Amarelo: a import\u00e2ncia da data para a preven\u00e7\u00e3o do suic\u00eddio"},"content":{"rendered":"\n<p><em><span class=\"has-inline-color has-black-color\">Campanha Setembro Amarelo 2025 refor\u00e7a a import\u00e2ncia de falar sobre sa\u00fade mental e convida a sociedade a pedir e oferecer ajuda<\/span><\/em><\/p>\n\n\n\n<p><span class=\"has-inline-color has-black-color\">Por <strong><a href=\"https:\/\/www.bonsfluidos.com.br\/author\/isabella-bisordi\">Isabella Bisordi<\/a><\/strong><\/span><\/p>\n\n\n\n<div class=\"wp-block-image\"><figure class=\"aligncenter size-large\"><a href=\"https:\/\/mizu.com.br\/\"><img loading=\"lazy\" decoding=\"async\" width=\"729\" height=\"90\" src=\"https:\/\/jornalfatosenoticias.com.br\/wp-content\/uploads\/2020\/02\/Logo_Mizu.png\" alt=\"\" class=\"wp-image-1441\" srcset=\"https:\/\/jornalfatosenoticias.com.br\/wp-content\/uploads\/2020\/02\/Logo_Mizu.png 729w, https:\/\/jornalfatosenoticias.com.br\/wp-content\/uploads\/2020\/02\/Logo_Mizu-300x37.png 300w\" sizes=\"auto, (max-width: 729px) 100vw, 729px\" \/><\/a><\/figure><\/div>\n\n\n\n<p>Em 2013, a Associa\u00e7\u00e3o Brasileira de Psiquiatria (ABP), em parceria com o Conselho Federal de Medicina (CFM), deu notoriedade e colocou no calend\u00e1rio nacional a <a href=\"https:\/\/www.bonsfluidos.com.br\/coluna-jessica-martani\/setembro-amarelo-atencao-aos-sinais-de-quem-pode-estar-passando-por-processo-depressivo.phtml\">campanha<\/a>\u00a0<em>Setembro Amarelo<\/em>. Atualmente, a iniciativa tornou-se um marco em todo o\u00a0<strong>Brasil<\/strong>. O dia 10 de setembro \u00e9 oficialmente reconhecido como o Dia Mundial de Preven\u00e7\u00e3o ao <a href=\"https:\/\/www.bonsfluidos.com.br\/bem-estar\/aumento-de-suicidios-entre-adolescentes-chance-de-jovens-de-10-a-19-anos-foi-21-maior.phtml\">Suic\u00eddio<\/a>, mas a campanha acontece durante todo o ano. Atualmente, o Setembro Amarelo \u00e9 a maior mobiliza\u00e7\u00e3o antiestigma do mundo. Em 2025, o lema escolhido \u00e9: <em>\u201cSe precisar, pe\u00e7a ajuda!\u201d.<\/em><br>O suic\u00eddio \u00e9 uma triste <a href=\"https:\/\/www.bonsfluidos.com.br\/comportamento\/dia-mundial-da-prevencao-do-suicidio-cinco-dicas-para-abordar-o-tema-de-forma-empatica.phtml\">realidade global<\/a>. De acordo com a Organiza\u00e7\u00e3o Mundial da Sa\u00fade (OMS), mais de 700 mil pessoas morrem dessa forma todos os anos, sem contar os casos subnotificados \u2014 estima-se que esse n\u00famero ultrapasse um milh\u00e3o. <\/p>\n\n\n\n<div class=\"wp-block-image\"><figure class=\"aligncenter size-large is-resized\"><a href=\"https:\/\/www.instagram.com\/esteio.churrascaria\/\"><img loading=\"lazy\" decoding=\"async\" src=\"https:\/\/jornalfatosenoticias.com.br\/wp-content\/uploads\/2022\/02\/LOGO-ESTEIO-1024x730.png\" alt=\"\" class=\"wp-image-27942\" width=\"311\" height=\"221\" srcset=\"https:\/\/jornalfatosenoticias.com.br\/wp-content\/uploads\/2022\/02\/LOGO-ESTEIO-1024x730.png 1024w, https:\/\/jornalfatosenoticias.com.br\/wp-content\/uploads\/2022\/02\/LOGO-ESTEIO-300x214.png 300w, https:\/\/jornalfatosenoticias.com.br\/wp-content\/uploads\/2022\/02\/LOGO-ESTEIO-768x548.png 768w, https:\/\/jornalfatosenoticias.com.br\/wp-content\/uploads\/2022\/02\/LOGO-ESTEIO.png 1123w\" sizes=\"auto, (max-width: 311px) 100vw, 311px\" \/><\/a><\/figure><\/div>\n\n\n\n<p>No Brasil, s\u00e3o quase 14 mil registros por ano, ou seja, em m\u00e9dia 38 pessoas tiram a pr\u00f3pria vida diariamente. Apesar de os n\u00fameros globais mostrarem leve queda, os pa\u00edses das Am\u00e9ricas seguem na contram\u00e3o, com \u00edndices em crescimento. Segundo a OMS, quase todos os casos est\u00e3o relacionados a <a href=\"https:\/\/www.bonsfluidos.com.br\/bem-estar\/uma-hora-na-natureza-e-suficiente-para-controlar-transtornos-mentais.phtml\">transtornos mentais<\/a>, muitas vezes n\u00e3o diagnosticados ou tratados de forma inadequada. Isso mostra que a maioria das mortes poderia ser evitada com acompanhamento psiqui\u00e1trico e informa\u00e7\u00e3o de qualidade.<\/p>\n\n\n\n<div class=\"wp-block-image\"><figure class=\"aligncenter size-large is-resized\"><a href=\"https:\/\/hotelmarquetti.com.br\/\"><img loading=\"lazy\" decoding=\"async\" src=\"https:\/\/jornalfatosenoticias.com.br\/wp-content\/uploads\/2020\/02\/LOGO-MQ-1024x680.jpg\" alt=\"\" class=\"wp-image-58299\" width=\"342\" height=\"227\" srcset=\"https:\/\/jornalfatosenoticias.com.br\/wp-content\/uploads\/2020\/02\/LOGO-MQ-1024x680.jpg 1024w, https:\/\/jornalfatosenoticias.com.br\/wp-content\/uploads\/2020\/02\/LOGO-MQ-300x199.jpg 300w, https:\/\/jornalfatosenoticias.com.br\/wp-content\/uploads\/2020\/02\/LOGO-MQ-768x510.jpg 768w, https:\/\/jornalfatosenoticias.com.br\/wp-content\/uploads\/2020\/02\/LOGO-MQ-1536x1020.jpg 1536w, https:\/\/jornalfatosenoticias.com.br\/wp-content\/uploads\/2020\/02\/LOGO-MQ-2048x1360.jpg 2048w\" sizes=\"auto, (max-width: 342px) 100vw, 342px\" \/><\/a><\/figure><\/div>\n\n\n\n<p><strong><span class=\"has-inline-color has-luminous-vivid-amber-color\">Jovens em risco<br><\/span><\/strong>Entre os jovens de 15 a 29 anos, o suic\u00eddio aparece como a quarta principal causa de morte, atr\u00e1s apenas de acidentes de tr\u00e2nsito, tuberculose e viol\u00eancia interpessoal. No Brasil, dados da Secretaria de Vigil\u00e2ncia em Sa\u00fade apontam que, entre 2016 e 2021, houve um aumento de 49,3% nas taxas de mortalidade de <a href=\"https:\/\/www.bonsfluidos.com.br\/comportamento\/adolescentes-sedentarios-tem-mais-chances-de-apresentar-sofrimento-psicologico-no-futuro-diz-pesquisa.phtml\">adolescentes<\/a> de 15 a 19 anos e de 45% entre 10 a 14 anos. As estat\u00edsticas tamb\u00e9m revelam diferen\u00e7as entre g\u00eaneros: no pa\u00eds, a taxa \u00e9 de 12,6 mortes por 100 mil homens contra 5,4 por 100 mil mulheres.<\/p>\n\n\n\n<div class=\"wp-block-image\"><figure class=\"aligncenter size-large is-resized\"><a href=\"https:\/\/www.facebook.com\/profile.php?id=100069289606145\"><img loading=\"lazy\" decoding=\"async\" src=\"https:\/\/jornalfatosenoticias.com.br\/wp-content\/uploads\/2024\/11\/Guaitolini-Contabilidade-1024x714.jpeg\" alt=\"\" class=\"wp-image-55808\" width=\"326\" height=\"227\" srcset=\"https:\/\/jornalfatosenoticias.com.br\/wp-content\/uploads\/2024\/11\/Guaitolini-Contabilidade-1024x714.jpeg 1024w, https:\/\/jornalfatosenoticias.com.br\/wp-content\/uploads\/2024\/11\/Guaitolini-Contabilidade-300x209.jpeg 300w, https:\/\/jornalfatosenoticias.com.br\/wp-content\/uploads\/2024\/11\/Guaitolini-Contabilidade-768x535.jpeg 768w, https:\/\/jornalfatosenoticias.com.br\/wp-content\/uploads\/2024\/11\/Guaitolini-Contabilidade.jpeg 1280w\" sizes=\"auto, (max-width: 326px) 100vw, 326px\" \/><\/a><\/figure><\/div>\n\n\n\n<p>A campanha refor\u00e7a que falar sobre suic\u00eddio \u00e9 fundamental para quebrar o <a href=\"https:\/\/www.bonsfluidos.com.br\/comportamento\/prevencao-ao-suicidio-famosos-vazam-conteudo-sensivel-no-instagram-em-prol-da-saude-mental.phtml\">estigma<\/a>. Reconhecer sinais de risco \u00e9 um passo essencial. Frases como <em>\u201cn\u00e3o aguento mais viver\u201d<\/em> ou mudan\u00e7as bruscas de comportamento devem ser encaradas com seriedade.<\/p>\n\n\n\n<div class=\"wp-block-image\"><figure class=\"aligncenter size-large is-resized\"><a href=\"https:\/\/panper.com.br\/\"><img loading=\"lazy\" decoding=\"async\" src=\"https:\/\/jornalfatosenoticias.com.br\/wp-content\/uploads\/2023\/03\/logo-Panper_portal.jpg\" alt=\"\" class=\"wp-image-40208\" width=\"331\" height=\"229\" srcset=\"https:\/\/jornalfatosenoticias.com.br\/wp-content\/uploads\/2023\/03\/logo-Panper_portal.jpg 400w, https:\/\/jornalfatosenoticias.com.br\/wp-content\/uploads\/2023\/03\/logo-Panper_portal-300x208.jpg 300w\" sizes=\"auto, (max-width: 331px) 100vw, 331px\" \/><\/a><\/figure><\/div>\n\n\n\n<p>Transtornos como <a href=\"https:\/\/www.bonsfluidos.com.br\/mundo-animal\/animais-terapeutas-auxiliam-na-reducao-da-ansiedade-e-depressao-entenda.phtml\">depress\u00e3o<\/a>, bipolaridade, esquizofrenia e depend\u00eancia qu\u00edmica est\u00e3o fortemente associados, mas fatores externos, como viol\u00eancia, perdas afetivas, crises financeiras ou discrimina\u00e7\u00e3o tamb\u00e9m aumentam a vulnerabilidade. O suic\u00eddio, portanto, n\u00e3o deve ser visto isoladamente. Mas como parte de um conjunto de fatores sociais, gen\u00e9ticos e culturais.<\/p>\n\n\n\n<div class=\"wp-block-image\"><figure class=\"aligncenter size-large is-resized\"><a href=\"https:\/\/www.instagram.com\/restaurantepegoretti\/\"><img loading=\"lazy\" decoding=\"async\" src=\"https:\/\/jornalfatosenoticias.com.br\/wp-content\/uploads\/2023\/12\/pegoretti-logo-pdf-1024x389.jpg\" alt=\"\" class=\"wp-image-47536\" width=\"506\" height=\"192\" srcset=\"https:\/\/jornalfatosenoticias.com.br\/wp-content\/uploads\/2023\/12\/pegoretti-logo-pdf-1024x389.jpg 1024w, https:\/\/jornalfatosenoticias.com.br\/wp-content\/uploads\/2023\/12\/pegoretti-logo-pdf-300x114.jpg 300w, https:\/\/jornalfatosenoticias.com.br\/wp-content\/uploads\/2023\/12\/pegoretti-logo-pdf-768x291.jpg 768w, https:\/\/jornalfatosenoticias.com.br\/wp-content\/uploads\/2023\/12\/pegoretti-logo-pdf.jpg 1120w\" sizes=\"auto, (max-width: 506px) 100vw, 506px\" \/><\/a><\/figure><\/div>\n\n\n\n<p>Familiares e amigos t\u00eam papel crucial na <a href=\"https:\/\/www.bonsfluidos.com.br\/coluna-carolina-pimentel\/controle-do-estresse-suporte-espiritual-rede-de-apoio-atividade-fisica-e-meditacao-ajudam-na-proposta.phtml\">preven\u00e7\u00e3o<\/a>. Escutar sem julgamentos, mostrar disponibilidade e encaminhar a pessoa a um psiquiatra ou outro profissional de sa\u00fade s\u00e3o atitudes que salvam vidas. Tamb\u00e9m \u00e9 importante reduzir o acesso a meios letais, j\u00e1 que o impulso suicida costuma ser transit\u00f3rio.<\/p>\n\n\n\n<div class=\"wp-block-image\"><figure class=\"aligncenter size-large\"><a href=\"https:\/\/www.cesconetto.com.br\/\"><img loading=\"lazy\" decoding=\"async\" width=\"300\" height=\"250\" src=\"https:\/\/jornalfatosenoticias.com.br\/wp-content\/uploads\/2022\/02\/Banner-2.png\" alt=\"\" class=\"wp-image-27877\"\/><\/a><\/figure><\/div>\n\n\n\n<p>No Brasil, o Sistema \u00danico de Sa\u00fade (<a href=\"https:\/\/www.bonsfluidos.com.br\/saude\/saiba-mais-sobre-os-dois-tratamentos-para-endometriose-do-sus.phtml\">SUS<\/a>) disponibiliza atendimento gratuito pela Rede de Aten\u00e7\u00e3o Psicossocial, que inclui Unidades B\u00e1sicas de Sa\u00fade, Centros de Aten\u00e7\u00e3o Psicossocial (CAPs) e o SAMU (192) em emerg\u00eancias. Outra refer\u00eancia essencial \u00e9 o Centro de Valoriza\u00e7\u00e3o da Vida (CVV), que oferece apoio <a href=\"https:\/\/www.bonsfluidos.com.br\/comportamento\/como-a-vergonha-e-o-medo-de-julgamento-levam-os-adolescentes-a-um-dialogo-emocional-com-a-ia.phtml\">emocional<\/a>\u00a0volunt\u00e1rio, gratuito e sigiloso 24 horas por dia, pelo telefone 188 ou pelo chat em<a href=\"https:\/\/www.cvv.org.br\/chat?utm_source=chatgpt.com\">\u00a0cvv.org.br\/chat<\/a>.<\/p>\n\n\n\n<div class=\"wp-block-image\"><figure class=\"aligncenter size-large is-resized\"><a href=\"https:\/\/www.instagram.com\/rcradiadores\/\"><img loading=\"lazy\" decoding=\"async\" src=\"https:\/\/jornalfatosenoticias.com.br\/wp-content\/uploads\/2022\/10\/RC_800x750_page-0001.jpg\" alt=\"\" class=\"wp-image-35338\" width=\"313\" height=\"293\" srcset=\"https:\/\/jornalfatosenoticias.com.br\/wp-content\/uploads\/2022\/10\/RC_800x750_page-0001.jpg 400w, https:\/\/jornalfatosenoticias.com.br\/wp-content\/uploads\/2022\/10\/RC_800x750_page-0001-300x281.jpg 300w\" sizes=\"auto, (max-width: 313px) 100vw, 313px\" \/><\/a><\/figure><\/div>\n\n\n\n<p><strong>Fonte: <a href=\"https:\/\/www.bonsfluidos.com.br\/saude\/setembro-amarelo-a-importancia-da-data-para-a-prevencao-do-suicidio.phtml\">Bons Fluidos<\/a><\/strong><\/p>\n","protected":false},"excerpt":{"rendered":"<p>Campanha Setembro Amarelo 2025 refor\u00e7a a import\u00e2ncia de falar sobre sa\u00fade mental e convida a sociedade a pedir e oferecer ajuda Por Isabella Bisordi Em 2013, a Associa\u00e7\u00e3o Brasileira de Psiquiatria (ABP), em parceria com o Conselho Federal de Medicina (CFM), deu notoriedade e colocou no calend\u00e1rio nacional a campanha\u00a0Setembro Amarelo. Atualmente, a iniciativa tornou-se [&hellip;]<\/p>\n","protected":false},"author":2,"featured_media":61683,"comment_status":"open","ping_status":"open","sticky":false,"template":"","format":"standard","meta":{"footnotes":""},"categories":[11],"tags":[597,25300,2375,2148,28136,1986,4726,688,4651,355],"class_list":["post-61682","post","type-post","status-publish","format-standard","has-post-thumbnail","hentry","category-saude","tag-brasil","tag-cuidados-com-a-saude","tag-depressao","tag-medicina","tag-prevencao-do-suicidio","tag-psicologia","tag-psiquiatria","tag-saude-mental","tag-setembro-amarelo","tag-suicidio"],"yoast_head":"<!-- This site is optimized with the Yoast SEO plugin v26.5 - https:\/\/yoast.com\/wordpress\/plugins\/seo\/ -->\n<title>Setembro Amarelo: a import\u00e2ncia da data para a preven\u00e7\u00e3o do suic\u00eddio - Jornal Fatos e Not\u00edcias<\/title>\n<meta name=\"robots\" content=\"index, follow, max-snippet:-1, max-image-preview:large, max-video-preview:-1\" \/>\n<link rel=\"canonical\" href=\"https:\/\/jornalfatosenoticias.com.br\/index.php\/2025\/09\/03\/setembro-amarelo-a-importancia-da-data-para-a-prevencao-do-suicidio\/\" \/>\n<meta property=\"og:locale\" content=\"pt_BR\" \/>\n<meta property=\"og:type\" content=\"article\" \/>\n<meta property=\"og:title\" content=\"Setembro Amarelo: a import\u00e2ncia da data para a preven\u00e7\u00e3o do suic\u00eddio - Jornal Fatos e Not\u00edcias\" \/>\n<meta property=\"og:description\" content=\"Campanha Setembro Amarelo 2025 refor\u00e7a a import\u00e2ncia de falar sobre sa\u00fade mental e convida a sociedade a pedir e oferecer ajuda Por Isabella Bisordi Em 2013, a Associa\u00e7\u00e3o Brasileira de Psiquiatria (ABP), em parceria com o Conselho Federal de Medicina (CFM), deu notoriedade e colocou no calend\u00e1rio nacional a campanha\u00a0Setembro Amarelo. Atualmente, a iniciativa tornou-se [&hellip;]\" \/>\n<meta property=\"og:url\" content=\"https:\/\/jornalfatosenoticias.com.br\/index.php\/2025\/09\/03\/setembro-amarelo-a-importancia-da-data-para-a-prevencao-do-suicidio\/\" \/>\n<meta property=\"og:site_name\" content=\"Jornal Fatos e Not\u00edcias\" \/>\n<meta property=\"article:published_time\" content=\"2025-09-03T17:48:17+00:00\" \/>\n<meta property=\"article:modified_time\" content=\"2025-09-03T17:48:19+00:00\" \/>\n<meta property=\"og:image\" content=\"https:\/\/jornalfatosenoticias.com.br\/wp-content\/uploads\/2025\/09\/setembro-amarelo_freepik.jpg\" \/>\n\t<meta property=\"og:image:width\" content=\"1000\" \/>\n\t<meta property=\"og:image:height\" content=\"666\" \/>\n\t<meta property=\"og:image:type\" content=\"image\/jpeg\" \/>\n<meta name=\"author\" content=\"Luzimara Fernandes\" \/>\n<meta name=\"twitter:card\" content=\"summary_large_image\" \/>\n<meta name=\"twitter:label1\" content=\"Escrito por\" \/>\n\t<meta name=\"twitter:data1\" content=\"Luzimara Fernandes\" \/>\n\t<meta name=\"twitter:label2\" content=\"Est. tempo de leitura\" \/>\n\t<meta name=\"twitter:data2\" content=\"3 minutos\" \/>\n<script type=\"application\/ld+json\" class=\"yoast-schema-graph\">{\"@context\":\"https:\/\/schema.org\",\"@graph\":[{\"@type\":\"Article\",\"@id\":\"https:\/\/jornalfatosenoticias.com.br\/index.php\/2025\/09\/03\/setembro-amarelo-a-importancia-da-data-para-a-prevencao-do-suicidio\/#article\",\"isPartOf\":{\"@id\":\"https:\/\/jornalfatosenoticias.com.br\/index.php\/2025\/09\/03\/setembro-amarelo-a-importancia-da-data-para-a-prevencao-do-suicidio\/\"},\"author\":{\"name\":\"Luzimara Fernandes\",\"@id\":\"https:\/\/jornalfatosenoticias.com.br\/#\/schema\/person\/d63837fa13ac8666eb9e74e0985d6f81\"},\"headline\":\"Setembro Amarelo: a import\u00e2ncia da data para a preven\u00e7\u00e3o do suic\u00eddio\",\"datePublished\":\"2025-09-03T17:48:17+00:00\",\"dateModified\":\"2025-09-03T17:48:19+00:00\",\"mainEntityOfPage\":{\"@id\":\"https:\/\/jornalfatosenoticias.com.br\/index.php\/2025\/09\/03\/setembro-amarelo-a-importancia-da-data-para-a-prevencao-do-suicidio\/\"},\"wordCount\":564,\"commentCount\":0,\"publisher\":{\"@id\":\"https:\/\/jornalfatosenoticias.com.br\/#organization\"},\"image\":{\"@id\":\"https:\/\/jornalfatosenoticias.com.br\/index.php\/2025\/09\/03\/setembro-amarelo-a-importancia-da-data-para-a-prevencao-do-suicidio\/#primaryimage\"},\"thumbnailUrl\":\"https:\/\/jornalfatosenoticias.com.br\/wp-content\/uploads\/2025\/09\/setembro-amarelo_freepik.jpg\",\"keywords\":[\"Brasil\",\"cuidados com a sa\u00fade\",\"depress\u00e3o\",\"medicina\",\"preven\u00e7\u00e3o do suic\u00eddio\",\"psicologia\",\"psiquiatria\",\"sa\u00fade mental\",\"Setembro Amarelo\",\"suic\u00eddio\"],\"articleSection\":[\"Sa\u00fade\"],\"inLanguage\":\"pt-BR\",\"potentialAction\":[{\"@type\":\"CommentAction\",\"name\":\"Comment\",\"target\":[\"https:\/\/jornalfatosenoticias.com.br\/index.php\/2025\/09\/03\/setembro-amarelo-a-importancia-da-data-para-a-prevencao-do-suicidio\/#respond\"]}]},{\"@type\":\"WebPage\",\"@id\":\"https:\/\/jornalfatosenoticias.com.br\/index.php\/2025\/09\/03\/setembro-amarelo-a-importancia-da-data-para-a-prevencao-do-suicidio\/\",\"url\":\"https:\/\/jornalfatosenoticias.com.br\/index.php\/2025\/09\/03\/setembro-amarelo-a-importancia-da-data-para-a-prevencao-do-suicidio\/\",\"name\":\"Setembro Amarelo: a import\u00e2ncia da data para a preven\u00e7\u00e3o do suic\u00eddio - Jornal Fatos e Not\u00edcias\",\"isPartOf\":{\"@id\":\"https:\/\/jornalfatosenoticias.com.br\/#website\"},\"primaryImageOfPage\":{\"@id\":\"https:\/\/jornalfatosenoticias.com.br\/index.php\/2025\/09\/03\/setembro-amarelo-a-importancia-da-data-para-a-prevencao-do-suicidio\/#primaryimage\"},\"image\":{\"@id\":\"https:\/\/jornalfatosenoticias.com.br\/index.php\/2025\/09\/03\/setembro-amarelo-a-importancia-da-data-para-a-prevencao-do-suicidio\/#primaryimage\"},\"thumbnailUrl\":\"https:\/\/jornalfatosenoticias.com.br\/wp-content\/uploads\/2025\/09\/setembro-amarelo_freepik.jpg\",\"datePublished\":\"2025-09-03T17:48:17+00:00\",\"dateModified\":\"2025-09-03T17:48:19+00:00\",\"breadcrumb\":{\"@id\":\"https:\/\/jornalfatosenoticias.com.br\/index.php\/2025\/09\/03\/setembro-amarelo-a-importancia-da-data-para-a-prevencao-do-suicidio\/#breadcrumb\"},\"inLanguage\":\"pt-BR\",\"potentialAction\":[{\"@type\":\"ReadAction\",\"target\":[\"https:\/\/jornalfatosenoticias.com.br\/index.php\/2025\/09\/03\/setembro-amarelo-a-importancia-da-data-para-a-prevencao-do-suicidio\/\"]}]},{\"@type\":\"ImageObject\",\"inLanguage\":\"pt-BR\",\"@id\":\"https:\/\/jornalfatosenoticias.com.br\/index.php\/2025\/09\/03\/setembro-amarelo-a-importancia-da-data-para-a-prevencao-do-suicidio\/#primaryimage\",\"url\":\"https:\/\/jornalfatosenoticias.com.br\/wp-content\/uploads\/2025\/09\/setembro-amarelo_freepik.jpg\",\"contentUrl\":\"https:\/\/jornalfatosenoticias.com.br\/wp-content\/uploads\/2025\/09\/setembro-amarelo_freepik.jpg\",\"width\":1000,\"height\":666},{\"@type\":\"BreadcrumbList\",\"@id\":\"https:\/\/jornalfatosenoticias.com.br\/index.php\/2025\/09\/03\/setembro-amarelo-a-importancia-da-data-para-a-prevencao-do-suicidio\/#breadcrumb\",\"itemListElement\":[{\"@type\":\"ListItem\",\"position\":1,\"name\":\"In\u00edcio\",\"item\":\"https:\/\/jornalfatosenoticias.com.br\/\"},{\"@type\":\"ListItem\",\"position\":2,\"name\":\"Setembro Amarelo: a import\u00e2ncia da data para a preven\u00e7\u00e3o do suic\u00eddio\"}]},{\"@type\":\"WebSite\",\"@id\":\"https:\/\/jornalfatosenoticias.com.br\/#website\",\"url\":\"https:\/\/jornalfatosenoticias.com.br\/\",\"name\":\"Jornal Fatos e Not\u00edcias\",\"description\":\"Not\u00edcias em geral\",\"publisher\":{\"@id\":\"https:\/\/jornalfatosenoticias.com.br\/#organization\"},\"potentialAction\":[{\"@type\":\"SearchAction\",\"target\":{\"@type\":\"EntryPoint\",\"urlTemplate\":\"https:\/\/jornalfatosenoticias.com.br\/?s={search_term_string}\"},\"query-input\":{\"@type\":\"PropertyValueSpecification\",\"valueRequired\":true,\"valueName\":\"search_term_string\"}}],\"inLanguage\":\"pt-BR\"},{\"@type\":\"Organization\",\"@id\":\"https:\/\/jornalfatosenoticias.com.br\/#organization\",\"name\":\"Jornal Fatos e Not\u00edcias\",\"url\":\"https:\/\/jornalfatosenoticias.com.br\/\",\"logo\":{\"@type\":\"ImageObject\",\"inLanguage\":\"pt-BR\",\"@id\":\"https:\/\/jornalfatosenoticias.com.br\/#\/schema\/logo\/image\/\",\"url\":\"https:\/\/jornalfatosenoticias.com.br\/wp-content\/uploads\/2020\/02\/logo120.png\",\"contentUrl\":\"https:\/\/jornalfatosenoticias.com.br\/wp-content\/uploads\/2020\/02\/logo120.png\",\"width\":1227,\"height\":120,\"caption\":\"Jornal Fatos e Not\u00edcias\"},\"image\":{\"@id\":\"https:\/\/jornalfatosenoticias.com.br\/#\/schema\/logo\/image\/\"}},{\"@type\":\"Person\",\"@id\":\"https:\/\/jornalfatosenoticias.com.br\/#\/schema\/person\/d63837fa13ac8666eb9e74e0985d6f81\",\"name\":\"Luzimara Fernandes\",\"image\":{\"@type\":\"ImageObject\",\"inLanguage\":\"pt-BR\",\"@id\":\"https:\/\/jornalfatosenoticias.com.br\/#\/schema\/person\/image\/\",\"url\":\"https:\/\/jornalfatosenoticias.com.br\/wp-content\/uploads\/2025\/05\/EU_portal.jpg\",\"contentUrl\":\"https:\/\/jornalfatosenoticias.com.br\/wp-content\/uploads\/2025\/05\/EU_portal.jpg\",\"caption\":\"Luzimara Fernandes\"},\"description\":\"Jornalista MTB 2358-ES\",\"sameAs\":[\"https:\/\/jornalfatosenoticias.com.br\"],\"url\":\"https:\/\/jornalfatosenoticias.com.br\/index.php\/author\/luzimara\/\"}]}<\/script>\n<!-- \/ Yoast SEO plugin. -->","yoast_head_json":{"title":"Setembro Amarelo: a import\u00e2ncia da data para a preven\u00e7\u00e3o do suic\u00eddio - Jornal Fatos e Not\u00edcias","robots":{"index":"index","follow":"follow","max-snippet":"max-snippet:-1","max-image-preview":"max-image-preview:large","max-video-preview":"max-video-preview:-1"},"canonical":"https:\/\/jornalfatosenoticias.com.br\/index.php\/2025\/09\/03\/setembro-amarelo-a-importancia-da-data-para-a-prevencao-do-suicidio\/","og_locale":"pt_BR","og_type":"article","og_title":"Setembro Amarelo: a import\u00e2ncia da data para a preven\u00e7\u00e3o do suic\u00eddio - Jornal Fatos e Not\u00edcias","og_description":"Campanha Setembro Amarelo 2025 refor\u00e7a a import\u00e2ncia de falar sobre sa\u00fade mental e convida a sociedade a pedir e oferecer ajuda Por Isabella Bisordi Em 2013, a Associa\u00e7\u00e3o Brasileira de Psiquiatria (ABP), em parceria com o Conselho Federal de Medicina (CFM), deu notoriedade e colocou no calend\u00e1rio nacional a campanha\u00a0Setembro Amarelo. Atualmente, a iniciativa tornou-se [&hellip;]","og_url":"https:\/\/jornalfatosenoticias.com.br\/index.php\/2025\/09\/03\/setembro-amarelo-a-importancia-da-data-para-a-prevencao-do-suicidio\/","og_site_name":"Jornal Fatos e Not\u00edcias","article_published_time":"2025-09-03T17:48:17+00:00","article_modified_time":"2025-09-03T17:48:19+00:00","og_image":[{"width":1000,"height":666,"url":"https:\/\/jornalfatosenoticias.com.br\/wp-content\/uploads\/2025\/09\/setembro-amarelo_freepik.jpg","type":"image\/jpeg"}],"author":"Luzimara Fernandes","twitter_card":"summary_large_image","twitter_misc":{"Escrito por":"Luzimara Fernandes","Est. tempo de leitura":"3 minutos"},"schema":{"@context":"https:\/\/schema.org","@graph":[{"@type":"Article","@id":"https:\/\/jornalfatosenoticias.com.br\/index.php\/2025\/09\/03\/setembro-amarelo-a-importancia-da-data-para-a-prevencao-do-suicidio\/#article","isPartOf":{"@id":"https:\/\/jornalfatosenoticias.com.br\/index.php\/2025\/09\/03\/setembro-amarelo-a-importancia-da-data-para-a-prevencao-do-suicidio\/"},"author":{"name":"Luzimara Fernandes","@id":"https:\/\/jornalfatosenoticias.com.br\/#\/schema\/person\/d63837fa13ac8666eb9e74e0985d6f81"},"headline":"Setembro Amarelo: a import\u00e2ncia da data para a preven\u00e7\u00e3o do suic\u00eddio","datePublished":"2025-09-03T17:48:17+00:00","dateModified":"2025-09-03T17:48:19+00:00","mainEntityOfPage":{"@id":"https:\/\/jornalfatosenoticias.com.br\/index.php\/2025\/09\/03\/setembro-amarelo-a-importancia-da-data-para-a-prevencao-do-suicidio\/"},"wordCount":564,"commentCount":0,"publisher":{"@id":"https:\/\/jornalfatosenoticias.com.br\/#organization"},"image":{"@id":"https:\/\/jornalfatosenoticias.com.br\/index.php\/2025\/09\/03\/setembro-amarelo-a-importancia-da-data-para-a-prevencao-do-suicidio\/#primaryimage"},"thumbnailUrl":"https:\/\/jornalfatosenoticias.com.br\/wp-content\/uploads\/2025\/09\/setembro-amarelo_freepik.jpg","keywords":["Brasil","cuidados com a sa\u00fade","depress\u00e3o","medicina","preven\u00e7\u00e3o do suic\u00eddio","psicologia","psiquiatria","sa\u00fade mental","Setembro Amarelo","suic\u00eddio"],"articleSection":["Sa\u00fade"],"inLanguage":"pt-BR","potentialAction":[{"@type":"CommentAction","name":"Comment","target":["https:\/\/jornalfatosenoticias.com.br\/index.php\/2025\/09\/03\/setembro-amarelo-a-importancia-da-data-para-a-prevencao-do-suicidio\/#respond"]}]},{"@type":"WebPage","@id":"https:\/\/jornalfatosenoticias.com.br\/index.php\/2025\/09\/03\/setembro-amarelo-a-importancia-da-data-para-a-prevencao-do-suicidio\/","url":"https:\/\/jornalfatosenoticias.com.br\/index.php\/2025\/09\/03\/setembro-amarelo-a-importancia-da-data-para-a-prevencao-do-suicidio\/","name":"Setembro Amarelo: a import\u00e2ncia da data para a preven\u00e7\u00e3o do suic\u00eddio - Jornal Fatos e Not\u00edcias","isPartOf":{"@id":"https:\/\/jornalfatosenoticias.com.br\/#website"},"primaryImageOfPage":{"@id":"https:\/\/jornalfatosenoticias.com.br\/index.php\/2025\/09\/03\/setembro-amarelo-a-importancia-da-data-para-a-prevencao-do-suicidio\/#primaryimage"},"image":{"@id":"https:\/\/jornalfatosenoticias.com.br\/index.php\/2025\/09\/03\/setembro-amarelo-a-importancia-da-data-para-a-prevencao-do-suicidio\/#primaryimage"},"thumbnailUrl":"https:\/\/jornalfatosenoticias.com.br\/wp-content\/uploads\/2025\/09\/setembro-amarelo_freepik.jpg","datePublished":"2025-09-03T17:48:17+00:00","dateModified":"2025-09-03T17:48:19+00:00","breadcrumb":{"@id":"https:\/\/jornalfatosenoticias.com.br\/index.php\/2025\/09\/03\/setembro-amarelo-a-importancia-da-data-para-a-prevencao-do-suicidio\/#breadcrumb"},"inLanguage":"pt-BR","potentialAction":[{"@type":"ReadAction","target":["https:\/\/jornalfatosenoticias.com.br\/index.php\/2025\/09\/03\/setembro-amarelo-a-importancia-da-data-para-a-prevencao-do-suicidio\/"]}]},{"@type":"ImageObject","inLanguage":"pt-BR","@id":"https:\/\/jornalfatosenoticias.com.br\/index.php\/2025\/09\/03\/setembro-amarelo-a-importancia-da-data-para-a-prevencao-do-suicidio\/#primaryimage","url":"https:\/\/jornalfatosenoticias.com.br\/wp-content\/uploads\/2025\/09\/setembro-amarelo_freepik.jpg","contentUrl":"https:\/\/jornalfatosenoticias.com.br\/wp-content\/uploads\/2025\/09\/setembro-amarelo_freepik.jpg","width":1000,"height":666},{"@type":"BreadcrumbList","@id":"https:\/\/jornalfatosenoticias.com.br\/index.php\/2025\/09\/03\/setembro-amarelo-a-importancia-da-data-para-a-prevencao-do-suicidio\/#breadcrumb","itemListElement":[{"@type":"ListItem","position":1,"name":"In\u00edcio","item":"https:\/\/jornalfatosenoticias.com.br\/"},{"@type":"ListItem","position":2,"name":"Setembro Amarelo: a import\u00e2ncia da data para a preven\u00e7\u00e3o do suic\u00eddio"}]},{"@type":"WebSite","@id":"https:\/\/jornalfatosenoticias.com.br\/#website","url":"https:\/\/jornalfatosenoticias.com.br\/","name":"Jornal Fatos e Not\u00edcias","description":"Not\u00edcias em geral","publisher":{"@id":"https:\/\/jornalfatosenoticias.com.br\/#organization"},"potentialAction":[{"@type":"SearchAction","target":{"@type":"EntryPoint","urlTemplate":"https:\/\/jornalfatosenoticias.com.br\/?s={search_term_string}"},"query-input":{"@type":"PropertyValueSpecification","valueRequired":true,"valueName":"search_term_string"}}],"inLanguage":"pt-BR"},{"@type":"Organization","@id":"https:\/\/jornalfatosenoticias.com.br\/#organization","name":"Jornal Fatos e Not\u00edcias","url":"https:\/\/jornalfatosenoticias.com.br\/","logo":{"@type":"ImageObject","inLanguage":"pt-BR","@id":"https:\/\/jornalfatosenoticias.com.br\/#\/schema\/logo\/image\/","url":"https:\/\/jornalfatosenoticias.com.br\/wp-content\/uploads\/2020\/02\/logo120.png","contentUrl":"https:\/\/jornalfatosenoticias.com.br\/wp-content\/uploads\/2020\/02\/logo120.png","width":1227,"height":120,"caption":"Jornal Fatos e Not\u00edcias"},"image":{"@id":"https:\/\/jornalfatosenoticias.com.br\/#\/schema\/logo\/image\/"}},{"@type":"Person","@id":"https:\/\/jornalfatosenoticias.com.br\/#\/schema\/person\/d63837fa13ac8666eb9e74e0985d6f81","name":"Luzimara Fernandes","image":{"@type":"ImageObject","inLanguage":"pt-BR","@id":"https:\/\/jornalfatosenoticias.com.br\/#\/schema\/person\/image\/","url":"https:\/\/jornalfatosenoticias.com.br\/wp-content\/uploads\/2025\/05\/EU_portal.jpg","contentUrl":"https:\/\/jornalfatosenoticias.com.br\/wp-content\/uploads\/2025\/05\/EU_portal.jpg","caption":"Luzimara Fernandes"},"description":"Jornalista MTB 2358-ES","sameAs":["https:\/\/jornalfatosenoticias.com.br"],"url":"https:\/\/jornalfatosenoticias.com.br\/index.php\/author\/luzimara\/"}]}},"cc_featured_image_caption":{"caption_text":"(Foto: Freepik)  ","source_text":"","source_url":""},"jetpack_featured_media_url":"https:\/\/jornalfatosenoticias.com.br\/wp-content\/uploads\/2025\/09\/setembro-amarelo_freepik.jpg","_links":{"self":[{"href":"https:\/\/jornalfatosenoticias.com.br\/index.php\/wp-json\/wp\/v2\/posts\/61682","targetHints":{"allow":["GET"]}}],"collection":[{"href":"https:\/\/jornalfatosenoticias.com.br\/index.php\/wp-json\/wp\/v2\/posts"}],"about":[{"href":"https:\/\/jornalfatosenoticias.com.br\/index.php\/wp-json\/wp\/v2\/types\/post"}],"author":[{"embeddable":true,"href":"https:\/\/jornalfatosenoticias.com.br\/index.php\/wp-json\/wp\/v2\/users\/2"}],"replies":[{"embeddable":true,"href":"https:\/\/jornalfatosenoticias.com.br\/index.php\/wp-json\/wp\/v2\/comments?post=61682"}],"version-history":[{"count":0,"href":"https:\/\/jornalfatosenoticias.com.br\/index.php\/wp-json\/wp\/v2\/posts\/61682\/revisions"}],"wp:featuredmedia":[{"embeddable":true,"href":"https:\/\/jornalfatosenoticias.com.br\/index.php\/wp-json\/wp\/v2\/media\/61683"}],"wp:attachment":[{"href":"https:\/\/jornalfatosenoticias.com.br\/index.php\/wp-json\/wp\/v2\/media?parent=61682"}],"wp:term":[{"taxonomy":"category","embeddable":true,"href":"https:\/\/jornalfatosenoticias.com.br\/index.php\/wp-json\/wp\/v2\/categories?post=61682"},{"taxonomy":"post_tag","embeddable":true,"href":"https:\/\/jornalfatosenoticias.com.br\/index.php\/wp-json\/wp\/v2\/tags?post=61682"}],"curies":[{"name":"wp","href":"https:\/\/api.w.org\/{rel}","templated":true}]}}