{"id":61685,"date":"2025-09-04T13:31:06","date_gmt":"2025-09-04T16:31:06","guid":{"rendered":"https:\/\/jornalfatosenoticias.com.br\/?p=61685"},"modified":"2025-09-04T13:31:08","modified_gmt":"2025-09-04T16:31:08","slug":"a-semana-no-brasil-e-no-mundo-cpmi-do-inss-aprova-pedido-de-prisao-de-21-suspeitos-de-fraudes-contra-aposentados","status":"publish","type":"post","link":"https:\/\/jornalfatosenoticias.com.br\/index.php\/2025\/09\/04\/a-semana-no-brasil-e-no-mundo-cpmi-do-inss-aprova-pedido-de-prisao-de-21-suspeitos-de-fraudes-contra-aposentados\/","title":{"rendered":"A Semana no Brasil e no Mundo \u2014 CPMI do INSS aprova pedido de pris\u00e3o de 21 suspeitos de fraudes contra aposentados"},"content":{"rendered":"\n<div class=\"wp-block-image\"><figure class=\"aligncenter size-large\"><a href=\"https:\/\/mizu.com.br\/\"><img loading=\"lazy\" decoding=\"async\" width=\"729\" height=\"90\" src=\"https:\/\/jornalfatosenoticias.com.br\/wp-content\/uploads\/2020\/02\/Logo_Mizu.png\" alt=\"\" class=\"wp-image-1441\" srcset=\"https:\/\/jornalfatosenoticias.com.br\/wp-content\/uploads\/2020\/02\/Logo_Mizu.png 729w, https:\/\/jornalfatosenoticias.com.br\/wp-content\/uploads\/2020\/02\/Logo_Mizu-300x37.png 300w\" sizes=\"auto, (max-width: 729px) 100vw, 729px\" \/><\/a><\/figure><\/div>\n\n\n\n<p>A Comiss\u00e3o Parlamentar Mista de Inqu\u00e9rito (CPMI) que investiga fraudes no Instituto Nacional do Seguro Social (INSS) aprovou, na segunda-feira (1\u00ba), o pedido de pris\u00e3o preventiva de 21 pessoas acusadas de envolvimento em esquemas de descontos irregulares em benef\u00edcios de aposentados e pensionistas. O requerimento foi apresentado pelo relator, deputado Alfredo Gaspar (Uni\u00e3o-AL), e aprovado por unanimidade, com 26 votos. A decis\u00e3o ser\u00e1 encaminhada ao ministro Andr\u00e9 Mendon\u00e7a, do Supremo Tribunal Federal (STF), respons\u00e1vel por autorizar ou n\u00e3o as pris\u00f5es.<br>O caso veio \u00e0 tona ap\u00f3s uma s\u00e9rie de reportagens publicadas em dezembro de 2023 pelo portal Metr\u00f3poles, que revelou a escalada das arrecada\u00e7\u00f5es de entidades com descontos de mensalidades de aposentados. Em apenas um ano, o montante chegou a R$ 2 bilh\u00f5es, enquanto associa\u00e7\u00f5es acumulavam milhares de a\u00e7\u00f5es judiciais por fraudes em filia\u00e7\u00f5es. <strong>(Fonte: Hora Bras\u00edlia)<\/strong><\/p>\n\n\n\n<div class=\"wp-block-image\"><figure class=\"aligncenter size-large\"><a href=\"https:\/\/www.cesconetto.com.br\/\"><img loading=\"lazy\" decoding=\"async\" width=\"300\" height=\"250\" src=\"https:\/\/jornalfatosenoticias.com.br\/wp-content\/uploads\/2020\/02\/Banner-2.png\" alt=\"\" class=\"wp-image-43787\"\/><\/a><\/figure><\/div>\n\n\n\n<hr class=\"wp-block-separator\"\/>\n\n\n\n<h3 class=\"wp-block-heading\"><span class=\"has-inline-color has-black-color\">Trump anuncia que EUA atingiram barco da Venezuela que transportava drogas<\/span><\/h3>\n\n\n\n<div class=\"wp-block-image\"><figure class=\"aligncenter size-large\"><img loading=\"lazy\" decoding=\"async\" width=\"612\" height=\"408\" src=\"https:\/\/jornalfatosenoticias.com.br\/wp-content\/uploads\/2025\/09\/Trump-barco-venezuelano_gettyimages.jpg\" alt=\"\" class=\"wp-image-61690\" srcset=\"https:\/\/jornalfatosenoticias.com.br\/wp-content\/uploads\/2025\/09\/Trump-barco-venezuelano_gettyimages.jpg 612w, https:\/\/jornalfatosenoticias.com.br\/wp-content\/uploads\/2025\/09\/Trump-barco-venezuelano_gettyimages-300x200.jpg 300w\" sizes=\"auto, (max-width: 612px) 100vw, 612px\" \/><figcaption><em><span class=\"has-inline-color has-black-color\">(Foto: Getty Images)<\/span><\/em><\/figcaption><\/figure><\/div>\n\n\n\n<p><span class=\"has-inline-color has-black-color\">Por <strong>F\u00e1bio Gal\u00e3o<\/strong><br><\/span>O presidente dos Estados Unidos, Donald Trump, anunciou, na ter\u00e7a-feira (2), que militares americanos atingiram um barco transportando drogas que vinha da Venezuela. <em>\u201cN\u00f3s literalmente destru\u00edmos um barco, um barco que transportava drogas, muitas drogas. E voc\u00eas ver\u00e3o e ler\u00e3o sobre isso. Aconteceu h\u00e1 poucos instantes\u201d, <\/em>disse Trump em coletiva de imprensa no Sal\u00e3o Oval da Casa Branca, segundo informa\u00e7\u00f5es da Ag\u00eancia EFE. <em>\u201cH\u00e1 muito tempo recebemos uma grande quantidade de drogas entrando em nosso pa\u00eds, vindas da Venezuela. Elas est\u00e3o saindo da Venezuela em grandes quantidades. Muita coisa est\u00e1 saindo da Venezuela, ent\u00e3o eliminamos [o barco]\u201d,<\/em> acrescentou.<\/p>\n\n\n\n<div class=\"wp-block-image\"><figure class=\"aligncenter size-large is-resized\"><a href=\"https:\/\/www.controlsystems.com.br\/\"><img loading=\"lazy\" decoding=\"async\" src=\"https:\/\/jornalfatosenoticias.com.br\/wp-content\/uploads\/2020\/02\/CONTROL-CS.jpg\" alt=\"\" class=\"wp-image-44991\" width=\"290\" height=\"347\" srcset=\"https:\/\/jornalfatosenoticias.com.br\/wp-content\/uploads\/2020\/02\/CONTROL-CS.jpg 834w, https:\/\/jornalfatosenoticias.com.br\/wp-content\/uploads\/2020\/02\/CONTROL-CS-250x300.jpg 250w, https:\/\/jornalfatosenoticias.com.br\/wp-content\/uploads\/2020\/02\/CONTROL-CS-768x921.jpg 768w\" sizes=\"auto, (max-width: 290px) 100vw, 290px\" \/><\/a><\/figure><\/div>\n\n\n\n<p>Minutos depois, o secret\u00e1rio de Estado americano, Marco Rubio, falou sobre o assunto no X. \u201cComo o presidente anunciou h\u00e1 pouco, hoje, militares americanos realizaram um ataque letal no sul do Caribe contra um barco com drogas que havia partido da Venezuela e estava sendo operado por uma organiza\u00e7\u00e3o narcoterrorista designada\u201d, escreveu Rubio. O secret\u00e1rio de Estado e Trump n\u00e3o deram mais informa\u00e7\u00f5es sobre o caso por ora.<\/p>\n\n\n\n<div class=\"wp-block-image\"><figure class=\"aligncenter size-large is-resized\"><a href=\"https:\/\/hotelmarquetti.com.br\/\"><img loading=\"lazy\" decoding=\"async\" src=\"https:\/\/jornalfatosenoticias.com.br\/wp-content\/uploads\/2020\/02\/LOGO-MQ-1024x680.jpg\" alt=\"\" class=\"wp-image-58299\" width=\"324\" height=\"215\" srcset=\"https:\/\/jornalfatosenoticias.com.br\/wp-content\/uploads\/2020\/02\/LOGO-MQ-1024x680.jpg 1024w, https:\/\/jornalfatosenoticias.com.br\/wp-content\/uploads\/2020\/02\/LOGO-MQ-300x199.jpg 300w, https:\/\/jornalfatosenoticias.com.br\/wp-content\/uploads\/2020\/02\/LOGO-MQ-768x510.jpg 768w, https:\/\/jornalfatosenoticias.com.br\/wp-content\/uploads\/2020\/02\/LOGO-MQ-1536x1020.jpg 1536w, https:\/\/jornalfatosenoticias.com.br\/wp-content\/uploads\/2020\/02\/LOGO-MQ-2048x1360.jpg 2048w\" sizes=\"auto, (max-width: 324px) 100vw, 324px\" \/><\/a><\/figure><\/div>\n\n\n\n<p>Este \u00e9 o primeiro ataque americano a uma embarca\u00e7\u00e3o no sul do Mar do Caribe desde que os Estados Unidos enviaram nos \u00faltimos dias oito navios de guerra e um submarino nuclear para as \u00e1guas pr\u00f3ximas da Venezuela, com o objetivo de evitar a chegada de drogas ao territ\u00f3rio americano. A porta-voz da Casa Branca, Karoline Leavitt, afirmou em agosto que os Estados Unidos est\u00e3o preparados para \u201cusar todo o poder americano\u201d para levar \u00e0 Justi\u00e7a \u201cos respons\u00e1veis\u201d por traficar drogas para o pa\u00eds, em recado direto ao ditador venezuelano, Nicol\u00e1s Maduro, apontado por Washington como l\u00edder do Cartel de los Soles. O regime chavista alega que a opera\u00e7\u00e3o americana \u00e9 uma \u201cdesculpa\u201d para uma interven\u00e7\u00e3o militar na Venezuela. <strong>(Fonte: Gazeta do Povo)<\/strong><\/p>\n\n\n\n<div class=\"wp-block-image\"><figure class=\"aligncenter size-large is-resized\"><a href=\"https:\/\/www.facebook.com\/vetor.vix\/\"><img loading=\"lazy\" decoding=\"async\" src=\"https:\/\/jornalfatosenoticias.com.br\/wp-content\/uploads\/2023\/09\/vetorvix1024_1.jpg\" alt=\"\" class=\"wp-image-44868\" width=\"528\" height=\"140\" srcset=\"https:\/\/jornalfatosenoticias.com.br\/wp-content\/uploads\/2023\/09\/vetorvix1024_1.jpg 1024w, https:\/\/jornalfatosenoticias.com.br\/wp-content\/uploads\/2023\/09\/vetorvix1024_1-300x80.jpg 300w, https:\/\/jornalfatosenoticias.com.br\/wp-content\/uploads\/2023\/09\/vetorvix1024_1-768x205.jpg 768w\" sizes=\"auto, (max-width: 528px) 100vw, 528px\" \/><\/a><\/figure><\/div>\n\n\n\n<hr class=\"wp-block-separator\"\/>\n\n\n\n<h3 class=\"wp-block-heading\"><span class=\"has-inline-color has-black-color\">Preju\u00edzo dos Correios triplica e atinge R$ 4,37 bilh\u00f5es no primeiro semestre<\/span><\/h3>\n\n\n\n<div class=\"wp-block-image\"><figure class=\"aligncenter size-large\"><img loading=\"lazy\" decoding=\"async\" width=\"696\" height=\"455\" src=\"https:\/\/jornalfatosenoticias.com.br\/wp-content\/uploads\/2025\/09\/correios-prejuizo.jpeg\" alt=\"\" class=\"wp-image-61689\" srcset=\"https:\/\/jornalfatosenoticias.com.br\/wp-content\/uploads\/2025\/09\/correios-prejuizo.jpeg 696w, https:\/\/jornalfatosenoticias.com.br\/wp-content\/uploads\/2025\/09\/correios-prejuizo-300x196.jpeg 300w\" sizes=\"auto, (max-width: 696px) 100vw, 696px\" \/><figcaption><em><span class=\"has-inline-color has-black-color\">(Foto: Marcos Oliveira\/Ag\u00eancia Senado)<\/span><\/em><\/figcaption><\/figure><\/div>\n\n\n\n<p>O preju\u00edzo l\u00edquido dos Correios alcan\u00e7ou R$ 4,37 bilh\u00f5es no primeiro semestre de 2024, quase tr\u00eas vezes mais do que o registrado no mesmo per\u00edodo do ano passado, quando a estatal fechou com d\u00e9ficit de R$ 1,35 bilh\u00e3o. A deteriora\u00e7\u00e3o das contas levou o presidente da empresa, Fabiano Silva dos Santos, a apresentar carta de demiss\u00e3o a Luiz In\u00e1cio Lula da Silva (PT) no in\u00edcio de julho. No primeiro trimestre, a estatal j\u00e1 havia registrado perda de R$ 1,7 bilh\u00e3o e sinalizado ao governo a possibilidade de necessidade de apoio financeiro da Uni\u00e3o.<\/p>\n\n\n\n<div class=\"wp-block-image\"><figure class=\"aligncenter size-large is-resized\"><a href=\"https:\/\/www.instagram.com\/esteio.churrascaria\/\"><img loading=\"lazy\" decoding=\"async\" src=\"https:\/\/jornalfatosenoticias.com.br\/wp-content\/uploads\/2022\/02\/LOGO-ESTEIO-1024x730.png\" alt=\"\" class=\"wp-image-27942\" width=\"319\" height=\"227\" srcset=\"https:\/\/jornalfatosenoticias.com.br\/wp-content\/uploads\/2022\/02\/LOGO-ESTEIO-1024x730.png 1024w, https:\/\/jornalfatosenoticias.com.br\/wp-content\/uploads\/2022\/02\/LOGO-ESTEIO-300x214.png 300w, https:\/\/jornalfatosenoticias.com.br\/wp-content\/uploads\/2022\/02\/LOGO-ESTEIO-768x548.png 768w, https:\/\/jornalfatosenoticias.com.br\/wp-content\/uploads\/2022\/02\/LOGO-ESTEIO.png 1123w\" sizes=\"auto, (max-width: 319px) 100vw, 319px\" \/><\/a><\/figure><\/div>\n\n\n\n<p>Entre abril e junho, o resultado negativo cresceu para R$ 2,64 bilh\u00f5es refletindo, principalmente, o aumento das despesas administrativas e gerais. Esses gastos saltaram de R$ 1,959 bilh\u00e3o em 2023 para R$ 3,414 bilh\u00f5es em 2024. Com a piora dos indicadores, os Correios enfrentam um dos cen\u00e1rios financeiros mais cr\u00edticos dos \u00faltimos anos, reacendendo o debate sobre a viabilidade do modelo estatal e a necessidade de reestrutura\u00e7\u00e3o ou aporte emergencial do Tesouro. <strong>(Fonte: Hora Bras\u00edlia)<\/strong><\/p>\n\n\n\n<div class=\"wp-block-image\"><figure class=\"aligncenter size-large\"><a href=\"http:\/\/www.ferrarimaquinas.com.br\/\"><img loading=\"lazy\" decoding=\"async\" width=\"300\" height=\"250\" src=\"https:\/\/jornalfatosenoticias.com.br\/wp-content\/uploads\/2022\/02\/FERRARI_MAQUINAS-E-FERRAMENTAS2.jpg\" alt=\"\" class=\"wp-image-27860\"\/><\/a><\/figure><\/div>\n\n\n\n<hr class=\"wp-block-separator\"\/>\n\n\n\n<h3 class=\"wp-block-heading\"><span class=\"has-inline-color has-black-color\">Quatro candidatos de partido de direita morrem durante campanha eleitoral na Alemanha<\/span><\/h3>\n\n\n\n<div class=\"wp-block-image\"><figure class=\"aligncenter size-large\"><img loading=\"lazy\" decoding=\"async\" width=\"612\" height=\"344\" src=\"https:\/\/jornalfatosenoticias.com.br\/wp-content\/uploads\/2025\/09\/candidatos-de-partido-de-direita-morrem-na-Alemanha_gettyimages.jpg\" alt=\"\" class=\"wp-image-61688\" srcset=\"https:\/\/jornalfatosenoticias.com.br\/wp-content\/uploads\/2025\/09\/candidatos-de-partido-de-direita-morrem-na-Alemanha_gettyimages.jpg 612w, https:\/\/jornalfatosenoticias.com.br\/wp-content\/uploads\/2025\/09\/candidatos-de-partido-de-direita-morrem-na-Alemanha_gettyimages-300x169.jpg 300w\" sizes=\"auto, (max-width: 612px) 100vw, 612px\" \/><figcaption><em><span class=\"has-inline-color has-black-color\">(Foto: Getty Images)<\/span><\/em><\/figcaption><\/figure><\/div>\n\n\n\n<p><span class=\"has-inline-color has-black-color\">Por <strong>John Lucas<\/strong><br><\/span>Pelo menos quatro candidatos do partido de direita Alternativa para a Alemanha (AfD) morreram nas \u00faltimas semanas durante a campanha eleitoral para as elei\u00e7\u00f5es municipais marcadas para 14 de setembro no estado da Ren\u00e2nia do Norte-Vestf\u00e1lia, o mais populoso do pa\u00eds. <\/p>\n\n\n\n<div class=\"wp-block-image\"><figure class=\"aligncenter size-large is-resized\"><a href=\"https:\/\/www.instagram.com\/serra4x4cambioautomatico\/\"><img loading=\"lazy\" decoding=\"async\" src=\"https:\/\/jornalfatosenoticias.com.br\/wp-content\/uploads\/2024\/08\/Serra-4x4-1-886x1024.jpg\" alt=\"\" class=\"wp-image-53632\" width=\"292\" height=\"338\" srcset=\"https:\/\/jornalfatosenoticias.com.br\/wp-content\/uploads\/2024\/08\/Serra-4x4-1-886x1024.jpg 886w, https:\/\/jornalfatosenoticias.com.br\/wp-content\/uploads\/2024\/08\/Serra-4x4-1-260x300.jpg 260w, https:\/\/jornalfatosenoticias.com.br\/wp-content\/uploads\/2024\/08\/Serra-4x4-1-768x888.jpg 768w, https:\/\/jornalfatosenoticias.com.br\/wp-content\/uploads\/2024\/08\/Serra-4x4-1.jpg 1181w\" sizes=\"auto, (max-width: 292px) 100vw, 292px\" \/><\/a><\/figure><\/div>\n\n\n\n<p>A pol\u00edcia informou que n\u00e3o h\u00e1 ind\u00edcios de crime, mas os casos t\u00eam levantado questionamentos e tamb\u00e9m obrigaram a reimpress\u00e3o de c\u00e9dulas, al\u00e9m da anula\u00e7\u00e3o dos votos que estes candidatos j\u00e1 tinham conquistado por correspond\u00eancia. Na Alemanha, o voto por correspond\u00eancia (chamado de Briefwahl) \u00e9 permitido em todas as elei\u00e7\u00f5es desde 1957. O eleitor pode solicitar as c\u00e9dulas antecipadamente e devolv\u00ea-las pelo correio at\u00e9 a data limite estabelecida. Nos casos em que os candidatos falecidos j\u00e1 haviam recebido votos, esses registros s\u00e3o invalidados e o eleitor tem a possibilidade de escolher um novo representante ao enviar novamente a c\u00e9dula.<\/p>\n\n\n\n<div class=\"wp-block-image\"><figure class=\"aligncenter size-large is-resized\"><a href=\"https:\/\/www.instagram.com\/gruposei\/\"><img loading=\"lazy\" decoding=\"async\" src=\"https:\/\/jornalfatosenoticias.com.br\/wp-content\/uploads\/2022\/07\/Logo-Grupo-SEI.jpg\" alt=\"\" class=\"wp-image-31973\" width=\"343\" height=\"180\" srcset=\"https:\/\/jornalfatosenoticias.com.br\/wp-content\/uploads\/2022\/07\/Logo-Grupo-SEI.jpg 713w, https:\/\/jornalfatosenoticias.com.br\/wp-content\/uploads\/2022\/07\/Logo-Grupo-SEI-300x158.jpg 300w\" sizes=\"auto, (max-width: 343px) 100vw, 343px\" \/><\/a><\/figure><\/div>\n\n\n\n<p>De acordo com as informa\u00e7\u00f5es, entre os mortos est\u00e3o os candidatos Wolfgang Seitz, de 59 anos, em Rheinberg; Wolfgang Klinger, de 71 anos, em Schwerte; Stefan Berendes, de 59 anos, em Bad Lippspringe; e Ralph Klaus Norbert Lange, de 66 anos, em Blomberg. De acordo com informa\u00e7\u00f5es da imprensa alem\u00e3 e europeia, parte dos \u00f3bitos dos candidatos foi atribu\u00edda a problemas de sa\u00fade preexistentes, incluindo ataque card\u00edaco e complica\u00e7\u00f5es cl\u00ednicas. <\/p>\n\n\n\n<div class=\"wp-block-image\"><figure class=\"aligncenter size-large is-resized\"><a href=\"https:\/\/www.facebook.com\/profile.php?id=100069289606145\"><img loading=\"lazy\" decoding=\"async\" src=\"https:\/\/jornalfatosenoticias.com.br\/wp-content\/uploads\/2024\/11\/Guaitolini-Contabilidade-1024x714.jpeg\" alt=\"\" class=\"wp-image-55808\" width=\"343\" height=\"239\" srcset=\"https:\/\/jornalfatosenoticias.com.br\/wp-content\/uploads\/2024\/11\/Guaitolini-Contabilidade-1024x714.jpeg 1024w, https:\/\/jornalfatosenoticias.com.br\/wp-content\/uploads\/2024\/11\/Guaitolini-Contabilidade-300x209.jpeg 300w, https:\/\/jornalfatosenoticias.com.br\/wp-content\/uploads\/2024\/11\/Guaitolini-Contabilidade-768x535.jpeg 768w, https:\/\/jornalfatosenoticias.com.br\/wp-content\/uploads\/2024\/11\/Guaitolini-Contabilidade.jpeg 1280w\" sizes=\"auto, (max-width: 343px) 100vw, 343px\" \/><\/a><\/figure><\/div>\n\n\n\n<p>Al\u00e9m dos candidatos, dois suplentes da legenda tamb\u00e9m faleceram: Ren\u00e9 Herford, que segundo informa\u00e7\u00f5es foi v\u00edtima de fal\u00eancia renal ap\u00f3s uma doen\u00e7a no f\u00edgado, e Patrick Tietze, que teria cometido suic\u00eddio. Kay Gottschalk, l\u00edder da AfD na Ren\u00e2nia do Norte-Vestf\u00e1lia, afirmou ao jornal Politico que at\u00e9 agora n\u00e3o h\u00e1 ind\u00edcios de crimes ou atentados cometidos contra os candidatos e suplentes.<br><em>\u201cO que tenho diante de mim \u2014 mas isso \u00e9 apenas informa\u00e7\u00e3o parcial \u2014 n\u00e3o sustenta essas suspeitas no momento\u201d, declarou. Ele ressaltou, por\u00e9m, que o partido ainda pretende investigar os casos \u201csem imediatamente entrar em territ\u00f3rio de teoria da conspira\u00e7\u00e3o\u201d<\/em> e destacou a necessidade de tratar o assunto com cautela em respeito \u00e0s fam\u00edlias enlutadas.<\/p>\n\n\n\n<div class=\"wp-block-image\"><figure class=\"aligncenter size-large is-resized\"><a href=\"https:\/\/www.instagram.com\/rcradiadores\/\"><img loading=\"lazy\" decoding=\"async\" src=\"https:\/\/jornalfatosenoticias.com.br\/wp-content\/uploads\/2022\/10\/RC_800x750_page-0001.jpg\" alt=\"\" class=\"wp-image-35338\" width=\"272\" height=\"255\" srcset=\"https:\/\/jornalfatosenoticias.com.br\/wp-content\/uploads\/2022\/10\/RC_800x750_page-0001.jpg 400w, https:\/\/jornalfatosenoticias.com.br\/wp-content\/uploads\/2022\/10\/RC_800x750_page-0001-300x281.jpg 300w\" sizes=\"auto, (max-width: 272px) 100vw, 272px\" \/><\/a><\/figure><\/div>\n\n\n\n<p>Por sua vez, a copresidente do AfD, Alice Weidel, alimentou rumores de poss\u00edveis atentados ao compartilhar uma postagem afirmando que a morte de quatro candidatos da legenda no per\u00edodo eleitoral era \u201cestatisticamente imposs\u00edvel\u201d. A mensagem compartilhada por Weidel reproduzia as palavras do economista Stefan Homburg, que havia listado os munic\u00edpios onde ocorreram os \u00f3bitos.<\/p>\n\n\n\n<div class=\"wp-block-image\"><figure class=\"aligncenter size-large is-resized\"><a href=\"https:\/\/www.instagram.com\/restaurantepegoretti\/\"><img loading=\"lazy\" decoding=\"async\" src=\"https:\/\/jornalfatosenoticias.com.br\/wp-content\/uploads\/2023\/12\/pegoretti-logo-pdf-1024x389.jpg\" alt=\"\" class=\"wp-image-47536\" width=\"488\" height=\"185\" srcset=\"https:\/\/jornalfatosenoticias.com.br\/wp-content\/uploads\/2023\/12\/pegoretti-logo-pdf-1024x389.jpg 1024w, https:\/\/jornalfatosenoticias.com.br\/wp-content\/uploads\/2023\/12\/pegoretti-logo-pdf-300x114.jpg 300w, https:\/\/jornalfatosenoticias.com.br\/wp-content\/uploads\/2023\/12\/pegoretti-logo-pdf-768x291.jpg 768w, https:\/\/jornalfatosenoticias.com.br\/wp-content\/uploads\/2023\/12\/pegoretti-logo-pdf.jpg 1120w\" sizes=\"auto, (max-width: 488px) 100vw, 488px\" \/><\/a><\/figure><\/div>\n\n\n\n<p>A Ren\u00e2nia do Norte-Vestf\u00e1lia concentra cerca de 18 milh\u00f5es de habitantes e 20 mil candidatos disputam cargos locais neste ciclo eleitoral. Em 2022, a AfD havia alcan\u00e7ado apenas 5,4% dos votos na regi\u00e3o. J\u00e1 nas elei\u00e7\u00f5es federais de fevereiro deste ano, o partido mais que triplicou o desempenho, chegando a 16,8%, o que contribuiu para consolid\u00e1-lo como a segunda maior for\u00e7a pol\u00edtica do pa\u00eds. Pesquisas recentes apontam que a legenda pode repetir n\u00fameros semelhantes no pleito estadual. <strong>(Fonte: Gazeta do Povo)<\/strong><\/p>\n\n\n\n<div class=\"wp-block-image\"><figure class=\"aligncenter size-large is-resized\"><a href=\"https:\/\/www.facebook.com\/postobkr\/?locale=pt_BR\"><img loading=\"lazy\" decoding=\"async\" src=\"https:\/\/jornalfatosenoticias.com.br\/wp-content\/uploads\/2023\/08\/BKR-1024x1021.jpg\" alt=\"\" class=\"wp-image-44494\" width=\"316\" height=\"315\" srcset=\"https:\/\/jornalfatosenoticias.com.br\/wp-content\/uploads\/2023\/08\/BKR-1024x1021.jpg 1024w, https:\/\/jornalfatosenoticias.com.br\/wp-content\/uploads\/2023\/08\/BKR-300x300.jpg 300w, https:\/\/jornalfatosenoticias.com.br\/wp-content\/uploads\/2023\/08\/BKR-150x150.jpg 150w, https:\/\/jornalfatosenoticias.com.br\/wp-content\/uploads\/2023\/08\/BKR-768x766.jpg 768w, https:\/\/jornalfatosenoticias.com.br\/wp-content\/uploads\/2023\/08\/BKR.jpg 1080w\" sizes=\"auto, (max-width: 316px) 100vw, 316px\" \/><\/a><\/figure><\/div>\n\n\n\n<hr class=\"wp-block-separator\"\/>\n\n\n\n<h3 class=\"wp-block-heading\"><span class=\"has-inline-color has-black-color\">L\u00edderes pedem urg\u00eancia em projeto que permite ao Congresso demitir c\u00fapula do BC<\/span><\/h3>\n\n\n\n<div class=\"wp-block-image\"><figure class=\"aligncenter size-large\"><img loading=\"lazy\" decoding=\"async\" width=\"600\" height=\"400\" src=\"https:\/\/jornalfatosenoticias.com.br\/wp-content\/uploads\/2025\/09\/BC-Brasil_depositphotos.jpg\" alt=\"\" class=\"wp-image-61687\" srcset=\"https:\/\/jornalfatosenoticias.com.br\/wp-content\/uploads\/2025\/09\/BC-Brasil_depositphotos.jpg 600w, https:\/\/jornalfatosenoticias.com.br\/wp-content\/uploads\/2025\/09\/BC-Brasil_depositphotos-300x200.jpg 300w\" sizes=\"auto, (max-width: 600px) 100vw, 600px\" \/><figcaption><em><span class=\"has-inline-color has-black-color\">(Foto: Depositphotos)<\/span><\/em><\/figcaption><\/figure><\/div>\n\n\n\n<p><span class=\"has-inline-color has-black-color\">Por <strong>Guilherme Resck<\/strong><br><\/span>O deputado federal Cl\u00e1udio Cajado (PP-BA) apresentou, na ter\u00e7a-feira (2), um requerimento de urg\u00eancia para um projeto de lei complementar que d\u00e1 ao Congresso o poder de demitir o presidente e os diretores do Banco Central (BC). O pedido \u00e9 assinado tamb\u00e9m pelos l\u00edderes do MDB, Isnaldo Bulh\u00f5es (AL), do PP, Doutor Luizinho (PP-RJ), do Uni\u00e3o Brasil, Pedro Lucas Fernandes (MA), do PSB, Pedro Campos (PE), do PL, S\u00f3stenes Cavalcante (RJ), e do Republicanos, Gilberto Abramo (MG).<\/p>\n\n\n\n<div class=\"wp-block-image\"><figure class=\"aligncenter size-large is-resized\"><a href=\"https:\/\/legisjuris.com.br\/\"><img loading=\"lazy\" decoding=\"async\" src=\"https:\/\/jornalfatosenoticias.com.br\/wp-content\/uploads\/2024\/09\/Legis-Juris-Consultoria_logo.jpg\" alt=\"\" class=\"wp-image-53915\" width=\"513\" height=\"215\" srcset=\"https:\/\/jornalfatosenoticias.com.br\/wp-content\/uploads\/2024\/09\/Legis-Juris-Consultoria_logo.jpg 969w, https:\/\/jornalfatosenoticias.com.br\/wp-content\/uploads\/2024\/09\/Legis-Juris-Consultoria_logo-300x126.jpg 300w, https:\/\/jornalfatosenoticias.com.br\/wp-content\/uploads\/2024\/09\/Legis-Juris-Consultoria_logo-768x322.jpg 768w\" sizes=\"auto, (max-width: 513px) 100vw, 513px\" \/><\/a><\/figure><\/div>\n\n\n\n<p>A apresenta\u00e7\u00e3o do requerimento ocorre no momento em que o BC analisa a opera\u00e7\u00e3o de compra do banco Master pelo BRB. O projeto para o qual os parlamentares querem urg\u00eancia foi apresentado em 2021 pelo ex-deputado federal Camilo Capiberibe (PSB) e altera a Lei Complementar n.\u00ba 179\/2021, que deu autonomia operacional ao Banco Central. Atualmente, a Lei diz que o presidente e os diretores do BC ser\u00e3o exonerados pelo presidente da Rep\u00fablica nas seguintes hip\u00f3teses:<br>\u2705 A pedido;<br>\u2705 No caso de acometimento de enfermidade que incapacite o titular para o exerc\u00edcio do cargo;<br>\u2705 Quando sofrerem condena\u00e7\u00e3o, mediante decis\u00e3o transitada em julgado ou proferida por \u00f3rg\u00e3o colegiado, pela pr\u00e1tica de ato de improbidade administrativa ou de crime cuja pena acarrete, ainda que temporariamente, a proibi\u00e7\u00e3o de acesso a cargos p\u00fablicos;<br>\u2705 Quando apresentarem comprovado e recorrente desempenho insuficiente para o alcance dos objetivos do Banco Central do Brasil.<\/p>\n\n\n\n<div class=\"wp-block-image\"><figure class=\"aligncenter size-large is-resized\"><a href=\"https:\/\/panper.com.br\/\"><img loading=\"lazy\" decoding=\"async\" src=\"https:\/\/jornalfatosenoticias.com.br\/wp-content\/uploads\/2023\/03\/logo-Panper_portal.jpg\" alt=\"\" class=\"wp-image-40208\" width=\"312\" height=\"216\" srcset=\"https:\/\/jornalfatosenoticias.com.br\/wp-content\/uploads\/2023\/03\/logo-Panper_portal.jpg 400w, https:\/\/jornalfatosenoticias.com.br\/wp-content\/uploads\/2023\/03\/logo-Panper_portal-300x208.jpg 300w\" sizes=\"auto, (max-width: 312px) 100vw, 312px\" \/><\/a><\/figure><\/div>\n\n\n\n<p>O projeto acrescenta mais uma: a requerimento aprovado pela maioria absoluta da C\u00e2mara dos Deputados quando a condu\u00e7\u00e3o das atividades do Banco Central for incompat\u00edvel com os interesses nacionais. Ainda de acordo com o texto, nesta hip\u00f3tese, \u201ca proposta de exonera\u00e7\u00e3o ficar\u00e1 condicionada \u00e0 aprova\u00e7\u00e3o, por maioria absoluta, do Senado Federal&#8221;. O requerimento de urg\u00eancia ainda precisa ser votado pelo plen\u00e1rio da C\u00e2mara. Se for aprovado, o projeto de lei complementar poder\u00e1 ser votado diretamente no plen\u00e1rio, sem passar por comiss\u00f5es. <strong>(Fonte: O Antagonista)<\/strong><\/p>\n\n\n\n<div class=\"wp-block-image\"><figure class=\"aligncenter size-large is-resized\"><a href=\"https:\/\/www.ithbrasil.com.br\/\"><img loading=\"lazy\" decoding=\"async\" src=\"https:\/\/jornalfatosenoticias.com.br\/wp-content\/uploads\/2023\/08\/ITH.jpeg\" alt=\"\" class=\"wp-image-44638\" width=\"293\" height=\"238\" srcset=\"https:\/\/jornalfatosenoticias.com.br\/wp-content\/uploads\/2023\/08\/ITH.jpeg 800w, https:\/\/jornalfatosenoticias.com.br\/wp-content\/uploads\/2023\/08\/ITH-300x244.jpeg 300w, https:\/\/jornalfatosenoticias.com.br\/wp-content\/uploads\/2023\/08\/ITH-768x624.jpeg 768w\" sizes=\"auto, (max-width: 293px) 100vw, 293px\" \/><\/a><\/figure><\/div>\n\n\n\n<hr class=\"wp-block-separator\"\/>\n\n\n\n<h3 class=\"wp-block-heading\"><span class=\"has-inline-color has-black-color\">\u201cMilei do Chile\u201d: quem \u00e9 Johannes Kaiser, o libert\u00e1rio que tenta chegar \u00e0 presid\u00eancia<\/span><\/h3>\n\n\n\n<div class=\"wp-block-image\"><figure class=\"aligncenter size-large\"><img loading=\"lazy\" decoding=\"async\" width=\"612\" height=\"408\" src=\"https:\/\/jornalfatosenoticias.com.br\/wp-content\/uploads\/2025\/09\/Johannes-Kaiser-Chile_gettyimages.jpg\" alt=\"\" class=\"wp-image-61686\" srcset=\"https:\/\/jornalfatosenoticias.com.br\/wp-content\/uploads\/2025\/09\/Johannes-Kaiser-Chile_gettyimages.jpg 612w, https:\/\/jornalfatosenoticias.com.br\/wp-content\/uploads\/2025\/09\/Johannes-Kaiser-Chile_gettyimages-300x200.jpg 300w\" sizes=\"auto, (max-width: 612px) 100vw, 612px\" \/><figcaption><em><span class=\"has-inline-color has-black-color\">(Foto: Getty Images)<\/span><\/em><\/figcaption><\/figure><\/div>\n\n\n\n<p><span class=\"has-inline-color has-black-color\">Por <strong>John Lucas<\/strong><br><\/span>A elei\u00e7\u00e3o presidencial no Chile est\u00e1 marcada para ocorrer no dia 16 de novembro, com prov\u00e1vel segundo turno em 14 de dezembro, e deve trazer uma disputa acirrada entre nomes j\u00e1 conhecidos da pol\u00edtica nacional e candidatos estreantes. Entre eles, est\u00e1 Johannes Kaiser, deputado e l\u00edder do rec\u00e9m-criado Partido Nacional Libert\u00e1rio (PNL), que se apresenta como uma alternativa anarcocapitalista e conservadora, em linha com o estilo do presidente argentino, Javier Milei, o que tem feito Kaiser receber o apelido de \u201cMilei do Chile\u201d.<\/p>\n\n\n\n<div class=\"wp-block-image\"><figure class=\"aligncenter size-large is-resized\"><a href=\"https:\/\/www.controlsystems.com.br\/\"><img loading=\"lazy\" decoding=\"async\" src=\"https:\/\/jornalfatosenoticias.com.br\/wp-content\/uploads\/2020\/02\/CONTROL-CS.jpg\" alt=\"\" class=\"wp-image-44991\" width=\"283\" height=\"339\" srcset=\"https:\/\/jornalfatosenoticias.com.br\/wp-content\/uploads\/2020\/02\/CONTROL-CS.jpg 834w, https:\/\/jornalfatosenoticias.com.br\/wp-content\/uploads\/2020\/02\/CONTROL-CS-250x300.jpg 250w, https:\/\/jornalfatosenoticias.com.br\/wp-content\/uploads\/2020\/02\/CONTROL-CS-768x921.jpg 768w\" sizes=\"auto, (max-width: 283px) 100vw, 283px\" \/><\/a><\/figure><\/div>\n\n\n\n<p>De acordo com a mais recente pesquisa do instituto Cadem, divulgada no dia 24 de agosto, Kaiser possui 7% das inten\u00e7\u00f5es de voto no primeiro turno e aparece como a principal novidade do campo da direita. J\u00e1 em expectativas presidenciais, 6% dos chilenos acreditam que ele poder\u00e1 chegar \u00e0 Presid\u00eancia, uma ascens\u00e3o not\u00e1vel para quem estreou na pol\u00edtica nacional h\u00e1 poucos anos.<\/p>\n\n\n\n<div class=\"wp-block-image\"><figure class=\"aligncenter size-large is-resized\"><a href=\"https:\/\/www.instagram.com\/gruposei\/\"><img loading=\"lazy\" decoding=\"async\" src=\"https:\/\/jornalfatosenoticias.com.br\/wp-content\/uploads\/2022\/07\/Logo-Grupo-SEI.jpg\" alt=\"\" class=\"wp-image-31973\" width=\"334\" height=\"175\" srcset=\"https:\/\/jornalfatosenoticias.com.br\/wp-content\/uploads\/2022\/07\/Logo-Grupo-SEI.jpg 713w, https:\/\/jornalfatosenoticias.com.br\/wp-content\/uploads\/2022\/07\/Logo-Grupo-SEI-300x158.jpg 300w\" sizes=\"auto, (max-width: 334px) 100vw, 334px\" \/><\/a><\/figure><\/div>\n\n\n\n<p>Forte opositor do atual governo de esquerda do Chile, liderado por Gabriel Boric, Kaiser, de 49 anos, nasceu em Santiago e \u00e9 descendente de alem\u00e3es. Ele ganhou proje\u00e7\u00e3o como comentarista nas redes sociais, o que o impulsionou \u00e0 pol\u00edtica nacional. Em 2022, o libert\u00e1rio foi eleito deputado pelo 10.\u00ba Distrito da Regi\u00e3o Metropolitana de Santiago e, desde ent\u00e3o, integrou as comiss\u00f5es de Defesa Nacional, Direitos Humanos, Governo Interior e \u00c9tica, al\u00e9m de participar de grupos interparlamentares sobre Brasil e Alemanha.<\/p>\n\n\n\n<div class=\"wp-block-image\"><figure class=\"aligncenter size-large is-resized\"><a href=\"https:\/\/www.instagram.com\/serra4x4cambioautomatico\/\"><img loading=\"lazy\" decoding=\"async\" src=\"https:\/\/jornalfatosenoticias.com.br\/wp-content\/uploads\/2024\/08\/Serra-4x4-1-886x1024.jpg\" alt=\"\" class=\"wp-image-53632\" width=\"266\" height=\"307\" srcset=\"https:\/\/jornalfatosenoticias.com.br\/wp-content\/uploads\/2024\/08\/Serra-4x4-1-886x1024.jpg 886w, https:\/\/jornalfatosenoticias.com.br\/wp-content\/uploads\/2024\/08\/Serra-4x4-1-260x300.jpg 260w, https:\/\/jornalfatosenoticias.com.br\/wp-content\/uploads\/2024\/08\/Serra-4x4-1-768x888.jpg 768w, https:\/\/jornalfatosenoticias.com.br\/wp-content\/uploads\/2024\/08\/Serra-4x4-1.jpg 1181w\" sizes=\"auto, (max-width: 266px) 100vw, 266px\" \/><\/a><\/figure><\/div>\n\n\n\n<p>Sua trajet\u00f3ria pol\u00edtica at\u00e9 o Parlamento come\u00e7ou vinculada ao Partido Republicano de Jos\u00e9 Antonio Kast, mas ap\u00f3s diverg\u00eancias durante o processo constituinte, Kaiser deixou a legenda de Kast e fundou, no ano passado, o PNL, que rapidamente reuniu milhares de apoiadores. Atualmente, a sigla aposta nas pr\u00f3ximas elei\u00e7\u00f5es para se consolidar como uma alternativa da direita conservadora e liberal no Chile.<\/p>\n\n\n\n<div class=\"wp-block-image\"><figure class=\"aligncenter size-large is-resized\"><a href=\"https:\/\/hotelmarquetti.com.br\/\"><img loading=\"lazy\" decoding=\"async\" src=\"https:\/\/jornalfatosenoticias.com.br\/wp-content\/uploads\/2020\/02\/LOGO-MQ-1024x680.jpg\" alt=\"\" class=\"wp-image-58299\" width=\"324\" height=\"215\" srcset=\"https:\/\/jornalfatosenoticias.com.br\/wp-content\/uploads\/2020\/02\/LOGO-MQ-1024x680.jpg 1024w, https:\/\/jornalfatosenoticias.com.br\/wp-content\/uploads\/2020\/02\/LOGO-MQ-300x199.jpg 300w, https:\/\/jornalfatosenoticias.com.br\/wp-content\/uploads\/2020\/02\/LOGO-MQ-768x510.jpg 768w, https:\/\/jornalfatosenoticias.com.br\/wp-content\/uploads\/2020\/02\/LOGO-MQ-1536x1020.jpg 1536w, https:\/\/jornalfatosenoticias.com.br\/wp-content\/uploads\/2020\/02\/LOGO-MQ-2048x1360.jpg 2048w\" sizes=\"auto, (max-width: 324px) 100vw, 324px\" \/><\/a><\/figure><\/div>\n\n\n\n<p><strong><span class=\"has-inline-color has-black-color\">Ideias para um eventual governo<br><\/span><\/strong>O programa presidencial de Kaiser enfatiza tr\u00eas eixos centrais: combate \u00e0 imigra\u00e7\u00e3o irregular, fortalecimento da seguran\u00e7a interna e redu\u00e7\u00e3o do tamanho do Estado. Kaiser defende reformas econ\u00f4micas para incentivar a iniciativa privada e dinamizar o mercado de trabalho. Assim como Javier Milei, com quem \u00e9 frequentemente comparado, Kaiser aposta fortemente no uso das redes sociais e em uma comunica\u00e7\u00e3o direta com os eleitores para difundir suas ideias. O libert\u00e1rio tem se apresentado como um candidato que busca romper com a pol\u00edtica tradicional e oferecer ao Chile um caminho de maior autonomia individual e menos interven\u00e7\u00e3o estatal.<\/p>\n\n\n\n<div class=\"wp-block-image\"><figure class=\"aligncenter size-large\"><a href=\"http:\/\/www.ferrarimaquinas.com.br\/\"><img loading=\"lazy\" decoding=\"async\" width=\"300\" height=\"250\" src=\"https:\/\/jornalfatosenoticias.com.br\/wp-content\/uploads\/2022\/02\/FERRARI_MAQUINAS-E-FERRAMENTAS2.jpg\" alt=\"\" class=\"wp-image-27860\"\/><\/a><\/figure><\/div>\n\n\n\n<p>Em entrevista \u00e0 CNN do Chile, Kaiser anunciou que, se eleito, dever\u00e1 extinguir minist\u00e9rios e cortar cerca de 200 mil cargos p\u00fablicos. Segundo o libert\u00e1rio, esses postos servem hoje apenas para &#8220;acomodar pol\u00edticos sem qualquer qualifica\u00e7\u00e3o para as fun\u00e7\u00f5es&#8221;. Na \u00e1rea econ\u00f4mica, o candidato chileno prop\u00f5e flexibilizar as regras trabalhistas. Seu programa prev\u00ea \u201csal\u00e1rios m\u00ednimos diferenciados segundo \u00e1reas produtivas\u201d e a cria\u00e7\u00e3o de um piso salarial mais baixo e transit\u00f3rio para jovens sem experi\u00eancia, com o objetivo declarado de \u201creduzir a informalidade\u201d.<\/p>\n\n\n\n<div class=\"wp-block-image\"><figure class=\"aligncenter size-large is-resized\"><a href=\"https:\/\/www.facebook.com\/vetor.vix\/\"><img loading=\"lazy\" decoding=\"async\" src=\"https:\/\/jornalfatosenoticias.com.br\/wp-content\/uploads\/2023\/09\/vetorvix1024_1.jpg\" alt=\"\" class=\"wp-image-44868\" width=\"531\" height=\"141\" srcset=\"https:\/\/jornalfatosenoticias.com.br\/wp-content\/uploads\/2023\/09\/vetorvix1024_1.jpg 1024w, https:\/\/jornalfatosenoticias.com.br\/wp-content\/uploads\/2023\/09\/vetorvix1024_1-300x80.jpg 300w, https:\/\/jornalfatosenoticias.com.br\/wp-content\/uploads\/2023\/09\/vetorvix1024_1-768x205.jpg 768w\" sizes=\"auto, (max-width: 531px) 100vw, 531px\" \/><\/a><\/figure><\/div>\n\n\n\n<p>Na \u00e1rea social, Kaiser disse na CNN que quer \u201ctransformar o Chile no melhor lugar do mundo para ser m\u00e3e\u201d, propondo vouchers para creches (subsidia\u00e7\u00e3o direta \u00e0 fam\u00edlia para usar em unidades p\u00fablicas ou privadas). Outra proposta central do libert\u00e1rio \u00e9 criar, caso seja eleito, um fundo soberano \u2014 inspirado no modelo da Noruega \u2014 para financiar a Pens\u00e3o Garantida Universal (PGU), benef\u00edcio pago a idosos de 65 anos ou mais, condicionado a crit\u00e9rios de resid\u00eancia e renda e voltado a assegurar um piso m\u00ednimo de aposentadoria.<\/p>\n\n\n\n<div class=\"wp-block-image\"><figure class=\"aligncenter size-large is-resized\"><a href=\"https:\/\/www.instagram.com\/esteio.churrascaria\/\"><img loading=\"lazy\" decoding=\"async\" src=\"https:\/\/jornalfatosenoticias.com.br\/wp-content\/uploads\/2022\/02\/LOGO-ESTEIO-1024x730.png\" alt=\"\" class=\"wp-image-27942\" width=\"326\" height=\"232\" srcset=\"https:\/\/jornalfatosenoticias.com.br\/wp-content\/uploads\/2022\/02\/LOGO-ESTEIO-1024x730.png 1024w, https:\/\/jornalfatosenoticias.com.br\/wp-content\/uploads\/2022\/02\/LOGO-ESTEIO-300x214.png 300w, https:\/\/jornalfatosenoticias.com.br\/wp-content\/uploads\/2022\/02\/LOGO-ESTEIO-768x548.png 768w, https:\/\/jornalfatosenoticias.com.br\/wp-content\/uploads\/2022\/02\/LOGO-ESTEIO.png 1123w\" sizes=\"auto, (max-width: 326px) 100vw, 326px\" \/><\/a><\/figure><\/div>\n\n\n\n<p>O fundo seria alimentado pelo royalty da minera\u00e7\u00e3o (tributa\u00e7\u00e3o sobre a extra\u00e7\u00e3o de minerais chilenos) e pela privatiza\u00e7\u00e3o parcial de estatais como a Codelco (de cobre) e a ENAP (de petr\u00f3leo), que passariam a ter controle majorit\u00e1rio privado, enquanto a TVN \u2014 emissora p\u00fablica do Chile \u2014 seria \u201cprivatizada totalmente\u201d ou entregue aos trabalhadores. Para Kaiser, esse arranjo, al\u00e9m de servir para criar o fundo, impediria que pol\u00edticos continuem, nas suas palavras, \u201cmetendo a m\u00e3o no bolso dos chilenos\u201d. Segundo Kaiser, pol\u00edticos utilizam empresas estatais do pa\u00eds para fins partid\u00e1rios.<\/p>\n\n\n\n<div class=\"wp-block-image\"><figure class=\"aligncenter size-large is-resized\"><a href=\"https:\/\/legisjuris.com.br\/\"><img loading=\"lazy\" decoding=\"async\" src=\"https:\/\/jornalfatosenoticias.com.br\/wp-content\/uploads\/2024\/09\/Legis-Juris-Consultoria_logo.jpg\" alt=\"\" class=\"wp-image-53915\" width=\"504\" height=\"211\" srcset=\"https:\/\/jornalfatosenoticias.com.br\/wp-content\/uploads\/2024\/09\/Legis-Juris-Consultoria_logo.jpg 969w, https:\/\/jornalfatosenoticias.com.br\/wp-content\/uploads\/2024\/09\/Legis-Juris-Consultoria_logo-300x126.jpg 300w, https:\/\/jornalfatosenoticias.com.br\/wp-content\/uploads\/2024\/09\/Legis-Juris-Consultoria_logo-768x322.jpg 768w\" sizes=\"auto, (max-width: 504px) 100vw, 504px\" \/><\/a><\/figure><\/div>\n\n\n\n<p><strong><span class=\"has-inline-color has-black-color\">Fora da disputa?<br><\/span><\/strong>As pesquisas indicam que a corrida presidencial no Chile est\u00e1 polarizada neste momento entre Jos\u00e9 Antonio Kast (28%), de direita, e a candidata comunista Jeannette Jara (27%), enquanto Evelyn Matthei, de centro-direita, aparece em terceiro lugar (14%). Kaiser neste momento ainda corre por fora, mas aposta em crescer nas pr\u00f3ximas semanas e se consolidar como uma alternativa vi\u00e1vel ao eleitor. O candidato disse recentemente que, em suas pesquisas, ele aparece com 10% de votos.<strong> (Fonte: Gazeta do Povo)<\/strong><\/p>\n\n\n\n<div class=\"wp-block-image\"><figure class=\"aligncenter size-large is-resized\"><a href=\"https:\/\/www.instagram.com\/rcradiadores\/\"><img loading=\"lazy\" decoding=\"async\" src=\"https:\/\/jornalfatosenoticias.com.br\/wp-content\/uploads\/2022\/10\/RC_800x750_page-0001.jpg\" alt=\"\" class=\"wp-image-35338\" width=\"284\" height=\"266\" srcset=\"https:\/\/jornalfatosenoticias.com.br\/wp-content\/uploads\/2022\/10\/RC_800x750_page-0001.jpg 400w, https:\/\/jornalfatosenoticias.com.br\/wp-content\/uploads\/2022\/10\/RC_800x750_page-0001-300x281.jpg 300w\" sizes=\"auto, (max-width: 284px) 100vw, 284px\" \/><\/a><\/figure><\/div>\n\n\n\n<hr class=\"wp-block-separator\"\/>\n","protected":false},"excerpt":{"rendered":"<p>A Comiss\u00e3o Parlamentar Mista de Inqu\u00e9rito (CPMI) que investiga fraudes no Instituto Nacional do Seguro Social (INSS) aprovou, na segunda-feira (1\u00ba), o pedido de pris\u00e3o preventiva de 21 pessoas acusadas de envolvimento em esquemas de descontos irregulares em benef\u00edcios de aposentados e pensionistas. O requerimento foi apresentado pelo relator, deputado Alfredo Gaspar (Uni\u00e3o-AL), e aprovado [&hellip;]<\/p>\n","protected":false},"author":3,"featured_media":61691,"comment_status":"open","ping_status":"open","sticky":false,"template":"","format":"standard","meta":{"footnotes":""},"categories":[10],"tags":[28137,489,982,28143,10224,27955,2147,28139,28140,1751,28142,18343,28138,28146,28145,19097,28141,28144,13762,8605],"class_list":["post-61685","post","type-post","status-publish","format-standard","has-post-thumbnail","hentry","category-politica","tag-milei-do-chile","tag-banco-central","tag-camara-dos-deputados","tag-carteis-de-drogas","tag-congresso-nacional","tag-cpmi-do-inss","tag-donald-trump","tag-eleicao-presidencial-no-chile","tag-eleicoes-municipais-alemanha","tag-estados-unidos","tag-fraudes-contra-aposentados","tag-governo-lula","tag-johannes-kaiser","tag-mortes-de-candidatos","tag-narcoterrorismo","tag-nicolas-maduro","tag-pedido-de-prisao","tag-prejuizo-dos-correios","tag-senado-federal","tag-venezuela"],"yoast_head":"<!-- This site is optimized with the Yoast SEO plugin v26.5 - https:\/\/yoast.com\/wordpress\/plugins\/seo\/ -->\n<title>A Semana no Brasil e no Mundo \u2014 CPMI do INSS aprova pedido de pris\u00e3o de 21 suspeitos de fraudes contra aposentados - Jornal Fatos e Not\u00edcias<\/title>\n<meta name=\"robots\" content=\"index, follow, max-snippet:-1, max-image-preview:large, max-video-preview:-1\" \/>\n<link rel=\"canonical\" href=\"https:\/\/jornalfatosenoticias.com.br\/index.php\/2025\/09\/04\/a-semana-no-brasil-e-no-mundo-cpmi-do-inss-aprova-pedido-de-prisao-de-21-suspeitos-de-fraudes-contra-aposentados\/\" \/>\n<meta property=\"og:locale\" content=\"pt_BR\" \/>\n<meta property=\"og:type\" content=\"article\" \/>\n<meta property=\"og:title\" content=\"A Semana no Brasil e no Mundo \u2014 CPMI do INSS aprova pedido de pris\u00e3o de 21 suspeitos de fraudes contra aposentados - Jornal Fatos e Not\u00edcias\" \/>\n<meta property=\"og:description\" content=\"A Comiss\u00e3o Parlamentar Mista de Inqu\u00e9rito (CPMI) que investiga fraudes no Instituto Nacional do Seguro Social (INSS) aprovou, na segunda-feira (1\u00ba), o pedido de pris\u00e3o preventiva de 21 pessoas acusadas de envolvimento em esquemas de descontos irregulares em benef\u00edcios de aposentados e pensionistas. O requerimento foi apresentado pelo relator, deputado Alfredo Gaspar (Uni\u00e3o-AL), e aprovado [&hellip;]\" \/>\n<meta property=\"og:url\" content=\"https:\/\/jornalfatosenoticias.com.br\/index.php\/2025\/09\/04\/a-semana-no-brasil-e-no-mundo-cpmi-do-inss-aprova-pedido-de-prisao-de-21-suspeitos-de-fraudes-contra-aposentados\/\" \/>\n<meta property=\"og:site_name\" content=\"Jornal Fatos e Not\u00edcias\" \/>\n<meta property=\"article:published_time\" content=\"2025-09-04T16:31:06+00:00\" \/>\n<meta property=\"article:modified_time\" content=\"2025-09-04T16:31:08+00:00\" \/>\n<meta property=\"og:image\" content=\"https:\/\/jornalfatosenoticias.com.br\/wp-content\/uploads\/2025\/09\/CPMI-INSS.jpg\" \/>\n\t<meta property=\"og:image:width\" content=\"1024\" \/>\n\t<meta property=\"og:image:height\" content=\"769\" \/>\n\t<meta property=\"og:image:type\" content=\"image\/jpeg\" \/>\n<meta name=\"author\" content=\"Haroldo Filho\" \/>\n<meta name=\"twitter:card\" content=\"summary_large_image\" \/>\n<meta name=\"twitter:label1\" content=\"Escrito por\" \/>\n\t<meta name=\"twitter:data1\" content=\"Haroldo Filho\" \/>\n\t<meta name=\"twitter:label2\" content=\"Est. tempo de leitura\" \/>\n\t<meta name=\"twitter:data2\" content=\"12 minutos\" \/>\n<script type=\"application\/ld+json\" class=\"yoast-schema-graph\">{\"@context\":\"https:\/\/schema.org\",\"@graph\":[{\"@type\":\"Article\",\"@id\":\"https:\/\/jornalfatosenoticias.com.br\/index.php\/2025\/09\/04\/a-semana-no-brasil-e-no-mundo-cpmi-do-inss-aprova-pedido-de-prisao-de-21-suspeitos-de-fraudes-contra-aposentados\/#article\",\"isPartOf\":{\"@id\":\"https:\/\/jornalfatosenoticias.com.br\/index.php\/2025\/09\/04\/a-semana-no-brasil-e-no-mundo-cpmi-do-inss-aprova-pedido-de-prisao-de-21-suspeitos-de-fraudes-contra-aposentados\/\"},\"author\":{\"name\":\"Haroldo Filho\",\"@id\":\"https:\/\/jornalfatosenoticias.com.br\/#\/schema\/person\/05c46cc25b42a5c27e004fb0fa6b4965\"},\"headline\":\"A Semana no Brasil e no Mundo \u2014 CPMI do INSS aprova pedido de pris\u00e3o de 21 suspeitos de fraudes contra aposentados\",\"datePublished\":\"2025-09-04T16:31:06+00:00\",\"dateModified\":\"2025-09-04T16:31:08+00:00\",\"mainEntityOfPage\":{\"@id\":\"https:\/\/jornalfatosenoticias.com.br\/index.php\/2025\/09\/04\/a-semana-no-brasil-e-no-mundo-cpmi-do-inss-aprova-pedido-de-prisao-de-21-suspeitos-de-fraudes-contra-aposentados\/\"},\"wordCount\":2377,\"commentCount\":0,\"publisher\":{\"@id\":\"https:\/\/jornalfatosenoticias.com.br\/#organization\"},\"image\":{\"@id\":\"https:\/\/jornalfatosenoticias.com.br\/index.php\/2025\/09\/04\/a-semana-no-brasil-e-no-mundo-cpmi-do-inss-aprova-pedido-de-prisao-de-21-suspeitos-de-fraudes-contra-aposentados\/#primaryimage\"},\"thumbnailUrl\":\"https:\/\/jornalfatosenoticias.com.br\/wp-content\/uploads\/2025\/09\/CPMI-INSS.jpg\",\"keywords\":[\"\u201cMilei do Chile\u201d\",\"Banco Central\",\"C\u00e2mara dos Deputados\",\"cart\u00e9is de drogas\",\"Congresso Nacional\",\"CPMI do INSS\",\"Donald Trump\",\"elei\u00e7\u00e3o presidencial no Chile\",\"elei\u00e7\u00f5es municipais Alemanha\",\"Estados Unidos\",\"fraudes contra aposentados\",\"governo Lula\",\"Johannes Kaiser\",\"mortes de candidatos\",\"narcoterrorismo\",\"Nicol\u00e1s Maduro\",\"pedido de pris\u00e3o\",\"preju\u00edzo dos Correios\",\"Senado Federal\",\"Venezuela\"],\"articleSection\":[\"Pol\u00edtica\"],\"inLanguage\":\"pt-BR\",\"potentialAction\":[{\"@type\":\"CommentAction\",\"name\":\"Comment\",\"target\":[\"https:\/\/jornalfatosenoticias.com.br\/index.php\/2025\/09\/04\/a-semana-no-brasil-e-no-mundo-cpmi-do-inss-aprova-pedido-de-prisao-de-21-suspeitos-de-fraudes-contra-aposentados\/#respond\"]}]},{\"@type\":\"WebPage\",\"@id\":\"https:\/\/jornalfatosenoticias.com.br\/index.php\/2025\/09\/04\/a-semana-no-brasil-e-no-mundo-cpmi-do-inss-aprova-pedido-de-prisao-de-21-suspeitos-de-fraudes-contra-aposentados\/\",\"url\":\"https:\/\/jornalfatosenoticias.com.br\/index.php\/2025\/09\/04\/a-semana-no-brasil-e-no-mundo-cpmi-do-inss-aprova-pedido-de-prisao-de-21-suspeitos-de-fraudes-contra-aposentados\/\",\"name\":\"A Semana no Brasil e no Mundo \u2014 CPMI do INSS aprova pedido de pris\u00e3o de 21 suspeitos de fraudes contra aposentados - Jornal Fatos e Not\u00edcias\",\"isPartOf\":{\"@id\":\"https:\/\/jornalfatosenoticias.com.br\/#website\"},\"primaryImageOfPage\":{\"@id\":\"https:\/\/jornalfatosenoticias.com.br\/index.php\/2025\/09\/04\/a-semana-no-brasil-e-no-mundo-cpmi-do-inss-aprova-pedido-de-prisao-de-21-suspeitos-de-fraudes-contra-aposentados\/#primaryimage\"},\"image\":{\"@id\":\"https:\/\/jornalfatosenoticias.com.br\/index.php\/2025\/09\/04\/a-semana-no-brasil-e-no-mundo-cpmi-do-inss-aprova-pedido-de-prisao-de-21-suspeitos-de-fraudes-contra-aposentados\/#primaryimage\"},\"thumbnailUrl\":\"https:\/\/jornalfatosenoticias.com.br\/wp-content\/uploads\/2025\/09\/CPMI-INSS.jpg\",\"datePublished\":\"2025-09-04T16:31:06+00:00\",\"dateModified\":\"2025-09-04T16:31:08+00:00\",\"breadcrumb\":{\"@id\":\"https:\/\/jornalfatosenoticias.com.br\/index.php\/2025\/09\/04\/a-semana-no-brasil-e-no-mundo-cpmi-do-inss-aprova-pedido-de-prisao-de-21-suspeitos-de-fraudes-contra-aposentados\/#breadcrumb\"},\"inLanguage\":\"pt-BR\",\"potentialAction\":[{\"@type\":\"ReadAction\",\"target\":[\"https:\/\/jornalfatosenoticias.com.br\/index.php\/2025\/09\/04\/a-semana-no-brasil-e-no-mundo-cpmi-do-inss-aprova-pedido-de-prisao-de-21-suspeitos-de-fraudes-contra-aposentados\/\"]}]},{\"@type\":\"ImageObject\",\"inLanguage\":\"pt-BR\",\"@id\":\"https:\/\/jornalfatosenoticias.com.br\/index.php\/2025\/09\/04\/a-semana-no-brasil-e-no-mundo-cpmi-do-inss-aprova-pedido-de-prisao-de-21-suspeitos-de-fraudes-contra-aposentados\/#primaryimage\",\"url\":\"https:\/\/jornalfatosenoticias.com.br\/wp-content\/uploads\/2025\/09\/CPMI-INSS.jpg\",\"contentUrl\":\"https:\/\/jornalfatosenoticias.com.br\/wp-content\/uploads\/2025\/09\/CPMI-INSS.jpg\",\"width\":1024,\"height\":769},{\"@type\":\"BreadcrumbList\",\"@id\":\"https:\/\/jornalfatosenoticias.com.br\/index.php\/2025\/09\/04\/a-semana-no-brasil-e-no-mundo-cpmi-do-inss-aprova-pedido-de-prisao-de-21-suspeitos-de-fraudes-contra-aposentados\/#breadcrumb\",\"itemListElement\":[{\"@type\":\"ListItem\",\"position\":1,\"name\":\"In\u00edcio\",\"item\":\"https:\/\/jornalfatosenoticias.com.br\/\"},{\"@type\":\"ListItem\",\"position\":2,\"name\":\"A Semana no Brasil e no Mundo \u2014 CPMI do INSS aprova pedido de pris\u00e3o de 21 suspeitos de fraudes contra aposentados\"}]},{\"@type\":\"WebSite\",\"@id\":\"https:\/\/jornalfatosenoticias.com.br\/#website\",\"url\":\"https:\/\/jornalfatosenoticias.com.br\/\",\"name\":\"Jornal Fatos e Not\u00edcias\",\"description\":\"Not\u00edcias em geral\",\"publisher\":{\"@id\":\"https:\/\/jornalfatosenoticias.com.br\/#organization\"},\"potentialAction\":[{\"@type\":\"SearchAction\",\"target\":{\"@type\":\"EntryPoint\",\"urlTemplate\":\"https:\/\/jornalfatosenoticias.com.br\/?s={search_term_string}\"},\"query-input\":{\"@type\":\"PropertyValueSpecification\",\"valueRequired\":true,\"valueName\":\"search_term_string\"}}],\"inLanguage\":\"pt-BR\"},{\"@type\":\"Organization\",\"@id\":\"https:\/\/jornalfatosenoticias.com.br\/#organization\",\"name\":\"Jornal Fatos e Not\u00edcias\",\"url\":\"https:\/\/jornalfatosenoticias.com.br\/\",\"logo\":{\"@type\":\"ImageObject\",\"inLanguage\":\"pt-BR\",\"@id\":\"https:\/\/jornalfatosenoticias.com.br\/#\/schema\/logo\/image\/\",\"url\":\"https:\/\/jornalfatosenoticias.com.br\/wp-content\/uploads\/2020\/02\/logo120.png\",\"contentUrl\":\"https:\/\/jornalfatosenoticias.com.br\/wp-content\/uploads\/2020\/02\/logo120.png\",\"width\":1227,\"height\":120,\"caption\":\"Jornal Fatos e Not\u00edcias\"},\"image\":{\"@id\":\"https:\/\/jornalfatosenoticias.com.br\/#\/schema\/logo\/image\/\"}},{\"@type\":\"Person\",\"@id\":\"https:\/\/jornalfatosenoticias.com.br\/#\/schema\/person\/05c46cc25b42a5c27e004fb0fa6b4965\",\"name\":\"Haroldo Filho\",\"image\":{\"@type\":\"ImageObject\",\"inLanguage\":\"pt-BR\",\"@id\":\"https:\/\/jornalfatosenoticias.com.br\/#\/schema\/person\/image\/\",\"url\":\"https:\/\/jornalfatosenoticias.com.br\/wp-content\/uploads\/2025\/08\/WhatsApp-Image-2025-08-18-at-15.30.28-150x150.jpeg\",\"contentUrl\":\"https:\/\/jornalfatosenoticias.com.br\/wp-content\/uploads\/2025\/08\/WhatsApp-Image-2025-08-18-at-15.30.28-150x150.jpeg\",\"caption\":\"Haroldo Filho\"},\"description\":\"Jornalista \u2013 DRT: 0003818\/ES Coordenador-geral da ONG Educar para Crescer\",\"url\":\"https:\/\/jornalfatosenoticias.com.br\/index.php\/author\/haroldo\/\"}]}<\/script>\n<!-- \/ Yoast SEO plugin. -->","yoast_head_json":{"title":"A Semana no Brasil e no Mundo \u2014 CPMI do INSS aprova pedido de pris\u00e3o de 21 suspeitos de fraudes contra aposentados - Jornal Fatos e Not\u00edcias","robots":{"index":"index","follow":"follow","max-snippet":"max-snippet:-1","max-image-preview":"max-image-preview:large","max-video-preview":"max-video-preview:-1"},"canonical":"https:\/\/jornalfatosenoticias.com.br\/index.php\/2025\/09\/04\/a-semana-no-brasil-e-no-mundo-cpmi-do-inss-aprova-pedido-de-prisao-de-21-suspeitos-de-fraudes-contra-aposentados\/","og_locale":"pt_BR","og_type":"article","og_title":"A Semana no Brasil e no Mundo \u2014 CPMI do INSS aprova pedido de pris\u00e3o de 21 suspeitos de fraudes contra aposentados - Jornal Fatos e Not\u00edcias","og_description":"A Comiss\u00e3o Parlamentar Mista de Inqu\u00e9rito (CPMI) que investiga fraudes no Instituto Nacional do Seguro Social (INSS) aprovou, na segunda-feira (1\u00ba), o pedido de pris\u00e3o preventiva de 21 pessoas acusadas de envolvimento em esquemas de descontos irregulares em benef\u00edcios de aposentados e pensionistas. O requerimento foi apresentado pelo relator, deputado Alfredo Gaspar (Uni\u00e3o-AL), e aprovado [&hellip;]","og_url":"https:\/\/jornalfatosenoticias.com.br\/index.php\/2025\/09\/04\/a-semana-no-brasil-e-no-mundo-cpmi-do-inss-aprova-pedido-de-prisao-de-21-suspeitos-de-fraudes-contra-aposentados\/","og_site_name":"Jornal Fatos e Not\u00edcias","article_published_time":"2025-09-04T16:31:06+00:00","article_modified_time":"2025-09-04T16:31:08+00:00","og_image":[{"width":1024,"height":769,"url":"https:\/\/jornalfatosenoticias.com.br\/wp-content\/uploads\/2025\/09\/CPMI-INSS.jpg","type":"image\/jpeg"}],"author":"Haroldo Filho","twitter_card":"summary_large_image","twitter_misc":{"Escrito por":"Haroldo Filho","Est. tempo de leitura":"12 minutos"},"schema":{"@context":"https:\/\/schema.org","@graph":[{"@type":"Article","@id":"https:\/\/jornalfatosenoticias.com.br\/index.php\/2025\/09\/04\/a-semana-no-brasil-e-no-mundo-cpmi-do-inss-aprova-pedido-de-prisao-de-21-suspeitos-de-fraudes-contra-aposentados\/#article","isPartOf":{"@id":"https:\/\/jornalfatosenoticias.com.br\/index.php\/2025\/09\/04\/a-semana-no-brasil-e-no-mundo-cpmi-do-inss-aprova-pedido-de-prisao-de-21-suspeitos-de-fraudes-contra-aposentados\/"},"author":{"name":"Haroldo Filho","@id":"https:\/\/jornalfatosenoticias.com.br\/#\/schema\/person\/05c46cc25b42a5c27e004fb0fa6b4965"},"headline":"A Semana no Brasil e no Mundo \u2014 CPMI do INSS aprova pedido de pris\u00e3o de 21 suspeitos de fraudes contra aposentados","datePublished":"2025-09-04T16:31:06+00:00","dateModified":"2025-09-04T16:31:08+00:00","mainEntityOfPage":{"@id":"https:\/\/jornalfatosenoticias.com.br\/index.php\/2025\/09\/04\/a-semana-no-brasil-e-no-mundo-cpmi-do-inss-aprova-pedido-de-prisao-de-21-suspeitos-de-fraudes-contra-aposentados\/"},"wordCount":2377,"commentCount":0,"publisher":{"@id":"https:\/\/jornalfatosenoticias.com.br\/#organization"},"image":{"@id":"https:\/\/jornalfatosenoticias.com.br\/index.php\/2025\/09\/04\/a-semana-no-brasil-e-no-mundo-cpmi-do-inss-aprova-pedido-de-prisao-de-21-suspeitos-de-fraudes-contra-aposentados\/#primaryimage"},"thumbnailUrl":"https:\/\/jornalfatosenoticias.com.br\/wp-content\/uploads\/2025\/09\/CPMI-INSS.jpg","keywords":["\u201cMilei do Chile\u201d","Banco Central","C\u00e2mara dos Deputados","cart\u00e9is de drogas","Congresso Nacional","CPMI do INSS","Donald Trump","elei\u00e7\u00e3o presidencial no Chile","elei\u00e7\u00f5es municipais Alemanha","Estados Unidos","fraudes contra aposentados","governo Lula","Johannes Kaiser","mortes de candidatos","narcoterrorismo","Nicol\u00e1s Maduro","pedido de pris\u00e3o","preju\u00edzo dos Correios","Senado Federal","Venezuela"],"articleSection":["Pol\u00edtica"],"inLanguage":"pt-BR","potentialAction":[{"@type":"CommentAction","name":"Comment","target":["https:\/\/jornalfatosenoticias.com.br\/index.php\/2025\/09\/04\/a-semana-no-brasil-e-no-mundo-cpmi-do-inss-aprova-pedido-de-prisao-de-21-suspeitos-de-fraudes-contra-aposentados\/#respond"]}]},{"@type":"WebPage","@id":"https:\/\/jornalfatosenoticias.com.br\/index.php\/2025\/09\/04\/a-semana-no-brasil-e-no-mundo-cpmi-do-inss-aprova-pedido-de-prisao-de-21-suspeitos-de-fraudes-contra-aposentados\/","url":"https:\/\/jornalfatosenoticias.com.br\/index.php\/2025\/09\/04\/a-semana-no-brasil-e-no-mundo-cpmi-do-inss-aprova-pedido-de-prisao-de-21-suspeitos-de-fraudes-contra-aposentados\/","name":"A Semana no Brasil e no Mundo \u2014 CPMI do INSS aprova pedido de pris\u00e3o de 21 suspeitos de fraudes contra aposentados - Jornal Fatos e Not\u00edcias","isPartOf":{"@id":"https:\/\/jornalfatosenoticias.com.br\/#website"},"primaryImageOfPage":{"@id":"https:\/\/jornalfatosenoticias.com.br\/index.php\/2025\/09\/04\/a-semana-no-brasil-e-no-mundo-cpmi-do-inss-aprova-pedido-de-prisao-de-21-suspeitos-de-fraudes-contra-aposentados\/#primaryimage"},"image":{"@id":"https:\/\/jornalfatosenoticias.com.br\/index.php\/2025\/09\/04\/a-semana-no-brasil-e-no-mundo-cpmi-do-inss-aprova-pedido-de-prisao-de-21-suspeitos-de-fraudes-contra-aposentados\/#primaryimage"},"thumbnailUrl":"https:\/\/jornalfatosenoticias.com.br\/wp-content\/uploads\/2025\/09\/CPMI-INSS.jpg","datePublished":"2025-09-04T16:31:06+00:00","dateModified":"2025-09-04T16:31:08+00:00","breadcrumb":{"@id":"https:\/\/jornalfatosenoticias.com.br\/index.php\/2025\/09\/04\/a-semana-no-brasil-e-no-mundo-cpmi-do-inss-aprova-pedido-de-prisao-de-21-suspeitos-de-fraudes-contra-aposentados\/#breadcrumb"},"inLanguage":"pt-BR","potentialAction":[{"@type":"ReadAction","target":["https:\/\/jornalfatosenoticias.com.br\/index.php\/2025\/09\/04\/a-semana-no-brasil-e-no-mundo-cpmi-do-inss-aprova-pedido-de-prisao-de-21-suspeitos-de-fraudes-contra-aposentados\/"]}]},{"@type":"ImageObject","inLanguage":"pt-BR","@id":"https:\/\/jornalfatosenoticias.com.br\/index.php\/2025\/09\/04\/a-semana-no-brasil-e-no-mundo-cpmi-do-inss-aprova-pedido-de-prisao-de-21-suspeitos-de-fraudes-contra-aposentados\/#primaryimage","url":"https:\/\/jornalfatosenoticias.com.br\/wp-content\/uploads\/2025\/09\/CPMI-INSS.jpg","contentUrl":"https:\/\/jornalfatosenoticias.com.br\/wp-content\/uploads\/2025\/09\/CPMI-INSS.jpg","width":1024,"height":769},{"@type":"BreadcrumbList","@id":"https:\/\/jornalfatosenoticias.com.br\/index.php\/2025\/09\/04\/a-semana-no-brasil-e-no-mundo-cpmi-do-inss-aprova-pedido-de-prisao-de-21-suspeitos-de-fraudes-contra-aposentados\/#breadcrumb","itemListElement":[{"@type":"ListItem","position":1,"name":"In\u00edcio","item":"https:\/\/jornalfatosenoticias.com.br\/"},{"@type":"ListItem","position":2,"name":"A Semana no Brasil e no Mundo \u2014 CPMI do INSS aprova pedido de pris\u00e3o de 21 suspeitos de fraudes contra aposentados"}]},{"@type":"WebSite","@id":"https:\/\/jornalfatosenoticias.com.br\/#website","url":"https:\/\/jornalfatosenoticias.com.br\/","name":"Jornal Fatos e Not\u00edcias","description":"Not\u00edcias em geral","publisher":{"@id":"https:\/\/jornalfatosenoticias.com.br\/#organization"},"potentialAction":[{"@type":"SearchAction","target":{"@type":"EntryPoint","urlTemplate":"https:\/\/jornalfatosenoticias.com.br\/?s={search_term_string}"},"query-input":{"@type":"PropertyValueSpecification","valueRequired":true,"valueName":"search_term_string"}}],"inLanguage":"pt-BR"},{"@type":"Organization","@id":"https:\/\/jornalfatosenoticias.com.br\/#organization","name":"Jornal Fatos e Not\u00edcias","url":"https:\/\/jornalfatosenoticias.com.br\/","logo":{"@type":"ImageObject","inLanguage":"pt-BR","@id":"https:\/\/jornalfatosenoticias.com.br\/#\/schema\/logo\/image\/","url":"https:\/\/jornalfatosenoticias.com.br\/wp-content\/uploads\/2020\/02\/logo120.png","contentUrl":"https:\/\/jornalfatosenoticias.com.br\/wp-content\/uploads\/2020\/02\/logo120.png","width":1227,"height":120,"caption":"Jornal Fatos e Not\u00edcias"},"image":{"@id":"https:\/\/jornalfatosenoticias.com.br\/#\/schema\/logo\/image\/"}},{"@type":"Person","@id":"https:\/\/jornalfatosenoticias.com.br\/#\/schema\/person\/05c46cc25b42a5c27e004fb0fa6b4965","name":"Haroldo Filho","image":{"@type":"ImageObject","inLanguage":"pt-BR","@id":"https:\/\/jornalfatosenoticias.com.br\/#\/schema\/person\/image\/","url":"https:\/\/jornalfatosenoticias.com.br\/wp-content\/uploads\/2025\/08\/WhatsApp-Image-2025-08-18-at-15.30.28-150x150.jpeg","contentUrl":"https:\/\/jornalfatosenoticias.com.br\/wp-content\/uploads\/2025\/08\/WhatsApp-Image-2025-08-18-at-15.30.28-150x150.jpeg","caption":"Haroldo Filho"},"description":"Jornalista \u2013 DRT: 0003818\/ES Coordenador-geral da ONG Educar para Crescer","url":"https:\/\/jornalfatosenoticias.com.br\/index.php\/author\/haroldo\/"}]}},"cc_featured_image_caption":{"caption_text":"(Foto: Ag\u00eancia Senado) ","source_text":"","source_url":""},"jetpack_featured_media_url":"https:\/\/jornalfatosenoticias.com.br\/wp-content\/uploads\/2025\/09\/CPMI-INSS.jpg","_links":{"self":[{"href":"https:\/\/jornalfatosenoticias.com.br\/index.php\/wp-json\/wp\/v2\/posts\/61685","targetHints":{"allow":["GET"]}}],"collection":[{"href":"https:\/\/jornalfatosenoticias.com.br\/index.php\/wp-json\/wp\/v2\/posts"}],"about":[{"href":"https:\/\/jornalfatosenoticias.com.br\/index.php\/wp-json\/wp\/v2\/types\/post"}],"author":[{"embeddable":true,"href":"https:\/\/jornalfatosenoticias.com.br\/index.php\/wp-json\/wp\/v2\/users\/3"}],"replies":[{"embeddable":true,"href":"https:\/\/jornalfatosenoticias.com.br\/index.php\/wp-json\/wp\/v2\/comments?post=61685"}],"version-history":[{"count":0,"href":"https:\/\/jornalfatosenoticias.com.br\/index.php\/wp-json\/wp\/v2\/posts\/61685\/revisions"}],"wp:featuredmedia":[{"embeddable":true,"href":"https:\/\/jornalfatosenoticias.com.br\/index.php\/wp-json\/wp\/v2\/media\/61691"}],"wp:attachment":[{"href":"https:\/\/jornalfatosenoticias.com.br\/index.php\/wp-json\/wp\/v2\/media?parent=61685"}],"wp:term":[{"taxonomy":"category","embeddable":true,"href":"https:\/\/jornalfatosenoticias.com.br\/index.php\/wp-json\/wp\/v2\/categories?post=61685"},{"taxonomy":"post_tag","embeddable":true,"href":"https:\/\/jornalfatosenoticias.com.br\/index.php\/wp-json\/wp\/v2\/tags?post=61685"}],"curies":[{"name":"wp","href":"https:\/\/api.w.org\/{rel}","templated":true}]}}