{"id":61696,"date":"2025-09-04T13:48:14","date_gmt":"2025-09-04T16:48:14","guid":{"rendered":"https:\/\/jornalfatosenoticias.com.br\/?p=61696"},"modified":"2025-09-04T13:48:15","modified_gmt":"2025-09-04T16:48:15","slug":"a-crianca-e-o-adolescente-a-sociedade-e-a-justica-parte-iv","status":"publish","type":"post","link":"https:\/\/jornalfatosenoticias.com.br\/index.php\/2025\/09\/04\/a-crianca-e-o-adolescente-a-sociedade-e-a-justica-parte-iv\/","title":{"rendered":"A Crian\u00e7a e o Adolescente, a Sociedade e a Justi\u00e7a \u2014 Parte IV"},"content":{"rendered":"\n<p><em><span class=\"has-inline-color has-black-color\">A pedofilia intrafamiliar, a incestuosa, continuar\u00e1 garantida pela nega\u00e7\u00e3o social. A justi\u00e7a quer provas concretas de um crime que n\u00e3o deixa vest\u00edgio, um crime quase perfeito<\/span><\/em><\/p>\n\n\n\n<div class=\"wp-block-image\"><figure class=\"aligncenter size-large\"><a href=\"https:\/\/www.instagram.com\/rcradiadores\/\"><img loading=\"lazy\" decoding=\"async\" width=\"560\" height=\"60\" src=\"https:\/\/jornalfatosenoticias.com.br\/wp-content\/uploads\/2022\/10\/Propaganda-RC-Radiadores-Jornal_page-0001.jpg\" alt=\"\" class=\"wp-image-35270\" srcset=\"https:\/\/jornalfatosenoticias.com.br\/wp-content\/uploads\/2022\/10\/Propaganda-RC-Radiadores-Jornal_page-0001.jpg 560w, https:\/\/jornalfatosenoticias.com.br\/wp-content\/uploads\/2022\/10\/Propaganda-RC-Radiadores-Jornal_page-0001-300x32.jpg 300w\" sizes=\"auto, (max-width: 560px) 100vw, 560px\" \/><\/a><\/figure><\/div>\n\n\n\n<p>Baguncei um pouco a sequ\u00eancia. Esse texto era anterior. Mas vamos reorganizar. No nosso jardim, duas novas orqu\u00eddeas de inverno desabrocharam. Grandes. Lindas. Recebi uma lembran\u00e7a esses dias do Facebook que enviou uma foto de uma orqu\u00eddea do nosso jardim que publiquei h\u00e1 anos. Muito me tocou, a mesma planta que postei foto no domingo, e que tinha me referido aqui. Ou seja, as av\u00f3s da que fotografei neste inverno.<br>Mas esqueci dos miniabacaxis. S\u00e3o dois. Alaranjado quando nasce e amarelo-esverdeado ao crescer o pouco determinado pela Natureza. E, esta semana, outro ninho. A mam\u00e3e passarinho chocando, respons\u00e1vel, atenta, mas acostumada com nossa aproxima\u00e7\u00e3o para levar o caf\u00e9 da manh\u00e3 de todos. Linda, olhar atento, mas nada assustado.<\/p>\n\n\n\n<div class=\"wp-block-image\"><figure class=\"aligncenter size-large\"><img loading=\"lazy\" decoding=\"async\" width=\"750\" height=\"1000\" src=\"https:\/\/jornalfatosenoticias.com.br\/wp-content\/uploads\/2025\/09\/orquidea_ana-maria-iencarelli.jpg\" alt=\"\" class=\"wp-image-61697\" srcset=\"https:\/\/jornalfatosenoticias.com.br\/wp-content\/uploads\/2025\/09\/orquidea_ana-maria-iencarelli.jpg 750w, https:\/\/jornalfatosenoticias.com.br\/wp-content\/uploads\/2025\/09\/orquidea_ana-maria-iencarelli-225x300.jpg 225w\" sizes=\"auto, (max-width: 750px) 100vw, 750px\" \/><figcaption><em><span class=\"has-inline-color has-black-color\">(Foto: Acervo pessoal)<\/span><\/em><\/figcaption><\/figure><\/div>\n\n\n\n<p>E, esse mesmo pa\u00eds foi impactado por um rapaz bem jovem, dois metros de altura, olhos azuis, cabelos bonitos, bem longos, esbanjando firmeza em tema t\u00e3o espinhoso e evitado por todos. Era a ponta do iceberg \u00e0 mostra, a acertar os cascos de todos os navios que, at\u00e9 ent\u00e3o, navegavam inc\u00f3lumes a tudo e faceiros. Embarca\u00e7\u00f5es pequenas, m\u00e9dias e grandes, montadas de pervers\u00e3o e perversidade, foram amea\u00e7adas pelo denunciante. Aderiram todos, todos a uma como\u00e7\u00e3o social, como acontece a cada desastre clim\u00e1tico que nos obriga a enxergar, por um tempo \u2014 o prazo de validade precisa ser ex\u00edguo \u2014 como ser\u00e1 curto o prazo dessa trag\u00e9dia humana.<\/p>\n\n\n\n<div class=\"wp-block-image\"><figure class=\"aligncenter size-large is-resized\"><a href=\"https:\/\/www.instagram.com\/restaurantepegoretti\/\"><img loading=\"lazy\" decoding=\"async\" src=\"https:\/\/jornalfatosenoticias.com.br\/wp-content\/uploads\/2023\/12\/pegoretti-logo-pdf-1024x389.jpg\" alt=\"\" class=\"wp-image-47536\" width=\"480\" height=\"182\" srcset=\"https:\/\/jornalfatosenoticias.com.br\/wp-content\/uploads\/2023\/12\/pegoretti-logo-pdf-1024x389.jpg 1024w, https:\/\/jornalfatosenoticias.com.br\/wp-content\/uploads\/2023\/12\/pegoretti-logo-pdf-300x114.jpg 300w, https:\/\/jornalfatosenoticias.com.br\/wp-content\/uploads\/2023\/12\/pegoretti-logo-pdf-768x291.jpg 768w, https:\/\/jornalfatosenoticias.com.br\/wp-content\/uploads\/2023\/12\/pegoretti-logo-pdf.jpg 1120w\" sizes=\"auto, (max-width: 480px) 100vw, 480px\" \/><\/a><\/figure><\/div>\n\n\n\n<p>N\u00e3o \u00e9 in\u00e9dita. J\u00e1 tinha sido falada por algumas pessoas, em algumas vezes, mas como a trajet\u00f3ria de um meteoro, o rapaz trouxe de sua altura rara, em momento de rara conjuga\u00e7\u00e3o, e produziu uma enorme cratera. O trabalho dele foi brilhante, foi preciso. Felca, obrigada muito. Muito.<\/p>\n\n\n\n<div class=\"wp-block-image\"><figure class=\"aligncenter size-large\"><img loading=\"lazy\" decoding=\"async\" width=\"750\" height=\"500\" src=\"https:\/\/jornalfatosenoticias.com.br\/wp-content\/uploads\/2025\/09\/crianca-sociedade-e-a-justica.jpg\" alt=\"\" class=\"wp-image-61700\" srcset=\"https:\/\/jornalfatosenoticias.com.br\/wp-content\/uploads\/2025\/09\/crianca-sociedade-e-a-justica.jpg 750w, https:\/\/jornalfatosenoticias.com.br\/wp-content\/uploads\/2025\/09\/crianca-sociedade-e-a-justica-300x200.jpg 300w\" sizes=\"auto, (max-width: 750px) 100vw, 750px\" \/><figcaption><em><span class=\"has-inline-color has-black-color\">Presidente da ONG Vozes de Anjos, Ana Maria Iencarelli, denunciou casos em que a m\u00e3e acusa o pai de abuso ou viol\u00eancia dom\u00e9stica, e o pai acusa a m\u00e3e de aliena\u00e7\u00e3o parental (Foto: Michel Jesus\/C\u00e2mara dos Deputados)<\/span><\/em><\/figcaption><\/figure><\/div>\n\n\n\n<p>E o prazo de validade foi chegando. Regulamentar por Lei aquilo que a Sociedade n\u00e3o faz, e, n\u00e3o sei se ser\u00e1 capaz de fazer. Por que aquelas crian\u00e7as e adolescentes estavam encarceradas naquela mans\u00e3o? Por que as duas mis\u00e9rias, a financeira e a psicol\u00f3gica, produzem esse erro nas fam\u00edlias, na justi\u00e7a, e na Sociedade. Pais e m\u00e3es pobres se iludem com o desejo de que seus filhos tenham as chamadas \u201cmelhores oportunidades\u201d, sempre embebidas de coisas materiais, em detrimento dos afetos. A fome d\u00f3i e \u00e9 um trauma permanente. \u00c9 compreens\u00edvel que algu\u00e9m que ofere\u00e7a poss\u00edveis vantagens financeiras, com conforto prometido, facilmente, ter\u00e1 sucesso em angariar crian\u00e7as e adolescentes de seus pais. O incr\u00edvel \u00e9 que, n\u00e3o raro, escuta-se em meio a processos de vara de fam\u00edlia, que um genitor mais abastado financeiramente ser\u00e1 melhor para a crian\u00e7a, incluindo nesta l\u00f3gica il\u00f3gica que se for um alem\u00e3o ou um americano, a crian\u00e7a ter\u00e1 ganho quase que uma loteria. E crian\u00e7as, at\u00e9 na primeira inf\u00e2ncia, s\u00e3o apartadas definitivamente de suas m\u00e3es e entregues a genitores estrangeiros porque as senten\u00e7as t\u00eam essa alega\u00e7\u00e3o. Ou seja, entre n\u00f3s o Poder Financeiro \u00e9 privilegiado dom\u00e9stica e judicialmente. E a crian\u00e7a e adolescente, um produto que pode ser negociado. E o afeto, o cuidado respons\u00e1vel mesmo que com restri\u00e7\u00f5es, entra no rol da monetiza\u00e7\u00e3o.<\/p>\n\n\n\n<div class=\"wp-block-image\"><figure class=\"aligncenter size-large\"><img loading=\"lazy\" decoding=\"async\" width=\"686\" height=\"386\" src=\"https:\/\/jornalfatosenoticias.com.br\/wp-content\/uploads\/2025\/09\/mae-perde-guarda-por-morar-em-comunidade_reproducao-youtube.jpg\" alt=\"\" class=\"wp-image-61698\" srcset=\"https:\/\/jornalfatosenoticias.com.br\/wp-content\/uploads\/2025\/09\/mae-perde-guarda-por-morar-em-comunidade_reproducao-youtube.jpg 686w, https:\/\/jornalfatosenoticias.com.br\/wp-content\/uploads\/2025\/09\/mae-perde-guarda-por-morar-em-comunidade_reproducao-youtube-300x169.jpg 300w\" sizes=\"auto, (max-width: 686px) 100vw, 686px\" \/><figcaption><em><span class=\"has-inline-color has-black-color\">(Foto: Reprodu\u00e7\u00e3o YouTube)<\/span><\/em><\/figcaption><\/figure><\/div>\n\n\n\n<p>H\u00e1 muito tempo temos denunciado o trabalho escravo sexual de beb\u00eas sob os ausp\u00edcios de homens da fam\u00edlia, em especial, dos respectivos genitores. A Pedofilia extrafamiliar consegue furar um pouquinho a bolha do lobby e da cultura do estupro que alimenta o Prazer pelo Poder Esmagador sobre um Vulner\u00e1vel. Os v\u00eddeos sexuais de beb\u00eas vendidos na internet, por 50, 80, 150 mil reais, s\u00e3o de dif\u00edcil acesso em sua produ\u00e7\u00e3o. Quando raro s\u00e3o flagrados na ponta, no consumidor. Mas, se as crian\u00e7as e, pior, os adolescentes, maiores de 12 anos, denunciam pr\u00e1ticas abusivas sexuais por parte de seus genitores, elas e eles s\u00e3o totalmente descredibilizados. E a incr\u00edvel acrobacia feita, inocenta esse genitor e acusa a m\u00e3e de ter lavado o c\u00e9rebro, por dentro, do filho ou filha, em tarefa imposs\u00edvel diante do estado emocional da v\u00edtima, dos detalhes, das mem\u00f3rias corretas, sempre duvidadas como se fantoches idiotas fossem, e em discord\u00e2ncia com o desenvolvimento cognitivo da crian\u00e7a pequena, por exemplo. Imaginem se a crian\u00e7a, um beb\u00ea de menos de um ano, que n\u00e3o adquiriu ainda a linguagem e que n\u00e3o sabe apontar onde est\u00e1 doendo depois de uma sess\u00e3o de grava\u00e7\u00e3o de v\u00eddeo em seu bercinho. Sim, n\u00e3o d\u00e1 para culpar a neglig\u00eancia da m\u00e3e em deixar o filho ou filha ficar conversando com um desconhecido na internet, o beb\u00ea n\u00e3o anda tamb\u00e9m. Se, quando existem provas do testemunho da crian\u00e7a, e ind\u00edcios, por vezes, materialidade mesmo constatada por Exame de Corpo de Delito no IML, n\u00e3o \u00e9 suficiente, e alguma psic\u00f3loga forense, dita, diz que o exame pode ter sido feito apressadamente pelo legista, e a justi\u00e7a aceita essa manipula\u00e7\u00e3o, o que esperar de um crime que n\u00e3o teria nem um cisco de credibilidade das observa\u00e7\u00f5es da m\u00e3e?<\/p>\n\n\n\n<div class=\"wp-block-image\"><figure class=\"aligncenter size-large\"><a href=\"https:\/\/www.cesconetto.com.br\/\"><img loading=\"lazy\" decoding=\"async\" width=\"300\" height=\"250\" src=\"https:\/\/jornalfatosenoticias.com.br\/wp-content\/uploads\/2022\/02\/Banner-2.png\" alt=\"\" class=\"wp-image-27877\"\/><\/a><\/figure><\/div>\n\n\n\n<p>Felca, outra vez obrigada. A visualiza\u00e7\u00e3o dessa parte do iceberg \u00e9 fundamental para o combate desse crime hediondo. Sua Voz ecoou em todos os cantos do nosso pa\u00eds e, certamente, ir\u00e1 reverberar para al\u00e9m das fronteiras. Tomara. Mas a legisla\u00e7\u00e3o ser\u00e1 manipulada. Os defensores da pedofilia s\u00e3o seus consumidores contumazes.<\/p>\n\n\n\n<div class=\"wp-block-image\"><figure class=\"aligncenter size-large\"><img loading=\"lazy\" decoding=\"async\" width=\"736\" height=\"843\" src=\"https:\/\/jornalfatosenoticias.com.br\/wp-content\/uploads\/2025\/09\/abuso-infantil-intrafamiliar2_pinterest.jpg\" alt=\"\" class=\"wp-image-61699\" srcset=\"https:\/\/jornalfatosenoticias.com.br\/wp-content\/uploads\/2025\/09\/abuso-infantil-intrafamiliar2_pinterest.jpg 736w, https:\/\/jornalfatosenoticias.com.br\/wp-content\/uploads\/2025\/09\/abuso-infantil-intrafamiliar2_pinterest-262x300.jpg 262w\" sizes=\"auto, (max-width: 736px) 100vw, 736px\" \/><figcaption><em><span class=\"has-inline-color has-black-color\">Abuso infantil intrafamiliar (Foto: Pinterest)<\/span><\/em><\/figcaption><\/figure><\/div>\n\n\n\n<p>H\u00e1 um Projeto de desidrata\u00e7\u00e3o do ECA, em curso. O Estatuto tem todos os artigos para promover a Prote\u00e7\u00e3o Integral de Crian\u00e7as e Adolescentes e garantir seus Direitos. Mas ele n\u00e3o \u00e9 muito obedecido. Esse modus operandi de desidratar est\u00e1 tamb\u00e9m em curso em rela\u00e7\u00e3o \u00e0 Lei Maria da Penha. Est\u00e1 escrito que a Crian\u00e7a \u00e9 Sujeito de Direito, mas bradam nas Varas de Fam\u00edlia que crian\u00e7a n\u00e3o tem vontade, n\u00e3o sabe nada. Frase proferida e repetida \u00e0 exaust\u00e3o por psic\u00f3logas ditas forenses. E seguidas judicialmente.<\/p>\n\n\n\n<div class=\"wp-block-image\"><figure class=\"aligncenter size-large is-resized\"><a href=\"https:\/\/hotelmarquetti.com.br\/\"><img loading=\"lazy\" decoding=\"async\" src=\"https:\/\/jornalfatosenoticias.com.br\/wp-content\/uploads\/2020\/02\/LOGO-MQ-1024x680.jpg\" alt=\"\" class=\"wp-image-58299\" width=\"399\" height=\"265\" srcset=\"https:\/\/jornalfatosenoticias.com.br\/wp-content\/uploads\/2020\/02\/LOGO-MQ-1024x680.jpg 1024w, https:\/\/jornalfatosenoticias.com.br\/wp-content\/uploads\/2020\/02\/LOGO-MQ-300x199.jpg 300w, https:\/\/jornalfatosenoticias.com.br\/wp-content\/uploads\/2020\/02\/LOGO-MQ-768x510.jpg 768w, https:\/\/jornalfatosenoticias.com.br\/wp-content\/uploads\/2020\/02\/LOGO-MQ-1536x1020.jpg 1536w, https:\/\/jornalfatosenoticias.com.br\/wp-content\/uploads\/2020\/02\/LOGO-MQ-2048x1360.jpg 2048w\" sizes=\"auto, (max-width: 399px) 100vw, 399px\" \/><\/a><\/figure><\/div>\n\n\n\n<p>Assim, esse c\u00e2ncer denunciado, esse, por enquanto, foi extirpado. Mas, met\u00e1stases n\u00e3o faltam. Est\u00e3o em todos os cantos, e ser\u00e3o protegidas pelo abrandamento do projeto de lei em acelera\u00e7\u00e3o no Congresso nesse momento. E os abusos sexuais e f\u00edsicos contra crian\u00e7as e adolescentes lucrativos para seus produtores, n\u00e3o ser\u00e3o, sequer, triscados. A pedofilia intrafamiliar, a incestuosa, continuar\u00e1 garantida pela nega\u00e7\u00e3o social. A justi\u00e7a quer provas concretas de um crime que n\u00e3o deixa vest\u00edgio, um crime quase perfeito.<\/p>\n\n\n\n<div class=\"wp-block-image\"><figure class=\"aligncenter size-large\"><a href=\"http:\/\/www.ferrarimaquinas.com.br\/\"><img loading=\"lazy\" decoding=\"async\" width=\"300\" height=\"250\" src=\"https:\/\/jornalfatosenoticias.com.br\/wp-content\/uploads\/2022\/02\/FERRARI_MAQUINAS-E-FERRAMENTAS2.jpg\" alt=\"\" class=\"wp-image-27860\"\/><\/a><\/figure><\/div>\n\n\n\n<p>Felca, nosso agradecimento enorme pela soltura dos 10 pequenos escravos sexuais que voc\u00ea promoveu. Muito importante. Voc\u00ea, na sua juventude, nos ensinou que basta ter <em><strong><span class=\"has-inline-color has-black-color\">vontade pol\u00edtica de verdade, <\/span><\/strong><\/em>artigo rar\u00edssimo entre nossos pol\u00edticos, os profissionais que elegemos.<\/p>\n","protected":false},"excerpt":{"rendered":"<p>A pedofilia intrafamiliar, a incestuosa, continuar\u00e1 garantida pela nega\u00e7\u00e3o social. A justi\u00e7a quer provas concretas de um crime que n\u00e3o deixa vest\u00edgio, um crime quase perfeito Baguncei um pouco a sequ\u00eancia. Esse texto era anterior. Mas vamos reorganizar. No nosso jardim, duas novas orqu\u00eddeas de inverno desabrocharam. Grandes. Lindas. Recebi uma lembran\u00e7a esses dias do [&hellip;]<\/p>\n","protected":false},"author":8,"featured_media":61701,"comment_status":"open","ping_status":"open","sticky":false,"template":"","format":"standard","meta":{"footnotes":""},"categories":[2522],"tags":[17133,261,1317,16154,2607,1345,3238,3528,27962,1340,7216],"class_list":["post-61696","post","type-post","status-publish","format-standard","has-post-thumbnail","hentry","category-comportamento","tag-adolescente","tag-ameacas","tag-crianca","tag-denuncias","tag-infancia","tag-justica","tag-leis","tag-pedofilia","tag-pedofilia-intrafamiliar","tag-sociedade","tag-trauma"],"yoast_head":"<!-- This site is optimized with the Yoast SEO plugin v26.5 - https:\/\/yoast.com\/wordpress\/plugins\/seo\/ -->\n<title>A Crian\u00e7a e o Adolescente, a Sociedade e a Justi\u00e7a \u2014 Parte IV - Jornal Fatos e Not\u00edcias<\/title>\n<meta name=\"robots\" content=\"index, follow, max-snippet:-1, max-image-preview:large, max-video-preview:-1\" \/>\n<link rel=\"canonical\" href=\"https:\/\/jornalfatosenoticias.com.br\/index.php\/2025\/09\/04\/a-crianca-e-o-adolescente-a-sociedade-e-a-justica-parte-iv\/\" \/>\n<meta property=\"og:locale\" content=\"pt_BR\" \/>\n<meta property=\"og:type\" content=\"article\" \/>\n<meta property=\"og:title\" content=\"A Crian\u00e7a e o Adolescente, a Sociedade e a Justi\u00e7a \u2014 Parte IV - Jornal Fatos e Not\u00edcias\" \/>\n<meta property=\"og:description\" content=\"A pedofilia intrafamiliar, a incestuosa, continuar\u00e1 garantida pela nega\u00e7\u00e3o social. A justi\u00e7a quer provas concretas de um crime que n\u00e3o deixa vest\u00edgio, um crime quase perfeito Baguncei um pouco a sequ\u00eancia. Esse texto era anterior. Mas vamos reorganizar. No nosso jardim, duas novas orqu\u00eddeas de inverno desabrocharam. Grandes. Lindas. Recebi uma lembran\u00e7a esses dias do [&hellip;]\" \/>\n<meta property=\"og:url\" content=\"https:\/\/jornalfatosenoticias.com.br\/index.php\/2025\/09\/04\/a-crianca-e-o-adolescente-a-sociedade-e-a-justica-parte-iv\/\" \/>\n<meta property=\"og:site_name\" content=\"Jornal Fatos e Not\u00edcias\" \/>\n<meta property=\"article:published_time\" content=\"2025-09-04T16:48:14+00:00\" \/>\n<meta property=\"article:modified_time\" content=\"2025-09-04T16:48:15+00:00\" \/>\n<meta property=\"og:image\" content=\"https:\/\/jornalfatosenoticias.com.br\/wp-content\/uploads\/2025\/09\/crianca-sociedade-e-a-justica_istock.jpg\" \/>\n\t<meta property=\"og:image:width\" content=\"612\" \/>\n\t<meta property=\"og:image:height\" content=\"408\" \/>\n\t<meta property=\"og:image:type\" content=\"image\/jpeg\" \/>\n<meta name=\"author\" content=\"Ana Maria Iencarelli\" \/>\n<meta name=\"twitter:card\" content=\"summary_large_image\" \/>\n<meta name=\"twitter:label1\" content=\"Escrito por\" \/>\n\t<meta name=\"twitter:data1\" content=\"Ana Maria Iencarelli\" \/>\n\t<meta name=\"twitter:label2\" content=\"Est. tempo de leitura\" \/>\n\t<meta name=\"twitter:data2\" content=\"6 minutos\" \/>\n<script type=\"application\/ld+json\" class=\"yoast-schema-graph\">{\"@context\":\"https:\/\/schema.org\",\"@graph\":[{\"@type\":\"Article\",\"@id\":\"https:\/\/jornalfatosenoticias.com.br\/index.php\/2025\/09\/04\/a-crianca-e-o-adolescente-a-sociedade-e-a-justica-parte-iv\/#article\",\"isPartOf\":{\"@id\":\"https:\/\/jornalfatosenoticias.com.br\/index.php\/2025\/09\/04\/a-crianca-e-o-adolescente-a-sociedade-e-a-justica-parte-iv\/\"},\"author\":{\"name\":\"Ana Maria Iencarelli\",\"@id\":\"https:\/\/jornalfatosenoticias.com.br\/#\/schema\/person\/c33fcf5fb02d729d3fec92c6737a22d1\"},\"headline\":\"A Crian\u00e7a e o Adolescente, a Sociedade e a Justi\u00e7a \u2014 Parte IV\",\"datePublished\":\"2025-09-04T16:48:14+00:00\",\"dateModified\":\"2025-09-04T16:48:15+00:00\",\"mainEntityOfPage\":{\"@id\":\"https:\/\/jornalfatosenoticias.com.br\/index.php\/2025\/09\/04\/a-crianca-e-o-adolescente-a-sociedade-e-a-justica-parte-iv\/\"},\"wordCount\":1251,\"commentCount\":0,\"publisher\":{\"@id\":\"https:\/\/jornalfatosenoticias.com.br\/#organization\"},\"image\":{\"@id\":\"https:\/\/jornalfatosenoticias.com.br\/index.php\/2025\/09\/04\/a-crianca-e-o-adolescente-a-sociedade-e-a-justica-parte-iv\/#primaryimage\"},\"thumbnailUrl\":\"https:\/\/jornalfatosenoticias.com.br\/wp-content\/uploads\/2025\/09\/crianca-sociedade-e-a-justica_istock.jpg\",\"keywords\":[\"adolescente\",\"amea\u00e7as\",\"crian\u00e7a\",\"den\u00fancias\",\"inf\u00e2ncia\",\"justi\u00e7a\",\"leis\",\"pedofilia\",\"pedofilia intrafamiliar\",\"sociedade\",\"trauma\"],\"articleSection\":[\"Comportamento &amp; Equil\u00edbrio\"],\"inLanguage\":\"pt-BR\",\"potentialAction\":[{\"@type\":\"CommentAction\",\"name\":\"Comment\",\"target\":[\"https:\/\/jornalfatosenoticias.com.br\/index.php\/2025\/09\/04\/a-crianca-e-o-adolescente-a-sociedade-e-a-justica-parte-iv\/#respond\"]}]},{\"@type\":\"WebPage\",\"@id\":\"https:\/\/jornalfatosenoticias.com.br\/index.php\/2025\/09\/04\/a-crianca-e-o-adolescente-a-sociedade-e-a-justica-parte-iv\/\",\"url\":\"https:\/\/jornalfatosenoticias.com.br\/index.php\/2025\/09\/04\/a-crianca-e-o-adolescente-a-sociedade-e-a-justica-parte-iv\/\",\"name\":\"A Crian\u00e7a e o Adolescente, a Sociedade e a Justi\u00e7a \u2014 Parte IV - Jornal Fatos e Not\u00edcias\",\"isPartOf\":{\"@id\":\"https:\/\/jornalfatosenoticias.com.br\/#website\"},\"primaryImageOfPage\":{\"@id\":\"https:\/\/jornalfatosenoticias.com.br\/index.php\/2025\/09\/04\/a-crianca-e-o-adolescente-a-sociedade-e-a-justica-parte-iv\/#primaryimage\"},\"image\":{\"@id\":\"https:\/\/jornalfatosenoticias.com.br\/index.php\/2025\/09\/04\/a-crianca-e-o-adolescente-a-sociedade-e-a-justica-parte-iv\/#primaryimage\"},\"thumbnailUrl\":\"https:\/\/jornalfatosenoticias.com.br\/wp-content\/uploads\/2025\/09\/crianca-sociedade-e-a-justica_istock.jpg\",\"datePublished\":\"2025-09-04T16:48:14+00:00\",\"dateModified\":\"2025-09-04T16:48:15+00:00\",\"breadcrumb\":{\"@id\":\"https:\/\/jornalfatosenoticias.com.br\/index.php\/2025\/09\/04\/a-crianca-e-o-adolescente-a-sociedade-e-a-justica-parte-iv\/#breadcrumb\"},\"inLanguage\":\"pt-BR\",\"potentialAction\":[{\"@type\":\"ReadAction\",\"target\":[\"https:\/\/jornalfatosenoticias.com.br\/index.php\/2025\/09\/04\/a-crianca-e-o-adolescente-a-sociedade-e-a-justica-parte-iv\/\"]}]},{\"@type\":\"ImageObject\",\"inLanguage\":\"pt-BR\",\"@id\":\"https:\/\/jornalfatosenoticias.com.br\/index.php\/2025\/09\/04\/a-crianca-e-o-adolescente-a-sociedade-e-a-justica-parte-iv\/#primaryimage\",\"url\":\"https:\/\/jornalfatosenoticias.com.br\/wp-content\/uploads\/2025\/09\/crianca-sociedade-e-a-justica_istock.jpg\",\"contentUrl\":\"https:\/\/jornalfatosenoticias.com.br\/wp-content\/uploads\/2025\/09\/crianca-sociedade-e-a-justica_istock.jpg\",\"width\":612,\"height\":408,\"caption\":\"Happy little boy day dreaming while looking through window during home quarantine. Shot with high megapixel DSLR camera, canon 5DSR\"},{\"@type\":\"BreadcrumbList\",\"@id\":\"https:\/\/jornalfatosenoticias.com.br\/index.php\/2025\/09\/04\/a-crianca-e-o-adolescente-a-sociedade-e-a-justica-parte-iv\/#breadcrumb\",\"itemListElement\":[{\"@type\":\"ListItem\",\"position\":1,\"name\":\"In\u00edcio\",\"item\":\"https:\/\/jornalfatosenoticias.com.br\/\"},{\"@type\":\"ListItem\",\"position\":2,\"name\":\"A Crian\u00e7a e o Adolescente, a Sociedade e a Justi\u00e7a \u2014 Parte IV\"}]},{\"@type\":\"WebSite\",\"@id\":\"https:\/\/jornalfatosenoticias.com.br\/#website\",\"url\":\"https:\/\/jornalfatosenoticias.com.br\/\",\"name\":\"Jornal Fatos e Not\u00edcias\",\"description\":\"Not\u00edcias em geral\",\"publisher\":{\"@id\":\"https:\/\/jornalfatosenoticias.com.br\/#organization\"},\"potentialAction\":[{\"@type\":\"SearchAction\",\"target\":{\"@type\":\"EntryPoint\",\"urlTemplate\":\"https:\/\/jornalfatosenoticias.com.br\/?s={search_term_string}\"},\"query-input\":{\"@type\":\"PropertyValueSpecification\",\"valueRequired\":true,\"valueName\":\"search_term_string\"}}],\"inLanguage\":\"pt-BR\"},{\"@type\":\"Organization\",\"@id\":\"https:\/\/jornalfatosenoticias.com.br\/#organization\",\"name\":\"Jornal Fatos e Not\u00edcias\",\"url\":\"https:\/\/jornalfatosenoticias.com.br\/\",\"logo\":{\"@type\":\"ImageObject\",\"inLanguage\":\"pt-BR\",\"@id\":\"https:\/\/jornalfatosenoticias.com.br\/#\/schema\/logo\/image\/\",\"url\":\"https:\/\/jornalfatosenoticias.com.br\/wp-content\/uploads\/2020\/02\/logo120.png\",\"contentUrl\":\"https:\/\/jornalfatosenoticias.com.br\/wp-content\/uploads\/2020\/02\/logo120.png\",\"width\":1227,\"height\":120,\"caption\":\"Jornal Fatos e Not\u00edcias\"},\"image\":{\"@id\":\"https:\/\/jornalfatosenoticias.com.br\/#\/schema\/logo\/image\/\"}},{\"@type\":\"Person\",\"@id\":\"https:\/\/jornalfatosenoticias.com.br\/#\/schema\/person\/c33fcf5fb02d729d3fec92c6737a22d1\",\"name\":\"Ana Maria Iencarelli\",\"image\":{\"@type\":\"ImageObject\",\"inLanguage\":\"pt-BR\",\"@id\":\"https:\/\/jornalfatosenoticias.com.br\/#\/schema\/person\/image\/\",\"url\":\"https:\/\/jornalfatosenoticias.com.br\/wp-content\/uploads\/2020\/02\/Ana-Maria-Iencarelli-1-150x150.jpg\",\"contentUrl\":\"https:\/\/jornalfatosenoticias.com.br\/wp-content\/uploads\/2020\/02\/Ana-Maria-Iencarelli-1-150x150.jpg\",\"caption\":\"Ana Maria Iencarelli\"},\"description\":\"Psicanalista Cl\u00ednica, especializada no atendimento a Crian\u00e7as e Adolescentes. Presidente da ONG Vozes de Anjos.\",\"url\":\"https:\/\/jornalfatosenoticias.com.br\/index.php\/author\/anamaria\/\"}]}<\/script>\n<!-- \/ Yoast SEO plugin. -->","yoast_head_json":{"title":"A Crian\u00e7a e o Adolescente, a Sociedade e a Justi\u00e7a \u2014 Parte IV - Jornal Fatos e Not\u00edcias","robots":{"index":"index","follow":"follow","max-snippet":"max-snippet:-1","max-image-preview":"max-image-preview:large","max-video-preview":"max-video-preview:-1"},"canonical":"https:\/\/jornalfatosenoticias.com.br\/index.php\/2025\/09\/04\/a-crianca-e-o-adolescente-a-sociedade-e-a-justica-parte-iv\/","og_locale":"pt_BR","og_type":"article","og_title":"A Crian\u00e7a e o Adolescente, a Sociedade e a Justi\u00e7a \u2014 Parte IV - Jornal Fatos e Not\u00edcias","og_description":"A pedofilia intrafamiliar, a incestuosa, continuar\u00e1 garantida pela nega\u00e7\u00e3o social. A justi\u00e7a quer provas concretas de um crime que n\u00e3o deixa vest\u00edgio, um crime quase perfeito Baguncei um pouco a sequ\u00eancia. Esse texto era anterior. Mas vamos reorganizar. No nosso jardim, duas novas orqu\u00eddeas de inverno desabrocharam. Grandes. Lindas. Recebi uma lembran\u00e7a esses dias do [&hellip;]","og_url":"https:\/\/jornalfatosenoticias.com.br\/index.php\/2025\/09\/04\/a-crianca-e-o-adolescente-a-sociedade-e-a-justica-parte-iv\/","og_site_name":"Jornal Fatos e Not\u00edcias","article_published_time":"2025-09-04T16:48:14+00:00","article_modified_time":"2025-09-04T16:48:15+00:00","og_image":[{"width":612,"height":408,"url":"https:\/\/jornalfatosenoticias.com.br\/wp-content\/uploads\/2025\/09\/crianca-sociedade-e-a-justica_istock.jpg","type":"image\/jpeg"}],"author":"Ana Maria Iencarelli","twitter_card":"summary_large_image","twitter_misc":{"Escrito por":"Ana Maria Iencarelli","Est. tempo de leitura":"6 minutos"},"schema":{"@context":"https:\/\/schema.org","@graph":[{"@type":"Article","@id":"https:\/\/jornalfatosenoticias.com.br\/index.php\/2025\/09\/04\/a-crianca-e-o-adolescente-a-sociedade-e-a-justica-parte-iv\/#article","isPartOf":{"@id":"https:\/\/jornalfatosenoticias.com.br\/index.php\/2025\/09\/04\/a-crianca-e-o-adolescente-a-sociedade-e-a-justica-parte-iv\/"},"author":{"name":"Ana Maria Iencarelli","@id":"https:\/\/jornalfatosenoticias.com.br\/#\/schema\/person\/c33fcf5fb02d729d3fec92c6737a22d1"},"headline":"A Crian\u00e7a e o Adolescente, a Sociedade e a Justi\u00e7a \u2014 Parte IV","datePublished":"2025-09-04T16:48:14+00:00","dateModified":"2025-09-04T16:48:15+00:00","mainEntityOfPage":{"@id":"https:\/\/jornalfatosenoticias.com.br\/index.php\/2025\/09\/04\/a-crianca-e-o-adolescente-a-sociedade-e-a-justica-parte-iv\/"},"wordCount":1251,"commentCount":0,"publisher":{"@id":"https:\/\/jornalfatosenoticias.com.br\/#organization"},"image":{"@id":"https:\/\/jornalfatosenoticias.com.br\/index.php\/2025\/09\/04\/a-crianca-e-o-adolescente-a-sociedade-e-a-justica-parte-iv\/#primaryimage"},"thumbnailUrl":"https:\/\/jornalfatosenoticias.com.br\/wp-content\/uploads\/2025\/09\/crianca-sociedade-e-a-justica_istock.jpg","keywords":["adolescente","amea\u00e7as","crian\u00e7a","den\u00fancias","inf\u00e2ncia","justi\u00e7a","leis","pedofilia","pedofilia intrafamiliar","sociedade","trauma"],"articleSection":["Comportamento &amp; Equil\u00edbrio"],"inLanguage":"pt-BR","potentialAction":[{"@type":"CommentAction","name":"Comment","target":["https:\/\/jornalfatosenoticias.com.br\/index.php\/2025\/09\/04\/a-crianca-e-o-adolescente-a-sociedade-e-a-justica-parte-iv\/#respond"]}]},{"@type":"WebPage","@id":"https:\/\/jornalfatosenoticias.com.br\/index.php\/2025\/09\/04\/a-crianca-e-o-adolescente-a-sociedade-e-a-justica-parte-iv\/","url":"https:\/\/jornalfatosenoticias.com.br\/index.php\/2025\/09\/04\/a-crianca-e-o-adolescente-a-sociedade-e-a-justica-parte-iv\/","name":"A Crian\u00e7a e o Adolescente, a Sociedade e a Justi\u00e7a \u2014 Parte IV - Jornal Fatos e Not\u00edcias","isPartOf":{"@id":"https:\/\/jornalfatosenoticias.com.br\/#website"},"primaryImageOfPage":{"@id":"https:\/\/jornalfatosenoticias.com.br\/index.php\/2025\/09\/04\/a-crianca-e-o-adolescente-a-sociedade-e-a-justica-parte-iv\/#primaryimage"},"image":{"@id":"https:\/\/jornalfatosenoticias.com.br\/index.php\/2025\/09\/04\/a-crianca-e-o-adolescente-a-sociedade-e-a-justica-parte-iv\/#primaryimage"},"thumbnailUrl":"https:\/\/jornalfatosenoticias.com.br\/wp-content\/uploads\/2025\/09\/crianca-sociedade-e-a-justica_istock.jpg","datePublished":"2025-09-04T16:48:14+00:00","dateModified":"2025-09-04T16:48:15+00:00","breadcrumb":{"@id":"https:\/\/jornalfatosenoticias.com.br\/index.php\/2025\/09\/04\/a-crianca-e-o-adolescente-a-sociedade-e-a-justica-parte-iv\/#breadcrumb"},"inLanguage":"pt-BR","potentialAction":[{"@type":"ReadAction","target":["https:\/\/jornalfatosenoticias.com.br\/index.php\/2025\/09\/04\/a-crianca-e-o-adolescente-a-sociedade-e-a-justica-parte-iv\/"]}]},{"@type":"ImageObject","inLanguage":"pt-BR","@id":"https:\/\/jornalfatosenoticias.com.br\/index.php\/2025\/09\/04\/a-crianca-e-o-adolescente-a-sociedade-e-a-justica-parte-iv\/#primaryimage","url":"https:\/\/jornalfatosenoticias.com.br\/wp-content\/uploads\/2025\/09\/crianca-sociedade-e-a-justica_istock.jpg","contentUrl":"https:\/\/jornalfatosenoticias.com.br\/wp-content\/uploads\/2025\/09\/crianca-sociedade-e-a-justica_istock.jpg","width":612,"height":408,"caption":"Happy little boy day dreaming while looking through window during home quarantine. Shot with high megapixel DSLR camera, canon 5DSR"},{"@type":"BreadcrumbList","@id":"https:\/\/jornalfatosenoticias.com.br\/index.php\/2025\/09\/04\/a-crianca-e-o-adolescente-a-sociedade-e-a-justica-parte-iv\/#breadcrumb","itemListElement":[{"@type":"ListItem","position":1,"name":"In\u00edcio","item":"https:\/\/jornalfatosenoticias.com.br\/"},{"@type":"ListItem","position":2,"name":"A Crian\u00e7a e o Adolescente, a Sociedade e a Justi\u00e7a \u2014 Parte IV"}]},{"@type":"WebSite","@id":"https:\/\/jornalfatosenoticias.com.br\/#website","url":"https:\/\/jornalfatosenoticias.com.br\/","name":"Jornal Fatos e Not\u00edcias","description":"Not\u00edcias em geral","publisher":{"@id":"https:\/\/jornalfatosenoticias.com.br\/#organization"},"potentialAction":[{"@type":"SearchAction","target":{"@type":"EntryPoint","urlTemplate":"https:\/\/jornalfatosenoticias.com.br\/?s={search_term_string}"},"query-input":{"@type":"PropertyValueSpecification","valueRequired":true,"valueName":"search_term_string"}}],"inLanguage":"pt-BR"},{"@type":"Organization","@id":"https:\/\/jornalfatosenoticias.com.br\/#organization","name":"Jornal Fatos e Not\u00edcias","url":"https:\/\/jornalfatosenoticias.com.br\/","logo":{"@type":"ImageObject","inLanguage":"pt-BR","@id":"https:\/\/jornalfatosenoticias.com.br\/#\/schema\/logo\/image\/","url":"https:\/\/jornalfatosenoticias.com.br\/wp-content\/uploads\/2020\/02\/logo120.png","contentUrl":"https:\/\/jornalfatosenoticias.com.br\/wp-content\/uploads\/2020\/02\/logo120.png","width":1227,"height":120,"caption":"Jornal Fatos e Not\u00edcias"},"image":{"@id":"https:\/\/jornalfatosenoticias.com.br\/#\/schema\/logo\/image\/"}},{"@type":"Person","@id":"https:\/\/jornalfatosenoticias.com.br\/#\/schema\/person\/c33fcf5fb02d729d3fec92c6737a22d1","name":"Ana Maria Iencarelli","image":{"@type":"ImageObject","inLanguage":"pt-BR","@id":"https:\/\/jornalfatosenoticias.com.br\/#\/schema\/person\/image\/","url":"https:\/\/jornalfatosenoticias.com.br\/wp-content\/uploads\/2020\/02\/Ana-Maria-Iencarelli-1-150x150.jpg","contentUrl":"https:\/\/jornalfatosenoticias.com.br\/wp-content\/uploads\/2020\/02\/Ana-Maria-Iencarelli-1-150x150.jpg","caption":"Ana Maria Iencarelli"},"description":"Psicanalista Cl\u00ednica, especializada no atendimento a Crian\u00e7as e Adolescentes. Presidente da ONG Vozes de Anjos.","url":"https:\/\/jornalfatosenoticias.com.br\/index.php\/author\/anamaria\/"}]}},"cc_featured_image_caption":{"caption_text":" (Foto: iStock) ","source_text":"","source_url":""},"jetpack_featured_media_url":"https:\/\/jornalfatosenoticias.com.br\/wp-content\/uploads\/2025\/09\/crianca-sociedade-e-a-justica_istock.jpg","_links":{"self":[{"href":"https:\/\/jornalfatosenoticias.com.br\/index.php\/wp-json\/wp\/v2\/posts\/61696","targetHints":{"allow":["GET"]}}],"collection":[{"href":"https:\/\/jornalfatosenoticias.com.br\/index.php\/wp-json\/wp\/v2\/posts"}],"about":[{"href":"https:\/\/jornalfatosenoticias.com.br\/index.php\/wp-json\/wp\/v2\/types\/post"}],"author":[{"embeddable":true,"href":"https:\/\/jornalfatosenoticias.com.br\/index.php\/wp-json\/wp\/v2\/users\/8"}],"replies":[{"embeddable":true,"href":"https:\/\/jornalfatosenoticias.com.br\/index.php\/wp-json\/wp\/v2\/comments?post=61696"}],"version-history":[{"count":0,"href":"https:\/\/jornalfatosenoticias.com.br\/index.php\/wp-json\/wp\/v2\/posts\/61696\/revisions"}],"wp:featuredmedia":[{"embeddable":true,"href":"https:\/\/jornalfatosenoticias.com.br\/index.php\/wp-json\/wp\/v2\/media\/61701"}],"wp:attachment":[{"href":"https:\/\/jornalfatosenoticias.com.br\/index.php\/wp-json\/wp\/v2\/media?parent=61696"}],"wp:term":[{"taxonomy":"category","embeddable":true,"href":"https:\/\/jornalfatosenoticias.com.br\/index.php\/wp-json\/wp\/v2\/categories?post=61696"},{"taxonomy":"post_tag","embeddable":true,"href":"https:\/\/jornalfatosenoticias.com.br\/index.php\/wp-json\/wp\/v2\/tags?post=61696"}],"curies":[{"name":"wp","href":"https:\/\/api.w.org\/{rel}","templated":true}]}}