{"id":61706,"date":"2025-09-04T14:04:07","date_gmt":"2025-09-04T17:04:07","guid":{"rendered":"https:\/\/jornalfatosenoticias.com.br\/?p=61706"},"modified":"2025-09-04T14:04:08","modified_gmt":"2025-09-04T17:04:08","slug":"exclusao-do-icms-para-credito-de-pis-e-cofins-nas-aquisicoes-de-insumos","status":"publish","type":"post","link":"https:\/\/jornalfatosenoticias.com.br\/index.php\/2025\/09\/04\/exclusao-do-icms-para-credito-de-pis-e-cofins-nas-aquisicoes-de-insumos\/","title":{"rendered":"Exclus\u00e3o do ICMS para cr\u00e9dito de PIS e COFINS nas aquisi\u00e7\u00f5es de insumos"},"content":{"rendered":"\n<p><span class=\"has-inline-color has-black-color\"><em>No dia 1.\u00ba de maio de 2023 entrou em vigor a Medida Provis\u00f3ria 1159 de 2023 que trata sobre a exclus\u00e3o do ICMS da base de c\u00e1lculo dos cr\u00e9ditos de PIS e COFINS nas opera\u00e7\u00f5es com entradas de mercadorias<\/em><\/span><\/p>\n\n\n\n<div class=\"wp-block-image\"><figure class=\"aligncenter size-large\"><a href=\"https:\/\/www.controlsystems.com.br\/\"><img loading=\"lazy\" decoding=\"async\" width=\"1024\" height=\"109\" src=\"https:\/\/jornalfatosenoticias.com.br\/wp-content\/uploads\/2020\/02\/CONTROL-CS2-1024x109.jpg\" alt=\"\" class=\"wp-image-44989\" srcset=\"https:\/\/jornalfatosenoticias.com.br\/wp-content\/uploads\/2020\/02\/CONTROL-CS2-1024x109.jpg 1024w, https:\/\/jornalfatosenoticias.com.br\/wp-content\/uploads\/2020\/02\/CONTROL-CS2-300x32.jpg 300w, https:\/\/jornalfatosenoticias.com.br\/wp-content\/uploads\/2020\/02\/CONTROL-CS2-768x82.jpg 768w, https:\/\/jornalfatosenoticias.com.br\/wp-content\/uploads\/2020\/02\/CONTROL-CS2.jpg 1120w\" sizes=\"auto, (max-width: 1024px) 100vw, 1024px\" \/><\/a><\/figure><\/div>\n\n\n\n<p>A Receita Federal do Brasil (RFB) passou a impedir, desde maio de 2023, que os contribuintes apurem cr\u00e9ditos de PIS e COFINS sobre o valor do ICMS destacado nas notas fiscais de aquisi\u00e7\u00e3o de insumos tanto das mercadorias quanto dos servi\u00e7os.<br>Segundo o entendimento da Receita Federal do Brasil, se o ICMS foi exclu\u00eddo da base de c\u00e1lculo das contribui\u00e7\u00f5es nas vendas (conforme decis\u00e3o do STF no <em>Tema 69<\/em>), o mesmo tratamento deve ser aplicado nas compras, ou seja, o ICMS tamb\u00e9m deve ser exclu\u00eddo da base de c\u00e1lculo dos cr\u00e9ditos.<\/p>\n\n\n\n<div class=\"wp-block-image\"><figure class=\"aligncenter size-large is-resized\"><a href=\"https:\/\/www.facebook.com\/profile.php?id=100069289606145\"><img loading=\"lazy\" decoding=\"async\" src=\"https:\/\/jornalfatosenoticias.com.br\/wp-content\/uploads\/2024\/11\/Guaitolini-Contabilidade-1024x714.jpeg\" alt=\"\" class=\"wp-image-55808\" width=\"317\" height=\"221\" srcset=\"https:\/\/jornalfatosenoticias.com.br\/wp-content\/uploads\/2024\/11\/Guaitolini-Contabilidade-1024x714.jpeg 1024w, https:\/\/jornalfatosenoticias.com.br\/wp-content\/uploads\/2024\/11\/Guaitolini-Contabilidade-300x209.jpeg 300w, https:\/\/jornalfatosenoticias.com.br\/wp-content\/uploads\/2024\/11\/Guaitolini-Contabilidade-768x535.jpeg 768w, https:\/\/jornalfatosenoticias.com.br\/wp-content\/uploads\/2024\/11\/Guaitolini-Contabilidade.jpeg 1280w\" sizes=\"auto, (max-width: 317px) 100vw, 317px\" \/><\/a><\/figure><\/div>\n\n\n\n<p>Esse posicionamento est\u00e1 formalizado no Parecer Normativo COSIT n.\u00ba 10\/2021, que possui efeito vinculante para toda a administra\u00e7\u00e3o tribut\u00e1ria federal, ou seja, os auditores fiscais s\u00e3o obrigados a segui-lo. Embora o parecer tenha sido publicado ainda em dezembro de 2021, foi a partir de maio de 2023 que sua aplica\u00e7\u00e3o ganhou for\u00e7a, que outro evento relacionado fortaleceu a tese no tema.<br>Com o fim das possibilidades de recurso nesse tema, a Receita Federal passou a sustentar que, se o ICMS n\u00e3o integra a base de c\u00e1lculo do PIS e da COFINS nas sa\u00eddas (d\u00e9bitos), tamb\u00e9m n\u00e3o pode compor a base de c\u00e1lculo nas entradas (cr\u00e9ditos).<\/p>\n\n\n\n<div class=\"wp-block-image\"><figure class=\"aligncenter size-large\"><img loading=\"lazy\" decoding=\"async\" width=\"1024\" height=\"439\" src=\"https:\/\/jornalfatosenoticias.com.br\/wp-content\/uploads\/2025\/09\/Exclusao-do-ICMS-para-credito-de-PIS-e-COFINS_PIXABAY-1024x439.jpg\" alt=\"\" class=\"wp-image-61707\" srcset=\"https:\/\/jornalfatosenoticias.com.br\/wp-content\/uploads\/2025\/09\/Exclusao-do-ICMS-para-credito-de-PIS-e-COFINS_PIXABAY-1024x439.jpg 1024w, https:\/\/jornalfatosenoticias.com.br\/wp-content\/uploads\/2025\/09\/Exclusao-do-ICMS-para-credito-de-PIS-e-COFINS_PIXABAY-300x129.jpg 300w, https:\/\/jornalfatosenoticias.com.br\/wp-content\/uploads\/2025\/09\/Exclusao-do-ICMS-para-credito-de-PIS-e-COFINS_PIXABAY-768x329.jpg 768w, https:\/\/jornalfatosenoticias.com.br\/wp-content\/uploads\/2025\/09\/Exclusao-do-ICMS-para-credito-de-PIS-e-COFINS_PIXABAY.jpg 1280w\" sizes=\"auto, (max-width: 1024px) 100vw, 1024px\" \/><figcaption><em><span class=\"has-inline-color has-black-color\">(Foto: Pixabay)<\/span><\/em><\/figcaption><\/figure><\/div>\n\n\n\n<p>O motivo dos nossos coment\u00e1rios sobre o tema \u00e9 que o STF, em 7 de maio de 2025, ao julgar o Recurso Extraordin\u00e1rio n.\u00ba 1.542.700\/RJ, o Supremo Tribunal Federal, no Plen\u00e1rio Virtual, concluiu que a controv\u00e9rsia sobre o aproveitamento de cr\u00e9ditos de PIS e COFINS sobre o ICMS incidente nas aquisi\u00e7\u00f5es tem natureza <strong>infraconstitucional,<\/strong> ou seja, n\u00e3o envolve mat\u00e9ria constitucional. Por isso, o STF decidiu <strong>n\u00e3o reconhecer repercuss\u00e3o geral <\/strong>sobre o tema.<br><span class=\"has-inline-color has-black-color\"><em><span style=\"text-decoration: underline;\"><strong>A tese firmada foi a seguinte:<\/strong> \u201c\u00e9 infraconstitucional a controv\u00e9rsia sobre a utiliza\u00e7\u00e3o do ICMS incidente sobre opera\u00e7\u00f5es de aquisi\u00e7\u00e3o para apura\u00e7\u00e3o de cr\u00e9dito de PIS\/COFINS\u201d.<\/span><\/em><\/span><\/p>\n\n\n\n<div class=\"wp-block-image\"><figure class=\"aligncenter size-large is-resized\"><a href=\"https:\/\/panper.com.br\/\"><img loading=\"lazy\" decoding=\"async\" src=\"https:\/\/jornalfatosenoticias.com.br\/wp-content\/uploads\/2023\/03\/logo-Panper_portal.jpg\" alt=\"\" class=\"wp-image-40208\" width=\"322\" height=\"223\" srcset=\"https:\/\/jornalfatosenoticias.com.br\/wp-content\/uploads\/2023\/03\/logo-Panper_portal.jpg 400w, https:\/\/jornalfatosenoticias.com.br\/wp-content\/uploads\/2023\/03\/logo-Panper_portal-300x208.jpg 300w\" sizes=\"auto, (max-width: 322px) 100vw, 322px\" \/><\/a><\/figure><\/div>\n\n\n\n<p>O Superior Tribunal de Justi\u00e7a, por sua vez, afetou os Recursos Especiais n.\u00b0s REsp 2150894\/SC, REsp 2150097\/CE, REsp 2150848\/RS, REsp 2151146\/RS, como paradigmas da controv\u00e9rsia repetitiva descrita no Tema 1364, no qual se busca definir a \u201cPossibilidade de apura\u00e7\u00e3o de cr\u00e9ditos de PIS \/COFINS em regime n\u00e3o cumulativo sobre o valor do ICMS incidente sobre a opera\u00e7\u00e3o de aquisi\u00e7\u00e3o, \u00e0 luz do disposto no art. 3.\u00ba, \u00a7 2\u00ba, III, das Leis 10.637\/2002 e 10.833\/2003, inclu\u00eddo pela Lei 14.592\/2023\u201d.<\/p>\n\n\n\n<div class=\"wp-block-image\"><figure class=\"aligncenter size-large is-resized\"><a href=\"https:\/\/www.instagram.com\/gruposei\/\"><img loading=\"lazy\" decoding=\"async\" src=\"https:\/\/jornalfatosenoticias.com.br\/wp-content\/uploads\/2022\/07\/Logo-Grupo-SEI.jpg\" alt=\"\" class=\"wp-image-31973\" width=\"358\" height=\"188\" srcset=\"https:\/\/jornalfatosenoticias.com.br\/wp-content\/uploads\/2022\/07\/Logo-Grupo-SEI.jpg 713w, https:\/\/jornalfatosenoticias.com.br\/wp-content\/uploads\/2022\/07\/Logo-Grupo-SEI-300x158.jpg 300w\" sizes=\"auto, (max-width: 358px) 100vw, 358px\" \/><\/a><\/figure><\/div>\n\n\n\n<p>Portanto, caber\u00e1 ao STJ dar a \u00faltima palavra sobre a legalidade da veda\u00e7\u00e3o ao cr\u00e9dito de ICMS nas aquisi\u00e7\u00f5es, com potencial impacto significativo sobre a carga tribut\u00e1ria de contribuintes em todo o pa\u00eds.<\/p>\n\n\n\n<div class=\"wp-block-image\"><figure class=\"aligncenter size-large is-resized\"><a href=\"https:\/\/www.facebook.com\/vetor.vix\/\"><img loading=\"lazy\" decoding=\"async\" src=\"https:\/\/jornalfatosenoticias.com.br\/wp-content\/uploads\/2023\/09\/vetorvix1024_1.jpg\" alt=\"\" class=\"wp-image-44868\" width=\"509\" height=\"135\" srcset=\"https:\/\/jornalfatosenoticias.com.br\/wp-content\/uploads\/2023\/09\/vetorvix1024_1.jpg 1024w, https:\/\/jornalfatosenoticias.com.br\/wp-content\/uploads\/2023\/09\/vetorvix1024_1-300x80.jpg 300w, https:\/\/jornalfatosenoticias.com.br\/wp-content\/uploads\/2023\/09\/vetorvix1024_1-768x205.jpg 768w\" sizes=\"auto, (max-width: 509px) 100vw, 509px\" \/><\/a><\/figure><\/div>\n\n\n\n<p><strong><span class=\"has-inline-color has-black-color\">CONCLUS\u00c3O<\/span><\/strong><br>Considerando que o ICMS incidente nas aquisi\u00e7\u00f5es representa um custo expressivo para empresas do com\u00e9rcio, da ind\u00fastria e de servi\u00e7os, o direito ao cr\u00e9dito de PIS e COFINS sobre esse valor pode gerar uma economia tribut\u00e1ria expressiva. Assim, recomendamos que as empresas exer\u00e7am o seu direito de discutir judicialmente o tema, por meio de mandado de seguran\u00e7a, que assegura a n\u00e3o condena\u00e7\u00e3o em honor\u00e1rios de sucumb\u00eancia, devendo, todavia, garantir o ajuizamento antes do in\u00edcio do julgamento do Tema 1364 pelo STJ.<\/p>\n\n\n\n<div class=\"wp-block-image\"><figure class=\"aligncenter size-large is-resized\"><a href=\"https:\/\/legisjuris.com.br\/\"><img loading=\"lazy\" decoding=\"async\" src=\"https:\/\/jornalfatosenoticias.com.br\/wp-content\/uploads\/2024\/09\/Legis-Juris-Consultoria_logo.jpg\" alt=\"\" class=\"wp-image-53915\" width=\"480\" height=\"201\" srcset=\"https:\/\/jornalfatosenoticias.com.br\/wp-content\/uploads\/2024\/09\/Legis-Juris-Consultoria_logo.jpg 969w, https:\/\/jornalfatosenoticias.com.br\/wp-content\/uploads\/2024\/09\/Legis-Juris-Consultoria_logo-300x126.jpg 300w, https:\/\/jornalfatosenoticias.com.br\/wp-content\/uploads\/2024\/09\/Legis-Juris-Consultoria_logo-768x322.jpg 768w\" sizes=\"auto, (max-width: 480px) 100vw, 480px\" \/><\/a><\/figure><\/div>\n","protected":false},"excerpt":{"rendered":"<p>No dia 1.\u00ba de maio de 2023 entrou em vigor a Medida Provis\u00f3ria 1159 de 2023 que trata sobre a exclus\u00e3o do ICMS da base de c\u00e1lculo dos cr\u00e9ditos de PIS e COFINS nas opera\u00e7\u00f5es com entradas de mercadorias A Receita Federal do Brasil (RFB) passou a impedir, desde maio de 2023, que os contribuintes [&hellip;]<\/p>\n","protected":false},"author":39,"featured_media":61708,"comment_status":"open","ping_status":"open","sticky":false,"template":"","format":"standard","meta":{"footnotes":""},"categories":[9],"tags":[26551,25331,28152,1171,983,28151,28150,26321,1404,14905],"class_list":["post-61706","post","type-post","status-publish","format-standard","has-post-thumbnail","hentry","category-economia","tag-base-de-calculo","tag-creditos","tag-exclusao-do-icms","tag-icms","tag-medida-provisoria","tag-mercadorias","tag-operacoes","tag-pis-e-cofins","tag-receita-federal","tag-stj"],"yoast_head":"<!-- This site is optimized with the Yoast SEO plugin v26.5 - https:\/\/yoast.com\/wordpress\/plugins\/seo\/ -->\n<title>Exclus\u00e3o do ICMS para cr\u00e9dito de PIS e COFINS nas aquisi\u00e7\u00f5es de insumos - Jornal Fatos e Not\u00edcias<\/title>\n<meta name=\"robots\" content=\"index, follow, max-snippet:-1, max-image-preview:large, max-video-preview:-1\" \/>\n<link rel=\"canonical\" href=\"https:\/\/jornalfatosenoticias.com.br\/index.php\/2025\/09\/04\/exclusao-do-icms-para-credito-de-pis-e-cofins-nas-aquisicoes-de-insumos\/\" \/>\n<meta property=\"og:locale\" content=\"pt_BR\" \/>\n<meta property=\"og:type\" content=\"article\" \/>\n<meta property=\"og:title\" content=\"Exclus\u00e3o do ICMS para cr\u00e9dito de PIS e COFINS nas aquisi\u00e7\u00f5es de insumos - Jornal Fatos e Not\u00edcias\" \/>\n<meta property=\"og:description\" content=\"No dia 1.\u00ba de maio de 2023 entrou em vigor a Medida Provis\u00f3ria 1159 de 2023 que trata sobre a exclus\u00e3o do ICMS da base de c\u00e1lculo dos cr\u00e9ditos de PIS e COFINS nas opera\u00e7\u00f5es com entradas de mercadorias A Receita Federal do Brasil (RFB) passou a impedir, desde maio de 2023, que os contribuintes [&hellip;]\" \/>\n<meta property=\"og:url\" content=\"https:\/\/jornalfatosenoticias.com.br\/index.php\/2025\/09\/04\/exclusao-do-icms-para-credito-de-pis-e-cofins-nas-aquisicoes-de-insumos\/\" \/>\n<meta property=\"og:site_name\" content=\"Jornal Fatos e Not\u00edcias\" \/>\n<meta property=\"article:published_time\" content=\"2025-09-04T17:04:07+00:00\" \/>\n<meta property=\"article:modified_time\" content=\"2025-09-04T17:04:08+00:00\" \/>\n<meta property=\"og:image\" content=\"https:\/\/jornalfatosenoticias.com.br\/wp-content\/uploads\/2025\/09\/Exclusao-do-ICMS-para-credito-de-PIS-e-COFINS_freepik.jpg\" \/>\n\t<meta property=\"og:image:width\" content=\"1000\" \/>\n\t<meta property=\"og:image:height\" content=\"666\" \/>\n\t<meta property=\"og:image:type\" content=\"image\/jpeg\" \/>\n<meta name=\"author\" content=\"Rogerio Fernandes e Kalyne Calais\" \/>\n<meta name=\"twitter:card\" content=\"summary_large_image\" \/>\n<meta name=\"twitter:label1\" content=\"Escrito por\" \/>\n\t<meta name=\"twitter:data1\" content=\"Rogerio Fernandes e Kalyne Calais\" \/>\n\t<meta name=\"twitter:label2\" content=\"Est. tempo de leitura\" \/>\n\t<meta name=\"twitter:data2\" content=\"3 minutos\" \/>\n<script type=\"application\/ld+json\" class=\"yoast-schema-graph\">{\"@context\":\"https:\/\/schema.org\",\"@graph\":[{\"@type\":\"Article\",\"@id\":\"https:\/\/jornalfatosenoticias.com.br\/index.php\/2025\/09\/04\/exclusao-do-icms-para-credito-de-pis-e-cofins-nas-aquisicoes-de-insumos\/#article\",\"isPartOf\":{\"@id\":\"https:\/\/jornalfatosenoticias.com.br\/index.php\/2025\/09\/04\/exclusao-do-icms-para-credito-de-pis-e-cofins-nas-aquisicoes-de-insumos\/\"},\"author\":{\"name\":\"Rogerio Fernandes e Kalyne Calais\",\"@id\":\"https:\/\/jornalfatosenoticias.com.br\/#\/schema\/person\/dbe3a29c2a0ae01a892d7aef31d6c0b6\"},\"headline\":\"Exclus\u00e3o do ICMS para cr\u00e9dito de PIS e COFINS nas aquisi\u00e7\u00f5es de insumos\",\"datePublished\":\"2025-09-04T17:04:07+00:00\",\"dateModified\":\"2025-09-04T17:04:08+00:00\",\"mainEntityOfPage\":{\"@id\":\"https:\/\/jornalfatosenoticias.com.br\/index.php\/2025\/09\/04\/exclusao-do-icms-para-credito-de-pis-e-cofins-nas-aquisicoes-de-insumos\/\"},\"wordCount\":596,\"commentCount\":0,\"publisher\":{\"@id\":\"https:\/\/jornalfatosenoticias.com.br\/#organization\"},\"image\":{\"@id\":\"https:\/\/jornalfatosenoticias.com.br\/index.php\/2025\/09\/04\/exclusao-do-icms-para-credito-de-pis-e-cofins-nas-aquisicoes-de-insumos\/#primaryimage\"},\"thumbnailUrl\":\"https:\/\/jornalfatosenoticias.com.br\/wp-content\/uploads\/2025\/09\/Exclusao-do-ICMS-para-credito-de-PIS-e-COFINS_freepik.jpg\",\"keywords\":[\"base de c\u00e1lculo\",\"cr\u00e9ditos\",\"exclus\u00e3o do ICMS\",\"ICMS\",\"Medida Provis\u00f3ria\",\"mercadorias\",\"opera\u00e7\u00f5es\",\"PIS e Cofins\",\"Receita Federal\",\"STJ\"],\"articleSection\":[\"Economia\"],\"inLanguage\":\"pt-BR\",\"potentialAction\":[{\"@type\":\"CommentAction\",\"name\":\"Comment\",\"target\":[\"https:\/\/jornalfatosenoticias.com.br\/index.php\/2025\/09\/04\/exclusao-do-icms-para-credito-de-pis-e-cofins-nas-aquisicoes-de-insumos\/#respond\"]}]},{\"@type\":\"WebPage\",\"@id\":\"https:\/\/jornalfatosenoticias.com.br\/index.php\/2025\/09\/04\/exclusao-do-icms-para-credito-de-pis-e-cofins-nas-aquisicoes-de-insumos\/\",\"url\":\"https:\/\/jornalfatosenoticias.com.br\/index.php\/2025\/09\/04\/exclusao-do-icms-para-credito-de-pis-e-cofins-nas-aquisicoes-de-insumos\/\",\"name\":\"Exclus\u00e3o do ICMS para cr\u00e9dito de PIS e COFINS nas aquisi\u00e7\u00f5es de insumos - Jornal Fatos e Not\u00edcias\",\"isPartOf\":{\"@id\":\"https:\/\/jornalfatosenoticias.com.br\/#website\"},\"primaryImageOfPage\":{\"@id\":\"https:\/\/jornalfatosenoticias.com.br\/index.php\/2025\/09\/04\/exclusao-do-icms-para-credito-de-pis-e-cofins-nas-aquisicoes-de-insumos\/#primaryimage\"},\"image\":{\"@id\":\"https:\/\/jornalfatosenoticias.com.br\/index.php\/2025\/09\/04\/exclusao-do-icms-para-credito-de-pis-e-cofins-nas-aquisicoes-de-insumos\/#primaryimage\"},\"thumbnailUrl\":\"https:\/\/jornalfatosenoticias.com.br\/wp-content\/uploads\/2025\/09\/Exclusao-do-ICMS-para-credito-de-PIS-e-COFINS_freepik.jpg\",\"datePublished\":\"2025-09-04T17:04:07+00:00\",\"dateModified\":\"2025-09-04T17:04:08+00:00\",\"breadcrumb\":{\"@id\":\"https:\/\/jornalfatosenoticias.com.br\/index.php\/2025\/09\/04\/exclusao-do-icms-para-credito-de-pis-e-cofins-nas-aquisicoes-de-insumos\/#breadcrumb\"},\"inLanguage\":\"pt-BR\",\"potentialAction\":[{\"@type\":\"ReadAction\",\"target\":[\"https:\/\/jornalfatosenoticias.com.br\/index.php\/2025\/09\/04\/exclusao-do-icms-para-credito-de-pis-e-cofins-nas-aquisicoes-de-insumos\/\"]}]},{\"@type\":\"ImageObject\",\"inLanguage\":\"pt-BR\",\"@id\":\"https:\/\/jornalfatosenoticias.com.br\/index.php\/2025\/09\/04\/exclusao-do-icms-para-credito-de-pis-e-cofins-nas-aquisicoes-de-insumos\/#primaryimage\",\"url\":\"https:\/\/jornalfatosenoticias.com.br\/wp-content\/uploads\/2025\/09\/Exclusao-do-ICMS-para-credito-de-PIS-e-COFINS_freepik.jpg\",\"contentUrl\":\"https:\/\/jornalfatosenoticias.com.br\/wp-content\/uploads\/2025\/09\/Exclusao-do-ICMS-para-credito-de-PIS-e-COFINS_freepik.jpg\",\"width\":1000,\"height\":666},{\"@type\":\"BreadcrumbList\",\"@id\":\"https:\/\/jornalfatosenoticias.com.br\/index.php\/2025\/09\/04\/exclusao-do-icms-para-credito-de-pis-e-cofins-nas-aquisicoes-de-insumos\/#breadcrumb\",\"itemListElement\":[{\"@type\":\"ListItem\",\"position\":1,\"name\":\"In\u00edcio\",\"item\":\"https:\/\/jornalfatosenoticias.com.br\/\"},{\"@type\":\"ListItem\",\"position\":2,\"name\":\"Exclus\u00e3o do ICMS para cr\u00e9dito de PIS e COFINS nas aquisi\u00e7\u00f5es de insumos\"}]},{\"@type\":\"WebSite\",\"@id\":\"https:\/\/jornalfatosenoticias.com.br\/#website\",\"url\":\"https:\/\/jornalfatosenoticias.com.br\/\",\"name\":\"Jornal Fatos e Not\u00edcias\",\"description\":\"Not\u00edcias em geral\",\"publisher\":{\"@id\":\"https:\/\/jornalfatosenoticias.com.br\/#organization\"},\"potentialAction\":[{\"@type\":\"SearchAction\",\"target\":{\"@type\":\"EntryPoint\",\"urlTemplate\":\"https:\/\/jornalfatosenoticias.com.br\/?s={search_term_string}\"},\"query-input\":{\"@type\":\"PropertyValueSpecification\",\"valueRequired\":true,\"valueName\":\"search_term_string\"}}],\"inLanguage\":\"pt-BR\"},{\"@type\":\"Organization\",\"@id\":\"https:\/\/jornalfatosenoticias.com.br\/#organization\",\"name\":\"Jornal Fatos e Not\u00edcias\",\"url\":\"https:\/\/jornalfatosenoticias.com.br\/\",\"logo\":{\"@type\":\"ImageObject\",\"inLanguage\":\"pt-BR\",\"@id\":\"https:\/\/jornalfatosenoticias.com.br\/#\/schema\/logo\/image\/\",\"url\":\"https:\/\/jornalfatosenoticias.com.br\/wp-content\/uploads\/2020\/02\/logo120.png\",\"contentUrl\":\"https:\/\/jornalfatosenoticias.com.br\/wp-content\/uploads\/2020\/02\/logo120.png\",\"width\":1227,\"height\":120,\"caption\":\"Jornal Fatos e Not\u00edcias\"},\"image\":{\"@id\":\"https:\/\/jornalfatosenoticias.com.br\/#\/schema\/logo\/image\/\"}},{\"@type\":\"Person\",\"@id\":\"https:\/\/jornalfatosenoticias.com.br\/#\/schema\/person\/dbe3a29c2a0ae01a892d7aef31d6c0b6\",\"name\":\"Rogerio Fernandes e Kalyne Calais\",\"image\":{\"@type\":\"ImageObject\",\"inLanguage\":\"pt-BR\",\"@id\":\"https:\/\/jornalfatosenoticias.com.br\/#\/schema\/person\/image\/\",\"url\":\"https:\/\/jornalfatosenoticias.com.br\/wp-content\/uploads\/2026\/01\/Rogerio-Kalyne_PORTAL-1-150x150.jpeg\",\"contentUrl\":\"https:\/\/jornalfatosenoticias.com.br\/wp-content\/uploads\/2026\/01\/Rogerio-Kalyne_PORTAL-1-150x150.jpeg\",\"caption\":\"Rogerio Fernandes e Kalyne Calais\"},\"description\":\"Especialistas em Direito Tribut\u00e1rio Legis Juris Consultoria https:\/\/www.instagram.com\/kalynecalais\/ https:\/\/www.linkedin.com\/company\/legis-juris\/\",\"url\":\"https:\/\/jornalfatosenoticias.com.br\/index.php\/author\/rogerio-e-kalyne\/\"}]}<\/script>\n<!-- \/ Yoast SEO plugin. -->","yoast_head_json":{"title":"Exclus\u00e3o do ICMS para cr\u00e9dito de PIS e COFINS nas aquisi\u00e7\u00f5es de insumos - Jornal Fatos e Not\u00edcias","robots":{"index":"index","follow":"follow","max-snippet":"max-snippet:-1","max-image-preview":"max-image-preview:large","max-video-preview":"max-video-preview:-1"},"canonical":"https:\/\/jornalfatosenoticias.com.br\/index.php\/2025\/09\/04\/exclusao-do-icms-para-credito-de-pis-e-cofins-nas-aquisicoes-de-insumos\/","og_locale":"pt_BR","og_type":"article","og_title":"Exclus\u00e3o do ICMS para cr\u00e9dito de PIS e COFINS nas aquisi\u00e7\u00f5es de insumos - Jornal Fatos e Not\u00edcias","og_description":"No dia 1.\u00ba de maio de 2023 entrou em vigor a Medida Provis\u00f3ria 1159 de 2023 que trata sobre a exclus\u00e3o do ICMS da base de c\u00e1lculo dos cr\u00e9ditos de PIS e COFINS nas opera\u00e7\u00f5es com entradas de mercadorias A Receita Federal do Brasil (RFB) passou a impedir, desde maio de 2023, que os contribuintes [&hellip;]","og_url":"https:\/\/jornalfatosenoticias.com.br\/index.php\/2025\/09\/04\/exclusao-do-icms-para-credito-de-pis-e-cofins-nas-aquisicoes-de-insumos\/","og_site_name":"Jornal Fatos e Not\u00edcias","article_published_time":"2025-09-04T17:04:07+00:00","article_modified_time":"2025-09-04T17:04:08+00:00","og_image":[{"width":1000,"height":666,"url":"https:\/\/jornalfatosenoticias.com.br\/wp-content\/uploads\/2025\/09\/Exclusao-do-ICMS-para-credito-de-PIS-e-COFINS_freepik.jpg","type":"image\/jpeg"}],"author":"Rogerio Fernandes e Kalyne Calais","twitter_card":"summary_large_image","twitter_misc":{"Escrito por":"Rogerio Fernandes e Kalyne Calais","Est. tempo de leitura":"3 minutos"},"schema":{"@context":"https:\/\/schema.org","@graph":[{"@type":"Article","@id":"https:\/\/jornalfatosenoticias.com.br\/index.php\/2025\/09\/04\/exclusao-do-icms-para-credito-de-pis-e-cofins-nas-aquisicoes-de-insumos\/#article","isPartOf":{"@id":"https:\/\/jornalfatosenoticias.com.br\/index.php\/2025\/09\/04\/exclusao-do-icms-para-credito-de-pis-e-cofins-nas-aquisicoes-de-insumos\/"},"author":{"name":"Rogerio Fernandes e Kalyne Calais","@id":"https:\/\/jornalfatosenoticias.com.br\/#\/schema\/person\/dbe3a29c2a0ae01a892d7aef31d6c0b6"},"headline":"Exclus\u00e3o do ICMS para cr\u00e9dito de PIS e COFINS nas aquisi\u00e7\u00f5es de insumos","datePublished":"2025-09-04T17:04:07+00:00","dateModified":"2025-09-04T17:04:08+00:00","mainEntityOfPage":{"@id":"https:\/\/jornalfatosenoticias.com.br\/index.php\/2025\/09\/04\/exclusao-do-icms-para-credito-de-pis-e-cofins-nas-aquisicoes-de-insumos\/"},"wordCount":596,"commentCount":0,"publisher":{"@id":"https:\/\/jornalfatosenoticias.com.br\/#organization"},"image":{"@id":"https:\/\/jornalfatosenoticias.com.br\/index.php\/2025\/09\/04\/exclusao-do-icms-para-credito-de-pis-e-cofins-nas-aquisicoes-de-insumos\/#primaryimage"},"thumbnailUrl":"https:\/\/jornalfatosenoticias.com.br\/wp-content\/uploads\/2025\/09\/Exclusao-do-ICMS-para-credito-de-PIS-e-COFINS_freepik.jpg","keywords":["base de c\u00e1lculo","cr\u00e9ditos","exclus\u00e3o do ICMS","ICMS","Medida Provis\u00f3ria","mercadorias","opera\u00e7\u00f5es","PIS e Cofins","Receita Federal","STJ"],"articleSection":["Economia"],"inLanguage":"pt-BR","potentialAction":[{"@type":"CommentAction","name":"Comment","target":["https:\/\/jornalfatosenoticias.com.br\/index.php\/2025\/09\/04\/exclusao-do-icms-para-credito-de-pis-e-cofins-nas-aquisicoes-de-insumos\/#respond"]}]},{"@type":"WebPage","@id":"https:\/\/jornalfatosenoticias.com.br\/index.php\/2025\/09\/04\/exclusao-do-icms-para-credito-de-pis-e-cofins-nas-aquisicoes-de-insumos\/","url":"https:\/\/jornalfatosenoticias.com.br\/index.php\/2025\/09\/04\/exclusao-do-icms-para-credito-de-pis-e-cofins-nas-aquisicoes-de-insumos\/","name":"Exclus\u00e3o do ICMS para cr\u00e9dito de PIS e COFINS nas aquisi\u00e7\u00f5es de insumos - Jornal Fatos e Not\u00edcias","isPartOf":{"@id":"https:\/\/jornalfatosenoticias.com.br\/#website"},"primaryImageOfPage":{"@id":"https:\/\/jornalfatosenoticias.com.br\/index.php\/2025\/09\/04\/exclusao-do-icms-para-credito-de-pis-e-cofins-nas-aquisicoes-de-insumos\/#primaryimage"},"image":{"@id":"https:\/\/jornalfatosenoticias.com.br\/index.php\/2025\/09\/04\/exclusao-do-icms-para-credito-de-pis-e-cofins-nas-aquisicoes-de-insumos\/#primaryimage"},"thumbnailUrl":"https:\/\/jornalfatosenoticias.com.br\/wp-content\/uploads\/2025\/09\/Exclusao-do-ICMS-para-credito-de-PIS-e-COFINS_freepik.jpg","datePublished":"2025-09-04T17:04:07+00:00","dateModified":"2025-09-04T17:04:08+00:00","breadcrumb":{"@id":"https:\/\/jornalfatosenoticias.com.br\/index.php\/2025\/09\/04\/exclusao-do-icms-para-credito-de-pis-e-cofins-nas-aquisicoes-de-insumos\/#breadcrumb"},"inLanguage":"pt-BR","potentialAction":[{"@type":"ReadAction","target":["https:\/\/jornalfatosenoticias.com.br\/index.php\/2025\/09\/04\/exclusao-do-icms-para-credito-de-pis-e-cofins-nas-aquisicoes-de-insumos\/"]}]},{"@type":"ImageObject","inLanguage":"pt-BR","@id":"https:\/\/jornalfatosenoticias.com.br\/index.php\/2025\/09\/04\/exclusao-do-icms-para-credito-de-pis-e-cofins-nas-aquisicoes-de-insumos\/#primaryimage","url":"https:\/\/jornalfatosenoticias.com.br\/wp-content\/uploads\/2025\/09\/Exclusao-do-ICMS-para-credito-de-PIS-e-COFINS_freepik.jpg","contentUrl":"https:\/\/jornalfatosenoticias.com.br\/wp-content\/uploads\/2025\/09\/Exclusao-do-ICMS-para-credito-de-PIS-e-COFINS_freepik.jpg","width":1000,"height":666},{"@type":"BreadcrumbList","@id":"https:\/\/jornalfatosenoticias.com.br\/index.php\/2025\/09\/04\/exclusao-do-icms-para-credito-de-pis-e-cofins-nas-aquisicoes-de-insumos\/#breadcrumb","itemListElement":[{"@type":"ListItem","position":1,"name":"In\u00edcio","item":"https:\/\/jornalfatosenoticias.com.br\/"},{"@type":"ListItem","position":2,"name":"Exclus\u00e3o do ICMS para cr\u00e9dito de PIS e COFINS nas aquisi\u00e7\u00f5es de insumos"}]},{"@type":"WebSite","@id":"https:\/\/jornalfatosenoticias.com.br\/#website","url":"https:\/\/jornalfatosenoticias.com.br\/","name":"Jornal Fatos e Not\u00edcias","description":"Not\u00edcias em geral","publisher":{"@id":"https:\/\/jornalfatosenoticias.com.br\/#organization"},"potentialAction":[{"@type":"SearchAction","target":{"@type":"EntryPoint","urlTemplate":"https:\/\/jornalfatosenoticias.com.br\/?s={search_term_string}"},"query-input":{"@type":"PropertyValueSpecification","valueRequired":true,"valueName":"search_term_string"}}],"inLanguage":"pt-BR"},{"@type":"Organization","@id":"https:\/\/jornalfatosenoticias.com.br\/#organization","name":"Jornal Fatos e Not\u00edcias","url":"https:\/\/jornalfatosenoticias.com.br\/","logo":{"@type":"ImageObject","inLanguage":"pt-BR","@id":"https:\/\/jornalfatosenoticias.com.br\/#\/schema\/logo\/image\/","url":"https:\/\/jornalfatosenoticias.com.br\/wp-content\/uploads\/2020\/02\/logo120.png","contentUrl":"https:\/\/jornalfatosenoticias.com.br\/wp-content\/uploads\/2020\/02\/logo120.png","width":1227,"height":120,"caption":"Jornal Fatos e Not\u00edcias"},"image":{"@id":"https:\/\/jornalfatosenoticias.com.br\/#\/schema\/logo\/image\/"}},{"@type":"Person","@id":"https:\/\/jornalfatosenoticias.com.br\/#\/schema\/person\/dbe3a29c2a0ae01a892d7aef31d6c0b6","name":"Rogerio Fernandes e Kalyne Calais","image":{"@type":"ImageObject","inLanguage":"pt-BR","@id":"https:\/\/jornalfatosenoticias.com.br\/#\/schema\/person\/image\/","url":"https:\/\/jornalfatosenoticias.com.br\/wp-content\/uploads\/2026\/01\/Rogerio-Kalyne_PORTAL-1-150x150.jpeg","contentUrl":"https:\/\/jornalfatosenoticias.com.br\/wp-content\/uploads\/2026\/01\/Rogerio-Kalyne_PORTAL-1-150x150.jpeg","caption":"Rogerio Fernandes e Kalyne Calais"},"description":"Especialistas em Direito Tribut\u00e1rio Legis Juris Consultoria https:\/\/www.instagram.com\/kalynecalais\/ https:\/\/www.linkedin.com\/company\/legis-juris\/","url":"https:\/\/jornalfatosenoticias.com.br\/index.php\/author\/rogerio-e-kalyne\/"}]}},"cc_featured_image_caption":{"caption_text":"(Foto: Freepik)  ","source_text":"","source_url":""},"jetpack_featured_media_url":"https:\/\/jornalfatosenoticias.com.br\/wp-content\/uploads\/2025\/09\/Exclusao-do-ICMS-para-credito-de-PIS-e-COFINS_freepik.jpg","_links":{"self":[{"href":"https:\/\/jornalfatosenoticias.com.br\/index.php\/wp-json\/wp\/v2\/posts\/61706","targetHints":{"allow":["GET"]}}],"collection":[{"href":"https:\/\/jornalfatosenoticias.com.br\/index.php\/wp-json\/wp\/v2\/posts"}],"about":[{"href":"https:\/\/jornalfatosenoticias.com.br\/index.php\/wp-json\/wp\/v2\/types\/post"}],"author":[{"embeddable":true,"href":"https:\/\/jornalfatosenoticias.com.br\/index.php\/wp-json\/wp\/v2\/users\/39"}],"replies":[{"embeddable":true,"href":"https:\/\/jornalfatosenoticias.com.br\/index.php\/wp-json\/wp\/v2\/comments?post=61706"}],"version-history":[{"count":0,"href":"https:\/\/jornalfatosenoticias.com.br\/index.php\/wp-json\/wp\/v2\/posts\/61706\/revisions"}],"wp:featuredmedia":[{"embeddable":true,"href":"https:\/\/jornalfatosenoticias.com.br\/index.php\/wp-json\/wp\/v2\/media\/61708"}],"wp:attachment":[{"href":"https:\/\/jornalfatosenoticias.com.br\/index.php\/wp-json\/wp\/v2\/media?parent=61706"}],"wp:term":[{"taxonomy":"category","embeddable":true,"href":"https:\/\/jornalfatosenoticias.com.br\/index.php\/wp-json\/wp\/v2\/categories?post=61706"},{"taxonomy":"post_tag","embeddable":true,"href":"https:\/\/jornalfatosenoticias.com.br\/index.php\/wp-json\/wp\/v2\/tags?post=61706"}],"curies":[{"name":"wp","href":"https:\/\/api.w.org\/{rel}","templated":true}]}}