{"id":61720,"date":"2025-09-04T14:34:12","date_gmt":"2025-09-04T17:34:12","guid":{"rendered":"https:\/\/jornalfatosenoticias.com.br\/?p=61720"},"modified":"2025-09-04T14:34:14","modified_gmt":"2025-09-04T17:34:14","slug":"o-papel-do-lider-comercial-quando-o-cliente-muda-mais-rapido-que-a-empresa","status":"publish","type":"post","link":"https:\/\/jornalfatosenoticias.com.br\/index.php\/2025\/09\/04\/o-papel-do-lider-comercial-quando-o-cliente-muda-mais-rapido-que-a-empresa\/","title":{"rendered":"O papel do l\u00edder comercial quando o cliente muda mais r\u00e1pido que a empresa"},"content":{"rendered":"\n<div class=\"wp-block-image\"><figure class=\"aligncenter size-large\"><a href=\"https:\/\/www.instagram.com\/rcradiadores\/\"><img loading=\"lazy\" decoding=\"async\" width=\"560\" height=\"60\" src=\"https:\/\/jornalfatosenoticias.com.br\/wp-content\/uploads\/2022\/10\/Propaganda-RC-Radiadores-Jornal_page-0001.jpg\" alt=\"\" class=\"wp-image-35270\" srcset=\"https:\/\/jornalfatosenoticias.com.br\/wp-content\/uploads\/2022\/10\/Propaganda-RC-Radiadores-Jornal_page-0001.jpg 560w, https:\/\/jornalfatosenoticias.com.br\/wp-content\/uploads\/2022\/10\/Propaganda-RC-Radiadores-Jornal_page-0001-300x32.jpg 300w\" sizes=\"auto, (max-width: 560px) 100vw, 560px\" \/><\/a><\/figure><\/div>\n\n\n\n<p>Vivemos uma era em que o cliente avan\u00e7a mais r\u00e1pido que muitas empresas. Com acesso instant\u00e2neo a informa\u00e7\u00f5es, comparativos de pre\u00e7os, avalia\u00e7\u00f5es on-line e novas op\u00e7\u00f5es a cada clique, o consumidor atual \u00e9 mais informado, mais exigente e menos tolerante a falhas. Nesse cen\u00e1rio, o l\u00edder comercial assume um papel central: preparar sua equipe para lidar com essa nova realidade, onde improviso e discurso decorado j\u00e1 n\u00e3o funcionam.<\/p>\n\n\n\n<div class=\"wp-block-image\"><figure class=\"aligncenter size-large is-resized\"><a href=\"https:\/\/www.facebook.com\/profile.php?id=100069289606145\"><img loading=\"lazy\" decoding=\"async\" src=\"https:\/\/jornalfatosenoticias.com.br\/wp-content\/uploads\/2024\/11\/Guaitolini-Contabilidade-1024x714.jpeg\" alt=\"\" class=\"wp-image-55808\" width=\"345\" height=\"240\" srcset=\"https:\/\/jornalfatosenoticias.com.br\/wp-content\/uploads\/2024\/11\/Guaitolini-Contabilidade-1024x714.jpeg 1024w, https:\/\/jornalfatosenoticias.com.br\/wp-content\/uploads\/2024\/11\/Guaitolini-Contabilidade-300x209.jpeg 300w, https:\/\/jornalfatosenoticias.com.br\/wp-content\/uploads\/2024\/11\/Guaitolini-Contabilidade-768x535.jpeg 768w, https:\/\/jornalfatosenoticias.com.br\/wp-content\/uploads\/2024\/11\/Guaitolini-Contabilidade.jpeg 1280w\" sizes=\"auto, (max-width: 345px) 100vw, 345px\" \/><\/a><\/figure><\/div>\n\n\n\n<p><strong><span class=\"has-inline-color has-vivid-cyan-blue-color\">O cliente saiu na frente<br><\/span><\/strong>Antes, a rela\u00e7\u00e3o de poder estava mais equilibrada: o vendedor detinha grande parte da informa\u00e7\u00e3o e conduzia a conversa. Hoje, o cliente chega sabendo quase tudo sobre o produto \u2014 caracter\u00edsticas t\u00e9cnicas, vantagens, desvantagens e at\u00e9 a margem de lucro m\u00e9dia do setor. <\/p>\n\n\n\n<div class=\"wp-block-image\"><figure class=\"aligncenter size-large\"><a href=\"http:\/\/www.ferrarimaquinas.com.br\/\"><img loading=\"lazy\" decoding=\"async\" width=\"300\" height=\"250\" src=\"https:\/\/jornalfatosenoticias.com.br\/wp-content\/uploads\/2022\/02\/FERRARI_MAQUINAS-E-FERRAMENTAS2.jpg\" alt=\"\" class=\"wp-image-27860\"\/><\/a><\/figure><\/div>\n\n\n\n<p>Ele n\u00e3o quer apenas informa\u00e7\u00f5es; quer solu\u00e7\u00f5es personalizadas, atendimento \u00e1gil e experi\u00eancias que fa\u00e7am sentido para seu contexto. Quando a empresa n\u00e3o acompanha esse ritmo de mudan\u00e7a, o risco \u00e9 claro: perder espa\u00e7o para concorrentes mais r\u00e1pidos, mais adapt\u00e1veis e mais conectados.<\/p>\n\n\n\n<div class=\"wp-block-image\"><figure class=\"aligncenter size-large is-resized\"><a href=\"https:\/\/www.instagram.com\/gruposei\/\"><img loading=\"lazy\" decoding=\"async\" src=\"https:\/\/jornalfatosenoticias.com.br\/wp-content\/uploads\/2022\/07\/Logo-Grupo-SEI.jpg\" alt=\"\" class=\"wp-image-31973\" width=\"360\" height=\"189\" srcset=\"https:\/\/jornalfatosenoticias.com.br\/wp-content\/uploads\/2022\/07\/Logo-Grupo-SEI.jpg 713w, https:\/\/jornalfatosenoticias.com.br\/wp-content\/uploads\/2022\/07\/Logo-Grupo-SEI-300x158.jpg 300w\" sizes=\"auto, (max-width: 360px) 100vw, 360px\" \/><\/a><\/figure><\/div>\n\n\n\n<p><strong><span class=\"has-inline-color has-vivid-cyan-blue-color\">A nova fun\u00e7\u00e3o do l\u00edder comercial<br><\/span><\/strong>Nesse ambiente, o l\u00edder comercial n\u00e3o pode ser apenas um gestor de metas. Seu papel se torna o de <strong><span class=\"has-inline-color has-black-color\">orquestrador de aprendizado e adapta\u00e7\u00e3o.<\/span><\/strong> Isso exige tr\u00eas responsabilidades principais:<br><strong>1. Preparar a equipe para escutar de verdade<br><\/strong>O cliente informado n\u00e3o precisa de vendedores que falem muito, mas de profissionais que saibam fazer as perguntas certas. O l\u00edder deve estimular a pr\u00e1tica da escuta ativa, treinando sua equipe para entender contextos, dores e expectativas.<\/p>\n\n\n\n<div class=\"wp-block-image\"><figure class=\"aligncenter size-large is-resized\"><a href=\"https:\/\/www.controlsystems.com.br\/\"><img loading=\"lazy\" decoding=\"async\" src=\"https:\/\/jornalfatosenoticias.com.br\/wp-content\/uploads\/2020\/02\/CONTROL-CS.jpg\" alt=\"\" class=\"wp-image-44991\" width=\"244\" height=\"292\" srcset=\"https:\/\/jornalfatosenoticias.com.br\/wp-content\/uploads\/2020\/02\/CONTROL-CS.jpg 834w, https:\/\/jornalfatosenoticias.com.br\/wp-content\/uploads\/2020\/02\/CONTROL-CS-250x300.jpg 250w, https:\/\/jornalfatosenoticias.com.br\/wp-content\/uploads\/2020\/02\/CONTROL-CS-768x921.jpg 768w\" sizes=\"auto, (max-width: 244px) 100vw, 244px\" \/><\/a><\/figure><\/div>\n\n\n\n<p><strong>2. Transformar dados em estrat\u00e9gia<br><\/strong>O cliente deixa rastros de comportamento: hist\u00f3rico de compras, padr\u00f5es de consumo, prefer\u00eancias. O l\u00edder precisa ensinar a equipe a usar esses dados como insumo para personalizar propostas e antecipar necessidades.<br><strong>3. Promover consist\u00eancia e disciplina<br><\/strong>Em tempos de mudan\u00e7as r\u00e1pidas, a disciplina \u00e9 o que garante estabilidade. Processos bem estruturados, rotinas de acompanhamento e m\u00e9tricas claras permitem que a equipe responda \u00e0s mudan\u00e7as sem perder a efici\u00eancia.<\/p>\n\n\n\n<div class=\"wp-block-image\"><figure class=\"aligncenter size-large\"><img loading=\"lazy\" decoding=\"async\" width=\"612\" height=\"408\" src=\"https:\/\/jornalfatosenoticias.com.br\/wp-content\/uploads\/2025\/09\/o-papel-do-lider-comercial2_istock.jpg\" alt=\"\" class=\"wp-image-61721\" srcset=\"https:\/\/jornalfatosenoticias.com.br\/wp-content\/uploads\/2025\/09\/o-papel-do-lider-comercial2_istock.jpg 612w, https:\/\/jornalfatosenoticias.com.br\/wp-content\/uploads\/2025\/09\/o-papel-do-lider-comercial2_istock-300x200.jpg 300w\" sizes=\"auto, (max-width: 612px) 100vw, 612px\" \/><figcaption><em><span class=\"has-inline-color has-black-color\">(Foto: iStock)<\/span><\/em><\/figcaption><\/figure><\/div>\n\n\n\n<p><strong><span class=\"has-inline-color has-vivid-cyan-blue-color\">O que Napoleon Hill j\u00e1 dizia<br><\/span><\/strong>No cl\u00e1ssico <em>Quem Vende Enriquece,<\/em> Napoleon Hill afirma: <em>\u201co vendedor de sucesso precisa ver al\u00e9m da transa\u00e7\u00e3o: deve ser capaz de construir relacionamentos baseados em confian\u00e7a e servi\u00e7o\u201d.<\/em><br>Essa li\u00e7\u00e3o, escrita h\u00e1 d\u00e9cadas, nunca foi t\u00e3o atual. O l\u00edder comercial precisa lembrar sua equipe de que vender n\u00e3o \u00e9 apenas fechar neg\u00f3cios, mas ajudar o cliente a tomar decis\u00f5es melhores. E isso s\u00f3 \u00e9 poss\u00edvel quando h\u00e1 preparo, vis\u00e3o estrat\u00e9gica e disciplina no processo.<\/p>\n\n\n\n<div class=\"wp-block-image\"><figure class=\"aligncenter size-large is-resized\"><a href=\"https:\/\/www.facebook.com\/postobkr\/?locale=pt_BR\"><img loading=\"lazy\" decoding=\"async\" src=\"https:\/\/jornalfatosenoticias.com.br\/wp-content\/uploads\/2023\/08\/BKR-1024x1021.jpg\" alt=\"\" class=\"wp-image-44494\" width=\"296\" height=\"295\" srcset=\"https:\/\/jornalfatosenoticias.com.br\/wp-content\/uploads\/2023\/08\/BKR-1024x1021.jpg 1024w, https:\/\/jornalfatosenoticias.com.br\/wp-content\/uploads\/2023\/08\/BKR-300x300.jpg 300w, https:\/\/jornalfatosenoticias.com.br\/wp-content\/uploads\/2023\/08\/BKR-150x150.jpg 150w, https:\/\/jornalfatosenoticias.com.br\/wp-content\/uploads\/2023\/08\/BKR-768x766.jpg 768w, https:\/\/jornalfatosenoticias.com.br\/wp-content\/uploads\/2023\/08\/BKR.jpg 1080w\" sizes=\"auto, (max-width: 296px) 100vw, 296px\" \/><\/a><\/figure><\/div>\n\n\n\n<p><strong><span class=\"has-inline-color has-vivid-cyan-blue-color\">Como preparar a equipe para esse novo cliente<br><\/span><\/strong>\ud83d\udd39 <strong>Treinamento cont\u00ednuo: <\/strong>em vez de forma\u00e7\u00f5es pontuais, l\u00edderes de sucesso investem em capacita\u00e7\u00e3o constante, acompanhando as tend\u00eancias do mercado e do comportamento do consumidor.<br>\ud83d\udd39 <strong>Autonomia guiada: <\/strong>a equipe precisa de liberdade para adaptar a abordagem, mas dentro de um processo s\u00f3lido, que assegure consist\u00eancia.<br>\ud83d\udd39<strong> Feedback imediato: <\/strong>num ambiente que muda r\u00e1pido, o ciclo de aprendizado n\u00e3o pode ser anual. Feedbacks curtos, objetivos e semanais ajudam o time a corrigir rotas em tempo real.<br>\ud83d\udd39 <strong>Valoriza\u00e7\u00e3o do prop\u00f3sito: <\/strong>consumidores exigentes reconhecem autenticidade. Vendedores que acreditam no valor do que oferecem transmitem confian\u00e7a com naturalidade.<\/p>\n\n\n\n<div class=\"wp-block-image\"><figure class=\"aligncenter size-large is-resized\"><a href=\"https:\/\/www.instagram.com\/serra4x4cambioautomatico\/\"><img loading=\"lazy\" decoding=\"async\" src=\"https:\/\/jornalfatosenoticias.com.br\/wp-content\/uploads\/2024\/08\/Serra-4x4-1-886x1024.jpg\" alt=\"\" class=\"wp-image-53632\" width=\"264\" height=\"305\" srcset=\"https:\/\/jornalfatosenoticias.com.br\/wp-content\/uploads\/2024\/08\/Serra-4x4-1-886x1024.jpg 886w, https:\/\/jornalfatosenoticias.com.br\/wp-content\/uploads\/2024\/08\/Serra-4x4-1-260x300.jpg 260w, https:\/\/jornalfatosenoticias.com.br\/wp-content\/uploads\/2024\/08\/Serra-4x4-1-768x888.jpg 768w, https:\/\/jornalfatosenoticias.com.br\/wp-content\/uploads\/2024\/08\/Serra-4x4-1.jpg 1181w\" sizes=\"auto, (max-width: 264px) 100vw, 264px\" \/><\/a><\/figure><\/div>\n\n\n\n<p><strong><span class=\"has-inline-color has-vivid-cyan-blue-color\">Disciplina \u00e9 liberdade<br><\/span><\/strong>Se o cliente muda r\u00e1pido, a empresa precisa de l\u00edderes comerciais que ajudem sua equipe a acompanhar esse ritmo. Mas a adapta\u00e7\u00e3o n\u00e3o acontece no improviso. Ela exige m\u00e9todo, disciplina e clareza de prop\u00f3sito. A disciplina, aqui, n\u00e3o engessa; ao contr\u00e1rio, d\u00e1 liberdade para que a equipe enfrente clientes mais informados com seguran\u00e7a, criatividade e confian\u00e7a. O l\u00edder comercial que entende isso n\u00e3o apenas acompanha as mudan\u00e7as do cliente \u2014 ele transforma sua equipe em protagonista da evolu\u00e7\u00e3o do mercado.<\/p>\n\n\n\n<div class=\"wp-block-image\"><figure class=\"aligncenter size-large is-resized\"><a href=\"https:\/\/legisjuris.com.br\/\"><img loading=\"lazy\" decoding=\"async\" src=\"https:\/\/jornalfatosenoticias.com.br\/wp-content\/uploads\/2024\/09\/Legis-Juris-Consultoria_logo.jpg\" alt=\"\" class=\"wp-image-53915\" width=\"446\" height=\"187\" srcset=\"https:\/\/jornalfatosenoticias.com.br\/wp-content\/uploads\/2024\/09\/Legis-Juris-Consultoria_logo.jpg 969w, https:\/\/jornalfatosenoticias.com.br\/wp-content\/uploads\/2024\/09\/Legis-Juris-Consultoria_logo-300x126.jpg 300w, https:\/\/jornalfatosenoticias.com.br\/wp-content\/uploads\/2024\/09\/Legis-Juris-Consultoria_logo-768x322.jpg 768w\" sizes=\"auto, (max-width: 446px) 100vw, 446px\" \/><\/a><\/figure><\/div>\n","protected":false},"excerpt":{"rendered":"<p>Vivemos uma era em que o cliente avan\u00e7a mais r\u00e1pido que muitas empresas. Com acesso instant\u00e2neo a informa\u00e7\u00f5es, comparativos de pre\u00e7os, avalia\u00e7\u00f5es on-line e novas op\u00e7\u00f5es a cada clique, o consumidor atual \u00e9 mais informado, mais exigente e menos tolerante a falhas. Nesse cen\u00e1rio, o l\u00edder comercial assume um papel central: preparar sua equipe para [&hellip;]<\/p>\n","protected":false},"author":37,"featured_media":61722,"comment_status":"open","ping_status":"open","sticky":false,"template":"","format":"standard","meta":{"footnotes":""},"categories":[9],"tags":[25951,1211,412,11680,9867,4187,1059,28158,11159,1033,3550],"class_list":["post-61720","post","type-post","status-publish","format-standard","has-post-thumbnail","hentry","category-economia","tag-clientes","tag-confianca","tag-criatividade","tag-disciplina","tag-equipe","tag-liberdade","tag-lider","tag-lider-comercial","tag-lideranca","tag-seguranca","tag-treinamento"],"yoast_head":"<!-- This site is optimized with the Yoast SEO plugin v26.5 - https:\/\/yoast.com\/wordpress\/plugins\/seo\/ -->\n<title>O papel do l\u00edder comercial quando o cliente muda mais r\u00e1pido que a empresa - Jornal Fatos e Not\u00edcias<\/title>\n<meta name=\"robots\" content=\"index, follow, max-snippet:-1, max-image-preview:large, max-video-preview:-1\" \/>\n<link rel=\"canonical\" href=\"https:\/\/jornalfatosenoticias.com.br\/index.php\/2025\/09\/04\/o-papel-do-lider-comercial-quando-o-cliente-muda-mais-rapido-que-a-empresa\/\" \/>\n<meta property=\"og:locale\" content=\"pt_BR\" \/>\n<meta property=\"og:type\" content=\"article\" \/>\n<meta property=\"og:title\" content=\"O papel do l\u00edder comercial quando o cliente muda mais r\u00e1pido que a empresa - Jornal Fatos e Not\u00edcias\" \/>\n<meta property=\"og:description\" content=\"Vivemos uma era em que o cliente avan\u00e7a mais r\u00e1pido que muitas empresas. Com acesso instant\u00e2neo a informa\u00e7\u00f5es, comparativos de pre\u00e7os, avalia\u00e7\u00f5es on-line e novas op\u00e7\u00f5es a cada clique, o consumidor atual \u00e9 mais informado, mais exigente e menos tolerante a falhas. Nesse cen\u00e1rio, o l\u00edder comercial assume um papel central: preparar sua equipe para [&hellip;]\" \/>\n<meta property=\"og:url\" content=\"https:\/\/jornalfatosenoticias.com.br\/index.php\/2025\/09\/04\/o-papel-do-lider-comercial-quando-o-cliente-muda-mais-rapido-que-a-empresa\/\" \/>\n<meta property=\"og:site_name\" content=\"Jornal Fatos e Not\u00edcias\" \/>\n<meta property=\"article:published_time\" content=\"2025-09-04T17:34:12+00:00\" \/>\n<meta property=\"article:modified_time\" content=\"2025-09-04T17:34:14+00:00\" \/>\n<meta property=\"og:image\" content=\"https:\/\/jornalfatosenoticias.com.br\/wp-content\/uploads\/2025\/09\/o-papel-do-lider-comercial_istock.jpg\" \/>\n\t<meta property=\"og:image:width\" content=\"612\" \/>\n\t<meta property=\"og:image:height\" content=\"344\" \/>\n\t<meta property=\"og:image:type\" content=\"image\/jpeg\" \/>\n<meta name=\"author\" content=\"Milena Rohr\" \/>\n<meta name=\"twitter:card\" content=\"summary_large_image\" \/>\n<meta name=\"twitter:label1\" content=\"Escrito por\" \/>\n\t<meta name=\"twitter:data1\" content=\"Milena Rohr\" \/>\n\t<meta name=\"twitter:label2\" content=\"Est. tempo de leitura\" \/>\n\t<meta name=\"twitter:data2\" content=\"3 minutos\" \/>\n<script type=\"application\/ld+json\" class=\"yoast-schema-graph\">{\"@context\":\"https:\/\/schema.org\",\"@graph\":[{\"@type\":\"Article\",\"@id\":\"https:\/\/jornalfatosenoticias.com.br\/index.php\/2025\/09\/04\/o-papel-do-lider-comercial-quando-o-cliente-muda-mais-rapido-que-a-empresa\/#article\",\"isPartOf\":{\"@id\":\"https:\/\/jornalfatosenoticias.com.br\/index.php\/2025\/09\/04\/o-papel-do-lider-comercial-quando-o-cliente-muda-mais-rapido-que-a-empresa\/\"},\"author\":{\"name\":\"Milena Rohr\",\"@id\":\"https:\/\/jornalfatosenoticias.com.br\/#\/schema\/person\/bd76a40517f387e41cc072b0d3c7d627\"},\"headline\":\"O papel do l\u00edder comercial quando o cliente muda mais r\u00e1pido que a empresa\",\"datePublished\":\"2025-09-04T17:34:12+00:00\",\"dateModified\":\"2025-09-04T17:34:14+00:00\",\"mainEntityOfPage\":{\"@id\":\"https:\/\/jornalfatosenoticias.com.br\/index.php\/2025\/09\/04\/o-papel-do-lider-comercial-quando-o-cliente-muda-mais-rapido-que-a-empresa\/\"},\"wordCount\":667,\"commentCount\":0,\"publisher\":{\"@id\":\"https:\/\/jornalfatosenoticias.com.br\/#organization\"},\"image\":{\"@id\":\"https:\/\/jornalfatosenoticias.com.br\/index.php\/2025\/09\/04\/o-papel-do-lider-comercial-quando-o-cliente-muda-mais-rapido-que-a-empresa\/#primaryimage\"},\"thumbnailUrl\":\"https:\/\/jornalfatosenoticias.com.br\/wp-content\/uploads\/2025\/09\/o-papel-do-lider-comercial_istock.jpg\",\"keywords\":[\"clientes\",\"confian\u00e7a\",\"criatividade\",\"disciplina\",\"equipe\",\"liberdade\",\"l\u00edder\",\"l\u00edder comercial\",\"lideran\u00e7a\",\"seguran\u00e7a\",\"treinamento\"],\"articleSection\":[\"Economia\"],\"inLanguage\":\"pt-BR\",\"potentialAction\":[{\"@type\":\"CommentAction\",\"name\":\"Comment\",\"target\":[\"https:\/\/jornalfatosenoticias.com.br\/index.php\/2025\/09\/04\/o-papel-do-lider-comercial-quando-o-cliente-muda-mais-rapido-que-a-empresa\/#respond\"]}]},{\"@type\":\"WebPage\",\"@id\":\"https:\/\/jornalfatosenoticias.com.br\/index.php\/2025\/09\/04\/o-papel-do-lider-comercial-quando-o-cliente-muda-mais-rapido-que-a-empresa\/\",\"url\":\"https:\/\/jornalfatosenoticias.com.br\/index.php\/2025\/09\/04\/o-papel-do-lider-comercial-quando-o-cliente-muda-mais-rapido-que-a-empresa\/\",\"name\":\"O papel do l\u00edder comercial quando o cliente muda mais r\u00e1pido que a empresa - Jornal Fatos e Not\u00edcias\",\"isPartOf\":{\"@id\":\"https:\/\/jornalfatosenoticias.com.br\/#website\"},\"primaryImageOfPage\":{\"@id\":\"https:\/\/jornalfatosenoticias.com.br\/index.php\/2025\/09\/04\/o-papel-do-lider-comercial-quando-o-cliente-muda-mais-rapido-que-a-empresa\/#primaryimage\"},\"image\":{\"@id\":\"https:\/\/jornalfatosenoticias.com.br\/index.php\/2025\/09\/04\/o-papel-do-lider-comercial-quando-o-cliente-muda-mais-rapido-que-a-empresa\/#primaryimage\"},\"thumbnailUrl\":\"https:\/\/jornalfatosenoticias.com.br\/wp-content\/uploads\/2025\/09\/o-papel-do-lider-comercial_istock.jpg\",\"datePublished\":\"2025-09-04T17:34:12+00:00\",\"dateModified\":\"2025-09-04T17:34:14+00:00\",\"breadcrumb\":{\"@id\":\"https:\/\/jornalfatosenoticias.com.br\/index.php\/2025\/09\/04\/o-papel-do-lider-comercial-quando-o-cliente-muda-mais-rapido-que-a-empresa\/#breadcrumb\"},\"inLanguage\":\"pt-BR\",\"potentialAction\":[{\"@type\":\"ReadAction\",\"target\":[\"https:\/\/jornalfatosenoticias.com.br\/index.php\/2025\/09\/04\/o-papel-do-lider-comercial-quando-o-cliente-muda-mais-rapido-que-a-empresa\/\"]}]},{\"@type\":\"ImageObject\",\"inLanguage\":\"pt-BR\",\"@id\":\"https:\/\/jornalfatosenoticias.com.br\/index.php\/2025\/09\/04\/o-papel-do-lider-comercial-quando-o-cliente-muda-mais-rapido-que-a-empresa\/#primaryimage\",\"url\":\"https:\/\/jornalfatosenoticias.com.br\/wp-content\/uploads\/2025\/09\/o-papel-do-lider-comercial_istock.jpg\",\"contentUrl\":\"https:\/\/jornalfatosenoticias.com.br\/wp-content\/uploads\/2025\/09\/o-papel-do-lider-comercial_istock.jpg\",\"width\":612,\"height\":344,\"caption\":\"Strategic planning for business growth leadership decision making in slow motion for effective management objectives and success in a collaborative environment\"},{\"@type\":\"BreadcrumbList\",\"@id\":\"https:\/\/jornalfatosenoticias.com.br\/index.php\/2025\/09\/04\/o-papel-do-lider-comercial-quando-o-cliente-muda-mais-rapido-que-a-empresa\/#breadcrumb\",\"itemListElement\":[{\"@type\":\"ListItem\",\"position\":1,\"name\":\"In\u00edcio\",\"item\":\"https:\/\/jornalfatosenoticias.com.br\/\"},{\"@type\":\"ListItem\",\"position\":2,\"name\":\"O papel do l\u00edder comercial quando o cliente muda mais r\u00e1pido que a empresa\"}]},{\"@type\":\"WebSite\",\"@id\":\"https:\/\/jornalfatosenoticias.com.br\/#website\",\"url\":\"https:\/\/jornalfatosenoticias.com.br\/\",\"name\":\"Jornal Fatos e Not\u00edcias\",\"description\":\"Not\u00edcias em geral\",\"publisher\":{\"@id\":\"https:\/\/jornalfatosenoticias.com.br\/#organization\"},\"potentialAction\":[{\"@type\":\"SearchAction\",\"target\":{\"@type\":\"EntryPoint\",\"urlTemplate\":\"https:\/\/jornalfatosenoticias.com.br\/?s={search_term_string}\"},\"query-input\":{\"@type\":\"PropertyValueSpecification\",\"valueRequired\":true,\"valueName\":\"search_term_string\"}}],\"inLanguage\":\"pt-BR\"},{\"@type\":\"Organization\",\"@id\":\"https:\/\/jornalfatosenoticias.com.br\/#organization\",\"name\":\"Jornal Fatos e Not\u00edcias\",\"url\":\"https:\/\/jornalfatosenoticias.com.br\/\",\"logo\":{\"@type\":\"ImageObject\",\"inLanguage\":\"pt-BR\",\"@id\":\"https:\/\/jornalfatosenoticias.com.br\/#\/schema\/logo\/image\/\",\"url\":\"https:\/\/jornalfatosenoticias.com.br\/wp-content\/uploads\/2020\/02\/logo120.png\",\"contentUrl\":\"https:\/\/jornalfatosenoticias.com.br\/wp-content\/uploads\/2020\/02\/logo120.png\",\"width\":1227,\"height\":120,\"caption\":\"Jornal Fatos e Not\u00edcias\"},\"image\":{\"@id\":\"https:\/\/jornalfatosenoticias.com.br\/#\/schema\/logo\/image\/\"}},{\"@type\":\"Person\",\"@id\":\"https:\/\/jornalfatosenoticias.com.br\/#\/schema\/person\/bd76a40517f387e41cc072b0d3c7d627\",\"name\":\"Milena Rohr\",\"image\":{\"@type\":\"ImageObject\",\"inLanguage\":\"pt-BR\",\"@id\":\"https:\/\/jornalfatosenoticias.com.br\/#\/schema\/person\/image\/\",\"url\":\"https:\/\/jornalfatosenoticias.com.br\/wp-content\/uploads\/2026\/03\/Milena-Rohr_portal-150x150.jpg\",\"contentUrl\":\"https:\/\/jornalfatosenoticias.com.br\/wp-content\/uploads\/2026\/03\/Milena-Rohr_portal-150x150.jpg\",\"caption\":\"Milena Rohr\"},\"description\":\"Milena Rohr S\u00f3cia e diretora do MasterMind (Funda\u00e7\u00e3o Napoleon Hill), Gestora Empresarial, Embaixadora do BNI, Palestrante, Escritora, Colunista e Mentora FRST do Grupo Falconi\",\"url\":\"https:\/\/jornalfatosenoticias.com.br\/index.php\/author\/milena-rhor\/\"}]}<\/script>\n<!-- \/ Yoast SEO plugin. -->","yoast_head_json":{"title":"O papel do l\u00edder comercial quando o cliente muda mais r\u00e1pido que a empresa - Jornal Fatos e Not\u00edcias","robots":{"index":"index","follow":"follow","max-snippet":"max-snippet:-1","max-image-preview":"max-image-preview:large","max-video-preview":"max-video-preview:-1"},"canonical":"https:\/\/jornalfatosenoticias.com.br\/index.php\/2025\/09\/04\/o-papel-do-lider-comercial-quando-o-cliente-muda-mais-rapido-que-a-empresa\/","og_locale":"pt_BR","og_type":"article","og_title":"O papel do l\u00edder comercial quando o cliente muda mais r\u00e1pido que a empresa - Jornal Fatos e Not\u00edcias","og_description":"Vivemos uma era em que o cliente avan\u00e7a mais r\u00e1pido que muitas empresas. Com acesso instant\u00e2neo a informa\u00e7\u00f5es, comparativos de pre\u00e7os, avalia\u00e7\u00f5es on-line e novas op\u00e7\u00f5es a cada clique, o consumidor atual \u00e9 mais informado, mais exigente e menos tolerante a falhas. Nesse cen\u00e1rio, o l\u00edder comercial assume um papel central: preparar sua equipe para [&hellip;]","og_url":"https:\/\/jornalfatosenoticias.com.br\/index.php\/2025\/09\/04\/o-papel-do-lider-comercial-quando-o-cliente-muda-mais-rapido-que-a-empresa\/","og_site_name":"Jornal Fatos e Not\u00edcias","article_published_time":"2025-09-04T17:34:12+00:00","article_modified_time":"2025-09-04T17:34:14+00:00","og_image":[{"width":612,"height":344,"url":"https:\/\/jornalfatosenoticias.com.br\/wp-content\/uploads\/2025\/09\/o-papel-do-lider-comercial_istock.jpg","type":"image\/jpeg"}],"author":"Milena Rohr","twitter_card":"summary_large_image","twitter_misc":{"Escrito por":"Milena Rohr","Est. tempo de leitura":"3 minutos"},"schema":{"@context":"https:\/\/schema.org","@graph":[{"@type":"Article","@id":"https:\/\/jornalfatosenoticias.com.br\/index.php\/2025\/09\/04\/o-papel-do-lider-comercial-quando-o-cliente-muda-mais-rapido-que-a-empresa\/#article","isPartOf":{"@id":"https:\/\/jornalfatosenoticias.com.br\/index.php\/2025\/09\/04\/o-papel-do-lider-comercial-quando-o-cliente-muda-mais-rapido-que-a-empresa\/"},"author":{"name":"Milena Rohr","@id":"https:\/\/jornalfatosenoticias.com.br\/#\/schema\/person\/bd76a40517f387e41cc072b0d3c7d627"},"headline":"O papel do l\u00edder comercial quando o cliente muda mais r\u00e1pido que a empresa","datePublished":"2025-09-04T17:34:12+00:00","dateModified":"2025-09-04T17:34:14+00:00","mainEntityOfPage":{"@id":"https:\/\/jornalfatosenoticias.com.br\/index.php\/2025\/09\/04\/o-papel-do-lider-comercial-quando-o-cliente-muda-mais-rapido-que-a-empresa\/"},"wordCount":667,"commentCount":0,"publisher":{"@id":"https:\/\/jornalfatosenoticias.com.br\/#organization"},"image":{"@id":"https:\/\/jornalfatosenoticias.com.br\/index.php\/2025\/09\/04\/o-papel-do-lider-comercial-quando-o-cliente-muda-mais-rapido-que-a-empresa\/#primaryimage"},"thumbnailUrl":"https:\/\/jornalfatosenoticias.com.br\/wp-content\/uploads\/2025\/09\/o-papel-do-lider-comercial_istock.jpg","keywords":["clientes","confian\u00e7a","criatividade","disciplina","equipe","liberdade","l\u00edder","l\u00edder comercial","lideran\u00e7a","seguran\u00e7a","treinamento"],"articleSection":["Economia"],"inLanguage":"pt-BR","potentialAction":[{"@type":"CommentAction","name":"Comment","target":["https:\/\/jornalfatosenoticias.com.br\/index.php\/2025\/09\/04\/o-papel-do-lider-comercial-quando-o-cliente-muda-mais-rapido-que-a-empresa\/#respond"]}]},{"@type":"WebPage","@id":"https:\/\/jornalfatosenoticias.com.br\/index.php\/2025\/09\/04\/o-papel-do-lider-comercial-quando-o-cliente-muda-mais-rapido-que-a-empresa\/","url":"https:\/\/jornalfatosenoticias.com.br\/index.php\/2025\/09\/04\/o-papel-do-lider-comercial-quando-o-cliente-muda-mais-rapido-que-a-empresa\/","name":"O papel do l\u00edder comercial quando o cliente muda mais r\u00e1pido que a empresa - Jornal Fatos e Not\u00edcias","isPartOf":{"@id":"https:\/\/jornalfatosenoticias.com.br\/#website"},"primaryImageOfPage":{"@id":"https:\/\/jornalfatosenoticias.com.br\/index.php\/2025\/09\/04\/o-papel-do-lider-comercial-quando-o-cliente-muda-mais-rapido-que-a-empresa\/#primaryimage"},"image":{"@id":"https:\/\/jornalfatosenoticias.com.br\/index.php\/2025\/09\/04\/o-papel-do-lider-comercial-quando-o-cliente-muda-mais-rapido-que-a-empresa\/#primaryimage"},"thumbnailUrl":"https:\/\/jornalfatosenoticias.com.br\/wp-content\/uploads\/2025\/09\/o-papel-do-lider-comercial_istock.jpg","datePublished":"2025-09-04T17:34:12+00:00","dateModified":"2025-09-04T17:34:14+00:00","breadcrumb":{"@id":"https:\/\/jornalfatosenoticias.com.br\/index.php\/2025\/09\/04\/o-papel-do-lider-comercial-quando-o-cliente-muda-mais-rapido-que-a-empresa\/#breadcrumb"},"inLanguage":"pt-BR","potentialAction":[{"@type":"ReadAction","target":["https:\/\/jornalfatosenoticias.com.br\/index.php\/2025\/09\/04\/o-papel-do-lider-comercial-quando-o-cliente-muda-mais-rapido-que-a-empresa\/"]}]},{"@type":"ImageObject","inLanguage":"pt-BR","@id":"https:\/\/jornalfatosenoticias.com.br\/index.php\/2025\/09\/04\/o-papel-do-lider-comercial-quando-o-cliente-muda-mais-rapido-que-a-empresa\/#primaryimage","url":"https:\/\/jornalfatosenoticias.com.br\/wp-content\/uploads\/2025\/09\/o-papel-do-lider-comercial_istock.jpg","contentUrl":"https:\/\/jornalfatosenoticias.com.br\/wp-content\/uploads\/2025\/09\/o-papel-do-lider-comercial_istock.jpg","width":612,"height":344,"caption":"Strategic planning for business growth leadership decision making in slow motion for effective management objectives and success in a collaborative environment"},{"@type":"BreadcrumbList","@id":"https:\/\/jornalfatosenoticias.com.br\/index.php\/2025\/09\/04\/o-papel-do-lider-comercial-quando-o-cliente-muda-mais-rapido-que-a-empresa\/#breadcrumb","itemListElement":[{"@type":"ListItem","position":1,"name":"In\u00edcio","item":"https:\/\/jornalfatosenoticias.com.br\/"},{"@type":"ListItem","position":2,"name":"O papel do l\u00edder comercial quando o cliente muda mais r\u00e1pido que a empresa"}]},{"@type":"WebSite","@id":"https:\/\/jornalfatosenoticias.com.br\/#website","url":"https:\/\/jornalfatosenoticias.com.br\/","name":"Jornal Fatos e Not\u00edcias","description":"Not\u00edcias em geral","publisher":{"@id":"https:\/\/jornalfatosenoticias.com.br\/#organization"},"potentialAction":[{"@type":"SearchAction","target":{"@type":"EntryPoint","urlTemplate":"https:\/\/jornalfatosenoticias.com.br\/?s={search_term_string}"},"query-input":{"@type":"PropertyValueSpecification","valueRequired":true,"valueName":"search_term_string"}}],"inLanguage":"pt-BR"},{"@type":"Organization","@id":"https:\/\/jornalfatosenoticias.com.br\/#organization","name":"Jornal Fatos e Not\u00edcias","url":"https:\/\/jornalfatosenoticias.com.br\/","logo":{"@type":"ImageObject","inLanguage":"pt-BR","@id":"https:\/\/jornalfatosenoticias.com.br\/#\/schema\/logo\/image\/","url":"https:\/\/jornalfatosenoticias.com.br\/wp-content\/uploads\/2020\/02\/logo120.png","contentUrl":"https:\/\/jornalfatosenoticias.com.br\/wp-content\/uploads\/2020\/02\/logo120.png","width":1227,"height":120,"caption":"Jornal Fatos e Not\u00edcias"},"image":{"@id":"https:\/\/jornalfatosenoticias.com.br\/#\/schema\/logo\/image\/"}},{"@type":"Person","@id":"https:\/\/jornalfatosenoticias.com.br\/#\/schema\/person\/bd76a40517f387e41cc072b0d3c7d627","name":"Milena Rohr","image":{"@type":"ImageObject","inLanguage":"pt-BR","@id":"https:\/\/jornalfatosenoticias.com.br\/#\/schema\/person\/image\/","url":"https:\/\/jornalfatosenoticias.com.br\/wp-content\/uploads\/2026\/03\/Milena-Rohr_portal-150x150.jpg","contentUrl":"https:\/\/jornalfatosenoticias.com.br\/wp-content\/uploads\/2026\/03\/Milena-Rohr_portal-150x150.jpg","caption":"Milena Rohr"},"description":"Milena Rohr S\u00f3cia e diretora do MasterMind (Funda\u00e7\u00e3o Napoleon Hill), Gestora Empresarial, Embaixadora do BNI, Palestrante, Escritora, Colunista e Mentora FRST do Grupo Falconi","url":"https:\/\/jornalfatosenoticias.com.br\/index.php\/author\/milena-rhor\/"}]}},"cc_featured_image_caption":{"caption_text":"(Foto: iStock)","source_text":"","source_url":""},"jetpack_featured_media_url":"https:\/\/jornalfatosenoticias.com.br\/wp-content\/uploads\/2025\/09\/o-papel-do-lider-comercial_istock.jpg","_links":{"self":[{"href":"https:\/\/jornalfatosenoticias.com.br\/index.php\/wp-json\/wp\/v2\/posts\/61720","targetHints":{"allow":["GET"]}}],"collection":[{"href":"https:\/\/jornalfatosenoticias.com.br\/index.php\/wp-json\/wp\/v2\/posts"}],"about":[{"href":"https:\/\/jornalfatosenoticias.com.br\/index.php\/wp-json\/wp\/v2\/types\/post"}],"author":[{"embeddable":true,"href":"https:\/\/jornalfatosenoticias.com.br\/index.php\/wp-json\/wp\/v2\/users\/37"}],"replies":[{"embeddable":true,"href":"https:\/\/jornalfatosenoticias.com.br\/index.php\/wp-json\/wp\/v2\/comments?post=61720"}],"version-history":[{"count":0,"href":"https:\/\/jornalfatosenoticias.com.br\/index.php\/wp-json\/wp\/v2\/posts\/61720\/revisions"}],"wp:featuredmedia":[{"embeddable":true,"href":"https:\/\/jornalfatosenoticias.com.br\/index.php\/wp-json\/wp\/v2\/media\/61722"}],"wp:attachment":[{"href":"https:\/\/jornalfatosenoticias.com.br\/index.php\/wp-json\/wp\/v2\/media?parent=61720"}],"wp:term":[{"taxonomy":"category","embeddable":true,"href":"https:\/\/jornalfatosenoticias.com.br\/index.php\/wp-json\/wp\/v2\/categories?post=61720"},{"taxonomy":"post_tag","embeddable":true,"href":"https:\/\/jornalfatosenoticias.com.br\/index.php\/wp-json\/wp\/v2\/tags?post=61720"}],"curies":[{"name":"wp","href":"https:\/\/api.w.org\/{rel}","templated":true}]}}