{"id":61724,"date":"2025-09-04T14:49:42","date_gmt":"2025-09-04T17:49:42","guid":{"rendered":"https:\/\/jornalfatosenoticias.com.br\/?p=61724"},"modified":"2025-09-04T14:49:44","modified_gmt":"2025-09-04T17:49:44","slug":"tarcisio-negocia-anistia-e-lula-perde-forca-em-meio-a-julgamento-de-bolsonaro","status":"publish","type":"post","link":"https:\/\/jornalfatosenoticias.com.br\/index.php\/2025\/09\/04\/tarcisio-negocia-anistia-e-lula-perde-forca-em-meio-a-julgamento-de-bolsonaro\/","title":{"rendered":"Tarc\u00edsio negocia anistia e Lula perde for\u00e7a em meio a julgamento de Bolsonaro"},"content":{"rendered":"\n<p><em><span class=\"has-inline-color has-black-color\">Tarc\u00edsio articula aprova\u00e7\u00e3o do PL da Anistia, que deve receber apoio do Uni\u00e3o Progressista ap\u00f3s desembarque do governo Lula<\/span><\/em><\/p>\n\n\n\n<p><span class=\"has-inline-color has-black-color\">Por <strong><a href=\"https:\/\/www.gazetadopovo.com.br\/autor\/rafael-fantin\/\">Rafael Fantin<\/a>\/<a href=\"https:\/\/www.gazetadopovo.com.br\/autor\/wesley-oliveira\/\">Wesley Oliveira<\/a><\/strong><\/span><\/p>\n\n\n\n<div class=\"wp-block-image\"><figure class=\"aligncenter size-large\"><a href=\"https:\/\/mizu.com.br\/\"><img loading=\"lazy\" decoding=\"async\" width=\"729\" height=\"90\" src=\"https:\/\/jornalfatosenoticias.com.br\/wp-content\/uploads\/2020\/02\/Logo_Mizu.png\" alt=\"\" class=\"wp-image-1441\" srcset=\"https:\/\/jornalfatosenoticias.com.br\/wp-content\/uploads\/2020\/02\/Logo_Mizu.png 729w, https:\/\/jornalfatosenoticias.com.br\/wp-content\/uploads\/2020\/02\/Logo_Mizu-300x37.png 300w\" sizes=\"auto, (max-width: 729px) 100vw, 729px\" \/><\/a><\/figure><\/div>\n\n\n\n<p>Enquanto o ex-presidente da Rep\u00fablica Jair Bolsonaro (PL-RJ) \u00e9 julgado no Supremo Tribunal Federal (STF), o trabalho da oposi\u00e7\u00e3o pela vota\u00e7\u00e3o da anistia no Congresso Nacional ganhou o refor\u00e7o do governador Tarc\u00edsio de Freitas (Republicanos-SP). A movimenta\u00e7\u00e3o aconteceu na ter\u00e7a-feira (2), dia em que o STF deu <a href=\"https:\/\/www.gazetadopovo.com.br\/republica\/gonet-julgamento-bolsonaro\/\" target=\"_blank\" rel=\"noreferrer noopener\">in\u00edcio ao julgamento dos r\u00e9us<\/a> do chamado &#8220;n\u00facleo 1&#8221; no inqu\u00e9rito da suposta tentativa de golpe de Estado. Na mesma data, PP e Uni\u00e3o Brasil anunciaram que ir\u00e3o entregar os cargos no governo de Luiz In\u00e1cio Lula da Silva (PT), o que enfraquece ainda mais a gest\u00e3o petista e refor\u00e7a a articula\u00e7\u00e3o pela anistia.<br>Al\u00e9m de atuar nos bastidores pela anistia dos condenados do 8 de janeiro e pela recupera\u00e7\u00e3o dos direitos pol\u00edticos do ex-presidente, Tarc\u00edsio subiu o tom contra o Supremo, com cr\u00edticas p\u00fablicas \u00e0 condu\u00e7\u00e3o dos processos. No Congresso, o projeto da anistia j\u00e1 havia sido elencado como uma das prioridades da articula\u00e7\u00e3o pol\u00edtica dos apoiadores de Bolsonaro. A expectativa da oposi\u00e7\u00e3o \u00e9 de que o tema ganhe ainda mais for\u00e7a em meio ao julgamento feito pela Primeira Turma do STF.<\/p>\n\n\n\n<div class=\"wp-block-image\"><figure class=\"aligncenter size-large is-resized\"><a href=\"https:\/\/www.instagram.com\/esteio.churrascaria\/\"><img loading=\"lazy\" decoding=\"async\" src=\"https:\/\/jornalfatosenoticias.com.br\/wp-content\/uploads\/2022\/02\/LOGO-ESTEIO-1024x730.png\" alt=\"\" class=\"wp-image-27942\" width=\"372\" height=\"265\" srcset=\"https:\/\/jornalfatosenoticias.com.br\/wp-content\/uploads\/2022\/02\/LOGO-ESTEIO-1024x730.png 1024w, https:\/\/jornalfatosenoticias.com.br\/wp-content\/uploads\/2022\/02\/LOGO-ESTEIO-300x214.png 300w, https:\/\/jornalfatosenoticias.com.br\/wp-content\/uploads\/2022\/02\/LOGO-ESTEIO-768x548.png 768w, https:\/\/jornalfatosenoticias.com.br\/wp-content\/uploads\/2022\/02\/LOGO-ESTEIO.png 1123w\" sizes=\"auto, (max-width: 372px) 100vw, 372px\" \/><\/a><\/figure><\/div>\n\n\n\n<blockquote class=\"wp-block-quote is-layout-flow wp-block-quote-is-layout-flow\"><p><span class=\"has-inline-color has-luminous-vivid-orange-color\">A anistia precisa ser pautada. Entendemos que j\u00e1 est\u00e1 constru\u00edda com os demais partidos, temos votos de plen\u00e1rio e n\u00e3o h\u00e1 motivo para n\u00e3o pautar, at\u00e9 para mostrar que a sociedade brasileira est\u00e1 querendo virar a p\u00e1gina\u201d, disse Luciano Zucco (PL-RS), l\u00edder da oposi\u00e7\u00e3o na C\u00e2mara.<\/span><\/p><\/blockquote>\n\n\n\n<div class=\"wp-block-image\"><figure class=\"aligncenter size-large is-resized\"><a href=\"https:\/\/panper.com.br\/\"><img loading=\"lazy\" decoding=\"async\" src=\"https:\/\/jornalfatosenoticias.com.br\/wp-content\/uploads\/2023\/03\/logo-Panper_portal.jpg\" alt=\"\" class=\"wp-image-40208\" width=\"332\" height=\"230\" srcset=\"https:\/\/jornalfatosenoticias.com.br\/wp-content\/uploads\/2023\/03\/logo-Panper_portal.jpg 400w, https:\/\/jornalfatosenoticias.com.br\/wp-content\/uploads\/2023\/03\/logo-Panper_portal-300x208.jpg 300w\" sizes=\"auto, (max-width: 332px) 100vw, 332px\" \/><\/a><\/figure><\/div>\n\n\n\n<p>A presen\u00e7a do governador de S\u00e3o Paulo em Bras\u00edlia \u00e9 considerada estrat\u00e9gica em prol da anistia, principalmente pela influ\u00eancia de Tarc\u00edsio de Freitas no Republicanos, partido que abriga o presidente da C\u00e2mara dos Deputados, Hugo Motta, respons\u00e1vel pela pauta da Casa. O tema foi tratado a portas fechadas por Tarc\u00edsio e pelo presidente nacional da sigla, Marcos Pereira, na v\u00e9spera do in\u00edcio do julgamento de Bolsonaro no STF.<\/p>\n\n\n\n<div class=\"wp-block-image\"><figure class=\"aligncenter size-large\"><a href=\"http:\/\/www.ferrarimaquinas.com.br\/\"><img loading=\"lazy\" decoding=\"async\" width=\"300\" height=\"250\" src=\"https:\/\/jornalfatosenoticias.com.br\/wp-content\/uploads\/2022\/02\/FERRARI_MAQUINAS-E-FERRAMENTAS2.jpg\" alt=\"\" class=\"wp-image-27860\"\/><\/a><\/figure><\/div>\n\n\n\n<p>O entusiasmo da oposi\u00e7\u00e3o com a possibilidade de o projeto da anistia ser pautado por Motta ocorre na esteira do <a href=\"https:\/\/www.gazetadopovo.com.br\/republica\/uniao-brasil-e-pp-preparam-desembarque-do-governo-lula-e-vao-anunciar-apoio-a-anistia\/\" target=\"_blank\" rel=\"noreferrer noopener\">desembarque de dois partidos do Centr\u00e3o<\/a> da base do governo de Luiz In\u00e1cio Lula da Silva (PT). A federa\u00e7\u00e3o Uni\u00e3o Progressista, formada pelo Uni\u00e3o Brasil e pelo PP, anunciou que seus filiados devem deixar seus cargos sob risco de expuls\u00e3o. O an\u00fancio foi feito pelo presidente do Uni\u00e3o Brasil, Ant\u00f4nio Rueda, e pelo presidente do PP, senador Ciro Nogueira (PP-PI). Ambos acertaram os detalhes do comunicado p\u00fablico ap\u00f3s conversarem diretamente com os ministros do Turismo, Celso Sabino (Uni\u00e3o-PA), e do Esporte, Andr\u00e9 Fufuca (PP-MA), que devem deixar o governo Lula em at\u00e9 30 dias.<\/p>\n\n\n\n<div class=\"wp-block-image\"><figure class=\"aligncenter size-large is-resized\"><a href=\"https:\/\/www.controlsystems.com.br\/\"><img loading=\"lazy\" decoding=\"async\" src=\"https:\/\/jornalfatosenoticias.com.br\/wp-content\/uploads\/2020\/02\/CONTROL-CS.jpg\" alt=\"\" class=\"wp-image-44991\" width=\"289\" height=\"346\" srcset=\"https:\/\/jornalfatosenoticias.com.br\/wp-content\/uploads\/2020\/02\/CONTROL-CS.jpg 834w, https:\/\/jornalfatosenoticias.com.br\/wp-content\/uploads\/2020\/02\/CONTROL-CS-250x300.jpg 250w, https:\/\/jornalfatosenoticias.com.br\/wp-content\/uploads\/2020\/02\/CONTROL-CS-768x921.jpg 768w\" sizes=\"auto, (max-width: 289px) 100vw, 289px\" \/><\/a><\/figure><\/div>\n\n\n\n<p>Com o an\u00fancio do desembarque, a expectativa \u00e9 de que a federa\u00e7\u00e3o, que tem 109 deputados, reforce o apoio \u00e0 oposi\u00e7\u00e3o junto ao col\u00e9gio de l\u00edderes para que o projeto da anistia seja pautado. Al\u00e9m do PL, partido do ex-presidente Bolsonaro, o texto conta ainda com a ades\u00e3o formal do Novo. Mas, no Senado, o presidente da Casa, Davi Alcolumbre (Uni\u00e3o-PA), ainda pode travar a vota\u00e7\u00e3o da anistia com a manuten\u00e7\u00e3o dos cargos de indicados no governo Lula.<\/p>\n\n\n\n<div class=\"wp-block-image\"><figure class=\"aligncenter size-large is-resized\"><a href=\"https:\/\/www.facebook.com\/vetor.vix\/\"><img loading=\"lazy\" decoding=\"async\" src=\"https:\/\/jornalfatosenoticias.com.br\/wp-content\/uploads\/2023\/09\/vetorvix1024_1.jpg\" alt=\"\" class=\"wp-image-44868\" width=\"569\" height=\"151\" srcset=\"https:\/\/jornalfatosenoticias.com.br\/wp-content\/uploads\/2023\/09\/vetorvix1024_1.jpg 1024w, https:\/\/jornalfatosenoticias.com.br\/wp-content\/uploads\/2023\/09\/vetorvix1024_1-300x80.jpg 300w, https:\/\/jornalfatosenoticias.com.br\/wp-content\/uploads\/2023\/09\/vetorvix1024_1-768x205.jpg 768w\" sizes=\"auto, (max-width: 569px) 100vw, 569px\" \/><\/a><\/figure><\/div>\n\n\n\n<p><strong><span class=\"has-inline-color has-black-color\">Anistia: vice-presidente da C\u00e2mara e Fl\u00e1vio Bolsonaro comemoram apoio de Tarc\u00edsio<br><\/span><\/strong>O vice-presidente da C\u00e2mara dos Deputados, Altineu C\u00f4rtes (PL-RJ), afirmou que a presen\u00e7a do governador de S\u00e3o Paulo pode destravar a pauta da anistia e levar o projeto de lei para aprecia\u00e7\u00e3o no plen\u00e1rio, onde a oposi\u00e7\u00e3o confia ter votos suficientes para a aprova\u00e7\u00e3o pelos parlamentares.<\/p>\n\n\n\n<blockquote class=\"wp-block-quote is-layout-flow wp-block-quote-is-layout-flow\"><p><span class=\"has-inline-color has-luminous-vivid-orange-color\">Neste momento, o Tarc\u00edsio tem sido muito importante, n\u00e3o s\u00f3 pelo peso da figura pol\u00edtica do governador, mas tamb\u00e9m pela presen\u00e7a do Republicanos, que \u00e9 o partido do presidente [da C\u00e2mara], Hugo Motta. A participa\u00e7\u00e3o do governador Tarc\u00edsio \u00e9 de suma import\u00e2ncia para que a gente consiga pautar o projeto da anistia\u201d, avalia o vice-presidente da C\u00e2mara em entrevista \u00e0 <strong>Gazeta do Povo.<\/strong><\/span><\/p><\/blockquote>\n\n\n\n<div class=\"wp-block-image\"><figure class=\"aligncenter size-large is-resized\"><a href=\"https:\/\/www.facebook.com\/profile.php?id=100069289606145\"><img loading=\"lazy\" decoding=\"async\" src=\"https:\/\/jornalfatosenoticias.com.br\/wp-content\/uploads\/2024\/11\/Guaitolini-Contabilidade-1024x714.jpeg\" alt=\"\" class=\"wp-image-55808\" width=\"327\" height=\"228\" srcset=\"https:\/\/jornalfatosenoticias.com.br\/wp-content\/uploads\/2024\/11\/Guaitolini-Contabilidade-1024x714.jpeg 1024w, https:\/\/jornalfatosenoticias.com.br\/wp-content\/uploads\/2024\/11\/Guaitolini-Contabilidade-300x209.jpeg 300w, https:\/\/jornalfatosenoticias.com.br\/wp-content\/uploads\/2024\/11\/Guaitolini-Contabilidade-768x535.jpeg 768w, https:\/\/jornalfatosenoticias.com.br\/wp-content\/uploads\/2024\/11\/Guaitolini-Contabilidade.jpeg 1280w\" sizes=\"auto, (max-width: 327px) 100vw, 327px\" \/><\/a><\/figure><\/div>\n\n\n\n<p>C\u00f4rtes afirma que, al\u00e9m da maioria dos deputados manifestar apoio \u00e0 anistia, a posi\u00e7\u00e3o dos parlamentares ainda ganhou o aval dos principais l\u00edderes partid\u00e1rios, o que indica a possibilidade de que o tema seja colocado em discuss\u00e3o. \u201cN\u00e3o tem como aguardar mais para pautar a anistia porque existe uma maioria consolidada. N\u00e3o podemos segurar mais esse projeto, pois a C\u00e2mara deve ser pautada pela maioria\u201d, cobra.<\/p>\n\n\n\n<div class=\"wp-block-image\"><figure class=\"aligncenter size-large is-resized\"><a href=\"https:\/\/www.instagram.com\/serra4x4cambioautomatico\/\"><img loading=\"lazy\" decoding=\"async\" src=\"https:\/\/jornalfatosenoticias.com.br\/wp-content\/uploads\/2024\/08\/Serra-4x4-1-886x1024.jpg\" alt=\"\" class=\"wp-image-53632\" width=\"290\" height=\"335\" srcset=\"https:\/\/jornalfatosenoticias.com.br\/wp-content\/uploads\/2024\/08\/Serra-4x4-1-886x1024.jpg 886w, https:\/\/jornalfatosenoticias.com.br\/wp-content\/uploads\/2024\/08\/Serra-4x4-1-260x300.jpg 260w, https:\/\/jornalfatosenoticias.com.br\/wp-content\/uploads\/2024\/08\/Serra-4x4-1-768x888.jpg 768w, https:\/\/jornalfatosenoticias.com.br\/wp-content\/uploads\/2024\/08\/Serra-4x4-1.jpg 1181w\" sizes=\"auto, (max-width: 290px) 100vw, 290px\" \/><\/a><\/figure><\/div>\n\n\n\n<p>Segundo o senador Fl\u00e1vio Bolsonaro (PL-RJ), um novo texto para uma anistia \u201campla, geral e irrestrita\u201d est\u00e1 sendo negociado por deputados e senadores e deve ser apresentado nos pr\u00f3ximos dias. &#8220;[A anistia] \u00e9 uma parte da conversa que eu pretendo ter com o Tarc\u00edsio. Ele, de fato, entrou de cabe\u00e7a nessa articula\u00e7\u00e3o junto com a gente porque sabe que \u00e9 injusto o que est\u00e1 acontecendo. O Brasil precisa virar essa p\u00e1gina e isso s\u00f3 vai acontecer com a anistia&#8221;, disse o filho do ex-presidente a jornalistas no Senado.<\/p>\n\n\n\n<div class=\"wp-block-image\"><figure class=\"aligncenter size-large is-resized\"><a href=\"https:\/\/www.facebook.com\/postobkr\/?locale=pt_BR\"><img loading=\"lazy\" decoding=\"async\" src=\"https:\/\/jornalfatosenoticias.com.br\/wp-content\/uploads\/2023\/08\/BKR-1024x1021.jpg\" alt=\"\" class=\"wp-image-44494\" width=\"305\" height=\"304\" srcset=\"https:\/\/jornalfatosenoticias.com.br\/wp-content\/uploads\/2023\/08\/BKR-1024x1021.jpg 1024w, https:\/\/jornalfatosenoticias.com.br\/wp-content\/uploads\/2023\/08\/BKR-300x300.jpg 300w, https:\/\/jornalfatosenoticias.com.br\/wp-content\/uploads\/2023\/08\/BKR-150x150.jpg 150w, https:\/\/jornalfatosenoticias.com.br\/wp-content\/uploads\/2023\/08\/BKR-768x766.jpg 768w, https:\/\/jornalfatosenoticias.com.br\/wp-content\/uploads\/2023\/08\/BKR.jpg 1080w\" sizes=\"auto, (max-width: 305px) 100vw, 305px\" \/><\/a><\/figure><\/div>\n\n\n\n<p>A expectativa da oposi\u00e7\u00e3o \u00e9 de que o tema possa ser colocado em vota\u00e7\u00e3o daqui a duas semanas, ou seja, ap\u00f3s a conclus\u00e3o do julgamento contra Bolsonaro e outros sete r\u00e9us no inqu\u00e9rito da suposta tentativa de golpe de Estado. &#8220;H\u00e1 um argumento de que n\u00e3o teria como levar adiante um projeto de lei de anistia se n\u00e3o h\u00e1 condena\u00e7\u00e3o. Bem, nesta semana ou na pr\u00f3xima, esse teatro deve ser levado adiante [no STF]. Da\u00ed, n\u00f3s teremos uma condena\u00e7\u00e3o [contra Bolsonaro e outros]&#8221;, disse o deputado Ubiratan Sanderson (PL-RS), vice-l\u00edder da oposi\u00e7\u00e3o na C\u00e2mara.<\/p>\n\n\n\n<div class=\"wp-block-image\"><figure class=\"aligncenter size-large is-resized\"><a href=\"https:\/\/www.instagram.com\/restaurantepegoretti\/\"><img loading=\"lazy\" decoding=\"async\" src=\"https:\/\/jornalfatosenoticias.com.br\/wp-content\/uploads\/2023\/12\/pegoretti-logo-pdf-1024x389.jpg\" alt=\"\" class=\"wp-image-47536\" width=\"501\" height=\"190\" srcset=\"https:\/\/jornalfatosenoticias.com.br\/wp-content\/uploads\/2023\/12\/pegoretti-logo-pdf-1024x389.jpg 1024w, https:\/\/jornalfatosenoticias.com.br\/wp-content\/uploads\/2023\/12\/pegoretti-logo-pdf-300x114.jpg 300w, https:\/\/jornalfatosenoticias.com.br\/wp-content\/uploads\/2023\/12\/pegoretti-logo-pdf-768x291.jpg 768w, https:\/\/jornalfatosenoticias.com.br\/wp-content\/uploads\/2023\/12\/pegoretti-logo-pdf.jpg 1120w\" sizes=\"auto, (max-width: 501px) 100vw, 501px\" \/><\/a><\/figure><\/div>\n\n\n\n<p><strong><span class=\"has-inline-color has-black-color\">Pressionado, Motta sinaliza que o tema \u201cprecisa ser enfrentado\u201d<br><\/span><\/strong>Com o resultado da articula\u00e7\u00e3o do governador de S\u00e3o Paulo e da ades\u00e3o de partidos do Centr\u00e3o, a oposi\u00e7\u00e3o voltou a cobrar Motta em rela\u00e7\u00e3o ao texto da anistia durante a reuni\u00e3o de l\u00edderes desta ter\u00e7a. Apesar de negar a vota\u00e7\u00e3o nesta semana, o presidente da C\u00e2mara disse aos l\u00edderes partid\u00e1rios que o tema &#8220;precisaria ser enfrentado em algum momento&#8221;, indicando que pode aceitar paut\u00e1-lo em breve. &#8220;Um homem tem palavra. A gente acredita que chegou a hora de ele cumprir a palavra&#8221;, disse o l\u00edder da oposi\u00e7\u00e3o, Luciano Zucco, em rela\u00e7\u00e3o ao pleito feito ao presidente da C\u00e2mara.<\/p>\n\n\n\n<div class=\"wp-block-image\"><figure class=\"aligncenter size-large is-resized\"><a href=\"https:\/\/www.instagram.com\/rcradiadores\/\"><img loading=\"lazy\" decoding=\"async\" src=\"https:\/\/jornalfatosenoticias.com.br\/wp-content\/uploads\/2022\/10\/RC_800x750_page-0001.jpg\" alt=\"\" class=\"wp-image-35338\" width=\"332\" height=\"311\" srcset=\"https:\/\/jornalfatosenoticias.com.br\/wp-content\/uploads\/2022\/10\/RC_800x750_page-0001.jpg 400w, https:\/\/jornalfatosenoticias.com.br\/wp-content\/uploads\/2022\/10\/RC_800x750_page-0001-300x281.jpg 300w\" sizes=\"auto, (max-width: 332px) 100vw, 332px\" \/><\/a><\/figure><\/div>\n\n\n\n<p>A articula\u00e7\u00e3o e a mudan\u00e7a de clima em rela\u00e7\u00e3o ao projeto da anistia foram admitidas, inclusive, pelo l\u00edder do PT na C\u00e2mara, deputado Lindbergh Farias. \u201cTem uma constru\u00e7\u00e3o para pautar [a anistia] depois do julgamento. Existe esse movimento, essa articula\u00e7\u00e3o e essa press\u00e3o muito grande\u201d, disse. \u201cEst\u00e3o construindo, \u00e0 luz do dia, as condi\u00e7\u00f5es para votar depois do julgamento, com participa\u00e7\u00e3o do governador de S\u00e3o Paulo e com movimentos dos grandes partidos\u201d, completa.<\/p>\n\n\n\n<div class=\"wp-block-image\"><figure class=\"aligncenter size-large is-resized\"><a href=\"https:\/\/www.instagram.com\/gruposei\/\"><img loading=\"lazy\" decoding=\"async\" src=\"https:\/\/jornalfatosenoticias.com.br\/wp-content\/uploads\/2022\/07\/Logo-Grupo-SEI.jpg\" alt=\"\" class=\"wp-image-31973\" width=\"377\" height=\"198\" srcset=\"https:\/\/jornalfatosenoticias.com.br\/wp-content\/uploads\/2022\/07\/Logo-Grupo-SEI.jpg 713w, https:\/\/jornalfatosenoticias.com.br\/wp-content\/uploads\/2022\/07\/Logo-Grupo-SEI-300x158.jpg 300w\" sizes=\"auto, (max-width: 377px) 100vw, 377px\" \/><\/a><\/figure><\/div>\n\n\n\n<p><strong><span class=\"has-inline-color has-black-color\">Centr\u00e3o articula candidatura de Tarc\u00edsio nos bastidores e isola Lula para 2026<br><\/span><\/strong>O vice-presidente da C\u00e2mara, Altineu C\u00f4rtes, ressaltou que o PL ainda tem o desejo de que Bolsonaro possa concorrer, novamente, \u00e0 Presid\u00eancia da Rep\u00fablica, mas confirma as movimenta\u00e7\u00f5es para a forma\u00e7\u00e3o de uma frente ampla de partidos em torno do nome escolhido pelo ex-presidente. O nome mais pr\u00f3ximo \u00e9 Tarc\u00edsio de Freitas, que foi ministro do governo Bolsonaro e mant\u00e9m o alinhamento com o l\u00edder da direita. Bolsonaro est\u00e1 ineleg\u00edvel at\u00e9 2030 por decis\u00e3o do Tribunal Superior Eleitoral (TSE).<\/p>\n\n\n\n<div class=\"wp-block-image\"><figure class=\"aligncenter size-large\"><a href=\"https:\/\/www.cesconetto.com.br\/\"><img loading=\"lazy\" decoding=\"async\" width=\"300\" height=\"250\" src=\"https:\/\/jornalfatosenoticias.com.br\/wp-content\/uploads\/2020\/02\/Banner-2.png\" alt=\"\" class=\"wp-image-43787\"\/><\/a><\/figure><\/div>\n\n\n\n<p>\u201cJ\u00e1 existe uma frente ampla de partidos de centro-direita. No PL, quem vai comandar a escolha do nome a presidente da Rep\u00fablica \u00e9 o Bolsonaro. O nosso partido quer muito que ele seja o candidato, mas se realmente o impedimento se confirmar, o Bolsonaro vai escolher quem ser\u00e1 o representante da centro-direita\u201d, comenta C\u00f4rtes.<\/p>\n\n\n\n<div class=\"wp-block-image\"><figure class=\"aligncenter size-large is-resized\"><a href=\"https:\/\/hotelmarquetti.com.br\/\"><img loading=\"lazy\" decoding=\"async\" src=\"https:\/\/jornalfatosenoticias.com.br\/wp-content\/uploads\/2020\/02\/LOGO-MQ-1024x680.jpg\" alt=\"\" class=\"wp-image-58299\" width=\"362\" height=\"240\" srcset=\"https:\/\/jornalfatosenoticias.com.br\/wp-content\/uploads\/2020\/02\/LOGO-MQ-1024x680.jpg 1024w, https:\/\/jornalfatosenoticias.com.br\/wp-content\/uploads\/2020\/02\/LOGO-MQ-300x199.jpg 300w, https:\/\/jornalfatosenoticias.com.br\/wp-content\/uploads\/2020\/02\/LOGO-MQ-768x510.jpg 768w, https:\/\/jornalfatosenoticias.com.br\/wp-content\/uploads\/2020\/02\/LOGO-MQ-1536x1020.jpg 1536w, https:\/\/jornalfatosenoticias.com.br\/wp-content\/uploads\/2020\/02\/LOGO-MQ-2048x1360.jpg 2048w\" sizes=\"auto, (max-width: 362px) 100vw, 362px\" \/><\/a><\/figure><\/div>\n\n\n\n<p>Oficialmente, o governador de S\u00e3o Paulo \u00e9 categ\u00f3rico ao negar qualquer possibilidade de concorrer \u00e0 Presid\u00eancia da Rep\u00fablica, mas nos bastidores o nome de Tarc\u00edsio de Freitas ganha tra\u00e7\u00e3o com articula\u00e7\u00f5es de outras siglas, al\u00e9m do Republicanos, para a composi\u00e7\u00e3o de uma frente ampla contra Lula em 2026. O mandat\u00e1rio paulista \u00e9 favorito \u00e0 reelei\u00e7\u00e3o ao governo estadual. Por outro lado, os principais caciques partid\u00e1rios enxergam em Tarc\u00edsio um nome de consenso para unifica\u00e7\u00e3o da centro-direita nacional contra o PT.<\/p>\n\n\n\n<div class=\"wp-block-image\"><figure class=\"aligncenter size-large is-resized\"><a href=\"https:\/\/www.facebook.com\/profile.php?id=100069289606145\"><img loading=\"lazy\" decoding=\"async\" src=\"https:\/\/jornalfatosenoticias.com.br\/wp-content\/uploads\/2024\/11\/Guaitolini-Contabilidade-1024x714.jpeg\" alt=\"\" class=\"wp-image-55808\" width=\"323\" height=\"225\" srcset=\"https:\/\/jornalfatosenoticias.com.br\/wp-content\/uploads\/2024\/11\/Guaitolini-Contabilidade-1024x714.jpeg 1024w, https:\/\/jornalfatosenoticias.com.br\/wp-content\/uploads\/2024\/11\/Guaitolini-Contabilidade-300x209.jpeg 300w, https:\/\/jornalfatosenoticias.com.br\/wp-content\/uploads\/2024\/11\/Guaitolini-Contabilidade-768x535.jpeg 768w, https:\/\/jornalfatosenoticias.com.br\/wp-content\/uploads\/2024\/11\/Guaitolini-Contabilidade.jpeg 1280w\" sizes=\"auto, (max-width: 323px) 100vw, 323px\" \/><\/a><\/figure><\/div>\n\n\n\n<p>No final de maio, a filia\u00e7\u00e3o do secret\u00e1rio da Seguran\u00e7a P\u00fablica de S\u00e3o Paulo, Guilherme Derrite (PP-SP), uniu cinco caciques da centro-direita e <a href=\"https:\/\/www.gazetadopovo.com.br\/brasil\/filiacao-derrite-centro-direita-ensaio-frente-ampla-tarcisio-2026\/\" target=\"_blank\" rel=\"noreferrer noopener\">ganhou tom eleitoral com acenos ao governador paulista<\/a>. Um dos maiores entusiastas \u00e9 o presidente nacional do PP, o senador Ciro Nogueira, que discursou que o \u201cBrasil vai chamar o governador Tarc\u00edsio agora ou em 2030\u201d durante o evento. Em S\u00e3o Paulo, o PP faz parte da base do governo paulista e tamb\u00e9m refor\u00e7a o posicionamento pr\u00f3-anistia no Congresso Nacional.<\/p>\n\n\n\n<div class=\"wp-block-image\"><figure class=\"aligncenter size-large is-resized\"><a href=\"https:\/\/www.controlsystems.com.br\/\"><img loading=\"lazy\" decoding=\"async\" src=\"https:\/\/jornalfatosenoticias.com.br\/wp-content\/uploads\/2020\/02\/CONTROL-CS.jpg\" alt=\"\" class=\"wp-image-44991\" width=\"289\" height=\"346\" srcset=\"https:\/\/jornalfatosenoticias.com.br\/wp-content\/uploads\/2020\/02\/CONTROL-CS.jpg 834w, https:\/\/jornalfatosenoticias.com.br\/wp-content\/uploads\/2020\/02\/CONTROL-CS-250x300.jpg 250w, https:\/\/jornalfatosenoticias.com.br\/wp-content\/uploads\/2020\/02\/CONTROL-CS-768x921.jpg 768w\" sizes=\"auto, (max-width: 289px) 100vw, 289px\" \/><\/a><\/figure><\/div>\n\n\n\n<p>\u201cEsse tema ainda n\u00e3o foi discutido com os demais parlamentares da bancada paulista. Assim que fecharmos uma posi\u00e7\u00e3o com a opini\u00e3o de todos, vamos dar publicidade ao fato\u201d, esclarece o presidente estadual do PP, deputado federal Maur\u00edcio Neves, em resposta \u00e0 Gazeta do Povo. Ele disse que \u00e9 favor\u00e1vel \u00e0 anistia e que defende a constru\u00e7\u00e3o de uma candidatura \u00fanica de oposi\u00e7\u00e3o ao PT.<\/p>\n\n\n\n<blockquote class=\"wp-block-quote is-layout-flow wp-block-quote-is-layout-flow\"><p><span class=\"has-inline-color has-luminous-vivid-orange-color\">Com rela\u00e7\u00e3o ao Tarc\u00edsio, fazemos parte de seu governo, com o secret\u00e1rio de Seguran\u00e7a, Guilherme Derrite, que vem fazendo um \u00f3timo trabalho. Neste momento, nosso foco \u00e9 construir uma unidade para que o nome do presidenci\u00e1vel seja escolhido por consenso\u201d, declara.<\/span><\/p><\/blockquote>\n\n\n\n<div class=\"wp-block-image\"><figure class=\"aligncenter size-large is-resized\"><a href=\"https:\/\/legisjuris.com.br\/\"><img loading=\"lazy\" decoding=\"async\" src=\"https:\/\/jornalfatosenoticias.com.br\/wp-content\/uploads\/2024\/09\/Legis-Juris-Consultoria_logo.jpg\" alt=\"\" class=\"wp-image-53915\" width=\"492\" height=\"206\" srcset=\"https:\/\/jornalfatosenoticias.com.br\/wp-content\/uploads\/2024\/09\/Legis-Juris-Consultoria_logo.jpg 969w, https:\/\/jornalfatosenoticias.com.br\/wp-content\/uploads\/2024\/09\/Legis-Juris-Consultoria_logo-300x126.jpg 300w, https:\/\/jornalfatosenoticias.com.br\/wp-content\/uploads\/2024\/09\/Legis-Juris-Consultoria_logo-768x322.jpg 768w\" sizes=\"auto, (max-width: 492px) 100vw, 492px\" \/><\/a><\/figure><\/div>\n\n\n\n<p>A reportagem da Gazeta do Povo apurou que os presidentes do PL e do PSD, Valdemar Costa Neto e Gilberto Kassab, tamb\u00e9m articulam a composi\u00e7\u00e3o de uma frente ampla em torno de Tarc\u00edsio de Freitas. Secret\u00e1rio de Governo da gest\u00e3o paulista, Kassab afirmou recentemente que Tarc\u00edsio seria o \u00fanico nome que poderia agregar v\u00e1rias for\u00e7as pol\u00edticas. Enquanto isso, o PL tenta atrair o governador de S\u00e3o Paulo para o partido, o que poderia resultar na forma\u00e7\u00e3o de chapas com PSD \u00e0 Presid\u00eancia e ao governo do estado, com Kassab concorrendo ao Pal\u00e1cio dos Bandeirantes.<\/p>\n\n\n\n<div class=\"wp-block-image\"><figure class=\"aligncenter size-large\"><a href=\"http:\/\/www.ferrarimaquinas.com.br\/\"><img loading=\"lazy\" decoding=\"async\" width=\"300\" height=\"250\" src=\"https:\/\/jornalfatosenoticias.com.br\/wp-content\/uploads\/2022\/02\/FERRARI_MAQUINAS-E-FERRAMENTAS2.jpg\" alt=\"\" class=\"wp-image-27860\"\/><\/a><\/figure><\/div>\n\n\n\n<p>O PSD de Kassab possui tr\u00eas minist\u00e9rios no governo Lula e as elei\u00e7\u00f5es de 2026 podem afastar a sigla da base petista. Al\u00e9m da articula\u00e7\u00e3o com Tarc\u00edsio, o PSD tem dois presidenci\u00e1veis para 2026: o governador paranaense Ratinho Junior e o chefe do Executivo ga\u00facho Eduardo Leite.<\/p>\n\n\n\n<p><strong>Fonte: <a href=\"https:\/\/www.gazetadopovo.com.br\/sao-paulo\/tarcisio-negocia-anistia-lula-perde-forca-julgamento-de-bolsonaro\/\">Gazeta do Povo<\/a><\/strong><\/p>\n","protected":false},"excerpt":{"rendered":"<p>Tarc\u00edsio articula aprova\u00e7\u00e3o do PL da Anistia, que deve receber apoio do Uni\u00e3o Progressista ap\u00f3s desembarque do governo Lula Por Rafael Fantin\/Wesley Oliveira Enquanto o ex-presidente da Rep\u00fablica Jair Bolsonaro (PL-RJ) \u00e9 julgado no Supremo Tribunal Federal (STF), o trabalho da oposi\u00e7\u00e3o pela vota\u00e7\u00e3o da anistia no Congresso Nacional ganhou o refor\u00e7o do governador Tarc\u00edsio [&hellip;]<\/p>\n","protected":false},"author":3,"featured_media":61725,"comment_status":"open","ping_status":"open","sticky":false,"template":"","format":"standard","meta":{"footnotes":""},"categories":[10],"tags":[18055,1242,982,22742,20244,10224,1039,22739,22983,25620,1795,7580,25110,27779,305,486,294,19192,19952,3429],"class_list":["post-61724","post","type-post","status-publish","format-standard","has-post-thumbnail","hentry","category-politica","tag-8-de-janeiro","tag-anistia","tag-camara-dos-deputados","tag-capitao-derrite","tag-centrao","tag-congresso-nacional","tag-eleicoes","tag-flavio-bolsonaro","tag-gilberto-kassab","tag-hugo-motta","tag-jair-bolsonaro","tag-lula","tag-partido-progressistas","tag-partido-republicanos","tag-sao-paulo","tag-senado","tag-stf","tag-tarcisio-de-freitas","tag-uniao-brasil","tag-votacao"],"yoast_head":"<!-- This site is optimized with the Yoast SEO plugin v26.5 - https:\/\/yoast.com\/wordpress\/plugins\/seo\/ -->\n<title>Tarc\u00edsio negocia anistia e Lula perde for\u00e7a em meio a julgamento de Bolsonaro - Jornal Fatos e Not\u00edcias<\/title>\n<meta name=\"robots\" content=\"index, follow, max-snippet:-1, max-image-preview:large, max-video-preview:-1\" \/>\n<link rel=\"canonical\" href=\"https:\/\/jornalfatosenoticias.com.br\/index.php\/2025\/09\/04\/tarcisio-negocia-anistia-e-lula-perde-forca-em-meio-a-julgamento-de-bolsonaro\/\" \/>\n<meta property=\"og:locale\" content=\"pt_BR\" \/>\n<meta property=\"og:type\" content=\"article\" \/>\n<meta property=\"og:title\" content=\"Tarc\u00edsio negocia anistia e Lula perde for\u00e7a em meio a julgamento de Bolsonaro - Jornal Fatos e Not\u00edcias\" \/>\n<meta property=\"og:description\" content=\"Tarc\u00edsio articula aprova\u00e7\u00e3o do PL da Anistia, que deve receber apoio do Uni\u00e3o Progressista ap\u00f3s desembarque do governo Lula Por Rafael Fantin\/Wesley Oliveira Enquanto o ex-presidente da Rep\u00fablica Jair Bolsonaro (PL-RJ) \u00e9 julgado no Supremo Tribunal Federal (STF), o trabalho da oposi\u00e7\u00e3o pela vota\u00e7\u00e3o da anistia no Congresso Nacional ganhou o refor\u00e7o do governador Tarc\u00edsio [&hellip;]\" \/>\n<meta property=\"og:url\" content=\"https:\/\/jornalfatosenoticias.com.br\/index.php\/2025\/09\/04\/tarcisio-negocia-anistia-e-lula-perde-forca-em-meio-a-julgamento-de-bolsonaro\/\" \/>\n<meta property=\"og:site_name\" content=\"Jornal Fatos e Not\u00edcias\" \/>\n<meta property=\"article:published_time\" content=\"2025-09-04T17:49:42+00:00\" \/>\n<meta property=\"article:modified_time\" content=\"2025-09-04T17:49:44+00:00\" \/>\n<meta property=\"og:image\" content=\"https:\/\/jornalfatosenoticias.com.br\/wp-content\/uploads\/2025\/09\/tarcisio-anistia.jpg\" \/>\n\t<meta property=\"og:image:width\" content=\"1000\" \/>\n\t<meta property=\"og:image:height\" content=\"653\" \/>\n\t<meta property=\"og:image:type\" content=\"image\/jpeg\" \/>\n<meta name=\"author\" content=\"Haroldo Filho\" \/>\n<meta name=\"twitter:card\" content=\"summary_large_image\" \/>\n<meta name=\"twitter:label1\" content=\"Escrito por\" \/>\n\t<meta name=\"twitter:data1\" content=\"Haroldo Filho\" \/>\n\t<meta name=\"twitter:label2\" content=\"Est. tempo de leitura\" \/>\n\t<meta name=\"twitter:data2\" content=\"9 minutos\" \/>\n<script type=\"application\/ld+json\" class=\"yoast-schema-graph\">{\"@context\":\"https:\/\/schema.org\",\"@graph\":[{\"@type\":\"Article\",\"@id\":\"https:\/\/jornalfatosenoticias.com.br\/index.php\/2025\/09\/04\/tarcisio-negocia-anistia-e-lula-perde-forca-em-meio-a-julgamento-de-bolsonaro\/#article\",\"isPartOf\":{\"@id\":\"https:\/\/jornalfatosenoticias.com.br\/index.php\/2025\/09\/04\/tarcisio-negocia-anistia-e-lula-perde-forca-em-meio-a-julgamento-de-bolsonaro\/\"},\"author\":{\"name\":\"Haroldo Filho\",\"@id\":\"https:\/\/jornalfatosenoticias.com.br\/#\/schema\/person\/05c46cc25b42a5c27e004fb0fa6b4965\"},\"headline\":\"Tarc\u00edsio negocia anistia e Lula perde for\u00e7a em meio a julgamento de Bolsonaro\",\"datePublished\":\"2025-09-04T17:49:42+00:00\",\"dateModified\":\"2025-09-04T17:49:44+00:00\",\"mainEntityOfPage\":{\"@id\":\"https:\/\/jornalfatosenoticias.com.br\/index.php\/2025\/09\/04\/tarcisio-negocia-anistia-e-lula-perde-forca-em-meio-a-julgamento-de-bolsonaro\/\"},\"wordCount\":1822,\"commentCount\":0,\"publisher\":{\"@id\":\"https:\/\/jornalfatosenoticias.com.br\/#organization\"},\"image\":{\"@id\":\"https:\/\/jornalfatosenoticias.com.br\/index.php\/2025\/09\/04\/tarcisio-negocia-anistia-e-lula-perde-forca-em-meio-a-julgamento-de-bolsonaro\/#primaryimage\"},\"thumbnailUrl\":\"https:\/\/jornalfatosenoticias.com.br\/wp-content\/uploads\/2025\/09\/tarcisio-anistia.jpg\",\"keywords\":[\"8 de janeiro\",\"anistia\",\"C\u00e2mara dos Deputados\",\"Capit\u00e3o Derrite\",\"Centr\u00e3o\",\"Congresso Nacional\",\"elei\u00e7\u00f5es\",\"Fl\u00e1vio Bolsonaro\",\"Gilberto Kassab\",\"Hugo Motta\",\"Jair Bolsonaro\",\"Lula\",\"Partido Progressistas\",\"Partido Republicanos\",\"S\u00e3o Paulo\",\"Senado\",\"STF\",\"Tarc\u00edsio de Freitas\",\"Uni\u00e3o Brasil\",\"vota\u00e7\u00e3o\"],\"articleSection\":[\"Pol\u00edtica\"],\"inLanguage\":\"pt-BR\",\"potentialAction\":[{\"@type\":\"CommentAction\",\"name\":\"Comment\",\"target\":[\"https:\/\/jornalfatosenoticias.com.br\/index.php\/2025\/09\/04\/tarcisio-negocia-anistia-e-lula-perde-forca-em-meio-a-julgamento-de-bolsonaro\/#respond\"]}]},{\"@type\":\"WebPage\",\"@id\":\"https:\/\/jornalfatosenoticias.com.br\/index.php\/2025\/09\/04\/tarcisio-negocia-anistia-e-lula-perde-forca-em-meio-a-julgamento-de-bolsonaro\/\",\"url\":\"https:\/\/jornalfatosenoticias.com.br\/index.php\/2025\/09\/04\/tarcisio-negocia-anistia-e-lula-perde-forca-em-meio-a-julgamento-de-bolsonaro\/\",\"name\":\"Tarc\u00edsio negocia anistia e Lula perde for\u00e7a em meio a julgamento de Bolsonaro - Jornal Fatos e Not\u00edcias\",\"isPartOf\":{\"@id\":\"https:\/\/jornalfatosenoticias.com.br\/#website\"},\"primaryImageOfPage\":{\"@id\":\"https:\/\/jornalfatosenoticias.com.br\/index.php\/2025\/09\/04\/tarcisio-negocia-anistia-e-lula-perde-forca-em-meio-a-julgamento-de-bolsonaro\/#primaryimage\"},\"image\":{\"@id\":\"https:\/\/jornalfatosenoticias.com.br\/index.php\/2025\/09\/04\/tarcisio-negocia-anistia-e-lula-perde-forca-em-meio-a-julgamento-de-bolsonaro\/#primaryimage\"},\"thumbnailUrl\":\"https:\/\/jornalfatosenoticias.com.br\/wp-content\/uploads\/2025\/09\/tarcisio-anistia.jpg\",\"datePublished\":\"2025-09-04T17:49:42+00:00\",\"dateModified\":\"2025-09-04T17:49:44+00:00\",\"breadcrumb\":{\"@id\":\"https:\/\/jornalfatosenoticias.com.br\/index.php\/2025\/09\/04\/tarcisio-negocia-anistia-e-lula-perde-forca-em-meio-a-julgamento-de-bolsonaro\/#breadcrumb\"},\"inLanguage\":\"pt-BR\",\"potentialAction\":[{\"@type\":\"ReadAction\",\"target\":[\"https:\/\/jornalfatosenoticias.com.br\/index.php\/2025\/09\/04\/tarcisio-negocia-anistia-e-lula-perde-forca-em-meio-a-julgamento-de-bolsonaro\/\"]}]},{\"@type\":\"ImageObject\",\"inLanguage\":\"pt-BR\",\"@id\":\"https:\/\/jornalfatosenoticias.com.br\/index.php\/2025\/09\/04\/tarcisio-negocia-anistia-e-lula-perde-forca-em-meio-a-julgamento-de-bolsonaro\/#primaryimage\",\"url\":\"https:\/\/jornalfatosenoticias.com.br\/wp-content\/uploads\/2025\/09\/tarcisio-anistia.jpg\",\"contentUrl\":\"https:\/\/jornalfatosenoticias.com.br\/wp-content\/uploads\/2025\/09\/tarcisio-anistia.jpg\",\"width\":1000,\"height\":653},{\"@type\":\"BreadcrumbList\",\"@id\":\"https:\/\/jornalfatosenoticias.com.br\/index.php\/2025\/09\/04\/tarcisio-negocia-anistia-e-lula-perde-forca-em-meio-a-julgamento-de-bolsonaro\/#breadcrumb\",\"itemListElement\":[{\"@type\":\"ListItem\",\"position\":1,\"name\":\"In\u00edcio\",\"item\":\"https:\/\/jornalfatosenoticias.com.br\/\"},{\"@type\":\"ListItem\",\"position\":2,\"name\":\"Tarc\u00edsio negocia anistia e Lula perde for\u00e7a em meio a julgamento de Bolsonaro\"}]},{\"@type\":\"WebSite\",\"@id\":\"https:\/\/jornalfatosenoticias.com.br\/#website\",\"url\":\"https:\/\/jornalfatosenoticias.com.br\/\",\"name\":\"Jornal Fatos e Not\u00edcias\",\"description\":\"Not\u00edcias em geral\",\"publisher\":{\"@id\":\"https:\/\/jornalfatosenoticias.com.br\/#organization\"},\"potentialAction\":[{\"@type\":\"SearchAction\",\"target\":{\"@type\":\"EntryPoint\",\"urlTemplate\":\"https:\/\/jornalfatosenoticias.com.br\/?s={search_term_string}\"},\"query-input\":{\"@type\":\"PropertyValueSpecification\",\"valueRequired\":true,\"valueName\":\"search_term_string\"}}],\"inLanguage\":\"pt-BR\"},{\"@type\":\"Organization\",\"@id\":\"https:\/\/jornalfatosenoticias.com.br\/#organization\",\"name\":\"Jornal Fatos e Not\u00edcias\",\"url\":\"https:\/\/jornalfatosenoticias.com.br\/\",\"logo\":{\"@type\":\"ImageObject\",\"inLanguage\":\"pt-BR\",\"@id\":\"https:\/\/jornalfatosenoticias.com.br\/#\/schema\/logo\/image\/\",\"url\":\"https:\/\/jornalfatosenoticias.com.br\/wp-content\/uploads\/2020\/02\/logo120.png\",\"contentUrl\":\"https:\/\/jornalfatosenoticias.com.br\/wp-content\/uploads\/2020\/02\/logo120.png\",\"width\":1227,\"height\":120,\"caption\":\"Jornal Fatos e Not\u00edcias\"},\"image\":{\"@id\":\"https:\/\/jornalfatosenoticias.com.br\/#\/schema\/logo\/image\/\"}},{\"@type\":\"Person\",\"@id\":\"https:\/\/jornalfatosenoticias.com.br\/#\/schema\/person\/05c46cc25b42a5c27e004fb0fa6b4965\",\"name\":\"Haroldo Filho\",\"image\":{\"@type\":\"ImageObject\",\"inLanguage\":\"pt-BR\",\"@id\":\"https:\/\/jornalfatosenoticias.com.br\/#\/schema\/person\/image\/\",\"url\":\"https:\/\/jornalfatosenoticias.com.br\/wp-content\/uploads\/2025\/08\/WhatsApp-Image-2025-08-18-at-15.30.28-150x150.jpeg\",\"contentUrl\":\"https:\/\/jornalfatosenoticias.com.br\/wp-content\/uploads\/2025\/08\/WhatsApp-Image-2025-08-18-at-15.30.28-150x150.jpeg\",\"caption\":\"Haroldo Filho\"},\"description\":\"Jornalista \u2013 DRT: 0003818\/ES Coordenador-geral da ONG Educar para Crescer\",\"url\":\"https:\/\/jornalfatosenoticias.com.br\/index.php\/author\/haroldo\/\"}]}<\/script>\n<!-- \/ Yoast SEO plugin. -->","yoast_head_json":{"title":"Tarc\u00edsio negocia anistia e Lula perde for\u00e7a em meio a julgamento de Bolsonaro - Jornal Fatos e Not\u00edcias","robots":{"index":"index","follow":"follow","max-snippet":"max-snippet:-1","max-image-preview":"max-image-preview:large","max-video-preview":"max-video-preview:-1"},"canonical":"https:\/\/jornalfatosenoticias.com.br\/index.php\/2025\/09\/04\/tarcisio-negocia-anistia-e-lula-perde-forca-em-meio-a-julgamento-de-bolsonaro\/","og_locale":"pt_BR","og_type":"article","og_title":"Tarc\u00edsio negocia anistia e Lula perde for\u00e7a em meio a julgamento de Bolsonaro - Jornal Fatos e Not\u00edcias","og_description":"Tarc\u00edsio articula aprova\u00e7\u00e3o do PL da Anistia, que deve receber apoio do Uni\u00e3o Progressista ap\u00f3s desembarque do governo Lula Por Rafael Fantin\/Wesley Oliveira Enquanto o ex-presidente da Rep\u00fablica Jair Bolsonaro (PL-RJ) \u00e9 julgado no Supremo Tribunal Federal (STF), o trabalho da oposi\u00e7\u00e3o pela vota\u00e7\u00e3o da anistia no Congresso Nacional ganhou o refor\u00e7o do governador Tarc\u00edsio [&hellip;]","og_url":"https:\/\/jornalfatosenoticias.com.br\/index.php\/2025\/09\/04\/tarcisio-negocia-anistia-e-lula-perde-forca-em-meio-a-julgamento-de-bolsonaro\/","og_site_name":"Jornal Fatos e Not\u00edcias","article_published_time":"2025-09-04T17:49:42+00:00","article_modified_time":"2025-09-04T17:49:44+00:00","og_image":[{"width":1000,"height":653,"url":"https:\/\/jornalfatosenoticias.com.br\/wp-content\/uploads\/2025\/09\/tarcisio-anistia.jpg","type":"image\/jpeg"}],"author":"Haroldo Filho","twitter_card":"summary_large_image","twitter_misc":{"Escrito por":"Haroldo Filho","Est. tempo de leitura":"9 minutos"},"schema":{"@context":"https:\/\/schema.org","@graph":[{"@type":"Article","@id":"https:\/\/jornalfatosenoticias.com.br\/index.php\/2025\/09\/04\/tarcisio-negocia-anistia-e-lula-perde-forca-em-meio-a-julgamento-de-bolsonaro\/#article","isPartOf":{"@id":"https:\/\/jornalfatosenoticias.com.br\/index.php\/2025\/09\/04\/tarcisio-negocia-anistia-e-lula-perde-forca-em-meio-a-julgamento-de-bolsonaro\/"},"author":{"name":"Haroldo Filho","@id":"https:\/\/jornalfatosenoticias.com.br\/#\/schema\/person\/05c46cc25b42a5c27e004fb0fa6b4965"},"headline":"Tarc\u00edsio negocia anistia e Lula perde for\u00e7a em meio a julgamento de Bolsonaro","datePublished":"2025-09-04T17:49:42+00:00","dateModified":"2025-09-04T17:49:44+00:00","mainEntityOfPage":{"@id":"https:\/\/jornalfatosenoticias.com.br\/index.php\/2025\/09\/04\/tarcisio-negocia-anistia-e-lula-perde-forca-em-meio-a-julgamento-de-bolsonaro\/"},"wordCount":1822,"commentCount":0,"publisher":{"@id":"https:\/\/jornalfatosenoticias.com.br\/#organization"},"image":{"@id":"https:\/\/jornalfatosenoticias.com.br\/index.php\/2025\/09\/04\/tarcisio-negocia-anistia-e-lula-perde-forca-em-meio-a-julgamento-de-bolsonaro\/#primaryimage"},"thumbnailUrl":"https:\/\/jornalfatosenoticias.com.br\/wp-content\/uploads\/2025\/09\/tarcisio-anistia.jpg","keywords":["8 de janeiro","anistia","C\u00e2mara dos Deputados","Capit\u00e3o Derrite","Centr\u00e3o","Congresso Nacional","elei\u00e7\u00f5es","Fl\u00e1vio Bolsonaro","Gilberto Kassab","Hugo Motta","Jair Bolsonaro","Lula","Partido Progressistas","Partido Republicanos","S\u00e3o Paulo","Senado","STF","Tarc\u00edsio de Freitas","Uni\u00e3o Brasil","vota\u00e7\u00e3o"],"articleSection":["Pol\u00edtica"],"inLanguage":"pt-BR","potentialAction":[{"@type":"CommentAction","name":"Comment","target":["https:\/\/jornalfatosenoticias.com.br\/index.php\/2025\/09\/04\/tarcisio-negocia-anistia-e-lula-perde-forca-em-meio-a-julgamento-de-bolsonaro\/#respond"]}]},{"@type":"WebPage","@id":"https:\/\/jornalfatosenoticias.com.br\/index.php\/2025\/09\/04\/tarcisio-negocia-anistia-e-lula-perde-forca-em-meio-a-julgamento-de-bolsonaro\/","url":"https:\/\/jornalfatosenoticias.com.br\/index.php\/2025\/09\/04\/tarcisio-negocia-anistia-e-lula-perde-forca-em-meio-a-julgamento-de-bolsonaro\/","name":"Tarc\u00edsio negocia anistia e Lula perde for\u00e7a em meio a julgamento de Bolsonaro - Jornal Fatos e Not\u00edcias","isPartOf":{"@id":"https:\/\/jornalfatosenoticias.com.br\/#website"},"primaryImageOfPage":{"@id":"https:\/\/jornalfatosenoticias.com.br\/index.php\/2025\/09\/04\/tarcisio-negocia-anistia-e-lula-perde-forca-em-meio-a-julgamento-de-bolsonaro\/#primaryimage"},"image":{"@id":"https:\/\/jornalfatosenoticias.com.br\/index.php\/2025\/09\/04\/tarcisio-negocia-anistia-e-lula-perde-forca-em-meio-a-julgamento-de-bolsonaro\/#primaryimage"},"thumbnailUrl":"https:\/\/jornalfatosenoticias.com.br\/wp-content\/uploads\/2025\/09\/tarcisio-anistia.jpg","datePublished":"2025-09-04T17:49:42+00:00","dateModified":"2025-09-04T17:49:44+00:00","breadcrumb":{"@id":"https:\/\/jornalfatosenoticias.com.br\/index.php\/2025\/09\/04\/tarcisio-negocia-anistia-e-lula-perde-forca-em-meio-a-julgamento-de-bolsonaro\/#breadcrumb"},"inLanguage":"pt-BR","potentialAction":[{"@type":"ReadAction","target":["https:\/\/jornalfatosenoticias.com.br\/index.php\/2025\/09\/04\/tarcisio-negocia-anistia-e-lula-perde-forca-em-meio-a-julgamento-de-bolsonaro\/"]}]},{"@type":"ImageObject","inLanguage":"pt-BR","@id":"https:\/\/jornalfatosenoticias.com.br\/index.php\/2025\/09\/04\/tarcisio-negocia-anistia-e-lula-perde-forca-em-meio-a-julgamento-de-bolsonaro\/#primaryimage","url":"https:\/\/jornalfatosenoticias.com.br\/wp-content\/uploads\/2025\/09\/tarcisio-anistia.jpg","contentUrl":"https:\/\/jornalfatosenoticias.com.br\/wp-content\/uploads\/2025\/09\/tarcisio-anistia.jpg","width":1000,"height":653},{"@type":"BreadcrumbList","@id":"https:\/\/jornalfatosenoticias.com.br\/index.php\/2025\/09\/04\/tarcisio-negocia-anistia-e-lula-perde-forca-em-meio-a-julgamento-de-bolsonaro\/#breadcrumb","itemListElement":[{"@type":"ListItem","position":1,"name":"In\u00edcio","item":"https:\/\/jornalfatosenoticias.com.br\/"},{"@type":"ListItem","position":2,"name":"Tarc\u00edsio negocia anistia e Lula perde for\u00e7a em meio a julgamento de Bolsonaro"}]},{"@type":"WebSite","@id":"https:\/\/jornalfatosenoticias.com.br\/#website","url":"https:\/\/jornalfatosenoticias.com.br\/","name":"Jornal Fatos e Not\u00edcias","description":"Not\u00edcias em geral","publisher":{"@id":"https:\/\/jornalfatosenoticias.com.br\/#organization"},"potentialAction":[{"@type":"SearchAction","target":{"@type":"EntryPoint","urlTemplate":"https:\/\/jornalfatosenoticias.com.br\/?s={search_term_string}"},"query-input":{"@type":"PropertyValueSpecification","valueRequired":true,"valueName":"search_term_string"}}],"inLanguage":"pt-BR"},{"@type":"Organization","@id":"https:\/\/jornalfatosenoticias.com.br\/#organization","name":"Jornal Fatos e Not\u00edcias","url":"https:\/\/jornalfatosenoticias.com.br\/","logo":{"@type":"ImageObject","inLanguage":"pt-BR","@id":"https:\/\/jornalfatosenoticias.com.br\/#\/schema\/logo\/image\/","url":"https:\/\/jornalfatosenoticias.com.br\/wp-content\/uploads\/2020\/02\/logo120.png","contentUrl":"https:\/\/jornalfatosenoticias.com.br\/wp-content\/uploads\/2020\/02\/logo120.png","width":1227,"height":120,"caption":"Jornal Fatos e Not\u00edcias"},"image":{"@id":"https:\/\/jornalfatosenoticias.com.br\/#\/schema\/logo\/image\/"}},{"@type":"Person","@id":"https:\/\/jornalfatosenoticias.com.br\/#\/schema\/person\/05c46cc25b42a5c27e004fb0fa6b4965","name":"Haroldo Filho","image":{"@type":"ImageObject","inLanguage":"pt-BR","@id":"https:\/\/jornalfatosenoticias.com.br\/#\/schema\/person\/image\/","url":"https:\/\/jornalfatosenoticias.com.br\/wp-content\/uploads\/2025\/08\/WhatsApp-Image-2025-08-18-at-15.30.28-150x150.jpeg","contentUrl":"https:\/\/jornalfatosenoticias.com.br\/wp-content\/uploads\/2025\/08\/WhatsApp-Image-2025-08-18-at-15.30.28-150x150.jpeg","caption":"Haroldo Filho"},"description":"Jornalista \u2013 DRT: 0003818\/ES Coordenador-geral da ONG Educar para Crescer","url":"https:\/\/jornalfatosenoticias.com.br\/index.php\/author\/haroldo\/"}]}},"cc_featured_image_caption":{"caption_text":"(Foto: Paulo Honorato\/Divulga\u00e7\u00e3o PP) ","source_text":"","source_url":""},"jetpack_featured_media_url":"https:\/\/jornalfatosenoticias.com.br\/wp-content\/uploads\/2025\/09\/tarcisio-anistia.jpg","_links":{"self":[{"href":"https:\/\/jornalfatosenoticias.com.br\/index.php\/wp-json\/wp\/v2\/posts\/61724","targetHints":{"allow":["GET"]}}],"collection":[{"href":"https:\/\/jornalfatosenoticias.com.br\/index.php\/wp-json\/wp\/v2\/posts"}],"about":[{"href":"https:\/\/jornalfatosenoticias.com.br\/index.php\/wp-json\/wp\/v2\/types\/post"}],"author":[{"embeddable":true,"href":"https:\/\/jornalfatosenoticias.com.br\/index.php\/wp-json\/wp\/v2\/users\/3"}],"replies":[{"embeddable":true,"href":"https:\/\/jornalfatosenoticias.com.br\/index.php\/wp-json\/wp\/v2\/comments?post=61724"}],"version-history":[{"count":0,"href":"https:\/\/jornalfatosenoticias.com.br\/index.php\/wp-json\/wp\/v2\/posts\/61724\/revisions"}],"wp:featuredmedia":[{"embeddable":true,"href":"https:\/\/jornalfatosenoticias.com.br\/index.php\/wp-json\/wp\/v2\/media\/61725"}],"wp:attachment":[{"href":"https:\/\/jornalfatosenoticias.com.br\/index.php\/wp-json\/wp\/v2\/media?parent=61724"}],"wp:term":[{"taxonomy":"category","embeddable":true,"href":"https:\/\/jornalfatosenoticias.com.br\/index.php\/wp-json\/wp\/v2\/categories?post=61724"},{"taxonomy":"post_tag","embeddable":true,"href":"https:\/\/jornalfatosenoticias.com.br\/index.php\/wp-json\/wp\/v2\/tags?post=61724"}],"curies":[{"name":"wp","href":"https:\/\/api.w.org\/{rel}","templated":true}]}}