{"id":61738,"date":"2025-09-08T14:57:41","date_gmt":"2025-09-08T17:57:41","guid":{"rendered":"https:\/\/jornalfatosenoticias.com.br\/?p=61738"},"modified":"2025-09-08T14:57:42","modified_gmt":"2025-09-08T17:57:42","slug":"lenda-de-cavalos-fantasmas-assombra-lago-que-some-e-reaparece-na-irlanda","status":"publish","type":"post","link":"https:\/\/jornalfatosenoticias.com.br\/index.php\/2025\/09\/08\/lenda-de-cavalos-fantasmas-assombra-lago-que-some-e-reaparece-na-irlanda\/","title":{"rendered":"Lenda de \u201ccavalos fantasmas\u201d assombra lago que some e reaparece na Irlanda"},"content":{"rendered":"\n<p><em><span class=\"has-inline-color has-black-color\">Saiba a explica\u00e7\u00e3o cient\u00edfica para um lago na Irlanda do Norte, cujas \u00e1guas somem e reaparecem, que seria protegido por &#8220;cavalos fantasmas&#8221;<\/span><\/em><\/p>\n\n\n\n<p><span class=\"has-inline-color has-black-color\">Por <strong><a href=\"https:\/\/olhardigital.com.br\/author\/flavia-correia\/\">Flavia Correia<\/a><\/strong><\/span><\/p>\n\n\n\n<div class=\"wp-block-image\"><figure class=\"aligncenter size-large\"><a href=\"https:\/\/www.instagram.com\/rcradiadores\/\"><img loading=\"lazy\" decoding=\"async\" width=\"560\" height=\"60\" src=\"https:\/\/jornalfatosenoticias.com.br\/wp-content\/uploads\/2022\/10\/Propaganda-RC-Radiadores-Jornal_page-0001.jpg\" alt=\"\" class=\"wp-image-35270\" srcset=\"https:\/\/jornalfatosenoticias.com.br\/wp-content\/uploads\/2022\/10\/Propaganda-RC-Radiadores-Jornal_page-0001.jpg 560w, https:\/\/jornalfatosenoticias.com.br\/wp-content\/uploads\/2022\/10\/Propaganda-RC-Radiadores-Jornal_page-0001-300x32.jpg 300w\" sizes=\"auto, (max-width: 560px) 100vw, 560px\" \/><\/a><\/figure><\/div>\n\n\n\n<p>Em Glenariff, Condado de Antrim, na Irlanda do Norte, h\u00e1 uma <a href=\"https:\/\/olhardigital.com.br\/2025\/08\/04\/ciencia-e-espaco\/monstro-do-lago-ness-lenda-pode-ter-um-corpo-impossivel\/\" target=\"_blank\" rel=\"noreferrer noopener\"><strong>lenda<\/strong>\u00a0<\/a>que diz que, em certas noites, \u00e9 poss\u00edvel ouvir o relinchar de cavalos e o rangido de\u00a0<a href=\"https:\/\/olhardigital.com.br\/2024\/11\/15\/ciencia-e-espaco\/primeiras-rodas-do-mundo-podem-ter-sido-usadas-em-fabricas-ha-12-mil-anos\/\" target=\"_blank\" rel=\"noreferrer noopener\"><strong>rodas<\/strong><\/a> de uma carruagem fantasma atravessando o chamado \u201cLago Desaparecido\u201d. Esse nome se deve ao fato de que as \u00e1guas do lago Loughareema desaparecem e retornam com uma frequ\u00eancia imprevis\u00edvel, variando de algumas horas a v\u00e1rios dias.<br>Segundo o folclore local, no s\u00e9culo XIX, um coche com passageiros tentou cruzar o lago \u00e0 noite e se afogou, levando consigo os animais e viajantes. Desde ent\u00e3o, moradores e viajantes acreditam que, quando o lago \u201csome\u201d, \u00e9 porque os \u201ccavalos fantasmas\u201d atravessam a \u00e1rea alagada como se fossem esp\u00edritos guardi\u00f5es do local (chamados de kelpies).<\/p>\n\n\n\n<div class=\"wp-block-image\"><figure class=\"aligncenter size-large is-resized\"><a href=\"https:\/\/www.instagram.com\/restaurantepegoretti\/\"><img loading=\"lazy\" decoding=\"async\" src=\"https:\/\/jornalfatosenoticias.com.br\/wp-content\/uploads\/2023\/12\/pegoretti-logo-pdf-1024x389.jpg\" alt=\"\" class=\"wp-image-47536\" width=\"446\" height=\"169\" srcset=\"https:\/\/jornalfatosenoticias.com.br\/wp-content\/uploads\/2023\/12\/pegoretti-logo-pdf-1024x389.jpg 1024w, https:\/\/jornalfatosenoticias.com.br\/wp-content\/uploads\/2023\/12\/pegoretti-logo-pdf-300x114.jpg 300w, https:\/\/jornalfatosenoticias.com.br\/wp-content\/uploads\/2023\/12\/pegoretti-logo-pdf-768x291.jpg 768w, https:\/\/jornalfatosenoticias.com.br\/wp-content\/uploads\/2023\/12\/pegoretti-logo-pdf.jpg 1120w\" sizes=\"auto, (max-width: 446px) 100vw, 446px\" \/><\/a><\/figure><\/div>\n\n\n\n<p>Por tr\u00e1s do mito, no entanto, existe uma explica\u00e7\u00e3o cient\u00edfica para o desaparecimento e reaparecimento das \u00e1guas. Loughareema \u00e9 um lago ef\u00eamero, ou seja, que n\u00e3o mant\u00e9m sempre a mesma quantidade de \u00e1gua. Ele \u00e9 alimentado por tr\u00eas c\u00f3rregos, mas possui um dreno natural no fundo que se bloqueia e desbloqueia sozinho, fazendo o n\u00edvel do lago variar rapidamente.<\/p>\n\n\n\n<div class=\"wp-block-image\"><figure class=\"aligncenter size-large is-resized\"><a href=\"https:\/\/www.controlsystems.com.br\/\"><img loading=\"lazy\" decoding=\"async\" src=\"https:\/\/jornalfatosenoticias.com.br\/wp-content\/uploads\/2020\/02\/CONTROL-CS.jpg\" alt=\"\" class=\"wp-image-44991\" width=\"245\" height=\"294\" srcset=\"https:\/\/jornalfatosenoticias.com.br\/wp-content\/uploads\/2020\/02\/CONTROL-CS.jpg 834w, https:\/\/jornalfatosenoticias.com.br\/wp-content\/uploads\/2020\/02\/CONTROL-CS-250x300.jpg 250w, https:\/\/jornalfatosenoticias.com.br\/wp-content\/uploads\/2020\/02\/CONTROL-CS-768x921.jpg 768w\" sizes=\"auto, (max-width: 245px) 100vw, 245px\" \/><\/a><\/figure><\/div>\n\n\n\n<p>Quando o dreno fica entupido por detritos trazidos pelos c\u00f3rregos, a \u00e1gua come\u00e7a a subir. Ao atingir certa press\u00e3o, o dreno se abre e a \u00e1gua esvazia rapidamente, sendo conduzida por um sistema subterr\u00e2neo at\u00e9 uma nascente do Rio Carey, a cerca de 2,5km de dist\u00e2ncia. Embora estudiosos investiguem o fen\u00f4meno, a forma\u00e7\u00e3o e o funcionamento desse sistema ainda n\u00e3o \u00e9 totalmente compreendida. <\/p>\n\n\n\n<div class=\"wp-block-image\"><figure class=\"aligncenter size-large\"><a href=\"https:\/\/www.cesconetto.com.br\/\"><img loading=\"lazy\" decoding=\"async\" width=\"300\" height=\"250\" src=\"https:\/\/jornalfatosenoticias.com.br\/wp-content\/uploads\/2022\/02\/Banner-2.png\" alt=\"\" class=\"wp-image-27877\"\/><\/a><\/figure><\/div>\n\n\n\n<blockquote class=\"wp-block-quote is-layout-flow wp-block-quote-is-layout-flow\"><p><span class=\"has-inline-color has-luminous-vivid-orange-color\">\u00c9 um lugar din\u00e2mico e emocionante, porque nunca sabemos como o lago estar\u00e1 quando chegamos\u201d, explica Paul Wilson, hidroge\u00f3logo do Servi\u00e7o Geol\u00f3gico Brit\u00e2nico, <strong><a href=\"https:\/\/www.geolsoc.org.uk\/science-and-policy\/100-great-geosites\/landscape\/loughareema\/\" target=\"_blank\" rel=\"noreferrer noopener\">no site da Sociedade Geol\u00f3gica do Reino Unido.<\/a><\/strong><\/span><\/p><\/blockquote>\n\n\n\n<div class=\"wp-block-image\"><figure class=\"aligncenter size-large is-resized\"><a href=\"https:\/\/www.instagram.com\/gruposei\/\"><img loading=\"lazy\" decoding=\"async\" src=\"https:\/\/jornalfatosenoticias.com.br\/wp-content\/uploads\/2022\/07\/Logo-Grupo-SEI.jpg\" alt=\"\" class=\"wp-image-31973\" width=\"337\" height=\"177\" srcset=\"https:\/\/jornalfatosenoticias.com.br\/wp-content\/uploads\/2022\/07\/Logo-Grupo-SEI.jpg 713w, https:\/\/jornalfatosenoticias.com.br\/wp-content\/uploads\/2022\/07\/Logo-Grupo-SEI-300x158.jpg 300w\" sizes=\"auto, (max-width: 337px) 100vw, 337px\" \/><\/a><\/figure><\/div>\n\n\n\n<p>Al\u00e9m do aspecto natural, o lago tem caracter\u00edsticas que aumentam seu mist\u00e9rio. Uma estrada atravessa sua extens\u00e3o, permitindo a passagem de carros mesmo quando a \u00e1gua sobe \u2014 de modo que, \u00e0 noite, mesmo com carros passando, nunca d\u00e1 para saber se ele est\u00e1 cheio ou vazio.<\/p>\n\n\n\n<div class=\"wp-block-image\"><figure class=\"aligncenter size-large is-resized\"><a href=\"https:\/\/www.facebook.com\/postobkr\/?locale=pt_BR\"><img loading=\"lazy\" decoding=\"async\" src=\"https:\/\/jornalfatosenoticias.com.br\/wp-content\/uploads\/2023\/08\/BKR-1024x1021.jpg\" alt=\"\" class=\"wp-image-44494\" width=\"291\" height=\"290\" srcset=\"https:\/\/jornalfatosenoticias.com.br\/wp-content\/uploads\/2023\/08\/BKR-1024x1021.jpg 1024w, https:\/\/jornalfatosenoticias.com.br\/wp-content\/uploads\/2023\/08\/BKR-300x300.jpg 300w, https:\/\/jornalfatosenoticias.com.br\/wp-content\/uploads\/2023\/08\/BKR-150x150.jpg 150w, https:\/\/jornalfatosenoticias.com.br\/wp-content\/uploads\/2023\/08\/BKR-768x766.jpg 768w, https:\/\/jornalfatosenoticias.com.br\/wp-content\/uploads\/2023\/08\/BKR.jpg 1080w\" sizes=\"auto, (max-width: 291px) 100vw, 291px\" \/><\/a><\/figure><\/div>\n\n\n\n<p>Loughareema \u00e9, portanto, um exemplo de como a ci\u00eancia pode explicar fen\u00f4menos que pareciam sobrenaturais. A lenda dos cavalos fantasmas continua a fascinar <strong><a href=\"https:\/\/olhardigital.com.br\/2025\/06\/02\/ciencia-e-espaco\/vulcao-entra-em-erupcao-na-italia-e-assusta-turistas-veja\/\" target=\"_blank\" rel=\"noreferrer noopener\">turistas<\/a><\/strong> e moradores, mas a intermit\u00eancia do lago tem base geol\u00f3gica, resultado de drenos naturais e sistemas subterr\u00e2neos que controlam a \u00e1gua com impressionante efici\u00eancia. Assim, mito e ci\u00eancia se misturam, tornando o \u201cLago Desaparecido\u201d um dos s\u00edtios geol\u00f3gicos mais enigm\u00e1ticos do pa\u00eds.<\/p>\n\n\n\n<div class=\"wp-block-image\"><figure class=\"aligncenter size-large\"><a href=\"http:\/\/www.ferrarimaquinas.com.br\/\"><img loading=\"lazy\" decoding=\"async\" width=\"1024\" height=\"100\" src=\"https:\/\/jornalfatosenoticias.com.br\/wp-content\/uploads\/2020\/02\/banner_ferramentas-1024x100.jpg\" alt=\"\" class=\"wp-image-1258\" srcset=\"https:\/\/jornalfatosenoticias.com.br\/wp-content\/uploads\/2020\/02\/banner_ferramentas-1024x100.jpg 1024w, https:\/\/jornalfatosenoticias.com.br\/wp-content\/uploads\/2020\/02\/banner_ferramentas-300x29.jpg 300w, https:\/\/jornalfatosenoticias.com.br\/wp-content\/uploads\/2020\/02\/banner_ferramentas-768x75.jpg 768w, https:\/\/jornalfatosenoticias.com.br\/wp-content\/uploads\/2020\/02\/banner_ferramentas.jpg 1227w\" sizes=\"auto, (max-width: 1024px) 100vw, 1024px\" \/><\/a><\/figure><\/div>\n\n\n\n<p><strong>Fonte: <a href=\"https:\/\/olhardigital.com.br\/2025\/09\/01\/ciencia-e-espaco\/lenda-de-cavalos-fantasmas-assombra-lago-que-some-e-reaparece-na-irlanda\/\">Olhar Digital<\/a><\/strong><\/p>\n","protected":false},"excerpt":{"rendered":"<p>Saiba a explica\u00e7\u00e3o cient\u00edfica para um lago na Irlanda do Norte, cujas \u00e1guas somem e reaparecem, que seria protegido por &#8220;cavalos fantasmas&#8221; Por Flavia Correia Em Glenariff, Condado de Antrim, na Irlanda do Norte, h\u00e1 uma lenda\u00a0que diz que, em certas noites, \u00e9 poss\u00edvel ouvir o relinchar de cavalos e o rangido de\u00a0rodas de uma [&hellip;]<\/p>\n","protected":false},"author":2,"featured_media":61739,"comment_status":"open","ping_status":"open","sticky":false,"template":"","format":"standard","meta":{"footnotes":""},"categories":[5],"tags":[28165,28166,6284,6804,24337,7272,3890,1831],"class_list":["post-61738","post","type-post","status-publish","format-standard","has-post-thumbnail","hentry","category-geral","tag-cavalos-fantasmas","tag-cavalos","tag-curiosidade","tag-folclore","tag-irlanda-do-norte","tag-lago","tag-lendas","tag-misterio"],"yoast_head":"<!-- This site is optimized with the Yoast SEO plugin v26.5 - https:\/\/yoast.com\/wordpress\/plugins\/seo\/ -->\n<title>Lenda de \u201ccavalos fantasmas\u201d assombra lago que some e reaparece na Irlanda - Jornal Fatos e Not\u00edcias<\/title>\n<meta name=\"robots\" content=\"index, follow, max-snippet:-1, max-image-preview:large, max-video-preview:-1\" \/>\n<link rel=\"canonical\" href=\"https:\/\/jornalfatosenoticias.com.br\/index.php\/2025\/09\/08\/lenda-de-cavalos-fantasmas-assombra-lago-que-some-e-reaparece-na-irlanda\/\" \/>\n<meta property=\"og:locale\" content=\"pt_BR\" \/>\n<meta property=\"og:type\" content=\"article\" \/>\n<meta property=\"og:title\" content=\"Lenda de \u201ccavalos fantasmas\u201d assombra lago que some e reaparece na Irlanda - Jornal Fatos e Not\u00edcias\" \/>\n<meta property=\"og:description\" content=\"Saiba a explica\u00e7\u00e3o cient\u00edfica para um lago na Irlanda do Norte, cujas \u00e1guas somem e reaparecem, que seria protegido por &#8220;cavalos fantasmas&#8221; Por Flavia Correia Em Glenariff, Condado de Antrim, na Irlanda do Norte, h\u00e1 uma lenda\u00a0que diz que, em certas noites, \u00e9 poss\u00edvel ouvir o relinchar de cavalos e o rangido de\u00a0rodas de uma [&hellip;]\" \/>\n<meta property=\"og:url\" content=\"https:\/\/jornalfatosenoticias.com.br\/index.php\/2025\/09\/08\/lenda-de-cavalos-fantasmas-assombra-lago-que-some-e-reaparece-na-irlanda\/\" \/>\n<meta property=\"og:site_name\" content=\"Jornal Fatos e Not\u00edcias\" \/>\n<meta property=\"article:published_time\" content=\"2025-09-08T17:57:41+00:00\" \/>\n<meta property=\"article:modified_time\" content=\"2025-09-08T17:57:42+00:00\" \/>\n<meta property=\"og:image\" content=\"https:\/\/jornalfatosenoticias.com.br\/wp-content\/uploads\/2025\/09\/curiosidade_lago-irlanda-cavalos-fantasmas.jpg\" \/>\n\t<meta property=\"og:image:width\" content=\"1000\" \/>\n\t<meta property=\"og:image:height\" content=\"562\" \/>\n\t<meta property=\"og:image:type\" content=\"image\/jpeg\" \/>\n<meta name=\"author\" content=\"Luzimara Fernandes\" \/>\n<meta name=\"twitter:card\" content=\"summary_large_image\" \/>\n<meta name=\"twitter:label1\" content=\"Escrito por\" \/>\n\t<meta name=\"twitter:data1\" content=\"Luzimara Fernandes\" \/>\n\t<meta name=\"twitter:label2\" content=\"Est. tempo de leitura\" \/>\n\t<meta name=\"twitter:data2\" content=\"2 minutos\" \/>\n<script type=\"application\/ld+json\" class=\"yoast-schema-graph\">{\"@context\":\"https:\/\/schema.org\",\"@graph\":[{\"@type\":\"Article\",\"@id\":\"https:\/\/jornalfatosenoticias.com.br\/index.php\/2025\/09\/08\/lenda-de-cavalos-fantasmas-assombra-lago-que-some-e-reaparece-na-irlanda\/#article\",\"isPartOf\":{\"@id\":\"https:\/\/jornalfatosenoticias.com.br\/index.php\/2025\/09\/08\/lenda-de-cavalos-fantasmas-assombra-lago-que-some-e-reaparece-na-irlanda\/\"},\"author\":{\"name\":\"Luzimara Fernandes\",\"@id\":\"https:\/\/jornalfatosenoticias.com.br\/#\/schema\/person\/d63837fa13ac8666eb9e74e0985d6f81\"},\"headline\":\"Lenda de \u201ccavalos fantasmas\u201d assombra lago que some e reaparece na Irlanda\",\"datePublished\":\"2025-09-08T17:57:41+00:00\",\"dateModified\":\"2025-09-08T17:57:42+00:00\",\"mainEntityOfPage\":{\"@id\":\"https:\/\/jornalfatosenoticias.com.br\/index.php\/2025\/09\/08\/lenda-de-cavalos-fantasmas-assombra-lago-que-some-e-reaparece-na-irlanda\/\"},\"wordCount\":466,\"commentCount\":0,\"publisher\":{\"@id\":\"https:\/\/jornalfatosenoticias.com.br\/#organization\"},\"image\":{\"@id\":\"https:\/\/jornalfatosenoticias.com.br\/index.php\/2025\/09\/08\/lenda-de-cavalos-fantasmas-assombra-lago-que-some-e-reaparece-na-irlanda\/#primaryimage\"},\"thumbnailUrl\":\"https:\/\/jornalfatosenoticias.com.br\/wp-content\/uploads\/2025\/09\/curiosidade_lago-irlanda-cavalos-fantasmas.jpg\",\"keywords\":[\"&quot;cavalos fantasmas&quot;\",\"cavalos\",\"curiosidade\",\"folclore\",\"Irlanda do Norte\",\"lago\",\"lendas\",\"mist\u00e9rio\"],\"articleSection\":[\"Geral\"],\"inLanguage\":\"pt-BR\",\"potentialAction\":[{\"@type\":\"CommentAction\",\"name\":\"Comment\",\"target\":[\"https:\/\/jornalfatosenoticias.com.br\/index.php\/2025\/09\/08\/lenda-de-cavalos-fantasmas-assombra-lago-que-some-e-reaparece-na-irlanda\/#respond\"]}]},{\"@type\":\"WebPage\",\"@id\":\"https:\/\/jornalfatosenoticias.com.br\/index.php\/2025\/09\/08\/lenda-de-cavalos-fantasmas-assombra-lago-que-some-e-reaparece-na-irlanda\/\",\"url\":\"https:\/\/jornalfatosenoticias.com.br\/index.php\/2025\/09\/08\/lenda-de-cavalos-fantasmas-assombra-lago-que-some-e-reaparece-na-irlanda\/\",\"name\":\"Lenda de \u201ccavalos fantasmas\u201d assombra lago que some e reaparece na Irlanda - Jornal Fatos e Not\u00edcias\",\"isPartOf\":{\"@id\":\"https:\/\/jornalfatosenoticias.com.br\/#website\"},\"primaryImageOfPage\":{\"@id\":\"https:\/\/jornalfatosenoticias.com.br\/index.php\/2025\/09\/08\/lenda-de-cavalos-fantasmas-assombra-lago-que-some-e-reaparece-na-irlanda\/#primaryimage\"},\"image\":{\"@id\":\"https:\/\/jornalfatosenoticias.com.br\/index.php\/2025\/09\/08\/lenda-de-cavalos-fantasmas-assombra-lago-que-some-e-reaparece-na-irlanda\/#primaryimage\"},\"thumbnailUrl\":\"https:\/\/jornalfatosenoticias.com.br\/wp-content\/uploads\/2025\/09\/curiosidade_lago-irlanda-cavalos-fantasmas.jpg\",\"datePublished\":\"2025-09-08T17:57:41+00:00\",\"dateModified\":\"2025-09-08T17:57:42+00:00\",\"breadcrumb\":{\"@id\":\"https:\/\/jornalfatosenoticias.com.br\/index.php\/2025\/09\/08\/lenda-de-cavalos-fantasmas-assombra-lago-que-some-e-reaparece-na-irlanda\/#breadcrumb\"},\"inLanguage\":\"pt-BR\",\"potentialAction\":[{\"@type\":\"ReadAction\",\"target\":[\"https:\/\/jornalfatosenoticias.com.br\/index.php\/2025\/09\/08\/lenda-de-cavalos-fantasmas-assombra-lago-que-some-e-reaparece-na-irlanda\/\"]}]},{\"@type\":\"ImageObject\",\"inLanguage\":\"pt-BR\",\"@id\":\"https:\/\/jornalfatosenoticias.com.br\/index.php\/2025\/09\/08\/lenda-de-cavalos-fantasmas-assombra-lago-que-some-e-reaparece-na-irlanda\/#primaryimage\",\"url\":\"https:\/\/jornalfatosenoticias.com.br\/wp-content\/uploads\/2025\/09\/curiosidade_lago-irlanda-cavalos-fantasmas.jpg\",\"contentUrl\":\"https:\/\/jornalfatosenoticias.com.br\/wp-content\/uploads\/2025\/09\/curiosidade_lago-irlanda-cavalos-fantasmas.jpg\",\"width\":1000,\"height\":562},{\"@type\":\"BreadcrumbList\",\"@id\":\"https:\/\/jornalfatosenoticias.com.br\/index.php\/2025\/09\/08\/lenda-de-cavalos-fantasmas-assombra-lago-que-some-e-reaparece-na-irlanda\/#breadcrumb\",\"itemListElement\":[{\"@type\":\"ListItem\",\"position\":1,\"name\":\"In\u00edcio\",\"item\":\"https:\/\/jornalfatosenoticias.com.br\/\"},{\"@type\":\"ListItem\",\"position\":2,\"name\":\"Lenda de \u201ccavalos fantasmas\u201d assombra lago que some e reaparece na Irlanda\"}]},{\"@type\":\"WebSite\",\"@id\":\"https:\/\/jornalfatosenoticias.com.br\/#website\",\"url\":\"https:\/\/jornalfatosenoticias.com.br\/\",\"name\":\"Jornal Fatos e Not\u00edcias\",\"description\":\"Not\u00edcias em geral\",\"publisher\":{\"@id\":\"https:\/\/jornalfatosenoticias.com.br\/#organization\"},\"potentialAction\":[{\"@type\":\"SearchAction\",\"target\":{\"@type\":\"EntryPoint\",\"urlTemplate\":\"https:\/\/jornalfatosenoticias.com.br\/?s={search_term_string}\"},\"query-input\":{\"@type\":\"PropertyValueSpecification\",\"valueRequired\":true,\"valueName\":\"search_term_string\"}}],\"inLanguage\":\"pt-BR\"},{\"@type\":\"Organization\",\"@id\":\"https:\/\/jornalfatosenoticias.com.br\/#organization\",\"name\":\"Jornal Fatos e Not\u00edcias\",\"url\":\"https:\/\/jornalfatosenoticias.com.br\/\",\"logo\":{\"@type\":\"ImageObject\",\"inLanguage\":\"pt-BR\",\"@id\":\"https:\/\/jornalfatosenoticias.com.br\/#\/schema\/logo\/image\/\",\"url\":\"https:\/\/jornalfatosenoticias.com.br\/wp-content\/uploads\/2020\/02\/logo120.png\",\"contentUrl\":\"https:\/\/jornalfatosenoticias.com.br\/wp-content\/uploads\/2020\/02\/logo120.png\",\"width\":1227,\"height\":120,\"caption\":\"Jornal Fatos e Not\u00edcias\"},\"image\":{\"@id\":\"https:\/\/jornalfatosenoticias.com.br\/#\/schema\/logo\/image\/\"}},{\"@type\":\"Person\",\"@id\":\"https:\/\/jornalfatosenoticias.com.br\/#\/schema\/person\/d63837fa13ac8666eb9e74e0985d6f81\",\"name\":\"Luzimara Fernandes\",\"image\":{\"@type\":\"ImageObject\",\"inLanguage\":\"pt-BR\",\"@id\":\"https:\/\/jornalfatosenoticias.com.br\/#\/schema\/person\/image\/\",\"url\":\"https:\/\/jornalfatosenoticias.com.br\/wp-content\/uploads\/2025\/05\/EU_portal.jpg\",\"contentUrl\":\"https:\/\/jornalfatosenoticias.com.br\/wp-content\/uploads\/2025\/05\/EU_portal.jpg\",\"caption\":\"Luzimara Fernandes\"},\"description\":\"Jornalista MTB 2358-ES\",\"sameAs\":[\"https:\/\/jornalfatosenoticias.com.br\"],\"url\":\"https:\/\/jornalfatosenoticias.com.br\/index.php\/author\/luzimara\/\"}]}<\/script>\n<!-- \/ Yoast SEO plugin. -->","yoast_head_json":{"title":"Lenda de \u201ccavalos fantasmas\u201d assombra lago que some e reaparece na Irlanda - Jornal Fatos e Not\u00edcias","robots":{"index":"index","follow":"follow","max-snippet":"max-snippet:-1","max-image-preview":"max-image-preview:large","max-video-preview":"max-video-preview:-1"},"canonical":"https:\/\/jornalfatosenoticias.com.br\/index.php\/2025\/09\/08\/lenda-de-cavalos-fantasmas-assombra-lago-que-some-e-reaparece-na-irlanda\/","og_locale":"pt_BR","og_type":"article","og_title":"Lenda de \u201ccavalos fantasmas\u201d assombra lago que some e reaparece na Irlanda - Jornal Fatos e Not\u00edcias","og_description":"Saiba a explica\u00e7\u00e3o cient\u00edfica para um lago na Irlanda do Norte, cujas \u00e1guas somem e reaparecem, que seria protegido por &#8220;cavalos fantasmas&#8221; Por Flavia Correia Em Glenariff, Condado de Antrim, na Irlanda do Norte, h\u00e1 uma lenda\u00a0que diz que, em certas noites, \u00e9 poss\u00edvel ouvir o relinchar de cavalos e o rangido de\u00a0rodas de uma [&hellip;]","og_url":"https:\/\/jornalfatosenoticias.com.br\/index.php\/2025\/09\/08\/lenda-de-cavalos-fantasmas-assombra-lago-que-some-e-reaparece-na-irlanda\/","og_site_name":"Jornal Fatos e Not\u00edcias","article_published_time":"2025-09-08T17:57:41+00:00","article_modified_time":"2025-09-08T17:57:42+00:00","og_image":[{"width":1000,"height":562,"url":"https:\/\/jornalfatosenoticias.com.br\/wp-content\/uploads\/2025\/09\/curiosidade_lago-irlanda-cavalos-fantasmas.jpg","type":"image\/jpeg"}],"author":"Luzimara Fernandes","twitter_card":"summary_large_image","twitter_misc":{"Escrito por":"Luzimara Fernandes","Est. tempo de leitura":"2 minutos"},"schema":{"@context":"https:\/\/schema.org","@graph":[{"@type":"Article","@id":"https:\/\/jornalfatosenoticias.com.br\/index.php\/2025\/09\/08\/lenda-de-cavalos-fantasmas-assombra-lago-que-some-e-reaparece-na-irlanda\/#article","isPartOf":{"@id":"https:\/\/jornalfatosenoticias.com.br\/index.php\/2025\/09\/08\/lenda-de-cavalos-fantasmas-assombra-lago-que-some-e-reaparece-na-irlanda\/"},"author":{"name":"Luzimara Fernandes","@id":"https:\/\/jornalfatosenoticias.com.br\/#\/schema\/person\/d63837fa13ac8666eb9e74e0985d6f81"},"headline":"Lenda de \u201ccavalos fantasmas\u201d assombra lago que some e reaparece na Irlanda","datePublished":"2025-09-08T17:57:41+00:00","dateModified":"2025-09-08T17:57:42+00:00","mainEntityOfPage":{"@id":"https:\/\/jornalfatosenoticias.com.br\/index.php\/2025\/09\/08\/lenda-de-cavalos-fantasmas-assombra-lago-que-some-e-reaparece-na-irlanda\/"},"wordCount":466,"commentCount":0,"publisher":{"@id":"https:\/\/jornalfatosenoticias.com.br\/#organization"},"image":{"@id":"https:\/\/jornalfatosenoticias.com.br\/index.php\/2025\/09\/08\/lenda-de-cavalos-fantasmas-assombra-lago-que-some-e-reaparece-na-irlanda\/#primaryimage"},"thumbnailUrl":"https:\/\/jornalfatosenoticias.com.br\/wp-content\/uploads\/2025\/09\/curiosidade_lago-irlanda-cavalos-fantasmas.jpg","keywords":["&quot;cavalos fantasmas&quot;","cavalos","curiosidade","folclore","Irlanda do Norte","lago","lendas","mist\u00e9rio"],"articleSection":["Geral"],"inLanguage":"pt-BR","potentialAction":[{"@type":"CommentAction","name":"Comment","target":["https:\/\/jornalfatosenoticias.com.br\/index.php\/2025\/09\/08\/lenda-de-cavalos-fantasmas-assombra-lago-que-some-e-reaparece-na-irlanda\/#respond"]}]},{"@type":"WebPage","@id":"https:\/\/jornalfatosenoticias.com.br\/index.php\/2025\/09\/08\/lenda-de-cavalos-fantasmas-assombra-lago-que-some-e-reaparece-na-irlanda\/","url":"https:\/\/jornalfatosenoticias.com.br\/index.php\/2025\/09\/08\/lenda-de-cavalos-fantasmas-assombra-lago-que-some-e-reaparece-na-irlanda\/","name":"Lenda de \u201ccavalos fantasmas\u201d assombra lago que some e reaparece na Irlanda - Jornal Fatos e Not\u00edcias","isPartOf":{"@id":"https:\/\/jornalfatosenoticias.com.br\/#website"},"primaryImageOfPage":{"@id":"https:\/\/jornalfatosenoticias.com.br\/index.php\/2025\/09\/08\/lenda-de-cavalos-fantasmas-assombra-lago-que-some-e-reaparece-na-irlanda\/#primaryimage"},"image":{"@id":"https:\/\/jornalfatosenoticias.com.br\/index.php\/2025\/09\/08\/lenda-de-cavalos-fantasmas-assombra-lago-que-some-e-reaparece-na-irlanda\/#primaryimage"},"thumbnailUrl":"https:\/\/jornalfatosenoticias.com.br\/wp-content\/uploads\/2025\/09\/curiosidade_lago-irlanda-cavalos-fantasmas.jpg","datePublished":"2025-09-08T17:57:41+00:00","dateModified":"2025-09-08T17:57:42+00:00","breadcrumb":{"@id":"https:\/\/jornalfatosenoticias.com.br\/index.php\/2025\/09\/08\/lenda-de-cavalos-fantasmas-assombra-lago-que-some-e-reaparece-na-irlanda\/#breadcrumb"},"inLanguage":"pt-BR","potentialAction":[{"@type":"ReadAction","target":["https:\/\/jornalfatosenoticias.com.br\/index.php\/2025\/09\/08\/lenda-de-cavalos-fantasmas-assombra-lago-que-some-e-reaparece-na-irlanda\/"]}]},{"@type":"ImageObject","inLanguage":"pt-BR","@id":"https:\/\/jornalfatosenoticias.com.br\/index.php\/2025\/09\/08\/lenda-de-cavalos-fantasmas-assombra-lago-que-some-e-reaparece-na-irlanda\/#primaryimage","url":"https:\/\/jornalfatosenoticias.com.br\/wp-content\/uploads\/2025\/09\/curiosidade_lago-irlanda-cavalos-fantasmas.jpg","contentUrl":"https:\/\/jornalfatosenoticias.com.br\/wp-content\/uploads\/2025\/09\/curiosidade_lago-irlanda-cavalos-fantasmas.jpg","width":1000,"height":562},{"@type":"BreadcrumbList","@id":"https:\/\/jornalfatosenoticias.com.br\/index.php\/2025\/09\/08\/lenda-de-cavalos-fantasmas-assombra-lago-que-some-e-reaparece-na-irlanda\/#breadcrumb","itemListElement":[{"@type":"ListItem","position":1,"name":"In\u00edcio","item":"https:\/\/jornalfatosenoticias.com.br\/"},{"@type":"ListItem","position":2,"name":"Lenda de \u201ccavalos fantasmas\u201d assombra lago que some e reaparece na Irlanda"}]},{"@type":"WebSite","@id":"https:\/\/jornalfatosenoticias.com.br\/#website","url":"https:\/\/jornalfatosenoticias.com.br\/","name":"Jornal Fatos e Not\u00edcias","description":"Not\u00edcias em geral","publisher":{"@id":"https:\/\/jornalfatosenoticias.com.br\/#organization"},"potentialAction":[{"@type":"SearchAction","target":{"@type":"EntryPoint","urlTemplate":"https:\/\/jornalfatosenoticias.com.br\/?s={search_term_string}"},"query-input":{"@type":"PropertyValueSpecification","valueRequired":true,"valueName":"search_term_string"}}],"inLanguage":"pt-BR"},{"@type":"Organization","@id":"https:\/\/jornalfatosenoticias.com.br\/#organization","name":"Jornal Fatos e Not\u00edcias","url":"https:\/\/jornalfatosenoticias.com.br\/","logo":{"@type":"ImageObject","inLanguage":"pt-BR","@id":"https:\/\/jornalfatosenoticias.com.br\/#\/schema\/logo\/image\/","url":"https:\/\/jornalfatosenoticias.com.br\/wp-content\/uploads\/2020\/02\/logo120.png","contentUrl":"https:\/\/jornalfatosenoticias.com.br\/wp-content\/uploads\/2020\/02\/logo120.png","width":1227,"height":120,"caption":"Jornal Fatos e Not\u00edcias"},"image":{"@id":"https:\/\/jornalfatosenoticias.com.br\/#\/schema\/logo\/image\/"}},{"@type":"Person","@id":"https:\/\/jornalfatosenoticias.com.br\/#\/schema\/person\/d63837fa13ac8666eb9e74e0985d6f81","name":"Luzimara Fernandes","image":{"@type":"ImageObject","inLanguage":"pt-BR","@id":"https:\/\/jornalfatosenoticias.com.br\/#\/schema\/person\/image\/","url":"https:\/\/jornalfatosenoticias.com.br\/wp-content\/uploads\/2025\/05\/EU_portal.jpg","contentUrl":"https:\/\/jornalfatosenoticias.com.br\/wp-content\/uploads\/2025\/05\/EU_portal.jpg","caption":"Luzimara Fernandes"},"description":"Jornalista MTB 2358-ES","sameAs":["https:\/\/jornalfatosenoticias.com.br"],"url":"https:\/\/jornalfatosenoticias.com.br\/index.php\/author\/luzimara\/"}]}},"cc_featured_image_caption":{"caption_text":"(Imagem gerada por IA\/ChatGPT)","source_text":"","source_url":""},"jetpack_featured_media_url":"https:\/\/jornalfatosenoticias.com.br\/wp-content\/uploads\/2025\/09\/curiosidade_lago-irlanda-cavalos-fantasmas.jpg","_links":{"self":[{"href":"https:\/\/jornalfatosenoticias.com.br\/index.php\/wp-json\/wp\/v2\/posts\/61738","targetHints":{"allow":["GET"]}}],"collection":[{"href":"https:\/\/jornalfatosenoticias.com.br\/index.php\/wp-json\/wp\/v2\/posts"}],"about":[{"href":"https:\/\/jornalfatosenoticias.com.br\/index.php\/wp-json\/wp\/v2\/types\/post"}],"author":[{"embeddable":true,"href":"https:\/\/jornalfatosenoticias.com.br\/index.php\/wp-json\/wp\/v2\/users\/2"}],"replies":[{"embeddable":true,"href":"https:\/\/jornalfatosenoticias.com.br\/index.php\/wp-json\/wp\/v2\/comments?post=61738"}],"version-history":[{"count":0,"href":"https:\/\/jornalfatosenoticias.com.br\/index.php\/wp-json\/wp\/v2\/posts\/61738\/revisions"}],"wp:featuredmedia":[{"embeddable":true,"href":"https:\/\/jornalfatosenoticias.com.br\/index.php\/wp-json\/wp\/v2\/media\/61739"}],"wp:attachment":[{"href":"https:\/\/jornalfatosenoticias.com.br\/index.php\/wp-json\/wp\/v2\/media?parent=61738"}],"wp:term":[{"taxonomy":"category","embeddable":true,"href":"https:\/\/jornalfatosenoticias.com.br\/index.php\/wp-json\/wp\/v2\/categories?post=61738"},{"taxonomy":"post_tag","embeddable":true,"href":"https:\/\/jornalfatosenoticias.com.br\/index.php\/wp-json\/wp\/v2\/tags?post=61738"}],"curies":[{"name":"wp","href":"https:\/\/api.w.org\/{rel}","templated":true}]}}