{"id":61747,"date":"2025-09-08T15:31:42","date_gmt":"2025-09-08T18:31:42","guid":{"rendered":"https:\/\/jornalfatosenoticias.com.br\/?p=61747"},"modified":"2025-09-08T15:31:43","modified_gmt":"2025-09-08T18:31:43","slug":"tesouro-arqueologico-unico-de-tres-mil-anos-e-encontrado-no-peru-sob-risco-de-destruicao","status":"publish","type":"post","link":"https:\/\/jornalfatosenoticias.com.br\/index.php\/2025\/09\/08\/tesouro-arqueologico-unico-de-tres-mil-anos-e-encontrado-no-peru-sob-risco-de-destruicao\/","title":{"rendered":"Tesouro arqueol\u00f3gico \u00fanico de tr\u00eas mil anos \u00e9 encontrado no Peru sob risco de destrui\u00e7\u00e3o"},"content":{"rendered":"\n<p><em><span class=\"has-inline-color has-black-color\">Arque\u00f3logos descobrem mural pr\u00e9-hisp\u00e2nico de tr\u00eas mil anos em s\u00edtio arqueol\u00f3gico no Peru, amea\u00e7ado pela expans\u00e3o agr\u00edcola<\/span><\/em><\/p>\n\n\n\n<p><span class=\"has-inline-color has-black-color\">Por <strong><a href=\"https:\/\/olhardigital.com.br\/author\/valdir-antonelli\/\">Valdir Antonelli<\/a><\/strong><\/span><\/p>\n\n\n\n<div class=\"wp-block-image\"><figure class=\"aligncenter size-large is-resized\"><a href=\"https:\/\/www.facebook.com\/vetor.vix\/\"><img loading=\"lazy\" decoding=\"async\" src=\"https:\/\/jornalfatosenoticias.com.br\/wp-content\/uploads\/2023\/09\/vetorvix1024_1.jpg\" alt=\"\" class=\"wp-image-44868\" width=\"535\" height=\"142\" srcset=\"https:\/\/jornalfatosenoticias.com.br\/wp-content\/uploads\/2023\/09\/vetorvix1024_1.jpg 1024w, https:\/\/jornalfatosenoticias.com.br\/wp-content\/uploads\/2023\/09\/vetorvix1024_1-300x80.jpg 300w, https:\/\/jornalfatosenoticias.com.br\/wp-content\/uploads\/2023\/09\/vetorvix1024_1-768x205.jpg 768w\" sizes=\"auto, (max-width: 535px) 100vw, 535px\" \/><\/a><\/figure><\/div>\n\n\n\n<p><strong><a href=\"https:\/\/olhardigital.com.br\/tag\/arqueologos\/\">Arque\u00f3logos<\/a><\/strong> peruanos encontraram um mural pr\u00e9-hisp\u00e2nico com mais de tr\u00eas mil anos no s\u00edtio arqueol\u00f3gico de Huaca Yolanda, a 580 quil\u00f4metros ao norte de Lima. O mural foi descoberto em um antigo templo com imagens de peixes, estrelas, redes de pesca e plantas. O mural multicolorido \u00e9 o primeiro do g\u00eanero encontrado na regi\u00e3o, afirma a l\u00edder da escava\u00e7\u00e3o, Dra. Ana Cecilia Mauricio, arque\u00f3loga da Pontif\u00edcia Universidade Cat\u00f3lica do Peru (PUCP), em <strong><a href=\"https:\/\/olhardigital.com.br\/2025\/08\/31\/ciencia-e-espaco\/tesouro-arqueologico-unico-de-3-mil-anos-e-encontrado-no-peru-sob-risco-de-destruicao\/Huaca%20Yolanda\">comunicado<\/a>.<\/strong><br>Tintas azuis, amarelas, vermelhas e pretas deram vida ao mural no passado, revelando a riqueza das culturas pr\u00e9-incas que viviam na regi\u00e3o e, segundo a Dra. Mauricio, possuindo \u201ccaracter\u00edsticas \u00fanicas na <strong><a href=\"https:\/\/olhardigital.com.br\/tag\/arqueologia\/\">arqueologia<\/a><\/strong> peruana. Nunca hav\u00edamos encontrado iconografia ou desenhos desse tipo antes\u201d, explicou \u00e0 AFP.<\/p>\n\n\n\n<div class=\"wp-block-image\"><figure class=\"aligncenter size-large\"><a href=\"https:\/\/www.cesconetto.com.br\/\"><img loading=\"lazy\" decoding=\"async\" width=\"300\" height=\"250\" src=\"https:\/\/jornalfatosenoticias.com.br\/wp-content\/uploads\/2022\/02\/Banner-2.png\" alt=\"\" class=\"wp-image-27877\"\/><\/a><\/figure><\/div>\n\n\n\n<p><strong><span class=\"has-inline-color has-black-color\">O problema levantado pela arque\u00f3loga \u00e9 que o s\u00edtio arqueol\u00f3gico sofre com amea\u00e7as que exigem que algumas a\u00e7\u00f5es sejam tomadas:<br><\/span><\/strong>\u2705 <strong><a href=\"https:\/\/olhardigital.com.br\/tag\/agricultura\/\">Expans\u00e3o agr\u00edcola<\/a><\/strong> e uso de tratores est\u00e3o danificando o s\u00edtio.<br>\u2705 Risco de saques e destrui\u00e7\u00e3o do patrim\u00f4nio.<br>\u2705 Necessidade de a\u00e7\u00e3o urgente do Minist\u00e9rio da Cultura e autoridades locais.<br>\u2705 Import\u00e2ncia de sensibilizar comunidades sobre preserva\u00e7\u00e3o.<\/p>\n\n\n\n<div class=\"wp-block-image\"><figure class=\"aligncenter size-large\"><a href=\"http:\/\/www.ferrarimaquinas.com.br\/\"><img loading=\"lazy\" decoding=\"async\" width=\"300\" height=\"250\" src=\"https:\/\/jornalfatosenoticias.com.br\/wp-content\/uploads\/2022\/02\/FERRARI_MAQUINAS-E-FERRAMENTAS2.jpg\" alt=\"\" class=\"wp-image-27860\"\/><\/a><\/figure><\/div>\n\n\n\n<blockquote class=\"wp-block-quote is-layout-flow wp-block-quote-is-layout-flow\"><p><span class=\"has-inline-color has-luminous-vivid-orange-color\">M\u00e1quinas pesadas, como tratores utilizados para o cultivo, est\u00e3o danificando seriamente o s\u00edtio. Necessitamos que o Minist\u00e9rio da Cultura e as autoridades regionais e municipais atuem com urg\u00eancia para proteger este patrim\u00f4nio&#8221;, destaca Ana Cecilia Mauricio, arque\u00f3loga da Pontif\u00edcia Universidade Cat\u00f3lica do Peru, em <strong><a href=\"https:\/\/puntoedu.pucp.edu.pe\/coyuntura\/huaca-yolanda-conoce-el-hallazgo-de-una-pieza-milenaria-clave-de-las-civilizaciones-de-la-costa-norte\/\" target=\"_blank\" rel=\"noreferrer noopener\">comunicado da PUCP<\/a>.<\/strong><\/span><\/p><\/blockquote>\n\n\n\n<div class=\"wp-block-image\"><figure class=\"aligncenter size-large is-resized\"><a href=\"https:\/\/www.instagram.com\/gruposei\/\"><img loading=\"lazy\" decoding=\"async\" src=\"https:\/\/jornalfatosenoticias.com.br\/wp-content\/uploads\/2022\/07\/Logo-Grupo-SEI.jpg\" alt=\"\" class=\"wp-image-31973\" width=\"337\" height=\"177\" srcset=\"https:\/\/jornalfatosenoticias.com.br\/wp-content\/uploads\/2022\/07\/Logo-Grupo-SEI.jpg 713w, https:\/\/jornalfatosenoticias.com.br\/wp-content\/uploads\/2022\/07\/Logo-Grupo-SEI-300x158.jpg 300w\" sizes=\"auto, (max-width: 337px) 100vw, 337px\" \/><\/a><\/figure><\/div>\n\n\n\n<p><strong><span class=\"has-inline-color has-black-color\">Data correta de constru\u00e7\u00e3o ainda vai ser avaliada<br><\/span><\/strong>De acordo com a <strong><a href=\"https:\/\/www.smithsonianmag.com\/smart-news\/this-colorful-mural-of-stars-and-fish-is-the-first-of-its-kind-found-on-the-coast-of-northern-peru-180987144\/\" target=\"_blank\" rel=\"noreferrer noopener\">Smithsonian Magazine<\/a><\/strong>, a equipe da Dra. Mauricio tamb\u00e9m ir\u00e1 realizar \u201cuma an\u00e1lise de radiocarbono nos pigmentos do mural para determinar exatamente quando ele foi criado\u201d. Al\u00e9m disso, at\u00e9 agora, os arque\u00f3logos descobriram apenas uma parcela do mural, com mais de quatro metros de comprimento e cerca de 1,5 metro de altura.<\/p>\n\n\n\n<div class=\"wp-block-image\"><figure class=\"aligncenter size-large is-resized\"><a href=\"https:\/\/www.controlsystems.com.br\/\"><img loading=\"lazy\" decoding=\"async\" src=\"https:\/\/jornalfatosenoticias.com.br\/wp-content\/uploads\/2020\/02\/CONTROL-CS.jpg\" alt=\"\" class=\"wp-image-44991\" width=\"270\" height=\"322\"\/><\/a><\/figure><\/div>\n\n\n\n<p>Segundo ela, o bom estado de conserva\u00e7\u00e3o do mural \u00e9 devido ao fato dele ter sido enterrado pelos construtores para que outro templo fosse constru\u00eddo por cima, algo muito comum na regi\u00e3o. Por isso, a arque\u00f3loga explica que ser\u00e1 preciso novas escava\u00e7\u00f5es para saber exatamente suas dimens\u00f5es. <\/p>\n\n\n\n<div class=\"wp-block-image\"><figure class=\"aligncenter size-large is-resized\"><a href=\"https:\/\/www.instagram.com\/rcradiadores\/\"><img loading=\"lazy\" decoding=\"async\" src=\"https:\/\/jornalfatosenoticias.com.br\/wp-content\/uploads\/2022\/10\/RC_800x750_page-0001.jpg\" alt=\"\" class=\"wp-image-35338\" width=\"281\" height=\"263\" srcset=\"https:\/\/jornalfatosenoticias.com.br\/wp-content\/uploads\/2022\/10\/RC_800x750_page-0001.jpg 400w, https:\/\/jornalfatosenoticias.com.br\/wp-content\/uploads\/2022\/10\/RC_800x750_page-0001-300x281.jpg 300w\" sizes=\"auto, (max-width: 281px) 100vw, 281px\" \/><\/a><\/figure><\/div>\n\n\n\n<blockquote class=\"wp-block-quote is-layout-flow wp-block-quote-is-layout-flow\"><p><span class=\"has-inline-color has-luminous-vivid-orange-color\">H\u00e1 uma grande chance de que n\u00e3o seja apenas um mural, mas que todo o ambiente onde ele est\u00e1 localizado esteja intacto&#8221;, explica Ana Cecilia Mauricio, arque\u00f3loga da Pontif\u00edcia Universidade Cat\u00f3lica do Peru (PUCP), \u00e0 <strong><a href=\"https:\/\/andina.pe\/agencia\/noticia-mural-tridimensional-policromo-descubierto-huaca-yolanda-es-inedito-y-singular-peru-1036784.aspx\" target=\"_blank\" rel=\"noreferrer noopener\">Ag\u00eancia de Not\u00edcias Andina<\/a><\/strong>, do Peru.<\/span><\/p><\/blockquote>\n\n\n\n<div class=\"wp-block-image\"><figure class=\"aligncenter size-large is-resized\"><a href=\"https:\/\/legisjuris.com.br\/\"><img loading=\"lazy\" decoding=\"async\" src=\"https:\/\/jornalfatosenoticias.com.br\/wp-content\/uploads\/2024\/09\/Legis-Juris-Consultoria_logo.jpg\" alt=\"\" class=\"wp-image-53915\" width=\"489\" height=\"205\" srcset=\"https:\/\/jornalfatosenoticias.com.br\/wp-content\/uploads\/2024\/09\/Legis-Juris-Consultoria_logo.jpg 969w, https:\/\/jornalfatosenoticias.com.br\/wp-content\/uploads\/2024\/09\/Legis-Juris-Consultoria_logo-300x126.jpg 300w, https:\/\/jornalfatosenoticias.com.br\/wp-content\/uploads\/2024\/09\/Legis-Juris-Consultoria_logo-768x322.jpg 768w\" sizes=\"auto, (max-width: 489px) 100vw, 489px\" \/><\/a><\/figure><\/div>\n\n\n\n<p>A especialista acredita que o mural \u201cprovavelmente ficava em um \u00e1trio localizado pr\u00f3ximo ao topo de um templo em forma de U\u201d, explica mat\u00e9ria da Smithsonian Magazine. A regi\u00e3o de Huaca Yolanda se localiza no Vale do Chao e \u00e9 conhecida por suas antigas constru\u00e7\u00f5es em adobe. Durante anos, a regi\u00e3o \u00e9 explorada pela equipe da Dra. Mauricio.<\/p>\n\n\n\n<div class=\"wp-block-image\"><figure class=\"aligncenter size-large is-resized\"><a href=\"https:\/\/www.instagram.com\/serra4x4cambioautomatico\/\"><img loading=\"lazy\" decoding=\"async\" src=\"https:\/\/jornalfatosenoticias.com.br\/wp-content\/uploads\/2024\/08\/Serra-4x4-1-886x1024.jpg\" alt=\"\" class=\"wp-image-53632\" width=\"258\" height=\"299\" srcset=\"https:\/\/jornalfatosenoticias.com.br\/wp-content\/uploads\/2024\/08\/Serra-4x4-1-886x1024.jpg 886w, https:\/\/jornalfatosenoticias.com.br\/wp-content\/uploads\/2024\/08\/Serra-4x4-1-260x300.jpg 260w, https:\/\/jornalfatosenoticias.com.br\/wp-content\/uploads\/2024\/08\/Serra-4x4-1-768x888.jpg 768w, https:\/\/jornalfatosenoticias.com.br\/wp-content\/uploads\/2024\/08\/Serra-4x4-1.jpg 1181w\" sizes=\"auto, (max-width: 258px) 100vw, 258px\" \/><\/a><\/figure><\/div>\n\n\n\n<p><strong>Fonte: <a href=\"https:\/\/olhardigital.com.br\/2025\/08\/31\/ciencia-e-espaco\/tesouro-arqueologico-unico-de-3-mil-anos-e-encontrado-no-peru-sob-risco-de-destruicao\/\">Olhar Digital<\/a><\/strong><\/p>\n","protected":false},"excerpt":{"rendered":"<p>Arque\u00f3logos descobrem mural pr\u00e9-hisp\u00e2nico de tr\u00eas mil anos em s\u00edtio arqueol\u00f3gico no Peru, amea\u00e7ado pela expans\u00e3o agr\u00edcola Por Valdir Antonelli Arque\u00f3logos peruanos encontraram um mural pr\u00e9-hisp\u00e2nico com mais de tr\u00eas mil anos no s\u00edtio arqueol\u00f3gico de Huaca Yolanda, a 580 quil\u00f4metros ao norte de Lima. O mural foi descoberto em um antigo templo com imagens [&hellip;]<\/p>\n","protected":false},"author":2,"featured_media":61748,"comment_status":"open","ping_status":"open","sticky":false,"template":"","format":"standard","meta":{"footnotes":""},"categories":[9808],"tags":[1478,761,1001,28168,476,26308],"class_list":["post-61747","post","type-post","status-publish","format-standard","has-post-thumbnail","hentry","category-paleo-arqueologia","tag-arqueologia","tag-arqueologos","tag-peru","tag-pre-inca","tag-sitio-arqueologico","tag-tesouro-arqueologico"],"yoast_head":"<!-- This site is optimized with the Yoast SEO plugin v26.5 - https:\/\/yoast.com\/wordpress\/plugins\/seo\/ -->\n<title>Tesouro arqueol\u00f3gico \u00fanico de tr\u00eas mil anos \u00e9 encontrado no Peru sob risco de destrui\u00e7\u00e3o - Jornal Fatos e Not\u00edcias<\/title>\n<meta name=\"robots\" content=\"index, follow, max-snippet:-1, max-image-preview:large, max-video-preview:-1\" \/>\n<link rel=\"canonical\" href=\"https:\/\/jornalfatosenoticias.com.br\/index.php\/2025\/09\/08\/tesouro-arqueologico-unico-de-tres-mil-anos-e-encontrado-no-peru-sob-risco-de-destruicao\/\" \/>\n<meta property=\"og:locale\" content=\"pt_BR\" \/>\n<meta property=\"og:type\" content=\"article\" \/>\n<meta property=\"og:title\" content=\"Tesouro arqueol\u00f3gico \u00fanico de tr\u00eas mil anos \u00e9 encontrado no Peru sob risco de destrui\u00e7\u00e3o - Jornal Fatos e Not\u00edcias\" \/>\n<meta property=\"og:description\" content=\"Arque\u00f3logos descobrem mural pr\u00e9-hisp\u00e2nico de tr\u00eas mil anos em s\u00edtio arqueol\u00f3gico no Peru, amea\u00e7ado pela expans\u00e3o agr\u00edcola Por Valdir Antonelli Arque\u00f3logos peruanos encontraram um mural pr\u00e9-hisp\u00e2nico com mais de tr\u00eas mil anos no s\u00edtio arqueol\u00f3gico de Huaca Yolanda, a 580 quil\u00f4metros ao norte de Lima. O mural foi descoberto em um antigo templo com imagens [&hellip;]\" \/>\n<meta property=\"og:url\" content=\"https:\/\/jornalfatosenoticias.com.br\/index.php\/2025\/09\/08\/tesouro-arqueologico-unico-de-tres-mil-anos-e-encontrado-no-peru-sob-risco-de-destruicao\/\" \/>\n<meta property=\"og:site_name\" content=\"Jornal Fatos e Not\u00edcias\" \/>\n<meta property=\"article:published_time\" content=\"2025-09-08T18:31:42+00:00\" \/>\n<meta property=\"article:modified_time\" content=\"2025-09-08T18:31:43+00:00\" \/>\n<meta property=\"og:image\" content=\"https:\/\/jornalfatosenoticias.com.br\/wp-content\/uploads\/2025\/09\/tesouro-arqueologico-Peru.jpg\" \/>\n\t<meta property=\"og:image:width\" content=\"1000\" \/>\n\t<meta property=\"og:image:height\" content=\"562\" \/>\n\t<meta property=\"og:image:type\" content=\"image\/jpeg\" \/>\n<meta name=\"author\" content=\"Luzimara Fernandes\" \/>\n<meta name=\"twitter:card\" content=\"summary_large_image\" \/>\n<meta name=\"twitter:label1\" content=\"Escrito por\" \/>\n\t<meta name=\"twitter:data1\" content=\"Luzimara Fernandes\" \/>\n\t<meta name=\"twitter:label2\" content=\"Est. tempo de leitura\" \/>\n\t<meta name=\"twitter:data2\" content=\"3 minutos\" \/>\n<script type=\"application\/ld+json\" class=\"yoast-schema-graph\">{\"@context\":\"https:\/\/schema.org\",\"@graph\":[{\"@type\":\"Article\",\"@id\":\"https:\/\/jornalfatosenoticias.com.br\/index.php\/2025\/09\/08\/tesouro-arqueologico-unico-de-tres-mil-anos-e-encontrado-no-peru-sob-risco-de-destruicao\/#article\",\"isPartOf\":{\"@id\":\"https:\/\/jornalfatosenoticias.com.br\/index.php\/2025\/09\/08\/tesouro-arqueologico-unico-de-tres-mil-anos-e-encontrado-no-peru-sob-risco-de-destruicao\/\"},\"author\":{\"name\":\"Luzimara Fernandes\",\"@id\":\"https:\/\/jornalfatosenoticias.com.br\/#\/schema\/person\/d63837fa13ac8666eb9e74e0985d6f81\"},\"headline\":\"Tesouro arqueol\u00f3gico \u00fanico de tr\u00eas mil anos \u00e9 encontrado no Peru sob risco de destrui\u00e7\u00e3o\",\"datePublished\":\"2025-09-08T18:31:42+00:00\",\"dateModified\":\"2025-09-08T18:31:43+00:00\",\"mainEntityOfPage\":{\"@id\":\"https:\/\/jornalfatosenoticias.com.br\/index.php\/2025\/09\/08\/tesouro-arqueologico-unico-de-tres-mil-anos-e-encontrado-no-peru-sob-risco-de-destruicao\/\"},\"wordCount\":532,\"commentCount\":0,\"publisher\":{\"@id\":\"https:\/\/jornalfatosenoticias.com.br\/#organization\"},\"image\":{\"@id\":\"https:\/\/jornalfatosenoticias.com.br\/index.php\/2025\/09\/08\/tesouro-arqueologico-unico-de-tres-mil-anos-e-encontrado-no-peru-sob-risco-de-destruicao\/#primaryimage\"},\"thumbnailUrl\":\"https:\/\/jornalfatosenoticias.com.br\/wp-content\/uploads\/2025\/09\/tesouro-arqueologico-Peru.jpg\",\"keywords\":[\"arqueologia\",\"arque\u00f3logos\",\"Peru\",\"pr\u00e9-inca\",\"s\u00edtio arqueol\u00f3gico\",\"tesouro arqueol\u00f3gico\"],\"articleSection\":[\"Paleo &amp; Arqueologia\"],\"inLanguage\":\"pt-BR\",\"potentialAction\":[{\"@type\":\"CommentAction\",\"name\":\"Comment\",\"target\":[\"https:\/\/jornalfatosenoticias.com.br\/index.php\/2025\/09\/08\/tesouro-arqueologico-unico-de-tres-mil-anos-e-encontrado-no-peru-sob-risco-de-destruicao\/#respond\"]}]},{\"@type\":\"WebPage\",\"@id\":\"https:\/\/jornalfatosenoticias.com.br\/index.php\/2025\/09\/08\/tesouro-arqueologico-unico-de-tres-mil-anos-e-encontrado-no-peru-sob-risco-de-destruicao\/\",\"url\":\"https:\/\/jornalfatosenoticias.com.br\/index.php\/2025\/09\/08\/tesouro-arqueologico-unico-de-tres-mil-anos-e-encontrado-no-peru-sob-risco-de-destruicao\/\",\"name\":\"Tesouro arqueol\u00f3gico \u00fanico de tr\u00eas mil anos \u00e9 encontrado no Peru sob risco de destrui\u00e7\u00e3o - Jornal Fatos e Not\u00edcias\",\"isPartOf\":{\"@id\":\"https:\/\/jornalfatosenoticias.com.br\/#website\"},\"primaryImageOfPage\":{\"@id\":\"https:\/\/jornalfatosenoticias.com.br\/index.php\/2025\/09\/08\/tesouro-arqueologico-unico-de-tres-mil-anos-e-encontrado-no-peru-sob-risco-de-destruicao\/#primaryimage\"},\"image\":{\"@id\":\"https:\/\/jornalfatosenoticias.com.br\/index.php\/2025\/09\/08\/tesouro-arqueologico-unico-de-tres-mil-anos-e-encontrado-no-peru-sob-risco-de-destruicao\/#primaryimage\"},\"thumbnailUrl\":\"https:\/\/jornalfatosenoticias.com.br\/wp-content\/uploads\/2025\/09\/tesouro-arqueologico-Peru.jpg\",\"datePublished\":\"2025-09-08T18:31:42+00:00\",\"dateModified\":\"2025-09-08T18:31:43+00:00\",\"breadcrumb\":{\"@id\":\"https:\/\/jornalfatosenoticias.com.br\/index.php\/2025\/09\/08\/tesouro-arqueologico-unico-de-tres-mil-anos-e-encontrado-no-peru-sob-risco-de-destruicao\/#breadcrumb\"},\"inLanguage\":\"pt-BR\",\"potentialAction\":[{\"@type\":\"ReadAction\",\"target\":[\"https:\/\/jornalfatosenoticias.com.br\/index.php\/2025\/09\/08\/tesouro-arqueologico-unico-de-tres-mil-anos-e-encontrado-no-peru-sob-risco-de-destruicao\/\"]}]},{\"@type\":\"ImageObject\",\"inLanguage\":\"pt-BR\",\"@id\":\"https:\/\/jornalfatosenoticias.com.br\/index.php\/2025\/09\/08\/tesouro-arqueologico-unico-de-tres-mil-anos-e-encontrado-no-peru-sob-risco-de-destruicao\/#primaryimage\",\"url\":\"https:\/\/jornalfatosenoticias.com.br\/wp-content\/uploads\/2025\/09\/tesouro-arqueologico-Peru.jpg\",\"contentUrl\":\"https:\/\/jornalfatosenoticias.com.br\/wp-content\/uploads\/2025\/09\/tesouro-arqueologico-Peru.jpg\",\"width\":1000,\"height\":562},{\"@type\":\"BreadcrumbList\",\"@id\":\"https:\/\/jornalfatosenoticias.com.br\/index.php\/2025\/09\/08\/tesouro-arqueologico-unico-de-tres-mil-anos-e-encontrado-no-peru-sob-risco-de-destruicao\/#breadcrumb\",\"itemListElement\":[{\"@type\":\"ListItem\",\"position\":1,\"name\":\"In\u00edcio\",\"item\":\"https:\/\/jornalfatosenoticias.com.br\/\"},{\"@type\":\"ListItem\",\"position\":2,\"name\":\"Tesouro arqueol\u00f3gico \u00fanico de tr\u00eas mil anos \u00e9 encontrado no Peru sob risco de destrui\u00e7\u00e3o\"}]},{\"@type\":\"WebSite\",\"@id\":\"https:\/\/jornalfatosenoticias.com.br\/#website\",\"url\":\"https:\/\/jornalfatosenoticias.com.br\/\",\"name\":\"Jornal Fatos e Not\u00edcias\",\"description\":\"Not\u00edcias em geral\",\"publisher\":{\"@id\":\"https:\/\/jornalfatosenoticias.com.br\/#organization\"},\"potentialAction\":[{\"@type\":\"SearchAction\",\"target\":{\"@type\":\"EntryPoint\",\"urlTemplate\":\"https:\/\/jornalfatosenoticias.com.br\/?s={search_term_string}\"},\"query-input\":{\"@type\":\"PropertyValueSpecification\",\"valueRequired\":true,\"valueName\":\"search_term_string\"}}],\"inLanguage\":\"pt-BR\"},{\"@type\":\"Organization\",\"@id\":\"https:\/\/jornalfatosenoticias.com.br\/#organization\",\"name\":\"Jornal Fatos e Not\u00edcias\",\"url\":\"https:\/\/jornalfatosenoticias.com.br\/\",\"logo\":{\"@type\":\"ImageObject\",\"inLanguage\":\"pt-BR\",\"@id\":\"https:\/\/jornalfatosenoticias.com.br\/#\/schema\/logo\/image\/\",\"url\":\"https:\/\/jornalfatosenoticias.com.br\/wp-content\/uploads\/2020\/02\/logo120.png\",\"contentUrl\":\"https:\/\/jornalfatosenoticias.com.br\/wp-content\/uploads\/2020\/02\/logo120.png\",\"width\":1227,\"height\":120,\"caption\":\"Jornal Fatos e Not\u00edcias\"},\"image\":{\"@id\":\"https:\/\/jornalfatosenoticias.com.br\/#\/schema\/logo\/image\/\"}},{\"@type\":\"Person\",\"@id\":\"https:\/\/jornalfatosenoticias.com.br\/#\/schema\/person\/d63837fa13ac8666eb9e74e0985d6f81\",\"name\":\"Luzimara Fernandes\",\"image\":{\"@type\":\"ImageObject\",\"inLanguage\":\"pt-BR\",\"@id\":\"https:\/\/jornalfatosenoticias.com.br\/#\/schema\/person\/image\/\",\"url\":\"https:\/\/jornalfatosenoticias.com.br\/wp-content\/uploads\/2025\/05\/EU_portal.jpg\",\"contentUrl\":\"https:\/\/jornalfatosenoticias.com.br\/wp-content\/uploads\/2025\/05\/EU_portal.jpg\",\"caption\":\"Luzimara Fernandes\"},\"description\":\"Jornalista MTB 2358-ES\",\"sameAs\":[\"https:\/\/jornalfatosenoticias.com.br\"],\"url\":\"https:\/\/jornalfatosenoticias.com.br\/index.php\/author\/luzimara\/\"}]}<\/script>\n<!-- \/ Yoast SEO plugin. -->","yoast_head_json":{"title":"Tesouro arqueol\u00f3gico \u00fanico de tr\u00eas mil anos \u00e9 encontrado no Peru sob risco de destrui\u00e7\u00e3o - Jornal Fatos e Not\u00edcias","robots":{"index":"index","follow":"follow","max-snippet":"max-snippet:-1","max-image-preview":"max-image-preview:large","max-video-preview":"max-video-preview:-1"},"canonical":"https:\/\/jornalfatosenoticias.com.br\/index.php\/2025\/09\/08\/tesouro-arqueologico-unico-de-tres-mil-anos-e-encontrado-no-peru-sob-risco-de-destruicao\/","og_locale":"pt_BR","og_type":"article","og_title":"Tesouro arqueol\u00f3gico \u00fanico de tr\u00eas mil anos \u00e9 encontrado no Peru sob risco de destrui\u00e7\u00e3o - Jornal Fatos e Not\u00edcias","og_description":"Arque\u00f3logos descobrem mural pr\u00e9-hisp\u00e2nico de tr\u00eas mil anos em s\u00edtio arqueol\u00f3gico no Peru, amea\u00e7ado pela expans\u00e3o agr\u00edcola Por Valdir Antonelli Arque\u00f3logos peruanos encontraram um mural pr\u00e9-hisp\u00e2nico com mais de tr\u00eas mil anos no s\u00edtio arqueol\u00f3gico de Huaca Yolanda, a 580 quil\u00f4metros ao norte de Lima. O mural foi descoberto em um antigo templo com imagens [&hellip;]","og_url":"https:\/\/jornalfatosenoticias.com.br\/index.php\/2025\/09\/08\/tesouro-arqueologico-unico-de-tres-mil-anos-e-encontrado-no-peru-sob-risco-de-destruicao\/","og_site_name":"Jornal Fatos e Not\u00edcias","article_published_time":"2025-09-08T18:31:42+00:00","article_modified_time":"2025-09-08T18:31:43+00:00","og_image":[{"width":1000,"height":562,"url":"https:\/\/jornalfatosenoticias.com.br\/wp-content\/uploads\/2025\/09\/tesouro-arqueologico-Peru.jpg","type":"image\/jpeg"}],"author":"Luzimara Fernandes","twitter_card":"summary_large_image","twitter_misc":{"Escrito por":"Luzimara Fernandes","Est. tempo de leitura":"3 minutos"},"schema":{"@context":"https:\/\/schema.org","@graph":[{"@type":"Article","@id":"https:\/\/jornalfatosenoticias.com.br\/index.php\/2025\/09\/08\/tesouro-arqueologico-unico-de-tres-mil-anos-e-encontrado-no-peru-sob-risco-de-destruicao\/#article","isPartOf":{"@id":"https:\/\/jornalfatosenoticias.com.br\/index.php\/2025\/09\/08\/tesouro-arqueologico-unico-de-tres-mil-anos-e-encontrado-no-peru-sob-risco-de-destruicao\/"},"author":{"name":"Luzimara Fernandes","@id":"https:\/\/jornalfatosenoticias.com.br\/#\/schema\/person\/d63837fa13ac8666eb9e74e0985d6f81"},"headline":"Tesouro arqueol\u00f3gico \u00fanico de tr\u00eas mil anos \u00e9 encontrado no Peru sob risco de destrui\u00e7\u00e3o","datePublished":"2025-09-08T18:31:42+00:00","dateModified":"2025-09-08T18:31:43+00:00","mainEntityOfPage":{"@id":"https:\/\/jornalfatosenoticias.com.br\/index.php\/2025\/09\/08\/tesouro-arqueologico-unico-de-tres-mil-anos-e-encontrado-no-peru-sob-risco-de-destruicao\/"},"wordCount":532,"commentCount":0,"publisher":{"@id":"https:\/\/jornalfatosenoticias.com.br\/#organization"},"image":{"@id":"https:\/\/jornalfatosenoticias.com.br\/index.php\/2025\/09\/08\/tesouro-arqueologico-unico-de-tres-mil-anos-e-encontrado-no-peru-sob-risco-de-destruicao\/#primaryimage"},"thumbnailUrl":"https:\/\/jornalfatosenoticias.com.br\/wp-content\/uploads\/2025\/09\/tesouro-arqueologico-Peru.jpg","keywords":["arqueologia","arque\u00f3logos","Peru","pr\u00e9-inca","s\u00edtio arqueol\u00f3gico","tesouro arqueol\u00f3gico"],"articleSection":["Paleo &amp; Arqueologia"],"inLanguage":"pt-BR","potentialAction":[{"@type":"CommentAction","name":"Comment","target":["https:\/\/jornalfatosenoticias.com.br\/index.php\/2025\/09\/08\/tesouro-arqueologico-unico-de-tres-mil-anos-e-encontrado-no-peru-sob-risco-de-destruicao\/#respond"]}]},{"@type":"WebPage","@id":"https:\/\/jornalfatosenoticias.com.br\/index.php\/2025\/09\/08\/tesouro-arqueologico-unico-de-tres-mil-anos-e-encontrado-no-peru-sob-risco-de-destruicao\/","url":"https:\/\/jornalfatosenoticias.com.br\/index.php\/2025\/09\/08\/tesouro-arqueologico-unico-de-tres-mil-anos-e-encontrado-no-peru-sob-risco-de-destruicao\/","name":"Tesouro arqueol\u00f3gico \u00fanico de tr\u00eas mil anos \u00e9 encontrado no Peru sob risco de destrui\u00e7\u00e3o - Jornal Fatos e Not\u00edcias","isPartOf":{"@id":"https:\/\/jornalfatosenoticias.com.br\/#website"},"primaryImageOfPage":{"@id":"https:\/\/jornalfatosenoticias.com.br\/index.php\/2025\/09\/08\/tesouro-arqueologico-unico-de-tres-mil-anos-e-encontrado-no-peru-sob-risco-de-destruicao\/#primaryimage"},"image":{"@id":"https:\/\/jornalfatosenoticias.com.br\/index.php\/2025\/09\/08\/tesouro-arqueologico-unico-de-tres-mil-anos-e-encontrado-no-peru-sob-risco-de-destruicao\/#primaryimage"},"thumbnailUrl":"https:\/\/jornalfatosenoticias.com.br\/wp-content\/uploads\/2025\/09\/tesouro-arqueologico-Peru.jpg","datePublished":"2025-09-08T18:31:42+00:00","dateModified":"2025-09-08T18:31:43+00:00","breadcrumb":{"@id":"https:\/\/jornalfatosenoticias.com.br\/index.php\/2025\/09\/08\/tesouro-arqueologico-unico-de-tres-mil-anos-e-encontrado-no-peru-sob-risco-de-destruicao\/#breadcrumb"},"inLanguage":"pt-BR","potentialAction":[{"@type":"ReadAction","target":["https:\/\/jornalfatosenoticias.com.br\/index.php\/2025\/09\/08\/tesouro-arqueologico-unico-de-tres-mil-anos-e-encontrado-no-peru-sob-risco-de-destruicao\/"]}]},{"@type":"ImageObject","inLanguage":"pt-BR","@id":"https:\/\/jornalfatosenoticias.com.br\/index.php\/2025\/09\/08\/tesouro-arqueologico-unico-de-tres-mil-anos-e-encontrado-no-peru-sob-risco-de-destruicao\/#primaryimage","url":"https:\/\/jornalfatosenoticias.com.br\/wp-content\/uploads\/2025\/09\/tesouro-arqueologico-Peru.jpg","contentUrl":"https:\/\/jornalfatosenoticias.com.br\/wp-content\/uploads\/2025\/09\/tesouro-arqueologico-Peru.jpg","width":1000,"height":562},{"@type":"BreadcrumbList","@id":"https:\/\/jornalfatosenoticias.com.br\/index.php\/2025\/09\/08\/tesouro-arqueologico-unico-de-tres-mil-anos-e-encontrado-no-peru-sob-risco-de-destruicao\/#breadcrumb","itemListElement":[{"@type":"ListItem","position":1,"name":"In\u00edcio","item":"https:\/\/jornalfatosenoticias.com.br\/"},{"@type":"ListItem","position":2,"name":"Tesouro arqueol\u00f3gico \u00fanico de tr\u00eas mil anos \u00e9 encontrado no Peru sob risco de destrui\u00e7\u00e3o"}]},{"@type":"WebSite","@id":"https:\/\/jornalfatosenoticias.com.br\/#website","url":"https:\/\/jornalfatosenoticias.com.br\/","name":"Jornal Fatos e Not\u00edcias","description":"Not\u00edcias em geral","publisher":{"@id":"https:\/\/jornalfatosenoticias.com.br\/#organization"},"potentialAction":[{"@type":"SearchAction","target":{"@type":"EntryPoint","urlTemplate":"https:\/\/jornalfatosenoticias.com.br\/?s={search_term_string}"},"query-input":{"@type":"PropertyValueSpecification","valueRequired":true,"valueName":"search_term_string"}}],"inLanguage":"pt-BR"},{"@type":"Organization","@id":"https:\/\/jornalfatosenoticias.com.br\/#organization","name":"Jornal Fatos e Not\u00edcias","url":"https:\/\/jornalfatosenoticias.com.br\/","logo":{"@type":"ImageObject","inLanguage":"pt-BR","@id":"https:\/\/jornalfatosenoticias.com.br\/#\/schema\/logo\/image\/","url":"https:\/\/jornalfatosenoticias.com.br\/wp-content\/uploads\/2020\/02\/logo120.png","contentUrl":"https:\/\/jornalfatosenoticias.com.br\/wp-content\/uploads\/2020\/02\/logo120.png","width":1227,"height":120,"caption":"Jornal Fatos e Not\u00edcias"},"image":{"@id":"https:\/\/jornalfatosenoticias.com.br\/#\/schema\/logo\/image\/"}},{"@type":"Person","@id":"https:\/\/jornalfatosenoticias.com.br\/#\/schema\/person\/d63837fa13ac8666eb9e74e0985d6f81","name":"Luzimara Fernandes","image":{"@type":"ImageObject","inLanguage":"pt-BR","@id":"https:\/\/jornalfatosenoticias.com.br\/#\/schema\/person\/image\/","url":"https:\/\/jornalfatosenoticias.com.br\/wp-content\/uploads\/2025\/05\/EU_portal.jpg","contentUrl":"https:\/\/jornalfatosenoticias.com.br\/wp-content\/uploads\/2025\/05\/EU_portal.jpg","caption":"Luzimara Fernandes"},"description":"Jornalista MTB 2358-ES","sameAs":["https:\/\/jornalfatosenoticias.com.br"],"url":"https:\/\/jornalfatosenoticias.com.br\/index.php\/author\/luzimara\/"}]}},"cc_featured_image_caption":{"caption_text":"(Foto: Divulga\u00e7\u00e3o\/Pontif\u00edcia Universidade Cat\u00f3lica do Peru) ","source_text":"","source_url":""},"jetpack_featured_media_url":"https:\/\/jornalfatosenoticias.com.br\/wp-content\/uploads\/2025\/09\/tesouro-arqueologico-Peru.jpg","_links":{"self":[{"href":"https:\/\/jornalfatosenoticias.com.br\/index.php\/wp-json\/wp\/v2\/posts\/61747","targetHints":{"allow":["GET"]}}],"collection":[{"href":"https:\/\/jornalfatosenoticias.com.br\/index.php\/wp-json\/wp\/v2\/posts"}],"about":[{"href":"https:\/\/jornalfatosenoticias.com.br\/index.php\/wp-json\/wp\/v2\/types\/post"}],"author":[{"embeddable":true,"href":"https:\/\/jornalfatosenoticias.com.br\/index.php\/wp-json\/wp\/v2\/users\/2"}],"replies":[{"embeddable":true,"href":"https:\/\/jornalfatosenoticias.com.br\/index.php\/wp-json\/wp\/v2\/comments?post=61747"}],"version-history":[{"count":0,"href":"https:\/\/jornalfatosenoticias.com.br\/index.php\/wp-json\/wp\/v2\/posts\/61747\/revisions"}],"wp:featuredmedia":[{"embeddable":true,"href":"https:\/\/jornalfatosenoticias.com.br\/index.php\/wp-json\/wp\/v2\/media\/61748"}],"wp:attachment":[{"href":"https:\/\/jornalfatosenoticias.com.br\/index.php\/wp-json\/wp\/v2\/media?parent=61747"}],"wp:term":[{"taxonomy":"category","embeddable":true,"href":"https:\/\/jornalfatosenoticias.com.br\/index.php\/wp-json\/wp\/v2\/categories?post=61747"},{"taxonomy":"post_tag","embeddable":true,"href":"https:\/\/jornalfatosenoticias.com.br\/index.php\/wp-json\/wp\/v2\/tags?post=61747"}],"curies":[{"name":"wp","href":"https:\/\/api.w.org\/{rel}","templated":true}]}}