{"id":61793,"date":"2025-09-10T14:54:30","date_gmt":"2025-09-10T17:54:30","guid":{"rendered":"https:\/\/jornalfatosenoticias.com.br\/?p=61793"},"modified":"2025-09-10T14:54:31","modified_gmt":"2025-09-10T17:54:31","slug":"fux-rejeita-condenacao-de-bolsonaro-e-demais-reus-por-organizacao-criminosa-voto-continua-a-tarde","status":"publish","type":"post","link":"https:\/\/jornalfatosenoticias.com.br\/index.php\/2025\/09\/10\/fux-rejeita-condenacao-de-bolsonaro-e-demais-reus-por-organizacao-criminosa-voto-continua-a-tarde\/","title":{"rendered":"Fux rejeita condena\u00e7\u00e3o de Bolsonaro e demais r\u00e9us por organiza\u00e7\u00e3o criminosa; voto continua \u00e0 tarde"},"content":{"rendered":"\n<p><span class=\"has-inline-color has-black-color\"><em>Fux: &#8220;den\u00fancia n\u00e3o narrou (&#8220;) que os r\u00e9us pretendiam praticar delitos (&#8220;) como exige o tipo da organiza\u00e7\u00e3o criminosa&#8221;<\/em><\/span><\/p>\n\n\n\n<p><span class=\"has-inline-color has-black-color\">Por <strong><a href=\"https:\/\/www.gazetadopovo.com.br\/autor\/guilherme-grandi\/\">Guilherme Grandi<\/a>\/<a href=\"https:\/\/www.gazetadopovo.com.br\/autor\/cristiano-maia\/\">Cristiano Maia<\/a>\/<a href=\"https:\/\/www.gazetadopovo.com.br\/autor\/isabella-mayer-de-moura\/\">Isabella Mayer de Moura<\/a><\/strong><\/span><\/p>\n\n\n\n<div class=\"wp-block-image\"><figure class=\"aligncenter size-large\"><a href=\"https:\/\/mizu.com.br\/\"><img loading=\"lazy\" decoding=\"async\" width=\"729\" height=\"90\" src=\"https:\/\/jornalfatosenoticias.com.br\/wp-content\/uploads\/2020\/02\/Logo_Mizu.png\" alt=\"\" class=\"wp-image-1441\" srcset=\"https:\/\/jornalfatosenoticias.com.br\/wp-content\/uploads\/2020\/02\/Logo_Mizu.png 729w, https:\/\/jornalfatosenoticias.com.br\/wp-content\/uploads\/2020\/02\/Logo_Mizu-300x37.png 300w\" sizes=\"auto, (max-width: 729px) 100vw, 729px\" \/><\/a><\/figure><\/div>\n\n\n\n<p>O ministro Luiz Fux rejeitou a acusa\u00e7\u00e3o de organiza\u00e7\u00e3o criminosa armada imputada pela Procuradoria-Geral da Rep\u00fablica (PGR) ao ex-presidente Jair Bolsonaro (PL) e a outros sete r\u00e9us na a\u00e7\u00e3o penal sobre a suposta tentativa de golpe de Estado. <a href=\"https:\/\/www.gazetadopovo.com.br\/republica\/fux-diverge-moraes-critica-competencia-stf-julgar-bolsonaro\/\" target=\"_blank\" rel=\"noreferrer noopener\">Fux divergiu do relator do caso, Alexandre de Moraes<\/a>, ao apresentar seu voto sobre o m\u00e9rito das acusa\u00e7\u00f5es nesta quarta-feira (10), durante sess\u00e3o da Primeira Turma do Supremo Tribunal Federal (STF) pela manh\u00e3.<br>Anteriormente, ao analisar as quest\u00f5es preliminares levantadas pelas defesas dos r\u00e9us, <a href=\"https:\/\/www.gazetadopovo.com.br\/republica\/fux-diverge-moraes-critica-competencia-stf-julgar-bolsonaro\/\">Fux havia votado pela anula\u00e7\u00e3o do processo por entender que a Corte n\u00e3o \u00e9 competente para julgar o caso<\/a>. O ministro continuar\u00e1 fazendo a an\u00e1lise do m\u00e9rito do caso na tarde desta quarta-feira. O voto de Fux sobre a acusa\u00e7\u00e3o de organiza\u00e7\u00e3o criminosa foi fundamentado na falta de elementos espec\u00edficos exigidos pela legisla\u00e7\u00e3o penal para configurar o delito de organiza\u00e7\u00e3o criminosa.<\/p>\n\n\n\n<div class=\"wp-block-image\"><figure class=\"aligncenter size-large is-resized\"><a href=\"https:\/\/www.facebook.com\/profile.php?id=100069289606145\"><img loading=\"lazy\" decoding=\"async\" src=\"https:\/\/jornalfatosenoticias.com.br\/wp-content\/uploads\/2024\/11\/Guaitolini-Contabilidade-1024x714.jpeg\" alt=\"\" class=\"wp-image-55808\" width=\"317\" height=\"221\" srcset=\"https:\/\/jornalfatosenoticias.com.br\/wp-content\/uploads\/2024\/11\/Guaitolini-Contabilidade-1024x714.jpeg 1024w, https:\/\/jornalfatosenoticias.com.br\/wp-content\/uploads\/2024\/11\/Guaitolini-Contabilidade-300x209.jpeg 300w, https:\/\/jornalfatosenoticias.com.br\/wp-content\/uploads\/2024\/11\/Guaitolini-Contabilidade-768x535.jpeg 768w, https:\/\/jornalfatosenoticias.com.br\/wp-content\/uploads\/2024\/11\/Guaitolini-Contabilidade.jpeg 1280w\" sizes=\"auto, (max-width: 317px) 100vw, 317px\" \/><\/a><\/figure><\/div>\n\n\n\n<p>Segundo Fux, a acusa\u00e7\u00e3o apresentada pela PGR n\u00e3o demonstrou que os r\u00e9us teriam se reunido para praticar uma s\u00e9rie indeterminada de crimes. No total, o procurador-geral, Paulo Gonet, tipificou as a\u00e7\u00f5es em: tentativa de aboli\u00e7\u00e3o violenta do Estado democr\u00e1tico de Direito, tentativa de golpe de Estado, participa\u00e7\u00e3o em organiza\u00e7\u00e3o criminosa armada, dano qualificado por viol\u00eancia e grave amea\u00e7a e deteriora\u00e7\u00e3o de patrim\u00f4nio tombado.<\/p>\n\n\n\n<div class=\"wp-block-image\"><figure class=\"aligncenter size-large is-resized\"><a href=\"https:\/\/www.facebook.com\/postobkr\/?locale=pt_BR\"><img loading=\"lazy\" decoding=\"async\" src=\"https:\/\/jornalfatosenoticias.com.br\/wp-content\/uploads\/2023\/08\/BKR-1024x1021.jpg\" alt=\"\" class=\"wp-image-44494\" width=\"269\" height=\"268\" srcset=\"https:\/\/jornalfatosenoticias.com.br\/wp-content\/uploads\/2023\/08\/BKR-1024x1021.jpg 1024w, https:\/\/jornalfatosenoticias.com.br\/wp-content\/uploads\/2023\/08\/BKR-300x300.jpg 300w, https:\/\/jornalfatosenoticias.com.br\/wp-content\/uploads\/2023\/08\/BKR-150x150.jpg 150w, https:\/\/jornalfatosenoticias.com.br\/wp-content\/uploads\/2023\/08\/BKR-768x766.jpg 768w, https:\/\/jornalfatosenoticias.com.br\/wp-content\/uploads\/2023\/08\/BKR.jpg 1080w\" sizes=\"auto, (max-width: 269px) 100vw, 269px\" \/><\/a><\/figure><\/div>\n\n\n\n<blockquote class=\"wp-block-quote is-layout-flow wp-block-quote-is-layout-flow\"><p><span class=\"has-inline-color has-luminous-vivid-orange-color\">A den\u00fancia n\u00e3o narrou em qualquer trecho que os r\u00e9us pretendiam praticar delitos reiterados de modo est\u00e1vel e permanente como exige o tipo da organiza\u00e7\u00e3o criminosa, sem um horizonte espa\u00e7o-temporal definido\u201d, detalhou Fux.<\/span><\/p><\/blockquote>\n\n\n\n<div class=\"wp-block-image\"><figure class=\"aligncenter size-large is-resized\"><a href=\"https:\/\/www.instagram.com\/gruposei\/\"><img loading=\"lazy\" decoding=\"async\" src=\"https:\/\/jornalfatosenoticias.com.br\/wp-content\/uploads\/2022\/07\/Logo-Grupo-SEI.jpg\" alt=\"\" class=\"wp-image-31973\" width=\"372\" height=\"195\" srcset=\"https:\/\/jornalfatosenoticias.com.br\/wp-content\/uploads\/2022\/07\/Logo-Grupo-SEI.jpg 713w, https:\/\/jornalfatosenoticias.com.br\/wp-content\/uploads\/2022\/07\/Logo-Grupo-SEI-300x158.jpg 300w\" sizes=\"auto, (max-width: 372px) 100vw, 372px\" \/><\/a><\/figure><\/div>\n\n\n\n<p>Ele ressaltou ainda que, apesar de eventuais diverg\u00eancias de interpreta\u00e7\u00e3o jur\u00eddica, a an\u00e1lise t\u00e9cnica do caso refor\u00e7a a necessidade de observ\u00e2ncia rigorosa dos elementos do tipo penal. At\u00e9 o momento, o placar na Primeira Turma \u00e9 de dois votos pela condena\u00e7\u00e3o \u2014 Moraes e Fl\u00e1vio Dino \u2014 restando ainda a conclus\u00e3o do voto de Fux e os votos da ministra C\u00e1rmen L\u00facia e do ministro Cristiano Zanin.<\/p>\n\n\n\n<div class=\"wp-block-image\"><figure class=\"aligncenter size-large is-resized\"><a href=\"https:\/\/www.instagram.com\/serra4x4cambioautomatico\/\"><img loading=\"lazy\" decoding=\"async\" src=\"https:\/\/jornalfatosenoticias.com.br\/wp-content\/uploads\/2024\/08\/Serra-4x4-1-886x1024.jpg\" alt=\"\" class=\"wp-image-53632\" width=\"262\" height=\"303\" srcset=\"https:\/\/jornalfatosenoticias.com.br\/wp-content\/uploads\/2024\/08\/Serra-4x4-1-886x1024.jpg 886w, https:\/\/jornalfatosenoticias.com.br\/wp-content\/uploads\/2024\/08\/Serra-4x4-1-260x300.jpg 260w, https:\/\/jornalfatosenoticias.com.br\/wp-content\/uploads\/2024\/08\/Serra-4x4-1-768x888.jpg 768w, https:\/\/jornalfatosenoticias.com.br\/wp-content\/uploads\/2024\/08\/Serra-4x4-1.jpg 1181w\" sizes=\"auto, (max-width: 262px) 100vw, 262px\" \/><\/a><\/figure><\/div>\n\n\n\n<p>Al\u00e9m de Bolsonaro, s\u00e3o julgados o tenente-coronel Mauro Cid, que delatou o suposto plano de golpe; o deputado federal Alexandre Ramagem (PL-RJ), ex-diretor da Ag\u00eancia Brasileira de Intelig\u00eancia (Abin); Almir Garnier, ex-comandante da Marinha; Anderson Torres, ex-ministro da Justi\u00e7a e ex-secret\u00e1rio de seguran\u00e7a do Distrito Federal; Augusto Heleno, ex-ministro do Gabinete de Seguran\u00e7a Institucional (GSI); Paulo S\u00e9rgio Nogueira, ex-ministro da Defesa, e Walter Braga Netto, ex-ministro da Casa Civil e candidato a vice de Bolsonaro nas elei\u00e7\u00f5es de 2022.<\/p>\n\n\n\n<div class=\"wp-block-image\"><figure class=\"aligncenter size-large is-resized\"><a href=\"https:\/\/www.facebook.com\/vetor.vix\/\"><img loading=\"lazy\" decoding=\"async\" src=\"https:\/\/jornalfatosenoticias.com.br\/wp-content\/uploads\/2023\/09\/vetorvix1024_1.jpg\" alt=\"\" class=\"wp-image-44868\" width=\"554\" height=\"147\" srcset=\"https:\/\/jornalfatosenoticias.com.br\/wp-content\/uploads\/2023\/09\/vetorvix1024_1.jpg 1024w, https:\/\/jornalfatosenoticias.com.br\/wp-content\/uploads\/2023\/09\/vetorvix1024_1-300x80.jpg 300w, https:\/\/jornalfatosenoticias.com.br\/wp-content\/uploads\/2023\/09\/vetorvix1024_1-768x205.jpg 768w\" sizes=\"auto, (max-width: 554px) 100vw, 554px\" \/><\/a><\/figure><\/div>\n\n\n\n<p><strong><span class=\"has-inline-color has-black-color\">Fux contesta acusa\u00e7\u00e3o de dano qualificado<br><\/span><\/strong>O ministro Luiz Fux tamb\u00e9m contestou a tipifica\u00e7\u00e3o de dano qualificado e ao patrim\u00f4nio p\u00fablico tombado, alegando que os r\u00e9us n\u00e3o poderiam impedir a a\u00e7\u00e3o das pessoas que invadiram e vandalizaram as sedes dos Tr\u00eas Poderes nos atos de 8 de janeiro de 2023.<\/p>\n\n\n\n<blockquote class=\"wp-block-quote is-layout-flow wp-block-quote-is-layout-flow\"><p><span class=\"has-inline-color has-luminous-vivid-orange-color\">N\u00e3o h\u00e1 nenhuma prova de que algum dos r\u00e9us tinha o dever espec\u00edfico de agir para impedir os danos causados pela multid\u00e3o em 8 de janeiro de 2023. [\u2026] N\u00e3o h\u00e1 provas nos autos de que os r\u00e9us tenham ordenado a destrui\u00e7\u00e3o e depois se omitido\u201d, ressaltou.<\/span><\/p><\/blockquote>\n\n\n\n<div class=\"wp-block-image\"><figure class=\"aligncenter size-large is-resized\"><a href=\"https:\/\/panper.com.br\/\"><img loading=\"lazy\" decoding=\"async\" src=\"https:\/\/jornalfatosenoticias.com.br\/wp-content\/uploads\/2023\/03\/logo-Panper_portal.jpg\" alt=\"\" class=\"wp-image-40208\" width=\"323\" height=\"224\" srcset=\"https:\/\/jornalfatosenoticias.com.br\/wp-content\/uploads\/2023\/03\/logo-Panper_portal.jpg 400w, https:\/\/jornalfatosenoticias.com.br\/wp-content\/uploads\/2023\/03\/logo-Panper_portal-300x208.jpg 300w\" sizes=\"auto, (max-width: 323px) 100vw, 323px\" \/><\/a><\/figure><\/div>\n\n\n\n<p>E, na tipifica\u00e7\u00e3o para o deputado Alexandre Ramagem, Fux acolheu apenas parte dos crimes por conta da resolu\u00e7\u00e3o da C\u00e2mara dos Deputados que n\u00e3o permite a atribui\u00e7\u00e3o de fatos ocorridos ap\u00f3s a diploma\u00e7\u00e3o, em dezembro de 2022. Com isso, na vis\u00e3o de Fux, ele deixa de responder por dano e deteriora\u00e7\u00e3o do patrim\u00f4nio e forma\u00e7\u00e3o de organiza\u00e7\u00e3o criminosa.<\/p>\n\n\n\n<div class=\"wp-block-image\"><figure class=\"aligncenter size-large is-resized\"><a href=\"https:\/\/www.controlsystems.com.br\/\"><img loading=\"lazy\" decoding=\"async\" src=\"https:\/\/jornalfatosenoticias.com.br\/wp-content\/uploads\/2020\/02\/CONTROL-CS.jpg\" alt=\"\" class=\"wp-image-44991\" width=\"271\" height=\"325\" srcset=\"https:\/\/jornalfatosenoticias.com.br\/wp-content\/uploads\/2020\/02\/CONTROL-CS.jpg 834w, https:\/\/jornalfatosenoticias.com.br\/wp-content\/uploads\/2020\/02\/CONTROL-CS-250x300.jpg 250w, https:\/\/jornalfatosenoticias.com.br\/wp-content\/uploads\/2020\/02\/CONTROL-CS-768x921.jpg 768w\" sizes=\"auto, (max-width: 271px) 100vw, 271px\" \/><\/a><\/figure><\/div>\n\n\n\n<p><strong><span class=\"has-inline-color has-black-color\">Fux vota para anular processo contra Bolsonaro e demais r\u00e9us<br><\/span><\/strong>Fux iniciou seu voto analisando as quest\u00f5es preliminares levantadas pelas defesas e, ao considerar que o STF n\u00e3o tem compet\u00eancia para julgar o caso da suposta tentativa de golpe, j\u00e1 que nenhum dos r\u00e9us tem foro privilegiado, ele votou pela anula\u00e7\u00e3o da a\u00e7\u00e3o penal. O ministro alegou ainda que a Primeira Turma n\u00e3o tem compet\u00eancia para julgar um ex-presidente e que houve cerceamento de defesa devido \u00e0 grande quantidade de provas produzidas pela Pol\u00edcia Federal com pouco tempo para an\u00e1lise pelos advogados.<\/p>\n\n\n\n<div class=\"wp-block-image\"><figure class=\"aligncenter size-large is-resized\"><a href=\"https:\/\/legisjuris.com.br\/\"><img loading=\"lazy\" decoding=\"async\" src=\"https:\/\/jornalfatosenoticias.com.br\/wp-content\/uploads\/2024\/09\/Legis-Juris-Consultoria_logo.jpg\" alt=\"\" class=\"wp-image-53915\" width=\"523\" height=\"219\" srcset=\"https:\/\/jornalfatosenoticias.com.br\/wp-content\/uploads\/2024\/09\/Legis-Juris-Consultoria_logo.jpg 969w, https:\/\/jornalfatosenoticias.com.br\/wp-content\/uploads\/2024\/09\/Legis-Juris-Consultoria_logo-300x126.jpg 300w, https:\/\/jornalfatosenoticias.com.br\/wp-content\/uploads\/2024\/09\/Legis-Juris-Consultoria_logo-768x322.jpg 768w\" sizes=\"auto, (max-width: 523px) 100vw, 523px\" \/><\/a><\/figure><\/div>\n\n\n\n<p>Fux tamb\u00e9m considerou que houve cerceamento de defesa, afirmando que houve um \u201ctsunami de dados\u201d, referente ao questionamento por conta do curto tempo para analisar a grande quantidade de dados das provas produzidas pela Pol\u00edcia Federal. Foram mais de 70 terabytes de dados \u2014 \u201ccomparado a muitos milh\u00f5es e bilh\u00f5es de p\u00e1ginas\u201d \u2014 que ele disse ter tido acesso inclusive aos depoimentos, al\u00e9m de arquivos inseridos ap\u00f3s a aceita\u00e7\u00e3o da a\u00e7\u00e3o penal.<\/p>\n\n\n\n<div class=\"wp-block-image\"><figure class=\"aligncenter size-large is-resized\"><a href=\"https:\/\/www.instagram.com\/rcradiadores\/\"><img loading=\"lazy\" decoding=\"async\" src=\"https:\/\/jornalfatosenoticias.com.br\/wp-content\/uploads\/2022\/10\/RC_800x750_page-0001.jpg\" alt=\"\" class=\"wp-image-35338\" width=\"305\" height=\"286\" srcset=\"https:\/\/jornalfatosenoticias.com.br\/wp-content\/uploads\/2022\/10\/RC_800x750_page-0001.jpg 400w, https:\/\/jornalfatosenoticias.com.br\/wp-content\/uploads\/2022\/10\/RC_800x750_page-0001-300x281.jpg 300w\" sizes=\"auto, (max-width: 305px) 100vw, 305px\" \/><\/a><\/figure><\/div>\n\n\n\n<p>O magistrado, por\u00e9m, votou pela manuten\u00e7\u00e3o da validade do acordo de colabora\u00e7\u00e3o premiada de Mauro Cid. As defesas dos r\u00e9us haviam alegado que o delator teria sido alvo de press\u00e3o e coa\u00e7\u00e3o. Para Fux, \u201cidas e vindas\u201d dos depoimentos poderiam indicar uma \u201cretalia\u00e7\u00e3o\u201d ou \u201ccriatividade de autoprote\u00e7\u00e3o\u201d, no entanto, ao analisar o que foi levantado, decidiu negar as alega\u00e7\u00f5es dos advogados dos r\u00e9us e manteve a validade da dela\u00e7\u00e3o, deixando para a fase da dosimetria apontar quais benef\u00edcios podem ser mantidos e penas eventualmente aplicadas a Cid.<\/p>\n\n\n\n<div class=\"wp-block-image\"><figure class=\"aligncenter size-large\"><a href=\"http:\/\/www.ferrarimaquinas.com.br\/\"><img loading=\"lazy\" decoding=\"async\" width=\"300\" height=\"250\" src=\"https:\/\/jornalfatosenoticias.com.br\/wp-content\/uploads\/2022\/02\/FERRARI_MAQUINAS-E-FERRAMENTAS2.jpg\" alt=\"\" class=\"wp-image-27860\"\/><\/a><\/figure><\/div>\n\n\n\n<blockquote class=\"wp-block-quote is-layout-flow wp-block-quote-is-layout-flow\"><p><span class=\"has-inline-color has-luminous-vivid-orange-color\">O r\u00e9u colaborou com as dela\u00e7\u00f5es sempre acompanhado de advogado e as advert\u00eancias pontuais feitas pelo relator ao colaborador. Isso faz parte do rol de perguntas que se pode fazer ao colaborador. E, na verdade, esse colaborador ele acabou se autoincriminando, porque ele confessa&#8221;, afirmou o ministro.<\/span><\/p><\/blockquote>\n\n\n\n<div class=\"wp-block-image\"><figure class=\"aligncenter size-large is-resized\"><a href=\"https:\/\/www.facebook.com\/profile.php?id=100069289606145\"><img loading=\"lazy\" decoding=\"async\" src=\"https:\/\/jornalfatosenoticias.com.br\/wp-content\/uploads\/2024\/11\/Guaitolini-Contabilidade-1024x714.jpeg\" alt=\"\" class=\"wp-image-55808\" width=\"301\" height=\"210\" srcset=\"https:\/\/jornalfatosenoticias.com.br\/wp-content\/uploads\/2024\/11\/Guaitolini-Contabilidade-1024x714.jpeg 1024w, https:\/\/jornalfatosenoticias.com.br\/wp-content\/uploads\/2024\/11\/Guaitolini-Contabilidade-300x209.jpeg 300w, https:\/\/jornalfatosenoticias.com.br\/wp-content\/uploads\/2024\/11\/Guaitolini-Contabilidade-768x535.jpeg 768w, https:\/\/jornalfatosenoticias.com.br\/wp-content\/uploads\/2024\/11\/Guaitolini-Contabilidade.jpeg 1280w\" sizes=\"auto, (max-width: 301px) 100vw, 301px\" \/><\/a><\/figure><\/div>\n\n\n\n<p>Al\u00e9m de Fux, ainda faltam votar os ministros C\u00e1rmen L\u00facia e Cristiano Zanin, que preside o colegiado, nas sess\u00f5es marcadas para quinta (11). J\u00e1 a de sexta (12) se espera ser utilizada para estabelecer a dosimetria das penas. Nos votos j\u00e1 dados na ter\u00e7a (9), <a href=\"https:\/\/www.gazetadopovo.com.br\/republica\/moraes-vota-condenar-bolsonaro-suposta-tentativa-golpe-estado\/\" target=\"_blank\" rel=\"noreferrer noopener\">Moraes decidiu pela condena\u00e7\u00e3o de Bolsonaro e os demais r\u00e9us<\/a>, classificando o ex-presidente como l\u00edder de uma \u201corganiza\u00e7\u00e3o criminosa\u201d. <\/p>\n\n\n\n<div class=\"wp-block-image\"><figure class=\"aligncenter size-large is-resized\"><a href=\"https:\/\/hotelmarquetti.com.br\/\"><img loading=\"lazy\" decoding=\"async\" src=\"https:\/\/jornalfatosenoticias.com.br\/wp-content\/uploads\/2020\/02\/LOGO-MQ-1024x680.jpg\" alt=\"\" class=\"wp-image-58299\" width=\"330\" height=\"219\" srcset=\"https:\/\/jornalfatosenoticias.com.br\/wp-content\/uploads\/2020\/02\/LOGO-MQ-1024x680.jpg 1024w, https:\/\/jornalfatosenoticias.com.br\/wp-content\/uploads\/2020\/02\/LOGO-MQ-300x199.jpg 300w, https:\/\/jornalfatosenoticias.com.br\/wp-content\/uploads\/2020\/02\/LOGO-MQ-768x510.jpg 768w, https:\/\/jornalfatosenoticias.com.br\/wp-content\/uploads\/2020\/02\/LOGO-MQ-1536x1020.jpg 1536w, https:\/\/jornalfatosenoticias.com.br\/wp-content\/uploads\/2020\/02\/LOGO-MQ-2048x1360.jpg 2048w\" sizes=\"auto, (max-width: 330px) 100vw, 330px\" \/><\/a><\/figure><\/div>\n\n\n\n<p><a href=\"https:\/\/www.gazetadopovo.com.br\/republica\/dino-defende-penas-maiores-a-bolsonaro-e-braga-netto-e-mais-leves-para-outros-reus\/\" target=\"_blank\" rel=\"noreferrer noopener\">Dino o acompanhou no entendimento<\/a>, mas defendeu penas mais severas tanto para o ex-presidente quanto para o ex-ministro Walter Braga Netto. Durante a sess\u00e3o, Dino recha\u00e7ou press\u00f5es externas. <em>\u201cArgumentos pessoais, agress\u00f5es, coa\u00e7\u00f5es, amea\u00e7as de governos estrangeiros n\u00e3o s\u00e3o assuntos que constituem mat\u00e9ria decis\u00f3ria. Quem veste essa capa [toga] tem prote\u00e7\u00e3o psicol\u00f3gica suficiente para se manter distante disso\u201d, <\/em>afirmou.<\/p>\n\n\n\n<div class=\"wp-block-image\"><figure class=\"aligncenter size-large\"><a href=\"https:\/\/www.cesconetto.com.br\/\"><img loading=\"lazy\" decoding=\"async\" width=\"300\" height=\"250\" src=\"https:\/\/jornalfatosenoticias.com.br\/wp-content\/uploads\/2020\/02\/Banner-2.png\" alt=\"\" class=\"wp-image-43787\"\/><\/a><\/figure><\/div>\n\n\n\n<p><strong>Fonte: <a href=\"https:\/\/www.gazetadopovo.com.br\/republica\/fux-rejeita-condenacao-de-bolsonaro-e-demais-reus-por-organizacao-criminosa\/\">Giz Brasil<\/a><\/strong><\/p>\n","protected":false},"excerpt":{"rendered":"<p>Fux: &#8220;den\u00fancia n\u00e3o narrou (&#8220;) que os r\u00e9us pretendiam praticar delitos (&#8220;) como exige o tipo da organiza\u00e7\u00e3o criminosa&#8221; Por Guilherme Grandi\/Cristiano Maia\/Isabella Mayer de Moura O ministro Luiz Fux rejeitou a acusa\u00e7\u00e3o de organiza\u00e7\u00e3o criminosa armada imputada pela Procuradoria-Geral da Rep\u00fablica (PGR) ao ex-presidente Jair Bolsonaro (PL) e a outros sete r\u00e9us na a\u00e7\u00e3o [&hellip;]<\/p>\n","protected":false},"author":2,"featured_media":61794,"comment_status":"open","ping_status":"open","sticky":false,"template":"","format":"standard","meta":{"footnotes":""},"categories":[10],"tags":[18055,13889,1795,6376,26069,294],"class_list":["post-61793","post","type-post","status-publish","format-standard","has-post-thumbnail","hentry","category-politica","tag-8-de-janeiro","tag-alexandre-de-moraes","tag-jair-bolsonaro","tag-julgamento","tag-luiz-fux","tag-stf"],"yoast_head":"<!-- This site is optimized with the Yoast SEO plugin v26.5 - https:\/\/yoast.com\/wordpress\/plugins\/seo\/ -->\n<title>Fux rejeita condena\u00e7\u00e3o de Bolsonaro e demais r\u00e9us por organiza\u00e7\u00e3o criminosa; voto continua \u00e0 tarde - Jornal Fatos e Not\u00edcias<\/title>\n<meta name=\"robots\" content=\"index, follow, max-snippet:-1, max-image-preview:large, max-video-preview:-1\" \/>\n<link rel=\"canonical\" href=\"https:\/\/jornalfatosenoticias.com.br\/index.php\/2025\/09\/10\/fux-rejeita-condenacao-de-bolsonaro-e-demais-reus-por-organizacao-criminosa-voto-continua-a-tarde\/\" \/>\n<meta property=\"og:locale\" content=\"pt_BR\" \/>\n<meta property=\"og:type\" content=\"article\" \/>\n<meta property=\"og:title\" content=\"Fux rejeita condena\u00e7\u00e3o de Bolsonaro e demais r\u00e9us por organiza\u00e7\u00e3o criminosa; voto continua \u00e0 tarde - Jornal Fatos e Not\u00edcias\" \/>\n<meta property=\"og:description\" content=\"Fux: &#8220;den\u00fancia n\u00e3o narrou (&#8220;) que os r\u00e9us pretendiam praticar delitos (&#8220;) como exige o tipo da organiza\u00e7\u00e3o criminosa&#8221; Por Guilherme Grandi\/Cristiano Maia\/Isabella Mayer de Moura O ministro Luiz Fux rejeitou a acusa\u00e7\u00e3o de organiza\u00e7\u00e3o criminosa armada imputada pela Procuradoria-Geral da Rep\u00fablica (PGR) ao ex-presidente Jair Bolsonaro (PL) e a outros sete r\u00e9us na a\u00e7\u00e3o [&hellip;]\" \/>\n<meta property=\"og:url\" content=\"https:\/\/jornalfatosenoticias.com.br\/index.php\/2025\/09\/10\/fux-rejeita-condenacao-de-bolsonaro-e-demais-reus-por-organizacao-criminosa-voto-continua-a-tarde\/\" \/>\n<meta property=\"og:site_name\" content=\"Jornal Fatos e Not\u00edcias\" \/>\n<meta property=\"article:published_time\" content=\"2025-09-10T17:54:30+00:00\" \/>\n<meta property=\"article:modified_time\" content=\"2025-09-10T17:54:31+00:00\" \/>\n<meta property=\"og:image\" content=\"https:\/\/jornalfatosenoticias.com.br\/wp-content\/uploads\/2025\/09\/fux-julgamento-bolsonaro.jpg\" \/>\n\t<meta property=\"og:image:width\" content=\"1000\" \/>\n\t<meta property=\"og:image:height\" content=\"562\" \/>\n\t<meta property=\"og:image:type\" content=\"image\/jpeg\" \/>\n<meta name=\"author\" content=\"Luzimara Fernandes\" \/>\n<meta name=\"twitter:card\" content=\"summary_large_image\" \/>\n<meta name=\"twitter:label1\" content=\"Escrito por\" \/>\n\t<meta name=\"twitter:data1\" content=\"Luzimara Fernandes\" \/>\n\t<meta name=\"twitter:label2\" content=\"Est. tempo de leitura\" \/>\n\t<meta name=\"twitter:data2\" content=\"6 minutos\" \/>\n<script type=\"application\/ld+json\" class=\"yoast-schema-graph\">{\"@context\":\"https:\/\/schema.org\",\"@graph\":[{\"@type\":\"Article\",\"@id\":\"https:\/\/jornalfatosenoticias.com.br\/index.php\/2025\/09\/10\/fux-rejeita-condenacao-de-bolsonaro-e-demais-reus-por-organizacao-criminosa-voto-continua-a-tarde\/#article\",\"isPartOf\":{\"@id\":\"https:\/\/jornalfatosenoticias.com.br\/index.php\/2025\/09\/10\/fux-rejeita-condenacao-de-bolsonaro-e-demais-reus-por-organizacao-criminosa-voto-continua-a-tarde\/\"},\"author\":{\"name\":\"Luzimara Fernandes\",\"@id\":\"https:\/\/jornalfatosenoticias.com.br\/#\/schema\/person\/d63837fa13ac8666eb9e74e0985d6f81\"},\"headline\":\"Fux rejeita condena\u00e7\u00e3o de Bolsonaro e demais r\u00e9us por organiza\u00e7\u00e3o criminosa; voto continua \u00e0 tarde\",\"datePublished\":\"2025-09-10T17:54:30+00:00\",\"dateModified\":\"2025-09-10T17:54:31+00:00\",\"mainEntityOfPage\":{\"@id\":\"https:\/\/jornalfatosenoticias.com.br\/index.php\/2025\/09\/10\/fux-rejeita-condenacao-de-bolsonaro-e-demais-reus-por-organizacao-criminosa-voto-continua-a-tarde\/\"},\"wordCount\":1135,\"commentCount\":0,\"publisher\":{\"@id\":\"https:\/\/jornalfatosenoticias.com.br\/#organization\"},\"image\":{\"@id\":\"https:\/\/jornalfatosenoticias.com.br\/index.php\/2025\/09\/10\/fux-rejeita-condenacao-de-bolsonaro-e-demais-reus-por-organizacao-criminosa-voto-continua-a-tarde\/#primaryimage\"},\"thumbnailUrl\":\"https:\/\/jornalfatosenoticias.com.br\/wp-content\/uploads\/2025\/09\/fux-julgamento-bolsonaro.jpg\",\"keywords\":[\"8 de janeiro\",\"Alexandre de Moraes\",\"Jair Bolsonaro\",\"julgamento\",\"Luiz Fux\",\"STF\"],\"articleSection\":[\"Pol\u00edtica\"],\"inLanguage\":\"pt-BR\",\"potentialAction\":[{\"@type\":\"CommentAction\",\"name\":\"Comment\",\"target\":[\"https:\/\/jornalfatosenoticias.com.br\/index.php\/2025\/09\/10\/fux-rejeita-condenacao-de-bolsonaro-e-demais-reus-por-organizacao-criminosa-voto-continua-a-tarde\/#respond\"]}]},{\"@type\":\"WebPage\",\"@id\":\"https:\/\/jornalfatosenoticias.com.br\/index.php\/2025\/09\/10\/fux-rejeita-condenacao-de-bolsonaro-e-demais-reus-por-organizacao-criminosa-voto-continua-a-tarde\/\",\"url\":\"https:\/\/jornalfatosenoticias.com.br\/index.php\/2025\/09\/10\/fux-rejeita-condenacao-de-bolsonaro-e-demais-reus-por-organizacao-criminosa-voto-continua-a-tarde\/\",\"name\":\"Fux rejeita condena\u00e7\u00e3o de Bolsonaro e demais r\u00e9us por organiza\u00e7\u00e3o criminosa; voto continua \u00e0 tarde - Jornal Fatos e Not\u00edcias\",\"isPartOf\":{\"@id\":\"https:\/\/jornalfatosenoticias.com.br\/#website\"},\"primaryImageOfPage\":{\"@id\":\"https:\/\/jornalfatosenoticias.com.br\/index.php\/2025\/09\/10\/fux-rejeita-condenacao-de-bolsonaro-e-demais-reus-por-organizacao-criminosa-voto-continua-a-tarde\/#primaryimage\"},\"image\":{\"@id\":\"https:\/\/jornalfatosenoticias.com.br\/index.php\/2025\/09\/10\/fux-rejeita-condenacao-de-bolsonaro-e-demais-reus-por-organizacao-criminosa-voto-continua-a-tarde\/#primaryimage\"},\"thumbnailUrl\":\"https:\/\/jornalfatosenoticias.com.br\/wp-content\/uploads\/2025\/09\/fux-julgamento-bolsonaro.jpg\",\"datePublished\":\"2025-09-10T17:54:30+00:00\",\"dateModified\":\"2025-09-10T17:54:31+00:00\",\"breadcrumb\":{\"@id\":\"https:\/\/jornalfatosenoticias.com.br\/index.php\/2025\/09\/10\/fux-rejeita-condenacao-de-bolsonaro-e-demais-reus-por-organizacao-criminosa-voto-continua-a-tarde\/#breadcrumb\"},\"inLanguage\":\"pt-BR\",\"potentialAction\":[{\"@type\":\"ReadAction\",\"target\":[\"https:\/\/jornalfatosenoticias.com.br\/index.php\/2025\/09\/10\/fux-rejeita-condenacao-de-bolsonaro-e-demais-reus-por-organizacao-criminosa-voto-continua-a-tarde\/\"]}]},{\"@type\":\"ImageObject\",\"inLanguage\":\"pt-BR\",\"@id\":\"https:\/\/jornalfatosenoticias.com.br\/index.php\/2025\/09\/10\/fux-rejeita-condenacao-de-bolsonaro-e-demais-reus-por-organizacao-criminosa-voto-continua-a-tarde\/#primaryimage\",\"url\":\"https:\/\/jornalfatosenoticias.com.br\/wp-content\/uploads\/2025\/09\/fux-julgamento-bolsonaro.jpg\",\"contentUrl\":\"https:\/\/jornalfatosenoticias.com.br\/wp-content\/uploads\/2025\/09\/fux-julgamento-bolsonaro.jpg\",\"width\":1000,\"height\":562},{\"@type\":\"BreadcrumbList\",\"@id\":\"https:\/\/jornalfatosenoticias.com.br\/index.php\/2025\/09\/10\/fux-rejeita-condenacao-de-bolsonaro-e-demais-reus-por-organizacao-criminosa-voto-continua-a-tarde\/#breadcrumb\",\"itemListElement\":[{\"@type\":\"ListItem\",\"position\":1,\"name\":\"In\u00edcio\",\"item\":\"https:\/\/jornalfatosenoticias.com.br\/\"},{\"@type\":\"ListItem\",\"position\":2,\"name\":\"Fux rejeita condena\u00e7\u00e3o de Bolsonaro e demais r\u00e9us por organiza\u00e7\u00e3o criminosa; voto continua \u00e0 tarde\"}]},{\"@type\":\"WebSite\",\"@id\":\"https:\/\/jornalfatosenoticias.com.br\/#website\",\"url\":\"https:\/\/jornalfatosenoticias.com.br\/\",\"name\":\"Jornal Fatos e Not\u00edcias\",\"description\":\"Not\u00edcias em geral\",\"publisher\":{\"@id\":\"https:\/\/jornalfatosenoticias.com.br\/#organization\"},\"potentialAction\":[{\"@type\":\"SearchAction\",\"target\":{\"@type\":\"EntryPoint\",\"urlTemplate\":\"https:\/\/jornalfatosenoticias.com.br\/?s={search_term_string}\"},\"query-input\":{\"@type\":\"PropertyValueSpecification\",\"valueRequired\":true,\"valueName\":\"search_term_string\"}}],\"inLanguage\":\"pt-BR\"},{\"@type\":\"Organization\",\"@id\":\"https:\/\/jornalfatosenoticias.com.br\/#organization\",\"name\":\"Jornal Fatos e Not\u00edcias\",\"url\":\"https:\/\/jornalfatosenoticias.com.br\/\",\"logo\":{\"@type\":\"ImageObject\",\"inLanguage\":\"pt-BR\",\"@id\":\"https:\/\/jornalfatosenoticias.com.br\/#\/schema\/logo\/image\/\",\"url\":\"https:\/\/jornalfatosenoticias.com.br\/wp-content\/uploads\/2020\/02\/logo120.png\",\"contentUrl\":\"https:\/\/jornalfatosenoticias.com.br\/wp-content\/uploads\/2020\/02\/logo120.png\",\"width\":1227,\"height\":120,\"caption\":\"Jornal Fatos e Not\u00edcias\"},\"image\":{\"@id\":\"https:\/\/jornalfatosenoticias.com.br\/#\/schema\/logo\/image\/\"}},{\"@type\":\"Person\",\"@id\":\"https:\/\/jornalfatosenoticias.com.br\/#\/schema\/person\/d63837fa13ac8666eb9e74e0985d6f81\",\"name\":\"Luzimara Fernandes\",\"image\":{\"@type\":\"ImageObject\",\"inLanguage\":\"pt-BR\",\"@id\":\"https:\/\/jornalfatosenoticias.com.br\/#\/schema\/person\/image\/\",\"url\":\"https:\/\/jornalfatosenoticias.com.br\/wp-content\/uploads\/2025\/05\/EU_portal.jpg\",\"contentUrl\":\"https:\/\/jornalfatosenoticias.com.br\/wp-content\/uploads\/2025\/05\/EU_portal.jpg\",\"caption\":\"Luzimara Fernandes\"},\"description\":\"Jornalista MTB 2358-ES\",\"sameAs\":[\"https:\/\/jornalfatosenoticias.com.br\"],\"url\":\"https:\/\/jornalfatosenoticias.com.br\/index.php\/author\/luzimara\/\"}]}<\/script>\n<!-- \/ Yoast SEO plugin. -->","yoast_head_json":{"title":"Fux rejeita condena\u00e7\u00e3o de Bolsonaro e demais r\u00e9us por organiza\u00e7\u00e3o criminosa; voto continua \u00e0 tarde - Jornal Fatos e Not\u00edcias","robots":{"index":"index","follow":"follow","max-snippet":"max-snippet:-1","max-image-preview":"max-image-preview:large","max-video-preview":"max-video-preview:-1"},"canonical":"https:\/\/jornalfatosenoticias.com.br\/index.php\/2025\/09\/10\/fux-rejeita-condenacao-de-bolsonaro-e-demais-reus-por-organizacao-criminosa-voto-continua-a-tarde\/","og_locale":"pt_BR","og_type":"article","og_title":"Fux rejeita condena\u00e7\u00e3o de Bolsonaro e demais r\u00e9us por organiza\u00e7\u00e3o criminosa; voto continua \u00e0 tarde - Jornal Fatos e Not\u00edcias","og_description":"Fux: &#8220;den\u00fancia n\u00e3o narrou (&#8220;) que os r\u00e9us pretendiam praticar delitos (&#8220;) como exige o tipo da organiza\u00e7\u00e3o criminosa&#8221; Por Guilherme Grandi\/Cristiano Maia\/Isabella Mayer de Moura O ministro Luiz Fux rejeitou a acusa\u00e7\u00e3o de organiza\u00e7\u00e3o criminosa armada imputada pela Procuradoria-Geral da Rep\u00fablica (PGR) ao ex-presidente Jair Bolsonaro (PL) e a outros sete r\u00e9us na a\u00e7\u00e3o [&hellip;]","og_url":"https:\/\/jornalfatosenoticias.com.br\/index.php\/2025\/09\/10\/fux-rejeita-condenacao-de-bolsonaro-e-demais-reus-por-organizacao-criminosa-voto-continua-a-tarde\/","og_site_name":"Jornal Fatos e Not\u00edcias","article_published_time":"2025-09-10T17:54:30+00:00","article_modified_time":"2025-09-10T17:54:31+00:00","og_image":[{"width":1000,"height":562,"url":"https:\/\/jornalfatosenoticias.com.br\/wp-content\/uploads\/2025\/09\/fux-julgamento-bolsonaro.jpg","type":"image\/jpeg"}],"author":"Luzimara Fernandes","twitter_card":"summary_large_image","twitter_misc":{"Escrito por":"Luzimara Fernandes","Est. tempo de leitura":"6 minutos"},"schema":{"@context":"https:\/\/schema.org","@graph":[{"@type":"Article","@id":"https:\/\/jornalfatosenoticias.com.br\/index.php\/2025\/09\/10\/fux-rejeita-condenacao-de-bolsonaro-e-demais-reus-por-organizacao-criminosa-voto-continua-a-tarde\/#article","isPartOf":{"@id":"https:\/\/jornalfatosenoticias.com.br\/index.php\/2025\/09\/10\/fux-rejeita-condenacao-de-bolsonaro-e-demais-reus-por-organizacao-criminosa-voto-continua-a-tarde\/"},"author":{"name":"Luzimara Fernandes","@id":"https:\/\/jornalfatosenoticias.com.br\/#\/schema\/person\/d63837fa13ac8666eb9e74e0985d6f81"},"headline":"Fux rejeita condena\u00e7\u00e3o de Bolsonaro e demais r\u00e9us por organiza\u00e7\u00e3o criminosa; voto continua \u00e0 tarde","datePublished":"2025-09-10T17:54:30+00:00","dateModified":"2025-09-10T17:54:31+00:00","mainEntityOfPage":{"@id":"https:\/\/jornalfatosenoticias.com.br\/index.php\/2025\/09\/10\/fux-rejeita-condenacao-de-bolsonaro-e-demais-reus-por-organizacao-criminosa-voto-continua-a-tarde\/"},"wordCount":1135,"commentCount":0,"publisher":{"@id":"https:\/\/jornalfatosenoticias.com.br\/#organization"},"image":{"@id":"https:\/\/jornalfatosenoticias.com.br\/index.php\/2025\/09\/10\/fux-rejeita-condenacao-de-bolsonaro-e-demais-reus-por-organizacao-criminosa-voto-continua-a-tarde\/#primaryimage"},"thumbnailUrl":"https:\/\/jornalfatosenoticias.com.br\/wp-content\/uploads\/2025\/09\/fux-julgamento-bolsonaro.jpg","keywords":["8 de janeiro","Alexandre de Moraes","Jair Bolsonaro","julgamento","Luiz Fux","STF"],"articleSection":["Pol\u00edtica"],"inLanguage":"pt-BR","potentialAction":[{"@type":"CommentAction","name":"Comment","target":["https:\/\/jornalfatosenoticias.com.br\/index.php\/2025\/09\/10\/fux-rejeita-condenacao-de-bolsonaro-e-demais-reus-por-organizacao-criminosa-voto-continua-a-tarde\/#respond"]}]},{"@type":"WebPage","@id":"https:\/\/jornalfatosenoticias.com.br\/index.php\/2025\/09\/10\/fux-rejeita-condenacao-de-bolsonaro-e-demais-reus-por-organizacao-criminosa-voto-continua-a-tarde\/","url":"https:\/\/jornalfatosenoticias.com.br\/index.php\/2025\/09\/10\/fux-rejeita-condenacao-de-bolsonaro-e-demais-reus-por-organizacao-criminosa-voto-continua-a-tarde\/","name":"Fux rejeita condena\u00e7\u00e3o de Bolsonaro e demais r\u00e9us por organiza\u00e7\u00e3o criminosa; voto continua \u00e0 tarde - Jornal Fatos e Not\u00edcias","isPartOf":{"@id":"https:\/\/jornalfatosenoticias.com.br\/#website"},"primaryImageOfPage":{"@id":"https:\/\/jornalfatosenoticias.com.br\/index.php\/2025\/09\/10\/fux-rejeita-condenacao-de-bolsonaro-e-demais-reus-por-organizacao-criminosa-voto-continua-a-tarde\/#primaryimage"},"image":{"@id":"https:\/\/jornalfatosenoticias.com.br\/index.php\/2025\/09\/10\/fux-rejeita-condenacao-de-bolsonaro-e-demais-reus-por-organizacao-criminosa-voto-continua-a-tarde\/#primaryimage"},"thumbnailUrl":"https:\/\/jornalfatosenoticias.com.br\/wp-content\/uploads\/2025\/09\/fux-julgamento-bolsonaro.jpg","datePublished":"2025-09-10T17:54:30+00:00","dateModified":"2025-09-10T17:54:31+00:00","breadcrumb":{"@id":"https:\/\/jornalfatosenoticias.com.br\/index.php\/2025\/09\/10\/fux-rejeita-condenacao-de-bolsonaro-e-demais-reus-por-organizacao-criminosa-voto-continua-a-tarde\/#breadcrumb"},"inLanguage":"pt-BR","potentialAction":[{"@type":"ReadAction","target":["https:\/\/jornalfatosenoticias.com.br\/index.php\/2025\/09\/10\/fux-rejeita-condenacao-de-bolsonaro-e-demais-reus-por-organizacao-criminosa-voto-continua-a-tarde\/"]}]},{"@type":"ImageObject","inLanguage":"pt-BR","@id":"https:\/\/jornalfatosenoticias.com.br\/index.php\/2025\/09\/10\/fux-rejeita-condenacao-de-bolsonaro-e-demais-reus-por-organizacao-criminosa-voto-continua-a-tarde\/#primaryimage","url":"https:\/\/jornalfatosenoticias.com.br\/wp-content\/uploads\/2025\/09\/fux-julgamento-bolsonaro.jpg","contentUrl":"https:\/\/jornalfatosenoticias.com.br\/wp-content\/uploads\/2025\/09\/fux-julgamento-bolsonaro.jpg","width":1000,"height":562},{"@type":"BreadcrumbList","@id":"https:\/\/jornalfatosenoticias.com.br\/index.php\/2025\/09\/10\/fux-rejeita-condenacao-de-bolsonaro-e-demais-reus-por-organizacao-criminosa-voto-continua-a-tarde\/#breadcrumb","itemListElement":[{"@type":"ListItem","position":1,"name":"In\u00edcio","item":"https:\/\/jornalfatosenoticias.com.br\/"},{"@type":"ListItem","position":2,"name":"Fux rejeita condena\u00e7\u00e3o de Bolsonaro e demais r\u00e9us por organiza\u00e7\u00e3o criminosa; voto continua \u00e0 tarde"}]},{"@type":"WebSite","@id":"https:\/\/jornalfatosenoticias.com.br\/#website","url":"https:\/\/jornalfatosenoticias.com.br\/","name":"Jornal Fatos e Not\u00edcias","description":"Not\u00edcias em geral","publisher":{"@id":"https:\/\/jornalfatosenoticias.com.br\/#organization"},"potentialAction":[{"@type":"SearchAction","target":{"@type":"EntryPoint","urlTemplate":"https:\/\/jornalfatosenoticias.com.br\/?s={search_term_string}"},"query-input":{"@type":"PropertyValueSpecification","valueRequired":true,"valueName":"search_term_string"}}],"inLanguage":"pt-BR"},{"@type":"Organization","@id":"https:\/\/jornalfatosenoticias.com.br\/#organization","name":"Jornal Fatos e Not\u00edcias","url":"https:\/\/jornalfatosenoticias.com.br\/","logo":{"@type":"ImageObject","inLanguage":"pt-BR","@id":"https:\/\/jornalfatosenoticias.com.br\/#\/schema\/logo\/image\/","url":"https:\/\/jornalfatosenoticias.com.br\/wp-content\/uploads\/2020\/02\/logo120.png","contentUrl":"https:\/\/jornalfatosenoticias.com.br\/wp-content\/uploads\/2020\/02\/logo120.png","width":1227,"height":120,"caption":"Jornal Fatos e Not\u00edcias"},"image":{"@id":"https:\/\/jornalfatosenoticias.com.br\/#\/schema\/logo\/image\/"}},{"@type":"Person","@id":"https:\/\/jornalfatosenoticias.com.br\/#\/schema\/person\/d63837fa13ac8666eb9e74e0985d6f81","name":"Luzimara Fernandes","image":{"@type":"ImageObject","inLanguage":"pt-BR","@id":"https:\/\/jornalfatosenoticias.com.br\/#\/schema\/person\/image\/","url":"https:\/\/jornalfatosenoticias.com.br\/wp-content\/uploads\/2025\/05\/EU_portal.jpg","contentUrl":"https:\/\/jornalfatosenoticias.com.br\/wp-content\/uploads\/2025\/05\/EU_portal.jpg","caption":"Luzimara Fernandes"},"description":"Jornalista MTB 2358-ES","sameAs":["https:\/\/jornalfatosenoticias.com.br"],"url":"https:\/\/jornalfatosenoticias.com.br\/index.php\/author\/luzimara\/"}]}},"cc_featured_image_caption":{"caption_text":"(Foto: Gustavo Moreno\/STF)","source_text":"","source_url":""},"jetpack_featured_media_url":"https:\/\/jornalfatosenoticias.com.br\/wp-content\/uploads\/2025\/09\/fux-julgamento-bolsonaro.jpg","_links":{"self":[{"href":"https:\/\/jornalfatosenoticias.com.br\/index.php\/wp-json\/wp\/v2\/posts\/61793","targetHints":{"allow":["GET"]}}],"collection":[{"href":"https:\/\/jornalfatosenoticias.com.br\/index.php\/wp-json\/wp\/v2\/posts"}],"about":[{"href":"https:\/\/jornalfatosenoticias.com.br\/index.php\/wp-json\/wp\/v2\/types\/post"}],"author":[{"embeddable":true,"href":"https:\/\/jornalfatosenoticias.com.br\/index.php\/wp-json\/wp\/v2\/users\/2"}],"replies":[{"embeddable":true,"href":"https:\/\/jornalfatosenoticias.com.br\/index.php\/wp-json\/wp\/v2\/comments?post=61793"}],"version-history":[{"count":0,"href":"https:\/\/jornalfatosenoticias.com.br\/index.php\/wp-json\/wp\/v2\/posts\/61793\/revisions"}],"wp:featuredmedia":[{"embeddable":true,"href":"https:\/\/jornalfatosenoticias.com.br\/index.php\/wp-json\/wp\/v2\/media\/61794"}],"wp:attachment":[{"href":"https:\/\/jornalfatosenoticias.com.br\/index.php\/wp-json\/wp\/v2\/media?parent=61793"}],"wp:term":[{"taxonomy":"category","embeddable":true,"href":"https:\/\/jornalfatosenoticias.com.br\/index.php\/wp-json\/wp\/v2\/categories?post=61793"},{"taxonomy":"post_tag","embeddable":true,"href":"https:\/\/jornalfatosenoticias.com.br\/index.php\/wp-json\/wp\/v2\/tags?post=61793"}],"curies":[{"name":"wp","href":"https:\/\/api.w.org\/{rel}","templated":true}]}}