{"id":61796,"date":"2025-09-10T15:03:22","date_gmt":"2025-09-10T18:03:22","guid":{"rendered":"https:\/\/jornalfatosenoticias.com.br\/?p=61796"},"modified":"2025-09-10T15:03:23","modified_gmt":"2025-09-10T18:03:23","slug":"jornal-dos-eua-classifica-acao-contra-bolsonaro-como-o-julgamento-do-seculo-no-brasil","status":"publish","type":"post","link":"https:\/\/jornalfatosenoticias.com.br\/index.php\/2025\/09\/10\/jornal-dos-eua-classifica-acao-contra-bolsonaro-como-o-julgamento-do-seculo-no-brasil\/","title":{"rendered":"Jornal dos EUA classifica a\u00e7\u00e3o contra Bolsonaro como o \u201cjulgamento do s\u00e9culo no Brasil\u201d"},"content":{"rendered":"\n<p><em><span class=\"has-inline-color has-black-color\">O ex-presidente Jair Bolsonaro est\u00e1 sendo julgado por uma suposta tentativa de golpe de Estado ap\u00f3s as elei\u00e7\u00f5es de 2022 no Brasil<\/span><\/em><\/p>\n\n\n\n<p><span class=\"has-inline-color has-black-color\">Por <strong><a href=\"https:\/\/www.gazetadopovo.com.br\/autor\/isabella-de-paula\/\">Isabella de Paula<\/a><\/strong><\/span><\/p>\n\n\n\n<div class=\"wp-block-image\"><figure class=\"aligncenter size-large is-resized\"><a href=\"https:\/\/www.facebook.com\/vetor.vix\/\"><img loading=\"lazy\" decoding=\"async\" src=\"https:\/\/jornalfatosenoticias.com.br\/wp-content\/uploads\/2023\/09\/vetorvix1024_1.jpg\" alt=\"\" class=\"wp-image-44868\" width=\"524\" height=\"139\" srcset=\"https:\/\/jornalfatosenoticias.com.br\/wp-content\/uploads\/2023\/09\/vetorvix1024_1.jpg 1024w, https:\/\/jornalfatosenoticias.com.br\/wp-content\/uploads\/2023\/09\/vetorvix1024_1-300x80.jpg 300w, https:\/\/jornalfatosenoticias.com.br\/wp-content\/uploads\/2023\/09\/vetorvix1024_1-768x205.jpg 768w\" sizes=\"auto, (max-width: 524px) 100vw, 524px\" \/><\/a><\/figure><\/div>\n\n\n\n<p>O jornal americano <em>The Wall Street Journal (WSJ)<\/em> classificou a a\u00e7\u00e3o contra o ex-presidente Jair Bolsonaro e outros sete r\u00e9us por participa\u00e7\u00e3o numa suposta trama golpista ap\u00f3s as elei\u00e7\u00f5es de 2022 como o &#8220;julgamento do s\u00e9culo&#8221; no Brasil. O Supremo Tribunal Federal (STF) realiza a sexta sess\u00e3o de julgamento do chamado \u201cn\u00facleo 1\u201d ou \u201ccrucial\u201d nesta quarta-feira (10).<br>O WSJ destacou que o tribunal superior brasileiro decidir\u00e1 em breve se o ex-presidente Jair Bolsonaro tentou dar um golpe de Estado e supostamente conspirou para matar seus oponentes pol\u00edticos, incluindo Luiz In\u00e1cio Lula da Silva e o ministro Alexandre de Moraes, no &#8220;compl\u00f4&#8221; apelidado de Adaga Verde e Amarela.<\/p>\n\n\n\n<div class=\"wp-block-image\"><figure class=\"aligncenter size-large\"><a href=\"http:\/\/www.ferrarimaquinas.com.br\/\"><img loading=\"lazy\" decoding=\"async\" width=\"300\" height=\"250\" src=\"https:\/\/jornalfatosenoticias.com.br\/wp-content\/uploads\/2022\/02\/FERRARI_MAQUINAS-E-FERRAMENTAS2.jpg\" alt=\"\" class=\"wp-image-27860\"\/><\/a><\/figure><\/div>\n\n\n\n<p>O jornal americano compara o suposto plano de golpe com um &#8220;roteiro de um thriller de Hollywood&#8221;, citando detalhes dos documentos divulgados como m\u00e9todos de envenenamento de opositores e explos\u00f5es com granadas. O WSJ ressalta que Bolsonaro negou qualquer envolvimento nesse suposto plano de golpe, mencionando uma entrevista recente concedida ao pr\u00f3prio jornal americano. Atualmente, o ex-presidente est\u00e1 em pris\u00e3o domiciliar.<\/p>\n\n\n\n<div class=\"wp-block-image\"><figure class=\"aligncenter size-large is-resized\"><a href=\"https:\/\/www.controlsystems.com.br\/\"><img loading=\"lazy\" decoding=\"async\" src=\"https:\/\/jornalfatosenoticias.com.br\/wp-content\/uploads\/2020\/02\/CONTROL-CS.jpg\" alt=\"\" class=\"wp-image-44991\" width=\"277\" height=\"332\" srcset=\"https:\/\/jornalfatosenoticias.com.br\/wp-content\/uploads\/2020\/02\/CONTROL-CS.jpg 834w, https:\/\/jornalfatosenoticias.com.br\/wp-content\/uploads\/2020\/02\/CONTROL-CS-250x300.jpg 250w, https:\/\/jornalfatosenoticias.com.br\/wp-content\/uploads\/2020\/02\/CONTROL-CS-768x921.jpg 768w\" sizes=\"auto, (max-width: 277px) 100vw, 277px\" \/><\/a><\/figure><\/div>\n\n\n\n<p>Os r\u00e9us relacionados na a\u00e7\u00e3o penal respondem por cinco crimes: tentativa de aboli\u00e7\u00e3o violenta do Estado democr\u00e1tico de Direito, tentativa de golpe de Estado, participa\u00e7\u00e3o em organiza\u00e7\u00e3o criminosa armada, dano qualificado por viol\u00eancia e grave amea\u00e7a e deteriora\u00e7\u00e3o de patrim\u00f4nio tombado. Nesta quarta-feira, o ministro Luiz Fux, do STF, votou para anular a a\u00e7\u00e3o penal contra o ex-presidente Jair Bolsonaro e os demais r\u00e9us. De acordo com o ministro, <a href=\"https:\/\/www.gazetadopovo.com.br\/republica\/fux-diverge-moraes-critica-competencia-stf-julgar-bolsonaro\/\" target=\"_blank\" rel=\"noreferrer noopener\">o STF n\u00e3o tem compet\u00eancia para julgar o caso<\/a>, j\u00e1 que nenhum dos r\u00e9us tem foro privilegiado.<\/p>\n\n\n\n<div class=\"wp-block-image\"><figure class=\"aligncenter size-large is-resized\"><a href=\"https:\/\/legisjuris.com.br\/\"><img loading=\"lazy\" decoding=\"async\" src=\"https:\/\/jornalfatosenoticias.com.br\/wp-content\/uploads\/2024\/09\/Legis-Juris-Consultoria_logo.jpg\" alt=\"\" class=\"wp-image-53915\" width=\"520\" height=\"218\" srcset=\"https:\/\/jornalfatosenoticias.com.br\/wp-content\/uploads\/2024\/09\/Legis-Juris-Consultoria_logo.jpg 969w, https:\/\/jornalfatosenoticias.com.br\/wp-content\/uploads\/2024\/09\/Legis-Juris-Consultoria_logo-300x126.jpg 300w, https:\/\/jornalfatosenoticias.com.br\/wp-content\/uploads\/2024\/09\/Legis-Juris-Consultoria_logo-768x322.jpg 768w\" sizes=\"auto, (max-width: 520px) 100vw, 520px\" \/><\/a><\/figure><\/div>\n\n\n\n<p><strong>Fonte: <a href=\"https:\/\/www.gazetadopovo.com.br\/mundo\/jornal-eua-classifica-acao-contra-bolsonaro-stf-como-julgamento-do-seculo-no-brasil\/\">Gazeta do Povo<\/a><\/strong><\/p>\n","protected":false},"excerpt":{"rendered":"<p>O ex-presidente Jair Bolsonaro est\u00e1 sendo julgado por uma suposta tentativa de golpe de Estado ap\u00f3s as elei\u00e7\u00f5es de 2022 no Brasil Por Isabella de Paula O jornal americano The Wall Street Journal (WSJ) classificou a a\u00e7\u00e3o contra o ex-presidente Jair Bolsonaro e outros sete r\u00e9us por participa\u00e7\u00e3o numa suposta trama golpista ap\u00f3s as elei\u00e7\u00f5es [&hellip;]<\/p>\n","protected":false},"author":2,"featured_media":61797,"comment_status":"open","ping_status":"open","sticky":false,"template":"","format":"standard","meta":{"footnotes":""},"categories":[5],"tags":[28193,13889,1795,294,28194,17897],"class_list":["post-61796","post","type-post","status-publish","format-standard","has-post-thumbnail","hentry","category-geral","tag-julgamento-do-seculo","tag-alexandre-de-moraes","tag-jair-bolsonaro","tag-stf","tag-suposta-trama-golpista","tag-the-wall-street-journal"],"yoast_head":"<!-- This site is optimized with the Yoast SEO plugin v26.5 - https:\/\/yoast.com\/wordpress\/plugins\/seo\/ -->\n<title>Jornal dos EUA classifica a\u00e7\u00e3o contra Bolsonaro como o \u201cjulgamento do s\u00e9culo no Brasil\u201d - Jornal Fatos e Not\u00edcias<\/title>\n<meta name=\"robots\" content=\"index, follow, max-snippet:-1, max-image-preview:large, max-video-preview:-1\" \/>\n<link rel=\"canonical\" href=\"https:\/\/jornalfatosenoticias.com.br\/index.php\/2025\/09\/10\/jornal-dos-eua-classifica-acao-contra-bolsonaro-como-o-julgamento-do-seculo-no-brasil\/\" \/>\n<meta property=\"og:locale\" content=\"pt_BR\" \/>\n<meta property=\"og:type\" content=\"article\" \/>\n<meta property=\"og:title\" content=\"Jornal dos EUA classifica a\u00e7\u00e3o contra Bolsonaro como o \u201cjulgamento do s\u00e9culo no Brasil\u201d - Jornal Fatos e Not\u00edcias\" \/>\n<meta property=\"og:description\" content=\"O ex-presidente Jair Bolsonaro est\u00e1 sendo julgado por uma suposta tentativa de golpe de Estado ap\u00f3s as elei\u00e7\u00f5es de 2022 no Brasil Por Isabella de Paula O jornal americano The Wall Street Journal (WSJ) classificou a a\u00e7\u00e3o contra o ex-presidente Jair Bolsonaro e outros sete r\u00e9us por participa\u00e7\u00e3o numa suposta trama golpista ap\u00f3s as elei\u00e7\u00f5es [&hellip;]\" \/>\n<meta property=\"og:url\" content=\"https:\/\/jornalfatosenoticias.com.br\/index.php\/2025\/09\/10\/jornal-dos-eua-classifica-acao-contra-bolsonaro-como-o-julgamento-do-seculo-no-brasil\/\" \/>\n<meta property=\"og:site_name\" content=\"Jornal Fatos e Not\u00edcias\" \/>\n<meta property=\"article:published_time\" content=\"2025-09-10T18:03:22+00:00\" \/>\n<meta property=\"article:modified_time\" content=\"2025-09-10T18:03:23+00:00\" \/>\n<meta property=\"og:image\" content=\"https:\/\/jornalfatosenoticias.com.br\/wp-content\/uploads\/2025\/09\/Jair-Bolsonaro.jpg\" \/>\n\t<meta property=\"og:image:width\" content=\"1000\" \/>\n\t<meta property=\"og:image:height\" content=\"666\" \/>\n\t<meta property=\"og:image:type\" content=\"image\/jpeg\" \/>\n<meta name=\"author\" content=\"Luzimara Fernandes\" \/>\n<meta name=\"twitter:card\" content=\"summary_large_image\" \/>\n<meta name=\"twitter:label1\" content=\"Escrito por\" \/>\n\t<meta name=\"twitter:data1\" content=\"Luzimara Fernandes\" \/>\n\t<meta name=\"twitter:label2\" content=\"Est. tempo de leitura\" \/>\n\t<meta name=\"twitter:data2\" content=\"2 minutos\" \/>\n<script type=\"application\/ld+json\" class=\"yoast-schema-graph\">{\"@context\":\"https:\/\/schema.org\",\"@graph\":[{\"@type\":\"Article\",\"@id\":\"https:\/\/jornalfatosenoticias.com.br\/index.php\/2025\/09\/10\/jornal-dos-eua-classifica-acao-contra-bolsonaro-como-o-julgamento-do-seculo-no-brasil\/#article\",\"isPartOf\":{\"@id\":\"https:\/\/jornalfatosenoticias.com.br\/index.php\/2025\/09\/10\/jornal-dos-eua-classifica-acao-contra-bolsonaro-como-o-julgamento-do-seculo-no-brasil\/\"},\"author\":{\"name\":\"Luzimara Fernandes\",\"@id\":\"https:\/\/jornalfatosenoticias.com.br\/#\/schema\/person\/d63837fa13ac8666eb9e74e0985d6f81\"},\"headline\":\"Jornal dos EUA classifica a\u00e7\u00e3o contra Bolsonaro como o \u201cjulgamento do s\u00e9culo no Brasil\u201d\",\"datePublished\":\"2025-09-10T18:03:22+00:00\",\"dateModified\":\"2025-09-10T18:03:23+00:00\",\"mainEntityOfPage\":{\"@id\":\"https:\/\/jornalfatosenoticias.com.br\/index.php\/2025\/09\/10\/jornal-dos-eua-classifica-acao-contra-bolsonaro-como-o-julgamento-do-seculo-no-brasil\/\"},\"wordCount\":328,\"commentCount\":0,\"publisher\":{\"@id\":\"https:\/\/jornalfatosenoticias.com.br\/#organization\"},\"image\":{\"@id\":\"https:\/\/jornalfatosenoticias.com.br\/index.php\/2025\/09\/10\/jornal-dos-eua-classifica-acao-contra-bolsonaro-como-o-julgamento-do-seculo-no-brasil\/#primaryimage\"},\"thumbnailUrl\":\"https:\/\/jornalfatosenoticias.com.br\/wp-content\/uploads\/2025\/09\/Jair-Bolsonaro.jpg\",\"keywords\":[\"&quot;julgamento do s\u00e9culo&quot;\",\"Alexandre de Moraes\",\"Jair Bolsonaro\",\"STF\",\"suposta trama golpista\",\"The Wall Street Journal\"],\"articleSection\":[\"Geral\"],\"inLanguage\":\"pt-BR\",\"potentialAction\":[{\"@type\":\"CommentAction\",\"name\":\"Comment\",\"target\":[\"https:\/\/jornalfatosenoticias.com.br\/index.php\/2025\/09\/10\/jornal-dos-eua-classifica-acao-contra-bolsonaro-como-o-julgamento-do-seculo-no-brasil\/#respond\"]}]},{\"@type\":\"WebPage\",\"@id\":\"https:\/\/jornalfatosenoticias.com.br\/index.php\/2025\/09\/10\/jornal-dos-eua-classifica-acao-contra-bolsonaro-como-o-julgamento-do-seculo-no-brasil\/\",\"url\":\"https:\/\/jornalfatosenoticias.com.br\/index.php\/2025\/09\/10\/jornal-dos-eua-classifica-acao-contra-bolsonaro-como-o-julgamento-do-seculo-no-brasil\/\",\"name\":\"Jornal dos EUA classifica a\u00e7\u00e3o contra Bolsonaro como o \u201cjulgamento do s\u00e9culo no Brasil\u201d - Jornal Fatos e Not\u00edcias\",\"isPartOf\":{\"@id\":\"https:\/\/jornalfatosenoticias.com.br\/#website\"},\"primaryImageOfPage\":{\"@id\":\"https:\/\/jornalfatosenoticias.com.br\/index.php\/2025\/09\/10\/jornal-dos-eua-classifica-acao-contra-bolsonaro-como-o-julgamento-do-seculo-no-brasil\/#primaryimage\"},\"image\":{\"@id\":\"https:\/\/jornalfatosenoticias.com.br\/index.php\/2025\/09\/10\/jornal-dos-eua-classifica-acao-contra-bolsonaro-como-o-julgamento-do-seculo-no-brasil\/#primaryimage\"},\"thumbnailUrl\":\"https:\/\/jornalfatosenoticias.com.br\/wp-content\/uploads\/2025\/09\/Jair-Bolsonaro.jpg\",\"datePublished\":\"2025-09-10T18:03:22+00:00\",\"dateModified\":\"2025-09-10T18:03:23+00:00\",\"breadcrumb\":{\"@id\":\"https:\/\/jornalfatosenoticias.com.br\/index.php\/2025\/09\/10\/jornal-dos-eua-classifica-acao-contra-bolsonaro-como-o-julgamento-do-seculo-no-brasil\/#breadcrumb\"},\"inLanguage\":\"pt-BR\",\"potentialAction\":[{\"@type\":\"ReadAction\",\"target\":[\"https:\/\/jornalfatosenoticias.com.br\/index.php\/2025\/09\/10\/jornal-dos-eua-classifica-acao-contra-bolsonaro-como-o-julgamento-do-seculo-no-brasil\/\"]}]},{\"@type\":\"ImageObject\",\"inLanguage\":\"pt-BR\",\"@id\":\"https:\/\/jornalfatosenoticias.com.br\/index.php\/2025\/09\/10\/jornal-dos-eua-classifica-acao-contra-bolsonaro-como-o-julgamento-do-seculo-no-brasil\/#primaryimage\",\"url\":\"https:\/\/jornalfatosenoticias.com.br\/wp-content\/uploads\/2025\/09\/Jair-Bolsonaro.jpg\",\"contentUrl\":\"https:\/\/jornalfatosenoticias.com.br\/wp-content\/uploads\/2025\/09\/Jair-Bolsonaro.jpg\",\"width\":1000,\"height\":666},{\"@type\":\"BreadcrumbList\",\"@id\":\"https:\/\/jornalfatosenoticias.com.br\/index.php\/2025\/09\/10\/jornal-dos-eua-classifica-acao-contra-bolsonaro-como-o-julgamento-do-seculo-no-brasil\/#breadcrumb\",\"itemListElement\":[{\"@type\":\"ListItem\",\"position\":1,\"name\":\"In\u00edcio\",\"item\":\"https:\/\/jornalfatosenoticias.com.br\/\"},{\"@type\":\"ListItem\",\"position\":2,\"name\":\"Jornal dos EUA classifica a\u00e7\u00e3o contra Bolsonaro como o \u201cjulgamento do s\u00e9culo no Brasil\u201d\"}]},{\"@type\":\"WebSite\",\"@id\":\"https:\/\/jornalfatosenoticias.com.br\/#website\",\"url\":\"https:\/\/jornalfatosenoticias.com.br\/\",\"name\":\"Jornal Fatos e Not\u00edcias\",\"description\":\"Not\u00edcias em geral\",\"publisher\":{\"@id\":\"https:\/\/jornalfatosenoticias.com.br\/#organization\"},\"potentialAction\":[{\"@type\":\"SearchAction\",\"target\":{\"@type\":\"EntryPoint\",\"urlTemplate\":\"https:\/\/jornalfatosenoticias.com.br\/?s={search_term_string}\"},\"query-input\":{\"@type\":\"PropertyValueSpecification\",\"valueRequired\":true,\"valueName\":\"search_term_string\"}}],\"inLanguage\":\"pt-BR\"},{\"@type\":\"Organization\",\"@id\":\"https:\/\/jornalfatosenoticias.com.br\/#organization\",\"name\":\"Jornal Fatos e Not\u00edcias\",\"url\":\"https:\/\/jornalfatosenoticias.com.br\/\",\"logo\":{\"@type\":\"ImageObject\",\"inLanguage\":\"pt-BR\",\"@id\":\"https:\/\/jornalfatosenoticias.com.br\/#\/schema\/logo\/image\/\",\"url\":\"https:\/\/jornalfatosenoticias.com.br\/wp-content\/uploads\/2020\/02\/logo120.png\",\"contentUrl\":\"https:\/\/jornalfatosenoticias.com.br\/wp-content\/uploads\/2020\/02\/logo120.png\",\"width\":1227,\"height\":120,\"caption\":\"Jornal Fatos e Not\u00edcias\"},\"image\":{\"@id\":\"https:\/\/jornalfatosenoticias.com.br\/#\/schema\/logo\/image\/\"}},{\"@type\":\"Person\",\"@id\":\"https:\/\/jornalfatosenoticias.com.br\/#\/schema\/person\/d63837fa13ac8666eb9e74e0985d6f81\",\"name\":\"Luzimara Fernandes\",\"image\":{\"@type\":\"ImageObject\",\"inLanguage\":\"pt-BR\",\"@id\":\"https:\/\/jornalfatosenoticias.com.br\/#\/schema\/person\/image\/\",\"url\":\"https:\/\/jornalfatosenoticias.com.br\/wp-content\/uploads\/2025\/05\/EU_portal.jpg\",\"contentUrl\":\"https:\/\/jornalfatosenoticias.com.br\/wp-content\/uploads\/2025\/05\/EU_portal.jpg\",\"caption\":\"Luzimara Fernandes\"},\"description\":\"Jornalista MTB 2358-ES\",\"sameAs\":[\"https:\/\/jornalfatosenoticias.com.br\"],\"url\":\"https:\/\/jornalfatosenoticias.com.br\/index.php\/author\/luzimara\/\"}]}<\/script>\n<!-- \/ Yoast SEO plugin. -->","yoast_head_json":{"title":"Jornal dos EUA classifica a\u00e7\u00e3o contra Bolsonaro como o \u201cjulgamento do s\u00e9culo no Brasil\u201d - Jornal Fatos e Not\u00edcias","robots":{"index":"index","follow":"follow","max-snippet":"max-snippet:-1","max-image-preview":"max-image-preview:large","max-video-preview":"max-video-preview:-1"},"canonical":"https:\/\/jornalfatosenoticias.com.br\/index.php\/2025\/09\/10\/jornal-dos-eua-classifica-acao-contra-bolsonaro-como-o-julgamento-do-seculo-no-brasil\/","og_locale":"pt_BR","og_type":"article","og_title":"Jornal dos EUA classifica a\u00e7\u00e3o contra Bolsonaro como o \u201cjulgamento do s\u00e9culo no Brasil\u201d - Jornal Fatos e Not\u00edcias","og_description":"O ex-presidente Jair Bolsonaro est\u00e1 sendo julgado por uma suposta tentativa de golpe de Estado ap\u00f3s as elei\u00e7\u00f5es de 2022 no Brasil Por Isabella de Paula O jornal americano The Wall Street Journal (WSJ) classificou a a\u00e7\u00e3o contra o ex-presidente Jair Bolsonaro e outros sete r\u00e9us por participa\u00e7\u00e3o numa suposta trama golpista ap\u00f3s as elei\u00e7\u00f5es [&hellip;]","og_url":"https:\/\/jornalfatosenoticias.com.br\/index.php\/2025\/09\/10\/jornal-dos-eua-classifica-acao-contra-bolsonaro-como-o-julgamento-do-seculo-no-brasil\/","og_site_name":"Jornal Fatos e Not\u00edcias","article_published_time":"2025-09-10T18:03:22+00:00","article_modified_time":"2025-09-10T18:03:23+00:00","og_image":[{"width":1000,"height":666,"url":"https:\/\/jornalfatosenoticias.com.br\/wp-content\/uploads\/2025\/09\/Jair-Bolsonaro.jpg","type":"image\/jpeg"}],"author":"Luzimara Fernandes","twitter_card":"summary_large_image","twitter_misc":{"Escrito por":"Luzimara Fernandes","Est. tempo de leitura":"2 minutos"},"schema":{"@context":"https:\/\/schema.org","@graph":[{"@type":"Article","@id":"https:\/\/jornalfatosenoticias.com.br\/index.php\/2025\/09\/10\/jornal-dos-eua-classifica-acao-contra-bolsonaro-como-o-julgamento-do-seculo-no-brasil\/#article","isPartOf":{"@id":"https:\/\/jornalfatosenoticias.com.br\/index.php\/2025\/09\/10\/jornal-dos-eua-classifica-acao-contra-bolsonaro-como-o-julgamento-do-seculo-no-brasil\/"},"author":{"name":"Luzimara Fernandes","@id":"https:\/\/jornalfatosenoticias.com.br\/#\/schema\/person\/d63837fa13ac8666eb9e74e0985d6f81"},"headline":"Jornal dos EUA classifica a\u00e7\u00e3o contra Bolsonaro como o \u201cjulgamento do s\u00e9culo no Brasil\u201d","datePublished":"2025-09-10T18:03:22+00:00","dateModified":"2025-09-10T18:03:23+00:00","mainEntityOfPage":{"@id":"https:\/\/jornalfatosenoticias.com.br\/index.php\/2025\/09\/10\/jornal-dos-eua-classifica-acao-contra-bolsonaro-como-o-julgamento-do-seculo-no-brasil\/"},"wordCount":328,"commentCount":0,"publisher":{"@id":"https:\/\/jornalfatosenoticias.com.br\/#organization"},"image":{"@id":"https:\/\/jornalfatosenoticias.com.br\/index.php\/2025\/09\/10\/jornal-dos-eua-classifica-acao-contra-bolsonaro-como-o-julgamento-do-seculo-no-brasil\/#primaryimage"},"thumbnailUrl":"https:\/\/jornalfatosenoticias.com.br\/wp-content\/uploads\/2025\/09\/Jair-Bolsonaro.jpg","keywords":["&quot;julgamento do s\u00e9culo&quot;","Alexandre de Moraes","Jair Bolsonaro","STF","suposta trama golpista","The Wall Street Journal"],"articleSection":["Geral"],"inLanguage":"pt-BR","potentialAction":[{"@type":"CommentAction","name":"Comment","target":["https:\/\/jornalfatosenoticias.com.br\/index.php\/2025\/09\/10\/jornal-dos-eua-classifica-acao-contra-bolsonaro-como-o-julgamento-do-seculo-no-brasil\/#respond"]}]},{"@type":"WebPage","@id":"https:\/\/jornalfatosenoticias.com.br\/index.php\/2025\/09\/10\/jornal-dos-eua-classifica-acao-contra-bolsonaro-como-o-julgamento-do-seculo-no-brasil\/","url":"https:\/\/jornalfatosenoticias.com.br\/index.php\/2025\/09\/10\/jornal-dos-eua-classifica-acao-contra-bolsonaro-como-o-julgamento-do-seculo-no-brasil\/","name":"Jornal dos EUA classifica a\u00e7\u00e3o contra Bolsonaro como o \u201cjulgamento do s\u00e9culo no Brasil\u201d - Jornal Fatos e Not\u00edcias","isPartOf":{"@id":"https:\/\/jornalfatosenoticias.com.br\/#website"},"primaryImageOfPage":{"@id":"https:\/\/jornalfatosenoticias.com.br\/index.php\/2025\/09\/10\/jornal-dos-eua-classifica-acao-contra-bolsonaro-como-o-julgamento-do-seculo-no-brasil\/#primaryimage"},"image":{"@id":"https:\/\/jornalfatosenoticias.com.br\/index.php\/2025\/09\/10\/jornal-dos-eua-classifica-acao-contra-bolsonaro-como-o-julgamento-do-seculo-no-brasil\/#primaryimage"},"thumbnailUrl":"https:\/\/jornalfatosenoticias.com.br\/wp-content\/uploads\/2025\/09\/Jair-Bolsonaro.jpg","datePublished":"2025-09-10T18:03:22+00:00","dateModified":"2025-09-10T18:03:23+00:00","breadcrumb":{"@id":"https:\/\/jornalfatosenoticias.com.br\/index.php\/2025\/09\/10\/jornal-dos-eua-classifica-acao-contra-bolsonaro-como-o-julgamento-do-seculo-no-brasil\/#breadcrumb"},"inLanguage":"pt-BR","potentialAction":[{"@type":"ReadAction","target":["https:\/\/jornalfatosenoticias.com.br\/index.php\/2025\/09\/10\/jornal-dos-eua-classifica-acao-contra-bolsonaro-como-o-julgamento-do-seculo-no-brasil\/"]}]},{"@type":"ImageObject","inLanguage":"pt-BR","@id":"https:\/\/jornalfatosenoticias.com.br\/index.php\/2025\/09\/10\/jornal-dos-eua-classifica-acao-contra-bolsonaro-como-o-julgamento-do-seculo-no-brasil\/#primaryimage","url":"https:\/\/jornalfatosenoticias.com.br\/wp-content\/uploads\/2025\/09\/Jair-Bolsonaro.jpg","contentUrl":"https:\/\/jornalfatosenoticias.com.br\/wp-content\/uploads\/2025\/09\/Jair-Bolsonaro.jpg","width":1000,"height":666},{"@type":"BreadcrumbList","@id":"https:\/\/jornalfatosenoticias.com.br\/index.php\/2025\/09\/10\/jornal-dos-eua-classifica-acao-contra-bolsonaro-como-o-julgamento-do-seculo-no-brasil\/#breadcrumb","itemListElement":[{"@type":"ListItem","position":1,"name":"In\u00edcio","item":"https:\/\/jornalfatosenoticias.com.br\/"},{"@type":"ListItem","position":2,"name":"Jornal dos EUA classifica a\u00e7\u00e3o contra Bolsonaro como o \u201cjulgamento do s\u00e9culo no Brasil\u201d"}]},{"@type":"WebSite","@id":"https:\/\/jornalfatosenoticias.com.br\/#website","url":"https:\/\/jornalfatosenoticias.com.br\/","name":"Jornal Fatos e Not\u00edcias","description":"Not\u00edcias em geral","publisher":{"@id":"https:\/\/jornalfatosenoticias.com.br\/#organization"},"potentialAction":[{"@type":"SearchAction","target":{"@type":"EntryPoint","urlTemplate":"https:\/\/jornalfatosenoticias.com.br\/?s={search_term_string}"},"query-input":{"@type":"PropertyValueSpecification","valueRequired":true,"valueName":"search_term_string"}}],"inLanguage":"pt-BR"},{"@type":"Organization","@id":"https:\/\/jornalfatosenoticias.com.br\/#organization","name":"Jornal Fatos e Not\u00edcias","url":"https:\/\/jornalfatosenoticias.com.br\/","logo":{"@type":"ImageObject","inLanguage":"pt-BR","@id":"https:\/\/jornalfatosenoticias.com.br\/#\/schema\/logo\/image\/","url":"https:\/\/jornalfatosenoticias.com.br\/wp-content\/uploads\/2020\/02\/logo120.png","contentUrl":"https:\/\/jornalfatosenoticias.com.br\/wp-content\/uploads\/2020\/02\/logo120.png","width":1227,"height":120,"caption":"Jornal Fatos e Not\u00edcias"},"image":{"@id":"https:\/\/jornalfatosenoticias.com.br\/#\/schema\/logo\/image\/"}},{"@type":"Person","@id":"https:\/\/jornalfatosenoticias.com.br\/#\/schema\/person\/d63837fa13ac8666eb9e74e0985d6f81","name":"Luzimara Fernandes","image":{"@type":"ImageObject","inLanguage":"pt-BR","@id":"https:\/\/jornalfatosenoticias.com.br\/#\/schema\/person\/image\/","url":"https:\/\/jornalfatosenoticias.com.br\/wp-content\/uploads\/2025\/05\/EU_portal.jpg","contentUrl":"https:\/\/jornalfatosenoticias.com.br\/wp-content\/uploads\/2025\/05\/EU_portal.jpg","caption":"Luzimara Fernandes"},"description":"Jornalista MTB 2358-ES","sameAs":["https:\/\/jornalfatosenoticias.com.br"],"url":"https:\/\/jornalfatosenoticias.com.br\/index.php\/author\/luzimara\/"}]}},"cc_featured_image_caption":{"caption_text":"(Foto: Saulo Cruz\/Ag\u00eancia Senado)","source_text":"","source_url":""},"jetpack_featured_media_url":"https:\/\/jornalfatosenoticias.com.br\/wp-content\/uploads\/2025\/09\/Jair-Bolsonaro.jpg","_links":{"self":[{"href":"https:\/\/jornalfatosenoticias.com.br\/index.php\/wp-json\/wp\/v2\/posts\/61796","targetHints":{"allow":["GET"]}}],"collection":[{"href":"https:\/\/jornalfatosenoticias.com.br\/index.php\/wp-json\/wp\/v2\/posts"}],"about":[{"href":"https:\/\/jornalfatosenoticias.com.br\/index.php\/wp-json\/wp\/v2\/types\/post"}],"author":[{"embeddable":true,"href":"https:\/\/jornalfatosenoticias.com.br\/index.php\/wp-json\/wp\/v2\/users\/2"}],"replies":[{"embeddable":true,"href":"https:\/\/jornalfatosenoticias.com.br\/index.php\/wp-json\/wp\/v2\/comments?post=61796"}],"version-history":[{"count":0,"href":"https:\/\/jornalfatosenoticias.com.br\/index.php\/wp-json\/wp\/v2\/posts\/61796\/revisions"}],"wp:featuredmedia":[{"embeddable":true,"href":"https:\/\/jornalfatosenoticias.com.br\/index.php\/wp-json\/wp\/v2\/media\/61797"}],"wp:attachment":[{"href":"https:\/\/jornalfatosenoticias.com.br\/index.php\/wp-json\/wp\/v2\/media?parent=61796"}],"wp:term":[{"taxonomy":"category","embeddable":true,"href":"https:\/\/jornalfatosenoticias.com.br\/index.php\/wp-json\/wp\/v2\/categories?post=61796"},{"taxonomy":"post_tag","embeddable":true,"href":"https:\/\/jornalfatosenoticias.com.br\/index.php\/wp-json\/wp\/v2\/tags?post=61796"}],"curies":[{"name":"wp","href":"https:\/\/api.w.org\/{rel}","templated":true}]}}